{"id":15929,"date":"2026-04-27T21:21:45","date_gmt":"2026-04-28T00:21:45","guid":{"rendered":"https:\/\/radioclanfm.com\/clanespectaculos\/?p=15929"},"modified":"2026-04-27T21:21:45","modified_gmt":"2026-04-28T00:21:45","slug":"valeria-mazza-deslumbro-con-cuatro-cambios-de-alta-costura-argentina-en-los-martin-fierro-de-la-moda","status":"publish","type":"post","link":"https:\/\/radioclanfm.com\/clanespectaculos\/valeria-mazza-deslumbro-con-cuatro-cambios-de-alta-costura-argentina-en-los-martin-fierro-de-la-moda\/","title":{"rendered":"Valeria Mazza deslumbr\u00f3 con cuatro cambios de Alta Costura argentina en los Mart\u00edn Fierro de la Moda"},"content":{"rendered":"<p>La conductora apost\u00f3 por dise\u00f1os de talento local, texturas maximalistas y joyas protagonistas.<\/p>\n<p class=\"paragraph font__body-regular\"><b>Valeria Mazza<\/b>\u00a0condujo la gran gala del<b>\u00a0Mart\u00edn Fierro de la Moda 2026<\/b>.\u00a0<b>Luci\u00f3 cuatro vestidos<\/b>, todos<b>\u00a0dise\u00f1ados por talento local<\/b>, con propuestas de alto impacto<b>, texturas maximalistas<\/b>\u00a0y una curadur\u00eda de joyas que elev\u00f3 cada una de sus apariciones en el escenario.<\/p>\n<div id=\"ad-slot-infeed\" class=\"infeed-container ad-slot-infeed ad-slot\" data-adtype=\"infeed\" data-lazyload=\"1\" data-google-query-id=\"CI-O6aWjj5QDFfQAHgAdH-cI4Q\">\n<div id=\"google_ads_iframe_\/113951150\/tn-arc\/nota\/infeed_0__container__\"><\/div>\n<\/div>\n<h2 class=\"font--primary font__display\">Impacto nupcial de plumas<\/h2>\n<p class=\"paragraph font__body-regular\"><b>Valeria Mazza inici\u00f3 la ceremonia con una pieza arquitect\u00f3nica<\/b>\u00a0firmada por\u00a0<b>Atelier Pucheta Paz<\/b>. El vestido blanco\u00a0<b>destac\u00f3 por su estructura\u00a0<\/b>y cantidad de detalles costructivos. Luci\u00f3 un<b>\u00a0cors\u00e9t de encaje minuciosamente trabajado entre brillos y plumas<\/b>, que dio paso a una<b>\u00a0falda voluminosa renacentista\u00a0<\/b>compuesta por\u00a0<b>infinitas capas de plumas grandes\u00a0<\/b>que dramatizaron el look.<\/p>\n<div class=\"story-list\" data-mrf-recirculation=\"IL_RNrGCM52Q_ui4aMax3fibg\" data-testid=\"text-html\" data-mrf-experience=\"IL_RNrGCM52Q_ui4aMax3fibg\">\n<article class=\"card__container card__horizontal\">\n<div class=\"card__body\">\n<header>\n<h3 class=\"card__headline font__display\"><\/h3>\n<\/header>\n<\/div>\n<\/article>\n<\/div>\n<figure class=\"\" data-testid=\"figure-testid\">\n<div class=\"aspect_ratio__container\"><picture class=\"responsive-image\"><source srcset=\"https:\/\/tn.com.ar\/resizer\/v2\/valeria-mazza-con-un-look-de-alto-impacto-total-white-estilo-bridal-fotovaleriamazzaok-JZ47UXBUMJBHZCRQZR7QTL2DH4.jpg?auth=94b50df1fc48897a3943c00d8857f7fb67cc2d7f02dc5795181717266e041528&amp;width=767\" type=\"image\/jpg\" media=\"(max-width: 728px)\" \/><source srcset=\"https:\/\/tn.com.ar\/resizer\/v2\/valeria-mazza-con-un-look-de-alto-impacto-total-white-estilo-bridal-fotovaleriamazzaok-JZ47UXBUMJBHZCRQZR7QTL2DH4.jpg?auth=94b50df1fc48897a3943c00d8857f7fb67cc2d7f02dc5795181717266e041528&amp;width=1023\" type=\"image\/jpg\" media=\"(max-width: 1023px)\" \/><source srcset=\"https:\/\/tn.com.ar\/resizer\/v2\/valeria-mazza-con-un-look-de-alto-impacto-total-white-estilo-bridal-fotovaleriamazzaok-JZ47UXBUMJBHZCRQZR7QTL2DH4.jpg?auth=94b50df1fc48897a3943c00d8857f7fb67cc2d7f02dc5795181717266e041528&amp;width=1440\" type=\"image\/jpg\" \/><img loading=\"lazy\" decoding=\"async\" class=\"image content-image image_placeholder\" src=\"https:\/\/tn.com.ar\/resizer\/v2\/valeria-mazza-con-un-look-de-alto-impacto-total-white-estilo-bridal-fotovaleriamazzaok-JZ47UXBUMJBHZCRQZR7QTL2DH4.jpg?auth=94b50df1fc48897a3943c00d8857f7fb67cc2d7f02dc5795181717266e041528&amp;width=767\" alt=\"Valeria Mazza con un look de alto impacto total white estilo bridal Foto:@valeriamazzaok\" width=\"767\" height=\"959\" data-testid=\"loading-testid\" \/><\/picture><\/div><figcaption class=\"caption_image\" data-testid=\"figcaption-testid\">\n<div class=\"image_caption \">Valeria Mazza con un look de alto impacto total white estilo bridal Foto:@valeriamazzaok<\/div>\n<\/figcaption><\/figure>\n<p class=\"paragraph font__body-regular\"><b>Este dise\u00f1o de alta costura fusion\u00f3 el arte contempor\u00e1neo y la elegancia cl\u00e1sica<\/b>. Complet\u00f3 el estilismo con joyas<b>\u00a0de Swarovski\u00a0<\/b>de brillo plateado que aportaron al dise\u00f1o.<\/p>\n<figure class=\"\" data-testid=\"figure-testid\">\n<div class=\"aspect_ratio__container\"><picture class=\"responsive-image\"><source srcset=\"https:\/\/tn.com.ar\/resizer\/v2\/valeria-mazza-con-un-look-de-alto-impacto-total-white-estilo-bridal-fotovaleriamazzaok-SPOA4SIO45DTRNW5DJXBKFP62E.jpg?auth=cd8590ba29814ab56f4db5cbdf35b38480064ad69b6670caa4d87a0db7e2031e&amp;width=767\" type=\"image\/jpg\" media=\"(max-width: 728px)\" \/><source srcset=\"https:\/\/tn.com.ar\/resizer\/v2\/valeria-mazza-con-un-look-de-alto-impacto-total-white-estilo-bridal-fotovaleriamazzaok-SPOA4SIO45DTRNW5DJXBKFP62E.jpg?auth=cd8590ba29814ab56f4db5cbdf35b38480064ad69b6670caa4d87a0db7e2031e&amp;width=1023\" type=\"image\/jpg\" media=\"(max-width: 1023px)\" \/><source srcset=\"https:\/\/tn.com.ar\/resizer\/v2\/valeria-mazza-con-un-look-de-alto-impacto-total-white-estilo-bridal-fotovaleriamazzaok-SPOA4SIO45DTRNW5DJXBKFP62E.jpg?auth=cd8590ba29814ab56f4db5cbdf35b38480064ad69b6670caa4d87a0db7e2031e&amp;width=1440\" type=\"image\/jpg\" \/><img loading=\"lazy\" decoding=\"async\" class=\"image content-image image_placeholder\" src=\"https:\/\/tn.com.ar\/resizer\/v2\/valeria-mazza-con-un-look-de-alto-impacto-total-white-estilo-bridal-fotovaleriamazzaok-SPOA4SIO45DTRNW5DJXBKFP62E.jpg?auth=cd8590ba29814ab56f4db5cbdf35b38480064ad69b6670caa4d87a0db7e2031e&amp;width=767\" alt=\"Valeria Mazza con un look de alto impacto total white estilo bridal Foto:@valeriamazzaok\" width=\"767\" height=\"959\" data-testid=\"loading-testid\" \/><\/picture><\/div><figcaption class=\"caption_image\" data-testid=\"figcaption-testid\">\n<div class=\"image_caption \">Valeria Mazza con un look de alto impacto total white estilo bridal Foto:@valeriamazzaok<\/div>\n<\/figcaption><\/figure>\n<p class=\"paragraph font__body-regular\">Para el\u00a0<b>beauty look<\/b>, opt\u00f3 por un\u00a0<b>recogido pulido que despej\u00f3 su rostro\u00a0<\/b>y enfatiz\u00f3 la sofisticaci\u00f3n del escote. El<b>\u00a0make up destac\u00f3 por ser sutil sin excesos<\/b>, con una piel uniforme,\u00a0<b>labios rosa nude<\/b>\u00a0y ojos delienados en sombras tierra.<\/p>\n<h2 class=\"font--primary font__display\">Romanticismo y volumen animal print<\/h2>\n<p class=\"paragraph font__body-regular\">Para su segunda aparici\u00f3n,\u00a0<b>la modelo eligi\u00f3 una propuesta vibrante de Adri\u00e1n Brown<\/b>.\u00a0<b>El vestido present\u00f3 un estampado animal print de leopardo<\/b>\u00a0en tonos rosados sobre una<b>\u00a0base satinada de gran ca\u00edda<\/b>. El dise\u00f1o es strapless con<b>\u00a0un lazo prominente en la cintura\u00a0<\/b>que defini\u00f3 su silueta.<\/p>\n<figure class=\"\" data-testid=\"figure-testid\">\n<div class=\"aspect_ratio__container\"><picture class=\"responsive-image\"><source srcset=\"https:\/\/tn.com.ar\/resizer\/v2\/valeria-mazza-lucio-un-vestido-de-alta-costura-en-animal-print-rosado-fotovaleriamazzaok-QFXO5JKYRRCHZDYWFGX2HN7YNU.jpg?auth=75860f6f353176b60992f31ca3ad86618f4234ce5cb8da21c5a93dea78a623da&amp;width=767\" type=\"image\/jpg\" media=\"(max-width: 728px)\" \/><source srcset=\"https:\/\/tn.com.ar\/resizer\/v2\/valeria-mazza-lucio-un-vestido-de-alta-costura-en-animal-print-rosado-fotovaleriamazzaok-QFXO5JKYRRCHZDYWFGX2HN7YNU.jpg?auth=75860f6f353176b60992f31ca3ad86618f4234ce5cb8da21c5a93dea78a623da&amp;width=1023\" type=\"image\/jpg\" media=\"(max-width: 1023px)\" \/><source srcset=\"https:\/\/tn.com.ar\/resizer\/v2\/valeria-mazza-lucio-un-vestido-de-alta-costura-en-animal-print-rosado-fotovaleriamazzaok-QFXO5JKYRRCHZDYWFGX2HN7YNU.jpg?auth=75860f6f353176b60992f31ca3ad86618f4234ce5cb8da21c5a93dea78a623da&amp;width=1440\" type=\"image\/jpg\" \/><img loading=\"lazy\" decoding=\"async\" class=\"image content-image image_placeholder\" src=\"https:\/\/tn.com.ar\/resizer\/v2\/valeria-mazza-lucio-un-vestido-de-alta-costura-en-animal-print-rosado-fotovaleriamazzaok-QFXO5JKYRRCHZDYWFGX2HN7YNU.jpg?auth=75860f6f353176b60992f31ca3ad86618f4234ce5cb8da21c5a93dea78a623da&amp;width=767\" alt=\"Valeria Mazza luci\u00f3 un vestido de alta costura en animal print rosado Foto:@valeriamazzaok\" width=\"767\" height=\"959\" data-testid=\"loading-testid\" \/><\/picture><\/div><figcaption class=\"caption_image\" data-testid=\"figcaption-testid\">\n<div class=\"image_caption \">Valeria Mazza luci\u00f3 un vestido de alta costura en animal print rosado Foto:@valeriamazzaok<\/div>\n<\/figcaption><\/figure>\n<p class=\"paragraph font__body-regular\">El gran diferencial fueron las<b>\u00a0capas fluidas de la falda<\/b>\u00a0que a<b>portaron movimiento constante durante su paso por el escenario.<\/b>\u00a0Nuevamente, las\u00a0<b>joyas de Swarovski\u00a0<\/b>cerraron un conjunto que equilibr\u00f3<b>\u00a0la audacia del print con un corte rom\u00e1ntico<\/b>.<\/p>\n<figure class=\"\" data-testid=\"figure-testid\">\n<div class=\"aspect_ratio__container\"><picture class=\"responsive-image\"><source srcset=\"https:\/\/tn.com.ar\/resizer\/v2\/valeria-mazza-deslumbro-con-cuatro-cambios-de-alta-costura-argentina-en-los-martin-fierro-de-la-moda-FLGUZKGZWNG2LHPCHPHAL34RXY.jpg?auth=9d257f684952432e8d31777b9fb9802b9cf8c2f63d5e4fdeb2eb39ba431d1a95&amp;width=767\" type=\"image\/jpg\" media=\"(max-width: 728px)\" \/><source srcset=\"https:\/\/tn.com.ar\/resizer\/v2\/valeria-mazza-deslumbro-con-cuatro-cambios-de-alta-costura-argentina-en-los-martin-fierro-de-la-moda-FLGUZKGZWNG2LHPCHPHAL34RXY.jpg?auth=9d257f684952432e8d31777b9fb9802b9cf8c2f63d5e4fdeb2eb39ba431d1a95&amp;width=1023\" type=\"image\/jpg\" media=\"(max-width: 1023px)\" \/><source srcset=\"https:\/\/tn.com.ar\/resizer\/v2\/valeria-mazza-deslumbro-con-cuatro-cambios-de-alta-costura-argentina-en-los-martin-fierro-de-la-moda-FLGUZKGZWNG2LHPCHPHAL34RXY.jpg?auth=9d257f684952432e8d31777b9fb9802b9cf8c2f63d5e4fdeb2eb39ba431d1a95&amp;width=1440\" type=\"image\/jpg\" \/><img loading=\"lazy\" decoding=\"async\" class=\"image content-image image_placeholder\" src=\"https:\/\/tn.com.ar\/resizer\/v2\/valeria-mazza-deslumbro-con-cuatro-cambios-de-alta-costura-argentina-en-los-martin-fierro-de-la-moda-FLGUZKGZWNG2LHPCHPHAL34RXY.jpg?auth=9d257f684952432e8d31777b9fb9802b9cf8c2f63d5e4fdeb2eb39ba431d1a95&amp;width=767\" alt=\"Valeria Mazza deslumbr\u00f3 con cuatro cambios de Alta Costura argentina en los Mart\u00edn Fierro de la Moda\" width=\"767\" height=\"959\" data-testid=\"loading-testid\" \/><\/picture><\/div><figcaption class=\"caption_image\" data-testid=\"figcaption-testid\">\n<div class=\"image_caption \"><\/div>\n<\/figcaption><\/figure>\n<p class=\"paragraph font__body-regular\">El<b>\u00a0beauty look\u00a0<\/b>destac\u00f3 por llevar el<b>\u00a0pelo recogido de estilo relajado\u00a0<\/b>y natural, junto a su\u00a0<b>make up que se mantuvo neutral<\/b>\u00a0y sobrio.<\/p>\n<h2 class=\"font--primary font__display\">Transparencias y m\u00edstica nocturna<\/h2>\n<p class=\"paragraph font__body-regular\">El tercer cambio<b>\u00a0marc\u00f3 un giro hacia la sensualidad y el misterio\u00a0<\/b>con un dise\u00f1o de<b>\u00a0Joti Harriague<\/b>. Mazza\u00a0<b>visti\u00f3 una pieza tejida minuciosamente<\/b>\u00a0que sum\u00f3\u00a0<b>encaje negro con bordado de cristales<\/b>\u00a0a tono y\u00a0<b>transparencias estrat\u00e9gicas\u00a0<\/b>que recorrieron la escena.<\/p>\n<figure class=\"\" data-testid=\"figure-testid\">\n<div class=\"aspect_ratio__container\"><picture class=\"responsive-image\"><source srcset=\"https:\/\/tn.com.ar\/resizer\/v2\/valeria-mazza-con-un-look-sensual-total-black-brillante-fotovaleriamazzaok-Z4WNKRFPPZFHVI7EFX5VYO5CWI.jpg?auth=000f5c79d78a572603e197c99075a543cb13f1d7eb89e74632fad2e35677c29e&amp;width=767\" type=\"image\/jpg\" media=\"(max-width: 728px)\" \/><source srcset=\"https:\/\/tn.com.ar\/resizer\/v2\/valeria-mazza-con-un-look-sensual-total-black-brillante-fotovaleriamazzaok-Z4WNKRFPPZFHVI7EFX5VYO5CWI.jpg?auth=000f5c79d78a572603e197c99075a543cb13f1d7eb89e74632fad2e35677c29e&amp;width=1023\" type=\"image\/jpg\" media=\"(max-width: 1023px)\" \/><source srcset=\"https:\/\/tn.com.ar\/resizer\/v2\/valeria-mazza-con-un-look-sensual-total-black-brillante-fotovaleriamazzaok-Z4WNKRFPPZFHVI7EFX5VYO5CWI.jpg?auth=000f5c79d78a572603e197c99075a543cb13f1d7eb89e74632fad2e35677c29e&amp;width=1440\" type=\"image\/jpg\" \/><img loading=\"lazy\" decoding=\"async\" class=\"image content-image image_placeholder\" src=\"https:\/\/tn.com.ar\/resizer\/v2\/valeria-mazza-con-un-look-sensual-total-black-brillante-fotovaleriamazzaok-Z4WNKRFPPZFHVI7EFX5VYO5CWI.jpg?auth=000f5c79d78a572603e197c99075a543cb13f1d7eb89e74632fad2e35677c29e&amp;width=767\" alt=\"Valeria Mazza con un look sensual total black brillante Foto:@valeriamazzaok\" width=\"767\" height=\"959\" data-testid=\"loading-testid\" \/><\/picture><\/div><figcaption class=\"caption_image\" data-testid=\"figcaption-testid\">\n<div class=\"image_caption \">Valeria Mazza con un look sensual total black brillante Foto:@valeriamazzaok<\/div>\n<\/figcaption><\/figure>\n<p class=\"paragraph font__body-regular\">El vestido de<b>\u00a0manga corta\u00a0<\/b>present\u00f3 una silueta al cuerpo, con\u00a0<b>apertura leteral que otorg\u00f3 un aire moderno y nocturno<\/b>. Como complemento, sum\u00f3 una<b>\u00a0estola de plumas a tono<\/b>\u00a0que reforz\u00f3 el concepto de diva.<\/p>\n<figure class=\"\" data-testid=\"figure-testid\">\n<div class=\"aspect_ratio__container\"><picture class=\"responsive-image\"><source srcset=\"https:\/\/tn.com.ar\/resizer\/v2\/valeria-mazza-con-un-look-sensual-total-black-brillante-fotovaleriamazzaok-D4CFCHQUAJH7VEZRMOJRI4ZQEQ.jpg?auth=35566954bd8c4f902a9f080eaad3e4fbe99e9e09c9109ba142e1085dd882b893&amp;width=767\" type=\"image\/jpg\" media=\"(max-width: 728px)\" \/><source srcset=\"https:\/\/tn.com.ar\/resizer\/v2\/valeria-mazza-con-un-look-sensual-total-black-brillante-fotovaleriamazzaok-D4CFCHQUAJH7VEZRMOJRI4ZQEQ.jpg?auth=35566954bd8c4f902a9f080eaad3e4fbe99e9e09c9109ba142e1085dd882b893&amp;width=1023\" type=\"image\/jpg\" media=\"(max-width: 1023px)\" \/><source srcset=\"https:\/\/tn.com.ar\/resizer\/v2\/valeria-mazza-con-un-look-sensual-total-black-brillante-fotovaleriamazzaok-D4CFCHQUAJH7VEZRMOJRI4ZQEQ.jpg?auth=35566954bd8c4f902a9f080eaad3e4fbe99e9e09c9109ba142e1085dd882b893&amp;width=1440\" type=\"image\/jpg\" \/><img loading=\"lazy\" decoding=\"async\" class=\"image content-image image_placeholder\" src=\"https:\/\/tn.com.ar\/resizer\/v2\/valeria-mazza-con-un-look-sensual-total-black-brillante-fotovaleriamazzaok-D4CFCHQUAJH7VEZRMOJRI4ZQEQ.jpg?auth=35566954bd8c4f902a9f080eaad3e4fbe99e9e09c9109ba142e1085dd882b893&amp;width=767\" alt=\"Valeria Mazza con un look sensual total black brillante Foto:@valeriamazzaok\" width=\"767\" height=\"959\" data-testid=\"loading-testid\" \/><\/picture><\/div><figcaption class=\"caption_image\" data-testid=\"figcaption-testid\">\n<div class=\"image_caption \">Valeria Mazza con un look sensual total black brillante Foto:@valeriamazzaok<\/div>\n<\/figcaption><\/figure>\n<p class=\"paragraph font__body-regular\">En esta ocasi\u00f3n,<b>\u00a0utiliz\u00f3 joyas de Santino Joyeros<\/b>\u00a0y llev\u00f3 el<b>\u00a0pelo suelto y lacio<\/b>, logrando un\u00a0<b>equilibrio entre la sofisticaci\u00f3n y el rock chic<\/b>.<\/p>\n<h2 class=\"font--primary font__display\">Elegancia majestuosa en azul noche<\/h2>\n<p class=\"paragraph font__body-regular\"><b>Valeria cerr\u00f3 su participaci\u00f3n\u00a0<\/b>con una creaci\u00f3n de<b>\u00a0Jorge Rey\u00a0<\/b>en un profundo azul noche. El dise\u00f1o es un adelanto de la nueva colecci\u00f3n Byrey \u201cSombra de luna llena\u201d;<b>\u00a0destac\u00f3 por su propuesta textil de textura estampada anisotr\u00f3pica\u00a0<\/b>que combin\u00f3 tonos fr\u00edos satinados, una parte superior con cristales sutiles junto a un\u00a0<b>aplique plizado en forma de flor tridimensional<\/b>\u00a0sobre uno de sus hombros.<\/p>\n<figure class=\"\" data-testid=\"figure-testid\">\n<div class=\"aspect_ratio__container\"><picture class=\"responsive-image\"><source srcset=\"https:\/\/tn.com.ar\/resizer\/v2\/valeria-mazza-lucio-un-vestido-largo-azul-noche-brilloso-con-plizados-fotovaleriamazzaok-WQU4GYY3OZDRTDP4SBT6UDVLRE.jpg?auth=cf3f3acd97f12679d77a4c478e6abc04a31dd4f81dd80262404e76ce0e9e55d7&amp;width=767\" type=\"image\/jpg\" media=\"(max-width: 728px)\" \/><source srcset=\"https:\/\/tn.com.ar\/resizer\/v2\/valeria-mazza-lucio-un-vestido-largo-azul-noche-brilloso-con-plizados-fotovaleriamazzaok-WQU4GYY3OZDRTDP4SBT6UDVLRE.jpg?auth=cf3f3acd97f12679d77a4c478e6abc04a31dd4f81dd80262404e76ce0e9e55d7&amp;width=1023\" type=\"image\/jpg\" media=\"(max-width: 1023px)\" \/><source srcset=\"https:\/\/tn.com.ar\/resizer\/v2\/valeria-mazza-lucio-un-vestido-largo-azul-noche-brilloso-con-plizados-fotovaleriamazzaok-WQU4GYY3OZDRTDP4SBT6UDVLRE.jpg?auth=cf3f3acd97f12679d77a4c478e6abc04a31dd4f81dd80262404e76ce0e9e55d7&amp;width=1440\" type=\"image\/jpg\" \/><img loading=\"lazy\" decoding=\"async\" class=\"image content-image image_placeholder\" src=\"https:\/\/tn.com.ar\/resizer\/v2\/valeria-mazza-lucio-un-vestido-largo-azul-noche-brilloso-con-plizados-fotovaleriamazzaok-WQU4GYY3OZDRTDP4SBT6UDVLRE.jpg?auth=cf3f3acd97f12679d77a4c478e6abc04a31dd4f81dd80262404e76ce0e9e55d7&amp;width=767\" alt=\"Valeria Mazza luci\u00f3 un vestido largo azul noche brilloso con plizados Foto:@valeriamazzaok\" width=\"767\" height=\"959\" data-testid=\"loading-testid\" \/><\/picture><\/div><figcaption class=\"caption_image\" data-testid=\"figcaption-testid\">\n<div class=\"image_caption \">Valeria Mazza luci\u00f3 un vestido largo azul noche brilloso con plizados Foto:@valeriamazzaok<\/div>\n<\/figcaption><\/figure>\n<p class=\"paragraph font__body-regular\"><b>Las piezas de Santino Joyeros<\/b>, con piedras de alta calidad,\u00a0<b>combinaron con el look tanto en color como en formas org\u00e1nicas<\/b>.<\/p>\n<figure class=\"\" data-testid=\"figure-testid\">\n<div class=\"aspect_ratio__container\"><picture class=\"responsive-image\"><source srcset=\"https:\/\/tn.com.ar\/resizer\/v2\/valeria-mazza-lucio-un-vestido-largo-azul-noche-brilloso-con-plizados-fotovaleriamazzaok-OJITZTLBJBH4DPBE7NFKGE3VLQ.jpg?auth=7c6a82ac0d39a2b591653826e3591f7e55fc3e06a266005ec97592a133cb178c&amp;width=767\" type=\"image\/jpg\" media=\"(max-width: 728px)\" \/><source srcset=\"https:\/\/tn.com.ar\/resizer\/v2\/valeria-mazza-lucio-un-vestido-largo-azul-noche-brilloso-con-plizados-fotovaleriamazzaok-OJITZTLBJBH4DPBE7NFKGE3VLQ.jpg?auth=7c6a82ac0d39a2b591653826e3591f7e55fc3e06a266005ec97592a133cb178c&amp;width=1023\" type=\"image\/jpg\" media=\"(max-width: 1023px)\" \/><source srcset=\"https:\/\/tn.com.ar\/resizer\/v2\/valeria-mazza-lucio-un-vestido-largo-azul-noche-brilloso-con-plizados-fotovaleriamazzaok-OJITZTLBJBH4DPBE7NFKGE3VLQ.jpg?auth=7c6a82ac0d39a2b591653826e3591f7e55fc3e06a266005ec97592a133cb178c&amp;width=1440\" type=\"image\/jpg\" \/><img loading=\"lazy\" decoding=\"async\" class=\"image content-image image_placeholder\" src=\"https:\/\/tn.com.ar\/resizer\/v2\/valeria-mazza-lucio-un-vestido-largo-azul-noche-brilloso-con-plizados-fotovaleriamazzaok-OJITZTLBJBH4DPBE7NFKGE3VLQ.jpg?auth=7c6a82ac0d39a2b591653826e3591f7e55fc3e06a266005ec97592a133cb178c&amp;width=767\" alt=\"Valeria Mazza luci\u00f3 un vestido largo azul noche brilloso con plizados Foto:@valeriamazzaok\" width=\"767\" height=\"959\" data-testid=\"loading-testid\" \/><\/picture><\/div><figcaption class=\"caption_image\" data-testid=\"figcaption-testid\">\n<div class=\"image_caption \">Valeria Mazza luci\u00f3 un vestido largo azul noche brilloso con plizados Foto:@valeriamazzaok<\/div>\n<\/figcaption><\/figure>\n<p class=\"paragraph font__body-regular\">El<b>\u00a0make up<\/b>\u00a0se mantuvo igual durante toda la producci\u00f3n, mientras que su\u00a0<b>pelo rubio vari\u00f3 con raya al costado\u00a0<\/b>y una ca\u00edda natural.<\/p>\n","protected":false},"excerpt":{"rendered":"<p>La conductora apost\u00f3 por dise\u00f1os de talento local, texturas maximalistas y joyas protagonistas. Valeria Mazza\u00a0condujo la gran gala del\u00a0Mart\u00edn Fierro de la Moda 2026.\u00a0Luci\u00f3 cuatro vestidos, todos\u00a0dise\u00f1ados por talento local, con propuestas de alto impacto, texturas maximalistas\u00a0y una curadur\u00eda de joyas que elev\u00f3 cada una de sus apariciones en el escenario. Impacto nupcial de plumas [&hellip;]<\/p>\n","protected":false},"author":1,"featured_media":15930,"comment_status":"open","ping_status":"open","sticky":false,"template":"","format":"standard","meta":{"rop_custom_images_group":[],"rop_custom_messages_group":[],"rop_publish_now":"initial","rop_publish_now_accounts":[],"rop_publish_now_history":[],"rop_publish_now_status":"pending","footnotes":"","jetpack_publicize_message":"","jetpack_publicize_feature_enabled":true,"jetpack_social_post_already_shared":true,"jetpack_social_options":{"image_generator_settings":{"template":"highway","enabled":false},"version":2}},"categories":[15],"tags":[],"class_list":{"0":"post-15929","1":"post","2":"type-post","3":"status-publish","4":"format-standard","5":"has-post-thumbnail","7":"category-moda"},"jetpack_publicize_connections":[],"yoast_head":"<!-- This site is optimized with the Yoast SEO plugin v27.3 - https:\/\/yoast.com\/product\/yoast-seo-wordpress\/ -->\n<title>Valeria Mazza deslumbr\u00f3 con cuatro cambios de Alta Costura argentina en los Mart\u00edn Fierro de la Moda - CLAN ESPECTACULOS<\/title>\n<meta name=\"robots\" content=\"index, follow, max-snippet:-1, max-image-preview:large, max-video-preview:-1\" \/>\n<link rel=\"canonical\" href=\"https:\/\/radioclanfm.com\/clanespectaculos\/valeria-mazza-deslumbro-con-cuatro-cambios-de-alta-costura-argentina-en-los-martin-fierro-de-la-moda\/\" \/>\n<meta property=\"og:locale\" content=\"es_ES\" \/>\n<meta property=\"og:type\" content=\"article\" \/>\n<meta property=\"og:title\" content=\"Valeria Mazza deslumbr\u00f3 con cuatro cambios de Alta Costura argentina en los Mart\u00edn Fierro de la Moda - CLAN ESPECTACULOS\" \/>\n<meta property=\"og:description\" content=\"La conductora apost\u00f3 por dise\u00f1os de talento local, texturas maximalistas y joyas protagonistas. Valeria Mazza\u00a0condujo la gran gala del\u00a0Mart\u00edn Fierro de la Moda 2026.\u00a0Luci\u00f3 cuatro vestidos, todos\u00a0dise\u00f1ados por talento local, con propuestas de alto impacto, texturas maximalistas\u00a0y una curadur\u00eda de joyas que elev\u00f3 cada una de sus apariciones en el escenario. Impacto nupcial de plumas [&hellip;]\" \/>\n<meta property=\"og:url\" content=\"https:\/\/radioclanfm.com\/clanespectaculos\/valeria-mazza-deslumbro-con-cuatro-cambios-de-alta-costura-argentina-en-los-martin-fierro-de-la-moda\/\" \/>\n<meta property=\"og:site_name\" content=\"CLAN ESPECTACULOS\" \/>\n<meta property=\"article:publisher\" content=\"https:\/\/www.facebook.com\/clanespectaculos\/\" \/>\n<meta property=\"article:published_time\" content=\"2026-04-28T00:21:45+00:00\" \/>\n<meta property=\"og:image\" content=\"https:\/\/radioclanfm.com\/clanespectaculos\/wp-content\/uploads\/sites\/2\/2026\/04\/IqwUnspQ.jpg\" \/>\n\t<meta property=\"og:image:width\" content=\"900\" \/>\n\t<meta property=\"og:image:height\" content=\"506\" \/>\n\t<meta property=\"og:image:type\" content=\"image\/jpeg\" \/>\n<meta name=\"author\" content=\"E-GRUPOCLAN\" \/>\n<meta name=\"twitter:card\" content=\"summary_large_image\" \/>\n<meta name=\"twitter:creator\" content=\"@clanespectok\" \/>\n<meta name=\"twitter:site\" content=\"@clanespectok\" \/>\n<meta name=\"twitter:label1\" content=\"Escrito por\" \/>\n\t<meta name=\"twitter:data1\" content=\"E-GRUPOCLAN\" \/>\n\t<meta name=\"twitter:label2\" content=\"Tiempo de lectura\" \/>\n\t<meta name=\"twitter:data2\" content=\"5 minutos\" \/>\n<script type=\"application\/ld+json\" class=\"yoast-schema-graph\">{\"@context\":\"https:\\\/\\\/schema.org\",\"@graph\":[{\"@type\":\"Article\",\"@id\":\"https:\\\/\\\/radioclanfm.com\\\/clanespectaculos\\\/valeria-mazza-deslumbro-con-cuatro-cambios-de-alta-costura-argentina-en-los-martin-fierro-de-la-moda\\\/#article\",\"isPartOf\":{\"@id\":\"https:\\\/\\\/radioclanfm.com\\\/clanespectaculos\\\/valeria-mazza-deslumbro-con-cuatro-cambios-de-alta-costura-argentina-en-los-martin-fierro-de-la-moda\\\/\"},\"author\":{\"name\":\"E-GRUPOCLAN\",\"@id\":\"https:\\\/\\\/radioclanfm.com\\\/clanespectaculos\\\/#\\\/schema\\\/person\\\/9734813083303230f3ad84d99171b20c\"},\"headline\":\"Valeria Mazza deslumbr\u00f3 con cuatro cambios de Alta Costura argentina en los Mart\u00edn Fierro de la Moda\",\"datePublished\":\"2026-04-28T00:21:45+00:00\",\"mainEntityOfPage\":{\"@id\":\"https:\\\/\\\/radioclanfm.com\\\/clanespectaculos\\\/valeria-mazza-deslumbro-con-cuatro-cambios-de-alta-costura-argentina-en-los-martin-fierro-de-la-moda\\\/\"},\"wordCount\":655,\"commentCount\":0,\"publisher\":{\"@id\":\"https:\\\/\\\/radioclanfm.com\\\/clanespectaculos\\\/#organization\"},\"image\":{\"@id\":\"https:\\\/\\\/radioclanfm.com\\\/clanespectaculos\\\/valeria-mazza-deslumbro-con-cuatro-cambios-de-alta-costura-argentina-en-los-martin-fierro-de-la-moda\\\/#primaryimage\"},\"thumbnailUrl\":\"https:\\\/\\\/radioclanfm.com\\\/clanespectaculos\\\/wp-content\\\/uploads\\\/sites\\\/2\\\/2026\\\/04\\\/IqwUnspQ.jpg\",\"articleSection\":[\"MODA\"],\"inLanguage\":\"es-AR\",\"potentialAction\":[{\"@type\":\"CommentAction\",\"name\":\"Comment\",\"target\":[\"https:\\\/\\\/radioclanfm.com\\\/clanespectaculos\\\/valeria-mazza-deslumbro-con-cuatro-cambios-de-alta-costura-argentina-en-los-martin-fierro-de-la-moda\\\/#respond\"]}]},{\"@type\":\"WebPage\",\"@id\":\"https:\\\/\\\/radioclanfm.com\\\/clanespectaculos\\\/valeria-mazza-deslumbro-con-cuatro-cambios-de-alta-costura-argentina-en-los-martin-fierro-de-la-moda\\\/\",\"url\":\"https:\\\/\\\/radioclanfm.com\\\/clanespectaculos\\\/valeria-mazza-deslumbro-con-cuatro-cambios-de-alta-costura-argentina-en-los-martin-fierro-de-la-moda\\\/\",\"name\":\"Valeria Mazza deslumbr\u00f3 con cuatro cambios de Alta Costura argentina en los Mart\u00edn Fierro de la Moda - CLAN ESPECTACULOS\",\"isPartOf\":{\"@id\":\"https:\\\/\\\/radioclanfm.com\\\/clanespectaculos\\\/#website\"},\"primaryImageOfPage\":{\"@id\":\"https:\\\/\\\/radioclanfm.com\\\/clanespectaculos\\\/valeria-mazza-deslumbro-con-cuatro-cambios-de-alta-costura-argentina-en-los-martin-fierro-de-la-moda\\\/#primaryimage\"},\"image\":{\"@id\":\"https:\\\/\\\/radioclanfm.com\\\/clanespectaculos\\\/valeria-mazza-deslumbro-con-cuatro-cambios-de-alta-costura-argentina-en-los-martin-fierro-de-la-moda\\\/#primaryimage\"},\"thumbnailUrl\":\"https:\\\/\\\/radioclanfm.com\\\/clanespectaculos\\\/wp-content\\\/uploads\\\/sites\\\/2\\\/2026\\\/04\\\/IqwUnspQ.jpg\",\"datePublished\":\"2026-04-28T00:21:45+00:00\",\"breadcrumb\":{\"@id\":\"https:\\\/\\\/radioclanfm.com\\\/clanespectaculos\\\/valeria-mazza-deslumbro-con-cuatro-cambios-de-alta-costura-argentina-en-los-martin-fierro-de-la-moda\\\/#breadcrumb\"},\"inLanguage\":\"es-AR\",\"potentialAction\":[{\"@type\":\"ReadAction\",\"target\":[\"https:\\\/\\\/radioclanfm.com\\\/clanespectaculos\\\/valeria-mazza-deslumbro-con-cuatro-cambios-de-alta-costura-argentina-en-los-martin-fierro-de-la-moda\\\/\"]}]},{\"@type\":\"ImageObject\",\"inLanguage\":\"es-AR\",\"@id\":\"https:\\\/\\\/radioclanfm.com\\\/clanespectaculos\\\/valeria-mazza-deslumbro-con-cuatro-cambios-de-alta-costura-argentina-en-los-martin-fierro-de-la-moda\\\/#primaryimage\",\"url\":\"https:\\\/\\\/radioclanfm.com\\\/clanespectaculos\\\/wp-content\\\/uploads\\\/sites\\\/2\\\/2026\\\/04\\\/IqwUnspQ.jpg\",\"contentUrl\":\"https:\\\/\\\/radioclanfm.com\\\/clanespectaculos\\\/wp-content\\\/uploads\\\/sites\\\/2\\\/2026\\\/04\\\/IqwUnspQ.jpg\",\"width\":900,\"height\":506},{\"@type\":\"BreadcrumbList\",\"@id\":\"https:\\\/\\\/radioclanfm.com\\\/clanespectaculos\\\/valeria-mazza-deslumbro-con-cuatro-cambios-de-alta-costura-argentina-en-los-martin-fierro-de-la-moda\\\/#breadcrumb\",\"itemListElement\":[{\"@type\":\"ListItem\",\"position\":1,\"name\":\"Inicio\",\"item\":\"https:\\\/\\\/radioclanfm.com\\\/clanespectaculos\\\/\"},{\"@type\":\"ListItem\",\"position\":2,\"name\":\"Valeria Mazza deslumbr\u00f3 con cuatro cambios de Alta Costura argentina en los Mart\u00edn Fierro de la Moda\"}]},{\"@type\":\"WebSite\",\"@id\":\"https:\\\/\\\/radioclanfm.com\\\/clanespectaculos\\\/#website\",\"url\":\"https:\\\/\\\/radioclanfm.com\\\/clanespectaculos\\\/\",\"name\":\"CLAN ESPECTACULOS\",\"description\":\"\",\"publisher\":{\"@id\":\"https:\\\/\\\/radioclanfm.com\\\/clanespectaculos\\\/#organization\"},\"potentialAction\":[{\"@type\":\"SearchAction\",\"target\":{\"@type\":\"EntryPoint\",\"urlTemplate\":\"https:\\\/\\\/radioclanfm.com\\\/clanespectaculos\\\/?s={search_term_string}\"},\"query-input\":{\"@type\":\"PropertyValueSpecification\",\"valueRequired\":true,\"valueName\":\"search_term_string\"}}],\"inLanguage\":\"es-AR\"},{\"@type\":\"Organization\",\"@id\":\"https:\\\/\\\/radioclanfm.com\\\/clanespectaculos\\\/#organization\",\"name\":\"CLAN ESPECTACULOS\",\"url\":\"https:\\\/\\\/radioclanfm.com\\\/clanespectaculos\\\/\",\"logo\":{\"@type\":\"ImageObject\",\"inLanguage\":\"es-AR\",\"@id\":\"https:\\\/\\\/radioclanfm.com\\\/clanespectaculos\\\/#\\\/schema\\\/logo\\\/image\\\/\",\"url\":\"https:\\\/\\\/radioclanfm.com\\\/clanespectaculos\\\/wp-content\\\/uploads\\\/sites\\\/2\\\/2026\\\/04\\\/ChatGPT-Image-23-mar-2026-10_09_00.png\",\"contentUrl\":\"https:\\\/\\\/radioclanfm.com\\\/clanespectaculos\\\/wp-content\\\/uploads\\\/sites\\\/2\\\/2026\\\/04\\\/ChatGPT-Image-23-mar-2026-10_09_00.png\",\"width\":1024,\"height\":1024,\"caption\":\"CLAN ESPECTACULOS\"},\"image\":{\"@id\":\"https:\\\/\\\/radioclanfm.com\\\/clanespectaculos\\\/#\\\/schema\\\/logo\\\/image\\\/\"},\"sameAs\":[\"https:\\\/\\\/www.facebook.com\\\/clanespectaculos\\\/\",\"https:\\\/\\\/x.com\\\/clanespectok\"]},{\"@type\":\"Person\",\"@id\":\"https:\\\/\\\/radioclanfm.com\\\/clanespectaculos\\\/#\\\/schema\\\/person\\\/9734813083303230f3ad84d99171b20c\",\"name\":\"E-GRUPOCLAN\",\"image\":{\"@type\":\"ImageObject\",\"inLanguage\":\"es-AR\",\"@id\":\"https:\\\/\\\/secure.gravatar.com\\\/avatar\\\/af6e19837c3d6a212034a48c7b3818d2ac1826f6025df0155da5a186ad321d79?s=96&d=mm&r=g\",\"url\":\"https:\\\/\\\/secure.gravatar.com\\\/avatar\\\/af6e19837c3d6a212034a48c7b3818d2ac1826f6025df0155da5a186ad321d79?s=96&d=mm&r=g\",\"contentUrl\":\"https:\\\/\\\/secure.gravatar.com\\\/avatar\\\/af6e19837c3d6a212034a48c7b3818d2ac1826f6025df0155da5a186ad321d79?s=96&d=mm&r=g\",\"caption\":\"E-GRUPOCLAN\"},\"sameAs\":[\"https:\\\/\\\/radioclanfm.com\"],\"url\":\"https:\\\/\\\/radioclanfm.com\\\/clanespectaculos\\\/author\\\/admin\\\/\"}]}<\/script>\n<!-- \/ Yoast SEO plugin. -->","yoast_head_json":{"title":"Valeria Mazza deslumbr\u00f3 con cuatro cambios de Alta Costura argentina en los Mart\u00edn Fierro de la Moda - CLAN ESPECTACULOS","robots":{"index":"index","follow":"follow","max-snippet":"max-snippet:-1","max-image-preview":"max-image-preview:large","max-video-preview":"max-video-preview:-1"},"canonical":"https:\/\/radioclanfm.com\/clanespectaculos\/valeria-mazza-deslumbro-con-cuatro-cambios-de-alta-costura-argentina-en-los-martin-fierro-de-la-moda\/","og_locale":"es_ES","og_type":"article","og_title":"Valeria Mazza deslumbr\u00f3 con cuatro cambios de Alta Costura argentina en los Mart\u00edn Fierro de la Moda - CLAN ESPECTACULOS","og_description":"La conductora apost\u00f3 por dise\u00f1os de talento local, texturas maximalistas y joyas protagonistas. Valeria Mazza\u00a0condujo la gran gala del\u00a0Mart\u00edn Fierro de la Moda 2026.\u00a0Luci\u00f3 cuatro vestidos, todos\u00a0dise\u00f1ados por talento local, con propuestas de alto impacto, texturas maximalistas\u00a0y una curadur\u00eda de joyas que elev\u00f3 cada una de sus apariciones en el escenario. Impacto nupcial de plumas [&hellip;]","og_url":"https:\/\/radioclanfm.com\/clanespectaculos\/valeria-mazza-deslumbro-con-cuatro-cambios-de-alta-costura-argentina-en-los-martin-fierro-de-la-moda\/","og_site_name":"CLAN ESPECTACULOS","article_publisher":"https:\/\/www.facebook.com\/clanespectaculos\/","article_published_time":"2026-04-28T00:21:45+00:00","og_image":[{"width":900,"height":506,"url":"https:\/\/radioclanfm.com\/clanespectaculos\/wp-content\/uploads\/sites\/2\/2026\/04\/IqwUnspQ.jpg","type":"image\/jpeg"}],"author":"E-GRUPOCLAN","twitter_card":"summary_large_image","twitter_creator":"@clanespectok","twitter_site":"@clanespectok","twitter_misc":{"Escrito por":"E-GRUPOCLAN","Tiempo de lectura":"5 minutos"},"schema":{"@context":"https:\/\/schema.org","@graph":[{"@type":"Article","@id":"https:\/\/radioclanfm.com\/clanespectaculos\/valeria-mazza-deslumbro-con-cuatro-cambios-de-alta-costura-argentina-en-los-martin-fierro-de-la-moda\/#article","isPartOf":{"@id":"https:\/\/radioclanfm.com\/clanespectaculos\/valeria-mazza-deslumbro-con-cuatro-cambios-de-alta-costura-argentina-en-los-martin-fierro-de-la-moda\/"},"author":{"name":"E-GRUPOCLAN","@id":"https:\/\/radioclanfm.com\/clanespectaculos\/#\/schema\/person\/9734813083303230f3ad84d99171b20c"},"headline":"Valeria Mazza deslumbr\u00f3 con cuatro cambios de Alta Costura argentina en los Mart\u00edn Fierro de la Moda","datePublished":"2026-04-28T00:21:45+00:00","mainEntityOfPage":{"@id":"https:\/\/radioclanfm.com\/clanespectaculos\/valeria-mazza-deslumbro-con-cuatro-cambios-de-alta-costura-argentina-en-los-martin-fierro-de-la-moda\/"},"wordCount":655,"commentCount":0,"publisher":{"@id":"https:\/\/radioclanfm.com\/clanespectaculos\/#organization"},"image":{"@id":"https:\/\/radioclanfm.com\/clanespectaculos\/valeria-mazza-deslumbro-con-cuatro-cambios-de-alta-costura-argentina-en-los-martin-fierro-de-la-moda\/#primaryimage"},"thumbnailUrl":"https:\/\/radioclanfm.com\/clanespectaculos\/wp-content\/uploads\/sites\/2\/2026\/04\/IqwUnspQ.jpg","articleSection":["MODA"],"inLanguage":"es-AR","potentialAction":[{"@type":"CommentAction","name":"Comment","target":["https:\/\/radioclanfm.com\/clanespectaculos\/valeria-mazza-deslumbro-con-cuatro-cambios-de-alta-costura-argentina-en-los-martin-fierro-de-la-moda\/#respond"]}]},{"@type":"WebPage","@id":"https:\/\/radioclanfm.com\/clanespectaculos\/valeria-mazza-deslumbro-con-cuatro-cambios-de-alta-costura-argentina-en-los-martin-fierro-de-la-moda\/","url":"https:\/\/radioclanfm.com\/clanespectaculos\/valeria-mazza-deslumbro-con-cuatro-cambios-de-alta-costura-argentina-en-los-martin-fierro-de-la-moda\/","name":"Valeria Mazza deslumbr\u00f3 con cuatro cambios de Alta Costura argentina en los Mart\u00edn Fierro de la Moda - CLAN ESPECTACULOS","isPartOf":{"@id":"https:\/\/radioclanfm.com\/clanespectaculos\/#website"},"primaryImageOfPage":{"@id":"https:\/\/radioclanfm.com\/clanespectaculos\/valeria-mazza-deslumbro-con-cuatro-cambios-de-alta-costura-argentina-en-los-martin-fierro-de-la-moda\/#primaryimage"},"image":{"@id":"https:\/\/radioclanfm.com\/clanespectaculos\/valeria-mazza-deslumbro-con-cuatro-cambios-de-alta-costura-argentina-en-los-martin-fierro-de-la-moda\/#primaryimage"},"thumbnailUrl":"https:\/\/radioclanfm.com\/clanespectaculos\/wp-content\/uploads\/sites\/2\/2026\/04\/IqwUnspQ.jpg","datePublished":"2026-04-28T00:21:45+00:00","breadcrumb":{"@id":"https:\/\/radioclanfm.com\/clanespectaculos\/valeria-mazza-deslumbro-con-cuatro-cambios-de-alta-costura-argentina-en-los-martin-fierro-de-la-moda\/#breadcrumb"},"inLanguage":"es-AR","potentialAction":[{"@type":"ReadAction","target":["https:\/\/radioclanfm.com\/clanespectaculos\/valeria-mazza-deslumbro-con-cuatro-cambios-de-alta-costura-argentina-en-los-martin-fierro-de-la-moda\/"]}]},{"@type":"ImageObject","inLanguage":"es-AR","@id":"https:\/\/radioclanfm.com\/clanespectaculos\/valeria-mazza-deslumbro-con-cuatro-cambios-de-alta-costura-argentina-en-los-martin-fierro-de-la-moda\/#primaryimage","url":"https:\/\/radioclanfm.com\/clanespectaculos\/wp-content\/uploads\/sites\/2\/2026\/04\/IqwUnspQ.jpg","contentUrl":"https:\/\/radioclanfm.com\/clanespectaculos\/wp-content\/uploads\/sites\/2\/2026\/04\/IqwUnspQ.jpg","width":900,"height":506},{"@type":"BreadcrumbList","@id":"https:\/\/radioclanfm.com\/clanespectaculos\/valeria-mazza-deslumbro-con-cuatro-cambios-de-alta-costura-argentina-en-los-martin-fierro-de-la-moda\/#breadcrumb","itemListElement":[{"@type":"ListItem","position":1,"name":"Inicio","item":"https:\/\/radioclanfm.com\/clanespectaculos\/"},{"@type":"ListItem","position":2,"name":"Valeria Mazza deslumbr\u00f3 con cuatro cambios de Alta Costura argentina en los Mart\u00edn Fierro de la Moda"}]},{"@type":"WebSite","@id":"https:\/\/radioclanfm.com\/clanespectaculos\/#website","url":"https:\/\/radioclanfm.com\/clanespectaculos\/","name":"CLAN ESPECTACULOS","description":"","publisher":{"@id":"https:\/\/radioclanfm.com\/clanespectaculos\/#organization"},"potentialAction":[{"@type":"SearchAction","target":{"@type":"EntryPoint","urlTemplate":"https:\/\/radioclanfm.com\/clanespectaculos\/?s={search_term_string}"},"query-input":{"@type":"PropertyValueSpecification","valueRequired":true,"valueName":"search_term_string"}}],"inLanguage":"es-AR"},{"@type":"Organization","@id":"https:\/\/radioclanfm.com\/clanespectaculos\/#organization","name":"CLAN ESPECTACULOS","url":"https:\/\/radioclanfm.com\/clanespectaculos\/","logo":{"@type":"ImageObject","inLanguage":"es-AR","@id":"https:\/\/radioclanfm.com\/clanespectaculos\/#\/schema\/logo\/image\/","url":"https:\/\/radioclanfm.com\/clanespectaculos\/wp-content\/uploads\/sites\/2\/2026\/04\/ChatGPT-Image-23-mar-2026-10_09_00.png","contentUrl":"https:\/\/radioclanfm.com\/clanespectaculos\/wp-content\/uploads\/sites\/2\/2026\/04\/ChatGPT-Image-23-mar-2026-10_09_00.png","width":1024,"height":1024,"caption":"CLAN ESPECTACULOS"},"image":{"@id":"https:\/\/radioclanfm.com\/clanespectaculos\/#\/schema\/logo\/image\/"},"sameAs":["https:\/\/www.facebook.com\/clanespectaculos\/","https:\/\/x.com\/clanespectok"]},{"@type":"Person","@id":"https:\/\/radioclanfm.com\/clanespectaculos\/#\/schema\/person\/9734813083303230f3ad84d99171b20c","name":"E-GRUPOCLAN","image":{"@type":"ImageObject","inLanguage":"es-AR","@id":"https:\/\/secure.gravatar.com\/avatar\/af6e19837c3d6a212034a48c7b3818d2ac1826f6025df0155da5a186ad321d79?s=96&d=mm&r=g","url":"https:\/\/secure.gravatar.com\/avatar\/af6e19837c3d6a212034a48c7b3818d2ac1826f6025df0155da5a186ad321d79?s=96&d=mm&r=g","contentUrl":"https:\/\/secure.gravatar.com\/avatar\/af6e19837c3d6a212034a48c7b3818d2ac1826f6025df0155da5a186ad321d79?s=96&d=mm&r=g","caption":"E-GRUPOCLAN"},"sameAs":["https:\/\/radioclanfm.com"],"url":"https:\/\/radioclanfm.com\/clanespectaculos\/author\/admin\/"}]}},"_links":{"self":[{"href":"https:\/\/radioclanfm.com\/clanespectaculos\/wp-json\/wp\/v2\/posts\/15929","targetHints":{"allow":["GET"]}}],"collection":[{"href":"https:\/\/radioclanfm.com\/clanespectaculos\/wp-json\/wp\/v2\/posts"}],"about":[{"href":"https:\/\/radioclanfm.com\/clanespectaculos\/wp-json\/wp\/v2\/types\/post"}],"author":[{"embeddable":true,"href":"https:\/\/radioclanfm.com\/clanespectaculos\/wp-json\/wp\/v2\/users\/1"}],"replies":[{"embeddable":true,"href":"https:\/\/radioclanfm.com\/clanespectaculos\/wp-json\/wp\/v2\/comments?post=15929"}],"version-history":[{"count":1,"href":"https:\/\/radioclanfm.com\/clanespectaculos\/wp-json\/wp\/v2\/posts\/15929\/revisions"}],"predecessor-version":[{"id":15931,"href":"https:\/\/radioclanfm.com\/clanespectaculos\/wp-json\/wp\/v2\/posts\/15929\/revisions\/15931"}],"wp:featuredmedia":[{"embeddable":true,"href":"https:\/\/radioclanfm.com\/clanespectaculos\/wp-json\/wp\/v2\/media\/15930"}],"wp:attachment":[{"href":"https:\/\/radioclanfm.com\/clanespectaculos\/wp-json\/wp\/v2\/media?parent=15929"}],"wp:term":[{"taxonomy":"category","embeddable":true,"href":"https:\/\/radioclanfm.com\/clanespectaculos\/wp-json\/wp\/v2\/categories?post=15929"},{"taxonomy":"post_tag","embeddable":true,"href":"https:\/\/radioclanfm.com\/clanespectaculos\/wp-json\/wp\/v2\/tags?post=15929"}],"curies":[{"name":"wp","href":"https:\/\/api.w.org\/{rel}","templated":true}]}}