{"id":15926,"date":"2026-04-27T21:19:59","date_gmt":"2026-04-28T00:19:59","guid":{"rendered":"https:\/\/radioclanfm.com\/clanespectaculos\/?p=15926"},"modified":"2026-04-27T21:19:59","modified_gmt":"2026-04-28T00:19:59","slug":"antonela-roccuzzo-encendio-las-redes-en-microbikini-bicolor-cavada-desde-miami-arranco-el-veranito","status":"publish","type":"post","link":"https:\/\/radioclanfm.com\/clanespectaculos\/antonela-roccuzzo-encendio-las-redes-en-microbikini-bicolor-cavada-desde-miami-arranco-el-veranito\/","title":{"rendered":"Antonela Roccuzzo encendi\u00f3 las redes en microbikini bicolor cavada desde Miami: \u201cArranc\u00f3 el veranito\u201d"},"content":{"rendered":"<p>Se fotografi\u00f3 con un modelo amarillo pastel y blanco y sus fans le enviaron emojis de fueguitos.<\/p>\n<p class=\"paragraph font__body-regular\"><b>Antonela Roccuzzo<\/b>\u00a0marca tendencia en todas sus facetas. Ya sea en elegantes eventos, de entrecasa, con looks\u00a0<i>sporty\u00a0<\/i>o de alto verano, todos sus\u00a0<i>outfits\u00a0<\/i>generan furor en redes sociales, donde es referente de moda.<\/p>\n<div id=\"ad-slot-infeed\" class=\"infeed-container ad-slot-infeed ad-slot\" data-adtype=\"infeed\" data-lazyload=\"1\" data-google-query-id=\"CJvN1Ouij5QDFXAmHgAdzcA7vA\">\n<div id=\"google_ads_iframe_\/113951150\/tn-arc\/nota\/infeed_0__container__\"><\/div>\n<\/div>\n<p class=\"paragraph font__body-regular\">Ahora,\u00a0<i>Madame Messi<\/i>\u00a0comparti\u00f3 con sus seguidores de Instagram una historia a puro\u00a0<i>relax<\/i>, dando por inaugurada la\u00a0<b>temporada de verano en Miami<\/b>, donde vive con su familia.<\/p>\n<div class=\"story-list\" data-mrf-recirculation=\"IL_RNrGCM52Q_ui4aMax3fibg\" data-testid=\"text-html\" data-mrf-experience=\"IL_RNrGCM52Q_ui4aMax3fibg\">\n<article class=\"card__container card__horizontal\">\n<div class=\"card__body\">\n<header>\n<h3 class=\"card__headline font__display\"><\/h3>\n<\/header>\n<\/div>\n<\/article>\n<\/div>\n<p class=\"paragraph font__body-regular\">Recostada sobre una cama de playa, se mostr\u00f3 con una\u00a0<b>microbikini bicolor<\/b>, una tendencia que ya se volvi\u00f3 un cl\u00e1sico. El modelo es de\u00a0<b>base amarillo pastel\u00a0<\/b>con breteles finos y bordes\u00a0<b>blancos<\/b>.<\/p>\n<figure class=\"\" data-testid=\"figure-testid\">\n<div class=\"aspect_ratio__container\"><picture class=\"responsive-image\"><source srcset=\"https:\/\/tn.com.ar\/resizer\/v2\/antonela-roccuzzo-se-fotografio-con-una-bikini-bicolor-amarilla-y-blanca-foto-instagramantonelaroccuzzo-JGCLYQVNWBHBVGVOFTBYECK6MU.jpeg?auth=ecc4840c8a20df8842d4ac92169b3f1cb7b91b393fd6bf66009213f89527f61a&amp;width=767\" type=\"image\/jpg\" media=\"(max-width: 728px)\" \/><source srcset=\"https:\/\/tn.com.ar\/resizer\/v2\/antonela-roccuzzo-se-fotografio-con-una-bikini-bicolor-amarilla-y-blanca-foto-instagramantonelaroccuzzo-JGCLYQVNWBHBVGVOFTBYECK6MU.jpeg?auth=ecc4840c8a20df8842d4ac92169b3f1cb7b91b393fd6bf66009213f89527f61a&amp;width=1023\" type=\"image\/jpg\" media=\"(max-width: 1023px)\" \/><source srcset=\"https:\/\/tn.com.ar\/resizer\/v2\/antonela-roccuzzo-se-fotografio-con-una-bikini-bicolor-amarilla-y-blanca-foto-instagramantonelaroccuzzo-JGCLYQVNWBHBVGVOFTBYECK6MU.jpeg?auth=ecc4840c8a20df8842d4ac92169b3f1cb7b91b393fd6bf66009213f89527f61a&amp;width=1440\" type=\"image\/jpg\" \/><img loading=\"lazy\" decoding=\"async\" class=\"image content-image image_placeholder\" src=\"https:\/\/tn.com.ar\/resizer\/v2\/antonela-roccuzzo-se-fotografio-con-una-bikini-bicolor-amarilla-y-blanca-foto-instagramantonelaroccuzzo-JGCLYQVNWBHBVGVOFTBYECK6MU.jpeg?auth=ecc4840c8a20df8842d4ac92169b3f1cb7b91b393fd6bf66009213f89527f61a&amp;width=767\" alt=\"Antonela Roccuzzo se fotografi\u00f3 con una bikini bicolor amarilla y blanca. (Foto: Instagram\/@antonelaroccuzzo)\" width=\"767\" height=\"1249\" data-testid=\"loading-testid\" \/><\/picture><\/div><figcaption class=\"caption_image\" data-testid=\"figcaption-testid\">\n<div class=\"image_caption \">Antonela Roccuzzo se fotografi\u00f3 con una bikini bicolor amarilla y blanca. (Foto: Instagram\/@antonelaroccuzzo)<\/div>\n<\/figcaption><\/figure>\n<p class=\"paragraph font__body-regular\">Adem\u00e1s, se destaca por la audaz molder\u00eda:\u00a0<b>corpi\u00f1o triangular chiquito<\/b>, que saca a relucir su escote, y\u00a0<b>bombacha cavada<\/b>. Complement\u00f3 el traje de ba\u00f1o con<b>\u00a0anteojos de sol negros hexagonales.<\/b><\/p>\n<p class=\"paragraph font__body-regular\">El pelo suelto y lacio, la cara al natural (con apenas un poco de\u00a0<i>gloss\u00a0<\/i>en los labios) y un parejo bronceado completaron el estilismo.\u00a0<b>\u201cArranc\u00f3 el veranito\u201d<\/b>, escribi\u00f3 la\u00a0<i>influencer<\/i>, que sin dudas a partir de ahora seguir\u00e1 mostrando todo lo que se viene en trajes de ba\u00f1o.<\/p>\n<h2 class=\"font--primary font__display\">Antonela Roccuzzo mostr\u00f3 su faceta m\u00e1s elegante en Nueva York<\/h2>\n<p class=\"paragraph font__body-regular\">Algunos d\u00edas atr\u00e1s,\u00a0<b>Antonela Roccuzzo<\/b>\u00a0viaj\u00f3 a Nueva York para cumplir con distintas compromisos en su rol de embajadora de\u00a0<b>Tiffany &amp; Co.<\/b>\u00a0La esposa de Lionel Messi conoci\u00f3 la nueva colecci\u00f3n de la casa de joyer\u00eda,\u00a0<i><b>Blue Book 2026: Hidden Garden<\/b><\/i>, y deslumbr\u00f3 con sus looks.<\/p>\n<p class=\"paragraph font__body-regular\">Para uno de los eventos, eligi\u00f3 un\u00a0<b>minivestido negro con mangas cortas abullonadas<\/b>\u00a0y detalles drapeados en todo el talle. Complet\u00f3 el vestuario con\u00a0<i>pantymedias\u00a0<\/i>negras transl\u00facidas,\u00a0<i><b>stilettos\u00a0<\/b><\/i>de terminaci\u00f3n en punta haciendo juego y una<b>\u00a0<\/b><i><b>minicartera\u00a0<\/b><\/i><b>cuadrada estilo cofre<\/b>\u00a0de cuero negro\u00a0<b>matelaseado<\/b>.<\/p>\n<figure class=\"\" data-testid=\"figure-testid\">\n<div class=\"aspect_ratio__container\"><picture class=\"responsive-image\"><source srcset=\"https:\/\/tn.com.ar\/resizer\/v2\/antonela-roccuzzo-en-minivestido-negro-y-joyas-tiffany-foto-instagramantonelaroccuzzo-AHBRIXXBYZGL7CLYYYXQGYV4AM.jpg?auth=e28b0ec5864c8c6f05ba262bb3424bf687a76e9aee49c23be1792f7900c31d27&amp;width=767\" type=\"image\/jpg\" media=\"(max-width: 728px)\" \/><source srcset=\"https:\/\/tn.com.ar\/resizer\/v2\/antonela-roccuzzo-en-minivestido-negro-y-joyas-tiffany-foto-instagramantonelaroccuzzo-AHBRIXXBYZGL7CLYYYXQGYV4AM.jpg?auth=e28b0ec5864c8c6f05ba262bb3424bf687a76e9aee49c23be1792f7900c31d27&amp;width=1023\" type=\"image\/jpg\" media=\"(max-width: 1023px)\" \/><source srcset=\"https:\/\/tn.com.ar\/resizer\/v2\/antonela-roccuzzo-en-minivestido-negro-y-joyas-tiffany-foto-instagramantonelaroccuzzo-AHBRIXXBYZGL7CLYYYXQGYV4AM.jpg?auth=e28b0ec5864c8c6f05ba262bb3424bf687a76e9aee49c23be1792f7900c31d27&amp;width=1440\" type=\"image\/jpg\" \/><img loading=\"lazy\" decoding=\"async\" class=\"image content-image image_placeholder\" src=\"https:\/\/tn.com.ar\/resizer\/v2\/antonela-roccuzzo-en-minivestido-negro-y-joyas-tiffany-foto-instagramantonelaroccuzzo-AHBRIXXBYZGL7CLYYYXQGYV4AM.jpg?auth=e28b0ec5864c8c6f05ba262bb3424bf687a76e9aee49c23be1792f7900c31d27&amp;width=767\" alt=\"Antonela Roccuzzo en minivestido negro y joyas Tiffany. (Foto: Instagram\/@antonelaroccuzzo)\" width=\"767\" height=\"1023\" data-testid=\"loading-testid\" \/><\/picture><\/div><figcaption class=\"caption_image\" data-testid=\"figcaption-testid\">\n<div class=\"image_caption \">Antonela Roccuzzo en minivestido negro y joyas Tiffany. (Foto: Instagram\/@antonelaroccuzzo)<\/div>\n<\/figcaption><\/figure>\n<p class=\"paragraph font__body-regular\">Las joyas de la nueva l\u00ednea, inspiradas en un jard\u00edn secreto, se robaron el protagonismo: un\u00a0<b>anillo de oro y diamantes con el ic\u00f3nico p\u00e1jaro sello de la marca<\/b>\u00a0y\u00a0<b>brazaletes con\u00a0<\/b><i><b>charms\u00a0<\/b><\/i><b>haciendo juego.<\/b><\/p>\n<figure class=\"\" data-testid=\"figure-testid\">\n<div class=\"aspect_ratio__container\"><picture class=\"responsive-image\"><source srcset=\"https:\/\/tn.com.ar\/resizer\/v2\/antonela-roccuzzo-desplego-estilo-en-minivestido-negro-foto-instagramantonelaroccuzzo-AL3KU6NI6FH35LJB3BXAEWQ7AI.jpg?auth=fd4d2ad8355a5ba6dfb39e0125a93f9f8267f0e8e7b24bd9510922666379c181&amp;width=767\" type=\"image\/jpg\" media=\"(max-width: 728px)\" \/><source srcset=\"https:\/\/tn.com.ar\/resizer\/v2\/antonela-roccuzzo-desplego-estilo-en-minivestido-negro-foto-instagramantonelaroccuzzo-AL3KU6NI6FH35LJB3BXAEWQ7AI.jpg?auth=fd4d2ad8355a5ba6dfb39e0125a93f9f8267f0e8e7b24bd9510922666379c181&amp;width=1023\" type=\"image\/jpg\" media=\"(max-width: 1023px)\" \/><source srcset=\"https:\/\/tn.com.ar\/resizer\/v2\/antonela-roccuzzo-desplego-estilo-en-minivestido-negro-foto-instagramantonelaroccuzzo-AL3KU6NI6FH35LJB3BXAEWQ7AI.jpg?auth=fd4d2ad8355a5ba6dfb39e0125a93f9f8267f0e8e7b24bd9510922666379c181&amp;width=1440\" type=\"image\/jpg\" \/><img loading=\"lazy\" decoding=\"async\" class=\"image content-image image_placeholder\" src=\"https:\/\/tn.com.ar\/resizer\/v2\/antonela-roccuzzo-desplego-estilo-en-minivestido-negro-foto-instagramantonelaroccuzzo-AL3KU6NI6FH35LJB3BXAEWQ7AI.jpg?auth=fd4d2ad8355a5ba6dfb39e0125a93f9f8267f0e8e7b24bd9510922666379c181&amp;width=767\" alt=\"Antonela Roccuzzo despleg\u00f3 estilo en minivestido negro. (Foto: Instagram\/@antonelaroccuzzo)\" width=\"767\" height=\"1023\" data-testid=\"loading-testid\" \/><\/picture><\/div><figcaption class=\"caption_image\" data-testid=\"figcaption-testid\">\n<div class=\"image_caption \">Antonela Roccuzzo despleg\u00f3 estilo en minivestido negro. (Foto: Instagram\/@antonelaroccuzzo)<\/div>\n<\/figcaption><\/figure>\n<p class=\"paragraph font__body-regular\">Como detalles finales del look, llev\u00f3 el\u00a0<b>pelo recogido en una cola baja<\/b>\u00a0con raya al medio y maquillaje con foco en la mirada:\u00a0<b>delineado\u00a0<\/b><i><b>cat eye<\/b><\/i><b>, sombras amarronadas y m\u00e1scara de pesta\u00f1as<\/b>\u00a0que acompa\u00f1\u00f3 con rubor, contorno y labial en tono ladrillo.<\/p>\n<figure class=\"\" data-testid=\"figure-testid\">\n<div class=\"aspect_ratio__container\"><picture class=\"responsive-image\"><source srcset=\"https:\/\/tn.com.ar\/resizer\/v2\/antonela-roccuzzo-mostro-su-little-black-dress-en-instagram-foto-instagramantonelaroccuzzo-AW6REXKZNREWNINPR4LZYHTU64.jpg?auth=fddfaa1f162c727b58cda63da3e523533f4c65a8643cf0da841ee0be72e86f72&amp;width=767\" type=\"image\/jpg\" media=\"(max-width: 728px)\" \/><source srcset=\"https:\/\/tn.com.ar\/resizer\/v2\/antonela-roccuzzo-mostro-su-little-black-dress-en-instagram-foto-instagramantonelaroccuzzo-AW6REXKZNREWNINPR4LZYHTU64.jpg?auth=fddfaa1f162c727b58cda63da3e523533f4c65a8643cf0da841ee0be72e86f72&amp;width=1023\" type=\"image\/jpg\" media=\"(max-width: 1023px)\" \/><source srcset=\"https:\/\/tn.com.ar\/resizer\/v2\/antonela-roccuzzo-mostro-su-little-black-dress-en-instagram-foto-instagramantonelaroccuzzo-AW6REXKZNREWNINPR4LZYHTU64.jpg?auth=fddfaa1f162c727b58cda63da3e523533f4c65a8643cf0da841ee0be72e86f72&amp;width=1440\" type=\"image\/jpg\" \/><img loading=\"lazy\" decoding=\"async\" class=\"image content-image image_placeholder\" src=\"https:\/\/tn.com.ar\/resizer\/v2\/antonela-roccuzzo-mostro-su-little-black-dress-en-instagram-foto-instagramantonelaroccuzzo-AW6REXKZNREWNINPR4LZYHTU64.jpg?auth=fddfaa1f162c727b58cda63da3e523533f4c65a8643cf0da841ee0be72e86f72&amp;width=767\" alt=\"Antonela Roccuzzo mostr\u00f3 su little black dress en Instagram. (Foto: Instagram\/@antonelaroccuzzo)\" width=\"767\" height=\"1023\" data-testid=\"loading-testid\" \/><\/picture><\/div><figcaption class=\"caption_image\" data-testid=\"figcaption-testid\">\n<div class=\"image_caption \">Antonela Roccuzzo mostr\u00f3 su little black dress en Instagram. (Foto: Instagram\/@antonelaroccuzzo)<\/div>\n<\/figcaption><\/figure>\n<p class=\"paragraph font__body-regular\">Algunas horas antes, en otro evento, apost\u00f3 una vez m\u00e1s al\u00a0<i><b>total black<\/b><\/i>. Llev\u00f3 un\u00a0<b>top ajustado de mangas largas<\/b>\u00a0combinado con un\u00a0<b>pantal\u00f3n de sastrer\u00eda\u00a0<\/b><i><b>oversize<\/b><\/i>. Los complementos fueron\u00a0<b>botas de cuero al tono\u00a0<\/b>y el<b>\u00a0minibolso Kelly de Herm\u00e8s<\/b>\u00a0(uno de los \u00edconos de la marca) adornado con\u00a0<b>tachas plateadas.<\/b><\/p>\n<figure class=\"\" data-testid=\"figure-testid\">\n<div class=\"aspect_ratio__container\"><picture class=\"responsive-image\"><source srcset=\"https:\/\/tn.com.ar\/resizer\/v2\/antonela-roccuzzo-en-total-black-y-cartera-hermes-foto-instagramantonelaroccuzzo-M27CHNVXZVBIJOKUUVW4WFFK7U.jpg?auth=0ecdb25e367fca3bdce1d2af1c4cb272770d051aa0d189eeaf7c7f52b660a0c3&amp;width=767\" type=\"image\/jpg\" media=\"(max-width: 728px)\" \/><source srcset=\"https:\/\/tn.com.ar\/resizer\/v2\/antonela-roccuzzo-en-total-black-y-cartera-hermes-foto-instagramantonelaroccuzzo-M27CHNVXZVBIJOKUUVW4WFFK7U.jpg?auth=0ecdb25e367fca3bdce1d2af1c4cb272770d051aa0d189eeaf7c7f52b660a0c3&amp;width=1023\" type=\"image\/jpg\" media=\"(max-width: 1023px)\" \/><source srcset=\"https:\/\/tn.com.ar\/resizer\/v2\/antonela-roccuzzo-en-total-black-y-cartera-hermes-foto-instagramantonelaroccuzzo-M27CHNVXZVBIJOKUUVW4WFFK7U.jpg?auth=0ecdb25e367fca3bdce1d2af1c4cb272770d051aa0d189eeaf7c7f52b660a0c3&amp;width=1440\" type=\"image\/jpg\" \/><img loading=\"lazy\" decoding=\"async\" class=\"image content-image image_placeholder\" src=\"https:\/\/tn.com.ar\/resizer\/v2\/antonela-roccuzzo-en-total-black-y-cartera-hermes-foto-instagramantonelaroccuzzo-M27CHNVXZVBIJOKUUVW4WFFK7U.jpg?auth=0ecdb25e367fca3bdce1d2af1c4cb272770d051aa0d189eeaf7c7f52b660a0c3&amp;width=767\" alt=\"Antonela Roccuzzo en total black y cartera Herm\u00e8s. (Foto: Instagram\/@antonelaroccuzzo)\" width=\"767\" height=\"1023\" data-testid=\"loading-testid\" \/><\/picture><\/div><figcaption class=\"caption_image\" data-testid=\"figcaption-testid\">\n<div class=\"image_caption \">Antonela Roccuzzo en total black y cartera Herm\u00e8s. (Foto: Instagram\/@antonelaroccuzzo)<\/div>\n<\/figcaption><\/figure>\n<p class=\"paragraph font__body-regular\">La joyer\u00eda de la marca convocante no pod\u00eda faltar. Llev\u00f3 una<b>\u00a0gargantilla plateada de eslabones<\/b>\u00a0y\u00a0<b>aros colgantes a juego.\u00a0<\/b>Coron\u00f3 el estilismo con el<b>\u00a0pelo suelto y lacio<\/b>, peinado con raya al costado, y maquillaje\u00a0<i>glam\u00a0<\/i>con<b>\u00a0delineado, m\u00e1scara, contorno y labial\u00a0<\/b><i><b>nude<\/b><\/i><b>.<\/b><\/p>\n<figure class=\"\" data-testid=\"figure-testid\">\n<div class=\"aspect_ratio__container\"><picture class=\"responsive-image\"><source srcset=\"https:\/\/tn.com.ar\/resizer\/v2\/antonela-roccuzzo-en-total-black-y-joyas-plateadas-de-tiffany-foto-instagramantonelaroccuzzo-GCX5AZA4YJEHBI5Z6CZOQTXKZI.jpg?auth=64f153945a035b829624d6696409851a9a5227a9156dcd4d43854d955b37c079&amp;width=767\" type=\"image\/jpg\" media=\"(max-width: 728px)\" \/><source srcset=\"https:\/\/tn.com.ar\/resizer\/v2\/antonela-roccuzzo-en-total-black-y-joyas-plateadas-de-tiffany-foto-instagramantonelaroccuzzo-GCX5AZA4YJEHBI5Z6CZOQTXKZI.jpg?auth=64f153945a035b829624d6696409851a9a5227a9156dcd4d43854d955b37c079&amp;width=1023\" type=\"image\/jpg\" media=\"(max-width: 1023px)\" \/><source srcset=\"https:\/\/tn.com.ar\/resizer\/v2\/antonela-roccuzzo-en-total-black-y-joyas-plateadas-de-tiffany-foto-instagramantonelaroccuzzo-GCX5AZA4YJEHBI5Z6CZOQTXKZI.jpg?auth=64f153945a035b829624d6696409851a9a5227a9156dcd4d43854d955b37c079&amp;width=1440\" type=\"image\/jpg\" \/><img loading=\"lazy\" decoding=\"async\" class=\"image content-image image_placeholder\" src=\"https:\/\/tn.com.ar\/resizer\/v2\/antonela-roccuzzo-en-total-black-y-joyas-plateadas-de-tiffany-foto-instagramantonelaroccuzzo-GCX5AZA4YJEHBI5Z6CZOQTXKZI.jpg?auth=64f153945a035b829624d6696409851a9a5227a9156dcd4d43854d955b37c079&amp;width=767\" alt=\"Antonela Roccuzzo en total black y joyas plateadas de Tiffany. (Foto: Instagram\/@antonelaroccuzzo)\" width=\"767\" height=\"1022\" data-testid=\"loading-testid\" \/><\/picture><\/div><figcaption class=\"caption_image\" data-testid=\"figcaption-testid\">\n<div class=\"image_caption \">Antonela Roccuzzo en total black y joyas plateadas de Tiffany. (Foto: Instagram\/@antonelaroccuzzo)<\/div>\n<\/figcaption><\/figure>\n<p class=\"paragraph font__body-regular\">Luego, asisti\u00f3 a la gala de presentaci\u00f3n de\u00a0<i>Blue Book 2026: Hidden Garden,\u00a0<\/i>que se realiz\u00f3 en el Park Avenue Armory de Nueva York y reuni\u00f3 a varias figuras internacionales, que eligieron<b>\u00a0looks alineados con el imaginario bot\u00e1nico y teatral de la colecci\u00f3n.<\/b><\/p>\n<figure class=\"\" data-testid=\"figure-testid\">\n<div class=\"aspect_ratio__container\"><picture class=\"responsive-image\"><source srcset=\"https:\/\/tn.com.ar\/resizer\/v2\/antonela-roccuzzo-con-un-vestido-de-silvia-tcherassi-foto-instagramantonelaroccuzzo-D7NK2M7KUZBADGNN4LGLWRQPD4.jpg?auth=b345d56b7b10333e14f8702edcd2396e859f98e44c969a8972f83817a58957f2&amp;width=767\" type=\"image\/jpg\" media=\"(max-width: 728px)\" \/><source srcset=\"https:\/\/tn.com.ar\/resizer\/v2\/antonela-roccuzzo-con-un-vestido-de-silvia-tcherassi-foto-instagramantonelaroccuzzo-D7NK2M7KUZBADGNN4LGLWRQPD4.jpg?auth=b345d56b7b10333e14f8702edcd2396e859f98e44c969a8972f83817a58957f2&amp;width=1023\" type=\"image\/jpg\" media=\"(max-width: 1023px)\" \/><source srcset=\"https:\/\/tn.com.ar\/resizer\/v2\/antonela-roccuzzo-con-un-vestido-de-silvia-tcherassi-foto-instagramantonelaroccuzzo-D7NK2M7KUZBADGNN4LGLWRQPD4.jpg?auth=b345d56b7b10333e14f8702edcd2396e859f98e44c969a8972f83817a58957f2&amp;width=1440\" type=\"image\/jpg\" \/><img loading=\"lazy\" decoding=\"async\" class=\"image content-image image_placeholder\" src=\"https:\/\/tn.com.ar\/resizer\/v2\/antonela-roccuzzo-con-un-vestido-de-silvia-tcherassi-foto-instagramantonelaroccuzzo-D7NK2M7KUZBADGNN4LGLWRQPD4.jpg?auth=b345d56b7b10333e14f8702edcd2396e859f98e44c969a8972f83817a58957f2&amp;width=767\" alt=\"Antonela Roccuzzo con un vestido de Silvia Tcherassi. (Foto: Instagram\/@antonelaroccuzzo)\" width=\"767\" height=\"1023\" data-testid=\"loading-testid\" \/><\/picture><\/div><figcaption class=\"caption_image\" data-testid=\"figcaption-testid\">\n<div class=\"image_caption \">Antonela Roccuzzo con un vestido de Silvia Tcherassi. (Foto: Instagram\/@antonelaroccuzzo)<\/div>\n<\/figcaption><\/figure>\n<p class=\"paragraph font__body-regular\">Antonela opt\u00f3 por un\u00a0<b>vestido azul de noche de silueta cl\u00e1sica y elegante firmado por Silvia Tcherassi.<\/b>\u00a0Lo combin\u00f3 con un importante collar con brillantes plateados.<\/p>\n<figure class=\"\" data-testid=\"figure-testid\">\n<div class=\"aspect_ratio__container\"><picture class=\"responsive-image\"><source srcset=\"https:\/\/tn.com.ar\/resizer\/v2\/antonela-en-azul-y-con-una-importante-joya-de-tiffany-foto-instagramantonelaroccuzzo-OXREHTUWYJCBRBMO6JT3FRQZO4.jpg?auth=0f31e4f6d2a6b207560e998c8d16687ec26536f60fd9bd5e4fed9cd82c348578&amp;width=767\" type=\"image\/jpg\" media=\"(max-width: 728px)\" \/><source srcset=\"https:\/\/tn.com.ar\/resizer\/v2\/antonela-en-azul-y-con-una-importante-joya-de-tiffany-foto-instagramantonelaroccuzzo-OXREHTUWYJCBRBMO6JT3FRQZO4.jpg?auth=0f31e4f6d2a6b207560e998c8d16687ec26536f60fd9bd5e4fed9cd82c348578&amp;width=1023\" type=\"image\/jpg\" media=\"(max-width: 1023px)\" \/><source srcset=\"https:\/\/tn.com.ar\/resizer\/v2\/antonela-en-azul-y-con-una-importante-joya-de-tiffany-foto-instagramantonelaroccuzzo-OXREHTUWYJCBRBMO6JT3FRQZO4.jpg?auth=0f31e4f6d2a6b207560e998c8d16687ec26536f60fd9bd5e4fed9cd82c348578&amp;width=1440\" type=\"image\/jpg\" \/><img loading=\"lazy\" decoding=\"async\" class=\"image content-image image_placeholder\" src=\"https:\/\/tn.com.ar\/resizer\/v2\/antonela-en-azul-y-con-una-importante-joya-de-tiffany-foto-instagramantonelaroccuzzo-OXREHTUWYJCBRBMO6JT3FRQZO4.jpg?auth=0f31e4f6d2a6b207560e998c8d16687ec26536f60fd9bd5e4fed9cd82c348578&amp;width=767\" alt=\"Antonela en azul y con una importante joya de Tiffany (Foto: Instagram\/antonelaroccuzzo)\" width=\"767\" height=\"1023\" data-testid=\"loading-testid\" \/><\/picture><\/div><figcaption class=\"caption_image\" data-testid=\"figcaption-testid\">\n<div class=\"image_caption \">Antonela en azul y con una importante joya de Tiffany (Foto: Instagram\/antonelaroccuzzo)<\/div>\n<\/figcaption><\/figure>\n","protected":false},"excerpt":{"rendered":"<p>Se fotografi\u00f3 con un modelo amarillo pastel y blanco y sus fans le enviaron emojis de fueguitos. Antonela Roccuzzo\u00a0marca tendencia en todas sus facetas. Ya sea en elegantes eventos, de entrecasa, con looks\u00a0sporty\u00a0o de alto verano, todos sus\u00a0outfits\u00a0generan furor en redes sociales, donde es referente de moda. Ahora,\u00a0Madame Messi\u00a0comparti\u00f3 con sus seguidores de Instagram una [&hellip;]<\/p>\n","protected":false},"author":1,"featured_media":15927,"comment_status":"open","ping_status":"open","sticky":false,"template":"","format":"standard","meta":{"rop_custom_images_group":[],"rop_custom_messages_group":[],"rop_publish_now":"initial","rop_publish_now_accounts":[],"rop_publish_now_history":[],"rop_publish_now_status":"pending","footnotes":"","jetpack_publicize_message":"","jetpack_publicize_feature_enabled":true,"jetpack_social_post_already_shared":true,"jetpack_social_options":{"image_generator_settings":{"template":"highway","enabled":false},"version":2}},"categories":[14],"tags":[],"class_list":{"0":"post-15926","1":"post","2":"type-post","3":"status-publish","4":"format-standard","5":"has-post-thumbnail","7":"category-chica-hot"},"jetpack_publicize_connections":[],"yoast_head":"<!-- This site is optimized with the Yoast SEO plugin v27.3 - https:\/\/yoast.com\/product\/yoast-seo-wordpress\/ -->\n<title>Antonela Roccuzzo encendi\u00f3 las redes en microbikini bicolor cavada desde Miami: \u201cArranc\u00f3 el veranito\u201d - CLAN ESPECTACULOS<\/title>\n<meta name=\"robots\" content=\"index, follow, max-snippet:-1, max-image-preview:large, max-video-preview:-1\" \/>\n<link rel=\"canonical\" href=\"https:\/\/radioclanfm.com\/clanespectaculos\/antonela-roccuzzo-encendio-las-redes-en-microbikini-bicolor-cavada-desde-miami-arranco-el-veranito\/\" \/>\n<meta property=\"og:locale\" content=\"es_ES\" \/>\n<meta property=\"og:type\" content=\"article\" \/>\n<meta property=\"og:title\" content=\"Antonela Roccuzzo encendi\u00f3 las redes en microbikini bicolor cavada desde Miami: \u201cArranc\u00f3 el veranito\u201d - CLAN ESPECTACULOS\" \/>\n<meta property=\"og:description\" content=\"Se fotografi\u00f3 con un modelo amarillo pastel y blanco y sus fans le enviaron emojis de fueguitos. Antonela Roccuzzo\u00a0marca tendencia en todas sus facetas. Ya sea en elegantes eventos, de entrecasa, con looks\u00a0sporty\u00a0o de alto verano, todos sus\u00a0outfits\u00a0generan furor en redes sociales, donde es referente de moda. Ahora,\u00a0Madame Messi\u00a0comparti\u00f3 con sus seguidores de Instagram una [&hellip;]\" \/>\n<meta property=\"og:url\" content=\"https:\/\/radioclanfm.com\/clanespectaculos\/antonela-roccuzzo-encendio-las-redes-en-microbikini-bicolor-cavada-desde-miami-arranco-el-veranito\/\" \/>\n<meta property=\"og:site_name\" content=\"CLAN ESPECTACULOS\" \/>\n<meta property=\"article:publisher\" content=\"https:\/\/www.facebook.com\/clanespectaculos\/\" \/>\n<meta property=\"article:published_time\" content=\"2026-04-28T00:19:59+00:00\" \/>\n<meta property=\"og:image\" content=\"https:\/\/radioclanfm.com\/clanespectaculos\/wp-content\/uploads\/sites\/2\/2026\/04\/LSOGEX_J.jpg\" \/>\n\t<meta property=\"og:image:width\" content=\"900\" \/>\n\t<meta property=\"og:image:height\" content=\"506\" \/>\n\t<meta property=\"og:image:type\" content=\"image\/jpeg\" \/>\n<meta name=\"author\" content=\"E-GRUPOCLAN\" \/>\n<meta name=\"twitter:card\" content=\"summary_large_image\" \/>\n<meta name=\"twitter:creator\" content=\"@clanespectok\" \/>\n<meta name=\"twitter:site\" content=\"@clanespectok\" \/>\n<meta name=\"twitter:label1\" content=\"Escrito por\" \/>\n\t<meta name=\"twitter:data1\" content=\"E-GRUPOCLAN\" \/>\n\t<meta name=\"twitter:label2\" content=\"Tiempo de lectura\" \/>\n\t<meta name=\"twitter:data2\" content=\"5 minutos\" \/>\n<script type=\"application\/ld+json\" class=\"yoast-schema-graph\">{\"@context\":\"https:\\\/\\\/schema.org\",\"@graph\":[{\"@type\":\"Article\",\"@id\":\"https:\\\/\\\/radioclanfm.com\\\/clanespectaculos\\\/antonela-roccuzzo-encendio-las-redes-en-microbikini-bicolor-cavada-desde-miami-arranco-el-veranito\\\/#article\",\"isPartOf\":{\"@id\":\"https:\\\/\\\/radioclanfm.com\\\/clanespectaculos\\\/antonela-roccuzzo-encendio-las-redes-en-microbikini-bicolor-cavada-desde-miami-arranco-el-veranito\\\/\"},\"author\":{\"name\":\"E-GRUPOCLAN\",\"@id\":\"https:\\\/\\\/radioclanfm.com\\\/clanespectaculos\\\/#\\\/schema\\\/person\\\/9734813083303230f3ad84d99171b20c\"},\"headline\":\"Antonela Roccuzzo encendi\u00f3 las redes en microbikini bicolor cavada desde Miami: \u201cArranc\u00f3 el veranito\u201d\",\"datePublished\":\"2026-04-28T00:19:59+00:00\",\"mainEntityOfPage\":{\"@id\":\"https:\\\/\\\/radioclanfm.com\\\/clanespectaculos\\\/antonela-roccuzzo-encendio-las-redes-en-microbikini-bicolor-cavada-desde-miami-arranco-el-veranito\\\/\"},\"wordCount\":674,\"commentCount\":0,\"publisher\":{\"@id\":\"https:\\\/\\\/radioclanfm.com\\\/clanespectaculos\\\/#organization\"},\"image\":{\"@id\":\"https:\\\/\\\/radioclanfm.com\\\/clanespectaculos\\\/antonela-roccuzzo-encendio-las-redes-en-microbikini-bicolor-cavada-desde-miami-arranco-el-veranito\\\/#primaryimage\"},\"thumbnailUrl\":\"https:\\\/\\\/radioclanfm.com\\\/clanespectaculos\\\/wp-content\\\/uploads\\\/sites\\\/2\\\/2026\\\/04\\\/LSOGEX_J.jpg\",\"articleSection\":[\"CHICA HOT\"],\"inLanguage\":\"es-AR\",\"potentialAction\":[{\"@type\":\"CommentAction\",\"name\":\"Comment\",\"target\":[\"https:\\\/\\\/radioclanfm.com\\\/clanespectaculos\\\/antonela-roccuzzo-encendio-las-redes-en-microbikini-bicolor-cavada-desde-miami-arranco-el-veranito\\\/#respond\"]}]},{\"@type\":\"WebPage\",\"@id\":\"https:\\\/\\\/radioclanfm.com\\\/clanespectaculos\\\/antonela-roccuzzo-encendio-las-redes-en-microbikini-bicolor-cavada-desde-miami-arranco-el-veranito\\\/\",\"url\":\"https:\\\/\\\/radioclanfm.com\\\/clanespectaculos\\\/antonela-roccuzzo-encendio-las-redes-en-microbikini-bicolor-cavada-desde-miami-arranco-el-veranito\\\/\",\"name\":\"Antonela Roccuzzo encendi\u00f3 las redes en microbikini bicolor cavada desde Miami: \u201cArranc\u00f3 el veranito\u201d - CLAN ESPECTACULOS\",\"isPartOf\":{\"@id\":\"https:\\\/\\\/radioclanfm.com\\\/clanespectaculos\\\/#website\"},\"primaryImageOfPage\":{\"@id\":\"https:\\\/\\\/radioclanfm.com\\\/clanespectaculos\\\/antonela-roccuzzo-encendio-las-redes-en-microbikini-bicolor-cavada-desde-miami-arranco-el-veranito\\\/#primaryimage\"},\"image\":{\"@id\":\"https:\\\/\\\/radioclanfm.com\\\/clanespectaculos\\\/antonela-roccuzzo-encendio-las-redes-en-microbikini-bicolor-cavada-desde-miami-arranco-el-veranito\\\/#primaryimage\"},\"thumbnailUrl\":\"https:\\\/\\\/radioclanfm.com\\\/clanespectaculos\\\/wp-content\\\/uploads\\\/sites\\\/2\\\/2026\\\/04\\\/LSOGEX_J.jpg\",\"datePublished\":\"2026-04-28T00:19:59+00:00\",\"breadcrumb\":{\"@id\":\"https:\\\/\\\/radioclanfm.com\\\/clanespectaculos\\\/antonela-roccuzzo-encendio-las-redes-en-microbikini-bicolor-cavada-desde-miami-arranco-el-veranito\\\/#breadcrumb\"},\"inLanguage\":\"es-AR\",\"potentialAction\":[{\"@type\":\"ReadAction\",\"target\":[\"https:\\\/\\\/radioclanfm.com\\\/clanespectaculos\\\/antonela-roccuzzo-encendio-las-redes-en-microbikini-bicolor-cavada-desde-miami-arranco-el-veranito\\\/\"]}]},{\"@type\":\"ImageObject\",\"inLanguage\":\"es-AR\",\"@id\":\"https:\\\/\\\/radioclanfm.com\\\/clanespectaculos\\\/antonela-roccuzzo-encendio-las-redes-en-microbikini-bicolor-cavada-desde-miami-arranco-el-veranito\\\/#primaryimage\",\"url\":\"https:\\\/\\\/radioclanfm.com\\\/clanespectaculos\\\/wp-content\\\/uploads\\\/sites\\\/2\\\/2026\\\/04\\\/LSOGEX_J.jpg\",\"contentUrl\":\"https:\\\/\\\/radioclanfm.com\\\/clanespectaculos\\\/wp-content\\\/uploads\\\/sites\\\/2\\\/2026\\\/04\\\/LSOGEX_J.jpg\",\"width\":900,\"height\":506},{\"@type\":\"BreadcrumbList\",\"@id\":\"https:\\\/\\\/radioclanfm.com\\\/clanespectaculos\\\/antonela-roccuzzo-encendio-las-redes-en-microbikini-bicolor-cavada-desde-miami-arranco-el-veranito\\\/#breadcrumb\",\"itemListElement\":[{\"@type\":\"ListItem\",\"position\":1,\"name\":\"Inicio\",\"item\":\"https:\\\/\\\/radioclanfm.com\\\/clanespectaculos\\\/\"},{\"@type\":\"ListItem\",\"position\":2,\"name\":\"Antonela Roccuzzo encendi\u00f3 las redes en microbikini bicolor cavada desde Miami: \u201cArranc\u00f3 el veranito\u201d\"}]},{\"@type\":\"WebSite\",\"@id\":\"https:\\\/\\\/radioclanfm.com\\\/clanespectaculos\\\/#website\",\"url\":\"https:\\\/\\\/radioclanfm.com\\\/clanespectaculos\\\/\",\"name\":\"CLAN ESPECTACULOS\",\"description\":\"\",\"publisher\":{\"@id\":\"https:\\\/\\\/radioclanfm.com\\\/clanespectaculos\\\/#organization\"},\"potentialAction\":[{\"@type\":\"SearchAction\",\"target\":{\"@type\":\"EntryPoint\",\"urlTemplate\":\"https:\\\/\\\/radioclanfm.com\\\/clanespectaculos\\\/?s={search_term_string}\"},\"query-input\":{\"@type\":\"PropertyValueSpecification\",\"valueRequired\":true,\"valueName\":\"search_term_string\"}}],\"inLanguage\":\"es-AR\"},{\"@type\":\"Organization\",\"@id\":\"https:\\\/\\\/radioclanfm.com\\\/clanespectaculos\\\/#organization\",\"name\":\"CLAN ESPECTACULOS\",\"url\":\"https:\\\/\\\/radioclanfm.com\\\/clanespectaculos\\\/\",\"logo\":{\"@type\":\"ImageObject\",\"inLanguage\":\"es-AR\",\"@id\":\"https:\\\/\\\/radioclanfm.com\\\/clanespectaculos\\\/#\\\/schema\\\/logo\\\/image\\\/\",\"url\":\"https:\\\/\\\/radioclanfm.com\\\/clanespectaculos\\\/wp-content\\\/uploads\\\/sites\\\/2\\\/2026\\\/04\\\/ChatGPT-Image-23-mar-2026-10_09_00.png\",\"contentUrl\":\"https:\\\/\\\/radioclanfm.com\\\/clanespectaculos\\\/wp-content\\\/uploads\\\/sites\\\/2\\\/2026\\\/04\\\/ChatGPT-Image-23-mar-2026-10_09_00.png\",\"width\":1024,\"height\":1024,\"caption\":\"CLAN ESPECTACULOS\"},\"image\":{\"@id\":\"https:\\\/\\\/radioclanfm.com\\\/clanespectaculos\\\/#\\\/schema\\\/logo\\\/image\\\/\"},\"sameAs\":[\"https:\\\/\\\/www.facebook.com\\\/clanespectaculos\\\/\",\"https:\\\/\\\/x.com\\\/clanespectok\"]},{\"@type\":\"Person\",\"@id\":\"https:\\\/\\\/radioclanfm.com\\\/clanespectaculos\\\/#\\\/schema\\\/person\\\/9734813083303230f3ad84d99171b20c\",\"name\":\"E-GRUPOCLAN\",\"image\":{\"@type\":\"ImageObject\",\"inLanguage\":\"es-AR\",\"@id\":\"https:\\\/\\\/secure.gravatar.com\\\/avatar\\\/af6e19837c3d6a212034a48c7b3818d2ac1826f6025df0155da5a186ad321d79?s=96&d=mm&r=g\",\"url\":\"https:\\\/\\\/secure.gravatar.com\\\/avatar\\\/af6e19837c3d6a212034a48c7b3818d2ac1826f6025df0155da5a186ad321d79?s=96&d=mm&r=g\",\"contentUrl\":\"https:\\\/\\\/secure.gravatar.com\\\/avatar\\\/af6e19837c3d6a212034a48c7b3818d2ac1826f6025df0155da5a186ad321d79?s=96&d=mm&r=g\",\"caption\":\"E-GRUPOCLAN\"},\"sameAs\":[\"https:\\\/\\\/radioclanfm.com\"],\"url\":\"https:\\\/\\\/radioclanfm.com\\\/clanespectaculos\\\/author\\\/admin\\\/\"}]}<\/script>\n<!-- \/ Yoast SEO plugin. -->","yoast_head_json":{"title":"Antonela Roccuzzo encendi\u00f3 las redes en microbikini bicolor cavada desde Miami: \u201cArranc\u00f3 el veranito\u201d - CLAN ESPECTACULOS","robots":{"index":"index","follow":"follow","max-snippet":"max-snippet:-1","max-image-preview":"max-image-preview:large","max-video-preview":"max-video-preview:-1"},"canonical":"https:\/\/radioclanfm.com\/clanespectaculos\/antonela-roccuzzo-encendio-las-redes-en-microbikini-bicolor-cavada-desde-miami-arranco-el-veranito\/","og_locale":"es_ES","og_type":"article","og_title":"Antonela Roccuzzo encendi\u00f3 las redes en microbikini bicolor cavada desde Miami: \u201cArranc\u00f3 el veranito\u201d - CLAN ESPECTACULOS","og_description":"Se fotografi\u00f3 con un modelo amarillo pastel y blanco y sus fans le enviaron emojis de fueguitos. Antonela Roccuzzo\u00a0marca tendencia en todas sus facetas. Ya sea en elegantes eventos, de entrecasa, con looks\u00a0sporty\u00a0o de alto verano, todos sus\u00a0outfits\u00a0generan furor en redes sociales, donde es referente de moda. Ahora,\u00a0Madame Messi\u00a0comparti\u00f3 con sus seguidores de Instagram una [&hellip;]","og_url":"https:\/\/radioclanfm.com\/clanespectaculos\/antonela-roccuzzo-encendio-las-redes-en-microbikini-bicolor-cavada-desde-miami-arranco-el-veranito\/","og_site_name":"CLAN ESPECTACULOS","article_publisher":"https:\/\/www.facebook.com\/clanespectaculos\/","article_published_time":"2026-04-28T00:19:59+00:00","og_image":[{"width":900,"height":506,"url":"https:\/\/radioclanfm.com\/clanespectaculos\/wp-content\/uploads\/sites\/2\/2026\/04\/LSOGEX_J.jpg","type":"image\/jpeg"}],"author":"E-GRUPOCLAN","twitter_card":"summary_large_image","twitter_creator":"@clanespectok","twitter_site":"@clanespectok","twitter_misc":{"Escrito por":"E-GRUPOCLAN","Tiempo de lectura":"5 minutos"},"schema":{"@context":"https:\/\/schema.org","@graph":[{"@type":"Article","@id":"https:\/\/radioclanfm.com\/clanespectaculos\/antonela-roccuzzo-encendio-las-redes-en-microbikini-bicolor-cavada-desde-miami-arranco-el-veranito\/#article","isPartOf":{"@id":"https:\/\/radioclanfm.com\/clanespectaculos\/antonela-roccuzzo-encendio-las-redes-en-microbikini-bicolor-cavada-desde-miami-arranco-el-veranito\/"},"author":{"name":"E-GRUPOCLAN","@id":"https:\/\/radioclanfm.com\/clanespectaculos\/#\/schema\/person\/9734813083303230f3ad84d99171b20c"},"headline":"Antonela Roccuzzo encendi\u00f3 las redes en microbikini bicolor cavada desde Miami: \u201cArranc\u00f3 el veranito\u201d","datePublished":"2026-04-28T00:19:59+00:00","mainEntityOfPage":{"@id":"https:\/\/radioclanfm.com\/clanespectaculos\/antonela-roccuzzo-encendio-las-redes-en-microbikini-bicolor-cavada-desde-miami-arranco-el-veranito\/"},"wordCount":674,"commentCount":0,"publisher":{"@id":"https:\/\/radioclanfm.com\/clanespectaculos\/#organization"},"image":{"@id":"https:\/\/radioclanfm.com\/clanespectaculos\/antonela-roccuzzo-encendio-las-redes-en-microbikini-bicolor-cavada-desde-miami-arranco-el-veranito\/#primaryimage"},"thumbnailUrl":"https:\/\/radioclanfm.com\/clanespectaculos\/wp-content\/uploads\/sites\/2\/2026\/04\/LSOGEX_J.jpg","articleSection":["CHICA HOT"],"inLanguage":"es-AR","potentialAction":[{"@type":"CommentAction","name":"Comment","target":["https:\/\/radioclanfm.com\/clanespectaculos\/antonela-roccuzzo-encendio-las-redes-en-microbikini-bicolor-cavada-desde-miami-arranco-el-veranito\/#respond"]}]},{"@type":"WebPage","@id":"https:\/\/radioclanfm.com\/clanespectaculos\/antonela-roccuzzo-encendio-las-redes-en-microbikini-bicolor-cavada-desde-miami-arranco-el-veranito\/","url":"https:\/\/radioclanfm.com\/clanespectaculos\/antonela-roccuzzo-encendio-las-redes-en-microbikini-bicolor-cavada-desde-miami-arranco-el-veranito\/","name":"Antonela Roccuzzo encendi\u00f3 las redes en microbikini bicolor cavada desde Miami: \u201cArranc\u00f3 el veranito\u201d - CLAN ESPECTACULOS","isPartOf":{"@id":"https:\/\/radioclanfm.com\/clanespectaculos\/#website"},"primaryImageOfPage":{"@id":"https:\/\/radioclanfm.com\/clanespectaculos\/antonela-roccuzzo-encendio-las-redes-en-microbikini-bicolor-cavada-desde-miami-arranco-el-veranito\/#primaryimage"},"image":{"@id":"https:\/\/radioclanfm.com\/clanespectaculos\/antonela-roccuzzo-encendio-las-redes-en-microbikini-bicolor-cavada-desde-miami-arranco-el-veranito\/#primaryimage"},"thumbnailUrl":"https:\/\/radioclanfm.com\/clanespectaculos\/wp-content\/uploads\/sites\/2\/2026\/04\/LSOGEX_J.jpg","datePublished":"2026-04-28T00:19:59+00:00","breadcrumb":{"@id":"https:\/\/radioclanfm.com\/clanespectaculos\/antonela-roccuzzo-encendio-las-redes-en-microbikini-bicolor-cavada-desde-miami-arranco-el-veranito\/#breadcrumb"},"inLanguage":"es-AR","potentialAction":[{"@type":"ReadAction","target":["https:\/\/radioclanfm.com\/clanespectaculos\/antonela-roccuzzo-encendio-las-redes-en-microbikini-bicolor-cavada-desde-miami-arranco-el-veranito\/"]}]},{"@type":"ImageObject","inLanguage":"es-AR","@id":"https:\/\/radioclanfm.com\/clanespectaculos\/antonela-roccuzzo-encendio-las-redes-en-microbikini-bicolor-cavada-desde-miami-arranco-el-veranito\/#primaryimage","url":"https:\/\/radioclanfm.com\/clanespectaculos\/wp-content\/uploads\/sites\/2\/2026\/04\/LSOGEX_J.jpg","contentUrl":"https:\/\/radioclanfm.com\/clanespectaculos\/wp-content\/uploads\/sites\/2\/2026\/04\/LSOGEX_J.jpg","width":900,"height":506},{"@type":"BreadcrumbList","@id":"https:\/\/radioclanfm.com\/clanespectaculos\/antonela-roccuzzo-encendio-las-redes-en-microbikini-bicolor-cavada-desde-miami-arranco-el-veranito\/#breadcrumb","itemListElement":[{"@type":"ListItem","position":1,"name":"Inicio","item":"https:\/\/radioclanfm.com\/clanespectaculos\/"},{"@type":"ListItem","position":2,"name":"Antonela Roccuzzo encendi\u00f3 las redes en microbikini bicolor cavada desde Miami: \u201cArranc\u00f3 el veranito\u201d"}]},{"@type":"WebSite","@id":"https:\/\/radioclanfm.com\/clanespectaculos\/#website","url":"https:\/\/radioclanfm.com\/clanespectaculos\/","name":"CLAN ESPECTACULOS","description":"","publisher":{"@id":"https:\/\/radioclanfm.com\/clanespectaculos\/#organization"},"potentialAction":[{"@type":"SearchAction","target":{"@type":"EntryPoint","urlTemplate":"https:\/\/radioclanfm.com\/clanespectaculos\/?s={search_term_string}"},"query-input":{"@type":"PropertyValueSpecification","valueRequired":true,"valueName":"search_term_string"}}],"inLanguage":"es-AR"},{"@type":"Organization","@id":"https:\/\/radioclanfm.com\/clanespectaculos\/#organization","name":"CLAN ESPECTACULOS","url":"https:\/\/radioclanfm.com\/clanespectaculos\/","logo":{"@type":"ImageObject","inLanguage":"es-AR","@id":"https:\/\/radioclanfm.com\/clanespectaculos\/#\/schema\/logo\/image\/","url":"https:\/\/radioclanfm.com\/clanespectaculos\/wp-content\/uploads\/sites\/2\/2026\/04\/ChatGPT-Image-23-mar-2026-10_09_00.png","contentUrl":"https:\/\/radioclanfm.com\/clanespectaculos\/wp-content\/uploads\/sites\/2\/2026\/04\/ChatGPT-Image-23-mar-2026-10_09_00.png","width":1024,"height":1024,"caption":"CLAN ESPECTACULOS"},"image":{"@id":"https:\/\/radioclanfm.com\/clanespectaculos\/#\/schema\/logo\/image\/"},"sameAs":["https:\/\/www.facebook.com\/clanespectaculos\/","https:\/\/x.com\/clanespectok"]},{"@type":"Person","@id":"https:\/\/radioclanfm.com\/clanespectaculos\/#\/schema\/person\/9734813083303230f3ad84d99171b20c","name":"E-GRUPOCLAN","image":{"@type":"ImageObject","inLanguage":"es-AR","@id":"https:\/\/secure.gravatar.com\/avatar\/af6e19837c3d6a212034a48c7b3818d2ac1826f6025df0155da5a186ad321d79?s=96&d=mm&r=g","url":"https:\/\/secure.gravatar.com\/avatar\/af6e19837c3d6a212034a48c7b3818d2ac1826f6025df0155da5a186ad321d79?s=96&d=mm&r=g","contentUrl":"https:\/\/secure.gravatar.com\/avatar\/af6e19837c3d6a212034a48c7b3818d2ac1826f6025df0155da5a186ad321d79?s=96&d=mm&r=g","caption":"E-GRUPOCLAN"},"sameAs":["https:\/\/radioclanfm.com"],"url":"https:\/\/radioclanfm.com\/clanespectaculos\/author\/admin\/"}]}},"_links":{"self":[{"href":"https:\/\/radioclanfm.com\/clanespectaculos\/wp-json\/wp\/v2\/posts\/15926","targetHints":{"allow":["GET"]}}],"collection":[{"href":"https:\/\/radioclanfm.com\/clanespectaculos\/wp-json\/wp\/v2\/posts"}],"about":[{"href":"https:\/\/radioclanfm.com\/clanespectaculos\/wp-json\/wp\/v2\/types\/post"}],"author":[{"embeddable":true,"href":"https:\/\/radioclanfm.com\/clanespectaculos\/wp-json\/wp\/v2\/users\/1"}],"replies":[{"embeddable":true,"href":"https:\/\/radioclanfm.com\/clanespectaculos\/wp-json\/wp\/v2\/comments?post=15926"}],"version-history":[{"count":1,"href":"https:\/\/radioclanfm.com\/clanespectaculos\/wp-json\/wp\/v2\/posts\/15926\/revisions"}],"predecessor-version":[{"id":15928,"href":"https:\/\/radioclanfm.com\/clanespectaculos\/wp-json\/wp\/v2\/posts\/15926\/revisions\/15928"}],"wp:featuredmedia":[{"embeddable":true,"href":"https:\/\/radioclanfm.com\/clanespectaculos\/wp-json\/wp\/v2\/media\/15927"}],"wp:attachment":[{"href":"https:\/\/radioclanfm.com\/clanespectaculos\/wp-json\/wp\/v2\/media?parent=15926"}],"wp:term":[{"taxonomy":"category","embeddable":true,"href":"https:\/\/radioclanfm.com\/clanespectaculos\/wp-json\/wp\/v2\/categories?post=15926"},{"taxonomy":"post_tag","embeddable":true,"href":"https:\/\/radioclanfm.com\/clanespectaculos\/wp-json\/wp\/v2\/tags?post=15926"}],"curies":[{"name":"wp","href":"https:\/\/api.w.org\/{rel}","templated":true}]}}