{"id":15923,"date":"2026-04-27T21:18:17","date_gmt":"2026-04-28T00:18:17","guid":{"rendered":"https:\/\/radioclanfm.com\/clanespectaculos\/?p=15923"},"modified":"2026-04-27T21:18:17","modified_gmt":"2026-04-28T00:18:17","slug":"archivo-ramirez-el-libro-que-revela-el-universo-intimo-del-disenador-argentino","status":"publish","type":"post","link":"https:\/\/radioclanfm.com\/clanespectaculos\/archivo-ramirez-el-libro-que-revela-el-universo-intimo-del-disenador-argentino\/","title":{"rendered":"\u201cArchivo Ram\u00edrez\u201d: el libro que revela el universo \u00edntimo del dise\u00f1ador argentino"},"content":{"rendered":"<p>El volumen re\u00fane m\u00e1s de 700 im\u00e1genes in\u00e9ditas y ensayos que reconstruyen la obra y el universo personal de Pablo Ram\u00edrez desde adentro.<\/p>\n<div class=\"col-content\"><main class=\"col-content\"><\/p>\n<div class=\"default-article-color article__body article__article\">\n<p class=\"paragraph font__body-regular\">En tiempos donde la moda se consume a velocidad de scroll,\u00a0<i><b>Archivo Ram\u00edrez<\/b><\/i>\u00a0propone lo contrario: detenerse. Mirar. Leer. Volver sobre los procesos. El nuevo libro dedicado a\u00a0<b>Pablo Ram\u00edrez<\/b>\u00a0no es un cat\u00e1logo ni un coffee table book; es, como lo definen sus propios autores,<b>\u00a0un archivo vivo.<\/b><\/p>\n<div id=\"ad-slot-infeed\" class=\"infeed-container ad-slot-infeed ad-slot\" data-adtype=\"infeed\" data-lazyload=\"1\" data-google-query-id=\"COHJlMOij5QDFc5XuAQd9qovdw\">\n<div id=\"google_ads_iframe_\/113951150\/tn-arc\/nota\/infeed_0__container__\"><\/div>\n<\/div>\n<p class=\"paragraph font__body-regular\">La publicaci\u00f3n \u2014editada por Fundaci\u00f3n Medif\u00e9 Edita\u2014 re\u00fane m\u00e1s de<b>\u00a0700 im\u00e1genes in\u00e9ditas<\/b>\u00a0que recorren la trastienda de uno de los dise\u00f1adores m\u00e1s influyentes del pa\u00eds. Hay\u00a0<b>figurines, bocetos, cuadernos personales, fichas t\u00e9cnicas, \u00e1lbumes familiares, correspondencia, registros de desfiles y hasta fashion films<\/b>. Un mapa visual donde la vida y el trabajo se entrelazan sin fronteras.<\/p>\n<div class=\"story-list\" data-mrf-recirculation=\"IL_RNrGCM52Q_ui4aMax3fibg\" data-testid=\"text-html\" data-mrf-experience=\"IL_RNrGCM52Q_ui4aMax3fibg\">\n<article class=\"card__container card__horizontal\">\n<div class=\"card__body\">\n<header>\n<h3 class=\"card__headline font__display\"><\/h3>\n<\/header>\n<\/div>\n<\/article>\n<\/div>\n<p class=\"paragraph font__body-regular\">\u201c<b>Mi \u00fanico sue\u00f1o en la vida ha sido la belleza<\/b>\u201d, dice Ram\u00edrez. Y esa b\u00fasqueda \u2014persistente, casi obsesiva\u2014 atraviesa cada p\u00e1gina.<\/p>\n<div class=\"genoa_video raw relative vertical\">\n<div class=\"video_placeholder vertical\">\n<div class=\"aspect_ratio__container\"><picture class=\"responsive-image\"><source srcset=\"https:\/\/tn.com.ar\/resizer\/v2\/https%3A%2F%2Fthumbs.vodgc.net%2F1-398-0cZYmu1777301684551_720P.jpg?auth=121ee8a6bf554f0a8423606ce04e683aec252f202ca627b566989b28d2be3af1&amp;width=767\" type=\"image\/jpg\" media=\"(max-width: 728px)\" \/><source srcset=\"https:\/\/tn.com.ar\/resizer\/v2\/https%3A%2F%2Fthumbs.vodgc.net%2F1-398-0cZYmu1777301684551_720P.jpg?auth=121ee8a6bf554f0a8423606ce04e683aec252f202ca627b566989b28d2be3af1&amp;width=1023\" type=\"image\/jpg\" media=\"(max-width: 1023px)\" \/><source srcset=\"https:\/\/tn.com.ar\/resizer\/v2\/https%3A%2F%2Fthumbs.vodgc.net%2F1-398-0cZYmu1777301684551_720P.jpg?auth=121ee8a6bf554f0a8423606ce04e683aec252f202ca627b566989b28d2be3af1&amp;width=1440\" type=\"image\/jpg\" \/><\/picture><\/div>\n<p><button type=\"button\" data-testid=\"video-placeholder-button\"><\/button><\/div>\n<\/div>\n<div class=\"genoa_description font__body-regular\">Un libro \u00edntimo que guarda la historia viva de dise\u00f1ador<\/div>\n<h2 class=\"font--primary font__display\">El archivo como territorio creativo<\/h2>\n<p class=\"paragraph font__body-regular\">La investigaci\u00f3n fue coordinada por Daniela Lucena, quien tambi\u00e9n firma el texto introductorio. Su enfoque propone pensar el archivo no solo como un reservorio de materiales, sino como\u00a0<b>un espacio afectivo y una herramienta clave para entender la historia cultural argentina.<\/b><\/p>\n<p class=\"paragraph font__body-regular\">A lo largo del libro, distintos ensayos funcionan como<b>\u00a0puertas de entrada al universo Ram\u00edrez.<\/b>\u00a0Facundo Abal lo lee desde la idea de resistencia; Marcelo Marino explora c\u00f3mo traduce el pasado en clave contempor\u00e1nea; y Agustina Fern\u00e1ndez analiza la multiplicidad de su obra, que se expande como una red en constante transformaci\u00f3n.<\/p>\n<figure class=\"\" data-testid=\"figure-testid\">\n<div class=\"aspect_ratio__container\"><picture class=\"responsive-image\"><source srcset=\"https:\/\/tn.com.ar\/resizer\/v2\/no-es-un-catalogo-el-libro-que-muestra-todo-lo-que-pablo-ramirez-nunca-habia-mostrado-foto-boceto-de-ramirezdenegro-DQ4GZRYN55EBJDHNUMPNQYAKLU.jpg?auth=6f2640c6a5660445d3feab5f4e428bc12f9a014688faf54b559fcb7de5869dbc&amp;width=767\" type=\"image\/jpg\" media=\"(max-width: 728px)\" \/><source srcset=\"https:\/\/tn.com.ar\/resizer\/v2\/no-es-un-catalogo-el-libro-que-muestra-todo-lo-que-pablo-ramirez-nunca-habia-mostrado-foto-boceto-de-ramirezdenegro-DQ4GZRYN55EBJDHNUMPNQYAKLU.jpg?auth=6f2640c6a5660445d3feab5f4e428bc12f9a014688faf54b559fcb7de5869dbc&amp;width=1023\" type=\"image\/jpg\" media=\"(max-width: 1023px)\" \/><source srcset=\"https:\/\/tn.com.ar\/resizer\/v2\/no-es-un-catalogo-el-libro-que-muestra-todo-lo-que-pablo-ramirez-nunca-habia-mostrado-foto-boceto-de-ramirezdenegro-DQ4GZRYN55EBJDHNUMPNQYAKLU.jpg?auth=6f2640c6a5660445d3feab5f4e428bc12f9a014688faf54b559fcb7de5869dbc&amp;width=1440\" type=\"image\/jpg\" \/><img loading=\"lazy\" decoding=\"async\" class=\"image content-image image_placeholder\" src=\"https:\/\/tn.com.ar\/resizer\/v2\/no-es-un-catalogo-el-libro-que-muestra-todo-lo-que-pablo-ramirez-nunca-habia-mostrado-foto-boceto-de-ramirezdenegro-DQ4GZRYN55EBJDHNUMPNQYAKLU.jpg?auth=6f2640c6a5660445d3feab5f4e428bc12f9a014688faf54b559fcb7de5869dbc&amp;width=767\" alt=\"No es un cat\u00e1logo: el libro que muestra todo lo que Pablo Ram\u00edrez nunca hab\u00eda mostrado (Foto: boceto de @ramirezdenegro)\" width=\"767\" height=\"1079\" data-testid=\"loading-testid\" \/><\/picture><\/div><figcaption class=\"caption_image\" data-testid=\"figcaption-testid\">\n<div class=\"image_caption \">No es un cat\u00e1logo: el libro que muestra todo lo que Pablo Ram\u00edrez nunca hab\u00eda mostrado (Foto: boceto de @ramirezdenegro)<\/div>\n<\/figcaption><\/figure>\n<p class=\"paragraph font__body-regular\">El cap\u00edtulo dedicado al dise\u00f1o, a cargo de Sebasti\u00e1n Rodr\u00edguez, pone el foco en el gesto:\u00a0<b>el trazo, la mano, el dibujo como origen de todo.<\/b>\u00a0Porque en Ram\u00edrez, antes que prenda, hay idea. Y antes que idea, hay intuici\u00f3n.<\/p>\n<h2 class=\"font--primary font__display\">M\u00e1s all\u00e1 de la moda<\/h2>\n<p class=\"paragraph font__body-regular\">El libro tambi\u00e9n suma nuevas lecturas sobre la<b>\u00a0trayectoria<\/b>\u00a0del dise\u00f1ador a partir de textos revisitados por Victoria Lescano, Ana Torrej\u00f3n y Felisa Pinto, que aportan una mirada actualizada sobre su obra.<\/p>\n<p class=\"paragraph font__body-regular\">Lejos de quedarse en la superficie est\u00e9tica, Archivo Ram\u00edrez abre preguntas m\u00e1s amplias: sobre<b>\u00a0la identidad, la belleza, el paso del tiempo y las transformaciones de la industria de la moda<\/b>\u00a0en las \u00faltimas d\u00e9cadas.<\/p>\n<figure class=\"\" data-testid=\"figure-testid\">\n<div class=\"aspect_ratio__container\"><picture class=\"responsive-image\"><source srcset=\"https:\/\/tn.com.ar\/resizer\/v2\/asi-es-el-universo-oculto-de-pablo-ramirez-700-imagenes-que-cuentan-su-historia-foto-ramirezdenegr0-C7IUYOLK7JHQFD7GIFH4GC5ADQ.jpg?auth=f93f1cb1bd64dbd627874f1d5a7802962751ccdfdd3a47cb0254ae4961cc2a64&amp;width=767\" type=\"image\/jpg\" media=\"(max-width: 728px)\" \/><source srcset=\"https:\/\/tn.com.ar\/resizer\/v2\/asi-es-el-universo-oculto-de-pablo-ramirez-700-imagenes-que-cuentan-su-historia-foto-ramirezdenegr0-C7IUYOLK7JHQFD7GIFH4GC5ADQ.jpg?auth=f93f1cb1bd64dbd627874f1d5a7802962751ccdfdd3a47cb0254ae4961cc2a64&amp;width=1023\" type=\"image\/jpg\" media=\"(max-width: 1023px)\" \/><source srcset=\"https:\/\/tn.com.ar\/resizer\/v2\/asi-es-el-universo-oculto-de-pablo-ramirez-700-imagenes-que-cuentan-su-historia-foto-ramirezdenegr0-C7IUYOLK7JHQFD7GIFH4GC5ADQ.jpg?auth=f93f1cb1bd64dbd627874f1d5a7802962751ccdfdd3a47cb0254ae4961cc2a64&amp;width=1440\" type=\"image\/jpg\" \/><img loading=\"lazy\" decoding=\"async\" class=\"image content-image image_placeholder\" src=\"https:\/\/tn.com.ar\/resizer\/v2\/asi-es-el-universo-oculto-de-pablo-ramirez-700-imagenes-que-cuentan-su-historia-foto-ramirezdenegr0-C7IUYOLK7JHQFD7GIFH4GC5ADQ.jpg?auth=f93f1cb1bd64dbd627874f1d5a7802962751ccdfdd3a47cb0254ae4961cc2a64&amp;width=767\" alt=\"As\u00ed es el universo oculto de Pablo Ram\u00edrez: 700 im\u00e1genes que cuentan su historia (Foto: @ramirezdenegr0)\" width=\"767\" height=\"767\" data-testid=\"loading-testid\" \/><\/picture><\/div><figcaption class=\"caption_image\" data-testid=\"figcaption-testid\">\n<div class=\"image_caption \">As\u00ed es el universo oculto de Pablo Ram\u00edrez: 700 im\u00e1genes que cuentan su historia (Foto: @ramirezdenegr0)<\/div>\n<\/figcaption><\/figure>\n<p class=\"paragraph font__body-regular\">En ese sentido, el libro tambi\u00e9n funciona como documento de \u00e9poca. Un registro que permite entender<b>\u00a0c\u00f3mo se construy\u00f3 una mirada<\/b>\u00a0autoral en medio de crisis econ\u00f3micas, cambios culturales y la presi\u00f3n constante del sistema de tendencias.<\/p>\n<h3 class=\"font--primary font__display\">Un archivo que tambi\u00e9n cuida<\/h3>\n<p class=\"paragraph font__body-regular\">Desde la fundaci\u00f3n editora, el proyecto se piensa como algo m\u00e1s que una publicaci\u00f3n. \u201cEl archivo\u00a0<b>cuida la memoria y la integridad cultural<\/b>\u201d, explican. La idea de fondo: preservar no es mirar al pasado, sino activar un di\u00e1logo con el presente y el futuro.<\/p>\n<p class=\"paragraph font__body-regular\">Para el propio Ram\u00edrez,<b>\u00a0el proceso fue revelador.<\/b>\u00a0Acostumbrado a guardar \u2014desde chico\u2014 diarios, recortes y objetos sin un fin claro, ver ese material ordenado y reinterpretado por otros fue una forma de redescubrirse.<\/p>\n<figure class=\"\" data-testid=\"figure-testid\">\n<div class=\"aspect_ratio__container\"><picture class=\"responsive-image\"><source srcset=\"https:\/\/tn.com.ar\/resizer\/v2\/el-lado-mas-intimo-de-pablo-ramirez-como-nunca-se-vio-foto-ramirezdenegro-SAOCCW5SDZC75NIKJIB6TM2NL4.jpg?auth=4d94ccbaf1f3fd4b49938e541fa3283cacba3f3d952226bb8baffdef7e3234e4&amp;width=767\" type=\"image\/jpg\" media=\"(max-width: 728px)\" \/><source srcset=\"https:\/\/tn.com.ar\/resizer\/v2\/el-lado-mas-intimo-de-pablo-ramirez-como-nunca-se-vio-foto-ramirezdenegro-SAOCCW5SDZC75NIKJIB6TM2NL4.jpg?auth=4d94ccbaf1f3fd4b49938e541fa3283cacba3f3d952226bb8baffdef7e3234e4&amp;width=1023\" type=\"image\/jpg\" media=\"(max-width: 1023px)\" \/><source srcset=\"https:\/\/tn.com.ar\/resizer\/v2\/el-lado-mas-intimo-de-pablo-ramirez-como-nunca-se-vio-foto-ramirezdenegro-SAOCCW5SDZC75NIKJIB6TM2NL4.jpg?auth=4d94ccbaf1f3fd4b49938e541fa3283cacba3f3d952226bb8baffdef7e3234e4&amp;width=1440\" type=\"image\/jpg\" \/><img loading=\"lazy\" decoding=\"async\" class=\"image content-image image_placeholder\" src=\"https:\/\/tn.com.ar\/resizer\/v2\/el-lado-mas-intimo-de-pablo-ramirez-como-nunca-se-vio-foto-ramirezdenegro-SAOCCW5SDZC75NIKJIB6TM2NL4.jpg?auth=4d94ccbaf1f3fd4b49938e541fa3283cacba3f3d952226bb8baffdef7e3234e4&amp;width=767\" alt=\"El lado m\u00e1s \u00edntimo de Pablo Ram\u00edrez, como nunca se vio (Foto: @ramirezdenegro)\" width=\"767\" height=\"767\" data-testid=\"loading-testid\" \/><\/picture><\/div><figcaption class=\"caption_image\" data-testid=\"figcaption-testid\">\n<div class=\"image_caption \">El lado m\u00e1s \u00edntimo de Pablo Ram\u00edrez, como nunca se vio (Foto: @ramirezdenegro)<\/div>\n<\/figcaption><\/figure>\n<p class=\"paragraph font__body-regular\">El resultado emociona. No solo por lo que muestra, sino por lo que habilita: nuevas formas de leer una obra que, despu\u00e9s de 25 a\u00f1os, sigue expandi\u00e9ndose.<\/p>\n<p class=\"paragraph font__body-regular\">Porque si algo deja en claro<b>\u00a0<\/b><i><b>Archivo Ram\u00edrez<\/b><\/i>\u00a0es que el dise\u00f1o, cuando es aut\u00e9ntico, no se agota en la prenda. Se vuelve lenguaje. Y tambi\u00e9n memoria.<\/p>\n<\/div>\n<p><\/main><\/div>\n<aside class=\"col-right-rail right-rail\">\n<div id=\"parent-ad-slot-caja\" class=\"ad-container caja_ad \">\n<div class=\"ad-content\"><\/div>\n<\/div>\n<\/aside>\n","protected":false},"excerpt":{"rendered":"<p>El volumen re\u00fane m\u00e1s de 700 im\u00e1genes in\u00e9ditas y ensayos que reconstruyen la obra y el universo personal de Pablo Ram\u00edrez desde adentro. En tiempos donde la moda se consume a velocidad de scroll,\u00a0Archivo Ram\u00edrez\u00a0propone lo contrario: detenerse. Mirar. Leer. Volver sobre los procesos. El nuevo libro dedicado a\u00a0Pablo Ram\u00edrez\u00a0no es un cat\u00e1logo ni un [&hellip;]<\/p>\n","protected":false},"author":1,"featured_media":15924,"comment_status":"open","ping_status":"open","sticky":false,"template":"","format":"standard","meta":{"rop_custom_images_group":[],"rop_custom_messages_group":[],"rop_publish_now":"initial","rop_publish_now_accounts":[],"rop_publish_now_history":[],"rop_publish_now_status":"pending","footnotes":"","jetpack_publicize_message":"","jetpack_publicize_feature_enabled":true,"jetpack_social_post_already_shared":true,"jetpack_social_options":{"image_generator_settings":{"template":"highway","enabled":false},"version":2}},"categories":[15],"tags":[],"class_list":{"0":"post-15923","1":"post","2":"type-post","3":"status-publish","4":"format-standard","5":"has-post-thumbnail","7":"category-moda"},"jetpack_publicize_connections":[],"yoast_head":"<!-- This site is optimized with the Yoast SEO plugin v27.3 - https:\/\/yoast.com\/product\/yoast-seo-wordpress\/ -->\n<title>\u201cArchivo Ram\u00edrez\u201d: el libro que revela el universo \u00edntimo del dise\u00f1ador argentino - CLAN ESPECTACULOS<\/title>\n<meta name=\"robots\" content=\"index, follow, max-snippet:-1, max-image-preview:large, max-video-preview:-1\" \/>\n<link rel=\"canonical\" href=\"https:\/\/radioclanfm.com\/clanespectaculos\/archivo-ramirez-el-libro-que-revela-el-universo-intimo-del-disenador-argentino\/\" \/>\n<meta property=\"og:locale\" content=\"es_ES\" \/>\n<meta property=\"og:type\" content=\"article\" \/>\n<meta property=\"og:title\" content=\"\u201cArchivo Ram\u00edrez\u201d: el libro que revela el universo \u00edntimo del dise\u00f1ador argentino - CLAN ESPECTACULOS\" \/>\n<meta property=\"og:description\" content=\"El volumen re\u00fane m\u00e1s de 700 im\u00e1genes in\u00e9ditas y ensayos que reconstruyen la obra y el universo personal de Pablo Ram\u00edrez desde adentro. En tiempos donde la moda se consume a velocidad de scroll,\u00a0Archivo Ram\u00edrez\u00a0propone lo contrario: detenerse. Mirar. Leer. Volver sobre los procesos. El nuevo libro dedicado a\u00a0Pablo Ram\u00edrez\u00a0no es un cat\u00e1logo ni un [&hellip;]\" \/>\n<meta property=\"og:url\" content=\"https:\/\/radioclanfm.com\/clanespectaculos\/archivo-ramirez-el-libro-que-revela-el-universo-intimo-del-disenador-argentino\/\" \/>\n<meta property=\"og:site_name\" content=\"CLAN ESPECTACULOS\" \/>\n<meta property=\"article:publisher\" content=\"https:\/\/www.facebook.com\/clanespectaculos\/\" \/>\n<meta property=\"article:published_time\" content=\"2026-04-28T00:18:17+00:00\" \/>\n<meta property=\"og:image\" content=\"https:\/\/radioclanfm.com\/clanespectaculos\/wp-content\/uploads\/sites\/2\/2026\/04\/eERJ0kO1.jpg\" \/>\n\t<meta property=\"og:image:width\" content=\"900\" \/>\n\t<meta property=\"og:image:height\" content=\"506\" \/>\n\t<meta property=\"og:image:type\" content=\"image\/jpeg\" \/>\n<meta name=\"author\" content=\"E-GRUPOCLAN\" \/>\n<meta name=\"twitter:card\" content=\"summary_large_image\" \/>\n<meta name=\"twitter:creator\" content=\"@clanespectok\" \/>\n<meta name=\"twitter:site\" content=\"@clanespectok\" \/>\n<meta name=\"twitter:label1\" content=\"Escrito por\" \/>\n\t<meta name=\"twitter:data1\" content=\"E-GRUPOCLAN\" \/>\n\t<meta name=\"twitter:label2\" content=\"Tiempo de lectura\" \/>\n\t<meta name=\"twitter:data2\" content=\"4 minutos\" \/>\n<script type=\"application\/ld+json\" class=\"yoast-schema-graph\">{\"@context\":\"https:\\\/\\\/schema.org\",\"@graph\":[{\"@type\":\"Article\",\"@id\":\"https:\\\/\\\/radioclanfm.com\\\/clanespectaculos\\\/archivo-ramirez-el-libro-que-revela-el-universo-intimo-del-disenador-argentino\\\/#article\",\"isPartOf\":{\"@id\":\"https:\\\/\\\/radioclanfm.com\\\/clanespectaculos\\\/archivo-ramirez-el-libro-que-revela-el-universo-intimo-del-disenador-argentino\\\/\"},\"author\":{\"name\":\"E-GRUPOCLAN\",\"@id\":\"https:\\\/\\\/radioclanfm.com\\\/clanespectaculos\\\/#\\\/schema\\\/person\\\/9734813083303230f3ad84d99171b20c\"},\"headline\":\"\u201cArchivo Ram\u00edrez\u201d: el libro que revela el universo \u00edntimo del dise\u00f1ador argentino\",\"datePublished\":\"2026-04-28T00:18:17+00:00\",\"mainEntityOfPage\":{\"@id\":\"https:\\\/\\\/radioclanfm.com\\\/clanespectaculos\\\/archivo-ramirez-el-libro-que-revela-el-universo-intimo-del-disenador-argentino\\\/\"},\"wordCount\":670,\"commentCount\":0,\"publisher\":{\"@id\":\"https:\\\/\\\/radioclanfm.com\\\/clanespectaculos\\\/#organization\"},\"image\":{\"@id\":\"https:\\\/\\\/radioclanfm.com\\\/clanespectaculos\\\/archivo-ramirez-el-libro-que-revela-el-universo-intimo-del-disenador-argentino\\\/#primaryimage\"},\"thumbnailUrl\":\"https:\\\/\\\/radioclanfm.com\\\/clanespectaculos\\\/wp-content\\\/uploads\\\/sites\\\/2\\\/2026\\\/04\\\/eERJ0kO1.jpg\",\"articleSection\":[\"MODA\"],\"inLanguage\":\"es-AR\",\"potentialAction\":[{\"@type\":\"CommentAction\",\"name\":\"Comment\",\"target\":[\"https:\\\/\\\/radioclanfm.com\\\/clanespectaculos\\\/archivo-ramirez-el-libro-que-revela-el-universo-intimo-del-disenador-argentino\\\/#respond\"]}]},{\"@type\":\"WebPage\",\"@id\":\"https:\\\/\\\/radioclanfm.com\\\/clanespectaculos\\\/archivo-ramirez-el-libro-que-revela-el-universo-intimo-del-disenador-argentino\\\/\",\"url\":\"https:\\\/\\\/radioclanfm.com\\\/clanespectaculos\\\/archivo-ramirez-el-libro-que-revela-el-universo-intimo-del-disenador-argentino\\\/\",\"name\":\"\u201cArchivo Ram\u00edrez\u201d: el libro que revela el universo \u00edntimo del dise\u00f1ador argentino - CLAN ESPECTACULOS\",\"isPartOf\":{\"@id\":\"https:\\\/\\\/radioclanfm.com\\\/clanespectaculos\\\/#website\"},\"primaryImageOfPage\":{\"@id\":\"https:\\\/\\\/radioclanfm.com\\\/clanespectaculos\\\/archivo-ramirez-el-libro-que-revela-el-universo-intimo-del-disenador-argentino\\\/#primaryimage\"},\"image\":{\"@id\":\"https:\\\/\\\/radioclanfm.com\\\/clanespectaculos\\\/archivo-ramirez-el-libro-que-revela-el-universo-intimo-del-disenador-argentino\\\/#primaryimage\"},\"thumbnailUrl\":\"https:\\\/\\\/radioclanfm.com\\\/clanespectaculos\\\/wp-content\\\/uploads\\\/sites\\\/2\\\/2026\\\/04\\\/eERJ0kO1.jpg\",\"datePublished\":\"2026-04-28T00:18:17+00:00\",\"breadcrumb\":{\"@id\":\"https:\\\/\\\/radioclanfm.com\\\/clanespectaculos\\\/archivo-ramirez-el-libro-que-revela-el-universo-intimo-del-disenador-argentino\\\/#breadcrumb\"},\"inLanguage\":\"es-AR\",\"potentialAction\":[{\"@type\":\"ReadAction\",\"target\":[\"https:\\\/\\\/radioclanfm.com\\\/clanespectaculos\\\/archivo-ramirez-el-libro-que-revela-el-universo-intimo-del-disenador-argentino\\\/\"]}]},{\"@type\":\"ImageObject\",\"inLanguage\":\"es-AR\",\"@id\":\"https:\\\/\\\/radioclanfm.com\\\/clanespectaculos\\\/archivo-ramirez-el-libro-que-revela-el-universo-intimo-del-disenador-argentino\\\/#primaryimage\",\"url\":\"https:\\\/\\\/radioclanfm.com\\\/clanespectaculos\\\/wp-content\\\/uploads\\\/sites\\\/2\\\/2026\\\/04\\\/eERJ0kO1.jpg\",\"contentUrl\":\"https:\\\/\\\/radioclanfm.com\\\/clanespectaculos\\\/wp-content\\\/uploads\\\/sites\\\/2\\\/2026\\\/04\\\/eERJ0kO1.jpg\",\"width\":900,\"height\":506},{\"@type\":\"BreadcrumbList\",\"@id\":\"https:\\\/\\\/radioclanfm.com\\\/clanespectaculos\\\/archivo-ramirez-el-libro-que-revela-el-universo-intimo-del-disenador-argentino\\\/#breadcrumb\",\"itemListElement\":[{\"@type\":\"ListItem\",\"position\":1,\"name\":\"Inicio\",\"item\":\"https:\\\/\\\/radioclanfm.com\\\/clanespectaculos\\\/\"},{\"@type\":\"ListItem\",\"position\":2,\"name\":\"\u201cArchivo Ram\u00edrez\u201d: el libro que revela el universo \u00edntimo del dise\u00f1ador argentino\"}]},{\"@type\":\"WebSite\",\"@id\":\"https:\\\/\\\/radioclanfm.com\\\/clanespectaculos\\\/#website\",\"url\":\"https:\\\/\\\/radioclanfm.com\\\/clanespectaculos\\\/\",\"name\":\"CLAN ESPECTACULOS\",\"description\":\"\",\"publisher\":{\"@id\":\"https:\\\/\\\/radioclanfm.com\\\/clanespectaculos\\\/#organization\"},\"potentialAction\":[{\"@type\":\"SearchAction\",\"target\":{\"@type\":\"EntryPoint\",\"urlTemplate\":\"https:\\\/\\\/radioclanfm.com\\\/clanespectaculos\\\/?s={search_term_string}\"},\"query-input\":{\"@type\":\"PropertyValueSpecification\",\"valueRequired\":true,\"valueName\":\"search_term_string\"}}],\"inLanguage\":\"es-AR\"},{\"@type\":\"Organization\",\"@id\":\"https:\\\/\\\/radioclanfm.com\\\/clanespectaculos\\\/#organization\",\"name\":\"CLAN ESPECTACULOS\",\"url\":\"https:\\\/\\\/radioclanfm.com\\\/clanespectaculos\\\/\",\"logo\":{\"@type\":\"ImageObject\",\"inLanguage\":\"es-AR\",\"@id\":\"https:\\\/\\\/radioclanfm.com\\\/clanespectaculos\\\/#\\\/schema\\\/logo\\\/image\\\/\",\"url\":\"https:\\\/\\\/radioclanfm.com\\\/clanespectaculos\\\/wp-content\\\/uploads\\\/sites\\\/2\\\/2026\\\/04\\\/ChatGPT-Image-23-mar-2026-10_09_00.png\",\"contentUrl\":\"https:\\\/\\\/radioclanfm.com\\\/clanespectaculos\\\/wp-content\\\/uploads\\\/sites\\\/2\\\/2026\\\/04\\\/ChatGPT-Image-23-mar-2026-10_09_00.png\",\"width\":1024,\"height\":1024,\"caption\":\"CLAN ESPECTACULOS\"},\"image\":{\"@id\":\"https:\\\/\\\/radioclanfm.com\\\/clanespectaculos\\\/#\\\/schema\\\/logo\\\/image\\\/\"},\"sameAs\":[\"https:\\\/\\\/www.facebook.com\\\/clanespectaculos\\\/\",\"https:\\\/\\\/x.com\\\/clanespectok\"]},{\"@type\":\"Person\",\"@id\":\"https:\\\/\\\/radioclanfm.com\\\/clanespectaculos\\\/#\\\/schema\\\/person\\\/9734813083303230f3ad84d99171b20c\",\"name\":\"E-GRUPOCLAN\",\"image\":{\"@type\":\"ImageObject\",\"inLanguage\":\"es-AR\",\"@id\":\"https:\\\/\\\/secure.gravatar.com\\\/avatar\\\/af6e19837c3d6a212034a48c7b3818d2ac1826f6025df0155da5a186ad321d79?s=96&d=mm&r=g\",\"url\":\"https:\\\/\\\/secure.gravatar.com\\\/avatar\\\/af6e19837c3d6a212034a48c7b3818d2ac1826f6025df0155da5a186ad321d79?s=96&d=mm&r=g\",\"contentUrl\":\"https:\\\/\\\/secure.gravatar.com\\\/avatar\\\/af6e19837c3d6a212034a48c7b3818d2ac1826f6025df0155da5a186ad321d79?s=96&d=mm&r=g\",\"caption\":\"E-GRUPOCLAN\"},\"sameAs\":[\"https:\\\/\\\/radioclanfm.com\"],\"url\":\"https:\\\/\\\/radioclanfm.com\\\/clanespectaculos\\\/author\\\/admin\\\/\"}]}<\/script>\n<!-- \/ Yoast SEO plugin. -->","yoast_head_json":{"title":"\u201cArchivo Ram\u00edrez\u201d: el libro que revela el universo \u00edntimo del dise\u00f1ador argentino - CLAN ESPECTACULOS","robots":{"index":"index","follow":"follow","max-snippet":"max-snippet:-1","max-image-preview":"max-image-preview:large","max-video-preview":"max-video-preview:-1"},"canonical":"https:\/\/radioclanfm.com\/clanespectaculos\/archivo-ramirez-el-libro-que-revela-el-universo-intimo-del-disenador-argentino\/","og_locale":"es_ES","og_type":"article","og_title":"\u201cArchivo Ram\u00edrez\u201d: el libro que revela el universo \u00edntimo del dise\u00f1ador argentino - CLAN ESPECTACULOS","og_description":"El volumen re\u00fane m\u00e1s de 700 im\u00e1genes in\u00e9ditas y ensayos que reconstruyen la obra y el universo personal de Pablo Ram\u00edrez desde adentro. En tiempos donde la moda se consume a velocidad de scroll,\u00a0Archivo Ram\u00edrez\u00a0propone lo contrario: detenerse. Mirar. Leer. Volver sobre los procesos. El nuevo libro dedicado a\u00a0Pablo Ram\u00edrez\u00a0no es un cat\u00e1logo ni un [&hellip;]","og_url":"https:\/\/radioclanfm.com\/clanespectaculos\/archivo-ramirez-el-libro-que-revela-el-universo-intimo-del-disenador-argentino\/","og_site_name":"CLAN ESPECTACULOS","article_publisher":"https:\/\/www.facebook.com\/clanespectaculos\/","article_published_time":"2026-04-28T00:18:17+00:00","og_image":[{"width":900,"height":506,"url":"https:\/\/radioclanfm.com\/clanespectaculos\/wp-content\/uploads\/sites\/2\/2026\/04\/eERJ0kO1.jpg","type":"image\/jpeg"}],"author":"E-GRUPOCLAN","twitter_card":"summary_large_image","twitter_creator":"@clanespectok","twitter_site":"@clanespectok","twitter_misc":{"Escrito por":"E-GRUPOCLAN","Tiempo de lectura":"4 minutos"},"schema":{"@context":"https:\/\/schema.org","@graph":[{"@type":"Article","@id":"https:\/\/radioclanfm.com\/clanespectaculos\/archivo-ramirez-el-libro-que-revela-el-universo-intimo-del-disenador-argentino\/#article","isPartOf":{"@id":"https:\/\/radioclanfm.com\/clanespectaculos\/archivo-ramirez-el-libro-que-revela-el-universo-intimo-del-disenador-argentino\/"},"author":{"name":"E-GRUPOCLAN","@id":"https:\/\/radioclanfm.com\/clanespectaculos\/#\/schema\/person\/9734813083303230f3ad84d99171b20c"},"headline":"\u201cArchivo Ram\u00edrez\u201d: el libro que revela el universo \u00edntimo del dise\u00f1ador argentino","datePublished":"2026-04-28T00:18:17+00:00","mainEntityOfPage":{"@id":"https:\/\/radioclanfm.com\/clanespectaculos\/archivo-ramirez-el-libro-que-revela-el-universo-intimo-del-disenador-argentino\/"},"wordCount":670,"commentCount":0,"publisher":{"@id":"https:\/\/radioclanfm.com\/clanespectaculos\/#organization"},"image":{"@id":"https:\/\/radioclanfm.com\/clanespectaculos\/archivo-ramirez-el-libro-que-revela-el-universo-intimo-del-disenador-argentino\/#primaryimage"},"thumbnailUrl":"https:\/\/radioclanfm.com\/clanespectaculos\/wp-content\/uploads\/sites\/2\/2026\/04\/eERJ0kO1.jpg","articleSection":["MODA"],"inLanguage":"es-AR","potentialAction":[{"@type":"CommentAction","name":"Comment","target":["https:\/\/radioclanfm.com\/clanespectaculos\/archivo-ramirez-el-libro-que-revela-el-universo-intimo-del-disenador-argentino\/#respond"]}]},{"@type":"WebPage","@id":"https:\/\/radioclanfm.com\/clanespectaculos\/archivo-ramirez-el-libro-que-revela-el-universo-intimo-del-disenador-argentino\/","url":"https:\/\/radioclanfm.com\/clanespectaculos\/archivo-ramirez-el-libro-que-revela-el-universo-intimo-del-disenador-argentino\/","name":"\u201cArchivo Ram\u00edrez\u201d: el libro que revela el universo \u00edntimo del dise\u00f1ador argentino - CLAN ESPECTACULOS","isPartOf":{"@id":"https:\/\/radioclanfm.com\/clanespectaculos\/#website"},"primaryImageOfPage":{"@id":"https:\/\/radioclanfm.com\/clanespectaculos\/archivo-ramirez-el-libro-que-revela-el-universo-intimo-del-disenador-argentino\/#primaryimage"},"image":{"@id":"https:\/\/radioclanfm.com\/clanespectaculos\/archivo-ramirez-el-libro-que-revela-el-universo-intimo-del-disenador-argentino\/#primaryimage"},"thumbnailUrl":"https:\/\/radioclanfm.com\/clanespectaculos\/wp-content\/uploads\/sites\/2\/2026\/04\/eERJ0kO1.jpg","datePublished":"2026-04-28T00:18:17+00:00","breadcrumb":{"@id":"https:\/\/radioclanfm.com\/clanespectaculos\/archivo-ramirez-el-libro-que-revela-el-universo-intimo-del-disenador-argentino\/#breadcrumb"},"inLanguage":"es-AR","potentialAction":[{"@type":"ReadAction","target":["https:\/\/radioclanfm.com\/clanespectaculos\/archivo-ramirez-el-libro-que-revela-el-universo-intimo-del-disenador-argentino\/"]}]},{"@type":"ImageObject","inLanguage":"es-AR","@id":"https:\/\/radioclanfm.com\/clanespectaculos\/archivo-ramirez-el-libro-que-revela-el-universo-intimo-del-disenador-argentino\/#primaryimage","url":"https:\/\/radioclanfm.com\/clanespectaculos\/wp-content\/uploads\/sites\/2\/2026\/04\/eERJ0kO1.jpg","contentUrl":"https:\/\/radioclanfm.com\/clanespectaculos\/wp-content\/uploads\/sites\/2\/2026\/04\/eERJ0kO1.jpg","width":900,"height":506},{"@type":"BreadcrumbList","@id":"https:\/\/radioclanfm.com\/clanespectaculos\/archivo-ramirez-el-libro-que-revela-el-universo-intimo-del-disenador-argentino\/#breadcrumb","itemListElement":[{"@type":"ListItem","position":1,"name":"Inicio","item":"https:\/\/radioclanfm.com\/clanespectaculos\/"},{"@type":"ListItem","position":2,"name":"\u201cArchivo Ram\u00edrez\u201d: el libro que revela el universo \u00edntimo del dise\u00f1ador argentino"}]},{"@type":"WebSite","@id":"https:\/\/radioclanfm.com\/clanespectaculos\/#website","url":"https:\/\/radioclanfm.com\/clanespectaculos\/","name":"CLAN ESPECTACULOS","description":"","publisher":{"@id":"https:\/\/radioclanfm.com\/clanespectaculos\/#organization"},"potentialAction":[{"@type":"SearchAction","target":{"@type":"EntryPoint","urlTemplate":"https:\/\/radioclanfm.com\/clanespectaculos\/?s={search_term_string}"},"query-input":{"@type":"PropertyValueSpecification","valueRequired":true,"valueName":"search_term_string"}}],"inLanguage":"es-AR"},{"@type":"Organization","@id":"https:\/\/radioclanfm.com\/clanespectaculos\/#organization","name":"CLAN ESPECTACULOS","url":"https:\/\/radioclanfm.com\/clanespectaculos\/","logo":{"@type":"ImageObject","inLanguage":"es-AR","@id":"https:\/\/radioclanfm.com\/clanespectaculos\/#\/schema\/logo\/image\/","url":"https:\/\/radioclanfm.com\/clanespectaculos\/wp-content\/uploads\/sites\/2\/2026\/04\/ChatGPT-Image-23-mar-2026-10_09_00.png","contentUrl":"https:\/\/radioclanfm.com\/clanespectaculos\/wp-content\/uploads\/sites\/2\/2026\/04\/ChatGPT-Image-23-mar-2026-10_09_00.png","width":1024,"height":1024,"caption":"CLAN ESPECTACULOS"},"image":{"@id":"https:\/\/radioclanfm.com\/clanespectaculos\/#\/schema\/logo\/image\/"},"sameAs":["https:\/\/www.facebook.com\/clanespectaculos\/","https:\/\/x.com\/clanespectok"]},{"@type":"Person","@id":"https:\/\/radioclanfm.com\/clanespectaculos\/#\/schema\/person\/9734813083303230f3ad84d99171b20c","name":"E-GRUPOCLAN","image":{"@type":"ImageObject","inLanguage":"es-AR","@id":"https:\/\/secure.gravatar.com\/avatar\/af6e19837c3d6a212034a48c7b3818d2ac1826f6025df0155da5a186ad321d79?s=96&d=mm&r=g","url":"https:\/\/secure.gravatar.com\/avatar\/af6e19837c3d6a212034a48c7b3818d2ac1826f6025df0155da5a186ad321d79?s=96&d=mm&r=g","contentUrl":"https:\/\/secure.gravatar.com\/avatar\/af6e19837c3d6a212034a48c7b3818d2ac1826f6025df0155da5a186ad321d79?s=96&d=mm&r=g","caption":"E-GRUPOCLAN"},"sameAs":["https:\/\/radioclanfm.com"],"url":"https:\/\/radioclanfm.com\/clanespectaculos\/author\/admin\/"}]}},"_links":{"self":[{"href":"https:\/\/radioclanfm.com\/clanespectaculos\/wp-json\/wp\/v2\/posts\/15923","targetHints":{"allow":["GET"]}}],"collection":[{"href":"https:\/\/radioclanfm.com\/clanespectaculos\/wp-json\/wp\/v2\/posts"}],"about":[{"href":"https:\/\/radioclanfm.com\/clanespectaculos\/wp-json\/wp\/v2\/types\/post"}],"author":[{"embeddable":true,"href":"https:\/\/radioclanfm.com\/clanespectaculos\/wp-json\/wp\/v2\/users\/1"}],"replies":[{"embeddable":true,"href":"https:\/\/radioclanfm.com\/clanespectaculos\/wp-json\/wp\/v2\/comments?post=15923"}],"version-history":[{"count":1,"href":"https:\/\/radioclanfm.com\/clanespectaculos\/wp-json\/wp\/v2\/posts\/15923\/revisions"}],"predecessor-version":[{"id":15925,"href":"https:\/\/radioclanfm.com\/clanespectaculos\/wp-json\/wp\/v2\/posts\/15923\/revisions\/15925"}],"wp:featuredmedia":[{"embeddable":true,"href":"https:\/\/radioclanfm.com\/clanespectaculos\/wp-json\/wp\/v2\/media\/15924"}],"wp:attachment":[{"href":"https:\/\/radioclanfm.com\/clanespectaculos\/wp-json\/wp\/v2\/media?parent=15923"}],"wp:term":[{"taxonomy":"category","embeddable":true,"href":"https:\/\/radioclanfm.com\/clanespectaculos\/wp-json\/wp\/v2\/categories?post=15923"},{"taxonomy":"post_tag","embeddable":true,"href":"https:\/\/radioclanfm.com\/clanespectaculos\/wp-json\/wp\/v2\/tags?post=15923"}],"curies":[{"name":"wp","href":"https:\/\/api.w.org\/{rel}","templated":true}]}}