{"id":15920,"date":"2026-04-27T21:17:04","date_gmt":"2026-04-28T00:17:04","guid":{"rendered":"https:\/\/radioclanfm.com\/clanespectaculos\/?p=15920"},"modified":"2026-04-27T21:17:04","modified_gmt":"2026-04-28T00:17:04","slug":"allegra-cubero-volvio-a-festejar-sus-15-anos-tres-vestidos-y-su-familia-con-looks-a-juego","status":"publish","type":"post","link":"https:\/\/radioclanfm.com\/clanespectaculos\/allegra-cubero-volvio-a-festejar-sus-15-anos-tres-vestidos-y-su-familia-con-looks-a-juego\/","title":{"rendered":"Allegra Cubero volvi\u00f3 a festejar sus 15 a\u00f1os: tres vestidos y su familia con looks a juego"},"content":{"rendered":"<p>Fabi\u00e1n Cubero, Mica Viciconte y sus hermanos Indiana, Sienna y Luca llevaron apuestas en azul y verde, al tono con la cumplea\u00f1era.<\/p>\n<p class=\"paragraph font__body-regular\"><b>Allegra Cubero<\/b><b>\u00a0<\/b>cumpli\u00f3 15 a\u00f1os en enero, durante unas vacaciones en Punta del Este con su mam\u00e1,\u00a0<b>Nicole Neumann<\/b><b>.<\/b>\u00a0En ese entonces, hizo una celebraci\u00f3n \u00edntima, para luego festejarlo con amigos en su casa de Nordelta.<\/p>\n<div id=\"ad-slot-infeed\" class=\"infeed-container ad-slot-infeed ad-slot\" data-adtype=\"infeed\" data-lazyload=\"1\" data-google-query-id=\"CIngqpSij5QDFWA9HgAd8PoOeA\">\n<div id=\"google_ads_iframe_\/113951150\/tn-arc\/nota\/infeed_0__container__\"><\/div>\n<\/div>\n<p class=\"paragraph font__body-regular\">Ahora, la adolescente tuvo un\u00a0<b>tercer festejo<\/b>, esta vez organizado por su pap\u00e1,\u00a0<b>Fabi\u00e1n Cubero.\u00a0<\/b>La fiesta fue en un elegante sal\u00f3n de Olivos, y la cumplea\u00f1era tuvo<b>\u00a0tres cambios de look<\/b>\u00a0dignos de una princesa.<\/p>\n<div class=\"story-list\" data-mrf-recirculation=\"IL_RNrGCM52Q_ui4aMax3fibg\" data-testid=\"text-html\" data-mrf-experience=\"IL_RNrGCM52Q_ui4aMax3fibg\">\n<article class=\"card__container card__horizontal\">\n<div class=\"card__body\">\n<header>\n<h3 class=\"card__headline font__display\"><\/h3>\n<\/header>\n<\/div>\n<\/article>\n<\/div>\n<p class=\"paragraph font__body-regular\">El vestido principal estuvo a cargo de<b>\u00a0<\/b><a title=\"https:\/\/tn.com.ar\/estilo\/celebridades\/2026\/03\/02\/laurencio-adot-se-encargo-del-vestido-de-15-de-allegra-cubero-y-los-looks-de-sus-hermanas-y-de-nicole-neumann\/\" href=\"https:\/\/tn.com.ar\/estilo\/celebridades\/2026\/03\/02\/laurencio-adot-se-encargo-del-vestido-de-15-de-allegra-cubero-y-los-looks-de-sus-hermanas-y-de-nicole-neumann\/\" target=\"_self\" rel=\"\"><b>Laurencio Adot<\/b><\/a><b>\u00a0<\/b>(al igual que el de inspiraci\u00f3n griega que us\u00f3 en su segundo festejo). En este caso, eligi\u00f3 un modelo\u00a0<b>verde azulado encorsetado<\/b>, de falda transl\u00facida, adornado con\u00a0<b>brillantes en todo el talle.<\/b><\/p>\n<figure class=\"\" data-testid=\"figure-testid\">\n<div class=\"aspect_ratio__container\"><picture class=\"responsive-image\"><source srcset=\"https:\/\/tn.com.ar\/resizer\/v2\/allegra-cubero-con-look-de-laurencio-adot-foto-lightpixelproducciones-DVUD5RYWLBCXRHKQKMA2AKOPSQ.jpg?auth=a2cc6b4b53dad9b4a5d3e1b9a32b00fcfc399d9ec82aa399d83036b6c68419e5&amp;width=767\" type=\"image\/jpg\" media=\"(max-width: 728px)\" \/><source srcset=\"https:\/\/tn.com.ar\/resizer\/v2\/allegra-cubero-con-look-de-laurencio-adot-foto-lightpixelproducciones-DVUD5RYWLBCXRHKQKMA2AKOPSQ.jpg?auth=a2cc6b4b53dad9b4a5d3e1b9a32b00fcfc399d9ec82aa399d83036b6c68419e5&amp;width=1023\" type=\"image\/jpg\" media=\"(max-width: 1023px)\" \/><source srcset=\"https:\/\/tn.com.ar\/resizer\/v2\/allegra-cubero-con-look-de-laurencio-adot-foto-lightpixelproducciones-DVUD5RYWLBCXRHKQKMA2AKOPSQ.jpg?auth=a2cc6b4b53dad9b4a5d3e1b9a32b00fcfc399d9ec82aa399d83036b6c68419e5&amp;width=1440\" type=\"image\/jpg\" \/><img loading=\"lazy\" decoding=\"async\" class=\"image content-image image_placeholder\" src=\"https:\/\/tn.com.ar\/resizer\/v2\/allegra-cubero-con-look-de-laurencio-adot-foto-lightpixelproducciones-DVUD5RYWLBCXRHKQKMA2AKOPSQ.jpg?auth=a2cc6b4b53dad9b4a5d3e1b9a32b00fcfc399d9ec82aa399d83036b6c68419e5&amp;width=767\" alt=\"Allegra Cubero con look de Laurencio Adot. (Foto: @lightpixelproducciones)\" width=\"767\" height=\"1022\" data-testid=\"loading-testid\" \/><\/picture><\/div><figcaption class=\"caption_image\" data-testid=\"figcaption-testid\">\n<div class=\"image_caption \">Allegra Cubero con look de Laurencio Adot. (Foto: @lightpixelproducciones)<\/div>\n<\/figcaption><\/figure>\n<p class=\"paragraph font__body-regular\">Durante la noche tuvo otros dos cambios de vestuario, ambos<b>\u00a0blancos y cortos<\/b>, ideales para estar m\u00e1s c\u00f3moda en las tandas de baile. Primero, luci\u00f3 un modelo de escote\u00a0<i><b>halter\u00a0<\/b><\/i>con apliques de\u00a0<b>pedrer\u00eda brillante<\/b>\u00a0dispuestos en l\u00edneas diagonales.<\/p>\n<figure class=\"\" data-testid=\"figure-testid\">\n<div class=\"aspect_ratio__container\"><picture class=\"responsive-image\"><source srcset=\"https:\/\/tn.com.ar\/resizer\/v2\/allegra-cubero-con-look-blanco-y-brillos-foto-lightpixelproducciones-ANVY64XFB5DHJD2DIJIW3DJFLQ.jpg?auth=e136ffe5a279e8f9a01ea3eda84a6a5a85582cf2f3453dd466d76f414ad5512b&amp;width=767\" type=\"image\/jpg\" media=\"(max-width: 728px)\" \/><source srcset=\"https:\/\/tn.com.ar\/resizer\/v2\/allegra-cubero-con-look-blanco-y-brillos-foto-lightpixelproducciones-ANVY64XFB5DHJD2DIJIW3DJFLQ.jpg?auth=e136ffe5a279e8f9a01ea3eda84a6a5a85582cf2f3453dd466d76f414ad5512b&amp;width=1023\" type=\"image\/jpg\" media=\"(max-width: 1023px)\" \/><source srcset=\"https:\/\/tn.com.ar\/resizer\/v2\/allegra-cubero-con-look-blanco-y-brillos-foto-lightpixelproducciones-ANVY64XFB5DHJD2DIJIW3DJFLQ.jpg?auth=e136ffe5a279e8f9a01ea3eda84a6a5a85582cf2f3453dd466d76f414ad5512b&amp;width=1440\" type=\"image\/jpg\" \/><img loading=\"lazy\" decoding=\"async\" class=\"image content-image image_placeholder\" src=\"https:\/\/tn.com.ar\/resizer\/v2\/allegra-cubero-con-look-blanco-y-brillos-foto-lightpixelproducciones-ANVY64XFB5DHJD2DIJIW3DJFLQ.jpg?auth=e136ffe5a279e8f9a01ea3eda84a6a5a85582cf2f3453dd466d76f414ad5512b&amp;width=767\" alt=\"Allegra Cubero con look blanco y brillos. (Foto: @lightpixelproducciones)\" width=\"767\" height=\"1022\" data-testid=\"loading-testid\" \/><\/picture><\/div><figcaption class=\"caption_image\" data-testid=\"figcaption-testid\">\n<div class=\"image_caption \">Allegra Cubero con look blanco y brillos. (Foto: @lightpixelproducciones)<\/div>\n<\/figcaption><\/figure>\n<p class=\"paragraph font__body-regular\">Por \u00faltimo, luci\u00f3 un modelo<b>\u00a0transl\u00facido sin mangas<\/b>, con una entretela blanca en formato\u00a0<i><b>body\u00a0<\/b><\/i>y bordado floral. Combin\u00f3 este \u00faltimo dise\u00f1o con<b>\u00a0zapatillas deportivas al tono.<\/b><\/p>\n<figure class=\"\" data-testid=\"figure-testid\">\n<div class=\"aspect_ratio__container\"><picture class=\"responsive-image\"><source srcset=\"https:\/\/tn.com.ar\/resizer\/v2\/allegra-cubero-con-vestido-corto-y-zapatillas-foto-lightpixelproducciones-OYVOB5IZKZD37OYALDSSXHNZ5Q.jpg?auth=3f3de49479d8cc8aa45cfd5da782b674c041eeb5e1348ccd92d6d9d6936e0128&amp;width=767\" type=\"image\/jpg\" media=\"(max-width: 728px)\" \/><source srcset=\"https:\/\/tn.com.ar\/resizer\/v2\/allegra-cubero-con-vestido-corto-y-zapatillas-foto-lightpixelproducciones-OYVOB5IZKZD37OYALDSSXHNZ5Q.jpg?auth=3f3de49479d8cc8aa45cfd5da782b674c041eeb5e1348ccd92d6d9d6936e0128&amp;width=1023\" type=\"image\/jpg\" media=\"(max-width: 1023px)\" \/><source srcset=\"https:\/\/tn.com.ar\/resizer\/v2\/allegra-cubero-con-vestido-corto-y-zapatillas-foto-lightpixelproducciones-OYVOB5IZKZD37OYALDSSXHNZ5Q.jpg?auth=3f3de49479d8cc8aa45cfd5da782b674c041eeb5e1348ccd92d6d9d6936e0128&amp;width=1440\" type=\"image\/jpg\" \/><img loading=\"lazy\" decoding=\"async\" class=\"image content-image image_placeholder\" src=\"https:\/\/tn.com.ar\/resizer\/v2\/allegra-cubero-con-vestido-corto-y-zapatillas-foto-lightpixelproducciones-OYVOB5IZKZD37OYALDSSXHNZ5Q.jpg?auth=3f3de49479d8cc8aa45cfd5da782b674c041eeb5e1348ccd92d6d9d6936e0128&amp;width=767\" alt=\"Allegra Cubero con vestido corto y zapatillas. (Foto: @lightpixelproducciones)\" width=\"767\" height=\"1023\" data-testid=\"loading-testid\" \/><\/picture><\/div><figcaption class=\"caption_image\" data-testid=\"figcaption-testid\">\n<div class=\"image_caption \">Allegra Cubero con vestido corto y zapatillas. (Foto: @lightpixelproducciones)<\/div>\n<\/figcaption><\/figure>\n<p class=\"paragraph font__body-regular\">Tambi\u00e9n hubo cambios de peinado. Primero llev\u00f3 el<b>\u00a0pelo suelto con ondas naturales\u00a0<\/b>y despu\u00e9s un<b>\u00a0recogido con raya al medio<\/b>\u00a0y mechones sueltos. El maquillaje, minimalista y\u00a0<i>glam<\/i>, incluy\u00f3 delineado\u00a0<i><b>cat eye<\/b><\/i>,\u00a0<b>m\u00e1scara de pesta\u00f1as<\/b>, rubor y labial rosa. El\u00a0<i>beauty look<\/i>\u00a0estuvo a cargo de Agostina Rimolo.<\/p>\n<figure class=\"\" data-testid=\"figure-testid\">\n<div class=\"aspect_ratio__container\"><picture class=\"responsive-image\"><source srcset=\"https:\/\/tn.com.ar\/resizer\/v2\/allegra-cubero-mostro-todos-los-looks-de-su-fiesta-de-15-foto-lightpixelproducciones-VGZ4FI6SH5DJJK2OANQIIRXTME.jpg?auth=a3d76d51d99e01d7edc36a5d20e9e1dfd9abbe9b0e09ad70d17e1492c3d5e46f&amp;width=767\" type=\"image\/jpg\" media=\"(max-width: 728px)\" \/><source srcset=\"https:\/\/tn.com.ar\/resizer\/v2\/allegra-cubero-mostro-todos-los-looks-de-su-fiesta-de-15-foto-lightpixelproducciones-VGZ4FI6SH5DJJK2OANQIIRXTME.jpg?auth=a3d76d51d99e01d7edc36a5d20e9e1dfd9abbe9b0e09ad70d17e1492c3d5e46f&amp;width=1023\" type=\"image\/jpg\" media=\"(max-width: 1023px)\" \/><source srcset=\"https:\/\/tn.com.ar\/resizer\/v2\/allegra-cubero-mostro-todos-los-looks-de-su-fiesta-de-15-foto-lightpixelproducciones-VGZ4FI6SH5DJJK2OANQIIRXTME.jpg?auth=a3d76d51d99e01d7edc36a5d20e9e1dfd9abbe9b0e09ad70d17e1492c3d5e46f&amp;width=1440\" type=\"image\/jpg\" \/><img loading=\"lazy\" decoding=\"async\" class=\"image content-image image_placeholder\" src=\"https:\/\/tn.com.ar\/resizer\/v2\/allegra-cubero-mostro-todos-los-looks-de-su-fiesta-de-15-foto-lightpixelproducciones-VGZ4FI6SH5DJJK2OANQIIRXTME.jpg?auth=a3d76d51d99e01d7edc36a5d20e9e1dfd9abbe9b0e09ad70d17e1492c3d5e46f&amp;width=767\" alt=\"Allegra Cubero mostr\u00f3 todos los looks de su fiesta de 15. (Foto: @lightpixelproducciones)\" width=\"767\" height=\"1022\" data-testid=\"loading-testid\" \/><\/picture><\/div><figcaption class=\"caption_image\" data-testid=\"figcaption-testid\">\n<div class=\"image_caption \">Allegra Cubero mostr\u00f3 todos los looks de su fiesta de 15. (Foto: @lightpixelproducciones)<\/div>\n<\/figcaption><\/figure>\n<h2 class=\"font--primary font__display\">Familia en compos\u00e9<\/h2>\n<p class=\"paragraph font__body-regular\"><b>Fabi\u00e1n Cubero y Mica Viciconte<\/b>\u00a0tambi\u00e9n se destacaron con sus looks, al igual que las hermanas de la cumplea\u00f1era,\u00a0<b>Indiana y Sienna<\/b>, y\u00a0<b>Luca<\/b>, el menor de la familia. El exfutbolista llev\u00f3 un\u00a0<b>ambo azul con camisa celeste<\/b>\u00a0y una corbata con detalles en el mismo color del primer vestido de su hija.<\/p>\n<figure class=\"\" data-testid=\"figure-testid\">\n<div class=\"aspect_ratio__container\"><picture class=\"responsive-image\"><source srcset=\"https:\/\/tn.com.ar\/resizer\/v2\/allegra-cubero-festejo-sus-15-anos-a-juego-con-su-familia-foto-lightpixelproducciones-ZRQZUPCJV5D6TE7AZBFHX6CKFE.jpg?auth=61092f1fe435295663cecbfde0b8480aade6782b86e640e1ecc40b465a40d5ea&amp;width=767\" type=\"image\/jpg\" media=\"(max-width: 728px)\" \/><source srcset=\"https:\/\/tn.com.ar\/resizer\/v2\/allegra-cubero-festejo-sus-15-anos-a-juego-con-su-familia-foto-lightpixelproducciones-ZRQZUPCJV5D6TE7AZBFHX6CKFE.jpg?auth=61092f1fe435295663cecbfde0b8480aade6782b86e640e1ecc40b465a40d5ea&amp;width=1023\" type=\"image\/jpg\" media=\"(max-width: 1023px)\" \/><source srcset=\"https:\/\/tn.com.ar\/resizer\/v2\/allegra-cubero-festejo-sus-15-anos-a-juego-con-su-familia-foto-lightpixelproducciones-ZRQZUPCJV5D6TE7AZBFHX6CKFE.jpg?auth=61092f1fe435295663cecbfde0b8480aade6782b86e640e1ecc40b465a40d5ea&amp;width=1440\" type=\"image\/jpg\" \/><img loading=\"lazy\" decoding=\"async\" class=\"image content-image image_placeholder\" src=\"https:\/\/tn.com.ar\/resizer\/v2\/allegra-cubero-festejo-sus-15-anos-a-juego-con-su-familia-foto-lightpixelproducciones-ZRQZUPCJV5D6TE7AZBFHX6CKFE.jpg?auth=61092f1fe435295663cecbfde0b8480aade6782b86e640e1ecc40b465a40d5ea&amp;width=767\" alt=\"Allegra Cubero festej\u00f3 sus 15 a\u00f1os a juego con su familia. (Foto: @lightpixelproducciones)\" width=\"767\" height=\"1022\" data-testid=\"loading-testid\" \/><\/picture><\/div><figcaption class=\"caption_image\" data-testid=\"figcaption-testid\">\n<div class=\"image_caption \">Allegra Cubero festej\u00f3 sus 15 a\u00f1os a juego con su familia. (Foto: @lightpixelproducciones)<\/div>\n<\/figcaption><\/figure>\n<p class=\"paragraph font__body-regular\">Viciconte, de azul satinado, eligi\u00f3 un vestido\u00a0<i><b>strapless\u00a0<\/b><\/i>y ajustado con un\u00a0<b>lazo en el cuello de Maqui.<\/b>\u00a0Indiana y Sienna se vistieron del mismo color con dos dise\u00f1os de Viky Fraga. La primera eligi\u00f3 un\u00a0<b>vestido encorsetado con breteles finos y tajo en la falda.<\/b>\u00a0La menor de las mujeres opt\u00f3 por un<b>\u00a0modelo drapeado de falda asim\u00e9trica<\/b>, corta en a parte del frente.<\/p>\n<p class=\"paragraph font__body-regular\">Por \u00faltimo, Luca llev\u00f3 un\u00a0<i><b>minitraje\u00a0<\/b><\/i>en el mismo tono de verde que la quincea\u00f1era. El conjunto se compone de tres piezas:\u00a0<b>chaleco, saco y pantal\u00f3n.\u00a0<\/b>Como detalles finales us\u00f3 un mo\u00f1o a juego, una camisa blanca y zapatillas al tono.<\/p>\n<figure class=\"\" data-testid=\"figure-testid\">\n<div class=\"aspect_ratio__container\"><picture class=\"responsive-image\"><source srcset=\"https:\/\/tn.com.ar\/resizer\/v2\/allegra-cubero-volvio-a-festejar-sus-15-anos-tres-vestidos-y-su-familia-con-looks-a-juego-AGEZRBWRBZAALCBMJ4MB3FLNNE.jpg?auth=8c060606f511243b4259e6a0bb0e6db38a71c5095a92259673226af4cded382d&amp;width=767\" type=\"image\/jpg\" media=\"(max-width: 728px)\" \/><source srcset=\"https:\/\/tn.com.ar\/resizer\/v2\/allegra-cubero-volvio-a-festejar-sus-15-anos-tres-vestidos-y-su-familia-con-looks-a-juego-AGEZRBWRBZAALCBMJ4MB3FLNNE.jpg?auth=8c060606f511243b4259e6a0bb0e6db38a71c5095a92259673226af4cded382d&amp;width=1023\" type=\"image\/jpg\" media=\"(max-width: 1023px)\" \/><source srcset=\"https:\/\/tn.com.ar\/resizer\/v2\/allegra-cubero-volvio-a-festejar-sus-15-anos-tres-vestidos-y-su-familia-con-looks-a-juego-AGEZRBWRBZAALCBMJ4MB3FLNNE.jpg?auth=8c060606f511243b4259e6a0bb0e6db38a71c5095a92259673226af4cded382d&amp;width=1440\" type=\"image\/jpg\" \/><img loading=\"lazy\" decoding=\"async\" class=\"image content-image image_placeholder\" src=\"https:\/\/tn.com.ar\/resizer\/v2\/allegra-cubero-volvio-a-festejar-sus-15-anos-tres-vestidos-y-su-familia-con-looks-a-juego-AGEZRBWRBZAALCBMJ4MB3FLNNE.jpg?auth=8c060606f511243b4259e6a0bb0e6db38a71c5095a92259673226af4cded382d&amp;width=767\" alt=\"Allegra Cubero volvi\u00f3 a festejar sus 15 a\u00f1os: tres vestidos y su familia con looks a juego\" width=\"767\" height=\"1023\" data-testid=\"loading-testid\" \/><\/picture><\/div><figcaption class=\"caption_image\" data-testid=\"figcaption-testid\">\n<div class=\"image_caption \"><\/div>\n<\/figcaption><\/figure>\n<p class=\"paragraph font__body-regular\">Allegra pos\u00f3 feliz junto a su familia y agradeci\u00f3 a todo el equipo de organizaci\u00f3n en un posteo de Instagram que alcanz\u00f3 miles de\u00a0<i>me gusta<\/i>\u00a0y se llen\u00f3 de elogios.<\/p>\n","protected":false},"excerpt":{"rendered":"<p>Fabi\u00e1n Cubero, Mica Viciconte y sus hermanos Indiana, Sienna y Luca llevaron apuestas en azul y verde, al tono con la cumplea\u00f1era. Allegra Cubero\u00a0cumpli\u00f3 15 a\u00f1os en enero, durante unas vacaciones en Punta del Este con su mam\u00e1,\u00a0Nicole Neumann.\u00a0En ese entonces, hizo una celebraci\u00f3n \u00edntima, para luego festejarlo con amigos en su casa de Nordelta. [&hellip;]<\/p>\n","protected":false},"author":1,"featured_media":15921,"comment_status":"open","ping_status":"open","sticky":false,"template":"","format":"standard","meta":{"rop_custom_images_group":[],"rop_custom_messages_group":[],"rop_publish_now":"initial","rop_publish_now_accounts":[],"rop_publish_now_history":[],"rop_publish_now_status":"pending","footnotes":"","jetpack_publicize_message":"","jetpack_publicize_feature_enabled":true,"jetpack_social_post_already_shared":true,"jetpack_social_options":{"image_generator_settings":{"template":"highway","enabled":false},"version":2}},"categories":[15],"tags":[],"class_list":{"0":"post-15920","1":"post","2":"type-post","3":"status-publish","4":"format-standard","5":"has-post-thumbnail","7":"category-moda"},"jetpack_publicize_connections":[],"yoast_head":"<!-- This site is optimized with the Yoast SEO plugin v27.3 - https:\/\/yoast.com\/product\/yoast-seo-wordpress\/ -->\n<title>Allegra Cubero volvi\u00f3 a festejar sus 15 a\u00f1os: tres vestidos y su familia con looks a juego - CLAN ESPECTACULOS<\/title>\n<meta name=\"robots\" content=\"index, follow, max-snippet:-1, max-image-preview:large, max-video-preview:-1\" \/>\n<link rel=\"canonical\" href=\"https:\/\/radioclanfm.com\/clanespectaculos\/allegra-cubero-volvio-a-festejar-sus-15-anos-tres-vestidos-y-su-familia-con-looks-a-juego\/\" \/>\n<meta property=\"og:locale\" content=\"es_ES\" \/>\n<meta property=\"og:type\" content=\"article\" \/>\n<meta property=\"og:title\" content=\"Allegra Cubero volvi\u00f3 a festejar sus 15 a\u00f1os: tres vestidos y su familia con looks a juego - CLAN ESPECTACULOS\" \/>\n<meta property=\"og:description\" content=\"Fabi\u00e1n Cubero, Mica Viciconte y sus hermanos Indiana, Sienna y Luca llevaron apuestas en azul y verde, al tono con la cumplea\u00f1era. Allegra Cubero\u00a0cumpli\u00f3 15 a\u00f1os en enero, durante unas vacaciones en Punta del Este con su mam\u00e1,\u00a0Nicole Neumann.\u00a0En ese entonces, hizo una celebraci\u00f3n \u00edntima, para luego festejarlo con amigos en su casa de Nordelta. [&hellip;]\" \/>\n<meta property=\"og:url\" content=\"https:\/\/radioclanfm.com\/clanespectaculos\/allegra-cubero-volvio-a-festejar-sus-15-anos-tres-vestidos-y-su-familia-con-looks-a-juego\/\" \/>\n<meta property=\"og:site_name\" content=\"CLAN ESPECTACULOS\" \/>\n<meta property=\"article:publisher\" content=\"https:\/\/www.facebook.com\/clanespectaculos\/\" \/>\n<meta property=\"article:published_time\" content=\"2026-04-28T00:17:04+00:00\" \/>\n<meta property=\"og:image\" content=\"https:\/\/radioclanfm.com\/clanespectaculos\/wp-content\/uploads\/sites\/2\/2026\/04\/d89cq7x2.jpg\" \/>\n\t<meta property=\"og:image:width\" content=\"900\" \/>\n\t<meta property=\"og:image:height\" content=\"507\" \/>\n\t<meta property=\"og:image:type\" content=\"image\/jpeg\" \/>\n<meta name=\"author\" content=\"E-GRUPOCLAN\" \/>\n<meta name=\"twitter:card\" content=\"summary_large_image\" \/>\n<meta name=\"twitter:creator\" content=\"@clanespectok\" \/>\n<meta name=\"twitter:site\" content=\"@clanespectok\" \/>\n<meta name=\"twitter:label1\" content=\"Escrito por\" \/>\n\t<meta name=\"twitter:data1\" content=\"E-GRUPOCLAN\" \/>\n\t<meta name=\"twitter:label2\" content=\"Tiempo de lectura\" \/>\n\t<meta name=\"twitter:data2\" content=\"4 minutos\" \/>\n<script type=\"application\/ld+json\" class=\"yoast-schema-graph\">{\"@context\":\"https:\\\/\\\/schema.org\",\"@graph\":[{\"@type\":\"Article\",\"@id\":\"https:\\\/\\\/radioclanfm.com\\\/clanespectaculos\\\/allegra-cubero-volvio-a-festejar-sus-15-anos-tres-vestidos-y-su-familia-con-looks-a-juego\\\/#article\",\"isPartOf\":{\"@id\":\"https:\\\/\\\/radioclanfm.com\\\/clanespectaculos\\\/allegra-cubero-volvio-a-festejar-sus-15-anos-tres-vestidos-y-su-familia-con-looks-a-juego\\\/\"},\"author\":{\"name\":\"E-GRUPOCLAN\",\"@id\":\"https:\\\/\\\/radioclanfm.com\\\/clanespectaculos\\\/#\\\/schema\\\/person\\\/9734813083303230f3ad84d99171b20c\"},\"headline\":\"Allegra Cubero volvi\u00f3 a festejar sus 15 a\u00f1os: tres vestidos y su familia con looks a juego\",\"datePublished\":\"2026-04-28T00:17:04+00:00\",\"mainEntityOfPage\":{\"@id\":\"https:\\\/\\\/radioclanfm.com\\\/clanespectaculos\\\/allegra-cubero-volvio-a-festejar-sus-15-anos-tres-vestidos-y-su-familia-con-looks-a-juego\\\/\"},\"wordCount\":539,\"commentCount\":0,\"publisher\":{\"@id\":\"https:\\\/\\\/radioclanfm.com\\\/clanespectaculos\\\/#organization\"},\"image\":{\"@id\":\"https:\\\/\\\/radioclanfm.com\\\/clanespectaculos\\\/allegra-cubero-volvio-a-festejar-sus-15-anos-tres-vestidos-y-su-familia-con-looks-a-juego\\\/#primaryimage\"},\"thumbnailUrl\":\"https:\\\/\\\/radioclanfm.com\\\/clanespectaculos\\\/wp-content\\\/uploads\\\/sites\\\/2\\\/2026\\\/04\\\/d89cq7x2.jpg\",\"articleSection\":[\"MODA\"],\"inLanguage\":\"es-AR\",\"potentialAction\":[{\"@type\":\"CommentAction\",\"name\":\"Comment\",\"target\":[\"https:\\\/\\\/radioclanfm.com\\\/clanespectaculos\\\/allegra-cubero-volvio-a-festejar-sus-15-anos-tres-vestidos-y-su-familia-con-looks-a-juego\\\/#respond\"]}]},{\"@type\":\"WebPage\",\"@id\":\"https:\\\/\\\/radioclanfm.com\\\/clanespectaculos\\\/allegra-cubero-volvio-a-festejar-sus-15-anos-tres-vestidos-y-su-familia-con-looks-a-juego\\\/\",\"url\":\"https:\\\/\\\/radioclanfm.com\\\/clanespectaculos\\\/allegra-cubero-volvio-a-festejar-sus-15-anos-tres-vestidos-y-su-familia-con-looks-a-juego\\\/\",\"name\":\"Allegra Cubero volvi\u00f3 a festejar sus 15 a\u00f1os: tres vestidos y su familia con looks a juego - CLAN ESPECTACULOS\",\"isPartOf\":{\"@id\":\"https:\\\/\\\/radioclanfm.com\\\/clanespectaculos\\\/#website\"},\"primaryImageOfPage\":{\"@id\":\"https:\\\/\\\/radioclanfm.com\\\/clanespectaculos\\\/allegra-cubero-volvio-a-festejar-sus-15-anos-tres-vestidos-y-su-familia-con-looks-a-juego\\\/#primaryimage\"},\"image\":{\"@id\":\"https:\\\/\\\/radioclanfm.com\\\/clanespectaculos\\\/allegra-cubero-volvio-a-festejar-sus-15-anos-tres-vestidos-y-su-familia-con-looks-a-juego\\\/#primaryimage\"},\"thumbnailUrl\":\"https:\\\/\\\/radioclanfm.com\\\/clanespectaculos\\\/wp-content\\\/uploads\\\/sites\\\/2\\\/2026\\\/04\\\/d89cq7x2.jpg\",\"datePublished\":\"2026-04-28T00:17:04+00:00\",\"breadcrumb\":{\"@id\":\"https:\\\/\\\/radioclanfm.com\\\/clanespectaculos\\\/allegra-cubero-volvio-a-festejar-sus-15-anos-tres-vestidos-y-su-familia-con-looks-a-juego\\\/#breadcrumb\"},\"inLanguage\":\"es-AR\",\"potentialAction\":[{\"@type\":\"ReadAction\",\"target\":[\"https:\\\/\\\/radioclanfm.com\\\/clanespectaculos\\\/allegra-cubero-volvio-a-festejar-sus-15-anos-tres-vestidos-y-su-familia-con-looks-a-juego\\\/\"]}]},{\"@type\":\"ImageObject\",\"inLanguage\":\"es-AR\",\"@id\":\"https:\\\/\\\/radioclanfm.com\\\/clanespectaculos\\\/allegra-cubero-volvio-a-festejar-sus-15-anos-tres-vestidos-y-su-familia-con-looks-a-juego\\\/#primaryimage\",\"url\":\"https:\\\/\\\/radioclanfm.com\\\/clanespectaculos\\\/wp-content\\\/uploads\\\/sites\\\/2\\\/2026\\\/04\\\/d89cq7x2.jpg\",\"contentUrl\":\"https:\\\/\\\/radioclanfm.com\\\/clanespectaculos\\\/wp-content\\\/uploads\\\/sites\\\/2\\\/2026\\\/04\\\/d89cq7x2.jpg\",\"width\":900,\"height\":507},{\"@type\":\"BreadcrumbList\",\"@id\":\"https:\\\/\\\/radioclanfm.com\\\/clanespectaculos\\\/allegra-cubero-volvio-a-festejar-sus-15-anos-tres-vestidos-y-su-familia-con-looks-a-juego\\\/#breadcrumb\",\"itemListElement\":[{\"@type\":\"ListItem\",\"position\":1,\"name\":\"Inicio\",\"item\":\"https:\\\/\\\/radioclanfm.com\\\/clanespectaculos\\\/\"},{\"@type\":\"ListItem\",\"position\":2,\"name\":\"Allegra Cubero volvi\u00f3 a festejar sus 15 a\u00f1os: tres vestidos y su familia con looks a juego\"}]},{\"@type\":\"WebSite\",\"@id\":\"https:\\\/\\\/radioclanfm.com\\\/clanespectaculos\\\/#website\",\"url\":\"https:\\\/\\\/radioclanfm.com\\\/clanespectaculos\\\/\",\"name\":\"CLAN ESPECTACULOS\",\"description\":\"\",\"publisher\":{\"@id\":\"https:\\\/\\\/radioclanfm.com\\\/clanespectaculos\\\/#organization\"},\"potentialAction\":[{\"@type\":\"SearchAction\",\"target\":{\"@type\":\"EntryPoint\",\"urlTemplate\":\"https:\\\/\\\/radioclanfm.com\\\/clanespectaculos\\\/?s={search_term_string}\"},\"query-input\":{\"@type\":\"PropertyValueSpecification\",\"valueRequired\":true,\"valueName\":\"search_term_string\"}}],\"inLanguage\":\"es-AR\"},{\"@type\":\"Organization\",\"@id\":\"https:\\\/\\\/radioclanfm.com\\\/clanespectaculos\\\/#organization\",\"name\":\"CLAN ESPECTACULOS\",\"url\":\"https:\\\/\\\/radioclanfm.com\\\/clanespectaculos\\\/\",\"logo\":{\"@type\":\"ImageObject\",\"inLanguage\":\"es-AR\",\"@id\":\"https:\\\/\\\/radioclanfm.com\\\/clanespectaculos\\\/#\\\/schema\\\/logo\\\/image\\\/\",\"url\":\"https:\\\/\\\/radioclanfm.com\\\/clanespectaculos\\\/wp-content\\\/uploads\\\/sites\\\/2\\\/2026\\\/04\\\/ChatGPT-Image-23-mar-2026-10_09_00.png\",\"contentUrl\":\"https:\\\/\\\/radioclanfm.com\\\/clanespectaculos\\\/wp-content\\\/uploads\\\/sites\\\/2\\\/2026\\\/04\\\/ChatGPT-Image-23-mar-2026-10_09_00.png\",\"width\":1024,\"height\":1024,\"caption\":\"CLAN ESPECTACULOS\"},\"image\":{\"@id\":\"https:\\\/\\\/radioclanfm.com\\\/clanespectaculos\\\/#\\\/schema\\\/logo\\\/image\\\/\"},\"sameAs\":[\"https:\\\/\\\/www.facebook.com\\\/clanespectaculos\\\/\",\"https:\\\/\\\/x.com\\\/clanespectok\"]},{\"@type\":\"Person\",\"@id\":\"https:\\\/\\\/radioclanfm.com\\\/clanespectaculos\\\/#\\\/schema\\\/person\\\/9734813083303230f3ad84d99171b20c\",\"name\":\"E-GRUPOCLAN\",\"image\":{\"@type\":\"ImageObject\",\"inLanguage\":\"es-AR\",\"@id\":\"https:\\\/\\\/secure.gravatar.com\\\/avatar\\\/af6e19837c3d6a212034a48c7b3818d2ac1826f6025df0155da5a186ad321d79?s=96&d=mm&r=g\",\"url\":\"https:\\\/\\\/secure.gravatar.com\\\/avatar\\\/af6e19837c3d6a212034a48c7b3818d2ac1826f6025df0155da5a186ad321d79?s=96&d=mm&r=g\",\"contentUrl\":\"https:\\\/\\\/secure.gravatar.com\\\/avatar\\\/af6e19837c3d6a212034a48c7b3818d2ac1826f6025df0155da5a186ad321d79?s=96&d=mm&r=g\",\"caption\":\"E-GRUPOCLAN\"},\"sameAs\":[\"https:\\\/\\\/radioclanfm.com\"],\"url\":\"https:\\\/\\\/radioclanfm.com\\\/clanespectaculos\\\/author\\\/admin\\\/\"}]}<\/script>\n<!-- \/ Yoast SEO plugin. -->","yoast_head_json":{"title":"Allegra Cubero volvi\u00f3 a festejar sus 15 a\u00f1os: tres vestidos y su familia con looks a juego - CLAN ESPECTACULOS","robots":{"index":"index","follow":"follow","max-snippet":"max-snippet:-1","max-image-preview":"max-image-preview:large","max-video-preview":"max-video-preview:-1"},"canonical":"https:\/\/radioclanfm.com\/clanespectaculos\/allegra-cubero-volvio-a-festejar-sus-15-anos-tres-vestidos-y-su-familia-con-looks-a-juego\/","og_locale":"es_ES","og_type":"article","og_title":"Allegra Cubero volvi\u00f3 a festejar sus 15 a\u00f1os: tres vestidos y su familia con looks a juego - CLAN ESPECTACULOS","og_description":"Fabi\u00e1n Cubero, Mica Viciconte y sus hermanos Indiana, Sienna y Luca llevaron apuestas en azul y verde, al tono con la cumplea\u00f1era. Allegra Cubero\u00a0cumpli\u00f3 15 a\u00f1os en enero, durante unas vacaciones en Punta del Este con su mam\u00e1,\u00a0Nicole Neumann.\u00a0En ese entonces, hizo una celebraci\u00f3n \u00edntima, para luego festejarlo con amigos en su casa de Nordelta. [&hellip;]","og_url":"https:\/\/radioclanfm.com\/clanespectaculos\/allegra-cubero-volvio-a-festejar-sus-15-anos-tres-vestidos-y-su-familia-con-looks-a-juego\/","og_site_name":"CLAN ESPECTACULOS","article_publisher":"https:\/\/www.facebook.com\/clanespectaculos\/","article_published_time":"2026-04-28T00:17:04+00:00","og_image":[{"width":900,"height":507,"url":"https:\/\/radioclanfm.com\/clanespectaculos\/wp-content\/uploads\/sites\/2\/2026\/04\/d89cq7x2.jpg","type":"image\/jpeg"}],"author":"E-GRUPOCLAN","twitter_card":"summary_large_image","twitter_creator":"@clanespectok","twitter_site":"@clanespectok","twitter_misc":{"Escrito por":"E-GRUPOCLAN","Tiempo de lectura":"4 minutos"},"schema":{"@context":"https:\/\/schema.org","@graph":[{"@type":"Article","@id":"https:\/\/radioclanfm.com\/clanespectaculos\/allegra-cubero-volvio-a-festejar-sus-15-anos-tres-vestidos-y-su-familia-con-looks-a-juego\/#article","isPartOf":{"@id":"https:\/\/radioclanfm.com\/clanespectaculos\/allegra-cubero-volvio-a-festejar-sus-15-anos-tres-vestidos-y-su-familia-con-looks-a-juego\/"},"author":{"name":"E-GRUPOCLAN","@id":"https:\/\/radioclanfm.com\/clanespectaculos\/#\/schema\/person\/9734813083303230f3ad84d99171b20c"},"headline":"Allegra Cubero volvi\u00f3 a festejar sus 15 a\u00f1os: tres vestidos y su familia con looks a juego","datePublished":"2026-04-28T00:17:04+00:00","mainEntityOfPage":{"@id":"https:\/\/radioclanfm.com\/clanespectaculos\/allegra-cubero-volvio-a-festejar-sus-15-anos-tres-vestidos-y-su-familia-con-looks-a-juego\/"},"wordCount":539,"commentCount":0,"publisher":{"@id":"https:\/\/radioclanfm.com\/clanespectaculos\/#organization"},"image":{"@id":"https:\/\/radioclanfm.com\/clanespectaculos\/allegra-cubero-volvio-a-festejar-sus-15-anos-tres-vestidos-y-su-familia-con-looks-a-juego\/#primaryimage"},"thumbnailUrl":"https:\/\/radioclanfm.com\/clanespectaculos\/wp-content\/uploads\/sites\/2\/2026\/04\/d89cq7x2.jpg","articleSection":["MODA"],"inLanguage":"es-AR","potentialAction":[{"@type":"CommentAction","name":"Comment","target":["https:\/\/radioclanfm.com\/clanespectaculos\/allegra-cubero-volvio-a-festejar-sus-15-anos-tres-vestidos-y-su-familia-con-looks-a-juego\/#respond"]}]},{"@type":"WebPage","@id":"https:\/\/radioclanfm.com\/clanespectaculos\/allegra-cubero-volvio-a-festejar-sus-15-anos-tres-vestidos-y-su-familia-con-looks-a-juego\/","url":"https:\/\/radioclanfm.com\/clanespectaculos\/allegra-cubero-volvio-a-festejar-sus-15-anos-tres-vestidos-y-su-familia-con-looks-a-juego\/","name":"Allegra Cubero volvi\u00f3 a festejar sus 15 a\u00f1os: tres vestidos y su familia con looks a juego - CLAN ESPECTACULOS","isPartOf":{"@id":"https:\/\/radioclanfm.com\/clanespectaculos\/#website"},"primaryImageOfPage":{"@id":"https:\/\/radioclanfm.com\/clanespectaculos\/allegra-cubero-volvio-a-festejar-sus-15-anos-tres-vestidos-y-su-familia-con-looks-a-juego\/#primaryimage"},"image":{"@id":"https:\/\/radioclanfm.com\/clanespectaculos\/allegra-cubero-volvio-a-festejar-sus-15-anos-tres-vestidos-y-su-familia-con-looks-a-juego\/#primaryimage"},"thumbnailUrl":"https:\/\/radioclanfm.com\/clanespectaculos\/wp-content\/uploads\/sites\/2\/2026\/04\/d89cq7x2.jpg","datePublished":"2026-04-28T00:17:04+00:00","breadcrumb":{"@id":"https:\/\/radioclanfm.com\/clanespectaculos\/allegra-cubero-volvio-a-festejar-sus-15-anos-tres-vestidos-y-su-familia-con-looks-a-juego\/#breadcrumb"},"inLanguage":"es-AR","potentialAction":[{"@type":"ReadAction","target":["https:\/\/radioclanfm.com\/clanespectaculos\/allegra-cubero-volvio-a-festejar-sus-15-anos-tres-vestidos-y-su-familia-con-looks-a-juego\/"]}]},{"@type":"ImageObject","inLanguage":"es-AR","@id":"https:\/\/radioclanfm.com\/clanespectaculos\/allegra-cubero-volvio-a-festejar-sus-15-anos-tres-vestidos-y-su-familia-con-looks-a-juego\/#primaryimage","url":"https:\/\/radioclanfm.com\/clanespectaculos\/wp-content\/uploads\/sites\/2\/2026\/04\/d89cq7x2.jpg","contentUrl":"https:\/\/radioclanfm.com\/clanespectaculos\/wp-content\/uploads\/sites\/2\/2026\/04\/d89cq7x2.jpg","width":900,"height":507},{"@type":"BreadcrumbList","@id":"https:\/\/radioclanfm.com\/clanespectaculos\/allegra-cubero-volvio-a-festejar-sus-15-anos-tres-vestidos-y-su-familia-con-looks-a-juego\/#breadcrumb","itemListElement":[{"@type":"ListItem","position":1,"name":"Inicio","item":"https:\/\/radioclanfm.com\/clanespectaculos\/"},{"@type":"ListItem","position":2,"name":"Allegra Cubero volvi\u00f3 a festejar sus 15 a\u00f1os: tres vestidos y su familia con looks a juego"}]},{"@type":"WebSite","@id":"https:\/\/radioclanfm.com\/clanespectaculos\/#website","url":"https:\/\/radioclanfm.com\/clanespectaculos\/","name":"CLAN ESPECTACULOS","description":"","publisher":{"@id":"https:\/\/radioclanfm.com\/clanespectaculos\/#organization"},"potentialAction":[{"@type":"SearchAction","target":{"@type":"EntryPoint","urlTemplate":"https:\/\/radioclanfm.com\/clanespectaculos\/?s={search_term_string}"},"query-input":{"@type":"PropertyValueSpecification","valueRequired":true,"valueName":"search_term_string"}}],"inLanguage":"es-AR"},{"@type":"Organization","@id":"https:\/\/radioclanfm.com\/clanespectaculos\/#organization","name":"CLAN ESPECTACULOS","url":"https:\/\/radioclanfm.com\/clanespectaculos\/","logo":{"@type":"ImageObject","inLanguage":"es-AR","@id":"https:\/\/radioclanfm.com\/clanespectaculos\/#\/schema\/logo\/image\/","url":"https:\/\/radioclanfm.com\/clanespectaculos\/wp-content\/uploads\/sites\/2\/2026\/04\/ChatGPT-Image-23-mar-2026-10_09_00.png","contentUrl":"https:\/\/radioclanfm.com\/clanespectaculos\/wp-content\/uploads\/sites\/2\/2026\/04\/ChatGPT-Image-23-mar-2026-10_09_00.png","width":1024,"height":1024,"caption":"CLAN ESPECTACULOS"},"image":{"@id":"https:\/\/radioclanfm.com\/clanespectaculos\/#\/schema\/logo\/image\/"},"sameAs":["https:\/\/www.facebook.com\/clanespectaculos\/","https:\/\/x.com\/clanespectok"]},{"@type":"Person","@id":"https:\/\/radioclanfm.com\/clanespectaculos\/#\/schema\/person\/9734813083303230f3ad84d99171b20c","name":"E-GRUPOCLAN","image":{"@type":"ImageObject","inLanguage":"es-AR","@id":"https:\/\/secure.gravatar.com\/avatar\/af6e19837c3d6a212034a48c7b3818d2ac1826f6025df0155da5a186ad321d79?s=96&d=mm&r=g","url":"https:\/\/secure.gravatar.com\/avatar\/af6e19837c3d6a212034a48c7b3818d2ac1826f6025df0155da5a186ad321d79?s=96&d=mm&r=g","contentUrl":"https:\/\/secure.gravatar.com\/avatar\/af6e19837c3d6a212034a48c7b3818d2ac1826f6025df0155da5a186ad321d79?s=96&d=mm&r=g","caption":"E-GRUPOCLAN"},"sameAs":["https:\/\/radioclanfm.com"],"url":"https:\/\/radioclanfm.com\/clanespectaculos\/author\/admin\/"}]}},"_links":{"self":[{"href":"https:\/\/radioclanfm.com\/clanespectaculos\/wp-json\/wp\/v2\/posts\/15920","targetHints":{"allow":["GET"]}}],"collection":[{"href":"https:\/\/radioclanfm.com\/clanespectaculos\/wp-json\/wp\/v2\/posts"}],"about":[{"href":"https:\/\/radioclanfm.com\/clanespectaculos\/wp-json\/wp\/v2\/types\/post"}],"author":[{"embeddable":true,"href":"https:\/\/radioclanfm.com\/clanespectaculos\/wp-json\/wp\/v2\/users\/1"}],"replies":[{"embeddable":true,"href":"https:\/\/radioclanfm.com\/clanespectaculos\/wp-json\/wp\/v2\/comments?post=15920"}],"version-history":[{"count":1,"href":"https:\/\/radioclanfm.com\/clanespectaculos\/wp-json\/wp\/v2\/posts\/15920\/revisions"}],"predecessor-version":[{"id":15922,"href":"https:\/\/radioclanfm.com\/clanespectaculos\/wp-json\/wp\/v2\/posts\/15920\/revisions\/15922"}],"wp:featuredmedia":[{"embeddable":true,"href":"https:\/\/radioclanfm.com\/clanespectaculos\/wp-json\/wp\/v2\/media\/15921"}],"wp:attachment":[{"href":"https:\/\/radioclanfm.com\/clanespectaculos\/wp-json\/wp\/v2\/media?parent=15920"}],"wp:term":[{"taxonomy":"category","embeddable":true,"href":"https:\/\/radioclanfm.com\/clanespectaculos\/wp-json\/wp\/v2\/categories?post=15920"},{"taxonomy":"post_tag","embeddable":true,"href":"https:\/\/radioclanfm.com\/clanespectaculos\/wp-json\/wp\/v2\/tags?post=15920"}],"curies":[{"name":"wp","href":"https:\/\/api.w.org\/{rel}","templated":true}]}}