{"id":15916,"date":"2026-04-27T21:14:04","date_gmt":"2026-04-28T00:14:04","guid":{"rendered":"https:\/\/radioclanfm.com\/clanespectaculos\/?p=15916"},"modified":"2026-04-27T21:14:04","modified_gmt":"2026-04-28T00:14:04","slug":"agustina-gandolfo-es-furor-en-redes-con-microbikinis-y-outfits-sporty-que-marcan-tendencia","status":"publish","type":"post","link":"https:\/\/radioclanfm.com\/clanespectaculos\/agustina-gandolfo-es-furor-en-redes-con-microbikinis-y-outfits-sporty-que-marcan-tendencia\/","title":{"rendered":"Agustina Gandolfo es furor en redes con microbikinis y outfits sporty que marcan tendencia"},"content":{"rendered":"<p>Microbikinis batik y animal print de alto impacto y look sporty en total black.<\/p>\n<p class=\"paragraph font__body-regular\"><b>Agustina Gandolfo @agus.gandolfo <\/b><b>poste\u00f3 en redes sociales su look de microbikini<\/b>, la mendocina captur\u00f3 la atenci\u00f3n de sus millones de seguidores en pocos minutos.\u00a0<b>Eligi\u00f3 un conjunto de dos piezas de alto impacto<\/b>.<\/p>\n<div id=\"ad-slot-infeed\" class=\"infeed-container ad-slot-infeed ad-slot\" data-adtype=\"infeed\" data-lazyload=\"1\" data-google-query-id=\"CMbvlrmhj5QDFVAjHgAdBnYKPg\">\n<div id=\"google_ads_iframe_\/113951150\/tn-arc\/nota\/infeed_0__container__\"><\/div>\n<\/div>\n<p class=\"paragraph font__body-regular\"><b>La microbikini destac\u00f3 por su estampado batik<\/b>\u00a0en tonos rojizos, rosados y tierra, una paleta que<b>\u00a0resalt\u00f3 a la perfecci\u00f3n su bronceado\u00a0<\/b>intenso. El<b>\u00a0corpi\u00f1o present\u00f3 el cl\u00e1sico formato de triangulito ce\u00f1ido<\/b>\u00a0con breteles finos que se unieron en el cuello y espalda.<\/p>\n<div class=\"story-list\" data-mrf-recirculation=\"IL_RNrGCM52Q_ui4aMax3fibg\" data-testid=\"text-html\" data-mrf-experience=\"IL_RNrGCM52Q_ui4aMax3fibg\">\n<article class=\"card__container card__horizontal\">\n<div class=\"card__body\">\n<header>\n<h3 class=\"card__headline font__display\"><\/h3>\n<\/header>\n<\/div>\n<\/article>\n<\/div>\n<figure class=\"\" data-testid=\"figure-testid\">\n<div class=\"aspect_ratio__container\"><picture class=\"responsive-image\"><source srcset=\"https:\/\/tn.com.ar\/resizer\/v2\/agus-gandolfo-en-micro-bikini-rosa-foto-agusgandolfo-RGGZWEOCYFATNEOS62JKWOCDYA.jpg?auth=6a3ae1f2e54e1faa981d0d4490e1077805fc8a3ba39e7730775509d91b360a3c&amp;width=767\" type=\"image\/jpg\" media=\"(max-width: 728px)\" \/><source srcset=\"https:\/\/tn.com.ar\/resizer\/v2\/agus-gandolfo-en-micro-bikini-rosa-foto-agusgandolfo-RGGZWEOCYFATNEOS62JKWOCDYA.jpg?auth=6a3ae1f2e54e1faa981d0d4490e1077805fc8a3ba39e7730775509d91b360a3c&amp;width=1023\" type=\"image\/jpg\" media=\"(max-width: 1023px)\" \/><source srcset=\"https:\/\/tn.com.ar\/resizer\/v2\/agus-gandolfo-en-micro-bikini-rosa-foto-agusgandolfo-RGGZWEOCYFATNEOS62JKWOCDYA.jpg?auth=6a3ae1f2e54e1faa981d0d4490e1077805fc8a3ba39e7730775509d91b360a3c&amp;width=1440\" type=\"image\/jpg\" \/><img loading=\"lazy\" decoding=\"async\" class=\"image content-image image_placeholder\" src=\"https:\/\/tn.com.ar\/resizer\/v2\/agus-gandolfo-en-micro-bikini-rosa-foto-agusgandolfo-RGGZWEOCYFATNEOS62JKWOCDYA.jpg?auth=6a3ae1f2e54e1faa981d0d4490e1077805fc8a3ba39e7730775509d91b360a3c&amp;width=767\" alt=\"Agus Gandolfo en micro bikini rosa Foto: @agus.gandolfo\" width=\"767\" height=\"1023\" data-testid=\"loading-testid\" \/><\/picture><\/div><figcaption class=\"caption_image\" data-testid=\"figcaption-testid\">\n<div class=\"image_caption \">Agus Gandolfo en micro bikini rosa Foto: @agus.gandolfo<\/div>\n<\/figcaption><\/figure>\n<p class=\"paragraph font__body-regular\"><b>La bombacha sigui\u00f3 la l\u00ednea de la micro-tendencia<\/b>: una<b>\u00a0pieza de tiro alto<\/b>, con\u00a0<b>tiras laterales finas<\/b>\u00a0que Agustina ajust\u00f3 por encima de la cadera, con<b>\u00a0un corte cavado que favoreci\u00f3 su silueta<\/b>\u00a0y acentu\u00f3 sus piernas.<\/p>\n<p class=\"paragraph font__body-regular\"><b>Para el beauty look, prefiri\u00f3 la naturalidad<\/b>: luci\u00f3 su<b>\u00a0pelo largo y lacio\u00a0<\/b>con ca\u00edda natural, le dio un\u00a0<b>aire fresco y descontracturado\u00a0<\/b>al posar bajo el sol.<\/p>\n<div class=\"genoa_video raw relative vertical\">\n<div class=\"video_placeholder vertical\">\n<div class=\"aspect_ratio__container\"><picture class=\"responsive-image\"><source srcset=\"https:\/\/tn.com.ar\/resizer\/v2\/https%3A%2F%2Fthumbs.vodgc.net%2F1-467-4YW5ua1777309650712_720P.jpg?auth=7bab846e274935dedcfbe22cf88048aacc64ba35f918f2c795dfffe9559da5e3&amp;width=767\" type=\"image\/jpg\" media=\"(max-width: 728px)\" \/><source srcset=\"https:\/\/tn.com.ar\/resizer\/v2\/https%3A%2F%2Fthumbs.vodgc.net%2F1-467-4YW5ua1777309650712_720P.jpg?auth=7bab846e274935dedcfbe22cf88048aacc64ba35f918f2c795dfffe9559da5e3&amp;width=1023\" type=\"image\/jpg\" media=\"(max-width: 1023px)\" \/><source srcset=\"https:\/\/tn.com.ar\/resizer\/v2\/https%3A%2F%2Fthumbs.vodgc.net%2F1-467-4YW5ua1777309650712_720P.jpg?auth=7bab846e274935dedcfbe22cf88048aacc64ba35f918f2c795dfffe9559da5e3&amp;width=1440\" type=\"image\/jpg\" \/><\/picture><\/div>\n<p><button type=\"button\" data-testid=\"video-placeholder-button\"><img loading=\"lazy\" decoding=\"async\" class=\"alignnone size-full wp-image-15918\" src=\"https:\/\/radioclanfm.com\/clanespectaculos\/wp-content\/uploads\/sites\/2\/2026\/04\/HG7dPSpbEAAxGRj.jpg\" alt=\"\" width=\"1080\" height=\"1350\" srcset=\"https:\/\/radioclanfm.com\/clanespectaculos\/wp-content\/uploads\/sites\/2\/2026\/04\/HG7dPSpbEAAxGRj.jpg 1080w, https:\/\/radioclanfm.com\/clanespectaculos\/wp-content\/uploads\/sites\/2\/2026\/04\/HG7dPSpbEAAxGRj-976x1220.jpg 976w, https:\/\/radioclanfm.com\/clanespectaculos\/wp-content\/uploads\/sites\/2\/2026\/04\/HG7dPSpbEAAxGRj-768x960.jpg 768w, https:\/\/radioclanfm.com\/clanespectaculos\/wp-content\/uploads\/sites\/2\/2026\/04\/HG7dPSpbEAAxGRj-150x188.jpg 150w, https:\/\/radioclanfm.com\/clanespectaculos\/wp-content\/uploads\/sites\/2\/2026\/04\/HG7dPSpbEAAxGRj-300x375.jpg 300w, https:\/\/radioclanfm.com\/clanespectaculos\/wp-content\/uploads\/sites\/2\/2026\/04\/HG7dPSpbEAAxGRj-696x870.jpg 696w, https:\/\/radioclanfm.com\/clanespectaculos\/wp-content\/uploads\/sites\/2\/2026\/04\/HG7dPSpbEAAxGRj-1068x1335.jpg 1068w\" sizes=\"auto, (max-width: 1080px) 100vw, 1080px\" \/><\/button><\/div>\n<\/div>\n<div class=\"genoa_description font__body-regular\">Agus Gandolfo en micro bikini rosa : @agus.gandolfo<\/div>\n<p class=\"paragraph font__body-regular\">Opt\u00f3 por una propuesta\u00a0<b>no-makeup<\/b>, con apenas un toque de<b>\u00a0brillo en los labios y una piel luminosa<\/b>.<\/p>\n<h2 class=\"font--primary font__display\">Otro look con microbikini animal print<\/h2>\n<p class=\"paragraph font__body-regular\"><b>La influencer fitness comparti\u00f3 en redes sociales<\/b>\u00a0una serie de fotos tomadas en la isla de Tenerife, Espa\u00f1a, donde marc\u00f3 tendencia.\u00a0<b>Sobre la arena y con el mar de fondo, pos\u00f3 con una microbikini doble<\/b>.<\/p>\n<figure class=\"\" data-testid=\"figure-testid\">\n<div class=\"aspect_ratio__container\"><picture class=\"responsive-image\"><source srcset=\"https:\/\/tn.com.ar\/resizer\/v2\/agusgandolfo-con-su-look-de-playa-en-tenerife-fotoagusgandolfo-7ICORM2ZJFGCRM644N5SKI3YJA.jpg?auth=0cefff6c75c7df7f035ab58229f0fb142d02dc04f0de058276a0f260e02ac3ca&amp;width=767\" type=\"image\/jpg\" media=\"(max-width: 728px)\" \/><source srcset=\"https:\/\/tn.com.ar\/resizer\/v2\/agusgandolfo-con-su-look-de-playa-en-tenerife-fotoagusgandolfo-7ICORM2ZJFGCRM644N5SKI3YJA.jpg?auth=0cefff6c75c7df7f035ab58229f0fb142d02dc04f0de058276a0f260e02ac3ca&amp;width=1023\" type=\"image\/jpg\" media=\"(max-width: 1023px)\" \/><source srcset=\"https:\/\/tn.com.ar\/resizer\/v2\/agusgandolfo-con-su-look-de-playa-en-tenerife-fotoagusgandolfo-7ICORM2ZJFGCRM644N5SKI3YJA.jpg?auth=0cefff6c75c7df7f035ab58229f0fb142d02dc04f0de058276a0f260e02ac3ca&amp;width=1440\" type=\"image\/jpg\" \/><img loading=\"lazy\" decoding=\"async\" class=\"image content-image image_placeholder\" src=\"https:\/\/tn.com.ar\/resizer\/v2\/agusgandolfo-con-su-look-de-playa-en-tenerife-fotoagusgandolfo-7ICORM2ZJFGCRM644N5SKI3YJA.jpg?auth=0cefff6c75c7df7f035ab58229f0fb142d02dc04f0de058276a0f260e02ac3ca&amp;width=767\" alt=\"AgusGandolfo con su look de playa en Tenerife. Foto:@agus.gandolfo\" width=\"767\" height=\"1023\" data-testid=\"loading-testid\" \/><\/picture><\/div><figcaption class=\"caption_image\" data-testid=\"figcaption-testid\">\n<div class=\"image_caption \">AgusGandolfo con su look de playa en Tenerife. Foto:@agus.gandolfo<\/div>\n<\/figcaption><\/figure>\n<p class=\"paragraph font__body-regular\"><b>El dise\u00f1o se sum\u00f3 a la tendencia layering,\u00a0<\/b>esta vez con los trajes de ba\u00f1o.<b>\u00a0Combin\u00f3 como base una microbikini con estampa animal print de leopardo\u00a0<\/b>en tonos beige, marr\u00f3n y negro. Como\u00a0<b>segunda capa, otro conjunto negro liso\u00a0<\/b>superpuesto. La molder\u00eda es cl\u00e1sica, pero con un giro moderno:\u00a0<b>corpi\u00f1o triangular<\/b>\u00a0con tiras cruzadas y<b>\u00a0bombacha cavada<\/b>.<\/p>\n<figure class=\"\" data-testid=\"figure-testid\">\n<div class=\"aspect_ratio__container\"><picture class=\"responsive-image\"><source srcset=\"https:\/\/tn.com.ar\/resizer\/v2\/agusgandolfo-con-su-look-de-playa-en-tenerife-fotoagusgandolfo-TA3DXTBFYJF3TGZJWXGQUBEHO4.jpg?auth=60bfbf5f78a3bd08f968a04511b0b8b297a8cbb8e656e13b497c513b5b3f32f1&amp;width=767\" type=\"image\/jpg\" media=\"(max-width: 728px)\" \/><source srcset=\"https:\/\/tn.com.ar\/resizer\/v2\/agusgandolfo-con-su-look-de-playa-en-tenerife-fotoagusgandolfo-TA3DXTBFYJF3TGZJWXGQUBEHO4.jpg?auth=60bfbf5f78a3bd08f968a04511b0b8b297a8cbb8e656e13b497c513b5b3f32f1&amp;width=1023\" type=\"image\/jpg\" media=\"(max-width: 1023px)\" \/><source srcset=\"https:\/\/tn.com.ar\/resizer\/v2\/agusgandolfo-con-su-look-de-playa-en-tenerife-fotoagusgandolfo-TA3DXTBFYJF3TGZJWXGQUBEHO4.jpg?auth=60bfbf5f78a3bd08f968a04511b0b8b297a8cbb8e656e13b497c513b5b3f32f1&amp;width=1440\" type=\"image\/jpg\" \/><img loading=\"lazy\" decoding=\"async\" class=\"image content-image image_placeholder\" src=\"https:\/\/tn.com.ar\/resizer\/v2\/agusgandolfo-con-su-look-de-playa-en-tenerife-fotoagusgandolfo-TA3DXTBFYJF3TGZJWXGQUBEHO4.jpg?auth=60bfbf5f78a3bd08f968a04511b0b8b297a8cbb8e656e13b497c513b5b3f32f1&amp;width=767\" alt=\"AgusGandolfo con su look de playa en Tenerife. Foto:@agus.gandolfo\" width=\"767\" height=\"1023\" data-testid=\"loading-testid\" \/><\/picture><\/div><figcaption class=\"caption_image\" data-testid=\"figcaption-testid\">\n<div class=\"image_caption \">AgusGandolfo con su look de playa en Tenerife. Foto:@agus.gandolfo<\/div>\n<\/figcaption><\/figure>\n<p class=\"paragraph font__body-regular\"><b>Complet\u00f3 el look de playa\u00a0<\/b>con<b>\u00a0anteojos de sol<\/b>\u00a0negros rectangulares y\u00a0<b>aros de argolla dorados<\/b>. En cuanto al<b>\u00a0beauty look<\/b>, llev\u00f3 el<b>\u00a0pelo suelto y lacio\u00a0<\/b>con raya al medio y\u00a0<b>gloss\u00a0<\/b>en los labios.<\/p>\n<h2 class=\"font--primary font__display\">El look sporty de Agustina<\/h2>\n<p class=\"paragraph font__body-regular\"><b>Agustina Gandolfo en total black como influencer fitness:\u00a0<\/b>comparti\u00f3 en Instagram sus<b>\u00a0rutinas de entrenamiento y los looks que elige<\/b>\u00a0para cada ocasi\u00f3n.<\/p>\n<figure class=\"\" data-testid=\"figure-testid\">\n<div class=\"aspect_ratio__container\"><picture class=\"responsive-image\"><source srcset=\"https:\/\/tn.com.ar\/resizer\/v2\/agus-gandolfo-poso-con-un-look-deportivo-de-alo-foto-agusgandolfo-LZWP3DZEN5HJRAHAZ3SLJRZBBA.jpg?auth=590268c9e3d87b4c35255a53df5b1184eb8d75a6b5c462c43d3a0fc7f92dd7b6&amp;width=767\" type=\"image\/jpg\" media=\"(max-width: 728px)\" \/><source srcset=\"https:\/\/tn.com.ar\/resizer\/v2\/agus-gandolfo-poso-con-un-look-deportivo-de-alo-foto-agusgandolfo-LZWP3DZEN5HJRAHAZ3SLJRZBBA.jpg?auth=590268c9e3d87b4c35255a53df5b1184eb8d75a6b5c462c43d3a0fc7f92dd7b6&amp;width=1023\" type=\"image\/jpg\" media=\"(max-width: 1023px)\" \/><source srcset=\"https:\/\/tn.com.ar\/resizer\/v2\/agus-gandolfo-poso-con-un-look-deportivo-de-alo-foto-agusgandolfo-LZWP3DZEN5HJRAHAZ3SLJRZBBA.jpg?auth=590268c9e3d87b4c35255a53df5b1184eb8d75a6b5c462c43d3a0fc7f92dd7b6&amp;width=1440\" type=\"image\/jpg\" \/><img loading=\"lazy\" decoding=\"async\" class=\"image content-image image_placeholder\" src=\"https:\/\/tn.com.ar\/resizer\/v2\/agus-gandolfo-poso-con-un-look-deportivo-de-alo-foto-agusgandolfo-LZWP3DZEN5HJRAHAZ3SLJRZBBA.jpg?auth=590268c9e3d87b4c35255a53df5b1184eb8d75a6b5c462c43d3a0fc7f92dd7b6&amp;width=767\" alt=\"Agus Gandolfo pos\u00f3 con un look deportivo de Alo. Foto: @agus.gandolfo\" width=\"767\" height=\"1023\" data-testid=\"loading-testid\" \/><\/picture><\/div><figcaption class=\"caption_image\" data-testid=\"figcaption-testid\">\n<div class=\"image_caption \">Agus Gandolfo pos\u00f3 con un look deportivo de Alo. Foto: @agus.gandolfo<\/div>\n<\/figcaption><\/figure>\n<p class=\"paragraph font__body-regular\">Pos\u00f3 con un\u00a0<b>set negro liso\u00a0<\/b>compuesto por un<b>\u00a0top deportivo de molder\u00eda triangular y calzas cl\u00e1sicas<\/b>\u00a0de tiro alto. El conjunto pertenece a<b>\u00a0Alo Yoga<\/b>, una de las<b>\u00a0firmas favoritas del mundo fashion<\/b>, con su logo en blanco caracter\u00edstico.<\/p>\n<figure class=\"\" data-testid=\"figure-testid\">\n<div class=\"aspect_ratio__container\"><picture class=\"responsive-image\"><source srcset=\"https:\/\/tn.com.ar\/resizer\/v2\/agus-gandolfo-poso-con-un-look-deportivo-de-alo-foto-agusgandolfo-A5E2ZYSFRRH65NWRV6HICN3NBQ.jpg?auth=36fd8d7657ecd2c2a9b6e5e7ade6ef2a9d9947e113a313e3e3a81af9a39ac7c1&amp;width=767\" type=\"image\/jpg\" media=\"(max-width: 728px)\" \/><source srcset=\"https:\/\/tn.com.ar\/resizer\/v2\/agus-gandolfo-poso-con-un-look-deportivo-de-alo-foto-agusgandolfo-A5E2ZYSFRRH65NWRV6HICN3NBQ.jpg?auth=36fd8d7657ecd2c2a9b6e5e7ade6ef2a9d9947e113a313e3e3a81af9a39ac7c1&amp;width=1023\" type=\"image\/jpg\" media=\"(max-width: 1023px)\" \/><source srcset=\"https:\/\/tn.com.ar\/resizer\/v2\/agus-gandolfo-poso-con-un-look-deportivo-de-alo-foto-agusgandolfo-A5E2ZYSFRRH65NWRV6HICN3NBQ.jpg?auth=36fd8d7657ecd2c2a9b6e5e7ade6ef2a9d9947e113a313e3e3a81af9a39ac7c1&amp;width=1440\" type=\"image\/jpg\" \/><img loading=\"lazy\" decoding=\"async\" class=\"image content-image image_placeholder\" src=\"https:\/\/tn.com.ar\/resizer\/v2\/agus-gandolfo-poso-con-un-look-deportivo-de-alo-foto-agusgandolfo-A5E2ZYSFRRH65NWRV6HICN3NBQ.jpg?auth=36fd8d7657ecd2c2a9b6e5e7ade6ef2a9d9947e113a313e3e3a81af9a39ac7c1&amp;width=767\" alt=\"Agus Gandolfo pos\u00f3 con un look deportivo de Alo. Foto: @agus.gandolfo\" width=\"767\" height=\"1022\" data-testid=\"loading-testid\" \/><\/picture><\/div><figcaption class=\"caption_image\" data-testid=\"figcaption-testid\">\n<div class=\"image_caption \">Agus Gandolfo pos\u00f3 con un look deportivo de Alo. Foto: @agus.gandolfo<\/div>\n<\/figcaption><\/figure>\n<p class=\"paragraph font__body-regular\"><b>Siempre fashionista, la esposa de Lautaro Mart\u00ednez<\/b>\u00a0complet\u00f3 el outfit sporty<b>\u00a0<\/b>con\u00a0<b>aros dorados, reloj smart<\/b>\u00a0y un<b>\u00a0beauty look natural:<\/b>\u00a0pelo lacio y\u00a0<b>make up<\/b>\u00a0con m\u00e1scara de pesta\u00f1as, delineado sutil, rubor y labios en tono nude.<\/p>\n","protected":false},"excerpt":{"rendered":"<p>Microbikinis batik y animal print de alto impacto y look sporty en total black. Agustina Gandolfo @agus.gandolfo poste\u00f3 en redes sociales su look de microbikini, la mendocina captur\u00f3 la atenci\u00f3n de sus millones de seguidores en pocos minutos.\u00a0Eligi\u00f3 un conjunto de dos piezas de alto impacto. La microbikini destac\u00f3 por su estampado batik\u00a0en tonos rojizos, [&hellip;]<\/p>\n","protected":false},"author":1,"featured_media":15917,"comment_status":"open","ping_status":"open","sticky":false,"template":"","format":"standard","meta":{"rop_custom_images_group":[],"rop_custom_messages_group":[],"rop_publish_now":"initial","rop_publish_now_accounts":[],"rop_publish_now_history":[],"rop_publish_now_status":"pending","footnotes":"","jetpack_publicize_message":"","jetpack_publicize_feature_enabled":true,"jetpack_social_post_already_shared":true,"jetpack_social_options":{"image_generator_settings":{"template":"highway","enabled":false},"version":2}},"categories":[14],"tags":[],"class_list":{"0":"post-15916","1":"post","2":"type-post","3":"status-publish","4":"format-standard","5":"has-post-thumbnail","7":"category-chica-hot"},"jetpack_publicize_connections":[],"yoast_head":"<!-- This site is optimized with the Yoast SEO plugin v27.3 - https:\/\/yoast.com\/product\/yoast-seo-wordpress\/ -->\n<title>Agustina Gandolfo es furor en redes con microbikinis y outfits sporty que marcan tendencia - CLAN ESPECTACULOS<\/title>\n<meta name=\"robots\" content=\"index, follow, max-snippet:-1, max-image-preview:large, max-video-preview:-1\" \/>\n<link rel=\"canonical\" href=\"https:\/\/radioclanfm.com\/clanespectaculos\/agustina-gandolfo-es-furor-en-redes-con-microbikinis-y-outfits-sporty-que-marcan-tendencia\/\" \/>\n<meta property=\"og:locale\" content=\"es_ES\" \/>\n<meta property=\"og:type\" content=\"article\" \/>\n<meta property=\"og:title\" content=\"Agustina Gandolfo es furor en redes con microbikinis y outfits sporty que marcan tendencia - CLAN ESPECTACULOS\" \/>\n<meta property=\"og:description\" content=\"Microbikinis batik y animal print de alto impacto y look sporty en total black. Agustina Gandolfo @agus.gandolfo poste\u00f3 en redes sociales su look de microbikini, la mendocina captur\u00f3 la atenci\u00f3n de sus millones de seguidores en pocos minutos.\u00a0Eligi\u00f3 un conjunto de dos piezas de alto impacto. La microbikini destac\u00f3 por su estampado batik\u00a0en tonos rojizos, [&hellip;]\" \/>\n<meta property=\"og:url\" content=\"https:\/\/radioclanfm.com\/clanespectaculos\/agustina-gandolfo-es-furor-en-redes-con-microbikinis-y-outfits-sporty-que-marcan-tendencia\/\" \/>\n<meta property=\"og:site_name\" content=\"CLAN ESPECTACULOS\" \/>\n<meta property=\"article:publisher\" content=\"https:\/\/www.facebook.com\/clanespectaculos\/\" \/>\n<meta property=\"article:published_time\" content=\"2026-04-28T00:14:04+00:00\" \/>\n<meta property=\"og:image\" content=\"https:\/\/radioclanfm.com\/clanespectaculos\/wp-content\/uploads\/sites\/2\/2026\/04\/dU01vcIs.jpg\" \/>\n\t<meta property=\"og:image:width\" content=\"900\" \/>\n\t<meta property=\"og:image:height\" content=\"506\" \/>\n\t<meta property=\"og:image:type\" content=\"image\/jpeg\" \/>\n<meta name=\"author\" content=\"E-GRUPOCLAN\" \/>\n<meta name=\"twitter:card\" content=\"summary_large_image\" \/>\n<meta name=\"twitter:creator\" content=\"@clanespectok\" \/>\n<meta name=\"twitter:site\" content=\"@clanespectok\" \/>\n<meta name=\"twitter:label1\" content=\"Escrito por\" \/>\n\t<meta name=\"twitter:data1\" content=\"E-GRUPOCLAN\" \/>\n\t<meta name=\"twitter:label2\" content=\"Tiempo de lectura\" \/>\n\t<meta name=\"twitter:data2\" content=\"4 minutos\" \/>\n<script type=\"application\/ld+json\" class=\"yoast-schema-graph\">{\"@context\":\"https:\\\/\\\/schema.org\",\"@graph\":[{\"@type\":\"Article\",\"@id\":\"https:\\\/\\\/radioclanfm.com\\\/clanespectaculos\\\/agustina-gandolfo-es-furor-en-redes-con-microbikinis-y-outfits-sporty-que-marcan-tendencia\\\/#article\",\"isPartOf\":{\"@id\":\"https:\\\/\\\/radioclanfm.com\\\/clanespectaculos\\\/agustina-gandolfo-es-furor-en-redes-con-microbikinis-y-outfits-sporty-que-marcan-tendencia\\\/\"},\"author\":{\"name\":\"E-GRUPOCLAN\",\"@id\":\"https:\\\/\\\/radioclanfm.com\\\/clanespectaculos\\\/#\\\/schema\\\/person\\\/9734813083303230f3ad84d99171b20c\"},\"headline\":\"Agustina Gandolfo es furor en redes con microbikinis y outfits sporty que marcan tendencia\",\"datePublished\":\"2026-04-28T00:14:04+00:00\",\"mainEntityOfPage\":{\"@id\":\"https:\\\/\\\/radioclanfm.com\\\/clanespectaculos\\\/agustina-gandolfo-es-furor-en-redes-con-microbikinis-y-outfits-sporty-que-marcan-tendencia\\\/\"},\"wordCount\":512,\"commentCount\":0,\"publisher\":{\"@id\":\"https:\\\/\\\/radioclanfm.com\\\/clanespectaculos\\\/#organization\"},\"image\":{\"@id\":\"https:\\\/\\\/radioclanfm.com\\\/clanespectaculos\\\/agustina-gandolfo-es-furor-en-redes-con-microbikinis-y-outfits-sporty-que-marcan-tendencia\\\/#primaryimage\"},\"thumbnailUrl\":\"https:\\\/\\\/radioclanfm.com\\\/clanespectaculos\\\/wp-content\\\/uploads\\\/sites\\\/2\\\/2026\\\/04\\\/dU01vcIs.jpg\",\"articleSection\":[\"CHICA HOT\"],\"inLanguage\":\"es-AR\",\"potentialAction\":[{\"@type\":\"CommentAction\",\"name\":\"Comment\",\"target\":[\"https:\\\/\\\/radioclanfm.com\\\/clanespectaculos\\\/agustina-gandolfo-es-furor-en-redes-con-microbikinis-y-outfits-sporty-que-marcan-tendencia\\\/#respond\"]}]},{\"@type\":\"WebPage\",\"@id\":\"https:\\\/\\\/radioclanfm.com\\\/clanespectaculos\\\/agustina-gandolfo-es-furor-en-redes-con-microbikinis-y-outfits-sporty-que-marcan-tendencia\\\/\",\"url\":\"https:\\\/\\\/radioclanfm.com\\\/clanespectaculos\\\/agustina-gandolfo-es-furor-en-redes-con-microbikinis-y-outfits-sporty-que-marcan-tendencia\\\/\",\"name\":\"Agustina Gandolfo es furor en redes con microbikinis y outfits sporty que marcan tendencia - CLAN ESPECTACULOS\",\"isPartOf\":{\"@id\":\"https:\\\/\\\/radioclanfm.com\\\/clanespectaculos\\\/#website\"},\"primaryImageOfPage\":{\"@id\":\"https:\\\/\\\/radioclanfm.com\\\/clanespectaculos\\\/agustina-gandolfo-es-furor-en-redes-con-microbikinis-y-outfits-sporty-que-marcan-tendencia\\\/#primaryimage\"},\"image\":{\"@id\":\"https:\\\/\\\/radioclanfm.com\\\/clanespectaculos\\\/agustina-gandolfo-es-furor-en-redes-con-microbikinis-y-outfits-sporty-que-marcan-tendencia\\\/#primaryimage\"},\"thumbnailUrl\":\"https:\\\/\\\/radioclanfm.com\\\/clanespectaculos\\\/wp-content\\\/uploads\\\/sites\\\/2\\\/2026\\\/04\\\/dU01vcIs.jpg\",\"datePublished\":\"2026-04-28T00:14:04+00:00\",\"breadcrumb\":{\"@id\":\"https:\\\/\\\/radioclanfm.com\\\/clanespectaculos\\\/agustina-gandolfo-es-furor-en-redes-con-microbikinis-y-outfits-sporty-que-marcan-tendencia\\\/#breadcrumb\"},\"inLanguage\":\"es-AR\",\"potentialAction\":[{\"@type\":\"ReadAction\",\"target\":[\"https:\\\/\\\/radioclanfm.com\\\/clanespectaculos\\\/agustina-gandolfo-es-furor-en-redes-con-microbikinis-y-outfits-sporty-que-marcan-tendencia\\\/\"]}]},{\"@type\":\"ImageObject\",\"inLanguage\":\"es-AR\",\"@id\":\"https:\\\/\\\/radioclanfm.com\\\/clanespectaculos\\\/agustina-gandolfo-es-furor-en-redes-con-microbikinis-y-outfits-sporty-que-marcan-tendencia\\\/#primaryimage\",\"url\":\"https:\\\/\\\/radioclanfm.com\\\/clanespectaculos\\\/wp-content\\\/uploads\\\/sites\\\/2\\\/2026\\\/04\\\/dU01vcIs.jpg\",\"contentUrl\":\"https:\\\/\\\/radioclanfm.com\\\/clanespectaculos\\\/wp-content\\\/uploads\\\/sites\\\/2\\\/2026\\\/04\\\/dU01vcIs.jpg\",\"width\":900,\"height\":506},{\"@type\":\"BreadcrumbList\",\"@id\":\"https:\\\/\\\/radioclanfm.com\\\/clanespectaculos\\\/agustina-gandolfo-es-furor-en-redes-con-microbikinis-y-outfits-sporty-que-marcan-tendencia\\\/#breadcrumb\",\"itemListElement\":[{\"@type\":\"ListItem\",\"position\":1,\"name\":\"Inicio\",\"item\":\"https:\\\/\\\/radioclanfm.com\\\/clanespectaculos\\\/\"},{\"@type\":\"ListItem\",\"position\":2,\"name\":\"Agustina Gandolfo es furor en redes con microbikinis y outfits sporty que marcan tendencia\"}]},{\"@type\":\"WebSite\",\"@id\":\"https:\\\/\\\/radioclanfm.com\\\/clanespectaculos\\\/#website\",\"url\":\"https:\\\/\\\/radioclanfm.com\\\/clanespectaculos\\\/\",\"name\":\"CLAN ESPECTACULOS\",\"description\":\"\",\"publisher\":{\"@id\":\"https:\\\/\\\/radioclanfm.com\\\/clanespectaculos\\\/#organization\"},\"potentialAction\":[{\"@type\":\"SearchAction\",\"target\":{\"@type\":\"EntryPoint\",\"urlTemplate\":\"https:\\\/\\\/radioclanfm.com\\\/clanespectaculos\\\/?s={search_term_string}\"},\"query-input\":{\"@type\":\"PropertyValueSpecification\",\"valueRequired\":true,\"valueName\":\"search_term_string\"}}],\"inLanguage\":\"es-AR\"},{\"@type\":\"Organization\",\"@id\":\"https:\\\/\\\/radioclanfm.com\\\/clanespectaculos\\\/#organization\",\"name\":\"CLAN ESPECTACULOS\",\"url\":\"https:\\\/\\\/radioclanfm.com\\\/clanespectaculos\\\/\",\"logo\":{\"@type\":\"ImageObject\",\"inLanguage\":\"es-AR\",\"@id\":\"https:\\\/\\\/radioclanfm.com\\\/clanespectaculos\\\/#\\\/schema\\\/logo\\\/image\\\/\",\"url\":\"https:\\\/\\\/radioclanfm.com\\\/clanespectaculos\\\/wp-content\\\/uploads\\\/sites\\\/2\\\/2026\\\/04\\\/ChatGPT-Image-23-mar-2026-10_09_00.png\",\"contentUrl\":\"https:\\\/\\\/radioclanfm.com\\\/clanespectaculos\\\/wp-content\\\/uploads\\\/sites\\\/2\\\/2026\\\/04\\\/ChatGPT-Image-23-mar-2026-10_09_00.png\",\"width\":1024,\"height\":1024,\"caption\":\"CLAN ESPECTACULOS\"},\"image\":{\"@id\":\"https:\\\/\\\/radioclanfm.com\\\/clanespectaculos\\\/#\\\/schema\\\/logo\\\/image\\\/\"},\"sameAs\":[\"https:\\\/\\\/www.facebook.com\\\/clanespectaculos\\\/\",\"https:\\\/\\\/x.com\\\/clanespectok\"]},{\"@type\":\"Person\",\"@id\":\"https:\\\/\\\/radioclanfm.com\\\/clanespectaculos\\\/#\\\/schema\\\/person\\\/9734813083303230f3ad84d99171b20c\",\"name\":\"E-GRUPOCLAN\",\"image\":{\"@type\":\"ImageObject\",\"inLanguage\":\"es-AR\",\"@id\":\"https:\\\/\\\/secure.gravatar.com\\\/avatar\\\/af6e19837c3d6a212034a48c7b3818d2ac1826f6025df0155da5a186ad321d79?s=96&d=mm&r=g\",\"url\":\"https:\\\/\\\/secure.gravatar.com\\\/avatar\\\/af6e19837c3d6a212034a48c7b3818d2ac1826f6025df0155da5a186ad321d79?s=96&d=mm&r=g\",\"contentUrl\":\"https:\\\/\\\/secure.gravatar.com\\\/avatar\\\/af6e19837c3d6a212034a48c7b3818d2ac1826f6025df0155da5a186ad321d79?s=96&d=mm&r=g\",\"caption\":\"E-GRUPOCLAN\"},\"sameAs\":[\"https:\\\/\\\/radioclanfm.com\"],\"url\":\"https:\\\/\\\/radioclanfm.com\\\/clanespectaculos\\\/author\\\/admin\\\/\"}]}<\/script>\n<!-- \/ Yoast SEO plugin. -->","yoast_head_json":{"title":"Agustina Gandolfo es furor en redes con microbikinis y outfits sporty que marcan tendencia - CLAN ESPECTACULOS","robots":{"index":"index","follow":"follow","max-snippet":"max-snippet:-1","max-image-preview":"max-image-preview:large","max-video-preview":"max-video-preview:-1"},"canonical":"https:\/\/radioclanfm.com\/clanespectaculos\/agustina-gandolfo-es-furor-en-redes-con-microbikinis-y-outfits-sporty-que-marcan-tendencia\/","og_locale":"es_ES","og_type":"article","og_title":"Agustina Gandolfo es furor en redes con microbikinis y outfits sporty que marcan tendencia - CLAN ESPECTACULOS","og_description":"Microbikinis batik y animal print de alto impacto y look sporty en total black. Agustina Gandolfo @agus.gandolfo poste\u00f3 en redes sociales su look de microbikini, la mendocina captur\u00f3 la atenci\u00f3n de sus millones de seguidores en pocos minutos.\u00a0Eligi\u00f3 un conjunto de dos piezas de alto impacto. La microbikini destac\u00f3 por su estampado batik\u00a0en tonos rojizos, [&hellip;]","og_url":"https:\/\/radioclanfm.com\/clanespectaculos\/agustina-gandolfo-es-furor-en-redes-con-microbikinis-y-outfits-sporty-que-marcan-tendencia\/","og_site_name":"CLAN ESPECTACULOS","article_publisher":"https:\/\/www.facebook.com\/clanespectaculos\/","article_published_time":"2026-04-28T00:14:04+00:00","og_image":[{"width":900,"height":506,"url":"https:\/\/radioclanfm.com\/clanespectaculos\/wp-content\/uploads\/sites\/2\/2026\/04\/dU01vcIs.jpg","type":"image\/jpeg"}],"author":"E-GRUPOCLAN","twitter_card":"summary_large_image","twitter_creator":"@clanespectok","twitter_site":"@clanespectok","twitter_misc":{"Escrito por":"E-GRUPOCLAN","Tiempo de lectura":"4 minutos"},"schema":{"@context":"https:\/\/schema.org","@graph":[{"@type":"Article","@id":"https:\/\/radioclanfm.com\/clanespectaculos\/agustina-gandolfo-es-furor-en-redes-con-microbikinis-y-outfits-sporty-que-marcan-tendencia\/#article","isPartOf":{"@id":"https:\/\/radioclanfm.com\/clanespectaculos\/agustina-gandolfo-es-furor-en-redes-con-microbikinis-y-outfits-sporty-que-marcan-tendencia\/"},"author":{"name":"E-GRUPOCLAN","@id":"https:\/\/radioclanfm.com\/clanespectaculos\/#\/schema\/person\/9734813083303230f3ad84d99171b20c"},"headline":"Agustina Gandolfo es furor en redes con microbikinis y outfits sporty que marcan tendencia","datePublished":"2026-04-28T00:14:04+00:00","mainEntityOfPage":{"@id":"https:\/\/radioclanfm.com\/clanespectaculos\/agustina-gandolfo-es-furor-en-redes-con-microbikinis-y-outfits-sporty-que-marcan-tendencia\/"},"wordCount":512,"commentCount":0,"publisher":{"@id":"https:\/\/radioclanfm.com\/clanespectaculos\/#organization"},"image":{"@id":"https:\/\/radioclanfm.com\/clanespectaculos\/agustina-gandolfo-es-furor-en-redes-con-microbikinis-y-outfits-sporty-que-marcan-tendencia\/#primaryimage"},"thumbnailUrl":"https:\/\/radioclanfm.com\/clanespectaculos\/wp-content\/uploads\/sites\/2\/2026\/04\/dU01vcIs.jpg","articleSection":["CHICA HOT"],"inLanguage":"es-AR","potentialAction":[{"@type":"CommentAction","name":"Comment","target":["https:\/\/radioclanfm.com\/clanespectaculos\/agustina-gandolfo-es-furor-en-redes-con-microbikinis-y-outfits-sporty-que-marcan-tendencia\/#respond"]}]},{"@type":"WebPage","@id":"https:\/\/radioclanfm.com\/clanespectaculos\/agustina-gandolfo-es-furor-en-redes-con-microbikinis-y-outfits-sporty-que-marcan-tendencia\/","url":"https:\/\/radioclanfm.com\/clanespectaculos\/agustina-gandolfo-es-furor-en-redes-con-microbikinis-y-outfits-sporty-que-marcan-tendencia\/","name":"Agustina Gandolfo es furor en redes con microbikinis y outfits sporty que marcan tendencia - CLAN ESPECTACULOS","isPartOf":{"@id":"https:\/\/radioclanfm.com\/clanespectaculos\/#website"},"primaryImageOfPage":{"@id":"https:\/\/radioclanfm.com\/clanespectaculos\/agustina-gandolfo-es-furor-en-redes-con-microbikinis-y-outfits-sporty-que-marcan-tendencia\/#primaryimage"},"image":{"@id":"https:\/\/radioclanfm.com\/clanespectaculos\/agustina-gandolfo-es-furor-en-redes-con-microbikinis-y-outfits-sporty-que-marcan-tendencia\/#primaryimage"},"thumbnailUrl":"https:\/\/radioclanfm.com\/clanespectaculos\/wp-content\/uploads\/sites\/2\/2026\/04\/dU01vcIs.jpg","datePublished":"2026-04-28T00:14:04+00:00","breadcrumb":{"@id":"https:\/\/radioclanfm.com\/clanespectaculos\/agustina-gandolfo-es-furor-en-redes-con-microbikinis-y-outfits-sporty-que-marcan-tendencia\/#breadcrumb"},"inLanguage":"es-AR","potentialAction":[{"@type":"ReadAction","target":["https:\/\/radioclanfm.com\/clanespectaculos\/agustina-gandolfo-es-furor-en-redes-con-microbikinis-y-outfits-sporty-que-marcan-tendencia\/"]}]},{"@type":"ImageObject","inLanguage":"es-AR","@id":"https:\/\/radioclanfm.com\/clanespectaculos\/agustina-gandolfo-es-furor-en-redes-con-microbikinis-y-outfits-sporty-que-marcan-tendencia\/#primaryimage","url":"https:\/\/radioclanfm.com\/clanespectaculos\/wp-content\/uploads\/sites\/2\/2026\/04\/dU01vcIs.jpg","contentUrl":"https:\/\/radioclanfm.com\/clanespectaculos\/wp-content\/uploads\/sites\/2\/2026\/04\/dU01vcIs.jpg","width":900,"height":506},{"@type":"BreadcrumbList","@id":"https:\/\/radioclanfm.com\/clanespectaculos\/agustina-gandolfo-es-furor-en-redes-con-microbikinis-y-outfits-sporty-que-marcan-tendencia\/#breadcrumb","itemListElement":[{"@type":"ListItem","position":1,"name":"Inicio","item":"https:\/\/radioclanfm.com\/clanespectaculos\/"},{"@type":"ListItem","position":2,"name":"Agustina Gandolfo es furor en redes con microbikinis y outfits sporty que marcan tendencia"}]},{"@type":"WebSite","@id":"https:\/\/radioclanfm.com\/clanespectaculos\/#website","url":"https:\/\/radioclanfm.com\/clanespectaculos\/","name":"CLAN ESPECTACULOS","description":"","publisher":{"@id":"https:\/\/radioclanfm.com\/clanespectaculos\/#organization"},"potentialAction":[{"@type":"SearchAction","target":{"@type":"EntryPoint","urlTemplate":"https:\/\/radioclanfm.com\/clanespectaculos\/?s={search_term_string}"},"query-input":{"@type":"PropertyValueSpecification","valueRequired":true,"valueName":"search_term_string"}}],"inLanguage":"es-AR"},{"@type":"Organization","@id":"https:\/\/radioclanfm.com\/clanespectaculos\/#organization","name":"CLAN ESPECTACULOS","url":"https:\/\/radioclanfm.com\/clanespectaculos\/","logo":{"@type":"ImageObject","inLanguage":"es-AR","@id":"https:\/\/radioclanfm.com\/clanespectaculos\/#\/schema\/logo\/image\/","url":"https:\/\/radioclanfm.com\/clanespectaculos\/wp-content\/uploads\/sites\/2\/2026\/04\/ChatGPT-Image-23-mar-2026-10_09_00.png","contentUrl":"https:\/\/radioclanfm.com\/clanespectaculos\/wp-content\/uploads\/sites\/2\/2026\/04\/ChatGPT-Image-23-mar-2026-10_09_00.png","width":1024,"height":1024,"caption":"CLAN ESPECTACULOS"},"image":{"@id":"https:\/\/radioclanfm.com\/clanespectaculos\/#\/schema\/logo\/image\/"},"sameAs":["https:\/\/www.facebook.com\/clanespectaculos\/","https:\/\/x.com\/clanespectok"]},{"@type":"Person","@id":"https:\/\/radioclanfm.com\/clanespectaculos\/#\/schema\/person\/9734813083303230f3ad84d99171b20c","name":"E-GRUPOCLAN","image":{"@type":"ImageObject","inLanguage":"es-AR","@id":"https:\/\/secure.gravatar.com\/avatar\/af6e19837c3d6a212034a48c7b3818d2ac1826f6025df0155da5a186ad321d79?s=96&d=mm&r=g","url":"https:\/\/secure.gravatar.com\/avatar\/af6e19837c3d6a212034a48c7b3818d2ac1826f6025df0155da5a186ad321d79?s=96&d=mm&r=g","contentUrl":"https:\/\/secure.gravatar.com\/avatar\/af6e19837c3d6a212034a48c7b3818d2ac1826f6025df0155da5a186ad321d79?s=96&d=mm&r=g","caption":"E-GRUPOCLAN"},"sameAs":["https:\/\/radioclanfm.com"],"url":"https:\/\/radioclanfm.com\/clanespectaculos\/author\/admin\/"}]}},"_links":{"self":[{"href":"https:\/\/radioclanfm.com\/clanespectaculos\/wp-json\/wp\/v2\/posts\/15916","targetHints":{"allow":["GET"]}}],"collection":[{"href":"https:\/\/radioclanfm.com\/clanespectaculos\/wp-json\/wp\/v2\/posts"}],"about":[{"href":"https:\/\/radioclanfm.com\/clanespectaculos\/wp-json\/wp\/v2\/types\/post"}],"author":[{"embeddable":true,"href":"https:\/\/radioclanfm.com\/clanespectaculos\/wp-json\/wp\/v2\/users\/1"}],"replies":[{"embeddable":true,"href":"https:\/\/radioclanfm.com\/clanespectaculos\/wp-json\/wp\/v2\/comments?post=15916"}],"version-history":[{"count":1,"href":"https:\/\/radioclanfm.com\/clanespectaculos\/wp-json\/wp\/v2\/posts\/15916\/revisions"}],"predecessor-version":[{"id":15919,"href":"https:\/\/radioclanfm.com\/clanespectaculos\/wp-json\/wp\/v2\/posts\/15916\/revisions\/15919"}],"wp:featuredmedia":[{"embeddable":true,"href":"https:\/\/radioclanfm.com\/clanespectaculos\/wp-json\/wp\/v2\/media\/15917"}],"wp:attachment":[{"href":"https:\/\/radioclanfm.com\/clanespectaculos\/wp-json\/wp\/v2\/media?parent=15916"}],"wp:term":[{"taxonomy":"category","embeddable":true,"href":"https:\/\/radioclanfm.com\/clanespectaculos\/wp-json\/wp\/v2\/categories?post=15916"},{"taxonomy":"post_tag","embeddable":true,"href":"https:\/\/radioclanfm.com\/clanespectaculos\/wp-json\/wp\/v2\/tags?post=15916"}],"curies":[{"name":"wp","href":"https:\/\/api.w.org\/{rel}","templated":true}]}}