{"id":15913,"date":"2026-04-27T21:11:56","date_gmt":"2026-04-28T00:11:56","guid":{"rendered":"https:\/\/radioclanfm.com\/clanespectaculos\/?p=15913"},"modified":"2026-04-27T21:11:56","modified_gmt":"2026-04-28T00:11:56","slug":"una-noche-de-moda-y-sorpresas-las-perlitas-que-dejo-el-martin-fierro-de-la-moda","status":"publish","type":"post","link":"https:\/\/radioclanfm.com\/clanespectaculos\/una-noche-de-moda-y-sorpresas-las-perlitas-que-dejo-el-martin-fierro-de-la-moda\/","title":{"rendered":"Una noche de moda y sorpresas: las perlitas que dej\u00f3 el Mart\u00edn Fierro de la Moda"},"content":{"rendered":"<p>M\u00e1s all\u00e1 de los premios y los looks, la ceremonia estuvo marcada por gestos inesperados, discursos emotivos y situaciones que rompieron el guion y le dieron un tono propio a la gala.<\/p>\n<div class=\"col-content\"><main class=\"col-content\"><\/p>\n<div class=\"default-article-color article__body article__article\">\n<p class=\"paragraph font__body-regular\">La alfombra del\u00a0<b>Mart\u00edn Fierro de la Moda<\/b>\u00a0volvi\u00f3 a convertirse en un escenario en s\u00ed mismo: no solo por los looks, sino por todo lo que pas\u00f3 alrededor. Entre agradecimientos que rompieron el protocolo, dedicatorias cargadas de emoci\u00f3n, ausencias que no pasaron inadvertidas y resultados que sorprendieron hasta a los propios protagonistas,\u00a0<b>la noche dej\u00f3 mucho m\u00e1s que premios.<\/b><\/p>\n<div id=\"ad-slot-infeed\" class=\"infeed-container ad-slot-infeed ad-slot\" data-adtype=\"infeed\" data-lazyload=\"1\" data-google-query-id=\"CI2qyYuhj5QDFaW-lQIdO1sdEg\">\n<div id=\"google_ads_iframe_\/113951150\/tn-arc\/nota\/infeed_0__container__\"><\/div>\n<\/div>\n<p class=\"paragraph font__body-regular\">Hubo gestos, gui\u00f1os y momentos inesperados que terminaron de construir una ceremonia con pulso propio, donde la moda fue excusa y espect\u00e1culo a la vez.<\/p>\n<h2 class=\"font--primary font__display\">El gesto de reconocimiento de Benjam\u00edn Vicu\u00f1a<\/h2>\n<p class=\"paragraph font__body-regular\">Vicu\u00f1a gan\u00f3 la terna por Mejor Estilo de actor en ficci\u00f3n por \u201cCoraz\u00f3n delator\u201d. Obviamente, al nombrar a los ternados tambi\u00e9n se nombra a la o el vestuarista encargado de ese personaje.<\/p>\n<p class=\"paragraph font__body-regular\">Pero Benjam\u00edn sorprendi\u00f3 y fue un paso m\u00e1s para pedirle que\u00a0<b>suba a recibir la distinci\u00f3n a Majo Fuentes, dise\u00f1adora de vestuario\u00a0<\/b>de la pel\u00edcula: \u201cPorque es quien pas\u00f3 noches dise\u00f1ando para este personaje\u201d, remarc\u00f3 el actor.<\/p>\n<figure class=\"\" data-testid=\"figure-testid\">\n<div class=\"aspect_ratio__container\"><picture class=\"responsive-image\"><source srcset=\"https:\/\/tn.com.ar\/resizer\/v2\/benjamin-vicuna-recibio-el-martin-fierro-junto-con-la-disenadora-de-vestuaria-de-la-pelicula-foto-prensa-telefe-Y5L45VS6MRGKZLDWRJ3RN4C4PI.JPG?auth=e15eb5197f336664c8dced65b15ffdebca6efc587b08fa2acad3b007baa11c87&amp;width=767\" type=\"image\/jpg\" media=\"(max-width: 728px)\" \/><source srcset=\"https:\/\/tn.com.ar\/resizer\/v2\/benjamin-vicuna-recibio-el-martin-fierro-junto-con-la-disenadora-de-vestuaria-de-la-pelicula-foto-prensa-telefe-Y5L45VS6MRGKZLDWRJ3RN4C4PI.JPG?auth=e15eb5197f336664c8dced65b15ffdebca6efc587b08fa2acad3b007baa11c87&amp;width=1023\" type=\"image\/jpg\" media=\"(max-width: 1023px)\" \/><source srcset=\"https:\/\/tn.com.ar\/resizer\/v2\/benjamin-vicuna-recibio-el-martin-fierro-junto-con-la-disenadora-de-vestuaria-de-la-pelicula-foto-prensa-telefe-Y5L45VS6MRGKZLDWRJ3RN4C4PI.JPG?auth=e15eb5197f336664c8dced65b15ffdebca6efc587b08fa2acad3b007baa11c87&amp;width=1440\" type=\"image\/jpg\" \/><img loading=\"lazy\" decoding=\"async\" class=\"image content-image image_placeholder\" src=\"https:\/\/tn.com.ar\/resizer\/v2\/benjamin-vicuna-recibio-el-martin-fierro-junto-con-la-disenadora-de-vestuaria-de-la-pelicula-foto-prensa-telefe-Y5L45VS6MRGKZLDWRJ3RN4C4PI.JPG?auth=e15eb5197f336664c8dced65b15ffdebca6efc587b08fa2acad3b007baa11c87&amp;width=767\" alt=\"Benjam\u00edn Vicu\u00f1a recibi\u00f3 el Mart\u00edn Fierro junto con la dise\u00f1adora de vestuaria de la pel\u00edcula (Foto: prensa Telef\u00e9)\" width=\"767\" height=\"1151\" data-testid=\"loading-testid\" \/><\/picture><\/div><figcaption class=\"caption_image\" data-testid=\"figcaption-testid\">\n<div class=\"image_caption \">Benjam\u00edn Vicu\u00f1a recibi\u00f3 el Mart\u00edn Fierro junto con la dise\u00f1adora de vestuaria de la pel\u00edcula (Foto: prensa Telef\u00e9)<\/div>\n<\/figcaption><\/figure>\n<h2 class=\"font--primary font__display\">La emotiva dedicatoria de Pampita<\/h2>\n<p class=\"paragraph font__body-regular\">Al igual que hab\u00eda hecho en 2019, cuando recibi\u00f3 el primer Mart\u00edn Fierro de la Moda, Pampita emocion\u00f3 a todos recordando a su hija Blanca Vicu\u00f1a, que<b>\u00a0el mes que viene cumplir\u00eda 20 a\u00f1os<\/b>, cuando agradeci\u00f3 la estatuilla por Mejor estilo en Redes.<\/p>\n<figure class=\"\" data-testid=\"figure-testid\">\n<div class=\"aspect_ratio__container\"><picture class=\"responsive-image\"><source srcset=\"https:\/\/tn.com.ar\/resizer\/v2\/pampita-y-la-tierna-dedicatoria-de-su-martin-fierro-foto-prensa-telefe-47AX2W5O3FHLVLERFG2OIGXK4A.JPG?auth=fe37b971a4d5fc00b09f344dc4f3c3c9e67b76368981ec4f3c4613fa6a5dd973&amp;width=767\" type=\"image\/jpg\" media=\"(max-width: 728px)\" \/><source srcset=\"https:\/\/tn.com.ar\/resizer\/v2\/pampita-y-la-tierna-dedicatoria-de-su-martin-fierro-foto-prensa-telefe-47AX2W5O3FHLVLERFG2OIGXK4A.JPG?auth=fe37b971a4d5fc00b09f344dc4f3c3c9e67b76368981ec4f3c4613fa6a5dd973&amp;width=1023\" type=\"image\/jpg\" media=\"(max-width: 1023px)\" \/><source srcset=\"https:\/\/tn.com.ar\/resizer\/v2\/pampita-y-la-tierna-dedicatoria-de-su-martin-fierro-foto-prensa-telefe-47AX2W5O3FHLVLERFG2OIGXK4A.JPG?auth=fe37b971a4d5fc00b09f344dc4f3c3c9e67b76368981ec4f3c4613fa6a5dd973&amp;width=1440\" type=\"image\/jpg\" \/><img loading=\"lazy\" decoding=\"async\" class=\"image content-image image_placeholder\" src=\"https:\/\/tn.com.ar\/resizer\/v2\/pampita-y-la-tierna-dedicatoria-de-su-martin-fierro-foto-prensa-telefe-47AX2W5O3FHLVLERFG2OIGXK4A.JPG?auth=fe37b971a4d5fc00b09f344dc4f3c3c9e67b76368981ec4f3c4613fa6a5dd973&amp;width=767\" alt=\"Pampita y la tierna dedicatoria de su Mart\u00edn Fierro (Foto; prensa Telef\u00e9)\" width=\"767\" height=\"1151\" data-testid=\"loading-testid\" \/><\/picture><\/div><figcaption class=\"caption_image\" data-testid=\"figcaption-testid\">\n<div class=\"image_caption \">Pampita y la tierna dedicatoria de su Mart\u00edn Fierro (Foto; prensa Telef\u00e9)<\/div>\n<\/figcaption><\/figure>\n<p class=\"paragraph font__body-regular\">Con un cambio de look (lleva el pelo m\u00e1s oscuro), nombr\u00f3 primero a todo su esquipo de estilismo y les comparti\u00f3 el premio para llegar a la dedicatoria: \u201c<b>A mis hijos que est\u00e1n mirando y a mi hija en el cielo<\/b>. A los grandes amores de mi vida, Blanca, Bautista, Beltran, Benicio y Anita, los amo\u201d.<\/p>\n<h2 class=\"font--primary font__display\">La gran ausencia de la noche<\/h2>\n<p class=\"paragraph font__body-regular\">Lo intent\u00f3 pero no pudo y su ausencia se not\u00f3 y se la nombr\u00f3 varias veces:<b>\u00a0Mirtha Legrand<\/b>, que no se pierde ning\u00fan Mart\u00edn Fierro y much\u00edsimo menos el de la moda. Adem\u00e1s, este a\u00f1o compet\u00eda con su propia nieta (que se qued\u00f3 con la estatuilla).<\/p>\n<figure class=\"\" data-testid=\"figure-testid\">\n<div class=\"aspect_ratio__container\"><picture class=\"responsive-image\"><source srcset=\"https:\/\/tn.com.ar\/resizer\/v2\/mirtha-la-ausencia-que-se-noto-captura-de-videotelefe-GHY6MHAVZFEYRG456ZAIV2KZ6Y.jpg?auth=b218ca1933a5a4daa248a4d173d1e043ddc675cc374c00c670453e2cb235de3c&amp;width=767\" type=\"image\/jpg\" media=\"(max-width: 728px)\" \/><source srcset=\"https:\/\/tn.com.ar\/resizer\/v2\/mirtha-la-ausencia-que-se-noto-captura-de-videotelefe-GHY6MHAVZFEYRG456ZAIV2KZ6Y.jpg?auth=b218ca1933a5a4daa248a4d173d1e043ddc675cc374c00c670453e2cb235de3c&amp;width=1023\" type=\"image\/jpg\" media=\"(max-width: 1023px)\" \/><source srcset=\"https:\/\/tn.com.ar\/resizer\/v2\/mirtha-la-ausencia-que-se-noto-captura-de-videotelefe-GHY6MHAVZFEYRG456ZAIV2KZ6Y.jpg?auth=b218ca1933a5a4daa248a4d173d1e043ddc675cc374c00c670453e2cb235de3c&amp;width=1440\" type=\"image\/jpg\" \/><img loading=\"lazy\" decoding=\"async\" class=\"image content-image image_placeholder\" src=\"https:\/\/tn.com.ar\/resizer\/v2\/mirtha-la-ausencia-que-se-noto-captura-de-videotelefe-GHY6MHAVZFEYRG456ZAIV2KZ6Y.jpg?auth=b218ca1933a5a4daa248a4d173d1e043ddc675cc374c00c670453e2cb235de3c&amp;width=767\" alt=\"Mirtha, la ausencia que se not\u00f3 (Captura de video\/Telef\u00e9)\" width=\"767\" height=\"431\" data-testid=\"loading-testid\" \/><\/picture><\/div><figcaption class=\"caption_image\" data-testid=\"figcaption-testid\">\n<div class=\"image_caption \">Mirtha, la ausencia que se not\u00f3 (Captura de video\/Telef\u00e9)<\/div>\n<\/figcaption><\/figure>\n<p class=\"paragraph font__body-regular\">Lamentablemente, la conductora se est\u00e1 recuperando de una<b>\u00a0fuerte bronquitis<\/b>, pero sigui\u00f3 atenta la transmisi\u00f3n desde su casa, se emocion\u00f3 con los mensajes al aire y mand\u00f3 mensajes pasada la medianoche, despu\u00e9s de terminada la ceremonia.<\/p>\n<h2 class=\"font--primary font__display\">El que no esperaba recibir el premio<\/h2>\n<p class=\"paragraph font__body-regular\"><b>Lizardo Ponce<\/b>\u00a0qued\u00f3 genuinamente sorprendido al ganar el Martin Fierro a Mejor Estilo de panelista masculino. En medio de sus nervios, lo comparti\u00f3 con uno de sus compa\u00f1eros de terna, el dise\u00f1ador<b>\u00a0Fabi\u00e1n Paz\u00a0<\/b>que, parad\u00f3jicamente, lo hab\u00eda vestido para esa noche.<\/p>\n<figure class=\"\" data-testid=\"figure-testid\">\n<div class=\"aspect_ratio__container\"><picture class=\"responsive-image\"><source srcset=\"https:\/\/tn.com.ar\/resizer\/v2\/a-lizardo-ponce-lo-vistio-su-companero-de-terna-fabian-paz-foto-prensa-telefe-62XYEXKPSVHRLHY7L4UMJ324JU.JPG?auth=5ee10fbb64407356ab63c917d1b1331bc32825ca8c6310c9f54d4c17fbb733c8&amp;width=767\" type=\"image\/jpg\" media=\"(max-width: 728px)\" \/><source srcset=\"https:\/\/tn.com.ar\/resizer\/v2\/a-lizardo-ponce-lo-vistio-su-companero-de-terna-fabian-paz-foto-prensa-telefe-62XYEXKPSVHRLHY7L4UMJ324JU.JPG?auth=5ee10fbb64407356ab63c917d1b1331bc32825ca8c6310c9f54d4c17fbb733c8&amp;width=1023\" type=\"image\/jpg\" media=\"(max-width: 1023px)\" \/><source srcset=\"https:\/\/tn.com.ar\/resizer\/v2\/a-lizardo-ponce-lo-vistio-su-companero-de-terna-fabian-paz-foto-prensa-telefe-62XYEXKPSVHRLHY7L4UMJ324JU.JPG?auth=5ee10fbb64407356ab63c917d1b1331bc32825ca8c6310c9f54d4c17fbb733c8&amp;width=1440\" type=\"image\/jpg\" \/><img loading=\"lazy\" decoding=\"async\" class=\"image content-image image_placeholder\" src=\"https:\/\/tn.com.ar\/resizer\/v2\/a-lizardo-ponce-lo-vistio-su-companero-de-terna-fabian-paz-foto-prensa-telefe-62XYEXKPSVHRLHY7L4UMJ324JU.JPG?auth=5ee10fbb64407356ab63c917d1b1331bc32825ca8c6310c9f54d4c17fbb733c8&amp;width=767\" alt=\"A Lizardo Ponce lo visti\u00f3 su compa\u00f1ero de terna, Fabi\u00e1n Paz (Foto: prensa Telef\u00e9)\" width=\"767\" height=\"511\" data-testid=\"loading-testid\" \/><\/picture><\/div><figcaption class=\"caption_image\" data-testid=\"figcaption-testid\">\n<div class=\"image_caption \">A Lizardo Ponce lo visti\u00f3 su compa\u00f1ero de terna, Fabi\u00e1n Paz (Foto: prensa Telef\u00e9)<\/div>\n<\/figcaption><\/figure>\n<h2 class=\"font--primary font__display\">Los bloopers de la diva<\/h2>\n<p class=\"paragraph font__body-regular\">La gran Susana Gim\u00e9nez, disitnguida en la ceremonia como\u00a0<b>Icono,\u00a0<\/b>subi\u00f3 a recibir su estatuilla asombrada por el incre\u00edble video que presentaba entre archivo, Inteligencia Artificial y modelos sobre la pasarela, algunos de sus vestido ic\u00f3nicos.<\/p>\n<p class=\"paragraph font__body-regular\">Pero, fiel a su estilo, la diva hizo reir varias veeces por sus tropiezos. Primero, casi se choca con el micr\u00f3fono. Despu\u00e9s, confundi\u00f3 el nombre del due\u00f1o de Telef\u00e9. \u201c<b>Me estoy equivocando con todo<\/b>\u201d, dijo Susana Y finalmente, le hizo un reclamo a Luis Ventura: \u201c\u00bfD\u00f3nde est\u00e1n los brillantes? Luis me mentiste. No era para m\u00ed este, ah si, dice Susana&#8230; \u201c, se corrigi\u00f3, con el humor que la caracteriza. \u201dJajajaja, ay, la amo. No pega una. Simplemente\u00a0<b>Susana\u00a0<\/b>siendo\u00a0<b>Susana<\/b>\u201c, fue uno de los tantos comentarios en las redes sociales.<\/p>\n<figure class=\"\" data-testid=\"figure-testid\">\n<div class=\"aspect_ratio__container\"><picture class=\"responsive-image\"><source srcset=\"https:\/\/tn.com.ar\/resizer\/v2\/todos-los-vestidos-son-mios-los-compro-aclaro-susana-en-su-discurso-foto-prensa-telefe-JKWPDUMJPNFMDCVFXGVWAJGPSA.jpg?auth=b64c4351f8d719489fed1da9bc84aff4340f53b2d57b54de3704cc6cbbee9d9f&amp;width=767\" type=\"image\/jpg\" media=\"(max-width: 728px)\" \/><source srcset=\"https:\/\/tn.com.ar\/resizer\/v2\/todos-los-vestidos-son-mios-los-compro-aclaro-susana-en-su-discurso-foto-prensa-telefe-JKWPDUMJPNFMDCVFXGVWAJGPSA.jpg?auth=b64c4351f8d719489fed1da9bc84aff4340f53b2d57b54de3704cc6cbbee9d9f&amp;width=1023\" type=\"image\/jpg\" media=\"(max-width: 1023px)\" \/><source srcset=\"https:\/\/tn.com.ar\/resizer\/v2\/todos-los-vestidos-son-mios-los-compro-aclaro-susana-en-su-discurso-foto-prensa-telefe-JKWPDUMJPNFMDCVFXGVWAJGPSA.jpg?auth=b64c4351f8d719489fed1da9bc84aff4340f53b2d57b54de3704cc6cbbee9d9f&amp;width=1440\" type=\"image\/jpg\" \/><img loading=\"lazy\" decoding=\"async\" class=\"image content-image image_placeholder\" src=\"https:\/\/tn.com.ar\/resizer\/v2\/todos-los-vestidos-son-mios-los-compro-aclaro-susana-en-su-discurso-foto-prensa-telefe-JKWPDUMJPNFMDCVFXGVWAJGPSA.jpg?auth=b64c4351f8d719489fed1da9bc84aff4340f53b2d57b54de3704cc6cbbee9d9f&amp;width=767\" alt=\"&quot;Todos los vestidos son m\u00edos, los compro&quot;, aclar\u00f3 Susana en su discurso (Foto: Prensa Telef\u00e9)\" width=\"767\" height=\"1151\" data-testid=\"loading-testid\" \/><\/picture><\/div><figcaption class=\"caption_image\" data-testid=\"figcaption-testid\">\n<div class=\"image_caption \">&#8220;Todos los vestidos son m\u00edos, los compro&#8221;, aclar\u00f3 Susana en su discurso (Foto: Prensa Telef\u00e9)<\/div>\n<\/figcaption><\/figure>\n<p class=\"paragraph font__body-regular\">Entre la emoci\u00f3n, los reconocimientos compartidos y las sorpresas que nadie ten\u00eda en carpeta, el\u00a0<b>Mart\u00edn Fierro de la Moda\u00a0<\/b>confirm\u00f3 que su encanto no est\u00e1 solo en lo que se ve, sino tambi\u00e9n en lo que pasa cuando nadie lo espera. Porque, al final, son esos momentos \u2014los que se salen del libreto\u2014 los que terminan definiendo una noche que siempre da que hablar.<\/p>\n<\/div>\n<p><\/main><\/div>\n<aside class=\"col-right-rail right-rail\">\n<div id=\"parent-ad-slot-caja\" class=\"ad-container caja_ad \">\n<div class=\"ad-content\"><\/div>\n<\/div>\n<\/aside>\n","protected":false},"excerpt":{"rendered":"<p>M\u00e1s all\u00e1 de los premios y los looks, la ceremonia estuvo marcada por gestos inesperados, discursos emotivos y situaciones que rompieron el guion y le dieron un tono propio a la gala. La alfombra del\u00a0Mart\u00edn Fierro de la Moda\u00a0volvi\u00f3 a convertirse en un escenario en s\u00ed mismo: no solo por los looks, sino por todo [&hellip;]<\/p>\n","protected":false},"author":1,"featured_media":15914,"comment_status":"open","ping_status":"open","sticky":false,"template":"","format":"standard","meta":{"rop_custom_images_group":[],"rop_custom_messages_group":[],"rop_publish_now":"initial","rop_publish_now_accounts":[],"rop_publish_now_history":[],"rop_publish_now_status":"pending","footnotes":"","jetpack_publicize_message":"","jetpack_publicize_feature_enabled":true,"jetpack_social_post_already_shared":true,"jetpack_social_options":{"image_generator_settings":{"template":"highway","enabled":false},"version":2}},"categories":[15],"tags":[],"class_list":{"0":"post-15913","1":"post","2":"type-post","3":"status-publish","4":"format-standard","5":"has-post-thumbnail","7":"category-moda"},"jetpack_publicize_connections":[],"yoast_head":"<!-- This site is optimized with the Yoast SEO plugin v27.3 - https:\/\/yoast.com\/product\/yoast-seo-wordpress\/ -->\n<title>Una noche de moda y sorpresas: las perlitas que dej\u00f3 el Mart\u00edn Fierro de la Moda - CLAN ESPECTACULOS<\/title>\n<meta name=\"robots\" content=\"index, follow, max-snippet:-1, max-image-preview:large, max-video-preview:-1\" \/>\n<link rel=\"canonical\" href=\"https:\/\/radioclanfm.com\/clanespectaculos\/una-noche-de-moda-y-sorpresas-las-perlitas-que-dejo-el-martin-fierro-de-la-moda\/\" \/>\n<meta property=\"og:locale\" content=\"es_ES\" \/>\n<meta property=\"og:type\" content=\"article\" \/>\n<meta property=\"og:title\" content=\"Una noche de moda y sorpresas: las perlitas que dej\u00f3 el Mart\u00edn Fierro de la Moda - CLAN ESPECTACULOS\" \/>\n<meta property=\"og:description\" content=\"M\u00e1s all\u00e1 de los premios y los looks, la ceremonia estuvo marcada por gestos inesperados, discursos emotivos y situaciones que rompieron el guion y le dieron un tono propio a la gala. La alfombra del\u00a0Mart\u00edn Fierro de la Moda\u00a0volvi\u00f3 a convertirse en un escenario en s\u00ed mismo: no solo por los looks, sino por todo [&hellip;]\" \/>\n<meta property=\"og:url\" content=\"https:\/\/radioclanfm.com\/clanespectaculos\/una-noche-de-moda-y-sorpresas-las-perlitas-que-dejo-el-martin-fierro-de-la-moda\/\" \/>\n<meta property=\"og:site_name\" content=\"CLAN ESPECTACULOS\" \/>\n<meta property=\"article:publisher\" content=\"https:\/\/www.facebook.com\/clanespectaculos\/\" \/>\n<meta property=\"article:published_time\" content=\"2026-04-28T00:11:56+00:00\" \/>\n<meta property=\"og:image\" content=\"https:\/\/radioclanfm.com\/clanespectaculos\/wp-content\/uploads\/sites\/2\/2026\/04\/tWeMJMQM.jpg\" \/>\n\t<meta property=\"og:image:width\" content=\"900\" \/>\n\t<meta property=\"og:image:height\" content=\"506\" \/>\n\t<meta property=\"og:image:type\" content=\"image\/jpeg\" \/>\n<meta name=\"author\" content=\"E-GRUPOCLAN\" \/>\n<meta name=\"twitter:card\" content=\"summary_large_image\" \/>\n<meta name=\"twitter:creator\" content=\"@clanespectok\" \/>\n<meta name=\"twitter:site\" content=\"@clanespectok\" \/>\n<meta name=\"twitter:label1\" content=\"Escrito por\" \/>\n\t<meta name=\"twitter:data1\" content=\"E-GRUPOCLAN\" \/>\n\t<meta name=\"twitter:label2\" content=\"Tiempo de lectura\" \/>\n\t<meta name=\"twitter:data2\" content=\"5 minutos\" \/>\n<script type=\"application\/ld+json\" class=\"yoast-schema-graph\">{\"@context\":\"https:\\\/\\\/schema.org\",\"@graph\":[{\"@type\":\"Article\",\"@id\":\"https:\\\/\\\/radioclanfm.com\\\/clanespectaculos\\\/una-noche-de-moda-y-sorpresas-las-perlitas-que-dejo-el-martin-fierro-de-la-moda\\\/#article\",\"isPartOf\":{\"@id\":\"https:\\\/\\\/radioclanfm.com\\\/clanespectaculos\\\/una-noche-de-moda-y-sorpresas-las-perlitas-que-dejo-el-martin-fierro-de-la-moda\\\/\"},\"author\":{\"name\":\"E-GRUPOCLAN\",\"@id\":\"https:\\\/\\\/radioclanfm.com\\\/clanespectaculos\\\/#\\\/schema\\\/person\\\/9734813083303230f3ad84d99171b20c\"},\"headline\":\"Una noche de moda y sorpresas: las perlitas que dej\u00f3 el Mart\u00edn Fierro de la Moda\",\"datePublished\":\"2026-04-28T00:11:56+00:00\",\"mainEntityOfPage\":{\"@id\":\"https:\\\/\\\/radioclanfm.com\\\/clanespectaculos\\\/una-noche-de-moda-y-sorpresas-las-perlitas-que-dejo-el-martin-fierro-de-la-moda\\\/\"},\"wordCount\":773,\"commentCount\":0,\"publisher\":{\"@id\":\"https:\\\/\\\/radioclanfm.com\\\/clanespectaculos\\\/#organization\"},\"image\":{\"@id\":\"https:\\\/\\\/radioclanfm.com\\\/clanespectaculos\\\/una-noche-de-moda-y-sorpresas-las-perlitas-que-dejo-el-martin-fierro-de-la-moda\\\/#primaryimage\"},\"thumbnailUrl\":\"https:\\\/\\\/radioclanfm.com\\\/clanespectaculos\\\/wp-content\\\/uploads\\\/sites\\\/2\\\/2026\\\/04\\\/tWeMJMQM.jpg\",\"articleSection\":[\"MODA\"],\"inLanguage\":\"es-AR\",\"potentialAction\":[{\"@type\":\"CommentAction\",\"name\":\"Comment\",\"target\":[\"https:\\\/\\\/radioclanfm.com\\\/clanespectaculos\\\/una-noche-de-moda-y-sorpresas-las-perlitas-que-dejo-el-martin-fierro-de-la-moda\\\/#respond\"]}]},{\"@type\":\"WebPage\",\"@id\":\"https:\\\/\\\/radioclanfm.com\\\/clanespectaculos\\\/una-noche-de-moda-y-sorpresas-las-perlitas-que-dejo-el-martin-fierro-de-la-moda\\\/\",\"url\":\"https:\\\/\\\/radioclanfm.com\\\/clanespectaculos\\\/una-noche-de-moda-y-sorpresas-las-perlitas-que-dejo-el-martin-fierro-de-la-moda\\\/\",\"name\":\"Una noche de moda y sorpresas: las perlitas que dej\u00f3 el Mart\u00edn Fierro de la Moda - CLAN ESPECTACULOS\",\"isPartOf\":{\"@id\":\"https:\\\/\\\/radioclanfm.com\\\/clanespectaculos\\\/#website\"},\"primaryImageOfPage\":{\"@id\":\"https:\\\/\\\/radioclanfm.com\\\/clanespectaculos\\\/una-noche-de-moda-y-sorpresas-las-perlitas-que-dejo-el-martin-fierro-de-la-moda\\\/#primaryimage\"},\"image\":{\"@id\":\"https:\\\/\\\/radioclanfm.com\\\/clanespectaculos\\\/una-noche-de-moda-y-sorpresas-las-perlitas-que-dejo-el-martin-fierro-de-la-moda\\\/#primaryimage\"},\"thumbnailUrl\":\"https:\\\/\\\/radioclanfm.com\\\/clanespectaculos\\\/wp-content\\\/uploads\\\/sites\\\/2\\\/2026\\\/04\\\/tWeMJMQM.jpg\",\"datePublished\":\"2026-04-28T00:11:56+00:00\",\"breadcrumb\":{\"@id\":\"https:\\\/\\\/radioclanfm.com\\\/clanespectaculos\\\/una-noche-de-moda-y-sorpresas-las-perlitas-que-dejo-el-martin-fierro-de-la-moda\\\/#breadcrumb\"},\"inLanguage\":\"es-AR\",\"potentialAction\":[{\"@type\":\"ReadAction\",\"target\":[\"https:\\\/\\\/radioclanfm.com\\\/clanespectaculos\\\/una-noche-de-moda-y-sorpresas-las-perlitas-que-dejo-el-martin-fierro-de-la-moda\\\/\"]}]},{\"@type\":\"ImageObject\",\"inLanguage\":\"es-AR\",\"@id\":\"https:\\\/\\\/radioclanfm.com\\\/clanespectaculos\\\/una-noche-de-moda-y-sorpresas-las-perlitas-que-dejo-el-martin-fierro-de-la-moda\\\/#primaryimage\",\"url\":\"https:\\\/\\\/radioclanfm.com\\\/clanespectaculos\\\/wp-content\\\/uploads\\\/sites\\\/2\\\/2026\\\/04\\\/tWeMJMQM.jpg\",\"contentUrl\":\"https:\\\/\\\/radioclanfm.com\\\/clanespectaculos\\\/wp-content\\\/uploads\\\/sites\\\/2\\\/2026\\\/04\\\/tWeMJMQM.jpg\",\"width\":900,\"height\":506},{\"@type\":\"BreadcrumbList\",\"@id\":\"https:\\\/\\\/radioclanfm.com\\\/clanespectaculos\\\/una-noche-de-moda-y-sorpresas-las-perlitas-que-dejo-el-martin-fierro-de-la-moda\\\/#breadcrumb\",\"itemListElement\":[{\"@type\":\"ListItem\",\"position\":1,\"name\":\"Inicio\",\"item\":\"https:\\\/\\\/radioclanfm.com\\\/clanespectaculos\\\/\"},{\"@type\":\"ListItem\",\"position\":2,\"name\":\"Una noche de moda y sorpresas: las perlitas que dej\u00f3 el Mart\u00edn Fierro de la Moda\"}]},{\"@type\":\"WebSite\",\"@id\":\"https:\\\/\\\/radioclanfm.com\\\/clanespectaculos\\\/#website\",\"url\":\"https:\\\/\\\/radioclanfm.com\\\/clanespectaculos\\\/\",\"name\":\"CLAN ESPECTACULOS\",\"description\":\"\",\"publisher\":{\"@id\":\"https:\\\/\\\/radioclanfm.com\\\/clanespectaculos\\\/#organization\"},\"potentialAction\":[{\"@type\":\"SearchAction\",\"target\":{\"@type\":\"EntryPoint\",\"urlTemplate\":\"https:\\\/\\\/radioclanfm.com\\\/clanespectaculos\\\/?s={search_term_string}\"},\"query-input\":{\"@type\":\"PropertyValueSpecification\",\"valueRequired\":true,\"valueName\":\"search_term_string\"}}],\"inLanguage\":\"es-AR\"},{\"@type\":\"Organization\",\"@id\":\"https:\\\/\\\/radioclanfm.com\\\/clanespectaculos\\\/#organization\",\"name\":\"CLAN ESPECTACULOS\",\"url\":\"https:\\\/\\\/radioclanfm.com\\\/clanespectaculos\\\/\",\"logo\":{\"@type\":\"ImageObject\",\"inLanguage\":\"es-AR\",\"@id\":\"https:\\\/\\\/radioclanfm.com\\\/clanespectaculos\\\/#\\\/schema\\\/logo\\\/image\\\/\",\"url\":\"https:\\\/\\\/radioclanfm.com\\\/clanespectaculos\\\/wp-content\\\/uploads\\\/sites\\\/2\\\/2026\\\/04\\\/ChatGPT-Image-23-mar-2026-10_09_00.png\",\"contentUrl\":\"https:\\\/\\\/radioclanfm.com\\\/clanespectaculos\\\/wp-content\\\/uploads\\\/sites\\\/2\\\/2026\\\/04\\\/ChatGPT-Image-23-mar-2026-10_09_00.png\",\"width\":1024,\"height\":1024,\"caption\":\"CLAN ESPECTACULOS\"},\"image\":{\"@id\":\"https:\\\/\\\/radioclanfm.com\\\/clanespectaculos\\\/#\\\/schema\\\/logo\\\/image\\\/\"},\"sameAs\":[\"https:\\\/\\\/www.facebook.com\\\/clanespectaculos\\\/\",\"https:\\\/\\\/x.com\\\/clanespectok\"]},{\"@type\":\"Person\",\"@id\":\"https:\\\/\\\/radioclanfm.com\\\/clanespectaculos\\\/#\\\/schema\\\/person\\\/9734813083303230f3ad84d99171b20c\",\"name\":\"E-GRUPOCLAN\",\"image\":{\"@type\":\"ImageObject\",\"inLanguage\":\"es-AR\",\"@id\":\"https:\\\/\\\/secure.gravatar.com\\\/avatar\\\/af6e19837c3d6a212034a48c7b3818d2ac1826f6025df0155da5a186ad321d79?s=96&d=mm&r=g\",\"url\":\"https:\\\/\\\/secure.gravatar.com\\\/avatar\\\/af6e19837c3d6a212034a48c7b3818d2ac1826f6025df0155da5a186ad321d79?s=96&d=mm&r=g\",\"contentUrl\":\"https:\\\/\\\/secure.gravatar.com\\\/avatar\\\/af6e19837c3d6a212034a48c7b3818d2ac1826f6025df0155da5a186ad321d79?s=96&d=mm&r=g\",\"caption\":\"E-GRUPOCLAN\"},\"sameAs\":[\"https:\\\/\\\/radioclanfm.com\"],\"url\":\"https:\\\/\\\/radioclanfm.com\\\/clanespectaculos\\\/author\\\/admin\\\/\"}]}<\/script>\n<!-- \/ Yoast SEO plugin. -->","yoast_head_json":{"title":"Una noche de moda y sorpresas: las perlitas que dej\u00f3 el Mart\u00edn Fierro de la Moda - CLAN ESPECTACULOS","robots":{"index":"index","follow":"follow","max-snippet":"max-snippet:-1","max-image-preview":"max-image-preview:large","max-video-preview":"max-video-preview:-1"},"canonical":"https:\/\/radioclanfm.com\/clanespectaculos\/una-noche-de-moda-y-sorpresas-las-perlitas-que-dejo-el-martin-fierro-de-la-moda\/","og_locale":"es_ES","og_type":"article","og_title":"Una noche de moda y sorpresas: las perlitas que dej\u00f3 el Mart\u00edn Fierro de la Moda - CLAN ESPECTACULOS","og_description":"M\u00e1s all\u00e1 de los premios y los looks, la ceremonia estuvo marcada por gestos inesperados, discursos emotivos y situaciones que rompieron el guion y le dieron un tono propio a la gala. La alfombra del\u00a0Mart\u00edn Fierro de la Moda\u00a0volvi\u00f3 a convertirse en un escenario en s\u00ed mismo: no solo por los looks, sino por todo [&hellip;]","og_url":"https:\/\/radioclanfm.com\/clanespectaculos\/una-noche-de-moda-y-sorpresas-las-perlitas-que-dejo-el-martin-fierro-de-la-moda\/","og_site_name":"CLAN ESPECTACULOS","article_publisher":"https:\/\/www.facebook.com\/clanespectaculos\/","article_published_time":"2026-04-28T00:11:56+00:00","og_image":[{"width":900,"height":506,"url":"https:\/\/radioclanfm.com\/clanespectaculos\/wp-content\/uploads\/sites\/2\/2026\/04\/tWeMJMQM.jpg","type":"image\/jpeg"}],"author":"E-GRUPOCLAN","twitter_card":"summary_large_image","twitter_creator":"@clanespectok","twitter_site":"@clanespectok","twitter_misc":{"Escrito por":"E-GRUPOCLAN","Tiempo de lectura":"5 minutos"},"schema":{"@context":"https:\/\/schema.org","@graph":[{"@type":"Article","@id":"https:\/\/radioclanfm.com\/clanespectaculos\/una-noche-de-moda-y-sorpresas-las-perlitas-que-dejo-el-martin-fierro-de-la-moda\/#article","isPartOf":{"@id":"https:\/\/radioclanfm.com\/clanespectaculos\/una-noche-de-moda-y-sorpresas-las-perlitas-que-dejo-el-martin-fierro-de-la-moda\/"},"author":{"name":"E-GRUPOCLAN","@id":"https:\/\/radioclanfm.com\/clanespectaculos\/#\/schema\/person\/9734813083303230f3ad84d99171b20c"},"headline":"Una noche de moda y sorpresas: las perlitas que dej\u00f3 el Mart\u00edn Fierro de la Moda","datePublished":"2026-04-28T00:11:56+00:00","mainEntityOfPage":{"@id":"https:\/\/radioclanfm.com\/clanespectaculos\/una-noche-de-moda-y-sorpresas-las-perlitas-que-dejo-el-martin-fierro-de-la-moda\/"},"wordCount":773,"commentCount":0,"publisher":{"@id":"https:\/\/radioclanfm.com\/clanespectaculos\/#organization"},"image":{"@id":"https:\/\/radioclanfm.com\/clanespectaculos\/una-noche-de-moda-y-sorpresas-las-perlitas-que-dejo-el-martin-fierro-de-la-moda\/#primaryimage"},"thumbnailUrl":"https:\/\/radioclanfm.com\/clanespectaculos\/wp-content\/uploads\/sites\/2\/2026\/04\/tWeMJMQM.jpg","articleSection":["MODA"],"inLanguage":"es-AR","potentialAction":[{"@type":"CommentAction","name":"Comment","target":["https:\/\/radioclanfm.com\/clanespectaculos\/una-noche-de-moda-y-sorpresas-las-perlitas-que-dejo-el-martin-fierro-de-la-moda\/#respond"]}]},{"@type":"WebPage","@id":"https:\/\/radioclanfm.com\/clanespectaculos\/una-noche-de-moda-y-sorpresas-las-perlitas-que-dejo-el-martin-fierro-de-la-moda\/","url":"https:\/\/radioclanfm.com\/clanespectaculos\/una-noche-de-moda-y-sorpresas-las-perlitas-que-dejo-el-martin-fierro-de-la-moda\/","name":"Una noche de moda y sorpresas: las perlitas que dej\u00f3 el Mart\u00edn Fierro de la Moda - CLAN ESPECTACULOS","isPartOf":{"@id":"https:\/\/radioclanfm.com\/clanespectaculos\/#website"},"primaryImageOfPage":{"@id":"https:\/\/radioclanfm.com\/clanespectaculos\/una-noche-de-moda-y-sorpresas-las-perlitas-que-dejo-el-martin-fierro-de-la-moda\/#primaryimage"},"image":{"@id":"https:\/\/radioclanfm.com\/clanespectaculos\/una-noche-de-moda-y-sorpresas-las-perlitas-que-dejo-el-martin-fierro-de-la-moda\/#primaryimage"},"thumbnailUrl":"https:\/\/radioclanfm.com\/clanespectaculos\/wp-content\/uploads\/sites\/2\/2026\/04\/tWeMJMQM.jpg","datePublished":"2026-04-28T00:11:56+00:00","breadcrumb":{"@id":"https:\/\/radioclanfm.com\/clanespectaculos\/una-noche-de-moda-y-sorpresas-las-perlitas-que-dejo-el-martin-fierro-de-la-moda\/#breadcrumb"},"inLanguage":"es-AR","potentialAction":[{"@type":"ReadAction","target":["https:\/\/radioclanfm.com\/clanespectaculos\/una-noche-de-moda-y-sorpresas-las-perlitas-que-dejo-el-martin-fierro-de-la-moda\/"]}]},{"@type":"ImageObject","inLanguage":"es-AR","@id":"https:\/\/radioclanfm.com\/clanespectaculos\/una-noche-de-moda-y-sorpresas-las-perlitas-que-dejo-el-martin-fierro-de-la-moda\/#primaryimage","url":"https:\/\/radioclanfm.com\/clanespectaculos\/wp-content\/uploads\/sites\/2\/2026\/04\/tWeMJMQM.jpg","contentUrl":"https:\/\/radioclanfm.com\/clanespectaculos\/wp-content\/uploads\/sites\/2\/2026\/04\/tWeMJMQM.jpg","width":900,"height":506},{"@type":"BreadcrumbList","@id":"https:\/\/radioclanfm.com\/clanespectaculos\/una-noche-de-moda-y-sorpresas-las-perlitas-que-dejo-el-martin-fierro-de-la-moda\/#breadcrumb","itemListElement":[{"@type":"ListItem","position":1,"name":"Inicio","item":"https:\/\/radioclanfm.com\/clanespectaculos\/"},{"@type":"ListItem","position":2,"name":"Una noche de moda y sorpresas: las perlitas que dej\u00f3 el Mart\u00edn Fierro de la Moda"}]},{"@type":"WebSite","@id":"https:\/\/radioclanfm.com\/clanespectaculos\/#website","url":"https:\/\/radioclanfm.com\/clanespectaculos\/","name":"CLAN ESPECTACULOS","description":"","publisher":{"@id":"https:\/\/radioclanfm.com\/clanespectaculos\/#organization"},"potentialAction":[{"@type":"SearchAction","target":{"@type":"EntryPoint","urlTemplate":"https:\/\/radioclanfm.com\/clanespectaculos\/?s={search_term_string}"},"query-input":{"@type":"PropertyValueSpecification","valueRequired":true,"valueName":"search_term_string"}}],"inLanguage":"es-AR"},{"@type":"Organization","@id":"https:\/\/radioclanfm.com\/clanespectaculos\/#organization","name":"CLAN ESPECTACULOS","url":"https:\/\/radioclanfm.com\/clanespectaculos\/","logo":{"@type":"ImageObject","inLanguage":"es-AR","@id":"https:\/\/radioclanfm.com\/clanespectaculos\/#\/schema\/logo\/image\/","url":"https:\/\/radioclanfm.com\/clanespectaculos\/wp-content\/uploads\/sites\/2\/2026\/04\/ChatGPT-Image-23-mar-2026-10_09_00.png","contentUrl":"https:\/\/radioclanfm.com\/clanespectaculos\/wp-content\/uploads\/sites\/2\/2026\/04\/ChatGPT-Image-23-mar-2026-10_09_00.png","width":1024,"height":1024,"caption":"CLAN ESPECTACULOS"},"image":{"@id":"https:\/\/radioclanfm.com\/clanespectaculos\/#\/schema\/logo\/image\/"},"sameAs":["https:\/\/www.facebook.com\/clanespectaculos\/","https:\/\/x.com\/clanespectok"]},{"@type":"Person","@id":"https:\/\/radioclanfm.com\/clanespectaculos\/#\/schema\/person\/9734813083303230f3ad84d99171b20c","name":"E-GRUPOCLAN","image":{"@type":"ImageObject","inLanguage":"es-AR","@id":"https:\/\/secure.gravatar.com\/avatar\/af6e19837c3d6a212034a48c7b3818d2ac1826f6025df0155da5a186ad321d79?s=96&d=mm&r=g","url":"https:\/\/secure.gravatar.com\/avatar\/af6e19837c3d6a212034a48c7b3818d2ac1826f6025df0155da5a186ad321d79?s=96&d=mm&r=g","contentUrl":"https:\/\/secure.gravatar.com\/avatar\/af6e19837c3d6a212034a48c7b3818d2ac1826f6025df0155da5a186ad321d79?s=96&d=mm&r=g","caption":"E-GRUPOCLAN"},"sameAs":["https:\/\/radioclanfm.com"],"url":"https:\/\/radioclanfm.com\/clanespectaculos\/author\/admin\/"}]}},"_links":{"self":[{"href":"https:\/\/radioclanfm.com\/clanespectaculos\/wp-json\/wp\/v2\/posts\/15913","targetHints":{"allow":["GET"]}}],"collection":[{"href":"https:\/\/radioclanfm.com\/clanespectaculos\/wp-json\/wp\/v2\/posts"}],"about":[{"href":"https:\/\/radioclanfm.com\/clanespectaculos\/wp-json\/wp\/v2\/types\/post"}],"author":[{"embeddable":true,"href":"https:\/\/radioclanfm.com\/clanespectaculos\/wp-json\/wp\/v2\/users\/1"}],"replies":[{"embeddable":true,"href":"https:\/\/radioclanfm.com\/clanespectaculos\/wp-json\/wp\/v2\/comments?post=15913"}],"version-history":[{"count":1,"href":"https:\/\/radioclanfm.com\/clanespectaculos\/wp-json\/wp\/v2\/posts\/15913\/revisions"}],"predecessor-version":[{"id":15915,"href":"https:\/\/radioclanfm.com\/clanespectaculos\/wp-json\/wp\/v2\/posts\/15913\/revisions\/15915"}],"wp:featuredmedia":[{"embeddable":true,"href":"https:\/\/radioclanfm.com\/clanespectaculos\/wp-json\/wp\/v2\/media\/15914"}],"wp:attachment":[{"href":"https:\/\/radioclanfm.com\/clanespectaculos\/wp-json\/wp\/v2\/media?parent=15913"}],"wp:term":[{"taxonomy":"category","embeddable":true,"href":"https:\/\/radioclanfm.com\/clanespectaculos\/wp-json\/wp\/v2\/categories?post=15913"},{"taxonomy":"post_tag","embeddable":true,"href":"https:\/\/radioclanfm.com\/clanespectaculos\/wp-json\/wp\/v2\/tags?post=15913"}],"curies":[{"name":"wp","href":"https:\/\/api.w.org\/{rel}","templated":true}]}}