{"id":15910,"date":"2026-04-27T21:10:13","date_gmt":"2026-04-28T00:10:13","guid":{"rendered":"https:\/\/radioclanfm.com\/clanespectaculos\/?p=15910"},"modified":"2026-04-27T21:10:13","modified_gmt":"2026-04-28T00:10:13","slug":"adios-pantalon-cargo-la-tendencia-que-llega-desde-europa-para-este-otono-invierno-2026","status":"publish","type":"post","link":"https:\/\/radioclanfm.com\/clanespectaculos\/adios-pantalon-cargo-la-tendencia-que-llega-desde-europa-para-este-otono-invierno-2026\/","title":{"rendered":"Adi\u00f3s pantal\u00f3n cargo: la tendencia que llega desde Europa para este oto\u00f1o invierno 2026"},"content":{"rendered":"<p>La nueva silueta que ya se impone en las calles europeas combina volumen, comodidad y elegancia, y promete convertirse en la opci\u00f3n favorita para renovar los looks de media estaci\u00f3n.<\/p>\n<div class=\"col-content\"><main class=\"col-content\"><\/p>\n<div class=\"default-article-color article__body article__article\">\n<p class=\"paragraph font__body-regular\">El\u00a0<b>oto\u00f1o invierno 2026<\/b>\u00a0trae una renovaci\u00f3n en las tendencias de moda, sobre todo en los pantalones. Una de las grandes sorpresas de esta nueva temporada es el\u00a0<b>fin del pantal\u00f3n cargo<\/b>.<\/p>\n<div id=\"ad-slot-infeed\" class=\"infeed-container ad-slot-infeed ad-slot\" data-adtype=\"infeed\" data-lazyload=\"1\" data-google-query-id=\"CMmD69ygj5QDFSewYQYdvsAPog\">\n<div id=\"google_ads_iframe_\/113951150\/tn-arc\/nota\/infeed_0__container__\"><\/div>\n<\/div>\n<p class=\"paragraph font__body-regular\">Si bien fue una pieza esencial durante mucho tiempo, este a\u00f1o le damos la<b>\u00a0bienvenida al pantal\u00f3n globo<\/b>, que viene en varias versiones, ya sea m\u00e1s estructurado, fluido o de inspiraci\u00f3n sastrera. Es una opci\u00f3n moderna y sofisticada para los d\u00edas de fr\u00edo, al combinar comodidad y estilo en una sola prenda.<\/p>\n<div class=\"story-list\" data-mrf-recirculation=\"IL_RNrGCM52Q_ui4aMax3fibg\" data-testid=\"text-html\" data-mrf-experience=\"IL_RNrGCM52Q_ui4aMax3fibg\">\n<article class=\"card__container card__horizontal\">\n<div class=\"card__body\">\n<header>\n<h3 class=\"card__headline font__display\"><\/h3>\n<\/header>\n<\/div>\n<\/article>\n<\/div>\n<figure class=\"\" data-testid=\"figure-testid\">\n<div class=\"aspect_ratio__container\"><picture class=\"responsive-image\"><source srcset=\"https:\/\/tn.com.ar\/resizer\/v2\/por-que-el-pantalon-globo-va-a-ser-tendencia-foto-imagen-generada-con-ia-gemini-WNXMHRTMSRDCZLUAEOXZ3HCSNE.png?auth=256e5cf0b5f44ebe96cd5e2d12ac2386ea8e5cf5192a5fc934053bc2241b3007&amp;width=767\" type=\"image\/jpg\" media=\"(max-width: 728px)\" \/><source srcset=\"https:\/\/tn.com.ar\/resizer\/v2\/por-que-el-pantalon-globo-va-a-ser-tendencia-foto-imagen-generada-con-ia-gemini-WNXMHRTMSRDCZLUAEOXZ3HCSNE.png?auth=256e5cf0b5f44ebe96cd5e2d12ac2386ea8e5cf5192a5fc934053bc2241b3007&amp;width=1023\" type=\"image\/jpg\" media=\"(max-width: 1023px)\" \/><source srcset=\"https:\/\/tn.com.ar\/resizer\/v2\/por-que-el-pantalon-globo-va-a-ser-tendencia-foto-imagen-generada-con-ia-gemini-WNXMHRTMSRDCZLUAEOXZ3HCSNE.png?auth=256e5cf0b5f44ebe96cd5e2d12ac2386ea8e5cf5192a5fc934053bc2241b3007&amp;width=1440\" type=\"image\/jpg\" \/><img loading=\"lazy\" decoding=\"async\" class=\"image content-image image_placeholder\" src=\"https:\/\/tn.com.ar\/resizer\/v2\/por-que-el-pantalon-globo-va-a-ser-tendencia-foto-imagen-generada-con-ia-gemini-WNXMHRTMSRDCZLUAEOXZ3HCSNE.png?auth=256e5cf0b5f44ebe96cd5e2d12ac2386ea8e5cf5192a5fc934053bc2241b3007&amp;width=767\" alt=\"\u00bfPor qu\u00e9 el pantal\u00f3n globo va a ser tendencia? (Foto: Imagen generada con IA-Gemini)\" width=\"767\" height=\"1023\" data-testid=\"loading-testid\" \/><\/picture><\/div><figcaption class=\"caption_image\" data-testid=\"figcaption-testid\">\n<div class=\"image_caption \">\u00bfPor qu\u00e9 el pantal\u00f3n globo va a ser tendencia? (Foto: Imagen generada con IA-Gemini)<\/div>\n<\/figcaption><\/figure>\n<p class=\"paragraph font__body-regular\">Estos pantalones se pueden convertir en un\u00a0<i>\u201cmust-have\u201d<\/i>\u00a0para la temporada oto\u00f1o-invierno 2026, ya que ofrecen un gran margen para crear looks tanto casuales como m\u00e1s formales.<\/p>\n<p class=\"paragraph font__body-regular\">Adem\u00e1s de ser funcionales, ya que permiten moverse con comodidad, destacan por su capacidad para renovar cualquier outfit. \u00bfC\u00f3mo? La\u00a0<b>silueta amplia en la pierna y m\u00e1s angosta en el bajo genera una forma equilibrada y actual.<\/b>\u00a0Son perfectos para combinarlos con sweaters livianos, camisas o blazers entallados.<\/p>\n<h2 class=\"font--primary font__display\">\u00bfPor qu\u00e9 el pantal\u00f3n globo va a ser tendencia?<\/h2>\n<ul class=\"ul__list list\">\n<li class=\"list__item\"><b>Actualiza cualquier look:<\/b>\u00a0su forma distinta permite salir del jean cl\u00e1sico o del cargo repetido sin perder practicidad.<\/li>\n<li class=\"list__item\"><b>Versatilidad de estilos:<\/b>\u00a0se puede usar con remeras ajustadas, sweaters finos, camisas, blazers y distintos tipos de calzado.<\/li>\n<li class=\"list__item\"><b>Comodidad y dise\u00f1o:<\/b>\u00a0no solo es canchero, sino que tambi\u00e9n resulta c\u00f3modo para el uso diario y aporta una silueta m\u00e1s pulida para el invierno.<\/li>\n<\/ul>\n<\/div>\n<p><\/main><\/div>\n<aside class=\"col-right-rail right-rail\">\n<div id=\"parent-ad-slot-caja\" class=\"ad-container caja_ad \">\n<div class=\"ad-content\"><\/div>\n<\/div>\n<\/aside>\n","protected":false},"excerpt":{"rendered":"<p>La nueva silueta que ya se impone en las calles europeas combina volumen, comodidad y elegancia, y promete convertirse en la opci\u00f3n favorita para renovar los looks de media estaci\u00f3n. El\u00a0oto\u00f1o invierno 2026\u00a0trae una renovaci\u00f3n en las tendencias de moda, sobre todo en los pantalones. Una de las grandes sorpresas de esta nueva temporada es [&hellip;]<\/p>\n","protected":false},"author":1,"featured_media":15911,"comment_status":"open","ping_status":"open","sticky":false,"template":"","format":"standard","meta":{"rop_custom_images_group":[],"rop_custom_messages_group":[],"rop_publish_now":"initial","rop_publish_now_accounts":[],"rop_publish_now_history":[],"rop_publish_now_status":"pending","footnotes":"","jetpack_publicize_message":"","jetpack_publicize_feature_enabled":true,"jetpack_social_post_already_shared":true,"jetpack_social_options":{"image_generator_settings":{"template":"highway","enabled":false},"version":2}},"categories":[16],"tags":[],"class_list":{"0":"post-15910","1":"post","2":"type-post","3":"status-publish","4":"format-standard","5":"has-post-thumbnail","7":"category-tendencias"},"jetpack_publicize_connections":[],"yoast_head":"<!-- This site is optimized with the Yoast SEO plugin v27.3 - https:\/\/yoast.com\/product\/yoast-seo-wordpress\/ -->\n<title>Adi\u00f3s pantal\u00f3n cargo: la tendencia que llega desde Europa para este oto\u00f1o invierno 2026 - CLAN ESPECTACULOS<\/title>\n<meta name=\"robots\" content=\"index, follow, max-snippet:-1, max-image-preview:large, max-video-preview:-1\" \/>\n<link rel=\"canonical\" href=\"https:\/\/radioclanfm.com\/clanespectaculos\/adios-pantalon-cargo-la-tendencia-que-llega-desde-europa-para-este-otono-invierno-2026\/\" \/>\n<meta property=\"og:locale\" content=\"es_ES\" \/>\n<meta property=\"og:type\" content=\"article\" \/>\n<meta property=\"og:title\" content=\"Adi\u00f3s pantal\u00f3n cargo: la tendencia que llega desde Europa para este oto\u00f1o invierno 2026 - CLAN ESPECTACULOS\" \/>\n<meta property=\"og:description\" content=\"La nueva silueta que ya se impone en las calles europeas combina volumen, comodidad y elegancia, y promete convertirse en la opci\u00f3n favorita para renovar los looks de media estaci\u00f3n. El\u00a0oto\u00f1o invierno 2026\u00a0trae una renovaci\u00f3n en las tendencias de moda, sobre todo en los pantalones. Una de las grandes sorpresas de esta nueva temporada es [&hellip;]\" \/>\n<meta property=\"og:url\" content=\"https:\/\/radioclanfm.com\/clanespectaculos\/adios-pantalon-cargo-la-tendencia-que-llega-desde-europa-para-este-otono-invierno-2026\/\" \/>\n<meta property=\"og:site_name\" content=\"CLAN ESPECTACULOS\" \/>\n<meta property=\"article:publisher\" content=\"https:\/\/www.facebook.com\/clanespectaculos\/\" \/>\n<meta property=\"article:published_time\" content=\"2026-04-28T00:10:13+00:00\" \/>\n<meta property=\"og:image\" content=\"https:\/\/radioclanfm.com\/clanespectaculos\/wp-content\/uploads\/sites\/2\/2026\/04\/VMujCObb.jpg\" \/>\n\t<meta property=\"og:image:width\" content=\"900\" \/>\n\t<meta property=\"og:image:height\" content=\"505\" \/>\n\t<meta property=\"og:image:type\" content=\"image\/jpeg\" \/>\n<meta name=\"author\" content=\"E-GRUPOCLAN\" \/>\n<meta name=\"twitter:card\" content=\"summary_large_image\" \/>\n<meta name=\"twitter:creator\" content=\"@clanespectok\" \/>\n<meta name=\"twitter:site\" content=\"@clanespectok\" \/>\n<meta name=\"twitter:label1\" content=\"Escrito por\" \/>\n\t<meta name=\"twitter:data1\" content=\"E-GRUPOCLAN\" \/>\n\t<meta name=\"twitter:label2\" content=\"Tiempo de lectura\" \/>\n\t<meta name=\"twitter:data2\" content=\"2 minutos\" \/>\n<script type=\"application\/ld+json\" class=\"yoast-schema-graph\">{\"@context\":\"https:\\\/\\\/schema.org\",\"@graph\":[{\"@type\":\"Article\",\"@id\":\"https:\\\/\\\/radioclanfm.com\\\/clanespectaculos\\\/adios-pantalon-cargo-la-tendencia-que-llega-desde-europa-para-este-otono-invierno-2026\\\/#article\",\"isPartOf\":{\"@id\":\"https:\\\/\\\/radioclanfm.com\\\/clanespectaculos\\\/adios-pantalon-cargo-la-tendencia-que-llega-desde-europa-para-este-otono-invierno-2026\\\/\"},\"author\":{\"name\":\"E-GRUPOCLAN\",\"@id\":\"https:\\\/\\\/radioclanfm.com\\\/clanespectaculos\\\/#\\\/schema\\\/person\\\/9734813083303230f3ad84d99171b20c\"},\"headline\":\"Adi\u00f3s pantal\u00f3n cargo: la tendencia que llega desde Europa para este oto\u00f1o invierno 2026\",\"datePublished\":\"2026-04-28T00:10:13+00:00\",\"mainEntityOfPage\":{\"@id\":\"https:\\\/\\\/radioclanfm.com\\\/clanespectaculos\\\/adios-pantalon-cargo-la-tendencia-que-llega-desde-europa-para-este-otono-invierno-2026\\\/\"},\"wordCount\":311,\"commentCount\":0,\"publisher\":{\"@id\":\"https:\\\/\\\/radioclanfm.com\\\/clanespectaculos\\\/#organization\"},\"image\":{\"@id\":\"https:\\\/\\\/radioclanfm.com\\\/clanespectaculos\\\/adios-pantalon-cargo-la-tendencia-que-llega-desde-europa-para-este-otono-invierno-2026\\\/#primaryimage\"},\"thumbnailUrl\":\"https:\\\/\\\/radioclanfm.com\\\/clanespectaculos\\\/wp-content\\\/uploads\\\/sites\\\/2\\\/2026\\\/04\\\/VMujCObb.jpg\",\"articleSection\":[\"TENDENCIAS\"],\"inLanguage\":\"es-AR\",\"potentialAction\":[{\"@type\":\"CommentAction\",\"name\":\"Comment\",\"target\":[\"https:\\\/\\\/radioclanfm.com\\\/clanespectaculos\\\/adios-pantalon-cargo-la-tendencia-que-llega-desde-europa-para-este-otono-invierno-2026\\\/#respond\"]}]},{\"@type\":\"WebPage\",\"@id\":\"https:\\\/\\\/radioclanfm.com\\\/clanespectaculos\\\/adios-pantalon-cargo-la-tendencia-que-llega-desde-europa-para-este-otono-invierno-2026\\\/\",\"url\":\"https:\\\/\\\/radioclanfm.com\\\/clanespectaculos\\\/adios-pantalon-cargo-la-tendencia-que-llega-desde-europa-para-este-otono-invierno-2026\\\/\",\"name\":\"Adi\u00f3s pantal\u00f3n cargo: la tendencia que llega desde Europa para este oto\u00f1o invierno 2026 - CLAN ESPECTACULOS\",\"isPartOf\":{\"@id\":\"https:\\\/\\\/radioclanfm.com\\\/clanespectaculos\\\/#website\"},\"primaryImageOfPage\":{\"@id\":\"https:\\\/\\\/radioclanfm.com\\\/clanespectaculos\\\/adios-pantalon-cargo-la-tendencia-que-llega-desde-europa-para-este-otono-invierno-2026\\\/#primaryimage\"},\"image\":{\"@id\":\"https:\\\/\\\/radioclanfm.com\\\/clanespectaculos\\\/adios-pantalon-cargo-la-tendencia-que-llega-desde-europa-para-este-otono-invierno-2026\\\/#primaryimage\"},\"thumbnailUrl\":\"https:\\\/\\\/radioclanfm.com\\\/clanespectaculos\\\/wp-content\\\/uploads\\\/sites\\\/2\\\/2026\\\/04\\\/VMujCObb.jpg\",\"datePublished\":\"2026-04-28T00:10:13+00:00\",\"breadcrumb\":{\"@id\":\"https:\\\/\\\/radioclanfm.com\\\/clanespectaculos\\\/adios-pantalon-cargo-la-tendencia-que-llega-desde-europa-para-este-otono-invierno-2026\\\/#breadcrumb\"},\"inLanguage\":\"es-AR\",\"potentialAction\":[{\"@type\":\"ReadAction\",\"target\":[\"https:\\\/\\\/radioclanfm.com\\\/clanespectaculos\\\/adios-pantalon-cargo-la-tendencia-que-llega-desde-europa-para-este-otono-invierno-2026\\\/\"]}]},{\"@type\":\"ImageObject\",\"inLanguage\":\"es-AR\",\"@id\":\"https:\\\/\\\/radioclanfm.com\\\/clanespectaculos\\\/adios-pantalon-cargo-la-tendencia-que-llega-desde-europa-para-este-otono-invierno-2026\\\/#primaryimage\",\"url\":\"https:\\\/\\\/radioclanfm.com\\\/clanespectaculos\\\/wp-content\\\/uploads\\\/sites\\\/2\\\/2026\\\/04\\\/VMujCObb.jpg\",\"contentUrl\":\"https:\\\/\\\/radioclanfm.com\\\/clanespectaculos\\\/wp-content\\\/uploads\\\/sites\\\/2\\\/2026\\\/04\\\/VMujCObb.jpg\",\"width\":900,\"height\":505},{\"@type\":\"BreadcrumbList\",\"@id\":\"https:\\\/\\\/radioclanfm.com\\\/clanespectaculos\\\/adios-pantalon-cargo-la-tendencia-que-llega-desde-europa-para-este-otono-invierno-2026\\\/#breadcrumb\",\"itemListElement\":[{\"@type\":\"ListItem\",\"position\":1,\"name\":\"Inicio\",\"item\":\"https:\\\/\\\/radioclanfm.com\\\/clanespectaculos\\\/\"},{\"@type\":\"ListItem\",\"position\":2,\"name\":\"Adi\u00f3s pantal\u00f3n cargo: la tendencia que llega desde Europa para este oto\u00f1o invierno 2026\"}]},{\"@type\":\"WebSite\",\"@id\":\"https:\\\/\\\/radioclanfm.com\\\/clanespectaculos\\\/#website\",\"url\":\"https:\\\/\\\/radioclanfm.com\\\/clanespectaculos\\\/\",\"name\":\"CLAN ESPECTACULOS\",\"description\":\"\",\"publisher\":{\"@id\":\"https:\\\/\\\/radioclanfm.com\\\/clanespectaculos\\\/#organization\"},\"potentialAction\":[{\"@type\":\"SearchAction\",\"target\":{\"@type\":\"EntryPoint\",\"urlTemplate\":\"https:\\\/\\\/radioclanfm.com\\\/clanespectaculos\\\/?s={search_term_string}\"},\"query-input\":{\"@type\":\"PropertyValueSpecification\",\"valueRequired\":true,\"valueName\":\"search_term_string\"}}],\"inLanguage\":\"es-AR\"},{\"@type\":\"Organization\",\"@id\":\"https:\\\/\\\/radioclanfm.com\\\/clanespectaculos\\\/#organization\",\"name\":\"CLAN ESPECTACULOS\",\"url\":\"https:\\\/\\\/radioclanfm.com\\\/clanespectaculos\\\/\",\"logo\":{\"@type\":\"ImageObject\",\"inLanguage\":\"es-AR\",\"@id\":\"https:\\\/\\\/radioclanfm.com\\\/clanespectaculos\\\/#\\\/schema\\\/logo\\\/image\\\/\",\"url\":\"https:\\\/\\\/radioclanfm.com\\\/clanespectaculos\\\/wp-content\\\/uploads\\\/sites\\\/2\\\/2026\\\/04\\\/ChatGPT-Image-23-mar-2026-10_09_00.png\",\"contentUrl\":\"https:\\\/\\\/radioclanfm.com\\\/clanespectaculos\\\/wp-content\\\/uploads\\\/sites\\\/2\\\/2026\\\/04\\\/ChatGPT-Image-23-mar-2026-10_09_00.png\",\"width\":1024,\"height\":1024,\"caption\":\"CLAN ESPECTACULOS\"},\"image\":{\"@id\":\"https:\\\/\\\/radioclanfm.com\\\/clanespectaculos\\\/#\\\/schema\\\/logo\\\/image\\\/\"},\"sameAs\":[\"https:\\\/\\\/www.facebook.com\\\/clanespectaculos\\\/\",\"https:\\\/\\\/x.com\\\/clanespectok\"]},{\"@type\":\"Person\",\"@id\":\"https:\\\/\\\/radioclanfm.com\\\/clanespectaculos\\\/#\\\/schema\\\/person\\\/9734813083303230f3ad84d99171b20c\",\"name\":\"E-GRUPOCLAN\",\"image\":{\"@type\":\"ImageObject\",\"inLanguage\":\"es-AR\",\"@id\":\"https:\\\/\\\/secure.gravatar.com\\\/avatar\\\/af6e19837c3d6a212034a48c7b3818d2ac1826f6025df0155da5a186ad321d79?s=96&d=mm&r=g\",\"url\":\"https:\\\/\\\/secure.gravatar.com\\\/avatar\\\/af6e19837c3d6a212034a48c7b3818d2ac1826f6025df0155da5a186ad321d79?s=96&d=mm&r=g\",\"contentUrl\":\"https:\\\/\\\/secure.gravatar.com\\\/avatar\\\/af6e19837c3d6a212034a48c7b3818d2ac1826f6025df0155da5a186ad321d79?s=96&d=mm&r=g\",\"caption\":\"E-GRUPOCLAN\"},\"sameAs\":[\"https:\\\/\\\/radioclanfm.com\"],\"url\":\"https:\\\/\\\/radioclanfm.com\\\/clanespectaculos\\\/author\\\/admin\\\/\"}]}<\/script>\n<!-- \/ Yoast SEO plugin. -->","yoast_head_json":{"title":"Adi\u00f3s pantal\u00f3n cargo: la tendencia que llega desde Europa para este oto\u00f1o invierno 2026 - CLAN ESPECTACULOS","robots":{"index":"index","follow":"follow","max-snippet":"max-snippet:-1","max-image-preview":"max-image-preview:large","max-video-preview":"max-video-preview:-1"},"canonical":"https:\/\/radioclanfm.com\/clanespectaculos\/adios-pantalon-cargo-la-tendencia-que-llega-desde-europa-para-este-otono-invierno-2026\/","og_locale":"es_ES","og_type":"article","og_title":"Adi\u00f3s pantal\u00f3n cargo: la tendencia que llega desde Europa para este oto\u00f1o invierno 2026 - CLAN ESPECTACULOS","og_description":"La nueva silueta que ya se impone en las calles europeas combina volumen, comodidad y elegancia, y promete convertirse en la opci\u00f3n favorita para renovar los looks de media estaci\u00f3n. El\u00a0oto\u00f1o invierno 2026\u00a0trae una renovaci\u00f3n en las tendencias de moda, sobre todo en los pantalones. Una de las grandes sorpresas de esta nueva temporada es [&hellip;]","og_url":"https:\/\/radioclanfm.com\/clanespectaculos\/adios-pantalon-cargo-la-tendencia-que-llega-desde-europa-para-este-otono-invierno-2026\/","og_site_name":"CLAN ESPECTACULOS","article_publisher":"https:\/\/www.facebook.com\/clanespectaculos\/","article_published_time":"2026-04-28T00:10:13+00:00","og_image":[{"width":900,"height":505,"url":"https:\/\/radioclanfm.com\/clanespectaculos\/wp-content\/uploads\/sites\/2\/2026\/04\/VMujCObb.jpg","type":"image\/jpeg"}],"author":"E-GRUPOCLAN","twitter_card":"summary_large_image","twitter_creator":"@clanespectok","twitter_site":"@clanespectok","twitter_misc":{"Escrito por":"E-GRUPOCLAN","Tiempo de lectura":"2 minutos"},"schema":{"@context":"https:\/\/schema.org","@graph":[{"@type":"Article","@id":"https:\/\/radioclanfm.com\/clanespectaculos\/adios-pantalon-cargo-la-tendencia-que-llega-desde-europa-para-este-otono-invierno-2026\/#article","isPartOf":{"@id":"https:\/\/radioclanfm.com\/clanespectaculos\/adios-pantalon-cargo-la-tendencia-que-llega-desde-europa-para-este-otono-invierno-2026\/"},"author":{"name":"E-GRUPOCLAN","@id":"https:\/\/radioclanfm.com\/clanespectaculos\/#\/schema\/person\/9734813083303230f3ad84d99171b20c"},"headline":"Adi\u00f3s pantal\u00f3n cargo: la tendencia que llega desde Europa para este oto\u00f1o invierno 2026","datePublished":"2026-04-28T00:10:13+00:00","mainEntityOfPage":{"@id":"https:\/\/radioclanfm.com\/clanespectaculos\/adios-pantalon-cargo-la-tendencia-que-llega-desde-europa-para-este-otono-invierno-2026\/"},"wordCount":311,"commentCount":0,"publisher":{"@id":"https:\/\/radioclanfm.com\/clanespectaculos\/#organization"},"image":{"@id":"https:\/\/radioclanfm.com\/clanespectaculos\/adios-pantalon-cargo-la-tendencia-que-llega-desde-europa-para-este-otono-invierno-2026\/#primaryimage"},"thumbnailUrl":"https:\/\/radioclanfm.com\/clanespectaculos\/wp-content\/uploads\/sites\/2\/2026\/04\/VMujCObb.jpg","articleSection":["TENDENCIAS"],"inLanguage":"es-AR","potentialAction":[{"@type":"CommentAction","name":"Comment","target":["https:\/\/radioclanfm.com\/clanespectaculos\/adios-pantalon-cargo-la-tendencia-que-llega-desde-europa-para-este-otono-invierno-2026\/#respond"]}]},{"@type":"WebPage","@id":"https:\/\/radioclanfm.com\/clanespectaculos\/adios-pantalon-cargo-la-tendencia-que-llega-desde-europa-para-este-otono-invierno-2026\/","url":"https:\/\/radioclanfm.com\/clanespectaculos\/adios-pantalon-cargo-la-tendencia-que-llega-desde-europa-para-este-otono-invierno-2026\/","name":"Adi\u00f3s pantal\u00f3n cargo: la tendencia que llega desde Europa para este oto\u00f1o invierno 2026 - CLAN ESPECTACULOS","isPartOf":{"@id":"https:\/\/radioclanfm.com\/clanespectaculos\/#website"},"primaryImageOfPage":{"@id":"https:\/\/radioclanfm.com\/clanespectaculos\/adios-pantalon-cargo-la-tendencia-que-llega-desde-europa-para-este-otono-invierno-2026\/#primaryimage"},"image":{"@id":"https:\/\/radioclanfm.com\/clanespectaculos\/adios-pantalon-cargo-la-tendencia-que-llega-desde-europa-para-este-otono-invierno-2026\/#primaryimage"},"thumbnailUrl":"https:\/\/radioclanfm.com\/clanespectaculos\/wp-content\/uploads\/sites\/2\/2026\/04\/VMujCObb.jpg","datePublished":"2026-04-28T00:10:13+00:00","breadcrumb":{"@id":"https:\/\/radioclanfm.com\/clanespectaculos\/adios-pantalon-cargo-la-tendencia-que-llega-desde-europa-para-este-otono-invierno-2026\/#breadcrumb"},"inLanguage":"es-AR","potentialAction":[{"@type":"ReadAction","target":["https:\/\/radioclanfm.com\/clanespectaculos\/adios-pantalon-cargo-la-tendencia-que-llega-desde-europa-para-este-otono-invierno-2026\/"]}]},{"@type":"ImageObject","inLanguage":"es-AR","@id":"https:\/\/radioclanfm.com\/clanespectaculos\/adios-pantalon-cargo-la-tendencia-que-llega-desde-europa-para-este-otono-invierno-2026\/#primaryimage","url":"https:\/\/radioclanfm.com\/clanespectaculos\/wp-content\/uploads\/sites\/2\/2026\/04\/VMujCObb.jpg","contentUrl":"https:\/\/radioclanfm.com\/clanespectaculos\/wp-content\/uploads\/sites\/2\/2026\/04\/VMujCObb.jpg","width":900,"height":505},{"@type":"BreadcrumbList","@id":"https:\/\/radioclanfm.com\/clanespectaculos\/adios-pantalon-cargo-la-tendencia-que-llega-desde-europa-para-este-otono-invierno-2026\/#breadcrumb","itemListElement":[{"@type":"ListItem","position":1,"name":"Inicio","item":"https:\/\/radioclanfm.com\/clanespectaculos\/"},{"@type":"ListItem","position":2,"name":"Adi\u00f3s pantal\u00f3n cargo: la tendencia que llega desde Europa para este oto\u00f1o invierno 2026"}]},{"@type":"WebSite","@id":"https:\/\/radioclanfm.com\/clanespectaculos\/#website","url":"https:\/\/radioclanfm.com\/clanespectaculos\/","name":"CLAN ESPECTACULOS","description":"","publisher":{"@id":"https:\/\/radioclanfm.com\/clanespectaculos\/#organization"},"potentialAction":[{"@type":"SearchAction","target":{"@type":"EntryPoint","urlTemplate":"https:\/\/radioclanfm.com\/clanespectaculos\/?s={search_term_string}"},"query-input":{"@type":"PropertyValueSpecification","valueRequired":true,"valueName":"search_term_string"}}],"inLanguage":"es-AR"},{"@type":"Organization","@id":"https:\/\/radioclanfm.com\/clanespectaculos\/#organization","name":"CLAN ESPECTACULOS","url":"https:\/\/radioclanfm.com\/clanespectaculos\/","logo":{"@type":"ImageObject","inLanguage":"es-AR","@id":"https:\/\/radioclanfm.com\/clanespectaculos\/#\/schema\/logo\/image\/","url":"https:\/\/radioclanfm.com\/clanespectaculos\/wp-content\/uploads\/sites\/2\/2026\/04\/ChatGPT-Image-23-mar-2026-10_09_00.png","contentUrl":"https:\/\/radioclanfm.com\/clanespectaculos\/wp-content\/uploads\/sites\/2\/2026\/04\/ChatGPT-Image-23-mar-2026-10_09_00.png","width":1024,"height":1024,"caption":"CLAN ESPECTACULOS"},"image":{"@id":"https:\/\/radioclanfm.com\/clanespectaculos\/#\/schema\/logo\/image\/"},"sameAs":["https:\/\/www.facebook.com\/clanespectaculos\/","https:\/\/x.com\/clanespectok"]},{"@type":"Person","@id":"https:\/\/radioclanfm.com\/clanespectaculos\/#\/schema\/person\/9734813083303230f3ad84d99171b20c","name":"E-GRUPOCLAN","image":{"@type":"ImageObject","inLanguage":"es-AR","@id":"https:\/\/secure.gravatar.com\/avatar\/af6e19837c3d6a212034a48c7b3818d2ac1826f6025df0155da5a186ad321d79?s=96&d=mm&r=g","url":"https:\/\/secure.gravatar.com\/avatar\/af6e19837c3d6a212034a48c7b3818d2ac1826f6025df0155da5a186ad321d79?s=96&d=mm&r=g","contentUrl":"https:\/\/secure.gravatar.com\/avatar\/af6e19837c3d6a212034a48c7b3818d2ac1826f6025df0155da5a186ad321d79?s=96&d=mm&r=g","caption":"E-GRUPOCLAN"},"sameAs":["https:\/\/radioclanfm.com"],"url":"https:\/\/radioclanfm.com\/clanespectaculos\/author\/admin\/"}]}},"_links":{"self":[{"href":"https:\/\/radioclanfm.com\/clanespectaculos\/wp-json\/wp\/v2\/posts\/15910","targetHints":{"allow":["GET"]}}],"collection":[{"href":"https:\/\/radioclanfm.com\/clanespectaculos\/wp-json\/wp\/v2\/posts"}],"about":[{"href":"https:\/\/radioclanfm.com\/clanespectaculos\/wp-json\/wp\/v2\/types\/post"}],"author":[{"embeddable":true,"href":"https:\/\/radioclanfm.com\/clanespectaculos\/wp-json\/wp\/v2\/users\/1"}],"replies":[{"embeddable":true,"href":"https:\/\/radioclanfm.com\/clanespectaculos\/wp-json\/wp\/v2\/comments?post=15910"}],"version-history":[{"count":1,"href":"https:\/\/radioclanfm.com\/clanespectaculos\/wp-json\/wp\/v2\/posts\/15910\/revisions"}],"predecessor-version":[{"id":15912,"href":"https:\/\/radioclanfm.com\/clanespectaculos\/wp-json\/wp\/v2\/posts\/15910\/revisions\/15912"}],"wp:featuredmedia":[{"embeddable":true,"href":"https:\/\/radioclanfm.com\/clanespectaculos\/wp-json\/wp\/v2\/media\/15911"}],"wp:attachment":[{"href":"https:\/\/radioclanfm.com\/clanespectaculos\/wp-json\/wp\/v2\/media?parent=15910"}],"wp:term":[{"taxonomy":"category","embeddable":true,"href":"https:\/\/radioclanfm.com\/clanespectaculos\/wp-json\/wp\/v2\/categories?post=15910"},{"taxonomy":"post_tag","embeddable":true,"href":"https:\/\/radioclanfm.com\/clanespectaculos\/wp-json\/wp\/v2\/tags?post=15910"}],"curies":[{"name":"wp","href":"https:\/\/api.w.org\/{rel}","templated":true}]}}