{"id":15904,"date":"2026-04-27T10:17:32","date_gmt":"2026-04-27T13:17:32","guid":{"rendered":"https:\/\/radioclanfm.com\/clanespectaculos\/?p=15904"},"modified":"2026-04-27T10:17:32","modified_gmt":"2026-04-27T13:17:32","slug":"martin-fierro-de-la-moda-2026-los-looks-de-las-celebridades-en-la-ceremonia","status":"publish","type":"post","link":"https:\/\/radioclanfm.com\/clanespectaculos\/martin-fierro-de-la-moda-2026-los-looks-de-las-celebridades-en-la-ceremonia\/","title":{"rendered":"Mart\u00edn Fierro de la Moda 2026: los looks de las celebridades en la ceremonia"},"content":{"rendered":"<p>El evento reconoce la labor de dise\u00f1adores, modelos y figuras del espect\u00e1culo nacional. Como siempre, se trata de un punto de encuentro para el glamour. Un repaso por los outfits de la gala<\/p>\n<p class=\"paragraph\" data-mrf-recirculation=\"Links inline\">La\u00a0<b>edici\u00f3n 2026\u00a0<\/b>de los\u00a0<b>Mart\u00edn Fierro de la Moda<\/b>\u00a0reuni\u00f3 a miles de invitados en\u00a0<b>Telefe<\/b>\u00a0y se consolid\u00f3 como uno de los principales eventos del sector en Argentina.<\/p>\n<div class=\"news-module\" data-mrf-recirculation=\"IL_GBLs3HYWRq2RgU4Qz8MM1Q\" data-testid=\"text-html\" data-mrf-experience=\"IL_GBLs3HYWRq2RgU4Qz8MM1Q\">\n<div class=\"recommended-card__image-container\"><\/div>\n<\/div>\n<p class=\"paragraph\" data-mrf-recirculation=\"Links inline\"><b>Dise\u00f1adores<\/b>, modelos y personalidades del espect\u00e1culo desfilaron sobre la alfombra roja para exhibir sus atuendos, en una cita organizada por la\u00a0<b>Asociaci\u00f3n de Periodistas de la Televisi\u00f3n y la Radiofon\u00eda Argentina<\/b>\u00a0(<b>APTRA<\/b>) que tuvo como objetivo reconocer el trabajo de los referentes de la industria y premiar a quienes inspiran tendencias.<\/p>\n<div class=\"inline ad-wrapper\">\n<div class=\"dfpAd ad-inline ad-text\">\n<div id=\"infobae\/tendencias\/nota\/inline\" class=\"infobae\/tendencias\/nota\/inline arcad\" data-google-query-id=\"CMaB0NaOjpQDFTQ9uQYdRlg5Mg\">\n<div id=\"google_ads_iframe_\/1058609\/infobae\/tendencias\/nota\/inline_0__container__\"><\/div>\n<\/div>\n<\/div>\n<\/div>\n<p class=\"paragraph\" data-mrf-recirculation=\"Links inline\"><b>Valeria Mazza<\/b>\u00a0asumi\u00f3 la conducci\u00f3n del evento acompa\u00f1ada de\u00a0<b>Iv\u00e1n De Pineda<\/b>. La ceremonia destac\u00f3 tanto propuestas vanguardistas como detalles sofisticados en los looks presentados, reflejando el esp\u00edritu de la temporada.<\/p>\n<div class=\"news-module\" data-mrf-recirculation=\"IL_m3kiGo-8SVS6m0U7OqrZLw\" data-testid=\"text-html\" data-mrf-experience=\"IL_m3kiGo-8SVS6m0U7OqrZLw\">\n<div class=\"recommended-card__info\"><\/div>\n<\/div>\n<p class=\"paragraph\" data-mrf-recirculation=\"Links inline\">La tradicional red carpet, caracter\u00edstica de esta premiaci\u00f3n, funcion\u00f3 como espacio de exhibici\u00f3n para las creaciones de los dise\u00f1adores m\u00e1s notorios.<\/p>\n<div class=\"inline_2 ad-wrapper\">\n<div class=\"dfpAd ad-inline ad-text\">\n<div id=\"infobae\/tendencias\/nota\/inline_2\" class=\"infobae\/tendencias\/nota\/inline_2 arcad\" data-google-query-id=\"CJfP3teOjpQDFfo8uQYdqv8bfQ\">\n<div id=\"google_ads_iframe_\/1058609\/infobae\/tendencias\/nota\/inline_2_0__container__\"><\/div>\n<\/div>\n<\/div>\n<\/div>\n<h2 id=\"los-looks-de-las-celebridades-en-los-martin-fierro-de-la-moda-2026\" class=\"header headline-class-h2 headline\">Los looks de las celebridades en los Mart\u00edn Fierro de la Moda 2026<\/h2>\n<p class=\"paragraph\" data-mrf-recirculation=\"Links inline\"><b>Carolina \u201cPampita\u201d Ardohain<\/b><\/p>\n<div class=\"news-module\" data-mrf-recirculation=\"IL_wLyG9sjfRQKb8QO3fSLumw\" data-testid=\"text-html\" data-mrf-experience=\"IL_wLyG9sjfRQKb8QO3fSLumw\">\n<div class=\"recommended-card__image-container\"><\/div>\n<\/div>\n<div class=\"visual__image\"><picture><source srcset=\"https:\/\/www.infobae.com\/resizer\/v2\/DVXR2LGG7BFIRNU3B2TTG36WLA.jpg?auth=ca53f1d993322166836dad6626596cfc936ccfc19fbb9aa783b8765bb5e01873&amp;smart=true&amp;width=992&amp;height=1488&amp;quality=85\" media=\"(min-width: 1000px)\" \/><source srcset=\"https:\/\/www.infobae.com\/resizer\/v2\/DVXR2LGG7BFIRNU3B2TTG36WLA.jpg?auth=ca53f1d993322166836dad6626596cfc936ccfc19fbb9aa783b8765bb5e01873&amp;smart=true&amp;width=768&amp;height=1152&amp;quality=85\" media=\"(min-width: 768px)\" \/><source srcset=\"https:\/\/www.infobae.com\/resizer\/v2\/DVXR2LGG7BFIRNU3B2TTG36WLA.jpg?auth=ca53f1d993322166836dad6626596cfc936ccfc19fbb9aa783b8765bb5e01873&amp;smart=true&amp;width=577&amp;height=866&amp;quality=85\" media=\"(min-width: 580px)\" \/><source srcset=\"https:\/\/www.infobae.com\/resizer\/v2\/DVXR2LGG7BFIRNU3B2TTG36WLA.jpg?auth=ca53f1d993322166836dad6626596cfc936ccfc19fbb9aa783b8765bb5e01873&amp;smart=true&amp;width=420&amp;height=630&amp;quality=85\" media=\"(min-width: 350px)\" \/><source srcset=\"https:\/\/www.infobae.com\/resizer\/v2\/DVXR2LGG7BFIRNU3B2TTG36WLA.jpg?auth=ca53f1d993322166836dad6626596cfc936ccfc19fbb9aa783b8765bb5e01873&amp;smart=true&amp;width=350&amp;height=525&amp;quality=85\" media=\"(min-width: 80px)\" \/><img loading=\"lazy\" decoding=\"async\" class=\"global-image\" src=\"https:\/\/www.infobae.com\/resizer\/v2\/DVXR2LGG7BFIRNU3B2TTG36WLA.jpg?auth=ca53f1d993322166836dad6626596cfc936ccfc19fbb9aa783b8765bb5e01873&amp;smart=true&amp;width=350&amp;height=525&amp;quality=85\" alt=\"Martin Fierro de la Moda 2026 - Banner Infobae\" width=\"1280\" height=\"1920\" \/><\/picture>Pampita complement\u00f3 el conjunto con anillos y pulseras plateadas, y llev\u00f3 el cabello suelto, peinado con ondas definidas<\/div>\n<p class=\"paragraph\" data-mrf-recirculation=\"Links inline\">Pampita eligi\u00f3 un vestido largo de base blanca con lunares negros, de corte strapless y silueta ajustada. El dise\u00f1o present\u00f3 volados estructurados y aplicaciones de flores en la misma tela, ubicadas en la zona de la falda.<\/p>\n<div class=\"ad_1 ad-wrapper\">\n<div class=\"dfpAd ad-1-al-6 ad-text\">\n<div id=\"infobae\/tendencias\/nota\/ad_1\" class=\"infobae\/tendencias\/nota\/ad_1 arcad\" data-google-query-id=\"COGX1dqOjpQDFbI1uQYdNEga1w\">\n<div id=\"google_ads_iframe_\/1058609\/infobae\/tendencias\/nota\/ad_1_0__container__\"><\/div>\n<\/div>\n<\/div>\n<\/div>\n<p class=\"paragraph\" data-mrf-recirculation=\"Links inline\">Pampita fue una de las figuras m\u00e1s esperadas, como siempre. \u201cLa moda me encanta, me apasiona. Tengo detr\u00e1s de m\u00ed un grupo maravilloso, muy talentoso, con mi estilista Mechu Ugarte, mi peinador Zacar\u00edas Guedes y mi maquilladora Estefan\u00eda Novillo. Hoy me visti\u00f3 Carolina Herrera con un vestido de su \u00faltima colecci\u00f3n, que us\u00f3 justamente su nieta hace poco para su presentaci\u00f3n en sociedad. As\u00ed que fue un vestido muy ic\u00f3nico en Europa porque lo replicaron en todos lados.\u00a0<b>Lo fui a buscar especialmente a Nueva York\u00a0<\/b>para este evento y ojal\u00e1 me lleve alguna estatuilla esta noche. Tengo dos nominaciones y creo que la nominaci\u00f3n no es para m\u00ed, sino para todo mi equipo, que se ocupa de cada detalle para que los estilismos sean perfectos. Si me llego a llevar alguna, obviamente, es del equipo\u201d, le dijo a\u00a0<b>Infobae.<\/b><\/p>\n<h2 id=\"juana-viale\" class=\"header headline-class-h2 headline\">Juana Viale<\/h2>\n<div class=\"visual__image\"><picture><source srcset=\"https:\/\/www.infobae.com\/resizer\/v2\/3VYDNJPUANETVBN2CNXNATDWWQ.jpg?auth=d36f90baec8e7a7a615140634f1e6324f56c71fca39d69959dd68ec2d39b9dc3&amp;smart=true&amp;width=992&amp;height=2007&amp;quality=85\" media=\"(min-width: 1000px)\" \/><source srcset=\"https:\/\/www.infobae.com\/resizer\/v2\/3VYDNJPUANETVBN2CNXNATDWWQ.jpg?auth=d36f90baec8e7a7a615140634f1e6324f56c71fca39d69959dd68ec2d39b9dc3&amp;smart=true&amp;width=768&amp;height=1554&amp;quality=85\" media=\"(min-width: 768px)\" \/><source srcset=\"https:\/\/www.infobae.com\/resizer\/v2\/3VYDNJPUANETVBN2CNXNATDWWQ.jpg?auth=d36f90baec8e7a7a615140634f1e6324f56c71fca39d69959dd68ec2d39b9dc3&amp;smart=true&amp;width=577&amp;height=1167&amp;quality=85\" media=\"(min-width: 580px)\" \/><source srcset=\"https:\/\/www.infobae.com\/resizer\/v2\/3VYDNJPUANETVBN2CNXNATDWWQ.jpg?auth=d36f90baec8e7a7a615140634f1e6324f56c71fca39d69959dd68ec2d39b9dc3&amp;smart=true&amp;width=420&amp;height=850&amp;quality=85\" media=\"(min-width: 350px)\" \/><source srcset=\"https:\/\/www.infobae.com\/resizer\/v2\/3VYDNJPUANETVBN2CNXNATDWWQ.jpg?auth=d36f90baec8e7a7a615140634f1e6324f56c71fca39d69959dd68ec2d39b9dc3&amp;smart=true&amp;width=350&amp;height=708&amp;quality=85\" media=\"(min-width: 80px)\" \/><img loading=\"lazy\" decoding=\"async\" class=\"global-image\" src=\"https:\/\/www.infobae.com\/resizer\/v2\/3VYDNJPUANETVBN2CNXNATDWWQ.jpg?auth=d36f90baec8e7a7a615140634f1e6324f56c71fca39d69959dd68ec2d39b9dc3&amp;smart=true&amp;width=350&amp;height=708&amp;quality=85\" alt=\"Mart\u00edn Fierro de la Moda 2026 - Alfombra roja\" width=\"1920\" height=\"3884\" \/><\/picture>Juana Viale vestida por Gino Bogani<\/div>\n<p class=\"paragraph\" data-mrf-recirculation=\"Links inline\">Juana Viale deslumbr\u00f3 como en cada llegada a la alfombra roja. \u201cLa moda es un manifiesto; es una forma de hablar, expresarse, comunicar, crear y contar. Est\u00e1 profundamente vinculada al arte\u201d, afirm\u00f3 a\u00a0<b>Infobae.<\/b><\/p>\n<div class=\"ad_2 ad-wrapper\">\n<div class=\"dfpAd ad-1-al-6 ad-text\">\n<div id=\"infobae\/tendencias\/nota\/ad_2\" class=\"infobae\/tendencias\/nota\/ad_2 arcad\" data-google-query-id=\"CKTDyNuOjpQDFZ01uQYdanYV1w\">\n<div id=\"google_ads_iframe_\/1058609\/infobae\/tendencias\/nota\/ad_2_0__container__\"><\/div>\n<\/div>\n<\/div>\n<\/div>\n<h2 id=\"valeria-mazza\" class=\"header headline-class-h2 headline\">Valeria Mazza<\/h2>\n<div class=\"visual__image\"><picture><source srcset=\"https:\/\/www.infobae.com\/resizer\/v2\/G6QXE6BKTJELHF2UVY7T5DXBCY.jpg?auth=5fd270de95f12e03088de811fb4e5edc58b2aa388287e60c460ebc1ffa977300&amp;smart=true&amp;width=992&amp;height=558&amp;quality=85\" media=\"(min-width: 1000px)\" \/><source srcset=\"https:\/\/www.infobae.com\/resizer\/v2\/G6QXE6BKTJELHF2UVY7T5DXBCY.jpg?auth=5fd270de95f12e03088de811fb4e5edc58b2aa388287e60c460ebc1ffa977300&amp;smart=true&amp;width=768&amp;height=432&amp;quality=85\" media=\"(min-width: 768px)\" \/><source srcset=\"https:\/\/www.infobae.com\/resizer\/v2\/G6QXE6BKTJELHF2UVY7T5DXBCY.jpg?auth=5fd270de95f12e03088de811fb4e5edc58b2aa388287e60c460ebc1ffa977300&amp;smart=true&amp;width=577&amp;height=325&amp;quality=85\" media=\"(min-width: 580px)\" \/><source srcset=\"https:\/\/www.infobae.com\/resizer\/v2\/G6QXE6BKTJELHF2UVY7T5DXBCY.jpg?auth=5fd270de95f12e03088de811fb4e5edc58b2aa388287e60c460ebc1ffa977300&amp;smart=true&amp;width=420&amp;height=236&amp;quality=85\" media=\"(min-width: 350px)\" \/><source srcset=\"https:\/\/www.infobae.com\/resizer\/v2\/G6QXE6BKTJELHF2UVY7T5DXBCY.jpg?auth=5fd270de95f12e03088de811fb4e5edc58b2aa388287e60c460ebc1ffa977300&amp;smart=true&amp;width=350&amp;height=197&amp;quality=85\" media=\"(min-width: 80px)\" \/><img loading=\"lazy\" decoding=\"async\" class=\"global-image\" src=\"https:\/\/www.infobae.com\/resizer\/v2\/G6QXE6BKTJELHF2UVY7T5DXBCY.jpg?auth=5fd270de95f12e03088de811fb4e5edc58b2aa388287e60c460ebc1ffa977300&amp;smart=true&amp;width=350&amp;height=197&amp;quality=85\" alt=\"Mart\u00edn Fierro de la Moda 2026 - Valeria Mazza\" width=\"1920\" height=\"1080\" \/><\/picture>Mart\u00edn Fierro de la Moda 2026 &#8211; Valeria Mazza<\/div>\n<p class=\"paragraph\" data-mrf-recirculation=\"Links inline\">Valeria Mazza llev\u00f3 un vestido de Pucheta Paz, de alta costura en color blanco con volumen pronunciado y falda amplia cubierta de plumas. La parte superior del vestido tuvo un dise\u00f1o strapless con aplicaciones de plumas y bordados que se extendieron hacia la falda. Combin\u00f3 el atuendo con un collar y una pulsera plateados.<\/p>\n<p class=\"paragraph\" data-mrf-recirculation=\"Links inline\">Posteriormente, luci\u00f3 un vestido largo de color negro, confeccionado en un tejido semitransparente cubierto de lentejuelas y detalles brillantes. La prenda present\u00f3 un dise\u00f1o ce\u00f1ido al cuerpo y mangas cortas, con aplicaciones que generaron un efecto de textura sobre el torso y la falda.<\/p>\n<div class=\"ad_3 ad-wrapper\">\n<div class=\"dfpAd ad-1-al-6 ad-text\">\n<div id=\"infobae\/tendencias\/nota\/ad_3\" class=\"infobae\/tendencias\/nota\/ad_3 arcad\" data-google-query-id=\"CJGy-9uOjpQDFZM2uQYdXW0Uyg\">\n<div id=\"google_ads_iframe_\/1058609\/infobae\/tendencias\/nota\/ad_3_0__container__\"><\/div>\n<\/div>\n<\/div>\n<\/div>\n<p class=\"paragraph\" data-mrf-recirculation=\"Links inline\">Otro vestido fue strapless, de color rosa con estampado en tonos lilas y fucsias, confeccionado en una tela con textura brillante y acompa\u00f1ado por un collar delicado. En tanto, hubo un look azul, con escote asim\u00e9trico y una gran aplicaci\u00f3n volum\u00e9trica en el hombro, confeccionado en una tela brillante y combinado con aros grandes y el cabello suelto.<\/p>\n<h2 id=\"susana-gimenez\" class=\"header headline-class-h2 headline\">Susana Gim\u00e9nez<\/h2>\n<div class=\"visual__image\"><picture><source srcset=\"https:\/\/www.infobae.com\/resizer\/v2\/H5KZ63WC4NAP5PJYL65AHOH2OA.jpg?auth=54ae1a6692f256e811f209e759e649888fae52ce0ea08ab07b1028e42191765c&amp;smart=true&amp;width=992&amp;height=546&amp;quality=85\" media=\"(min-width: 1000px)\" \/><source srcset=\"https:\/\/www.infobae.com\/resizer\/v2\/H5KZ63WC4NAP5PJYL65AHOH2OA.jpg?auth=54ae1a6692f256e811f209e759e649888fae52ce0ea08ab07b1028e42191765c&amp;smart=true&amp;width=768&amp;height=423&amp;quality=85\" media=\"(min-width: 768px)\" \/><source srcset=\"https:\/\/www.infobae.com\/resizer\/v2\/H5KZ63WC4NAP5PJYL65AHOH2OA.jpg?auth=54ae1a6692f256e811f209e759e649888fae52ce0ea08ab07b1028e42191765c&amp;smart=true&amp;width=577&amp;height=318&amp;quality=85\" media=\"(min-width: 580px)\" \/><source srcset=\"https:\/\/www.infobae.com\/resizer\/v2\/H5KZ63WC4NAP5PJYL65AHOH2OA.jpg?auth=54ae1a6692f256e811f209e759e649888fae52ce0ea08ab07b1028e42191765c&amp;smart=true&amp;width=420&amp;height=231&amp;quality=85\" media=\"(min-width: 350px)\" \/><source srcset=\"https:\/\/www.infobae.com\/resizer\/v2\/H5KZ63WC4NAP5PJYL65AHOH2OA.jpg?auth=54ae1a6692f256e811f209e759e649888fae52ce0ea08ab07b1028e42191765c&amp;smart=true&amp;width=350&amp;height=193&amp;quality=85\" media=\"(min-width: 80px)\" \/><img loading=\"lazy\" decoding=\"async\" class=\"global-image\" src=\"https:\/\/www.infobae.com\/resizer\/v2\/H5KZ63WC4NAP5PJYL65AHOH2OA.jpg?auth=54ae1a6692f256e811f209e759e649888fae52ce0ea08ab07b1028e42191765c&amp;smart=true&amp;width=350&amp;height=193&amp;quality=85\" alt=\"susana gim\u00e9nez\" width=\"1980\" height=\"1090\" \/><\/picture>La conductora pos\u00f3 en el escenario con un look negro, mangas largas y un collar plateado de dise\u00f1o geom\u00e9trico<\/div>\n<p class=\"paragraph\" data-mrf-recirculation=\"Links inline\">Susana Gim\u00e9nez luci\u00f3 un conjunto negro de escote recto con hombros descubiertos y mangas largas adornadas con plumas negras en los pu\u00f1os. Llev\u00f3 el cabello suelto y lacio. La diva, que fue homenajeada, complet\u00f3 el look con un collar plateado de dise\u00f1o geom\u00e9trico y maquillaje marcado en los ojos, acompa\u00f1ado de labios en tono natural.<\/p>\n<div class=\"ad_4 ad-wrapper\">\n<div class=\"dfpAd ad-1-al-6 ad-text\">\n<div id=\"infobae\/tendencias\/nota\/ad_4\" class=\"infobae\/tendencias\/nota\/ad_4 arcad\" data-google-query-id=\"CK2gv9yOjpQDFUiDYQYdgVEVfg\">\n<div id=\"google_ads_iframe_\/1058609\/infobae\/tendencias\/nota\/ad_4_0__container__\"><\/div>\n<\/div>\n<\/div>\n<\/div>\n<h2 id=\"ivan-de-pineda\" class=\"header headline-class-h2 headline\">Iv\u00e1n de Pineda<\/h2>\n<div class=\"visual__image\"><picture><source srcset=\"https:\/\/www.infobae.com\/resizer\/v2\/RWAGOHYYT5GQ7BKXMHZ76NQVGU.jpeg?auth=25955463789c07d50784dd3b437be0a6c553b21825e186f7bcdb48be139935e4&amp;smart=true&amp;width=992&amp;height=1764&amp;quality=85\" media=\"(min-width: 1000px)\" \/><source srcset=\"https:\/\/www.infobae.com\/resizer\/v2\/RWAGOHYYT5GQ7BKXMHZ76NQVGU.jpeg?auth=25955463789c07d50784dd3b437be0a6c553b21825e186f7bcdb48be139935e4&amp;smart=true&amp;width=768&amp;height=1365&amp;quality=85\" media=\"(min-width: 768px)\" \/><source srcset=\"https:\/\/www.infobae.com\/resizer\/v2\/RWAGOHYYT5GQ7BKXMHZ76NQVGU.jpeg?auth=25955463789c07d50784dd3b437be0a6c553b21825e186f7bcdb48be139935e4&amp;smart=true&amp;width=577&amp;height=1026&amp;quality=85\" media=\"(min-width: 580px)\" \/><source srcset=\"https:\/\/www.infobae.com\/resizer\/v2\/RWAGOHYYT5GQ7BKXMHZ76NQVGU.jpeg?auth=25955463789c07d50784dd3b437be0a6c553b21825e186f7bcdb48be139935e4&amp;smart=true&amp;width=420&amp;height=747&amp;quality=85\" media=\"(min-width: 350px)\" \/><source srcset=\"https:\/\/www.infobae.com\/resizer\/v2\/RWAGOHYYT5GQ7BKXMHZ76NQVGU.jpeg?auth=25955463789c07d50784dd3b437be0a6c553b21825e186f7bcdb48be139935e4&amp;smart=true&amp;width=350&amp;height=622&amp;quality=85\" media=\"(min-width: 80px)\" \/><img loading=\"lazy\" decoding=\"async\" class=\"global-image\" src=\"https:\/\/www.infobae.com\/resizer\/v2\/RWAGOHYYT5GQ7BKXMHZ76NQVGU.jpeg?auth=25955463789c07d50784dd3b437be0a6c553b21825e186f7bcdb48be139935e4&amp;smart=true&amp;width=350&amp;height=622&amp;quality=85\" alt=\"Dos hombres en esmoquin posan de pie en un escenario iluminado con luces verdes y naranjas; uno lleva un bigote y esmoquin negro, el otro un esmoquin blanco\" width=\"900\" height=\"1600\" \/><\/picture>Iv\u00e1n de Pineda con Nicol\u00e1s Zaffora<\/div>\n<p class=\"paragraph\" data-mrf-recirculation=\"Links inline\">El conductor Iv\u00e1n de Pineda arrib\u00f3 con un look de Nicol\u00e1s Zaffora que combin\u00f3 blanco y negro.<\/p>\n<h2 id=\"nico-occhiato-y-flor-jazmin-pena\" class=\"header headline-class-h2 headline\">Nico Occhiato y Flor Jazm\u00edn Pe\u00f1a<\/h2>\n<div class=\"visual__image\"><picture><source srcset=\"https:\/\/www.infobae.com\/resizer\/v2\/ILCM7WLH55EGRJ6NGUPC5ICPRM.jpg?auth=d0dc1ffe69a1fc580a78d34098f11025c04cccb726ac40ab6400669fee285d06&amp;smart=true&amp;width=992&amp;height=1619&amp;quality=85\" media=\"(min-width: 1000px)\" \/><source srcset=\"https:\/\/www.infobae.com\/resizer\/v2\/ILCM7WLH55EGRJ6NGUPC5ICPRM.jpg?auth=d0dc1ffe69a1fc580a78d34098f11025c04cccb726ac40ab6400669fee285d06&amp;smart=true&amp;width=768&amp;height=1254&amp;quality=85\" media=\"(min-width: 768px)\" \/><source srcset=\"https:\/\/www.infobae.com\/resizer\/v2\/ILCM7WLH55EGRJ6NGUPC5ICPRM.jpg?auth=d0dc1ffe69a1fc580a78d34098f11025c04cccb726ac40ab6400669fee285d06&amp;smart=true&amp;width=577&amp;height=942&amp;quality=85\" media=\"(min-width: 580px)\" \/><source srcset=\"https:\/\/www.infobae.com\/resizer\/v2\/ILCM7WLH55EGRJ6NGUPC5ICPRM.jpg?auth=d0dc1ffe69a1fc580a78d34098f11025c04cccb726ac40ab6400669fee285d06&amp;smart=true&amp;width=420&amp;height=686&amp;quality=85\" media=\"(min-width: 350px)\" \/><source srcset=\"https:\/\/www.infobae.com\/resizer\/v2\/ILCM7WLH55EGRJ6NGUPC5ICPRM.jpg?auth=d0dc1ffe69a1fc580a78d34098f11025c04cccb726ac40ab6400669fee285d06&amp;smart=true&amp;width=350&amp;height=571&amp;quality=85\" media=\"(min-width: 80px)\" \/><img loading=\"lazy\" decoding=\"async\" class=\"global-image\" src=\"https:\/\/www.infobae.com\/resizer\/v2\/ILCM7WLH55EGRJ6NGUPC5ICPRM.jpg?auth=d0dc1ffe69a1fc580a78d34098f11025c04cccb726ac40ab6400669fee285d06&amp;smart=true&amp;width=350&amp;height=571&amp;quality=85\" alt=\"Mart\u00edn Fierro de la Moda 2026 - Alfombra roja\" width=\"1920\" height=\"3134\" \/><\/picture>Nico Occhiato y Flor Jazm\u00edn Pe\u00f1a al arribar a la ceremonia<\/div>\n<p class=\"paragraph\" data-mrf-recirculation=\"Links inline\">Nico Occhiato luci\u00f3 un traje negro de solapas satinadas, acompa\u00f1ado por camisa blanca y corbata negra, junto a zapatos cl\u00e1sicos del mismo tono. Flor Jazm\u00edn Pe\u00f1a deslumbr\u00f3 con un vestido largo al cuerpo cubierto de apliques brillantes en tono verde oscuro, de tirantes finos y escote profundo.<\/p>\n<div class=\"ad_5 ad-wrapper\">\n<div><\/div>\n<\/div>\n<h2 id=\"sol-perez\" class=\"header headline-class-h2 headline\">Sol P\u00e9rez<\/h2>\n<div class=\"visual__image\"><picture><source srcset=\"https:\/\/www.infobae.com\/resizer\/v2\/75CCG3B4FRHNZI2V4GGCOUXDEY.jpg?auth=ce975414e1e9ae7e69ee37af55b1b4cee6b83cfaf1a32f079e4b136a3c55941b&amp;smart=true&amp;width=992&amp;height=1640&amp;quality=85\" media=\"(min-width: 1000px)\" \/><source srcset=\"https:\/\/www.infobae.com\/resizer\/v2\/75CCG3B4FRHNZI2V4GGCOUXDEY.jpg?auth=ce975414e1e9ae7e69ee37af55b1b4cee6b83cfaf1a32f079e4b136a3c55941b&amp;smart=true&amp;width=768&amp;height=1270&amp;quality=85\" media=\"(min-width: 768px)\" \/><source srcset=\"https:\/\/www.infobae.com\/resizer\/v2\/75CCG3B4FRHNZI2V4GGCOUXDEY.jpg?auth=ce975414e1e9ae7e69ee37af55b1b4cee6b83cfaf1a32f079e4b136a3c55941b&amp;smart=true&amp;width=577&amp;height=954&amp;quality=85\" media=\"(min-width: 580px)\" \/><source srcset=\"https:\/\/www.infobae.com\/resizer\/v2\/75CCG3B4FRHNZI2V4GGCOUXDEY.jpg?auth=ce975414e1e9ae7e69ee37af55b1b4cee6b83cfaf1a32f079e4b136a3c55941b&amp;smart=true&amp;width=420&amp;height=695&amp;quality=85\" media=\"(min-width: 350px)\" \/><source srcset=\"https:\/\/www.infobae.com\/resizer\/v2\/75CCG3B4FRHNZI2V4GGCOUXDEY.jpg?auth=ce975414e1e9ae7e69ee37af55b1b4cee6b83cfaf1a32f079e4b136a3c55941b&amp;smart=true&amp;width=350&amp;height=579&amp;quality=85\" media=\"(min-width: 80px)\" \/><img loading=\"lazy\" decoding=\"async\" class=\"global-image\" src=\"https:\/\/www.infobae.com\/resizer\/v2\/75CCG3B4FRHNZI2V4GGCOUXDEY.jpg?auth=ce975414e1e9ae7e69ee37af55b1b4cee6b83cfaf1a32f079e4b136a3c55941b&amp;smart=true&amp;width=350&amp;height=579&amp;quality=85\" alt=\"Mart\u00edn Fierro de la Moda 2026 - Alfombra roja\" width=\"1920\" height=\"3175\" \/><\/picture>Sol P\u00e9rez con un dise\u00f1o de Ver\u00f3nica de la Canal<\/div>\n<p class=\"paragraph\" data-mrf-recirculation=\"Links inline\">\u201cLa nominaci\u00f3n &#8211;<b>Mejor estilo panelista femenina<\/b>&#8211; siempre es individual, pero siento que pertenece m\u00e1s a mi equipo que a m\u00ed. Obviamente, estoy muy ilusionada, como cada vez que me nominan, y ojal\u00e1 este a\u00f1o se concrete. Estoy muy feliz y contenta. Me hubiese encantado traer a mi hijo, pero claramente no lo habr\u00eda disfrutado, as\u00ed que estar\u00e1 mirando desde casa o, cuando pueda ver pantallas, lo ver\u00e1, porque por ahora no usa\u201d, repas\u00f3 Sol P\u00e9rez al conversar con\u00a0<b>Infobae.<\/b><\/p>\n<h2 id=\"sofi-&quot;la-reini&quot;-gonet\" class=\"header headline-class-h2 headline\">Sofi \u201cLa Reini\u201d Gonet<\/h2>\n<div class=\"visual__image\"><picture><source srcset=\"https:\/\/www.infobae.com\/resizer\/v2\/AW5HO6KCYZG4PJFVYINHRYWTXA.jpg?auth=ab252ce1e74df71ec62625b162feec91d9c4d071fbeaf31e5701f316a116a252&amp;smart=true&amp;width=992&amp;height=1655&amp;quality=85\" media=\"(min-width: 1000px)\" \/><source srcset=\"https:\/\/www.infobae.com\/resizer\/v2\/AW5HO6KCYZG4PJFVYINHRYWTXA.jpg?auth=ab252ce1e74df71ec62625b162feec91d9c4d071fbeaf31e5701f316a116a252&amp;smart=true&amp;width=768&amp;height=1282&amp;quality=85\" media=\"(min-width: 768px)\" \/><source srcset=\"https:\/\/www.infobae.com\/resizer\/v2\/AW5HO6KCYZG4PJFVYINHRYWTXA.jpg?auth=ab252ce1e74df71ec62625b162feec91d9c4d071fbeaf31e5701f316a116a252&amp;smart=true&amp;width=577&amp;height=963&amp;quality=85\" media=\"(min-width: 580px)\" \/><source srcset=\"https:\/\/www.infobae.com\/resizer\/v2\/AW5HO6KCYZG4PJFVYINHRYWTXA.jpg?auth=ab252ce1e74df71ec62625b162feec91d9c4d071fbeaf31e5701f316a116a252&amp;smart=true&amp;width=420&amp;height=701&amp;quality=85\" media=\"(min-width: 350px)\" \/><source srcset=\"https:\/\/www.infobae.com\/resizer\/v2\/AW5HO6KCYZG4PJFVYINHRYWTXA.jpg?auth=ab252ce1e74df71ec62625b162feec91d9c4d071fbeaf31e5701f316a116a252&amp;smart=true&amp;width=350&amp;height=584&amp;quality=85\" media=\"(min-width: 80px)\" \/><img loading=\"lazy\" decoding=\"async\" class=\"global-image\" src=\"https:\/\/www.infobae.com\/resizer\/v2\/AW5HO6KCYZG4PJFVYINHRYWTXA.jpg?auth=ab252ce1e74df71ec62625b162feec91d9c4d071fbeaf31e5701f316a116a252&amp;smart=true&amp;width=350&amp;height=584&amp;quality=85\" alt=\"Mart\u00edn Fierro de la Moda 2026 - Alfombra roja\" width=\"1920\" height=\"3204\" \/><\/picture>Sofi Gonet con un look de Fabi\u00e1n Zitta<\/div>\n<p class=\"paragraph\" data-mrf-recirculation=\"Links inline\">Sofi Gonet convers\u00f3 con Infobae en la alfombra roja y valor\u00f3 su nominaci\u00f3n en\u00a0<b>Mejor estilo femenino en Big Show:<\/b>\u00a0\u201cPara m\u00ed es un honor enorme estar nominada y compartir terna con figuras tan destacadas, as\u00ed que no puedo pedir m\u00e1s. No tengo expectativas de ganar; solo quiero disfrutar de la experiencia. Hoy veo la moda como un juego, una diversi\u00f3n y una forma de expresi\u00f3n. Me permite crear, experimentar y hacer cosas distintas. Es una de las mayores formas de expresi\u00f3n que tengo\u201d.<\/p>\n<div class=\"ad_6 ad-wrapper\">\n<div class=\"dfpAd ad-1-al-6 ad-text\">\n<div id=\"infobae\/tendencias\/nota\/ad_6\" class=\"infobae\/tendencias\/nota\/ad_6 arcad\">\n<div id=\"google_ads_iframe_\/1058609\/infobae\/tendencias\/nota\/ad_6_0__container__\"><\/div>\n<\/div>\n<\/div>\n<\/div>\n<h2 id=\"stephanie-demner\" class=\"header headline-class-h2 headline\">Stephanie Demner<\/h2>\n<div class=\"visual__image\"><picture><source srcset=\"https:\/\/www.infobae.com\/resizer\/v2\/UHY4HWFHOZEAVBBLAOHHP3JPSA.jpg?auth=6acea171bc35f7204b650d78d595b78686744eacc62f279f24db527ab5cecf26&amp;smart=true&amp;width=992&amp;height=1488&amp;quality=85\" media=\"(min-width: 1000px)\" \/><source srcset=\"https:\/\/www.infobae.com\/resizer\/v2\/UHY4HWFHOZEAVBBLAOHHP3JPSA.jpg?auth=6acea171bc35f7204b650d78d595b78686744eacc62f279f24db527ab5cecf26&amp;smart=true&amp;width=768&amp;height=1152&amp;quality=85\" media=\"(min-width: 768px)\" \/><source srcset=\"https:\/\/www.infobae.com\/resizer\/v2\/UHY4HWFHOZEAVBBLAOHHP3JPSA.jpg?auth=6acea171bc35f7204b650d78d595b78686744eacc62f279f24db527ab5cecf26&amp;smart=true&amp;width=577&amp;height=866&amp;quality=85\" media=\"(min-width: 580px)\" \/><source srcset=\"https:\/\/www.infobae.com\/resizer\/v2\/UHY4HWFHOZEAVBBLAOHHP3JPSA.jpg?auth=6acea171bc35f7204b650d78d595b78686744eacc62f279f24db527ab5cecf26&amp;smart=true&amp;width=420&amp;height=630&amp;quality=85\" media=\"(min-width: 350px)\" \/><source srcset=\"https:\/\/www.infobae.com\/resizer\/v2\/UHY4HWFHOZEAVBBLAOHHP3JPSA.jpg?auth=6acea171bc35f7204b650d78d595b78686744eacc62f279f24db527ab5cecf26&amp;smart=true&amp;width=350&amp;height=525&amp;quality=85\" media=\"(min-width: 80px)\" \/><img loading=\"lazy\" decoding=\"async\" class=\"global-image\" src=\"https:\/\/www.infobae.com\/resizer\/v2\/UHY4HWFHOZEAVBBLAOHHP3JPSA.jpg?auth=6acea171bc35f7204b650d78d595b78686744eacc62f279f24db527ab5cecf26&amp;smart=true&amp;width=350&amp;height=525&amp;quality=85\" alt=\"Martin Fierro de la Moda 2026 - Banner Infobae\" width=\"1280\" height=\"1920\" \/><\/picture>Demner combin\u00f3 el look con un collar doble de piedras brillantes, anillos plateados y el cabello recogido con ondas sueltas que enmarcaron el rostro<\/div>\n<p class=\"paragraph\" data-mrf-recirculation=\"Links inline\">Stephanie Demner luci\u00f3 un vestido largo blanco, realizado en una tela fruncida que cubri\u00f3 tanto el cuerpo como las mangas largas, las cuales llevaron el mismo efecto arrugado.<\/p>\n<p class=\"paragraph\" data-mrf-recirculation=\"Links inline\">Demner est\u00e1 nominada a Mejor influencer de moda. \u201cLa verdad que estar nominada es un orgullo muy grande. Siempre es lindo recibir una nominaci\u00f3n como premio al esfuerzo y al trabajo, y ya la nominaci\u00f3n en s\u00ed, para m\u00ed, es haber ganado. Estoy en una terna divina con Susu y con Zaira. Me encanta compartir la moda con ellos.\u00a0<b>Me encanta estar hace tantos a\u00f1os en esta industria.\u00a0<\/b>La disfruto un mont\u00f3n, la disfrut\u00e9 un mont\u00f3n y la vi cambiar much\u00edsimo a lo largo de los a\u00f1os. Entonces, todos los d\u00edas la sigo disfrutando. Me visti\u00f3 Pucheta Paz, que estuvieron hasta \u00faltimo momento cosiendo todo el vestido y le pusieron un amor y una dedicaci\u00f3n incre\u00edble, y el resultado fue espectacular\u201d, apunt\u00f3 en conversaci\u00f3n con<b>\u00a0Infobae.<\/b><\/p>\n<h2 id=\"benjamin-vicuna-y-anita-espasandin\" class=\"header headline-class-h2 headline\">Benjam\u00edn Vicu\u00f1a y Anita Espasand\u00edn<\/h2>\n<div class=\"visual__image\"><picture><source srcset=\"https:\/\/www.infobae.com\/resizer\/v2\/IEPCB64DTRHDXICUKSO3DR3SFU.jpg?auth=a92b73341a890cb07edab5b3752ff389bd5fd3b2fa048a5c68d3a4d1a1b388b2&amp;smart=true&amp;width=992&amp;height=1815&amp;quality=85\" media=\"(min-width: 1000px)\" \/><source srcset=\"https:\/\/www.infobae.com\/resizer\/v2\/IEPCB64DTRHDXICUKSO3DR3SFU.jpg?auth=a92b73341a890cb07edab5b3752ff389bd5fd3b2fa048a5c68d3a4d1a1b388b2&amp;smart=true&amp;width=768&amp;height=1405&amp;quality=85\" media=\"(min-width: 768px)\" \/><source srcset=\"https:\/\/www.infobae.com\/resizer\/v2\/IEPCB64DTRHDXICUKSO3DR3SFU.jpg?auth=a92b73341a890cb07edab5b3752ff389bd5fd3b2fa048a5c68d3a4d1a1b388b2&amp;smart=true&amp;width=577&amp;height=1056&amp;quality=85\" media=\"(min-width: 580px)\" \/><source srcset=\"https:\/\/www.infobae.com\/resizer\/v2\/IEPCB64DTRHDXICUKSO3DR3SFU.jpg?auth=a92b73341a890cb07edab5b3752ff389bd5fd3b2fa048a5c68d3a4d1a1b388b2&amp;smart=true&amp;width=420&amp;height=768&amp;quality=85\" media=\"(min-width: 350px)\" \/><source srcset=\"https:\/\/www.infobae.com\/resizer\/v2\/IEPCB64DTRHDXICUKSO3DR3SFU.jpg?auth=a92b73341a890cb07edab5b3752ff389bd5fd3b2fa048a5c68d3a4d1a1b388b2&amp;smart=true&amp;width=350&amp;height=640&amp;quality=85\" media=\"(min-width: 80px)\" \/><img loading=\"lazy\" decoding=\"async\" class=\"global-image\" src=\"https:\/\/www.infobae.com\/resizer\/v2\/IEPCB64DTRHDXICUKSO3DR3SFU.jpg?auth=a92b73341a890cb07edab5b3752ff389bd5fd3b2fa048a5c68d3a4d1a1b388b2&amp;smart=true&amp;width=350&amp;height=640&amp;quality=85\" alt=\"Mart\u00edn Fierro de la Moda 2026 - Alfombra roja\" width=\"1920\" height=\"3513\" \/><\/picture>Vicu\u00f1a y Espasand\u00edn en clave &#8220;black and white&#8221; para sus looks<\/div>\n<p class=\"paragraph\" data-mrf-recirculation=\"Links inline\">Benjam\u00edn Vicu\u00f1a visti\u00f3 un traje azul oscuro de corte cl\u00e1sico, que combin\u00f3 con una camisa negra sin corbata y zapatos de charol. Anita Espasand\u00edn llev\u00f3 un vestido largo blanco con escote en V profundo, hombros estructurados y detalles de pliegues en la cintura.<\/p>\n<h2 id=\"florencia-de-la-v\" class=\"header headline-class-h2 headline\">Florencia de la V<\/h2>\n<div class=\"visual__image\"><picture><source srcset=\"https:\/\/www.infobae.com\/resizer\/v2\/7AUK23DQ4ZD4NJY5WNTVWPCDS4.jpg?auth=c07c7cc589544f90d151296ed65041cdfc0a471016b36ba01fc1708892b5f731&amp;smart=true&amp;width=992&amp;height=1657&amp;quality=85\" media=\"(min-width: 1000px)\" \/><source srcset=\"https:\/\/www.infobae.com\/resizer\/v2\/7AUK23DQ4ZD4NJY5WNTVWPCDS4.jpg?auth=c07c7cc589544f90d151296ed65041cdfc0a471016b36ba01fc1708892b5f731&amp;smart=true&amp;width=768&amp;height=1283&amp;quality=85\" media=\"(min-width: 768px)\" \/><source srcset=\"https:\/\/www.infobae.com\/resizer\/v2\/7AUK23DQ4ZD4NJY5WNTVWPCDS4.jpg?auth=c07c7cc589544f90d151296ed65041cdfc0a471016b36ba01fc1708892b5f731&amp;smart=true&amp;width=577&amp;height=964&amp;quality=85\" media=\"(min-width: 580px)\" \/><source srcset=\"https:\/\/www.infobae.com\/resizer\/v2\/7AUK23DQ4ZD4NJY5WNTVWPCDS4.jpg?auth=c07c7cc589544f90d151296ed65041cdfc0a471016b36ba01fc1708892b5f731&amp;smart=true&amp;width=420&amp;height=702&amp;quality=85\" media=\"(min-width: 350px)\" \/><source srcset=\"https:\/\/www.infobae.com\/resizer\/v2\/7AUK23DQ4ZD4NJY5WNTVWPCDS4.jpg?auth=c07c7cc589544f90d151296ed65041cdfc0a471016b36ba01fc1708892b5f731&amp;smart=true&amp;width=350&amp;height=585&amp;quality=85\" media=\"(min-width: 80px)\" \/><img loading=\"lazy\" decoding=\"async\" class=\"global-image\" src=\"https:\/\/www.infobae.com\/resizer\/v2\/7AUK23DQ4ZD4NJY5WNTVWPCDS4.jpg?auth=c07c7cc589544f90d151296ed65041cdfc0a471016b36ba01fc1708892b5f731&amp;smart=true&amp;width=350&amp;height=585&amp;quality=85\" alt=\"Mart\u00edn Fierro de la Moda 2026 - Alfombra roja\" width=\"1920\" height=\"3208\" \/><\/picture>Flor de la V seleccion\u00f3 un atuendo de Adri\u00e1n Brown<\/div>\n<p class=\"paragraph\" data-mrf-recirculation=\"Links inline\">\u201cDetr\u00e1s de todo esto hay muchas personas trabajando y me entusiasma que se reconozca ese esfuerzo en el Mart\u00edn Fierro de la Moda\u201d, resalt\u00f3 Flor de la V.<\/p>\n<h2 id=\"luis-ventura\" class=\"header headline-class-h2 headline\">Luis Ventura<\/h2>\n<div class=\"visual__image\"><picture><source srcset=\"https:\/\/www.infobae.com\/resizer\/v2\/ODGBVIZMXFFGFPPU2CL3EM4R3U.JPG?auth=3e02e454c4a1483e2c97f232707e5fff5d4638b7a732fcca6b2c99ce9a4aeb3f&amp;smart=true&amp;width=992&amp;height=661&amp;quality=85\" media=\"(min-width: 1000px)\" \/><source srcset=\"https:\/\/www.infobae.com\/resizer\/v2\/ODGBVIZMXFFGFPPU2CL3EM4R3U.JPG?auth=3e02e454c4a1483e2c97f232707e5fff5d4638b7a732fcca6b2c99ce9a4aeb3f&amp;smart=true&amp;width=768&amp;height=512&amp;quality=85\" media=\"(min-width: 768px)\" \/><source srcset=\"https:\/\/www.infobae.com\/resizer\/v2\/ODGBVIZMXFFGFPPU2CL3EM4R3U.JPG?auth=3e02e454c4a1483e2c97f232707e5fff5d4638b7a732fcca6b2c99ce9a4aeb3f&amp;smart=true&amp;width=577&amp;height=385&amp;quality=85\" media=\"(min-width: 580px)\" \/><source srcset=\"https:\/\/www.infobae.com\/resizer\/v2\/ODGBVIZMXFFGFPPU2CL3EM4R3U.JPG?auth=3e02e454c4a1483e2c97f232707e5fff5d4638b7a732fcca6b2c99ce9a4aeb3f&amp;smart=true&amp;width=420&amp;height=280&amp;quality=85\" media=\"(min-width: 350px)\" \/><source srcset=\"https:\/\/www.infobae.com\/resizer\/v2\/ODGBVIZMXFFGFPPU2CL3EM4R3U.JPG?auth=3e02e454c4a1483e2c97f232707e5fff5d4638b7a732fcca6b2c99ce9a4aeb3f&amp;smart=true&amp;width=350&amp;height=233&amp;quality=85\" media=\"(min-width: 80px)\" \/><img loading=\"lazy\" decoding=\"async\" class=\"global-image\" src=\"https:\/\/www.infobae.com\/resizer\/v2\/ODGBVIZMXFFGFPPU2CL3EM4R3U.JPG?auth=3e02e454c4a1483e2c97f232707e5fff5d4638b7a732fcca6b2c99ce9a4aeb3f&amp;smart=true&amp;width=350&amp;height=233&amp;quality=85\" alt=\"Martin Fierro de la Moda 2026 - Alfombra roja\" width=\"1920\" height=\"1280\" \/><\/picture>Ventura combin\u00f3 la camisa blanca con un mo\u00f1o negro decorado con lunares blancos y opt\u00f3 por zapatos negros de charol<\/div>\n<p class=\"paragraph\" data-mrf-recirculation=\"Links inline\">Luis Ventura visti\u00f3 un esmoquin negro cl\u00e1sico compuesto por saco, pantal\u00f3n y chaleco a juego.<\/p>\n<h2 id=\"grego-rossello\" class=\"header headline-class-h2 headline\">Grego Rossello<\/h2>\n<div class=\"visual__image\"><picture><source srcset=\"https:\/\/www.infobae.com\/resizer\/v2\/6KLUQWYK5VAWFNWKCJXW3ALHA4.JPG?auth=946bf51fb6d612465da7b0f1904872b548b94c30d59c9ff22bc4436b7e02b140&amp;smart=true&amp;width=992&amp;height=661&amp;quality=85\" media=\"(min-width: 1000px)\" \/><source srcset=\"https:\/\/www.infobae.com\/resizer\/v2\/6KLUQWYK5VAWFNWKCJXW3ALHA4.JPG?auth=946bf51fb6d612465da7b0f1904872b548b94c30d59c9ff22bc4436b7e02b140&amp;smart=true&amp;width=768&amp;height=512&amp;quality=85\" media=\"(min-width: 768px)\" \/><source srcset=\"https:\/\/www.infobae.com\/resizer\/v2\/6KLUQWYK5VAWFNWKCJXW3ALHA4.JPG?auth=946bf51fb6d612465da7b0f1904872b548b94c30d59c9ff22bc4436b7e02b140&amp;smart=true&amp;width=577&amp;height=385&amp;quality=85\" media=\"(min-width: 580px)\" \/><source srcset=\"https:\/\/www.infobae.com\/resizer\/v2\/6KLUQWYK5VAWFNWKCJXW3ALHA4.JPG?auth=946bf51fb6d612465da7b0f1904872b548b94c30d59c9ff22bc4436b7e02b140&amp;smart=true&amp;width=420&amp;height=280&amp;quality=85\" media=\"(min-width: 350px)\" \/><source srcset=\"https:\/\/www.infobae.com\/resizer\/v2\/6KLUQWYK5VAWFNWKCJXW3ALHA4.JPG?auth=946bf51fb6d612465da7b0f1904872b548b94c30d59c9ff22bc4436b7e02b140&amp;smart=true&amp;width=350&amp;height=233&amp;quality=85\" media=\"(min-width: 80px)\" \/><img loading=\"lazy\" decoding=\"async\" class=\"global-image\" src=\"https:\/\/www.infobae.com\/resizer\/v2\/6KLUQWYK5VAWFNWKCJXW3ALHA4.JPG?auth=946bf51fb6d612465da7b0f1904872b548b94c30d59c9ff22bc4436b7e02b140&amp;smart=true&amp;width=350&amp;height=233&amp;quality=85\" alt=\"Martin Fierro de la Moda 2026 - Alfombra roja\" width=\"1920\" height=\"1280\" \/><\/picture>Grego Rossello al llegar a la gala<\/div>\n<p class=\"paragraph\" data-mrf-recirculation=\"Links inline\">Grego Rossello luci\u00f3 una camisa blanca de cuello cerrado adornada con un broche plateado de piedras en la zona del cuello. Opt\u00f3 por una chaqueta negra de corte recto y botones visibles, acompa\u00f1ada por un pantal\u00f3n negro de pierna ancha. Complet\u00f3 el conjunto con zapatos negros, un reloj plateado y un anillo met\u00e1lico en la mano derecha.<\/p>\n<h2 id=\"yanina-latorre\" class=\"header headline-class-h2 headline\">Yanina Latorre<\/h2>\n<div class=\"visual__image\"><picture><source srcset=\"https:\/\/www.infobae.com\/resizer\/v2\/TQRIM56GHBEADI3DNJJ2YMXHRI.jpg?auth=f5a8426d5cd2953ddf865bec156318f03967ad4b8265207e598bfb6ec7101369&amp;smart=true&amp;width=992&amp;height=1488&amp;quality=85\" media=\"(min-width: 1000px)\" \/><source srcset=\"https:\/\/www.infobae.com\/resizer\/v2\/TQRIM56GHBEADI3DNJJ2YMXHRI.jpg?auth=f5a8426d5cd2953ddf865bec156318f03967ad4b8265207e598bfb6ec7101369&amp;smart=true&amp;width=768&amp;height=1152&amp;quality=85\" media=\"(min-width: 768px)\" \/><source srcset=\"https:\/\/www.infobae.com\/resizer\/v2\/TQRIM56GHBEADI3DNJJ2YMXHRI.jpg?auth=f5a8426d5cd2953ddf865bec156318f03967ad4b8265207e598bfb6ec7101369&amp;smart=true&amp;width=577&amp;height=866&amp;quality=85\" media=\"(min-width: 580px)\" \/><source srcset=\"https:\/\/www.infobae.com\/resizer\/v2\/TQRIM56GHBEADI3DNJJ2YMXHRI.jpg?auth=f5a8426d5cd2953ddf865bec156318f03967ad4b8265207e598bfb6ec7101369&amp;smart=true&amp;width=420&amp;height=630&amp;quality=85\" media=\"(min-width: 350px)\" \/><source srcset=\"https:\/\/www.infobae.com\/resizer\/v2\/TQRIM56GHBEADI3DNJJ2YMXHRI.jpg?auth=f5a8426d5cd2953ddf865bec156318f03967ad4b8265207e598bfb6ec7101369&amp;smart=true&amp;width=350&amp;height=525&amp;quality=85\" media=\"(min-width: 80px)\" \/><img loading=\"lazy\" decoding=\"async\" class=\"global-image\" src=\"https:\/\/www.infobae.com\/resizer\/v2\/TQRIM56GHBEADI3DNJJ2YMXHRI.jpg?auth=f5a8426d5cd2953ddf865bec156318f03967ad4b8265207e598bfb6ec7101369&amp;smart=true&amp;width=350&amp;height=525&amp;quality=85\" alt=\"Martin Fierro de la Moda 2026 - Banner Infobae\" width=\"1280\" height=\"1920\" \/><\/picture>Yanina Latorre pos\u00f3 con un look de Camila Romano<\/div>\n<p class=\"paragraph\" data-mrf-recirculation=\"Links inline\">Yanina Latorre eligi\u00f3 un vestido largo de lentejuelas en color verde esmeralda, con escote en V y breteles finos.<\/p>\n<h2 id=\"anama-ferreira\" class=\"header headline-class-h2 headline\">Anam\u00e1 Ferreira<\/h2>\n<div class=\"visual__image\"><picture><source srcset=\"https:\/\/www.infobae.com\/resizer\/v2\/S5IDRL5I7VGCBPK3IOVIOL365I.JPG?auth=795afe46d5484b4ff5a03cb703f76e26dbb0686863f14bd54c943ddf203493be&amp;smart=true&amp;width=992&amp;height=661&amp;quality=85\" media=\"(min-width: 1000px)\" \/><source srcset=\"https:\/\/www.infobae.com\/resizer\/v2\/S5IDRL5I7VGCBPK3IOVIOL365I.JPG?auth=795afe46d5484b4ff5a03cb703f76e26dbb0686863f14bd54c943ddf203493be&amp;smart=true&amp;width=768&amp;height=512&amp;quality=85\" media=\"(min-width: 768px)\" \/><source srcset=\"https:\/\/www.infobae.com\/resizer\/v2\/S5IDRL5I7VGCBPK3IOVIOL365I.JPG?auth=795afe46d5484b4ff5a03cb703f76e26dbb0686863f14bd54c943ddf203493be&amp;smart=true&amp;width=577&amp;height=385&amp;quality=85\" media=\"(min-width: 580px)\" \/><source srcset=\"https:\/\/www.infobae.com\/resizer\/v2\/S5IDRL5I7VGCBPK3IOVIOL365I.JPG?auth=795afe46d5484b4ff5a03cb703f76e26dbb0686863f14bd54c943ddf203493be&amp;smart=true&amp;width=420&amp;height=280&amp;quality=85\" media=\"(min-width: 350px)\" \/><source srcset=\"https:\/\/www.infobae.com\/resizer\/v2\/S5IDRL5I7VGCBPK3IOVIOL365I.JPG?auth=795afe46d5484b4ff5a03cb703f76e26dbb0686863f14bd54c943ddf203493be&amp;smart=true&amp;width=350&amp;height=233&amp;quality=85\" media=\"(min-width: 80px)\" \/><img loading=\"lazy\" decoding=\"async\" class=\"global-image\" src=\"https:\/\/www.infobae.com\/resizer\/v2\/S5IDRL5I7VGCBPK3IOVIOL365I.JPG?auth=795afe46d5484b4ff5a03cb703f76e26dbb0686863f14bd54c943ddf203493be&amp;smart=true&amp;width=350&amp;height=233&amp;quality=85\" alt=\"Martin Fierro de la Moda 2026 - Alfombra roja\" width=\"1920\" height=\"1280\" \/><\/picture>En el caso de Anam\u00e1, el dise\u00f1o incluy\u00f3 detalles estructurados en el corset y una capa amplia en la parte trasera, confeccionada en una tela del mismo tono con reflejos plateados<\/div>\n<p class=\"paragraph\" data-mrf-recirculation=\"Links inline\">Anam\u00e1 Ferreira llev\u00f3 un vestido largo de sat\u00e9n azul claro, con escote coraz\u00f3n y breteles finos que dejaron los hombros descubiertos. \u201cMe hizo el vestido Vero de la Canal. Me encanta vestir con los dise\u00f1adores de ac\u00e1. Yo pas\u00e9 la vida en la moda. Todo lo que tengo, lo tengo gracias a la moda.<b>\u00a0Amo la industria, amo a los dise\u00f1adores, a toda esa gente que hace la moda.\u00a0<\/b>En Argentina hace cincuenta a\u00f1os que trabajo en esto. Es toda una vida, me encanta. La moda, para Francia, es su producto bruto. Ac\u00e1 es diferente, pero sigue siendo una industria muy importante&#8221;, asegur\u00f3.<\/p>\n<h2 id=\"liliana-parodi\" class=\"header headline-class-h2 headline\">Liliana Parodi<\/h2>\n<div class=\"visual__image\"><picture><source srcset=\"https:\/\/www.infobae.com\/resizer\/v2\/PHGNLYYSB5EIHDN6FG76XDAQWE.JPG?auth=b6bd9c0e7693650037b3f610146b524cadac180ec52e6af0cb87ac223a7a3488&amp;smart=true&amp;width=992&amp;height=661&amp;quality=85\" media=\"(min-width: 1000px)\" \/><source srcset=\"https:\/\/www.infobae.com\/resizer\/v2\/PHGNLYYSB5EIHDN6FG76XDAQWE.JPG?auth=b6bd9c0e7693650037b3f610146b524cadac180ec52e6af0cb87ac223a7a3488&amp;smart=true&amp;width=768&amp;height=512&amp;quality=85\" media=\"(min-width: 768px)\" \/><source srcset=\"https:\/\/www.infobae.com\/resizer\/v2\/PHGNLYYSB5EIHDN6FG76XDAQWE.JPG?auth=b6bd9c0e7693650037b3f610146b524cadac180ec52e6af0cb87ac223a7a3488&amp;smart=true&amp;width=577&amp;height=385&amp;quality=85\" media=\"(min-width: 580px)\" \/><source srcset=\"https:\/\/www.infobae.com\/resizer\/v2\/PHGNLYYSB5EIHDN6FG76XDAQWE.JPG?auth=b6bd9c0e7693650037b3f610146b524cadac180ec52e6af0cb87ac223a7a3488&amp;smart=true&amp;width=420&amp;height=280&amp;quality=85\" media=\"(min-width: 350px)\" \/><source srcset=\"https:\/\/www.infobae.com\/resizer\/v2\/PHGNLYYSB5EIHDN6FG76XDAQWE.JPG?auth=b6bd9c0e7693650037b3f610146b524cadac180ec52e6af0cb87ac223a7a3488&amp;smart=true&amp;width=350&amp;height=233&amp;quality=85\" media=\"(min-width: 80px)\" \/><img loading=\"lazy\" decoding=\"async\" class=\"global-image\" src=\"https:\/\/www.infobae.com\/resizer\/v2\/PHGNLYYSB5EIHDN6FG76XDAQWE.JPG?auth=b6bd9c0e7693650037b3f610146b524cadac180ec52e6af0cb87ac223a7a3488&amp;smart=true&amp;width=350&amp;height=233&amp;quality=85\" alt=\"Martin Fierro de la Moda 2026 - Alfombra roja\" width=\"1920\" height=\"1280\" \/><\/picture>Liliana Parodi luci\u00f3 el cabello lacio, peinado hacia un costado, y complet\u00f3 el look con aros largos met\u00e1licos<\/div>\n<p class=\"paragraph\" data-mrf-recirculation=\"Links inline\">Liliana Parodi eligi\u00f3 un traje sastre negro compuesto por saco y pantal\u00f3n de corte recto.<\/p>\n<h2 id=\"gustavo-pucheta\" class=\"header headline-class-h2 headline\">Gustavo Pucheta<\/h2>\n<div class=\"visual__image\"><picture><source srcset=\"https:\/\/www.infobae.com\/resizer\/v2\/3SKROPTMWJBI3BRE6J2LZWQI7I.JPG?auth=e75f491191ac3ad326d97f54a2c6f1edbec119dff626787647357366be2641e9&amp;smart=true&amp;width=992&amp;height=1488&amp;quality=85\" media=\"(min-width: 1000px)\" \/><source srcset=\"https:\/\/www.infobae.com\/resizer\/v2\/3SKROPTMWJBI3BRE6J2LZWQI7I.JPG?auth=e75f491191ac3ad326d97f54a2c6f1edbec119dff626787647357366be2641e9&amp;smart=true&amp;width=768&amp;height=1152&amp;quality=85\" media=\"(min-width: 768px)\" \/><source srcset=\"https:\/\/www.infobae.com\/resizer\/v2\/3SKROPTMWJBI3BRE6J2LZWQI7I.JPG?auth=e75f491191ac3ad326d97f54a2c6f1edbec119dff626787647357366be2641e9&amp;smart=true&amp;width=577&amp;height=866&amp;quality=85\" media=\"(min-width: 580px)\" \/><source srcset=\"https:\/\/www.infobae.com\/resizer\/v2\/3SKROPTMWJBI3BRE6J2LZWQI7I.JPG?auth=e75f491191ac3ad326d97f54a2c6f1edbec119dff626787647357366be2641e9&amp;smart=true&amp;width=420&amp;height=630&amp;quality=85\" media=\"(min-width: 350px)\" \/><source srcset=\"https:\/\/www.infobae.com\/resizer\/v2\/3SKROPTMWJBI3BRE6J2LZWQI7I.JPG?auth=e75f491191ac3ad326d97f54a2c6f1edbec119dff626787647357366be2641e9&amp;smart=true&amp;width=350&amp;height=525&amp;quality=85\" media=\"(min-width: 80px)\" \/><img loading=\"lazy\" decoding=\"async\" class=\"global-image\" src=\"https:\/\/www.infobae.com\/resizer\/v2\/3SKROPTMWJBI3BRE6J2LZWQI7I.JPG?auth=e75f491191ac3ad326d97f54a2c6f1edbec119dff626787647357366be2641e9&amp;smart=true&amp;width=350&amp;height=525&amp;quality=85\" alt=\"Martin Fierro de la Moda 2026 - Alfombra roja\" width=\"1920\" height=\"2880\" \/><\/picture>Pucheta sum\u00f3 una camisa negra y una bufanda del mismo tono, adem\u00e1s de un collar corto de piedras brillantes<\/div>\n<p class=\"paragraph\" data-mrf-recirculation=\"Links inline\">El dise\u00f1ador Gustavo Pucheta apost\u00f3 por un conjunto total black formado por un saco largo de corte entallado y pantal\u00f3n de piernas levemente acampanadas.<\/p>\n<h2 id=\"marta-fort\" class=\"header headline-class-h2 headline\">Marta Fort<\/h2>\n<div class=\"visual__image\"><picture><source srcset=\"https:\/\/www.infobae.com\/resizer\/v2\/GWHIHJPDERAZXJVQMNULTFXSOM.JPG?auth=152b0c4e34ff9a6750ee8aff87c45ff96eb9df89ff4b205c22760c6920c5b12c&amp;smart=true&amp;width=992&amp;height=1488&amp;quality=85\" media=\"(min-width: 1000px)\" \/><source srcset=\"https:\/\/www.infobae.com\/resizer\/v2\/GWHIHJPDERAZXJVQMNULTFXSOM.JPG?auth=152b0c4e34ff9a6750ee8aff87c45ff96eb9df89ff4b205c22760c6920c5b12c&amp;smart=true&amp;width=768&amp;height=1152&amp;quality=85\" media=\"(min-width: 768px)\" \/><source srcset=\"https:\/\/www.infobae.com\/resizer\/v2\/GWHIHJPDERAZXJVQMNULTFXSOM.JPG?auth=152b0c4e34ff9a6750ee8aff87c45ff96eb9df89ff4b205c22760c6920c5b12c&amp;smart=true&amp;width=577&amp;height=866&amp;quality=85\" media=\"(min-width: 580px)\" \/><source srcset=\"https:\/\/www.infobae.com\/resizer\/v2\/GWHIHJPDERAZXJVQMNULTFXSOM.JPG?auth=152b0c4e34ff9a6750ee8aff87c45ff96eb9df89ff4b205c22760c6920c5b12c&amp;smart=true&amp;width=420&amp;height=630&amp;quality=85\" media=\"(min-width: 350px)\" \/><source srcset=\"https:\/\/www.infobae.com\/resizer\/v2\/GWHIHJPDERAZXJVQMNULTFXSOM.JPG?auth=152b0c4e34ff9a6750ee8aff87c45ff96eb9df89ff4b205c22760c6920c5b12c&amp;smart=true&amp;width=350&amp;height=525&amp;quality=85\" media=\"(min-width: 80px)\" \/><img loading=\"lazy\" decoding=\"async\" class=\"global-image\" src=\"https:\/\/www.infobae.com\/resizer\/v2\/GWHIHJPDERAZXJVQMNULTFXSOM.JPG?auth=152b0c4e34ff9a6750ee8aff87c45ff96eb9df89ff4b205c22760c6920c5b12c&amp;smart=true&amp;width=350&amp;height=525&amp;quality=85\" alt=\"Martin Fierro de la Moda 2026 - Alfombra roja\" width=\"1920\" height=\"2880\" \/><\/picture>Marta Fort present\u00f3 el look con una falda entallada y un acabado de tul en la parte baja, pulseras, anillos met\u00e1licos y un peinado recogido con un mech\u00f3n lateral<\/div>\n<p class=\"paragraph\" data-mrf-recirculation=\"Links inline\">Marta Fort llev\u00f3 un vestido blanco strapless dise\u00f1ado por Claudia Arce, adornado con apliques brillantes que irradian desde el centro. Apost\u00f3 por un dise\u00f1o que incorpora una cruz plateada en el busto en forma de un collar largo.<\/p>\n<p class=\"paragraph\" data-mrf-recirculation=\"Links inline\">Fort, nominada en Mejor estilo en redes, plante\u00f3: \u201cEstoy muy nerviosa porque s\u00e9 que es una terna que tiene nombres important\u00edsimos.<b>\u00a0Estoy sorprendida y me parece un orgullo estar ternada<\/b>. Me parecen todas figuras muy importantes en el mundo de la moda. La moda es lo que m\u00e1s me llena. Empez\u00f3 como un hobby y ahora, siempre de la mano de mi estilista, cada vez que tengo alg\u00fan evento o producci\u00f3n le ponemos mucha onda y tratamos de tener un look prolijo para comunicar a la gente, porque es algo que me encanta. Me gustar\u00eda, el d\u00eda de ma\u00f1ana, tener mi propia marca de ropa\u201d.<\/p>\n<h2 id=\"juli-poggio\" class=\"header headline-class-h2 headline\">Juli Poggio<\/h2>\n<div class=\"visual__image\"><picture><source srcset=\"https:\/\/www.infobae.com\/resizer\/v2\/KD4S4ESOERCKFI4DC22PYXWAA4.JPG?auth=7842dd54fea74dfb363c221eed4e078d796ad5bd67e61fbdcf3d023cde5f4a9c&amp;smart=true&amp;width=992&amp;height=661&amp;quality=85\" media=\"(min-width: 1000px)\" \/><source srcset=\"https:\/\/www.infobae.com\/resizer\/v2\/KD4S4ESOERCKFI4DC22PYXWAA4.JPG?auth=7842dd54fea74dfb363c221eed4e078d796ad5bd67e61fbdcf3d023cde5f4a9c&amp;smart=true&amp;width=768&amp;height=512&amp;quality=85\" media=\"(min-width: 768px)\" \/><source srcset=\"https:\/\/www.infobae.com\/resizer\/v2\/KD4S4ESOERCKFI4DC22PYXWAA4.JPG?auth=7842dd54fea74dfb363c221eed4e078d796ad5bd67e61fbdcf3d023cde5f4a9c&amp;smart=true&amp;width=577&amp;height=385&amp;quality=85\" media=\"(min-width: 580px)\" \/><source srcset=\"https:\/\/www.infobae.com\/resizer\/v2\/KD4S4ESOERCKFI4DC22PYXWAA4.JPG?auth=7842dd54fea74dfb363c221eed4e078d796ad5bd67e61fbdcf3d023cde5f4a9c&amp;smart=true&amp;width=420&amp;height=280&amp;quality=85\" media=\"(min-width: 350px)\" \/><source srcset=\"https:\/\/www.infobae.com\/resizer\/v2\/KD4S4ESOERCKFI4DC22PYXWAA4.JPG?auth=7842dd54fea74dfb363c221eed4e078d796ad5bd67e61fbdcf3d023cde5f4a9c&amp;smart=true&amp;width=350&amp;height=233&amp;quality=85\" media=\"(min-width: 80px)\" \/><img loading=\"lazy\" decoding=\"async\" class=\"global-image\" src=\"https:\/\/www.infobae.com\/resizer\/v2\/KD4S4ESOERCKFI4DC22PYXWAA4.JPG?auth=7842dd54fea74dfb363c221eed4e078d796ad5bd67e61fbdcf3d023cde5f4a9c&amp;smart=true&amp;width=350&amp;height=233&amp;quality=85\" alt=\"Martin Fierro de la Moda 2026 - Alfombra roja\" width=\"1920\" height=\"1280\" \/><\/picture>Poggio acompa\u00f1\u00f3 su look con un nuevo look para su cabello, de color rojizo y suelto en ondas<\/div>\n<p class=\"paragraph\" data-mrf-recirculation=\"Links inline\">Juli Poggio seleccion\u00f3 un look de Pucheta Paz: vestido blanco de textura brillante, con un dise\u00f1o asim\u00e9trico que deja un costado al descubierto y presenta una copa escultural en el busto. El modelo, de corte sirena, cae en una falda amplia con volumen y detalles de relieve.<\/p>\n<p class=\"paragraph\" data-mrf-recirculation=\"Links inline\">Seg\u00fan revel\u00f3 Poggio a<b>\u00a0Infobae<\/b>, se inspir\u00f3 en Susana Gim\u00e9nez. \u201cPor eso realizamos toda la performance de los \u2018Julietos\u2019 en esta ocasi\u00f3n. La moda ocupa un lugar muy especial en mi vida. Es algo que siempre me ha gustado, que descubr\u00ed y en lo que fui creciendo. Me encanta inspirarme en divas pop y en figuras destacadas de la televisi\u00f3n\u201d.<\/p>\n<h2 id=\"analia-franchin\" class=\"header headline-class-h2 headline\">Anal\u00eda Franch\u00edn<\/h2>\n<div class=\"visual__image\"><picture><source srcset=\"https:\/\/www.infobae.com\/resizer\/v2\/ECEBSFZKT5CKRBZLNX4NCMENGQ.JPG?auth=fab36f4db13d8f2fab4590b4d7fac1fe3de60fef746428eb18664414e370473b&amp;smart=true&amp;width=992&amp;height=661&amp;quality=85\" media=\"(min-width: 1000px)\" \/><source srcset=\"https:\/\/www.infobae.com\/resizer\/v2\/ECEBSFZKT5CKRBZLNX4NCMENGQ.JPG?auth=fab36f4db13d8f2fab4590b4d7fac1fe3de60fef746428eb18664414e370473b&amp;smart=true&amp;width=768&amp;height=512&amp;quality=85\" media=\"(min-width: 768px)\" \/><source srcset=\"https:\/\/www.infobae.com\/resizer\/v2\/ECEBSFZKT5CKRBZLNX4NCMENGQ.JPG?auth=fab36f4db13d8f2fab4590b4d7fac1fe3de60fef746428eb18664414e370473b&amp;smart=true&amp;width=577&amp;height=385&amp;quality=85\" media=\"(min-width: 580px)\" \/><source srcset=\"https:\/\/www.infobae.com\/resizer\/v2\/ECEBSFZKT5CKRBZLNX4NCMENGQ.JPG?auth=fab36f4db13d8f2fab4590b4d7fac1fe3de60fef746428eb18664414e370473b&amp;smart=true&amp;width=420&amp;height=280&amp;quality=85\" media=\"(min-width: 350px)\" \/><source srcset=\"https:\/\/www.infobae.com\/resizer\/v2\/ECEBSFZKT5CKRBZLNX4NCMENGQ.JPG?auth=fab36f4db13d8f2fab4590b4d7fac1fe3de60fef746428eb18664414e370473b&amp;smart=true&amp;width=350&amp;height=233&amp;quality=85\" media=\"(min-width: 80px)\" \/><img loading=\"lazy\" decoding=\"async\" class=\"global-image\" src=\"https:\/\/www.infobae.com\/resizer\/v2\/ECEBSFZKT5CKRBZLNX4NCMENGQ.JPG?auth=fab36f4db13d8f2fab4590b4d7fac1fe3de60fef746428eb18664414e370473b&amp;smart=true&amp;width=350&amp;height=233&amp;quality=85\" alt=\"Martin Fierro de la Moda 2026 - Alfombra roja\" width=\"1920\" height=\"1280\" \/><\/picture>Franch\u00edn sum\u00f3 un clutch negro texturado y un collar met\u00e1lico ancho con detalles brillantes<\/div>\n<p class=\"paragraph\" data-mrf-recirculation=\"Links inline\">Anal\u00eda Franch\u00edn dijo presente con un vestido negro strapless de textura s\u00edmil reptil, ajustado al cuerpo y de largo midi. Complement\u00f3 el conjunto con guantes largos del mismo material y botas negras al tono.<\/p>\n<p class=\"paragraph\" data-mrf-recirculation=\"Links inline\">\u201cLa stylist es Julieta L\u00f3pez Acosta. El vestido es de Sadaels. La moda es una forma de mostrar qui\u00e9nes somos, qu\u00e9 queremos comunicar y reflejar nuestros estados de \u00e1nimo; abarca un poco todo eso\u201d, afirm\u00f3.<\/p>\n<h2 id=\"zaira-nara\" class=\"header headline-class-h2 headline\">Zaira Nara<\/h2>\n<div class=\"visual__image\"><picture><source srcset=\"https:\/\/www.infobae.com\/resizer\/v2\/SC66I25KBFDFPIU6Y42MNLXSLA.jpg?auth=0ae1d5a53a507947ddaabea0a42bc872445cbe42f9905d0bccde1e7286df3776&amp;smart=true&amp;width=992&amp;height=1744&amp;quality=85\" media=\"(min-width: 1000px)\" \/><source srcset=\"https:\/\/www.infobae.com\/resizer\/v2\/SC66I25KBFDFPIU6Y42MNLXSLA.jpg?auth=0ae1d5a53a507947ddaabea0a42bc872445cbe42f9905d0bccde1e7286df3776&amp;smart=true&amp;width=768&amp;height=1350&amp;quality=85\" media=\"(min-width: 768px)\" \/><source srcset=\"https:\/\/www.infobae.com\/resizer\/v2\/SC66I25KBFDFPIU6Y42MNLXSLA.jpg?auth=0ae1d5a53a507947ddaabea0a42bc872445cbe42f9905d0bccde1e7286df3776&amp;smart=true&amp;width=577&amp;height=1015&amp;quality=85\" media=\"(min-width: 580px)\" \/><source srcset=\"https:\/\/www.infobae.com\/resizer\/v2\/SC66I25KBFDFPIU6Y42MNLXSLA.jpg?auth=0ae1d5a53a507947ddaabea0a42bc872445cbe42f9905d0bccde1e7286df3776&amp;smart=true&amp;width=420&amp;height=739&amp;quality=85\" media=\"(min-width: 350px)\" \/><source srcset=\"https:\/\/www.infobae.com\/resizer\/v2\/SC66I25KBFDFPIU6Y42MNLXSLA.jpg?auth=0ae1d5a53a507947ddaabea0a42bc872445cbe42f9905d0bccde1e7286df3776&amp;smart=true&amp;width=350&amp;height=615&amp;quality=85\" media=\"(min-width: 80px)\" \/><img loading=\"lazy\" decoding=\"async\" class=\"global-image\" src=\"https:\/\/www.infobae.com\/resizer\/v2\/SC66I25KBFDFPIU6Y42MNLXSLA.jpg?auth=0ae1d5a53a507947ddaabea0a42bc872445cbe42f9905d0bccde1e7286df3776&amp;smart=true&amp;width=350&amp;height=615&amp;quality=85\" alt=\"Mart\u00edn Fierro de la Moda 2026 - Alfombra roja\" width=\"1920\" height=\"3376\" \/><\/picture>Zaira present\u00f3 el look con una chaqueta negra en la mano y el cabello suelto, peinado en ondas marcadas<\/div>\n<p class=\"paragraph\" data-mrf-recirculation=\"Links inline\">Zaira Nara seleccion\u00f3 un body negro transparente de encaje y escote profundo, que combin\u00f3 con medias al tono y stilettos negros con puntera dorada. Luci\u00f3 un collar dorado de cadenas m\u00faltiples y sum\u00f3 pulseras y anillos dorados como accesorios.<\/p>\n<h2 id=\"hector-vidal-rivas\" class=\"header headline-class-h2 headline\">H\u00e9ctor Vidal Rivas<\/h2>\n<div class=\"visual__image\"><picture><source srcset=\"https:\/\/www.infobae.com\/resizer\/v2\/TSKIMZYQPNENTLUXDVFCLKG32Y.jpg?auth=79646903d7560b93829d68b1943efe3df95754102bcdb169dc6d7cb77e07b903&amp;smart=true&amp;width=992&amp;height=1464&amp;quality=85\" media=\"(min-width: 1000px)\" \/><source srcset=\"https:\/\/www.infobae.com\/resizer\/v2\/TSKIMZYQPNENTLUXDVFCLKG32Y.jpg?auth=79646903d7560b93829d68b1943efe3df95754102bcdb169dc6d7cb77e07b903&amp;smart=true&amp;width=768&amp;height=1133&amp;quality=85\" media=\"(min-width: 768px)\" \/><source srcset=\"https:\/\/www.infobae.com\/resizer\/v2\/TSKIMZYQPNENTLUXDVFCLKG32Y.jpg?auth=79646903d7560b93829d68b1943efe3df95754102bcdb169dc6d7cb77e07b903&amp;smart=true&amp;width=577&amp;height=851&amp;quality=85\" media=\"(min-width: 580px)\" \/><source srcset=\"https:\/\/www.infobae.com\/resizer\/v2\/TSKIMZYQPNENTLUXDVFCLKG32Y.jpg?auth=79646903d7560b93829d68b1943efe3df95754102bcdb169dc6d7cb77e07b903&amp;smart=true&amp;width=420&amp;height=620&amp;quality=85\" media=\"(min-width: 350px)\" \/><source srcset=\"https:\/\/www.infobae.com\/resizer\/v2\/TSKIMZYQPNENTLUXDVFCLKG32Y.jpg?auth=79646903d7560b93829d68b1943efe3df95754102bcdb169dc6d7cb77e07b903&amp;smart=true&amp;width=350&amp;height=516&amp;quality=85\" media=\"(min-width: 80px)\" \/><img loading=\"lazy\" decoding=\"async\" class=\"global-image\" src=\"https:\/\/www.infobae.com\/resizer\/v2\/TSKIMZYQPNENTLUXDVFCLKG32Y.jpg?auth=79646903d7560b93829d68b1943efe3df95754102bcdb169dc6d7cb77e07b903&amp;smart=true&amp;width=350&amp;height=516&amp;quality=85\" alt=\"Mart\u00edn Fierro de la Moda 2026 - Alfombra roja\" width=\"1920\" height=\"2833\" \/><\/picture>H\u00e9ctor Vidal Rivas dio detalles de la salud de Mirtha al llegar a la gala<\/div>\n<p class=\"paragraph\" data-mrf-recirculation=\"Links inline\">H\u00e9ctor Vidal Rivas opt\u00f3 por un traje negro de corte cl\u00e1sico con saco cruzado y botones al frente, camisa blanca y sum\u00f3 una corbata a rayas en tonos fucsia y negro, junto a un pa\u00f1uelo de bolsillo rosa que aport\u00f3 un acento de color.<\/p>\n<p class=\"paragraph\" data-mrf-recirculation=\"Links inline\">\u201cLa moda para m\u00ed lo es todo. Representa mi vida; implica haber descubierto a numerosos dise\u00f1adores y continuar apoyando la moda argentina, no solo la de Buenos Aires, sino la de todo el pa\u00eds. Eso es lo que significa la moda para m\u00ed\u201d, se\u00f1al\u00f3 en charla con\u00a0<b>Infobae.<\/b><\/p>\n<p class=\"paragraph\" data-mrf-recirculation=\"Links inline\">Sobre la salud de Mirtha Legrand, que no asisti\u00f3 a la gala, cont\u00f3: \u201cMirtha se encuentra muy bien. Actualmente est\u00e1 recuper\u00e1ndose y esperamos que regrese pronto con el programa, que es el deseo de todos y tambi\u00e9n el suyo\u201d.<\/p>\n<h2 id=\"flavia-fernandez\" class=\"header headline-class-h2 headline\">Flavia Fern\u00e1ndez<\/h2>\n<div class=\"visual__image\"><picture><source srcset=\"https:\/\/www.infobae.com\/resizer\/v2\/V6REKGPWDFGFZLZI5CB4Z54PAM.jpg?auth=eb62512ec98d9dd966cd37e7fd9956c3394727e5460b1b285f8546ceb56d72c7&amp;smart=true&amp;width=992&amp;height=2189&amp;quality=85\" media=\"(min-width: 1000px)\" \/><source srcset=\"https:\/\/www.infobae.com\/resizer\/v2\/V6REKGPWDFGFZLZI5CB4Z54PAM.jpg?auth=eb62512ec98d9dd966cd37e7fd9956c3394727e5460b1b285f8546ceb56d72c7&amp;smart=true&amp;width=768&amp;height=1695&amp;quality=85\" media=\"(min-width: 768px)\" \/><source srcset=\"https:\/\/www.infobae.com\/resizer\/v2\/V6REKGPWDFGFZLZI5CB4Z54PAM.jpg?auth=eb62512ec98d9dd966cd37e7fd9956c3394727e5460b1b285f8546ceb56d72c7&amp;smart=true&amp;width=577&amp;height=1273&amp;quality=85\" media=\"(min-width: 580px)\" \/><source srcset=\"https:\/\/www.infobae.com\/resizer\/v2\/V6REKGPWDFGFZLZI5CB4Z54PAM.jpg?auth=eb62512ec98d9dd966cd37e7fd9956c3394727e5460b1b285f8546ceb56d72c7&amp;smart=true&amp;width=420&amp;height=927&amp;quality=85\" media=\"(min-width: 350px)\" \/><source srcset=\"https:\/\/www.infobae.com\/resizer\/v2\/V6REKGPWDFGFZLZI5CB4Z54PAM.jpg?auth=eb62512ec98d9dd966cd37e7fd9956c3394727e5460b1b285f8546ceb56d72c7&amp;smart=true&amp;width=350&amp;height=772&amp;quality=85\" media=\"(min-width: 80px)\" \/><img loading=\"lazy\" decoding=\"async\" class=\"global-image\" src=\"https:\/\/www.infobae.com\/resizer\/v2\/V6REKGPWDFGFZLZI5CB4Z54PAM.jpg?auth=eb62512ec98d9dd966cd37e7fd9956c3394727e5460b1b285f8546ceb56d72c7&amp;smart=true&amp;width=350&amp;height=772&amp;quality=85\" alt=\"Mart\u00edn Fierro de la Moda 2026 - Alfombra roja\" width=\"1920\" height=\"4237\" \/><\/picture>Flavia Fern\u00e1ndez eligi\u00f3 un vestido negro de Adri\u00e1n Brown y joyas de Jean Pierre<\/div>\n<p class=\"paragraph\" data-mrf-recirculation=\"Links inline\">Flavia Fern\u00e1ndez es una de las organizadoras de los Mart\u00edn Fierro de la Moda. Deslumbr\u00f3 con un vestido largo de encaje negro transparente, con mangas largas y terminaciones acampanadas en los pu\u00f1os.<\/p>\n<h2 id=\"daniela-blanco\" class=\"header headline-class-h2 headline\">Daniela Blanco<\/h2>\n<div class=\"visual__image\"><picture><source srcset=\"https:\/\/www.infobae.com\/resizer\/v2\/YWIPUPVJIRHQNLC3TDDQMLTHU4.jpg?auth=7c6c7c1702d3daef876d45162bf5fd42364fa9ac2fbae241254a0898df7dd690&amp;smart=true&amp;width=992&amp;height=1476&amp;quality=85\" media=\"(min-width: 1000px)\" \/><source srcset=\"https:\/\/www.infobae.com\/resizer\/v2\/YWIPUPVJIRHQNLC3TDDQMLTHU4.jpg?auth=7c6c7c1702d3daef876d45162bf5fd42364fa9ac2fbae241254a0898df7dd690&amp;smart=true&amp;width=768&amp;height=1143&amp;quality=85\" media=\"(min-width: 768px)\" \/><source srcset=\"https:\/\/www.infobae.com\/resizer\/v2\/YWIPUPVJIRHQNLC3TDDQMLTHU4.jpg?auth=7c6c7c1702d3daef876d45162bf5fd42364fa9ac2fbae241254a0898df7dd690&amp;smart=true&amp;width=577&amp;height=859&amp;quality=85\" media=\"(min-width: 580px)\" \/><source srcset=\"https:\/\/www.infobae.com\/resizer\/v2\/YWIPUPVJIRHQNLC3TDDQMLTHU4.jpg?auth=7c6c7c1702d3daef876d45162bf5fd42364fa9ac2fbae241254a0898df7dd690&amp;smart=true&amp;width=420&amp;height=625&amp;quality=85\" media=\"(min-width: 350px)\" \/><source srcset=\"https:\/\/www.infobae.com\/resizer\/v2\/YWIPUPVJIRHQNLC3TDDQMLTHU4.jpg?auth=7c6c7c1702d3daef876d45162bf5fd42364fa9ac2fbae241254a0898df7dd690&amp;smart=true&amp;width=350&amp;height=521&amp;quality=85\" media=\"(min-width: 80px)\" \/><img loading=\"lazy\" decoding=\"async\" class=\"global-image\" src=\"https:\/\/www.infobae.com\/resizer\/v2\/YWIPUPVJIRHQNLC3TDDQMLTHU4.jpg?auth=7c6c7c1702d3daef876d45162bf5fd42364fa9ac2fbae241254a0898df7dd690&amp;smart=true&amp;width=350&amp;height=521&amp;quality=85\" alt=\"Martin Fierro de la Moda 2026 - Banner Infobae\" width=\"1290\" height=\"1920\" \/><\/picture>La directora editorial de Infobae, Daniela Blanco, con un look de Camila Romano para la gran noche<\/div>\n<p class=\"paragraph\" data-mrf-recirculation=\"Links inline\">Daniela Blanco, directora editorial de\u00a0<b>Infobae,<\/b>\u00a0luci\u00f3 un vestido azul Francia de un hombro en crep italiano. Se trata de un dise\u00f1o de Camila Romano.<\/p>\n<h2 id=\"adrian-appiolaza\" class=\"header headline-class-h2 headline\">Adri\u00e1n Appiolaza<\/h2>\n<div class=\"visual__image\"><picture><source srcset=\"https:\/\/www.infobae.com\/resizer\/v2\/XPPR6NRP2ZEKTBHNZPFSLYYAMA.jpg?auth=8e230fca4bf0aeef72fd959e429aee1974329b4701e9c79a9f152d5dadcf9278&amp;smart=true&amp;width=992&amp;height=1488&amp;quality=85\" media=\"(min-width: 1000px)\" \/><source srcset=\"https:\/\/www.infobae.com\/resizer\/v2\/XPPR6NRP2ZEKTBHNZPFSLYYAMA.jpg?auth=8e230fca4bf0aeef72fd959e429aee1974329b4701e9c79a9f152d5dadcf9278&amp;smart=true&amp;width=768&amp;height=1152&amp;quality=85\" media=\"(min-width: 768px)\" \/><source srcset=\"https:\/\/www.infobae.com\/resizer\/v2\/XPPR6NRP2ZEKTBHNZPFSLYYAMA.jpg?auth=8e230fca4bf0aeef72fd959e429aee1974329b4701e9c79a9f152d5dadcf9278&amp;smart=true&amp;width=577&amp;height=866&amp;quality=85\" media=\"(min-width: 580px)\" \/><source srcset=\"https:\/\/www.infobae.com\/resizer\/v2\/XPPR6NRP2ZEKTBHNZPFSLYYAMA.jpg?auth=8e230fca4bf0aeef72fd959e429aee1974329b4701e9c79a9f152d5dadcf9278&amp;smart=true&amp;width=420&amp;height=630&amp;quality=85\" media=\"(min-width: 350px)\" \/><source srcset=\"https:\/\/www.infobae.com\/resizer\/v2\/XPPR6NRP2ZEKTBHNZPFSLYYAMA.jpg?auth=8e230fca4bf0aeef72fd959e429aee1974329b4701e9c79a9f152d5dadcf9278&amp;smart=true&amp;width=350&amp;height=525&amp;quality=85\" media=\"(min-width: 80px)\" \/><img loading=\"lazy\" decoding=\"async\" class=\"global-image\" src=\"https:\/\/www.infobae.com\/resizer\/v2\/XPPR6NRP2ZEKTBHNZPFSLYYAMA.jpg?auth=8e230fca4bf0aeef72fd959e429aee1974329b4701e9c79a9f152d5dadcf9278&amp;smart=true&amp;width=350&amp;height=525&amp;quality=85\" alt=\"Martin Fierro de la Moda 2026 - Banner Infobae\" width=\"1280\" height=\"1920\" \/><\/picture>Adri\u00e1n Appiolaza pos\u00f3 con un conjunto blanco texturado y mo\u00f1o de lunares durante la premiaci\u00f3n (Maximiliano Luna)<\/div>\n<p class=\"paragraph\" data-mrf-recirculation=\"Links inline\">Adri\u00e1n Appiolaza, director creativo de Moschino, eligi\u00f3 un conjunto de saco y bermudas en tela blanca texturada, acompa\u00f1ado por una camisa celeste a cuadros peque\u00f1os. Combin\u00f3 el look con un mo\u00f1o negro de lunares blancos, tiradores colgando y una flor roja en la solapa. Llev\u00f3 anteojos de color violeta, medias blancas gruesas y zapatos marrones de suela robusta.<\/p>\n<h2 id=\"tefi-russo-y-joaquin-&quot;el-pollo&quot;-alvarez\" class=\"header headline-class-h2 headline\">Tefi Russo y Joaqu\u00edn \u201cEl Pollo\u201d \u00c1lvarez<\/h2>\n<div class=\"visual__image\"><picture><source srcset=\"https:\/\/www.infobae.com\/resizer\/v2\/RS4EPU6XTNFIBEXCVKPK3YKOAQ.jpg?auth=0e0954c984ad490dc977f160176142722b370fea874045e00540468607e0a1ca&amp;smart=true&amp;width=992&amp;height=661&amp;quality=85\" media=\"(min-width: 1000px)\" \/><source srcset=\"https:\/\/www.infobae.com\/resizer\/v2\/RS4EPU6XTNFIBEXCVKPK3YKOAQ.jpg?auth=0e0954c984ad490dc977f160176142722b370fea874045e00540468607e0a1ca&amp;smart=true&amp;width=768&amp;height=512&amp;quality=85\" media=\"(min-width: 768px)\" \/><source srcset=\"https:\/\/www.infobae.com\/resizer\/v2\/RS4EPU6XTNFIBEXCVKPK3YKOAQ.jpg?auth=0e0954c984ad490dc977f160176142722b370fea874045e00540468607e0a1ca&amp;smart=true&amp;width=577&amp;height=385&amp;quality=85\" media=\"(min-width: 580px)\" \/><source srcset=\"https:\/\/www.infobae.com\/resizer\/v2\/RS4EPU6XTNFIBEXCVKPK3YKOAQ.jpg?auth=0e0954c984ad490dc977f160176142722b370fea874045e00540468607e0a1ca&amp;smart=true&amp;width=420&amp;height=280&amp;quality=85\" media=\"(min-width: 350px)\" \/><source srcset=\"https:\/\/www.infobae.com\/resizer\/v2\/RS4EPU6XTNFIBEXCVKPK3YKOAQ.jpg?auth=0e0954c984ad490dc977f160176142722b370fea874045e00540468607e0a1ca&amp;smart=true&amp;width=350&amp;height=233&amp;quality=85\" media=\"(min-width: 80px)\" \/><img loading=\"lazy\" decoding=\"async\" class=\"global-image\" src=\"https:\/\/www.infobae.com\/resizer\/v2\/RS4EPU6XTNFIBEXCVKPK3YKOAQ.jpg?auth=0e0954c984ad490dc977f160176142722b370fea874045e00540468607e0a1ca&amp;smart=true&amp;width=350&amp;height=233&amp;quality=85\" alt=\"Mart\u00edn Fierro de la Moda 2026 - Alfombra roja\" width=\"2880\" height=\"1920\" \/><\/picture>Russo y \u00c1lvarez posaron juntos para los fot\u00f3grafos<\/div>\n<p class=\"paragraph\" data-mrf-recirculation=\"Links inline\">Tefi Russo fue vestida por Ver\u00f3nica de la Canal. Utiliz\u00f3 un vestido largo de terciopelo negro con breteles finos y escote recto, adem\u00e1s de espalda descubierta y bolsillos laterales.\u00a0<b>Joaqu\u00edn \u00c1lvarez<\/b>\u00a0visti\u00f3 un traje azul oscuro de corte cl\u00e1sico, acompa\u00f1ado de una camisa blanca y una corbata lila con microdise\u00f1o.<\/p>\n<h2 id=\"charly-fonseca-y-fabian-zitta\" class=\"header headline-class-h2 headline\">Charly Fonseca y Fabi\u00e1n Zitta<\/h2>\n<div class=\"visual__image\"><picture><source srcset=\"https:\/\/www.infobae.com\/resizer\/v2\/2ZTWU3NLJRBYBFVNJC257JCYFA.jpg?auth=f8cd91353f0c828512b3b9003e86294f72bab10f0ef8b0a02d360f580aa6a6ee&amp;smart=true&amp;width=992&amp;height=982&amp;quality=85\" media=\"(min-width: 1000px)\" \/><source srcset=\"https:\/\/www.infobae.com\/resizer\/v2\/2ZTWU3NLJRBYBFVNJC257JCYFA.jpg?auth=f8cd91353f0c828512b3b9003e86294f72bab10f0ef8b0a02d360f580aa6a6ee&amp;smart=true&amp;width=768&amp;height=760&amp;quality=85\" media=\"(min-width: 768px)\" \/><source srcset=\"https:\/\/www.infobae.com\/resizer\/v2\/2ZTWU3NLJRBYBFVNJC257JCYFA.jpg?auth=f8cd91353f0c828512b3b9003e86294f72bab10f0ef8b0a02d360f580aa6a6ee&amp;smart=true&amp;width=577&amp;height=571&amp;quality=85\" media=\"(min-width: 580px)\" \/><source srcset=\"https:\/\/www.infobae.com\/resizer\/v2\/2ZTWU3NLJRBYBFVNJC257JCYFA.jpg?auth=f8cd91353f0c828512b3b9003e86294f72bab10f0ef8b0a02d360f580aa6a6ee&amp;smart=true&amp;width=420&amp;height=416&amp;quality=85\" media=\"(min-width: 350px)\" \/><source srcset=\"https:\/\/www.infobae.com\/resizer\/v2\/2ZTWU3NLJRBYBFVNJC257JCYFA.jpg?auth=f8cd91353f0c828512b3b9003e86294f72bab10f0ef8b0a02d360f580aa6a6ee&amp;smart=true&amp;width=350&amp;height=347&amp;quality=85\" media=\"(min-width: 80px)\" \/><img loading=\"lazy\" decoding=\"async\" class=\"global-image\" src=\"https:\/\/www.infobae.com\/resizer\/v2\/2ZTWU3NLJRBYBFVNJC257JCYFA.jpg?auth=f8cd91353f0c828512b3b9003e86294f72bab10f0ef8b0a02d360f580aa6a6ee&amp;smart=true&amp;width=350&amp;height=347&amp;quality=85\" alt=\"Mart\u00edn Fierro de la Moda 2026 - Alfombra roja\" width=\"1939\" height=\"1920\" \/><\/picture>Charly Fonseca y Fabi\u00e1n Zitta combinados para la gran noche<\/div>\n<p class=\"paragraph\" data-mrf-recirculation=\"Links inline\">Charly Fonseca llev\u00f3 un traje negro de saco cruzado con solapas cl\u00e1sicas, acompa\u00f1ado de una camisa blanca y corbata fina negra. Sum\u00f3 como accesorio un broche negro en la solapa y una cartera tipo sobre negra. Fabi\u00e1n Zitta opt\u00f3 por un esmoquin negro con detalles brillantes en las solapas y la cintura, combinando la chaqueta con una camisa blanca abierta en el cuello y un broche negro al centro.<i><b><\/b><\/i><\/p>\n<h2 id=\"gabriel-olivieri\" class=\"header headline-class-h2 headline\">Gabriel Olivieri<\/h2>\n<div class=\"visual__image\"><picture><source srcset=\"https:\/\/www.infobae.com\/resizer\/v2\/VT6GBJHQYNA2ZAYQORP5IBLAW4.jpg?auth=ada5353d4b6aab742deb9a3d562b22de5fe47e3c9d48c29a0e4c8c06f131af40&amp;smart=true&amp;width=992&amp;height=1494&amp;quality=85\" media=\"(min-width: 1000px)\" \/><source srcset=\"https:\/\/www.infobae.com\/resizer\/v2\/VT6GBJHQYNA2ZAYQORP5IBLAW4.jpg?auth=ada5353d4b6aab742deb9a3d562b22de5fe47e3c9d48c29a0e4c8c06f131af40&amp;smart=true&amp;width=768&amp;height=1157&amp;quality=85\" media=\"(min-width: 768px)\" \/><source srcset=\"https:\/\/www.infobae.com\/resizer\/v2\/VT6GBJHQYNA2ZAYQORP5IBLAW4.jpg?auth=ada5353d4b6aab742deb9a3d562b22de5fe47e3c9d48c29a0e4c8c06f131af40&amp;smart=true&amp;width=577&amp;height=869&amp;quality=85\" media=\"(min-width: 580px)\" \/><source srcset=\"https:\/\/www.infobae.com\/resizer\/v2\/VT6GBJHQYNA2ZAYQORP5IBLAW4.jpg?auth=ada5353d4b6aab742deb9a3d562b22de5fe47e3c9d48c29a0e4c8c06f131af40&amp;smart=true&amp;width=420&amp;height=633&amp;quality=85\" media=\"(min-width: 350px)\" \/><source srcset=\"https:\/\/www.infobae.com\/resizer\/v2\/VT6GBJHQYNA2ZAYQORP5IBLAW4.jpg?auth=ada5353d4b6aab742deb9a3d562b22de5fe47e3c9d48c29a0e4c8c06f131af40&amp;smart=true&amp;width=350&amp;height=527&amp;quality=85\" media=\"(min-width: 80px)\" \/><img loading=\"lazy\" decoding=\"async\" class=\"global-image\" src=\"https:\/\/www.infobae.com\/resizer\/v2\/VT6GBJHQYNA2ZAYQORP5IBLAW4.jpg?auth=ada5353d4b6aab742deb9a3d562b22de5fe47e3c9d48c29a0e4c8c06f131af40&amp;smart=true&amp;width=350&amp;height=527&amp;quality=85\" alt=\"Mart\u00edn Fierro de la Moda 2026 - Alfombra roja\" width=\"1920\" height=\"2892\" \/><\/picture>Gabriel Olivieri acompa\u00f1\u00f3 su look con gafas oscuras<\/div>\n<p class=\"paragraph\" data-mrf-recirculation=\"Links inline\">Gabriel Olivieri visti\u00f3 un esmoquin negro con solapas de raso, acompa\u00f1ado de una camisa blanca con botones negros y mo\u00f1o negro. Sum\u00f3 un prendedor plateado en la solapa y zapatos negros de charol.<\/p>\n<h2 id=\"romina-gaetani\" class=\"header headline-class-h2 headline\">Romina Gaetani<\/h2>\n<div class=\"visual__image\"><picture><source srcset=\"https:\/\/www.infobae.com\/resizer\/v2\/AFY5YOPLVJGZNBBJVVJ2VLGBP4.jpg?auth=bf84df87f574e50ededab1174561a4979154f3d008fd50a2d1445aa2707349cf&amp;smart=true&amp;width=992&amp;height=1495&amp;quality=85\" media=\"(min-width: 1000px)\" \/><source srcset=\"https:\/\/www.infobae.com\/resizer\/v2\/AFY5YOPLVJGZNBBJVVJ2VLGBP4.jpg?auth=bf84df87f574e50ededab1174561a4979154f3d008fd50a2d1445aa2707349cf&amp;smart=true&amp;width=768&amp;height=1157&amp;quality=85\" media=\"(min-width: 768px)\" \/><source srcset=\"https:\/\/www.infobae.com\/resizer\/v2\/AFY5YOPLVJGZNBBJVVJ2VLGBP4.jpg?auth=bf84df87f574e50ededab1174561a4979154f3d008fd50a2d1445aa2707349cf&amp;smart=true&amp;width=577&amp;height=870&amp;quality=85\" media=\"(min-width: 580px)\" \/><source srcset=\"https:\/\/www.infobae.com\/resizer\/v2\/AFY5YOPLVJGZNBBJVVJ2VLGBP4.jpg?auth=bf84df87f574e50ededab1174561a4979154f3d008fd50a2d1445aa2707349cf&amp;smart=true&amp;width=420&amp;height=633&amp;quality=85\" media=\"(min-width: 350px)\" \/><source srcset=\"https:\/\/www.infobae.com\/resizer\/v2\/AFY5YOPLVJGZNBBJVVJ2VLGBP4.jpg?auth=bf84df87f574e50ededab1174561a4979154f3d008fd50a2d1445aa2707349cf&amp;smart=true&amp;width=350&amp;height=527&amp;quality=85\" media=\"(min-width: 80px)\" \/><img loading=\"lazy\" decoding=\"async\" class=\"global-image\" src=\"https:\/\/www.infobae.com\/resizer\/v2\/AFY5YOPLVJGZNBBJVVJ2VLGBP4.jpg?auth=bf84df87f574e50ededab1174561a4979154f3d008fd50a2d1445aa2707349cf&amp;smart=true&amp;width=350&amp;height=527&amp;quality=85\" alt=\"Martin Fierro de la Moda 2026 - Banner Infobae\" width=\"1274\" height=\"1920\" \/><\/picture>Romina Gaetani con Fabi\u00e1n Zitta, quien dise\u00f1\u00f3 su look<\/div>\n<p class=\"paragraph\" data-mrf-recirculation=\"Links inline\">\u201cLa moda no es solo identificarse con lo que propone la industria o lo que muestra la cultura, sino tambi\u00e9n con<b>\u00a0aquello que nos representa y nos permite expresar nuestra personalidad de la mejor manera.<\/b>\u00a0En esa b\u00fasqueda de prueba y error, entre lo cultural, lo que est\u00e1 en tendencia y lo que cada uno define como moda propia, existe una exploraci\u00f3n interesante sobre la identidad personal\u201d, le dijo Gaetani a este medio. Lleg\u00f3 vestida por Fabi\u00e1n Zitta.<\/p>\n<h2 id=\"mariana-fabbiani\" class=\"header headline-class-h2 headline\">Mariana Fabbiani<\/h2>\n<div class=\"visual__image\"><picture><source srcset=\"https:\/\/www.infobae.com\/resizer\/v2\/JBG5UG2GB5D7ROMCM6UHDHTP4A.jpg?auth=4e0dee2f755ca96605665278f1416da08ac5f1d85882334878efd9d74cb4fb16&amp;smart=true&amp;width=992&amp;height=1488&amp;quality=85\" media=\"(min-width: 1000px)\" \/><source srcset=\"https:\/\/www.infobae.com\/resizer\/v2\/JBG5UG2GB5D7ROMCM6UHDHTP4A.jpg?auth=4e0dee2f755ca96605665278f1416da08ac5f1d85882334878efd9d74cb4fb16&amp;smart=true&amp;width=768&amp;height=1152&amp;quality=85\" media=\"(min-width: 768px)\" \/><source srcset=\"https:\/\/www.infobae.com\/resizer\/v2\/JBG5UG2GB5D7ROMCM6UHDHTP4A.jpg?auth=4e0dee2f755ca96605665278f1416da08ac5f1d85882334878efd9d74cb4fb16&amp;smart=true&amp;width=577&amp;height=866&amp;quality=85\" media=\"(min-width: 580px)\" \/><source srcset=\"https:\/\/www.infobae.com\/resizer\/v2\/JBG5UG2GB5D7ROMCM6UHDHTP4A.jpg?auth=4e0dee2f755ca96605665278f1416da08ac5f1d85882334878efd9d74cb4fb16&amp;smart=true&amp;width=420&amp;height=630&amp;quality=85\" media=\"(min-width: 350px)\" \/><source srcset=\"https:\/\/www.infobae.com\/resizer\/v2\/JBG5UG2GB5D7ROMCM6UHDHTP4A.jpg?auth=4e0dee2f755ca96605665278f1416da08ac5f1d85882334878efd9d74cb4fb16&amp;smart=true&amp;width=350&amp;height=525&amp;quality=85\" media=\"(min-width: 80px)\" \/><img loading=\"lazy\" decoding=\"async\" class=\"global-image\" src=\"https:\/\/www.infobae.com\/resizer\/v2\/JBG5UG2GB5D7ROMCM6UHDHTP4A.jpg?auth=4e0dee2f755ca96605665278f1416da08ac5f1d85882334878efd9d74cb4fb16&amp;smart=true&amp;width=350&amp;height=525&amp;quality=85\" alt=\"Martin Fierro de la Moda 2026 - Banner Infobae\" width=\"1280\" height=\"1920\" \/><\/picture>Mariana Fabbiani reversion\u00f3 un look con un recuerdo familiar<\/div>\n<p class=\"paragraph\" data-mrf-recirculation=\"Links inline\">\u201cLlevo un vestido que perteneci\u00f3 a mi abuela, estuvo guardado en un placard durante cincuenta a\u00f1os y decid\u00ed desempolvarlo, enviarlo a la tintorer\u00eda y reversionarlo\u201d, precis\u00f3 la conductora Mariana Fabbiani ante la consulta de Infobae.<\/p>\n<p class=\"paragraph\" data-mrf-recirculation=\"Links inline\">Al tiempo que agreg\u00f3: \u201cPara m\u00ed, tiene historia y representa mi linaje; eso es la moda: expresar a trav\u00e9s de lo que llevamos puesto y conectar con otras personas. La moda es un medio de comunicaci\u00f3n, de libertad, de expresi\u00f3n personal, de mostrar lo que es importante para uno. Por eso decid\u00ed jugar un poco; la moda es animarse, no tener l\u00edmites, y de eso se deber\u00eda tratar siempre\u201d.<\/p>\n<h2 id=\"veronica-lozano\" class=\"header headline-class-h2 headline\">Ver\u00f3nica Lozano<\/h2>\n<div class=\"visual__image\"><picture><source srcset=\"https:\/\/www.infobae.com\/resizer\/v2\/ZQ5TFBEYDJDV7AHANX7PM33XPM.jpg?auth=eab95fda992c27596e1e8c8d41c978ea76c25fea70f2f007ecdc6aa6327c6975&amp;smart=true&amp;width=992&amp;height=1488&amp;quality=85\" media=\"(min-width: 1000px)\" \/><source srcset=\"https:\/\/www.infobae.com\/resizer\/v2\/ZQ5TFBEYDJDV7AHANX7PM33XPM.jpg?auth=eab95fda992c27596e1e8c8d41c978ea76c25fea70f2f007ecdc6aa6327c6975&amp;smart=true&amp;width=768&amp;height=1152&amp;quality=85\" media=\"(min-width: 768px)\" \/><source srcset=\"https:\/\/www.infobae.com\/resizer\/v2\/ZQ5TFBEYDJDV7AHANX7PM33XPM.jpg?auth=eab95fda992c27596e1e8c8d41c978ea76c25fea70f2f007ecdc6aa6327c6975&amp;smart=true&amp;width=577&amp;height=866&amp;quality=85\" media=\"(min-width: 580px)\" \/><source srcset=\"https:\/\/www.infobae.com\/resizer\/v2\/ZQ5TFBEYDJDV7AHANX7PM33XPM.jpg?auth=eab95fda992c27596e1e8c8d41c978ea76c25fea70f2f007ecdc6aa6327c6975&amp;smart=true&amp;width=420&amp;height=630&amp;quality=85\" media=\"(min-width: 350px)\" \/><source srcset=\"https:\/\/www.infobae.com\/resizer\/v2\/ZQ5TFBEYDJDV7AHANX7PM33XPM.jpg?auth=eab95fda992c27596e1e8c8d41c978ea76c25fea70f2f007ecdc6aa6327c6975&amp;smart=true&amp;width=350&amp;height=525&amp;quality=85\" media=\"(min-width: 80px)\" \/><img loading=\"lazy\" decoding=\"async\" class=\"global-image\" src=\"https:\/\/www.infobae.com\/resizer\/v2\/ZQ5TFBEYDJDV7AHANX7PM33XPM.jpg?auth=eab95fda992c27596e1e8c8d41c978ea76c25fea70f2f007ecdc6aa6327c6975&amp;smart=true&amp;width=350&amp;height=525&amp;quality=85\" alt=\"Martin Fierro de la Moda 2026 - Banner Infobae\" width=\"1280\" height=\"1920\" \/><\/picture>Ver\u00f3nica Lozano gan\u00f3 el Mart\u00edn Fierro de la Moda (Maximiliano Luna)<\/div>\n<p class=\"paragraph\" data-mrf-recirculation=\"Links inline\">Ver\u00f3nica Lozano llev\u00f3 un vestido largo de tul transparente en tono nude, decorado con apliques bordados en tonos dorados y plateados que formaron figuras florales y arabescos sobre la tela.<\/p>\n<p class=\"paragraph\" data-mrf-recirculation=\"Links inline\">El dise\u00f1o presentaba una superposici\u00f3n de transparencias que dejaba ver parte de sus piernas y se complementaba con botas met\u00e1licas en color plata de ca\u00f1a media. Su cabello luci\u00f3 suelto, con ondas suaves y raya al medio.<\/p>\n<h2 id=\"ingrid-grudke\" class=\"header headline-class-h2 headline\">Ingrid Grudke<\/h2>\n<div class=\"visual__image\"><picture><source srcset=\"https:\/\/www.infobae.com\/resizer\/v2\/RYHSNGQNY5DEDMFLZPKOBB52UM.jpg?auth=c09bd644d8ab1db56c918213f399bfa094961c57f21855a4f5310f79fd834ea1&amp;smart=true&amp;width=992&amp;height=1488&amp;quality=85\" media=\"(min-width: 1000px)\" \/><source srcset=\"https:\/\/www.infobae.com\/resizer\/v2\/RYHSNGQNY5DEDMFLZPKOBB52UM.jpg?auth=c09bd644d8ab1db56c918213f399bfa094961c57f21855a4f5310f79fd834ea1&amp;smart=true&amp;width=768&amp;height=1152&amp;quality=85\" media=\"(min-width: 768px)\" \/><source srcset=\"https:\/\/www.infobae.com\/resizer\/v2\/RYHSNGQNY5DEDMFLZPKOBB52UM.jpg?auth=c09bd644d8ab1db56c918213f399bfa094961c57f21855a4f5310f79fd834ea1&amp;smart=true&amp;width=577&amp;height=866&amp;quality=85\" media=\"(min-width: 580px)\" \/><source srcset=\"https:\/\/www.infobae.com\/resizer\/v2\/RYHSNGQNY5DEDMFLZPKOBB52UM.jpg?auth=c09bd644d8ab1db56c918213f399bfa094961c57f21855a4f5310f79fd834ea1&amp;smart=true&amp;width=420&amp;height=630&amp;quality=85\" media=\"(min-width: 350px)\" \/><source srcset=\"https:\/\/www.infobae.com\/resizer\/v2\/RYHSNGQNY5DEDMFLZPKOBB52UM.jpg?auth=c09bd644d8ab1db56c918213f399bfa094961c57f21855a4f5310f79fd834ea1&amp;smart=true&amp;width=350&amp;height=525&amp;quality=85\" media=\"(min-width: 80px)\" \/><img loading=\"lazy\" decoding=\"async\" class=\"global-image\" src=\"https:\/\/www.infobae.com\/resizer\/v2\/RYHSNGQNY5DEDMFLZPKOBB52UM.jpg?auth=c09bd644d8ab1db56c918213f399bfa094961c57f21855a4f5310f79fd834ea1&amp;smart=true&amp;width=350&amp;height=525&amp;quality=85\" alt=\"Martin Fierro de la Moda 2026 - Banner Infobae\" width=\"1280\" height=\"1920\" \/><\/picture>El dise\u00f1o de Grudke incluy\u00f3 paneles de transparencia en los hombros y los laterales, aportando contrastes sutiles<\/div>\n<p class=\"paragraph\" data-mrf-recirculation=\"Links inline\">Ingrid Grudke se inclin\u00f3 por un vestido largo ajustado de color marr\u00f3n, que se distingui\u00f3 por el cuello alto y las mangas largas confeccionadas en tul transparente.<\/p>\n<h2 id=\"diego-mendoza-y-josefina-&quot;china&quot;-ansa\" class=\"header headline-class-h2 headline\">Diego Mendoza y Josefina \u201cChina\u201d Ansa<\/h2>\n<div class=\"visual__image\"><picture><source srcset=\"https:\/\/www.infobae.com\/resizer\/v2\/CVHT4AVEDJBS3G23GHVWF3W5L4.jpg?auth=179532ad2ba063f95cd7b2aeb129a172563bb3f70ee63ce778e014cfe4b33773&amp;smart=true&amp;width=992&amp;height=1557&amp;quality=85\" media=\"(min-width: 1000px)\" \/><source srcset=\"https:\/\/www.infobae.com\/resizer\/v2\/CVHT4AVEDJBS3G23GHVWF3W5L4.jpg?auth=179532ad2ba063f95cd7b2aeb129a172563bb3f70ee63ce778e014cfe4b33773&amp;smart=true&amp;width=768&amp;height=1206&amp;quality=85\" media=\"(min-width: 768px)\" \/><source srcset=\"https:\/\/www.infobae.com\/resizer\/v2\/CVHT4AVEDJBS3G23GHVWF3W5L4.jpg?auth=179532ad2ba063f95cd7b2aeb129a172563bb3f70ee63ce778e014cfe4b33773&amp;smart=true&amp;width=577&amp;height=906&amp;quality=85\" media=\"(min-width: 580px)\" \/><source srcset=\"https:\/\/www.infobae.com\/resizer\/v2\/CVHT4AVEDJBS3G23GHVWF3W5L4.jpg?auth=179532ad2ba063f95cd7b2aeb129a172563bb3f70ee63ce778e014cfe4b33773&amp;smart=true&amp;width=420&amp;height=659&amp;quality=85\" media=\"(min-width: 350px)\" \/><source srcset=\"https:\/\/www.infobae.com\/resizer\/v2\/CVHT4AVEDJBS3G23GHVWF3W5L4.jpg?auth=179532ad2ba063f95cd7b2aeb129a172563bb3f70ee63ce778e014cfe4b33773&amp;smart=true&amp;width=350&amp;height=549&amp;quality=85\" media=\"(min-width: 80px)\" \/><img loading=\"lazy\" decoding=\"async\" class=\"global-image\" src=\"https:\/\/www.infobae.com\/resizer\/v2\/CVHT4AVEDJBS3G23GHVWF3W5L4.jpg?auth=179532ad2ba063f95cd7b2aeb129a172563bb3f70ee63ce778e014cfe4b33773&amp;smart=true&amp;width=350&amp;height=549&amp;quality=85\" alt=\"Mart\u00edn Fierro de la Moda 2026 - Alfombra roja\" width=\"1920\" height=\"3014\" \/><\/picture>La pareja deslumbr\u00f3 ante los fot\u00f3grafos<\/div>\n<p class=\"paragraph\" data-mrf-recirculation=\"Links inline\">Diego Mendoza, el futbolista que est\u00e1 en pareja con la China Ansa, lleg\u00f3 con un traje negro de corte cl\u00e1sico, con camisa y corbata a tono, y zapatos negros. Josefina \u201cChina\u201d Ansa se destac\u00f3 con un vestido largo de Joti Harriague.<\/p>\n<p class=\"paragraph\" data-mrf-recirculation=\"Links inline\">\u201cEs la primera vez que participo en el\u00a0<b>Mart\u00edn Fierro de la Moda<\/b>, lo cual considero un honor. Siempre estuve vinculada a los\u00a0<b>Mart\u00edn Fierro\u00a0<\/b>relacionados con medios de comunicaci\u00f3n, como radio, televisi\u00f3n abierta y cable, pero nunca hab\u00eda formado parte de esta versi\u00f3n dedicada a la moda, lo que me enorgullece especialmente porque es por un programa propio, en el que fui conductora en solitario por primera vez&#8221;, record\u00f3 Ansa.<\/p>\n<h2 id=\"romina-&quot;momi&quot;-giardina\" class=\"header headline-class-h2 headline\">Romina \u201cMomi\u201d Giardina<\/h2>\n<div class=\"visual__image\"><picture><source srcset=\"https:\/\/www.infobae.com\/resizer\/v2\/MPQEV3O74VAUTJJBSLBQOEJ24E.jpg?auth=146ed347e9d606c40fd482dcd9155363f5912a8a9d4b9dca663c19b28dd9174c&amp;smart=true&amp;width=992&amp;height=1488&amp;quality=85\" media=\"(min-width: 1000px)\" \/><source srcset=\"https:\/\/www.infobae.com\/resizer\/v2\/MPQEV3O74VAUTJJBSLBQOEJ24E.jpg?auth=146ed347e9d606c40fd482dcd9155363f5912a8a9d4b9dca663c19b28dd9174c&amp;smart=true&amp;width=768&amp;height=1152&amp;quality=85\" media=\"(min-width: 768px)\" \/><source srcset=\"https:\/\/www.infobae.com\/resizer\/v2\/MPQEV3O74VAUTJJBSLBQOEJ24E.jpg?auth=146ed347e9d606c40fd482dcd9155363f5912a8a9d4b9dca663c19b28dd9174c&amp;smart=true&amp;width=577&amp;height=866&amp;quality=85\" media=\"(min-width: 580px)\" \/><source srcset=\"https:\/\/www.infobae.com\/resizer\/v2\/MPQEV3O74VAUTJJBSLBQOEJ24E.jpg?auth=146ed347e9d606c40fd482dcd9155363f5912a8a9d4b9dca663c19b28dd9174c&amp;smart=true&amp;width=420&amp;height=630&amp;quality=85\" media=\"(min-width: 350px)\" \/><source srcset=\"https:\/\/www.infobae.com\/resizer\/v2\/MPQEV3O74VAUTJJBSLBQOEJ24E.jpg?auth=146ed347e9d606c40fd482dcd9155363f5912a8a9d4b9dca663c19b28dd9174c&amp;smart=true&amp;width=350&amp;height=525&amp;quality=85\" media=\"(min-width: 80px)\" \/><img loading=\"lazy\" decoding=\"async\" class=\"global-image\" src=\"https:\/\/www.infobae.com\/resizer\/v2\/MPQEV3O74VAUTJJBSLBQOEJ24E.jpg?auth=146ed347e9d606c40fd482dcd9155363f5912a8a9d4b9dca663c19b28dd9174c&amp;smart=true&amp;width=350&amp;height=525&amp;quality=85\" alt=\"Martin Fierro de la Moda 2026 - Banner Infobae\" width=\"1280\" height=\"1920\" \/><\/picture>Giardina lleg\u00f3 con un look de Augusto Brugognoni<\/div>\n<p class=\"paragraph\" data-mrf-recirculation=\"Links inline\">Momi Giardina apunt\u00f3 un total black. \u201cVine a divertirme y a pasar un buen momento. Si llego a ganar, el reconocimiento es exclusivamente para mi equipo, que en cada evento especial dise\u00f1a, organiza y trabaja intensamente. Este logro ser\u00eda para ellos\u201d, asegur\u00f3.<\/p>\n<h2 id=\"matilda-blanco\" class=\"header headline-class-h2 headline\">Matilda Blanco<\/h2>\n<div class=\"visual__image\"><picture><source srcset=\"https:\/\/www.infobae.com\/resizer\/v2\/4GFRRVT3WFBJHFD4L5P7DFHNTI.jpg?auth=cc0c31895675b91b750413b33df1a70319c896e83779b49a54b04ebf2146cdba&amp;smart=true&amp;width=992&amp;height=1488&amp;quality=85\" media=\"(min-width: 1000px)\" \/><source srcset=\"https:\/\/www.infobae.com\/resizer\/v2\/4GFRRVT3WFBJHFD4L5P7DFHNTI.jpg?auth=cc0c31895675b91b750413b33df1a70319c896e83779b49a54b04ebf2146cdba&amp;smart=true&amp;width=768&amp;height=1152&amp;quality=85\" media=\"(min-width: 768px)\" \/><source srcset=\"https:\/\/www.infobae.com\/resizer\/v2\/4GFRRVT3WFBJHFD4L5P7DFHNTI.jpg?auth=cc0c31895675b91b750413b33df1a70319c896e83779b49a54b04ebf2146cdba&amp;smart=true&amp;width=577&amp;height=866&amp;quality=85\" media=\"(min-width: 580px)\" \/><source srcset=\"https:\/\/www.infobae.com\/resizer\/v2\/4GFRRVT3WFBJHFD4L5P7DFHNTI.jpg?auth=cc0c31895675b91b750413b33df1a70319c896e83779b49a54b04ebf2146cdba&amp;smart=true&amp;width=420&amp;height=630&amp;quality=85\" media=\"(min-width: 350px)\" \/><source srcset=\"https:\/\/www.infobae.com\/resizer\/v2\/4GFRRVT3WFBJHFD4L5P7DFHNTI.jpg?auth=cc0c31895675b91b750413b33df1a70319c896e83779b49a54b04ebf2146cdba&amp;smart=true&amp;width=350&amp;height=525&amp;quality=85\" media=\"(min-width: 80px)\" \/><img loading=\"lazy\" decoding=\"async\" class=\"global-image\" src=\"https:\/\/www.infobae.com\/resizer\/v2\/4GFRRVT3WFBJHFD4L5P7DFHNTI.jpg?auth=cc0c31895675b91b750413b33df1a70319c896e83779b49a54b04ebf2146cdba&amp;smart=true&amp;width=350&amp;height=525&amp;quality=85\" alt=\"Martin Fierro de la Moda 2026 - Banner Infobae\" width=\"1280\" height=\"1920\" \/><\/picture>La productora de moda y asesora de imagen Matilda Blanco<\/div>\n<p class=\"paragraph\" data-mrf-recirculation=\"Links inline\">Matilda Blanco se present\u00f3 con un conjunto en gasa negra decorado con diminutos puntos plateados, compuesto por blusa suelta y pantal\u00f3n ancho. Incorpor\u00f3 al look guantes largos met\u00e1licos en dorado, que aportaron contraste.<\/p>\n<h2 id=\"mas-looks-de-los-martin-fierro-de-la-moda-2026\" class=\"header headline-class-h2 headline\">M\u00e1s looks de los Mart\u00edn Fierro de la Moda 2026<\/h2>\n<p class=\"paragraph\" data-mrf-recirculation=\"Links inline\"><b>Diego Banfi, Gustavo Scaglione y Federico Levrino<\/b><\/p>\n<div class=\"visual__image\"><picture><source srcset=\"https:\/\/www.infobae.com\/resizer\/v2\/GMLQ2TMY5RDSJLAUD4CPPGVF6U.jpg?auth=d264cfb13580515f0dc27615c013d00a57f525ff0050f92fc24433e6c934acf8&amp;smart=true&amp;width=992&amp;height=1016&amp;quality=85\" media=\"(min-width: 1000px)\" \/><source srcset=\"https:\/\/www.infobae.com\/resizer\/v2\/GMLQ2TMY5RDSJLAUD4CPPGVF6U.jpg?auth=d264cfb13580515f0dc27615c013d00a57f525ff0050f92fc24433e6c934acf8&amp;smart=true&amp;width=768&amp;height=786&amp;quality=85\" media=\"(min-width: 768px)\" \/><source srcset=\"https:\/\/www.infobae.com\/resizer\/v2\/GMLQ2TMY5RDSJLAUD4CPPGVF6U.jpg?auth=d264cfb13580515f0dc27615c013d00a57f525ff0050f92fc24433e6c934acf8&amp;smart=true&amp;width=577&amp;height=591&amp;quality=85\" media=\"(min-width: 580px)\" \/><source srcset=\"https:\/\/www.infobae.com\/resizer\/v2\/GMLQ2TMY5RDSJLAUD4CPPGVF6U.jpg?auth=d264cfb13580515f0dc27615c013d00a57f525ff0050f92fc24433e6c934acf8&amp;smart=true&amp;width=420&amp;height=430&amp;quality=85\" media=\"(min-width: 350px)\" \/><source srcset=\"https:\/\/www.infobae.com\/resizer\/v2\/GMLQ2TMY5RDSJLAUD4CPPGVF6U.jpg?auth=d264cfb13580515f0dc27615c013d00a57f525ff0050f92fc24433e6c934acf8&amp;smart=true&amp;width=350&amp;height=358&amp;quality=85\" media=\"(min-width: 80px)\" \/><img loading=\"lazy\" decoding=\"async\" class=\"global-image\" src=\"https:\/\/www.infobae.com\/resizer\/v2\/GMLQ2TMY5RDSJLAUD4CPPGVF6U.jpg?auth=d264cfb13580515f0dc27615c013d00a57f525ff0050f92fc24433e6c934acf8&amp;smart=true&amp;width=350&amp;height=358&amp;quality=85\" alt=\"Martin Fierro de la Moda 2026 - Banner Infobae\" width=\"1875\" height=\"1920\" \/><\/picture>Diego Banfi, creador de la bodega Piccolo Banfi; el empresario Gustavo Scaglione, l\u00edder del grupo que adquiri\u00f3 Telefe; Federico Levrino, Sr. director art\u00edstico y programaci\u00f3n de Telefe<\/div>\n<h2 id=\"gino-bogani\" class=\"header headline-class-h2 headline\">Gino Bogani<\/h2>\n<div class=\"visual__image\"><picture><source srcset=\"https:\/\/www.infobae.com\/resizer\/v2\/W3URYEVFKJECPKVEEXGY2RVLEE.jpg?auth=d1384e76b6e99f434ba38a07a0f540da238bced308c0652e444b0b2fbbe3d1a6&amp;smart=true&amp;width=992&amp;height=1488&amp;quality=85\" media=\"(min-width: 1000px)\" \/><source srcset=\"https:\/\/www.infobae.com\/resizer\/v2\/W3URYEVFKJECPKVEEXGY2RVLEE.jpg?auth=d1384e76b6e99f434ba38a07a0f540da238bced308c0652e444b0b2fbbe3d1a6&amp;smart=true&amp;width=768&amp;height=1152&amp;quality=85\" media=\"(min-width: 768px)\" \/><source srcset=\"https:\/\/www.infobae.com\/resizer\/v2\/W3URYEVFKJECPKVEEXGY2RVLEE.jpg?auth=d1384e76b6e99f434ba38a07a0f540da238bced308c0652e444b0b2fbbe3d1a6&amp;smart=true&amp;width=577&amp;height=866&amp;quality=85\" media=\"(min-width: 580px)\" \/><source srcset=\"https:\/\/www.infobae.com\/resizer\/v2\/W3URYEVFKJECPKVEEXGY2RVLEE.jpg?auth=d1384e76b6e99f434ba38a07a0f540da238bced308c0652e444b0b2fbbe3d1a6&amp;smart=true&amp;width=420&amp;height=630&amp;quality=85\" media=\"(min-width: 350px)\" \/><source srcset=\"https:\/\/www.infobae.com\/resizer\/v2\/W3URYEVFKJECPKVEEXGY2RVLEE.jpg?auth=d1384e76b6e99f434ba38a07a0f540da238bced308c0652e444b0b2fbbe3d1a6&amp;smart=true&amp;width=350&amp;height=525&amp;quality=85\" media=\"(min-width: 80px)\" \/><img loading=\"lazy\" decoding=\"async\" class=\"global-image\" src=\"https:\/\/www.infobae.com\/resizer\/v2\/W3URYEVFKJECPKVEEXGY2RVLEE.jpg?auth=d1384e76b6e99f434ba38a07a0f540da238bced308c0652e444b0b2fbbe3d1a6&amp;smart=true&amp;width=350&amp;height=525&amp;quality=85\" alt=\"El dise\u00f1ador Gino Bogani y un esmoquin cl\u00e1sico para la ceremonia \" width=\"1280\" height=\"1920\" \/><\/picture>El dise\u00f1ador Gino Bogani y un esmoquin cl\u00e1sico para la ceremonia<\/div>\n<h2 id=\"alejandro-y-benicio-gravier\" class=\"header headline-class-h2 headline\">Alejandro y Benicio Gravier<\/h2>\n<div class=\"visual__image\"><picture><source srcset=\"https:\/\/www.infobae.com\/resizer\/v2\/23IFMT4IN5ADFLQGLXINDRAEAQ.jpg?auth=5a521211b4c06b07a30e63a5cf0ed6b24005236c72d5f545194b1e3f6db6b78f&amp;smart=true&amp;width=992&amp;height=1385&amp;quality=85\" media=\"(min-width: 1000px)\" \/><source srcset=\"https:\/\/www.infobae.com\/resizer\/v2\/23IFMT4IN5ADFLQGLXINDRAEAQ.jpg?auth=5a521211b4c06b07a30e63a5cf0ed6b24005236c72d5f545194b1e3f6db6b78f&amp;smart=true&amp;width=768&amp;height=1072&amp;quality=85\" media=\"(min-width: 768px)\" \/><source srcset=\"https:\/\/www.infobae.com\/resizer\/v2\/23IFMT4IN5ADFLQGLXINDRAEAQ.jpg?auth=5a521211b4c06b07a30e63a5cf0ed6b24005236c72d5f545194b1e3f6db6b78f&amp;smart=true&amp;width=577&amp;height=806&amp;quality=85\" media=\"(min-width: 580px)\" \/><source srcset=\"https:\/\/www.infobae.com\/resizer\/v2\/23IFMT4IN5ADFLQGLXINDRAEAQ.jpg?auth=5a521211b4c06b07a30e63a5cf0ed6b24005236c72d5f545194b1e3f6db6b78f&amp;smart=true&amp;width=420&amp;height=586&amp;quality=85\" media=\"(min-width: 350px)\" \/><source srcset=\"https:\/\/www.infobae.com\/resizer\/v2\/23IFMT4IN5ADFLQGLXINDRAEAQ.jpg?auth=5a521211b4c06b07a30e63a5cf0ed6b24005236c72d5f545194b1e3f6db6b78f&amp;smart=true&amp;width=350&amp;height=489&amp;quality=85\" media=\"(min-width: 80px)\" \/><img loading=\"lazy\" decoding=\"async\" class=\"global-image\" src=\"https:\/\/www.infobae.com\/resizer\/v2\/23IFMT4IN5ADFLQGLXINDRAEAQ.jpg?auth=5a521211b4c06b07a30e63a5cf0ed6b24005236c72d5f545194b1e3f6db6b78f&amp;smart=true&amp;width=350&amp;height=489&amp;quality=85\" alt=\"Martin Fierro de la Moda 2026 - Banner Infobae\" width=\"1375\" height=\"1920\" \/><\/picture>Alejandro Gravier con uno de sus hijos, Benicio<\/div>\n<h2 id=\"valentina-schuchner\" class=\"header headline-class-h2 headline\">Valentina Schuchner<\/h2>\n<div class=\"visual__image\"><picture><source srcset=\"https:\/\/www.infobae.com\/resizer\/v2\/KE5SM6BS5VCQFKDIBZKQO6YB7Y.jpg?auth=82398891d08c79e1886a0f5366f180fad89c2281bc243921f48bfcc6e0a5972d&amp;smart=true&amp;width=992&amp;height=1456&amp;quality=85\" media=\"(min-width: 1000px)\" \/><source srcset=\"https:\/\/www.infobae.com\/resizer\/v2\/KE5SM6BS5VCQFKDIBZKQO6YB7Y.jpg?auth=82398891d08c79e1886a0f5366f180fad89c2281bc243921f48bfcc6e0a5972d&amp;smart=true&amp;width=768&amp;height=1128&amp;quality=85\" media=\"(min-width: 768px)\" \/><source srcset=\"https:\/\/www.infobae.com\/resizer\/v2\/KE5SM6BS5VCQFKDIBZKQO6YB7Y.jpg?auth=82398891d08c79e1886a0f5366f180fad89c2281bc243921f48bfcc6e0a5972d&amp;smart=true&amp;width=577&amp;height=847&amp;quality=85\" media=\"(min-width: 580px)\" \/><source srcset=\"https:\/\/www.infobae.com\/resizer\/v2\/KE5SM6BS5VCQFKDIBZKQO6YB7Y.jpg?auth=82398891d08c79e1886a0f5366f180fad89c2281bc243921f48bfcc6e0a5972d&amp;smart=true&amp;width=420&amp;height=617&amp;quality=85\" media=\"(min-width: 350px)\" \/><source srcset=\"https:\/\/www.infobae.com\/resizer\/v2\/KE5SM6BS5VCQFKDIBZKQO6YB7Y.jpg?auth=82398891d08c79e1886a0f5366f180fad89c2281bc243921f48bfcc6e0a5972d&amp;smart=true&amp;width=350&amp;height=514&amp;quality=85\" media=\"(min-width: 80px)\" \/><img loading=\"lazy\" decoding=\"async\" class=\"global-image\" src=\"https:\/\/www.infobae.com\/resizer\/v2\/KE5SM6BS5VCQFKDIBZKQO6YB7Y.jpg?auth=82398891d08c79e1886a0f5366f180fad89c2281bc243921f48bfcc6e0a5972d&amp;smart=true&amp;width=350&amp;height=514&amp;quality=85\" alt=\"Mart\u00edn Fierro de la Moda 2026 - Ganadores\" width=\"1920\" height=\"2819\" \/><\/picture>Valentina Schuchner gan\u00f3 el Mart\u00edn Fierro a nuevo talento de la moda (Prensa Telefe)<\/div>\n<h2 id=\"leandro-saifir\" class=\"header headline-class-h2 headline\">Leandro Saifir<\/h2>\n<div class=\"visual__image\"><picture><source srcset=\"https:\/\/www.infobae.com\/resizer\/v2\/FEC5JTDLL5A5PN343UUGZZ46CM.jpg?auth=a492698782919fca9ce28b47e223dcdefb4fd09e813ac9a443ee5ab62cbd4538&amp;smart=true&amp;width=992&amp;height=1584&amp;quality=85\" media=\"(min-width: 1000px)\" \/><source srcset=\"https:\/\/www.infobae.com\/resizer\/v2\/FEC5JTDLL5A5PN343UUGZZ46CM.jpg?auth=a492698782919fca9ce28b47e223dcdefb4fd09e813ac9a443ee5ab62cbd4538&amp;smart=true&amp;width=768&amp;height=1226&amp;quality=85\" media=\"(min-width: 768px)\" \/><source srcset=\"https:\/\/www.infobae.com\/resizer\/v2\/FEC5JTDLL5A5PN343UUGZZ46CM.jpg?auth=a492698782919fca9ce28b47e223dcdefb4fd09e813ac9a443ee5ab62cbd4538&amp;smart=true&amp;width=577&amp;height=921&amp;quality=85\" media=\"(min-width: 580px)\" \/><source srcset=\"https:\/\/www.infobae.com\/resizer\/v2\/FEC5JTDLL5A5PN343UUGZZ46CM.jpg?auth=a492698782919fca9ce28b47e223dcdefb4fd09e813ac9a443ee5ab62cbd4538&amp;smart=true&amp;width=420&amp;height=670&amp;quality=85\" media=\"(min-width: 350px)\" \/><source srcset=\"https:\/\/www.infobae.com\/resizer\/v2\/FEC5JTDLL5A5PN343UUGZZ46CM.jpg?auth=a492698782919fca9ce28b47e223dcdefb4fd09e813ac9a443ee5ab62cbd4538&amp;smart=true&amp;width=350&amp;height=559&amp;quality=85\" media=\"(min-width: 80px)\" \/><img loading=\"lazy\" decoding=\"async\" class=\"global-image\" src=\"https:\/\/www.infobae.com\/resizer\/v2\/FEC5JTDLL5A5PN343UUGZZ46CM.jpg?auth=a492698782919fca9ce28b47e223dcdefb4fd09e813ac9a443ee5ab62cbd4538&amp;smart=true&amp;width=350&amp;height=559&amp;quality=85\" alt=\"Mart\u00edn Fierro de la Moda 2026 - Alfombra roja\" width=\"1920\" height=\"3065\" \/><\/picture>Leandro Saifir visti\u00f3 un esmoquin negro con solapas de raso, chaleco a juego, camisa blanca y mo\u00f1o negro. Opt\u00f3 por un look cl\u00e1sico y formal (RS Fotos)<\/div>\n<h2 id=\"patricia-profumo\" class=\"header headline-class-h2 headline\">Patricia Profumo<\/h2>\n<div class=\"visual__image\"><picture><source srcset=\"https:\/\/www.infobae.com\/resizer\/v2\/XOJSSQ3VDNE4JIBJIZKK7IVF4U.jpeg?auth=fd1d97affaca52eed67d61daf1e4f803ffa82a7d0b85bd3a87ea021d9e44e3a4&amp;smart=true&amp;width=992&amp;height=1138&amp;quality=85\" media=\"(min-width: 1000px)\" \/><source srcset=\"https:\/\/www.infobae.com\/resizer\/v2\/XOJSSQ3VDNE4JIBJIZKK7IVF4U.jpeg?auth=fd1d97affaca52eed67d61daf1e4f803ffa82a7d0b85bd3a87ea021d9e44e3a4&amp;smart=true&amp;width=768&amp;height=881&amp;quality=85\" media=\"(min-width: 768px)\" \/><source srcset=\"https:\/\/www.infobae.com\/resizer\/v2\/XOJSSQ3VDNE4JIBJIZKK7IVF4U.jpeg?auth=fd1d97affaca52eed67d61daf1e4f803ffa82a7d0b85bd3a87ea021d9e44e3a4&amp;smart=true&amp;width=577&amp;height=662&amp;quality=85\" media=\"(min-width: 580px)\" \/><source srcset=\"https:\/\/www.infobae.com\/resizer\/v2\/XOJSSQ3VDNE4JIBJIZKK7IVF4U.jpeg?auth=fd1d97affaca52eed67d61daf1e4f803ffa82a7d0b85bd3a87ea021d9e44e3a4&amp;smart=true&amp;width=420&amp;height=482&amp;quality=85\" media=\"(min-width: 350px)\" \/><source srcset=\"https:\/\/www.infobae.com\/resizer\/v2\/XOJSSQ3VDNE4JIBJIZKK7IVF4U.jpeg?auth=fd1d97affaca52eed67d61daf1e4f803ffa82a7d0b85bd3a87ea021d9e44e3a4&amp;smart=true&amp;width=350&amp;height=401&amp;quality=85\" media=\"(min-width: 80px)\" \/><img loading=\"lazy\" decoding=\"async\" class=\"global-image\" src=\"https:\/\/www.infobae.com\/resizer\/v2\/XOJSSQ3VDNE4JIBJIZKK7IVF4U.jpeg?auth=fd1d97affaca52eed67d61daf1e4f803ffa82a7d0b85bd3a87ea021d9e44e3a4&amp;smart=true&amp;width=350&amp;height=401&amp;quality=85\" alt=\"Mujer rubia en vestido largo blanco transl\u00facido con volantes sobre alfombra roja, posando frente a un cartel de los Mart\u00edn Fierro y una estatuilla dorada\" width=\"1116\" height=\"1280\" \/><\/picture>La dise\u00f1adora Patricia Profumo<\/div>\n<p class=\"paragraph\" data-mrf-recirculation=\"Links inline\"><i><b>*Fotos: Maximiliano Luna, Jaime Olivos, RS Fotos y Prensa Telef\u00e9<\/b><\/i><\/p>\n<div class=\"second-saved-buttons\">\n<div class=\"body-share-note\"><\/div>\n<\/div>\n","protected":false},"excerpt":{"rendered":"<p>El evento reconoce la labor de dise\u00f1adores, modelos y figuras del espect\u00e1culo nacional. Como siempre, se trata de un punto de encuentro para el glamour. Un repaso por los outfits de la gala La\u00a0edici\u00f3n 2026\u00a0de los\u00a0Mart\u00edn Fierro de la Moda\u00a0reuni\u00f3 a miles de invitados en\u00a0Telefe\u00a0y se consolid\u00f3 como uno de los principales eventos del sector [&hellip;]<\/p>\n","protected":false},"author":1,"featured_media":15905,"comment_status":"open","ping_status":"open","sticky":false,"template":"","format":"standard","meta":{"rop_custom_images_group":[],"rop_custom_messages_group":[],"rop_publish_now":"initial","rop_publish_now_accounts":[],"rop_publish_now_history":[],"rop_publish_now_status":"pending","footnotes":"","jetpack_publicize_message":"","jetpack_publicize_feature_enabled":true,"jetpack_social_post_already_shared":true,"jetpack_social_options":{"image_generator_settings":{"template":"highway","enabled":false},"version":2}},"categories":[15],"tags":[],"class_list":{"0":"post-15904","1":"post","2":"type-post","3":"status-publish","4":"format-standard","5":"has-post-thumbnail","7":"category-moda"},"jetpack_publicize_connections":[],"yoast_head":"<!-- This site is optimized with the Yoast SEO plugin v27.3 - https:\/\/yoast.com\/product\/yoast-seo-wordpress\/ -->\n<title>Mart\u00edn Fierro de la Moda 2026: los looks de las celebridades en la ceremonia - CLAN ESPECTACULOS<\/title>\n<meta name=\"robots\" content=\"index, follow, max-snippet:-1, max-image-preview:large, max-video-preview:-1\" \/>\n<link rel=\"canonical\" href=\"https:\/\/radioclanfm.com\/clanespectaculos\/martin-fierro-de-la-moda-2026-los-looks-de-las-celebridades-en-la-ceremonia\/\" \/>\n<meta property=\"og:locale\" content=\"es_ES\" \/>\n<meta property=\"og:type\" content=\"article\" \/>\n<meta property=\"og:title\" content=\"Mart\u00edn Fierro de la Moda 2026: los looks de las celebridades en la ceremonia - CLAN ESPECTACULOS\" \/>\n<meta property=\"og:description\" content=\"El evento reconoce la labor de dise\u00f1adores, modelos y figuras del espect\u00e1culo nacional. Como siempre, se trata de un punto de encuentro para el glamour. Un repaso por los outfits de la gala La\u00a0edici\u00f3n 2026\u00a0de los\u00a0Mart\u00edn Fierro de la Moda\u00a0reuni\u00f3 a miles de invitados en\u00a0Telefe\u00a0y se consolid\u00f3 como uno de los principales eventos del sector [&hellip;]\" \/>\n<meta property=\"og:url\" content=\"https:\/\/radioclanfm.com\/clanespectaculos\/martin-fierro-de-la-moda-2026-los-looks-de-las-celebridades-en-la-ceremonia\/\" \/>\n<meta property=\"og:site_name\" content=\"CLAN ESPECTACULOS\" \/>\n<meta property=\"article:publisher\" content=\"https:\/\/www.facebook.com\/clanespectaculos\/\" \/>\n<meta property=\"article:published_time\" content=\"2026-04-27T13:17:32+00:00\" \/>\n<meta property=\"og:image\" content=\"https:\/\/radioclanfm.com\/clanespectaculos\/wp-content\/uploads\/sites\/2\/2026\/04\/Tb7i-e0d.jpg\" \/>\n\t<meta property=\"og:image:width\" content=\"900\" \/>\n\t<meta property=\"og:image:height\" content=\"450\" \/>\n\t<meta property=\"og:image:type\" content=\"image\/jpeg\" \/>\n<meta name=\"author\" content=\"E-GRUPOCLAN\" \/>\n<meta name=\"twitter:card\" content=\"summary_large_image\" \/>\n<meta name=\"twitter:creator\" content=\"@clanespectok\" \/>\n<meta name=\"twitter:site\" content=\"@clanespectok\" \/>\n<meta name=\"twitter:label1\" content=\"Escrito por\" \/>\n\t<meta name=\"twitter:data1\" content=\"E-GRUPOCLAN\" \/>\n\t<meta name=\"twitter:label2\" content=\"Tiempo de lectura\" \/>\n\t<meta name=\"twitter:data2\" content=\"24 minutos\" \/>\n<script type=\"application\/ld+json\" class=\"yoast-schema-graph\">{\"@context\":\"https:\\\/\\\/schema.org\",\"@graph\":[{\"@type\":\"Article\",\"@id\":\"https:\\\/\\\/radioclanfm.com\\\/clanespectaculos\\\/martin-fierro-de-la-moda-2026-los-looks-de-las-celebridades-en-la-ceremonia\\\/#article\",\"isPartOf\":{\"@id\":\"https:\\\/\\\/radioclanfm.com\\\/clanespectaculos\\\/martin-fierro-de-la-moda-2026-los-looks-de-las-celebridades-en-la-ceremonia\\\/\"},\"author\":{\"name\":\"E-GRUPOCLAN\",\"@id\":\"https:\\\/\\\/radioclanfm.com\\\/clanespectaculos\\\/#\\\/schema\\\/person\\\/9734813083303230f3ad84d99171b20c\"},\"headline\":\"Mart\u00edn Fierro de la Moda 2026: los looks de las celebridades en la ceremonia\",\"datePublished\":\"2026-04-27T13:17:32+00:00\",\"mainEntityOfPage\":{\"@id\":\"https:\\\/\\\/radioclanfm.com\\\/clanespectaculos\\\/martin-fierro-de-la-moda-2026-los-looks-de-las-celebridades-en-la-ceremonia\\\/\"},\"wordCount\":3441,\"commentCount\":0,\"publisher\":{\"@id\":\"https:\\\/\\\/radioclanfm.com\\\/clanespectaculos\\\/#organization\"},\"image\":{\"@id\":\"https:\\\/\\\/radioclanfm.com\\\/clanespectaculos\\\/martin-fierro-de-la-moda-2026-los-looks-de-las-celebridades-en-la-ceremonia\\\/#primaryimage\"},\"thumbnailUrl\":\"https:\\\/\\\/radioclanfm.com\\\/clanespectaculos\\\/wp-content\\\/uploads\\\/sites\\\/2\\\/2026\\\/04\\\/Tb7i-e0d.jpg\",\"articleSection\":[\"MODA\"],\"inLanguage\":\"es-AR\",\"potentialAction\":[{\"@type\":\"CommentAction\",\"name\":\"Comment\",\"target\":[\"https:\\\/\\\/radioclanfm.com\\\/clanespectaculos\\\/martin-fierro-de-la-moda-2026-los-looks-de-las-celebridades-en-la-ceremonia\\\/#respond\"]}]},{\"@type\":\"WebPage\",\"@id\":\"https:\\\/\\\/radioclanfm.com\\\/clanespectaculos\\\/martin-fierro-de-la-moda-2026-los-looks-de-las-celebridades-en-la-ceremonia\\\/\",\"url\":\"https:\\\/\\\/radioclanfm.com\\\/clanespectaculos\\\/martin-fierro-de-la-moda-2026-los-looks-de-las-celebridades-en-la-ceremonia\\\/\",\"name\":\"Mart\u00edn Fierro de la Moda 2026: los looks de las celebridades en la ceremonia - CLAN ESPECTACULOS\",\"isPartOf\":{\"@id\":\"https:\\\/\\\/radioclanfm.com\\\/clanespectaculos\\\/#website\"},\"primaryImageOfPage\":{\"@id\":\"https:\\\/\\\/radioclanfm.com\\\/clanespectaculos\\\/martin-fierro-de-la-moda-2026-los-looks-de-las-celebridades-en-la-ceremonia\\\/#primaryimage\"},\"image\":{\"@id\":\"https:\\\/\\\/radioclanfm.com\\\/clanespectaculos\\\/martin-fierro-de-la-moda-2026-los-looks-de-las-celebridades-en-la-ceremonia\\\/#primaryimage\"},\"thumbnailUrl\":\"https:\\\/\\\/radioclanfm.com\\\/clanespectaculos\\\/wp-content\\\/uploads\\\/sites\\\/2\\\/2026\\\/04\\\/Tb7i-e0d.jpg\",\"datePublished\":\"2026-04-27T13:17:32+00:00\",\"breadcrumb\":{\"@id\":\"https:\\\/\\\/radioclanfm.com\\\/clanespectaculos\\\/martin-fierro-de-la-moda-2026-los-looks-de-las-celebridades-en-la-ceremonia\\\/#breadcrumb\"},\"inLanguage\":\"es-AR\",\"potentialAction\":[{\"@type\":\"ReadAction\",\"target\":[\"https:\\\/\\\/radioclanfm.com\\\/clanespectaculos\\\/martin-fierro-de-la-moda-2026-los-looks-de-las-celebridades-en-la-ceremonia\\\/\"]}]},{\"@type\":\"ImageObject\",\"inLanguage\":\"es-AR\",\"@id\":\"https:\\\/\\\/radioclanfm.com\\\/clanespectaculos\\\/martin-fierro-de-la-moda-2026-los-looks-de-las-celebridades-en-la-ceremonia\\\/#primaryimage\",\"url\":\"https:\\\/\\\/radioclanfm.com\\\/clanespectaculos\\\/wp-content\\\/uploads\\\/sites\\\/2\\\/2026\\\/04\\\/Tb7i-e0d.jpg\",\"contentUrl\":\"https:\\\/\\\/radioclanfm.com\\\/clanespectaculos\\\/wp-content\\\/uploads\\\/sites\\\/2\\\/2026\\\/04\\\/Tb7i-e0d.jpg\",\"width\":900,\"height\":450},{\"@type\":\"BreadcrumbList\",\"@id\":\"https:\\\/\\\/radioclanfm.com\\\/clanespectaculos\\\/martin-fierro-de-la-moda-2026-los-looks-de-las-celebridades-en-la-ceremonia\\\/#breadcrumb\",\"itemListElement\":[{\"@type\":\"ListItem\",\"position\":1,\"name\":\"Inicio\",\"item\":\"https:\\\/\\\/radioclanfm.com\\\/clanespectaculos\\\/\"},{\"@type\":\"ListItem\",\"position\":2,\"name\":\"Mart\u00edn Fierro de la Moda 2026: los looks de las celebridades en la ceremonia\"}]},{\"@type\":\"WebSite\",\"@id\":\"https:\\\/\\\/radioclanfm.com\\\/clanespectaculos\\\/#website\",\"url\":\"https:\\\/\\\/radioclanfm.com\\\/clanespectaculos\\\/\",\"name\":\"CLAN ESPECTACULOS\",\"description\":\"\",\"publisher\":{\"@id\":\"https:\\\/\\\/radioclanfm.com\\\/clanespectaculos\\\/#organization\"},\"potentialAction\":[{\"@type\":\"SearchAction\",\"target\":{\"@type\":\"EntryPoint\",\"urlTemplate\":\"https:\\\/\\\/radioclanfm.com\\\/clanespectaculos\\\/?s={search_term_string}\"},\"query-input\":{\"@type\":\"PropertyValueSpecification\",\"valueRequired\":true,\"valueName\":\"search_term_string\"}}],\"inLanguage\":\"es-AR\"},{\"@type\":\"Organization\",\"@id\":\"https:\\\/\\\/radioclanfm.com\\\/clanespectaculos\\\/#organization\",\"name\":\"CLAN ESPECTACULOS\",\"url\":\"https:\\\/\\\/radioclanfm.com\\\/clanespectaculos\\\/\",\"logo\":{\"@type\":\"ImageObject\",\"inLanguage\":\"es-AR\",\"@id\":\"https:\\\/\\\/radioclanfm.com\\\/clanespectaculos\\\/#\\\/schema\\\/logo\\\/image\\\/\",\"url\":\"https:\\\/\\\/radioclanfm.com\\\/clanespectaculos\\\/wp-content\\\/uploads\\\/sites\\\/2\\\/2026\\\/04\\\/ChatGPT-Image-23-mar-2026-10_09_00.png\",\"contentUrl\":\"https:\\\/\\\/radioclanfm.com\\\/clanespectaculos\\\/wp-content\\\/uploads\\\/sites\\\/2\\\/2026\\\/04\\\/ChatGPT-Image-23-mar-2026-10_09_00.png\",\"width\":1024,\"height\":1024,\"caption\":\"CLAN ESPECTACULOS\"},\"image\":{\"@id\":\"https:\\\/\\\/radioclanfm.com\\\/clanespectaculos\\\/#\\\/schema\\\/logo\\\/image\\\/\"},\"sameAs\":[\"https:\\\/\\\/www.facebook.com\\\/clanespectaculos\\\/\",\"https:\\\/\\\/x.com\\\/clanespectok\"]},{\"@type\":\"Person\",\"@id\":\"https:\\\/\\\/radioclanfm.com\\\/clanespectaculos\\\/#\\\/schema\\\/person\\\/9734813083303230f3ad84d99171b20c\",\"name\":\"E-GRUPOCLAN\",\"image\":{\"@type\":\"ImageObject\",\"inLanguage\":\"es-AR\",\"@id\":\"https:\\\/\\\/secure.gravatar.com\\\/avatar\\\/af6e19837c3d6a212034a48c7b3818d2ac1826f6025df0155da5a186ad321d79?s=96&d=mm&r=g\",\"url\":\"https:\\\/\\\/secure.gravatar.com\\\/avatar\\\/af6e19837c3d6a212034a48c7b3818d2ac1826f6025df0155da5a186ad321d79?s=96&d=mm&r=g\",\"contentUrl\":\"https:\\\/\\\/secure.gravatar.com\\\/avatar\\\/af6e19837c3d6a212034a48c7b3818d2ac1826f6025df0155da5a186ad321d79?s=96&d=mm&r=g\",\"caption\":\"E-GRUPOCLAN\"},\"sameAs\":[\"https:\\\/\\\/radioclanfm.com\"],\"url\":\"https:\\\/\\\/radioclanfm.com\\\/clanespectaculos\\\/author\\\/admin\\\/\"}]}<\/script>\n<!-- \/ Yoast SEO plugin. -->","yoast_head_json":{"title":"Mart\u00edn Fierro de la Moda 2026: los looks de las celebridades en la ceremonia - CLAN ESPECTACULOS","robots":{"index":"index","follow":"follow","max-snippet":"max-snippet:-1","max-image-preview":"max-image-preview:large","max-video-preview":"max-video-preview:-1"},"canonical":"https:\/\/radioclanfm.com\/clanespectaculos\/martin-fierro-de-la-moda-2026-los-looks-de-las-celebridades-en-la-ceremonia\/","og_locale":"es_ES","og_type":"article","og_title":"Mart\u00edn Fierro de la Moda 2026: los looks de las celebridades en la ceremonia - CLAN ESPECTACULOS","og_description":"El evento reconoce la labor de dise\u00f1adores, modelos y figuras del espect\u00e1culo nacional. Como siempre, se trata de un punto de encuentro para el glamour. Un repaso por los outfits de la gala La\u00a0edici\u00f3n 2026\u00a0de los\u00a0Mart\u00edn Fierro de la Moda\u00a0reuni\u00f3 a miles de invitados en\u00a0Telefe\u00a0y se consolid\u00f3 como uno de los principales eventos del sector [&hellip;]","og_url":"https:\/\/radioclanfm.com\/clanespectaculos\/martin-fierro-de-la-moda-2026-los-looks-de-las-celebridades-en-la-ceremonia\/","og_site_name":"CLAN ESPECTACULOS","article_publisher":"https:\/\/www.facebook.com\/clanespectaculos\/","article_published_time":"2026-04-27T13:17:32+00:00","og_image":[{"width":900,"height":450,"url":"https:\/\/radioclanfm.com\/clanespectaculos\/wp-content\/uploads\/sites\/2\/2026\/04\/Tb7i-e0d.jpg","type":"image\/jpeg"}],"author":"E-GRUPOCLAN","twitter_card":"summary_large_image","twitter_creator":"@clanespectok","twitter_site":"@clanespectok","twitter_misc":{"Escrito por":"E-GRUPOCLAN","Tiempo de lectura":"24 minutos"},"schema":{"@context":"https:\/\/schema.org","@graph":[{"@type":"Article","@id":"https:\/\/radioclanfm.com\/clanespectaculos\/martin-fierro-de-la-moda-2026-los-looks-de-las-celebridades-en-la-ceremonia\/#article","isPartOf":{"@id":"https:\/\/radioclanfm.com\/clanespectaculos\/martin-fierro-de-la-moda-2026-los-looks-de-las-celebridades-en-la-ceremonia\/"},"author":{"name":"E-GRUPOCLAN","@id":"https:\/\/radioclanfm.com\/clanespectaculos\/#\/schema\/person\/9734813083303230f3ad84d99171b20c"},"headline":"Mart\u00edn Fierro de la Moda 2026: los looks de las celebridades en la ceremonia","datePublished":"2026-04-27T13:17:32+00:00","mainEntityOfPage":{"@id":"https:\/\/radioclanfm.com\/clanespectaculos\/martin-fierro-de-la-moda-2026-los-looks-de-las-celebridades-en-la-ceremonia\/"},"wordCount":3441,"commentCount":0,"publisher":{"@id":"https:\/\/radioclanfm.com\/clanespectaculos\/#organization"},"image":{"@id":"https:\/\/radioclanfm.com\/clanespectaculos\/martin-fierro-de-la-moda-2026-los-looks-de-las-celebridades-en-la-ceremonia\/#primaryimage"},"thumbnailUrl":"https:\/\/radioclanfm.com\/clanespectaculos\/wp-content\/uploads\/sites\/2\/2026\/04\/Tb7i-e0d.jpg","articleSection":["MODA"],"inLanguage":"es-AR","potentialAction":[{"@type":"CommentAction","name":"Comment","target":["https:\/\/radioclanfm.com\/clanespectaculos\/martin-fierro-de-la-moda-2026-los-looks-de-las-celebridades-en-la-ceremonia\/#respond"]}]},{"@type":"WebPage","@id":"https:\/\/radioclanfm.com\/clanespectaculos\/martin-fierro-de-la-moda-2026-los-looks-de-las-celebridades-en-la-ceremonia\/","url":"https:\/\/radioclanfm.com\/clanespectaculos\/martin-fierro-de-la-moda-2026-los-looks-de-las-celebridades-en-la-ceremonia\/","name":"Mart\u00edn Fierro de la Moda 2026: los looks de las celebridades en la ceremonia - CLAN ESPECTACULOS","isPartOf":{"@id":"https:\/\/radioclanfm.com\/clanespectaculos\/#website"},"primaryImageOfPage":{"@id":"https:\/\/radioclanfm.com\/clanespectaculos\/martin-fierro-de-la-moda-2026-los-looks-de-las-celebridades-en-la-ceremonia\/#primaryimage"},"image":{"@id":"https:\/\/radioclanfm.com\/clanespectaculos\/martin-fierro-de-la-moda-2026-los-looks-de-las-celebridades-en-la-ceremonia\/#primaryimage"},"thumbnailUrl":"https:\/\/radioclanfm.com\/clanespectaculos\/wp-content\/uploads\/sites\/2\/2026\/04\/Tb7i-e0d.jpg","datePublished":"2026-04-27T13:17:32+00:00","breadcrumb":{"@id":"https:\/\/radioclanfm.com\/clanespectaculos\/martin-fierro-de-la-moda-2026-los-looks-de-las-celebridades-en-la-ceremonia\/#breadcrumb"},"inLanguage":"es-AR","potentialAction":[{"@type":"ReadAction","target":["https:\/\/radioclanfm.com\/clanespectaculos\/martin-fierro-de-la-moda-2026-los-looks-de-las-celebridades-en-la-ceremonia\/"]}]},{"@type":"ImageObject","inLanguage":"es-AR","@id":"https:\/\/radioclanfm.com\/clanespectaculos\/martin-fierro-de-la-moda-2026-los-looks-de-las-celebridades-en-la-ceremonia\/#primaryimage","url":"https:\/\/radioclanfm.com\/clanespectaculos\/wp-content\/uploads\/sites\/2\/2026\/04\/Tb7i-e0d.jpg","contentUrl":"https:\/\/radioclanfm.com\/clanespectaculos\/wp-content\/uploads\/sites\/2\/2026\/04\/Tb7i-e0d.jpg","width":900,"height":450},{"@type":"BreadcrumbList","@id":"https:\/\/radioclanfm.com\/clanespectaculos\/martin-fierro-de-la-moda-2026-los-looks-de-las-celebridades-en-la-ceremonia\/#breadcrumb","itemListElement":[{"@type":"ListItem","position":1,"name":"Inicio","item":"https:\/\/radioclanfm.com\/clanespectaculos\/"},{"@type":"ListItem","position":2,"name":"Mart\u00edn Fierro de la Moda 2026: los looks de las celebridades en la ceremonia"}]},{"@type":"WebSite","@id":"https:\/\/radioclanfm.com\/clanespectaculos\/#website","url":"https:\/\/radioclanfm.com\/clanespectaculos\/","name":"CLAN ESPECTACULOS","description":"","publisher":{"@id":"https:\/\/radioclanfm.com\/clanespectaculos\/#organization"},"potentialAction":[{"@type":"SearchAction","target":{"@type":"EntryPoint","urlTemplate":"https:\/\/radioclanfm.com\/clanespectaculos\/?s={search_term_string}"},"query-input":{"@type":"PropertyValueSpecification","valueRequired":true,"valueName":"search_term_string"}}],"inLanguage":"es-AR"},{"@type":"Organization","@id":"https:\/\/radioclanfm.com\/clanespectaculos\/#organization","name":"CLAN ESPECTACULOS","url":"https:\/\/radioclanfm.com\/clanespectaculos\/","logo":{"@type":"ImageObject","inLanguage":"es-AR","@id":"https:\/\/radioclanfm.com\/clanespectaculos\/#\/schema\/logo\/image\/","url":"https:\/\/radioclanfm.com\/clanespectaculos\/wp-content\/uploads\/sites\/2\/2026\/04\/ChatGPT-Image-23-mar-2026-10_09_00.png","contentUrl":"https:\/\/radioclanfm.com\/clanespectaculos\/wp-content\/uploads\/sites\/2\/2026\/04\/ChatGPT-Image-23-mar-2026-10_09_00.png","width":1024,"height":1024,"caption":"CLAN ESPECTACULOS"},"image":{"@id":"https:\/\/radioclanfm.com\/clanespectaculos\/#\/schema\/logo\/image\/"},"sameAs":["https:\/\/www.facebook.com\/clanespectaculos\/","https:\/\/x.com\/clanespectok"]},{"@type":"Person","@id":"https:\/\/radioclanfm.com\/clanespectaculos\/#\/schema\/person\/9734813083303230f3ad84d99171b20c","name":"E-GRUPOCLAN","image":{"@type":"ImageObject","inLanguage":"es-AR","@id":"https:\/\/secure.gravatar.com\/avatar\/af6e19837c3d6a212034a48c7b3818d2ac1826f6025df0155da5a186ad321d79?s=96&d=mm&r=g","url":"https:\/\/secure.gravatar.com\/avatar\/af6e19837c3d6a212034a48c7b3818d2ac1826f6025df0155da5a186ad321d79?s=96&d=mm&r=g","contentUrl":"https:\/\/secure.gravatar.com\/avatar\/af6e19837c3d6a212034a48c7b3818d2ac1826f6025df0155da5a186ad321d79?s=96&d=mm&r=g","caption":"E-GRUPOCLAN"},"sameAs":["https:\/\/radioclanfm.com"],"url":"https:\/\/radioclanfm.com\/clanespectaculos\/author\/admin\/"}]}},"_links":{"self":[{"href":"https:\/\/radioclanfm.com\/clanespectaculos\/wp-json\/wp\/v2\/posts\/15904","targetHints":{"allow":["GET"]}}],"collection":[{"href":"https:\/\/radioclanfm.com\/clanespectaculos\/wp-json\/wp\/v2\/posts"}],"about":[{"href":"https:\/\/radioclanfm.com\/clanespectaculos\/wp-json\/wp\/v2\/types\/post"}],"author":[{"embeddable":true,"href":"https:\/\/radioclanfm.com\/clanespectaculos\/wp-json\/wp\/v2\/users\/1"}],"replies":[{"embeddable":true,"href":"https:\/\/radioclanfm.com\/clanespectaculos\/wp-json\/wp\/v2\/comments?post=15904"}],"version-history":[{"count":1,"href":"https:\/\/radioclanfm.com\/clanespectaculos\/wp-json\/wp\/v2\/posts\/15904\/revisions"}],"predecessor-version":[{"id":15906,"href":"https:\/\/radioclanfm.com\/clanespectaculos\/wp-json\/wp\/v2\/posts\/15904\/revisions\/15906"}],"wp:featuredmedia":[{"embeddable":true,"href":"https:\/\/radioclanfm.com\/clanespectaculos\/wp-json\/wp\/v2\/media\/15905"}],"wp:attachment":[{"href":"https:\/\/radioclanfm.com\/clanespectaculos\/wp-json\/wp\/v2\/media?parent=15904"}],"wp:term":[{"taxonomy":"category","embeddable":true,"href":"https:\/\/radioclanfm.com\/clanespectaculos\/wp-json\/wp\/v2\/categories?post=15904"},{"taxonomy":"post_tag","embeddable":true,"href":"https:\/\/radioclanfm.com\/clanespectaculos\/wp-json\/wp\/v2\/tags?post=15904"}],"curies":[{"name":"wp","href":"https:\/\/api.w.org\/{rel}","templated":true}]}}