{"id":15901,"date":"2026-04-27T10:15:25","date_gmt":"2026-04-27T13:15:25","guid":{"rendered":"https:\/\/radioclanfm.com\/clanespectaculos\/?p=15901"},"modified":"2026-04-27T10:15:25","modified_gmt":"2026-04-27T13:15:25","slug":"marta-fort-homenajeo-a-su-padre-ricardo-en-el-martin-fierro-de-la-moda-y-juli-poggio-se-convirtio-en-susana-gimenez","status":"publish","type":"post","link":"https:\/\/radioclanfm.com\/clanespectaculos\/marta-fort-homenajeo-a-su-padre-ricardo-en-el-martin-fierro-de-la-moda-y-juli-poggio-se-convirtio-en-susana-gimenez\/","title":{"rendered":"Marta Fort homenaje\u00f3 a su padre Ricardo en el Mart\u00edn Fierro de la Moda y Juli Poggio se convirti\u00f3 en Susana Gim\u00e9nez"},"content":{"rendered":"<p>Las influencers eligieron ir de blanco a la cuarta entrega de los premios y se inspiraron en dos figuras populares de nuestro pa\u00eds<\/p>\n<div class=\"visual__image image-initial-width\"><picture><img loading=\"lazy\" decoding=\"async\" class=\"global-image\" src=\"https:\/\/www.infobae.com\/resizer\/v2\/PA3JH7UPXRB5ZOFP45CUUXU2DE.jpeg?auth=540fa1d87043b44044e70aa65c1b4a7c04bd59eb08b9dfcbe524fe3697fad410&amp;smart=true&amp;width=350&amp;height=525&amp;quality=85\" alt=\"Marta Fort posa en un vestido blanco con escote palabra de honor, lazo negro y falda de tul, sentada en un sof\u00e1 rojo de terciopelo. Su cabello est\u00e1 recogido\" width=\"853\" height=\"1280\" \/><\/picture>Marta Fort luce un impactante vestido blanco con falda de tul y un lazo negro para los premios Mart\u00edn Fierro de la Moda<\/div>\n<p class=\"paragraph\" data-mrf-recirculation=\"Links inline\">La cuarta edici\u00f3n de los\u00a0<i><b>Premios Mart\u00edn Fierro de la Moda\u00a0<\/b><\/i>dieron inicio pasadas las nueve y veinte de la noche, sin embargo, la alfombra roja-conducida por\u00a0<b>Zaira Nara<\/b>\u00a0y\u00a0<b>El Chino Leunis<\/b>-dio lugar para que las estrellas puedan mostrar los incre\u00edbles looks por los que apostaron en esta nueva edici\u00f3n del galard\u00f3n.<\/p>\n<div class=\"news-module\" data-mrf-recirculation=\"IL_GBLs3HYWRq2RgU4Qz8MM1Q\" data-testid=\"text-html\" data-mrf-experience=\"IL_GBLs3HYWRq2RgU4Qz8MM1Q\">\n<div class=\"recommended-card__image-container\"><\/div>\n<\/div>\n<p class=\"paragraph\" data-mrf-recirculation=\"Links inline\"><b>Marta Fort\u00a0<\/b>deslumbr\u00f3 en los Premios Mart\u00edn Fierro de la Moda con un vestido de Claudia Arce. En una noche donde la moda y el homenaje se fusionaron, la modelo e influencer se convirti\u00f3 en una de las presencias m\u00e1s notorias de la gala, destacando tanto por su estilo como por la carga simb\u00f3lica de su atuendo.<\/p>\n<div class=\"inline ad-wrapper\">\n<div class=\"dfpAd ad-inline ad-text\"><\/div>\n<\/div>\n<p class=\"paragraph\" data-mrf-recirculation=\"Links inline\">La pieza elegida para esa ocasi\u00f3n fue dise\u00f1ada especialmente por Claudia Arce. Se trat\u00f3 de un vestido de alta costura, confeccionado en crep\u00e9 suizo y enteramente bordado a mano con cristales, que defini\u00f3 una silueta sirena favorecedora. La falda se prolong\u00f3 en una cola imponente, realizada en tul de seda, enriquecida con capas de tules troquelados que generaron volumen, movimiento y una textura de alto impacto visual.<\/p>\n<div class=\"news-module\" data-mrf-recirculation=\"IL_m3kiGo-8SVS6m0U7OqrZLw\" data-testid=\"text-html\" data-mrf-experience=\"IL_m3kiGo-8SVS6m0U7OqrZLw\">\n<div class=\"recommended-card__image-container\"><\/div>\n<\/div>\n<div class=\"visual__image\"><picture><source srcset=\"https:\/\/www.infobae.com\/resizer\/v2\/OT5O24OBPZELPELA2NZBFM2SOY.jpg?auth=f13aea061abbe5a9b36b919f4faab9958d35d93dc02944141d32f3a7a9328088&amp;smart=true&amp;width=992&amp;height=1075&amp;quality=85\" media=\"(min-width: 1000px)\" \/><source srcset=\"https:\/\/www.infobae.com\/resizer\/v2\/OT5O24OBPZELPELA2NZBFM2SOY.jpg?auth=f13aea061abbe5a9b36b919f4faab9958d35d93dc02944141d32f3a7a9328088&amp;smart=true&amp;width=768&amp;height=832&amp;quality=85\" media=\"(min-width: 768px)\" \/><source srcset=\"https:\/\/www.infobae.com\/resizer\/v2\/OT5O24OBPZELPELA2NZBFM2SOY.jpg?auth=f13aea061abbe5a9b36b919f4faab9958d35d93dc02944141d32f3a7a9328088&amp;smart=true&amp;width=577&amp;height=625&amp;quality=85\" media=\"(min-width: 580px)\" \/><source srcset=\"https:\/\/www.infobae.com\/resizer\/v2\/OT5O24OBPZELPELA2NZBFM2SOY.jpg?auth=f13aea061abbe5a9b36b919f4faab9958d35d93dc02944141d32f3a7a9328088&amp;smart=true&amp;width=420&amp;height=455&amp;quality=85\" media=\"(min-width: 350px)\" \/><source srcset=\"https:\/\/www.infobae.com\/resizer\/v2\/OT5O24OBPZELPELA2NZBFM2SOY.jpg?auth=f13aea061abbe5a9b36b919f4faab9958d35d93dc02944141d32f3a7a9328088&amp;smart=true&amp;width=350&amp;height=379&amp;quality=85\" media=\"(min-width: 80px)\" \/><img loading=\"lazy\" decoding=\"async\" class=\"global-image\" src=\"https:\/\/www.infobae.com\/resizer\/v2\/OT5O24OBPZELPELA2NZBFM2SOY.jpg?auth=f13aea061abbe5a9b36b919f4faab9958d35d93dc02944141d32f3a7a9328088&amp;smart=true&amp;width=350&amp;height=379&amp;quality=85\" alt=\"Mart\u00edn Fierro de la Moda 2026 - Alfombra roja\" width=\"1920\" height=\"2081\" \/><\/picture>El vestido de Marta fue una creaci\u00f3n de Claudia Arce (Prensa Telefe)<\/div>\n<div class=\"visual__image\"><picture><source srcset=\"https:\/\/www.infobae.com\/resizer\/v2\/IFCJBBAUMRHRBM2XZCDYLOCG2Y.jpeg?auth=e64aa8ff9e33aa29bd4cb1479b7cdbdbd1e41666a41fcab6f3d68fd0473cf9af&amp;smart=true&amp;width=992&amp;height=1489&amp;quality=85\" media=\"(min-width: 1000px)\" \/><source srcset=\"https:\/\/www.infobae.com\/resizer\/v2\/IFCJBBAUMRHRBM2XZCDYLOCG2Y.jpeg?auth=e64aa8ff9e33aa29bd4cb1479b7cdbdbd1e41666a41fcab6f3d68fd0473cf9af&amp;smart=true&amp;width=768&amp;height=1152&amp;quality=85\" media=\"(min-width: 768px)\" \/><source srcset=\"https:\/\/www.infobae.com\/resizer\/v2\/IFCJBBAUMRHRBM2XZCDYLOCG2Y.jpeg?auth=e64aa8ff9e33aa29bd4cb1479b7cdbdbd1e41666a41fcab6f3d68fd0473cf9af&amp;smart=true&amp;width=577&amp;height=866&amp;quality=85\" media=\"(min-width: 580px)\" \/><source srcset=\"https:\/\/www.infobae.com\/resizer\/v2\/IFCJBBAUMRHRBM2XZCDYLOCG2Y.jpeg?auth=e64aa8ff9e33aa29bd4cb1479b7cdbdbd1e41666a41fcab6f3d68fd0473cf9af&amp;smart=true&amp;width=420&amp;height=630&amp;quality=85\" media=\"(min-width: 350px)\" \/><source srcset=\"https:\/\/www.infobae.com\/resizer\/v2\/IFCJBBAUMRHRBM2XZCDYLOCG2Y.jpeg?auth=e64aa8ff9e33aa29bd4cb1479b7cdbdbd1e41666a41fcab6f3d68fd0473cf9af&amp;smart=true&amp;width=350&amp;height=525&amp;quality=85\" media=\"(min-width: 80px)\" \/><img loading=\"lazy\" decoding=\"async\" class=\"global-image\" src=\"https:\/\/www.infobae.com\/resizer\/v2\/IFCJBBAUMRHRBM2XZCDYLOCG2Y.jpeg?auth=e64aa8ff9e33aa29bd4cb1479b7cdbdbd1e41666a41fcab6f3d68fd0473cf9af&amp;smart=true&amp;width=350&amp;height=525&amp;quality=85\" alt=\"Foto en blanco y negro de Marta Fort saliendo de un coche de lujo, con vestido blanco de cola larga y gran collar de cruz, tomada de la mano de un hombre\" width=\"853\" height=\"1280\" \/><\/picture>La hija de Ricardo no solo llev\u00f3 los crucifijos sino que tambi\u00e9n lleg\u00f3 en el ic\u00f3nico auto de su pap\u00e1<\/div>\n<p class=\"paragraph\" data-mrf-recirculation=\"Links inline\">El detalle central del vestido estuvo directamente vinculado al legado familiar de la protagonista. La dise\u00f1adora incorpor\u00f3 los crucifijos originales de uno de los rosarios de su padre,\u00a0<b>Ricardo Fort<\/b>, engarzados con delicadeza tanto en el frente como en la espalda del dise\u00f1o. Este gesto transform\u00f3 la prenda en una pieza de homenaje personal, fusionando la memoria \u00edntima con el arte de la costura y la exhibici\u00f3n p\u00fablica en una noche de gala.<\/p>\n<div class=\"inline_2 ad-wrapper\">\n<div class=\"dfpAd ad-inline ad-text\"><\/div>\n<\/div>\n<p class=\"paragraph\" data-mrf-recirculation=\"Links inline\">La llegada de Marta Fort a la ceremonia se convirti\u00f3 en uno de los momentos m\u00e1s fotografiados de la noche. El ingreso en el m\u00edtico Rolls-Royce que perteneci\u00f3 a su padre no solo reforz\u00f3 el homenaje, sino que recre\u00f3 una de las im\u00e1genes m\u00e1s reconocidas del espect\u00e1culo nacional, evocando la figura de Ricardo Fort y el v\u00ednculo familiar con el mundo del entretenimiento y la moda. Esta elecci\u00f3n no pas\u00f3 inadvertida para los presentes ni para los medios, que capturaron el instante y lo multiplicaron en redes sociales y portales de noticias.<\/p>\n<div class=\"news-module\" data-mrf-recirculation=\"IL_wLyG9sjfRQKb8QO3fSLumw\" data-testid=\"text-html\" data-mrf-experience=\"IL_wLyG9sjfRQKb8QO3fSLumw\">\n<div class=\"recommended-card__image-container\"><\/div>\n<\/div>\n<p class=\"paragraph\" data-mrf-recirculation=\"Links inline\">El segundo homenaje lleg\u00f3 de la mano de\u00a0<b>Julieta Poggio\u00a0<\/b>quien sorprendi\u00f3 en la alfombra roja\u00a0<b>con una verdadera performance<\/b>. Inspirada en los inicios de Susana Gim\u00e9nez y en su influencia sobre el estilismo argentino, la actriz apost\u00f3 por un look audaz y teatral que se destac\u00f3 de inmediato entre los asistentes y fot\u00f3grafos.<\/p>\n<div class=\"ad_1 ad-wrapper\">\n<div class=\"dfpAd ad-1-al-6 ad-text\">\n<div id=\"infobae\/teleshow\/nota\/ad_1\" class=\"infobae\/teleshow\/nota\/ad_1 arcad\">\n<div id=\"google_ads_iframe_\/1058609\/infobae\/teleshow\/nota\/ad_1_0__container__\"><\/div>\n<\/div>\n<\/div>\n<\/div>\n<div class=\"visual__image\"><picture><source srcset=\"https:\/\/www.infobae.com\/resizer\/v2\/P4RAMNT25RBGTFPD7LUVDZFZOA.jpg?auth=1496a0766357bec5ab94ed89e10b519a94138fbb263683c28fd2545600c34407&amp;smart=true&amp;width=992&amp;height=1627&amp;quality=85\" media=\"(min-width: 1000px)\" \/><source srcset=\"https:\/\/www.infobae.com\/resizer\/v2\/P4RAMNT25RBGTFPD7LUVDZFZOA.jpg?auth=1496a0766357bec5ab94ed89e10b519a94138fbb263683c28fd2545600c34407&amp;smart=true&amp;width=768&amp;height=1260&amp;quality=85\" media=\"(min-width: 768px)\" \/><source srcset=\"https:\/\/www.infobae.com\/resizer\/v2\/P4RAMNT25RBGTFPD7LUVDZFZOA.jpg?auth=1496a0766357bec5ab94ed89e10b519a94138fbb263683c28fd2545600c34407&amp;smart=true&amp;width=577&amp;height=947&amp;quality=85\" media=\"(min-width: 580px)\" \/><source srcset=\"https:\/\/www.infobae.com\/resizer\/v2\/P4RAMNT25RBGTFPD7LUVDZFZOA.jpg?auth=1496a0766357bec5ab94ed89e10b519a94138fbb263683c28fd2545600c34407&amp;smart=true&amp;width=420&amp;height=689&amp;quality=85\" media=\"(min-width: 350px)\" \/><source srcset=\"https:\/\/www.infobae.com\/resizer\/v2\/P4RAMNT25RBGTFPD7LUVDZFZOA.jpg?auth=1496a0766357bec5ab94ed89e10b519a94138fbb263683c28fd2545600c34407&amp;smart=true&amp;width=350&amp;height=574&amp;quality=85\" media=\"(min-width: 80px)\" \/><img loading=\"lazy\" decoding=\"async\" class=\"global-image\" src=\"https:\/\/www.infobae.com\/resizer\/v2\/P4RAMNT25RBGTFPD7LUVDZFZOA.jpg?auth=1496a0766357bec5ab94ed89e10b519a94138fbb263683c28fd2545600c34407&amp;smart=true&amp;width=350&amp;height=574&amp;quality=85\" alt=\"Mart\u00edn Fierro de la Moda 2026 - Alfombra roja\" width=\"1920\" height=\"3150\" \/><\/picture>Poggio lleg\u00f3 a la alfombra roja con un tapado de plumas en color blanco (RS Fotos)<\/div>\n<div class=\"visual__image\"><picture><source srcset=\"https:\/\/www.infobae.com\/resizer\/v2\/FMX3BI2G3NHJNLWDUH7E3UXKNM.jpg?auth=b5f949acfb88701168a077cdea160185b769ac3fcfa6db740e2292393d6f9336&amp;smart=true&amp;width=992&amp;height=1145&amp;quality=85\" media=\"(min-width: 1000px)\" \/><source srcset=\"https:\/\/www.infobae.com\/resizer\/v2\/FMX3BI2G3NHJNLWDUH7E3UXKNM.jpg?auth=b5f949acfb88701168a077cdea160185b769ac3fcfa6db740e2292393d6f9336&amp;smart=true&amp;width=768&amp;height=887&amp;quality=85\" media=\"(min-width: 768px)\" \/><source srcset=\"https:\/\/www.infobae.com\/resizer\/v2\/FMX3BI2G3NHJNLWDUH7E3UXKNM.jpg?auth=b5f949acfb88701168a077cdea160185b769ac3fcfa6db740e2292393d6f9336&amp;smart=true&amp;width=577&amp;height=666&amp;quality=85\" media=\"(min-width: 580px)\" \/><source srcset=\"https:\/\/www.infobae.com\/resizer\/v2\/FMX3BI2G3NHJNLWDUH7E3UXKNM.jpg?auth=b5f949acfb88701168a077cdea160185b769ac3fcfa6db740e2292393d6f9336&amp;smart=true&amp;width=420&amp;height=485&amp;quality=85\" media=\"(min-width: 350px)\" \/><source srcset=\"https:\/\/www.infobae.com\/resizer\/v2\/FMX3BI2G3NHJNLWDUH7E3UXKNM.jpg?auth=b5f949acfb88701168a077cdea160185b769ac3fcfa6db740e2292393d6f9336&amp;smart=true&amp;width=350&amp;height=404&amp;quality=85\" media=\"(min-width: 80px)\" \/><img loading=\"lazy\" decoding=\"async\" class=\"global-image\" src=\"https:\/\/www.infobae.com\/resizer\/v2\/FMX3BI2G3NHJNLWDUH7E3UXKNM.jpg?auth=b5f949acfb88701168a077cdea160185b769ac3fcfa6db740e2292393d6f9336&amp;smart=true&amp;width=350&amp;height=404&amp;quality=85\" alt=\"Mart\u00edn Fierro de la Moda 2026 - Alfombra roja\" width=\"1920\" height=\"2217\" \/><\/picture>Juli apost\u00f3 por un vestido de color blanco con brillos de Pucheta-Paz (Prensa Telefe)<\/div>\n<p class=\"paragraph\" data-mrf-recirculation=\"Links inline\">Para la ocasi\u00f3n, Julieta luci\u00f3 el pelo cobrizo, evocando la imagen de Susana en la pel\u00edcula \u201cLa Mary\u201d, y lleg\u00f3 acompa\u00f1ada por sus propios \u201cSusanos\u201d: dos amigos vestidos con smokings negros y la cara cubierta por un velo negro, en clara alusi\u00f3n al s\u00e9quito que acompa\u00f1aba a la diva en sus apariciones p\u00fablicas. Esa puesta en escena reforz\u00f3 el homenaje y aport\u00f3 un gui\u00f1o l\u00fadico al universo de la far\u00e1ndula nacional.<\/p>\n<p class=\"paragraph\" data-mrf-recirculation=\"Links inline\">El vestido, una creaci\u00f3n de Pucheta-Paz, fue una pieza de alto impacto visual. Largo, de color blanco, con transparencias y bordados que envolvieron la silueta de Julieta en una trama de encaje y recortes, el dise\u00f1o realz\u00f3 la figura de la actriz y aport\u00f3 un aire sensual, moderno y teatral. El escote asim\u00e9trico y la falda con peque\u00f1a cola completaron la composici\u00f3n, consolidando a Julieta como una de las grandes protagonistas fashionistas de la noche.<\/p>\n<div class=\"ad_2 ad-wrapper\">\n<div class=\"dfpAd ad-1-al-6 ad-text\">\n<div id=\"infobae\/teleshow\/nota\/ad_2\" class=\"infobae\/teleshow\/nota\/ad_2 arcad\" data-google-query-id=\"CMzn5a-OjpQDFXA2HgAdv5QuZg\">\n<div id=\"google_ads_iframe_\/1058609\/infobae\/teleshow\/nota\/ad_2_0__container__\"><\/div>\n<\/div>\n<\/div>\n<\/div>\n<p class=\"paragraph\" data-mrf-recirculation=\"Links inline\">La llegada de Julieta Poggio a la gala, envuelta en un tapado blanco gener\u00f3 uno de los momentos m\u00e1s comentados del evento. La elecci\u00f3n de los zapatos blancos de plataforma sum\u00f3 un gui\u00f1o de audacia y altura a la composici\u00f3n general, permitiendo que el vestido se desplegara en todo su esplendor sobre la alfombra.<\/p>\n<div class=\"visual__image\"><picture><source srcset=\"https:\/\/www.infobae.com\/resizer\/v2\/DQ32SKZAA5CI3GMTKRN7QW64NA.jpg?auth=a96faf874f0b667ce565f37f57c05963a3314593fcbc5cc594963497fa47a4bc&amp;smart=true&amp;width=992&amp;height=1357&amp;quality=85\" media=\"(min-width: 1000px)\" \/><source srcset=\"https:\/\/www.infobae.com\/resizer\/v2\/DQ32SKZAA5CI3GMTKRN7QW64NA.jpg?auth=a96faf874f0b667ce565f37f57c05963a3314593fcbc5cc594963497fa47a4bc&amp;smart=true&amp;width=768&amp;height=1050&amp;quality=85\" media=\"(min-width: 768px)\" \/><source srcset=\"https:\/\/www.infobae.com\/resizer\/v2\/DQ32SKZAA5CI3GMTKRN7QW64NA.jpg?auth=a96faf874f0b667ce565f37f57c05963a3314593fcbc5cc594963497fa47a4bc&amp;smart=true&amp;width=577&amp;height=789&amp;quality=85\" media=\"(min-width: 580px)\" \/><source srcset=\"https:\/\/www.infobae.com\/resizer\/v2\/DQ32SKZAA5CI3GMTKRN7QW64NA.jpg?auth=a96faf874f0b667ce565f37f57c05963a3314593fcbc5cc594963497fa47a4bc&amp;smart=true&amp;width=420&amp;height=574&amp;quality=85\" media=\"(min-width: 350px)\" \/><source srcset=\"https:\/\/www.infobae.com\/resizer\/v2\/DQ32SKZAA5CI3GMTKRN7QW64NA.jpg?auth=a96faf874f0b667ce565f37f57c05963a3314593fcbc5cc594963497fa47a4bc&amp;smart=true&amp;width=350&amp;height=479&amp;quality=85\" media=\"(min-width: 80px)\" \/><img loading=\"lazy\" decoding=\"async\" class=\"global-image\" src=\"https:\/\/www.infobae.com\/resizer\/v2\/DQ32SKZAA5CI3GMTKRN7QW64NA.jpg?auth=a96faf874f0b667ce565f37f57c05963a3314593fcbc5cc594963497fa47a4bc&amp;smart=true&amp;width=350&amp;height=479&amp;quality=85\" alt=\"Mart\u00edn Fierro de la Moda 2026 - Alfombra roja\" width=\"1920\" height=\"2626\" \/><\/picture>Juli no solo inspir\u00f3 su look en la diva de los tel\u00e9fonos sino que tambi\u00e9n recreo la famosa publicidad de Susana (Prensa Telefe)<\/div>\n<p class=\"paragraph\" data-mrf-recirculation=\"Links inline\">El maquillaje, realizado por ella misma, acompa\u00f1\u00f3 la apuesta con un delineado marcado, piel luminosa y labios nude. La melena suelta, con ondas y flequillo, termin\u00f3 de recrear el homenaje a la Susana de los a\u00f1os 70, fusionando pasado y presente en una sola imagen.<\/p>\n<div class=\"ad_3 ad-wrapper\">\n<div class=\"dfpAd ad-1-al-6 ad-text\">\n<div id=\"infobae\/teleshow\/nota\/ad_3\" class=\"infobae\/teleshow\/nota\/ad_3 arcad\" data-google-query-id=\"CJfA67COjpQDFbIAHgAdMJYYzw\"><\/div>\n<\/div>\n<\/div>\n","protected":false},"excerpt":{"rendered":"<p>Las influencers eligieron ir de blanco a la cuarta entrega de los premios y se inspiraron en dos figuras populares de nuestro pa\u00eds Marta Fort luce un impactante vestido blanco con falda de tul y un lazo negro para los premios Mart\u00edn Fierro de la Moda La cuarta edici\u00f3n de los\u00a0Premios Mart\u00edn Fierro de la [&hellip;]<\/p>\n","protected":false},"author":1,"featured_media":15902,"comment_status":"open","ping_status":"open","sticky":false,"template":"","format":"standard","meta":{"rop_custom_images_group":[],"rop_custom_messages_group":[],"rop_publish_now":"initial","rop_publish_now_accounts":[],"rop_publish_now_history":[],"rop_publish_now_status":"pending","footnotes":"","jetpack_publicize_message":"","jetpack_publicize_feature_enabled":true,"jetpack_social_post_already_shared":true,"jetpack_social_options":{"image_generator_settings":{"template":"highway","enabled":false},"version":2}},"categories":[15],"tags":[],"class_list":{"0":"post-15901","1":"post","2":"type-post","3":"status-publish","4":"format-standard","5":"has-post-thumbnail","7":"category-moda"},"jetpack_publicize_connections":[],"yoast_head":"<!-- This site is optimized with the Yoast SEO plugin v27.3 - https:\/\/yoast.com\/product\/yoast-seo-wordpress\/ -->\n<title>Marta Fort homenaje\u00f3 a su padre Ricardo en el Mart\u00edn Fierro de la Moda y Juli Poggio se convirti\u00f3 en Susana Gim\u00e9nez - CLAN ESPECTACULOS<\/title>\n<meta name=\"robots\" content=\"index, follow, max-snippet:-1, max-image-preview:large, max-video-preview:-1\" \/>\n<link rel=\"canonical\" href=\"https:\/\/radioclanfm.com\/clanespectaculos\/marta-fort-homenajeo-a-su-padre-ricardo-en-el-martin-fierro-de-la-moda-y-juli-poggio-se-convirtio-en-susana-gimenez\/\" \/>\n<meta property=\"og:locale\" content=\"es_ES\" \/>\n<meta property=\"og:type\" content=\"article\" \/>\n<meta property=\"og:title\" content=\"Marta Fort homenaje\u00f3 a su padre Ricardo en el Mart\u00edn Fierro de la Moda y Juli Poggio se convirti\u00f3 en Susana Gim\u00e9nez - CLAN ESPECTACULOS\" \/>\n<meta property=\"og:description\" content=\"Las influencers eligieron ir de blanco a la cuarta entrega de los premios y se inspiraron en dos figuras populares de nuestro pa\u00eds Marta Fort luce un impactante vestido blanco con falda de tul y un lazo negro para los premios Mart\u00edn Fierro de la Moda La cuarta edici\u00f3n de los\u00a0Premios Mart\u00edn Fierro de la [&hellip;]\" \/>\n<meta property=\"og:url\" content=\"https:\/\/radioclanfm.com\/clanespectaculos\/marta-fort-homenajeo-a-su-padre-ricardo-en-el-martin-fierro-de-la-moda-y-juli-poggio-se-convirtio-en-susana-gimenez\/\" \/>\n<meta property=\"og:site_name\" content=\"CLAN ESPECTACULOS\" \/>\n<meta property=\"article:publisher\" content=\"https:\/\/www.facebook.com\/clanespectaculos\/\" \/>\n<meta property=\"article:published_time\" content=\"2026-04-27T13:15:25+00:00\" \/>\n<meta property=\"og:image\" content=\"https:\/\/radioclanfm.com\/clanespectaculos\/wp-content\/uploads\/sites\/2\/2026\/04\/tImJE-Dc.jpg\" \/>\n\t<meta property=\"og:image:width\" content=\"900\" \/>\n\t<meta property=\"og:image:height\" content=\"450\" \/>\n\t<meta property=\"og:image:type\" content=\"image\/jpeg\" \/>\n<meta name=\"author\" content=\"E-GRUPOCLAN\" \/>\n<meta name=\"twitter:card\" content=\"summary_large_image\" \/>\n<meta name=\"twitter:creator\" content=\"@clanespectok\" \/>\n<meta name=\"twitter:site\" content=\"@clanespectok\" \/>\n<meta name=\"twitter:label1\" content=\"Escrito por\" \/>\n\t<meta name=\"twitter:data1\" content=\"E-GRUPOCLAN\" \/>\n\t<meta name=\"twitter:label2\" content=\"Tiempo de lectura\" \/>\n\t<meta name=\"twitter:data2\" content=\"5 minutos\" \/>\n<script type=\"application\/ld+json\" class=\"yoast-schema-graph\">{\"@context\":\"https:\\\/\\\/schema.org\",\"@graph\":[{\"@type\":\"Article\",\"@id\":\"https:\\\/\\\/radioclanfm.com\\\/clanespectaculos\\\/marta-fort-homenajeo-a-su-padre-ricardo-en-el-martin-fierro-de-la-moda-y-juli-poggio-se-convirtio-en-susana-gimenez\\\/#article\",\"isPartOf\":{\"@id\":\"https:\\\/\\\/radioclanfm.com\\\/clanespectaculos\\\/marta-fort-homenajeo-a-su-padre-ricardo-en-el-martin-fierro-de-la-moda-y-juli-poggio-se-convirtio-en-susana-gimenez\\\/\"},\"author\":{\"name\":\"E-GRUPOCLAN\",\"@id\":\"https:\\\/\\\/radioclanfm.com\\\/clanespectaculos\\\/#\\\/schema\\\/person\\\/9734813083303230f3ad84d99171b20c\"},\"headline\":\"Marta Fort homenaje\u00f3 a su padre Ricardo en el Mart\u00edn Fierro de la Moda y Juli Poggio se convirti\u00f3 en Susana Gim\u00e9nez\",\"datePublished\":\"2026-04-27T13:15:25+00:00\",\"mainEntityOfPage\":{\"@id\":\"https:\\\/\\\/radioclanfm.com\\\/clanespectaculos\\\/marta-fort-homenajeo-a-su-padre-ricardo-en-el-martin-fierro-de-la-moda-y-juli-poggio-se-convirtio-en-susana-gimenez\\\/\"},\"wordCount\":845,\"commentCount\":0,\"publisher\":{\"@id\":\"https:\\\/\\\/radioclanfm.com\\\/clanespectaculos\\\/#organization\"},\"image\":{\"@id\":\"https:\\\/\\\/radioclanfm.com\\\/clanespectaculos\\\/marta-fort-homenajeo-a-su-padre-ricardo-en-el-martin-fierro-de-la-moda-y-juli-poggio-se-convirtio-en-susana-gimenez\\\/#primaryimage\"},\"thumbnailUrl\":\"https:\\\/\\\/radioclanfm.com\\\/clanespectaculos\\\/wp-content\\\/uploads\\\/sites\\\/2\\\/2026\\\/04\\\/tImJE-Dc.jpg\",\"articleSection\":[\"MODA\"],\"inLanguage\":\"es-AR\",\"potentialAction\":[{\"@type\":\"CommentAction\",\"name\":\"Comment\",\"target\":[\"https:\\\/\\\/radioclanfm.com\\\/clanespectaculos\\\/marta-fort-homenajeo-a-su-padre-ricardo-en-el-martin-fierro-de-la-moda-y-juli-poggio-se-convirtio-en-susana-gimenez\\\/#respond\"]}]},{\"@type\":\"WebPage\",\"@id\":\"https:\\\/\\\/radioclanfm.com\\\/clanespectaculos\\\/marta-fort-homenajeo-a-su-padre-ricardo-en-el-martin-fierro-de-la-moda-y-juli-poggio-se-convirtio-en-susana-gimenez\\\/\",\"url\":\"https:\\\/\\\/radioclanfm.com\\\/clanespectaculos\\\/marta-fort-homenajeo-a-su-padre-ricardo-en-el-martin-fierro-de-la-moda-y-juli-poggio-se-convirtio-en-susana-gimenez\\\/\",\"name\":\"Marta Fort homenaje\u00f3 a su padre Ricardo en el Mart\u00edn Fierro de la Moda y Juli Poggio se convirti\u00f3 en Susana Gim\u00e9nez - CLAN ESPECTACULOS\",\"isPartOf\":{\"@id\":\"https:\\\/\\\/radioclanfm.com\\\/clanespectaculos\\\/#website\"},\"primaryImageOfPage\":{\"@id\":\"https:\\\/\\\/radioclanfm.com\\\/clanespectaculos\\\/marta-fort-homenajeo-a-su-padre-ricardo-en-el-martin-fierro-de-la-moda-y-juli-poggio-se-convirtio-en-susana-gimenez\\\/#primaryimage\"},\"image\":{\"@id\":\"https:\\\/\\\/radioclanfm.com\\\/clanespectaculos\\\/marta-fort-homenajeo-a-su-padre-ricardo-en-el-martin-fierro-de-la-moda-y-juli-poggio-se-convirtio-en-susana-gimenez\\\/#primaryimage\"},\"thumbnailUrl\":\"https:\\\/\\\/radioclanfm.com\\\/clanespectaculos\\\/wp-content\\\/uploads\\\/sites\\\/2\\\/2026\\\/04\\\/tImJE-Dc.jpg\",\"datePublished\":\"2026-04-27T13:15:25+00:00\",\"breadcrumb\":{\"@id\":\"https:\\\/\\\/radioclanfm.com\\\/clanespectaculos\\\/marta-fort-homenajeo-a-su-padre-ricardo-en-el-martin-fierro-de-la-moda-y-juli-poggio-se-convirtio-en-susana-gimenez\\\/#breadcrumb\"},\"inLanguage\":\"es-AR\",\"potentialAction\":[{\"@type\":\"ReadAction\",\"target\":[\"https:\\\/\\\/radioclanfm.com\\\/clanespectaculos\\\/marta-fort-homenajeo-a-su-padre-ricardo-en-el-martin-fierro-de-la-moda-y-juli-poggio-se-convirtio-en-susana-gimenez\\\/\"]}]},{\"@type\":\"ImageObject\",\"inLanguage\":\"es-AR\",\"@id\":\"https:\\\/\\\/radioclanfm.com\\\/clanespectaculos\\\/marta-fort-homenajeo-a-su-padre-ricardo-en-el-martin-fierro-de-la-moda-y-juli-poggio-se-convirtio-en-susana-gimenez\\\/#primaryimage\",\"url\":\"https:\\\/\\\/radioclanfm.com\\\/clanespectaculos\\\/wp-content\\\/uploads\\\/sites\\\/2\\\/2026\\\/04\\\/tImJE-Dc.jpg\",\"contentUrl\":\"https:\\\/\\\/radioclanfm.com\\\/clanespectaculos\\\/wp-content\\\/uploads\\\/sites\\\/2\\\/2026\\\/04\\\/tImJE-Dc.jpg\",\"width\":900,\"height\":450},{\"@type\":\"BreadcrumbList\",\"@id\":\"https:\\\/\\\/radioclanfm.com\\\/clanespectaculos\\\/marta-fort-homenajeo-a-su-padre-ricardo-en-el-martin-fierro-de-la-moda-y-juli-poggio-se-convirtio-en-susana-gimenez\\\/#breadcrumb\",\"itemListElement\":[{\"@type\":\"ListItem\",\"position\":1,\"name\":\"Inicio\",\"item\":\"https:\\\/\\\/radioclanfm.com\\\/clanespectaculos\\\/\"},{\"@type\":\"ListItem\",\"position\":2,\"name\":\"Marta Fort homenaje\u00f3 a su padre Ricardo en el Mart\u00edn Fierro de la Moda y Juli Poggio se convirti\u00f3 en Susana Gim\u00e9nez\"}]},{\"@type\":\"WebSite\",\"@id\":\"https:\\\/\\\/radioclanfm.com\\\/clanespectaculos\\\/#website\",\"url\":\"https:\\\/\\\/radioclanfm.com\\\/clanespectaculos\\\/\",\"name\":\"CLAN ESPECTACULOS\",\"description\":\"\",\"publisher\":{\"@id\":\"https:\\\/\\\/radioclanfm.com\\\/clanespectaculos\\\/#organization\"},\"potentialAction\":[{\"@type\":\"SearchAction\",\"target\":{\"@type\":\"EntryPoint\",\"urlTemplate\":\"https:\\\/\\\/radioclanfm.com\\\/clanespectaculos\\\/?s={search_term_string}\"},\"query-input\":{\"@type\":\"PropertyValueSpecification\",\"valueRequired\":true,\"valueName\":\"search_term_string\"}}],\"inLanguage\":\"es-AR\"},{\"@type\":\"Organization\",\"@id\":\"https:\\\/\\\/radioclanfm.com\\\/clanespectaculos\\\/#organization\",\"name\":\"CLAN ESPECTACULOS\",\"url\":\"https:\\\/\\\/radioclanfm.com\\\/clanespectaculos\\\/\",\"logo\":{\"@type\":\"ImageObject\",\"inLanguage\":\"es-AR\",\"@id\":\"https:\\\/\\\/radioclanfm.com\\\/clanespectaculos\\\/#\\\/schema\\\/logo\\\/image\\\/\",\"url\":\"https:\\\/\\\/radioclanfm.com\\\/clanespectaculos\\\/wp-content\\\/uploads\\\/sites\\\/2\\\/2026\\\/04\\\/ChatGPT-Image-23-mar-2026-10_09_00.png\",\"contentUrl\":\"https:\\\/\\\/radioclanfm.com\\\/clanespectaculos\\\/wp-content\\\/uploads\\\/sites\\\/2\\\/2026\\\/04\\\/ChatGPT-Image-23-mar-2026-10_09_00.png\",\"width\":1024,\"height\":1024,\"caption\":\"CLAN ESPECTACULOS\"},\"image\":{\"@id\":\"https:\\\/\\\/radioclanfm.com\\\/clanespectaculos\\\/#\\\/schema\\\/logo\\\/image\\\/\"},\"sameAs\":[\"https:\\\/\\\/www.facebook.com\\\/clanespectaculos\\\/\",\"https:\\\/\\\/x.com\\\/clanespectok\"]},{\"@type\":\"Person\",\"@id\":\"https:\\\/\\\/radioclanfm.com\\\/clanespectaculos\\\/#\\\/schema\\\/person\\\/9734813083303230f3ad84d99171b20c\",\"name\":\"E-GRUPOCLAN\",\"image\":{\"@type\":\"ImageObject\",\"inLanguage\":\"es-AR\",\"@id\":\"https:\\\/\\\/secure.gravatar.com\\\/avatar\\\/af6e19837c3d6a212034a48c7b3818d2ac1826f6025df0155da5a186ad321d79?s=96&d=mm&r=g\",\"url\":\"https:\\\/\\\/secure.gravatar.com\\\/avatar\\\/af6e19837c3d6a212034a48c7b3818d2ac1826f6025df0155da5a186ad321d79?s=96&d=mm&r=g\",\"contentUrl\":\"https:\\\/\\\/secure.gravatar.com\\\/avatar\\\/af6e19837c3d6a212034a48c7b3818d2ac1826f6025df0155da5a186ad321d79?s=96&d=mm&r=g\",\"caption\":\"E-GRUPOCLAN\"},\"sameAs\":[\"https:\\\/\\\/radioclanfm.com\"],\"url\":\"https:\\\/\\\/radioclanfm.com\\\/clanespectaculos\\\/author\\\/admin\\\/\"}]}<\/script>\n<!-- \/ Yoast SEO plugin. -->","yoast_head_json":{"title":"Marta Fort homenaje\u00f3 a su padre Ricardo en el Mart\u00edn Fierro de la Moda y Juli Poggio se convirti\u00f3 en Susana Gim\u00e9nez - CLAN ESPECTACULOS","robots":{"index":"index","follow":"follow","max-snippet":"max-snippet:-1","max-image-preview":"max-image-preview:large","max-video-preview":"max-video-preview:-1"},"canonical":"https:\/\/radioclanfm.com\/clanespectaculos\/marta-fort-homenajeo-a-su-padre-ricardo-en-el-martin-fierro-de-la-moda-y-juli-poggio-se-convirtio-en-susana-gimenez\/","og_locale":"es_ES","og_type":"article","og_title":"Marta Fort homenaje\u00f3 a su padre Ricardo en el Mart\u00edn Fierro de la Moda y Juli Poggio se convirti\u00f3 en Susana Gim\u00e9nez - CLAN ESPECTACULOS","og_description":"Las influencers eligieron ir de blanco a la cuarta entrega de los premios y se inspiraron en dos figuras populares de nuestro pa\u00eds Marta Fort luce un impactante vestido blanco con falda de tul y un lazo negro para los premios Mart\u00edn Fierro de la Moda La cuarta edici\u00f3n de los\u00a0Premios Mart\u00edn Fierro de la [&hellip;]","og_url":"https:\/\/radioclanfm.com\/clanespectaculos\/marta-fort-homenajeo-a-su-padre-ricardo-en-el-martin-fierro-de-la-moda-y-juli-poggio-se-convirtio-en-susana-gimenez\/","og_site_name":"CLAN ESPECTACULOS","article_publisher":"https:\/\/www.facebook.com\/clanespectaculos\/","article_published_time":"2026-04-27T13:15:25+00:00","og_image":[{"width":900,"height":450,"url":"https:\/\/radioclanfm.com\/clanespectaculos\/wp-content\/uploads\/sites\/2\/2026\/04\/tImJE-Dc.jpg","type":"image\/jpeg"}],"author":"E-GRUPOCLAN","twitter_card":"summary_large_image","twitter_creator":"@clanespectok","twitter_site":"@clanespectok","twitter_misc":{"Escrito por":"E-GRUPOCLAN","Tiempo de lectura":"5 minutos"},"schema":{"@context":"https:\/\/schema.org","@graph":[{"@type":"Article","@id":"https:\/\/radioclanfm.com\/clanespectaculos\/marta-fort-homenajeo-a-su-padre-ricardo-en-el-martin-fierro-de-la-moda-y-juli-poggio-se-convirtio-en-susana-gimenez\/#article","isPartOf":{"@id":"https:\/\/radioclanfm.com\/clanespectaculos\/marta-fort-homenajeo-a-su-padre-ricardo-en-el-martin-fierro-de-la-moda-y-juli-poggio-se-convirtio-en-susana-gimenez\/"},"author":{"name":"E-GRUPOCLAN","@id":"https:\/\/radioclanfm.com\/clanespectaculos\/#\/schema\/person\/9734813083303230f3ad84d99171b20c"},"headline":"Marta Fort homenaje\u00f3 a su padre Ricardo en el Mart\u00edn Fierro de la Moda y Juli Poggio se convirti\u00f3 en Susana Gim\u00e9nez","datePublished":"2026-04-27T13:15:25+00:00","mainEntityOfPage":{"@id":"https:\/\/radioclanfm.com\/clanespectaculos\/marta-fort-homenajeo-a-su-padre-ricardo-en-el-martin-fierro-de-la-moda-y-juli-poggio-se-convirtio-en-susana-gimenez\/"},"wordCount":845,"commentCount":0,"publisher":{"@id":"https:\/\/radioclanfm.com\/clanespectaculos\/#organization"},"image":{"@id":"https:\/\/radioclanfm.com\/clanespectaculos\/marta-fort-homenajeo-a-su-padre-ricardo-en-el-martin-fierro-de-la-moda-y-juli-poggio-se-convirtio-en-susana-gimenez\/#primaryimage"},"thumbnailUrl":"https:\/\/radioclanfm.com\/clanespectaculos\/wp-content\/uploads\/sites\/2\/2026\/04\/tImJE-Dc.jpg","articleSection":["MODA"],"inLanguage":"es-AR","potentialAction":[{"@type":"CommentAction","name":"Comment","target":["https:\/\/radioclanfm.com\/clanespectaculos\/marta-fort-homenajeo-a-su-padre-ricardo-en-el-martin-fierro-de-la-moda-y-juli-poggio-se-convirtio-en-susana-gimenez\/#respond"]}]},{"@type":"WebPage","@id":"https:\/\/radioclanfm.com\/clanespectaculos\/marta-fort-homenajeo-a-su-padre-ricardo-en-el-martin-fierro-de-la-moda-y-juli-poggio-se-convirtio-en-susana-gimenez\/","url":"https:\/\/radioclanfm.com\/clanespectaculos\/marta-fort-homenajeo-a-su-padre-ricardo-en-el-martin-fierro-de-la-moda-y-juli-poggio-se-convirtio-en-susana-gimenez\/","name":"Marta Fort homenaje\u00f3 a su padre Ricardo en el Mart\u00edn Fierro de la Moda y Juli Poggio se convirti\u00f3 en Susana Gim\u00e9nez - CLAN ESPECTACULOS","isPartOf":{"@id":"https:\/\/radioclanfm.com\/clanespectaculos\/#website"},"primaryImageOfPage":{"@id":"https:\/\/radioclanfm.com\/clanespectaculos\/marta-fort-homenajeo-a-su-padre-ricardo-en-el-martin-fierro-de-la-moda-y-juli-poggio-se-convirtio-en-susana-gimenez\/#primaryimage"},"image":{"@id":"https:\/\/radioclanfm.com\/clanespectaculos\/marta-fort-homenajeo-a-su-padre-ricardo-en-el-martin-fierro-de-la-moda-y-juli-poggio-se-convirtio-en-susana-gimenez\/#primaryimage"},"thumbnailUrl":"https:\/\/radioclanfm.com\/clanespectaculos\/wp-content\/uploads\/sites\/2\/2026\/04\/tImJE-Dc.jpg","datePublished":"2026-04-27T13:15:25+00:00","breadcrumb":{"@id":"https:\/\/radioclanfm.com\/clanespectaculos\/marta-fort-homenajeo-a-su-padre-ricardo-en-el-martin-fierro-de-la-moda-y-juli-poggio-se-convirtio-en-susana-gimenez\/#breadcrumb"},"inLanguage":"es-AR","potentialAction":[{"@type":"ReadAction","target":["https:\/\/radioclanfm.com\/clanespectaculos\/marta-fort-homenajeo-a-su-padre-ricardo-en-el-martin-fierro-de-la-moda-y-juli-poggio-se-convirtio-en-susana-gimenez\/"]}]},{"@type":"ImageObject","inLanguage":"es-AR","@id":"https:\/\/radioclanfm.com\/clanespectaculos\/marta-fort-homenajeo-a-su-padre-ricardo-en-el-martin-fierro-de-la-moda-y-juli-poggio-se-convirtio-en-susana-gimenez\/#primaryimage","url":"https:\/\/radioclanfm.com\/clanespectaculos\/wp-content\/uploads\/sites\/2\/2026\/04\/tImJE-Dc.jpg","contentUrl":"https:\/\/radioclanfm.com\/clanespectaculos\/wp-content\/uploads\/sites\/2\/2026\/04\/tImJE-Dc.jpg","width":900,"height":450},{"@type":"BreadcrumbList","@id":"https:\/\/radioclanfm.com\/clanespectaculos\/marta-fort-homenajeo-a-su-padre-ricardo-en-el-martin-fierro-de-la-moda-y-juli-poggio-se-convirtio-en-susana-gimenez\/#breadcrumb","itemListElement":[{"@type":"ListItem","position":1,"name":"Inicio","item":"https:\/\/radioclanfm.com\/clanespectaculos\/"},{"@type":"ListItem","position":2,"name":"Marta Fort homenaje\u00f3 a su padre Ricardo en el Mart\u00edn Fierro de la Moda y Juli Poggio se convirti\u00f3 en Susana Gim\u00e9nez"}]},{"@type":"WebSite","@id":"https:\/\/radioclanfm.com\/clanespectaculos\/#website","url":"https:\/\/radioclanfm.com\/clanespectaculos\/","name":"CLAN ESPECTACULOS","description":"","publisher":{"@id":"https:\/\/radioclanfm.com\/clanespectaculos\/#organization"},"potentialAction":[{"@type":"SearchAction","target":{"@type":"EntryPoint","urlTemplate":"https:\/\/radioclanfm.com\/clanespectaculos\/?s={search_term_string}"},"query-input":{"@type":"PropertyValueSpecification","valueRequired":true,"valueName":"search_term_string"}}],"inLanguage":"es-AR"},{"@type":"Organization","@id":"https:\/\/radioclanfm.com\/clanespectaculos\/#organization","name":"CLAN ESPECTACULOS","url":"https:\/\/radioclanfm.com\/clanespectaculos\/","logo":{"@type":"ImageObject","inLanguage":"es-AR","@id":"https:\/\/radioclanfm.com\/clanespectaculos\/#\/schema\/logo\/image\/","url":"https:\/\/radioclanfm.com\/clanespectaculos\/wp-content\/uploads\/sites\/2\/2026\/04\/ChatGPT-Image-23-mar-2026-10_09_00.png","contentUrl":"https:\/\/radioclanfm.com\/clanespectaculos\/wp-content\/uploads\/sites\/2\/2026\/04\/ChatGPT-Image-23-mar-2026-10_09_00.png","width":1024,"height":1024,"caption":"CLAN ESPECTACULOS"},"image":{"@id":"https:\/\/radioclanfm.com\/clanespectaculos\/#\/schema\/logo\/image\/"},"sameAs":["https:\/\/www.facebook.com\/clanespectaculos\/","https:\/\/x.com\/clanespectok"]},{"@type":"Person","@id":"https:\/\/radioclanfm.com\/clanespectaculos\/#\/schema\/person\/9734813083303230f3ad84d99171b20c","name":"E-GRUPOCLAN","image":{"@type":"ImageObject","inLanguage":"es-AR","@id":"https:\/\/secure.gravatar.com\/avatar\/af6e19837c3d6a212034a48c7b3818d2ac1826f6025df0155da5a186ad321d79?s=96&d=mm&r=g","url":"https:\/\/secure.gravatar.com\/avatar\/af6e19837c3d6a212034a48c7b3818d2ac1826f6025df0155da5a186ad321d79?s=96&d=mm&r=g","contentUrl":"https:\/\/secure.gravatar.com\/avatar\/af6e19837c3d6a212034a48c7b3818d2ac1826f6025df0155da5a186ad321d79?s=96&d=mm&r=g","caption":"E-GRUPOCLAN"},"sameAs":["https:\/\/radioclanfm.com"],"url":"https:\/\/radioclanfm.com\/clanespectaculos\/author\/admin\/"}]}},"_links":{"self":[{"href":"https:\/\/radioclanfm.com\/clanespectaculos\/wp-json\/wp\/v2\/posts\/15901","targetHints":{"allow":["GET"]}}],"collection":[{"href":"https:\/\/radioclanfm.com\/clanespectaculos\/wp-json\/wp\/v2\/posts"}],"about":[{"href":"https:\/\/radioclanfm.com\/clanespectaculos\/wp-json\/wp\/v2\/types\/post"}],"author":[{"embeddable":true,"href":"https:\/\/radioclanfm.com\/clanespectaculos\/wp-json\/wp\/v2\/users\/1"}],"replies":[{"embeddable":true,"href":"https:\/\/radioclanfm.com\/clanespectaculos\/wp-json\/wp\/v2\/comments?post=15901"}],"version-history":[{"count":1,"href":"https:\/\/radioclanfm.com\/clanespectaculos\/wp-json\/wp\/v2\/posts\/15901\/revisions"}],"predecessor-version":[{"id":15903,"href":"https:\/\/radioclanfm.com\/clanespectaculos\/wp-json\/wp\/v2\/posts\/15901\/revisions\/15903"}],"wp:featuredmedia":[{"embeddable":true,"href":"https:\/\/radioclanfm.com\/clanespectaculos\/wp-json\/wp\/v2\/media\/15902"}],"wp:attachment":[{"href":"https:\/\/radioclanfm.com\/clanespectaculos\/wp-json\/wp\/v2\/media?parent=15901"}],"wp:term":[{"taxonomy":"category","embeddable":true,"href":"https:\/\/radioclanfm.com\/clanespectaculos\/wp-json\/wp\/v2\/categories?post=15901"},{"taxonomy":"post_tag","embeddable":true,"href":"https:\/\/radioclanfm.com\/clanespectaculos\/wp-json\/wp\/v2\/tags?post=15901"}],"curies":[{"name":"wp","href":"https:\/\/api.w.org\/{rel}","templated":true}]}}