{"id":15898,"date":"2026-04-27T10:13:31","date_gmt":"2026-04-27T13:13:31","guid":{"rendered":"https:\/\/radioclanfm.com\/clanespectaculos\/?p=15898"},"modified":"2026-04-27T10:13:31","modified_gmt":"2026-04-27T13:13:31","slug":"transparencias-encajes-y-brillo-los-codigos-de-diseno-que-definieron-los-martin-fierro-de-la-moda","status":"publish","type":"post","link":"https:\/\/radioclanfm.com\/clanespectaculos\/transparencias-encajes-y-brillo-los-codigos-de-diseno-que-definieron-los-martin-fierro-de-la-moda\/","title":{"rendered":"Transparencias encajes y brillo: los c\u00f3digos de dise\u00f1o que definieron los Mart\u00edn Fierro de la Moda"},"content":{"rendered":"<p>La gala exhibi\u00f3 una notable variedad de propuestas en las que la sutileza de los tejidos, el trabajo artesanal y los acabados luminosos<\/p>\n<p class=\"paragraph\" data-mrf-recirculation=\"Links inline\">La edici\u00f3n 2026 de los\u00a0<b>Mart\u00edn Fierro de la Moda<\/b>\u00a0volvi\u00f3 a posicionarse como uno de los eventos m\u00e1s esperados en el calendario fashionista argentino. Reuni\u00f3 a dise\u00f1adores, modelos y figuras del espect\u00e1culo para celebrar la creatividad y el trabajo de quienes marcan el pulso de la\u00a0<b>industria y de la moda.<\/b><\/p>\n<div class=\"news-module\" data-mrf-recirculation=\"IL_GBLs3HYWRq2RgU4Qz8MM1Q\" data-testid=\"text-html\" data-mrf-experience=\"IL_GBLs3HYWRq2RgU4Qz8MM1Q\">\n<div class=\"recommended-card__image-container\"><\/div>\n<\/div>\n<p class=\"paragraph\" data-mrf-recirculation=\"Links inline\">La ceremonia ofreci\u00f3 una nueva oportunidad para observar c\u00f3mo las\u00a0<b>celebridades<\/b>\u00a0interpretan las tendencias y resignifican los c\u00f3digos\u00a0<b>cl\u00e1sicos<\/b>\u00a0de la moda en un espacio de m\u00e1xima visibilidad.<\/p>\n<div class=\"inline ad-wrapper\">\n<div class=\"dfpAd ad-inline ad-text\"><\/div>\n<\/div>\n<p class=\"paragraph\" data-mrf-recirculation=\"Links inline\">La tradicional\u00a0<b>alfombra roja<\/b>\u00a0funcion\u00f3 como una pasarela donde la\u00a0<b>innovaci\u00f3n<\/b>, la sofisticaci\u00f3n y el protagonismo de los\u00a0<b>detalles<\/b>\u00a0se hicieron presentes. A trav\u00e9s de los looks elegidos por quienes asistieron, se delinearon varias\u00a0<b>tendencias<\/b>\u00a0que reflejan tanto la actualidad del dise\u00f1o nacional como la b\u00fasqueda de una\u00a0<b>identidad propia<\/b>\u00a0por parte de cada invitado.<\/p>\n<div class=\"news-module\" data-mrf-recirculation=\"IL_m3kiGo-8SVS6m0U7OqrZLw\" data-testid=\"text-html\" data-mrf-experience=\"IL_m3kiGo-8SVS6m0U7OqrZLw\">\n<div class=\"recommended-card__image-container\"><\/div>\n<\/div>\n<h2 id=\"protagonismo-del-blanco:-minimalismo-volumen-y-geometria\" class=\"header headline-class-h2 headline\">Protagonismo del blanco: minimalismo, volumen y geometr\u00eda<\/h2>\n<div class=\"visual__image\"><picture><source srcset=\"https:\/\/www.infobae.com\/resizer\/v2\/BOFU2LW3CFAAXCYQGH7U4WX3WM.jpg?auth=a31e14e8797271ccaea2429908ca2c1385e90a34bd5cd545193a7ef6b3b8d9d1&amp;smart=true&amp;width=992&amp;height=1488&amp;quality=85\" media=\"(min-width: 1000px)\" \/><source srcset=\"https:\/\/www.infobae.com\/resizer\/v2\/BOFU2LW3CFAAXCYQGH7U4WX3WM.jpg?auth=a31e14e8797271ccaea2429908ca2c1385e90a34bd5cd545193a7ef6b3b8d9d1&amp;smart=true&amp;width=768&amp;height=1152&amp;quality=85\" media=\"(min-width: 768px)\" \/><source srcset=\"https:\/\/www.infobae.com\/resizer\/v2\/BOFU2LW3CFAAXCYQGH7U4WX3WM.jpg?auth=a31e14e8797271ccaea2429908ca2c1385e90a34bd5cd545193a7ef6b3b8d9d1&amp;smart=true&amp;width=577&amp;height=866&amp;quality=85\" media=\"(min-width: 580px)\" \/><source srcset=\"https:\/\/www.infobae.com\/resizer\/v2\/BOFU2LW3CFAAXCYQGH7U4WX3WM.jpg?auth=a31e14e8797271ccaea2429908ca2c1385e90a34bd5cd545193a7ef6b3b8d9d1&amp;smart=true&amp;width=420&amp;height=630&amp;quality=85\" media=\"(min-width: 350px)\" \/><source srcset=\"https:\/\/www.infobae.com\/resizer\/v2\/BOFU2LW3CFAAXCYQGH7U4WX3WM.jpg?auth=a31e14e8797271ccaea2429908ca2c1385e90a34bd5cd545193a7ef6b3b8d9d1&amp;smart=true&amp;width=350&amp;height=525&amp;quality=85\" media=\"(min-width: 80px)\" \/><img loading=\"lazy\" decoding=\"async\" class=\"global-image\" src=\"https:\/\/www.infobae.com\/resizer\/v2\/BOFU2LW3CFAAXCYQGH7U4WX3WM.jpg?auth=a31e14e8797271ccaea2429908ca2c1385e90a34bd5cd545193a7ef6b3b8d9d1&amp;smart=true&amp;width=350&amp;height=525&amp;quality=85\" alt=\"Martin Fierro de la Moda 2026 - Banner Infobae\" width=\"1280\" height=\"1920\" \/><\/picture>Stephanie Demner eligi\u00f3 un dise\u00f1o blanco de textura fruncida y efecto arrugado (Maximiliano Luna)<\/div>\n<p class=\"paragraph\" data-mrf-recirculation=\"Links inline\">El\u00a0<b>blanco<\/b>\u00a0sobresali\u00f3 como el color central de la noche, elegido por figuras que apostaron por la\u00a0<b>pureza<\/b>\u00a0y\u00a0<b>versatilidad<\/b>\u00a0de este tono en dise\u00f1os de impacto.\u00a0<b>Valeria Mazza<\/b>, conductora del evento junto a Iv\u00e1n de Pineda, abri\u00f3 la ceremonia con un vestido confeccionado \u00edntegramente en\u00a0<b>plumas<\/b>\u00a0de Pucheta Paz.<\/p>\n<div class=\"inline_2 ad-wrapper\">\n<div class=\"dfpAd ad-inline ad-text\"><\/div>\n<\/div>\n<p class=\"paragraph\" data-mrf-recirculation=\"Links inline\"><b>Pampita Ardohain<\/b>\u00a0opt\u00f3 por un vestido largo strapless de base blanca con\u00a0<b>lunares negros<\/b>, volados estructurados y aplicaciones florales, firmado por\u00a0<b>Carolina Herrera<\/b>. La elecci\u00f3n de una pieza\u00a0<b>ic\u00f3nica<\/b>, replicada en Europa y tra\u00edda especialmente para el evento, reafirm\u00f3 el valor del blanco como s\u00edmbolo de\u00a0<b>elegancia atemporal<\/b>\u00a0y modernidad.<\/p>\n<div class=\"news-module\" data-mrf-recirculation=\"IL_wLyG9sjfRQKb8QO3fSLumw\" data-testid=\"text-html\" data-mrf-experience=\"IL_wLyG9sjfRQKb8QO3fSLumw\">\n<div class=\"recommended-card__image-container\"><\/div>\n<\/div>\n<div class=\"visual__image\"><picture><source srcset=\"https:\/\/www.infobae.com\/resizer\/v2\/ZU26ZKE3C5HGJEERPA2YUDLZOI.jpg?auth=c312ac31e81eb5e474905dd36ba86c5a99f669bf31e5e6cf128a9e83eb2dd48f&amp;smart=true&amp;width=992&amp;height=1454&amp;quality=85\" media=\"(min-width: 1000px)\" \/><source srcset=\"https:\/\/www.infobae.com\/resizer\/v2\/ZU26ZKE3C5HGJEERPA2YUDLZOI.jpg?auth=c312ac31e81eb5e474905dd36ba86c5a99f669bf31e5e6cf128a9e83eb2dd48f&amp;smart=true&amp;width=768&amp;height=1126&amp;quality=85\" media=\"(min-width: 768px)\" \/><source srcset=\"https:\/\/www.infobae.com\/resizer\/v2\/ZU26ZKE3C5HGJEERPA2YUDLZOI.jpg?auth=c312ac31e81eb5e474905dd36ba86c5a99f669bf31e5e6cf128a9e83eb2dd48f&amp;smart=true&amp;width=577&amp;height=846&amp;quality=85\" media=\"(min-width: 580px)\" \/><source srcset=\"https:\/\/www.infobae.com\/resizer\/v2\/ZU26ZKE3C5HGJEERPA2YUDLZOI.jpg?auth=c312ac31e81eb5e474905dd36ba86c5a99f669bf31e5e6cf128a9e83eb2dd48f&amp;smart=true&amp;width=420&amp;height=616&amp;quality=85\" media=\"(min-width: 350px)\" \/><source srcset=\"https:\/\/www.infobae.com\/resizer\/v2\/ZU26ZKE3C5HGJEERPA2YUDLZOI.jpg?auth=c312ac31e81eb5e474905dd36ba86c5a99f669bf31e5e6cf128a9e83eb2dd48f&amp;smart=true&amp;width=350&amp;height=513&amp;quality=85\" media=\"(min-width: 80px)\" \/><img loading=\"lazy\" decoding=\"async\" class=\"global-image\" src=\"https:\/\/www.infobae.com\/resizer\/v2\/ZU26ZKE3C5HGJEERPA2YUDLZOI.jpg?auth=c312ac31e81eb5e474905dd36ba86c5a99f669bf31e5e6cf128a9e83eb2dd48f&amp;smart=true&amp;width=350&amp;height=513&amp;quality=85\" alt=\"Mart\u00edn Fierro de la Moda 2026 - Alfombra roja\" width=\"1920\" height=\"2814\" \/><\/picture>Pampita Ardohain llev\u00f3 un vestido blanco con lunares negros y aplicaciones florales de Carolina Herrera (Prensa Telefe)<\/div>\n<p class=\"paragraph\" data-mrf-recirculation=\"Links inline\">Stephanie Demner tambi\u00e9n eligi\u00f3 el blanco en una versi\u00f3n de<b>\u00a0textura fruncida\u00a0<\/b>que cubri\u00f3 mangas y cuerpo, logrando un efecto arrugado que sum\u00f3 dinamismo al conjunto.<\/p>\n<div class=\"ad_1 ad-wrapper\">\n<div class=\"dfpAd ad-1-al-6 ad-text\">\n<div id=\"infobae\/tendencias\/nota\/ad_1\" class=\"infobae\/tendencias\/nota\/ad_1 arcad\" data-google-query-id=\"CKmMhfWNjpQDFTAhHgAdCuQq3g\">\n<div id=\"google_ads_iframe_\/1058609\/infobae\/tendencias\/nota\/ad_1_0__container__\"><\/div>\n<\/div>\n<\/div>\n<\/div>\n<div class=\"visual__image\"><picture><source srcset=\"https:\/\/www.infobae.com\/resizer\/v2\/YWNU4PMV6NFHBD3TTXJNEAV4LI.jpg?auth=150c53fffe2e77a4817a04f5abf1ef805983b06f75970565aaadffca7510aaac&amp;smart=true&amp;width=992&amp;height=1541&amp;quality=85\" media=\"(min-width: 1000px)\" \/><source srcset=\"https:\/\/www.infobae.com\/resizer\/v2\/YWNU4PMV6NFHBD3TTXJNEAV4LI.jpg?auth=150c53fffe2e77a4817a04f5abf1ef805983b06f75970565aaadffca7510aaac&amp;smart=true&amp;width=768&amp;height=1193&amp;quality=85\" media=\"(min-width: 768px)\" \/><source srcset=\"https:\/\/www.infobae.com\/resizer\/v2\/YWNU4PMV6NFHBD3TTXJNEAV4LI.jpg?auth=150c53fffe2e77a4817a04f5abf1ef805983b06f75970565aaadffca7510aaac&amp;smart=true&amp;width=577&amp;height=896&amp;quality=85\" media=\"(min-width: 580px)\" \/><source srcset=\"https:\/\/www.infobae.com\/resizer\/v2\/YWNU4PMV6NFHBD3TTXJNEAV4LI.jpg?auth=150c53fffe2e77a4817a04f5abf1ef805983b06f75970565aaadffca7510aaac&amp;smart=true&amp;width=420&amp;height=653&amp;quality=85\" media=\"(min-width: 350px)\" \/><source srcset=\"https:\/\/www.infobae.com\/resizer\/v2\/YWNU4PMV6NFHBD3TTXJNEAV4LI.jpg?auth=150c53fffe2e77a4817a04f5abf1ef805983b06f75970565aaadffca7510aaac&amp;smart=true&amp;width=350&amp;height=544&amp;quality=85\" media=\"(min-width: 80px)\" \/><img loading=\"lazy\" decoding=\"async\" class=\"global-image\" src=\"https:\/\/www.infobae.com\/resizer\/v2\/YWNU4PMV6NFHBD3TTXJNEAV4LI.jpg?auth=150c53fffe2e77a4817a04f5abf1ef805983b06f75970565aaadffca7510aaac&amp;smart=true&amp;width=350&amp;height=544&amp;quality=85\" alt=\"Mart\u00edn Fierro de la Moda 2026 - Alfombra roja\" width=\"1920\" height=\"2983\" \/><\/picture>Marta Fort luci\u00f3 un strapless de Claudia Arce con apliques brillantes y cruz plateada en el busto (RS Fotos)<\/div>\n<p class=\"paragraph\" data-mrf-recirculation=\"Links inline\"><b>Marta Fort<\/b>\u00a0se inclin\u00f3 por un dise\u00f1o strapless de\u00a0<b>Claudia Arce<\/b>\u00a0con apliques brillantes y una cruz plateada en el busto, mientras que\u00a0<b>Juli Poggio<\/b>\u00a0apost\u00f3 por un modelo asim\u00e9trico de\u00a0<b>Pucheta Paz<\/b>, con brillo, relieve y una falda amplia de corte sirena. Las propuestas de estas celebridades coincidieron en destacar el\u00a0<b>volumen<\/b>, la\u00a0<b>geometr\u00eda<\/b>\u00a0y la experimentaci\u00f3n con\u00a0<b>materiales<\/b>, ubicando al blanco como punto de partida para la innovaci\u00f3n.<\/p>\n<div class=\"visual__image\"><picture><source srcset=\"https:\/\/www.infobae.com\/resizer\/v2\/FMX3BI2G3NHJNLWDUH7E3UXKNM.jpg?auth=b5f949acfb88701168a077cdea160185b769ac3fcfa6db740e2292393d6f9336&amp;smart=true&amp;width=992&amp;height=1145&amp;quality=85\" media=\"(min-width: 1000px)\" \/><source srcset=\"https:\/\/www.infobae.com\/resizer\/v2\/FMX3BI2G3NHJNLWDUH7E3UXKNM.jpg?auth=b5f949acfb88701168a077cdea160185b769ac3fcfa6db740e2292393d6f9336&amp;smart=true&amp;width=768&amp;height=887&amp;quality=85\" media=\"(min-width: 768px)\" \/><source srcset=\"https:\/\/www.infobae.com\/resizer\/v2\/FMX3BI2G3NHJNLWDUH7E3UXKNM.jpg?auth=b5f949acfb88701168a077cdea160185b769ac3fcfa6db740e2292393d6f9336&amp;smart=true&amp;width=577&amp;height=666&amp;quality=85\" media=\"(min-width: 580px)\" \/><source srcset=\"https:\/\/www.infobae.com\/resizer\/v2\/FMX3BI2G3NHJNLWDUH7E3UXKNM.jpg?auth=b5f949acfb88701168a077cdea160185b769ac3fcfa6db740e2292393d6f9336&amp;smart=true&amp;width=420&amp;height=485&amp;quality=85\" media=\"(min-width: 350px)\" \/><source srcset=\"https:\/\/www.infobae.com\/resizer\/v2\/FMX3BI2G3NHJNLWDUH7E3UXKNM.jpg?auth=b5f949acfb88701168a077cdea160185b769ac3fcfa6db740e2292393d6f9336&amp;smart=true&amp;width=350&amp;height=404&amp;quality=85\" media=\"(min-width: 80px)\" \/><img loading=\"lazy\" decoding=\"async\" class=\"global-image\" src=\"https:\/\/www.infobae.com\/resizer\/v2\/FMX3BI2G3NHJNLWDUH7E3UXKNM.jpg?auth=b5f949acfb88701168a077cdea160185b769ac3fcfa6db740e2292393d6f9336&amp;smart=true&amp;width=350&amp;height=404&amp;quality=85\" alt=\"Mart\u00edn Fierro de la Moda 2026 - Alfombra roja\" width=\"1920\" height=\"2217\" \/><\/picture>Juli Poggio opt\u00f3 por un modelo asim\u00e9trico de Pucheta Paz con brillo y falda amplia de corte sirena (Prensa Telefe)<\/div>\n<h2 id=\"sastreria-negra-reinterpretada:-clasicismo-y-detalles-de-autor\" class=\"header headline-class-h2 headline\">Sastrer\u00eda negra reinterpretada: clasicismo y detalles de autor<\/h2>\n<p class=\"paragraph\" data-mrf-recirculation=\"Links inline\">La\u00a0<b>sastrer\u00eda negra<\/b>\u00a0fue otro de los ejes recurrentes en la alfombra roja, tanto en versiones tradicionales como en apuestas renovadas que incorporaron\u00a0<b>detalles distintivos<\/b>.\u00a0<b>Luis Ventura<\/b>\u00a0eligi\u00f3 el esmoquin cl\u00e1sico, mientras que\u00a0<b>Liliana Parodi<\/b>\u00a0present\u00f3 un traje sastre de corte recto que reforz\u00f3 la vigencia del negro como emblema de\u00a0<b>sobriedad<\/b>.\u00a0<b>Gustavo Pucheta<\/b>\u00a0actualiz\u00f3 la tendencia con un conjunto\u00a0<b>total black<\/b>\u00a0de saco entallado y pantalones levemente acampanados, acompa\u00f1ado de una camisa y bufanda en la misma gama.<\/p>\n<div class=\"ad_2 ad-wrapper\">\n<div class=\"dfpAd ad-1-al-6 ad-text\">\n<div id=\"infobae\/tendencias\/nota\/ad_2\" class=\"infobae\/tendencias\/nota\/ad_2 arcad\" data-google-query-id=\"CJv28fWNjpQDFUsBHgAdXoooww\">\n<div id=\"google_ads_iframe_\/1058609\/infobae\/tendencias\/nota\/ad_2_0__container__\"><\/div>\n<\/div>\n<\/div>\n<\/div>\n<div class=\"visual__image\"><picture><source srcset=\"https:\/\/www.infobae.com\/resizer\/v2\/3SKROPTMWJBI3BRE6J2LZWQI7I.JPG?auth=e75f491191ac3ad326d97f54a2c6f1edbec119dff626787647357366be2641e9&amp;smart=true&amp;width=992&amp;height=1488&amp;quality=85\" media=\"(min-width: 1000px)\" \/><source srcset=\"https:\/\/www.infobae.com\/resizer\/v2\/3SKROPTMWJBI3BRE6J2LZWQI7I.JPG?auth=e75f491191ac3ad326d97f54a2c6f1edbec119dff626787647357366be2641e9&amp;smart=true&amp;width=768&amp;height=1152&amp;quality=85\" media=\"(min-width: 768px)\" \/><source srcset=\"https:\/\/www.infobae.com\/resizer\/v2\/3SKROPTMWJBI3BRE6J2LZWQI7I.JPG?auth=e75f491191ac3ad326d97f54a2c6f1edbec119dff626787647357366be2641e9&amp;smart=true&amp;width=577&amp;height=866&amp;quality=85\" media=\"(min-width: 580px)\" \/><source srcset=\"https:\/\/www.infobae.com\/resizer\/v2\/3SKROPTMWJBI3BRE6J2LZWQI7I.JPG?auth=e75f491191ac3ad326d97f54a2c6f1edbec119dff626787647357366be2641e9&amp;smart=true&amp;width=420&amp;height=630&amp;quality=85\" media=\"(min-width: 350px)\" \/><source srcset=\"https:\/\/www.infobae.com\/resizer\/v2\/3SKROPTMWJBI3BRE6J2LZWQI7I.JPG?auth=e75f491191ac3ad326d97f54a2c6f1edbec119dff626787647357366be2641e9&amp;smart=true&amp;width=350&amp;height=525&amp;quality=85\" media=\"(min-width: 80px)\" \/><img loading=\"lazy\" decoding=\"async\" class=\"global-image\" src=\"https:\/\/www.infobae.com\/resizer\/v2\/3SKROPTMWJBI3BRE6J2LZWQI7I.JPG?auth=e75f491191ac3ad326d97f54a2c6f1edbec119dff626787647357366be2641e9&amp;smart=true&amp;width=350&amp;height=525&amp;quality=85\" alt=\"Martin Fierro de la Moda 2026 - Alfombra roja\" width=\"1920\" height=\"2880\" \/><\/picture>Gustavo Pucheta actualiz\u00f3 la tendencia con un conjunto total black y pantalones levemente acampanados (Prensa Telefe)<\/div>\n<p class=\"paragraph\" data-mrf-recirculation=\"Links inline\">Entre los hombres,\u00a0<b>Grego Rossello<\/b>\u00a0se destac\u00f3 con una combinaci\u00f3n de\u00a0<b>chaqueta negra<\/b>\u00a0de corte recto, pantal\u00f3n ancho y\u00a0<b>accesorios met\u00e1licos<\/b>, logrando un equilibrio entre tradici\u00f3n y modernidad.\u00a0<b>Gabriel Olivieri<\/b>\u00a0sum\u00f3 solapas de raso y prendedor plateado a su esmoquin, evidenciando la importancia de los\u00a0<b>accesorios<\/b>\u00a0como sello personal.\u00a0<b>Fabi\u00e1n Zitta<\/b>, por su parte, integr\u00f3 detalles brillantes en las solapas y la cintura de su esmoquin, renovando la formalidad a trav\u00e9s del\u00a0<b>brillo<\/b>\u00a0y los\u00a0<b>acabados<\/b>.<\/p>\n<h2 id=\"transparencias-encajes-y-acabados-brillantes\" class=\"header headline-class-h2 headline\">Transparencias, encajes y acabados brillantes<\/h2>\n<p class=\"paragraph\" data-mrf-recirculation=\"Links inline\">Los recursos textiles que sugieren\u00a0<b>transparencia<\/b>, detalles\u00a0<b>brillantes<\/b>\u00a0y\u00a0<b>superposiciones<\/b>\u00a0se consolidaron como tendencia, aportando sensualidad y dinamismo a los looks.\u00a0<b>Zaira Nara<\/b>\u00a0eligi\u00f3 un body negro de\u00a0<b>encaje transparente<\/b>\u00a0con escote profundo, medias al tono y stilettos con\u00a0<b>puntera dorada<\/b>, sumando collares y anillos dorados.\u00a0<b>Ingrid Grudke<\/b>\u00a0apost\u00f3 por un vestido marr\u00f3n ajustado de cuello alto y mangas largas en\u00a0<b>tul<\/b>, que incluy\u00f3 paneles de transparencia en hombros y laterales, consiguiendo\u00a0<b>contrastes sutiles<\/b>.<\/p>\n<div class=\"ad_3 ad-wrapper\">\n<div class=\"dfpAd ad-1-al-6 ad-text\">\n<div id=\"infobae\/tendencias\/nota\/ad_3\" class=\"infobae\/tendencias\/nota\/ad_3 arcad\">\n<div id=\"google_ads_iframe_\/1058609\/infobae\/tendencias\/nota\/ad_3_0__container__\"><\/div>\n<\/div>\n<\/div>\n<\/div>\n<div class=\"visual__image\"><picture><source srcset=\"https:\/\/www.infobae.com\/resizer\/v2\/SC66I25KBFDFPIU6Y42MNLXSLA.jpg?auth=0ae1d5a53a507947ddaabea0a42bc872445cbe42f9905d0bccde1e7286df3776&amp;smart=true&amp;width=992&amp;height=1744&amp;quality=85\" media=\"(min-width: 1000px)\" \/><source srcset=\"https:\/\/www.infobae.com\/resizer\/v2\/SC66I25KBFDFPIU6Y42MNLXSLA.jpg?auth=0ae1d5a53a507947ddaabea0a42bc872445cbe42f9905d0bccde1e7286df3776&amp;smart=true&amp;width=768&amp;height=1350&amp;quality=85\" media=\"(min-width: 768px)\" \/><source srcset=\"https:\/\/www.infobae.com\/resizer\/v2\/SC66I25KBFDFPIU6Y42MNLXSLA.jpg?auth=0ae1d5a53a507947ddaabea0a42bc872445cbe42f9905d0bccde1e7286df3776&amp;smart=true&amp;width=577&amp;height=1015&amp;quality=85\" media=\"(min-width: 580px)\" \/><source srcset=\"https:\/\/www.infobae.com\/resizer\/v2\/SC66I25KBFDFPIU6Y42MNLXSLA.jpg?auth=0ae1d5a53a507947ddaabea0a42bc872445cbe42f9905d0bccde1e7286df3776&amp;smart=true&amp;width=420&amp;height=739&amp;quality=85\" media=\"(min-width: 350px)\" \/><source srcset=\"https:\/\/www.infobae.com\/resizer\/v2\/SC66I25KBFDFPIU6Y42MNLXSLA.jpg?auth=0ae1d5a53a507947ddaabea0a42bc872445cbe42f9905d0bccde1e7286df3776&amp;smart=true&amp;width=350&amp;height=615&amp;quality=85\" media=\"(min-width: 80px)\" \/><img loading=\"lazy\" decoding=\"async\" class=\"global-image\" src=\"https:\/\/www.infobae.com\/resizer\/v2\/SC66I25KBFDFPIU6Y42MNLXSLA.jpg?auth=0ae1d5a53a507947ddaabea0a42bc872445cbe42f9905d0bccde1e7286df3776&amp;smart=true&amp;width=350&amp;height=615&amp;quality=85\" alt=\"Mart\u00edn Fierro de la Moda 2026 - Alfombra roja\" width=\"1920\" height=\"3376\" \/><\/picture>Zaira Nara eligi\u00f3 un body negro de encaje transparente y stilettos con puntera dorada (RS Fotos)<\/div>\n<p class=\"paragraph\" data-mrf-recirculation=\"Links inline\"><b>Anal\u00eda Franch\u00edn<\/b>\u00a0se inclin\u00f3 por un vestido negro strapless con\u00a0<b>textura s\u00edmil reptil<\/b>, acompa\u00f1ado de guantes largos y botas al tono, mientras que\u00a0<b>Marta Fort<\/b>\u00a0aport\u00f3 brillo con apliques que irradiaron desde el centro del busto. El uso de materiales como\u00a0<b>encajes<\/b>,\u00a0<b>tules<\/b>\u00a0y textiles\u00a0<b>metalizados<\/b>\u00a0permiti\u00f3 a las figuras explorar nuevas\u00a0<b>siluetas<\/b>\u00a0y resaltar la\u00a0<b>individualidad<\/b>, en una temporada donde la mezcla de\u00a0<b>texturas<\/b>\u00a0y los detalles\u00a0<b>lum\u00ednicos<\/b>\u00a0ganaron protagonismo.<\/p>\n<h2 id=\"el-azul-como-alternativa-sofisticada\" class=\"header headline-class-h2 headline\">El azul como alternativa sofisticada<\/h2>\n<p class=\"paragraph\" data-mrf-recirculation=\"Links inline\">El\u00a0<b>azul<\/b>, en diferentes matices, emergi\u00f3 como una alternativa al binomio blanco-negro, asociado a la\u00a0<b>sofisticaci\u00f3n<\/b>\u00a0y la\u00a0<b>originalidad<\/b>.\u00a0<b>Anam\u00e1 Ferreira<\/b>\u00a0opt\u00f3 por un vestido largo de\u00a0<b>sat\u00e9n azul claro<\/b>, escote coraz\u00f3n y capa amplia con reflejos plateados, firmado por\u00a0<b>Ver\u00f3nica de la Canal<\/b>.\u00a0<b>Joaqu\u00edn \u201cEl Pollo\u201d \u00c1lvarez<\/b>\u00a0sum\u00f3 el azul oscuro en un traje cl\u00e1sico con\u00a0<b>corbata lila<\/b>\u00a0y camisa blanca.<\/p>\n<div class=\"ad_4 ad-wrapper\">\n<div class=\"dfpAd ad-1-al-6 ad-text\">\n<div id=\"infobae\/tendencias\/nota\/ad_4\" class=\"infobae\/tendencias\/nota\/ad_4 arcad\" data-google-query-id=\"COKOlveNjpQDFUgKHgAdWLQpyw\">\n<div id=\"google_ads_iframe_\/1058609\/infobae\/tendencias\/nota\/ad_4_0__container__\"><iframe id=\"google_ads_iframe_\/1058609\/infobae\/tendencias\/nota\/ad_4_0\" tabindex=\"0\" title=\"Contenido de anuncios de terceros\" name=\"google_ads_iframe_\/1058609\/infobae\/tendencias\/nota\/ad_4_0\" width=\"728\" height=\"200\" frameborder=\"0\" marginwidth=\"0\" marginheight=\"0\" scrolling=\"no\" aria-label=\"Anuncio\" data-google-container-id=\"e\" data-load-complete=\"true\" data-mce-fragment=\"1\"><\/iframe><\/div>\n<\/div>\n<\/div>\n<\/div>\n<div class=\"visual__image\"><picture><source srcset=\"https:\/\/www.infobae.com\/resizer\/v2\/S5IDRL5I7VGCBPK3IOVIOL365I.JPG?auth=795afe46d5484b4ff5a03cb703f76e26dbb0686863f14bd54c943ddf203493be&amp;smart=true&amp;width=992&amp;height=661&amp;quality=85\" media=\"(min-width: 1000px)\" \/><source srcset=\"https:\/\/www.infobae.com\/resizer\/v2\/S5IDRL5I7VGCBPK3IOVIOL365I.JPG?auth=795afe46d5484b4ff5a03cb703f76e26dbb0686863f14bd54c943ddf203493be&amp;smart=true&amp;width=768&amp;height=512&amp;quality=85\" media=\"(min-width: 768px)\" \/><source srcset=\"https:\/\/www.infobae.com\/resizer\/v2\/S5IDRL5I7VGCBPK3IOVIOL365I.JPG?auth=795afe46d5484b4ff5a03cb703f76e26dbb0686863f14bd54c943ddf203493be&amp;smart=true&amp;width=577&amp;height=385&amp;quality=85\" media=\"(min-width: 580px)\" \/><source srcset=\"https:\/\/www.infobae.com\/resizer\/v2\/S5IDRL5I7VGCBPK3IOVIOL365I.JPG?auth=795afe46d5484b4ff5a03cb703f76e26dbb0686863f14bd54c943ddf203493be&amp;smart=true&amp;width=420&amp;height=280&amp;quality=85\" media=\"(min-width: 350px)\" \/><source srcset=\"https:\/\/www.infobae.com\/resizer\/v2\/S5IDRL5I7VGCBPK3IOVIOL365I.JPG?auth=795afe46d5484b4ff5a03cb703f76e26dbb0686863f14bd54c943ddf203493be&amp;smart=true&amp;width=350&amp;height=233&amp;quality=85\" media=\"(min-width: 80px)\" \/><img loading=\"lazy\" decoding=\"async\" class=\"global-image\" src=\"https:\/\/www.infobae.com\/resizer\/v2\/S5IDRL5I7VGCBPK3IOVIOL365I.JPG?auth=795afe46d5484b4ff5a03cb703f76e26dbb0686863f14bd54c943ddf203493be&amp;smart=true&amp;width=350&amp;height=233&amp;quality=85\" alt=\"Martin Fierro de la Moda 2026 - Alfombra roja\" width=\"1920\" height=\"1280\" \/><\/picture>Anam\u00e1 Ferreira opt\u00f3 por un vestido largo de sat\u00e9n azul claro de Ver\u00f3nica de la Canal (Prensa Telefe)<\/div>\n<p class=\"paragraph\" data-mrf-recirculation=\"Links inline\">La variedad de\u00a0<b>tonos<\/b>\u00a0y la elecci\u00f3n de materiales como el\u00a0<b>sat\u00e9n<\/b>\u00a0y el\u00a0<b>crep<\/b>\u00a0evidenciaron una b\u00fasqueda de\u00a0<b>distinci\u00f3n<\/b>\u00a0y\u00a0<b>elegancia<\/b>, con el azul posicion\u00e1ndose como el color elegido para quienes buscan\u00a0<b>destacarse<\/b>\u00a0sin recurrir al negro o al blanco. En todos los casos, el\u00a0<b>styling<\/b>\u00a0se complet\u00f3 con\u00a0<b>accesorios met\u00e1licos<\/b>\u00a0y\u00a0<b>peinados pulidos<\/b>, reforzando el car\u00e1cter\u00a0<b>sofisticado<\/b>\u00a0de la tendencia.<\/p>\n<div class=\"visual__image\"><picture><source srcset=\"https:\/\/www.infobae.com\/resizer\/v2\/MEFVBBZLHNBNPKDUAZ45DGMUBI.jpg?auth=7d885036a7f45c773eb19ebc3094f2740bb440d9077d24822c03cba69dff085d&amp;smart=true&amp;width=992&amp;height=1517&amp;quality=85\" media=\"(min-width: 1000px)\" \/><source srcset=\"https:\/\/www.infobae.com\/resizer\/v2\/MEFVBBZLHNBNPKDUAZ45DGMUBI.jpg?auth=7d885036a7f45c773eb19ebc3094f2740bb440d9077d24822c03cba69dff085d&amp;smart=true&amp;width=768&amp;height=1174&amp;quality=85\" media=\"(min-width: 768px)\" \/><source srcset=\"https:\/\/www.infobae.com\/resizer\/v2\/MEFVBBZLHNBNPKDUAZ45DGMUBI.jpg?auth=7d885036a7f45c773eb19ebc3094f2740bb440d9077d24822c03cba69dff085d&amp;smart=true&amp;width=577&amp;height=882&amp;quality=85\" media=\"(min-width: 580px)\" \/><source srcset=\"https:\/\/www.infobae.com\/resizer\/v2\/MEFVBBZLHNBNPKDUAZ45DGMUBI.jpg?auth=7d885036a7f45c773eb19ebc3094f2740bb440d9077d24822c03cba69dff085d&amp;smart=true&amp;width=420&amp;height=642&amp;quality=85\" media=\"(min-width: 350px)\" \/><source srcset=\"https:\/\/www.infobae.com\/resizer\/v2\/MEFVBBZLHNBNPKDUAZ45DGMUBI.jpg?auth=7d885036a7f45c773eb19ebc3094f2740bb440d9077d24822c03cba69dff085d&amp;smart=true&amp;width=350&amp;height=535&amp;quality=85\" media=\"(min-width: 80px)\" \/><img loading=\"lazy\" decoding=\"async\" class=\"global-image\" src=\"https:\/\/www.infobae.com\/resizer\/v2\/MEFVBBZLHNBNPKDUAZ45DGMUBI.jpg?auth=7d885036a7f45c773eb19ebc3094f2740bb440d9077d24822c03cba69dff085d&amp;smart=true&amp;width=350&amp;height=535&amp;quality=85\" alt=\"Mart\u00edn Fierro de la Moda 2026 - Ganadores\" width=\"1920\" height=\"2936\" \/><\/picture>Juana Viale con su premio y un look deslumbrante<\/div>\n<p class=\"paragraph\" data-mrf-recirculation=\"Links inline\">Juana Viale se sum\u00f3 a las tendencias de la temporada al elegir un vestido largo de sat\u00e9n en tono pastel, con silueta recta, cuello alto y mangas largas. Apost\u00f3 por accesorios met\u00e1licos como aros circulares y anillos llamativos, aline\u00e1ndose con la preferencia por la elegancia sobria. El recogido pulido y el maquillaje de acabado natural reforzaron la est\u00e9tica depurada y sofisticada que predomin\u00f3 en las alfombras rojas recientes.<\/p>\n<div class=\"ad_5 ad-wrapper\">\n<div class=\"dfpAd ad-1-al-6 ad-text\">\n<div id=\"infobae\/tendencias\/nota\/ad_5\" class=\"infobae\/tendencias\/nota\/ad_5 arcad\" data-google-query-id=\"CLnqhviNjpQDFdg4HgAdA7wJkg\">\n<div id=\"google_ads_iframe_\/1058609\/infobae\/tendencias\/nota\/ad_5_0__container__\"><iframe id=\"google_ads_iframe_\/1058609\/infobae\/tendencias\/nota\/ad_5_0\" tabindex=\"0\" title=\"Contenido de anuncios de terceros\" name=\"google_ads_iframe_\/1058609\/infobae\/tendencias\/nota\/ad_5_0\" width=\"728\" height=\"200\" frameborder=\"0\" marginwidth=\"0\" marginheight=\"0\" scrolling=\"no\" aria-label=\"Anuncio\" data-google-container-id=\"f\" data-load-complete=\"true\" data-mce-fragment=\"1\"><\/iframe><\/div>\n<\/div>\n<\/div>\n<\/div>\n<div class=\"visual__image\"><picture><source srcset=\"https:\/\/www.infobae.com\/resizer\/v2\/AW5HO6KCYZG4PJFVYINHRYWTXA.jpg?auth=ab252ce1e74df71ec62625b162feec91d9c4d071fbeaf31e5701f316a116a252&amp;smart=true&amp;width=992&amp;height=1655&amp;quality=85\" media=\"(min-width: 1000px)\" \/><source srcset=\"https:\/\/www.infobae.com\/resizer\/v2\/AW5HO6KCYZG4PJFVYINHRYWTXA.jpg?auth=ab252ce1e74df71ec62625b162feec91d9c4d071fbeaf31e5701f316a116a252&amp;smart=true&amp;width=768&amp;height=1282&amp;quality=85\" media=\"(min-width: 768px)\" \/><source srcset=\"https:\/\/www.infobae.com\/resizer\/v2\/AW5HO6KCYZG4PJFVYINHRYWTXA.jpg?auth=ab252ce1e74df71ec62625b162feec91d9c4d071fbeaf31e5701f316a116a252&amp;smart=true&amp;width=577&amp;height=963&amp;quality=85\" media=\"(min-width: 580px)\" \/><source srcset=\"https:\/\/www.infobae.com\/resizer\/v2\/AW5HO6KCYZG4PJFVYINHRYWTXA.jpg?auth=ab252ce1e74df71ec62625b162feec91d9c4d071fbeaf31e5701f316a116a252&amp;smart=true&amp;width=420&amp;height=701&amp;quality=85\" media=\"(min-width: 350px)\" \/><source srcset=\"https:\/\/www.infobae.com\/resizer\/v2\/AW5HO6KCYZG4PJFVYINHRYWTXA.jpg?auth=ab252ce1e74df71ec62625b162feec91d9c4d071fbeaf31e5701f316a116a252&amp;smart=true&amp;width=350&amp;height=584&amp;quality=85\" media=\"(min-width: 80px)\" \/><img loading=\"lazy\" decoding=\"async\" class=\"global-image\" src=\"https:\/\/www.infobae.com\/resizer\/v2\/AW5HO6KCYZG4PJFVYINHRYWTXA.jpg?auth=ab252ce1e74df71ec62625b162feec91d9c4d071fbeaf31e5701f316a116a252&amp;smart=true&amp;width=350&amp;height=584&amp;quality=85\" alt=\"Mart\u00edn Fierro de la Moda 2026 - Alfombra roja\" width=\"1920\" height=\"3204\" \/><\/picture>Sofi &#8220;La Reini&#8221; Gonet con un total black<\/div>\n<p class=\"paragraph\" data-mrf-recirculation=\"Links inline\">Sof\u00eda Gonet hizo suya una de las tendencias m\u00e1s audaces de la temporada eligiendo un vestido de sat\u00e9n negro con corte sirena y escote asim\u00e9trico. A diferencia de la preferencia por los tonos suaves y las l\u00edneas minimalistas, Gonet apost\u00f3 por la fuerza del negro, el volumen en la falda y una silueta marcada que realz\u00f3 la figura.\u00a0<b>El dise\u00f1o de un solo hombro y los pliegues pronunciados reflejaron una inclinaci\u00f3n por la teatralidad y los detalles de impacto en la moda<\/b>\u00a0de alfombra roja.<\/p>\n<div class=\"second-saved-buttons\">\n<div class=\"body-share-note\"><\/div>\n<\/div>\n","protected":false},"excerpt":{"rendered":"<p>La gala exhibi\u00f3 una notable variedad de propuestas en las que la sutileza de los tejidos, el trabajo artesanal y los acabados luminosos La edici\u00f3n 2026 de los\u00a0Mart\u00edn Fierro de la Moda\u00a0volvi\u00f3 a posicionarse como uno de los eventos m\u00e1s esperados en el calendario fashionista argentino. Reuni\u00f3 a dise\u00f1adores, modelos y figuras del espect\u00e1culo para [&hellip;]<\/p>\n","protected":false},"author":1,"featured_media":15899,"comment_status":"open","ping_status":"open","sticky":false,"template":"","format":"standard","meta":{"rop_custom_images_group":[],"rop_custom_messages_group":[],"rop_publish_now":"initial","rop_publish_now_accounts":[],"rop_publish_now_history":[],"rop_publish_now_status":"pending","footnotes":"","jetpack_publicize_message":"","jetpack_publicize_feature_enabled":true,"jetpack_social_post_already_shared":true,"jetpack_social_options":{"image_generator_settings":{"template":"highway","enabled":false},"version":2}},"categories":[12],"tags":[],"class_list":{"0":"post-15898","1":"post","2":"type-post","3":"status-publish","4":"format-standard","5":"has-post-thumbnail","7":"category-espectaculos"},"jetpack_publicize_connections":[],"yoast_head":"<!-- This site is optimized with the Yoast SEO plugin v27.3 - https:\/\/yoast.com\/product\/yoast-seo-wordpress\/ -->\n<title>Transparencias encajes y brillo: los c\u00f3digos de dise\u00f1o que definieron los Mart\u00edn Fierro de la Moda - CLAN ESPECTACULOS<\/title>\n<meta name=\"robots\" content=\"index, follow, max-snippet:-1, max-image-preview:large, max-video-preview:-1\" \/>\n<link rel=\"canonical\" href=\"https:\/\/radioclanfm.com\/clanespectaculos\/transparencias-encajes-y-brillo-los-codigos-de-diseno-que-definieron-los-martin-fierro-de-la-moda\/\" \/>\n<meta property=\"og:locale\" content=\"es_ES\" \/>\n<meta property=\"og:type\" content=\"article\" \/>\n<meta property=\"og:title\" content=\"Transparencias encajes y brillo: los c\u00f3digos de dise\u00f1o que definieron los Mart\u00edn Fierro de la Moda - CLAN ESPECTACULOS\" \/>\n<meta property=\"og:description\" content=\"La gala exhibi\u00f3 una notable variedad de propuestas en las que la sutileza de los tejidos, el trabajo artesanal y los acabados luminosos La edici\u00f3n 2026 de los\u00a0Mart\u00edn Fierro de la Moda\u00a0volvi\u00f3 a posicionarse como uno de los eventos m\u00e1s esperados en el calendario fashionista argentino. Reuni\u00f3 a dise\u00f1adores, modelos y figuras del espect\u00e1culo para [&hellip;]\" \/>\n<meta property=\"og:url\" content=\"https:\/\/radioclanfm.com\/clanespectaculos\/transparencias-encajes-y-brillo-los-codigos-de-diseno-que-definieron-los-martin-fierro-de-la-moda\/\" \/>\n<meta property=\"og:site_name\" content=\"CLAN ESPECTACULOS\" \/>\n<meta property=\"article:publisher\" content=\"https:\/\/www.facebook.com\/clanespectaculos\/\" \/>\n<meta property=\"article:published_time\" content=\"2026-04-27T13:13:31+00:00\" \/>\n<meta property=\"og:image\" content=\"https:\/\/radioclanfm.com\/clanespectaculos\/wp-content\/uploads\/sites\/2\/2026\/04\/JDF3w124.jpg\" \/>\n\t<meta property=\"og:image:width\" content=\"900\" \/>\n\t<meta property=\"og:image:height\" content=\"450\" \/>\n\t<meta property=\"og:image:type\" content=\"image\/jpeg\" \/>\n<meta name=\"author\" content=\"E-GRUPOCLAN\" \/>\n<meta name=\"twitter:card\" content=\"summary_large_image\" \/>\n<meta name=\"twitter:creator\" content=\"@clanespectok\" \/>\n<meta name=\"twitter:site\" content=\"@clanespectok\" \/>\n<meta name=\"twitter:label1\" content=\"Escrito por\" \/>\n\t<meta name=\"twitter:data1\" content=\"E-GRUPOCLAN\" \/>\n\t<meta name=\"twitter:label2\" content=\"Tiempo de lectura\" \/>\n\t<meta name=\"twitter:data2\" content=\"8 minutos\" \/>\n<script type=\"application\/ld+json\" class=\"yoast-schema-graph\">{\"@context\":\"https:\\\/\\\/schema.org\",\"@graph\":[{\"@type\":\"Article\",\"@id\":\"https:\\\/\\\/radioclanfm.com\\\/clanespectaculos\\\/transparencias-encajes-y-brillo-los-codigos-de-diseno-que-definieron-los-martin-fierro-de-la-moda\\\/#article\",\"isPartOf\":{\"@id\":\"https:\\\/\\\/radioclanfm.com\\\/clanespectaculos\\\/transparencias-encajes-y-brillo-los-codigos-de-diseno-que-definieron-los-martin-fierro-de-la-moda\\\/\"},\"author\":{\"name\":\"E-GRUPOCLAN\",\"@id\":\"https:\\\/\\\/radioclanfm.com\\\/clanespectaculos\\\/#\\\/schema\\\/person\\\/9734813083303230f3ad84d99171b20c\"},\"headline\":\"Transparencias encajes y brillo: los c\u00f3digos de dise\u00f1o que definieron los Mart\u00edn Fierro de la Moda\",\"datePublished\":\"2026-04-27T13:13:31+00:00\",\"mainEntityOfPage\":{\"@id\":\"https:\\\/\\\/radioclanfm.com\\\/clanespectaculos\\\/transparencias-encajes-y-brillo-los-codigos-de-diseno-que-definieron-los-martin-fierro-de-la-moda\\\/\"},\"wordCount\":1183,\"commentCount\":0,\"publisher\":{\"@id\":\"https:\\\/\\\/radioclanfm.com\\\/clanespectaculos\\\/#organization\"},\"image\":{\"@id\":\"https:\\\/\\\/radioclanfm.com\\\/clanespectaculos\\\/transparencias-encajes-y-brillo-los-codigos-de-diseno-que-definieron-los-martin-fierro-de-la-moda\\\/#primaryimage\"},\"thumbnailUrl\":\"https:\\\/\\\/radioclanfm.com\\\/clanespectaculos\\\/wp-content\\\/uploads\\\/sites\\\/2\\\/2026\\\/04\\\/JDF3w124.jpg\",\"articleSection\":[\"Espectaculos\"],\"inLanguage\":\"es-AR\",\"potentialAction\":[{\"@type\":\"CommentAction\",\"name\":\"Comment\",\"target\":[\"https:\\\/\\\/radioclanfm.com\\\/clanespectaculos\\\/transparencias-encajes-y-brillo-los-codigos-de-diseno-que-definieron-los-martin-fierro-de-la-moda\\\/#respond\"]}]},{\"@type\":\"WebPage\",\"@id\":\"https:\\\/\\\/radioclanfm.com\\\/clanespectaculos\\\/transparencias-encajes-y-brillo-los-codigos-de-diseno-que-definieron-los-martin-fierro-de-la-moda\\\/\",\"url\":\"https:\\\/\\\/radioclanfm.com\\\/clanespectaculos\\\/transparencias-encajes-y-brillo-los-codigos-de-diseno-que-definieron-los-martin-fierro-de-la-moda\\\/\",\"name\":\"Transparencias encajes y brillo: los c\u00f3digos de dise\u00f1o que definieron los Mart\u00edn Fierro de la Moda - CLAN ESPECTACULOS\",\"isPartOf\":{\"@id\":\"https:\\\/\\\/radioclanfm.com\\\/clanespectaculos\\\/#website\"},\"primaryImageOfPage\":{\"@id\":\"https:\\\/\\\/radioclanfm.com\\\/clanespectaculos\\\/transparencias-encajes-y-brillo-los-codigos-de-diseno-que-definieron-los-martin-fierro-de-la-moda\\\/#primaryimage\"},\"image\":{\"@id\":\"https:\\\/\\\/radioclanfm.com\\\/clanespectaculos\\\/transparencias-encajes-y-brillo-los-codigos-de-diseno-que-definieron-los-martin-fierro-de-la-moda\\\/#primaryimage\"},\"thumbnailUrl\":\"https:\\\/\\\/radioclanfm.com\\\/clanespectaculos\\\/wp-content\\\/uploads\\\/sites\\\/2\\\/2026\\\/04\\\/JDF3w124.jpg\",\"datePublished\":\"2026-04-27T13:13:31+00:00\",\"breadcrumb\":{\"@id\":\"https:\\\/\\\/radioclanfm.com\\\/clanespectaculos\\\/transparencias-encajes-y-brillo-los-codigos-de-diseno-que-definieron-los-martin-fierro-de-la-moda\\\/#breadcrumb\"},\"inLanguage\":\"es-AR\",\"potentialAction\":[{\"@type\":\"ReadAction\",\"target\":[\"https:\\\/\\\/radioclanfm.com\\\/clanespectaculos\\\/transparencias-encajes-y-brillo-los-codigos-de-diseno-que-definieron-los-martin-fierro-de-la-moda\\\/\"]}]},{\"@type\":\"ImageObject\",\"inLanguage\":\"es-AR\",\"@id\":\"https:\\\/\\\/radioclanfm.com\\\/clanespectaculos\\\/transparencias-encajes-y-brillo-los-codigos-de-diseno-que-definieron-los-martin-fierro-de-la-moda\\\/#primaryimage\",\"url\":\"https:\\\/\\\/radioclanfm.com\\\/clanespectaculos\\\/wp-content\\\/uploads\\\/sites\\\/2\\\/2026\\\/04\\\/JDF3w124.jpg\",\"contentUrl\":\"https:\\\/\\\/radioclanfm.com\\\/clanespectaculos\\\/wp-content\\\/uploads\\\/sites\\\/2\\\/2026\\\/04\\\/JDF3w124.jpg\",\"width\":900,\"height\":450},{\"@type\":\"BreadcrumbList\",\"@id\":\"https:\\\/\\\/radioclanfm.com\\\/clanespectaculos\\\/transparencias-encajes-y-brillo-los-codigos-de-diseno-que-definieron-los-martin-fierro-de-la-moda\\\/#breadcrumb\",\"itemListElement\":[{\"@type\":\"ListItem\",\"position\":1,\"name\":\"Inicio\",\"item\":\"https:\\\/\\\/radioclanfm.com\\\/clanespectaculos\\\/\"},{\"@type\":\"ListItem\",\"position\":2,\"name\":\"Transparencias encajes y brillo: los c\u00f3digos de dise\u00f1o que definieron los Mart\u00edn Fierro de la Moda\"}]},{\"@type\":\"WebSite\",\"@id\":\"https:\\\/\\\/radioclanfm.com\\\/clanespectaculos\\\/#website\",\"url\":\"https:\\\/\\\/radioclanfm.com\\\/clanespectaculos\\\/\",\"name\":\"CLAN ESPECTACULOS\",\"description\":\"\",\"publisher\":{\"@id\":\"https:\\\/\\\/radioclanfm.com\\\/clanespectaculos\\\/#organization\"},\"potentialAction\":[{\"@type\":\"SearchAction\",\"target\":{\"@type\":\"EntryPoint\",\"urlTemplate\":\"https:\\\/\\\/radioclanfm.com\\\/clanespectaculos\\\/?s={search_term_string}\"},\"query-input\":{\"@type\":\"PropertyValueSpecification\",\"valueRequired\":true,\"valueName\":\"search_term_string\"}}],\"inLanguage\":\"es-AR\"},{\"@type\":\"Organization\",\"@id\":\"https:\\\/\\\/radioclanfm.com\\\/clanespectaculos\\\/#organization\",\"name\":\"CLAN ESPECTACULOS\",\"url\":\"https:\\\/\\\/radioclanfm.com\\\/clanespectaculos\\\/\",\"logo\":{\"@type\":\"ImageObject\",\"inLanguage\":\"es-AR\",\"@id\":\"https:\\\/\\\/radioclanfm.com\\\/clanespectaculos\\\/#\\\/schema\\\/logo\\\/image\\\/\",\"url\":\"https:\\\/\\\/radioclanfm.com\\\/clanespectaculos\\\/wp-content\\\/uploads\\\/sites\\\/2\\\/2026\\\/04\\\/ChatGPT-Image-23-mar-2026-10_09_00.png\",\"contentUrl\":\"https:\\\/\\\/radioclanfm.com\\\/clanespectaculos\\\/wp-content\\\/uploads\\\/sites\\\/2\\\/2026\\\/04\\\/ChatGPT-Image-23-mar-2026-10_09_00.png\",\"width\":1024,\"height\":1024,\"caption\":\"CLAN ESPECTACULOS\"},\"image\":{\"@id\":\"https:\\\/\\\/radioclanfm.com\\\/clanespectaculos\\\/#\\\/schema\\\/logo\\\/image\\\/\"},\"sameAs\":[\"https:\\\/\\\/www.facebook.com\\\/clanespectaculos\\\/\",\"https:\\\/\\\/x.com\\\/clanespectok\"]},{\"@type\":\"Person\",\"@id\":\"https:\\\/\\\/radioclanfm.com\\\/clanespectaculos\\\/#\\\/schema\\\/person\\\/9734813083303230f3ad84d99171b20c\",\"name\":\"E-GRUPOCLAN\",\"image\":{\"@type\":\"ImageObject\",\"inLanguage\":\"es-AR\",\"@id\":\"https:\\\/\\\/secure.gravatar.com\\\/avatar\\\/af6e19837c3d6a212034a48c7b3818d2ac1826f6025df0155da5a186ad321d79?s=96&d=mm&r=g\",\"url\":\"https:\\\/\\\/secure.gravatar.com\\\/avatar\\\/af6e19837c3d6a212034a48c7b3818d2ac1826f6025df0155da5a186ad321d79?s=96&d=mm&r=g\",\"contentUrl\":\"https:\\\/\\\/secure.gravatar.com\\\/avatar\\\/af6e19837c3d6a212034a48c7b3818d2ac1826f6025df0155da5a186ad321d79?s=96&d=mm&r=g\",\"caption\":\"E-GRUPOCLAN\"},\"sameAs\":[\"https:\\\/\\\/radioclanfm.com\"],\"url\":\"https:\\\/\\\/radioclanfm.com\\\/clanespectaculos\\\/author\\\/admin\\\/\"}]}<\/script>\n<!-- \/ Yoast SEO plugin. -->","yoast_head_json":{"title":"Transparencias encajes y brillo: los c\u00f3digos de dise\u00f1o que definieron los Mart\u00edn Fierro de la Moda - CLAN ESPECTACULOS","robots":{"index":"index","follow":"follow","max-snippet":"max-snippet:-1","max-image-preview":"max-image-preview:large","max-video-preview":"max-video-preview:-1"},"canonical":"https:\/\/radioclanfm.com\/clanespectaculos\/transparencias-encajes-y-brillo-los-codigos-de-diseno-que-definieron-los-martin-fierro-de-la-moda\/","og_locale":"es_ES","og_type":"article","og_title":"Transparencias encajes y brillo: los c\u00f3digos de dise\u00f1o que definieron los Mart\u00edn Fierro de la Moda - CLAN ESPECTACULOS","og_description":"La gala exhibi\u00f3 una notable variedad de propuestas en las que la sutileza de los tejidos, el trabajo artesanal y los acabados luminosos La edici\u00f3n 2026 de los\u00a0Mart\u00edn Fierro de la Moda\u00a0volvi\u00f3 a posicionarse como uno de los eventos m\u00e1s esperados en el calendario fashionista argentino. Reuni\u00f3 a dise\u00f1adores, modelos y figuras del espect\u00e1culo para [&hellip;]","og_url":"https:\/\/radioclanfm.com\/clanespectaculos\/transparencias-encajes-y-brillo-los-codigos-de-diseno-que-definieron-los-martin-fierro-de-la-moda\/","og_site_name":"CLAN ESPECTACULOS","article_publisher":"https:\/\/www.facebook.com\/clanespectaculos\/","article_published_time":"2026-04-27T13:13:31+00:00","og_image":[{"width":900,"height":450,"url":"https:\/\/radioclanfm.com\/clanespectaculos\/wp-content\/uploads\/sites\/2\/2026\/04\/JDF3w124.jpg","type":"image\/jpeg"}],"author":"E-GRUPOCLAN","twitter_card":"summary_large_image","twitter_creator":"@clanespectok","twitter_site":"@clanespectok","twitter_misc":{"Escrito por":"E-GRUPOCLAN","Tiempo de lectura":"8 minutos"},"schema":{"@context":"https:\/\/schema.org","@graph":[{"@type":"Article","@id":"https:\/\/radioclanfm.com\/clanespectaculos\/transparencias-encajes-y-brillo-los-codigos-de-diseno-que-definieron-los-martin-fierro-de-la-moda\/#article","isPartOf":{"@id":"https:\/\/radioclanfm.com\/clanespectaculos\/transparencias-encajes-y-brillo-los-codigos-de-diseno-que-definieron-los-martin-fierro-de-la-moda\/"},"author":{"name":"E-GRUPOCLAN","@id":"https:\/\/radioclanfm.com\/clanespectaculos\/#\/schema\/person\/9734813083303230f3ad84d99171b20c"},"headline":"Transparencias encajes y brillo: los c\u00f3digos de dise\u00f1o que definieron los Mart\u00edn Fierro de la Moda","datePublished":"2026-04-27T13:13:31+00:00","mainEntityOfPage":{"@id":"https:\/\/radioclanfm.com\/clanespectaculos\/transparencias-encajes-y-brillo-los-codigos-de-diseno-que-definieron-los-martin-fierro-de-la-moda\/"},"wordCount":1183,"commentCount":0,"publisher":{"@id":"https:\/\/radioclanfm.com\/clanespectaculos\/#organization"},"image":{"@id":"https:\/\/radioclanfm.com\/clanespectaculos\/transparencias-encajes-y-brillo-los-codigos-de-diseno-que-definieron-los-martin-fierro-de-la-moda\/#primaryimage"},"thumbnailUrl":"https:\/\/radioclanfm.com\/clanespectaculos\/wp-content\/uploads\/sites\/2\/2026\/04\/JDF3w124.jpg","articleSection":["Espectaculos"],"inLanguage":"es-AR","potentialAction":[{"@type":"CommentAction","name":"Comment","target":["https:\/\/radioclanfm.com\/clanespectaculos\/transparencias-encajes-y-brillo-los-codigos-de-diseno-que-definieron-los-martin-fierro-de-la-moda\/#respond"]}]},{"@type":"WebPage","@id":"https:\/\/radioclanfm.com\/clanespectaculos\/transparencias-encajes-y-brillo-los-codigos-de-diseno-que-definieron-los-martin-fierro-de-la-moda\/","url":"https:\/\/radioclanfm.com\/clanespectaculos\/transparencias-encajes-y-brillo-los-codigos-de-diseno-que-definieron-los-martin-fierro-de-la-moda\/","name":"Transparencias encajes y brillo: los c\u00f3digos de dise\u00f1o que definieron los Mart\u00edn Fierro de la Moda - CLAN ESPECTACULOS","isPartOf":{"@id":"https:\/\/radioclanfm.com\/clanespectaculos\/#website"},"primaryImageOfPage":{"@id":"https:\/\/radioclanfm.com\/clanespectaculos\/transparencias-encajes-y-brillo-los-codigos-de-diseno-que-definieron-los-martin-fierro-de-la-moda\/#primaryimage"},"image":{"@id":"https:\/\/radioclanfm.com\/clanespectaculos\/transparencias-encajes-y-brillo-los-codigos-de-diseno-que-definieron-los-martin-fierro-de-la-moda\/#primaryimage"},"thumbnailUrl":"https:\/\/radioclanfm.com\/clanespectaculos\/wp-content\/uploads\/sites\/2\/2026\/04\/JDF3w124.jpg","datePublished":"2026-04-27T13:13:31+00:00","breadcrumb":{"@id":"https:\/\/radioclanfm.com\/clanespectaculos\/transparencias-encajes-y-brillo-los-codigos-de-diseno-que-definieron-los-martin-fierro-de-la-moda\/#breadcrumb"},"inLanguage":"es-AR","potentialAction":[{"@type":"ReadAction","target":["https:\/\/radioclanfm.com\/clanespectaculos\/transparencias-encajes-y-brillo-los-codigos-de-diseno-que-definieron-los-martin-fierro-de-la-moda\/"]}]},{"@type":"ImageObject","inLanguage":"es-AR","@id":"https:\/\/radioclanfm.com\/clanespectaculos\/transparencias-encajes-y-brillo-los-codigos-de-diseno-que-definieron-los-martin-fierro-de-la-moda\/#primaryimage","url":"https:\/\/radioclanfm.com\/clanespectaculos\/wp-content\/uploads\/sites\/2\/2026\/04\/JDF3w124.jpg","contentUrl":"https:\/\/radioclanfm.com\/clanespectaculos\/wp-content\/uploads\/sites\/2\/2026\/04\/JDF3w124.jpg","width":900,"height":450},{"@type":"BreadcrumbList","@id":"https:\/\/radioclanfm.com\/clanespectaculos\/transparencias-encajes-y-brillo-los-codigos-de-diseno-que-definieron-los-martin-fierro-de-la-moda\/#breadcrumb","itemListElement":[{"@type":"ListItem","position":1,"name":"Inicio","item":"https:\/\/radioclanfm.com\/clanespectaculos\/"},{"@type":"ListItem","position":2,"name":"Transparencias encajes y brillo: los c\u00f3digos de dise\u00f1o que definieron los Mart\u00edn Fierro de la Moda"}]},{"@type":"WebSite","@id":"https:\/\/radioclanfm.com\/clanespectaculos\/#website","url":"https:\/\/radioclanfm.com\/clanespectaculos\/","name":"CLAN ESPECTACULOS","description":"","publisher":{"@id":"https:\/\/radioclanfm.com\/clanespectaculos\/#organization"},"potentialAction":[{"@type":"SearchAction","target":{"@type":"EntryPoint","urlTemplate":"https:\/\/radioclanfm.com\/clanespectaculos\/?s={search_term_string}"},"query-input":{"@type":"PropertyValueSpecification","valueRequired":true,"valueName":"search_term_string"}}],"inLanguage":"es-AR"},{"@type":"Organization","@id":"https:\/\/radioclanfm.com\/clanespectaculos\/#organization","name":"CLAN ESPECTACULOS","url":"https:\/\/radioclanfm.com\/clanespectaculos\/","logo":{"@type":"ImageObject","inLanguage":"es-AR","@id":"https:\/\/radioclanfm.com\/clanespectaculos\/#\/schema\/logo\/image\/","url":"https:\/\/radioclanfm.com\/clanespectaculos\/wp-content\/uploads\/sites\/2\/2026\/04\/ChatGPT-Image-23-mar-2026-10_09_00.png","contentUrl":"https:\/\/radioclanfm.com\/clanespectaculos\/wp-content\/uploads\/sites\/2\/2026\/04\/ChatGPT-Image-23-mar-2026-10_09_00.png","width":1024,"height":1024,"caption":"CLAN ESPECTACULOS"},"image":{"@id":"https:\/\/radioclanfm.com\/clanespectaculos\/#\/schema\/logo\/image\/"},"sameAs":["https:\/\/www.facebook.com\/clanespectaculos\/","https:\/\/x.com\/clanespectok"]},{"@type":"Person","@id":"https:\/\/radioclanfm.com\/clanespectaculos\/#\/schema\/person\/9734813083303230f3ad84d99171b20c","name":"E-GRUPOCLAN","image":{"@type":"ImageObject","inLanguage":"es-AR","@id":"https:\/\/secure.gravatar.com\/avatar\/af6e19837c3d6a212034a48c7b3818d2ac1826f6025df0155da5a186ad321d79?s=96&d=mm&r=g","url":"https:\/\/secure.gravatar.com\/avatar\/af6e19837c3d6a212034a48c7b3818d2ac1826f6025df0155da5a186ad321d79?s=96&d=mm&r=g","contentUrl":"https:\/\/secure.gravatar.com\/avatar\/af6e19837c3d6a212034a48c7b3818d2ac1826f6025df0155da5a186ad321d79?s=96&d=mm&r=g","caption":"E-GRUPOCLAN"},"sameAs":["https:\/\/radioclanfm.com"],"url":"https:\/\/radioclanfm.com\/clanespectaculos\/author\/admin\/"}]}},"_links":{"self":[{"href":"https:\/\/radioclanfm.com\/clanespectaculos\/wp-json\/wp\/v2\/posts\/15898","targetHints":{"allow":["GET"]}}],"collection":[{"href":"https:\/\/radioclanfm.com\/clanespectaculos\/wp-json\/wp\/v2\/posts"}],"about":[{"href":"https:\/\/radioclanfm.com\/clanespectaculos\/wp-json\/wp\/v2\/types\/post"}],"author":[{"embeddable":true,"href":"https:\/\/radioclanfm.com\/clanespectaculos\/wp-json\/wp\/v2\/users\/1"}],"replies":[{"embeddable":true,"href":"https:\/\/radioclanfm.com\/clanespectaculos\/wp-json\/wp\/v2\/comments?post=15898"}],"version-history":[{"count":1,"href":"https:\/\/radioclanfm.com\/clanespectaculos\/wp-json\/wp\/v2\/posts\/15898\/revisions"}],"predecessor-version":[{"id":15900,"href":"https:\/\/radioclanfm.com\/clanespectaculos\/wp-json\/wp\/v2\/posts\/15898\/revisions\/15900"}],"wp:featuredmedia":[{"embeddable":true,"href":"https:\/\/radioclanfm.com\/clanespectaculos\/wp-json\/wp\/v2\/media\/15899"}],"wp:attachment":[{"href":"https:\/\/radioclanfm.com\/clanespectaculos\/wp-json\/wp\/v2\/media?parent=15898"}],"wp:term":[{"taxonomy":"category","embeddable":true,"href":"https:\/\/radioclanfm.com\/clanespectaculos\/wp-json\/wp\/v2\/categories?post=15898"},{"taxonomy":"post_tag","embeddable":true,"href":"https:\/\/radioclanfm.com\/clanespectaculos\/wp-json\/wp\/v2\/tags?post=15898"}],"curies":[{"name":"wp","href":"https:\/\/api.w.org\/{rel}","templated":true}]}}