{"id":15889,"date":"2026-04-27T10:04:53","date_gmt":"2026-04-27T13:04:53","guid":{"rendered":"https:\/\/radioclanfm.com\/clanespectaculos\/?p=15889"},"modified":"2026-04-27T10:04:53","modified_gmt":"2026-04-27T13:04:53","slug":"neo-materialidad-la-tendencia-que-pisa-fuerte-en-la-semana-del-diseno-de-milan","status":"publish","type":"post","link":"https:\/\/radioclanfm.com\/clanespectaculos\/neo-materialidad-la-tendencia-que-pisa-fuerte-en-la-semana-del-diseno-de-milan\/","title":{"rendered":"Neo materialidad: la tendencia que pisa fuerte en la Semana del Dise\u00f1o de Mil\u00e1n"},"content":{"rendered":"<p>La innovaci\u00f3n no solo se ve en las formas sino en los materiales: superficies que combinan inspiraci\u00f3n natural y tecnolog\u00eda avanzada, como la piedra sinterizada.<\/p>\n<div class=\"col-content\"><main class=\"col-content\"><\/p>\n<div class=\"default-article-color article__body article__article\">\n<p class=\"paragraph font__body-regular\">Cada abril, la<b>\u00a0Milan Design Week<\/b>\u00a0se convierte en un term\u00f3metro de lo que viene en<b>\u00a0arquitectura, interiorismo y dise\u00f1o industria<\/b>l. En su edici\u00f3n 2026, m\u00e1s all\u00e1 de las formas y los objetos, hubo un protagonista silencioso pero clave:<b>\u00a0los materiales.<\/b>\u00a0Y dentro de ese universo, un concepto empez\u00f3 a repetirse en distintas propuestas y exhibiciones: la\u00a0<b>neo materialidad.<\/b><\/p>\n<div id=\"ad-slot-infeed\" class=\"infeed-container ad-slot-infeed ad-slot\" data-adtype=\"infeed\" data-lazyload=\"1\" data-google-query-id=\"CKCU14CMjpQDFWkVHgAdpGsnXA\">\n<div id=\"google_ads_iframe_\/113951150\/tn-arc\/nota\/infeed_0__container__\"><iframe id=\"google_ads_iframe_\/113951150\/tn-arc\/nota\/infeed_0\" tabindex=\"0\" title=\"Contenido de anuncios de terceros\" name=\"google_ads_iframe_\/113951150\/tn-arc\/nota\/infeed_0\" width=\"1\" height=\"1\" frameborder=\"0\" marginwidth=\"0\" marginheight=\"0\" scrolling=\"no\" aria-label=\"Anuncio\" data-google-container-id=\"9\" data-load-complete=\"true\" data-mce-fragment=\"1\"><\/iframe><\/div>\n<\/div>\n<p class=\"paragraph font__body-regular\">La tendencia, identificada por la consultora Eclectic Trends, plantea un cruce cada vez m\u00e1s sofisticado entre\u00a0<b>naturaleza y tecnolog\u00eda.<\/b> No se trata solo de imitar lo natural, sino de reinterpretarlo: materiales que toman como punto de partida minerales, piedras o texturas org\u00e1nicas, pero que son optimizados mediante procesos industriales para responder a las exigencias actuales.<\/p>\n<h2 class=\"font--primary font__display\">Del material t\u00e9cnico al material curado<\/h2>\n<p class=\"paragraph font__body-regular\">En este contexto, la elecci\u00f3n de materiales dej\u00f3 de ser una decisi\u00f3n secundaria para convertirse en un eje central del proyecto. En Mil\u00e1n, estudios y marcas mostraron c\u00f3mo las superficies ya no se piensan solo por su resistencia o funcionalidad, sino tambi\u00e9n por\u00a0<b>su capacidad de generar atm\u00f3sfera.<\/b><\/p>\n<figure class=\"\" data-testid=\"figure-testid\">\n<div class=\"aspect_ratio__container\"><picture class=\"responsive-image\"><source srcset=\"https:\/\/tn.com.ar\/resizer\/v2\/la-combinacion-de-tecnologia-y-materiales-de-inspiracion-natural-marca-el-rumbo-del-diseno-contemporaneo-foto-holstein-DYP3IQW6KNBRXCPX2SJHQCOSEY.jpg?auth=a200e5a72067b7facd5b41f55679455aed3ee19ed0569994bc2bc4aef0c5425c&amp;width=767\" type=\"image\/jpg\" media=\"(max-width: 728px)\" \/><source srcset=\"https:\/\/tn.com.ar\/resizer\/v2\/la-combinacion-de-tecnologia-y-materiales-de-inspiracion-natural-marca-el-rumbo-del-diseno-contemporaneo-foto-holstein-DYP3IQW6KNBRXCPX2SJHQCOSEY.jpg?auth=a200e5a72067b7facd5b41f55679455aed3ee19ed0569994bc2bc4aef0c5425c&amp;width=1023\" type=\"image\/jpg\" media=\"(max-width: 1023px)\" \/><source srcset=\"https:\/\/tn.com.ar\/resizer\/v2\/la-combinacion-de-tecnologia-y-materiales-de-inspiracion-natural-marca-el-rumbo-del-diseno-contemporaneo-foto-holstein-DYP3IQW6KNBRXCPX2SJHQCOSEY.jpg?auth=a200e5a72067b7facd5b41f55679455aed3ee19ed0569994bc2bc4aef0c5425c&amp;width=1440\" type=\"image\/jpg\" \/><img loading=\"lazy\" decoding=\"async\" class=\"image content-image image_placeholder\" src=\"https:\/\/tn.com.ar\/resizer\/v2\/la-combinacion-de-tecnologia-y-materiales-de-inspiracion-natural-marca-el-rumbo-del-diseno-contemporaneo-foto-holstein-DYP3IQW6KNBRXCPX2SJHQCOSEY.jpg?auth=a200e5a72067b7facd5b41f55679455aed3ee19ed0569994bc2bc4aef0c5425c&amp;width=767\" alt=\"La combinaci\u00f3n de tecnolog\u00eda y materiales de inspiraci\u00f3n natural marca el rumbo del dise\u00f1o contempor\u00e1neo (Foto: Holstein)\" width=\"767\" height=\"511\" data-testid=\"loading-testid\" \/><\/picture><\/div><figcaption class=\"caption_image\" data-testid=\"figcaption-testid\">\n<div class=\"image_caption \">La combinaci\u00f3n de tecnolog\u00eda y materiales de inspiraci\u00f3n natural marca el rumbo del dise\u00f1o contempor\u00e1neo (Foto: Holstein)<\/div>\n<\/figcaption><\/figure>\n<p class=\"paragraph font__body-regular\"><b>El foco est\u00e1 puesto en lo sensorial:<\/b>\u00a0c\u00f3mo se ven, pero tambi\u00e9n c\u00f3mo se sienten. Texturas, temperaturas, reflejos y acabados pasan a ser parte de una experiencia m\u00e1s integral del espacio.<\/p>\n<h2 class=\"font--primary font__display\">La piedra sinterizada y una nueva generaci\u00f3n de superficies<\/h2>\n<p class=\"paragraph font__body-regular\">Entre los materiales que mejor encarnan esta tendencia aparece la\u00a0<b>piedra sinterizada<\/b>, cada vez m\u00e1s presente en proyectos internacionales. Su proceso de fabricaci\u00f3n \u2014a partir de minerales naturales sometidos a altas temperaturas y presi\u00f3n\u2014 reproduce en pocas horas lo que en la naturaleza lleva miles de a\u00f1os.<\/p>\n<figure class=\"\" data-testid=\"figure-testid\">\n<div class=\"aspect_ratio__container\"><picture class=\"responsive-image\"><source srcset=\"https:\/\/tn.com.ar\/resizer\/v2\/superficies-innovadoras-que-priorizan-la-estetica-la-durabilidad-y-la-experiencia-sensorial-foto-holstein-FIYTO4EKERH7PDWISGETITKREE.jpg?auth=c34aa3bde62dfa3fd97413b82365aaabb7c56cf9a04d5ebe7f0e105fa05eddf9&amp;width=767\" type=\"image\/jpg\" media=\"(max-width: 728px)\" \/><source srcset=\"https:\/\/tn.com.ar\/resizer\/v2\/superficies-innovadoras-que-priorizan-la-estetica-la-durabilidad-y-la-experiencia-sensorial-foto-holstein-FIYTO4EKERH7PDWISGETITKREE.jpg?auth=c34aa3bde62dfa3fd97413b82365aaabb7c56cf9a04d5ebe7f0e105fa05eddf9&amp;width=1023\" type=\"image\/jpg\" media=\"(max-width: 1023px)\" \/><source srcset=\"https:\/\/tn.com.ar\/resizer\/v2\/superficies-innovadoras-que-priorizan-la-estetica-la-durabilidad-y-la-experiencia-sensorial-foto-holstein-FIYTO4EKERH7PDWISGETITKREE.jpg?auth=c34aa3bde62dfa3fd97413b82365aaabb7c56cf9a04d5ebe7f0e105fa05eddf9&amp;width=1440\" type=\"image\/jpg\" \/><img loading=\"lazy\" decoding=\"async\" class=\"image content-image image_placeholder\" src=\"https:\/\/tn.com.ar\/resizer\/v2\/superficies-innovadoras-que-priorizan-la-estetica-la-durabilidad-y-la-experiencia-sensorial-foto-holstein-FIYTO4EKERH7PDWISGETITKREE.jpg?auth=c34aa3bde62dfa3fd97413b82365aaabb7c56cf9a04d5ebe7f0e105fa05eddf9&amp;width=767\" alt=\"Superficies innovadoras que priorizan la est\u00e9tica, la durabilidad y la experiencia sensorial (foto: Holstein)\" width=\"767\" height=\"431\" data-testid=\"loading-testid\" \/><\/picture><\/div><figcaption class=\"caption_image\" data-testid=\"figcaption-testid\">\n<div class=\"image_caption \">Superficies innovadoras que priorizan la est\u00e9tica, la durabilidad y la experiencia sensorial (foto: Holstein)<\/div>\n<\/figcaption><\/figure>\n<p class=\"paragraph font__body-regular\">El resultado es una superficie\u00a0<b>ultracompacta, resistente y vers\u00e1til<\/b>, que permite resolver m\u00faltiples aplicaciones sin perder coherencia est\u00e9tica. En Mil\u00e1n, su uso se vio tanto en<b>\u00a0piezas de mobiliario como en revestimientos y propuestas arquitect\u00f3nicas.<\/b><\/p>\n<p class=\"paragraph font__body-regular\">Algunas marcas especializadas vienen impulsando su desarrollo a escala global. Entre ellas, Neolith, que tuvo presencia en el circuito de la semana del dise\u00f1o, forma parte de este movimiento que combina innovaci\u00f3n tecnol\u00f3gica con una fuerte inspiraci\u00f3n en lo natural. Su desembarco en mercados como el argentino \u2014a trav\u00e9s de firmas como Holstein\u2014 refleja c\u00f3mo estas tendencias empiezan a trasladarse tambi\u00e9n al plano local.<\/p>\n<h2 class=\"font--primary font__display\">Continuidad, versatilidad y nuevos lenguajes<\/h2>\n<p class=\"paragraph font__body-regular\">Uno de los grandes diferenciales de estas superficies es\u00a0<b>su capacidad de generar continuidad visual<\/b>. En una \u00e9poca donde los espacios integrados ganan terreno, materiales que pueden aplicarse en pisos, paredes, cocinas o mobiliario permiten construir una est\u00e9tica m\u00e1s limpia y coherente.<\/p>\n<figure class=\"\" data-testid=\"figure-testid\">\n<div class=\"aspect_ratio__container\"><picture class=\"responsive-image\"><source srcset=\"https:\/\/tn.com.ar\/resizer\/v2\/la-piedra-sinterizada-gana-protagonismo-en-proyectos-que-buscan-continuidad-y-versatilidad-foto-holstein-RSM665NHLVEWVALILUEEOYSFE4.jpg?auth=44d1d82e311592ef187e6c1f7754c1ab2ca4c6c9b8579aeaade5ab35e36727f6&amp;width=767\" type=\"image\/jpg\" media=\"(max-width: 728px)\" \/><source srcset=\"https:\/\/tn.com.ar\/resizer\/v2\/la-piedra-sinterizada-gana-protagonismo-en-proyectos-que-buscan-continuidad-y-versatilidad-foto-holstein-RSM665NHLVEWVALILUEEOYSFE4.jpg?auth=44d1d82e311592ef187e6c1f7754c1ab2ca4c6c9b8579aeaade5ab35e36727f6&amp;width=1023\" type=\"image\/jpg\" media=\"(max-width: 1023px)\" \/><source srcset=\"https:\/\/tn.com.ar\/resizer\/v2\/la-piedra-sinterizada-gana-protagonismo-en-proyectos-que-buscan-continuidad-y-versatilidad-foto-holstein-RSM665NHLVEWVALILUEEOYSFE4.jpg?auth=44d1d82e311592ef187e6c1f7754c1ab2ca4c6c9b8579aeaade5ab35e36727f6&amp;width=1440\" type=\"image\/jpg\" \/><img loading=\"lazy\" decoding=\"async\" class=\"image content-image image_placeholder\" src=\"https:\/\/tn.com.ar\/resizer\/v2\/la-piedra-sinterizada-gana-protagonismo-en-proyectos-que-buscan-continuidad-y-versatilidad-foto-holstein-RSM665NHLVEWVALILUEEOYSFE4.jpg?auth=44d1d82e311592ef187e6c1f7754c1ab2ca4c6c9b8579aeaade5ab35e36727f6&amp;width=767\" alt=\"La piedra sinterizada gana protagonismo en proyectos que buscan continuidad y versatilidad (Foto: Holstein)\" width=\"767\" height=\"575\" data-testid=\"loading-testid\" \/><\/picture><\/div><figcaption class=\"caption_image\" data-testid=\"figcaption-testid\">\n<div class=\"image_caption \">La piedra sinterizada gana protagonismo en proyectos que buscan continuidad y versatilidad (Foto: Holstein)<\/div>\n<\/figcaption><\/figure>\n<p class=\"paragraph font__body-regular\">Esa versatilidad no solo responde a una b\u00fasqueda est\u00e9tica, sino tambi\u00e9n a una l\u00f3gica de eficiencia en el dise\u00f1o.<\/p>\n<h2 class=\"font--primary font__display\">Performance como valor clave<\/h2>\n<p class=\"paragraph font__body-regular\">A la par de lo visual, la performance sigue siendo determinante. La resistencia al calor, a las manchas o a las rayaduras, junto con su baja porosidad, posicionan a estos materiales como opciones durables y de f\u00e1cil mantenimiento. Adem\u00e1s, su estabilidad frente a la exposici\u00f3n solar ampl\u00eda su uso a exteriores, acompa\u00f1ando proyectos de distintas escalas.<\/p>\n<p class=\"paragraph font__body-regular\">Lo que dej\u00f3 en claro la<b>\u00a0Semana del Dise\u00f1o de Mil\u00e1n<\/b>\u00a0es que los materiales ya no son un elemento de fondo. En esta nueva etapa del dise\u00f1o, son protagonistas. Y la neo materialidad, con su equilibrio entre naturaleza y tecnolog\u00eda, marca el rumbo de lo que viene.<\/p>\n<\/div>\n<p><\/main><\/div>\n<aside class=\"col-right-rail right-rail\">\n<div id=\"parent-ad-slot-caja\" class=\"ad-container caja_ad \">\n<div class=\"ad-content\"><\/div>\n<\/div>\n<\/aside>\n","protected":false},"excerpt":{"rendered":"<p>La innovaci\u00f3n no solo se ve en las formas sino en los materiales: superficies que combinan inspiraci\u00f3n natural y tecnolog\u00eda avanzada, como la piedra sinterizada. Cada abril, la\u00a0Milan Design Week\u00a0se convierte en un term\u00f3metro de lo que viene en\u00a0arquitectura, interiorismo y dise\u00f1o industrial. En su edici\u00f3n 2026, m\u00e1s all\u00e1 de las formas y los objetos, [&hellip;]<\/p>\n","protected":false},"author":1,"featured_media":15890,"comment_status":"open","ping_status":"open","sticky":false,"template":"","format":"standard","meta":{"rop_custom_images_group":[],"rop_custom_messages_group":[],"rop_publish_now":"initial","rop_publish_now_accounts":[],"rop_publish_now_history":[],"rop_publish_now_status":"pending","footnotes":"","jetpack_publicize_message":"","jetpack_publicize_feature_enabled":true,"jetpack_social_post_already_shared":true,"jetpack_social_options":{"image_generator_settings":{"template":"highway","enabled":false},"version":2}},"categories":[16],"tags":[],"class_list":{"0":"post-15889","1":"post","2":"type-post","3":"status-publish","4":"format-standard","5":"has-post-thumbnail","7":"category-tendencias"},"jetpack_publicize_connections":[],"yoast_head":"<!-- This site is optimized with the Yoast SEO plugin v27.3 - https:\/\/yoast.com\/product\/yoast-seo-wordpress\/ -->\n<title>Neo materialidad: la tendencia que pisa fuerte en la Semana del Dise\u00f1o de Mil\u00e1n - CLAN ESPECTACULOS<\/title>\n<meta name=\"robots\" content=\"index, follow, max-snippet:-1, max-image-preview:large, max-video-preview:-1\" \/>\n<link rel=\"canonical\" href=\"https:\/\/radioclanfm.com\/clanespectaculos\/neo-materialidad-la-tendencia-que-pisa-fuerte-en-la-semana-del-diseno-de-milan\/\" \/>\n<meta property=\"og:locale\" content=\"es_ES\" \/>\n<meta property=\"og:type\" content=\"article\" \/>\n<meta property=\"og:title\" content=\"Neo materialidad: la tendencia que pisa fuerte en la Semana del Dise\u00f1o de Mil\u00e1n - CLAN ESPECTACULOS\" \/>\n<meta property=\"og:description\" content=\"La innovaci\u00f3n no solo se ve en las formas sino en los materiales: superficies que combinan inspiraci\u00f3n natural y tecnolog\u00eda avanzada, como la piedra sinterizada. Cada abril, la\u00a0Milan Design Week\u00a0se convierte en un term\u00f3metro de lo que viene en\u00a0arquitectura, interiorismo y dise\u00f1o industrial. En su edici\u00f3n 2026, m\u00e1s all\u00e1 de las formas y los objetos, [&hellip;]\" \/>\n<meta property=\"og:url\" content=\"https:\/\/radioclanfm.com\/clanespectaculos\/neo-materialidad-la-tendencia-que-pisa-fuerte-en-la-semana-del-diseno-de-milan\/\" \/>\n<meta property=\"og:site_name\" content=\"CLAN ESPECTACULOS\" \/>\n<meta property=\"article:publisher\" content=\"https:\/\/www.facebook.com\/clanespectaculos\/\" \/>\n<meta property=\"article:published_time\" content=\"2026-04-27T13:04:53+00:00\" \/>\n<meta property=\"og:image\" content=\"https:\/\/radioclanfm.com\/clanespectaculos\/wp-content\/uploads\/sites\/2\/2026\/04\/qvr4ZB3Q.jpg\" \/>\n\t<meta property=\"og:image:width\" content=\"900\" \/>\n\t<meta property=\"og:image:height\" content=\"506\" \/>\n\t<meta property=\"og:image:type\" content=\"image\/jpeg\" \/>\n<meta name=\"author\" content=\"E-GRUPOCLAN\" \/>\n<meta name=\"twitter:card\" content=\"summary_large_image\" \/>\n<meta name=\"twitter:creator\" content=\"@clanespectok\" \/>\n<meta name=\"twitter:site\" content=\"@clanespectok\" \/>\n<meta name=\"twitter:label1\" content=\"Escrito por\" \/>\n\t<meta name=\"twitter:data1\" content=\"E-GRUPOCLAN\" \/>\n\t<meta name=\"twitter:label2\" content=\"Tiempo de lectura\" \/>\n\t<meta name=\"twitter:data2\" content=\"4 minutos\" \/>\n<script type=\"application\/ld+json\" class=\"yoast-schema-graph\">{\"@context\":\"https:\\\/\\\/schema.org\",\"@graph\":[{\"@type\":\"Article\",\"@id\":\"https:\\\/\\\/radioclanfm.com\\\/clanespectaculos\\\/neo-materialidad-la-tendencia-que-pisa-fuerte-en-la-semana-del-diseno-de-milan\\\/#article\",\"isPartOf\":{\"@id\":\"https:\\\/\\\/radioclanfm.com\\\/clanespectaculos\\\/neo-materialidad-la-tendencia-que-pisa-fuerte-en-la-semana-del-diseno-de-milan\\\/\"},\"author\":{\"name\":\"E-GRUPOCLAN\",\"@id\":\"https:\\\/\\\/radioclanfm.com\\\/clanespectaculos\\\/#\\\/schema\\\/person\\\/9734813083303230f3ad84d99171b20c\"},\"headline\":\"Neo materialidad: la tendencia que pisa fuerte en la Semana del Dise\u00f1o de Mil\u00e1n\",\"datePublished\":\"2026-04-27T13:04:53+00:00\",\"mainEntityOfPage\":{\"@id\":\"https:\\\/\\\/radioclanfm.com\\\/clanespectaculos\\\/neo-materialidad-la-tendencia-que-pisa-fuerte-en-la-semana-del-diseno-de-milan\\\/\"},\"wordCount\":673,\"commentCount\":0,\"publisher\":{\"@id\":\"https:\\\/\\\/radioclanfm.com\\\/clanespectaculos\\\/#organization\"},\"image\":{\"@id\":\"https:\\\/\\\/radioclanfm.com\\\/clanespectaculos\\\/neo-materialidad-la-tendencia-que-pisa-fuerte-en-la-semana-del-diseno-de-milan\\\/#primaryimage\"},\"thumbnailUrl\":\"https:\\\/\\\/radioclanfm.com\\\/clanespectaculos\\\/wp-content\\\/uploads\\\/sites\\\/2\\\/2026\\\/04\\\/qvr4ZB3Q.jpg\",\"articleSection\":[\"TENDENCIAS\"],\"inLanguage\":\"es-AR\",\"potentialAction\":[{\"@type\":\"CommentAction\",\"name\":\"Comment\",\"target\":[\"https:\\\/\\\/radioclanfm.com\\\/clanespectaculos\\\/neo-materialidad-la-tendencia-que-pisa-fuerte-en-la-semana-del-diseno-de-milan\\\/#respond\"]}]},{\"@type\":\"WebPage\",\"@id\":\"https:\\\/\\\/radioclanfm.com\\\/clanespectaculos\\\/neo-materialidad-la-tendencia-que-pisa-fuerte-en-la-semana-del-diseno-de-milan\\\/\",\"url\":\"https:\\\/\\\/radioclanfm.com\\\/clanespectaculos\\\/neo-materialidad-la-tendencia-que-pisa-fuerte-en-la-semana-del-diseno-de-milan\\\/\",\"name\":\"Neo materialidad: la tendencia que pisa fuerte en la Semana del Dise\u00f1o de Mil\u00e1n - CLAN ESPECTACULOS\",\"isPartOf\":{\"@id\":\"https:\\\/\\\/radioclanfm.com\\\/clanespectaculos\\\/#website\"},\"primaryImageOfPage\":{\"@id\":\"https:\\\/\\\/radioclanfm.com\\\/clanespectaculos\\\/neo-materialidad-la-tendencia-que-pisa-fuerte-en-la-semana-del-diseno-de-milan\\\/#primaryimage\"},\"image\":{\"@id\":\"https:\\\/\\\/radioclanfm.com\\\/clanespectaculos\\\/neo-materialidad-la-tendencia-que-pisa-fuerte-en-la-semana-del-diseno-de-milan\\\/#primaryimage\"},\"thumbnailUrl\":\"https:\\\/\\\/radioclanfm.com\\\/clanespectaculos\\\/wp-content\\\/uploads\\\/sites\\\/2\\\/2026\\\/04\\\/qvr4ZB3Q.jpg\",\"datePublished\":\"2026-04-27T13:04:53+00:00\",\"breadcrumb\":{\"@id\":\"https:\\\/\\\/radioclanfm.com\\\/clanespectaculos\\\/neo-materialidad-la-tendencia-que-pisa-fuerte-en-la-semana-del-diseno-de-milan\\\/#breadcrumb\"},\"inLanguage\":\"es-AR\",\"potentialAction\":[{\"@type\":\"ReadAction\",\"target\":[\"https:\\\/\\\/radioclanfm.com\\\/clanespectaculos\\\/neo-materialidad-la-tendencia-que-pisa-fuerte-en-la-semana-del-diseno-de-milan\\\/\"]}]},{\"@type\":\"ImageObject\",\"inLanguage\":\"es-AR\",\"@id\":\"https:\\\/\\\/radioclanfm.com\\\/clanespectaculos\\\/neo-materialidad-la-tendencia-que-pisa-fuerte-en-la-semana-del-diseno-de-milan\\\/#primaryimage\",\"url\":\"https:\\\/\\\/radioclanfm.com\\\/clanespectaculos\\\/wp-content\\\/uploads\\\/sites\\\/2\\\/2026\\\/04\\\/qvr4ZB3Q.jpg\",\"contentUrl\":\"https:\\\/\\\/radioclanfm.com\\\/clanespectaculos\\\/wp-content\\\/uploads\\\/sites\\\/2\\\/2026\\\/04\\\/qvr4ZB3Q.jpg\",\"width\":900,\"height\":506},{\"@type\":\"BreadcrumbList\",\"@id\":\"https:\\\/\\\/radioclanfm.com\\\/clanespectaculos\\\/neo-materialidad-la-tendencia-que-pisa-fuerte-en-la-semana-del-diseno-de-milan\\\/#breadcrumb\",\"itemListElement\":[{\"@type\":\"ListItem\",\"position\":1,\"name\":\"Inicio\",\"item\":\"https:\\\/\\\/radioclanfm.com\\\/clanespectaculos\\\/\"},{\"@type\":\"ListItem\",\"position\":2,\"name\":\"Neo materialidad: la tendencia que pisa fuerte en la Semana del Dise\u00f1o de Mil\u00e1n\"}]},{\"@type\":\"WebSite\",\"@id\":\"https:\\\/\\\/radioclanfm.com\\\/clanespectaculos\\\/#website\",\"url\":\"https:\\\/\\\/radioclanfm.com\\\/clanespectaculos\\\/\",\"name\":\"CLAN ESPECTACULOS\",\"description\":\"\",\"publisher\":{\"@id\":\"https:\\\/\\\/radioclanfm.com\\\/clanespectaculos\\\/#organization\"},\"potentialAction\":[{\"@type\":\"SearchAction\",\"target\":{\"@type\":\"EntryPoint\",\"urlTemplate\":\"https:\\\/\\\/radioclanfm.com\\\/clanespectaculos\\\/?s={search_term_string}\"},\"query-input\":{\"@type\":\"PropertyValueSpecification\",\"valueRequired\":true,\"valueName\":\"search_term_string\"}}],\"inLanguage\":\"es-AR\"},{\"@type\":\"Organization\",\"@id\":\"https:\\\/\\\/radioclanfm.com\\\/clanespectaculos\\\/#organization\",\"name\":\"CLAN ESPECTACULOS\",\"url\":\"https:\\\/\\\/radioclanfm.com\\\/clanespectaculos\\\/\",\"logo\":{\"@type\":\"ImageObject\",\"inLanguage\":\"es-AR\",\"@id\":\"https:\\\/\\\/radioclanfm.com\\\/clanespectaculos\\\/#\\\/schema\\\/logo\\\/image\\\/\",\"url\":\"https:\\\/\\\/radioclanfm.com\\\/clanespectaculos\\\/wp-content\\\/uploads\\\/sites\\\/2\\\/2026\\\/04\\\/ChatGPT-Image-23-mar-2026-10_09_00.png\",\"contentUrl\":\"https:\\\/\\\/radioclanfm.com\\\/clanespectaculos\\\/wp-content\\\/uploads\\\/sites\\\/2\\\/2026\\\/04\\\/ChatGPT-Image-23-mar-2026-10_09_00.png\",\"width\":1024,\"height\":1024,\"caption\":\"CLAN ESPECTACULOS\"},\"image\":{\"@id\":\"https:\\\/\\\/radioclanfm.com\\\/clanespectaculos\\\/#\\\/schema\\\/logo\\\/image\\\/\"},\"sameAs\":[\"https:\\\/\\\/www.facebook.com\\\/clanespectaculos\\\/\",\"https:\\\/\\\/x.com\\\/clanespectok\"]},{\"@type\":\"Person\",\"@id\":\"https:\\\/\\\/radioclanfm.com\\\/clanespectaculos\\\/#\\\/schema\\\/person\\\/9734813083303230f3ad84d99171b20c\",\"name\":\"E-GRUPOCLAN\",\"image\":{\"@type\":\"ImageObject\",\"inLanguage\":\"es-AR\",\"@id\":\"https:\\\/\\\/secure.gravatar.com\\\/avatar\\\/af6e19837c3d6a212034a48c7b3818d2ac1826f6025df0155da5a186ad321d79?s=96&d=mm&r=g\",\"url\":\"https:\\\/\\\/secure.gravatar.com\\\/avatar\\\/af6e19837c3d6a212034a48c7b3818d2ac1826f6025df0155da5a186ad321d79?s=96&d=mm&r=g\",\"contentUrl\":\"https:\\\/\\\/secure.gravatar.com\\\/avatar\\\/af6e19837c3d6a212034a48c7b3818d2ac1826f6025df0155da5a186ad321d79?s=96&d=mm&r=g\",\"caption\":\"E-GRUPOCLAN\"},\"sameAs\":[\"https:\\\/\\\/radioclanfm.com\"],\"url\":\"https:\\\/\\\/radioclanfm.com\\\/clanespectaculos\\\/author\\\/admin\\\/\"}]}<\/script>\n<!-- \/ Yoast SEO plugin. -->","yoast_head_json":{"title":"Neo materialidad: la tendencia que pisa fuerte en la Semana del Dise\u00f1o de Mil\u00e1n - CLAN ESPECTACULOS","robots":{"index":"index","follow":"follow","max-snippet":"max-snippet:-1","max-image-preview":"max-image-preview:large","max-video-preview":"max-video-preview:-1"},"canonical":"https:\/\/radioclanfm.com\/clanespectaculos\/neo-materialidad-la-tendencia-que-pisa-fuerte-en-la-semana-del-diseno-de-milan\/","og_locale":"es_ES","og_type":"article","og_title":"Neo materialidad: la tendencia que pisa fuerte en la Semana del Dise\u00f1o de Mil\u00e1n - CLAN ESPECTACULOS","og_description":"La innovaci\u00f3n no solo se ve en las formas sino en los materiales: superficies que combinan inspiraci\u00f3n natural y tecnolog\u00eda avanzada, como la piedra sinterizada. Cada abril, la\u00a0Milan Design Week\u00a0se convierte en un term\u00f3metro de lo que viene en\u00a0arquitectura, interiorismo y dise\u00f1o industrial. En su edici\u00f3n 2026, m\u00e1s all\u00e1 de las formas y los objetos, [&hellip;]","og_url":"https:\/\/radioclanfm.com\/clanespectaculos\/neo-materialidad-la-tendencia-que-pisa-fuerte-en-la-semana-del-diseno-de-milan\/","og_site_name":"CLAN ESPECTACULOS","article_publisher":"https:\/\/www.facebook.com\/clanespectaculos\/","article_published_time":"2026-04-27T13:04:53+00:00","og_image":[{"width":900,"height":506,"url":"https:\/\/radioclanfm.com\/clanespectaculos\/wp-content\/uploads\/sites\/2\/2026\/04\/qvr4ZB3Q.jpg","type":"image\/jpeg"}],"author":"E-GRUPOCLAN","twitter_card":"summary_large_image","twitter_creator":"@clanespectok","twitter_site":"@clanespectok","twitter_misc":{"Escrito por":"E-GRUPOCLAN","Tiempo de lectura":"4 minutos"},"schema":{"@context":"https:\/\/schema.org","@graph":[{"@type":"Article","@id":"https:\/\/radioclanfm.com\/clanespectaculos\/neo-materialidad-la-tendencia-que-pisa-fuerte-en-la-semana-del-diseno-de-milan\/#article","isPartOf":{"@id":"https:\/\/radioclanfm.com\/clanespectaculos\/neo-materialidad-la-tendencia-que-pisa-fuerte-en-la-semana-del-diseno-de-milan\/"},"author":{"name":"E-GRUPOCLAN","@id":"https:\/\/radioclanfm.com\/clanespectaculos\/#\/schema\/person\/9734813083303230f3ad84d99171b20c"},"headline":"Neo materialidad: la tendencia que pisa fuerte en la Semana del Dise\u00f1o de Mil\u00e1n","datePublished":"2026-04-27T13:04:53+00:00","mainEntityOfPage":{"@id":"https:\/\/radioclanfm.com\/clanespectaculos\/neo-materialidad-la-tendencia-que-pisa-fuerte-en-la-semana-del-diseno-de-milan\/"},"wordCount":673,"commentCount":0,"publisher":{"@id":"https:\/\/radioclanfm.com\/clanespectaculos\/#organization"},"image":{"@id":"https:\/\/radioclanfm.com\/clanespectaculos\/neo-materialidad-la-tendencia-que-pisa-fuerte-en-la-semana-del-diseno-de-milan\/#primaryimage"},"thumbnailUrl":"https:\/\/radioclanfm.com\/clanespectaculos\/wp-content\/uploads\/sites\/2\/2026\/04\/qvr4ZB3Q.jpg","articleSection":["TENDENCIAS"],"inLanguage":"es-AR","potentialAction":[{"@type":"CommentAction","name":"Comment","target":["https:\/\/radioclanfm.com\/clanespectaculos\/neo-materialidad-la-tendencia-que-pisa-fuerte-en-la-semana-del-diseno-de-milan\/#respond"]}]},{"@type":"WebPage","@id":"https:\/\/radioclanfm.com\/clanespectaculos\/neo-materialidad-la-tendencia-que-pisa-fuerte-en-la-semana-del-diseno-de-milan\/","url":"https:\/\/radioclanfm.com\/clanespectaculos\/neo-materialidad-la-tendencia-que-pisa-fuerte-en-la-semana-del-diseno-de-milan\/","name":"Neo materialidad: la tendencia que pisa fuerte en la Semana del Dise\u00f1o de Mil\u00e1n - CLAN ESPECTACULOS","isPartOf":{"@id":"https:\/\/radioclanfm.com\/clanespectaculos\/#website"},"primaryImageOfPage":{"@id":"https:\/\/radioclanfm.com\/clanespectaculos\/neo-materialidad-la-tendencia-que-pisa-fuerte-en-la-semana-del-diseno-de-milan\/#primaryimage"},"image":{"@id":"https:\/\/radioclanfm.com\/clanespectaculos\/neo-materialidad-la-tendencia-que-pisa-fuerte-en-la-semana-del-diseno-de-milan\/#primaryimage"},"thumbnailUrl":"https:\/\/radioclanfm.com\/clanespectaculos\/wp-content\/uploads\/sites\/2\/2026\/04\/qvr4ZB3Q.jpg","datePublished":"2026-04-27T13:04:53+00:00","breadcrumb":{"@id":"https:\/\/radioclanfm.com\/clanespectaculos\/neo-materialidad-la-tendencia-que-pisa-fuerte-en-la-semana-del-diseno-de-milan\/#breadcrumb"},"inLanguage":"es-AR","potentialAction":[{"@type":"ReadAction","target":["https:\/\/radioclanfm.com\/clanespectaculos\/neo-materialidad-la-tendencia-que-pisa-fuerte-en-la-semana-del-diseno-de-milan\/"]}]},{"@type":"ImageObject","inLanguage":"es-AR","@id":"https:\/\/radioclanfm.com\/clanespectaculos\/neo-materialidad-la-tendencia-que-pisa-fuerte-en-la-semana-del-diseno-de-milan\/#primaryimage","url":"https:\/\/radioclanfm.com\/clanespectaculos\/wp-content\/uploads\/sites\/2\/2026\/04\/qvr4ZB3Q.jpg","contentUrl":"https:\/\/radioclanfm.com\/clanespectaculos\/wp-content\/uploads\/sites\/2\/2026\/04\/qvr4ZB3Q.jpg","width":900,"height":506},{"@type":"BreadcrumbList","@id":"https:\/\/radioclanfm.com\/clanespectaculos\/neo-materialidad-la-tendencia-que-pisa-fuerte-en-la-semana-del-diseno-de-milan\/#breadcrumb","itemListElement":[{"@type":"ListItem","position":1,"name":"Inicio","item":"https:\/\/radioclanfm.com\/clanespectaculos\/"},{"@type":"ListItem","position":2,"name":"Neo materialidad: la tendencia que pisa fuerte en la Semana del Dise\u00f1o de Mil\u00e1n"}]},{"@type":"WebSite","@id":"https:\/\/radioclanfm.com\/clanespectaculos\/#website","url":"https:\/\/radioclanfm.com\/clanespectaculos\/","name":"CLAN ESPECTACULOS","description":"","publisher":{"@id":"https:\/\/radioclanfm.com\/clanespectaculos\/#organization"},"potentialAction":[{"@type":"SearchAction","target":{"@type":"EntryPoint","urlTemplate":"https:\/\/radioclanfm.com\/clanespectaculos\/?s={search_term_string}"},"query-input":{"@type":"PropertyValueSpecification","valueRequired":true,"valueName":"search_term_string"}}],"inLanguage":"es-AR"},{"@type":"Organization","@id":"https:\/\/radioclanfm.com\/clanespectaculos\/#organization","name":"CLAN ESPECTACULOS","url":"https:\/\/radioclanfm.com\/clanespectaculos\/","logo":{"@type":"ImageObject","inLanguage":"es-AR","@id":"https:\/\/radioclanfm.com\/clanespectaculos\/#\/schema\/logo\/image\/","url":"https:\/\/radioclanfm.com\/clanespectaculos\/wp-content\/uploads\/sites\/2\/2026\/04\/ChatGPT-Image-23-mar-2026-10_09_00.png","contentUrl":"https:\/\/radioclanfm.com\/clanespectaculos\/wp-content\/uploads\/sites\/2\/2026\/04\/ChatGPT-Image-23-mar-2026-10_09_00.png","width":1024,"height":1024,"caption":"CLAN ESPECTACULOS"},"image":{"@id":"https:\/\/radioclanfm.com\/clanespectaculos\/#\/schema\/logo\/image\/"},"sameAs":["https:\/\/www.facebook.com\/clanespectaculos\/","https:\/\/x.com\/clanespectok"]},{"@type":"Person","@id":"https:\/\/radioclanfm.com\/clanespectaculos\/#\/schema\/person\/9734813083303230f3ad84d99171b20c","name":"E-GRUPOCLAN","image":{"@type":"ImageObject","inLanguage":"es-AR","@id":"https:\/\/secure.gravatar.com\/avatar\/af6e19837c3d6a212034a48c7b3818d2ac1826f6025df0155da5a186ad321d79?s=96&d=mm&r=g","url":"https:\/\/secure.gravatar.com\/avatar\/af6e19837c3d6a212034a48c7b3818d2ac1826f6025df0155da5a186ad321d79?s=96&d=mm&r=g","contentUrl":"https:\/\/secure.gravatar.com\/avatar\/af6e19837c3d6a212034a48c7b3818d2ac1826f6025df0155da5a186ad321d79?s=96&d=mm&r=g","caption":"E-GRUPOCLAN"},"sameAs":["https:\/\/radioclanfm.com"],"url":"https:\/\/radioclanfm.com\/clanespectaculos\/author\/admin\/"}]}},"_links":{"self":[{"href":"https:\/\/radioclanfm.com\/clanespectaculos\/wp-json\/wp\/v2\/posts\/15889","targetHints":{"allow":["GET"]}}],"collection":[{"href":"https:\/\/radioclanfm.com\/clanespectaculos\/wp-json\/wp\/v2\/posts"}],"about":[{"href":"https:\/\/radioclanfm.com\/clanespectaculos\/wp-json\/wp\/v2\/types\/post"}],"author":[{"embeddable":true,"href":"https:\/\/radioclanfm.com\/clanespectaculos\/wp-json\/wp\/v2\/users\/1"}],"replies":[{"embeddable":true,"href":"https:\/\/radioclanfm.com\/clanespectaculos\/wp-json\/wp\/v2\/comments?post=15889"}],"version-history":[{"count":1,"href":"https:\/\/radioclanfm.com\/clanespectaculos\/wp-json\/wp\/v2\/posts\/15889\/revisions"}],"predecessor-version":[{"id":15891,"href":"https:\/\/radioclanfm.com\/clanespectaculos\/wp-json\/wp\/v2\/posts\/15889\/revisions\/15891"}],"wp:featuredmedia":[{"embeddable":true,"href":"https:\/\/radioclanfm.com\/clanespectaculos\/wp-json\/wp\/v2\/media\/15890"}],"wp:attachment":[{"href":"https:\/\/radioclanfm.com\/clanespectaculos\/wp-json\/wp\/v2\/media?parent=15889"}],"wp:term":[{"taxonomy":"category","embeddable":true,"href":"https:\/\/radioclanfm.com\/clanespectaculos\/wp-json\/wp\/v2\/categories?post=15889"},{"taxonomy":"post_tag","embeddable":true,"href":"https:\/\/radioclanfm.com\/clanespectaculos\/wp-json\/wp\/v2\/tags?post=15889"}],"curies":[{"name":"wp","href":"https:\/\/api.w.org\/{rel}","templated":true}]}}