{"id":15885,"date":"2026-04-27T10:02:59","date_gmt":"2026-04-27T13:02:59","guid":{"rendered":"https:\/\/radioclanfm.com\/clanespectaculos\/?p=15885"},"modified":"2026-04-27T10:02:59","modified_gmt":"2026-04-27T13:02:59","slug":"rihanna-y-su-beba-posaron-con-looks-de-dior-para-w-magazine-rocki-esta-seria-en-su-primera-tapa","status":"publish","type":"post","link":"https:\/\/radioclanfm.com\/clanespectaculos\/rihanna-y-su-beba-posaron-con-looks-de-dior-para-w-magazine-rocki-esta-seria-en-su-primera-tapa\/","title":{"rendered":"Rihanna y su beba posaron con looks de Dior para W Magazine: \u201cRocki est\u00e1 seria en su primera tapa\u201d"},"content":{"rendered":"<p>La cantante combin\u00f3 plumas con un tocado y llev\u00f3 en brazos a su hija menor.<\/p>\n<p class=\"paragraph font__body-regular\">Para\u00a0<b>Rihanna<\/b>, ya se volvi\u00f3 una tradici\u00f3n hacer grandes anuncios familiares en tapas de revista. C\u00f3mo olvidar su ic\u00f3nica portada de\u00a0<i><b>Vogue\u00a0<\/b><\/i><b>en 2022<\/b>, donde mostr\u00f3\u00a0<b>su primer embarazo<\/b>, o la\u00a0<b>tapa junto a su beb\u00e9 y a su pareja<\/b><b>, A$AP Rocky<\/b>, un a\u00f1o despu\u00e9s, para la edici\u00f3n brit\u00e1nica de la revista.<\/p>\n<div id=\"ad-slot-infeed\" class=\"infeed-container ad-slot-infeed ad-slot\" data-adtype=\"infeed\" data-lazyload=\"1\" data-google-query-id=\"CMTMzciLjpQDFSUKHgAden4drg\">\n<div id=\"google_ads_iframe_\/113951150\/tn-arc\/nota\/infeed_0__container__\"><\/div>\n<\/div>\n<p class=\"paragraph font__body-regular\">Ahora, la cantante barbadense volvi\u00f3 a hacer de las suyas. En la nueva portada de la revista<i><b>\u00a0W Magazine<\/b><\/i><i>,<\/i>\u00a0no solo deslumbr\u00f3 con un look de alto impacto, sino que present\u00f3 a su hija menor,\u00a0<b>Rocki Irish Mayers<\/b>, nacida en septiembre de 2025.<\/p>\n<p class=\"paragraph font__body-regular\">La artista pos\u00f3 con su beba en brazos y un particular estilismo teatral firmado por\u00a0<b>Dior<\/b>:\u00a0<b>tapado negro con plumas blancas<\/b>\u00a0en el escote y un\u00a0<b>tocado\/sombrero escult\u00f3rico de ala ancha en color violeta.<\/b><\/p>\n<figure class=\"\" data-testid=\"figure-testid\">\n<div class=\"aspect_ratio__container\"><picture class=\"responsive-image\"><source srcset=\"https:\/\/tn.com.ar\/resizer\/v2\/rihanna-presento-a-su-beba-rocki-irish-en-la-tapa-de-w-magazine-foto-timwalker-para-w-magazine-XZVJSHHL45FPRI36T3JSQ2F6LM.jpg?auth=204e9d6647776ab5bc274f8e16f00c2a80138ba3fd6ee2bb9346393c9db65f10&amp;width=767\" type=\"image\/jpg\" media=\"(max-width: 728px)\" \/><source srcset=\"https:\/\/tn.com.ar\/resizer\/v2\/rihanna-presento-a-su-beba-rocki-irish-en-la-tapa-de-w-magazine-foto-timwalker-para-w-magazine-XZVJSHHL45FPRI36T3JSQ2F6LM.jpg?auth=204e9d6647776ab5bc274f8e16f00c2a80138ba3fd6ee2bb9346393c9db65f10&amp;width=1023\" type=\"image\/jpg\" media=\"(max-width: 1023px)\" \/><source srcset=\"https:\/\/tn.com.ar\/resizer\/v2\/rihanna-presento-a-su-beba-rocki-irish-en-la-tapa-de-w-magazine-foto-timwalker-para-w-magazine-XZVJSHHL45FPRI36T3JSQ2F6LM.jpg?auth=204e9d6647776ab5bc274f8e16f00c2a80138ba3fd6ee2bb9346393c9db65f10&amp;width=1440\" type=\"image\/jpg\" \/><img loading=\"lazy\" decoding=\"async\" class=\"image content-image image_placeholder\" src=\"https:\/\/tn.com.ar\/resizer\/v2\/rihanna-presento-a-su-beba-rocki-irish-en-la-tapa-de-w-magazine-foto-timwalker-para-w-magazine-XZVJSHHL45FPRI36T3JSQ2F6LM.jpg?auth=204e9d6647776ab5bc274f8e16f00c2a80138ba3fd6ee2bb9346393c9db65f10&amp;width=767\" alt=\"Rihanna present\u00f3 a su beba Rocki Irish en la tapa de W Magazine.  (Foto: @timwalker para W Magazine)\" width=\"767\" height=\"1023\" data-testid=\"loading-testid\" \/><\/picture><\/div><figcaption class=\"caption_image\" data-testid=\"figcaption-testid\">\n<div class=\"image_caption \">Rihanna present\u00f3 a su beba Rocki Irish en la tapa de W Magazine. (Foto: @timwalker para W Magazine)<\/div>\n<\/figcaption><\/figure>\n<p class=\"paragraph font__body-regular\">\u00bfEl detalle? La peque\u00f1a Rocki tambi\u00e9n se visti\u00f3 de Dior con un<b>\u00a0pa\u00f1al de tela y un accesorio para la cabeza\u00a0<\/b>con dos\u00a0<b>flores tridimensionales<\/b>\u00a0blancas que cuelgan a la altura de las orejas. \u201cRocki est\u00e1 un poco seria en su primera tapa\u201d, escribi\u00f3 Rihanna.<\/p>\n<p class=\"paragraph font__body-regular\">Para esta edici\u00f3n especial de la revista, titulada\u00a0<i><b>The Pop Issue<\/b><\/i>, Rihanna hizo una segunda portada, esta vez sola. En esta toma, se mostr\u00f3 envuelta en una<b>\u00a0chaqueta voluminosa de plumas blancas con veteado negro<\/b>\u00a0firmada por Chanel. La manicura XXL al tono fue el broche de oro.<\/p>\n<figure class=\"\" data-testid=\"figure-testid\">\n<div class=\"aspect_ratio__container\"><picture class=\"responsive-image\"><source srcset=\"https:\/\/tn.com.ar\/resizer\/v2\/rihanna-con-abrigo-de-plumas-en-la-nueva-tapa-de-moda-foto-timwalker-para-w-magazine-UE5DMUZXHBC7NIYDFZNRCBF4GU.jpg?auth=76a038595d894498c14e1dcfd1b0b163d71926b07e32a27b80a38b80f059c1f3&amp;width=767\" type=\"image\/jpg\" media=\"(max-width: 728px)\" \/><source srcset=\"https:\/\/tn.com.ar\/resizer\/v2\/rihanna-con-abrigo-de-plumas-en-la-nueva-tapa-de-moda-foto-timwalker-para-w-magazine-UE5DMUZXHBC7NIYDFZNRCBF4GU.jpg?auth=76a038595d894498c14e1dcfd1b0b163d71926b07e32a27b80a38b80f059c1f3&amp;width=1023\" type=\"image\/jpg\" media=\"(max-width: 1023px)\" \/><source srcset=\"https:\/\/tn.com.ar\/resizer\/v2\/rihanna-con-abrigo-de-plumas-en-la-nueva-tapa-de-moda-foto-timwalker-para-w-magazine-UE5DMUZXHBC7NIYDFZNRCBF4GU.jpg?auth=76a038595d894498c14e1dcfd1b0b163d71926b07e32a27b80a38b80f059c1f3&amp;width=1440\" type=\"image\/jpg\" \/><img loading=\"lazy\" decoding=\"async\" class=\"image content-image image_placeholder\" src=\"https:\/\/tn.com.ar\/resizer\/v2\/rihanna-con-abrigo-de-plumas-en-la-nueva-tapa-de-moda-foto-timwalker-para-w-magazine-UE5DMUZXHBC7NIYDFZNRCBF4GU.jpg?auth=76a038595d894498c14e1dcfd1b0b163d71926b07e32a27b80a38b80f059c1f3&amp;width=767\" alt=\"Rihanna con abrigo de plumas en la nueva tapa de moda. (Foto: @timwalker para W Magazine)\" width=\"767\" height=\"1023\" data-testid=\"loading-testid\" \/><\/picture><\/div><figcaption class=\"caption_image\" data-testid=\"figcaption-testid\">\n<div class=\"image_caption \">Rihanna con abrigo de plumas en la nueva tapa de moda. (Foto: @timwalker para W Magazine)<\/div>\n<\/figcaption><\/figure>\n<p class=\"paragraph font__body-regular\">Adem\u00e1s, la sesi\u00f3n de fotos incluy\u00f3 otra serie de postales con looks teatrales muy llamativos. En una de las tomas, junto a una elegante mesa llena de velas y rosas, se la ve con un conjunto blanco de Dior:\u00a0<b>corset y falda con flecos y saco con cola.<\/b>\u00a0Lo complement\u00f3 con un\u00a0<b>sombrero colonial al tono<\/b>, con plumas y red.<\/p>\n<figure class=\"\" data-testid=\"figure-testid\">\n<div class=\"aspect_ratio__container\"><picture class=\"responsive-image\"><source srcset=\"https:\/\/tn.com.ar\/resizer\/v2\/rihanna-con-look-blanco-y-sombrero-colonial-foto-timwalker-para-w-magazine-ZE7BY46VPJGTJN2TN7KYUPRBCM.jpg?auth=80b89877d3c46646a5345a672cd822b56931900213af544eab66325998cc8cc6&amp;width=767\" type=\"image\/jpg\" media=\"(max-width: 728px)\" \/><source srcset=\"https:\/\/tn.com.ar\/resizer\/v2\/rihanna-con-look-blanco-y-sombrero-colonial-foto-timwalker-para-w-magazine-ZE7BY46VPJGTJN2TN7KYUPRBCM.jpg?auth=80b89877d3c46646a5345a672cd822b56931900213af544eab66325998cc8cc6&amp;width=1023\" type=\"image\/jpg\" media=\"(max-width: 1023px)\" \/><source srcset=\"https:\/\/tn.com.ar\/resizer\/v2\/rihanna-con-look-blanco-y-sombrero-colonial-foto-timwalker-para-w-magazine-ZE7BY46VPJGTJN2TN7KYUPRBCM.jpg?auth=80b89877d3c46646a5345a672cd822b56931900213af544eab66325998cc8cc6&amp;width=1440\" type=\"image\/jpg\" \/><img loading=\"lazy\" decoding=\"async\" class=\"image content-image image_placeholder\" src=\"https:\/\/tn.com.ar\/resizer\/v2\/rihanna-con-look-blanco-y-sombrero-colonial-foto-timwalker-para-w-magazine-ZE7BY46VPJGTJN2TN7KYUPRBCM.jpg?auth=80b89877d3c46646a5345a672cd822b56931900213af544eab66325998cc8cc6&amp;width=767\" alt=\"Rihanna con look blanco y sombrero colonial. (Foto: @timwalker para W Magazine)\" width=\"767\" height=\"499\" data-testid=\"loading-testid\" \/><\/picture><\/div><figcaption class=\"caption_image\" data-testid=\"figcaption-testid\">\n<div class=\"image_caption \">Rihanna con look blanco y sombrero colonial. (Foto: @timwalker para W Magazine)<\/div>\n<\/figcaption><\/figure>\n<p class=\"paragraph font__body-regular\">A continuaci\u00f3n, redobl\u00f3 la apuesta con un look que fusion\u00f3 elementos urbanos con piezas llamativas. Una\u00a0<b>camisa azul con una falda de encaje negro transl\u00facido<\/b>\u00a0y un\u00a0<i><b>culotte\u00a0<\/b><\/i>verde, todo de\u00a0<b>Prada<\/b>, combinados con un sombrero negro con una pluma violeta.<\/p>\n<figure class=\"\" data-testid=\"figure-testid\">\n<div class=\"aspect_ratio__container\"><picture class=\"responsive-image\"><source srcset=\"https:\/\/tn.com.ar\/resizer\/v2\/rihanna-con-look-prada-y-sombrero-con-plumas-foto-timwalker-para-w-magazine-WQ2N7VEMKFCU7NEKBOMJGNJ6ZM.jpg?auth=7aab6a32320c861c323911b2b56c38f0cd23555d2f0ddaf79bbc6030a98ac6c1&amp;width=767\" type=\"image\/jpg\" media=\"(max-width: 728px)\" \/><source srcset=\"https:\/\/tn.com.ar\/resizer\/v2\/rihanna-con-look-prada-y-sombrero-con-plumas-foto-timwalker-para-w-magazine-WQ2N7VEMKFCU7NEKBOMJGNJ6ZM.jpg?auth=7aab6a32320c861c323911b2b56c38f0cd23555d2f0ddaf79bbc6030a98ac6c1&amp;width=1023\" type=\"image\/jpg\" media=\"(max-width: 1023px)\" \/><source srcset=\"https:\/\/tn.com.ar\/resizer\/v2\/rihanna-con-look-prada-y-sombrero-con-plumas-foto-timwalker-para-w-magazine-WQ2N7VEMKFCU7NEKBOMJGNJ6ZM.jpg?auth=7aab6a32320c861c323911b2b56c38f0cd23555d2f0ddaf79bbc6030a98ac6c1&amp;width=1440\" type=\"image\/jpg\" \/><img loading=\"lazy\" decoding=\"async\" class=\"image content-image image_placeholder\" src=\"https:\/\/tn.com.ar\/resizer\/v2\/rihanna-con-look-prada-y-sombrero-con-plumas-foto-timwalker-para-w-magazine-WQ2N7VEMKFCU7NEKBOMJGNJ6ZM.jpg?auth=7aab6a32320c861c323911b2b56c38f0cd23555d2f0ddaf79bbc6030a98ac6c1&amp;width=767\" alt=\"Rihanna con look Prada y sombrero con plumas. (Foto: @timwalker para W Magazine)\" width=\"767\" height=\"1023\" data-testid=\"loading-testid\" \/><\/picture><\/div><figcaption class=\"caption_image\" data-testid=\"figcaption-testid\">\n<div class=\"image_caption \">Rihanna con look Prada y sombrero con plumas. (Foto: @timwalker para W Magazine)<\/div>\n<\/figcaption><\/figure>\n<p class=\"paragraph font__body-regular\">Con la misma impronta marinera colonial, volvi\u00f3 a llevar un\u00a0<b>saco largo con una cola roja voluminosa<\/b>, combinado con una camisa blanca y botas a lunares. El broche de oro fue otro sombrero escultural negro de Dior.<\/p>\n<figure class=\"\" data-testid=\"figure-testid\">\n<div class=\"aspect_ratio__container\"><picture class=\"responsive-image\"><source srcset=\"https:\/\/tn.com.ar\/resizer\/v2\/rihanna-sorprendio-con-sus-looks-de-alto-impacto-foto-timwalker-para-w-magazine-SLCDHXHSD5B4HFVW2K4OHIIHOQ.jpg?auth=9c47951b3e2d40283ead25572e98a912d9f22123beecff5571706abce3db77af&amp;width=767\" type=\"image\/jpg\" media=\"(max-width: 728px)\" \/><source srcset=\"https:\/\/tn.com.ar\/resizer\/v2\/rihanna-sorprendio-con-sus-looks-de-alto-impacto-foto-timwalker-para-w-magazine-SLCDHXHSD5B4HFVW2K4OHIIHOQ.jpg?auth=9c47951b3e2d40283ead25572e98a912d9f22123beecff5571706abce3db77af&amp;width=1023\" type=\"image\/jpg\" media=\"(max-width: 1023px)\" \/><source srcset=\"https:\/\/tn.com.ar\/resizer\/v2\/rihanna-sorprendio-con-sus-looks-de-alto-impacto-foto-timwalker-para-w-magazine-SLCDHXHSD5B4HFVW2K4OHIIHOQ.jpg?auth=9c47951b3e2d40283ead25572e98a912d9f22123beecff5571706abce3db77af&amp;width=1440\" type=\"image\/jpg\" \/><img loading=\"lazy\" decoding=\"async\" class=\"image content-image image_placeholder\" src=\"https:\/\/tn.com.ar\/resizer\/v2\/rihanna-sorprendio-con-sus-looks-de-alto-impacto-foto-timwalker-para-w-magazine-SLCDHXHSD5B4HFVW2K4OHIIHOQ.jpg?auth=9c47951b3e2d40283ead25572e98a912d9f22123beecff5571706abce3db77af&amp;width=767\" alt=\"Rihanna sorprendi\u00f3 con sus looks de alto impacto. (Foto: @timwalker para W Magazine)\" width=\"767\" height=\"1023\" data-testid=\"loading-testid\" \/><\/picture><\/div><figcaption class=\"caption_image\" data-testid=\"figcaption-testid\">\n<div class=\"image_caption \">Rihanna sorprendi\u00f3 con sus looks de alto impacto. (Foto: @timwalker para W Magazine)<\/div>\n<\/figcaption><\/figure>\n<p class=\"paragraph font__body-regular\">Por \u00faltimo, luci\u00f3 un vestuario m\u00e1s audaz y revelador de\u00a0<b>Valentino<\/b>: un vestido de\u00a0<b>encaje floral negro transl\u00facido\u00a0<\/b>con un tocado a juego que le cubri\u00f3 los ojos y\u00a0<i><b>pantymedias\u00a0<\/b><\/i>blancas del mismo g\u00e9nero.<\/p>\n<figure class=\"\" data-testid=\"figure-testid\">\n<div class=\"aspect_ratio__container\"><picture class=\"responsive-image\"><source srcset=\"https:\/\/tn.com.ar\/resizer\/v2\/rihanna-con-look-de-encaje-foto-timwalker-para-w-magazine-RPRJN4PJSVBUDEF3NZEVOIK6T4.jpg?auth=41303cda53d34347df7a2fa9ca940350356d0e16d6541c23ca5670a5d66c3178&amp;width=767\" type=\"image\/jpg\" media=\"(max-width: 728px)\" \/><source srcset=\"https:\/\/tn.com.ar\/resizer\/v2\/rihanna-con-look-de-encaje-foto-timwalker-para-w-magazine-RPRJN4PJSVBUDEF3NZEVOIK6T4.jpg?auth=41303cda53d34347df7a2fa9ca940350356d0e16d6541c23ca5670a5d66c3178&amp;width=1023\" type=\"image\/jpg\" media=\"(max-width: 1023px)\" \/><source srcset=\"https:\/\/tn.com.ar\/resizer\/v2\/rihanna-con-look-de-encaje-foto-timwalker-para-w-magazine-RPRJN4PJSVBUDEF3NZEVOIK6T4.jpg?auth=41303cda53d34347df7a2fa9ca940350356d0e16d6541c23ca5670a5d66c3178&amp;width=1440\" type=\"image\/jpg\" \/><img loading=\"lazy\" decoding=\"async\" class=\"image content-image image_placeholder\" src=\"https:\/\/tn.com.ar\/resizer\/v2\/rihanna-con-look-de-encaje-foto-timwalker-para-w-magazine-RPRJN4PJSVBUDEF3NZEVOIK6T4.jpg?auth=41303cda53d34347df7a2fa9ca940350356d0e16d6541c23ca5670a5d66c3178&amp;width=767\" alt=\"Rihanna con look de encaje. (Foto: @timwalker para W Magazine)\" width=\"767\" height=\"1023\" data-testid=\"loading-testid\" \/><\/picture><\/div><figcaption class=\"caption_image\" data-testid=\"figcaption-testid\">\n<div class=\"image_caption \">Rihanna con look de encaje. (Foto: @timwalker para W Magazine)<\/div>\n<\/figcaption><\/figure>\n","protected":false},"excerpt":{"rendered":"<p>La cantante combin\u00f3 plumas con un tocado y llev\u00f3 en brazos a su hija menor. Para\u00a0Rihanna, ya se volvi\u00f3 una tradici\u00f3n hacer grandes anuncios familiares en tapas de revista. C\u00f3mo olvidar su ic\u00f3nica portada de\u00a0Vogue\u00a0en 2022, donde mostr\u00f3\u00a0su primer embarazo, o la\u00a0tapa junto a su beb\u00e9 y a su pareja, A$AP Rocky, un a\u00f1o despu\u00e9s, [&hellip;]<\/p>\n","protected":false},"author":1,"featured_media":15887,"comment_status":"open","ping_status":"open","sticky":false,"template":"","format":"standard","meta":{"rop_custom_images_group":[],"rop_custom_messages_group":[],"rop_publish_now":"initial","rop_publish_now_accounts":[],"rop_publish_now_history":[],"rop_publish_now_status":"pending","footnotes":"","jetpack_publicize_message":"","jetpack_publicize_feature_enabled":true,"jetpack_social_post_already_shared":true,"jetpack_social_options":{"image_generator_settings":{"template":"highway","enabled":false},"version":2}},"categories":[13],"tags":[],"class_list":{"0":"post-15885","1":"post","2":"type-post","3":"status-publish","4":"format-standard","5":"has-post-thumbnail","7":"category-hollywood"},"jetpack_publicize_connections":[],"yoast_head":"<!-- This site is optimized with the Yoast SEO plugin v27.3 - https:\/\/yoast.com\/product\/yoast-seo-wordpress\/ -->\n<title>Rihanna y su beba posaron con looks de Dior para W Magazine: \u201cRocki est\u00e1 seria en su primera tapa\u201d - CLAN ESPECTACULOS<\/title>\n<meta name=\"robots\" content=\"index, follow, max-snippet:-1, max-image-preview:large, max-video-preview:-1\" \/>\n<link rel=\"canonical\" href=\"https:\/\/radioclanfm.com\/clanespectaculos\/rihanna-y-su-beba-posaron-con-looks-de-dior-para-w-magazine-rocki-esta-seria-en-su-primera-tapa\/\" \/>\n<meta property=\"og:locale\" content=\"es_ES\" \/>\n<meta property=\"og:type\" content=\"article\" \/>\n<meta property=\"og:title\" content=\"Rihanna y su beba posaron con looks de Dior para W Magazine: \u201cRocki est\u00e1 seria en su primera tapa\u201d - CLAN ESPECTACULOS\" \/>\n<meta property=\"og:description\" content=\"La cantante combin\u00f3 plumas con un tocado y llev\u00f3 en brazos a su hija menor. Para\u00a0Rihanna, ya se volvi\u00f3 una tradici\u00f3n hacer grandes anuncios familiares en tapas de revista. C\u00f3mo olvidar su ic\u00f3nica portada de\u00a0Vogue\u00a0en 2022, donde mostr\u00f3\u00a0su primer embarazo, o la\u00a0tapa junto a su beb\u00e9 y a su pareja, A$AP Rocky, un a\u00f1o despu\u00e9s, [&hellip;]\" \/>\n<meta property=\"og:url\" content=\"https:\/\/radioclanfm.com\/clanespectaculos\/rihanna-y-su-beba-posaron-con-looks-de-dior-para-w-magazine-rocki-esta-seria-en-su-primera-tapa\/\" \/>\n<meta property=\"og:site_name\" content=\"CLAN ESPECTACULOS\" \/>\n<meta property=\"article:publisher\" content=\"https:\/\/www.facebook.com\/clanespectaculos\/\" \/>\n<meta property=\"article:published_time\" content=\"2026-04-27T13:02:59+00:00\" \/>\n<meta property=\"og:image\" content=\"https:\/\/radioclanfm.com\/clanespectaculos\/wp-content\/uploads\/sites\/2\/2026\/04\/efkMpSvl.jpg\" \/>\n\t<meta property=\"og:image:width\" content=\"900\" \/>\n\t<meta property=\"og:image:height\" content=\"507\" \/>\n\t<meta property=\"og:image:type\" content=\"image\/jpeg\" \/>\n<meta name=\"author\" content=\"E-GRUPOCLAN\" \/>\n<meta name=\"twitter:card\" content=\"summary_large_image\" \/>\n<meta name=\"twitter:creator\" content=\"@clanespectok\" \/>\n<meta name=\"twitter:site\" content=\"@clanespectok\" \/>\n<meta name=\"twitter:label1\" content=\"Escrito por\" \/>\n\t<meta name=\"twitter:data1\" content=\"E-GRUPOCLAN\" \/>\n\t<meta name=\"twitter:label2\" content=\"Tiempo de lectura\" \/>\n\t<meta name=\"twitter:data2\" content=\"4 minutos\" \/>\n<script type=\"application\/ld+json\" class=\"yoast-schema-graph\">{\"@context\":\"https:\\\/\\\/schema.org\",\"@graph\":[{\"@type\":\"Article\",\"@id\":\"https:\\\/\\\/radioclanfm.com\\\/clanespectaculos\\\/rihanna-y-su-beba-posaron-con-looks-de-dior-para-w-magazine-rocki-esta-seria-en-su-primera-tapa\\\/#article\",\"isPartOf\":{\"@id\":\"https:\\\/\\\/radioclanfm.com\\\/clanespectaculos\\\/rihanna-y-su-beba-posaron-con-looks-de-dior-para-w-magazine-rocki-esta-seria-en-su-primera-tapa\\\/\"},\"author\":{\"name\":\"E-GRUPOCLAN\",\"@id\":\"https:\\\/\\\/radioclanfm.com\\\/clanespectaculos\\\/#\\\/schema\\\/person\\\/9734813083303230f3ad84d99171b20c\"},\"headline\":\"Rihanna y su beba posaron con looks de Dior para W Magazine: \u201cRocki est\u00e1 seria en su primera tapa\u201d\",\"datePublished\":\"2026-04-27T13:02:59+00:00\",\"mainEntityOfPage\":{\"@id\":\"https:\\\/\\\/radioclanfm.com\\\/clanespectaculos\\\/rihanna-y-su-beba-posaron-con-looks-de-dior-para-w-magazine-rocki-esta-seria-en-su-primera-tapa\\\/\"},\"wordCount\":529,\"commentCount\":0,\"publisher\":{\"@id\":\"https:\\\/\\\/radioclanfm.com\\\/clanespectaculos\\\/#organization\"},\"image\":{\"@id\":\"https:\\\/\\\/radioclanfm.com\\\/clanespectaculos\\\/rihanna-y-su-beba-posaron-con-looks-de-dior-para-w-magazine-rocki-esta-seria-en-su-primera-tapa\\\/#primaryimage\"},\"thumbnailUrl\":\"https:\\\/\\\/radioclanfm.com\\\/clanespectaculos\\\/wp-content\\\/uploads\\\/sites\\\/2\\\/2026\\\/04\\\/efkMpSvl.jpg\",\"articleSection\":[\"Hollywood\"],\"inLanguage\":\"es-AR\",\"potentialAction\":[{\"@type\":\"CommentAction\",\"name\":\"Comment\",\"target\":[\"https:\\\/\\\/radioclanfm.com\\\/clanespectaculos\\\/rihanna-y-su-beba-posaron-con-looks-de-dior-para-w-magazine-rocki-esta-seria-en-su-primera-tapa\\\/#respond\"]}]},{\"@type\":\"WebPage\",\"@id\":\"https:\\\/\\\/radioclanfm.com\\\/clanespectaculos\\\/rihanna-y-su-beba-posaron-con-looks-de-dior-para-w-magazine-rocki-esta-seria-en-su-primera-tapa\\\/\",\"url\":\"https:\\\/\\\/radioclanfm.com\\\/clanespectaculos\\\/rihanna-y-su-beba-posaron-con-looks-de-dior-para-w-magazine-rocki-esta-seria-en-su-primera-tapa\\\/\",\"name\":\"Rihanna y su beba posaron con looks de Dior para W Magazine: \u201cRocki est\u00e1 seria en su primera tapa\u201d - CLAN ESPECTACULOS\",\"isPartOf\":{\"@id\":\"https:\\\/\\\/radioclanfm.com\\\/clanespectaculos\\\/#website\"},\"primaryImageOfPage\":{\"@id\":\"https:\\\/\\\/radioclanfm.com\\\/clanespectaculos\\\/rihanna-y-su-beba-posaron-con-looks-de-dior-para-w-magazine-rocki-esta-seria-en-su-primera-tapa\\\/#primaryimage\"},\"image\":{\"@id\":\"https:\\\/\\\/radioclanfm.com\\\/clanespectaculos\\\/rihanna-y-su-beba-posaron-con-looks-de-dior-para-w-magazine-rocki-esta-seria-en-su-primera-tapa\\\/#primaryimage\"},\"thumbnailUrl\":\"https:\\\/\\\/radioclanfm.com\\\/clanespectaculos\\\/wp-content\\\/uploads\\\/sites\\\/2\\\/2026\\\/04\\\/efkMpSvl.jpg\",\"datePublished\":\"2026-04-27T13:02:59+00:00\",\"breadcrumb\":{\"@id\":\"https:\\\/\\\/radioclanfm.com\\\/clanespectaculos\\\/rihanna-y-su-beba-posaron-con-looks-de-dior-para-w-magazine-rocki-esta-seria-en-su-primera-tapa\\\/#breadcrumb\"},\"inLanguage\":\"es-AR\",\"potentialAction\":[{\"@type\":\"ReadAction\",\"target\":[\"https:\\\/\\\/radioclanfm.com\\\/clanespectaculos\\\/rihanna-y-su-beba-posaron-con-looks-de-dior-para-w-magazine-rocki-esta-seria-en-su-primera-tapa\\\/\"]}]},{\"@type\":\"ImageObject\",\"inLanguage\":\"es-AR\",\"@id\":\"https:\\\/\\\/radioclanfm.com\\\/clanespectaculos\\\/rihanna-y-su-beba-posaron-con-looks-de-dior-para-w-magazine-rocki-esta-seria-en-su-primera-tapa\\\/#primaryimage\",\"url\":\"https:\\\/\\\/radioclanfm.com\\\/clanespectaculos\\\/wp-content\\\/uploads\\\/sites\\\/2\\\/2026\\\/04\\\/efkMpSvl.jpg\",\"contentUrl\":\"https:\\\/\\\/radioclanfm.com\\\/clanespectaculos\\\/wp-content\\\/uploads\\\/sites\\\/2\\\/2026\\\/04\\\/efkMpSvl.jpg\",\"width\":900,\"height\":507},{\"@type\":\"BreadcrumbList\",\"@id\":\"https:\\\/\\\/radioclanfm.com\\\/clanespectaculos\\\/rihanna-y-su-beba-posaron-con-looks-de-dior-para-w-magazine-rocki-esta-seria-en-su-primera-tapa\\\/#breadcrumb\",\"itemListElement\":[{\"@type\":\"ListItem\",\"position\":1,\"name\":\"Inicio\",\"item\":\"https:\\\/\\\/radioclanfm.com\\\/clanespectaculos\\\/\"},{\"@type\":\"ListItem\",\"position\":2,\"name\":\"Rihanna y su beba posaron con looks de Dior para W Magazine: \u201cRocki est\u00e1 seria en su primera tapa\u201d\"}]},{\"@type\":\"WebSite\",\"@id\":\"https:\\\/\\\/radioclanfm.com\\\/clanespectaculos\\\/#website\",\"url\":\"https:\\\/\\\/radioclanfm.com\\\/clanespectaculos\\\/\",\"name\":\"CLAN ESPECTACULOS\",\"description\":\"\",\"publisher\":{\"@id\":\"https:\\\/\\\/radioclanfm.com\\\/clanespectaculos\\\/#organization\"},\"potentialAction\":[{\"@type\":\"SearchAction\",\"target\":{\"@type\":\"EntryPoint\",\"urlTemplate\":\"https:\\\/\\\/radioclanfm.com\\\/clanespectaculos\\\/?s={search_term_string}\"},\"query-input\":{\"@type\":\"PropertyValueSpecification\",\"valueRequired\":true,\"valueName\":\"search_term_string\"}}],\"inLanguage\":\"es-AR\"},{\"@type\":\"Organization\",\"@id\":\"https:\\\/\\\/radioclanfm.com\\\/clanespectaculos\\\/#organization\",\"name\":\"CLAN ESPECTACULOS\",\"url\":\"https:\\\/\\\/radioclanfm.com\\\/clanespectaculos\\\/\",\"logo\":{\"@type\":\"ImageObject\",\"inLanguage\":\"es-AR\",\"@id\":\"https:\\\/\\\/radioclanfm.com\\\/clanespectaculos\\\/#\\\/schema\\\/logo\\\/image\\\/\",\"url\":\"https:\\\/\\\/radioclanfm.com\\\/clanespectaculos\\\/wp-content\\\/uploads\\\/sites\\\/2\\\/2026\\\/04\\\/ChatGPT-Image-23-mar-2026-10_09_00.png\",\"contentUrl\":\"https:\\\/\\\/radioclanfm.com\\\/clanespectaculos\\\/wp-content\\\/uploads\\\/sites\\\/2\\\/2026\\\/04\\\/ChatGPT-Image-23-mar-2026-10_09_00.png\",\"width\":1024,\"height\":1024,\"caption\":\"CLAN ESPECTACULOS\"},\"image\":{\"@id\":\"https:\\\/\\\/radioclanfm.com\\\/clanespectaculos\\\/#\\\/schema\\\/logo\\\/image\\\/\"},\"sameAs\":[\"https:\\\/\\\/www.facebook.com\\\/clanespectaculos\\\/\",\"https:\\\/\\\/x.com\\\/clanespectok\"]},{\"@type\":\"Person\",\"@id\":\"https:\\\/\\\/radioclanfm.com\\\/clanespectaculos\\\/#\\\/schema\\\/person\\\/9734813083303230f3ad84d99171b20c\",\"name\":\"E-GRUPOCLAN\",\"image\":{\"@type\":\"ImageObject\",\"inLanguage\":\"es-AR\",\"@id\":\"https:\\\/\\\/secure.gravatar.com\\\/avatar\\\/af6e19837c3d6a212034a48c7b3818d2ac1826f6025df0155da5a186ad321d79?s=96&d=mm&r=g\",\"url\":\"https:\\\/\\\/secure.gravatar.com\\\/avatar\\\/af6e19837c3d6a212034a48c7b3818d2ac1826f6025df0155da5a186ad321d79?s=96&d=mm&r=g\",\"contentUrl\":\"https:\\\/\\\/secure.gravatar.com\\\/avatar\\\/af6e19837c3d6a212034a48c7b3818d2ac1826f6025df0155da5a186ad321d79?s=96&d=mm&r=g\",\"caption\":\"E-GRUPOCLAN\"},\"sameAs\":[\"https:\\\/\\\/radioclanfm.com\"],\"url\":\"https:\\\/\\\/radioclanfm.com\\\/clanespectaculos\\\/author\\\/admin\\\/\"}]}<\/script>\n<!-- \/ Yoast SEO plugin. -->","yoast_head_json":{"title":"Rihanna y su beba posaron con looks de Dior para W Magazine: \u201cRocki est\u00e1 seria en su primera tapa\u201d - CLAN ESPECTACULOS","robots":{"index":"index","follow":"follow","max-snippet":"max-snippet:-1","max-image-preview":"max-image-preview:large","max-video-preview":"max-video-preview:-1"},"canonical":"https:\/\/radioclanfm.com\/clanespectaculos\/rihanna-y-su-beba-posaron-con-looks-de-dior-para-w-magazine-rocki-esta-seria-en-su-primera-tapa\/","og_locale":"es_ES","og_type":"article","og_title":"Rihanna y su beba posaron con looks de Dior para W Magazine: \u201cRocki est\u00e1 seria en su primera tapa\u201d - CLAN ESPECTACULOS","og_description":"La cantante combin\u00f3 plumas con un tocado y llev\u00f3 en brazos a su hija menor. Para\u00a0Rihanna, ya se volvi\u00f3 una tradici\u00f3n hacer grandes anuncios familiares en tapas de revista. C\u00f3mo olvidar su ic\u00f3nica portada de\u00a0Vogue\u00a0en 2022, donde mostr\u00f3\u00a0su primer embarazo, o la\u00a0tapa junto a su beb\u00e9 y a su pareja, A$AP Rocky, un a\u00f1o despu\u00e9s, [&hellip;]","og_url":"https:\/\/radioclanfm.com\/clanespectaculos\/rihanna-y-su-beba-posaron-con-looks-de-dior-para-w-magazine-rocki-esta-seria-en-su-primera-tapa\/","og_site_name":"CLAN ESPECTACULOS","article_publisher":"https:\/\/www.facebook.com\/clanespectaculos\/","article_published_time":"2026-04-27T13:02:59+00:00","og_image":[{"width":900,"height":507,"url":"https:\/\/radioclanfm.com\/clanespectaculos\/wp-content\/uploads\/sites\/2\/2026\/04\/efkMpSvl.jpg","type":"image\/jpeg"}],"author":"E-GRUPOCLAN","twitter_card":"summary_large_image","twitter_creator":"@clanespectok","twitter_site":"@clanespectok","twitter_misc":{"Escrito por":"E-GRUPOCLAN","Tiempo de lectura":"4 minutos"},"schema":{"@context":"https:\/\/schema.org","@graph":[{"@type":"Article","@id":"https:\/\/radioclanfm.com\/clanespectaculos\/rihanna-y-su-beba-posaron-con-looks-de-dior-para-w-magazine-rocki-esta-seria-en-su-primera-tapa\/#article","isPartOf":{"@id":"https:\/\/radioclanfm.com\/clanespectaculos\/rihanna-y-su-beba-posaron-con-looks-de-dior-para-w-magazine-rocki-esta-seria-en-su-primera-tapa\/"},"author":{"name":"E-GRUPOCLAN","@id":"https:\/\/radioclanfm.com\/clanespectaculos\/#\/schema\/person\/9734813083303230f3ad84d99171b20c"},"headline":"Rihanna y su beba posaron con looks de Dior para W Magazine: \u201cRocki est\u00e1 seria en su primera tapa\u201d","datePublished":"2026-04-27T13:02:59+00:00","mainEntityOfPage":{"@id":"https:\/\/radioclanfm.com\/clanespectaculos\/rihanna-y-su-beba-posaron-con-looks-de-dior-para-w-magazine-rocki-esta-seria-en-su-primera-tapa\/"},"wordCount":529,"commentCount":0,"publisher":{"@id":"https:\/\/radioclanfm.com\/clanespectaculos\/#organization"},"image":{"@id":"https:\/\/radioclanfm.com\/clanespectaculos\/rihanna-y-su-beba-posaron-con-looks-de-dior-para-w-magazine-rocki-esta-seria-en-su-primera-tapa\/#primaryimage"},"thumbnailUrl":"https:\/\/radioclanfm.com\/clanespectaculos\/wp-content\/uploads\/sites\/2\/2026\/04\/efkMpSvl.jpg","articleSection":["Hollywood"],"inLanguage":"es-AR","potentialAction":[{"@type":"CommentAction","name":"Comment","target":["https:\/\/radioclanfm.com\/clanespectaculos\/rihanna-y-su-beba-posaron-con-looks-de-dior-para-w-magazine-rocki-esta-seria-en-su-primera-tapa\/#respond"]}]},{"@type":"WebPage","@id":"https:\/\/radioclanfm.com\/clanespectaculos\/rihanna-y-su-beba-posaron-con-looks-de-dior-para-w-magazine-rocki-esta-seria-en-su-primera-tapa\/","url":"https:\/\/radioclanfm.com\/clanespectaculos\/rihanna-y-su-beba-posaron-con-looks-de-dior-para-w-magazine-rocki-esta-seria-en-su-primera-tapa\/","name":"Rihanna y su beba posaron con looks de Dior para W Magazine: \u201cRocki est\u00e1 seria en su primera tapa\u201d - CLAN ESPECTACULOS","isPartOf":{"@id":"https:\/\/radioclanfm.com\/clanespectaculos\/#website"},"primaryImageOfPage":{"@id":"https:\/\/radioclanfm.com\/clanespectaculos\/rihanna-y-su-beba-posaron-con-looks-de-dior-para-w-magazine-rocki-esta-seria-en-su-primera-tapa\/#primaryimage"},"image":{"@id":"https:\/\/radioclanfm.com\/clanespectaculos\/rihanna-y-su-beba-posaron-con-looks-de-dior-para-w-magazine-rocki-esta-seria-en-su-primera-tapa\/#primaryimage"},"thumbnailUrl":"https:\/\/radioclanfm.com\/clanespectaculos\/wp-content\/uploads\/sites\/2\/2026\/04\/efkMpSvl.jpg","datePublished":"2026-04-27T13:02:59+00:00","breadcrumb":{"@id":"https:\/\/radioclanfm.com\/clanespectaculos\/rihanna-y-su-beba-posaron-con-looks-de-dior-para-w-magazine-rocki-esta-seria-en-su-primera-tapa\/#breadcrumb"},"inLanguage":"es-AR","potentialAction":[{"@type":"ReadAction","target":["https:\/\/radioclanfm.com\/clanespectaculos\/rihanna-y-su-beba-posaron-con-looks-de-dior-para-w-magazine-rocki-esta-seria-en-su-primera-tapa\/"]}]},{"@type":"ImageObject","inLanguage":"es-AR","@id":"https:\/\/radioclanfm.com\/clanespectaculos\/rihanna-y-su-beba-posaron-con-looks-de-dior-para-w-magazine-rocki-esta-seria-en-su-primera-tapa\/#primaryimage","url":"https:\/\/radioclanfm.com\/clanespectaculos\/wp-content\/uploads\/sites\/2\/2026\/04\/efkMpSvl.jpg","contentUrl":"https:\/\/radioclanfm.com\/clanespectaculos\/wp-content\/uploads\/sites\/2\/2026\/04\/efkMpSvl.jpg","width":900,"height":507},{"@type":"BreadcrumbList","@id":"https:\/\/radioclanfm.com\/clanespectaculos\/rihanna-y-su-beba-posaron-con-looks-de-dior-para-w-magazine-rocki-esta-seria-en-su-primera-tapa\/#breadcrumb","itemListElement":[{"@type":"ListItem","position":1,"name":"Inicio","item":"https:\/\/radioclanfm.com\/clanespectaculos\/"},{"@type":"ListItem","position":2,"name":"Rihanna y su beba posaron con looks de Dior para W Magazine: \u201cRocki est\u00e1 seria en su primera tapa\u201d"}]},{"@type":"WebSite","@id":"https:\/\/radioclanfm.com\/clanespectaculos\/#website","url":"https:\/\/radioclanfm.com\/clanespectaculos\/","name":"CLAN ESPECTACULOS","description":"","publisher":{"@id":"https:\/\/radioclanfm.com\/clanespectaculos\/#organization"},"potentialAction":[{"@type":"SearchAction","target":{"@type":"EntryPoint","urlTemplate":"https:\/\/radioclanfm.com\/clanespectaculos\/?s={search_term_string}"},"query-input":{"@type":"PropertyValueSpecification","valueRequired":true,"valueName":"search_term_string"}}],"inLanguage":"es-AR"},{"@type":"Organization","@id":"https:\/\/radioclanfm.com\/clanespectaculos\/#organization","name":"CLAN ESPECTACULOS","url":"https:\/\/radioclanfm.com\/clanespectaculos\/","logo":{"@type":"ImageObject","inLanguage":"es-AR","@id":"https:\/\/radioclanfm.com\/clanespectaculos\/#\/schema\/logo\/image\/","url":"https:\/\/radioclanfm.com\/clanespectaculos\/wp-content\/uploads\/sites\/2\/2026\/04\/ChatGPT-Image-23-mar-2026-10_09_00.png","contentUrl":"https:\/\/radioclanfm.com\/clanespectaculos\/wp-content\/uploads\/sites\/2\/2026\/04\/ChatGPT-Image-23-mar-2026-10_09_00.png","width":1024,"height":1024,"caption":"CLAN ESPECTACULOS"},"image":{"@id":"https:\/\/radioclanfm.com\/clanespectaculos\/#\/schema\/logo\/image\/"},"sameAs":["https:\/\/www.facebook.com\/clanespectaculos\/","https:\/\/x.com\/clanespectok"]},{"@type":"Person","@id":"https:\/\/radioclanfm.com\/clanespectaculos\/#\/schema\/person\/9734813083303230f3ad84d99171b20c","name":"E-GRUPOCLAN","image":{"@type":"ImageObject","inLanguage":"es-AR","@id":"https:\/\/secure.gravatar.com\/avatar\/af6e19837c3d6a212034a48c7b3818d2ac1826f6025df0155da5a186ad321d79?s=96&d=mm&r=g","url":"https:\/\/secure.gravatar.com\/avatar\/af6e19837c3d6a212034a48c7b3818d2ac1826f6025df0155da5a186ad321d79?s=96&d=mm&r=g","contentUrl":"https:\/\/secure.gravatar.com\/avatar\/af6e19837c3d6a212034a48c7b3818d2ac1826f6025df0155da5a186ad321d79?s=96&d=mm&r=g","caption":"E-GRUPOCLAN"},"sameAs":["https:\/\/radioclanfm.com"],"url":"https:\/\/radioclanfm.com\/clanespectaculos\/author\/admin\/"}]}},"_links":{"self":[{"href":"https:\/\/radioclanfm.com\/clanespectaculos\/wp-json\/wp\/v2\/posts\/15885","targetHints":{"allow":["GET"]}}],"collection":[{"href":"https:\/\/radioclanfm.com\/clanespectaculos\/wp-json\/wp\/v2\/posts"}],"about":[{"href":"https:\/\/radioclanfm.com\/clanespectaculos\/wp-json\/wp\/v2\/types\/post"}],"author":[{"embeddable":true,"href":"https:\/\/radioclanfm.com\/clanespectaculos\/wp-json\/wp\/v2\/users\/1"}],"replies":[{"embeddable":true,"href":"https:\/\/radioclanfm.com\/clanespectaculos\/wp-json\/wp\/v2\/comments?post=15885"}],"version-history":[{"count":1,"href":"https:\/\/radioclanfm.com\/clanespectaculos\/wp-json\/wp\/v2\/posts\/15885\/revisions"}],"predecessor-version":[{"id":15888,"href":"https:\/\/radioclanfm.com\/clanespectaculos\/wp-json\/wp\/v2\/posts\/15885\/revisions\/15888"}],"wp:featuredmedia":[{"embeddable":true,"href":"https:\/\/radioclanfm.com\/clanespectaculos\/wp-json\/wp\/v2\/media\/15887"}],"wp:attachment":[{"href":"https:\/\/radioclanfm.com\/clanespectaculos\/wp-json\/wp\/v2\/media?parent=15885"}],"wp:term":[{"taxonomy":"category","embeddable":true,"href":"https:\/\/radioclanfm.com\/clanespectaculos\/wp-json\/wp\/v2\/categories?post=15885"},{"taxonomy":"post_tag","embeddable":true,"href":"https:\/\/radioclanfm.com\/clanespectaculos\/wp-json\/wp\/v2\/tags?post=15885"}],"curies":[{"name":"wp","href":"https:\/\/api.w.org\/{rel}","templated":true}]}}