{"id":15882,"date":"2026-04-27T10:01:14","date_gmt":"2026-04-27T13:01:14","guid":{"rendered":"https:\/\/radioclanfm.com\/clanespectaculos\/?p=15882"},"modified":"2026-04-27T10:01:14","modified_gmt":"2026-04-27T13:01:14","slug":"rocio-pardo-poso-en-traje-y-corbata-pero-al-borde-del-topless-el-arriesgado-look","status":"publish","type":"post","link":"https:\/\/radioclanfm.com\/clanespectaculos\/rocio-pardo-poso-en-traje-y-corbata-pero-al-borde-del-topless-el-arriesgado-look\/","title":{"rendered":"Roc\u00edo Pardo pos\u00f3 en traje y corbata pero al borde del topless: el arriesgado look"},"content":{"rendered":"<p>Llev\u00f3 un saco negro con una camisa blanca abiertos para dejar el escote a la vista.<\/p>\n<p class=\"paragraph font__body-regular\">Mientras acumula \u00e9xitos en la escena teatral,\u00a0<b>Roc\u00edo Pardo<\/b> @rrociopardo se posiciona como referente fashionista. Despu\u00e9s de disfrutar de una luna de miel de ensue\u00f1o en Aruba junto a <b>Nicol\u00e1s Cabr\u00e9<\/b>, la artista public\u00f3 una foto desde Buenos Aires y arras\u00f3 con su look.<\/p>\n<div id=\"ad-slot-infeed\" class=\"infeed-container ad-slot-infeed ad-slot\" data-adtype=\"infeed\" data-lazyload=\"1\" data-google-query-id=\"CMTF3YeLjpQDFa0BHgAd13oHwQ\">\n<div id=\"google_ads_iframe_\/113951150\/tn-arc\/nota\/infeed_0__container__\"><iframe id=\"google_ads_iframe_\/113951150\/tn-arc\/nota\/infeed_0\" tabindex=\"0\" title=\"Contenido de anuncios de terceros\" name=\"google_ads_iframe_\/113951150\/tn-arc\/nota\/infeed_0\" width=\"1\" height=\"1\" frameborder=\"0\" marginwidth=\"0\" marginheight=\"0\" scrolling=\"no\" aria-label=\"Anuncio\" data-google-container-id=\"9\" data-load-complete=\"true\" data-mce-fragment=\"1\"><\/iframe><\/div>\n<\/div>\n<p class=\"paragraph font__body-regular\">La Sra. Cabr\u00e9 apost\u00f3 a la\u00a0<b>sastrer\u00eda\u00a0<\/b>pero con una vuelta de tuerca audaz. Combin\u00f3 un\u00a0<b>blazer negro\u00a0<\/b><i><b>oversize\u00a0<\/b><\/i>de doble abotonadura con una\u00a0<b>camisa blanca cl\u00e1sica.<\/b>\u00a0\u00bfEl detalle? Llev\u00f3\u00a0<b>ambas prendas abiertas, dejando a la vista parte del escote.<\/b><\/p>\n<div class=\"story-list\" data-mrf-recirculation=\"IL_RNrGCM52Q_ui4aMax3fibg\" data-testid=\"text-html\" data-mrf-experience=\"IL_RNrGCM52Q_ui4aMax3fibg\">\n<article class=\"card__container card__horizontal\">\n<div class=\"card__body\">\n<header>\n<h3 class=\"card__headline font__display\"><\/h3>\n<\/header>\n<\/div>\n<\/article>\n<\/div>\n<figure class=\"\" data-testid=\"figure-testid\">\n<div class=\"aspect_ratio__container\"><picture class=\"responsive-image\"><source srcset=\"https:\/\/tn.com.ar\/resizer\/v2\/rocio-pardo-en-sastreria-corbata-y-al-borde-del-topless-foto-instagramrrociopardo-GVXYRKH3FJGA3MNOOC44LUZFHI.jpg?auth=8c04bafa084c258db7642495eb7f63410f9722070464b1ddcff673b7f818206c&amp;width=767\" type=\"image\/jpg\" media=\"(max-width: 728px)\" \/><source srcset=\"https:\/\/tn.com.ar\/resizer\/v2\/rocio-pardo-en-sastreria-corbata-y-al-borde-del-topless-foto-instagramrrociopardo-GVXYRKH3FJGA3MNOOC44LUZFHI.jpg?auth=8c04bafa084c258db7642495eb7f63410f9722070464b1ddcff673b7f818206c&amp;width=1023\" type=\"image\/jpg\" media=\"(max-width: 1023px)\" \/><source srcset=\"https:\/\/tn.com.ar\/resizer\/v2\/rocio-pardo-en-sastreria-corbata-y-al-borde-del-topless-foto-instagramrrociopardo-GVXYRKH3FJGA3MNOOC44LUZFHI.jpg?auth=8c04bafa084c258db7642495eb7f63410f9722070464b1ddcff673b7f818206c&amp;width=1440\" type=\"image\/jpg\" \/><img loading=\"lazy\" decoding=\"async\" class=\"image content-image image_placeholder\" src=\"https:\/\/tn.com.ar\/resizer\/v2\/rocio-pardo-en-sastreria-corbata-y-al-borde-del-topless-foto-instagramrrociopardo-GVXYRKH3FJGA3MNOOC44LUZFHI.jpg?auth=8c04bafa084c258db7642495eb7f63410f9722070464b1ddcff673b7f818206c&amp;width=767\" alt=\"Roc\u00edo Pardo en sastrer\u00eda, corbata y al borde del topless. (Foto: Instagram\/@rrociopardo)\" width=\"767\" height=\"903\" data-testid=\"loading-testid\" \/><\/picture><\/div><figcaption class=\"caption_image\" data-testid=\"figcaption-testid\">\n<div class=\"image_caption \">Roc\u00edo Pardo en sastrer\u00eda, corbata y al borde del topless. (Foto: Instagram\/@rrociopardo)<\/div>\n<\/figcaption><\/figure>\n<p class=\"paragraph font__body-regular\">Complet\u00f3 el vestuario con un<b>\u00a0pantal\u00f3n de sastrer\u00eda con un detalle blanco en la cintura\u00a0<\/b>y sum\u00f3 una\u00a0<b>corbata\u00a0<\/b><b>negra<\/b>, el accesorio estrella de 2026 que gana en el\u00a0<i>street style\u00a0<\/i>y confirma el furor por el estilo ejecutivo\u00a0<i>chic<\/i>.<\/p>\n<p class=\"paragraph font__body-regular\">Como de costumbre, mostr\u00f3 un\u00a0<i>beauty\u00a0<\/i>look impecable: maquillaje con\u00a0<b>delineado\u00a0<\/b><i><b>cat eye<\/b><\/i>, sombras grises, contorno, rubor y labios rojos suave con\u00a0<i><b>gloss<\/b><\/i>. El pelo suelto, peinado con raya al costado y descontracturado, aport\u00f3 una cuota\u00a0<i>effortless\u00a0<\/i>al estilismo.<\/p>\n<p class=\"paragraph font__body-regular\">Adem\u00e1s de sorprender con su look, Roc\u00edo hizo un anuncio para sus seguidores de Instagram.\u00a0<b>\u201cYa de vuelta en Buenos Aires, y m\u00e1s que feliz porque el 22 de abril estrenamos<\/b><i><b>\u00a0Ni media palabra<\/b><\/i><b>, en el Paseo la Plaza&#8221;.<\/b>\u00a0El posteo se llen\u00f3 de\u00a0<i>likes<\/i>, elogios y comentarios de apoyo.<\/p>\n<h2 class=\"font--primary font__display\">Roc\u00edo Pardo, fan\u00e1tica de la sastrer\u00eda<\/h2>\n<p class=\"paragraph font__body-regular\">El fanatismo de Roc\u00edo Pardo por la sastrer\u00eda no es nuevo, pero siempre con un sello diferencial. As\u00ed lo demostr\u00f3 en febrero de este a\u00f1o<b>\u00a0<\/b>en la ceremonia de los\u00a0<b>Premios Carlos<\/b>, el galard\u00f3n oficial de\u00a0<b>Villa Carlos Paz\u00a0<\/b>que reconoce a los distintos espect\u00e1culos y artistas que hacen temporada en la ciudad.<\/p>\n<p class=\"paragraph font__body-regular\">Roc\u00edo, que recibi\u00f3 el galard\u00f3n a\u00a0<i>Mejor comedia<\/i>\u00a0por la obra, sorprendi\u00f3 con un conjunto en\u00a0<b>blanco y negro<\/b>\u00a0de<b>\u00a0top y falda<\/b>\u00a0larga que imita la\u00a0<b>molder\u00eda tradicional de un traje.<\/b><\/p>\n<figure class=\"\" data-testid=\"figure-testid\">\n<div class=\"aspect_ratio__container\"><picture class=\"responsive-image\"><source srcset=\"https:\/\/tn.com.ar\/resizer\/v2\/el-look-de-neosastreria-de-rocio-pardo-foto-instagramrrociopardo-DTLJVQQSBFBRJG4RQRR2NB3DZ4.jpg?auth=73ae5a3e99eb5adb7fad77e84e59d0b1ce06dc8a4e429d4cae9c35eda367b07b&amp;width=767\" type=\"image\/jpg\" media=\"(max-width: 728px)\" \/><source srcset=\"https:\/\/tn.com.ar\/resizer\/v2\/el-look-de-neosastreria-de-rocio-pardo-foto-instagramrrociopardo-DTLJVQQSBFBRJG4RQRR2NB3DZ4.jpg?auth=73ae5a3e99eb5adb7fad77e84e59d0b1ce06dc8a4e429d4cae9c35eda367b07b&amp;width=1023\" type=\"image\/jpg\" media=\"(max-width: 1023px)\" \/><source srcset=\"https:\/\/tn.com.ar\/resizer\/v2\/el-look-de-neosastreria-de-rocio-pardo-foto-instagramrrociopardo-DTLJVQQSBFBRJG4RQRR2NB3DZ4.jpg?auth=73ae5a3e99eb5adb7fad77e84e59d0b1ce06dc8a4e429d4cae9c35eda367b07b&amp;width=1440\" type=\"image\/jpg\" \/><img loading=\"lazy\" decoding=\"async\" class=\"image content-image image_placeholder\" src=\"https:\/\/tn.com.ar\/resizer\/v2\/el-look-de-neosastreria-de-rocio-pardo-foto-instagramrrociopardo-DTLJVQQSBFBRJG4RQRR2NB3DZ4.jpg?auth=73ae5a3e99eb5adb7fad77e84e59d0b1ce06dc8a4e429d4cae9c35eda367b07b&amp;width=767\" alt=\"El look de neosastrer\u00eda de Roc\u00edo Pardo. (Foto: Instagram\/@rrociopardo)\" width=\"767\" height=\"1022\" data-testid=\"loading-testid\" \/><\/picture><\/div><figcaption class=\"caption_image\" data-testid=\"figcaption-testid\">\n<div class=\"image_caption \">El look de neosastrer\u00eda de Roc\u00edo Pardo. (Foto: Instagram\/@rrociopardo)<\/div>\n<\/figcaption><\/figure>\n<p class=\"paragraph font__body-regular\">La parte superior del dise\u00f1o, de<b>\u00a0L\u00f3pez Atelier<\/b>, es\u00a0<b>corta\u00a0<\/b>y se destac\u00f3 por el\u00a0<b>escote\u00a0<\/b><i><b>off shoulder<\/b><\/i>, los botones delanteros y las\u00a0<b>solapas blancas<\/b>. La falda larga y ajustada al cuerpo tambi\u00e9n es\u00a0<b>abotonada<\/b>, tiro bajo, con los mismos detalles de solapas a la altura de la cadera.<\/p>\n<figure class=\"\" data-testid=\"figure-testid\">\n<div class=\"aspect_ratio__container\"><picture class=\"responsive-image\"><source srcset=\"https:\/\/tn.com.ar\/resizer\/v2\/rocio-pardo-sorprendio-con-su-look-foto-instagramrrociopardo-JENM3OOXVRHS7E7MJKLQ25WPUI.jpg?auth=1bc5f84ddbbca9948321a3a4cb268c90d80769d1075ed254d58df66d05ec5b53&amp;width=767\" type=\"image\/jpg\" media=\"(max-width: 728px)\" \/><source srcset=\"https:\/\/tn.com.ar\/resizer\/v2\/rocio-pardo-sorprendio-con-su-look-foto-instagramrrociopardo-JENM3OOXVRHS7E7MJKLQ25WPUI.jpg?auth=1bc5f84ddbbca9948321a3a4cb268c90d80769d1075ed254d58df66d05ec5b53&amp;width=1023\" type=\"image\/jpg\" media=\"(max-width: 1023px)\" \/><source srcset=\"https:\/\/tn.com.ar\/resizer\/v2\/rocio-pardo-sorprendio-con-su-look-foto-instagramrrociopardo-JENM3OOXVRHS7E7MJKLQ25WPUI.jpg?auth=1bc5f84ddbbca9948321a3a4cb268c90d80769d1075ed254d58df66d05ec5b53&amp;width=1440\" type=\"image\/jpg\" \/><img loading=\"lazy\" decoding=\"async\" class=\"image content-image image_placeholder\" src=\"https:\/\/tn.com.ar\/resizer\/v2\/rocio-pardo-sorprendio-con-su-look-foto-instagramrrociopardo-JENM3OOXVRHS7E7MJKLQ25WPUI.jpg?auth=1bc5f84ddbbca9948321a3a4cb268c90d80769d1075ed254d58df66d05ec5b53&amp;width=767\" alt=\"Roc\u00edo Pardo sorprendi\u00f3 con su look. (Foto: Instagram\/@rrociopardo)\" width=\"767\" height=\"1023\" data-testid=\"loading-testid\" \/><\/picture><\/div><figcaption class=\"caption_image\" data-testid=\"figcaption-testid\">\n<div class=\"image_caption \">Roc\u00edo Pardo sorprendi\u00f3 con su look. (Foto: Instagram\/@rrociopardo)<\/div>\n<\/figcaption><\/figure>\n<p class=\"paragraph font__body-regular\">Complet\u00f3 el estilismo con un\u00a0<b>peinado con ondas y raya al costado<\/b>, a cargo de Cristian Luna, y maquillaje con delineado\u00a0<i><b>cat eye<\/b><\/i>,\u00a0<b>rubor\u00a0<\/b>y\u00a0<b>labial rojo suave\u00a0<\/b>por Marian Make Up Pro.<\/p>\n<figure class=\"\" data-testid=\"figure-testid\">\n<div class=\"aspect_ratio__container\"><picture class=\"responsive-image\"><source srcset=\"https:\/\/tn.com.ar\/resizer\/v2\/rocio-pardo-con-su-conjuntoesmoquin-foto-instagramrrociopardo-XEF6LQ6HGZFWZN642YDMXC5OYI.jpg?auth=bd2e54779c28f83119c375786ccf3119c027c5fa8118e729887087b3f644bbc7&amp;width=767\" type=\"image\/jpg\" media=\"(max-width: 728px)\" \/><source srcset=\"https:\/\/tn.com.ar\/resizer\/v2\/rocio-pardo-con-su-conjuntoesmoquin-foto-instagramrrociopardo-XEF6LQ6HGZFWZN642YDMXC5OYI.jpg?auth=bd2e54779c28f83119c375786ccf3119c027c5fa8118e729887087b3f644bbc7&amp;width=1023\" type=\"image\/jpg\" media=\"(max-width: 1023px)\" \/><source srcset=\"https:\/\/tn.com.ar\/resizer\/v2\/rocio-pardo-con-su-conjuntoesmoquin-foto-instagramrrociopardo-XEF6LQ6HGZFWZN642YDMXC5OYI.jpg?auth=bd2e54779c28f83119c375786ccf3119c027c5fa8118e729887087b3f644bbc7&amp;width=1440\" type=\"image\/jpg\" \/><img loading=\"lazy\" decoding=\"async\" class=\"image content-image image_placeholder\" src=\"https:\/\/tn.com.ar\/resizer\/v2\/rocio-pardo-con-su-conjuntoesmoquin-foto-instagramrrociopardo-XEF6LQ6HGZFWZN642YDMXC5OYI.jpg?auth=bd2e54779c28f83119c375786ccf3119c027c5fa8118e729887087b3f644bbc7&amp;width=767\" alt=\"Roc\u00edo Pardo con su conjunto\/esmoquin. (Foto: Instagram\/@rrociopardo)\" width=\"767\" height=\"1023\" data-testid=\"loading-testid\" \/><\/picture><\/div><figcaption class=\"caption_image\" data-testid=\"figcaption-testid\">\n<div class=\"image_caption \">Roc\u00edo Pardo con su conjunto\/esmoquin. (Foto: Instagram\/@rrociopardo)<\/div>\n<\/figcaption><\/figure>\n<p class=\"paragraph font__body-regular\">A su lado, Nicol\u00e1s Cabr\u00e9 apost\u00f3 por su estilo cl\u00e1sico e informal, tambi\u00e9n en negro. Combin\u00f3 una\u00a0<b>remera b\u00e1sica\u00a0<\/b>de cuello redondo y mangas cortas con un\u00a0<b>pantal\u00f3n de sastrer\u00eda holgado<\/b>\u00a0y remat\u00f3 con zapatillas blancas.<\/p>\n<figure class=\"\" data-testid=\"figure-testid\">\n<div class=\"aspect_ratio__container\"><picture class=\"responsive-image\"><source srcset=\"https:\/\/tn.com.ar\/resizer\/v2\/rocio-pardo-y-nicolas-cabre-en-compose-para-los-premios-carlos-foto-instagramrrociopardo-5UO57ZCLXJCIPJJ6342VMYLUGY.jpg?auth=b078f22461877a3a006ef1f951c9d4d288bbdb4937ae5552906a3cdd54a910fd&amp;width=767\" type=\"image\/jpg\" media=\"(max-width: 728px)\" \/><source srcset=\"https:\/\/tn.com.ar\/resizer\/v2\/rocio-pardo-y-nicolas-cabre-en-compose-para-los-premios-carlos-foto-instagramrrociopardo-5UO57ZCLXJCIPJJ6342VMYLUGY.jpg?auth=b078f22461877a3a006ef1f951c9d4d288bbdb4937ae5552906a3cdd54a910fd&amp;width=1023\" type=\"image\/jpg\" media=\"(max-width: 1023px)\" \/><source srcset=\"https:\/\/tn.com.ar\/resizer\/v2\/rocio-pardo-y-nicolas-cabre-en-compose-para-los-premios-carlos-foto-instagramrrociopardo-5UO57ZCLXJCIPJJ6342VMYLUGY.jpg?auth=b078f22461877a3a006ef1f951c9d4d288bbdb4937ae5552906a3cdd54a910fd&amp;width=1440\" type=\"image\/jpg\" \/><img loading=\"lazy\" decoding=\"async\" class=\"image content-image image_placeholder\" src=\"https:\/\/tn.com.ar\/resizer\/v2\/rocio-pardo-y-nicolas-cabre-en-compose-para-los-premios-carlos-foto-instagramrrociopardo-5UO57ZCLXJCIPJJ6342VMYLUGY.jpg?auth=b078f22461877a3a006ef1f951c9d4d288bbdb4937ae5552906a3cdd54a910fd&amp;width=767\" alt=\"Roc\u00edo Pardo y Nicol\u00e1s Cabr\u00e9 en compos\u00e9 para los Premios Carlos. (Foto: Instagram\/@rrociopardo)\" width=\"767\" height=\"1023\" data-testid=\"loading-testid\" \/><\/picture><\/div><figcaption class=\"caption_image\" data-testid=\"figcaption-testid\">\n<div class=\"image_caption \">Roc\u00edo Pardo y Nicol\u00e1s Cabr\u00e9 en compos\u00e9 para los Premios Carlos. (Foto: Instagram\/@rrociopardo)<\/div>\n<\/figcaption><\/figure>\n","protected":false},"excerpt":{"rendered":"<p>Llev\u00f3 un saco negro con una camisa blanca abiertos para dejar el escote a la vista. Mientras acumula \u00e9xitos en la escena teatral,\u00a0Roc\u00edo Pardo @rrociopardo se posiciona como referente fashionista. Despu\u00e9s de disfrutar de una luna de miel de ensue\u00f1o en Aruba junto a Nicol\u00e1s Cabr\u00e9, la artista public\u00f3 una foto desde Buenos Aires y [&hellip;]<\/p>\n","protected":false},"author":1,"featured_media":15883,"comment_status":"open","ping_status":"open","sticky":false,"template":"","format":"standard","meta":{"rop_custom_images_group":[],"rop_custom_messages_group":[],"rop_publish_now":"initial","rop_publish_now_accounts":[],"rop_publish_now_history":[],"rop_publish_now_status":"pending","footnotes":"","jetpack_publicize_message":"","jetpack_publicize_feature_enabled":true,"jetpack_social_post_already_shared":true,"jetpack_social_options":{"image_generator_settings":{"template":"highway","enabled":false},"version":2}},"categories":[15],"tags":[],"class_list":{"0":"post-15882","1":"post","2":"type-post","3":"status-publish","4":"format-standard","5":"has-post-thumbnail","7":"category-moda"},"jetpack_publicize_connections":[],"yoast_head":"<!-- This site is optimized with the Yoast SEO plugin v27.3 - https:\/\/yoast.com\/product\/yoast-seo-wordpress\/ -->\n<title>Roc\u00edo Pardo pos\u00f3 en traje y corbata pero al borde del topless: el arriesgado look - CLAN ESPECTACULOS<\/title>\n<meta name=\"robots\" content=\"index, follow, max-snippet:-1, max-image-preview:large, max-video-preview:-1\" \/>\n<link rel=\"canonical\" href=\"https:\/\/radioclanfm.com\/clanespectaculos\/rocio-pardo-poso-en-traje-y-corbata-pero-al-borde-del-topless-el-arriesgado-look\/\" \/>\n<meta property=\"og:locale\" content=\"es_ES\" \/>\n<meta property=\"og:type\" content=\"article\" \/>\n<meta property=\"og:title\" content=\"Roc\u00edo Pardo pos\u00f3 en traje y corbata pero al borde del topless: el arriesgado look - CLAN ESPECTACULOS\" \/>\n<meta property=\"og:description\" content=\"Llev\u00f3 un saco negro con una camisa blanca abiertos para dejar el escote a la vista. Mientras acumula \u00e9xitos en la escena teatral,\u00a0Roc\u00edo Pardo @rrociopardo se posiciona como referente fashionista. Despu\u00e9s de disfrutar de una luna de miel de ensue\u00f1o en Aruba junto a Nicol\u00e1s Cabr\u00e9, la artista public\u00f3 una foto desde Buenos Aires y [&hellip;]\" \/>\n<meta property=\"og:url\" content=\"https:\/\/radioclanfm.com\/clanespectaculos\/rocio-pardo-poso-en-traje-y-corbata-pero-al-borde-del-topless-el-arriesgado-look\/\" \/>\n<meta property=\"og:site_name\" content=\"CLAN ESPECTACULOS\" \/>\n<meta property=\"article:publisher\" content=\"https:\/\/www.facebook.com\/clanespectaculos\/\" \/>\n<meta property=\"article:published_time\" content=\"2026-04-27T13:01:14+00:00\" \/>\n<meta property=\"og:image\" content=\"https:\/\/radioclanfm.com\/clanespectaculos\/wp-content\/uploads\/sites\/2\/2026\/04\/WtwYAXfb.jpg\" \/>\n\t<meta property=\"og:image:width\" content=\"900\" \/>\n\t<meta property=\"og:image:height\" content=\"507\" \/>\n\t<meta property=\"og:image:type\" content=\"image\/jpeg\" \/>\n<meta name=\"author\" content=\"E-GRUPOCLAN\" \/>\n<meta name=\"twitter:card\" content=\"summary_large_image\" \/>\n<meta name=\"twitter:creator\" content=\"@clanespectok\" \/>\n<meta name=\"twitter:site\" content=\"@clanespectok\" \/>\n<meta name=\"twitter:label1\" content=\"Escrito por\" \/>\n\t<meta name=\"twitter:data1\" content=\"E-GRUPOCLAN\" \/>\n\t<meta name=\"twitter:label2\" content=\"Tiempo de lectura\" \/>\n\t<meta name=\"twitter:data2\" content=\"4 minutos\" \/>\n<script type=\"application\/ld+json\" class=\"yoast-schema-graph\">{\"@context\":\"https:\\\/\\\/schema.org\",\"@graph\":[{\"@type\":\"Article\",\"@id\":\"https:\\\/\\\/radioclanfm.com\\\/clanespectaculos\\\/rocio-pardo-poso-en-traje-y-corbata-pero-al-borde-del-topless-el-arriesgado-look\\\/#article\",\"isPartOf\":{\"@id\":\"https:\\\/\\\/radioclanfm.com\\\/clanespectaculos\\\/rocio-pardo-poso-en-traje-y-corbata-pero-al-borde-del-topless-el-arriesgado-look\\\/\"},\"author\":{\"name\":\"E-GRUPOCLAN\",\"@id\":\"https:\\\/\\\/radioclanfm.com\\\/clanespectaculos\\\/#\\\/schema\\\/person\\\/9734813083303230f3ad84d99171b20c\"},\"headline\":\"Roc\u00edo Pardo pos\u00f3 en traje y corbata pero al borde del topless: el arriesgado look\",\"datePublished\":\"2026-04-27T13:01:14+00:00\",\"mainEntityOfPage\":{\"@id\":\"https:\\\/\\\/radioclanfm.com\\\/clanespectaculos\\\/rocio-pardo-poso-en-traje-y-corbata-pero-al-borde-del-topless-el-arriesgado-look\\\/\"},\"wordCount\":546,\"commentCount\":0,\"publisher\":{\"@id\":\"https:\\\/\\\/radioclanfm.com\\\/clanespectaculos\\\/#organization\"},\"image\":{\"@id\":\"https:\\\/\\\/radioclanfm.com\\\/clanespectaculos\\\/rocio-pardo-poso-en-traje-y-corbata-pero-al-borde-del-topless-el-arriesgado-look\\\/#primaryimage\"},\"thumbnailUrl\":\"https:\\\/\\\/radioclanfm.com\\\/clanespectaculos\\\/wp-content\\\/uploads\\\/sites\\\/2\\\/2026\\\/04\\\/WtwYAXfb.jpg\",\"articleSection\":[\"MODA\"],\"inLanguage\":\"es-AR\",\"potentialAction\":[{\"@type\":\"CommentAction\",\"name\":\"Comment\",\"target\":[\"https:\\\/\\\/radioclanfm.com\\\/clanespectaculos\\\/rocio-pardo-poso-en-traje-y-corbata-pero-al-borde-del-topless-el-arriesgado-look\\\/#respond\"]}]},{\"@type\":\"WebPage\",\"@id\":\"https:\\\/\\\/radioclanfm.com\\\/clanespectaculos\\\/rocio-pardo-poso-en-traje-y-corbata-pero-al-borde-del-topless-el-arriesgado-look\\\/\",\"url\":\"https:\\\/\\\/radioclanfm.com\\\/clanespectaculos\\\/rocio-pardo-poso-en-traje-y-corbata-pero-al-borde-del-topless-el-arriesgado-look\\\/\",\"name\":\"Roc\u00edo Pardo pos\u00f3 en traje y corbata pero al borde del topless: el arriesgado look - CLAN ESPECTACULOS\",\"isPartOf\":{\"@id\":\"https:\\\/\\\/radioclanfm.com\\\/clanespectaculos\\\/#website\"},\"primaryImageOfPage\":{\"@id\":\"https:\\\/\\\/radioclanfm.com\\\/clanespectaculos\\\/rocio-pardo-poso-en-traje-y-corbata-pero-al-borde-del-topless-el-arriesgado-look\\\/#primaryimage\"},\"image\":{\"@id\":\"https:\\\/\\\/radioclanfm.com\\\/clanespectaculos\\\/rocio-pardo-poso-en-traje-y-corbata-pero-al-borde-del-topless-el-arriesgado-look\\\/#primaryimage\"},\"thumbnailUrl\":\"https:\\\/\\\/radioclanfm.com\\\/clanespectaculos\\\/wp-content\\\/uploads\\\/sites\\\/2\\\/2026\\\/04\\\/WtwYAXfb.jpg\",\"datePublished\":\"2026-04-27T13:01:14+00:00\",\"breadcrumb\":{\"@id\":\"https:\\\/\\\/radioclanfm.com\\\/clanespectaculos\\\/rocio-pardo-poso-en-traje-y-corbata-pero-al-borde-del-topless-el-arriesgado-look\\\/#breadcrumb\"},\"inLanguage\":\"es-AR\",\"potentialAction\":[{\"@type\":\"ReadAction\",\"target\":[\"https:\\\/\\\/radioclanfm.com\\\/clanespectaculos\\\/rocio-pardo-poso-en-traje-y-corbata-pero-al-borde-del-topless-el-arriesgado-look\\\/\"]}]},{\"@type\":\"ImageObject\",\"inLanguage\":\"es-AR\",\"@id\":\"https:\\\/\\\/radioclanfm.com\\\/clanespectaculos\\\/rocio-pardo-poso-en-traje-y-corbata-pero-al-borde-del-topless-el-arriesgado-look\\\/#primaryimage\",\"url\":\"https:\\\/\\\/radioclanfm.com\\\/clanespectaculos\\\/wp-content\\\/uploads\\\/sites\\\/2\\\/2026\\\/04\\\/WtwYAXfb.jpg\",\"contentUrl\":\"https:\\\/\\\/radioclanfm.com\\\/clanespectaculos\\\/wp-content\\\/uploads\\\/sites\\\/2\\\/2026\\\/04\\\/WtwYAXfb.jpg\",\"width\":900,\"height\":507},{\"@type\":\"BreadcrumbList\",\"@id\":\"https:\\\/\\\/radioclanfm.com\\\/clanespectaculos\\\/rocio-pardo-poso-en-traje-y-corbata-pero-al-borde-del-topless-el-arriesgado-look\\\/#breadcrumb\",\"itemListElement\":[{\"@type\":\"ListItem\",\"position\":1,\"name\":\"Inicio\",\"item\":\"https:\\\/\\\/radioclanfm.com\\\/clanespectaculos\\\/\"},{\"@type\":\"ListItem\",\"position\":2,\"name\":\"Roc\u00edo Pardo pos\u00f3 en traje y corbata pero al borde del topless: el arriesgado look\"}]},{\"@type\":\"WebSite\",\"@id\":\"https:\\\/\\\/radioclanfm.com\\\/clanespectaculos\\\/#website\",\"url\":\"https:\\\/\\\/radioclanfm.com\\\/clanespectaculos\\\/\",\"name\":\"CLAN ESPECTACULOS\",\"description\":\"\",\"publisher\":{\"@id\":\"https:\\\/\\\/radioclanfm.com\\\/clanespectaculos\\\/#organization\"},\"potentialAction\":[{\"@type\":\"SearchAction\",\"target\":{\"@type\":\"EntryPoint\",\"urlTemplate\":\"https:\\\/\\\/radioclanfm.com\\\/clanespectaculos\\\/?s={search_term_string}\"},\"query-input\":{\"@type\":\"PropertyValueSpecification\",\"valueRequired\":true,\"valueName\":\"search_term_string\"}}],\"inLanguage\":\"es-AR\"},{\"@type\":\"Organization\",\"@id\":\"https:\\\/\\\/radioclanfm.com\\\/clanespectaculos\\\/#organization\",\"name\":\"CLAN ESPECTACULOS\",\"url\":\"https:\\\/\\\/radioclanfm.com\\\/clanespectaculos\\\/\",\"logo\":{\"@type\":\"ImageObject\",\"inLanguage\":\"es-AR\",\"@id\":\"https:\\\/\\\/radioclanfm.com\\\/clanespectaculos\\\/#\\\/schema\\\/logo\\\/image\\\/\",\"url\":\"https:\\\/\\\/radioclanfm.com\\\/clanespectaculos\\\/wp-content\\\/uploads\\\/sites\\\/2\\\/2026\\\/04\\\/ChatGPT-Image-23-mar-2026-10_09_00.png\",\"contentUrl\":\"https:\\\/\\\/radioclanfm.com\\\/clanespectaculos\\\/wp-content\\\/uploads\\\/sites\\\/2\\\/2026\\\/04\\\/ChatGPT-Image-23-mar-2026-10_09_00.png\",\"width\":1024,\"height\":1024,\"caption\":\"CLAN ESPECTACULOS\"},\"image\":{\"@id\":\"https:\\\/\\\/radioclanfm.com\\\/clanespectaculos\\\/#\\\/schema\\\/logo\\\/image\\\/\"},\"sameAs\":[\"https:\\\/\\\/www.facebook.com\\\/clanespectaculos\\\/\",\"https:\\\/\\\/x.com\\\/clanespectok\"]},{\"@type\":\"Person\",\"@id\":\"https:\\\/\\\/radioclanfm.com\\\/clanespectaculos\\\/#\\\/schema\\\/person\\\/9734813083303230f3ad84d99171b20c\",\"name\":\"E-GRUPOCLAN\",\"image\":{\"@type\":\"ImageObject\",\"inLanguage\":\"es-AR\",\"@id\":\"https:\\\/\\\/secure.gravatar.com\\\/avatar\\\/af6e19837c3d6a212034a48c7b3818d2ac1826f6025df0155da5a186ad321d79?s=96&d=mm&r=g\",\"url\":\"https:\\\/\\\/secure.gravatar.com\\\/avatar\\\/af6e19837c3d6a212034a48c7b3818d2ac1826f6025df0155da5a186ad321d79?s=96&d=mm&r=g\",\"contentUrl\":\"https:\\\/\\\/secure.gravatar.com\\\/avatar\\\/af6e19837c3d6a212034a48c7b3818d2ac1826f6025df0155da5a186ad321d79?s=96&d=mm&r=g\",\"caption\":\"E-GRUPOCLAN\"},\"sameAs\":[\"https:\\\/\\\/radioclanfm.com\"],\"url\":\"https:\\\/\\\/radioclanfm.com\\\/clanespectaculos\\\/author\\\/admin\\\/\"}]}<\/script>\n<!-- \/ Yoast SEO plugin. -->","yoast_head_json":{"title":"Roc\u00edo Pardo pos\u00f3 en traje y corbata pero al borde del topless: el arriesgado look - CLAN ESPECTACULOS","robots":{"index":"index","follow":"follow","max-snippet":"max-snippet:-1","max-image-preview":"max-image-preview:large","max-video-preview":"max-video-preview:-1"},"canonical":"https:\/\/radioclanfm.com\/clanespectaculos\/rocio-pardo-poso-en-traje-y-corbata-pero-al-borde-del-topless-el-arriesgado-look\/","og_locale":"es_ES","og_type":"article","og_title":"Roc\u00edo Pardo pos\u00f3 en traje y corbata pero al borde del topless: el arriesgado look - CLAN ESPECTACULOS","og_description":"Llev\u00f3 un saco negro con una camisa blanca abiertos para dejar el escote a la vista. Mientras acumula \u00e9xitos en la escena teatral,\u00a0Roc\u00edo Pardo @rrociopardo se posiciona como referente fashionista. Despu\u00e9s de disfrutar de una luna de miel de ensue\u00f1o en Aruba junto a Nicol\u00e1s Cabr\u00e9, la artista public\u00f3 una foto desde Buenos Aires y [&hellip;]","og_url":"https:\/\/radioclanfm.com\/clanespectaculos\/rocio-pardo-poso-en-traje-y-corbata-pero-al-borde-del-topless-el-arriesgado-look\/","og_site_name":"CLAN ESPECTACULOS","article_publisher":"https:\/\/www.facebook.com\/clanespectaculos\/","article_published_time":"2026-04-27T13:01:14+00:00","og_image":[{"width":900,"height":507,"url":"https:\/\/radioclanfm.com\/clanespectaculos\/wp-content\/uploads\/sites\/2\/2026\/04\/WtwYAXfb.jpg","type":"image\/jpeg"}],"author":"E-GRUPOCLAN","twitter_card":"summary_large_image","twitter_creator":"@clanespectok","twitter_site":"@clanespectok","twitter_misc":{"Escrito por":"E-GRUPOCLAN","Tiempo de lectura":"4 minutos"},"schema":{"@context":"https:\/\/schema.org","@graph":[{"@type":"Article","@id":"https:\/\/radioclanfm.com\/clanespectaculos\/rocio-pardo-poso-en-traje-y-corbata-pero-al-borde-del-topless-el-arriesgado-look\/#article","isPartOf":{"@id":"https:\/\/radioclanfm.com\/clanespectaculos\/rocio-pardo-poso-en-traje-y-corbata-pero-al-borde-del-topless-el-arriesgado-look\/"},"author":{"name":"E-GRUPOCLAN","@id":"https:\/\/radioclanfm.com\/clanespectaculos\/#\/schema\/person\/9734813083303230f3ad84d99171b20c"},"headline":"Roc\u00edo Pardo pos\u00f3 en traje y corbata pero al borde del topless: el arriesgado look","datePublished":"2026-04-27T13:01:14+00:00","mainEntityOfPage":{"@id":"https:\/\/radioclanfm.com\/clanespectaculos\/rocio-pardo-poso-en-traje-y-corbata-pero-al-borde-del-topless-el-arriesgado-look\/"},"wordCount":546,"commentCount":0,"publisher":{"@id":"https:\/\/radioclanfm.com\/clanespectaculos\/#organization"},"image":{"@id":"https:\/\/radioclanfm.com\/clanespectaculos\/rocio-pardo-poso-en-traje-y-corbata-pero-al-borde-del-topless-el-arriesgado-look\/#primaryimage"},"thumbnailUrl":"https:\/\/radioclanfm.com\/clanespectaculos\/wp-content\/uploads\/sites\/2\/2026\/04\/WtwYAXfb.jpg","articleSection":["MODA"],"inLanguage":"es-AR","potentialAction":[{"@type":"CommentAction","name":"Comment","target":["https:\/\/radioclanfm.com\/clanespectaculos\/rocio-pardo-poso-en-traje-y-corbata-pero-al-borde-del-topless-el-arriesgado-look\/#respond"]}]},{"@type":"WebPage","@id":"https:\/\/radioclanfm.com\/clanespectaculos\/rocio-pardo-poso-en-traje-y-corbata-pero-al-borde-del-topless-el-arriesgado-look\/","url":"https:\/\/radioclanfm.com\/clanespectaculos\/rocio-pardo-poso-en-traje-y-corbata-pero-al-borde-del-topless-el-arriesgado-look\/","name":"Roc\u00edo Pardo pos\u00f3 en traje y corbata pero al borde del topless: el arriesgado look - CLAN ESPECTACULOS","isPartOf":{"@id":"https:\/\/radioclanfm.com\/clanespectaculos\/#website"},"primaryImageOfPage":{"@id":"https:\/\/radioclanfm.com\/clanespectaculos\/rocio-pardo-poso-en-traje-y-corbata-pero-al-borde-del-topless-el-arriesgado-look\/#primaryimage"},"image":{"@id":"https:\/\/radioclanfm.com\/clanespectaculos\/rocio-pardo-poso-en-traje-y-corbata-pero-al-borde-del-topless-el-arriesgado-look\/#primaryimage"},"thumbnailUrl":"https:\/\/radioclanfm.com\/clanespectaculos\/wp-content\/uploads\/sites\/2\/2026\/04\/WtwYAXfb.jpg","datePublished":"2026-04-27T13:01:14+00:00","breadcrumb":{"@id":"https:\/\/radioclanfm.com\/clanespectaculos\/rocio-pardo-poso-en-traje-y-corbata-pero-al-borde-del-topless-el-arriesgado-look\/#breadcrumb"},"inLanguage":"es-AR","potentialAction":[{"@type":"ReadAction","target":["https:\/\/radioclanfm.com\/clanespectaculos\/rocio-pardo-poso-en-traje-y-corbata-pero-al-borde-del-topless-el-arriesgado-look\/"]}]},{"@type":"ImageObject","inLanguage":"es-AR","@id":"https:\/\/radioclanfm.com\/clanespectaculos\/rocio-pardo-poso-en-traje-y-corbata-pero-al-borde-del-topless-el-arriesgado-look\/#primaryimage","url":"https:\/\/radioclanfm.com\/clanespectaculos\/wp-content\/uploads\/sites\/2\/2026\/04\/WtwYAXfb.jpg","contentUrl":"https:\/\/radioclanfm.com\/clanespectaculos\/wp-content\/uploads\/sites\/2\/2026\/04\/WtwYAXfb.jpg","width":900,"height":507},{"@type":"BreadcrumbList","@id":"https:\/\/radioclanfm.com\/clanespectaculos\/rocio-pardo-poso-en-traje-y-corbata-pero-al-borde-del-topless-el-arriesgado-look\/#breadcrumb","itemListElement":[{"@type":"ListItem","position":1,"name":"Inicio","item":"https:\/\/radioclanfm.com\/clanespectaculos\/"},{"@type":"ListItem","position":2,"name":"Roc\u00edo Pardo pos\u00f3 en traje y corbata pero al borde del topless: el arriesgado look"}]},{"@type":"WebSite","@id":"https:\/\/radioclanfm.com\/clanespectaculos\/#website","url":"https:\/\/radioclanfm.com\/clanespectaculos\/","name":"CLAN ESPECTACULOS","description":"","publisher":{"@id":"https:\/\/radioclanfm.com\/clanespectaculos\/#organization"},"potentialAction":[{"@type":"SearchAction","target":{"@type":"EntryPoint","urlTemplate":"https:\/\/radioclanfm.com\/clanespectaculos\/?s={search_term_string}"},"query-input":{"@type":"PropertyValueSpecification","valueRequired":true,"valueName":"search_term_string"}}],"inLanguage":"es-AR"},{"@type":"Organization","@id":"https:\/\/radioclanfm.com\/clanespectaculos\/#organization","name":"CLAN ESPECTACULOS","url":"https:\/\/radioclanfm.com\/clanespectaculos\/","logo":{"@type":"ImageObject","inLanguage":"es-AR","@id":"https:\/\/radioclanfm.com\/clanespectaculos\/#\/schema\/logo\/image\/","url":"https:\/\/radioclanfm.com\/clanespectaculos\/wp-content\/uploads\/sites\/2\/2026\/04\/ChatGPT-Image-23-mar-2026-10_09_00.png","contentUrl":"https:\/\/radioclanfm.com\/clanespectaculos\/wp-content\/uploads\/sites\/2\/2026\/04\/ChatGPT-Image-23-mar-2026-10_09_00.png","width":1024,"height":1024,"caption":"CLAN ESPECTACULOS"},"image":{"@id":"https:\/\/radioclanfm.com\/clanespectaculos\/#\/schema\/logo\/image\/"},"sameAs":["https:\/\/www.facebook.com\/clanespectaculos\/","https:\/\/x.com\/clanespectok"]},{"@type":"Person","@id":"https:\/\/radioclanfm.com\/clanespectaculos\/#\/schema\/person\/9734813083303230f3ad84d99171b20c","name":"E-GRUPOCLAN","image":{"@type":"ImageObject","inLanguage":"es-AR","@id":"https:\/\/secure.gravatar.com\/avatar\/af6e19837c3d6a212034a48c7b3818d2ac1826f6025df0155da5a186ad321d79?s=96&d=mm&r=g","url":"https:\/\/secure.gravatar.com\/avatar\/af6e19837c3d6a212034a48c7b3818d2ac1826f6025df0155da5a186ad321d79?s=96&d=mm&r=g","contentUrl":"https:\/\/secure.gravatar.com\/avatar\/af6e19837c3d6a212034a48c7b3818d2ac1826f6025df0155da5a186ad321d79?s=96&d=mm&r=g","caption":"E-GRUPOCLAN"},"sameAs":["https:\/\/radioclanfm.com"],"url":"https:\/\/radioclanfm.com\/clanespectaculos\/author\/admin\/"}]}},"_links":{"self":[{"href":"https:\/\/radioclanfm.com\/clanespectaculos\/wp-json\/wp\/v2\/posts\/15882","targetHints":{"allow":["GET"]}}],"collection":[{"href":"https:\/\/radioclanfm.com\/clanespectaculos\/wp-json\/wp\/v2\/posts"}],"about":[{"href":"https:\/\/radioclanfm.com\/clanespectaculos\/wp-json\/wp\/v2\/types\/post"}],"author":[{"embeddable":true,"href":"https:\/\/radioclanfm.com\/clanespectaculos\/wp-json\/wp\/v2\/users\/1"}],"replies":[{"embeddable":true,"href":"https:\/\/radioclanfm.com\/clanespectaculos\/wp-json\/wp\/v2\/comments?post=15882"}],"version-history":[{"count":1,"href":"https:\/\/radioclanfm.com\/clanespectaculos\/wp-json\/wp\/v2\/posts\/15882\/revisions"}],"predecessor-version":[{"id":15884,"href":"https:\/\/radioclanfm.com\/clanespectaculos\/wp-json\/wp\/v2\/posts\/15882\/revisions\/15884"}],"wp:featuredmedia":[{"embeddable":true,"href":"https:\/\/radioclanfm.com\/clanespectaculos\/wp-json\/wp\/v2\/media\/15883"}],"wp:attachment":[{"href":"https:\/\/radioclanfm.com\/clanespectaculos\/wp-json\/wp\/v2\/media?parent=15882"}],"wp:term":[{"taxonomy":"category","embeddable":true,"href":"https:\/\/radioclanfm.com\/clanespectaculos\/wp-json\/wp\/v2\/categories?post=15882"},{"taxonomy":"post_tag","embeddable":true,"href":"https:\/\/radioclanfm.com\/clanespectaculos\/wp-json\/wp\/v2\/tags?post=15882"}],"curies":[{"name":"wp","href":"https:\/\/api.w.org\/{rel}","templated":true}]}}