{"id":15879,"date":"2026-04-27T09:59:26","date_gmt":"2026-04-27T12:59:26","guid":{"rendered":"https:\/\/radioclanfm.com\/clanespectaculos\/?p=15879"},"modified":"2026-04-27T09:59:26","modified_gmt":"2026-04-27T12:59:26","slug":"martin-fierro-de-la-moda-2026-el-minuto-a-minuto-de-la-alfombra-roja","status":"publish","type":"post","link":"https:\/\/radioclanfm.com\/clanespectaculos\/martin-fierro-de-la-moda-2026-el-minuto-a-minuto-de-la-alfombra-roja\/","title":{"rendered":"Mart\u00edn Fierro de la Moda 2026: el minuto a minuto de la alfombra roja"},"content":{"rendered":"<p>De las transparencias de Zaira Nara al Carolina Herrera de Pampita, pasando por el vestido blanco con tul de Marta Fort.<\/p>\n<p class=\"paragraph font__body-regular\"><b>Zaira Nara<\/b>\u00a0y el\u00a0<b>Chino Leunis<\/b>\u00a0son los encargados de recibir a todos los invitados en la alfombra roja del\u00a0<b>Mart\u00edn Fierro de la Moda<\/b>, la noche en la que se premian a los mejores dise\u00f1adores, estilistas, conductores y actores, entre otras categor\u00edas.<\/p>\n<div id=\"ad-slot-infeed\" class=\"infeed-container ad-slot-infeed ad-slot\" data-adtype=\"infeed\" data-lazyload=\"1\" data-google-query-id=\"CMSakM6KjpQDFbMl4AMdMO84kA\">\n<div id=\"google_ads_iframe_\/113951150\/tn-arc\/nota\/infeed_0__container__\"><iframe id=\"google_ads_iframe_\/113951150\/tn-arc\/nota\/infeed_0\" tabindex=\"0\" title=\"Contenido de anuncios de terceros\" name=\"google_ads_iframe_\/113951150\/tn-arc\/nota\/infeed_0\" width=\"1\" height=\"1\" frameborder=\"0\" marginwidth=\"0\" marginheight=\"0\" scrolling=\"no\" aria-label=\"Anuncio\" data-google-container-id=\"a\" data-load-complete=\"true\" data-mce-fragment=\"1\"><\/iframe><\/div>\n<\/div>\n<p class=\"paragraph font__body-regular\">Antes de la ceremonia, conducida por<b>\u00a0<\/b><a title=\"https:\/\/tn.com.ar\/estilo\/eventos\/2026\/04\/08\/la-familia-de-valeria-mazza-completa-y-a-puro-estilo-los-cinco-combinaron-sus-looks-para-una-noche-de-estreno\/\" href=\"https:\/\/tn.com.ar\/estilo\/eventos\/2026\/04\/08\/la-familia-de-valeria-mazza-completa-y-a-puro-estilo-los-cinco-combinaron-sus-looks-para-una-noche-de-estreno\/\" target=\"_self\" rel=\"\"><b>Valeria Mazza<\/b><\/a>\u00a0e<b>\u00a0Iv\u00e1n de Pineda<\/b>, los invitados pasaron por la\u00a0<i>red carpet\u00a0<\/i>y deslumbraron con sus looks.<\/p>\n<div id=\"standard_1\" class=\"st-placement standard_1 inArticle\">\n<div class=\"st-adunit-inarticle st-inarticle-slot\">\n<div class=\"st-adunit st-adunit-tagged st-reset st-show\">\n<div class=\"st-adunit-ad st-reset\">\n<div class=\"st-display-render st-reset open 300x250\"><\/div>\n<\/div>\n<\/div>\n<\/div>\n<\/div>\n<div class=\"story-list\" data-mrf-recirculation=\"IL_RNrGCM52Q_ui4aMax3fibg\" data-testid=\"text-html\" data-mrf-experience=\"IL_RNrGCM52Q_ui4aMax3fibg\">\n<article class=\"card__container card__horizontal\">\n<div class=\"card__body\">\n<header>\n<h3 class=\"card__headline font__display\"><\/h3>\n<\/header>\n<\/div>\n<\/article>\n<\/div>\n<h2 class=\"font--primary font__display\">Susana Gim\u00e9nez y Mercedes Sarrabayrouse en total black<\/h2>\n<p class=\"paragraph font__body-regular\"><b>Susana Gim\u00e9nez<\/b>, que recibi\u00f3 un homenaje especial durante la ceremonia, se anim\u00f3 al corto. Llev\u00f3 un\u00a0<b>vestido negro ajustado con una franja transl\u00facida a la altura de la cintura<\/b>\u00a0y un\u00a0<b>cinto ancho de Dolce &amp; Gabbana.<\/b><\/p>\n<figure class=\"\" data-testid=\"figure-testid\">\n<div class=\"aspect_ratio__container\"><picture class=\"responsive-image\"><source srcset=\"https:\/\/tn.com.ar\/resizer\/v2\/susana-gimenez-en-total-black-por-dolce-gabbana-foto-movilpress-JG5OZWMVTNCZ7JWCZGCMJLHPRA.jpeg?auth=faa824f26ce3f97ecadfc327cd05312396a3bf25e647f46608b585d3342759a6&amp;width=767\" type=\"image\/jpg\" media=\"(max-width: 728px)\" \/><source srcset=\"https:\/\/tn.com.ar\/resizer\/v2\/susana-gimenez-en-total-black-por-dolce-gabbana-foto-movilpress-JG5OZWMVTNCZ7JWCZGCMJLHPRA.jpeg?auth=faa824f26ce3f97ecadfc327cd05312396a3bf25e647f46608b585d3342759a6&amp;width=1023\" type=\"image\/jpg\" media=\"(max-width: 1023px)\" \/><source srcset=\"https:\/\/tn.com.ar\/resizer\/v2\/susana-gimenez-en-total-black-por-dolce-gabbana-foto-movilpress-JG5OZWMVTNCZ7JWCZGCMJLHPRA.jpeg?auth=faa824f26ce3f97ecadfc327cd05312396a3bf25e647f46608b585d3342759a6&amp;width=1440\" type=\"image\/jpg\" \/><img loading=\"lazy\" decoding=\"async\" class=\"image content-image image_placeholder\" src=\"https:\/\/tn.com.ar\/resizer\/v2\/susana-gimenez-en-total-black-por-dolce-gabbana-foto-movilpress-JG5OZWMVTNCZ7JWCZGCMJLHPRA.jpeg?auth=faa824f26ce3f97ecadfc327cd05312396a3bf25e647f46608b585d3342759a6&amp;width=767\" alt=\"Susana Gim\u00e9nez en total black por Dolce &amp; Gabbana. (Foto: Movilpress)\" width=\"767\" height=\"1023\" data-testid=\"loading-testid\" \/><\/picture><\/div><figcaption class=\"caption_image\" data-testid=\"figcaption-testid\">\n<div class=\"image_caption \">Susana Gim\u00e9nez en total black por Dolce &amp; Gabbana. (Foto: Movilpress)<\/div>\n<\/figcaption><\/figure>\n<p class=\"paragraph font__body-regular\">La acompa\u00f1\u00f3 su hija,\u00a0<b>Mercedes Sarrabayrouse<\/b>, con un vestido satinado negro con mangas\u00a0<i>off shoulders<\/i>\u00a0y plumas.<\/p>\n<figure class=\"\" data-testid=\"figure-testid\">\n<div class=\"aspect_ratio__container\"><picture class=\"responsive-image\"><source srcset=\"https:\/\/tn.com.ar\/resizer\/v2\/susana-gimenez-y-mercedes-sarraboyrouse-en-la-noche-del-martin-fierro-de-la-moda-foto-movilpress-RLQUM43S45F7ZNVZQPL2FIW6WI.jpeg?auth=a8a17a075e8650ac0c2725cbdcaa9ce3c8a8d7f384445af479596133a6be0035&amp;width=767\" type=\"image\/jpg\" media=\"(max-width: 728px)\" \/><source srcset=\"https:\/\/tn.com.ar\/resizer\/v2\/susana-gimenez-y-mercedes-sarraboyrouse-en-la-noche-del-martin-fierro-de-la-moda-foto-movilpress-RLQUM43S45F7ZNVZQPL2FIW6WI.jpeg?auth=a8a17a075e8650ac0c2725cbdcaa9ce3c8a8d7f384445af479596133a6be0035&amp;width=1023\" type=\"image\/jpg\" media=\"(max-width: 1023px)\" \/><source srcset=\"https:\/\/tn.com.ar\/resizer\/v2\/susana-gimenez-y-mercedes-sarraboyrouse-en-la-noche-del-martin-fierro-de-la-moda-foto-movilpress-RLQUM43S45F7ZNVZQPL2FIW6WI.jpeg?auth=a8a17a075e8650ac0c2725cbdcaa9ce3c8a8d7f384445af479596133a6be0035&amp;width=1440\" type=\"image\/jpg\" \/><img loading=\"lazy\" decoding=\"async\" class=\"image content-image image_placeholder\" src=\"https:\/\/tn.com.ar\/resizer\/v2\/susana-gimenez-y-mercedes-sarraboyrouse-en-la-noche-del-martin-fierro-de-la-moda-foto-movilpress-RLQUM43S45F7ZNVZQPL2FIW6WI.jpeg?auth=a8a17a075e8650ac0c2725cbdcaa9ce3c8a8d7f384445af479596133a6be0035&amp;width=767\" alt=\"Susana Gim\u00e9nez y Mercedes Sarraboyrouse en la noche del Mart\u00edn Fierro de la Moda. (Foto: Movilpress)\" width=\"767\" height=\"1023\" data-testid=\"loading-testid\" \/><\/picture><\/div><figcaption class=\"caption_image\" data-testid=\"figcaption-testid\">\n<div class=\"image_caption \">Susana Gim\u00e9nez y Mercedes Sarraboyrouse en la noche del Mart\u00edn Fierro de la Moda. (Foto: Movilpress)<\/div>\n<\/figcaption><\/figure>\n<h2 class=\"font--primary font__display\">Ver\u00f3nica Lozano con brillos y transparencias<\/h2>\n<p class=\"paragraph font__body-regular\"><b>Ver\u00f3nica Lozano<\/b><i>,<\/i>\u00a0la ganadora en la categor\u00eda de\u00a0<b>Mejor Estilo en Conducci\u00f3n Femenina en Programa Diario<\/b><i>,\u00a0<\/i>eligi\u00f3 un vestido<i>\u00a0<\/i><i><b>naked<\/b><\/i><b>\u00a0<\/b>en color\u00a0<i><b>nude\u00a0<\/b><\/i>con\u00a0<b>gasa transl\u00facida y bordado de pedrer\u00eda floral al tono\u00a0<\/b>de su c\u00e1psula junto a<b>\u00a0Natalia Antol\u00edn.<\/b>\u00a0Lo complement\u00f3 con botas metalizadas y joyas de Rubi Rubi.<\/p>\n<figure class=\"\" data-testid=\"figure-testid\">\n<div class=\"aspect_ratio__container\"><picture class=\"responsive-image\"><source srcset=\"https:\/\/tn.com.ar\/resizer\/v2\/veronica-lozano-en-naked-dress-foto-movilpress-4XHQSCNNERAADHU2KCIZSWZAFY.jpeg?auth=298ea674365d8a5e6b4dc29da39c8e7057002dc0954d79b5f4ca12a92e3ed9d0&amp;width=767\" type=\"image\/jpg\" media=\"(max-width: 728px)\" \/><source srcset=\"https:\/\/tn.com.ar\/resizer\/v2\/veronica-lozano-en-naked-dress-foto-movilpress-4XHQSCNNERAADHU2KCIZSWZAFY.jpeg?auth=298ea674365d8a5e6b4dc29da39c8e7057002dc0954d79b5f4ca12a92e3ed9d0&amp;width=1023\" type=\"image\/jpg\" media=\"(max-width: 1023px)\" \/><source srcset=\"https:\/\/tn.com.ar\/resizer\/v2\/veronica-lozano-en-naked-dress-foto-movilpress-4XHQSCNNERAADHU2KCIZSWZAFY.jpeg?auth=298ea674365d8a5e6b4dc29da39c8e7057002dc0954d79b5f4ca12a92e3ed9d0&amp;width=1440\" type=\"image\/jpg\" \/><img loading=\"lazy\" decoding=\"async\" class=\"image content-image image_placeholder\" src=\"https:\/\/tn.com.ar\/resizer\/v2\/veronica-lozano-en-naked-dress-foto-movilpress-4XHQSCNNERAADHU2KCIZSWZAFY.jpeg?auth=298ea674365d8a5e6b4dc29da39c8e7057002dc0954d79b5f4ca12a92e3ed9d0&amp;width=767\" alt=\"Ver\u00f3nica Lozano en naked dress. (Foto: Movilpress)\" width=\"767\" height=\"1023\" data-testid=\"loading-testid\" \/><\/picture><\/div><figcaption class=\"caption_image\" data-testid=\"figcaption-testid\">\n<div class=\"image_caption \">Ver\u00f3nica Lozano en naked dress. (Foto: Movilpress)<\/div>\n<\/figcaption><\/figure>\n<h2 class=\"font--primary font__display\">Yanina Latorre por Camila Romano<\/h2>\n<p class=\"paragraph font__body-regular\"><b>Yanina Latorre<\/b>\u00a0eligi\u00f3 un vestido verde de\u00a0<b>Camila Romano<\/b>, con peque\u00f1os\u00a0<b>cristales al tono y silueta lencera.<\/b>\u00a0Lo acompa\u00f1\u00f3 con<b>\u00a0joyas de oro blanco, brillantes y esmeraldas de Jean Pierre<\/b>.<\/p>\n<figure class=\"\" data-testid=\"figure-testid\">\n<div class=\"aspect_ratio__container\"><picture class=\"responsive-image\"><source srcset=\"https:\/\/tn.com.ar\/resizer\/v2\/yanina-latorre-con-brillos-por-camila-romano-foto-movilpress-3VIC2PU7UFEELFRWQXFRLOQS2Q.JPG?auth=8809d4337b6b424381c3a104e62b4eee45f7d25cf1c8e25b07b4e910352ba756&amp;width=767\" type=\"image\/jpg\" media=\"(max-width: 728px)\" \/><source srcset=\"https:\/\/tn.com.ar\/resizer\/v2\/yanina-latorre-con-brillos-por-camila-romano-foto-movilpress-3VIC2PU7UFEELFRWQXFRLOQS2Q.JPG?auth=8809d4337b6b424381c3a104e62b4eee45f7d25cf1c8e25b07b4e910352ba756&amp;width=1023\" type=\"image\/jpg\" media=\"(max-width: 1023px)\" \/><source srcset=\"https:\/\/tn.com.ar\/resizer\/v2\/yanina-latorre-con-brillos-por-camila-romano-foto-movilpress-3VIC2PU7UFEELFRWQXFRLOQS2Q.JPG?auth=8809d4337b6b424381c3a104e62b4eee45f7d25cf1c8e25b07b4e910352ba756&amp;width=1440\" type=\"image\/jpg\" \/><img loading=\"lazy\" decoding=\"async\" class=\"image content-image image_placeholder\" src=\"https:\/\/tn.com.ar\/resizer\/v2\/yanina-latorre-con-brillos-por-camila-romano-foto-movilpress-3VIC2PU7UFEELFRWQXFRLOQS2Q.JPG?auth=8809d4337b6b424381c3a104e62b4eee45f7d25cf1c8e25b07b4e910352ba756&amp;width=767\" alt=\"Yanina Latorre con brillos por Camila Romano. (Foto: Movilpress)\" width=\"767\" height=\"1151\" data-testid=\"loading-testid\" \/><\/picture><\/div><figcaption class=\"caption_image\" data-testid=\"figcaption-testid\">\n<div class=\"image_caption \">Yanina Latorre con brillos por Camila Romano. (Foto: Movilpress)<\/div>\n<\/figcaption><\/figure>\n<h2 class=\"font--primary font__display\">Mariana Fabbiani con look floral de su abuela<\/h2>\n<p class=\"paragraph font__body-regular\"><b>Mariana Fabbiani<\/b>\u00a0sorprendi\u00f3 al llevar un vestido que\u00a0<b>perteneci\u00f3 a su abuela,<\/b>\u00a0<b>rescatado artesanalmente por La Meca.<\/b>\u00a0El modelo,\u00a0<i><b>strapless\u00a0<\/b><\/i><b>blanco<\/b>, tiene un bordado floral rosa y falda acampanada.<\/p>\n<figure class=\"\" data-testid=\"figure-testid\">\n<div class=\"aspect_ratio__container\"><picture class=\"responsive-image\"><source srcset=\"https:\/\/tn.com.ar\/resizer\/v2\/mariana-fabbiani-con-un-vestido-reciclado-de-su-abuela-foto-movilpress-WJ4SMN3BGBCKXL5BY7L7QCJMCM.JPG?auth=6fcdd3a885866cac562f1f9fe84918c2cf7f84cb032f14e03eadb424ce7954c2&amp;width=767\" type=\"image\/jpg\" media=\"(max-width: 728px)\" \/><source srcset=\"https:\/\/tn.com.ar\/resizer\/v2\/mariana-fabbiani-con-un-vestido-reciclado-de-su-abuela-foto-movilpress-WJ4SMN3BGBCKXL5BY7L7QCJMCM.JPG?auth=6fcdd3a885866cac562f1f9fe84918c2cf7f84cb032f14e03eadb424ce7954c2&amp;width=1023\" type=\"image\/jpg\" media=\"(max-width: 1023px)\" \/><source srcset=\"https:\/\/tn.com.ar\/resizer\/v2\/mariana-fabbiani-con-un-vestido-reciclado-de-su-abuela-foto-movilpress-WJ4SMN3BGBCKXL5BY7L7QCJMCM.JPG?auth=6fcdd3a885866cac562f1f9fe84918c2cf7f84cb032f14e03eadb424ce7954c2&amp;width=1440\" type=\"image\/jpg\" \/><img loading=\"lazy\" decoding=\"async\" class=\"image content-image image_placeholder\" src=\"https:\/\/tn.com.ar\/resizer\/v2\/mariana-fabbiani-con-un-vestido-reciclado-de-su-abuela-foto-movilpress-WJ4SMN3BGBCKXL5BY7L7QCJMCM.JPG?auth=6fcdd3a885866cac562f1f9fe84918c2cf7f84cb032f14e03eadb424ce7954c2&amp;width=767\" alt=\"Mariana Fabbiani con un vestido reciclado de su abuela. (Foto: Movilpress)\" width=\"767\" height=\"1151\" data-testid=\"loading-testid\" \/><\/picture><\/div><figcaption class=\"caption_image\" data-testid=\"figcaption-testid\">\n<div class=\"image_caption \">Mariana Fabbiani con un vestido reciclado de su abuela. (Foto: Movilpress)<\/div>\n<\/figcaption><\/figure>\n<h2 class=\"font--primary font__display\">Julieta Zylberberg<\/h2>\n<p class=\"paragraph font__body-regular\"><b>Julieta Zylberberg<\/b>, ganadora de la estatuilla de\u00a0<b>Actriz con Mejor Estilo en Ficci\u00f3n<\/b>, se visti\u00f3 de negro por<b>\u00a0Fabi\u00e1n Zitta.\u00a0<\/b>Eligi\u00f3 un vestido negro con\u00a0<b>apliques plateados a la altura del busto\u00a0<\/b>y\u00a0<b>falda de cuero acampanada.\u00a0<\/b>Complet\u00f3 el vestuario con guantes al tono y botas color\u00a0<i>nude<\/i>.<\/p>\n<figure class=\"\" data-testid=\"figure-testid\">\n<div class=\"aspect_ratio__container\"><picture class=\"responsive-image\"><source srcset=\"https:\/\/tn.com.ar\/resizer\/v2\/julieta-zylberberg-ganadora-en-total-black-foto-movilpress-PZFGAM3NMZBLRLFINGBEZHOMJM.JPG?auth=d6c90cc53d866883f8a5b6cdc278665adb72d24a05042da88ae5096e75fb3550&amp;width=767\" type=\"image\/jpg\" media=\"(max-width: 728px)\" \/><source srcset=\"https:\/\/tn.com.ar\/resizer\/v2\/julieta-zylberberg-ganadora-en-total-black-foto-movilpress-PZFGAM3NMZBLRLFINGBEZHOMJM.JPG?auth=d6c90cc53d866883f8a5b6cdc278665adb72d24a05042da88ae5096e75fb3550&amp;width=1023\" type=\"image\/jpg\" media=\"(max-width: 1023px)\" \/><source srcset=\"https:\/\/tn.com.ar\/resizer\/v2\/julieta-zylberberg-ganadora-en-total-black-foto-movilpress-PZFGAM3NMZBLRLFINGBEZHOMJM.JPG?auth=d6c90cc53d866883f8a5b6cdc278665adb72d24a05042da88ae5096e75fb3550&amp;width=1440\" type=\"image\/jpg\" \/><img loading=\"lazy\" decoding=\"async\" class=\"image content-image image_placeholder\" src=\"https:\/\/tn.com.ar\/resizer\/v2\/julieta-zylberberg-ganadora-en-total-black-foto-movilpress-PZFGAM3NMZBLRLFINGBEZHOMJM.JPG?auth=d6c90cc53d866883f8a5b6cdc278665adb72d24a05042da88ae5096e75fb3550&amp;width=767\" alt=\"Julieta Zylberberg, ganadora en total black. (Foto: Movilpress)\" width=\"767\" height=\"1151\" data-testid=\"loading-testid\" \/><\/picture><\/div><figcaption class=\"caption_image\" data-testid=\"figcaption-testid\">\n<div class=\"image_caption \">Julieta Zylberberg, ganadora en total black. (Foto: Movilpress)<\/div>\n<\/figcaption><\/figure>\n<h2 class=\"font--primary font__display\">Sol P\u00e9rez con brillos y plumas<\/h2>\n<p class=\"paragraph font__body-regular\">Los brillos y las plumas fueron una de las grandes consignas de la noche. Sol P\u00e9rez los llev\u00f3 en un vestido de<b>\u00a0Ver\u00f3nica de la Canal\u00a0<\/b>con escote\u00a0<i><b>halter\u00a0<\/b><\/i>y falda midi. El modelo est\u00e1 adornado con\u00a0<b>brillantes\u00a0<\/b>al tono. Como broche de oro, llev\u00f3 una\u00a0<b>boa de plumas al tono.<\/b><\/p>\n<figure class=\"\" data-testid=\"figure-testid\">\n<div class=\"aspect_ratio__container\"><picture class=\"responsive-image\"><source srcset=\"https:\/\/tn.com.ar\/resizer\/v2\/sol-perez-brillo-en-la-alfombra-roja-foto-movilpress-OD5ZDY7LIREKZP3I3EKSIHVH2I.JPG?auth=946e7cc6aee12490f1844998efc29959c42cd3606d01b7d037530f57a07bacff&amp;width=767\" type=\"image\/jpg\" media=\"(max-width: 728px)\" \/><source srcset=\"https:\/\/tn.com.ar\/resizer\/v2\/sol-perez-brillo-en-la-alfombra-roja-foto-movilpress-OD5ZDY7LIREKZP3I3EKSIHVH2I.JPG?auth=946e7cc6aee12490f1844998efc29959c42cd3606d01b7d037530f57a07bacff&amp;width=1023\" type=\"image\/jpg\" media=\"(max-width: 1023px)\" \/><source srcset=\"https:\/\/tn.com.ar\/resizer\/v2\/sol-perez-brillo-en-la-alfombra-roja-foto-movilpress-OD5ZDY7LIREKZP3I3EKSIHVH2I.JPG?auth=946e7cc6aee12490f1844998efc29959c42cd3606d01b7d037530f57a07bacff&amp;width=1440\" type=\"image\/jpg\" \/><img loading=\"lazy\" decoding=\"async\" class=\"image content-image image_placeholder\" src=\"https:\/\/tn.com.ar\/resizer\/v2\/sol-perez-brillo-en-la-alfombra-roja-foto-movilpress-OD5ZDY7LIREKZP3I3EKSIHVH2I.JPG?auth=946e7cc6aee12490f1844998efc29959c42cd3606d01b7d037530f57a07bacff&amp;width=767\" alt=\"Sol P\u00e9rez brill\u00f3 en la alfombra roja. (Foto: Movilpress)\" width=\"767\" height=\"1151\" data-testid=\"loading-testid\" \/><\/picture><\/div><figcaption class=\"caption_image\" data-testid=\"figcaption-testid\">\n<div class=\"image_caption \">Sol P\u00e9rez brill\u00f3 en la alfombra roja. (Foto: Movilpress)<\/div>\n<\/figcaption><\/figure>\n<h2 class=\"font--primary font__display\">Stephanie Demner por Pucheta &#8211; Paz<\/h2>\n<p class=\"paragraph font__body-regular\"><b>Stephanie Demner\u00a0<\/b>deslumbr\u00f3 con un\u00a0<b>vestido blanco con sectores drapeados\u00a0<\/b>y apliques tridimensionales en la zona del ruedo. El dise\u00f1o es de Pucheta &#8211; Paz. Lo complement\u00f3 con joyas con brillantes plateados de\u00a0<b>Swarovski<\/b>.<\/p>\n<figure class=\"\" data-testid=\"figure-testid\">\n<div class=\"aspect_ratio__container\"><picture class=\"responsive-image\"><source srcset=\"https:\/\/tn.com.ar\/resizer\/v2\/stephanie-demner-junto-a-gustavo-pucheta-y-fabian-paz-foto-movilpress-67KGLB6OPBEILGUE2BLR7ZPIBA.jpg?auth=36cd169ab80efec1c27812ff5258ce7b44b89a4e028138f7f766776d65f4f826&amp;width=767\" type=\"image\/jpg\" media=\"(max-width: 728px)\" \/><source srcset=\"https:\/\/tn.com.ar\/resizer\/v2\/stephanie-demner-junto-a-gustavo-pucheta-y-fabian-paz-foto-movilpress-67KGLB6OPBEILGUE2BLR7ZPIBA.jpg?auth=36cd169ab80efec1c27812ff5258ce7b44b89a4e028138f7f766776d65f4f826&amp;width=1023\" type=\"image\/jpg\" media=\"(max-width: 1023px)\" \/><source srcset=\"https:\/\/tn.com.ar\/resizer\/v2\/stephanie-demner-junto-a-gustavo-pucheta-y-fabian-paz-foto-movilpress-67KGLB6OPBEILGUE2BLR7ZPIBA.jpg?auth=36cd169ab80efec1c27812ff5258ce7b44b89a4e028138f7f766776d65f4f826&amp;width=1440\" type=\"image\/jpg\" \/><img loading=\"lazy\" decoding=\"async\" class=\"image content-image image_placeholder\" src=\"https:\/\/tn.com.ar\/resizer\/v2\/stephanie-demner-junto-a-gustavo-pucheta-y-fabian-paz-foto-movilpress-67KGLB6OPBEILGUE2BLR7ZPIBA.jpg?auth=36cd169ab80efec1c27812ff5258ce7b44b89a4e028138f7f766776d65f4f826&amp;width=767\" alt=\"Stephanie Demner junto a Gustavo Pucheta y Fabi\u00e1n Paz. (Foto: Movilpress)\" width=\"767\" height=\"1089\" data-testid=\"loading-testid\" \/><\/picture><\/div><figcaption class=\"caption_image\" data-testid=\"figcaption-testid\">\n<div class=\"image_caption \">Stephanie Demner junto a Gustavo Pucheta y Fabi\u00e1n Paz. (Foto: Movilpress)<\/div>\n<\/figcaption><\/figure>\n<p class=\"paragraph font__body-regular\">Los dise\u00f1adores dieron el presente con looks de sastrer\u00eda.\u00a0<b>Fabi\u00e1n Paz\u00a0<\/b>en<i>\u00a0total white<\/i>\u00a0y\u00a0<b>Gustavo Pucheta<\/b>\u00a0en\u00a0<i>total black.<\/i><\/p>\n<h2 class=\"font--primary font__display\">Nico Occhiato y Flor Jazm\u00edn Pe\u00f1a, pareja de lujo<\/h2>\n<p class=\"paragraph font__body-regular\">Nico Occhiato, ganador en la categor\u00eda de\u00a0<b>Mejor Estilo Masculino En Streaming, luci\u00f3 un ambo negro cl\u00e1sico de Rochas, una camisa blanca y una corbata negra.<\/b><\/p>\n<figure class=\"\" data-testid=\"figure-testid\">\n<div class=\"aspect_ratio__container\"><picture class=\"responsive-image\"><source srcset=\"https:\/\/tn.com.ar\/resizer\/v2\/nico-occhiato-y-flor-jazmin-pena-una-de-las-parejas-mas-fotografiadas-foto-movilpress-ON5HRSSNTBDDBBD7GHF446KS6E.jpg?auth=28805a2e021e399d2e8ffe3b98a8714055719edcff3e6d7babab0bf69a4d5401&amp;width=767\" type=\"image\/jpg\" media=\"(max-width: 728px)\" \/><source srcset=\"https:\/\/tn.com.ar\/resizer\/v2\/nico-occhiato-y-flor-jazmin-pena-una-de-las-parejas-mas-fotografiadas-foto-movilpress-ON5HRSSNTBDDBBD7GHF446KS6E.jpg?auth=28805a2e021e399d2e8ffe3b98a8714055719edcff3e6d7babab0bf69a4d5401&amp;width=1023\" type=\"image\/jpg\" media=\"(max-width: 1023px)\" \/><source srcset=\"https:\/\/tn.com.ar\/resizer\/v2\/nico-occhiato-y-flor-jazmin-pena-una-de-las-parejas-mas-fotografiadas-foto-movilpress-ON5HRSSNTBDDBBD7GHF446KS6E.jpg?auth=28805a2e021e399d2e8ffe3b98a8714055719edcff3e6d7babab0bf69a4d5401&amp;width=1440\" type=\"image\/jpg\" \/><img loading=\"lazy\" decoding=\"async\" class=\"image content-image image_placeholder\" src=\"https:\/\/tn.com.ar\/resizer\/v2\/nico-occhiato-y-flor-jazmin-pena-una-de-las-parejas-mas-fotografiadas-foto-movilpress-ON5HRSSNTBDDBBD7GHF446KS6E.jpg?auth=28805a2e021e399d2e8ffe3b98a8714055719edcff3e6d7babab0bf69a4d5401&amp;width=767\" alt=\"Nico Occhiato y Flor Jazm\u00edn Pe\u00f1a, una de las parejas m\u00e1s fotografiadas. (Foto: Movilpress)\" width=\"767\" height=\"1151\" data-testid=\"loading-testid\" \/><\/picture><\/div><figcaption class=\"caption_image\" data-testid=\"figcaption-testid\">\n<div class=\"image_caption \">Nico Occhiato y Flor Jazm\u00edn Pe\u00f1a, una de las parejas m\u00e1s fotografiadas. (Foto: Movilpress)<\/div>\n<\/figcaption><\/figure>\n<p class=\"paragraph font__body-regular\"><b>Flor Jazm\u00edn Pe\u00f1a<\/b>, con estilismo de Maru Venancio, impact\u00f3 con un vestido de\u00a0<b>Joti Harriague\u00a0<\/b>color\u00a0<b>verde botella<\/b>\u00a0y zapatos de Ricky Sarkany. El maquillaje estuvo a cargo de Vero Luna (nominada como Mejor Maquilladora) y el peinado Mauro Max de Brito (nominado a Mejor Peluquero).<\/p>\n<p class=\"paragraph font__body-regular\">Llev\u00f3 joyas de\u00a0<b>Jean Pierre<\/b>\u00a0haciendo juego:\u00a0<b>aros de oro, brillantes y esmeraldas<\/b>, un anillo de\u00a0<b>titanio\u00a0<\/b>verde, brillantes negros y esmeraldas y otros anillos de oro y brillantes.<\/p>\n<h2 class=\"font--primary font__display\">China Ansa en total white<\/h2>\n<p class=\"paragraph font__body-regular\"><b>China Ansa<\/b>, nominada a\u00a0<b>Mejor Estilo en Conducci\u00f3n Femenina en Programa Semanal<\/b>, opt\u00f3 por un<b>\u00a0vestido blanco de Joti Harriague con brillos, transparencias y una boa de plumas.<\/b>\u00a0Sum\u00f3 joyas de oro blanco con brillantes de Jean Pierre.<\/p>\n<figure class=\"\" data-testid=\"figure-testid\">\n<div class=\"aspect_ratio__container\"><picture class=\"responsive-image\"><source srcset=\"https:\/\/tn.com.ar\/resizer\/v2\/china-ansa-de-blanco-por-joti-harriaguefoto-movilpress-26TDBS35O5FRBHRZ5QLBBAMXIE.JPG?auth=5bf3b9827bc6795431c544fb2c13973dc90b889041b0b708f02fe0ccc60256cc&amp;width=767\" type=\"image\/jpg\" media=\"(max-width: 728px)\" \/><source srcset=\"https:\/\/tn.com.ar\/resizer\/v2\/china-ansa-de-blanco-por-joti-harriaguefoto-movilpress-26TDBS35O5FRBHRZ5QLBBAMXIE.JPG?auth=5bf3b9827bc6795431c544fb2c13973dc90b889041b0b708f02fe0ccc60256cc&amp;width=1023\" type=\"image\/jpg\" media=\"(max-width: 1023px)\" \/><source srcset=\"https:\/\/tn.com.ar\/resizer\/v2\/china-ansa-de-blanco-por-joti-harriaguefoto-movilpress-26TDBS35O5FRBHRZ5QLBBAMXIE.JPG?auth=5bf3b9827bc6795431c544fb2c13973dc90b889041b0b708f02fe0ccc60256cc&amp;width=1440\" type=\"image\/jpg\" \/><img loading=\"lazy\" decoding=\"async\" class=\"image content-image image_placeholder\" src=\"https:\/\/tn.com.ar\/resizer\/v2\/china-ansa-de-blanco-por-joti-harriaguefoto-movilpress-26TDBS35O5FRBHRZ5QLBBAMXIE.JPG?auth=5bf3b9827bc6795431c544fb2c13973dc90b889041b0b708f02fe0ccc60256cc&amp;width=767\" alt=\"China Ansa de blanco por Joti Harriague.(Foto: Movilpress)\" width=\"767\" height=\"1151\" data-testid=\"loading-testid\" \/><\/picture><\/div><figcaption class=\"caption_image\" data-testid=\"figcaption-testid\">\n<div class=\"image_caption \">China Ansa de blanco por Joti Harriague.(Foto: Movilpress)<\/div>\n<\/figcaption><\/figure>\n<h2 class=\"font--primary font__display\">Momi Giardina, de negro y con escote halter<\/h2>\n<p class=\"paragraph font__body-regular\"><b>Momi Giardina<\/b>, nominada en la categor\u00eda de\u00a0<b>Mejor Estilo Femenino En Streaming, lleg\u00f3 con un vestido negro de Augusto Brugognoni<\/b>. El modelo tiene escote\u00a0<i>halter\u00a0<\/i>con una abertura en el frente.<\/p>\n<figure class=\"\" data-testid=\"figure-testid\">\n<div class=\"aspect_ratio__container\"><picture class=\"responsive-image\"><source srcset=\"https:\/\/tn.com.ar\/resizer\/v2\/momi-giardina-con-look-negro-escotado-foto-movilpress-M6KTETS6DZFFLNNBNTNNUUTOJY.JPG?auth=f73be0d9411f14f5d9e4c9a5d641c342a461ff94df443e9875ba89ccb024a963&amp;width=767\" type=\"image\/jpg\" media=\"(max-width: 728px)\" \/><source srcset=\"https:\/\/tn.com.ar\/resizer\/v2\/momi-giardina-con-look-negro-escotado-foto-movilpress-M6KTETS6DZFFLNNBNTNNUUTOJY.JPG?auth=f73be0d9411f14f5d9e4c9a5d641c342a461ff94df443e9875ba89ccb024a963&amp;width=1023\" type=\"image\/jpg\" media=\"(max-width: 1023px)\" \/><source srcset=\"https:\/\/tn.com.ar\/resizer\/v2\/momi-giardina-con-look-negro-escotado-foto-movilpress-M6KTETS6DZFFLNNBNTNNUUTOJY.JPG?auth=f73be0d9411f14f5d9e4c9a5d641c342a461ff94df443e9875ba89ccb024a963&amp;width=1440\" type=\"image\/jpg\" \/><img loading=\"lazy\" decoding=\"async\" class=\"image content-image image_placeholder\" src=\"https:\/\/tn.com.ar\/resizer\/v2\/momi-giardina-con-look-negro-escotado-foto-movilpress-M6KTETS6DZFFLNNBNTNNUUTOJY.JPG?auth=f73be0d9411f14f5d9e4c9a5d641c342a461ff94df443e9875ba89ccb024a963&amp;width=767\" alt=\"Momi Giardina con look negro escotado. (Foto: Movilpress)\" width=\"767\" height=\"1151\" data-testid=\"loading-testid\" \/><\/picture><\/div><figcaption class=\"caption_image\" data-testid=\"figcaption-testid\">\n<div class=\"image_caption \">Momi Giardina con look negro escotado. (Foto: Movilpress)<\/div>\n<\/figcaption><\/figure>\n<p class=\"paragraph font__body-regular\">Lo complement\u00f3 con<b>\u00a0aros y anillos de oro y brillantes de Jean Pierre.<\/b>\u00a0Luci\u00f3 zapatos de Claude Bernard, maquillaje de Lore Navarrine y pelo por Mauro Max de Brito. Estuvo asesorada por\u00a0<b>Maru Venancio.<\/b><\/p>\n<h2 class=\"font--primary font__display\">Juana Viale por Gino Bogani<\/h2>\n<p class=\"paragraph font__body-regular\">Juana Viale, ternada en la categor\u00eda de\u00a0<b>Mejor Estilo en Conducci\u00f3n Femenina en Programa Semanal,<\/b>\u00a0lleg\u00f3 de la mano de\u00a0<b>Gino Bogani<\/b>, uno de sus dise\u00f1adores predilectos, as\u00ed como tambi\u00e9n de su abuela Mirta Legrand.<\/p>\n<figure class=\"\" data-testid=\"figure-testid\">\n<div class=\"aspect_ratio__container\"><picture class=\"responsive-image\"><source srcset=\"https:\/\/tn.com.ar\/resizer\/v2\/juana-viale-junto-a-gino-bogani-foto-movilpress-SRQAN4XPWFBT5GUFYXAGP6L4HA.JPG?auth=66d2dfab442665822c9f5d0b75294f2256fd1078cf56bd87f7758e18c2cc17ce&amp;width=767\" type=\"image\/jpg\" media=\"(max-width: 728px)\" \/><source srcset=\"https:\/\/tn.com.ar\/resizer\/v2\/juana-viale-junto-a-gino-bogani-foto-movilpress-SRQAN4XPWFBT5GUFYXAGP6L4HA.JPG?auth=66d2dfab442665822c9f5d0b75294f2256fd1078cf56bd87f7758e18c2cc17ce&amp;width=1023\" type=\"image\/jpg\" media=\"(max-width: 1023px)\" \/><source srcset=\"https:\/\/tn.com.ar\/resizer\/v2\/juana-viale-junto-a-gino-bogani-foto-movilpress-SRQAN4XPWFBT5GUFYXAGP6L4HA.JPG?auth=66d2dfab442665822c9f5d0b75294f2256fd1078cf56bd87f7758e18c2cc17ce&amp;width=1440\" type=\"image\/jpg\" \/><img loading=\"lazy\" decoding=\"async\" class=\"image content-image image_placeholder\" src=\"https:\/\/tn.com.ar\/resizer\/v2\/juana-viale-junto-a-gino-bogani-foto-movilpress-SRQAN4XPWFBT5GUFYXAGP6L4HA.JPG?auth=66d2dfab442665822c9f5d0b75294f2256fd1078cf56bd87f7758e18c2cc17ce&amp;width=767\" alt=\"Juana Viale junto a Gino Bogani. (Foto: Movilpress)\" width=\"767\" height=\"1151\" data-testid=\"loading-testid\" \/><\/picture><\/div><figcaption class=\"caption_image\" data-testid=\"figcaption-testid\">\n<div class=\"image_caption \">Juana Viale junto a Gino Bogani. (Foto: Movilpress)<\/div>\n<\/figcaption><\/figure>\n<p class=\"paragraph font__body-regular\">La conductora eligi\u00f3 un vestido minimalista, fiel a su estilo, en color\u00a0<b>aguamarina<\/b>. Se destaca por la silueta ajustada y el cuello alto, de inspiraci\u00f3n oriental.<\/p>\n<h2 class=\"font--primary font__display\">Florencia de la V con look polka dot<\/h2>\n<p class=\"paragraph font__body-regular\">Al igual que Pampita,\u00a0<b>Florencia de la V<\/b>, nominada en la terna de\u00a0<b>Mejor Estilo en Conducci\u00f3n Femenina en Programa Diario,\u00a0<\/b>apost\u00f3 a la tendencia de los\u00a0<b>lunares<\/b>. En este caso, eligi\u00f3 un llamativo vestido blanco y negro con\u00a0<b>mangas abullonadas.\u00a0<\/b>Coron\u00f3 el vestuario con\u00a0<b>guantes negros largos y\u00a0<\/b><i><b>stilettos<\/b><\/i><b>\u00a0al tono.<\/b><\/p>\n<figure class=\"\" data-testid=\"figure-testid\">\n<div class=\"aspect_ratio__container\"><picture class=\"responsive-image\"><source srcset=\"https:\/\/tn.com.ar\/resizer\/v2\/florencia-de-la-v-con-look-a-lunares-foto-movilpress-LCWVPWIOQJAETCZLTH6EOTE52U.JPG?auth=bfefb2962f19ed190f6863ca3228c144957e2497d6b6b0ed766a722bde64f4b2&amp;width=767\" type=\"image\/jpg\" media=\"(max-width: 728px)\" \/><source srcset=\"https:\/\/tn.com.ar\/resizer\/v2\/florencia-de-la-v-con-look-a-lunares-foto-movilpress-LCWVPWIOQJAETCZLTH6EOTE52U.JPG?auth=bfefb2962f19ed190f6863ca3228c144957e2497d6b6b0ed766a722bde64f4b2&amp;width=1023\" type=\"image\/jpg\" media=\"(max-width: 1023px)\" \/><source srcset=\"https:\/\/tn.com.ar\/resizer\/v2\/florencia-de-la-v-con-look-a-lunares-foto-movilpress-LCWVPWIOQJAETCZLTH6EOTE52U.JPG?auth=bfefb2962f19ed190f6863ca3228c144957e2497d6b6b0ed766a722bde64f4b2&amp;width=1440\" type=\"image\/jpg\" \/><img loading=\"lazy\" decoding=\"async\" class=\"image content-image image_placeholder\" src=\"https:\/\/tn.com.ar\/resizer\/v2\/florencia-de-la-v-con-look-a-lunares-foto-movilpress-LCWVPWIOQJAETCZLTH6EOTE52U.JPG?auth=bfefb2962f19ed190f6863ca3228c144957e2497d6b6b0ed766a722bde64f4b2&amp;width=767\" alt=\"Florencia de la V con look a lunares. (Foto: Movilpress)\" width=\"767\" height=\"1151\" data-testid=\"loading-testid\" \/><\/picture><\/div><figcaption class=\"caption_image\" data-testid=\"figcaption-testid\">\n<div class=\"image_caption \">Florencia de la V con look a lunares. (Foto: Movilpress)<\/div>\n<\/figcaption><\/figure>\n<h2 class=\"font--primary font__display\">Evelyn Botto en blanco y con transparencias<\/h2>\n<p class=\"paragraph font__body-regular\">Evelyn Botto, una de las nominadas en la categor\u00eda de\u00a0<b>Mejor Estilo Femenino En Streaming<\/b>, eligi\u00f3 un look\u00a0<i><b>total white<\/b><\/i>\u00a0de\u00a0<b>chaleco de sastrer\u00eda y pantal\u00f3n recto de Natalia Antol\u00edn.<\/b>\u00a0Coron\u00f3 el vestuario con una saco largo de gasa transl\u00facida al tono.<\/p>\n<figure class=\"\" data-testid=\"figure-testid\">\n<div class=\"aspect_ratio__container\"><picture class=\"responsive-image\"><source srcset=\"https:\/\/tn.com.ar\/resizer\/v2\/evelyn-botto-en-total-white-foto-movilpress-I22RVBLB7JB5DDKRDGXUQXKQUA.JPG?auth=193d51b5575c596f4b034d7a0b90029611cb6fd8df1f0e98c59b0dfeaee468cf&amp;width=767\" type=\"image\/jpg\" media=\"(max-width: 728px)\" \/><source srcset=\"https:\/\/tn.com.ar\/resizer\/v2\/evelyn-botto-en-total-white-foto-movilpress-I22RVBLB7JB5DDKRDGXUQXKQUA.JPG?auth=193d51b5575c596f4b034d7a0b90029611cb6fd8df1f0e98c59b0dfeaee468cf&amp;width=1023\" type=\"image\/jpg\" media=\"(max-width: 1023px)\" \/><source srcset=\"https:\/\/tn.com.ar\/resizer\/v2\/evelyn-botto-en-total-white-foto-movilpress-I22RVBLB7JB5DDKRDGXUQXKQUA.JPG?auth=193d51b5575c596f4b034d7a0b90029611cb6fd8df1f0e98c59b0dfeaee468cf&amp;width=1440\" type=\"image\/jpg\" \/><img loading=\"lazy\" decoding=\"async\" class=\"image content-image image_placeholder\" src=\"https:\/\/tn.com.ar\/resizer\/v2\/evelyn-botto-en-total-white-foto-movilpress-I22RVBLB7JB5DDKRDGXUQXKQUA.JPG?auth=193d51b5575c596f4b034d7a0b90029611cb6fd8df1f0e98c59b0dfeaee468cf&amp;width=767\" alt=\"Evelyn Botto en total white. (Foto: Movilpress)\" width=\"767\" height=\"1151\" data-testid=\"loading-testid\" \/><\/picture><\/div><figcaption class=\"caption_image\" data-testid=\"figcaption-testid\">\n<div class=\"image_caption \">Evelyn Botto en total white. (Foto: Movilpress)<\/div>\n<\/figcaption><\/figure>\n<h2 class=\"font--primary font__display\">Benjam\u00edn Vicu\u00f1a y Ana Espasand\u00edn, pareja con estilo<\/h2>\n<p class=\"paragraph font__body-regular\"><b>Benjam\u00edn Vicu\u00f1a<\/b>, nominado en la categor\u00eda de\u00a0<b>Actor con Mejor Estilo en Ficci\u00f3n<\/b>, eligi\u00f3 un\u00a0<b>ambo azul de Rochas<\/b>, cl\u00e1sico. Lo complement\u00f3 con una camisa negra y un broche con brtillantes plateados en la solapa.<\/p>\n<figure class=\"\" data-testid=\"figure-testid\">\n<div class=\"aspect_ratio__container\"><picture class=\"responsive-image\"><source srcset=\"https:\/\/tn.com.ar\/resizer\/v2\/benjamin-vicuna-con-ambo-azul-de-rochas-foto-movilpress-G2GCHRLGFRBM3LOFAUB45B547Q.JPG?auth=2369e69cdd12c99e5c6a48a884bec79096bd0605eddc55eea41cb83beb74056e&amp;width=767\" type=\"image\/jpg\" media=\"(max-width: 728px)\" \/><source srcset=\"https:\/\/tn.com.ar\/resizer\/v2\/benjamin-vicuna-con-ambo-azul-de-rochas-foto-movilpress-G2GCHRLGFRBM3LOFAUB45B547Q.JPG?auth=2369e69cdd12c99e5c6a48a884bec79096bd0605eddc55eea41cb83beb74056e&amp;width=1023\" type=\"image\/jpg\" media=\"(max-width: 1023px)\" \/><source srcset=\"https:\/\/tn.com.ar\/resizer\/v2\/benjamin-vicuna-con-ambo-azul-de-rochas-foto-movilpress-G2GCHRLGFRBM3LOFAUB45B547Q.JPG?auth=2369e69cdd12c99e5c6a48a884bec79096bd0605eddc55eea41cb83beb74056e&amp;width=1440\" type=\"image\/jpg\" \/><img loading=\"lazy\" decoding=\"async\" class=\"image content-image image_placeholder\" src=\"https:\/\/tn.com.ar\/resizer\/v2\/benjamin-vicuna-con-ambo-azul-de-rochas-foto-movilpress-G2GCHRLGFRBM3LOFAUB45B547Q.JPG?auth=2369e69cdd12c99e5c6a48a884bec79096bd0605eddc55eea41cb83beb74056e&amp;width=767\" alt=\"Benjam\u00edn Vicu\u00f1a con ambo azul de Rochas. (Foto: Movilpress)\" width=\"767\" height=\"1151\" data-testid=\"loading-testid\" \/><\/picture><\/div><figcaption class=\"caption_image\" data-testid=\"figcaption-testid\">\n<div class=\"image_caption \">Benjam\u00edn Vicu\u00f1a con ambo azul de Rochas. (Foto: Movilpress)<\/div>\n<\/figcaption><\/figure>\n<p class=\"paragraph font__body-regular\">Lo acompa\u00f1\u00f3 su pareja,\u00a0<b>Anita Espasand\u00edn<\/b>, con un vestido blanco con hombreras, mangas largas y escote en V.<\/p>\n<figure class=\"\" data-testid=\"figure-testid\">\n<div class=\"aspect_ratio__container\"><picture class=\"responsive-image\"><source srcset=\"https:\/\/tn.com.ar\/resizer\/v2\/anita-espasandin-con-look-blanco-foto-movilpress-GTBEQKTZUJD6RG4TBICPCLA4HY.JPG?auth=6a5b90f7a9c28e547279d52909489f4351a9b0ef5812764f1b177173f083a61c&amp;width=767\" type=\"image\/jpg\" media=\"(max-width: 728px)\" \/><source srcset=\"https:\/\/tn.com.ar\/resizer\/v2\/anita-espasandin-con-look-blanco-foto-movilpress-GTBEQKTZUJD6RG4TBICPCLA4HY.JPG?auth=6a5b90f7a9c28e547279d52909489f4351a9b0ef5812764f1b177173f083a61c&amp;width=1023\" type=\"image\/jpg\" media=\"(max-width: 1023px)\" \/><source srcset=\"https:\/\/tn.com.ar\/resizer\/v2\/anita-espasandin-con-look-blanco-foto-movilpress-GTBEQKTZUJD6RG4TBICPCLA4HY.JPG?auth=6a5b90f7a9c28e547279d52909489f4351a9b0ef5812764f1b177173f083a61c&amp;width=1440\" type=\"image\/jpg\" \/><img loading=\"lazy\" decoding=\"async\" class=\"image content-image image_placeholder\" src=\"https:\/\/tn.com.ar\/resizer\/v2\/anita-espasandin-con-look-blanco-foto-movilpress-GTBEQKTZUJD6RG4TBICPCLA4HY.JPG?auth=6a5b90f7a9c28e547279d52909489f4351a9b0ef5812764f1b177173f083a61c&amp;width=767\" alt=\"Anita Espasand\u00edn con look blanco. (Foto: Movilpress)\" width=\"767\" height=\"1151\" data-testid=\"loading-testid\" \/><\/picture><\/div><figcaption class=\"caption_image\" data-testid=\"figcaption-testid\">\n<div class=\"image_caption \">Anita Espasand\u00edn con look blanco. (Foto: Movilpress)<\/div>\n<\/figcaption><\/figure>\n<h2 class=\"font--primary font__display\">Adri\u00e1n Appiolaza, invitado de lujo<\/h2>\n<p class=\"paragraph font__body-regular\"><b>Adri\u00e1n Appiolaza<\/b>, el dise\u00f1ador argentino que dirige la marca italiana\u00a0<b>Moschino<\/b>, es el invitado internacional del Mart\u00edn Fierro de la Moda. Para la ocasi\u00f3n, eligi\u00f3 un ambo de saco con doble abotonadura y bermudas\u00a0<i>oversize<\/i>.<\/p>\n<figure class=\"\" data-testid=\"figure-testid\">\n<div class=\"aspect_ratio__container\"><picture class=\"responsive-image\"><source srcset=\"https:\/\/tn.com.ar\/resizer\/v2\/adrian-appiolaza-el-hombre-de-moschino-en-la-alfombra-roja-del-martin-fierro-de-la-moda-foto-movilpress-AZCSRAQGDJHVFMGJXQDBUE56XM.JPG?auth=b8adc51c1eccd27fd3c82244d5bda3ff88bef5b9f55bd9b888096930222a3a14&amp;width=767\" type=\"image\/jpg\" media=\"(max-width: 728px)\" \/><source srcset=\"https:\/\/tn.com.ar\/resizer\/v2\/adrian-appiolaza-el-hombre-de-moschino-en-la-alfombra-roja-del-martin-fierro-de-la-moda-foto-movilpress-AZCSRAQGDJHVFMGJXQDBUE56XM.JPG?auth=b8adc51c1eccd27fd3c82244d5bda3ff88bef5b9f55bd9b888096930222a3a14&amp;width=1023\" type=\"image\/jpg\" media=\"(max-width: 1023px)\" \/><source srcset=\"https:\/\/tn.com.ar\/resizer\/v2\/adrian-appiolaza-el-hombre-de-moschino-en-la-alfombra-roja-del-martin-fierro-de-la-moda-foto-movilpress-AZCSRAQGDJHVFMGJXQDBUE56XM.JPG?auth=b8adc51c1eccd27fd3c82244d5bda3ff88bef5b9f55bd9b888096930222a3a14&amp;width=1440\" type=\"image\/jpg\" \/><img loading=\"lazy\" decoding=\"async\" class=\"image content-image image_placeholder\" src=\"https:\/\/tn.com.ar\/resizer\/v2\/adrian-appiolaza-el-hombre-de-moschino-en-la-alfombra-roja-del-martin-fierro-de-la-moda-foto-movilpress-AZCSRAQGDJHVFMGJXQDBUE56XM.JPG?auth=b8adc51c1eccd27fd3c82244d5bda3ff88bef5b9f55bd9b888096930222a3a14&amp;width=767\" alt=\"Adri\u00e1n Appiolaza, el hombre de Moschino en la alfombra roja del Mart\u00edn Fierro de la Moda. (Foto: Movilpress)\" width=\"767\" height=\"1151\" data-testid=\"loading-testid\" \/><\/picture><\/div><figcaption class=\"caption_image\" data-testid=\"figcaption-testid\">\n<div class=\"image_caption \">Adri\u00e1n Appiolaza, el hombre de Moschino en la alfombra roja del Mart\u00edn Fierro de la Moda. (Foto: Movilpress)<\/div>\n<\/figcaption><\/figure>\n<p class=\"paragraph font__body-regular\">El detalle fue su\u00a0<b>cartera en forma de guitarra<\/b>, un elemento presente en su \u00faltima colecci\u00f3n inspirada en la cultura argentina.<\/p>\n<figure class=\"\" data-testid=\"figure-testid\">\n<div class=\"aspect_ratio__container\"><picture class=\"responsive-image\"><source srcset=\"https:\/\/tn.com.ar\/resizer\/v2\/adrian-appiolaza-junto-a-jessica-y-rosa-trosman-foto-movilpress-TPBT4PKP2RC5XM63LAQ5BH7GWY.JPG?auth=a8068cb2f8bda2cca44adce13c1521683b0b2a674c91cd7936d05850de7991ea&amp;width=767\" type=\"image\/jpg\" media=\"(max-width: 728px)\" \/><source srcset=\"https:\/\/tn.com.ar\/resizer\/v2\/adrian-appiolaza-junto-a-jessica-y-rosa-trosman-foto-movilpress-TPBT4PKP2RC5XM63LAQ5BH7GWY.JPG?auth=a8068cb2f8bda2cca44adce13c1521683b0b2a674c91cd7936d05850de7991ea&amp;width=1023\" type=\"image\/jpg\" media=\"(max-width: 1023px)\" \/><source srcset=\"https:\/\/tn.com.ar\/resizer\/v2\/adrian-appiolaza-junto-a-jessica-y-rosa-trosman-foto-movilpress-TPBT4PKP2RC5XM63LAQ5BH7GWY.JPG?auth=a8068cb2f8bda2cca44adce13c1521683b0b2a674c91cd7936d05850de7991ea&amp;width=1440\" type=\"image\/jpg\" \/><img loading=\"lazy\" decoding=\"async\" class=\"image content-image image_placeholder\" src=\"https:\/\/tn.com.ar\/resizer\/v2\/adrian-appiolaza-junto-a-jessica-y-rosa-trosman-foto-movilpress-TPBT4PKP2RC5XM63LAQ5BH7GWY.JPG?auth=a8068cb2f8bda2cca44adce13c1521683b0b2a674c91cd7936d05850de7991ea&amp;width=767\" alt=\"Adri\u00e1n Appiolaza junto a Jessica y Rosa Trosman. (Foto: Movilpress)\" width=\"767\" height=\"1151\" data-testid=\"loading-testid\" \/><\/picture><\/div><figcaption class=\"caption_image\" data-testid=\"figcaption-testid\">\n<div class=\"image_caption \">Adri\u00e1n Appiolaza junto a Jessica y Rosa Trosman. (Foto: Movilpress)<\/div>\n<\/figcaption><\/figure>\n<p class=\"paragraph font__body-regular\">Estuvo acompa\u00f1ado por\u00a0<b>Jessica Trosman\u00a0<\/b>y su hija,\u00a0<b>Rosa Trosman<\/b>, que se subi\u00f3 a la pasarela del \u00faltimo desfile de Moschino.<\/p>\n<h2 class=\"font--primary font__display\">Sof\u00eda Gonet, de negro por Fabi\u00e1n Zitta<\/h2>\n<p class=\"paragraph font__body-regular\"><b>Sof\u00eda Gonet<\/b>, nominada en la categor\u00eda de\u00a0<b>Mejor Estilo Femenino en Big Show<\/b>, eligi\u00f3 un vestido negro de\u00a0<b>Fabi\u00e1n Zitta<\/b>\u00a0con corset estructurado y falda voluminosa con pliegues.<\/p>\n<figure class=\"\" data-testid=\"figure-testid\">\n<div class=\"aspect_ratio__container\"><picture class=\"responsive-image\"><source srcset=\"https:\/\/tn.com.ar\/resizer\/v2\/sofia-gonet-deslumbro-de-negro-foto-movilpress-VHSC7ZIXAJDXBFSXNAREGFR6FM.JPG?auth=54c05757782d3a37a39754f71ac361ce8759d96e94c63771faba9dbfa03c3b84&amp;width=767\" type=\"image\/jpg\" media=\"(max-width: 728px)\" \/><source srcset=\"https:\/\/tn.com.ar\/resizer\/v2\/sofia-gonet-deslumbro-de-negro-foto-movilpress-VHSC7ZIXAJDXBFSXNAREGFR6FM.JPG?auth=54c05757782d3a37a39754f71ac361ce8759d96e94c63771faba9dbfa03c3b84&amp;width=1023\" type=\"image\/jpg\" media=\"(max-width: 1023px)\" \/><source srcset=\"https:\/\/tn.com.ar\/resizer\/v2\/sofia-gonet-deslumbro-de-negro-foto-movilpress-VHSC7ZIXAJDXBFSXNAREGFR6FM.JPG?auth=54c05757782d3a37a39754f71ac361ce8759d96e94c63771faba9dbfa03c3b84&amp;width=1440\" type=\"image\/jpg\" \/><img loading=\"lazy\" decoding=\"async\" class=\"image content-image image_placeholder\" src=\"https:\/\/tn.com.ar\/resizer\/v2\/sofia-gonet-deslumbro-de-negro-foto-movilpress-VHSC7ZIXAJDXBFSXNAREGFR6FM.JPG?auth=54c05757782d3a37a39754f71ac361ce8759d96e94c63771faba9dbfa03c3b84&amp;width=767\" alt=\"Sof\u00eda Gonet deslumbr\u00f3 de negro. (Foto: Movilpress)\" width=\"767\" height=\"1151\" data-testid=\"loading-testid\" \/><\/picture><\/div><figcaption class=\"caption_image\" data-testid=\"figcaption-testid\">\n<div class=\"image_caption \">Sof\u00eda Gonet deslumbr\u00f3 de negro. (Foto: Movilpress)<\/div>\n<\/figcaption><\/figure>\n<p class=\"paragraph font__body-regular\">Acompa\u00f1\u00f3 el vestuario con\u00a0<b>joyas de oro rosa y brillantes de Jean Pierre<\/b>: un aro trepador, un aro solitario, una pulsera y anillos haciendo juego. El estilismo es de\u00a0<b>Carolina Maxwell<\/b>, con\u00a0<b>Vero Luna<\/b>\u00a0en pelo y\u00a0<i>makeup<\/i>.<\/p>\n<h2 class=\"font--primary font__display\">Fabi\u00e1n Medina Flores con sastrer\u00eda cl\u00e1sica<\/h2>\n<p class=\"paragraph font__body-regular\"><b>Fabi\u00e1n Medina Flores<\/b>\u00a0se mantuvo fiel a su estilo elegante y tradicional con un\u00a0<b>ambo negro de saco entallado y pantal\u00f3n recto de Rochas.\u00a0<\/b>Sum\u00f3 un mo\u00f1o negro en el cuello y un pa\u00f1uelo estampado en la solapa del blazer.<\/p>\n<figure class=\"\" data-testid=\"figure-testid\">\n<div class=\"aspect_ratio__container\"><picture class=\"responsive-image\"><source srcset=\"https:\/\/tn.com.ar\/resizer\/v2\/fabian-medina-flores-de-negro-por-rochas-foto-movilpress-KUTQELE3K5ANNH3ALZKRZSYYSM.JPG?auth=c491f63c6a041b258ebc43d8878678fb45875a591f70b091fc4946b0700a4969&amp;width=767\" type=\"image\/jpg\" media=\"(max-width: 728px)\" \/><source srcset=\"https:\/\/tn.com.ar\/resizer\/v2\/fabian-medina-flores-de-negro-por-rochas-foto-movilpress-KUTQELE3K5ANNH3ALZKRZSYYSM.JPG?auth=c491f63c6a041b258ebc43d8878678fb45875a591f70b091fc4946b0700a4969&amp;width=1023\" type=\"image\/jpg\" media=\"(max-width: 1023px)\" \/><source srcset=\"https:\/\/tn.com.ar\/resizer\/v2\/fabian-medina-flores-de-negro-por-rochas-foto-movilpress-KUTQELE3K5ANNH3ALZKRZSYYSM.JPG?auth=c491f63c6a041b258ebc43d8878678fb45875a591f70b091fc4946b0700a4969&amp;width=1440\" type=\"image\/jpg\" \/><img loading=\"lazy\" decoding=\"async\" class=\"image content-image image_placeholder\" src=\"https:\/\/tn.com.ar\/resizer\/v2\/fabian-medina-flores-de-negro-por-rochas-foto-movilpress-KUTQELE3K5ANNH3ALZKRZSYYSM.JPG?auth=c491f63c6a041b258ebc43d8878678fb45875a591f70b091fc4946b0700a4969&amp;width=767\" alt=\"Fabi\u00e1n Medina Flores de negro por Rochas. (Foto: Movilpress)\" width=\"767\" height=\"1151\" data-testid=\"loading-testid\" \/><\/picture><\/div><figcaption class=\"caption_image\" data-testid=\"figcaption-testid\">\n<div class=\"image_caption \">Fabi\u00e1n Medina Flores de negro por Rochas. (Foto: Movilpress)<\/div>\n<\/figcaption><\/figure>\n<h2 class=\"font--primary font__display\">Indrid Grudke en el color del a\u00f1o<\/h2>\n<p class=\"paragraph font__body-regular\"><b>Ingrid Grudke\u00a0<\/b>eligi\u00f3 un\u00a0<b>vestido marr\u00f3n chocolate<\/b>, uno de los colores protagonistas de 2026, con\u00a0<b>sectores transl\u00facidos y tajos en la falda.<\/b>\u00a0Combin\u00f3 el modelo, de cuello alto y mangas largas, con calzado de taco aguja en color suela.<\/p>\n<figure class=\"\" data-testid=\"figure-testid\">\n<div class=\"aspect_ratio__container\"><picture class=\"responsive-image\"><source srcset=\"https:\/\/tn.com.ar\/resizer\/v2\/ingrid-grudke-aposto-al-marron-chocolate-foto-movilpress-NLBUJVISZJHDLF562QQ4EG4FSY.JPG?auth=b1323a1545f8c8329c7e8c298e99cc52abb36e47150df98210326ad1cabc66f6&amp;width=767\" type=\"image\/jpg\" media=\"(max-width: 728px)\" \/><source srcset=\"https:\/\/tn.com.ar\/resizer\/v2\/ingrid-grudke-aposto-al-marron-chocolate-foto-movilpress-NLBUJVISZJHDLF562QQ4EG4FSY.JPG?auth=b1323a1545f8c8329c7e8c298e99cc52abb36e47150df98210326ad1cabc66f6&amp;width=1023\" type=\"image\/jpg\" media=\"(max-width: 1023px)\" \/><source srcset=\"https:\/\/tn.com.ar\/resizer\/v2\/ingrid-grudke-aposto-al-marron-chocolate-foto-movilpress-NLBUJVISZJHDLF562QQ4EG4FSY.JPG?auth=b1323a1545f8c8329c7e8c298e99cc52abb36e47150df98210326ad1cabc66f6&amp;width=1440\" type=\"image\/jpg\" \/><img loading=\"lazy\" decoding=\"async\" class=\"image content-image image_placeholder\" src=\"https:\/\/tn.com.ar\/resizer\/v2\/ingrid-grudke-aposto-al-marron-chocolate-foto-movilpress-NLBUJVISZJHDLF562QQ4EG4FSY.JPG?auth=b1323a1545f8c8329c7e8c298e99cc52abb36e47150df98210326ad1cabc66f6&amp;width=767\" alt=\"Ingrid Grudke apost\u00f3 al marr\u00f3n chocolate. (Foto: Movilpress)\" width=\"767\" height=\"1151\" data-testid=\"loading-testid\" \/><\/picture><\/div><figcaption class=\"caption_image\" data-testid=\"figcaption-testid\">\n<div class=\"image_caption \">Ingrid Grudke apost\u00f3 al marr\u00f3n chocolate. (Foto: Movilpress)<\/div>\n<\/figcaption><\/figure>\n<h2 class=\"font--primary font__display\">Flavia Fern\u00e1ndez con encaje negro<\/h2>\n<p class=\"paragraph font__body-regular\"><b>Flavia Fern\u00e1ndez<\/b>, Organizadora del Mart\u00edn Fierro de la Moda, luci\u00f3 un<b>\u00a0vestido negro de Adri\u00e1n Brown<\/b>, confeccionado en\u00a0<b>encaje floral negro<\/b>, y\u00a0<b>joyas Jean Pierre<\/b>: aros y anillos de oro blanco y brillantes.<\/p>\n<figure class=\"\" data-testid=\"figure-testid\">\n<div class=\"aspect_ratio__container\"><picture class=\"responsive-image\"><source srcset=\"https:\/\/tn.com.ar\/resizer\/v2\/flavia-fernandez-por-adrian-brown-foto-movilpress-3OHYM7HSRBEI3L2Q2BDTVCMVEE.jpeg?auth=cc3a6034666ffe4105437bf6785b4cbfd7e1496ce1996d09ebfc446d52354927&amp;width=767\" type=\"image\/jpg\" media=\"(max-width: 728px)\" \/><source srcset=\"https:\/\/tn.com.ar\/resizer\/v2\/flavia-fernandez-por-adrian-brown-foto-movilpress-3OHYM7HSRBEI3L2Q2BDTVCMVEE.jpeg?auth=cc3a6034666ffe4105437bf6785b4cbfd7e1496ce1996d09ebfc446d52354927&amp;width=1023\" type=\"image\/jpg\" media=\"(max-width: 1023px)\" \/><source srcset=\"https:\/\/tn.com.ar\/resizer\/v2\/flavia-fernandez-por-adrian-brown-foto-movilpress-3OHYM7HSRBEI3L2Q2BDTVCMVEE.jpeg?auth=cc3a6034666ffe4105437bf6785b4cbfd7e1496ce1996d09ebfc446d52354927&amp;width=1440\" type=\"image\/jpg\" \/><img loading=\"lazy\" decoding=\"async\" class=\"image content-image image_placeholder\" src=\"https:\/\/tn.com.ar\/resizer\/v2\/flavia-fernandez-por-adrian-brown-foto-movilpress-3OHYM7HSRBEI3L2Q2BDTVCMVEE.jpeg?auth=cc3a6034666ffe4105437bf6785b4cbfd7e1496ce1996d09ebfc446d52354927&amp;width=767\" alt=\"Flavia Fern\u00e1ndez por Adri\u00e1n Brown. (Foto: Movilpress)\" width=\"767\" height=\"1151\" data-testid=\"loading-testid\" \/><\/picture><\/div><figcaption class=\"caption_image\" data-testid=\"figcaption-testid\">\n<div class=\"image_caption \">Flavia Fern\u00e1ndez por Adri\u00e1n Brown. (Foto: Movilpress)<\/div>\n<\/figcaption><\/figure>\n<h2 class=\"font--primary font__display\">Rossella Della Giovampaola con brillos y plumas<\/h2>\n<p class=\"paragraph font__body-regular\"><b>Rossella Della Giovampaola<\/b>\u00a0brill\u00f3 con un\u00a0<b>vestido transl\u00facido de silueta al cuerpo<\/b>\u00a0bordado con\u00a0<b>lentejuelas de colores.<\/b>\u00a0Como detalle, los pu\u00f1os y el ruedo tienen\u00a0<b>apliques de plumas en los mismos tonos.<\/b><\/p>\n<figure class=\"\" data-testid=\"figure-testid\">\n<div class=\"aspect_ratio__container\"><picture class=\"responsive-image\"><source srcset=\"https:\/\/tn.com.ar\/resizer\/v2\/rosella-della-giovampaola-combino-brillos-y-plumas-foto-movilpress-F3NYVWULHFCOTEZOEQU3X2YL2U.JPG?auth=aa2ded311e8328e92b500e4b63c38960efd9e4ee105857597d8f19d4bd0dec00&amp;width=767\" type=\"image\/jpg\" media=\"(max-width: 728px)\" \/><source srcset=\"https:\/\/tn.com.ar\/resizer\/v2\/rosella-della-giovampaola-combino-brillos-y-plumas-foto-movilpress-F3NYVWULHFCOTEZOEQU3X2YL2U.JPG?auth=aa2ded311e8328e92b500e4b63c38960efd9e4ee105857597d8f19d4bd0dec00&amp;width=1023\" type=\"image\/jpg\" media=\"(max-width: 1023px)\" \/><source srcset=\"https:\/\/tn.com.ar\/resizer\/v2\/rosella-della-giovampaola-combino-brillos-y-plumas-foto-movilpress-F3NYVWULHFCOTEZOEQU3X2YL2U.JPG?auth=aa2ded311e8328e92b500e4b63c38960efd9e4ee105857597d8f19d4bd0dec00&amp;width=1440\" type=\"image\/jpg\" \/><img loading=\"lazy\" decoding=\"async\" class=\"image content-image image_placeholder\" src=\"https:\/\/tn.com.ar\/resizer\/v2\/rosella-della-giovampaola-combino-brillos-y-plumas-foto-movilpress-F3NYVWULHFCOTEZOEQU3X2YL2U.JPG?auth=aa2ded311e8328e92b500e4b63c38960efd9e4ee105857597d8f19d4bd0dec00&amp;width=767\" alt=\"Rosella Della Giovampaola combin\u00f3 brillos y plumas. (Foto: Movilpress)\" width=\"767\" height=\"1151\" data-testid=\"loading-testid\" \/><\/picture><\/div><figcaption class=\"caption_image\" data-testid=\"figcaption-testid\">\n<div class=\"image_caption \">Rosella Della Giovampaola combin\u00f3 brillos y plumas. (Foto: Movilpress)<\/div>\n<\/figcaption><\/figure>\n<h2 class=\"font--primary font__display\">Zuzu Coudeu con conjunto de brillantes<\/h2>\n<p class=\"paragraph font__body-regular\"><b>Zuzu Coudeu<\/b>, nominada como\u00a0<b>Mejor Influencer De Moda,\u00a0<\/b>eligi\u00f3 un\u00a0<b>set de dos piezas<\/b>\u00a0firmado por\u00a0<b>Evangelina Bomparola<\/b>: top de breteles finos y falda larga, bordados \u00edntegramente con\u00a0<b>pedrer\u00eda color oro.<\/b><\/p>\n<figure class=\"\" data-testid=\"figure-testid\">\n<div class=\"aspect_ratio__container\"><picture class=\"responsive-image\"><source srcset=\"https:\/\/tn.com.ar\/resizer\/v2\/zuzu-coudeu-a-puro-brillo-foto-movilpress-EFV5PGBCVFDDPAB623WYGHMHXY.jpeg?auth=524e39f0e5faedae2c3b9f41b763a976b0e5f292ed6ff6d7ee171863f9b56f4a&amp;width=767\" type=\"image\/jpg\" media=\"(max-width: 728px)\" \/><source srcset=\"https:\/\/tn.com.ar\/resizer\/v2\/zuzu-coudeu-a-puro-brillo-foto-movilpress-EFV5PGBCVFDDPAB623WYGHMHXY.jpeg?auth=524e39f0e5faedae2c3b9f41b763a976b0e5f292ed6ff6d7ee171863f9b56f4a&amp;width=1023\" type=\"image\/jpg\" media=\"(max-width: 1023px)\" \/><source srcset=\"https:\/\/tn.com.ar\/resizer\/v2\/zuzu-coudeu-a-puro-brillo-foto-movilpress-EFV5PGBCVFDDPAB623WYGHMHXY.jpeg?auth=524e39f0e5faedae2c3b9f41b763a976b0e5f292ed6ff6d7ee171863f9b56f4a&amp;width=1440\" type=\"image\/jpg\" \/><img loading=\"lazy\" decoding=\"async\" class=\"image content-image image_placeholder\" src=\"https:\/\/tn.com.ar\/resizer\/v2\/zuzu-coudeu-a-puro-brillo-foto-movilpress-EFV5PGBCVFDDPAB623WYGHMHXY.jpeg?auth=524e39f0e5faedae2c3b9f41b763a976b0e5f292ed6ff6d7ee171863f9b56f4a&amp;width=767\" alt=\"Zuzu Coudeu a puro brillo. (Foto: Movilpress)\" width=\"767\" height=\"1151\" data-testid=\"loading-testid\" \/><\/picture><\/div><figcaption class=\"caption_image\" data-testid=\"figcaption-testid\">\n<div class=\"image_caption \">Zuzu Coudeu a puro brillo. (Foto: Movilpress)<\/div>\n<\/figcaption><\/figure>\n<h2 class=\"font--primary font__display\">Romina Gaetani con vestido escultural<\/h2>\n<p class=\"paragraph font__body-regular\"><b>Romina Gaetani\u00a0<\/b>fue una de las mujeres m\u00e1s llamativas de la noche. Llev\u00f3 un\u00a0<b>vestido negro de Fabi\u00e1n Zitta con mangas estructuradas y acampanadas en tama\u00f1o XXL<\/b>, con detalles de cuero en el ruedo y apliques plateados en las hombreras. Coron\u00f3 el look con\u00a0<i>stilettos\u00a0<\/i>al tono y un rodete alto.<\/p>\n<figure class=\"\" data-testid=\"figure-testid\">\n<div class=\"aspect_ratio__container\"><picture class=\"responsive-image\"><source srcset=\"https:\/\/tn.com.ar\/resizer\/v2\/romina-gaetani-con-un-vestido-estructurado-foto-movilpress-KQHDXIAW2ZFXLKV3S4PPJUHQXY.JPG?auth=c6c09f4b971676158d21ebb1b611f05220c43229e226b58075548ba59908dce7&amp;width=767\" type=\"image\/jpg\" media=\"(max-width: 728px)\" \/><source srcset=\"https:\/\/tn.com.ar\/resizer\/v2\/romina-gaetani-con-un-vestido-estructurado-foto-movilpress-KQHDXIAW2ZFXLKV3S4PPJUHQXY.JPG?auth=c6c09f4b971676158d21ebb1b611f05220c43229e226b58075548ba59908dce7&amp;width=1023\" type=\"image\/jpg\" media=\"(max-width: 1023px)\" \/><source srcset=\"https:\/\/tn.com.ar\/resizer\/v2\/romina-gaetani-con-un-vestido-estructurado-foto-movilpress-KQHDXIAW2ZFXLKV3S4PPJUHQXY.JPG?auth=c6c09f4b971676158d21ebb1b611f05220c43229e226b58075548ba59908dce7&amp;width=1440\" type=\"image\/jpg\" \/><img loading=\"lazy\" decoding=\"async\" class=\"image content-image image_placeholder\" src=\"https:\/\/tn.com.ar\/resizer\/v2\/romina-gaetani-con-un-vestido-estructurado-foto-movilpress-KQHDXIAW2ZFXLKV3S4PPJUHQXY.JPG?auth=c6c09f4b971676158d21ebb1b611f05220c43229e226b58075548ba59908dce7&amp;width=767\" alt=\"Romina Gaetani con un vestido estructurado. (Foto: Movilpress)\" width=\"767\" height=\"1151\" data-testid=\"loading-testid\" \/><\/picture><\/div><figcaption class=\"caption_image\" data-testid=\"figcaption-testid\">\n<div class=\"image_caption \">Romina Gaetani con un vestido estructurado. (Foto: Movilpress)<\/div>\n<\/figcaption><\/figure>\n<h2 class=\"font--primary font__display\">Lizardo Ponce y Franco Poggio, sastrer\u00eda en blanco y negro<\/h2>\n<p class=\"paragraph font__body-regular\">Lizardo Ponce, nominado en la categor\u00eda de\u00a0<b>Mejor Estilo Panelista Masculino<\/b>, llev\u00f3 un\u00a0<b>ambo cl\u00e1sico de color blanco firmado por Pucheta-Paz con una remera negra debajo.<\/b>\u00a0Lo acompa\u00f1\u00f3 su novio,\u00a0<b>Franco Poggio<\/b>, con un look de sastrer\u00eda<i>\u00a0total black\u00a0<\/i>de silueta\u00a0<i><b>oversize<\/b><\/i><i>.<\/i><\/p>\n<figure class=\"\" data-testid=\"figure-testid\">\n<div class=\"aspect_ratio__container\"><picture class=\"responsive-image\"><source srcset=\"https:\/\/tn.com.ar\/resizer\/v2\/lizardo-ponce-en-sastreria-blanca-junto-a-su-novio-franco-poggio-foto-movilpress-2JUZF5ZB25GD3NDEGLZEJIBCUI.JPG?auth=63197d69aa2ba7fca496bd05ec9a109ca3bf12ca58278844fc0ed5ace507d126&amp;width=767\" type=\"image\/jpg\" media=\"(max-width: 728px)\" \/><source srcset=\"https:\/\/tn.com.ar\/resizer\/v2\/lizardo-ponce-en-sastreria-blanca-junto-a-su-novio-franco-poggio-foto-movilpress-2JUZF5ZB25GD3NDEGLZEJIBCUI.JPG?auth=63197d69aa2ba7fca496bd05ec9a109ca3bf12ca58278844fc0ed5ace507d126&amp;width=1023\" type=\"image\/jpg\" media=\"(max-width: 1023px)\" \/><source srcset=\"https:\/\/tn.com.ar\/resizer\/v2\/lizardo-ponce-en-sastreria-blanca-junto-a-su-novio-franco-poggio-foto-movilpress-2JUZF5ZB25GD3NDEGLZEJIBCUI.JPG?auth=63197d69aa2ba7fca496bd05ec9a109ca3bf12ca58278844fc0ed5ace507d126&amp;width=1440\" type=\"image\/jpg\" \/><img loading=\"lazy\" decoding=\"async\" class=\"image content-image image_placeholder\" src=\"https:\/\/tn.com.ar\/resizer\/v2\/lizardo-ponce-en-sastreria-blanca-junto-a-su-novio-franco-poggio-foto-movilpress-2JUZF5ZB25GD3NDEGLZEJIBCUI.JPG?auth=63197d69aa2ba7fca496bd05ec9a109ca3bf12ca58278844fc0ed5ace507d126&amp;width=767\" alt=\"Lizardo Ponce en sastrer\u00eda blanca, junto a su novio Franco Poggio. (Foto: Movilpress)\" width=\"767\" height=\"1151\" data-testid=\"loading-testid\" \/><\/picture><\/div><figcaption class=\"caption_image\" data-testid=\"figcaption-testid\">\n<div class=\"image_caption \">Lizardo Ponce en sastrer\u00eda blanca, junto a su novio Franco Poggio. (Foto: Movilpress)<\/div>\n<\/figcaption><\/figure>\n<h2 class=\"font--primary font__display\">Tet\u00e9 Coustarot, de fucsia y con brillos<\/h2>\n<p class=\"paragraph font__body-regular\"><b>Tet\u00e9 Coustarot<\/b>, ternada en la categor\u00eda de\u00a0<b>Mejor Estilo en Conducci\u00f3n Femenina en Programa Semanal<\/b>, impact\u00f3 con un\u00a0<b>vestido fucsia con lentejuelas de Natalia Antol\u00edn<\/b>. El modelo tiene escote en V con transparencias, hombreras, mangas largas y un tajo frontal.<\/p>\n<figure class=\"\" data-testid=\"figure-testid\">\n<div class=\"aspect_ratio__container\"><picture class=\"responsive-image\"><source srcset=\"https:\/\/tn.com.ar\/resizer\/v2\/tete-coustarot-por-natalia-antolin-foto-movilpress-EKHXKQE44JDUPHUD3N3DSLU3UY.JPG?auth=e757c14db40b3415c32f1080cd3ee6b349f1e802f027d46e8cfe213f4fbce136&amp;width=767\" type=\"image\/jpg\" media=\"(max-width: 728px)\" \/><source srcset=\"https:\/\/tn.com.ar\/resizer\/v2\/tete-coustarot-por-natalia-antolin-foto-movilpress-EKHXKQE44JDUPHUD3N3DSLU3UY.JPG?auth=e757c14db40b3415c32f1080cd3ee6b349f1e802f027d46e8cfe213f4fbce136&amp;width=1023\" type=\"image\/jpg\" media=\"(max-width: 1023px)\" \/><source srcset=\"https:\/\/tn.com.ar\/resizer\/v2\/tete-coustarot-por-natalia-antolin-foto-movilpress-EKHXKQE44JDUPHUD3N3DSLU3UY.JPG?auth=e757c14db40b3415c32f1080cd3ee6b349f1e802f027d46e8cfe213f4fbce136&amp;width=1440\" type=\"image\/jpg\" \/><img loading=\"lazy\" decoding=\"async\" class=\"image content-image image_placeholder\" src=\"https:\/\/tn.com.ar\/resizer\/v2\/tete-coustarot-por-natalia-antolin-foto-movilpress-EKHXKQE44JDUPHUD3N3DSLU3UY.JPG?auth=e757c14db40b3415c32f1080cd3ee6b349f1e802f027d46e8cfe213f4fbce136&amp;width=767\" alt=\"Tet\u00e9 Coustarot por Natalia Antol\u00edn. (Foto: Movilpress)\" width=\"767\" height=\"1151\" data-testid=\"loading-testid\" \/><\/picture><\/div><figcaption class=\"caption_image\" data-testid=\"figcaption-testid\">\n<div class=\"image_caption \">Tet\u00e9 Coustarot por Natalia Antol\u00edn. (Foto: Movilpress)<\/div>\n<\/figcaption><\/figure>\n<h2 class=\"font--primary font__display\">Anal\u00eda Franch\u00edn en total cuero<\/h2>\n<p class=\"paragraph font__body-regular\">Anal\u00eda Franch\u00edn, nominada en la terna de\u00a0<b>Mejor Estilo en Panelista Femenina<\/b>, apost\u00f3 a la audacia del\u00a0<b>total cuero negro\u00a0<\/b>con un\u00a0<b>vestido ajustado y\u00a0<\/b><i><b>strapless<\/b><\/i>, de<b>\u00a0largo midi,\u00a0<\/b>firmado por\u00a0<b>Sadaels.<\/b>\u00a0Lo complement\u00f3 con<b>\u00a0guantes largos y botas a juego.<\/b><\/p>\n<figure class=\"\" data-testid=\"figure-testid\">\n<div class=\"aspect_ratio__container\"><picture class=\"responsive-image\"><source srcset=\"https:\/\/tn.com.ar\/resizer\/v2\/analia-franchin-en-total-cuero-foto-movilpress-QINAXVE26BAI7MHMILEQMSBDBY.jpeg?auth=6d83ffb8c3ccf8257c35fbf4e2e9e653ca6047b1c7f55a3c793ac7fbcbdd3ec9&amp;width=767\" type=\"image\/jpg\" media=\"(max-width: 728px)\" \/><source srcset=\"https:\/\/tn.com.ar\/resizer\/v2\/analia-franchin-en-total-cuero-foto-movilpress-QINAXVE26BAI7MHMILEQMSBDBY.jpeg?auth=6d83ffb8c3ccf8257c35fbf4e2e9e653ca6047b1c7f55a3c793ac7fbcbdd3ec9&amp;width=1023\" type=\"image\/jpg\" media=\"(max-width: 1023px)\" \/><source srcset=\"https:\/\/tn.com.ar\/resizer\/v2\/analia-franchin-en-total-cuero-foto-movilpress-QINAXVE26BAI7MHMILEQMSBDBY.jpeg?auth=6d83ffb8c3ccf8257c35fbf4e2e9e653ca6047b1c7f55a3c793ac7fbcbdd3ec9&amp;width=1440\" type=\"image\/jpg\" \/><img loading=\"lazy\" decoding=\"async\" class=\"image content-image image_placeholder\" src=\"https:\/\/tn.com.ar\/resizer\/v2\/analia-franchin-en-total-cuero-foto-movilpress-QINAXVE26BAI7MHMILEQMSBDBY.jpeg?auth=6d83ffb8c3ccf8257c35fbf4e2e9e653ca6047b1c7f55a3c793ac7fbcbdd3ec9&amp;width=767\" alt=\"Anal\u00eda Franch\u00edn en total cuero. (Foto: Movilpress)\" width=\"767\" height=\"1151\" data-testid=\"loading-testid\" \/><\/picture><\/div><figcaption class=\"caption_image\" data-testid=\"figcaption-testid\">\n<div class=\"image_caption \">Anal\u00eda Franch\u00edn en total cuero. (Foto: Movilpress)<\/div>\n<\/figcaption><\/figure>\n<p class=\"paragraph font__body-regular\">Coron\u00f3 la apuesta con una\u00a0<b>gargantilla plateada y negra<\/b>\u00a0y maquillaje con\u00a0<b>ojos protagonistas\u00a0<\/b>a base de\u00a0<b>delineado y sombras.<\/b><\/p>\n<h2 class=\"font--primary font__display\">Grego Rosello en neosastrer\u00eda<\/h2>\n<p class=\"paragraph font__body-regular\"><b>Grego Rossello<\/b>, nominado en la categor\u00eda de\u00a0<b>Mejor Estilo Masculino en Streaming<\/b>, luci\u00f3 un ambo negro de\u00a0<b>State of Chaos<\/b>\u00a0con mangas amplias abiertas (con botones desabrochados) y pantal\u00f3n sutilmente acampanado.<\/p>\n<figure class=\"\" data-testid=\"figure-testid\">\n<div class=\"aspect_ratio__container\"><picture class=\"responsive-image\"><source srcset=\"https:\/\/tn.com.ar\/resizer\/v2\/grego-rosello-con-ambo-y-sastreria-foto-movilpress-LCT3WJX4KZBITDBFHAWE7S26IM.jpeg?auth=26adb336b40052b5849b3e1a87314f1273677e84eba06e0a46ac96ce23d158c6&amp;width=767\" type=\"image\/jpg\" media=\"(max-width: 728px)\" \/><source srcset=\"https:\/\/tn.com.ar\/resizer\/v2\/grego-rosello-con-ambo-y-sastreria-foto-movilpress-LCT3WJX4KZBITDBFHAWE7S26IM.jpeg?auth=26adb336b40052b5849b3e1a87314f1273677e84eba06e0a46ac96ce23d158c6&amp;width=1023\" type=\"image\/jpg\" media=\"(max-width: 1023px)\" \/><source srcset=\"https:\/\/tn.com.ar\/resizer\/v2\/grego-rosello-con-ambo-y-sastreria-foto-movilpress-LCT3WJX4KZBITDBFHAWE7S26IM.jpeg?auth=26adb336b40052b5849b3e1a87314f1273677e84eba06e0a46ac96ce23d158c6&amp;width=1440\" type=\"image\/jpg\" \/><img loading=\"lazy\" decoding=\"async\" class=\"image content-image image_placeholder\" src=\"https:\/\/tn.com.ar\/resizer\/v2\/grego-rosello-con-ambo-y-sastreria-foto-movilpress-LCT3WJX4KZBITDBFHAWE7S26IM.jpeg?auth=26adb336b40052b5849b3e1a87314f1273677e84eba06e0a46ac96ce23d158c6&amp;width=767\" alt=\"Grego Rosello con ambo y sastrer\u00eda. (Foto: Movilpress)\" width=\"767\" height=\"1151\" data-testid=\"loading-testid\" \/><\/picture><\/div><figcaption class=\"caption_image\" data-testid=\"figcaption-testid\">\n<div class=\"image_caption \">Grego Rosello con ambo y sastrer\u00eda. (Foto: Movilpress)<\/div>\n<\/figcaption><\/figure>\n<p class=\"paragraph font__body-regular\">Los elev\u00f3 con impactantes piezas de joyer\u00eda: un\u00a0<b>aro de brillantes negros<\/b>, un\u00a0<b>anillo de titanio<\/b>, una p<b>ulsera de brillantes blancos y negros<\/b>\u00a0y\u00a0<b>un broche de platino y perlas<\/b>, todo de\u00a0<b>Jean Pierre.<\/b><\/p>\n<h2 class=\"font--primary font__display\">Pampita con lunares<\/h2>\n<p class=\"paragraph font__body-regular\"><b>Pampita<\/b>, nominada en la categor\u00eda\u00a0<b>Mejor Estilo Femenino en Big Show<\/b>, apost\u00f3 a una de las tendencias m\u00e1s fuertes del a\u00f1o: el estampado\u00a0<i><b>polka dot<\/b><\/i>. Lo eligi\u00f3 en un vestido<b>\u00a0blanco y negro\u00a0<\/b><i><b>strapless<\/b><\/i><i>\u00a0<\/i>con flores tridimensionales en la mitad de la falda que dan paso a una estructura voluminosa. Lo firma\u00a0<b>Carolina Herrera.<\/b><\/p>\n<figure class=\"\" data-testid=\"figure-testid\">\n<div class=\"aspect_ratio__container\"><picture class=\"responsive-image\"><source srcset=\"https:\/\/tn.com.ar\/resizer\/v2\/pampita-aposto-a-los-lunares-foto-movilpress-OBXQUIZ4DBFF7CP6HQ67LUBKNI.jpg?auth=f37821aec895f97ef903a4a758ef8b062b0e655df1bf7c8829c706b31763a826&amp;width=767\" type=\"image\/jpg\" media=\"(max-width: 728px)\" \/><source srcset=\"https:\/\/tn.com.ar\/resizer\/v2\/pampita-aposto-a-los-lunares-foto-movilpress-OBXQUIZ4DBFF7CP6HQ67LUBKNI.jpg?auth=f37821aec895f97ef903a4a758ef8b062b0e655df1bf7c8829c706b31763a826&amp;width=1023\" type=\"image\/jpg\" media=\"(max-width: 1023px)\" \/><source srcset=\"https:\/\/tn.com.ar\/resizer\/v2\/pampita-aposto-a-los-lunares-foto-movilpress-OBXQUIZ4DBFF7CP6HQ67LUBKNI.jpg?auth=f37821aec895f97ef903a4a758ef8b062b0e655df1bf7c8829c706b31763a826&amp;width=1440\" type=\"image\/jpg\" \/><img loading=\"lazy\" decoding=\"async\" class=\"image content-image image_placeholder\" src=\"https:\/\/tn.com.ar\/resizer\/v2\/pampita-aposto-a-los-lunares-foto-movilpress-OBXQUIZ4DBFF7CP6HQ67LUBKNI.jpg?auth=f37821aec895f97ef903a4a758ef8b062b0e655df1bf7c8829c706b31763a826&amp;width=767\" alt=\"Pampita apost\u00f3 a los lunares. (Foto: Movilpress)\" width=\"767\" height=\"1151\" data-testid=\"loading-testid\" \/><\/picture><\/div><figcaption class=\"caption_image\" data-testid=\"figcaption-testid\">\n<div class=\"image_caption \">Pampita apost\u00f3 a los lunares. (Foto: Movilpress)<\/div>\n<\/figcaption><\/figure>\n<h2 class=\"font--primary font__display\">Zaira Nara con transparencias al extremo<\/h2>\n<p class=\"paragraph font__body-regular\">Fan\u00e1tica del look\u00a0<i><b>naked<\/b><\/i>, la modelo eligi\u00f3 un\u00a0<b>mono firmado por El Camar\u00edn de gasa transl\u00facida negra<\/b>\u00a0que dej\u00f3 a la vista un corpi\u00f1o de encaje floral al tono, a juego con un\u00a0<i>culotte<\/i>.<\/p>\n<figure class=\"\" data-testid=\"figure-testid\">\n<div class=\"aspect_ratio__container\"><picture class=\"responsive-image\"><source srcset=\"https:\/\/tn.com.ar\/resizer\/v2\/zaira-nara-eligio-un-look-transparente-foto-movilpress-NGSR6QZJRNDSDGRS422VNLC3VY.jpg?auth=36960a16747b43cc9a17c51b8f752ee55582fd1cc22f3ba82012920b0b2ceb76&amp;width=767\" type=\"image\/jpg\" media=\"(max-width: 728px)\" \/><source srcset=\"https:\/\/tn.com.ar\/resizer\/v2\/zaira-nara-eligio-un-look-transparente-foto-movilpress-NGSR6QZJRNDSDGRS422VNLC3VY.jpg?auth=36960a16747b43cc9a17c51b8f752ee55582fd1cc22f3ba82012920b0b2ceb76&amp;width=1023\" type=\"image\/jpg\" media=\"(max-width: 1023px)\" \/><source srcset=\"https:\/\/tn.com.ar\/resizer\/v2\/zaira-nara-eligio-un-look-transparente-foto-movilpress-NGSR6QZJRNDSDGRS422VNLC3VY.jpg?auth=36960a16747b43cc9a17c51b8f752ee55582fd1cc22f3ba82012920b0b2ceb76&amp;width=1440\" type=\"image\/jpg\" \/><img loading=\"lazy\" decoding=\"async\" class=\"image content-image image_placeholder\" src=\"https:\/\/tn.com.ar\/resizer\/v2\/zaira-nara-eligio-un-look-transparente-foto-movilpress-NGSR6QZJRNDSDGRS422VNLC3VY.jpg?auth=36960a16747b43cc9a17c51b8f752ee55582fd1cc22f3ba82012920b0b2ceb76&amp;width=767\" alt=\"Zaira Nara eligi\u00f3 un look transparente. (Foto: Movilpress)\" width=\"767\" height=\"1141\" data-testid=\"loading-testid\" \/><\/picture><\/div><figcaption class=\"caption_image\" data-testid=\"figcaption-testid\">\n<div class=\"image_caption \">Zaira Nara eligi\u00f3 un look transparente. (Foto: Movilpress)<\/div>\n<\/figcaption><\/figure>\n<p class=\"paragraph font__body-regular\">Elev\u00f3 el vestuario con\u00a0<i><b>stilettos\u00a0<\/b><\/i><b>Saint Laurent\u00a0<\/b>con puntera met\u00e1lica color oro, un collar de eslabones al tono, un peinado con rulos estilo\u00a0<i>savage\u00a0<\/i>y labios bord\u00f3 intenso.<\/p>\n<h2 class=\"font--primary font__display\">Marta Fort de blanco con tul y piedras<\/h2>\n<p class=\"paragraph font__body-regular\"><b>Marta Fort<\/b>, nominada en la categor\u00eda de\u00a0<b>Mejor Estilo en Redes<\/b>, deslumbr\u00f3 con un vestido blanco de\u00a0<b>Claudia Arce<\/b>\u00a0con\u00a0<b>brillantes plateados en el corset<\/b>\u00a0y una<b>\u00a0cola de tul con m\u00faltiples pliegues.\u00a0<\/b>El dise\u00f1o se destac\u00f3 por un lazo negro en la cintura y una cruz g\u00f3tica en el pecho.<\/p>\n<figure class=\"\" data-testid=\"figure-testid\">\n<div class=\"aspect_ratio__container\"><picture class=\"responsive-image\"><source srcset=\"https:\/\/tn.com.ar\/resizer\/v2\/marta-fort-por-claudia-arce-foto-movilpress-36LNBCYNSZETFI2YN6QQVDN56E.jpg?auth=a07db19c7eb08289e24956b645c0932ea8f18bca33255e68f5138c9aa6032dc1&amp;width=767\" type=\"image\/jpg\" media=\"(max-width: 728px)\" \/><source srcset=\"https:\/\/tn.com.ar\/resizer\/v2\/marta-fort-por-claudia-arce-foto-movilpress-36LNBCYNSZETFI2YN6QQVDN56E.jpg?auth=a07db19c7eb08289e24956b645c0932ea8f18bca33255e68f5138c9aa6032dc1&amp;width=1023\" type=\"image\/jpg\" media=\"(max-width: 1023px)\" \/><source srcset=\"https:\/\/tn.com.ar\/resizer\/v2\/marta-fort-por-claudia-arce-foto-movilpress-36LNBCYNSZETFI2YN6QQVDN56E.jpg?auth=a07db19c7eb08289e24956b645c0932ea8f18bca33255e68f5138c9aa6032dc1&amp;width=1440\" type=\"image\/jpg\" \/><img loading=\"lazy\" decoding=\"async\" class=\"image content-image image_placeholder\" src=\"https:\/\/tn.com.ar\/resizer\/v2\/marta-fort-por-claudia-arce-foto-movilpress-36LNBCYNSZETFI2YN6QQVDN56E.jpg?auth=a07db19c7eb08289e24956b645c0932ea8f18bca33255e68f5138c9aa6032dc1&amp;width=767\" alt=\"Marta Fort por Claudia Arce. (Foto: Movilpress)\" width=\"767\" height=\"525\" data-testid=\"loading-testid\" \/><\/picture><\/div><figcaption class=\"caption_image\" data-testid=\"figcaption-testid\">\n<div class=\"image_caption \">Marta Fort por Claudia Arce. (Foto: Movilpress)<\/div>\n<\/figcaption><\/figure>\n<p class=\"paragraph font__body-regular\">Asesorada por\u00a0<b>Florencia Baragiani<\/b>, luci\u00f3 un\u00a0<b>peinado recogido tirante<\/b>\u00a0con raya al costado por Cristian Rey y Saul Fern\u00e1ndez y<b>\u00a0maquillaje en tonos p\u00e1lidos con delineado contrastante\u00a0<\/b>por Lautaro Eros Ferrante.<\/p>\n<h2 class=\"font--primary font__display\">Julieta Poggio con corpi\u00f1o a la vista y rodeada de modelos<\/h2>\n<p class=\"paragraph font__body-regular\"><b>Julieta Poggio\u00a0<\/b>hizo una entrada triunfal en la alfombra roja. No solo sorprendi\u00f3 con su\u00a0<b>peluca cobriza<\/b>, larga y con ondas, sino que despleg\u00f3 audacia con un<b>\u00a0vestido blanco con transparencias y una abertura lateral<\/b>, que dej\u00f3 a la vista la mitad de un corpi\u00f1o triangular. Lo firma\u00a0<b>Pucheta-Paz.<\/b><\/p>\n<figure class=\"\" data-testid=\"figure-testid\">\n<div class=\"aspect_ratio__container\"><picture class=\"responsive-image\"><source srcset=\"https:\/\/tn.com.ar\/resizer\/v2\/julieta-poggio-de-blanco-y-custodiada-por-modelos-foto-movilpress-BJV7CPKJYBBIRLZB2765FM35ZE.JPG?auth=8ffbc55e0defff989c3be9b75af3a63b7a5ebb821537d32e603b58f9ebb3d619&amp;width=767\" type=\"image\/jpg\" media=\"(max-width: 728px)\" \/><source srcset=\"https:\/\/tn.com.ar\/resizer\/v2\/julieta-poggio-de-blanco-y-custodiada-por-modelos-foto-movilpress-BJV7CPKJYBBIRLZB2765FM35ZE.JPG?auth=8ffbc55e0defff989c3be9b75af3a63b7a5ebb821537d32e603b58f9ebb3d619&amp;width=1023\" type=\"image\/jpg\" media=\"(max-width: 1023px)\" \/><source srcset=\"https:\/\/tn.com.ar\/resizer\/v2\/julieta-poggio-de-blanco-y-custodiada-por-modelos-foto-movilpress-BJV7CPKJYBBIRLZB2765FM35ZE.JPG?auth=8ffbc55e0defff989c3be9b75af3a63b7a5ebb821537d32e603b58f9ebb3d619&amp;width=1440\" type=\"image\/jpg\" \/><img loading=\"lazy\" decoding=\"async\" class=\"image content-image image_placeholder\" src=\"https:\/\/tn.com.ar\/resizer\/v2\/julieta-poggio-de-blanco-y-custodiada-por-modelos-foto-movilpress-BJV7CPKJYBBIRLZB2765FM35ZE.JPG?auth=8ffbc55e0defff989c3be9b75af3a63b7a5ebb821537d32e603b58f9ebb3d619&amp;width=767\" alt=\"Julieta Poggio, de blanco y custodiada por modelos. (Foto: Movilpress)\" width=\"767\" height=\"1151\" data-testid=\"loading-testid\" \/><\/picture><\/div><figcaption class=\"caption_image\" data-testid=\"figcaption-testid\">\n<div class=\"image_caption \">Julieta Poggio, de blanco y custodiada por modelos. (Foto: Movilpress)<\/div>\n<\/figcaption><\/figure>\n<p class=\"paragraph font__body-regular\">Adem\u00e1s, estuvo acompa\u00f1ada por<b>\u00a0dos modelos masculinos vestidos con sastrer\u00eda negra<\/b>\u00a0y la cara semicubierta por un velo de gasa negra transl\u00facida. Los present\u00f3 como sus \u201cJulietos\u201d, un homenaje a los \u201cSusanos\u201d de Susana Gim\u00e9nez.<\/p>\n","protected":false},"excerpt":{"rendered":"<p>De las transparencias de Zaira Nara al Carolina Herrera de Pampita, pasando por el vestido blanco con tul de Marta Fort. Zaira Nara\u00a0y el\u00a0Chino Leunis\u00a0son los encargados de recibir a todos los invitados en la alfombra roja del\u00a0Mart\u00edn Fierro de la Moda, la noche en la que se premian a los mejores dise\u00f1adores, estilistas, conductores [&hellip;]<\/p>\n","protected":false},"author":1,"featured_media":15880,"comment_status":"open","ping_status":"open","sticky":false,"template":"","format":"standard","meta":{"rop_custom_images_group":[],"rop_custom_messages_group":[],"rop_publish_now":"initial","rop_publish_now_accounts":[],"rop_publish_now_history":[],"rop_publish_now_status":"pending","footnotes":"","jetpack_publicize_message":"","jetpack_publicize_feature_enabled":true,"jetpack_social_post_already_shared":true,"jetpack_social_options":{"image_generator_settings":{"template":"highway","enabled":false},"version":2}},"categories":[15],"tags":[],"class_list":{"0":"post-15879","1":"post","2":"type-post","3":"status-publish","4":"format-standard","5":"has-post-thumbnail","7":"category-moda"},"jetpack_publicize_connections":[],"yoast_head":"<!-- This site is optimized with the Yoast SEO plugin v27.3 - https:\/\/yoast.com\/product\/yoast-seo-wordpress\/ -->\n<title>Mart\u00edn Fierro de la Moda 2026: el minuto a minuto de la alfombra roja - CLAN ESPECTACULOS<\/title>\n<meta name=\"robots\" content=\"index, follow, max-snippet:-1, max-image-preview:large, max-video-preview:-1\" \/>\n<link rel=\"canonical\" href=\"https:\/\/radioclanfm.com\/clanespectaculos\/martin-fierro-de-la-moda-2026-el-minuto-a-minuto-de-la-alfombra-roja\/\" \/>\n<meta property=\"og:locale\" content=\"es_ES\" \/>\n<meta property=\"og:type\" content=\"article\" \/>\n<meta property=\"og:title\" content=\"Mart\u00edn Fierro de la Moda 2026: el minuto a minuto de la alfombra roja - CLAN ESPECTACULOS\" \/>\n<meta property=\"og:description\" content=\"De las transparencias de Zaira Nara al Carolina Herrera de Pampita, pasando por el vestido blanco con tul de Marta Fort. Zaira Nara\u00a0y el\u00a0Chino Leunis\u00a0son los encargados de recibir a todos los invitados en la alfombra roja del\u00a0Mart\u00edn Fierro de la Moda, la noche en la que se premian a los mejores dise\u00f1adores, estilistas, conductores [&hellip;]\" \/>\n<meta property=\"og:url\" content=\"https:\/\/radioclanfm.com\/clanespectaculos\/martin-fierro-de-la-moda-2026-el-minuto-a-minuto-de-la-alfombra-roja\/\" \/>\n<meta property=\"og:site_name\" content=\"CLAN ESPECTACULOS\" \/>\n<meta property=\"article:publisher\" content=\"https:\/\/www.facebook.com\/clanespectaculos\/\" \/>\n<meta property=\"article:published_time\" content=\"2026-04-27T12:59:26+00:00\" \/>\n<meta property=\"og:image\" content=\"https:\/\/radioclanfm.com\/clanespectaculos\/wp-content\/uploads\/sites\/2\/2026\/04\/9tO-TfML.jpg\" \/>\n\t<meta property=\"og:image:width\" content=\"900\" \/>\n\t<meta property=\"og:image:height\" content=\"507\" \/>\n\t<meta property=\"og:image:type\" content=\"image\/jpeg\" \/>\n<meta name=\"author\" content=\"E-GRUPOCLAN\" \/>\n<meta name=\"twitter:card\" content=\"summary_large_image\" \/>\n<meta name=\"twitter:creator\" content=\"@clanespectok\" \/>\n<meta name=\"twitter:site\" content=\"@clanespectok\" \/>\n<meta name=\"twitter:label1\" content=\"Escrito por\" \/>\n\t<meta name=\"twitter:data1\" content=\"E-GRUPOCLAN\" \/>\n\t<meta name=\"twitter:label2\" content=\"Tiempo de lectura\" \/>\n\t<meta name=\"twitter:data2\" content=\"17 minutos\" \/>\n<script type=\"application\/ld+json\" class=\"yoast-schema-graph\">{\"@context\":\"https:\\\/\\\/schema.org\",\"@graph\":[{\"@type\":\"Article\",\"@id\":\"https:\\\/\\\/radioclanfm.com\\\/clanespectaculos\\\/martin-fierro-de-la-moda-2026-el-minuto-a-minuto-de-la-alfombra-roja\\\/#article\",\"isPartOf\":{\"@id\":\"https:\\\/\\\/radioclanfm.com\\\/clanespectaculos\\\/martin-fierro-de-la-moda-2026-el-minuto-a-minuto-de-la-alfombra-roja\\\/\"},\"author\":{\"name\":\"E-GRUPOCLAN\",\"@id\":\"https:\\\/\\\/radioclanfm.com\\\/clanespectaculos\\\/#\\\/schema\\\/person\\\/9734813083303230f3ad84d99171b20c\"},\"headline\":\"Mart\u00edn Fierro de la Moda 2026: el minuto a minuto de la alfombra roja\",\"datePublished\":\"2026-04-27T12:59:26+00:00\",\"mainEntityOfPage\":{\"@id\":\"https:\\\/\\\/radioclanfm.com\\\/clanespectaculos\\\/martin-fierro-de-la-moda-2026-el-minuto-a-minuto-de-la-alfombra-roja\\\/\"},\"wordCount\":2331,\"commentCount\":0,\"publisher\":{\"@id\":\"https:\\\/\\\/radioclanfm.com\\\/clanespectaculos\\\/#organization\"},\"image\":{\"@id\":\"https:\\\/\\\/radioclanfm.com\\\/clanespectaculos\\\/martin-fierro-de-la-moda-2026-el-minuto-a-minuto-de-la-alfombra-roja\\\/#primaryimage\"},\"thumbnailUrl\":\"https:\\\/\\\/radioclanfm.com\\\/clanespectaculos\\\/wp-content\\\/uploads\\\/sites\\\/2\\\/2026\\\/04\\\/9tO-TfML.jpg\",\"articleSection\":[\"MODA\"],\"inLanguage\":\"es-AR\",\"potentialAction\":[{\"@type\":\"CommentAction\",\"name\":\"Comment\",\"target\":[\"https:\\\/\\\/radioclanfm.com\\\/clanespectaculos\\\/martin-fierro-de-la-moda-2026-el-minuto-a-minuto-de-la-alfombra-roja\\\/#respond\"]}]},{\"@type\":\"WebPage\",\"@id\":\"https:\\\/\\\/radioclanfm.com\\\/clanespectaculos\\\/martin-fierro-de-la-moda-2026-el-minuto-a-minuto-de-la-alfombra-roja\\\/\",\"url\":\"https:\\\/\\\/radioclanfm.com\\\/clanespectaculos\\\/martin-fierro-de-la-moda-2026-el-minuto-a-minuto-de-la-alfombra-roja\\\/\",\"name\":\"Mart\u00edn Fierro de la Moda 2026: el minuto a minuto de la alfombra roja - CLAN ESPECTACULOS\",\"isPartOf\":{\"@id\":\"https:\\\/\\\/radioclanfm.com\\\/clanespectaculos\\\/#website\"},\"primaryImageOfPage\":{\"@id\":\"https:\\\/\\\/radioclanfm.com\\\/clanespectaculos\\\/martin-fierro-de-la-moda-2026-el-minuto-a-minuto-de-la-alfombra-roja\\\/#primaryimage\"},\"image\":{\"@id\":\"https:\\\/\\\/radioclanfm.com\\\/clanespectaculos\\\/martin-fierro-de-la-moda-2026-el-minuto-a-minuto-de-la-alfombra-roja\\\/#primaryimage\"},\"thumbnailUrl\":\"https:\\\/\\\/radioclanfm.com\\\/clanespectaculos\\\/wp-content\\\/uploads\\\/sites\\\/2\\\/2026\\\/04\\\/9tO-TfML.jpg\",\"datePublished\":\"2026-04-27T12:59:26+00:00\",\"breadcrumb\":{\"@id\":\"https:\\\/\\\/radioclanfm.com\\\/clanespectaculos\\\/martin-fierro-de-la-moda-2026-el-minuto-a-minuto-de-la-alfombra-roja\\\/#breadcrumb\"},\"inLanguage\":\"es-AR\",\"potentialAction\":[{\"@type\":\"ReadAction\",\"target\":[\"https:\\\/\\\/radioclanfm.com\\\/clanespectaculos\\\/martin-fierro-de-la-moda-2026-el-minuto-a-minuto-de-la-alfombra-roja\\\/\"]}]},{\"@type\":\"ImageObject\",\"inLanguage\":\"es-AR\",\"@id\":\"https:\\\/\\\/radioclanfm.com\\\/clanespectaculos\\\/martin-fierro-de-la-moda-2026-el-minuto-a-minuto-de-la-alfombra-roja\\\/#primaryimage\",\"url\":\"https:\\\/\\\/radioclanfm.com\\\/clanespectaculos\\\/wp-content\\\/uploads\\\/sites\\\/2\\\/2026\\\/04\\\/9tO-TfML.jpg\",\"contentUrl\":\"https:\\\/\\\/radioclanfm.com\\\/clanespectaculos\\\/wp-content\\\/uploads\\\/sites\\\/2\\\/2026\\\/04\\\/9tO-TfML.jpg\",\"width\":900,\"height\":507},{\"@type\":\"BreadcrumbList\",\"@id\":\"https:\\\/\\\/radioclanfm.com\\\/clanespectaculos\\\/martin-fierro-de-la-moda-2026-el-minuto-a-minuto-de-la-alfombra-roja\\\/#breadcrumb\",\"itemListElement\":[{\"@type\":\"ListItem\",\"position\":1,\"name\":\"Inicio\",\"item\":\"https:\\\/\\\/radioclanfm.com\\\/clanespectaculos\\\/\"},{\"@type\":\"ListItem\",\"position\":2,\"name\":\"Mart\u00edn Fierro de la Moda 2026: el minuto a minuto de la alfombra roja\"}]},{\"@type\":\"WebSite\",\"@id\":\"https:\\\/\\\/radioclanfm.com\\\/clanespectaculos\\\/#website\",\"url\":\"https:\\\/\\\/radioclanfm.com\\\/clanespectaculos\\\/\",\"name\":\"CLAN ESPECTACULOS\",\"description\":\"\",\"publisher\":{\"@id\":\"https:\\\/\\\/radioclanfm.com\\\/clanespectaculos\\\/#organization\"},\"potentialAction\":[{\"@type\":\"SearchAction\",\"target\":{\"@type\":\"EntryPoint\",\"urlTemplate\":\"https:\\\/\\\/radioclanfm.com\\\/clanespectaculos\\\/?s={search_term_string}\"},\"query-input\":{\"@type\":\"PropertyValueSpecification\",\"valueRequired\":true,\"valueName\":\"search_term_string\"}}],\"inLanguage\":\"es-AR\"},{\"@type\":\"Organization\",\"@id\":\"https:\\\/\\\/radioclanfm.com\\\/clanespectaculos\\\/#organization\",\"name\":\"CLAN ESPECTACULOS\",\"url\":\"https:\\\/\\\/radioclanfm.com\\\/clanespectaculos\\\/\",\"logo\":{\"@type\":\"ImageObject\",\"inLanguage\":\"es-AR\",\"@id\":\"https:\\\/\\\/radioclanfm.com\\\/clanespectaculos\\\/#\\\/schema\\\/logo\\\/image\\\/\",\"url\":\"https:\\\/\\\/radioclanfm.com\\\/clanespectaculos\\\/wp-content\\\/uploads\\\/sites\\\/2\\\/2026\\\/04\\\/ChatGPT-Image-23-mar-2026-10_09_00.png\",\"contentUrl\":\"https:\\\/\\\/radioclanfm.com\\\/clanespectaculos\\\/wp-content\\\/uploads\\\/sites\\\/2\\\/2026\\\/04\\\/ChatGPT-Image-23-mar-2026-10_09_00.png\",\"width\":1024,\"height\":1024,\"caption\":\"CLAN ESPECTACULOS\"},\"image\":{\"@id\":\"https:\\\/\\\/radioclanfm.com\\\/clanespectaculos\\\/#\\\/schema\\\/logo\\\/image\\\/\"},\"sameAs\":[\"https:\\\/\\\/www.facebook.com\\\/clanespectaculos\\\/\",\"https:\\\/\\\/x.com\\\/clanespectok\"]},{\"@type\":\"Person\",\"@id\":\"https:\\\/\\\/radioclanfm.com\\\/clanespectaculos\\\/#\\\/schema\\\/person\\\/9734813083303230f3ad84d99171b20c\",\"name\":\"E-GRUPOCLAN\",\"image\":{\"@type\":\"ImageObject\",\"inLanguage\":\"es-AR\",\"@id\":\"https:\\\/\\\/secure.gravatar.com\\\/avatar\\\/af6e19837c3d6a212034a48c7b3818d2ac1826f6025df0155da5a186ad321d79?s=96&d=mm&r=g\",\"url\":\"https:\\\/\\\/secure.gravatar.com\\\/avatar\\\/af6e19837c3d6a212034a48c7b3818d2ac1826f6025df0155da5a186ad321d79?s=96&d=mm&r=g\",\"contentUrl\":\"https:\\\/\\\/secure.gravatar.com\\\/avatar\\\/af6e19837c3d6a212034a48c7b3818d2ac1826f6025df0155da5a186ad321d79?s=96&d=mm&r=g\",\"caption\":\"E-GRUPOCLAN\"},\"sameAs\":[\"https:\\\/\\\/radioclanfm.com\"],\"url\":\"https:\\\/\\\/radioclanfm.com\\\/clanespectaculos\\\/author\\\/admin\\\/\"}]}<\/script>\n<!-- \/ Yoast SEO plugin. -->","yoast_head_json":{"title":"Mart\u00edn Fierro de la Moda 2026: el minuto a minuto de la alfombra roja - CLAN ESPECTACULOS","robots":{"index":"index","follow":"follow","max-snippet":"max-snippet:-1","max-image-preview":"max-image-preview:large","max-video-preview":"max-video-preview:-1"},"canonical":"https:\/\/radioclanfm.com\/clanespectaculos\/martin-fierro-de-la-moda-2026-el-minuto-a-minuto-de-la-alfombra-roja\/","og_locale":"es_ES","og_type":"article","og_title":"Mart\u00edn Fierro de la Moda 2026: el minuto a minuto de la alfombra roja - CLAN ESPECTACULOS","og_description":"De las transparencias de Zaira Nara al Carolina Herrera de Pampita, pasando por el vestido blanco con tul de Marta Fort. Zaira Nara\u00a0y el\u00a0Chino Leunis\u00a0son los encargados de recibir a todos los invitados en la alfombra roja del\u00a0Mart\u00edn Fierro de la Moda, la noche en la que se premian a los mejores dise\u00f1adores, estilistas, conductores [&hellip;]","og_url":"https:\/\/radioclanfm.com\/clanespectaculos\/martin-fierro-de-la-moda-2026-el-minuto-a-minuto-de-la-alfombra-roja\/","og_site_name":"CLAN ESPECTACULOS","article_publisher":"https:\/\/www.facebook.com\/clanespectaculos\/","article_published_time":"2026-04-27T12:59:26+00:00","og_image":[{"width":900,"height":507,"url":"https:\/\/radioclanfm.com\/clanespectaculos\/wp-content\/uploads\/sites\/2\/2026\/04\/9tO-TfML.jpg","type":"image\/jpeg"}],"author":"E-GRUPOCLAN","twitter_card":"summary_large_image","twitter_creator":"@clanespectok","twitter_site":"@clanespectok","twitter_misc":{"Escrito por":"E-GRUPOCLAN","Tiempo de lectura":"17 minutos"},"schema":{"@context":"https:\/\/schema.org","@graph":[{"@type":"Article","@id":"https:\/\/radioclanfm.com\/clanespectaculos\/martin-fierro-de-la-moda-2026-el-minuto-a-minuto-de-la-alfombra-roja\/#article","isPartOf":{"@id":"https:\/\/radioclanfm.com\/clanespectaculos\/martin-fierro-de-la-moda-2026-el-minuto-a-minuto-de-la-alfombra-roja\/"},"author":{"name":"E-GRUPOCLAN","@id":"https:\/\/radioclanfm.com\/clanespectaculos\/#\/schema\/person\/9734813083303230f3ad84d99171b20c"},"headline":"Mart\u00edn Fierro de la Moda 2026: el minuto a minuto de la alfombra roja","datePublished":"2026-04-27T12:59:26+00:00","mainEntityOfPage":{"@id":"https:\/\/radioclanfm.com\/clanespectaculos\/martin-fierro-de-la-moda-2026-el-minuto-a-minuto-de-la-alfombra-roja\/"},"wordCount":2331,"commentCount":0,"publisher":{"@id":"https:\/\/radioclanfm.com\/clanespectaculos\/#organization"},"image":{"@id":"https:\/\/radioclanfm.com\/clanespectaculos\/martin-fierro-de-la-moda-2026-el-minuto-a-minuto-de-la-alfombra-roja\/#primaryimage"},"thumbnailUrl":"https:\/\/radioclanfm.com\/clanespectaculos\/wp-content\/uploads\/sites\/2\/2026\/04\/9tO-TfML.jpg","articleSection":["MODA"],"inLanguage":"es-AR","potentialAction":[{"@type":"CommentAction","name":"Comment","target":["https:\/\/radioclanfm.com\/clanespectaculos\/martin-fierro-de-la-moda-2026-el-minuto-a-minuto-de-la-alfombra-roja\/#respond"]}]},{"@type":"WebPage","@id":"https:\/\/radioclanfm.com\/clanespectaculos\/martin-fierro-de-la-moda-2026-el-minuto-a-minuto-de-la-alfombra-roja\/","url":"https:\/\/radioclanfm.com\/clanespectaculos\/martin-fierro-de-la-moda-2026-el-minuto-a-minuto-de-la-alfombra-roja\/","name":"Mart\u00edn Fierro de la Moda 2026: el minuto a minuto de la alfombra roja - CLAN ESPECTACULOS","isPartOf":{"@id":"https:\/\/radioclanfm.com\/clanespectaculos\/#website"},"primaryImageOfPage":{"@id":"https:\/\/radioclanfm.com\/clanespectaculos\/martin-fierro-de-la-moda-2026-el-minuto-a-minuto-de-la-alfombra-roja\/#primaryimage"},"image":{"@id":"https:\/\/radioclanfm.com\/clanespectaculos\/martin-fierro-de-la-moda-2026-el-minuto-a-minuto-de-la-alfombra-roja\/#primaryimage"},"thumbnailUrl":"https:\/\/radioclanfm.com\/clanespectaculos\/wp-content\/uploads\/sites\/2\/2026\/04\/9tO-TfML.jpg","datePublished":"2026-04-27T12:59:26+00:00","breadcrumb":{"@id":"https:\/\/radioclanfm.com\/clanespectaculos\/martin-fierro-de-la-moda-2026-el-minuto-a-minuto-de-la-alfombra-roja\/#breadcrumb"},"inLanguage":"es-AR","potentialAction":[{"@type":"ReadAction","target":["https:\/\/radioclanfm.com\/clanespectaculos\/martin-fierro-de-la-moda-2026-el-minuto-a-minuto-de-la-alfombra-roja\/"]}]},{"@type":"ImageObject","inLanguage":"es-AR","@id":"https:\/\/radioclanfm.com\/clanespectaculos\/martin-fierro-de-la-moda-2026-el-minuto-a-minuto-de-la-alfombra-roja\/#primaryimage","url":"https:\/\/radioclanfm.com\/clanespectaculos\/wp-content\/uploads\/sites\/2\/2026\/04\/9tO-TfML.jpg","contentUrl":"https:\/\/radioclanfm.com\/clanespectaculos\/wp-content\/uploads\/sites\/2\/2026\/04\/9tO-TfML.jpg","width":900,"height":507},{"@type":"BreadcrumbList","@id":"https:\/\/radioclanfm.com\/clanespectaculos\/martin-fierro-de-la-moda-2026-el-minuto-a-minuto-de-la-alfombra-roja\/#breadcrumb","itemListElement":[{"@type":"ListItem","position":1,"name":"Inicio","item":"https:\/\/radioclanfm.com\/clanespectaculos\/"},{"@type":"ListItem","position":2,"name":"Mart\u00edn Fierro de la Moda 2026: el minuto a minuto de la alfombra roja"}]},{"@type":"WebSite","@id":"https:\/\/radioclanfm.com\/clanespectaculos\/#website","url":"https:\/\/radioclanfm.com\/clanespectaculos\/","name":"CLAN ESPECTACULOS","description":"","publisher":{"@id":"https:\/\/radioclanfm.com\/clanespectaculos\/#organization"},"potentialAction":[{"@type":"SearchAction","target":{"@type":"EntryPoint","urlTemplate":"https:\/\/radioclanfm.com\/clanespectaculos\/?s={search_term_string}"},"query-input":{"@type":"PropertyValueSpecification","valueRequired":true,"valueName":"search_term_string"}}],"inLanguage":"es-AR"},{"@type":"Organization","@id":"https:\/\/radioclanfm.com\/clanespectaculos\/#organization","name":"CLAN ESPECTACULOS","url":"https:\/\/radioclanfm.com\/clanespectaculos\/","logo":{"@type":"ImageObject","inLanguage":"es-AR","@id":"https:\/\/radioclanfm.com\/clanespectaculos\/#\/schema\/logo\/image\/","url":"https:\/\/radioclanfm.com\/clanespectaculos\/wp-content\/uploads\/sites\/2\/2026\/04\/ChatGPT-Image-23-mar-2026-10_09_00.png","contentUrl":"https:\/\/radioclanfm.com\/clanespectaculos\/wp-content\/uploads\/sites\/2\/2026\/04\/ChatGPT-Image-23-mar-2026-10_09_00.png","width":1024,"height":1024,"caption":"CLAN ESPECTACULOS"},"image":{"@id":"https:\/\/radioclanfm.com\/clanespectaculos\/#\/schema\/logo\/image\/"},"sameAs":["https:\/\/www.facebook.com\/clanespectaculos\/","https:\/\/x.com\/clanespectok"]},{"@type":"Person","@id":"https:\/\/radioclanfm.com\/clanespectaculos\/#\/schema\/person\/9734813083303230f3ad84d99171b20c","name":"E-GRUPOCLAN","image":{"@type":"ImageObject","inLanguage":"es-AR","@id":"https:\/\/secure.gravatar.com\/avatar\/af6e19837c3d6a212034a48c7b3818d2ac1826f6025df0155da5a186ad321d79?s=96&d=mm&r=g","url":"https:\/\/secure.gravatar.com\/avatar\/af6e19837c3d6a212034a48c7b3818d2ac1826f6025df0155da5a186ad321d79?s=96&d=mm&r=g","contentUrl":"https:\/\/secure.gravatar.com\/avatar\/af6e19837c3d6a212034a48c7b3818d2ac1826f6025df0155da5a186ad321d79?s=96&d=mm&r=g","caption":"E-GRUPOCLAN"},"sameAs":["https:\/\/radioclanfm.com"],"url":"https:\/\/radioclanfm.com\/clanespectaculos\/author\/admin\/"}]}},"_links":{"self":[{"href":"https:\/\/radioclanfm.com\/clanespectaculos\/wp-json\/wp\/v2\/posts\/15879","targetHints":{"allow":["GET"]}}],"collection":[{"href":"https:\/\/radioclanfm.com\/clanespectaculos\/wp-json\/wp\/v2\/posts"}],"about":[{"href":"https:\/\/radioclanfm.com\/clanespectaculos\/wp-json\/wp\/v2\/types\/post"}],"author":[{"embeddable":true,"href":"https:\/\/radioclanfm.com\/clanespectaculos\/wp-json\/wp\/v2\/users\/1"}],"replies":[{"embeddable":true,"href":"https:\/\/radioclanfm.com\/clanespectaculos\/wp-json\/wp\/v2\/comments?post=15879"}],"version-history":[{"count":1,"href":"https:\/\/radioclanfm.com\/clanespectaculos\/wp-json\/wp\/v2\/posts\/15879\/revisions"}],"predecessor-version":[{"id":15881,"href":"https:\/\/radioclanfm.com\/clanespectaculos\/wp-json\/wp\/v2\/posts\/15879\/revisions\/15881"}],"wp:featuredmedia":[{"embeddable":true,"href":"https:\/\/radioclanfm.com\/clanespectaculos\/wp-json\/wp\/v2\/media\/15880"}],"wp:attachment":[{"href":"https:\/\/radioclanfm.com\/clanespectaculos\/wp-json\/wp\/v2\/media?parent=15879"}],"wp:term":[{"taxonomy":"category","embeddable":true,"href":"https:\/\/radioclanfm.com\/clanespectaculos\/wp-json\/wp\/v2\/categories?post=15879"},{"taxonomy":"post_tag","embeddable":true,"href":"https:\/\/radioclanfm.com\/clanespectaculos\/wp-json\/wp\/v2\/tags?post=15879"}],"curies":[{"name":"wp","href":"https:\/\/api.w.org\/{rel}","templated":true}]}}