{"id":15876,"date":"2026-04-27T09:56:04","date_gmt":"2026-04-27T12:56:04","guid":{"rendered":"https:\/\/radioclanfm.com\/clanespectaculos\/?p=15876"},"modified":"2026-04-27T09:56:04","modified_gmt":"2026-04-27T12:56:04","slug":"noelia-marzol-mostro-el-increible-antes-y-despues-de-su-lujosa-casa-hicimos-casi-todo-nosotros","status":"publish","type":"post","link":"https:\/\/radioclanfm.com\/clanespectaculos\/noelia-marzol-mostro-el-increible-antes-y-despues-de-su-lujosa-casa-hicimos-casi-todo-nosotros\/","title":{"rendered":"Noelia Marzol mostr\u00f3 el incre\u00edble antes y despu\u00e9s de su lujosa casa: \u201cHicimos casi todo nosotros\u201d"},"content":{"rendered":"<p>La bailarina sorprendi\u00f3 a sus seguidores con las fotos de la nueva decoraci\u00f3n del hogar en el que vive con su pareja y sus dos hijos.<\/p>\n<div class=\"col-content\"><main class=\"col-content\"><\/p>\n<div class=\"default-article-color article__body article__article\">\n<p class=\"paragraph font__body-regular\"><b>Noelia Marzol\u00a0<\/b>sorprendi\u00f3 a sus seguidores al mostrar el incre\u00edble antes y despu\u00e9s de la casa en la que vive con su marido\u00a0<b>Ramiro Arias<\/b>\u00a0y sus dos hijos en com\u00fan,\u00a0<b>Alfonsina y Donatello<\/b>.<\/p>\n<div id=\"ad-slot-infeed\" class=\"infeed-container ad-slot-infeed ad-slot\" data-adtype=\"infeed\" data-lazyload=\"1\" data-google-query-id=\"CIfZlYGKjpQDFboGHgAd33kMdQ\">\n<div id=\"google_ads_iframe_\/113951150\/tn-arc\/nota\/infeed_0__container__\"><iframe id=\"google_ads_iframe_\/113951150\/tn-arc\/nota\/infeed_0\" tabindex=\"0\" title=\"Contenido de anuncios de terceros\" name=\"google_ads_iframe_\/113951150\/tn-arc\/nota\/infeed_0\" width=\"1\" height=\"1\" frameborder=\"0\" marginwidth=\"0\" marginheight=\"0\" scrolling=\"no\" aria-label=\"Anuncio\" data-google-container-id=\"9\" data-load-complete=\"true\" data-mce-fragment=\"1\"><\/iframe><\/div>\n<\/div>\n<p class=\"paragraph font__body-regular\">A trav\u00e9s de sus historias de Instagram, la bailarina expres\u00f3 su entusiasmo por los\u00a0<b>logros est\u00e9ticos\u00a0<\/b>que tiene su hogar: la decoraci\u00f3n remite a un estilo contempor\u00e1neo con fuerte influencia n\u00f3rdica y natural.<\/p>\n<div class=\"story-list\" data-mrf-recirculation=\"IL_RNrGCM52Q_ui4aMax3fibg\" data-testid=\"text-html\" data-mrf-experience=\"IL_RNrGCM52Q_ui4aMax3fibg\">\n<article class=\"card__container card__horizontal\">\n<div class=\"card__body\">\n<header>\n<h3 class=\"card__headline font__display\"><\/h3>\n<\/header>\n<\/div>\n<\/article>\n<\/div>\n<p class=\"paragraph font__body-regular\"><b>\u201cCost\u00f3 bastante porque casi todo lo hicimos nosotros\u201d<\/b>, asegur\u00f3 Noelia en una de las im\u00e1genes que subi\u00f3 a su perfil. Sin embargo, tambi\u00e9n destac\u00f3 que contaron con ayuda de una arquitecta.<\/p>\n<figure class=\"\" data-testid=\"figure-testid\">\n<div class=\"aspect_ratio__container\"><picture class=\"responsive-image\"><source srcset=\"https:\/\/tn.com.ar\/resizer\/v2\/noelia-marzol-mostro-el-antes-y-el-despues-de-la-casa-foto-instagramnoeliamarzolok-T7TX3VZDARHEVG4RI2IP3OGYHU.jpg?auth=4356ffae7b50d9e480d9591f65d2ccbacb75bdf6e25d85b508a5487940b66a5e&amp;width=767\" type=\"image\/jpg\" media=\"(max-width: 728px)\" \/><source srcset=\"https:\/\/tn.com.ar\/resizer\/v2\/noelia-marzol-mostro-el-antes-y-el-despues-de-la-casa-foto-instagramnoeliamarzolok-T7TX3VZDARHEVG4RI2IP3OGYHU.jpg?auth=4356ffae7b50d9e480d9591f65d2ccbacb75bdf6e25d85b508a5487940b66a5e&amp;width=1023\" type=\"image\/jpg\" media=\"(max-width: 1023px)\" \/><source srcset=\"https:\/\/tn.com.ar\/resizer\/v2\/noelia-marzol-mostro-el-antes-y-el-despues-de-la-casa-foto-instagramnoeliamarzolok-T7TX3VZDARHEVG4RI2IP3OGYHU.jpg?auth=4356ffae7b50d9e480d9591f65d2ccbacb75bdf6e25d85b508a5487940b66a5e&amp;width=1440\" type=\"image\/jpg\" \/><img loading=\"lazy\" decoding=\"async\" class=\"image content-image image_placeholder\" src=\"https:\/\/tn.com.ar\/resizer\/v2\/noelia-marzol-mostro-el-antes-y-el-despues-de-la-casa-foto-instagramnoeliamarzolok-T7TX3VZDARHEVG4RI2IP3OGYHU.jpg?auth=4356ffae7b50d9e480d9591f65d2ccbacb75bdf6e25d85b508a5487940b66a5e&amp;width=767\" alt=\"Noelia Marzol mostr\u00f3 el antes y el despu\u00e9s de la casa. (Foto: Instagram\/noeliamarzolok)\" width=\"767\" height=\"976\" data-testid=\"loading-testid\" \/><\/picture><\/div><figcaption class=\"caption_image\" data-testid=\"figcaption-testid\">\n<div class=\"image_caption \">Noelia Marzol mostr\u00f3 el antes y el despu\u00e9s de la casa. (Foto: Instagram\/noeliamarzolok)<\/div>\n<\/figcaption><\/figure>\n<h2 class=\"font--primary font__display\">El antes y el despu\u00e9s de la casa de Noelia Marzol<\/h2>\n<p class=\"paragraph font__body-regular\">Tal como dej\u00f3 ver, el living est\u00e1 dominado por una paleta\u00a0<b>neutra y c\u00e1lida<\/b>: beige, crudos, madera clara y algunos acentos en negro. El<b>\u00a0sill\u00f3n en \u201cL\u201d<\/b>\u00a0es amplio, de l\u00edneas simples y tapizado en tela clara, acompa\u00f1ado por almohadones en tonos similares que refuerzan la sensaci\u00f3n de confort.<\/p>\n<figure class=\"\" data-testid=\"figure-testid\">\n<div class=\"aspect_ratio__container\"><picture class=\"responsive-image\"><source srcset=\"https:\/\/tn.com.ar\/resizer\/v2\/el-living-esta-dominado-por-una-paleta-neutra-y-calida-foto-instagramnoeliamarzolok-DBC5IFJ7SJFHBNSZ5YIF2DDGRI.jpg?auth=f524edb676ad56c341e01e185ec5a31957f527335f2321da4df858deeedfa857&amp;width=767\" type=\"image\/jpg\" media=\"(max-width: 728px)\" \/><source srcset=\"https:\/\/tn.com.ar\/resizer\/v2\/el-living-esta-dominado-por-una-paleta-neutra-y-calida-foto-instagramnoeliamarzolok-DBC5IFJ7SJFHBNSZ5YIF2DDGRI.jpg?auth=f524edb676ad56c341e01e185ec5a31957f527335f2321da4df858deeedfa857&amp;width=1023\" type=\"image\/jpg\" media=\"(max-width: 1023px)\" \/><source srcset=\"https:\/\/tn.com.ar\/resizer\/v2\/el-living-esta-dominado-por-una-paleta-neutra-y-calida-foto-instagramnoeliamarzolok-DBC5IFJ7SJFHBNSZ5YIF2DDGRI.jpg?auth=f524edb676ad56c341e01e185ec5a31957f527335f2321da4df858deeedfa857&amp;width=1440\" type=\"image\/jpg\" \/><img loading=\"lazy\" decoding=\"async\" class=\"image content-image image_placeholder\" src=\"https:\/\/tn.com.ar\/resizer\/v2\/el-living-esta-dominado-por-una-paleta-neutra-y-calida-foto-instagramnoeliamarzolok-DBC5IFJ7SJFHBNSZ5YIF2DDGRI.jpg?auth=f524edb676ad56c341e01e185ec5a31957f527335f2321da4df858deeedfa857&amp;width=767\" alt=\"El living est\u00e1 dominado por una paleta neutra y c\u00e1lida. (Foto: Instagram\/noeliamarzolok)\" width=\"767\" height=\"1821\" data-testid=\"loading-testid\" \/><\/picture><\/div><figcaption class=\"caption_image\" data-testid=\"figcaption-testid\">\n<div class=\"image_caption \">El living est\u00e1 dominado por una paleta neutra y c\u00e1lida. (Foto: Instagram\/noeliamarzolok)<\/div>\n<\/figcaption><\/figure>\n<p class=\"paragraph font__body-regular\">La\u00a0<b>mesa ratona de madera maciza\u00a0<\/b>es protagonista, con objetos decorativos minimalistas: velas, libros de dise\u00f1o y piezas en cer\u00e1mica negra que aportan contraste. Tambi\u00e9n aparece una<b>\u00a0l\u00e1mpara colgante<\/b>\u00a0de fibras naturales (tipo mimbre o rat\u00e1n), que suma textura y refuerza el aire org\u00e1nico del espacio.<\/p>\n<p class=\"paragraph font__body-regular\">Noelia comparti\u00f3 c\u00f3mo qued\u00f3<b>\u00a0la habitaci\u00f3n de su hija Alfonsina<\/b>, un espacio que sigue la misma l\u00ednea que el resto de la casa pero con un clima m\u00e1s rom\u00e1ntico y soft. La cama tiene textiles con estampas delicadas (cuadrill\u00e9 y flores peque\u00f1as), lo que le da un aire m\u00e1s acogedor y familiar.<\/p>\n<figure class=\"\" data-testid=\"figure-testid\">\n<div class=\"aspect_ratio__container\"><picture class=\"responsive-image\"><source srcset=\"https:\/\/tn.com.ar\/resizer\/v2\/la-habitacion-es-un-espacio-sereno-calido-y-muy-cuidado-en-los-detalles-textiles-foto-instagramnoeliamarzolok-LGED7DAUENGBFLLIVXECPF4UZU.jpg?auth=07d89843682c74f890698d1304ae0204b55dc0e19cc00bd8e3a8cec19e7d798b&amp;width=767\" type=\"image\/jpg\" media=\"(max-width: 728px)\" \/><source srcset=\"https:\/\/tn.com.ar\/resizer\/v2\/la-habitacion-es-un-espacio-sereno-calido-y-muy-cuidado-en-los-detalles-textiles-foto-instagramnoeliamarzolok-LGED7DAUENGBFLLIVXECPF4UZU.jpg?auth=07d89843682c74f890698d1304ae0204b55dc0e19cc00bd8e3a8cec19e7d798b&amp;width=1023\" type=\"image\/jpg\" media=\"(max-width: 1023px)\" \/><source srcset=\"https:\/\/tn.com.ar\/resizer\/v2\/la-habitacion-es-un-espacio-sereno-calido-y-muy-cuidado-en-los-detalles-textiles-foto-instagramnoeliamarzolok-LGED7DAUENGBFLLIVXECPF4UZU.jpg?auth=07d89843682c74f890698d1304ae0204b55dc0e19cc00bd8e3a8cec19e7d798b&amp;width=1440\" type=\"image\/jpg\" \/><img loading=\"lazy\" decoding=\"async\" class=\"image content-image image_placeholder\" src=\"https:\/\/tn.com.ar\/resizer\/v2\/la-habitacion-es-un-espacio-sereno-calido-y-muy-cuidado-en-los-detalles-textiles-foto-instagramnoeliamarzolok-LGED7DAUENGBFLLIVXECPF4UZU.jpg?auth=07d89843682c74f890698d1304ae0204b55dc0e19cc00bd8e3a8cec19e7d798b&amp;width=767\" alt=\"La habitaci\u00f3n es un espacio sereno, c\u00e1lido y muy cuidado en los detalles textiles. (Foto: Instagram\/noeliamarzolok)\" width=\"767\" height=\"1821\" data-testid=\"loading-testid\" \/><\/picture><\/div><figcaption class=\"caption_image\" data-testid=\"figcaption-testid\">\n<div class=\"image_caption \">La habitaci\u00f3n es un espacio sereno, c\u00e1lido y muy cuidado en los detalles textiles. (Foto: Instagram\/noeliamarzolok)<\/div>\n<\/figcaption><\/figure>\n<p class=\"paragraph font__body-regular\">El<b>\u00a0empapelado con dise\u00f1o bot\u00e1nico<\/b>\u00a0suave refuerza lo natural, mientras que las cortinas largas y livianas permiten el paso de la luz, generando un ambiente luminoso y relajado. Como detalle, aparece un\u00a0<b>caballito mecedor de tela<\/b>\u00a0en tonos neutros, que aporta calidez y un toque l\u00fadico sin romper la est\u00e9tica.<\/p>\n<p class=\"paragraph font__body-regular\">La cocina combina un estilo\u00a0<b>moderno con gui\u00f1os vintage y farmhouse<\/b>. Predomina el blanco en muebles, mesadas y revestimientos, lo que aporta luminosidad y limpieza visual.<\/p>\n<figure class=\"\" data-testid=\"figure-testid\">\n<div class=\"aspect_ratio__container\"><picture class=\"responsive-image\"><source srcset=\"https:\/\/tn.com.ar\/resizer\/v2\/la-cocina-combina-un-estilo-moderno-con-guinos-vintage-y-farmhouse-foto-instagramnoeliamarzolok-XCL43D2Y2JC5NB2ZZBPIVFCIBU.jpg?auth=eb4d38b0488226a0527f47261f75c7f9484224132b0fa78b6ed46372b263100f&amp;width=767\" type=\"image\/jpg\" media=\"(max-width: 728px)\" \/><source srcset=\"https:\/\/tn.com.ar\/resizer\/v2\/la-cocina-combina-un-estilo-moderno-con-guinos-vintage-y-farmhouse-foto-instagramnoeliamarzolok-XCL43D2Y2JC5NB2ZZBPIVFCIBU.jpg?auth=eb4d38b0488226a0527f47261f75c7f9484224132b0fa78b6ed46372b263100f&amp;width=1023\" type=\"image\/jpg\" media=\"(max-width: 1023px)\" \/><source srcset=\"https:\/\/tn.com.ar\/resizer\/v2\/la-cocina-combina-un-estilo-moderno-con-guinos-vintage-y-farmhouse-foto-instagramnoeliamarzolok-XCL43D2Y2JC5NB2ZZBPIVFCIBU.jpg?auth=eb4d38b0488226a0527f47261f75c7f9484224132b0fa78b6ed46372b263100f&amp;width=1440\" type=\"image\/jpg\" \/><img loading=\"lazy\" decoding=\"async\" class=\"image content-image image_placeholder\" src=\"https:\/\/tn.com.ar\/resizer\/v2\/la-cocina-combina-un-estilo-moderno-con-guinos-vintage-y-farmhouse-foto-instagramnoeliamarzolok-XCL43D2Y2JC5NB2ZZBPIVFCIBU.jpg?auth=eb4d38b0488226a0527f47261f75c7f9484224132b0fa78b6ed46372b263100f&amp;width=767\" alt=\"La cocina combina un estilo moderno con gui\u00f1os vintage y farmhouse. (Foto: Instagram\/noeliamarzolok)\" width=\"767\" height=\"1821\" data-testid=\"loading-testid\" \/><\/picture><\/div><figcaption class=\"caption_image\" data-testid=\"figcaption-testid\">\n<div class=\"image_caption \">La cocina combina un estilo moderno con gui\u00f1os vintage y farmhouse. (Foto: Instagram\/noeliamarzolok)<\/div>\n<\/figcaption><\/figure>\n<p class=\"paragraph font__body-regular\">El espacio es<b>\u00a0luminoso, pr\u00e1ctico y elegante<\/b>. Tiene l\u00e1mparas colgantes de vidrio opalino con detalles en bronce, aberturas negras, alacenas bajas y estantes abiertos de madera, adem\u00e1s de mesadas claras tipo m\u00e1rmol o cuarzo.<\/p>\n<p class=\"paragraph font__body-regular\">La galer\u00eda del hogar funciona como un espacio de transici\u00f3n entre interior y exterior, con una impronta muy\u00a0<b>natural, relajada y org\u00e1nica<\/b>. Los grandes ventanales con estructura negra enmarcan el verde del jard\u00edn y convierten al paisaje en parte central de la decoraci\u00f3n junto con el sill\u00f3n de madera clara con tapizados en tonos neutros.<\/p>\n<figure class=\"\" data-testid=\"figure-testid\">\n<div class=\"aspect_ratio__container\"><picture class=\"responsive-image\"><source srcset=\"https:\/\/tn.com.ar\/resizer\/v2\/un-espacio-pensado-para-descansar-con-mucha-luz-natural-y-una-fuerte-conexion-con-el-exterior-foto-instagramnoeliamarzolok-E7TIMQNTNJADTANNA2PRO4FFQ4.jpg?auth=4ad431be10f86d8875e568dd0eccbe41688ca917e5688e95e41e41f4376591f6&amp;width=767\" type=\"image\/jpg\" media=\"(max-width: 728px)\" \/><source srcset=\"https:\/\/tn.com.ar\/resizer\/v2\/un-espacio-pensado-para-descansar-con-mucha-luz-natural-y-una-fuerte-conexion-con-el-exterior-foto-instagramnoeliamarzolok-E7TIMQNTNJADTANNA2PRO4FFQ4.jpg?auth=4ad431be10f86d8875e568dd0eccbe41688ca917e5688e95e41e41f4376591f6&amp;width=1023\" type=\"image\/jpg\" media=\"(max-width: 1023px)\" \/><source srcset=\"https:\/\/tn.com.ar\/resizer\/v2\/un-espacio-pensado-para-descansar-con-mucha-luz-natural-y-una-fuerte-conexion-con-el-exterior-foto-instagramnoeliamarzolok-E7TIMQNTNJADTANNA2PRO4FFQ4.jpg?auth=4ad431be10f86d8875e568dd0eccbe41688ca917e5688e95e41e41f4376591f6&amp;width=1440\" type=\"image\/jpg\" \/><img loading=\"lazy\" decoding=\"async\" class=\"image content-image image_placeholder\" src=\"https:\/\/tn.com.ar\/resizer\/v2\/un-espacio-pensado-para-descansar-con-mucha-luz-natural-y-una-fuerte-conexion-con-el-exterior-foto-instagramnoeliamarzolok-E7TIMQNTNJADTANNA2PRO4FFQ4.jpg?auth=4ad431be10f86d8875e568dd0eccbe41688ca917e5688e95e41e41f4376591f6&amp;width=767\" alt=\"Un espacio pensado para descansar, con mucha luz natural y una fuerte conexi\u00f3n con el exterior. (Foto: Instagram\/noeliamarzolok)\" width=\"767\" height=\"1821\" data-testid=\"loading-testid\" \/><\/picture><\/div><figcaption class=\"caption_image\" data-testid=\"figcaption-testid\">\n<div class=\"image_caption \">Un espacio pensado para descansar, con mucha luz natural y una fuerte conexi\u00f3n con el exterior. (Foto: Instagram\/noeliamarzolok)<\/div>\n<\/figcaption><\/figure>\n<p class=\"paragraph font__body-regular\">El espacio se completa con una mesa baja que combina madera y una tapa tipo m\u00e1rmol, junto a una alfombra de fibras naturales con dise\u00f1o geom\u00e9trico que suma profundidad visual. Cada elemento est\u00e1 elegido para mantener una armon\u00eda simple y elegante, donde predominan los materiales nobles y los colores suaves. El resultado es un\u00a0<b>ambiente relajado, luminoso y funcional, ideal para desconectar sin perder estilo<\/b>.<\/p>\n<figure class=\"\" data-testid=\"figure-testid\">\n<div class=\"aspect_ratio__container\"><picture class=\"responsive-image\"><source srcset=\"https:\/\/tn.com.ar\/resizer\/v2\/la-galeria-con-toques-industrial-soft-por-las-aberturas-negras-foto-instagramnoeliamarzolok-F5FBY7HI3JAUDIU3HX5RVUXYGY.jpg?auth=490d7fc9a582c69a6f61929d599e5ee47ac971a87443200c160af5d8f099fb0e&amp;width=767\" type=\"image\/jpg\" media=\"(max-width: 728px)\" \/><source srcset=\"https:\/\/tn.com.ar\/resizer\/v2\/la-galeria-con-toques-industrial-soft-por-las-aberturas-negras-foto-instagramnoeliamarzolok-F5FBY7HI3JAUDIU3HX5RVUXYGY.jpg?auth=490d7fc9a582c69a6f61929d599e5ee47ac971a87443200c160af5d8f099fb0e&amp;width=1023\" type=\"image\/jpg\" media=\"(max-width: 1023px)\" \/><source srcset=\"https:\/\/tn.com.ar\/resizer\/v2\/la-galeria-con-toques-industrial-soft-por-las-aberturas-negras-foto-instagramnoeliamarzolok-F5FBY7HI3JAUDIU3HX5RVUXYGY.jpg?auth=490d7fc9a582c69a6f61929d599e5ee47ac971a87443200c160af5d8f099fb0e&amp;width=1440\" type=\"image\/jpg\" \/><img loading=\"lazy\" decoding=\"async\" class=\"image content-image image_placeholder\" src=\"https:\/\/tn.com.ar\/resizer\/v2\/la-galeria-con-toques-industrial-soft-por-las-aberturas-negras-foto-instagramnoeliamarzolok-F5FBY7HI3JAUDIU3HX5RVUXYGY.jpg?auth=490d7fc9a582c69a6f61929d599e5ee47ac971a87443200c160af5d8f099fb0e&amp;width=767\" alt=\"La galer\u00eda con toques industrial soft por las aberturas negras. (Foto: Instagram\/noeliamarzolok)\" width=\"767\" height=\"1821\" data-testid=\"loading-testid\" \/><\/picture><\/div><figcaption class=\"caption_image\" data-testid=\"figcaption-testid\">\n<div class=\"image_caption \">La galer\u00eda con toques industrial soft por las aberturas negras. (Foto: Instagram\/noeliamarzolok)<\/div>\n<\/figcaption><\/figure>\n<p class=\"paragraph font__body-regular\">La decoraci\u00f3n de la casa de Noelia Marzol tiene\u00a0<b>una mezcla lograda\u00a0<\/b>de estilo n\u00f3rdico c\u00e1lido, Japandi (una fusi\u00f3n japonesa con escandinava),\u00a0<i>farmhouse\u00a0<\/i>moderno con toques de\u00a0<i>industrial soft\u00a0<\/i>por las aberturas negras. Con espacios pensados para el descanso con luz natural, la sensaci\u00f3n que transmite el hogar es un equilibrio entre lo moderno y lo c\u00e1lido, con un dise\u00f1o limpio y muy cuidado en los detalles textiles.<\/p>\n<\/div>\n<p><\/main><\/div>\n<aside class=\"col-right-rail right-rail\">\n<div id=\"parent-ad-slot-caja\" class=\"ad-container caja_ad \">\n<div class=\"ad-content\"><\/div>\n<\/div>\n<\/aside>\n","protected":false},"excerpt":{"rendered":"<p>La bailarina sorprendi\u00f3 a sus seguidores con las fotos de la nueva decoraci\u00f3n del hogar en el que vive con su pareja y sus dos hijos. Noelia Marzol\u00a0sorprendi\u00f3 a sus seguidores al mostrar el incre\u00edble antes y despu\u00e9s de la casa en la que vive con su marido\u00a0Ramiro Arias\u00a0y sus dos hijos en com\u00fan,\u00a0Alfonsina y [&hellip;]<\/p>\n","protected":false},"author":1,"featured_media":15877,"comment_status":"open","ping_status":"open","sticky":false,"template":"","format":"standard","meta":{"rop_custom_images_group":[],"rop_custom_messages_group":[],"rop_publish_now":"initial","rop_publish_now_accounts":[],"rop_publish_now_history":[],"rop_publish_now_status":"pending","footnotes":"","jetpack_publicize_message":"","jetpack_publicize_feature_enabled":true,"jetpack_social_post_already_shared":true,"jetpack_social_options":{"image_generator_settings":{"template":"highway","enabled":false},"version":2}},"categories":[12],"tags":[],"class_list":{"0":"post-15876","1":"post","2":"type-post","3":"status-publish","4":"format-standard","5":"has-post-thumbnail","7":"category-espectaculos"},"jetpack_publicize_connections":[],"yoast_head":"<!-- This site is optimized with the Yoast SEO plugin v27.3 - https:\/\/yoast.com\/product\/yoast-seo-wordpress\/ -->\n<title>Noelia Marzol mostr\u00f3 el incre\u00edble antes y despu\u00e9s de su lujosa casa: \u201cHicimos casi todo nosotros\u201d - CLAN ESPECTACULOS<\/title>\n<meta name=\"robots\" content=\"index, follow, max-snippet:-1, max-image-preview:large, max-video-preview:-1\" \/>\n<link rel=\"canonical\" href=\"https:\/\/radioclanfm.com\/clanespectaculos\/noelia-marzol-mostro-el-increible-antes-y-despues-de-su-lujosa-casa-hicimos-casi-todo-nosotros\/\" \/>\n<meta property=\"og:locale\" content=\"es_ES\" \/>\n<meta property=\"og:type\" content=\"article\" \/>\n<meta property=\"og:title\" content=\"Noelia Marzol mostr\u00f3 el incre\u00edble antes y despu\u00e9s de su lujosa casa: \u201cHicimos casi todo nosotros\u201d - CLAN ESPECTACULOS\" \/>\n<meta property=\"og:description\" content=\"La bailarina sorprendi\u00f3 a sus seguidores con las fotos de la nueva decoraci\u00f3n del hogar en el que vive con su pareja y sus dos hijos. Noelia Marzol\u00a0sorprendi\u00f3 a sus seguidores al mostrar el incre\u00edble antes y despu\u00e9s de la casa en la que vive con su marido\u00a0Ramiro Arias\u00a0y sus dos hijos en com\u00fan,\u00a0Alfonsina y [&hellip;]\" \/>\n<meta property=\"og:url\" content=\"https:\/\/radioclanfm.com\/clanespectaculos\/noelia-marzol-mostro-el-increible-antes-y-despues-de-su-lujosa-casa-hicimos-casi-todo-nosotros\/\" \/>\n<meta property=\"og:site_name\" content=\"CLAN ESPECTACULOS\" \/>\n<meta property=\"article:publisher\" content=\"https:\/\/www.facebook.com\/clanespectaculos\/\" \/>\n<meta property=\"article:published_time\" content=\"2026-04-27T12:56:04+00:00\" \/>\n<meta property=\"og:image\" content=\"https:\/\/radioclanfm.com\/clanespectaculos\/wp-content\/uploads\/sites\/2\/2026\/04\/tsoXfaWS.jpg\" \/>\n\t<meta property=\"og:image:width\" content=\"900\" \/>\n\t<meta property=\"og:image:height\" content=\"504\" \/>\n\t<meta property=\"og:image:type\" content=\"image\/jpeg\" \/>\n<meta name=\"author\" content=\"E-GRUPOCLAN\" \/>\n<meta name=\"twitter:card\" content=\"summary_large_image\" \/>\n<meta name=\"twitter:creator\" content=\"@clanespectok\" \/>\n<meta name=\"twitter:site\" content=\"@clanespectok\" \/>\n<meta name=\"twitter:label1\" content=\"Escrito por\" \/>\n\t<meta name=\"twitter:data1\" content=\"E-GRUPOCLAN\" \/>\n\t<meta name=\"twitter:label2\" content=\"Tiempo de lectura\" \/>\n\t<meta name=\"twitter:data2\" content=\"5 minutos\" \/>\n<script type=\"application\/ld+json\" class=\"yoast-schema-graph\">{\"@context\":\"https:\\\/\\\/schema.org\",\"@graph\":[{\"@type\":\"Article\",\"@id\":\"https:\\\/\\\/radioclanfm.com\\\/clanespectaculos\\\/noelia-marzol-mostro-el-increible-antes-y-despues-de-su-lujosa-casa-hicimos-casi-todo-nosotros\\\/#article\",\"isPartOf\":{\"@id\":\"https:\\\/\\\/radioclanfm.com\\\/clanespectaculos\\\/noelia-marzol-mostro-el-increible-antes-y-despues-de-su-lujosa-casa-hicimos-casi-todo-nosotros\\\/\"},\"author\":{\"name\":\"E-GRUPOCLAN\",\"@id\":\"https:\\\/\\\/radioclanfm.com\\\/clanespectaculos\\\/#\\\/schema\\\/person\\\/9734813083303230f3ad84d99171b20c\"},\"headline\":\"Noelia Marzol mostr\u00f3 el incre\u00edble antes y despu\u00e9s de su lujosa casa: \u201cHicimos casi todo nosotros\u201d\",\"datePublished\":\"2026-04-27T12:56:04+00:00\",\"mainEntityOfPage\":{\"@id\":\"https:\\\/\\\/radioclanfm.com\\\/clanespectaculos\\\/noelia-marzol-mostro-el-increible-antes-y-despues-de-su-lujosa-casa-hicimos-casi-todo-nosotros\\\/\"},\"wordCount\":751,\"commentCount\":0,\"publisher\":{\"@id\":\"https:\\\/\\\/radioclanfm.com\\\/clanespectaculos\\\/#organization\"},\"image\":{\"@id\":\"https:\\\/\\\/radioclanfm.com\\\/clanespectaculos\\\/noelia-marzol-mostro-el-increible-antes-y-despues-de-su-lujosa-casa-hicimos-casi-todo-nosotros\\\/#primaryimage\"},\"thumbnailUrl\":\"https:\\\/\\\/radioclanfm.com\\\/clanespectaculos\\\/wp-content\\\/uploads\\\/sites\\\/2\\\/2026\\\/04\\\/tsoXfaWS.jpg\",\"articleSection\":[\"Espectaculos\"],\"inLanguage\":\"es-AR\",\"potentialAction\":[{\"@type\":\"CommentAction\",\"name\":\"Comment\",\"target\":[\"https:\\\/\\\/radioclanfm.com\\\/clanespectaculos\\\/noelia-marzol-mostro-el-increible-antes-y-despues-de-su-lujosa-casa-hicimos-casi-todo-nosotros\\\/#respond\"]}]},{\"@type\":\"WebPage\",\"@id\":\"https:\\\/\\\/radioclanfm.com\\\/clanespectaculos\\\/noelia-marzol-mostro-el-increible-antes-y-despues-de-su-lujosa-casa-hicimos-casi-todo-nosotros\\\/\",\"url\":\"https:\\\/\\\/radioclanfm.com\\\/clanespectaculos\\\/noelia-marzol-mostro-el-increible-antes-y-despues-de-su-lujosa-casa-hicimos-casi-todo-nosotros\\\/\",\"name\":\"Noelia Marzol mostr\u00f3 el incre\u00edble antes y despu\u00e9s de su lujosa casa: \u201cHicimos casi todo nosotros\u201d - CLAN ESPECTACULOS\",\"isPartOf\":{\"@id\":\"https:\\\/\\\/radioclanfm.com\\\/clanespectaculos\\\/#website\"},\"primaryImageOfPage\":{\"@id\":\"https:\\\/\\\/radioclanfm.com\\\/clanespectaculos\\\/noelia-marzol-mostro-el-increible-antes-y-despues-de-su-lujosa-casa-hicimos-casi-todo-nosotros\\\/#primaryimage\"},\"image\":{\"@id\":\"https:\\\/\\\/radioclanfm.com\\\/clanespectaculos\\\/noelia-marzol-mostro-el-increible-antes-y-despues-de-su-lujosa-casa-hicimos-casi-todo-nosotros\\\/#primaryimage\"},\"thumbnailUrl\":\"https:\\\/\\\/radioclanfm.com\\\/clanespectaculos\\\/wp-content\\\/uploads\\\/sites\\\/2\\\/2026\\\/04\\\/tsoXfaWS.jpg\",\"datePublished\":\"2026-04-27T12:56:04+00:00\",\"breadcrumb\":{\"@id\":\"https:\\\/\\\/radioclanfm.com\\\/clanespectaculos\\\/noelia-marzol-mostro-el-increible-antes-y-despues-de-su-lujosa-casa-hicimos-casi-todo-nosotros\\\/#breadcrumb\"},\"inLanguage\":\"es-AR\",\"potentialAction\":[{\"@type\":\"ReadAction\",\"target\":[\"https:\\\/\\\/radioclanfm.com\\\/clanespectaculos\\\/noelia-marzol-mostro-el-increible-antes-y-despues-de-su-lujosa-casa-hicimos-casi-todo-nosotros\\\/\"]}]},{\"@type\":\"ImageObject\",\"inLanguage\":\"es-AR\",\"@id\":\"https:\\\/\\\/radioclanfm.com\\\/clanespectaculos\\\/noelia-marzol-mostro-el-increible-antes-y-despues-de-su-lujosa-casa-hicimos-casi-todo-nosotros\\\/#primaryimage\",\"url\":\"https:\\\/\\\/radioclanfm.com\\\/clanespectaculos\\\/wp-content\\\/uploads\\\/sites\\\/2\\\/2026\\\/04\\\/tsoXfaWS.jpg\",\"contentUrl\":\"https:\\\/\\\/radioclanfm.com\\\/clanespectaculos\\\/wp-content\\\/uploads\\\/sites\\\/2\\\/2026\\\/04\\\/tsoXfaWS.jpg\",\"width\":900,\"height\":504},{\"@type\":\"BreadcrumbList\",\"@id\":\"https:\\\/\\\/radioclanfm.com\\\/clanespectaculos\\\/noelia-marzol-mostro-el-increible-antes-y-despues-de-su-lujosa-casa-hicimos-casi-todo-nosotros\\\/#breadcrumb\",\"itemListElement\":[{\"@type\":\"ListItem\",\"position\":1,\"name\":\"Inicio\",\"item\":\"https:\\\/\\\/radioclanfm.com\\\/clanespectaculos\\\/\"},{\"@type\":\"ListItem\",\"position\":2,\"name\":\"Noelia Marzol mostr\u00f3 el incre\u00edble antes y despu\u00e9s de su lujosa casa: \u201cHicimos casi todo nosotros\u201d\"}]},{\"@type\":\"WebSite\",\"@id\":\"https:\\\/\\\/radioclanfm.com\\\/clanespectaculos\\\/#website\",\"url\":\"https:\\\/\\\/radioclanfm.com\\\/clanespectaculos\\\/\",\"name\":\"CLAN ESPECTACULOS\",\"description\":\"\",\"publisher\":{\"@id\":\"https:\\\/\\\/radioclanfm.com\\\/clanespectaculos\\\/#organization\"},\"potentialAction\":[{\"@type\":\"SearchAction\",\"target\":{\"@type\":\"EntryPoint\",\"urlTemplate\":\"https:\\\/\\\/radioclanfm.com\\\/clanespectaculos\\\/?s={search_term_string}\"},\"query-input\":{\"@type\":\"PropertyValueSpecification\",\"valueRequired\":true,\"valueName\":\"search_term_string\"}}],\"inLanguage\":\"es-AR\"},{\"@type\":\"Organization\",\"@id\":\"https:\\\/\\\/radioclanfm.com\\\/clanespectaculos\\\/#organization\",\"name\":\"CLAN ESPECTACULOS\",\"url\":\"https:\\\/\\\/radioclanfm.com\\\/clanespectaculos\\\/\",\"logo\":{\"@type\":\"ImageObject\",\"inLanguage\":\"es-AR\",\"@id\":\"https:\\\/\\\/radioclanfm.com\\\/clanespectaculos\\\/#\\\/schema\\\/logo\\\/image\\\/\",\"url\":\"https:\\\/\\\/radioclanfm.com\\\/clanespectaculos\\\/wp-content\\\/uploads\\\/sites\\\/2\\\/2026\\\/04\\\/ChatGPT-Image-23-mar-2026-10_09_00.png\",\"contentUrl\":\"https:\\\/\\\/radioclanfm.com\\\/clanespectaculos\\\/wp-content\\\/uploads\\\/sites\\\/2\\\/2026\\\/04\\\/ChatGPT-Image-23-mar-2026-10_09_00.png\",\"width\":1024,\"height\":1024,\"caption\":\"CLAN ESPECTACULOS\"},\"image\":{\"@id\":\"https:\\\/\\\/radioclanfm.com\\\/clanespectaculos\\\/#\\\/schema\\\/logo\\\/image\\\/\"},\"sameAs\":[\"https:\\\/\\\/www.facebook.com\\\/clanespectaculos\\\/\",\"https:\\\/\\\/x.com\\\/clanespectok\"]},{\"@type\":\"Person\",\"@id\":\"https:\\\/\\\/radioclanfm.com\\\/clanespectaculos\\\/#\\\/schema\\\/person\\\/9734813083303230f3ad84d99171b20c\",\"name\":\"E-GRUPOCLAN\",\"image\":{\"@type\":\"ImageObject\",\"inLanguage\":\"es-AR\",\"@id\":\"https:\\\/\\\/secure.gravatar.com\\\/avatar\\\/af6e19837c3d6a212034a48c7b3818d2ac1826f6025df0155da5a186ad321d79?s=96&d=mm&r=g\",\"url\":\"https:\\\/\\\/secure.gravatar.com\\\/avatar\\\/af6e19837c3d6a212034a48c7b3818d2ac1826f6025df0155da5a186ad321d79?s=96&d=mm&r=g\",\"contentUrl\":\"https:\\\/\\\/secure.gravatar.com\\\/avatar\\\/af6e19837c3d6a212034a48c7b3818d2ac1826f6025df0155da5a186ad321d79?s=96&d=mm&r=g\",\"caption\":\"E-GRUPOCLAN\"},\"sameAs\":[\"https:\\\/\\\/radioclanfm.com\"],\"url\":\"https:\\\/\\\/radioclanfm.com\\\/clanespectaculos\\\/author\\\/admin\\\/\"}]}<\/script>\n<!-- \/ Yoast SEO plugin. -->","yoast_head_json":{"title":"Noelia Marzol mostr\u00f3 el incre\u00edble antes y despu\u00e9s de su lujosa casa: \u201cHicimos casi todo nosotros\u201d - CLAN ESPECTACULOS","robots":{"index":"index","follow":"follow","max-snippet":"max-snippet:-1","max-image-preview":"max-image-preview:large","max-video-preview":"max-video-preview:-1"},"canonical":"https:\/\/radioclanfm.com\/clanespectaculos\/noelia-marzol-mostro-el-increible-antes-y-despues-de-su-lujosa-casa-hicimos-casi-todo-nosotros\/","og_locale":"es_ES","og_type":"article","og_title":"Noelia Marzol mostr\u00f3 el incre\u00edble antes y despu\u00e9s de su lujosa casa: \u201cHicimos casi todo nosotros\u201d - CLAN ESPECTACULOS","og_description":"La bailarina sorprendi\u00f3 a sus seguidores con las fotos de la nueva decoraci\u00f3n del hogar en el que vive con su pareja y sus dos hijos. Noelia Marzol\u00a0sorprendi\u00f3 a sus seguidores al mostrar el incre\u00edble antes y despu\u00e9s de la casa en la que vive con su marido\u00a0Ramiro Arias\u00a0y sus dos hijos en com\u00fan,\u00a0Alfonsina y [&hellip;]","og_url":"https:\/\/radioclanfm.com\/clanespectaculos\/noelia-marzol-mostro-el-increible-antes-y-despues-de-su-lujosa-casa-hicimos-casi-todo-nosotros\/","og_site_name":"CLAN ESPECTACULOS","article_publisher":"https:\/\/www.facebook.com\/clanespectaculos\/","article_published_time":"2026-04-27T12:56:04+00:00","og_image":[{"width":900,"height":504,"url":"https:\/\/radioclanfm.com\/clanespectaculos\/wp-content\/uploads\/sites\/2\/2026\/04\/tsoXfaWS.jpg","type":"image\/jpeg"}],"author":"E-GRUPOCLAN","twitter_card":"summary_large_image","twitter_creator":"@clanespectok","twitter_site":"@clanespectok","twitter_misc":{"Escrito por":"E-GRUPOCLAN","Tiempo de lectura":"5 minutos"},"schema":{"@context":"https:\/\/schema.org","@graph":[{"@type":"Article","@id":"https:\/\/radioclanfm.com\/clanespectaculos\/noelia-marzol-mostro-el-increible-antes-y-despues-de-su-lujosa-casa-hicimos-casi-todo-nosotros\/#article","isPartOf":{"@id":"https:\/\/radioclanfm.com\/clanespectaculos\/noelia-marzol-mostro-el-increible-antes-y-despues-de-su-lujosa-casa-hicimos-casi-todo-nosotros\/"},"author":{"name":"E-GRUPOCLAN","@id":"https:\/\/radioclanfm.com\/clanespectaculos\/#\/schema\/person\/9734813083303230f3ad84d99171b20c"},"headline":"Noelia Marzol mostr\u00f3 el incre\u00edble antes y despu\u00e9s de su lujosa casa: \u201cHicimos casi todo nosotros\u201d","datePublished":"2026-04-27T12:56:04+00:00","mainEntityOfPage":{"@id":"https:\/\/radioclanfm.com\/clanespectaculos\/noelia-marzol-mostro-el-increible-antes-y-despues-de-su-lujosa-casa-hicimos-casi-todo-nosotros\/"},"wordCount":751,"commentCount":0,"publisher":{"@id":"https:\/\/radioclanfm.com\/clanespectaculos\/#organization"},"image":{"@id":"https:\/\/radioclanfm.com\/clanespectaculos\/noelia-marzol-mostro-el-increible-antes-y-despues-de-su-lujosa-casa-hicimos-casi-todo-nosotros\/#primaryimage"},"thumbnailUrl":"https:\/\/radioclanfm.com\/clanespectaculos\/wp-content\/uploads\/sites\/2\/2026\/04\/tsoXfaWS.jpg","articleSection":["Espectaculos"],"inLanguage":"es-AR","potentialAction":[{"@type":"CommentAction","name":"Comment","target":["https:\/\/radioclanfm.com\/clanespectaculos\/noelia-marzol-mostro-el-increible-antes-y-despues-de-su-lujosa-casa-hicimos-casi-todo-nosotros\/#respond"]}]},{"@type":"WebPage","@id":"https:\/\/radioclanfm.com\/clanespectaculos\/noelia-marzol-mostro-el-increible-antes-y-despues-de-su-lujosa-casa-hicimos-casi-todo-nosotros\/","url":"https:\/\/radioclanfm.com\/clanespectaculos\/noelia-marzol-mostro-el-increible-antes-y-despues-de-su-lujosa-casa-hicimos-casi-todo-nosotros\/","name":"Noelia Marzol mostr\u00f3 el incre\u00edble antes y despu\u00e9s de su lujosa casa: \u201cHicimos casi todo nosotros\u201d - CLAN ESPECTACULOS","isPartOf":{"@id":"https:\/\/radioclanfm.com\/clanespectaculos\/#website"},"primaryImageOfPage":{"@id":"https:\/\/radioclanfm.com\/clanespectaculos\/noelia-marzol-mostro-el-increible-antes-y-despues-de-su-lujosa-casa-hicimos-casi-todo-nosotros\/#primaryimage"},"image":{"@id":"https:\/\/radioclanfm.com\/clanespectaculos\/noelia-marzol-mostro-el-increible-antes-y-despues-de-su-lujosa-casa-hicimos-casi-todo-nosotros\/#primaryimage"},"thumbnailUrl":"https:\/\/radioclanfm.com\/clanespectaculos\/wp-content\/uploads\/sites\/2\/2026\/04\/tsoXfaWS.jpg","datePublished":"2026-04-27T12:56:04+00:00","breadcrumb":{"@id":"https:\/\/radioclanfm.com\/clanespectaculos\/noelia-marzol-mostro-el-increible-antes-y-despues-de-su-lujosa-casa-hicimos-casi-todo-nosotros\/#breadcrumb"},"inLanguage":"es-AR","potentialAction":[{"@type":"ReadAction","target":["https:\/\/radioclanfm.com\/clanespectaculos\/noelia-marzol-mostro-el-increible-antes-y-despues-de-su-lujosa-casa-hicimos-casi-todo-nosotros\/"]}]},{"@type":"ImageObject","inLanguage":"es-AR","@id":"https:\/\/radioclanfm.com\/clanespectaculos\/noelia-marzol-mostro-el-increible-antes-y-despues-de-su-lujosa-casa-hicimos-casi-todo-nosotros\/#primaryimage","url":"https:\/\/radioclanfm.com\/clanespectaculos\/wp-content\/uploads\/sites\/2\/2026\/04\/tsoXfaWS.jpg","contentUrl":"https:\/\/radioclanfm.com\/clanespectaculos\/wp-content\/uploads\/sites\/2\/2026\/04\/tsoXfaWS.jpg","width":900,"height":504},{"@type":"BreadcrumbList","@id":"https:\/\/radioclanfm.com\/clanespectaculos\/noelia-marzol-mostro-el-increible-antes-y-despues-de-su-lujosa-casa-hicimos-casi-todo-nosotros\/#breadcrumb","itemListElement":[{"@type":"ListItem","position":1,"name":"Inicio","item":"https:\/\/radioclanfm.com\/clanespectaculos\/"},{"@type":"ListItem","position":2,"name":"Noelia Marzol mostr\u00f3 el incre\u00edble antes y despu\u00e9s de su lujosa casa: \u201cHicimos casi todo nosotros\u201d"}]},{"@type":"WebSite","@id":"https:\/\/radioclanfm.com\/clanespectaculos\/#website","url":"https:\/\/radioclanfm.com\/clanespectaculos\/","name":"CLAN ESPECTACULOS","description":"","publisher":{"@id":"https:\/\/radioclanfm.com\/clanespectaculos\/#organization"},"potentialAction":[{"@type":"SearchAction","target":{"@type":"EntryPoint","urlTemplate":"https:\/\/radioclanfm.com\/clanespectaculos\/?s={search_term_string}"},"query-input":{"@type":"PropertyValueSpecification","valueRequired":true,"valueName":"search_term_string"}}],"inLanguage":"es-AR"},{"@type":"Organization","@id":"https:\/\/radioclanfm.com\/clanespectaculos\/#organization","name":"CLAN ESPECTACULOS","url":"https:\/\/radioclanfm.com\/clanespectaculos\/","logo":{"@type":"ImageObject","inLanguage":"es-AR","@id":"https:\/\/radioclanfm.com\/clanespectaculos\/#\/schema\/logo\/image\/","url":"https:\/\/radioclanfm.com\/clanespectaculos\/wp-content\/uploads\/sites\/2\/2026\/04\/ChatGPT-Image-23-mar-2026-10_09_00.png","contentUrl":"https:\/\/radioclanfm.com\/clanespectaculos\/wp-content\/uploads\/sites\/2\/2026\/04\/ChatGPT-Image-23-mar-2026-10_09_00.png","width":1024,"height":1024,"caption":"CLAN ESPECTACULOS"},"image":{"@id":"https:\/\/radioclanfm.com\/clanespectaculos\/#\/schema\/logo\/image\/"},"sameAs":["https:\/\/www.facebook.com\/clanespectaculos\/","https:\/\/x.com\/clanespectok"]},{"@type":"Person","@id":"https:\/\/radioclanfm.com\/clanespectaculos\/#\/schema\/person\/9734813083303230f3ad84d99171b20c","name":"E-GRUPOCLAN","image":{"@type":"ImageObject","inLanguage":"es-AR","@id":"https:\/\/secure.gravatar.com\/avatar\/af6e19837c3d6a212034a48c7b3818d2ac1826f6025df0155da5a186ad321d79?s=96&d=mm&r=g","url":"https:\/\/secure.gravatar.com\/avatar\/af6e19837c3d6a212034a48c7b3818d2ac1826f6025df0155da5a186ad321d79?s=96&d=mm&r=g","contentUrl":"https:\/\/secure.gravatar.com\/avatar\/af6e19837c3d6a212034a48c7b3818d2ac1826f6025df0155da5a186ad321d79?s=96&d=mm&r=g","caption":"E-GRUPOCLAN"},"sameAs":["https:\/\/radioclanfm.com"],"url":"https:\/\/radioclanfm.com\/clanespectaculos\/author\/admin\/"}]}},"_links":{"self":[{"href":"https:\/\/radioclanfm.com\/clanespectaculos\/wp-json\/wp\/v2\/posts\/15876","targetHints":{"allow":["GET"]}}],"collection":[{"href":"https:\/\/radioclanfm.com\/clanespectaculos\/wp-json\/wp\/v2\/posts"}],"about":[{"href":"https:\/\/radioclanfm.com\/clanespectaculos\/wp-json\/wp\/v2\/types\/post"}],"author":[{"embeddable":true,"href":"https:\/\/radioclanfm.com\/clanespectaculos\/wp-json\/wp\/v2\/users\/1"}],"replies":[{"embeddable":true,"href":"https:\/\/radioclanfm.com\/clanespectaculos\/wp-json\/wp\/v2\/comments?post=15876"}],"version-history":[{"count":1,"href":"https:\/\/radioclanfm.com\/clanespectaculos\/wp-json\/wp\/v2\/posts\/15876\/revisions"}],"predecessor-version":[{"id":15878,"href":"https:\/\/radioclanfm.com\/clanespectaculos\/wp-json\/wp\/v2\/posts\/15876\/revisions\/15878"}],"wp:featuredmedia":[{"embeddable":true,"href":"https:\/\/radioclanfm.com\/clanespectaculos\/wp-json\/wp\/v2\/media\/15877"}],"wp:attachment":[{"href":"https:\/\/radioclanfm.com\/clanespectaculos\/wp-json\/wp\/v2\/media?parent=15876"}],"wp:term":[{"taxonomy":"category","embeddable":true,"href":"https:\/\/radioclanfm.com\/clanespectaculos\/wp-json\/wp\/v2\/categories?post=15876"},{"taxonomy":"post_tag","embeddable":true,"href":"https:\/\/radioclanfm.com\/clanespectaculos\/wp-json\/wp\/v2\/tags?post=15876"}],"curies":[{"name":"wp","href":"https:\/\/api.w.org\/{rel}","templated":true}]}}