{"id":15870,"date":"2026-04-27T09:52:37","date_gmt":"2026-04-27T12:52:37","guid":{"rendered":"https:\/\/radioclanfm.com\/clanespectaculos\/?p=15870"},"modified":"2026-04-27T09:52:37","modified_gmt":"2026-04-27T12:52:37","slug":"juana-viale-sorprendio-con-una-revelacion-sobre-su-noviazgo-le-dije-que-queria-rever-lo-que-hablamos","status":"publish","type":"post","link":"https:\/\/radioclanfm.com\/clanespectaculos\/juana-viale-sorprendio-con-una-revelacion-sobre-su-noviazgo-le-dije-que-queria-rever-lo-que-hablamos\/","title":{"rendered":"Juana Viale sorprendi\u00f3 con una revelaci\u00f3n sobre su noviazgo: \u201cLe dije que quer\u00eda rever lo que hablamos\u201d"},"content":{"rendered":"<p>La conductora lleva m\u00e1s de dos a\u00f1os en pareja con Yago Lange.<\/p>\n<div class=\"col-content\"><main class=\"col-content\"><\/p>\n<div class=\"default-article-color article__body article__article\">\n<p class=\"paragraph font__body-regular\"><b>Juana Viale<\/b>\u00a0sorprendi\u00f3 con una revelaci\u00f3n sobre su noviazgo con\u00a0<b>Yago Lange<\/b>. Aunque llevan m\u00e1s de dos a\u00f1os en pareja, optaron por el bajo perfil, pero este domingo la conductora dio detalles sobre el inicio del romance.<\/p>\n<div id=\"ad-slot-infeed\" class=\"infeed-container\"><\/div>\n<p class=\"paragraph font__body-regular\">Invitado a\u00a0<i>Almorzando con Juana\u00a0<\/i>(<i>eltrece<\/i>),\u00a0<b>Jos\u00e9 Chatruc<\/b>\u00a0respondi\u00f3 a las preguntas sobre su affaire con\u00a0<b>Sabrina Rojas<\/b>. Sin embargo, puso a la conductora entre las espada y la pared al hacer sus propias consultas&#8230;<\/p>\n<p class=\"paragraph font__body-regular\">\u201c\u00bfEs un v\u00ednculo sin r\u00f3tulos?\u201c, indag\u00f3 la conductora. A lo que el invitado respondi\u00f3: \u201dEn cualquier momento&#8230; Lo que pasa es que no quiero decir porque por ah\u00ed me dice&#8230; Es un drama. Pero venimos bien, venimos muy bien\u201c.<\/p>\n<figure class=\"\" data-testid=\"figure-testid\">\n<div class=\"aspect_ratio__container\"><picture class=\"responsive-image\"><source srcset=\"https:\/\/tn.com.ar\/resizer\/v2\/juana-viale-sorprendio-con-una-revelacion-sobre-su-noviazgo-foto-captura-eltrece-WGYUZQUPFZEJHIZP3QVSQWOTGI.png?auth=30981109361203f48fe79ef7aac6e94244a6fb9256bb26b5cf8d9ccb6ad39b86&amp;width=767\" type=\"image\/jpg\" media=\"(max-width: 728px)\" \/><source srcset=\"https:\/\/tn.com.ar\/resizer\/v2\/juana-viale-sorprendio-con-una-revelacion-sobre-su-noviazgo-foto-captura-eltrece-WGYUZQUPFZEJHIZP3QVSQWOTGI.png?auth=30981109361203f48fe79ef7aac6e94244a6fb9256bb26b5cf8d9ccb6ad39b86&amp;width=1023\" type=\"image\/jpg\" media=\"(max-width: 1023px)\" \/><source srcset=\"https:\/\/tn.com.ar\/resizer\/v2\/juana-viale-sorprendio-con-una-revelacion-sobre-su-noviazgo-foto-captura-eltrece-WGYUZQUPFZEJHIZP3QVSQWOTGI.png?auth=30981109361203f48fe79ef7aac6e94244a6fb9256bb26b5cf8d9ccb6ad39b86&amp;width=1440\" type=\"image\/jpg\" \/><img loading=\"lazy\" decoding=\"async\" class=\"image content-image image_placeholder\" src=\"https:\/\/tn.com.ar\/resizer\/v2\/juana-viale-sorprendio-con-una-revelacion-sobre-su-noviazgo-foto-captura-eltrece-WGYUZQUPFZEJHIZP3QVSQWOTGI.png?auth=30981109361203f48fe79ef7aac6e94244a6fb9256bb26b5cf8d9ccb6ad39b86&amp;width=767\" alt=\"Juana Viale sorprendi\u00f3 con una revelaci\u00f3n sobre su noviazgo (Foto: Captura eltrece)\" width=\"767\" height=\"431\" data-testid=\"loading-testid\" \/><\/picture><\/div><figcaption class=\"caption_image\" data-testid=\"figcaption-testid\">\n<div class=\"image_caption \">Juana Viale sorprendi\u00f3 con una revelaci\u00f3n sobre su noviazgo (Foto: Captura eltrece)<\/div>\n<\/figcaption><\/figure>\n<p class=\"paragraph font__body-regular\">Esto llev\u00f3 a que la conductora preguntara por la exclusividad, y todos en la mesa se unieron al debate. \u201cMe parece que cuando uno ya dice \u2018nos estamos conociendo\u2019 es como que ya pasaste la etapa en la que pod\u00e9s estar&#8230; Ah\u00ed ya blanqueaste algo\u201d, explic\u00f3 Nazareno Casero.<\/p>\n<p class=\"paragraph font__body-regular\">Con picard\u00eda, Chatruc fue a fondo con la conductora: \u201cUsted, Juana est\u00e1 en pareja. \u00bfEl se\u00f1or le propuso? \u00bfSe dice ahora vamos a ser novios? \u00bfC\u00f3mo se dio?\u201d.<b>\u00a0\u201cS\u00ed, me dijo\u201d<\/b>, respondio, aunque no quiso hablar de aniversarios:<b>\u00a0\u201cUn d\u00eda&#8230; No, no me acuerdo. Yo soy muy mala con los n\u00fameros y las fechas\u201d.<\/b><\/p>\n<p class=\"paragraph font__body-regular\"><b>\u201cMe acuerdo que al otro d\u00eda le dije que quer\u00eda rever lo que hab\u00edamos hablado\u201d,<\/b>\u00a0record\u00f3 divertida. Y concluy\u00f3:<b>\u00a0\u201cPero, bueno, despu\u00e9s nos pusimos de novios\u201d.<\/b><\/p>\n<h2 class=\"font--primary font__display\">Juana Viale habl\u00f3 de la salud de Mirtha Legrand y sorprendi\u00f3 al revelar c\u00f3mo lleva el reposo<\/h2>\n<p class=\"paragraph font__body-regular\"><b>Juana Viale\u00a0<\/b>volvi\u00f3 a ponerse al frente de\u00a0<i>La noche de Mirtha (eltrece)<\/i>\u00a0y<b>\u00a0llev\u00f3 tranquilidad sobre el estado de salud de su abuela<\/b>. En el inicio del programa, explic\u00f3 los motivos de la ausencia de la conductora y asegur\u00f3 que no se trata de una situaci\u00f3n de gravedad.<\/p>\n<p class=\"paragraph font__body-regular\">\u201cEs el segundo programa consecutivo en el que estoy ac\u00e1.<b>\u00a0<\/b><b>Nada grave, nada para alarmar,<\/b>\u00a0<b>solo que se estir\u00f3 un poco la gripe y catarro que tiene<\/b>. Estuve tomando un t\u00e9 con ella y est\u00e1 perfecta\u201d, cont\u00f3, buscando despejar cualquier preocupaci\u00f3n entre los televidentes.<\/p>\n<figure class=\"\" data-testid=\"figure-testid\">\n<div class=\"aspect_ratio__container\"><picture class=\"responsive-image\"><source srcset=\"https:\/\/tn.com.ar\/resizer\/v2\/juana-viale-llevo-tranquilidad-sobre-la-salud-de-mirtha-legrand-foto-captura-eltrece-BHHUXK42HVEVHMCJD7ZZ67TQOE.JPG?auth=00461f92abe3d5bf5caf11b48710805410336579c3feb18c18ff8fbd3cb989bf&amp;width=767\" type=\"image\/jpg\" media=\"(max-width: 728px)\" \/><source srcset=\"https:\/\/tn.com.ar\/resizer\/v2\/juana-viale-llevo-tranquilidad-sobre-la-salud-de-mirtha-legrand-foto-captura-eltrece-BHHUXK42HVEVHMCJD7ZZ67TQOE.JPG?auth=00461f92abe3d5bf5caf11b48710805410336579c3feb18c18ff8fbd3cb989bf&amp;width=1023\" type=\"image\/jpg\" media=\"(max-width: 1023px)\" \/><source srcset=\"https:\/\/tn.com.ar\/resizer\/v2\/juana-viale-llevo-tranquilidad-sobre-la-salud-de-mirtha-legrand-foto-captura-eltrece-BHHUXK42HVEVHMCJD7ZZ67TQOE.JPG?auth=00461f92abe3d5bf5caf11b48710805410336579c3feb18c18ff8fbd3cb989bf&amp;width=1440\" type=\"image\/jpg\" \/><img loading=\"lazy\" decoding=\"async\" class=\"image content-image image_placeholder\" src=\"https:\/\/tn.com.ar\/resizer\/v2\/juana-viale-llevo-tranquilidad-sobre-la-salud-de-mirtha-legrand-foto-captura-eltrece-BHHUXK42HVEVHMCJD7ZZ67TQOE.JPG?auth=00461f92abe3d5bf5caf11b48710805410336579c3feb18c18ff8fbd3cb989bf&amp;width=767\" alt=\"Juana Viale llev\u00f3 tranquilidad sobre la salud de Mirtha Legrand. (Foto: Captura eltrece)\" width=\"767\" height=\"414\" data-testid=\"loading-testid\" \/><\/picture><\/div><figcaption class=\"caption_image\" data-testid=\"figcaption-testid\">\n<div class=\"image_caption \">Juana Viale llev\u00f3 tranquilidad sobre la salud de Mirtha Legrand. (Foto: Captura eltrece)<\/div>\n<\/figcaption><\/figure>\n<p class=\"paragraph font__body-regular\">Adem\u00e1s, Juana sorprendi\u00f3 al revelar c\u00f3mo encontr\u00f3 a la diva en su casa durante su visita.\u00a0<b>\u201cFui a tomar el t\u00e9 y estaba vestida muy coqueta, con un pa\u00f1uelo de una marca francesa y unos zapatitos Ferragamo para caminar, \u00a1cero pantuflas! Otro nivel\u201d<\/b>, relat\u00f3, destacando el estilo inconfundible de la conductora.<\/p>\n<p class=\"paragraph font__body-regular\">La an\u00e9cdota gener\u00f3 la reacci\u00f3n inmediata de los invitados en la mesa, quienes no ocultaron su sorpresa.\u00a0<b>\u201cUno no se pone eso ni para salir\u201d<\/b>, comentaron, entre risas, al escuchar c\u00f3mo Mirtha mantiene su elegancia incluso en reposo.<\/p>\n<\/div>\n<p><\/main><\/div>\n<aside class=\"col-right-rail right-rail\">\n<div id=\"parent-ad-slot-caja\" class=\"ad-container caja_ad \">\n<div class=\"ad-content\"><\/div>\n<\/div>\n<\/aside>\n","protected":false},"excerpt":{"rendered":"<p>La conductora lleva m\u00e1s de dos a\u00f1os en pareja con Yago Lange. Juana Viale\u00a0sorprendi\u00f3 con una revelaci\u00f3n sobre su noviazgo con\u00a0Yago Lange. Aunque llevan m\u00e1s de dos a\u00f1os en pareja, optaron por el bajo perfil, pero este domingo la conductora dio detalles sobre el inicio del romance. Invitado a\u00a0Almorzando con Juana\u00a0(eltrece),\u00a0Jos\u00e9 Chatruc\u00a0respondi\u00f3 a las preguntas [&hellip;]<\/p>\n","protected":false},"author":1,"featured_media":15871,"comment_status":"open","ping_status":"open","sticky":false,"template":"","format":"standard","meta":{"rop_custom_images_group":[],"rop_custom_messages_group":[],"rop_publish_now":"initial","rop_publish_now_accounts":[],"rop_publish_now_history":[],"rop_publish_now_status":"pending","footnotes":"","jetpack_publicize_message":"","jetpack_publicize_feature_enabled":true,"jetpack_social_post_already_shared":true,"jetpack_social_options":{"image_generator_settings":{"template":"highway","enabled":false},"version":2}},"categories":[12],"tags":[],"class_list":{"0":"post-15870","1":"post","2":"type-post","3":"status-publish","4":"format-standard","5":"has-post-thumbnail","7":"category-espectaculos"},"jetpack_publicize_connections":[],"yoast_head":"<!-- This site is optimized with the Yoast SEO plugin v27.3 - https:\/\/yoast.com\/product\/yoast-seo-wordpress\/ -->\n<title>Juana Viale sorprendi\u00f3 con una revelaci\u00f3n sobre su noviazgo: \u201cLe dije que quer\u00eda rever lo que hablamos\u201d - CLAN ESPECTACULOS<\/title>\n<meta name=\"robots\" content=\"index, follow, max-snippet:-1, max-image-preview:large, max-video-preview:-1\" \/>\n<link rel=\"canonical\" href=\"https:\/\/radioclanfm.com\/clanespectaculos\/juana-viale-sorprendio-con-una-revelacion-sobre-su-noviazgo-le-dije-que-queria-rever-lo-que-hablamos\/\" \/>\n<meta property=\"og:locale\" content=\"es_ES\" \/>\n<meta property=\"og:type\" content=\"article\" \/>\n<meta property=\"og:title\" content=\"Juana Viale sorprendi\u00f3 con una revelaci\u00f3n sobre su noviazgo: \u201cLe dije que quer\u00eda rever lo que hablamos\u201d - CLAN ESPECTACULOS\" \/>\n<meta property=\"og:description\" content=\"La conductora lleva m\u00e1s de dos a\u00f1os en pareja con Yago Lange. Juana Viale\u00a0sorprendi\u00f3 con una revelaci\u00f3n sobre su noviazgo con\u00a0Yago Lange. Aunque llevan m\u00e1s de dos a\u00f1os en pareja, optaron por el bajo perfil, pero este domingo la conductora dio detalles sobre el inicio del romance. Invitado a\u00a0Almorzando con Juana\u00a0(eltrece),\u00a0Jos\u00e9 Chatruc\u00a0respondi\u00f3 a las preguntas [&hellip;]\" \/>\n<meta property=\"og:url\" content=\"https:\/\/radioclanfm.com\/clanespectaculos\/juana-viale-sorprendio-con-una-revelacion-sobre-su-noviazgo-le-dije-que-queria-rever-lo-que-hablamos\/\" \/>\n<meta property=\"og:site_name\" content=\"CLAN ESPECTACULOS\" \/>\n<meta property=\"article:publisher\" content=\"https:\/\/www.facebook.com\/clanespectaculos\/\" \/>\n<meta property=\"article:published_time\" content=\"2026-04-27T12:52:37+00:00\" \/>\n<meta property=\"og:image\" content=\"https:\/\/radioclanfm.com\/clanespectaculos\/wp-content\/uploads\/sites\/2\/2026\/04\/3J4b9XIJ.jpg\" \/>\n\t<meta property=\"og:image:width\" content=\"900\" \/>\n\t<meta property=\"og:image:height\" content=\"505\" \/>\n\t<meta property=\"og:image:type\" content=\"image\/jpeg\" \/>\n<meta name=\"author\" content=\"E-GRUPOCLAN\" \/>\n<meta name=\"twitter:card\" content=\"summary_large_image\" \/>\n<meta name=\"twitter:creator\" content=\"@clanespectok\" \/>\n<meta name=\"twitter:site\" content=\"@clanespectok\" \/>\n<meta name=\"twitter:label1\" content=\"Escrito por\" \/>\n\t<meta name=\"twitter:data1\" content=\"E-GRUPOCLAN\" \/>\n\t<meta name=\"twitter:label2\" content=\"Tiempo de lectura\" \/>\n\t<meta name=\"twitter:data2\" content=\"3 minutos\" \/>\n<script type=\"application\/ld+json\" class=\"yoast-schema-graph\">{\"@context\":\"https:\\\/\\\/schema.org\",\"@graph\":[{\"@type\":\"Article\",\"@id\":\"https:\\\/\\\/radioclanfm.com\\\/clanespectaculos\\\/juana-viale-sorprendio-con-una-revelacion-sobre-su-noviazgo-le-dije-que-queria-rever-lo-que-hablamos\\\/#article\",\"isPartOf\":{\"@id\":\"https:\\\/\\\/radioclanfm.com\\\/clanespectaculos\\\/juana-viale-sorprendio-con-una-revelacion-sobre-su-noviazgo-le-dije-que-queria-rever-lo-que-hablamos\\\/\"},\"author\":{\"name\":\"E-GRUPOCLAN\",\"@id\":\"https:\\\/\\\/radioclanfm.com\\\/clanespectaculos\\\/#\\\/schema\\\/person\\\/9734813083303230f3ad84d99171b20c\"},\"headline\":\"Juana Viale sorprendi\u00f3 con una revelaci\u00f3n sobre su noviazgo: \u201cLe dije que quer\u00eda rever lo que hablamos\u201d\",\"datePublished\":\"2026-04-27T12:52:37+00:00\",\"mainEntityOfPage\":{\"@id\":\"https:\\\/\\\/radioclanfm.com\\\/clanespectaculos\\\/juana-viale-sorprendio-con-una-revelacion-sobre-su-noviazgo-le-dije-que-queria-rever-lo-que-hablamos\\\/\"},\"wordCount\":521,\"commentCount\":0,\"publisher\":{\"@id\":\"https:\\\/\\\/radioclanfm.com\\\/clanespectaculos\\\/#organization\"},\"image\":{\"@id\":\"https:\\\/\\\/radioclanfm.com\\\/clanespectaculos\\\/juana-viale-sorprendio-con-una-revelacion-sobre-su-noviazgo-le-dije-que-queria-rever-lo-que-hablamos\\\/#primaryimage\"},\"thumbnailUrl\":\"https:\\\/\\\/radioclanfm.com\\\/clanespectaculos\\\/wp-content\\\/uploads\\\/sites\\\/2\\\/2026\\\/04\\\/3J4b9XIJ.jpg\",\"articleSection\":[\"Espectaculos\"],\"inLanguage\":\"es-AR\",\"potentialAction\":[{\"@type\":\"CommentAction\",\"name\":\"Comment\",\"target\":[\"https:\\\/\\\/radioclanfm.com\\\/clanespectaculos\\\/juana-viale-sorprendio-con-una-revelacion-sobre-su-noviazgo-le-dije-que-queria-rever-lo-que-hablamos\\\/#respond\"]}]},{\"@type\":\"WebPage\",\"@id\":\"https:\\\/\\\/radioclanfm.com\\\/clanespectaculos\\\/juana-viale-sorprendio-con-una-revelacion-sobre-su-noviazgo-le-dije-que-queria-rever-lo-que-hablamos\\\/\",\"url\":\"https:\\\/\\\/radioclanfm.com\\\/clanespectaculos\\\/juana-viale-sorprendio-con-una-revelacion-sobre-su-noviazgo-le-dije-que-queria-rever-lo-que-hablamos\\\/\",\"name\":\"Juana Viale sorprendi\u00f3 con una revelaci\u00f3n sobre su noviazgo: \u201cLe dije que quer\u00eda rever lo que hablamos\u201d - CLAN ESPECTACULOS\",\"isPartOf\":{\"@id\":\"https:\\\/\\\/radioclanfm.com\\\/clanespectaculos\\\/#website\"},\"primaryImageOfPage\":{\"@id\":\"https:\\\/\\\/radioclanfm.com\\\/clanespectaculos\\\/juana-viale-sorprendio-con-una-revelacion-sobre-su-noviazgo-le-dije-que-queria-rever-lo-que-hablamos\\\/#primaryimage\"},\"image\":{\"@id\":\"https:\\\/\\\/radioclanfm.com\\\/clanespectaculos\\\/juana-viale-sorprendio-con-una-revelacion-sobre-su-noviazgo-le-dije-que-queria-rever-lo-que-hablamos\\\/#primaryimage\"},\"thumbnailUrl\":\"https:\\\/\\\/radioclanfm.com\\\/clanespectaculos\\\/wp-content\\\/uploads\\\/sites\\\/2\\\/2026\\\/04\\\/3J4b9XIJ.jpg\",\"datePublished\":\"2026-04-27T12:52:37+00:00\",\"breadcrumb\":{\"@id\":\"https:\\\/\\\/radioclanfm.com\\\/clanespectaculos\\\/juana-viale-sorprendio-con-una-revelacion-sobre-su-noviazgo-le-dije-que-queria-rever-lo-que-hablamos\\\/#breadcrumb\"},\"inLanguage\":\"es-AR\",\"potentialAction\":[{\"@type\":\"ReadAction\",\"target\":[\"https:\\\/\\\/radioclanfm.com\\\/clanespectaculos\\\/juana-viale-sorprendio-con-una-revelacion-sobre-su-noviazgo-le-dije-que-queria-rever-lo-que-hablamos\\\/\"]}]},{\"@type\":\"ImageObject\",\"inLanguage\":\"es-AR\",\"@id\":\"https:\\\/\\\/radioclanfm.com\\\/clanespectaculos\\\/juana-viale-sorprendio-con-una-revelacion-sobre-su-noviazgo-le-dije-que-queria-rever-lo-que-hablamos\\\/#primaryimage\",\"url\":\"https:\\\/\\\/radioclanfm.com\\\/clanespectaculos\\\/wp-content\\\/uploads\\\/sites\\\/2\\\/2026\\\/04\\\/3J4b9XIJ.jpg\",\"contentUrl\":\"https:\\\/\\\/radioclanfm.com\\\/clanespectaculos\\\/wp-content\\\/uploads\\\/sites\\\/2\\\/2026\\\/04\\\/3J4b9XIJ.jpg\",\"width\":900,\"height\":505},{\"@type\":\"BreadcrumbList\",\"@id\":\"https:\\\/\\\/radioclanfm.com\\\/clanespectaculos\\\/juana-viale-sorprendio-con-una-revelacion-sobre-su-noviazgo-le-dije-que-queria-rever-lo-que-hablamos\\\/#breadcrumb\",\"itemListElement\":[{\"@type\":\"ListItem\",\"position\":1,\"name\":\"Inicio\",\"item\":\"https:\\\/\\\/radioclanfm.com\\\/clanespectaculos\\\/\"},{\"@type\":\"ListItem\",\"position\":2,\"name\":\"Juana Viale sorprendi\u00f3 con una revelaci\u00f3n sobre su noviazgo: \u201cLe dije que quer\u00eda rever lo que hablamos\u201d\"}]},{\"@type\":\"WebSite\",\"@id\":\"https:\\\/\\\/radioclanfm.com\\\/clanespectaculos\\\/#website\",\"url\":\"https:\\\/\\\/radioclanfm.com\\\/clanespectaculos\\\/\",\"name\":\"CLAN ESPECTACULOS\",\"description\":\"\",\"publisher\":{\"@id\":\"https:\\\/\\\/radioclanfm.com\\\/clanespectaculos\\\/#organization\"},\"potentialAction\":[{\"@type\":\"SearchAction\",\"target\":{\"@type\":\"EntryPoint\",\"urlTemplate\":\"https:\\\/\\\/radioclanfm.com\\\/clanespectaculos\\\/?s={search_term_string}\"},\"query-input\":{\"@type\":\"PropertyValueSpecification\",\"valueRequired\":true,\"valueName\":\"search_term_string\"}}],\"inLanguage\":\"es-AR\"},{\"@type\":\"Organization\",\"@id\":\"https:\\\/\\\/radioclanfm.com\\\/clanespectaculos\\\/#organization\",\"name\":\"CLAN ESPECTACULOS\",\"url\":\"https:\\\/\\\/radioclanfm.com\\\/clanespectaculos\\\/\",\"logo\":{\"@type\":\"ImageObject\",\"inLanguage\":\"es-AR\",\"@id\":\"https:\\\/\\\/radioclanfm.com\\\/clanespectaculos\\\/#\\\/schema\\\/logo\\\/image\\\/\",\"url\":\"https:\\\/\\\/radioclanfm.com\\\/clanespectaculos\\\/wp-content\\\/uploads\\\/sites\\\/2\\\/2026\\\/04\\\/ChatGPT-Image-23-mar-2026-10_09_00.png\",\"contentUrl\":\"https:\\\/\\\/radioclanfm.com\\\/clanespectaculos\\\/wp-content\\\/uploads\\\/sites\\\/2\\\/2026\\\/04\\\/ChatGPT-Image-23-mar-2026-10_09_00.png\",\"width\":1024,\"height\":1024,\"caption\":\"CLAN ESPECTACULOS\"},\"image\":{\"@id\":\"https:\\\/\\\/radioclanfm.com\\\/clanespectaculos\\\/#\\\/schema\\\/logo\\\/image\\\/\"},\"sameAs\":[\"https:\\\/\\\/www.facebook.com\\\/clanespectaculos\\\/\",\"https:\\\/\\\/x.com\\\/clanespectok\"]},{\"@type\":\"Person\",\"@id\":\"https:\\\/\\\/radioclanfm.com\\\/clanespectaculos\\\/#\\\/schema\\\/person\\\/9734813083303230f3ad84d99171b20c\",\"name\":\"E-GRUPOCLAN\",\"image\":{\"@type\":\"ImageObject\",\"inLanguage\":\"es-AR\",\"@id\":\"https:\\\/\\\/secure.gravatar.com\\\/avatar\\\/af6e19837c3d6a212034a48c7b3818d2ac1826f6025df0155da5a186ad321d79?s=96&d=mm&r=g\",\"url\":\"https:\\\/\\\/secure.gravatar.com\\\/avatar\\\/af6e19837c3d6a212034a48c7b3818d2ac1826f6025df0155da5a186ad321d79?s=96&d=mm&r=g\",\"contentUrl\":\"https:\\\/\\\/secure.gravatar.com\\\/avatar\\\/af6e19837c3d6a212034a48c7b3818d2ac1826f6025df0155da5a186ad321d79?s=96&d=mm&r=g\",\"caption\":\"E-GRUPOCLAN\"},\"sameAs\":[\"https:\\\/\\\/radioclanfm.com\"],\"url\":\"https:\\\/\\\/radioclanfm.com\\\/clanespectaculos\\\/author\\\/admin\\\/\"}]}<\/script>\n<!-- \/ Yoast SEO plugin. -->","yoast_head_json":{"title":"Juana Viale sorprendi\u00f3 con una revelaci\u00f3n sobre su noviazgo: \u201cLe dije que quer\u00eda rever lo que hablamos\u201d - CLAN ESPECTACULOS","robots":{"index":"index","follow":"follow","max-snippet":"max-snippet:-1","max-image-preview":"max-image-preview:large","max-video-preview":"max-video-preview:-1"},"canonical":"https:\/\/radioclanfm.com\/clanespectaculos\/juana-viale-sorprendio-con-una-revelacion-sobre-su-noviazgo-le-dije-que-queria-rever-lo-que-hablamos\/","og_locale":"es_ES","og_type":"article","og_title":"Juana Viale sorprendi\u00f3 con una revelaci\u00f3n sobre su noviazgo: \u201cLe dije que quer\u00eda rever lo que hablamos\u201d - CLAN ESPECTACULOS","og_description":"La conductora lleva m\u00e1s de dos a\u00f1os en pareja con Yago Lange. Juana Viale\u00a0sorprendi\u00f3 con una revelaci\u00f3n sobre su noviazgo con\u00a0Yago Lange. Aunque llevan m\u00e1s de dos a\u00f1os en pareja, optaron por el bajo perfil, pero este domingo la conductora dio detalles sobre el inicio del romance. Invitado a\u00a0Almorzando con Juana\u00a0(eltrece),\u00a0Jos\u00e9 Chatruc\u00a0respondi\u00f3 a las preguntas [&hellip;]","og_url":"https:\/\/radioclanfm.com\/clanespectaculos\/juana-viale-sorprendio-con-una-revelacion-sobre-su-noviazgo-le-dije-que-queria-rever-lo-que-hablamos\/","og_site_name":"CLAN ESPECTACULOS","article_publisher":"https:\/\/www.facebook.com\/clanespectaculos\/","article_published_time":"2026-04-27T12:52:37+00:00","og_image":[{"width":900,"height":505,"url":"https:\/\/radioclanfm.com\/clanespectaculos\/wp-content\/uploads\/sites\/2\/2026\/04\/3J4b9XIJ.jpg","type":"image\/jpeg"}],"author":"E-GRUPOCLAN","twitter_card":"summary_large_image","twitter_creator":"@clanespectok","twitter_site":"@clanespectok","twitter_misc":{"Escrito por":"E-GRUPOCLAN","Tiempo de lectura":"3 minutos"},"schema":{"@context":"https:\/\/schema.org","@graph":[{"@type":"Article","@id":"https:\/\/radioclanfm.com\/clanespectaculos\/juana-viale-sorprendio-con-una-revelacion-sobre-su-noviazgo-le-dije-que-queria-rever-lo-que-hablamos\/#article","isPartOf":{"@id":"https:\/\/radioclanfm.com\/clanespectaculos\/juana-viale-sorprendio-con-una-revelacion-sobre-su-noviazgo-le-dije-que-queria-rever-lo-que-hablamos\/"},"author":{"name":"E-GRUPOCLAN","@id":"https:\/\/radioclanfm.com\/clanespectaculos\/#\/schema\/person\/9734813083303230f3ad84d99171b20c"},"headline":"Juana Viale sorprendi\u00f3 con una revelaci\u00f3n sobre su noviazgo: \u201cLe dije que quer\u00eda rever lo que hablamos\u201d","datePublished":"2026-04-27T12:52:37+00:00","mainEntityOfPage":{"@id":"https:\/\/radioclanfm.com\/clanespectaculos\/juana-viale-sorprendio-con-una-revelacion-sobre-su-noviazgo-le-dije-que-queria-rever-lo-que-hablamos\/"},"wordCount":521,"commentCount":0,"publisher":{"@id":"https:\/\/radioclanfm.com\/clanespectaculos\/#organization"},"image":{"@id":"https:\/\/radioclanfm.com\/clanespectaculos\/juana-viale-sorprendio-con-una-revelacion-sobre-su-noviazgo-le-dije-que-queria-rever-lo-que-hablamos\/#primaryimage"},"thumbnailUrl":"https:\/\/radioclanfm.com\/clanespectaculos\/wp-content\/uploads\/sites\/2\/2026\/04\/3J4b9XIJ.jpg","articleSection":["Espectaculos"],"inLanguage":"es-AR","potentialAction":[{"@type":"CommentAction","name":"Comment","target":["https:\/\/radioclanfm.com\/clanespectaculos\/juana-viale-sorprendio-con-una-revelacion-sobre-su-noviazgo-le-dije-que-queria-rever-lo-que-hablamos\/#respond"]}]},{"@type":"WebPage","@id":"https:\/\/radioclanfm.com\/clanespectaculos\/juana-viale-sorprendio-con-una-revelacion-sobre-su-noviazgo-le-dije-que-queria-rever-lo-que-hablamos\/","url":"https:\/\/radioclanfm.com\/clanespectaculos\/juana-viale-sorprendio-con-una-revelacion-sobre-su-noviazgo-le-dije-que-queria-rever-lo-que-hablamos\/","name":"Juana Viale sorprendi\u00f3 con una revelaci\u00f3n sobre su noviazgo: \u201cLe dije que quer\u00eda rever lo que hablamos\u201d - CLAN ESPECTACULOS","isPartOf":{"@id":"https:\/\/radioclanfm.com\/clanespectaculos\/#website"},"primaryImageOfPage":{"@id":"https:\/\/radioclanfm.com\/clanespectaculos\/juana-viale-sorprendio-con-una-revelacion-sobre-su-noviazgo-le-dije-que-queria-rever-lo-que-hablamos\/#primaryimage"},"image":{"@id":"https:\/\/radioclanfm.com\/clanespectaculos\/juana-viale-sorprendio-con-una-revelacion-sobre-su-noviazgo-le-dije-que-queria-rever-lo-que-hablamos\/#primaryimage"},"thumbnailUrl":"https:\/\/radioclanfm.com\/clanespectaculos\/wp-content\/uploads\/sites\/2\/2026\/04\/3J4b9XIJ.jpg","datePublished":"2026-04-27T12:52:37+00:00","breadcrumb":{"@id":"https:\/\/radioclanfm.com\/clanespectaculos\/juana-viale-sorprendio-con-una-revelacion-sobre-su-noviazgo-le-dije-que-queria-rever-lo-que-hablamos\/#breadcrumb"},"inLanguage":"es-AR","potentialAction":[{"@type":"ReadAction","target":["https:\/\/radioclanfm.com\/clanespectaculos\/juana-viale-sorprendio-con-una-revelacion-sobre-su-noviazgo-le-dije-que-queria-rever-lo-que-hablamos\/"]}]},{"@type":"ImageObject","inLanguage":"es-AR","@id":"https:\/\/radioclanfm.com\/clanespectaculos\/juana-viale-sorprendio-con-una-revelacion-sobre-su-noviazgo-le-dije-que-queria-rever-lo-que-hablamos\/#primaryimage","url":"https:\/\/radioclanfm.com\/clanespectaculos\/wp-content\/uploads\/sites\/2\/2026\/04\/3J4b9XIJ.jpg","contentUrl":"https:\/\/radioclanfm.com\/clanespectaculos\/wp-content\/uploads\/sites\/2\/2026\/04\/3J4b9XIJ.jpg","width":900,"height":505},{"@type":"BreadcrumbList","@id":"https:\/\/radioclanfm.com\/clanespectaculos\/juana-viale-sorprendio-con-una-revelacion-sobre-su-noviazgo-le-dije-que-queria-rever-lo-que-hablamos\/#breadcrumb","itemListElement":[{"@type":"ListItem","position":1,"name":"Inicio","item":"https:\/\/radioclanfm.com\/clanespectaculos\/"},{"@type":"ListItem","position":2,"name":"Juana Viale sorprendi\u00f3 con una revelaci\u00f3n sobre su noviazgo: \u201cLe dije que quer\u00eda rever lo que hablamos\u201d"}]},{"@type":"WebSite","@id":"https:\/\/radioclanfm.com\/clanespectaculos\/#website","url":"https:\/\/radioclanfm.com\/clanespectaculos\/","name":"CLAN ESPECTACULOS","description":"","publisher":{"@id":"https:\/\/radioclanfm.com\/clanespectaculos\/#organization"},"potentialAction":[{"@type":"SearchAction","target":{"@type":"EntryPoint","urlTemplate":"https:\/\/radioclanfm.com\/clanespectaculos\/?s={search_term_string}"},"query-input":{"@type":"PropertyValueSpecification","valueRequired":true,"valueName":"search_term_string"}}],"inLanguage":"es-AR"},{"@type":"Organization","@id":"https:\/\/radioclanfm.com\/clanespectaculos\/#organization","name":"CLAN ESPECTACULOS","url":"https:\/\/radioclanfm.com\/clanespectaculos\/","logo":{"@type":"ImageObject","inLanguage":"es-AR","@id":"https:\/\/radioclanfm.com\/clanespectaculos\/#\/schema\/logo\/image\/","url":"https:\/\/radioclanfm.com\/clanespectaculos\/wp-content\/uploads\/sites\/2\/2026\/04\/ChatGPT-Image-23-mar-2026-10_09_00.png","contentUrl":"https:\/\/radioclanfm.com\/clanespectaculos\/wp-content\/uploads\/sites\/2\/2026\/04\/ChatGPT-Image-23-mar-2026-10_09_00.png","width":1024,"height":1024,"caption":"CLAN ESPECTACULOS"},"image":{"@id":"https:\/\/radioclanfm.com\/clanespectaculos\/#\/schema\/logo\/image\/"},"sameAs":["https:\/\/www.facebook.com\/clanespectaculos\/","https:\/\/x.com\/clanespectok"]},{"@type":"Person","@id":"https:\/\/radioclanfm.com\/clanespectaculos\/#\/schema\/person\/9734813083303230f3ad84d99171b20c","name":"E-GRUPOCLAN","image":{"@type":"ImageObject","inLanguage":"es-AR","@id":"https:\/\/secure.gravatar.com\/avatar\/af6e19837c3d6a212034a48c7b3818d2ac1826f6025df0155da5a186ad321d79?s=96&d=mm&r=g","url":"https:\/\/secure.gravatar.com\/avatar\/af6e19837c3d6a212034a48c7b3818d2ac1826f6025df0155da5a186ad321d79?s=96&d=mm&r=g","contentUrl":"https:\/\/secure.gravatar.com\/avatar\/af6e19837c3d6a212034a48c7b3818d2ac1826f6025df0155da5a186ad321d79?s=96&d=mm&r=g","caption":"E-GRUPOCLAN"},"sameAs":["https:\/\/radioclanfm.com"],"url":"https:\/\/radioclanfm.com\/clanespectaculos\/author\/admin\/"}]}},"_links":{"self":[{"href":"https:\/\/radioclanfm.com\/clanespectaculos\/wp-json\/wp\/v2\/posts\/15870","targetHints":{"allow":["GET"]}}],"collection":[{"href":"https:\/\/radioclanfm.com\/clanespectaculos\/wp-json\/wp\/v2\/posts"}],"about":[{"href":"https:\/\/radioclanfm.com\/clanespectaculos\/wp-json\/wp\/v2\/types\/post"}],"author":[{"embeddable":true,"href":"https:\/\/radioclanfm.com\/clanespectaculos\/wp-json\/wp\/v2\/users\/1"}],"replies":[{"embeddable":true,"href":"https:\/\/radioclanfm.com\/clanespectaculos\/wp-json\/wp\/v2\/comments?post=15870"}],"version-history":[{"count":1,"href":"https:\/\/radioclanfm.com\/clanespectaculos\/wp-json\/wp\/v2\/posts\/15870\/revisions"}],"predecessor-version":[{"id":15872,"href":"https:\/\/radioclanfm.com\/clanespectaculos\/wp-json\/wp\/v2\/posts\/15870\/revisions\/15872"}],"wp:featuredmedia":[{"embeddable":true,"href":"https:\/\/radioclanfm.com\/clanespectaculos\/wp-json\/wp\/v2\/media\/15871"}],"wp:attachment":[{"href":"https:\/\/radioclanfm.com\/clanespectaculos\/wp-json\/wp\/v2\/media?parent=15870"}],"wp:term":[{"taxonomy":"category","embeddable":true,"href":"https:\/\/radioclanfm.com\/clanespectaculos\/wp-json\/wp\/v2\/categories?post=15870"},{"taxonomy":"post_tag","embeddable":true,"href":"https:\/\/radioclanfm.com\/clanespectaculos\/wp-json\/wp\/v2\/tags?post=15870"}],"curies":[{"name":"wp","href":"https:\/\/api.w.org\/{rel}","templated":true}]}}