{"id":15867,"date":"2026-04-27T09:51:02","date_gmt":"2026-04-27T12:51:02","guid":{"rendered":"https:\/\/radioclanfm.com\/clanespectaculos\/?p=15867"},"modified":"2026-04-27T09:51:02","modified_gmt":"2026-04-27T12:51:02","slug":"dolor-por-la-muerte-de-adolfo-aristarain-asi-lo-despidieron-griselda-siciliani-dolores-fonzi-y-otras-figuras","status":"publish","type":"post","link":"https:\/\/radioclanfm.com\/clanespectaculos\/dolor-por-la-muerte-de-adolfo-aristarain-asi-lo-despidieron-griselda-siciliani-dolores-fonzi-y-otras-figuras\/","title":{"rendered":"Dolor por la muerte de Adolfo Aristarain: as\u00ed lo despidieron Griselda Siciliani, Dolores Fonzi y otras figuras"},"content":{"rendered":"<p>Figuras como Griselda Siciliani, Dolores Fonzi y Ana Mar\u00eda Picchio le dedicaron posteos al gran cineasta detr\u00e1s de \u201cUn lugar en el mundo\u201d y \u201cMart\u00edn (Hache)\u201d, entre otras grandes pel\u00edculas.<\/p>\n<div class=\"col-content\"><main class=\"col-content\"><\/p>\n<div class=\"default-article-color article__body article__article\">\n<p class=\"paragraph font__body-regular\">Despu\u00e9s de que se conociera la triste noticia de la muerte del cineasta\u00a0<b>Adolfo Aristarain<\/b>, varias figuras del mundo del espect\u00e1culo\u00a0<b>lo despidieron en las redes sociales.<\/b><\/p>\n<div id=\"ad-slot-infeed\" class=\"infeed-container ad-slot-infeed ad-slot\" data-adtype=\"infeed\" data-lazyload=\"1\" data-google-query-id=\"CMjZivOIjpQDFa4MHgAdW8oWsA\">\n<div id=\"google_ads_iframe_\/113951150\/tn-arc\/nota\/infeed_0__container__\"><iframe id=\"google_ads_iframe_\/113951150\/tn-arc\/nota\/infeed_0\" tabindex=\"0\" title=\"Contenido de anuncios de terceros\" name=\"google_ads_iframe_\/113951150\/tn-arc\/nota\/infeed_0\" width=\"1\" height=\"1\" frameborder=\"0\" marginwidth=\"0\" marginheight=\"0\" scrolling=\"no\" aria-label=\"Anuncio\" data-google-container-id=\"9\" data-load-complete=\"true\" data-mce-fragment=\"1\"><\/iframe><\/div>\n<\/div>\n<p class=\"paragraph font__body-regular\">Los artistas no dudaron en destacar el gran aporte del director al cine nacional. \u201cGracias\u201d, escribi\u00f3\u00a0<b>Griselda Siciliani<\/b>\u00a0junto a una foto del realizador. Luego, public\u00f3 una escena de la pel\u00edcula\u00a0<i>Mart\u00edn (Hache)<\/i>.<\/p>\n<div class=\"story-list\" data-mrf-recirculation=\"IL_RNrGCM52Q_ui4aMax3fibg\" data-testid=\"text-html\" data-mrf-experience=\"IL_RNrGCM52Q_ui4aMax3fibg\">\n<article class=\"card__container card__horizontal\">\n<div class=\"card__body\">\n<header>\n<h3 class=\"card__headline font__display\"><\/h3>\n<\/header>\n<\/div>\n<\/article>\n<\/div>\n<figure class=\"\" data-testid=\"figure-testid\">\n<div class=\"aspect_ratio__container\"><picture class=\"responsive-image\"><source srcset=\"https:\/\/tn.com.ar\/resizer\/v2\/griselda-siciliani-despidio-a-adolfo-aristarian-con-un-posteo-de-instagram-foto-instagram-griseldasiciliani-3UXJOGVSIRC2PGRGCIM6U3KWKI.PNG?auth=e42661c6d825f71ea78fb21d940ddf1e02a10c3210736032c8ddce3d8cfab0a3&amp;width=767\" type=\"image\/jpg\" media=\"(max-width: 728px)\" \/><source srcset=\"https:\/\/tn.com.ar\/resizer\/v2\/griselda-siciliani-despidio-a-adolfo-aristarian-con-un-posteo-de-instagram-foto-instagram-griseldasiciliani-3UXJOGVSIRC2PGRGCIM6U3KWKI.PNG?auth=e42661c6d825f71ea78fb21d940ddf1e02a10c3210736032c8ddce3d8cfab0a3&amp;width=1023\" type=\"image\/jpg\" media=\"(max-width: 1023px)\" \/><source srcset=\"https:\/\/tn.com.ar\/resizer\/v2\/griselda-siciliani-despidio-a-adolfo-aristarian-con-un-posteo-de-instagram-foto-instagram-griseldasiciliani-3UXJOGVSIRC2PGRGCIM6U3KWKI.PNG?auth=e42661c6d825f71ea78fb21d940ddf1e02a10c3210736032c8ddce3d8cfab0a3&amp;width=1440\" type=\"image\/jpg\" \/><img loading=\"lazy\" decoding=\"async\" class=\"image content-image image_placeholder\" src=\"https:\/\/tn.com.ar\/resizer\/v2\/griselda-siciliani-despidio-a-adolfo-aristarian-con-un-posteo-de-instagram-foto-instagram-griseldasiciliani-3UXJOGVSIRC2PGRGCIM6U3KWKI.PNG?auth=e42661c6d825f71ea78fb21d940ddf1e02a10c3210736032c8ddce3d8cfab0a3&amp;width=767\" alt=\"Griselda Siciliani despidi\u00f3 a Adolfo Aristar\u00edan con un posteo de Instagram. (Foto: Instagram \/ GriseldaSiciliani)\" width=\"767\" height=\"1195\" data-testid=\"loading-testid\" \/><\/picture><\/div><figcaption class=\"caption_image\" data-testid=\"figcaption-testid\">\n<div class=\"image_caption \">Griselda Siciliani despidi\u00f3 a Adolfo Aristar\u00edan con un posteo de Instagram. (Foto: Instagram \/ GriseldaSiciliani)<\/div>\n<\/figcaption><\/figure>\n<figure class=\"\" data-testid=\"figure-testid\">\n<div class=\"aspect_ratio__container\"><picture class=\"responsive-image\"><source srcset=\"https:\/\/tn.com.ar\/resizer\/v2\/griselda-siciliani-recordo-una-escena-de-martin-hache-como-una-forma-de-homenajear-al-cineasta-adolfo-aristarain-foto-instagram-griselda-siciliani-N2KFTK6345A3NA66QONSSOYWDM.PNG?auth=1136dc231dffb502e1aa5adda81797bbc847f43843f47a6388df991c578565ef&amp;width=767\" type=\"image\/jpg\" media=\"(max-width: 728px)\" \/><source srcset=\"https:\/\/tn.com.ar\/resizer\/v2\/griselda-siciliani-recordo-una-escena-de-martin-hache-como-una-forma-de-homenajear-al-cineasta-adolfo-aristarain-foto-instagram-griselda-siciliani-N2KFTK6345A3NA66QONSSOYWDM.PNG?auth=1136dc231dffb502e1aa5adda81797bbc847f43843f47a6388df991c578565ef&amp;width=1023\" type=\"image\/jpg\" media=\"(max-width: 1023px)\" \/><source srcset=\"https:\/\/tn.com.ar\/resizer\/v2\/griselda-siciliani-recordo-una-escena-de-martin-hache-como-una-forma-de-homenajear-al-cineasta-adolfo-aristarain-foto-instagram-griselda-siciliani-N2KFTK6345A3NA66QONSSOYWDM.PNG?auth=1136dc231dffb502e1aa5adda81797bbc847f43843f47a6388df991c578565ef&amp;width=1440\" type=\"image\/jpg\" \/><img loading=\"lazy\" decoding=\"async\" class=\"image content-image image_placeholder\" src=\"https:\/\/tn.com.ar\/resizer\/v2\/griselda-siciliani-recordo-una-escena-de-martin-hache-como-una-forma-de-homenajear-al-cineasta-adolfo-aristarain-foto-instagram-griselda-siciliani-N2KFTK6345A3NA66QONSSOYWDM.PNG?auth=1136dc231dffb502e1aa5adda81797bbc847f43843f47a6388df991c578565ef&amp;width=767\" alt=\"Griselda Siciliani record\u00f3 una escena de &quot;Martin (Hache)&quot;, como una forma de homenajear al cineasta Adolfo Aristarain. (Foto: Instagram \/ Griselda Siciliani)\" width=\"767\" height=\"1223\" data-testid=\"loading-testid\" \/><\/picture><\/div><figcaption class=\"caption_image\" data-testid=\"figcaption-testid\">\n<div class=\"image_caption \">Griselda Siciliani record\u00f3 una escena de &#8220;Martin (Hache)&#8221;, como una forma de homenajear al cineasta Adolfo Aristarain. (Foto: Instagram \/ Griselda Siciliani)<\/div>\n<\/figcaption><\/figure>\n<p class=\"paragraph font__body-regular\">Por su parte, asegur\u00f3 que el adi\u00f3s al realizador de\u00a0<i><b>Un lugar en el mundo<\/b><\/i>,\u00a0<i><b>\u00daltimos d\u00edas de la v\u00edctima<\/b><\/i>,\u00a0<i><b>Tiempo de revancha\u00a0<\/b><\/i>y\u00a0<i><b>Roma<\/b><\/i>, entre otras grandes pel\u00edculas, es \u201cuna p\u00e9rdida grande\u201d.<\/p>\n<figure class=\"\" data-testid=\"figure-testid\">\n<div class=\"aspect_ratio__container\"><picture class=\"responsive-image\"><source srcset=\"https:\/\/tn.com.ar\/resizer\/v2\/dolores-fonzi-hizo-un-posteo-para-despedir-a-adolfo-aristarain-foto-instagram-lolafonca-EE7XICVMC5AOTCHHR5VQJFUN3A.PNG?auth=8d467a6f24b2a81395ddf47836492456494a539be2564d480213a4a1991b5075&amp;width=767\" type=\"image\/jpg\" media=\"(max-width: 728px)\" \/><source srcset=\"https:\/\/tn.com.ar\/resizer\/v2\/dolores-fonzi-hizo-un-posteo-para-despedir-a-adolfo-aristarain-foto-instagram-lolafonca-EE7XICVMC5AOTCHHR5VQJFUN3A.PNG?auth=8d467a6f24b2a81395ddf47836492456494a539be2564d480213a4a1991b5075&amp;width=1023\" type=\"image\/jpg\" media=\"(max-width: 1023px)\" \/><source srcset=\"https:\/\/tn.com.ar\/resizer\/v2\/dolores-fonzi-hizo-un-posteo-para-despedir-a-adolfo-aristarain-foto-instagram-lolafonca-EE7XICVMC5AOTCHHR5VQJFUN3A.PNG?auth=8d467a6f24b2a81395ddf47836492456494a539be2564d480213a4a1991b5075&amp;width=1440\" type=\"image\/jpg\" \/><img loading=\"lazy\" decoding=\"async\" class=\"image content-image image_placeholder\" src=\"https:\/\/tn.com.ar\/resizer\/v2\/dolores-fonzi-hizo-un-posteo-para-despedir-a-adolfo-aristarain-foto-instagram-lolafonca-EE7XICVMC5AOTCHHR5VQJFUN3A.PNG?auth=8d467a6f24b2a81395ddf47836492456494a539be2564d480213a4a1991b5075&amp;width=767\" alt=\"Dolores Fonzi hizo un posteo para despedir a Adolfo Aristarain. (Foto: Instagram \/ lolafonca)\" width=\"767\" height=\"1222\" data-testid=\"loading-testid\" \/><\/picture><\/div><figcaption class=\"caption_image\" data-testid=\"figcaption-testid\">\n<div class=\"image_caption \">Dolores Fonzi hizo un posteo para despedir a Adolfo Aristarain. (Foto: Instagram \/ lolafonca)<\/div>\n<\/figcaption><\/figure>\n<p class=\"paragraph font__body-regular\">En tanto,\u00a0<b>Ana Mar\u00eda Picchio<\/b>, quien trabaj\u00f3 con el director en<i>\u00a0Mart\u00edn (Hache)<\/i>, no dud\u00f3 en afirmar que se fue \u201cel enorme Aristarain\u201d.<\/p>\n<figure class=\"\" data-testid=\"figure-testid\">\n<div class=\"aspect_ratio__container\"><picture class=\"responsive-image\"><source srcset=\"https:\/\/tn.com.ar\/resizer\/v2\/ana-maria-picchio-recordo-a-adolfo-aristarain-un-cineasta-con-el-que-trabajo-foto-instagram-anamariapicchio-SQ367QKFLFEG3FCUVDKV5EBVUY.PNG?auth=f57252a5d1654a96047227904a5ac29cf3f6be516ee1388824557f5dc3782a83&amp;width=767\" type=\"image\/jpg\" media=\"(max-width: 728px)\" \/><source srcset=\"https:\/\/tn.com.ar\/resizer\/v2\/ana-maria-picchio-recordo-a-adolfo-aristarain-un-cineasta-con-el-que-trabajo-foto-instagram-anamariapicchio-SQ367QKFLFEG3FCUVDKV5EBVUY.PNG?auth=f57252a5d1654a96047227904a5ac29cf3f6be516ee1388824557f5dc3782a83&amp;width=1023\" type=\"image\/jpg\" media=\"(max-width: 1023px)\" \/><source srcset=\"https:\/\/tn.com.ar\/resizer\/v2\/ana-maria-picchio-recordo-a-adolfo-aristarain-un-cineasta-con-el-que-trabajo-foto-instagram-anamariapicchio-SQ367QKFLFEG3FCUVDKV5EBVUY.PNG?auth=f57252a5d1654a96047227904a5ac29cf3f6be516ee1388824557f5dc3782a83&amp;width=1440\" type=\"image\/jpg\" \/><img loading=\"lazy\" decoding=\"async\" class=\"image content-image image_placeholder\" src=\"https:\/\/tn.com.ar\/resizer\/v2\/ana-maria-picchio-recordo-a-adolfo-aristarain-un-cineasta-con-el-que-trabajo-foto-instagram-anamariapicchio-SQ367QKFLFEG3FCUVDKV5EBVUY.PNG?auth=f57252a5d1654a96047227904a5ac29cf3f6be516ee1388824557f5dc3782a83&amp;width=767\" alt=\"Ana Mar\u00eda Picchio record\u00f3 a Adolfo Aristarain, un cineasta con el que trabaj\u00f3. (Foto: Instagram \/ anamariapicchio)\" width=\"767\" height=\"378\" data-testid=\"loading-testid\" \/><\/picture><\/div><figcaption class=\"caption_image\" data-testid=\"figcaption-testid\">\n<div class=\"image_caption \">Ana Mar\u00eda Picchio record\u00f3 a Adolfo Aristarain, un cineasta con el que trabaj\u00f3. (Foto: Instagram \/ anamariapicchio)<\/div>\n<\/figcaption><\/figure>\n<p class=\"paragraph font__body-regular\">Uno de los posteos m\u00e1s interesantes fue el de<b>\u00a0Axel Kuschevatzky<\/b>, quien analiz\u00f3 c\u00f3mo Aristarain transform\u00f3 la manera de hacer pel\u00edculas en la Argentina. \u201cNo hay una forma real de dimensionar su trascendencia e impacto. Durante un tiempo,<b>\u00a0fue el \u00fanico que se anim\u00f3 a hacer un cine que nadie m\u00e1s hac\u00eda.<\/b>\u00a0En un pu\u00f1ado de pel\u00edculas y tambi\u00e9n en algo de televisi\u00f3n, nos mostr\u00f3 que exist\u00eda otra manera de filmar en nuestro pa\u00eds\u201d, valor\u00f3.<\/p>\n<p class=\"paragraph font__body-regular\">Y remarc\u00f3:\u00a0<b>\u201cNos dej\u00f3, adem\u00e1s, lo que quiz\u00e1s sea la gran obra maestra de los a\u00f1os 80 y, sin duda, una de las diez mejores pel\u00edculas argentinas de la historia \u2014si no la mejor\u2014: \u2018Tiempo de revancha\u2019 (1981<\/b>). Sorteando la censura de la dictadura militar, nos ense\u00f1\u00f3 que era posible un noir contempor\u00e1neo, profundamente local, capaz de poner en movimiento ideas, emociones y una forma de resistencia creativa&#8221;.<\/p>\n<figure class=\"\" data-testid=\"figure-testid\">\n<div class=\"aspect_ratio__container\"><picture class=\"responsive-image\"><source srcset=\"https:\/\/tn.com.ar\/resizer\/v2\/el-posteo-de-axel-kuschevatzky-para-homenajear-a-adolfo-aristarain-foto-instagram-axelkuschevatzky-WS7JX3NXSZBOBGTCUDVEFWWUJM.PNG?auth=0b8b7c3692d7631eaf8cc6ff746c53259f5dfaec43433cb76356e7554a784fe7&amp;width=767\" type=\"image\/jpg\" media=\"(max-width: 728px)\" \/><source srcset=\"https:\/\/tn.com.ar\/resizer\/v2\/el-posteo-de-axel-kuschevatzky-para-homenajear-a-adolfo-aristarain-foto-instagram-axelkuschevatzky-WS7JX3NXSZBOBGTCUDVEFWWUJM.PNG?auth=0b8b7c3692d7631eaf8cc6ff746c53259f5dfaec43433cb76356e7554a784fe7&amp;width=1023\" type=\"image\/jpg\" media=\"(max-width: 1023px)\" \/><source srcset=\"https:\/\/tn.com.ar\/resizer\/v2\/el-posteo-de-axel-kuschevatzky-para-homenajear-a-adolfo-aristarain-foto-instagram-axelkuschevatzky-WS7JX3NXSZBOBGTCUDVEFWWUJM.PNG?auth=0b8b7c3692d7631eaf8cc6ff746c53259f5dfaec43433cb76356e7554a784fe7&amp;width=1440\" type=\"image\/jpg\" \/><img loading=\"lazy\" decoding=\"async\" class=\"image content-image image_placeholder\" src=\"https:\/\/tn.com.ar\/resizer\/v2\/el-posteo-de-axel-kuschevatzky-para-homenajear-a-adolfo-aristarain-foto-instagram-axelkuschevatzky-WS7JX3NXSZBOBGTCUDVEFWWUJM.PNG?auth=0b8b7c3692d7631eaf8cc6ff746c53259f5dfaec43433cb76356e7554a784fe7&amp;width=767\" alt=\"El posteo de Axel Kuschevatzky para homenajear a Adolfo Aristarain. (Foto: Instagram \/ AxelKuschevatzky)\" width=\"767\" height=\"515\" data-testid=\"loading-testid\" \/><\/picture><\/div><figcaption class=\"caption_image\" data-testid=\"figcaption-testid\">\n<div class=\"image_caption \">El posteo de Axel Kuschevatzky para homenajear a Adolfo Aristarain. (Foto: Instagram \/ AxelKuschevatzky)<\/div>\n<\/figcaption><\/figure>\n<p class=\"paragraph font__body-regular\">\u201cEsa marca \u2014silenciosa pero persistente\u2014 sigue viva en nuestro deseo de contar historias.En lo personal, me cuesta imaginarme dedic\u00e1ndome a esto si antes no hubiera existido Aristarain. A contracorriente de lo que le dec\u00edan a H\u00e9ctor Bengoa (Federico Luppi) en \u2018Tiempo de revancha\u2019, un vasco cabeza dura s\u00ed puede cambiar la historia&#8221;, concluy\u00f3.<\/p>\n<p class=\"paragraph font__body-regular\"><b>Celeste Cid\u00a0<\/b>tambi\u00e9n le dedic\u00f3 unas palabras al cineasta y record\u00f3 una experiencia personal. \u201c<b>Tuve la suerte de ensayar con \u00e9l una pel\u00edcula hace much\u00edsimos a\u00f1os, no me dejaba cambiar una palabra (y yo le agradec\u00eda esa exactitud)<\/b>, me contaba cada plano que pensaba hacer. Qu\u00e9 tipo genial. Ese proyecto nunca se realiz\u00f3, pero nos quedaba todo su cine y su sensibilidad. Q.E.P.D Maestro. Abrazo a toda su familia.\u201d, expuso la actriz en un posteo de Instagram.<\/p>\n<figure class=\"\" data-testid=\"figure-testid\">\n<div class=\"aspect_ratio__container\"><picture class=\"responsive-image\"><source srcset=\"https:\/\/tn.com.ar\/resizer\/v2\/el-posteo-de-celeste-cid-para-homenajear-a-adolfo-aristarain-foto-instagram-mcelestia-KXLBRD6T3FBS3JONLAR4JPZ764.PNG?auth=d44a3883fb226243f2c9d82e1cb0e61a9a58a504cd0ca36a61a5d852b0a42d29&amp;width=767\" type=\"image\/jpg\" media=\"(max-width: 728px)\" \/><source srcset=\"https:\/\/tn.com.ar\/resizer\/v2\/el-posteo-de-celeste-cid-para-homenajear-a-adolfo-aristarain-foto-instagram-mcelestia-KXLBRD6T3FBS3JONLAR4JPZ764.PNG?auth=d44a3883fb226243f2c9d82e1cb0e61a9a58a504cd0ca36a61a5d852b0a42d29&amp;width=1023\" type=\"image\/jpg\" media=\"(max-width: 1023px)\" \/><source srcset=\"https:\/\/tn.com.ar\/resizer\/v2\/el-posteo-de-celeste-cid-para-homenajear-a-adolfo-aristarain-foto-instagram-mcelestia-KXLBRD6T3FBS3JONLAR4JPZ764.PNG?auth=d44a3883fb226243f2c9d82e1cb0e61a9a58a504cd0ca36a61a5d852b0a42d29&amp;width=1440\" type=\"image\/jpg\" \/><img loading=\"lazy\" decoding=\"async\" class=\"image content-image image_placeholder\" src=\"https:\/\/tn.com.ar\/resizer\/v2\/el-posteo-de-celeste-cid-para-homenajear-a-adolfo-aristarain-foto-instagram-mcelestia-KXLBRD6T3FBS3JONLAR4JPZ764.PNG?auth=d44a3883fb226243f2c9d82e1cb0e61a9a58a504cd0ca36a61a5d852b0a42d29&amp;width=767\" alt=\"El posteo de Celeste Cid para homenajear a Adolfo Aristarain. (Foto: Instagram \/ mcelestia)\" width=\"767\" height=\"1252\" data-testid=\"loading-testid\" \/><\/picture><\/div><figcaption class=\"caption_image\" data-testid=\"figcaption-testid\">\n<div class=\"image_caption \">El posteo de Celeste Cid para homenajear a Adolfo Aristarain. (Foto: Instagram \/ mcelestia)<\/div>\n<\/figcaption><\/figure>\n<h2 class=\"font--primary font__display\">Adolfo Aristarain, el director que cambi\u00f3 la manera de hacer cine en la Argentina<\/h2>\n<p class=\"paragraph font__body-regular\">La Academia del Cine de Espa\u00f1a inform\u00f3 este domingo que\u00a0<b>muri\u00f3 el director argentino Adolfo Aristarain<\/b>\u00a0a los 82 a\u00f1os. A lo largo de su carrera se consolid\u00f3 como uno de los grandes realizadores argentinos con pel\u00edculas exitosas y prestigiosas como<i><b>\u00a0La parte del le\u00f3n<\/b><\/i>,\u00a0<i><b>Mart\u00edn (Hache)<\/b><\/i>,<i><b>\u00a0Un lugar en el mundo<\/b><\/i>,\u00a0<i><b>\u00daltimos d\u00edas de la v\u00edctima<\/b><\/i>,\u00a0<i><b>Tiempo de revancha<\/b><\/i>\u00a0y\u00a0<i><b>Roma<\/b><\/i>, entre otras.<\/p>\n<p class=\"paragraph font__body-regular\">El cineasta vivi\u00f3 durante a\u00f1os entre Argentina y Espa\u00f1a, donde hace dos a\u00f1os fue condecorado con la medalla de oro. \u201cEl cine es un oficio despiadadamente traidor para quien lo ejerce. Aunque uno intente esconder lo que uno es, tarde o temprano el director desnuda su alma sin quererlo en primer plano. El cine que uno hace es lo que uno es\u201d, dijo en aquel entonces cuando recibi\u00f3 el reconocimiento.<\/p>\n<figure class=\"\" data-testid=\"figure-testid\">\n<div class=\"aspect_ratio__container\"><picture class=\"responsive-image\"><source srcset=\"https:\/\/tn.com.ar\/resizer\/v2\/murio-adolfo-aristarain-el-director-de-un-lugar-en-el-mundo-foto-agencia-efe-5JJVCKR5FBGNLPM5FT5C5HJQTU.jpg?auth=45428407268c015da3fbaf21be557e63de8b985485af55034de15020ea792d04&amp;width=767\" type=\"image\/jpg\" media=\"(max-width: 728px)\" \/><source srcset=\"https:\/\/tn.com.ar\/resizer\/v2\/murio-adolfo-aristarain-el-director-de-un-lugar-en-el-mundo-foto-agencia-efe-5JJVCKR5FBGNLPM5FT5C5HJQTU.jpg?auth=45428407268c015da3fbaf21be557e63de8b985485af55034de15020ea792d04&amp;width=1023\" type=\"image\/jpg\" media=\"(max-width: 1023px)\" \/><source srcset=\"https:\/\/tn.com.ar\/resizer\/v2\/murio-adolfo-aristarain-el-director-de-un-lugar-en-el-mundo-foto-agencia-efe-5JJVCKR5FBGNLPM5FT5C5HJQTU.jpg?auth=45428407268c015da3fbaf21be557e63de8b985485af55034de15020ea792d04&amp;width=1440\" type=\"image\/jpg\" \/><img loading=\"lazy\" decoding=\"async\" class=\"image content-image image_placeholder\" src=\"https:\/\/tn.com.ar\/resizer\/v2\/murio-adolfo-aristarain-el-director-de-un-lugar-en-el-mundo-foto-agencia-efe-5JJVCKR5FBGNLPM5FT5C5HJQTU.jpg?auth=45428407268c015da3fbaf21be557e63de8b985485af55034de15020ea792d04&amp;width=767\" alt=\"Muri\u00f3 Adolfo Aristarain, el director de \u201cUn lugar en el mundo\u201d (Foto: Agencia EFE)\" width=\"767\" height=\"430\" data-testid=\"loading-testid\" \/><\/picture><\/div><figcaption class=\"caption_image\" data-testid=\"figcaption-testid\">\n<div class=\"image_caption \">Muri\u00f3 Adolfo Aristarain, el director de \u201cUn lugar en el mundo\u201d (Foto: Agencia EFE)<\/div>\n<\/figcaption><\/figure>\n<p class=\"paragraph font__body-regular\">Admirador de John Ford y Alfred Hitchcock, sus inicios en la industria estuvieron vinculados a m\u00faltiples roles: comenz\u00f3 como meritorio, se form\u00f3 como sonidista, montador, ayudante de producci\u00f3n y de direcci\u00f3n, e incluso apareci\u00f3 frente a c\u00e1mara en Dar la cara de\u00a0<b>Jos\u00e9 Mart\u00ednez Su\u00e1rez<\/b>. La colaboraci\u00f3n con su maestro\u00a0<b>Mario Camus<\/b>\u00a0y con su inseparable guionista\u00a0<b>Kathy Saavedra<\/b>\u00a0\u2014a quien atribuy\u00f3 haber evitado la sensibler\u00eda en sus trabajos\u2014 marc\u00f3 la profundidad de sus historias.<\/p>\n<p class=\"paragraph font__body-regular\">Su estilo revitaliz\u00f3 la narrativa local durante los 70 y 80 de la misma manera que algunos de sus colegas contempor\u00e1neos, como Francis Ford Coppola o Martin Scorsese, lo hicieron en Hollywood. Lejos de los costumbrismos para las historias m\u00e1s humanas y con una impronta atrevida para el cine de g\u00e9nero, siempre le habl\u00f3 de manera directa al espectador y ning\u00fan fotograma era casual o arbitrario. Lo mismo con los di\u00e1logos. Siempre supo incomodar, conmover y, sobre todo, contar.<\/p>\n<figure class=\"\" data-testid=\"figure-testid\">\n<div class=\"aspect_ratio__container\"><picture class=\"responsive-image\"><source srcset=\"https:\/\/tn.com.ar\/resizer\/v2\/un-lugar-en-el-mundo-uno-de-los-clasicos-de-adolfo-aristarain-foto-filmaffinity-UX5O2WKRFJD6ZJCQ34K4YA226U.PNG?auth=755375e49aeb38d3798910aecc4349ab0ac2b42a48c5543af8601e72869630c9&amp;width=767\" type=\"image\/jpg\" media=\"(max-width: 728px)\" \/><source srcset=\"https:\/\/tn.com.ar\/resizer\/v2\/un-lugar-en-el-mundo-uno-de-los-clasicos-de-adolfo-aristarain-foto-filmaffinity-UX5O2WKRFJD6ZJCQ34K4YA226U.PNG?auth=755375e49aeb38d3798910aecc4349ab0ac2b42a48c5543af8601e72869630c9&amp;width=1023\" type=\"image\/jpg\" media=\"(max-width: 1023px)\" \/><source srcset=\"https:\/\/tn.com.ar\/resizer\/v2\/un-lugar-en-el-mundo-uno-de-los-clasicos-de-adolfo-aristarain-foto-filmaffinity-UX5O2WKRFJD6ZJCQ34K4YA226U.PNG?auth=755375e49aeb38d3798910aecc4349ab0ac2b42a48c5543af8601e72869630c9&amp;width=1440\" type=\"image\/jpg\" \/><img loading=\"lazy\" decoding=\"async\" class=\"image content-image image_placeholder\" src=\"https:\/\/tn.com.ar\/resizer\/v2\/un-lugar-en-el-mundo-uno-de-los-clasicos-de-adolfo-aristarain-foto-filmaffinity-UX5O2WKRFJD6ZJCQ34K4YA226U.PNG?auth=755375e49aeb38d3798910aecc4349ab0ac2b42a48c5543af8601e72869630c9&amp;width=767\" alt=\"&quot;Un lugar en el mundo&quot;, uno de los cl\u00e1sicos de Adolfo Aristarain. (Foto: Filmaffinity)\" width=\"767\" height=\"431\" data-testid=\"loading-testid\" \/><\/picture><\/div><figcaption class=\"caption_image\" data-testid=\"figcaption-testid\">\n<div class=\"image_caption \">&#8220;Un lugar en el mundo&#8221;, uno de los cl\u00e1sicos de Adolfo Aristarain. (Foto: Filmaffinity)<\/div>\n<\/figcaption><\/figure>\n<p class=\"paragraph font__body-regular\">Entre los nombres m\u00e1s recurrentes y admirados por Aristarain figuran actores y actrices como\u00a0<b>Federico Luppi<\/b>,\u00a0<b>Jos\u00e9 Sacrist\u00e1n<\/b>,\u00a0<b>Mercedes Sampietro<\/b>,\u00a0<b>Eusebio Poncela<\/b>,\u00a0<b>Aitana S\u00e1nchez-Gij\u00f3n<\/b>,\u00a0<b>Cecilia Roth<\/b>,\u00a0<b>Juan Diego Botto<\/b>\u00a0y\u00a0<b>Sus\u00fa Pecoraro<\/b>.<\/p>\n<p class=\"paragraph font__body-regular\">En los \u00faltimos 20 a\u00f1os no film\u00f3, pero nunca se sinti\u00f3 retirado. En 2024, cuando le concedi\u00f3 una entrevista al diario espa\u00f1ol\u00a0<i>El Pa\u00eds<\/i>, explic\u00f3: \u201cA partir de 2010 par\u00e9 y m\u00e1s tarde desarroll\u00e9 la idea de hacer una historia de Piazzolla. Pero en 2019 me operaron del coraz\u00f3n y reci\u00e9n hace un mes termin\u00e9 la recuperaci\u00f3n. Me operaron durante 11 horas. Yo ped\u00ed los videos porque quer\u00eda saber qu\u00e9 hab\u00eda pasado durante todo ese tiempo, pero no me los quisieron mostrar\u201d.<\/p>\n<p class=\"paragraph font__body-regular\">Durante la charla, cont\u00f3 que ese proceso se vio interrumpido de manera inevitable en 2020. \u201cCuando ten\u00eda que arrancar con la recuperaci\u00f3n, empez\u00f3 la pandemia. Todo esto me demor\u00f3 bastante. Ya hab\u00eda pedido los derechos del libro que escribi\u00f3 la hija de Piazzolla,\u00a0<b>Diana<\/b>. Negoci\u00e9 con los hijos de Diana, que son un encanto. Fui sondeando d\u00f3nde conseguir el dinero, lo que no calcul\u00e9 era que la pel\u00edcula era demasiado cara&#8221;, sostuvo sobre el proyecto que no materializ\u00f3.<\/p>\n<\/div>\n<p><\/main><\/div>\n<aside class=\"col-right-rail right-rail\">\n<div id=\"parent-ad-slot-caja\" class=\"ad-container caja_ad \">\n<div class=\"ad-content\"><\/div>\n<\/div>\n<\/aside>\n","protected":false},"excerpt":{"rendered":"<p>Figuras como Griselda Siciliani, Dolores Fonzi y Ana Mar\u00eda Picchio le dedicaron posteos al gran cineasta detr\u00e1s de \u201cUn lugar en el mundo\u201d y \u201cMart\u00edn (Hache)\u201d, entre otras grandes pel\u00edculas. Despu\u00e9s de que se conociera la triste noticia de la muerte del cineasta\u00a0Adolfo Aristarain, varias figuras del mundo del espect\u00e1culo\u00a0lo despidieron en las redes sociales. [&hellip;]<\/p>\n","protected":false},"author":1,"featured_media":15868,"comment_status":"open","ping_status":"open","sticky":false,"template":"","format":"standard","meta":{"rop_custom_images_group":[],"rop_custom_messages_group":[],"rop_publish_now":"initial","rop_publish_now_accounts":[],"rop_publish_now_history":[],"rop_publish_now_status":"pending","footnotes":"","jetpack_publicize_message":"","jetpack_publicize_feature_enabled":true,"jetpack_social_post_already_shared":true,"jetpack_social_options":{"image_generator_settings":{"template":"highway","enabled":false},"version":2}},"categories":[12],"tags":[],"class_list":{"0":"post-15867","1":"post","2":"type-post","3":"status-publish","4":"format-standard","5":"has-post-thumbnail","7":"category-espectaculos"},"jetpack_publicize_connections":[],"yoast_head":"<!-- This site is optimized with the Yoast SEO plugin v27.3 - https:\/\/yoast.com\/product\/yoast-seo-wordpress\/ -->\n<title>Dolor por la muerte de Adolfo Aristarain: as\u00ed lo despidieron Griselda Siciliani, Dolores Fonzi y otras figuras - CLAN ESPECTACULOS<\/title>\n<meta name=\"robots\" content=\"index, follow, max-snippet:-1, max-image-preview:large, max-video-preview:-1\" \/>\n<link rel=\"canonical\" href=\"https:\/\/radioclanfm.com\/clanespectaculos\/dolor-por-la-muerte-de-adolfo-aristarain-asi-lo-despidieron-griselda-siciliani-dolores-fonzi-y-otras-figuras\/\" \/>\n<meta property=\"og:locale\" content=\"es_ES\" \/>\n<meta property=\"og:type\" content=\"article\" \/>\n<meta property=\"og:title\" content=\"Dolor por la muerte de Adolfo Aristarain: as\u00ed lo despidieron Griselda Siciliani, Dolores Fonzi y otras figuras - CLAN ESPECTACULOS\" \/>\n<meta property=\"og:description\" content=\"Figuras como Griselda Siciliani, Dolores Fonzi y Ana Mar\u00eda Picchio le dedicaron posteos al gran cineasta detr\u00e1s de \u201cUn lugar en el mundo\u201d y \u201cMart\u00edn (Hache)\u201d, entre otras grandes pel\u00edculas. Despu\u00e9s de que se conociera la triste noticia de la muerte del cineasta\u00a0Adolfo Aristarain, varias figuras del mundo del espect\u00e1culo\u00a0lo despidieron en las redes sociales. [&hellip;]\" \/>\n<meta property=\"og:url\" content=\"https:\/\/radioclanfm.com\/clanespectaculos\/dolor-por-la-muerte-de-adolfo-aristarain-asi-lo-despidieron-griselda-siciliani-dolores-fonzi-y-otras-figuras\/\" \/>\n<meta property=\"og:site_name\" content=\"CLAN ESPECTACULOS\" \/>\n<meta property=\"article:publisher\" content=\"https:\/\/www.facebook.com\/clanespectaculos\/\" \/>\n<meta property=\"article:published_time\" content=\"2026-04-27T12:51:02+00:00\" \/>\n<meta property=\"og:image\" content=\"https:\/\/radioclanfm.com\/clanespectaculos\/wp-content\/uploads\/sites\/2\/2026\/04\/jW2bDVvM.jpg\" \/>\n\t<meta property=\"og:image:width\" content=\"900\" \/>\n\t<meta property=\"og:image:height\" content=\"505\" \/>\n\t<meta property=\"og:image:type\" content=\"image\/jpeg\" \/>\n<meta name=\"author\" content=\"E-GRUPOCLAN\" \/>\n<meta name=\"twitter:card\" content=\"summary_large_image\" \/>\n<meta name=\"twitter:creator\" content=\"@clanespectok\" \/>\n<meta name=\"twitter:site\" content=\"@clanespectok\" \/>\n<meta name=\"twitter:label1\" content=\"Escrito por\" \/>\n\t<meta name=\"twitter:data1\" content=\"E-GRUPOCLAN\" \/>\n\t<meta name=\"twitter:label2\" content=\"Tiempo de lectura\" \/>\n\t<meta name=\"twitter:data2\" content=\"7 minutos\" \/>\n<script type=\"application\/ld+json\" class=\"yoast-schema-graph\">{\"@context\":\"https:\\\/\\\/schema.org\",\"@graph\":[{\"@type\":\"Article\",\"@id\":\"https:\\\/\\\/radioclanfm.com\\\/clanespectaculos\\\/dolor-por-la-muerte-de-adolfo-aristarain-asi-lo-despidieron-griselda-siciliani-dolores-fonzi-y-otras-figuras\\\/#article\",\"isPartOf\":{\"@id\":\"https:\\\/\\\/radioclanfm.com\\\/clanespectaculos\\\/dolor-por-la-muerte-de-adolfo-aristarain-asi-lo-despidieron-griselda-siciliani-dolores-fonzi-y-otras-figuras\\\/\"},\"author\":{\"name\":\"E-GRUPOCLAN\",\"@id\":\"https:\\\/\\\/radioclanfm.com\\\/clanespectaculos\\\/#\\\/schema\\\/person\\\/9734813083303230f3ad84d99171b20c\"},\"headline\":\"Dolor por la muerte de Adolfo Aristarain: as\u00ed lo despidieron Griselda Siciliani, Dolores Fonzi y otras figuras\",\"datePublished\":\"2026-04-27T12:51:02+00:00\",\"mainEntityOfPage\":{\"@id\":\"https:\\\/\\\/radioclanfm.com\\\/clanespectaculos\\\/dolor-por-la-muerte-de-adolfo-aristarain-asi-lo-despidieron-griselda-siciliani-dolores-fonzi-y-otras-figuras\\\/\"},\"wordCount\":1124,\"commentCount\":0,\"publisher\":{\"@id\":\"https:\\\/\\\/radioclanfm.com\\\/clanespectaculos\\\/#organization\"},\"image\":{\"@id\":\"https:\\\/\\\/radioclanfm.com\\\/clanespectaculos\\\/dolor-por-la-muerte-de-adolfo-aristarain-asi-lo-despidieron-griselda-siciliani-dolores-fonzi-y-otras-figuras\\\/#primaryimage\"},\"thumbnailUrl\":\"https:\\\/\\\/radioclanfm.com\\\/clanespectaculos\\\/wp-content\\\/uploads\\\/sites\\\/2\\\/2026\\\/04\\\/jW2bDVvM.jpg\",\"articleSection\":[\"Espectaculos\"],\"inLanguage\":\"es-AR\",\"potentialAction\":[{\"@type\":\"CommentAction\",\"name\":\"Comment\",\"target\":[\"https:\\\/\\\/radioclanfm.com\\\/clanespectaculos\\\/dolor-por-la-muerte-de-adolfo-aristarain-asi-lo-despidieron-griselda-siciliani-dolores-fonzi-y-otras-figuras\\\/#respond\"]}]},{\"@type\":\"WebPage\",\"@id\":\"https:\\\/\\\/radioclanfm.com\\\/clanespectaculos\\\/dolor-por-la-muerte-de-adolfo-aristarain-asi-lo-despidieron-griselda-siciliani-dolores-fonzi-y-otras-figuras\\\/\",\"url\":\"https:\\\/\\\/radioclanfm.com\\\/clanespectaculos\\\/dolor-por-la-muerte-de-adolfo-aristarain-asi-lo-despidieron-griselda-siciliani-dolores-fonzi-y-otras-figuras\\\/\",\"name\":\"Dolor por la muerte de Adolfo Aristarain: as\u00ed lo despidieron Griselda Siciliani, Dolores Fonzi y otras figuras - CLAN ESPECTACULOS\",\"isPartOf\":{\"@id\":\"https:\\\/\\\/radioclanfm.com\\\/clanespectaculos\\\/#website\"},\"primaryImageOfPage\":{\"@id\":\"https:\\\/\\\/radioclanfm.com\\\/clanespectaculos\\\/dolor-por-la-muerte-de-adolfo-aristarain-asi-lo-despidieron-griselda-siciliani-dolores-fonzi-y-otras-figuras\\\/#primaryimage\"},\"image\":{\"@id\":\"https:\\\/\\\/radioclanfm.com\\\/clanespectaculos\\\/dolor-por-la-muerte-de-adolfo-aristarain-asi-lo-despidieron-griselda-siciliani-dolores-fonzi-y-otras-figuras\\\/#primaryimage\"},\"thumbnailUrl\":\"https:\\\/\\\/radioclanfm.com\\\/clanespectaculos\\\/wp-content\\\/uploads\\\/sites\\\/2\\\/2026\\\/04\\\/jW2bDVvM.jpg\",\"datePublished\":\"2026-04-27T12:51:02+00:00\",\"breadcrumb\":{\"@id\":\"https:\\\/\\\/radioclanfm.com\\\/clanespectaculos\\\/dolor-por-la-muerte-de-adolfo-aristarain-asi-lo-despidieron-griselda-siciliani-dolores-fonzi-y-otras-figuras\\\/#breadcrumb\"},\"inLanguage\":\"es-AR\",\"potentialAction\":[{\"@type\":\"ReadAction\",\"target\":[\"https:\\\/\\\/radioclanfm.com\\\/clanespectaculos\\\/dolor-por-la-muerte-de-adolfo-aristarain-asi-lo-despidieron-griselda-siciliani-dolores-fonzi-y-otras-figuras\\\/\"]}]},{\"@type\":\"ImageObject\",\"inLanguage\":\"es-AR\",\"@id\":\"https:\\\/\\\/radioclanfm.com\\\/clanespectaculos\\\/dolor-por-la-muerte-de-adolfo-aristarain-asi-lo-despidieron-griselda-siciliani-dolores-fonzi-y-otras-figuras\\\/#primaryimage\",\"url\":\"https:\\\/\\\/radioclanfm.com\\\/clanespectaculos\\\/wp-content\\\/uploads\\\/sites\\\/2\\\/2026\\\/04\\\/jW2bDVvM.jpg\",\"contentUrl\":\"https:\\\/\\\/radioclanfm.com\\\/clanespectaculos\\\/wp-content\\\/uploads\\\/sites\\\/2\\\/2026\\\/04\\\/jW2bDVvM.jpg\",\"width\":900,\"height\":505},{\"@type\":\"BreadcrumbList\",\"@id\":\"https:\\\/\\\/radioclanfm.com\\\/clanespectaculos\\\/dolor-por-la-muerte-de-adolfo-aristarain-asi-lo-despidieron-griselda-siciliani-dolores-fonzi-y-otras-figuras\\\/#breadcrumb\",\"itemListElement\":[{\"@type\":\"ListItem\",\"position\":1,\"name\":\"Inicio\",\"item\":\"https:\\\/\\\/radioclanfm.com\\\/clanespectaculos\\\/\"},{\"@type\":\"ListItem\",\"position\":2,\"name\":\"Dolor por la muerte de Adolfo Aristarain: as\u00ed lo despidieron Griselda Siciliani, Dolores Fonzi y otras figuras\"}]},{\"@type\":\"WebSite\",\"@id\":\"https:\\\/\\\/radioclanfm.com\\\/clanespectaculos\\\/#website\",\"url\":\"https:\\\/\\\/radioclanfm.com\\\/clanespectaculos\\\/\",\"name\":\"CLAN ESPECTACULOS\",\"description\":\"\",\"publisher\":{\"@id\":\"https:\\\/\\\/radioclanfm.com\\\/clanespectaculos\\\/#organization\"},\"potentialAction\":[{\"@type\":\"SearchAction\",\"target\":{\"@type\":\"EntryPoint\",\"urlTemplate\":\"https:\\\/\\\/radioclanfm.com\\\/clanespectaculos\\\/?s={search_term_string}\"},\"query-input\":{\"@type\":\"PropertyValueSpecification\",\"valueRequired\":true,\"valueName\":\"search_term_string\"}}],\"inLanguage\":\"es-AR\"},{\"@type\":\"Organization\",\"@id\":\"https:\\\/\\\/radioclanfm.com\\\/clanespectaculos\\\/#organization\",\"name\":\"CLAN ESPECTACULOS\",\"url\":\"https:\\\/\\\/radioclanfm.com\\\/clanespectaculos\\\/\",\"logo\":{\"@type\":\"ImageObject\",\"inLanguage\":\"es-AR\",\"@id\":\"https:\\\/\\\/radioclanfm.com\\\/clanespectaculos\\\/#\\\/schema\\\/logo\\\/image\\\/\",\"url\":\"https:\\\/\\\/radioclanfm.com\\\/clanespectaculos\\\/wp-content\\\/uploads\\\/sites\\\/2\\\/2026\\\/04\\\/ChatGPT-Image-23-mar-2026-10_09_00.png\",\"contentUrl\":\"https:\\\/\\\/radioclanfm.com\\\/clanespectaculos\\\/wp-content\\\/uploads\\\/sites\\\/2\\\/2026\\\/04\\\/ChatGPT-Image-23-mar-2026-10_09_00.png\",\"width\":1024,\"height\":1024,\"caption\":\"CLAN ESPECTACULOS\"},\"image\":{\"@id\":\"https:\\\/\\\/radioclanfm.com\\\/clanespectaculos\\\/#\\\/schema\\\/logo\\\/image\\\/\"},\"sameAs\":[\"https:\\\/\\\/www.facebook.com\\\/clanespectaculos\\\/\",\"https:\\\/\\\/x.com\\\/clanespectok\"]},{\"@type\":\"Person\",\"@id\":\"https:\\\/\\\/radioclanfm.com\\\/clanespectaculos\\\/#\\\/schema\\\/person\\\/9734813083303230f3ad84d99171b20c\",\"name\":\"E-GRUPOCLAN\",\"image\":{\"@type\":\"ImageObject\",\"inLanguage\":\"es-AR\",\"@id\":\"https:\\\/\\\/secure.gravatar.com\\\/avatar\\\/af6e19837c3d6a212034a48c7b3818d2ac1826f6025df0155da5a186ad321d79?s=96&d=mm&r=g\",\"url\":\"https:\\\/\\\/secure.gravatar.com\\\/avatar\\\/af6e19837c3d6a212034a48c7b3818d2ac1826f6025df0155da5a186ad321d79?s=96&d=mm&r=g\",\"contentUrl\":\"https:\\\/\\\/secure.gravatar.com\\\/avatar\\\/af6e19837c3d6a212034a48c7b3818d2ac1826f6025df0155da5a186ad321d79?s=96&d=mm&r=g\",\"caption\":\"E-GRUPOCLAN\"},\"sameAs\":[\"https:\\\/\\\/radioclanfm.com\"],\"url\":\"https:\\\/\\\/radioclanfm.com\\\/clanespectaculos\\\/author\\\/admin\\\/\"}]}<\/script>\n<!-- \/ Yoast SEO plugin. -->","yoast_head_json":{"title":"Dolor por la muerte de Adolfo Aristarain: as\u00ed lo despidieron Griselda Siciliani, Dolores Fonzi y otras figuras - CLAN ESPECTACULOS","robots":{"index":"index","follow":"follow","max-snippet":"max-snippet:-1","max-image-preview":"max-image-preview:large","max-video-preview":"max-video-preview:-1"},"canonical":"https:\/\/radioclanfm.com\/clanespectaculos\/dolor-por-la-muerte-de-adolfo-aristarain-asi-lo-despidieron-griselda-siciliani-dolores-fonzi-y-otras-figuras\/","og_locale":"es_ES","og_type":"article","og_title":"Dolor por la muerte de Adolfo Aristarain: as\u00ed lo despidieron Griselda Siciliani, Dolores Fonzi y otras figuras - CLAN ESPECTACULOS","og_description":"Figuras como Griselda Siciliani, Dolores Fonzi y Ana Mar\u00eda Picchio le dedicaron posteos al gran cineasta detr\u00e1s de \u201cUn lugar en el mundo\u201d y \u201cMart\u00edn (Hache)\u201d, entre otras grandes pel\u00edculas. Despu\u00e9s de que se conociera la triste noticia de la muerte del cineasta\u00a0Adolfo Aristarain, varias figuras del mundo del espect\u00e1culo\u00a0lo despidieron en las redes sociales. [&hellip;]","og_url":"https:\/\/radioclanfm.com\/clanespectaculos\/dolor-por-la-muerte-de-adolfo-aristarain-asi-lo-despidieron-griselda-siciliani-dolores-fonzi-y-otras-figuras\/","og_site_name":"CLAN ESPECTACULOS","article_publisher":"https:\/\/www.facebook.com\/clanespectaculos\/","article_published_time":"2026-04-27T12:51:02+00:00","og_image":[{"width":900,"height":505,"url":"https:\/\/radioclanfm.com\/clanespectaculos\/wp-content\/uploads\/sites\/2\/2026\/04\/jW2bDVvM.jpg","type":"image\/jpeg"}],"author":"E-GRUPOCLAN","twitter_card":"summary_large_image","twitter_creator":"@clanespectok","twitter_site":"@clanespectok","twitter_misc":{"Escrito por":"E-GRUPOCLAN","Tiempo de lectura":"7 minutos"},"schema":{"@context":"https:\/\/schema.org","@graph":[{"@type":"Article","@id":"https:\/\/radioclanfm.com\/clanespectaculos\/dolor-por-la-muerte-de-adolfo-aristarain-asi-lo-despidieron-griselda-siciliani-dolores-fonzi-y-otras-figuras\/#article","isPartOf":{"@id":"https:\/\/radioclanfm.com\/clanespectaculos\/dolor-por-la-muerte-de-adolfo-aristarain-asi-lo-despidieron-griselda-siciliani-dolores-fonzi-y-otras-figuras\/"},"author":{"name":"E-GRUPOCLAN","@id":"https:\/\/radioclanfm.com\/clanespectaculos\/#\/schema\/person\/9734813083303230f3ad84d99171b20c"},"headline":"Dolor por la muerte de Adolfo Aristarain: as\u00ed lo despidieron Griselda Siciliani, Dolores Fonzi y otras figuras","datePublished":"2026-04-27T12:51:02+00:00","mainEntityOfPage":{"@id":"https:\/\/radioclanfm.com\/clanespectaculos\/dolor-por-la-muerte-de-adolfo-aristarain-asi-lo-despidieron-griselda-siciliani-dolores-fonzi-y-otras-figuras\/"},"wordCount":1124,"commentCount":0,"publisher":{"@id":"https:\/\/radioclanfm.com\/clanespectaculos\/#organization"},"image":{"@id":"https:\/\/radioclanfm.com\/clanespectaculos\/dolor-por-la-muerte-de-adolfo-aristarain-asi-lo-despidieron-griselda-siciliani-dolores-fonzi-y-otras-figuras\/#primaryimage"},"thumbnailUrl":"https:\/\/radioclanfm.com\/clanespectaculos\/wp-content\/uploads\/sites\/2\/2026\/04\/jW2bDVvM.jpg","articleSection":["Espectaculos"],"inLanguage":"es-AR","potentialAction":[{"@type":"CommentAction","name":"Comment","target":["https:\/\/radioclanfm.com\/clanespectaculos\/dolor-por-la-muerte-de-adolfo-aristarain-asi-lo-despidieron-griselda-siciliani-dolores-fonzi-y-otras-figuras\/#respond"]}]},{"@type":"WebPage","@id":"https:\/\/radioclanfm.com\/clanespectaculos\/dolor-por-la-muerte-de-adolfo-aristarain-asi-lo-despidieron-griselda-siciliani-dolores-fonzi-y-otras-figuras\/","url":"https:\/\/radioclanfm.com\/clanespectaculos\/dolor-por-la-muerte-de-adolfo-aristarain-asi-lo-despidieron-griselda-siciliani-dolores-fonzi-y-otras-figuras\/","name":"Dolor por la muerte de Adolfo Aristarain: as\u00ed lo despidieron Griselda Siciliani, Dolores Fonzi y otras figuras - CLAN ESPECTACULOS","isPartOf":{"@id":"https:\/\/radioclanfm.com\/clanespectaculos\/#website"},"primaryImageOfPage":{"@id":"https:\/\/radioclanfm.com\/clanespectaculos\/dolor-por-la-muerte-de-adolfo-aristarain-asi-lo-despidieron-griselda-siciliani-dolores-fonzi-y-otras-figuras\/#primaryimage"},"image":{"@id":"https:\/\/radioclanfm.com\/clanespectaculos\/dolor-por-la-muerte-de-adolfo-aristarain-asi-lo-despidieron-griselda-siciliani-dolores-fonzi-y-otras-figuras\/#primaryimage"},"thumbnailUrl":"https:\/\/radioclanfm.com\/clanespectaculos\/wp-content\/uploads\/sites\/2\/2026\/04\/jW2bDVvM.jpg","datePublished":"2026-04-27T12:51:02+00:00","breadcrumb":{"@id":"https:\/\/radioclanfm.com\/clanespectaculos\/dolor-por-la-muerte-de-adolfo-aristarain-asi-lo-despidieron-griselda-siciliani-dolores-fonzi-y-otras-figuras\/#breadcrumb"},"inLanguage":"es-AR","potentialAction":[{"@type":"ReadAction","target":["https:\/\/radioclanfm.com\/clanespectaculos\/dolor-por-la-muerte-de-adolfo-aristarain-asi-lo-despidieron-griselda-siciliani-dolores-fonzi-y-otras-figuras\/"]}]},{"@type":"ImageObject","inLanguage":"es-AR","@id":"https:\/\/radioclanfm.com\/clanespectaculos\/dolor-por-la-muerte-de-adolfo-aristarain-asi-lo-despidieron-griselda-siciliani-dolores-fonzi-y-otras-figuras\/#primaryimage","url":"https:\/\/radioclanfm.com\/clanespectaculos\/wp-content\/uploads\/sites\/2\/2026\/04\/jW2bDVvM.jpg","contentUrl":"https:\/\/radioclanfm.com\/clanespectaculos\/wp-content\/uploads\/sites\/2\/2026\/04\/jW2bDVvM.jpg","width":900,"height":505},{"@type":"BreadcrumbList","@id":"https:\/\/radioclanfm.com\/clanespectaculos\/dolor-por-la-muerte-de-adolfo-aristarain-asi-lo-despidieron-griselda-siciliani-dolores-fonzi-y-otras-figuras\/#breadcrumb","itemListElement":[{"@type":"ListItem","position":1,"name":"Inicio","item":"https:\/\/radioclanfm.com\/clanespectaculos\/"},{"@type":"ListItem","position":2,"name":"Dolor por la muerte de Adolfo Aristarain: as\u00ed lo despidieron Griselda Siciliani, Dolores Fonzi y otras figuras"}]},{"@type":"WebSite","@id":"https:\/\/radioclanfm.com\/clanespectaculos\/#website","url":"https:\/\/radioclanfm.com\/clanespectaculos\/","name":"CLAN ESPECTACULOS","description":"","publisher":{"@id":"https:\/\/radioclanfm.com\/clanespectaculos\/#organization"},"potentialAction":[{"@type":"SearchAction","target":{"@type":"EntryPoint","urlTemplate":"https:\/\/radioclanfm.com\/clanespectaculos\/?s={search_term_string}"},"query-input":{"@type":"PropertyValueSpecification","valueRequired":true,"valueName":"search_term_string"}}],"inLanguage":"es-AR"},{"@type":"Organization","@id":"https:\/\/radioclanfm.com\/clanespectaculos\/#organization","name":"CLAN ESPECTACULOS","url":"https:\/\/radioclanfm.com\/clanespectaculos\/","logo":{"@type":"ImageObject","inLanguage":"es-AR","@id":"https:\/\/radioclanfm.com\/clanespectaculos\/#\/schema\/logo\/image\/","url":"https:\/\/radioclanfm.com\/clanespectaculos\/wp-content\/uploads\/sites\/2\/2026\/04\/ChatGPT-Image-23-mar-2026-10_09_00.png","contentUrl":"https:\/\/radioclanfm.com\/clanespectaculos\/wp-content\/uploads\/sites\/2\/2026\/04\/ChatGPT-Image-23-mar-2026-10_09_00.png","width":1024,"height":1024,"caption":"CLAN ESPECTACULOS"},"image":{"@id":"https:\/\/radioclanfm.com\/clanespectaculos\/#\/schema\/logo\/image\/"},"sameAs":["https:\/\/www.facebook.com\/clanespectaculos\/","https:\/\/x.com\/clanespectok"]},{"@type":"Person","@id":"https:\/\/radioclanfm.com\/clanespectaculos\/#\/schema\/person\/9734813083303230f3ad84d99171b20c","name":"E-GRUPOCLAN","image":{"@type":"ImageObject","inLanguage":"es-AR","@id":"https:\/\/secure.gravatar.com\/avatar\/af6e19837c3d6a212034a48c7b3818d2ac1826f6025df0155da5a186ad321d79?s=96&d=mm&r=g","url":"https:\/\/secure.gravatar.com\/avatar\/af6e19837c3d6a212034a48c7b3818d2ac1826f6025df0155da5a186ad321d79?s=96&d=mm&r=g","contentUrl":"https:\/\/secure.gravatar.com\/avatar\/af6e19837c3d6a212034a48c7b3818d2ac1826f6025df0155da5a186ad321d79?s=96&d=mm&r=g","caption":"E-GRUPOCLAN"},"sameAs":["https:\/\/radioclanfm.com"],"url":"https:\/\/radioclanfm.com\/clanespectaculos\/author\/admin\/"}]}},"_links":{"self":[{"href":"https:\/\/radioclanfm.com\/clanespectaculos\/wp-json\/wp\/v2\/posts\/15867","targetHints":{"allow":["GET"]}}],"collection":[{"href":"https:\/\/radioclanfm.com\/clanespectaculos\/wp-json\/wp\/v2\/posts"}],"about":[{"href":"https:\/\/radioclanfm.com\/clanespectaculos\/wp-json\/wp\/v2\/types\/post"}],"author":[{"embeddable":true,"href":"https:\/\/radioclanfm.com\/clanespectaculos\/wp-json\/wp\/v2\/users\/1"}],"replies":[{"embeddable":true,"href":"https:\/\/radioclanfm.com\/clanespectaculos\/wp-json\/wp\/v2\/comments?post=15867"}],"version-history":[{"count":1,"href":"https:\/\/radioclanfm.com\/clanespectaculos\/wp-json\/wp\/v2\/posts\/15867\/revisions"}],"predecessor-version":[{"id":15869,"href":"https:\/\/radioclanfm.com\/clanespectaculos\/wp-json\/wp\/v2\/posts\/15867\/revisions\/15869"}],"wp:featuredmedia":[{"embeddable":true,"href":"https:\/\/radioclanfm.com\/clanespectaculos\/wp-json\/wp\/v2\/media\/15868"}],"wp:attachment":[{"href":"https:\/\/radioclanfm.com\/clanespectaculos\/wp-json\/wp\/v2\/media?parent=15867"}],"wp:term":[{"taxonomy":"category","embeddable":true,"href":"https:\/\/radioclanfm.com\/clanespectaculos\/wp-json\/wp\/v2\/categories?post=15867"},{"taxonomy":"post_tag","embeddable":true,"href":"https:\/\/radioclanfm.com\/clanespectaculos\/wp-json\/wp\/v2\/tags?post=15867"}],"curies":[{"name":"wp","href":"https:\/\/api.w.org\/{rel}","templated":true}]}}