{"id":15864,"date":"2026-04-27T09:49:39","date_gmt":"2026-04-27T12:49:39","guid":{"rendered":"https:\/\/radioclanfm.com\/clanespectaculos\/?p=15864"},"modified":"2026-04-27T09:49:39","modified_gmt":"2026-04-27T12:49:39","slug":"el-dolor-de-daniela-cardone-tras-la-muerte-de-su-papa-gracias-por-ser-mi-guia-te-voy-a-extranar-siempre","status":"publish","type":"post","link":"https:\/\/radioclanfm.com\/clanespectaculos\/el-dolor-de-daniela-cardone-tras-la-muerte-de-su-papa-gracias-por-ser-mi-guia-te-voy-a-extranar-siempre\/","title":{"rendered":"El dolor de Daniela Cardone tras la muerte de su pap\u00e1: \u201cGracias por ser mi gu\u00eda, te voy a extra\u00f1ar siempre\u201d"},"content":{"rendered":"<p>La actriz y modelo record\u00f3 a Roberto en sus redes sociales con un sentido posteo.<\/p>\n<div class=\"col-content\"><main class=\"col-content\"><\/p>\n<div class=\"default-article-color article__body article__article\">\n<p class=\"paragraph font__body-regular\"><b>Daniela Cardone<\/b><b>\u00a0<\/b>despidi\u00f3 a su pap\u00e1 Roberto, quien\u00a0<b>muri\u00f3 este domingo<\/b>. Con el dolor y la tristeza a flor de piel, igualmente se mostr\u00f3 agradecida por todo el tiempo que compartieron y todas las ense\u00f1anzas que le dej\u00f3.<\/p>\n<div id=\"ad-slot-infeed\" class=\"infeed-container ad-slot-infeed ad-slot\" data-adtype=\"infeed\" data-lazyload=\"1\" data-google-query-id=\"CJSXzs2IjpQDFaBTuAQde5ARdQ\">\n<div id=\"google_ads_iframe_\/113951150\/tn-arc\/nota\/infeed_0__container__\"><iframe id=\"google_ads_iframe_\/113951150\/tn-arc\/nota\/infeed_0\" tabindex=\"0\" title=\"Contenido de anuncios de terceros\" name=\"google_ads_iframe_\/113951150\/tn-arc\/nota\/infeed_0\" width=\"1\" height=\"1\" frameborder=\"0\" marginwidth=\"0\" marginheight=\"0\" scrolling=\"no\" aria-label=\"Anuncio\" data-google-container-id=\"9\" data-load-complete=\"true\" data-mce-fragment=\"1\"><\/iframe><\/div>\n<\/div>\n<p class=\"paragraph font__body-regular\">\u201cHay huellas que nunca, nunca se borran y amores que son eternos.\u00a0<b>Hoy me toca despedirte, viejo, pero te quedas conmigo en cada recuerdo, en cada consejo y en todo lo que me ense\u00f1aste&#8221;<\/b>, escribi\u00f3 la rtista<\/p>\n<div class=\"story-list\" data-mrf-recirculation=\"IL_RNrGCM52Q_ui4aMax3fibg\" data-testid=\"text-html\" data-mrf-experience=\"IL_RNrGCM52Q_ui4aMax3fibg\">\n<article class=\"card__container card__horizontal\">\n<div class=\"card__body\">\n<header>\n<h3 class=\"card__headline font__display\"><\/h3>\n<\/header>\n<\/div>\n<\/article>\n<\/div>\n<p class=\"paragraph font__body-regular\">Acto seguido, se mostr\u00f3 agradecida por toda una vida compartida. \u201cGracias, Roberto Cardone, por ser mi gu\u00eda y mi ejemplo\u201d.\u00a0<b>\u201cBuen viaje, pap\u00e1, te voy a extra\u00f1ar siempre. Te amo\u201d<\/b>, cerr\u00f3.<\/p>\n<figure class=\"\" data-testid=\"figure-testid\">\n<div class=\"aspect_ratio__container\"><picture class=\"responsive-image\"><source srcset=\"https:\/\/tn.com.ar\/resizer\/v2\/el-conmovedor-posteo-de-daniela-cardone-tras-la-muerte-de-su-papa-gracias-por-ser-mi-guia-y-mi-ejemplo-foto-instagram-dcdanycardone-VJW7PCGQVZAB3ED6JYVY2WSRPY.PNG?auth=6903b8298397c4c0c537f59a24480ce475c1ec4d8c2d582ec1734e63882fed51&amp;width=767\" type=\"image\/jpg\" media=\"(max-width: 728px)\" \/><source srcset=\"https:\/\/tn.com.ar\/resizer\/v2\/el-conmovedor-posteo-de-daniela-cardone-tras-la-muerte-de-su-papa-gracias-por-ser-mi-guia-y-mi-ejemplo-foto-instagram-dcdanycardone-VJW7PCGQVZAB3ED6JYVY2WSRPY.PNG?auth=6903b8298397c4c0c537f59a24480ce475c1ec4d8c2d582ec1734e63882fed51&amp;width=1023\" type=\"image\/jpg\" media=\"(max-width: 1023px)\" \/><source srcset=\"https:\/\/tn.com.ar\/resizer\/v2\/el-conmovedor-posteo-de-daniela-cardone-tras-la-muerte-de-su-papa-gracias-por-ser-mi-guia-y-mi-ejemplo-foto-instagram-dcdanycardone-VJW7PCGQVZAB3ED6JYVY2WSRPY.PNG?auth=6903b8298397c4c0c537f59a24480ce475c1ec4d8c2d582ec1734e63882fed51&amp;width=1440\" type=\"image\/jpg\" \/><img loading=\"lazy\" decoding=\"async\" class=\"image content-image image_placeholder\" src=\"https:\/\/tn.com.ar\/resizer\/v2\/el-conmovedor-posteo-de-daniela-cardone-tras-la-muerte-de-su-papa-gracias-por-ser-mi-guia-y-mi-ejemplo-foto-instagram-dcdanycardone-VJW7PCGQVZAB3ED6JYVY2WSRPY.PNG?auth=6903b8298397c4c0c537f59a24480ce475c1ec4d8c2d582ec1734e63882fed51&amp;width=767\" alt=\"El conmovedor posteo de Daniela Cardone tras la muerte de su pap\u00e1: \u201cGracias por ser mi gu\u00eda y mi ejemplo\u201d (Foto: Instagram \/dcdanycardone)\" width=\"767\" height=\"592\" data-testid=\"loading-testid\" \/><\/picture><\/div><figcaption class=\"caption_image\" data-testid=\"figcaption-testid\">\n<div class=\"image_caption \">El conmovedor posteo de Daniela Cardone tras la muerte de su pap\u00e1: \u201cGracias por ser mi gu\u00eda y mi ejemplo\u201d (Foto: Instagram \/dcdanycardone)<\/div>\n<\/figcaption><\/figure>\n<p class=\"paragraph font__body-regular\">La publicaci\u00f3n fue acompa\u00f1ada de una selfie en la que Cardone y su pap\u00e1 posaban con complicidad mirando a c\u00e1mara.<\/p>\n<p class=\"paragraph font__body-regular\">Su posteo no pas\u00f3 inadvertido entre los usuarios, que no dudaron en dejarle mensajes de fuerza y cari\u00f1o a toda la familia. \u201cFortaleza en tan doloroso momento, Dany. Mis condolencias\u201d, \u201cTe abrazo fuerte\u201d, \u201cAbrazo gigante\u201d, \u201cUn abrazo fuerte, Dani. Lo siento\u201d, fueron algunos de los comentarios que m\u00e1s se repitieron.<\/p>\n<h2 class=\"font--primary font__display\">Daniela Cardone cont\u00f3 que tiene a seis gatos embalsamados en su habitaci\u00f3n: \u201cCada uno tiene su estante\u201d<\/h2>\n<p class=\"paragraph font__body-regular\">Desde hace tiempo se sabe que\u00a0<b>Daniela Cardone<\/b>\u00a0es muy devota a los animales y que a algunos de sus gatos los embalsam\u00f3. En una charla durante\u00a0<i><b>La noche de Mirtha<\/b><\/i>\u00a0(<i>eltrece<\/i>), la exmodelo cont\u00f3\u00a0<b>d\u00f3nde est\u00e1n cada uno de ellos<\/b><b>.<\/b><\/p>\n<p class=\"paragraph font__body-regular\">\u201cHace tres d\u00edas se me fue otra gata.<b>\u00a0Se me murieron siete gatos en total<\/b>\u201d, coment\u00f3 Cardone en junio, poco despu\u00e9s de sufrir la p\u00e9rdida de otra de sus mascotas.<\/p>\n<p class=\"paragraph font__body-regular\">La ex top model asegur\u00f3 que convive con tres gatitos que est\u00e1n vivos y que los seis embalsamados est\u00e1n en su habitaci\u00f3n.\u00a0<b>\u201c\u00bfNo te da miedo que te miren de noche?\u201c, pregunt\u00f3 Mirtha Legrand.<\/b><\/p>\n<figure class=\"\" data-testid=\"figure-testid\">\n<div class=\"aspect_ratio__container\"><picture class=\"responsive-image\"><source srcset=\"https:\/\/tn.com.ar\/resizer\/v2\/el-dolor-de-daniela-cardone-por-la-muerte-de-un-ser-querido-te-vamos-a-extranar-foto-instagramdcdanycardone-MK2FIGFMNFF73HCL27UVGZ3RZE.jpg?auth=921da0c5757d69606c947d4b2fddeecc699348389d8222fe216f7f8dab387b6b&amp;width=767\" type=\"image\/jpg\" media=\"(max-width: 728px)\" \/><source srcset=\"https:\/\/tn.com.ar\/resizer\/v2\/el-dolor-de-daniela-cardone-por-la-muerte-de-un-ser-querido-te-vamos-a-extranar-foto-instagramdcdanycardone-MK2FIGFMNFF73HCL27UVGZ3RZE.jpg?auth=921da0c5757d69606c947d4b2fddeecc699348389d8222fe216f7f8dab387b6b&amp;width=1023\" type=\"image\/jpg\" media=\"(max-width: 1023px)\" \/><source srcset=\"https:\/\/tn.com.ar\/resizer\/v2\/el-dolor-de-daniela-cardone-por-la-muerte-de-un-ser-querido-te-vamos-a-extranar-foto-instagramdcdanycardone-MK2FIGFMNFF73HCL27UVGZ3RZE.jpg?auth=921da0c5757d69606c947d4b2fddeecc699348389d8222fe216f7f8dab387b6b&amp;width=1440\" type=\"image\/jpg\" \/><img loading=\"lazy\" decoding=\"async\" class=\"image content-image image_placeholder\" src=\"https:\/\/tn.com.ar\/resizer\/v2\/el-dolor-de-daniela-cardone-por-la-muerte-de-un-ser-querido-te-vamos-a-extranar-foto-instagramdcdanycardone-MK2FIGFMNFF73HCL27UVGZ3RZE.jpg?auth=921da0c5757d69606c947d4b2fddeecc699348389d8222fe216f7f8dab387b6b&amp;width=767\" alt=\"El dolor de Daniela Cardone por la muerte de un ser querido: &quot;Te vamos a extra\u00f1ar&quot;. (Foto: Instagram\/@dcdanycardone).\" width=\"767\" height=\"430\" data-testid=\"loading-testid\" \/><\/picture><\/div><figcaption class=\"caption_image\" data-testid=\"figcaption-testid\">\n<div class=\"image_caption \">El dolor de Daniela Cardone por la muerte de un ser querido: &#8220;Te vamos a extra\u00f1ar&#8221;. (Foto: Instagram\/@dcdanycardone).<\/div>\n<\/figcaption><\/figure>\n<p class=\"paragraph font__body-regular\">\u201cEs que compartieron tantos a\u00f1os conmigo. Diecis\u00e9is a\u00f1os, diecisiete. Yo la verdad que tengo una vida con ellos.\u00a0<b>Y los extra\u00f1o mucho.\u00a0<\/b>No s\u00e9 si es porque mi mam\u00e1 era muse\u00f3loga\u201d, agreg\u00f3. Luego coment\u00f3 que su mam\u00e1 trabajaba en el Museo de Valcheta, en R\u00edo Negro.<\/p>\n<p class=\"paragraph font__body-regular\">Minutos despu\u00e9s,\u00a0<b>Cardone dio m\u00e1s precisiones\u00a0<\/b>sobre d\u00f3nde est\u00e1n ubicados los seis gatos embalsamados y qu\u00e9 decisi\u00f3n tom\u00f3 con ellos.<\/p>\n<p class=\"paragraph font__body-regular\">\u201cTengo un mueble antiguo, muy lindo, donde ellos est\u00e1n en sus estantes. Se conservan ah\u00ed\u201d, dijo. \u201c\u00bfEn tu dormitorio?\u201c, le preguntaron. \u201dS\u00ed, pero decid\u00ed llevarlos a un lugar que es una iglesia, en Escobar,\u00a0<b>para que descansen definitivamente ah\u00ed en paz<\/b>. Van a estar en una iglesia al lado de San Expedito&#8221;, sintetiz\u00f3.<\/p>\n<\/div>\n<p><\/main><\/div>\n<aside class=\"col-right-rail right-rail\">\n<div id=\"parent-ad-slot-caja\" class=\"ad-container caja_ad \">\n<div class=\"ad-content\"><\/div>\n<\/div>\n<\/aside>\n","protected":false},"excerpt":{"rendered":"<p>La actriz y modelo record\u00f3 a Roberto en sus redes sociales con un sentido posteo. Daniela Cardone\u00a0despidi\u00f3 a su pap\u00e1 Roberto, quien\u00a0muri\u00f3 este domingo. Con el dolor y la tristeza a flor de piel, igualmente se mostr\u00f3 agradecida por todo el tiempo que compartieron y todas las ense\u00f1anzas que le dej\u00f3. \u201cHay huellas que nunca, [&hellip;]<\/p>\n","protected":false},"author":1,"featured_media":15865,"comment_status":"open","ping_status":"open","sticky":false,"template":"","format":"standard","meta":{"rop_custom_images_group":[],"rop_custom_messages_group":[],"rop_publish_now":"initial","rop_publish_now_accounts":[],"rop_publish_now_history":[],"rop_publish_now_status":"pending","footnotes":"","jetpack_publicize_message":"","jetpack_publicize_feature_enabled":true,"jetpack_social_post_already_shared":true,"jetpack_social_options":{"image_generator_settings":{"template":"highway","enabled":false},"version":2}},"categories":[12],"tags":[],"class_list":{"0":"post-15864","1":"post","2":"type-post","3":"status-publish","4":"format-standard","5":"has-post-thumbnail","7":"category-espectaculos"},"jetpack_publicize_connections":[],"yoast_head":"<!-- This site is optimized with the Yoast SEO plugin v27.3 - https:\/\/yoast.com\/product\/yoast-seo-wordpress\/ -->\n<title>El dolor de Daniela Cardone tras la muerte de su pap\u00e1: \u201cGracias por ser mi gu\u00eda, te voy a extra\u00f1ar siempre\u201d - CLAN ESPECTACULOS<\/title>\n<meta name=\"robots\" content=\"index, follow, max-snippet:-1, max-image-preview:large, max-video-preview:-1\" \/>\n<link rel=\"canonical\" href=\"https:\/\/radioclanfm.com\/clanespectaculos\/el-dolor-de-daniela-cardone-tras-la-muerte-de-su-papa-gracias-por-ser-mi-guia-te-voy-a-extranar-siempre\/\" \/>\n<meta property=\"og:locale\" content=\"es_ES\" \/>\n<meta property=\"og:type\" content=\"article\" \/>\n<meta property=\"og:title\" content=\"El dolor de Daniela Cardone tras la muerte de su pap\u00e1: \u201cGracias por ser mi gu\u00eda, te voy a extra\u00f1ar siempre\u201d - CLAN ESPECTACULOS\" \/>\n<meta property=\"og:description\" content=\"La actriz y modelo record\u00f3 a Roberto en sus redes sociales con un sentido posteo. Daniela Cardone\u00a0despidi\u00f3 a su pap\u00e1 Roberto, quien\u00a0muri\u00f3 este domingo. Con el dolor y la tristeza a flor de piel, igualmente se mostr\u00f3 agradecida por todo el tiempo que compartieron y todas las ense\u00f1anzas que le dej\u00f3. \u201cHay huellas que nunca, [&hellip;]\" \/>\n<meta property=\"og:url\" content=\"https:\/\/radioclanfm.com\/clanespectaculos\/el-dolor-de-daniela-cardone-tras-la-muerte-de-su-papa-gracias-por-ser-mi-guia-te-voy-a-extranar-siempre\/\" \/>\n<meta property=\"og:site_name\" content=\"CLAN ESPECTACULOS\" \/>\n<meta property=\"article:publisher\" content=\"https:\/\/www.facebook.com\/clanespectaculos\/\" \/>\n<meta property=\"article:published_time\" content=\"2026-04-27T12:49:39+00:00\" \/>\n<meta property=\"og:image\" content=\"https:\/\/radioclanfm.com\/clanespectaculos\/wp-content\/uploads\/sites\/2\/2026\/04\/Qrs2ex_q.jpg\" \/>\n\t<meta property=\"og:image:width\" content=\"900\" \/>\n\t<meta property=\"og:image:height\" content=\"504\" \/>\n\t<meta property=\"og:image:type\" content=\"image\/jpeg\" \/>\n<meta name=\"author\" content=\"E-GRUPOCLAN\" \/>\n<meta name=\"twitter:card\" content=\"summary_large_image\" \/>\n<meta name=\"twitter:creator\" content=\"@clanespectok\" \/>\n<meta name=\"twitter:site\" content=\"@clanespectok\" \/>\n<meta name=\"twitter:label1\" content=\"Escrito por\" \/>\n\t<meta name=\"twitter:data1\" content=\"E-GRUPOCLAN\" \/>\n\t<meta name=\"twitter:label2\" content=\"Tiempo de lectura\" \/>\n\t<meta name=\"twitter:data2\" content=\"3 minutos\" \/>\n<script type=\"application\/ld+json\" class=\"yoast-schema-graph\">{\"@context\":\"https:\\\/\\\/schema.org\",\"@graph\":[{\"@type\":\"Article\",\"@id\":\"https:\\\/\\\/radioclanfm.com\\\/clanespectaculos\\\/el-dolor-de-daniela-cardone-tras-la-muerte-de-su-papa-gracias-por-ser-mi-guia-te-voy-a-extranar-siempre\\\/#article\",\"isPartOf\":{\"@id\":\"https:\\\/\\\/radioclanfm.com\\\/clanespectaculos\\\/el-dolor-de-daniela-cardone-tras-la-muerte-de-su-papa-gracias-por-ser-mi-guia-te-voy-a-extranar-siempre\\\/\"},\"author\":{\"name\":\"E-GRUPOCLAN\",\"@id\":\"https:\\\/\\\/radioclanfm.com\\\/clanespectaculos\\\/#\\\/schema\\\/person\\\/9734813083303230f3ad84d99171b20c\"},\"headline\":\"El dolor de Daniela Cardone tras la muerte de su pap\u00e1: \u201cGracias por ser mi gu\u00eda, te voy a extra\u00f1ar siempre\u201d\",\"datePublished\":\"2026-04-27T12:49:39+00:00\",\"mainEntityOfPage\":{\"@id\":\"https:\\\/\\\/radioclanfm.com\\\/clanespectaculos\\\/el-dolor-de-daniela-cardone-tras-la-muerte-de-su-papa-gracias-por-ser-mi-guia-te-voy-a-extranar-siempre\\\/\"},\"wordCount\":529,\"commentCount\":0,\"publisher\":{\"@id\":\"https:\\\/\\\/radioclanfm.com\\\/clanespectaculos\\\/#organization\"},\"image\":{\"@id\":\"https:\\\/\\\/radioclanfm.com\\\/clanespectaculos\\\/el-dolor-de-daniela-cardone-tras-la-muerte-de-su-papa-gracias-por-ser-mi-guia-te-voy-a-extranar-siempre\\\/#primaryimage\"},\"thumbnailUrl\":\"https:\\\/\\\/radioclanfm.com\\\/clanespectaculos\\\/wp-content\\\/uploads\\\/sites\\\/2\\\/2026\\\/04\\\/Qrs2ex_q.jpg\",\"articleSection\":[\"Espectaculos\"],\"inLanguage\":\"es-AR\",\"potentialAction\":[{\"@type\":\"CommentAction\",\"name\":\"Comment\",\"target\":[\"https:\\\/\\\/radioclanfm.com\\\/clanespectaculos\\\/el-dolor-de-daniela-cardone-tras-la-muerte-de-su-papa-gracias-por-ser-mi-guia-te-voy-a-extranar-siempre\\\/#respond\"]}]},{\"@type\":\"WebPage\",\"@id\":\"https:\\\/\\\/radioclanfm.com\\\/clanespectaculos\\\/el-dolor-de-daniela-cardone-tras-la-muerte-de-su-papa-gracias-por-ser-mi-guia-te-voy-a-extranar-siempre\\\/\",\"url\":\"https:\\\/\\\/radioclanfm.com\\\/clanespectaculos\\\/el-dolor-de-daniela-cardone-tras-la-muerte-de-su-papa-gracias-por-ser-mi-guia-te-voy-a-extranar-siempre\\\/\",\"name\":\"El dolor de Daniela Cardone tras la muerte de su pap\u00e1: \u201cGracias por ser mi gu\u00eda, te voy a extra\u00f1ar siempre\u201d - CLAN ESPECTACULOS\",\"isPartOf\":{\"@id\":\"https:\\\/\\\/radioclanfm.com\\\/clanespectaculos\\\/#website\"},\"primaryImageOfPage\":{\"@id\":\"https:\\\/\\\/radioclanfm.com\\\/clanespectaculos\\\/el-dolor-de-daniela-cardone-tras-la-muerte-de-su-papa-gracias-por-ser-mi-guia-te-voy-a-extranar-siempre\\\/#primaryimage\"},\"image\":{\"@id\":\"https:\\\/\\\/radioclanfm.com\\\/clanespectaculos\\\/el-dolor-de-daniela-cardone-tras-la-muerte-de-su-papa-gracias-por-ser-mi-guia-te-voy-a-extranar-siempre\\\/#primaryimage\"},\"thumbnailUrl\":\"https:\\\/\\\/radioclanfm.com\\\/clanespectaculos\\\/wp-content\\\/uploads\\\/sites\\\/2\\\/2026\\\/04\\\/Qrs2ex_q.jpg\",\"datePublished\":\"2026-04-27T12:49:39+00:00\",\"breadcrumb\":{\"@id\":\"https:\\\/\\\/radioclanfm.com\\\/clanespectaculos\\\/el-dolor-de-daniela-cardone-tras-la-muerte-de-su-papa-gracias-por-ser-mi-guia-te-voy-a-extranar-siempre\\\/#breadcrumb\"},\"inLanguage\":\"es-AR\",\"potentialAction\":[{\"@type\":\"ReadAction\",\"target\":[\"https:\\\/\\\/radioclanfm.com\\\/clanespectaculos\\\/el-dolor-de-daniela-cardone-tras-la-muerte-de-su-papa-gracias-por-ser-mi-guia-te-voy-a-extranar-siempre\\\/\"]}]},{\"@type\":\"ImageObject\",\"inLanguage\":\"es-AR\",\"@id\":\"https:\\\/\\\/radioclanfm.com\\\/clanespectaculos\\\/el-dolor-de-daniela-cardone-tras-la-muerte-de-su-papa-gracias-por-ser-mi-guia-te-voy-a-extranar-siempre\\\/#primaryimage\",\"url\":\"https:\\\/\\\/radioclanfm.com\\\/clanespectaculos\\\/wp-content\\\/uploads\\\/sites\\\/2\\\/2026\\\/04\\\/Qrs2ex_q.jpg\",\"contentUrl\":\"https:\\\/\\\/radioclanfm.com\\\/clanespectaculos\\\/wp-content\\\/uploads\\\/sites\\\/2\\\/2026\\\/04\\\/Qrs2ex_q.jpg\",\"width\":900,\"height\":504},{\"@type\":\"BreadcrumbList\",\"@id\":\"https:\\\/\\\/radioclanfm.com\\\/clanespectaculos\\\/el-dolor-de-daniela-cardone-tras-la-muerte-de-su-papa-gracias-por-ser-mi-guia-te-voy-a-extranar-siempre\\\/#breadcrumb\",\"itemListElement\":[{\"@type\":\"ListItem\",\"position\":1,\"name\":\"Inicio\",\"item\":\"https:\\\/\\\/radioclanfm.com\\\/clanespectaculos\\\/\"},{\"@type\":\"ListItem\",\"position\":2,\"name\":\"El dolor de Daniela Cardone tras la muerte de su pap\u00e1: \u201cGracias por ser mi gu\u00eda, te voy a extra\u00f1ar siempre\u201d\"}]},{\"@type\":\"WebSite\",\"@id\":\"https:\\\/\\\/radioclanfm.com\\\/clanespectaculos\\\/#website\",\"url\":\"https:\\\/\\\/radioclanfm.com\\\/clanespectaculos\\\/\",\"name\":\"CLAN ESPECTACULOS\",\"description\":\"\",\"publisher\":{\"@id\":\"https:\\\/\\\/radioclanfm.com\\\/clanespectaculos\\\/#organization\"},\"potentialAction\":[{\"@type\":\"SearchAction\",\"target\":{\"@type\":\"EntryPoint\",\"urlTemplate\":\"https:\\\/\\\/radioclanfm.com\\\/clanespectaculos\\\/?s={search_term_string}\"},\"query-input\":{\"@type\":\"PropertyValueSpecification\",\"valueRequired\":true,\"valueName\":\"search_term_string\"}}],\"inLanguage\":\"es-AR\"},{\"@type\":\"Organization\",\"@id\":\"https:\\\/\\\/radioclanfm.com\\\/clanespectaculos\\\/#organization\",\"name\":\"CLAN ESPECTACULOS\",\"url\":\"https:\\\/\\\/radioclanfm.com\\\/clanespectaculos\\\/\",\"logo\":{\"@type\":\"ImageObject\",\"inLanguage\":\"es-AR\",\"@id\":\"https:\\\/\\\/radioclanfm.com\\\/clanespectaculos\\\/#\\\/schema\\\/logo\\\/image\\\/\",\"url\":\"https:\\\/\\\/radioclanfm.com\\\/clanespectaculos\\\/wp-content\\\/uploads\\\/sites\\\/2\\\/2026\\\/04\\\/ChatGPT-Image-23-mar-2026-10_09_00.png\",\"contentUrl\":\"https:\\\/\\\/radioclanfm.com\\\/clanespectaculos\\\/wp-content\\\/uploads\\\/sites\\\/2\\\/2026\\\/04\\\/ChatGPT-Image-23-mar-2026-10_09_00.png\",\"width\":1024,\"height\":1024,\"caption\":\"CLAN ESPECTACULOS\"},\"image\":{\"@id\":\"https:\\\/\\\/radioclanfm.com\\\/clanespectaculos\\\/#\\\/schema\\\/logo\\\/image\\\/\"},\"sameAs\":[\"https:\\\/\\\/www.facebook.com\\\/clanespectaculos\\\/\",\"https:\\\/\\\/x.com\\\/clanespectok\"]},{\"@type\":\"Person\",\"@id\":\"https:\\\/\\\/radioclanfm.com\\\/clanespectaculos\\\/#\\\/schema\\\/person\\\/9734813083303230f3ad84d99171b20c\",\"name\":\"E-GRUPOCLAN\",\"image\":{\"@type\":\"ImageObject\",\"inLanguage\":\"es-AR\",\"@id\":\"https:\\\/\\\/secure.gravatar.com\\\/avatar\\\/af6e19837c3d6a212034a48c7b3818d2ac1826f6025df0155da5a186ad321d79?s=96&d=mm&r=g\",\"url\":\"https:\\\/\\\/secure.gravatar.com\\\/avatar\\\/af6e19837c3d6a212034a48c7b3818d2ac1826f6025df0155da5a186ad321d79?s=96&d=mm&r=g\",\"contentUrl\":\"https:\\\/\\\/secure.gravatar.com\\\/avatar\\\/af6e19837c3d6a212034a48c7b3818d2ac1826f6025df0155da5a186ad321d79?s=96&d=mm&r=g\",\"caption\":\"E-GRUPOCLAN\"},\"sameAs\":[\"https:\\\/\\\/radioclanfm.com\"],\"url\":\"https:\\\/\\\/radioclanfm.com\\\/clanespectaculos\\\/author\\\/admin\\\/\"}]}<\/script>\n<!-- \/ Yoast SEO plugin. -->","yoast_head_json":{"title":"El dolor de Daniela Cardone tras la muerte de su pap\u00e1: \u201cGracias por ser mi gu\u00eda, te voy a extra\u00f1ar siempre\u201d - CLAN ESPECTACULOS","robots":{"index":"index","follow":"follow","max-snippet":"max-snippet:-1","max-image-preview":"max-image-preview:large","max-video-preview":"max-video-preview:-1"},"canonical":"https:\/\/radioclanfm.com\/clanespectaculos\/el-dolor-de-daniela-cardone-tras-la-muerte-de-su-papa-gracias-por-ser-mi-guia-te-voy-a-extranar-siempre\/","og_locale":"es_ES","og_type":"article","og_title":"El dolor de Daniela Cardone tras la muerte de su pap\u00e1: \u201cGracias por ser mi gu\u00eda, te voy a extra\u00f1ar siempre\u201d - CLAN ESPECTACULOS","og_description":"La actriz y modelo record\u00f3 a Roberto en sus redes sociales con un sentido posteo. Daniela Cardone\u00a0despidi\u00f3 a su pap\u00e1 Roberto, quien\u00a0muri\u00f3 este domingo. Con el dolor y la tristeza a flor de piel, igualmente se mostr\u00f3 agradecida por todo el tiempo que compartieron y todas las ense\u00f1anzas que le dej\u00f3. \u201cHay huellas que nunca, [&hellip;]","og_url":"https:\/\/radioclanfm.com\/clanespectaculos\/el-dolor-de-daniela-cardone-tras-la-muerte-de-su-papa-gracias-por-ser-mi-guia-te-voy-a-extranar-siempre\/","og_site_name":"CLAN ESPECTACULOS","article_publisher":"https:\/\/www.facebook.com\/clanespectaculos\/","article_published_time":"2026-04-27T12:49:39+00:00","og_image":[{"width":900,"height":504,"url":"https:\/\/radioclanfm.com\/clanespectaculos\/wp-content\/uploads\/sites\/2\/2026\/04\/Qrs2ex_q.jpg","type":"image\/jpeg"}],"author":"E-GRUPOCLAN","twitter_card":"summary_large_image","twitter_creator":"@clanespectok","twitter_site":"@clanespectok","twitter_misc":{"Escrito por":"E-GRUPOCLAN","Tiempo de lectura":"3 minutos"},"schema":{"@context":"https:\/\/schema.org","@graph":[{"@type":"Article","@id":"https:\/\/radioclanfm.com\/clanespectaculos\/el-dolor-de-daniela-cardone-tras-la-muerte-de-su-papa-gracias-por-ser-mi-guia-te-voy-a-extranar-siempre\/#article","isPartOf":{"@id":"https:\/\/radioclanfm.com\/clanespectaculos\/el-dolor-de-daniela-cardone-tras-la-muerte-de-su-papa-gracias-por-ser-mi-guia-te-voy-a-extranar-siempre\/"},"author":{"name":"E-GRUPOCLAN","@id":"https:\/\/radioclanfm.com\/clanespectaculos\/#\/schema\/person\/9734813083303230f3ad84d99171b20c"},"headline":"El dolor de Daniela Cardone tras la muerte de su pap\u00e1: \u201cGracias por ser mi gu\u00eda, te voy a extra\u00f1ar siempre\u201d","datePublished":"2026-04-27T12:49:39+00:00","mainEntityOfPage":{"@id":"https:\/\/radioclanfm.com\/clanespectaculos\/el-dolor-de-daniela-cardone-tras-la-muerte-de-su-papa-gracias-por-ser-mi-guia-te-voy-a-extranar-siempre\/"},"wordCount":529,"commentCount":0,"publisher":{"@id":"https:\/\/radioclanfm.com\/clanespectaculos\/#organization"},"image":{"@id":"https:\/\/radioclanfm.com\/clanespectaculos\/el-dolor-de-daniela-cardone-tras-la-muerte-de-su-papa-gracias-por-ser-mi-guia-te-voy-a-extranar-siempre\/#primaryimage"},"thumbnailUrl":"https:\/\/radioclanfm.com\/clanespectaculos\/wp-content\/uploads\/sites\/2\/2026\/04\/Qrs2ex_q.jpg","articleSection":["Espectaculos"],"inLanguage":"es-AR","potentialAction":[{"@type":"CommentAction","name":"Comment","target":["https:\/\/radioclanfm.com\/clanespectaculos\/el-dolor-de-daniela-cardone-tras-la-muerte-de-su-papa-gracias-por-ser-mi-guia-te-voy-a-extranar-siempre\/#respond"]}]},{"@type":"WebPage","@id":"https:\/\/radioclanfm.com\/clanespectaculos\/el-dolor-de-daniela-cardone-tras-la-muerte-de-su-papa-gracias-por-ser-mi-guia-te-voy-a-extranar-siempre\/","url":"https:\/\/radioclanfm.com\/clanespectaculos\/el-dolor-de-daniela-cardone-tras-la-muerte-de-su-papa-gracias-por-ser-mi-guia-te-voy-a-extranar-siempre\/","name":"El dolor de Daniela Cardone tras la muerte de su pap\u00e1: \u201cGracias por ser mi gu\u00eda, te voy a extra\u00f1ar siempre\u201d - CLAN ESPECTACULOS","isPartOf":{"@id":"https:\/\/radioclanfm.com\/clanespectaculos\/#website"},"primaryImageOfPage":{"@id":"https:\/\/radioclanfm.com\/clanespectaculos\/el-dolor-de-daniela-cardone-tras-la-muerte-de-su-papa-gracias-por-ser-mi-guia-te-voy-a-extranar-siempre\/#primaryimage"},"image":{"@id":"https:\/\/radioclanfm.com\/clanespectaculos\/el-dolor-de-daniela-cardone-tras-la-muerte-de-su-papa-gracias-por-ser-mi-guia-te-voy-a-extranar-siempre\/#primaryimage"},"thumbnailUrl":"https:\/\/radioclanfm.com\/clanespectaculos\/wp-content\/uploads\/sites\/2\/2026\/04\/Qrs2ex_q.jpg","datePublished":"2026-04-27T12:49:39+00:00","breadcrumb":{"@id":"https:\/\/radioclanfm.com\/clanespectaculos\/el-dolor-de-daniela-cardone-tras-la-muerte-de-su-papa-gracias-por-ser-mi-guia-te-voy-a-extranar-siempre\/#breadcrumb"},"inLanguage":"es-AR","potentialAction":[{"@type":"ReadAction","target":["https:\/\/radioclanfm.com\/clanespectaculos\/el-dolor-de-daniela-cardone-tras-la-muerte-de-su-papa-gracias-por-ser-mi-guia-te-voy-a-extranar-siempre\/"]}]},{"@type":"ImageObject","inLanguage":"es-AR","@id":"https:\/\/radioclanfm.com\/clanespectaculos\/el-dolor-de-daniela-cardone-tras-la-muerte-de-su-papa-gracias-por-ser-mi-guia-te-voy-a-extranar-siempre\/#primaryimage","url":"https:\/\/radioclanfm.com\/clanespectaculos\/wp-content\/uploads\/sites\/2\/2026\/04\/Qrs2ex_q.jpg","contentUrl":"https:\/\/radioclanfm.com\/clanespectaculos\/wp-content\/uploads\/sites\/2\/2026\/04\/Qrs2ex_q.jpg","width":900,"height":504},{"@type":"BreadcrumbList","@id":"https:\/\/radioclanfm.com\/clanespectaculos\/el-dolor-de-daniela-cardone-tras-la-muerte-de-su-papa-gracias-por-ser-mi-guia-te-voy-a-extranar-siempre\/#breadcrumb","itemListElement":[{"@type":"ListItem","position":1,"name":"Inicio","item":"https:\/\/radioclanfm.com\/clanespectaculos\/"},{"@type":"ListItem","position":2,"name":"El dolor de Daniela Cardone tras la muerte de su pap\u00e1: \u201cGracias por ser mi gu\u00eda, te voy a extra\u00f1ar siempre\u201d"}]},{"@type":"WebSite","@id":"https:\/\/radioclanfm.com\/clanespectaculos\/#website","url":"https:\/\/radioclanfm.com\/clanespectaculos\/","name":"CLAN ESPECTACULOS","description":"","publisher":{"@id":"https:\/\/radioclanfm.com\/clanespectaculos\/#organization"},"potentialAction":[{"@type":"SearchAction","target":{"@type":"EntryPoint","urlTemplate":"https:\/\/radioclanfm.com\/clanespectaculos\/?s={search_term_string}"},"query-input":{"@type":"PropertyValueSpecification","valueRequired":true,"valueName":"search_term_string"}}],"inLanguage":"es-AR"},{"@type":"Organization","@id":"https:\/\/radioclanfm.com\/clanespectaculos\/#organization","name":"CLAN ESPECTACULOS","url":"https:\/\/radioclanfm.com\/clanespectaculos\/","logo":{"@type":"ImageObject","inLanguage":"es-AR","@id":"https:\/\/radioclanfm.com\/clanespectaculos\/#\/schema\/logo\/image\/","url":"https:\/\/radioclanfm.com\/clanespectaculos\/wp-content\/uploads\/sites\/2\/2026\/04\/ChatGPT-Image-23-mar-2026-10_09_00.png","contentUrl":"https:\/\/radioclanfm.com\/clanespectaculos\/wp-content\/uploads\/sites\/2\/2026\/04\/ChatGPT-Image-23-mar-2026-10_09_00.png","width":1024,"height":1024,"caption":"CLAN ESPECTACULOS"},"image":{"@id":"https:\/\/radioclanfm.com\/clanespectaculos\/#\/schema\/logo\/image\/"},"sameAs":["https:\/\/www.facebook.com\/clanespectaculos\/","https:\/\/x.com\/clanespectok"]},{"@type":"Person","@id":"https:\/\/radioclanfm.com\/clanespectaculos\/#\/schema\/person\/9734813083303230f3ad84d99171b20c","name":"E-GRUPOCLAN","image":{"@type":"ImageObject","inLanguage":"es-AR","@id":"https:\/\/secure.gravatar.com\/avatar\/af6e19837c3d6a212034a48c7b3818d2ac1826f6025df0155da5a186ad321d79?s=96&d=mm&r=g","url":"https:\/\/secure.gravatar.com\/avatar\/af6e19837c3d6a212034a48c7b3818d2ac1826f6025df0155da5a186ad321d79?s=96&d=mm&r=g","contentUrl":"https:\/\/secure.gravatar.com\/avatar\/af6e19837c3d6a212034a48c7b3818d2ac1826f6025df0155da5a186ad321d79?s=96&d=mm&r=g","caption":"E-GRUPOCLAN"},"sameAs":["https:\/\/radioclanfm.com"],"url":"https:\/\/radioclanfm.com\/clanespectaculos\/author\/admin\/"}]}},"_links":{"self":[{"href":"https:\/\/radioclanfm.com\/clanespectaculos\/wp-json\/wp\/v2\/posts\/15864","targetHints":{"allow":["GET"]}}],"collection":[{"href":"https:\/\/radioclanfm.com\/clanespectaculos\/wp-json\/wp\/v2\/posts"}],"about":[{"href":"https:\/\/radioclanfm.com\/clanespectaculos\/wp-json\/wp\/v2\/types\/post"}],"author":[{"embeddable":true,"href":"https:\/\/radioclanfm.com\/clanespectaculos\/wp-json\/wp\/v2\/users\/1"}],"replies":[{"embeddable":true,"href":"https:\/\/radioclanfm.com\/clanespectaculos\/wp-json\/wp\/v2\/comments?post=15864"}],"version-history":[{"count":1,"href":"https:\/\/radioclanfm.com\/clanespectaculos\/wp-json\/wp\/v2\/posts\/15864\/revisions"}],"predecessor-version":[{"id":15866,"href":"https:\/\/radioclanfm.com\/clanespectaculos\/wp-json\/wp\/v2\/posts\/15864\/revisions\/15866"}],"wp:featuredmedia":[{"embeddable":true,"href":"https:\/\/radioclanfm.com\/clanespectaculos\/wp-json\/wp\/v2\/media\/15865"}],"wp:attachment":[{"href":"https:\/\/radioclanfm.com\/clanespectaculos\/wp-json\/wp\/v2\/media?parent=15864"}],"wp:term":[{"taxonomy":"category","embeddable":true,"href":"https:\/\/radioclanfm.com\/clanespectaculos\/wp-json\/wp\/v2\/categories?post=15864"},{"taxonomy":"post_tag","embeddable":true,"href":"https:\/\/radioclanfm.com\/clanespectaculos\/wp-json\/wp\/v2\/tags?post=15864"}],"curies":[{"name":"wp","href":"https:\/\/api.w.org\/{rel}","templated":true}]}}