{"id":15840,"date":"2026-04-25T11:33:40","date_gmt":"2026-04-25T14:33:40","guid":{"rendered":"https:\/\/radioclanfm.com\/clanespectaculos\/?p=15840"},"modified":"2026-04-25T11:33:40","modified_gmt":"2026-04-25T14:33:40","slug":"viviana-canosa-hablo-de-los-rumores-de-romance-con-jorge-rial-tuve-un-monton-de-novios-que-no-se-enteraron","status":"publish","type":"post","link":"https:\/\/radioclanfm.com\/clanespectaculos\/viviana-canosa-hablo-de-los-rumores-de-romance-con-jorge-rial-tuve-un-monton-de-novios-que-no-se-enteraron\/","title":{"rendered":"Viviana Canosa habl\u00f3 de los rumores de romance con Jorge Rial: \u201cTuve un mont\u00f3n de novios que no se enteraron\u201d"},"content":{"rendered":"<p>Tras la separaci\u00f3n del conductor, la periodista fue se\u00f1alada como su nuevo amor y en las \u00faltimas horas se refiri\u00f3 al tema.<\/p>\n<div class=\"col-content\"><main class=\"col-content\"><\/p>\n<div class=\"default-article-color article__body article__article\">\n<p class=\"paragraph font__body-regular\"><b>Viviana Canosa<\/b>\u00a0est\u00e1 en boca de todos por los rumores de romance con\u00a0<b>Jorge Rial<\/b><b>,<\/b>\u00a0que volvi\u00f3 a la solter\u00eda recientemente. Hace algunos a\u00f1os lograron limar asperezas y tras verlos juntos en\u00a0<i>Carnaval\u00a0<\/i><b>muchos usuarios se ilusionaron.<\/b><\/p>\n<div id=\"ad-slot-infeed\" class=\"infeed-container ad-slot-infeed ad-slot\" data-adtype=\"infeed\" data-lazyload=\"1\" data-google-query-id=\"CP6Lg_WbiZQDFf9SuAQdLzAwTw\">\n<div id=\"google_ads_iframe_\/113951150\/tn-arc\/nota\/infeed_0__container__\"><iframe id=\"google_ads_iframe_\/113951150\/tn-arc\/nota\/infeed_0\" tabindex=\"0\" title=\"Contenido de anuncios de terceros\" name=\"google_ads_iframe_\/113951150\/tn-arc\/nota\/infeed_0\" width=\"1\" height=\"1\" frameborder=\"0\" marginwidth=\"0\" marginheight=\"0\" scrolling=\"no\" aria-label=\"Anuncio\" data-google-container-id=\"8\" data-load-complete=\"true\" data-mce-fragment=\"1\"><\/iframe><\/div>\n<\/div>\n<p class=\"paragraph font__body-regular\">Enterada de las versiones, la locutora fue contundente. \u201cNo me inventen m\u00e1s romances, por favor. Ayer me dijeron que en\u00a0<i>Bendita<\/i>\u00a0hicieron un informe porque Jorge Rial se separ\u00f3. Esto es una cosa muy machista de la tele&#8221;, lanz\u00f3 al aire de su programa de streaming.<\/p>\n<div class=\"story-list\" data-mrf-recirculation=\"IL_RNrGCM52Q_ui4aMax3fibg\" data-testid=\"text-html\" data-mrf-experience=\"IL_RNrGCM52Q_ui4aMax3fibg\">\n<article class=\"card__container card__horizontal\">\n<div class=\"card__body\">\n<header>\n<h3 class=\"card__headline font__display\"><\/h3>\n<\/header>\n<\/div>\n<\/article>\n<\/div>\n<p class=\"paragraph font__body-regular\">Luego, aclar\u00f3: \u201cEstoy sola, feliz, contenta. Yo jodo como con Jorge o cualquier var\u00f3n porque estoy acostumbrada a laburar con varones hace a\u00f1os. Siempre me comport\u00e9 como un pibe\u201d.<\/p>\n<figure class=\"\" data-testid=\"figure-testid\">\n<div class=\"aspect_ratio__container\"><picture class=\"responsive-image\"><source srcset=\"https:\/\/tn.com.ar\/resizer\/v2\/viviana-canosa-pidio-que-no-la-vinculen-sentimentalmente-con-nadie-foto-captura-eltrece-PVIBRPMFT5H3BCRYU453VWS46A.PNG?auth=d0f0f6259c8ac860ed02d31551d20cc1e7e4785873d5fa12d64e989b9f552afa&amp;width=767\" type=\"image\/jpg\" media=\"(max-width: 728px)\" \/><source srcset=\"https:\/\/tn.com.ar\/resizer\/v2\/viviana-canosa-pidio-que-no-la-vinculen-sentimentalmente-con-nadie-foto-captura-eltrece-PVIBRPMFT5H3BCRYU453VWS46A.PNG?auth=d0f0f6259c8ac860ed02d31551d20cc1e7e4785873d5fa12d64e989b9f552afa&amp;width=1023\" type=\"image\/jpg\" media=\"(max-width: 1023px)\" \/><source srcset=\"https:\/\/tn.com.ar\/resizer\/v2\/viviana-canosa-pidio-que-no-la-vinculen-sentimentalmente-con-nadie-foto-captura-eltrece-PVIBRPMFT5H3BCRYU453VWS46A.PNG?auth=d0f0f6259c8ac860ed02d31551d20cc1e7e4785873d5fa12d64e989b9f552afa&amp;width=1440\" type=\"image\/jpg\" \/><img loading=\"lazy\" decoding=\"async\" class=\"image content-image image_placeholder\" src=\"https:\/\/tn.com.ar\/resizer\/v2\/viviana-canosa-pidio-que-no-la-vinculen-sentimentalmente-con-nadie-foto-captura-eltrece-PVIBRPMFT5H3BCRYU453VWS46A.PNG?auth=d0f0f6259c8ac860ed02d31551d20cc1e7e4785873d5fa12d64e989b9f552afa&amp;width=767\" alt=\"Viviana Canosa pidi\u00f3 que no la vinculen sentimentalmente con nadie. (Foto: Captura eltrece)\" width=\"767\" height=\"533\" data-testid=\"loading-testid\" \/><\/picture><\/div><figcaption class=\"caption_image\" data-testid=\"figcaption-testid\">\n<div class=\"image_caption \">Viviana Canosa pidi\u00f3 que no la vinculen sentimentalmente con nadie. (Foto: Captura eltrece)<\/div>\n<\/figcaption><\/figure>\n<p class=\"paragraph font__body-regular\">Por \u00faltimo, explic\u00f3 c\u00f3mo reaccion\u00f3 cuando varios allegados le consultaron sobre el supuesto affaire: \u201cCuando me dijeron eso dije \u2018no te la puedo creer\u2019.\u00a0<b>Respeten que se acaba de separar<\/b>. Me involucran siempre. Tuve un mont\u00f3n de novios que no se enteraron.\u00a0<b>Me da bronca. Es muy b\u00e1sico<\/b>\u201d.<\/p>\n<figure class=\"\" data-testid=\"figure-testid\">\n<div class=\"aspect_ratio__container\"><picture class=\"responsive-image\"><source srcset=\"https:\/\/tn.com.ar\/resizer\/v2\/viviana-canosa-y-jorge-rial-son-solo-companeros-de-trabajo-foto-carnaval-stream-H6R56QDVDBAIBBACUKFNIGS66U.JPG?auth=4338bb47f38b5d9996e4d374b02e1203191fb41e54a0a52d95ee44d52c098189&amp;width=767\" type=\"image\/jpg\" media=\"(max-width: 728px)\" \/><source srcset=\"https:\/\/tn.com.ar\/resizer\/v2\/viviana-canosa-y-jorge-rial-son-solo-companeros-de-trabajo-foto-carnaval-stream-H6R56QDVDBAIBBACUKFNIGS66U.JPG?auth=4338bb47f38b5d9996e4d374b02e1203191fb41e54a0a52d95ee44d52c098189&amp;width=1023\" type=\"image\/jpg\" media=\"(max-width: 1023px)\" \/><source srcset=\"https:\/\/tn.com.ar\/resizer\/v2\/viviana-canosa-y-jorge-rial-son-solo-companeros-de-trabajo-foto-carnaval-stream-H6R56QDVDBAIBBACUKFNIGS66U.JPG?auth=4338bb47f38b5d9996e4d374b02e1203191fb41e54a0a52d95ee44d52c098189&amp;width=1440\" type=\"image\/jpg\" \/><img loading=\"lazy\" decoding=\"async\" class=\"image content-image image_placeholder\" src=\"https:\/\/tn.com.ar\/resizer\/v2\/viviana-canosa-y-jorge-rial-son-solo-companeros-de-trabajo-foto-carnaval-stream-H6R56QDVDBAIBBACUKFNIGS66U.JPG?auth=4338bb47f38b5d9996e4d374b02e1203191fb41e54a0a52d95ee44d52c098189&amp;width=767\" alt=\"Viviana Canosa y Jorge Rial son solo compa\u00f1eros de trabajo. (Foto: Carnaval Stream)\" width=\"767\" height=\"778\" data-testid=\"loading-testid\" \/><\/picture><\/div><figcaption class=\"caption_image\" data-testid=\"figcaption-testid\">\n<div class=\"image_caption \">Viviana Canosa y Jorge Rial son solo compa\u00f1eros de trabajo. (Foto: Carnaval Stream)<\/div>\n<\/figcaption><\/figure>\n<h2 class=\"font--primary font__display\">La separaci\u00f3n de Jorge Rial<\/h2>\n<p class=\"paragraph font__body-regular\">En los \u00faltimos d\u00edas se conoci\u00f3 que Jorge Rial se separ\u00f3 de su novia escritora, con quien estuvo en pareja durante tres a\u00f1os.<\/p>\n<p class=\"paragraph font__body-regular\">\u00c1ngel de Brito aclar\u00f3 que la ruptura se dio en buenos t\u00e9rminos y se\u00f1al\u00f3 que fue motivada por los compromisos laborales de ambos, especialmente los de Mar\u00eda del Mar Ram\u00f3n, que la llevaron a instalarse fuera del pa\u00eds.<\/p>\n<figure class=\"\" data-testid=\"figure-testid\">\n<div class=\"aspect_ratio__container\"><picture class=\"responsive-image\"><source srcset=\"https:\/\/tn.com.ar\/resizer\/v2\/jorge-rial-hablo-de-su-separacion-de-maria-del-mar-ramon-y-revelo-los-motivos-detras-de-la-ruptura-foto-instagram-jrial-captura-america-ZXNDDTUNXVCOLCDCEEUMMB7VUU.jpg?auth=d93651dfcbb37603cd346d876b758ce45ff22f89e2fd61f36353475d0be3a126&amp;width=767\" type=\"image\/jpg\" media=\"(max-width: 728px)\" \/><source srcset=\"https:\/\/tn.com.ar\/resizer\/v2\/jorge-rial-hablo-de-su-separacion-de-maria-del-mar-ramon-y-revelo-los-motivos-detras-de-la-ruptura-foto-instagram-jrial-captura-america-ZXNDDTUNXVCOLCDCEEUMMB7VUU.jpg?auth=d93651dfcbb37603cd346d876b758ce45ff22f89e2fd61f36353475d0be3a126&amp;width=1023\" type=\"image\/jpg\" media=\"(max-width: 1023px)\" \/><source srcset=\"https:\/\/tn.com.ar\/resizer\/v2\/jorge-rial-hablo-de-su-separacion-de-maria-del-mar-ramon-y-revelo-los-motivos-detras-de-la-ruptura-foto-instagram-jrial-captura-america-ZXNDDTUNXVCOLCDCEEUMMB7VUU.jpg?auth=d93651dfcbb37603cd346d876b758ce45ff22f89e2fd61f36353475d0be3a126&amp;width=1440\" type=\"image\/jpg\" \/><img loading=\"lazy\" decoding=\"async\" class=\"image content-image image_placeholder\" src=\"https:\/\/tn.com.ar\/resizer\/v2\/jorge-rial-hablo-de-su-separacion-de-maria-del-mar-ramon-y-revelo-los-motivos-detras-de-la-ruptura-foto-instagram-jrial-captura-america-ZXNDDTUNXVCOLCDCEEUMMB7VUU.jpg?auth=d93651dfcbb37603cd346d876b758ce45ff22f89e2fd61f36353475d0be3a126&amp;width=767\" alt=\"Jorge Rial habl\u00f3 de su separaci\u00f3n de Mar\u00eda del Mar Ram\u00f3n y revel\u00f3 los motivos detr\u00e1s de la ruptura (Foto: Instagram \/jrial - Captura Am\u00e9rica)\" width=\"767\" height=\"430\" data-testid=\"loading-testid\" \/><\/picture><\/div><figcaption class=\"caption_image\" data-testid=\"figcaption-testid\">\n<div class=\"image_caption \">Jorge Rial habl\u00f3 de su separaci\u00f3n de Mar\u00eda del Mar Ram\u00f3n y revel\u00f3 los motivos detr\u00e1s de la ruptura (Foto: Instagram \/jrial &#8211; Captura Am\u00e9rica)<\/div>\n<\/figcaption><\/figure>\n<p class=\"paragraph font__body-regular\"><b>\u201cTiene que trabajar en Colombia y Espa\u00f1a.\u00a0<\/b>Ella viaj\u00f3 a la presentaci\u00f3n de un libro en Bogot\u00e1. Ya no est\u00e1 viviendo en la Argentina porque\u00a0<b>le surgieron oportunidades laborales que implican pasar un par de a\u00f1os afuera\u201d<\/b>, detall\u00f3 el periodista.<\/p>\n<p class=\"paragraph font__body-regular\">Por su parte, Rial dio su versi\u00f3n. \u201cA ella le sali\u00f3 la oportunidad de una beca en Madrid y otra en M\u00e9xico.\u00a0<b>Su carrera est\u00e1 despegando de una manera incre\u00edble. Y no pod\u00eda imped\u00edrselo\u00a0<\/b>y yo no puedo ir con ella porque mi familia est\u00e1 ac\u00e1\u201d, le confi\u00f3 a Juan Etchegoyen.<\/p>\n<figure class=\"\" data-testid=\"figure-testid\">\n<div class=\"aspect_ratio__container\"><picture class=\"responsive-image\"><source srcset=\"https:\/\/tn.com.ar\/resizer\/v2\/jorge-rial-junto-a-maria-del-mar-ramon-foto-movilpress-2YADQHBATZFZTN35MBDJEOB2TY.jpg?auth=61f73785b41d7467a18c58365fdd7474bd4b4cf977de1da358f49fb517e7554b&amp;width=767\" type=\"image\/jpg\" media=\"(max-width: 728px)\" \/><source srcset=\"https:\/\/tn.com.ar\/resizer\/v2\/jorge-rial-junto-a-maria-del-mar-ramon-foto-movilpress-2YADQHBATZFZTN35MBDJEOB2TY.jpg?auth=61f73785b41d7467a18c58365fdd7474bd4b4cf977de1da358f49fb517e7554b&amp;width=1023\" type=\"image\/jpg\" media=\"(max-width: 1023px)\" \/><source srcset=\"https:\/\/tn.com.ar\/resizer\/v2\/jorge-rial-junto-a-maria-del-mar-ramon-foto-movilpress-2YADQHBATZFZTN35MBDJEOB2TY.jpg?auth=61f73785b41d7467a18c58365fdd7474bd4b4cf977de1da358f49fb517e7554b&amp;width=1440\" type=\"image\/jpg\" \/><img loading=\"lazy\" decoding=\"async\" class=\"image content-image image_placeholder\" src=\"https:\/\/tn.com.ar\/resizer\/v2\/jorge-rial-junto-a-maria-del-mar-ramon-foto-movilpress-2YADQHBATZFZTN35MBDJEOB2TY.jpg?auth=61f73785b41d7467a18c58365fdd7474bd4b4cf977de1da358f49fb517e7554b&amp;width=767\" alt=\"Jorge Rial junto a Mar\u00eda del Mar Ram\u00f3n. (Foto: Movilpress).\" width=\"767\" height=\"430\" data-testid=\"loading-testid\" \/><\/picture><\/div><figcaption class=\"caption_image\" data-testid=\"figcaption-testid\">\n<div class=\"image_caption \">Jorge Rial junto a Mar\u00eda del Mar Ram\u00f3n. (Foto: Movilpress).<\/div>\n<\/figcaption><\/figure>\n<\/div>\n<p><\/main><\/div>\n<aside class=\"col-right-rail right-rail\">\n<div id=\"parent-ad-slot-caja\" class=\"ad-container caja_ad \">\n<div class=\"ad-content\"><\/div>\n<\/div>\n<\/aside>\n","protected":false},"excerpt":{"rendered":"<p>Tras la separaci\u00f3n del conductor, la periodista fue se\u00f1alada como su nuevo amor y en las \u00faltimas horas se refiri\u00f3 al tema. Viviana Canosa\u00a0est\u00e1 en boca de todos por los rumores de romance con\u00a0Jorge Rial,\u00a0que volvi\u00f3 a la solter\u00eda recientemente. Hace algunos a\u00f1os lograron limar asperezas y tras verlos juntos en\u00a0Carnaval\u00a0muchos usuarios se ilusionaron. Enterada [&hellip;]<\/p>\n","protected":false},"author":1,"featured_media":15841,"comment_status":"open","ping_status":"open","sticky":false,"template":"","format":"standard","meta":{"rop_custom_images_group":[],"rop_custom_messages_group":[],"rop_publish_now":"initial","rop_publish_now_accounts":[],"rop_publish_now_history":[],"rop_publish_now_status":"pending","footnotes":"","jetpack_publicize_message":"","jetpack_publicize_feature_enabled":true,"jetpack_social_post_already_shared":true,"jetpack_social_options":{"image_generator_settings":{"template":"highway","enabled":false},"version":2}},"categories":[12],"tags":[],"class_list":{"0":"post-15840","1":"post","2":"type-post","3":"status-publish","4":"format-standard","5":"has-post-thumbnail","7":"category-espectaculos"},"jetpack_publicize_connections":[],"yoast_head":"<!-- This site is optimized with the Yoast SEO plugin v27.3 - https:\/\/yoast.com\/product\/yoast-seo-wordpress\/ -->\n<title>Viviana Canosa habl\u00f3 de los rumores de romance con Jorge Rial: \u201cTuve un mont\u00f3n de novios que no se enteraron\u201d - CLAN ESPECTACULOS<\/title>\n<meta name=\"robots\" content=\"index, follow, max-snippet:-1, max-image-preview:large, max-video-preview:-1\" \/>\n<link rel=\"canonical\" href=\"https:\/\/radioclanfm.com\/clanespectaculos\/viviana-canosa-hablo-de-los-rumores-de-romance-con-jorge-rial-tuve-un-monton-de-novios-que-no-se-enteraron\/\" \/>\n<meta property=\"og:locale\" content=\"es_ES\" \/>\n<meta property=\"og:type\" content=\"article\" \/>\n<meta property=\"og:title\" content=\"Viviana Canosa habl\u00f3 de los rumores de romance con Jorge Rial: \u201cTuve un mont\u00f3n de novios que no se enteraron\u201d - CLAN ESPECTACULOS\" \/>\n<meta property=\"og:description\" content=\"Tras la separaci\u00f3n del conductor, la periodista fue se\u00f1alada como su nuevo amor y en las \u00faltimas horas se refiri\u00f3 al tema. Viviana Canosa\u00a0est\u00e1 en boca de todos por los rumores de romance con\u00a0Jorge Rial,\u00a0que volvi\u00f3 a la solter\u00eda recientemente. Hace algunos a\u00f1os lograron limar asperezas y tras verlos juntos en\u00a0Carnaval\u00a0muchos usuarios se ilusionaron. Enterada [&hellip;]\" \/>\n<meta property=\"og:url\" content=\"https:\/\/radioclanfm.com\/clanespectaculos\/viviana-canosa-hablo-de-los-rumores-de-romance-con-jorge-rial-tuve-un-monton-de-novios-que-no-se-enteraron\/\" \/>\n<meta property=\"og:site_name\" content=\"CLAN ESPECTACULOS\" \/>\n<meta property=\"article:publisher\" content=\"https:\/\/www.facebook.com\/clanespectaculos\/\" \/>\n<meta property=\"article:published_time\" content=\"2026-04-25T14:33:40+00:00\" \/>\n<meta property=\"og:image\" content=\"https:\/\/radioclanfm.com\/clanespectaculos\/wp-content\/uploads\/sites\/2\/2026\/04\/viviana-canosa-y-jorge-rial-trabajan-juntos-foto-carnaval-VTQAHFJK7VEWZMSJRTQSLXS4A4.jpg\" \/>\n\t<meta property=\"og:image:width\" content=\"1440\" \/>\n\t<meta property=\"og:image:height\" content=\"806\" \/>\n\t<meta property=\"og:image:type\" content=\"image\/jpeg\" \/>\n<meta name=\"author\" content=\"E-GRUPOCLAN\" \/>\n<meta name=\"twitter:card\" content=\"summary_large_image\" \/>\n<meta name=\"twitter:creator\" content=\"@clanespectok\" \/>\n<meta name=\"twitter:site\" content=\"@clanespectok\" \/>\n<meta name=\"twitter:label1\" content=\"Escrito por\" \/>\n\t<meta name=\"twitter:data1\" content=\"E-GRUPOCLAN\" \/>\n\t<meta name=\"twitter:label2\" content=\"Tiempo de lectura\" \/>\n\t<meta name=\"twitter:data2\" content=\"3 minutos\" \/>\n<script type=\"application\/ld+json\" class=\"yoast-schema-graph\">{\"@context\":\"https:\\\/\\\/schema.org\",\"@graph\":[{\"@type\":\"Article\",\"@id\":\"https:\\\/\\\/radioclanfm.com\\\/clanespectaculos\\\/viviana-canosa-hablo-de-los-rumores-de-romance-con-jorge-rial-tuve-un-monton-de-novios-que-no-se-enteraron\\\/#article\",\"isPartOf\":{\"@id\":\"https:\\\/\\\/radioclanfm.com\\\/clanespectaculos\\\/viviana-canosa-hablo-de-los-rumores-de-romance-con-jorge-rial-tuve-un-monton-de-novios-que-no-se-enteraron\\\/\"},\"author\":{\"name\":\"E-GRUPOCLAN\",\"@id\":\"https:\\\/\\\/radioclanfm.com\\\/clanespectaculos\\\/#\\\/schema\\\/person\\\/9734813083303230f3ad84d99171b20c\"},\"headline\":\"Viviana Canosa habl\u00f3 de los rumores de romance con Jorge Rial: \u201cTuve un mont\u00f3n de novios que no se enteraron\u201d\",\"datePublished\":\"2026-04-25T14:33:40+00:00\",\"mainEntityOfPage\":{\"@id\":\"https:\\\/\\\/radioclanfm.com\\\/clanespectaculos\\\/viviana-canosa-hablo-de-los-rumores-de-romance-con-jorge-rial-tuve-un-monton-de-novios-que-no-se-enteraron\\\/\"},\"wordCount\":455,\"commentCount\":0,\"publisher\":{\"@id\":\"https:\\\/\\\/radioclanfm.com\\\/clanespectaculos\\\/#organization\"},\"image\":{\"@id\":\"https:\\\/\\\/radioclanfm.com\\\/clanespectaculos\\\/viviana-canosa-hablo-de-los-rumores-de-romance-con-jorge-rial-tuve-un-monton-de-novios-que-no-se-enteraron\\\/#primaryimage\"},\"thumbnailUrl\":\"https:\\\/\\\/radioclanfm.com\\\/clanespectaculos\\\/wp-content\\\/uploads\\\/sites\\\/2\\\/2026\\\/04\\\/viviana-canosa-y-jorge-rial-trabajan-juntos-foto-carnaval-VTQAHFJK7VEWZMSJRTQSLXS4A4.jpg\",\"articleSection\":[\"Espectaculos\"],\"inLanguage\":\"es-AR\",\"potentialAction\":[{\"@type\":\"CommentAction\",\"name\":\"Comment\",\"target\":[\"https:\\\/\\\/radioclanfm.com\\\/clanespectaculos\\\/viviana-canosa-hablo-de-los-rumores-de-romance-con-jorge-rial-tuve-un-monton-de-novios-que-no-se-enteraron\\\/#respond\"]}]},{\"@type\":\"WebPage\",\"@id\":\"https:\\\/\\\/radioclanfm.com\\\/clanespectaculos\\\/viviana-canosa-hablo-de-los-rumores-de-romance-con-jorge-rial-tuve-un-monton-de-novios-que-no-se-enteraron\\\/\",\"url\":\"https:\\\/\\\/radioclanfm.com\\\/clanespectaculos\\\/viviana-canosa-hablo-de-los-rumores-de-romance-con-jorge-rial-tuve-un-monton-de-novios-que-no-se-enteraron\\\/\",\"name\":\"Viviana Canosa habl\u00f3 de los rumores de romance con Jorge Rial: \u201cTuve un mont\u00f3n de novios que no se enteraron\u201d - CLAN ESPECTACULOS\",\"isPartOf\":{\"@id\":\"https:\\\/\\\/radioclanfm.com\\\/clanespectaculos\\\/#website\"},\"primaryImageOfPage\":{\"@id\":\"https:\\\/\\\/radioclanfm.com\\\/clanespectaculos\\\/viviana-canosa-hablo-de-los-rumores-de-romance-con-jorge-rial-tuve-un-monton-de-novios-que-no-se-enteraron\\\/#primaryimage\"},\"image\":{\"@id\":\"https:\\\/\\\/radioclanfm.com\\\/clanespectaculos\\\/viviana-canosa-hablo-de-los-rumores-de-romance-con-jorge-rial-tuve-un-monton-de-novios-que-no-se-enteraron\\\/#primaryimage\"},\"thumbnailUrl\":\"https:\\\/\\\/radioclanfm.com\\\/clanespectaculos\\\/wp-content\\\/uploads\\\/sites\\\/2\\\/2026\\\/04\\\/viviana-canosa-y-jorge-rial-trabajan-juntos-foto-carnaval-VTQAHFJK7VEWZMSJRTQSLXS4A4.jpg\",\"datePublished\":\"2026-04-25T14:33:40+00:00\",\"breadcrumb\":{\"@id\":\"https:\\\/\\\/radioclanfm.com\\\/clanespectaculos\\\/viviana-canosa-hablo-de-los-rumores-de-romance-con-jorge-rial-tuve-un-monton-de-novios-que-no-se-enteraron\\\/#breadcrumb\"},\"inLanguage\":\"es-AR\",\"potentialAction\":[{\"@type\":\"ReadAction\",\"target\":[\"https:\\\/\\\/radioclanfm.com\\\/clanespectaculos\\\/viviana-canosa-hablo-de-los-rumores-de-romance-con-jorge-rial-tuve-un-monton-de-novios-que-no-se-enteraron\\\/\"]}]},{\"@type\":\"ImageObject\",\"inLanguage\":\"es-AR\",\"@id\":\"https:\\\/\\\/radioclanfm.com\\\/clanespectaculos\\\/viviana-canosa-hablo-de-los-rumores-de-romance-con-jorge-rial-tuve-un-monton-de-novios-que-no-se-enteraron\\\/#primaryimage\",\"url\":\"https:\\\/\\\/radioclanfm.com\\\/clanespectaculos\\\/wp-content\\\/uploads\\\/sites\\\/2\\\/2026\\\/04\\\/viviana-canosa-y-jorge-rial-trabajan-juntos-foto-carnaval-VTQAHFJK7VEWZMSJRTQSLXS4A4.jpg\",\"contentUrl\":\"https:\\\/\\\/radioclanfm.com\\\/clanespectaculos\\\/wp-content\\\/uploads\\\/sites\\\/2\\\/2026\\\/04\\\/viviana-canosa-y-jorge-rial-trabajan-juntos-foto-carnaval-VTQAHFJK7VEWZMSJRTQSLXS4A4.jpg\",\"width\":1440,\"height\":806},{\"@type\":\"BreadcrumbList\",\"@id\":\"https:\\\/\\\/radioclanfm.com\\\/clanespectaculos\\\/viviana-canosa-hablo-de-los-rumores-de-romance-con-jorge-rial-tuve-un-monton-de-novios-que-no-se-enteraron\\\/#breadcrumb\",\"itemListElement\":[{\"@type\":\"ListItem\",\"position\":1,\"name\":\"Inicio\",\"item\":\"https:\\\/\\\/radioclanfm.com\\\/clanespectaculos\\\/\"},{\"@type\":\"ListItem\",\"position\":2,\"name\":\"Viviana Canosa habl\u00f3 de los rumores de romance con Jorge Rial: \u201cTuve un mont\u00f3n de novios que no se enteraron\u201d\"}]},{\"@type\":\"WebSite\",\"@id\":\"https:\\\/\\\/radioclanfm.com\\\/clanespectaculos\\\/#website\",\"url\":\"https:\\\/\\\/radioclanfm.com\\\/clanespectaculos\\\/\",\"name\":\"CLAN ESPECTACULOS\",\"description\":\"\",\"publisher\":{\"@id\":\"https:\\\/\\\/radioclanfm.com\\\/clanespectaculos\\\/#organization\"},\"potentialAction\":[{\"@type\":\"SearchAction\",\"target\":{\"@type\":\"EntryPoint\",\"urlTemplate\":\"https:\\\/\\\/radioclanfm.com\\\/clanespectaculos\\\/?s={search_term_string}\"},\"query-input\":{\"@type\":\"PropertyValueSpecification\",\"valueRequired\":true,\"valueName\":\"search_term_string\"}}],\"inLanguage\":\"es-AR\"},{\"@type\":\"Organization\",\"@id\":\"https:\\\/\\\/radioclanfm.com\\\/clanespectaculos\\\/#organization\",\"name\":\"CLAN ESPECTACULOS\",\"url\":\"https:\\\/\\\/radioclanfm.com\\\/clanespectaculos\\\/\",\"logo\":{\"@type\":\"ImageObject\",\"inLanguage\":\"es-AR\",\"@id\":\"https:\\\/\\\/radioclanfm.com\\\/clanespectaculos\\\/#\\\/schema\\\/logo\\\/image\\\/\",\"url\":\"https:\\\/\\\/radioclanfm.com\\\/clanespectaculos\\\/wp-content\\\/uploads\\\/sites\\\/2\\\/2026\\\/04\\\/ChatGPT-Image-23-mar-2026-10_09_00.png\",\"contentUrl\":\"https:\\\/\\\/radioclanfm.com\\\/clanespectaculos\\\/wp-content\\\/uploads\\\/sites\\\/2\\\/2026\\\/04\\\/ChatGPT-Image-23-mar-2026-10_09_00.png\",\"width\":1024,\"height\":1024,\"caption\":\"CLAN ESPECTACULOS\"},\"image\":{\"@id\":\"https:\\\/\\\/radioclanfm.com\\\/clanespectaculos\\\/#\\\/schema\\\/logo\\\/image\\\/\"},\"sameAs\":[\"https:\\\/\\\/www.facebook.com\\\/clanespectaculos\\\/\",\"https:\\\/\\\/x.com\\\/clanespectok\"]},{\"@type\":\"Person\",\"@id\":\"https:\\\/\\\/radioclanfm.com\\\/clanespectaculos\\\/#\\\/schema\\\/person\\\/9734813083303230f3ad84d99171b20c\",\"name\":\"E-GRUPOCLAN\",\"image\":{\"@type\":\"ImageObject\",\"inLanguage\":\"es-AR\",\"@id\":\"https:\\\/\\\/secure.gravatar.com\\\/avatar\\\/af6e19837c3d6a212034a48c7b3818d2ac1826f6025df0155da5a186ad321d79?s=96&d=mm&r=g\",\"url\":\"https:\\\/\\\/secure.gravatar.com\\\/avatar\\\/af6e19837c3d6a212034a48c7b3818d2ac1826f6025df0155da5a186ad321d79?s=96&d=mm&r=g\",\"contentUrl\":\"https:\\\/\\\/secure.gravatar.com\\\/avatar\\\/af6e19837c3d6a212034a48c7b3818d2ac1826f6025df0155da5a186ad321d79?s=96&d=mm&r=g\",\"caption\":\"E-GRUPOCLAN\"},\"sameAs\":[\"https:\\\/\\\/radioclanfm.com\"],\"url\":\"https:\\\/\\\/radioclanfm.com\\\/clanespectaculos\\\/author\\\/admin\\\/\"}]}<\/script>\n<!-- \/ Yoast SEO plugin. -->","yoast_head_json":{"title":"Viviana Canosa habl\u00f3 de los rumores de romance con Jorge Rial: \u201cTuve un mont\u00f3n de novios que no se enteraron\u201d - CLAN ESPECTACULOS","robots":{"index":"index","follow":"follow","max-snippet":"max-snippet:-1","max-image-preview":"max-image-preview:large","max-video-preview":"max-video-preview:-1"},"canonical":"https:\/\/radioclanfm.com\/clanespectaculos\/viviana-canosa-hablo-de-los-rumores-de-romance-con-jorge-rial-tuve-un-monton-de-novios-que-no-se-enteraron\/","og_locale":"es_ES","og_type":"article","og_title":"Viviana Canosa habl\u00f3 de los rumores de romance con Jorge Rial: \u201cTuve un mont\u00f3n de novios que no se enteraron\u201d - CLAN ESPECTACULOS","og_description":"Tras la separaci\u00f3n del conductor, la periodista fue se\u00f1alada como su nuevo amor y en las \u00faltimas horas se refiri\u00f3 al tema. Viviana Canosa\u00a0est\u00e1 en boca de todos por los rumores de romance con\u00a0Jorge Rial,\u00a0que volvi\u00f3 a la solter\u00eda recientemente. Hace algunos a\u00f1os lograron limar asperezas y tras verlos juntos en\u00a0Carnaval\u00a0muchos usuarios se ilusionaron. Enterada [&hellip;]","og_url":"https:\/\/radioclanfm.com\/clanespectaculos\/viviana-canosa-hablo-de-los-rumores-de-romance-con-jorge-rial-tuve-un-monton-de-novios-que-no-se-enteraron\/","og_site_name":"CLAN ESPECTACULOS","article_publisher":"https:\/\/www.facebook.com\/clanespectaculos\/","article_published_time":"2026-04-25T14:33:40+00:00","og_image":[{"width":1440,"height":806,"url":"https:\/\/radioclanfm.com\/clanespectaculos\/wp-content\/uploads\/sites\/2\/2026\/04\/viviana-canosa-y-jorge-rial-trabajan-juntos-foto-carnaval-VTQAHFJK7VEWZMSJRTQSLXS4A4.jpg","type":"image\/jpeg"}],"author":"E-GRUPOCLAN","twitter_card":"summary_large_image","twitter_creator":"@clanespectok","twitter_site":"@clanespectok","twitter_misc":{"Escrito por":"E-GRUPOCLAN","Tiempo de lectura":"3 minutos"},"schema":{"@context":"https:\/\/schema.org","@graph":[{"@type":"Article","@id":"https:\/\/radioclanfm.com\/clanespectaculos\/viviana-canosa-hablo-de-los-rumores-de-romance-con-jorge-rial-tuve-un-monton-de-novios-que-no-se-enteraron\/#article","isPartOf":{"@id":"https:\/\/radioclanfm.com\/clanespectaculos\/viviana-canosa-hablo-de-los-rumores-de-romance-con-jorge-rial-tuve-un-monton-de-novios-que-no-se-enteraron\/"},"author":{"name":"E-GRUPOCLAN","@id":"https:\/\/radioclanfm.com\/clanespectaculos\/#\/schema\/person\/9734813083303230f3ad84d99171b20c"},"headline":"Viviana Canosa habl\u00f3 de los rumores de romance con Jorge Rial: \u201cTuve un mont\u00f3n de novios que no se enteraron\u201d","datePublished":"2026-04-25T14:33:40+00:00","mainEntityOfPage":{"@id":"https:\/\/radioclanfm.com\/clanespectaculos\/viviana-canosa-hablo-de-los-rumores-de-romance-con-jorge-rial-tuve-un-monton-de-novios-que-no-se-enteraron\/"},"wordCount":455,"commentCount":0,"publisher":{"@id":"https:\/\/radioclanfm.com\/clanespectaculos\/#organization"},"image":{"@id":"https:\/\/radioclanfm.com\/clanespectaculos\/viviana-canosa-hablo-de-los-rumores-de-romance-con-jorge-rial-tuve-un-monton-de-novios-que-no-se-enteraron\/#primaryimage"},"thumbnailUrl":"https:\/\/radioclanfm.com\/clanespectaculos\/wp-content\/uploads\/sites\/2\/2026\/04\/viviana-canosa-y-jorge-rial-trabajan-juntos-foto-carnaval-VTQAHFJK7VEWZMSJRTQSLXS4A4.jpg","articleSection":["Espectaculos"],"inLanguage":"es-AR","potentialAction":[{"@type":"CommentAction","name":"Comment","target":["https:\/\/radioclanfm.com\/clanespectaculos\/viviana-canosa-hablo-de-los-rumores-de-romance-con-jorge-rial-tuve-un-monton-de-novios-que-no-se-enteraron\/#respond"]}]},{"@type":"WebPage","@id":"https:\/\/radioclanfm.com\/clanespectaculos\/viviana-canosa-hablo-de-los-rumores-de-romance-con-jorge-rial-tuve-un-monton-de-novios-que-no-se-enteraron\/","url":"https:\/\/radioclanfm.com\/clanespectaculos\/viviana-canosa-hablo-de-los-rumores-de-romance-con-jorge-rial-tuve-un-monton-de-novios-que-no-se-enteraron\/","name":"Viviana Canosa habl\u00f3 de los rumores de romance con Jorge Rial: \u201cTuve un mont\u00f3n de novios que no se enteraron\u201d - CLAN ESPECTACULOS","isPartOf":{"@id":"https:\/\/radioclanfm.com\/clanespectaculos\/#website"},"primaryImageOfPage":{"@id":"https:\/\/radioclanfm.com\/clanespectaculos\/viviana-canosa-hablo-de-los-rumores-de-romance-con-jorge-rial-tuve-un-monton-de-novios-que-no-se-enteraron\/#primaryimage"},"image":{"@id":"https:\/\/radioclanfm.com\/clanespectaculos\/viviana-canosa-hablo-de-los-rumores-de-romance-con-jorge-rial-tuve-un-monton-de-novios-que-no-se-enteraron\/#primaryimage"},"thumbnailUrl":"https:\/\/radioclanfm.com\/clanespectaculos\/wp-content\/uploads\/sites\/2\/2026\/04\/viviana-canosa-y-jorge-rial-trabajan-juntos-foto-carnaval-VTQAHFJK7VEWZMSJRTQSLXS4A4.jpg","datePublished":"2026-04-25T14:33:40+00:00","breadcrumb":{"@id":"https:\/\/radioclanfm.com\/clanespectaculos\/viviana-canosa-hablo-de-los-rumores-de-romance-con-jorge-rial-tuve-un-monton-de-novios-que-no-se-enteraron\/#breadcrumb"},"inLanguage":"es-AR","potentialAction":[{"@type":"ReadAction","target":["https:\/\/radioclanfm.com\/clanespectaculos\/viviana-canosa-hablo-de-los-rumores-de-romance-con-jorge-rial-tuve-un-monton-de-novios-que-no-se-enteraron\/"]}]},{"@type":"ImageObject","inLanguage":"es-AR","@id":"https:\/\/radioclanfm.com\/clanespectaculos\/viviana-canosa-hablo-de-los-rumores-de-romance-con-jorge-rial-tuve-un-monton-de-novios-que-no-se-enteraron\/#primaryimage","url":"https:\/\/radioclanfm.com\/clanespectaculos\/wp-content\/uploads\/sites\/2\/2026\/04\/viviana-canosa-y-jorge-rial-trabajan-juntos-foto-carnaval-VTQAHFJK7VEWZMSJRTQSLXS4A4.jpg","contentUrl":"https:\/\/radioclanfm.com\/clanespectaculos\/wp-content\/uploads\/sites\/2\/2026\/04\/viviana-canosa-y-jorge-rial-trabajan-juntos-foto-carnaval-VTQAHFJK7VEWZMSJRTQSLXS4A4.jpg","width":1440,"height":806},{"@type":"BreadcrumbList","@id":"https:\/\/radioclanfm.com\/clanespectaculos\/viviana-canosa-hablo-de-los-rumores-de-romance-con-jorge-rial-tuve-un-monton-de-novios-que-no-se-enteraron\/#breadcrumb","itemListElement":[{"@type":"ListItem","position":1,"name":"Inicio","item":"https:\/\/radioclanfm.com\/clanespectaculos\/"},{"@type":"ListItem","position":2,"name":"Viviana Canosa habl\u00f3 de los rumores de romance con Jorge Rial: \u201cTuve un mont\u00f3n de novios que no se enteraron\u201d"}]},{"@type":"WebSite","@id":"https:\/\/radioclanfm.com\/clanespectaculos\/#website","url":"https:\/\/radioclanfm.com\/clanespectaculos\/","name":"CLAN ESPECTACULOS","description":"","publisher":{"@id":"https:\/\/radioclanfm.com\/clanespectaculos\/#organization"},"potentialAction":[{"@type":"SearchAction","target":{"@type":"EntryPoint","urlTemplate":"https:\/\/radioclanfm.com\/clanespectaculos\/?s={search_term_string}"},"query-input":{"@type":"PropertyValueSpecification","valueRequired":true,"valueName":"search_term_string"}}],"inLanguage":"es-AR"},{"@type":"Organization","@id":"https:\/\/radioclanfm.com\/clanespectaculos\/#organization","name":"CLAN ESPECTACULOS","url":"https:\/\/radioclanfm.com\/clanespectaculos\/","logo":{"@type":"ImageObject","inLanguage":"es-AR","@id":"https:\/\/radioclanfm.com\/clanespectaculos\/#\/schema\/logo\/image\/","url":"https:\/\/radioclanfm.com\/clanespectaculos\/wp-content\/uploads\/sites\/2\/2026\/04\/ChatGPT-Image-23-mar-2026-10_09_00.png","contentUrl":"https:\/\/radioclanfm.com\/clanespectaculos\/wp-content\/uploads\/sites\/2\/2026\/04\/ChatGPT-Image-23-mar-2026-10_09_00.png","width":1024,"height":1024,"caption":"CLAN ESPECTACULOS"},"image":{"@id":"https:\/\/radioclanfm.com\/clanespectaculos\/#\/schema\/logo\/image\/"},"sameAs":["https:\/\/www.facebook.com\/clanespectaculos\/","https:\/\/x.com\/clanespectok"]},{"@type":"Person","@id":"https:\/\/radioclanfm.com\/clanespectaculos\/#\/schema\/person\/9734813083303230f3ad84d99171b20c","name":"E-GRUPOCLAN","image":{"@type":"ImageObject","inLanguage":"es-AR","@id":"https:\/\/secure.gravatar.com\/avatar\/af6e19837c3d6a212034a48c7b3818d2ac1826f6025df0155da5a186ad321d79?s=96&d=mm&r=g","url":"https:\/\/secure.gravatar.com\/avatar\/af6e19837c3d6a212034a48c7b3818d2ac1826f6025df0155da5a186ad321d79?s=96&d=mm&r=g","contentUrl":"https:\/\/secure.gravatar.com\/avatar\/af6e19837c3d6a212034a48c7b3818d2ac1826f6025df0155da5a186ad321d79?s=96&d=mm&r=g","caption":"E-GRUPOCLAN"},"sameAs":["https:\/\/radioclanfm.com"],"url":"https:\/\/radioclanfm.com\/clanespectaculos\/author\/admin\/"}]}},"_links":{"self":[{"href":"https:\/\/radioclanfm.com\/clanespectaculos\/wp-json\/wp\/v2\/posts\/15840","targetHints":{"allow":["GET"]}}],"collection":[{"href":"https:\/\/radioclanfm.com\/clanespectaculos\/wp-json\/wp\/v2\/posts"}],"about":[{"href":"https:\/\/radioclanfm.com\/clanespectaculos\/wp-json\/wp\/v2\/types\/post"}],"author":[{"embeddable":true,"href":"https:\/\/radioclanfm.com\/clanespectaculos\/wp-json\/wp\/v2\/users\/1"}],"replies":[{"embeddable":true,"href":"https:\/\/radioclanfm.com\/clanespectaculos\/wp-json\/wp\/v2\/comments?post=15840"}],"version-history":[{"count":1,"href":"https:\/\/radioclanfm.com\/clanespectaculos\/wp-json\/wp\/v2\/posts\/15840\/revisions"}],"predecessor-version":[{"id":15842,"href":"https:\/\/radioclanfm.com\/clanespectaculos\/wp-json\/wp\/v2\/posts\/15840\/revisions\/15842"}],"wp:featuredmedia":[{"embeddable":true,"href":"https:\/\/radioclanfm.com\/clanespectaculos\/wp-json\/wp\/v2\/media\/15841"}],"wp:attachment":[{"href":"https:\/\/radioclanfm.com\/clanespectaculos\/wp-json\/wp\/v2\/media?parent=15840"}],"wp:term":[{"taxonomy":"category","embeddable":true,"href":"https:\/\/radioclanfm.com\/clanespectaculos\/wp-json\/wp\/v2\/categories?post=15840"},{"taxonomy":"post_tag","embeddable":true,"href":"https:\/\/radioclanfm.com\/clanespectaculos\/wp-json\/wp\/v2\/tags?post=15840"}],"curies":[{"name":"wp","href":"https:\/\/api.w.org\/{rel}","templated":true}]}}