{"id":15837,"date":"2026-04-25T11:31:16","date_gmt":"2026-04-25T14:31:16","guid":{"rendered":"https:\/\/radioclanfm.com\/clanespectaculos\/?p=15837"},"modified":"2026-04-25T11:31:16","modified_gmt":"2026-04-25T14:31:16","slug":"salio-a-la-luz-el-dibujo-de-biasotti-que-anna-del-boca-hizo-a-los-siete-anos-en-un-informe-psiquiatrico","status":"publish","type":"post","link":"https:\/\/radioclanfm.com\/clanespectaculos\/salio-a-la-luz-el-dibujo-de-biasotti-que-anna-del-boca-hizo-a-los-siete-anos-en-un-informe-psiquiatrico\/","title":{"rendered":"Sali\u00f3 a la luz el dibujo de Biasotti que Anna del Boca hizo a los siete a\u00f1os en un informe psiqui\u00e1trico"},"content":{"rendered":"<p>Al aire de \u201cLa ma\u00f1ana con Moria\u201d mostraron una imagen que forma parte de la causa que inici\u00f3 la joven contra su padre.<\/p>\n<div class=\"col-content\"><main class=\"col-content\"><\/p>\n<div class=\"default-article-color article__body article__article\">\n<p class=\"paragraph font__body-regular\">Un dibujo realizado por\u00a0<b>Anna del Boca<\/b>\u00a0cuando ten\u00eda apenas siete a\u00f1os volvi\u00f3 a sacudir el expediente judicial que la enfrenta con su pap\u00e1,\u00a0<b>Ricardo Biasotti<\/b>.<\/p>\n<div id=\"ad-slot-infeed\" class=\"infeed-container ad-slot-infeed ad-slot\" data-adtype=\"infeed\" data-lazyload=\"1\" data-google-query-id=\"CI_X_L2biZQDFchP3QIdldEnsA\">\n<div id=\"google_ads_iframe_\/113951150\/tn-arc\/nota\/infeed_0__container__\"><iframe id=\"google_ads_iframe_\/113951150\/tn-arc\/nota\/infeed_0\" tabindex=\"0\" title=\"Contenido de anuncios de terceros\" name=\"google_ads_iframe_\/113951150\/tn-arc\/nota\/infeed_0\" width=\"1\" height=\"1\" frameborder=\"0\" marginwidth=\"0\" marginheight=\"0\" scrolling=\"no\" aria-label=\"Anuncio\" data-google-container-id=\"9\" data-load-complete=\"true\" data-mce-fragment=\"1\"><\/iframe><\/div>\n<\/div>\n<p class=\"paragraph font__body-regular\">La imagen, que se conoci\u00f3 en el programa\u00a0<i>La ma\u00f1ana con Moria (eltrece)<\/i>, muestra c\u00f3mo la hija de\u00a0<b>Andrea del Boca<\/b>\u00a0retrat\u00f3 a su padre: lo dibuj\u00f3 como un diablo, con cuernos, un tridente y rodeado de telara\u00f1as, fantasmas y murci\u00e9lagos.<\/p>\n<div class=\"story-list\" data-mrf-recirculation=\"IL_RNrGCM52Q_ui4aMax3fibg\" data-testid=\"text-html\" data-mrf-experience=\"IL_RNrGCM52Q_ui4aMax3fibg\">\n<article class=\"card__container card__horizontal\">\n<div class=\"card__body\">\n<header>\n<h3 class=\"card__headline font__display\"><\/h3>\n<\/header>\n<\/div>\n<\/article>\n<\/div>\n<p class=\"paragraph font__body-regular\">El dibujo, que fue incorporado al informe psiqui\u00e1trico de 2022, fue presentado por el periodista\u00a0<b>Gustavo M\u00e9ndez<\/b>\u00a0en el ciclo televisivo. \u201cEs escalofriante\u201d, sentenci\u00f3 el abogado de Andrea del Boca,\u00a0<b>Juan Pablo Fioribello<\/b>, al analizar la imagen y el contexto en el que fue realizada.<\/p>\n<p class=\"paragraph font__body-regular\">En di\u00e1logo con el programa,\u00a0<b>Fioribello<\/b>\u00a0fue contundente al referirse a Biasotti: \u201cDice que se quiere revincular con su hija, pero eso es todo un show absoluto. Anna tiene el mismo celular desde los 10 a\u00f1os y no tuvo\u00a0<b>ni un solo llamado de contacto de parte de \u00e9l<\/b>. Jam\u00e1s\u201d.<\/p>\n<p class=\"paragraph font__body-regular\">El letrado fue m\u00e1s all\u00e1 y asegur\u00f3: \u201c\u00c9l odia a su hija desde antes que naciera.\u00a0<b>Hizo todo lo posible para destruirle la vida y estigmatizarla<\/b>. Le pidi\u00f3 varias veces que abortara a Andrea, pero ella dijo que no.\u00a0<b>Realmente le tuvo mucho desprecio<\/b>\u201d.<\/p>\n<figure class=\"\" data-testid=\"figure-testid\">\n<div class=\"aspect_ratio__container\"><picture class=\"responsive-image\"><source srcset=\"https:\/\/tn.com.ar\/resizer\/v2\/el-dibujo-que-anna-del-boca-hizo-de-ricardo-biasotti-foto-captura-eltrece-QA3I6MDAAFHL5FQKOOINUAV6CA.JPG?auth=722b83e1d4c1910780b4890272e0dd048fefb7c4b7e62b201305106a27ff7e3c&amp;width=767\" type=\"image\/jpg\" media=\"(max-width: 728px)\" \/><source srcset=\"https:\/\/tn.com.ar\/resizer\/v2\/el-dibujo-que-anna-del-boca-hizo-de-ricardo-biasotti-foto-captura-eltrece-QA3I6MDAAFHL5FQKOOINUAV6CA.JPG?auth=722b83e1d4c1910780b4890272e0dd048fefb7c4b7e62b201305106a27ff7e3c&amp;width=1023\" type=\"image\/jpg\" media=\"(max-width: 1023px)\" \/><source srcset=\"https:\/\/tn.com.ar\/resizer\/v2\/el-dibujo-que-anna-del-boca-hizo-de-ricardo-biasotti-foto-captura-eltrece-QA3I6MDAAFHL5FQKOOINUAV6CA.JPG?auth=722b83e1d4c1910780b4890272e0dd048fefb7c4b7e62b201305106a27ff7e3c&amp;width=1440\" type=\"image\/jpg\" \/><img loading=\"lazy\" decoding=\"async\" class=\"image content-image image_placeholder\" src=\"https:\/\/tn.com.ar\/resizer\/v2\/el-dibujo-que-anna-del-boca-hizo-de-ricardo-biasotti-foto-captura-eltrece-QA3I6MDAAFHL5FQKOOINUAV6CA.JPG?auth=722b83e1d4c1910780b4890272e0dd048fefb7c4b7e62b201305106a27ff7e3c&amp;width=767\" alt=\"El dibujo que Anna del Boca hizo de Ricardo Biasotti (Foto: Captura eltrece)\" width=\"767\" height=\"428\" data-testid=\"loading-testid\" \/><\/picture><\/div><figcaption class=\"caption_image\" data-testid=\"figcaption-testid\">\n<div class=\"image_caption \">El dibujo que Anna del Boca hizo de Ricardo Biasotti (Foto: Captura eltrece)<\/div>\n<\/figcaption><\/figure>\n<p class=\"paragraph font__body-regular\">Sobre el dibujo, Fioribello remarc\u00f3: \u201cEsto fue parte de la causa. Imag\u00ednense a una chica de siete a\u00f1os dibujando de esa forma a su pap\u00e1.\u00a0<b>Es tremendo<\/b>.\u00a0<b>Algo pintado de esa forma no se puede inventar<\/b>\u201d.<\/p>\n<h2 class=\"font--primary font__display\">El informe psiqui\u00e1trico y el testimonio de Anna del Boca<\/h2>\n<p class=\"paragraph font__body-regular\">El informe psiqui\u00e1trico de\u00a0<b>Anna del Boca<\/b>\u00a0incluy\u00f3 declaraciones estremecedoras sobre su v\u00ednculo con Biasotti. Seg\u00fan ley\u00f3 M\u00e9ndez en el programa, la joven describi\u00f3 la relaci\u00f3n con su pap\u00e1 biol\u00f3gico como \u201cuna tortura\u201d. \u201cMe arruin\u00f3 la vida. Los problemas con mi pap\u00e1\u2026 siento que me rob\u00f3 la infancia.\u00a0<b>Creo que nunca quiso que yo naciera y por eso me lastim\u00f3 tanto<\/b>\u201d, declar\u00f3 Anna.<\/p>\n<figure class=\"\" data-testid=\"figure-testid\">\n<div class=\"aspect_ratio__container\"><picture class=\"responsive-image\"><source srcset=\"https:\/\/tn.com.ar\/resizer\/v2\/ricardo-biasotti-fue-sobreseido-en-la-causa-de-abuso-sexual-iniciada-por-su-hija-anna-chiara-del-boca-foto-instagram-annadelboca-captura-eltrece-4PXBDZM5LFEVLDZFXFYR6AKNMU.png?auth=65d3d84b62e6574d39a75594110589c5497c10251459059f7fc1204152c9e773&amp;width=767\" type=\"image\/jpg\" media=\"(max-width: 728px)\" \/><source srcset=\"https:\/\/tn.com.ar\/resizer\/v2\/ricardo-biasotti-fue-sobreseido-en-la-causa-de-abuso-sexual-iniciada-por-su-hija-anna-chiara-del-boca-foto-instagram-annadelboca-captura-eltrece-4PXBDZM5LFEVLDZFXFYR6AKNMU.png?auth=65d3d84b62e6574d39a75594110589c5497c10251459059f7fc1204152c9e773&amp;width=1023\" type=\"image\/jpg\" media=\"(max-width: 1023px)\" \/><source srcset=\"https:\/\/tn.com.ar\/resizer\/v2\/ricardo-biasotti-fue-sobreseido-en-la-causa-de-abuso-sexual-iniciada-por-su-hija-anna-chiara-del-boca-foto-instagram-annadelboca-captura-eltrece-4PXBDZM5LFEVLDZFXFYR6AKNMU.png?auth=65d3d84b62e6574d39a75594110589c5497c10251459059f7fc1204152c9e773&amp;width=1440\" type=\"image\/jpg\" \/><img loading=\"lazy\" decoding=\"async\" class=\"image content-image image_placeholder\" src=\"https:\/\/tn.com.ar\/resizer\/v2\/ricardo-biasotti-fue-sobreseido-en-la-causa-de-abuso-sexual-iniciada-por-su-hija-anna-chiara-del-boca-foto-instagram-annadelboca-captura-eltrece-4PXBDZM5LFEVLDZFXFYR6AKNMU.png?auth=65d3d84b62e6574d39a75594110589c5497c10251459059f7fc1204152c9e773&amp;width=767\" alt=\"Ricardo Biasotti fue sobrese\u00eddo en la causa de abuso sexual iniciada por su hija Anna Chiara del Boca (Foto: Instagram \/ annadelboca - Captura eltrece)\" width=\"767\" height=\"431\" data-testid=\"loading-testid\" \/><\/picture><\/div><figcaption class=\"caption_image\" data-testid=\"figcaption-testid\">\n<div class=\"image_caption \">Ricardo Biasotti fue sobrese\u00eddo en la causa de abuso sexual iniciada por su hija Anna Chiara del Boca (Foto: Instagram \/ annadelboca &#8211; Captura eltrece)<\/div>\n<\/figcaption><\/figure>\n<p class=\"paragraph font__body-regular\">En el mismo informe, Anna relat\u00f3 situaciones de abuso y humillaciones: \u201cA mis cuatro o cinco a\u00f1os sufr\u00ed los primeros abusos. Me tocaba mis partes. En esa \u00e9poca ocurr\u00eda en la noche y en la cama. Una vez se me apareci\u00f3 desnudo junto a su novia en la habitaci\u00f3n, yo estaba en una cama y ellos en la de al lado\u201d.<\/p>\n<p class=\"paragraph font__body-regular\">La joven tambi\u00e9n cont\u00f3 c\u00f3mo viv\u00eda las visitas a la casa de su pap\u00e1: \u201cOdiaba ir a lo de mi pap\u00e1. Me agarraba de las paredes, literalmente, porque\u00a0<b>no quer\u00eda irme lejos de mi mam\u00e1<\/b>\u201d.<\/p>\n<\/div>\n<p><\/main><\/div>\n<aside class=\"col-right-rail right-rail\">\n<div id=\"parent-ad-slot-caja\" class=\"ad-container caja_ad \">\n<div class=\"ad-content\"><\/div>\n<\/div>\n<\/aside>\n","protected":false},"excerpt":{"rendered":"<p>Al aire de \u201cLa ma\u00f1ana con Moria\u201d mostraron una imagen que forma parte de la causa que inici\u00f3 la joven contra su padre. Un dibujo realizado por\u00a0Anna del Boca\u00a0cuando ten\u00eda apenas siete a\u00f1os volvi\u00f3 a sacudir el expediente judicial que la enfrenta con su pap\u00e1,\u00a0Ricardo Biasotti. La imagen, que se conoci\u00f3 en el programa\u00a0La ma\u00f1ana [&hellip;]<\/p>\n","protected":false},"author":1,"featured_media":15838,"comment_status":"open","ping_status":"open","sticky":false,"template":"","format":"standard","meta":{"rop_custom_images_group":[],"rop_custom_messages_group":[],"rop_publish_now":"initial","rop_publish_now_accounts":[],"rop_publish_now_history":[],"rop_publish_now_status":"pending","footnotes":"","jetpack_publicize_message":"","jetpack_publicize_feature_enabled":true,"jetpack_social_post_already_shared":true,"jetpack_social_options":{"image_generator_settings":{"template":"highway","enabled":false},"version":2}},"categories":[12],"tags":[],"class_list":{"0":"post-15837","1":"post","2":"type-post","3":"status-publish","4":"format-standard","5":"has-post-thumbnail","7":"category-espectaculos"},"jetpack_publicize_connections":[],"yoast_head":"<!-- This site is optimized with the Yoast SEO plugin v27.3 - https:\/\/yoast.com\/product\/yoast-seo-wordpress\/ -->\n<title>Sali\u00f3 a la luz el dibujo de Biasotti que Anna del Boca hizo a los siete a\u00f1os en un informe psiqui\u00e1trico - CLAN ESPECTACULOS<\/title>\n<meta name=\"robots\" content=\"index, follow, max-snippet:-1, max-image-preview:large, max-video-preview:-1\" \/>\n<link rel=\"canonical\" href=\"https:\/\/radioclanfm.com\/clanespectaculos\/salio-a-la-luz-el-dibujo-de-biasotti-que-anna-del-boca-hizo-a-los-siete-anos-en-un-informe-psiquiatrico\/\" \/>\n<meta property=\"og:locale\" content=\"es_ES\" \/>\n<meta property=\"og:type\" content=\"article\" \/>\n<meta property=\"og:title\" content=\"Sali\u00f3 a la luz el dibujo de Biasotti que Anna del Boca hizo a los siete a\u00f1os en un informe psiqui\u00e1trico - CLAN ESPECTACULOS\" \/>\n<meta property=\"og:description\" content=\"Al aire de \u201cLa ma\u00f1ana con Moria\u201d mostraron una imagen que forma parte de la causa que inici\u00f3 la joven contra su padre. Un dibujo realizado por\u00a0Anna del Boca\u00a0cuando ten\u00eda apenas siete a\u00f1os volvi\u00f3 a sacudir el expediente judicial que la enfrenta con su pap\u00e1,\u00a0Ricardo Biasotti. La imagen, que se conoci\u00f3 en el programa\u00a0La ma\u00f1ana [&hellip;]\" \/>\n<meta property=\"og:url\" content=\"https:\/\/radioclanfm.com\/clanespectaculos\/salio-a-la-luz-el-dibujo-de-biasotti-que-anna-del-boca-hizo-a-los-siete-anos-en-un-informe-psiquiatrico\/\" \/>\n<meta property=\"og:site_name\" content=\"CLAN ESPECTACULOS\" \/>\n<meta property=\"article:publisher\" content=\"https:\/\/www.facebook.com\/clanespectaculos\/\" \/>\n<meta property=\"article:published_time\" content=\"2026-04-25T14:31:16+00:00\" \/>\n<meta property=\"og:image\" content=\"https:\/\/radioclanfm.com\/clanespectaculos\/wp-content\/uploads\/sites\/2\/2026\/04\/u71SEKRa.jpg\" \/>\n\t<meta property=\"og:image:width\" content=\"900\" \/>\n\t<meta property=\"og:image:height\" content=\"504\" \/>\n\t<meta property=\"og:image:type\" content=\"image\/jpeg\" \/>\n<meta name=\"author\" content=\"E-GRUPOCLAN\" \/>\n<meta name=\"twitter:card\" content=\"summary_large_image\" \/>\n<meta name=\"twitter:creator\" content=\"@clanespectok\" \/>\n<meta name=\"twitter:site\" content=\"@clanespectok\" \/>\n<meta name=\"twitter:label1\" content=\"Escrito por\" \/>\n\t<meta name=\"twitter:data1\" content=\"E-GRUPOCLAN\" \/>\n\t<meta name=\"twitter:label2\" content=\"Tiempo de lectura\" \/>\n\t<meta name=\"twitter:data2\" content=\"3 minutos\" \/>\n<script type=\"application\/ld+json\" class=\"yoast-schema-graph\">{\"@context\":\"https:\\\/\\\/schema.org\",\"@graph\":[{\"@type\":\"Article\",\"@id\":\"https:\\\/\\\/radioclanfm.com\\\/clanespectaculos\\\/salio-a-la-luz-el-dibujo-de-biasotti-que-anna-del-boca-hizo-a-los-siete-anos-en-un-informe-psiquiatrico\\\/#article\",\"isPartOf\":{\"@id\":\"https:\\\/\\\/radioclanfm.com\\\/clanespectaculos\\\/salio-a-la-luz-el-dibujo-de-biasotti-que-anna-del-boca-hizo-a-los-siete-anos-en-un-informe-psiquiatrico\\\/\"},\"author\":{\"name\":\"E-GRUPOCLAN\",\"@id\":\"https:\\\/\\\/radioclanfm.com\\\/clanespectaculos\\\/#\\\/schema\\\/person\\\/9734813083303230f3ad84d99171b20c\"},\"headline\":\"Sali\u00f3 a la luz el dibujo de Biasotti que Anna del Boca hizo a los siete a\u00f1os en un informe psiqui\u00e1trico\",\"datePublished\":\"2026-04-25T14:31:16+00:00\",\"mainEntityOfPage\":{\"@id\":\"https:\\\/\\\/radioclanfm.com\\\/clanespectaculos\\\/salio-a-la-luz-el-dibujo-de-biasotti-que-anna-del-boca-hizo-a-los-siete-anos-en-un-informe-psiquiatrico\\\/\"},\"wordCount\":522,\"commentCount\":0,\"publisher\":{\"@id\":\"https:\\\/\\\/radioclanfm.com\\\/clanespectaculos\\\/#organization\"},\"image\":{\"@id\":\"https:\\\/\\\/radioclanfm.com\\\/clanespectaculos\\\/salio-a-la-luz-el-dibujo-de-biasotti-que-anna-del-boca-hizo-a-los-siete-anos-en-un-informe-psiquiatrico\\\/#primaryimage\"},\"thumbnailUrl\":\"https:\\\/\\\/radioclanfm.com\\\/clanespectaculos\\\/wp-content\\\/uploads\\\/sites\\\/2\\\/2026\\\/04\\\/u71SEKRa.jpg\",\"articleSection\":[\"Espectaculos\"],\"inLanguage\":\"es-AR\",\"potentialAction\":[{\"@type\":\"CommentAction\",\"name\":\"Comment\",\"target\":[\"https:\\\/\\\/radioclanfm.com\\\/clanespectaculos\\\/salio-a-la-luz-el-dibujo-de-biasotti-que-anna-del-boca-hizo-a-los-siete-anos-en-un-informe-psiquiatrico\\\/#respond\"]}]},{\"@type\":\"WebPage\",\"@id\":\"https:\\\/\\\/radioclanfm.com\\\/clanespectaculos\\\/salio-a-la-luz-el-dibujo-de-biasotti-que-anna-del-boca-hizo-a-los-siete-anos-en-un-informe-psiquiatrico\\\/\",\"url\":\"https:\\\/\\\/radioclanfm.com\\\/clanespectaculos\\\/salio-a-la-luz-el-dibujo-de-biasotti-que-anna-del-boca-hizo-a-los-siete-anos-en-un-informe-psiquiatrico\\\/\",\"name\":\"Sali\u00f3 a la luz el dibujo de Biasotti que Anna del Boca hizo a los siete a\u00f1os en un informe psiqui\u00e1trico - CLAN ESPECTACULOS\",\"isPartOf\":{\"@id\":\"https:\\\/\\\/radioclanfm.com\\\/clanespectaculos\\\/#website\"},\"primaryImageOfPage\":{\"@id\":\"https:\\\/\\\/radioclanfm.com\\\/clanespectaculos\\\/salio-a-la-luz-el-dibujo-de-biasotti-que-anna-del-boca-hizo-a-los-siete-anos-en-un-informe-psiquiatrico\\\/#primaryimage\"},\"image\":{\"@id\":\"https:\\\/\\\/radioclanfm.com\\\/clanespectaculos\\\/salio-a-la-luz-el-dibujo-de-biasotti-que-anna-del-boca-hizo-a-los-siete-anos-en-un-informe-psiquiatrico\\\/#primaryimage\"},\"thumbnailUrl\":\"https:\\\/\\\/radioclanfm.com\\\/clanespectaculos\\\/wp-content\\\/uploads\\\/sites\\\/2\\\/2026\\\/04\\\/u71SEKRa.jpg\",\"datePublished\":\"2026-04-25T14:31:16+00:00\",\"breadcrumb\":{\"@id\":\"https:\\\/\\\/radioclanfm.com\\\/clanespectaculos\\\/salio-a-la-luz-el-dibujo-de-biasotti-que-anna-del-boca-hizo-a-los-siete-anos-en-un-informe-psiquiatrico\\\/#breadcrumb\"},\"inLanguage\":\"es-AR\",\"potentialAction\":[{\"@type\":\"ReadAction\",\"target\":[\"https:\\\/\\\/radioclanfm.com\\\/clanespectaculos\\\/salio-a-la-luz-el-dibujo-de-biasotti-que-anna-del-boca-hizo-a-los-siete-anos-en-un-informe-psiquiatrico\\\/\"]}]},{\"@type\":\"ImageObject\",\"inLanguage\":\"es-AR\",\"@id\":\"https:\\\/\\\/radioclanfm.com\\\/clanespectaculos\\\/salio-a-la-luz-el-dibujo-de-biasotti-que-anna-del-boca-hizo-a-los-siete-anos-en-un-informe-psiquiatrico\\\/#primaryimage\",\"url\":\"https:\\\/\\\/radioclanfm.com\\\/clanespectaculos\\\/wp-content\\\/uploads\\\/sites\\\/2\\\/2026\\\/04\\\/u71SEKRa.jpg\",\"contentUrl\":\"https:\\\/\\\/radioclanfm.com\\\/clanespectaculos\\\/wp-content\\\/uploads\\\/sites\\\/2\\\/2026\\\/04\\\/u71SEKRa.jpg\",\"width\":900,\"height\":504},{\"@type\":\"BreadcrumbList\",\"@id\":\"https:\\\/\\\/radioclanfm.com\\\/clanespectaculos\\\/salio-a-la-luz-el-dibujo-de-biasotti-que-anna-del-boca-hizo-a-los-siete-anos-en-un-informe-psiquiatrico\\\/#breadcrumb\",\"itemListElement\":[{\"@type\":\"ListItem\",\"position\":1,\"name\":\"Inicio\",\"item\":\"https:\\\/\\\/radioclanfm.com\\\/clanespectaculos\\\/\"},{\"@type\":\"ListItem\",\"position\":2,\"name\":\"Sali\u00f3 a la luz el dibujo de Biasotti que Anna del Boca hizo a los siete a\u00f1os en un informe psiqui\u00e1trico\"}]},{\"@type\":\"WebSite\",\"@id\":\"https:\\\/\\\/radioclanfm.com\\\/clanespectaculos\\\/#website\",\"url\":\"https:\\\/\\\/radioclanfm.com\\\/clanespectaculos\\\/\",\"name\":\"CLAN ESPECTACULOS\",\"description\":\"\",\"publisher\":{\"@id\":\"https:\\\/\\\/radioclanfm.com\\\/clanespectaculos\\\/#organization\"},\"potentialAction\":[{\"@type\":\"SearchAction\",\"target\":{\"@type\":\"EntryPoint\",\"urlTemplate\":\"https:\\\/\\\/radioclanfm.com\\\/clanespectaculos\\\/?s={search_term_string}\"},\"query-input\":{\"@type\":\"PropertyValueSpecification\",\"valueRequired\":true,\"valueName\":\"search_term_string\"}}],\"inLanguage\":\"es-AR\"},{\"@type\":\"Organization\",\"@id\":\"https:\\\/\\\/radioclanfm.com\\\/clanespectaculos\\\/#organization\",\"name\":\"CLAN ESPECTACULOS\",\"url\":\"https:\\\/\\\/radioclanfm.com\\\/clanespectaculos\\\/\",\"logo\":{\"@type\":\"ImageObject\",\"inLanguage\":\"es-AR\",\"@id\":\"https:\\\/\\\/radioclanfm.com\\\/clanespectaculos\\\/#\\\/schema\\\/logo\\\/image\\\/\",\"url\":\"https:\\\/\\\/radioclanfm.com\\\/clanespectaculos\\\/wp-content\\\/uploads\\\/sites\\\/2\\\/2026\\\/04\\\/ChatGPT-Image-23-mar-2026-10_09_00.png\",\"contentUrl\":\"https:\\\/\\\/radioclanfm.com\\\/clanespectaculos\\\/wp-content\\\/uploads\\\/sites\\\/2\\\/2026\\\/04\\\/ChatGPT-Image-23-mar-2026-10_09_00.png\",\"width\":1024,\"height\":1024,\"caption\":\"CLAN ESPECTACULOS\"},\"image\":{\"@id\":\"https:\\\/\\\/radioclanfm.com\\\/clanespectaculos\\\/#\\\/schema\\\/logo\\\/image\\\/\"},\"sameAs\":[\"https:\\\/\\\/www.facebook.com\\\/clanespectaculos\\\/\",\"https:\\\/\\\/x.com\\\/clanespectok\"]},{\"@type\":\"Person\",\"@id\":\"https:\\\/\\\/radioclanfm.com\\\/clanespectaculos\\\/#\\\/schema\\\/person\\\/9734813083303230f3ad84d99171b20c\",\"name\":\"E-GRUPOCLAN\",\"image\":{\"@type\":\"ImageObject\",\"inLanguage\":\"es-AR\",\"@id\":\"https:\\\/\\\/secure.gravatar.com\\\/avatar\\\/af6e19837c3d6a212034a48c7b3818d2ac1826f6025df0155da5a186ad321d79?s=96&d=mm&r=g\",\"url\":\"https:\\\/\\\/secure.gravatar.com\\\/avatar\\\/af6e19837c3d6a212034a48c7b3818d2ac1826f6025df0155da5a186ad321d79?s=96&d=mm&r=g\",\"contentUrl\":\"https:\\\/\\\/secure.gravatar.com\\\/avatar\\\/af6e19837c3d6a212034a48c7b3818d2ac1826f6025df0155da5a186ad321d79?s=96&d=mm&r=g\",\"caption\":\"E-GRUPOCLAN\"},\"sameAs\":[\"https:\\\/\\\/radioclanfm.com\"],\"url\":\"https:\\\/\\\/radioclanfm.com\\\/clanespectaculos\\\/author\\\/admin\\\/\"}]}<\/script>\n<!-- \/ Yoast SEO plugin. -->","yoast_head_json":{"title":"Sali\u00f3 a la luz el dibujo de Biasotti que Anna del Boca hizo a los siete a\u00f1os en un informe psiqui\u00e1trico - CLAN ESPECTACULOS","robots":{"index":"index","follow":"follow","max-snippet":"max-snippet:-1","max-image-preview":"max-image-preview:large","max-video-preview":"max-video-preview:-1"},"canonical":"https:\/\/radioclanfm.com\/clanespectaculos\/salio-a-la-luz-el-dibujo-de-biasotti-que-anna-del-boca-hizo-a-los-siete-anos-en-un-informe-psiquiatrico\/","og_locale":"es_ES","og_type":"article","og_title":"Sali\u00f3 a la luz el dibujo de Biasotti que Anna del Boca hizo a los siete a\u00f1os en un informe psiqui\u00e1trico - CLAN ESPECTACULOS","og_description":"Al aire de \u201cLa ma\u00f1ana con Moria\u201d mostraron una imagen que forma parte de la causa que inici\u00f3 la joven contra su padre. Un dibujo realizado por\u00a0Anna del Boca\u00a0cuando ten\u00eda apenas siete a\u00f1os volvi\u00f3 a sacudir el expediente judicial que la enfrenta con su pap\u00e1,\u00a0Ricardo Biasotti. La imagen, que se conoci\u00f3 en el programa\u00a0La ma\u00f1ana [&hellip;]","og_url":"https:\/\/radioclanfm.com\/clanespectaculos\/salio-a-la-luz-el-dibujo-de-biasotti-que-anna-del-boca-hizo-a-los-siete-anos-en-un-informe-psiquiatrico\/","og_site_name":"CLAN ESPECTACULOS","article_publisher":"https:\/\/www.facebook.com\/clanespectaculos\/","article_published_time":"2026-04-25T14:31:16+00:00","og_image":[{"width":900,"height":504,"url":"https:\/\/radioclanfm.com\/clanespectaculos\/wp-content\/uploads\/sites\/2\/2026\/04\/u71SEKRa.jpg","type":"image\/jpeg"}],"author":"E-GRUPOCLAN","twitter_card":"summary_large_image","twitter_creator":"@clanespectok","twitter_site":"@clanespectok","twitter_misc":{"Escrito por":"E-GRUPOCLAN","Tiempo de lectura":"3 minutos"},"schema":{"@context":"https:\/\/schema.org","@graph":[{"@type":"Article","@id":"https:\/\/radioclanfm.com\/clanespectaculos\/salio-a-la-luz-el-dibujo-de-biasotti-que-anna-del-boca-hizo-a-los-siete-anos-en-un-informe-psiquiatrico\/#article","isPartOf":{"@id":"https:\/\/radioclanfm.com\/clanespectaculos\/salio-a-la-luz-el-dibujo-de-biasotti-que-anna-del-boca-hizo-a-los-siete-anos-en-un-informe-psiquiatrico\/"},"author":{"name":"E-GRUPOCLAN","@id":"https:\/\/radioclanfm.com\/clanespectaculos\/#\/schema\/person\/9734813083303230f3ad84d99171b20c"},"headline":"Sali\u00f3 a la luz el dibujo de Biasotti que Anna del Boca hizo a los siete a\u00f1os en un informe psiqui\u00e1trico","datePublished":"2026-04-25T14:31:16+00:00","mainEntityOfPage":{"@id":"https:\/\/radioclanfm.com\/clanespectaculos\/salio-a-la-luz-el-dibujo-de-biasotti-que-anna-del-boca-hizo-a-los-siete-anos-en-un-informe-psiquiatrico\/"},"wordCount":522,"commentCount":0,"publisher":{"@id":"https:\/\/radioclanfm.com\/clanespectaculos\/#organization"},"image":{"@id":"https:\/\/radioclanfm.com\/clanespectaculos\/salio-a-la-luz-el-dibujo-de-biasotti-que-anna-del-boca-hizo-a-los-siete-anos-en-un-informe-psiquiatrico\/#primaryimage"},"thumbnailUrl":"https:\/\/radioclanfm.com\/clanespectaculos\/wp-content\/uploads\/sites\/2\/2026\/04\/u71SEKRa.jpg","articleSection":["Espectaculos"],"inLanguage":"es-AR","potentialAction":[{"@type":"CommentAction","name":"Comment","target":["https:\/\/radioclanfm.com\/clanespectaculos\/salio-a-la-luz-el-dibujo-de-biasotti-que-anna-del-boca-hizo-a-los-siete-anos-en-un-informe-psiquiatrico\/#respond"]}]},{"@type":"WebPage","@id":"https:\/\/radioclanfm.com\/clanespectaculos\/salio-a-la-luz-el-dibujo-de-biasotti-que-anna-del-boca-hizo-a-los-siete-anos-en-un-informe-psiquiatrico\/","url":"https:\/\/radioclanfm.com\/clanespectaculos\/salio-a-la-luz-el-dibujo-de-biasotti-que-anna-del-boca-hizo-a-los-siete-anos-en-un-informe-psiquiatrico\/","name":"Sali\u00f3 a la luz el dibujo de Biasotti que Anna del Boca hizo a los siete a\u00f1os en un informe psiqui\u00e1trico - CLAN ESPECTACULOS","isPartOf":{"@id":"https:\/\/radioclanfm.com\/clanespectaculos\/#website"},"primaryImageOfPage":{"@id":"https:\/\/radioclanfm.com\/clanespectaculos\/salio-a-la-luz-el-dibujo-de-biasotti-que-anna-del-boca-hizo-a-los-siete-anos-en-un-informe-psiquiatrico\/#primaryimage"},"image":{"@id":"https:\/\/radioclanfm.com\/clanespectaculos\/salio-a-la-luz-el-dibujo-de-biasotti-que-anna-del-boca-hizo-a-los-siete-anos-en-un-informe-psiquiatrico\/#primaryimage"},"thumbnailUrl":"https:\/\/radioclanfm.com\/clanespectaculos\/wp-content\/uploads\/sites\/2\/2026\/04\/u71SEKRa.jpg","datePublished":"2026-04-25T14:31:16+00:00","breadcrumb":{"@id":"https:\/\/radioclanfm.com\/clanespectaculos\/salio-a-la-luz-el-dibujo-de-biasotti-que-anna-del-boca-hizo-a-los-siete-anos-en-un-informe-psiquiatrico\/#breadcrumb"},"inLanguage":"es-AR","potentialAction":[{"@type":"ReadAction","target":["https:\/\/radioclanfm.com\/clanespectaculos\/salio-a-la-luz-el-dibujo-de-biasotti-que-anna-del-boca-hizo-a-los-siete-anos-en-un-informe-psiquiatrico\/"]}]},{"@type":"ImageObject","inLanguage":"es-AR","@id":"https:\/\/radioclanfm.com\/clanespectaculos\/salio-a-la-luz-el-dibujo-de-biasotti-que-anna-del-boca-hizo-a-los-siete-anos-en-un-informe-psiquiatrico\/#primaryimage","url":"https:\/\/radioclanfm.com\/clanespectaculos\/wp-content\/uploads\/sites\/2\/2026\/04\/u71SEKRa.jpg","contentUrl":"https:\/\/radioclanfm.com\/clanespectaculos\/wp-content\/uploads\/sites\/2\/2026\/04\/u71SEKRa.jpg","width":900,"height":504},{"@type":"BreadcrumbList","@id":"https:\/\/radioclanfm.com\/clanespectaculos\/salio-a-la-luz-el-dibujo-de-biasotti-que-anna-del-boca-hizo-a-los-siete-anos-en-un-informe-psiquiatrico\/#breadcrumb","itemListElement":[{"@type":"ListItem","position":1,"name":"Inicio","item":"https:\/\/radioclanfm.com\/clanespectaculos\/"},{"@type":"ListItem","position":2,"name":"Sali\u00f3 a la luz el dibujo de Biasotti que Anna del Boca hizo a los siete a\u00f1os en un informe psiqui\u00e1trico"}]},{"@type":"WebSite","@id":"https:\/\/radioclanfm.com\/clanespectaculos\/#website","url":"https:\/\/radioclanfm.com\/clanespectaculos\/","name":"CLAN ESPECTACULOS","description":"","publisher":{"@id":"https:\/\/radioclanfm.com\/clanespectaculos\/#organization"},"potentialAction":[{"@type":"SearchAction","target":{"@type":"EntryPoint","urlTemplate":"https:\/\/radioclanfm.com\/clanespectaculos\/?s={search_term_string}"},"query-input":{"@type":"PropertyValueSpecification","valueRequired":true,"valueName":"search_term_string"}}],"inLanguage":"es-AR"},{"@type":"Organization","@id":"https:\/\/radioclanfm.com\/clanespectaculos\/#organization","name":"CLAN ESPECTACULOS","url":"https:\/\/radioclanfm.com\/clanespectaculos\/","logo":{"@type":"ImageObject","inLanguage":"es-AR","@id":"https:\/\/radioclanfm.com\/clanespectaculos\/#\/schema\/logo\/image\/","url":"https:\/\/radioclanfm.com\/clanespectaculos\/wp-content\/uploads\/sites\/2\/2026\/04\/ChatGPT-Image-23-mar-2026-10_09_00.png","contentUrl":"https:\/\/radioclanfm.com\/clanespectaculos\/wp-content\/uploads\/sites\/2\/2026\/04\/ChatGPT-Image-23-mar-2026-10_09_00.png","width":1024,"height":1024,"caption":"CLAN ESPECTACULOS"},"image":{"@id":"https:\/\/radioclanfm.com\/clanespectaculos\/#\/schema\/logo\/image\/"},"sameAs":["https:\/\/www.facebook.com\/clanespectaculos\/","https:\/\/x.com\/clanespectok"]},{"@type":"Person","@id":"https:\/\/radioclanfm.com\/clanespectaculos\/#\/schema\/person\/9734813083303230f3ad84d99171b20c","name":"E-GRUPOCLAN","image":{"@type":"ImageObject","inLanguage":"es-AR","@id":"https:\/\/secure.gravatar.com\/avatar\/af6e19837c3d6a212034a48c7b3818d2ac1826f6025df0155da5a186ad321d79?s=96&d=mm&r=g","url":"https:\/\/secure.gravatar.com\/avatar\/af6e19837c3d6a212034a48c7b3818d2ac1826f6025df0155da5a186ad321d79?s=96&d=mm&r=g","contentUrl":"https:\/\/secure.gravatar.com\/avatar\/af6e19837c3d6a212034a48c7b3818d2ac1826f6025df0155da5a186ad321d79?s=96&d=mm&r=g","caption":"E-GRUPOCLAN"},"sameAs":["https:\/\/radioclanfm.com"],"url":"https:\/\/radioclanfm.com\/clanespectaculos\/author\/admin\/"}]}},"_links":{"self":[{"href":"https:\/\/radioclanfm.com\/clanespectaculos\/wp-json\/wp\/v2\/posts\/15837","targetHints":{"allow":["GET"]}}],"collection":[{"href":"https:\/\/radioclanfm.com\/clanespectaculos\/wp-json\/wp\/v2\/posts"}],"about":[{"href":"https:\/\/radioclanfm.com\/clanespectaculos\/wp-json\/wp\/v2\/types\/post"}],"author":[{"embeddable":true,"href":"https:\/\/radioclanfm.com\/clanespectaculos\/wp-json\/wp\/v2\/users\/1"}],"replies":[{"embeddable":true,"href":"https:\/\/radioclanfm.com\/clanespectaculos\/wp-json\/wp\/v2\/comments?post=15837"}],"version-history":[{"count":1,"href":"https:\/\/radioclanfm.com\/clanespectaculos\/wp-json\/wp\/v2\/posts\/15837\/revisions"}],"predecessor-version":[{"id":15839,"href":"https:\/\/radioclanfm.com\/clanespectaculos\/wp-json\/wp\/v2\/posts\/15837\/revisions\/15839"}],"wp:featuredmedia":[{"embeddable":true,"href":"https:\/\/radioclanfm.com\/clanespectaculos\/wp-json\/wp\/v2\/media\/15838"}],"wp:attachment":[{"href":"https:\/\/radioclanfm.com\/clanespectaculos\/wp-json\/wp\/v2\/media?parent=15837"}],"wp:term":[{"taxonomy":"category","embeddable":true,"href":"https:\/\/radioclanfm.com\/clanespectaculos\/wp-json\/wp\/v2\/categories?post=15837"},{"taxonomy":"post_tag","embeddable":true,"href":"https:\/\/radioclanfm.com\/clanespectaculos\/wp-json\/wp\/v2\/tags?post=15837"}],"curies":[{"name":"wp","href":"https:\/\/api.w.org\/{rel}","templated":true}]}}