{"id":15834,"date":"2026-04-25T11:29:24","date_gmt":"2026-04-25T14:29:24","guid":{"rendered":"https:\/\/radioclanfm.com\/clanespectaculos\/?p=15834"},"modified":"2026-04-25T11:29:24","modified_gmt":"2026-04-25T14:29:24","slug":"la-expareja-de-romina-gaetani-hablo-tras-la-denuncia-de-la-actriz-por-violencia-de-genero-jamas-le-pegue","status":"publish","type":"post","link":"https:\/\/radioclanfm.com\/clanespectaculos\/la-expareja-de-romina-gaetani-hablo-tras-la-denuncia-de-la-actriz-por-violencia-de-genero-jamas-le-pegue\/","title":{"rendered":"La expareja de Romina Gaetani habl\u00f3 tras la denuncia de la actriz por violencia de g\u00e9nero: \u201cJam\u00e1s le pegu\u00e9\u201d"},"content":{"rendered":"<p>Luis Cavanagh rompi\u00f3 el silencio y dio su versi\u00f3n de los hechos ocurridos en diciembre del a\u00f1o pasado<\/p>\n<div class=\"col-content\"><main class=\"col-content\"><\/p>\n<div class=\"default-article-color article__body article__article\">\n<p class=\"paragraph font__body-regular\">Este viernes, al aire de\u00a0<i>Intrusos (Am\u00e9rica)<\/i>, mostraron una nota que le hicieron a<b>\u00a0<\/b><b>Luis Cavanagh<\/b><b>, la expareja de Romina Gaetani<\/b>, que fue denunciado por la actriz en diciembre del a\u00f1o pasado por violencia de g\u00e9nero.<\/p>\n<div id=\"ad-slot-infeed\" class=\"infeed-container ad-slot-infeed ad-slot\" data-adtype=\"infeed\" data-lazyload=\"1\" data-google-query-id=\"CPTJpJ2biZQDFTGEYQYdfUw2-Q\">\n<div id=\"google_ads_iframe_\/113951150\/tn-arc\/nota\/infeed_0__container__\"><iframe id=\"google_ads_iframe_\/113951150\/tn-arc\/nota\/infeed_0\" tabindex=\"0\" title=\"Contenido de anuncios de terceros\" name=\"google_ads_iframe_\/113951150\/tn-arc\/nota\/infeed_0\" width=\"1\" height=\"1\" frameborder=\"0\" marginwidth=\"0\" marginheight=\"0\" scrolling=\"no\" aria-label=\"Anuncio\" data-google-container-id=\"9\" data-load-complete=\"true\" data-mce-fragment=\"1\"><\/iframe><\/div>\n<\/div>\n<p class=\"paragraph font__body-regular\">Consultado por el tema, el empresario neg\u00f3 todo. \u201c<b>Me defend\u00ed en la Justicia<\/b>. Obviamente jam\u00e1s toqu\u00e9 a nadie. Nunca le pegu\u00e9 a una mujer en mi vida y nunca lo voy a hacer.\u00a0<b>Es mentira, obviamente<\/b>\u201d, dijo.<\/p>\n<div class=\"teads-adCall\"><\/div>\n<p class=\"paragraph font__body-regular\">\u201cLo estoy demostrando en la Justicia y listo, lo demostrar\u00e9 ah\u00ed. Yo al principio me quise quedar callado, la verdad que no quer\u00eda hacerle mal a ella porque es un figura p\u00fablica y yo no lo soy\u201d, sum\u00f3.<\/p>\n<p class=\"paragraph font__body-regular\">Respecto a la denuncia de la artista, se defendi\u00f3: \u201c<b>Nunca dijo \u2018me peg\u00f3\u2019<\/b>, dijo \u2018un acto de violencia\u2019. La violencia fue de ella, totalmente, yo jam\u00e1s fui violento con ella, ella fue violenta conmigo varias veces, no fue la \u00fanica vez y lo voy a demostrar.\u00a0<b>Tengo pruebas<\/b>\u201d.<\/p>\n<p class=\"paragraph font__body-regular\">\u201c<b>Romina es una mujer dif\u00edcil<\/b>. Hice todo lo que pude, y no pude. La verdad que estaba copado con ella, muy, pero no funcion\u00f3\u201d, a\u00f1adi\u00f3 el empresario.<\/p>\n<p class=\"paragraph font__body-regular\">Por \u00faltimo, en cuanto al episodio de diciembre, sentenci\u00f3: \u201cLa Justicia seguramente va a dictar que no pas\u00f3 c\u00f3mo ella dice que fue. Yo tuve que pararla a ella, me tuve que encerrar para que no me pegue, porque no era la primera vez que me pegaba.<b>\u00a0Ojal\u00e1 este bien, ojal\u00e1 se cure, ojal\u00e1 pueda laburar bien&#8221;.<\/b><\/p>\n<p class=\"paragraph font__body-regular\">\u201cCuando hac\u00e9s algo que es mentira y traicion\u00e1s a alguien que te quiso y te cuid\u00f3 mucho, es mucho peor para vos que para el otro. Es de despechada.<b>\u00a0Las mujeres se despechan a veces<\/b>\u201d, cerr\u00f3.<\/p>\n<h2 class=\"font--primary font__display\">Qui\u00e9n es Luis Cavanagh, el exnovio de Romina Gaetani denunciado por violencia de g\u00e9nero<\/h2>\n<p class=\"paragraph font__body-regular\">Cavanagh es un\u00a0<b>empresario\u00a0<\/b>de perfil bajo, ajeno al mundo del espect\u00e1culo. Seg\u00fan cont\u00f3 la propia Gaetani en distintas entrevistas,\u00a0<b>siempre evit\u00f3 la exposici\u00f3n p\u00fablica\u00a0<\/b>y mantuvo sus redes sociales en privado, lo que hizo que se conociera muy poco sobre su vida personal y profesional. No trascendi\u00f3 el rubro en el que trabaja ni detalles sobre sus actividades.<\/p>\n<p class=\"paragraph font__body-regular\">La historia entre\u00a0<b>Romina Gaetani<\/b>\u00a0y\u00a0<b>Luis Cavanagh<\/b>\u00a0comenz\u00f3 durante el verano 2023\/2024, cuando la actriz hac\u00eda temporada teatral en Carlos Paz con la obra\u00a0<i>Un plan perfecto<\/i>.<\/p>\n<figure class=\"\" data-testid=\"figure-testid\">\n<div class=\"aspect_ratio__container\"><picture class=\"responsive-image\"><source srcset=\"https:\/\/tn.com.ar\/resizer\/v2\/romina-gaetani-denuncio-a-su-novio-luis-ramon-cavanagh-foto-captura-ciudad-magazine-THJDGJLPEJCNDEGGGBYCUCBCWM.jpg?auth=dd2cad0cd0464bbec1aa0793939baf007b91e5fa446f64d5fec45dd32961c863&amp;width=767\" type=\"image\/jpg\" media=\"(max-width: 728px)\" \/><source srcset=\"https:\/\/tn.com.ar\/resizer\/v2\/romina-gaetani-denuncio-a-su-novio-luis-ramon-cavanagh-foto-captura-ciudad-magazine-THJDGJLPEJCNDEGGGBYCUCBCWM.jpg?auth=dd2cad0cd0464bbec1aa0793939baf007b91e5fa446f64d5fec45dd32961c863&amp;width=1023\" type=\"image\/jpg\" media=\"(max-width: 1023px)\" \/><source srcset=\"https:\/\/tn.com.ar\/resizer\/v2\/romina-gaetani-denuncio-a-su-novio-luis-ramon-cavanagh-foto-captura-ciudad-magazine-THJDGJLPEJCNDEGGGBYCUCBCWM.jpg?auth=dd2cad0cd0464bbec1aa0793939baf007b91e5fa446f64d5fec45dd32961c863&amp;width=1440\" type=\"image\/jpg\" \/><img loading=\"lazy\" decoding=\"async\" class=\"image content-image image_placeholder\" src=\"https:\/\/tn.com.ar\/resizer\/v2\/romina-gaetani-denuncio-a-su-novio-luis-ramon-cavanagh-foto-captura-ciudad-magazine-THJDGJLPEJCNDEGGGBYCUCBCWM.jpg?auth=dd2cad0cd0464bbec1aa0793939baf007b91e5fa446f64d5fec45dd32961c863&amp;width=767\" alt=\"Romina Gaetani denunci\u00f3 a su novio, Luis Ram\u00f3n Cavanagh. (Foto: Captura Ciudad Magazine)\" width=\"767\" height=\"430\" data-testid=\"loading-testid\" \/><\/picture><\/div><figcaption class=\"caption_image\" data-testid=\"figcaption-testid\">\n<div class=\"image_caption \">Romina Gaetani denunci\u00f3 a su novio, Luis Ram\u00f3n Cavanagh. (Foto: Captura Ciudad Magazine)<\/div>\n<\/figcaption><\/figure>\n<p class=\"paragraph font__body-regular\">El v\u00ednculo avanz\u00f3 r\u00e1pido y, meses despu\u00e9s, Gaetani blanque\u00f3 la relaci\u00f3n en los medios, contando que compart\u00edan una convivencia flexible: \u201cEstamos mitad en la casa de uno y mitad en la del otro\u201d, dijo en junio de 2024, cuando cumpl\u00edan ocho meses de noviazgo.<\/p>\n<p class=\"paragraph font__body-regular\">Durante ese tiempo, la actriz se mostr\u00f3 feliz y tranquila con su pareja, present\u00e1ndolo en distintos eventos y remarcando la estabilidad del v\u00ednculo. Sin embargo, todo cambi\u00f3 en octubre de 2025, cuando Gaetani confirm\u00f3 en televisi\u00f3n que estaba soltera, sin dar detalles sobre los motivos de la separaci\u00f3n.<\/p>\n<\/div>\n<p><\/main><\/div>\n<aside class=\"col-right-rail right-rail\">\n<div id=\"parent-ad-slot-caja\" class=\"ad-container caja_ad \">\n<div class=\"ad-content\"><\/div>\n<\/div>\n<\/aside>\n","protected":false},"excerpt":{"rendered":"<p>Luis Cavanagh rompi\u00f3 el silencio y dio su versi\u00f3n de los hechos ocurridos en diciembre del a\u00f1o pasado Este viernes, al aire de\u00a0Intrusos (Am\u00e9rica), mostraron una nota que le hicieron a\u00a0Luis Cavanagh, la expareja de Romina Gaetani, que fue denunciado por la actriz en diciembre del a\u00f1o pasado por violencia de g\u00e9nero. Consultado por el [&hellip;]<\/p>\n","protected":false},"author":1,"featured_media":15835,"comment_status":"open","ping_status":"open","sticky":false,"template":"","format":"standard","meta":{"rop_custom_images_group":[],"rop_custom_messages_group":[],"rop_publish_now":"initial","rop_publish_now_accounts":[],"rop_publish_now_history":[],"rop_publish_now_status":"pending","footnotes":"","jetpack_publicize_message":"","jetpack_publicize_feature_enabled":true,"jetpack_social_post_already_shared":true,"jetpack_social_options":{"image_generator_settings":{"template":"highway","enabled":false},"version":2}},"categories":[12],"tags":[],"class_list":{"0":"post-15834","1":"post","2":"type-post","3":"status-publish","4":"format-standard","5":"has-post-thumbnail","7":"category-espectaculos"},"jetpack_publicize_connections":[],"yoast_head":"<!-- This site is optimized with the Yoast SEO plugin v27.3 - https:\/\/yoast.com\/product\/yoast-seo-wordpress\/ -->\n<title>La expareja de Romina Gaetani habl\u00f3 tras la denuncia de la actriz por violencia de g\u00e9nero: \u201cJam\u00e1s le pegu\u00e9\u201d - CLAN ESPECTACULOS<\/title>\n<meta name=\"robots\" content=\"index, follow, max-snippet:-1, max-image-preview:large, max-video-preview:-1\" \/>\n<link rel=\"canonical\" href=\"https:\/\/radioclanfm.com\/clanespectaculos\/la-expareja-de-romina-gaetani-hablo-tras-la-denuncia-de-la-actriz-por-violencia-de-genero-jamas-le-pegue\/\" \/>\n<meta property=\"og:locale\" content=\"es_ES\" \/>\n<meta property=\"og:type\" content=\"article\" \/>\n<meta property=\"og:title\" content=\"La expareja de Romina Gaetani habl\u00f3 tras la denuncia de la actriz por violencia de g\u00e9nero: \u201cJam\u00e1s le pegu\u00e9\u201d - CLAN ESPECTACULOS\" \/>\n<meta property=\"og:description\" content=\"Luis Cavanagh rompi\u00f3 el silencio y dio su versi\u00f3n de los hechos ocurridos en diciembre del a\u00f1o pasado Este viernes, al aire de\u00a0Intrusos (Am\u00e9rica), mostraron una nota que le hicieron a\u00a0Luis Cavanagh, la expareja de Romina Gaetani, que fue denunciado por la actriz en diciembre del a\u00f1o pasado por violencia de g\u00e9nero. Consultado por el [&hellip;]\" \/>\n<meta property=\"og:url\" content=\"https:\/\/radioclanfm.com\/clanespectaculos\/la-expareja-de-romina-gaetani-hablo-tras-la-denuncia-de-la-actriz-por-violencia-de-genero-jamas-le-pegue\/\" \/>\n<meta property=\"og:site_name\" content=\"CLAN ESPECTACULOS\" \/>\n<meta property=\"article:publisher\" content=\"https:\/\/www.facebook.com\/clanespectaculos\/\" \/>\n<meta property=\"article:published_time\" content=\"2026-04-25T14:29:24+00:00\" \/>\n<meta property=\"og:image\" content=\"https:\/\/radioclanfm.com\/clanespectaculos\/wp-content\/uploads\/sites\/2\/2026\/04\/dXzd-oPD.jpg\" \/>\n\t<meta property=\"og:image:width\" content=\"900\" \/>\n\t<meta property=\"og:image:height\" content=\"504\" \/>\n\t<meta property=\"og:image:type\" content=\"image\/jpeg\" \/>\n<meta name=\"author\" content=\"E-GRUPOCLAN\" \/>\n<meta name=\"twitter:card\" content=\"summary_large_image\" \/>\n<meta name=\"twitter:creator\" content=\"@clanespectok\" \/>\n<meta name=\"twitter:site\" content=\"@clanespectok\" \/>\n<meta name=\"twitter:label1\" content=\"Escrito por\" \/>\n\t<meta name=\"twitter:data1\" content=\"E-GRUPOCLAN\" \/>\n\t<meta name=\"twitter:label2\" content=\"Tiempo de lectura\" \/>\n\t<meta name=\"twitter:data2\" content=\"3 minutos\" \/>\n<script type=\"application\/ld+json\" class=\"yoast-schema-graph\">{\"@context\":\"https:\\\/\\\/schema.org\",\"@graph\":[{\"@type\":\"Article\",\"@id\":\"https:\\\/\\\/radioclanfm.com\\\/clanespectaculos\\\/la-expareja-de-romina-gaetani-hablo-tras-la-denuncia-de-la-actriz-por-violencia-de-genero-jamas-le-pegue\\\/#article\",\"isPartOf\":{\"@id\":\"https:\\\/\\\/radioclanfm.com\\\/clanespectaculos\\\/la-expareja-de-romina-gaetani-hablo-tras-la-denuncia-de-la-actriz-por-violencia-de-genero-jamas-le-pegue\\\/\"},\"author\":{\"name\":\"E-GRUPOCLAN\",\"@id\":\"https:\\\/\\\/radioclanfm.com\\\/clanespectaculos\\\/#\\\/schema\\\/person\\\/9734813083303230f3ad84d99171b20c\"},\"headline\":\"La expareja de Romina Gaetani habl\u00f3 tras la denuncia de la actriz por violencia de g\u00e9nero: \u201cJam\u00e1s le pegu\u00e9\u201d\",\"datePublished\":\"2026-04-25T14:29:24+00:00\",\"mainEntityOfPage\":{\"@id\":\"https:\\\/\\\/radioclanfm.com\\\/clanespectaculos\\\/la-expareja-de-romina-gaetani-hablo-tras-la-denuncia-de-la-actriz-por-violencia-de-genero-jamas-le-pegue\\\/\"},\"wordCount\":553,\"commentCount\":0,\"publisher\":{\"@id\":\"https:\\\/\\\/radioclanfm.com\\\/clanespectaculos\\\/#organization\"},\"image\":{\"@id\":\"https:\\\/\\\/radioclanfm.com\\\/clanespectaculos\\\/la-expareja-de-romina-gaetani-hablo-tras-la-denuncia-de-la-actriz-por-violencia-de-genero-jamas-le-pegue\\\/#primaryimage\"},\"thumbnailUrl\":\"https:\\\/\\\/radioclanfm.com\\\/clanespectaculos\\\/wp-content\\\/uploads\\\/sites\\\/2\\\/2026\\\/04\\\/dXzd-oPD.jpg\",\"articleSection\":[\"Espectaculos\"],\"inLanguage\":\"es-AR\",\"potentialAction\":[{\"@type\":\"CommentAction\",\"name\":\"Comment\",\"target\":[\"https:\\\/\\\/radioclanfm.com\\\/clanespectaculos\\\/la-expareja-de-romina-gaetani-hablo-tras-la-denuncia-de-la-actriz-por-violencia-de-genero-jamas-le-pegue\\\/#respond\"]}]},{\"@type\":\"WebPage\",\"@id\":\"https:\\\/\\\/radioclanfm.com\\\/clanespectaculos\\\/la-expareja-de-romina-gaetani-hablo-tras-la-denuncia-de-la-actriz-por-violencia-de-genero-jamas-le-pegue\\\/\",\"url\":\"https:\\\/\\\/radioclanfm.com\\\/clanespectaculos\\\/la-expareja-de-romina-gaetani-hablo-tras-la-denuncia-de-la-actriz-por-violencia-de-genero-jamas-le-pegue\\\/\",\"name\":\"La expareja de Romina Gaetani habl\u00f3 tras la denuncia de la actriz por violencia de g\u00e9nero: \u201cJam\u00e1s le pegu\u00e9\u201d - CLAN ESPECTACULOS\",\"isPartOf\":{\"@id\":\"https:\\\/\\\/radioclanfm.com\\\/clanespectaculos\\\/#website\"},\"primaryImageOfPage\":{\"@id\":\"https:\\\/\\\/radioclanfm.com\\\/clanespectaculos\\\/la-expareja-de-romina-gaetani-hablo-tras-la-denuncia-de-la-actriz-por-violencia-de-genero-jamas-le-pegue\\\/#primaryimage\"},\"image\":{\"@id\":\"https:\\\/\\\/radioclanfm.com\\\/clanespectaculos\\\/la-expareja-de-romina-gaetani-hablo-tras-la-denuncia-de-la-actriz-por-violencia-de-genero-jamas-le-pegue\\\/#primaryimage\"},\"thumbnailUrl\":\"https:\\\/\\\/radioclanfm.com\\\/clanespectaculos\\\/wp-content\\\/uploads\\\/sites\\\/2\\\/2026\\\/04\\\/dXzd-oPD.jpg\",\"datePublished\":\"2026-04-25T14:29:24+00:00\",\"breadcrumb\":{\"@id\":\"https:\\\/\\\/radioclanfm.com\\\/clanespectaculos\\\/la-expareja-de-romina-gaetani-hablo-tras-la-denuncia-de-la-actriz-por-violencia-de-genero-jamas-le-pegue\\\/#breadcrumb\"},\"inLanguage\":\"es-AR\",\"potentialAction\":[{\"@type\":\"ReadAction\",\"target\":[\"https:\\\/\\\/radioclanfm.com\\\/clanespectaculos\\\/la-expareja-de-romina-gaetani-hablo-tras-la-denuncia-de-la-actriz-por-violencia-de-genero-jamas-le-pegue\\\/\"]}]},{\"@type\":\"ImageObject\",\"inLanguage\":\"es-AR\",\"@id\":\"https:\\\/\\\/radioclanfm.com\\\/clanespectaculos\\\/la-expareja-de-romina-gaetani-hablo-tras-la-denuncia-de-la-actriz-por-violencia-de-genero-jamas-le-pegue\\\/#primaryimage\",\"url\":\"https:\\\/\\\/radioclanfm.com\\\/clanespectaculos\\\/wp-content\\\/uploads\\\/sites\\\/2\\\/2026\\\/04\\\/dXzd-oPD.jpg\",\"contentUrl\":\"https:\\\/\\\/radioclanfm.com\\\/clanespectaculos\\\/wp-content\\\/uploads\\\/sites\\\/2\\\/2026\\\/04\\\/dXzd-oPD.jpg\",\"width\":900,\"height\":504},{\"@type\":\"BreadcrumbList\",\"@id\":\"https:\\\/\\\/radioclanfm.com\\\/clanespectaculos\\\/la-expareja-de-romina-gaetani-hablo-tras-la-denuncia-de-la-actriz-por-violencia-de-genero-jamas-le-pegue\\\/#breadcrumb\",\"itemListElement\":[{\"@type\":\"ListItem\",\"position\":1,\"name\":\"Inicio\",\"item\":\"https:\\\/\\\/radioclanfm.com\\\/clanespectaculos\\\/\"},{\"@type\":\"ListItem\",\"position\":2,\"name\":\"La expareja de Romina Gaetani habl\u00f3 tras la denuncia de la actriz por violencia de g\u00e9nero: \u201cJam\u00e1s le pegu\u00e9\u201d\"}]},{\"@type\":\"WebSite\",\"@id\":\"https:\\\/\\\/radioclanfm.com\\\/clanespectaculos\\\/#website\",\"url\":\"https:\\\/\\\/radioclanfm.com\\\/clanespectaculos\\\/\",\"name\":\"CLAN ESPECTACULOS\",\"description\":\"\",\"publisher\":{\"@id\":\"https:\\\/\\\/radioclanfm.com\\\/clanespectaculos\\\/#organization\"},\"potentialAction\":[{\"@type\":\"SearchAction\",\"target\":{\"@type\":\"EntryPoint\",\"urlTemplate\":\"https:\\\/\\\/radioclanfm.com\\\/clanespectaculos\\\/?s={search_term_string}\"},\"query-input\":{\"@type\":\"PropertyValueSpecification\",\"valueRequired\":true,\"valueName\":\"search_term_string\"}}],\"inLanguage\":\"es-AR\"},{\"@type\":\"Organization\",\"@id\":\"https:\\\/\\\/radioclanfm.com\\\/clanespectaculos\\\/#organization\",\"name\":\"CLAN ESPECTACULOS\",\"url\":\"https:\\\/\\\/radioclanfm.com\\\/clanespectaculos\\\/\",\"logo\":{\"@type\":\"ImageObject\",\"inLanguage\":\"es-AR\",\"@id\":\"https:\\\/\\\/radioclanfm.com\\\/clanespectaculos\\\/#\\\/schema\\\/logo\\\/image\\\/\",\"url\":\"https:\\\/\\\/radioclanfm.com\\\/clanespectaculos\\\/wp-content\\\/uploads\\\/sites\\\/2\\\/2026\\\/04\\\/ChatGPT-Image-23-mar-2026-10_09_00.png\",\"contentUrl\":\"https:\\\/\\\/radioclanfm.com\\\/clanespectaculos\\\/wp-content\\\/uploads\\\/sites\\\/2\\\/2026\\\/04\\\/ChatGPT-Image-23-mar-2026-10_09_00.png\",\"width\":1024,\"height\":1024,\"caption\":\"CLAN ESPECTACULOS\"},\"image\":{\"@id\":\"https:\\\/\\\/radioclanfm.com\\\/clanespectaculos\\\/#\\\/schema\\\/logo\\\/image\\\/\"},\"sameAs\":[\"https:\\\/\\\/www.facebook.com\\\/clanespectaculos\\\/\",\"https:\\\/\\\/x.com\\\/clanespectok\"]},{\"@type\":\"Person\",\"@id\":\"https:\\\/\\\/radioclanfm.com\\\/clanespectaculos\\\/#\\\/schema\\\/person\\\/9734813083303230f3ad84d99171b20c\",\"name\":\"E-GRUPOCLAN\",\"image\":{\"@type\":\"ImageObject\",\"inLanguage\":\"es-AR\",\"@id\":\"https:\\\/\\\/secure.gravatar.com\\\/avatar\\\/af6e19837c3d6a212034a48c7b3818d2ac1826f6025df0155da5a186ad321d79?s=96&d=mm&r=g\",\"url\":\"https:\\\/\\\/secure.gravatar.com\\\/avatar\\\/af6e19837c3d6a212034a48c7b3818d2ac1826f6025df0155da5a186ad321d79?s=96&d=mm&r=g\",\"contentUrl\":\"https:\\\/\\\/secure.gravatar.com\\\/avatar\\\/af6e19837c3d6a212034a48c7b3818d2ac1826f6025df0155da5a186ad321d79?s=96&d=mm&r=g\",\"caption\":\"E-GRUPOCLAN\"},\"sameAs\":[\"https:\\\/\\\/radioclanfm.com\"],\"url\":\"https:\\\/\\\/radioclanfm.com\\\/clanespectaculos\\\/author\\\/admin\\\/\"}]}<\/script>\n<!-- \/ Yoast SEO plugin. -->","yoast_head_json":{"title":"La expareja de Romina Gaetani habl\u00f3 tras la denuncia de la actriz por violencia de g\u00e9nero: \u201cJam\u00e1s le pegu\u00e9\u201d - CLAN ESPECTACULOS","robots":{"index":"index","follow":"follow","max-snippet":"max-snippet:-1","max-image-preview":"max-image-preview:large","max-video-preview":"max-video-preview:-1"},"canonical":"https:\/\/radioclanfm.com\/clanespectaculos\/la-expareja-de-romina-gaetani-hablo-tras-la-denuncia-de-la-actriz-por-violencia-de-genero-jamas-le-pegue\/","og_locale":"es_ES","og_type":"article","og_title":"La expareja de Romina Gaetani habl\u00f3 tras la denuncia de la actriz por violencia de g\u00e9nero: \u201cJam\u00e1s le pegu\u00e9\u201d - CLAN ESPECTACULOS","og_description":"Luis Cavanagh rompi\u00f3 el silencio y dio su versi\u00f3n de los hechos ocurridos en diciembre del a\u00f1o pasado Este viernes, al aire de\u00a0Intrusos (Am\u00e9rica), mostraron una nota que le hicieron a\u00a0Luis Cavanagh, la expareja de Romina Gaetani, que fue denunciado por la actriz en diciembre del a\u00f1o pasado por violencia de g\u00e9nero. Consultado por el [&hellip;]","og_url":"https:\/\/radioclanfm.com\/clanespectaculos\/la-expareja-de-romina-gaetani-hablo-tras-la-denuncia-de-la-actriz-por-violencia-de-genero-jamas-le-pegue\/","og_site_name":"CLAN ESPECTACULOS","article_publisher":"https:\/\/www.facebook.com\/clanespectaculos\/","article_published_time":"2026-04-25T14:29:24+00:00","og_image":[{"width":900,"height":504,"url":"https:\/\/radioclanfm.com\/clanespectaculos\/wp-content\/uploads\/sites\/2\/2026\/04\/dXzd-oPD.jpg","type":"image\/jpeg"}],"author":"E-GRUPOCLAN","twitter_card":"summary_large_image","twitter_creator":"@clanespectok","twitter_site":"@clanespectok","twitter_misc":{"Escrito por":"E-GRUPOCLAN","Tiempo de lectura":"3 minutos"},"schema":{"@context":"https:\/\/schema.org","@graph":[{"@type":"Article","@id":"https:\/\/radioclanfm.com\/clanespectaculos\/la-expareja-de-romina-gaetani-hablo-tras-la-denuncia-de-la-actriz-por-violencia-de-genero-jamas-le-pegue\/#article","isPartOf":{"@id":"https:\/\/radioclanfm.com\/clanespectaculos\/la-expareja-de-romina-gaetani-hablo-tras-la-denuncia-de-la-actriz-por-violencia-de-genero-jamas-le-pegue\/"},"author":{"name":"E-GRUPOCLAN","@id":"https:\/\/radioclanfm.com\/clanespectaculos\/#\/schema\/person\/9734813083303230f3ad84d99171b20c"},"headline":"La expareja de Romina Gaetani habl\u00f3 tras la denuncia de la actriz por violencia de g\u00e9nero: \u201cJam\u00e1s le pegu\u00e9\u201d","datePublished":"2026-04-25T14:29:24+00:00","mainEntityOfPage":{"@id":"https:\/\/radioclanfm.com\/clanespectaculos\/la-expareja-de-romina-gaetani-hablo-tras-la-denuncia-de-la-actriz-por-violencia-de-genero-jamas-le-pegue\/"},"wordCount":553,"commentCount":0,"publisher":{"@id":"https:\/\/radioclanfm.com\/clanespectaculos\/#organization"},"image":{"@id":"https:\/\/radioclanfm.com\/clanespectaculos\/la-expareja-de-romina-gaetani-hablo-tras-la-denuncia-de-la-actriz-por-violencia-de-genero-jamas-le-pegue\/#primaryimage"},"thumbnailUrl":"https:\/\/radioclanfm.com\/clanespectaculos\/wp-content\/uploads\/sites\/2\/2026\/04\/dXzd-oPD.jpg","articleSection":["Espectaculos"],"inLanguage":"es-AR","potentialAction":[{"@type":"CommentAction","name":"Comment","target":["https:\/\/radioclanfm.com\/clanespectaculos\/la-expareja-de-romina-gaetani-hablo-tras-la-denuncia-de-la-actriz-por-violencia-de-genero-jamas-le-pegue\/#respond"]}]},{"@type":"WebPage","@id":"https:\/\/radioclanfm.com\/clanespectaculos\/la-expareja-de-romina-gaetani-hablo-tras-la-denuncia-de-la-actriz-por-violencia-de-genero-jamas-le-pegue\/","url":"https:\/\/radioclanfm.com\/clanespectaculos\/la-expareja-de-romina-gaetani-hablo-tras-la-denuncia-de-la-actriz-por-violencia-de-genero-jamas-le-pegue\/","name":"La expareja de Romina Gaetani habl\u00f3 tras la denuncia de la actriz por violencia de g\u00e9nero: \u201cJam\u00e1s le pegu\u00e9\u201d - CLAN ESPECTACULOS","isPartOf":{"@id":"https:\/\/radioclanfm.com\/clanespectaculos\/#website"},"primaryImageOfPage":{"@id":"https:\/\/radioclanfm.com\/clanespectaculos\/la-expareja-de-romina-gaetani-hablo-tras-la-denuncia-de-la-actriz-por-violencia-de-genero-jamas-le-pegue\/#primaryimage"},"image":{"@id":"https:\/\/radioclanfm.com\/clanespectaculos\/la-expareja-de-romina-gaetani-hablo-tras-la-denuncia-de-la-actriz-por-violencia-de-genero-jamas-le-pegue\/#primaryimage"},"thumbnailUrl":"https:\/\/radioclanfm.com\/clanespectaculos\/wp-content\/uploads\/sites\/2\/2026\/04\/dXzd-oPD.jpg","datePublished":"2026-04-25T14:29:24+00:00","breadcrumb":{"@id":"https:\/\/radioclanfm.com\/clanespectaculos\/la-expareja-de-romina-gaetani-hablo-tras-la-denuncia-de-la-actriz-por-violencia-de-genero-jamas-le-pegue\/#breadcrumb"},"inLanguage":"es-AR","potentialAction":[{"@type":"ReadAction","target":["https:\/\/radioclanfm.com\/clanespectaculos\/la-expareja-de-romina-gaetani-hablo-tras-la-denuncia-de-la-actriz-por-violencia-de-genero-jamas-le-pegue\/"]}]},{"@type":"ImageObject","inLanguage":"es-AR","@id":"https:\/\/radioclanfm.com\/clanespectaculos\/la-expareja-de-romina-gaetani-hablo-tras-la-denuncia-de-la-actriz-por-violencia-de-genero-jamas-le-pegue\/#primaryimage","url":"https:\/\/radioclanfm.com\/clanespectaculos\/wp-content\/uploads\/sites\/2\/2026\/04\/dXzd-oPD.jpg","contentUrl":"https:\/\/radioclanfm.com\/clanespectaculos\/wp-content\/uploads\/sites\/2\/2026\/04\/dXzd-oPD.jpg","width":900,"height":504},{"@type":"BreadcrumbList","@id":"https:\/\/radioclanfm.com\/clanespectaculos\/la-expareja-de-romina-gaetani-hablo-tras-la-denuncia-de-la-actriz-por-violencia-de-genero-jamas-le-pegue\/#breadcrumb","itemListElement":[{"@type":"ListItem","position":1,"name":"Inicio","item":"https:\/\/radioclanfm.com\/clanespectaculos\/"},{"@type":"ListItem","position":2,"name":"La expareja de Romina Gaetani habl\u00f3 tras la denuncia de la actriz por violencia de g\u00e9nero: \u201cJam\u00e1s le pegu\u00e9\u201d"}]},{"@type":"WebSite","@id":"https:\/\/radioclanfm.com\/clanespectaculos\/#website","url":"https:\/\/radioclanfm.com\/clanespectaculos\/","name":"CLAN ESPECTACULOS","description":"","publisher":{"@id":"https:\/\/radioclanfm.com\/clanespectaculos\/#organization"},"potentialAction":[{"@type":"SearchAction","target":{"@type":"EntryPoint","urlTemplate":"https:\/\/radioclanfm.com\/clanespectaculos\/?s={search_term_string}"},"query-input":{"@type":"PropertyValueSpecification","valueRequired":true,"valueName":"search_term_string"}}],"inLanguage":"es-AR"},{"@type":"Organization","@id":"https:\/\/radioclanfm.com\/clanespectaculos\/#organization","name":"CLAN ESPECTACULOS","url":"https:\/\/radioclanfm.com\/clanespectaculos\/","logo":{"@type":"ImageObject","inLanguage":"es-AR","@id":"https:\/\/radioclanfm.com\/clanespectaculos\/#\/schema\/logo\/image\/","url":"https:\/\/radioclanfm.com\/clanespectaculos\/wp-content\/uploads\/sites\/2\/2026\/04\/ChatGPT-Image-23-mar-2026-10_09_00.png","contentUrl":"https:\/\/radioclanfm.com\/clanespectaculos\/wp-content\/uploads\/sites\/2\/2026\/04\/ChatGPT-Image-23-mar-2026-10_09_00.png","width":1024,"height":1024,"caption":"CLAN ESPECTACULOS"},"image":{"@id":"https:\/\/radioclanfm.com\/clanespectaculos\/#\/schema\/logo\/image\/"},"sameAs":["https:\/\/www.facebook.com\/clanespectaculos\/","https:\/\/x.com\/clanespectok"]},{"@type":"Person","@id":"https:\/\/radioclanfm.com\/clanespectaculos\/#\/schema\/person\/9734813083303230f3ad84d99171b20c","name":"E-GRUPOCLAN","image":{"@type":"ImageObject","inLanguage":"es-AR","@id":"https:\/\/secure.gravatar.com\/avatar\/af6e19837c3d6a212034a48c7b3818d2ac1826f6025df0155da5a186ad321d79?s=96&d=mm&r=g","url":"https:\/\/secure.gravatar.com\/avatar\/af6e19837c3d6a212034a48c7b3818d2ac1826f6025df0155da5a186ad321d79?s=96&d=mm&r=g","contentUrl":"https:\/\/secure.gravatar.com\/avatar\/af6e19837c3d6a212034a48c7b3818d2ac1826f6025df0155da5a186ad321d79?s=96&d=mm&r=g","caption":"E-GRUPOCLAN"},"sameAs":["https:\/\/radioclanfm.com"],"url":"https:\/\/radioclanfm.com\/clanespectaculos\/author\/admin\/"}]}},"_links":{"self":[{"href":"https:\/\/radioclanfm.com\/clanespectaculos\/wp-json\/wp\/v2\/posts\/15834","targetHints":{"allow":["GET"]}}],"collection":[{"href":"https:\/\/radioclanfm.com\/clanespectaculos\/wp-json\/wp\/v2\/posts"}],"about":[{"href":"https:\/\/radioclanfm.com\/clanespectaculos\/wp-json\/wp\/v2\/types\/post"}],"author":[{"embeddable":true,"href":"https:\/\/radioclanfm.com\/clanespectaculos\/wp-json\/wp\/v2\/users\/1"}],"replies":[{"embeddable":true,"href":"https:\/\/radioclanfm.com\/clanespectaculos\/wp-json\/wp\/v2\/comments?post=15834"}],"version-history":[{"count":1,"href":"https:\/\/radioclanfm.com\/clanespectaculos\/wp-json\/wp\/v2\/posts\/15834\/revisions"}],"predecessor-version":[{"id":15836,"href":"https:\/\/radioclanfm.com\/clanespectaculos\/wp-json\/wp\/v2\/posts\/15834\/revisions\/15836"}],"wp:featuredmedia":[{"embeddable":true,"href":"https:\/\/radioclanfm.com\/clanespectaculos\/wp-json\/wp\/v2\/media\/15835"}],"wp:attachment":[{"href":"https:\/\/radioclanfm.com\/clanespectaculos\/wp-json\/wp\/v2\/media?parent=15834"}],"wp:term":[{"taxonomy":"category","embeddable":true,"href":"https:\/\/radioclanfm.com\/clanespectaculos\/wp-json\/wp\/v2\/categories?post=15834"},{"taxonomy":"post_tag","embeddable":true,"href":"https:\/\/radioclanfm.com\/clanespectaculos\/wp-json\/wp\/v2\/tags?post=15834"}],"curies":[{"name":"wp","href":"https:\/\/api.w.org\/{rel}","templated":true}]}}