{"id":15831,"date":"2026-04-25T11:28:18","date_gmt":"2026-04-25T14:28:18","guid":{"rendered":"https:\/\/radioclanfm.com\/clanespectaculos\/?p=15831"},"modified":"2026-04-25T11:28:18","modified_gmt":"2026-04-25T14:28:18","slug":"jack-nicholson-cumplio-89-anos-y-reaparecio-en-las-redes-sociales-la-foto-que-compartio-su-familia","status":"publish","type":"post","link":"https:\/\/radioclanfm.com\/clanespectaculos\/jack-nicholson-cumplio-89-anos-y-reaparecio-en-las-redes-sociales-la-foto-que-compartio-su-familia\/","title":{"rendered":"Jack Nicholson cumpli\u00f3 89 a\u00f1os y reapareci\u00f3 en las redes sociales: la foto que comparti\u00f3 su familia"},"content":{"rendered":"<p>El legendario actor celebr\u00f3 en la intimidad de su casa y su hija Lorraine comparti\u00f3 una imagen que emocion\u00f3 a sus fans.<\/p>\n<div class=\"col-content\"><main class=\"col-content\"><\/p>\n<div class=\"default-article-color article__body article__article\">\n<p class=\"paragraph font__body-regular\"><b>Jack Nicholson<\/b>\u00a0cumpli\u00f3 89 a\u00f1os y, lejos de los flashes y las alfombras rojas, eligi\u00f3 festejar en la tranquilidad de su hogar. La sorpresa lleg\u00f3 cuando su hija,\u00a0<b>Lorraine Nicholson<\/b>, public\u00f3 en Instagram una foto in\u00e9dita del actor, que desde hace a\u00f1os se mantiene alejado de la vida p\u00fablica.<\/p>\n<div id=\"ad-slot-infeed\" class=\"infeed-container ad-slot-infeed ad-slot\" data-adtype=\"infeed\" data-lazyload=\"1\" data-google-query-id=\"CLuKz_WaiZQDFZM2uQYdCokNYw\">\n<div id=\"google_ads_iframe_\/113951150\/tn-arc\/nota\/infeed_0__container__\"><iframe id=\"google_ads_iframe_\/113951150\/tn-arc\/nota\/infeed_0\" tabindex=\"0\" title=\"Contenido de anuncios de terceros\" name=\"google_ads_iframe_\/113951150\/tn-arc\/nota\/infeed_0\" width=\"1\" height=\"1\" frameborder=\"0\" marginwidth=\"0\" marginheight=\"0\" scrolling=\"no\" aria-label=\"Anuncio\" data-google-container-id=\"9\" data-load-complete=\"true\" data-mce-fragment=\"1\"><\/iframe><\/div>\n<\/div>\n<p class=\"paragraph font__body-regular\">En la imagen, el tres veces ganador del Oscar aparece sentado en una\u00a0<b>sala decorada con obras de arte<\/b>, sonriente y aplaudiendo en medio de una celebraci\u00f3n \u00edntima. Viste una chomba manga larga oscura y un pantal\u00f3n color \u00f3xido, rodeado de su c\u00edrculo m\u00e1s cercano.<\/p>\n<div class=\"story-list\" data-mrf-recirculation=\"IL_RNrGCM52Q_ui4aMax3fibg\" data-testid=\"text-html\" data-mrf-experience=\"IL_RNrGCM52Q_ui4aMax3fibg\">\n<article class=\"card__container card__horizontal\">\n<div class=\"card__body\">\n<header>\n<h3 class=\"card__headline font__display\"><\/h3>\n<\/header>\n<\/div>\n<\/article>\n<\/div>\n<p class=\"paragraph font__body-regular\">La publicaci\u00f3n incluy\u00f3 tambi\u00e9n una foto de archivo:\u00a0<b>un joven Nicholson, con una remera roja de Coca-Cola<\/b>, un habano en la mano y esa sonrisa inconfundible que lo convirti\u00f3 en uno de los grandes \u00edconos del cine mundial. \u201c<b>89!!<\/b>\u201d, escribi\u00f3 Lorraine como \u00fanico texto, dejando que las im\u00e1genes hablaran por s\u00ed solas.<\/p>\n<figure class=\"\" data-testid=\"figure-testid\">\n<div class=\"aspect_ratio__container\"><picture class=\"responsive-image\"><source srcset=\"https:\/\/tn.com.ar\/resizer\/v2\/el-posteo-de-la-hija-de-jack-nicholson-por-el-cumpleanos-de-su-papa-foto-instagram-lnicholson-AI44VKMNXRGXLB3NGO6GCDZVUI.JPG?auth=2d1e2f9581a7db40fd93957d209be3f704736ab6704e2b4e32762a26dcb4dc4f&amp;width=767\" type=\"image\/jpg\" media=\"(max-width: 728px)\" \/><source srcset=\"https:\/\/tn.com.ar\/resizer\/v2\/el-posteo-de-la-hija-de-jack-nicholson-por-el-cumpleanos-de-su-papa-foto-instagram-lnicholson-AI44VKMNXRGXLB3NGO6GCDZVUI.JPG?auth=2d1e2f9581a7db40fd93957d209be3f704736ab6704e2b4e32762a26dcb4dc4f&amp;width=1023\" type=\"image\/jpg\" media=\"(max-width: 1023px)\" \/><source srcset=\"https:\/\/tn.com.ar\/resizer\/v2\/el-posteo-de-la-hija-de-jack-nicholson-por-el-cumpleanos-de-su-papa-foto-instagram-lnicholson-AI44VKMNXRGXLB3NGO6GCDZVUI.JPG?auth=2d1e2f9581a7db40fd93957d209be3f704736ab6704e2b4e32762a26dcb4dc4f&amp;width=1440\" type=\"image\/jpg\" \/><img loading=\"lazy\" decoding=\"async\" class=\"image content-image image_placeholder\" src=\"https:\/\/tn.com.ar\/resizer\/v2\/el-posteo-de-la-hija-de-jack-nicholson-por-el-cumpleanos-de-su-papa-foto-instagram-lnicholson-AI44VKMNXRGXLB3NGO6GCDZVUI.JPG?auth=2d1e2f9581a7db40fd93957d209be3f704736ab6704e2b4e32762a26dcb4dc4f&amp;width=767\" alt=\"El posteo de la hija de Jack Nicholson por el cumplea\u00f1os de su pap\u00e1 (Foto: Instagram \/ lnicholson)\" width=\"767\" height=\"655\" data-testid=\"loading-testid\" \/><\/picture><\/div><figcaption class=\"caption_image\" data-testid=\"figcaption-testid\">\n<div class=\"image_caption \">El posteo de la hija de Jack Nicholson por el cumplea\u00f1os de su pap\u00e1 (Foto: Instagram \/ lnicholson)<\/div>\n<\/figcaption><\/figure>\n<p class=\"paragraph font__body-regular\">Entre los presentes en la celebraci\u00f3n estuvo la legendaria cantante\u00a0<b>Joni Mitchell<\/b>, un detalle que no pas\u00f3 desapercibido para los fan\u00e1ticos.<\/p>\n<h2 class=\"font--primary font__display\">La decisi\u00f3n de Jack Nicholson de retirarse de los medios<\/h2>\n<p class=\"paragraph font__body-regular\">La aparici\u00f3n de Nicholson llam\u00f3 la atenci\u00f3n porque el actor lleva a\u00f1os alejado de los eventos p\u00fablicos. Durante d\u00e9cadas fue una figura habitual en estrenos, programas de TV, clubes nocturnos y, sobre todo, en las tribunas del estadio de los\u00a0<b>Lakers de Los \u00c1ngeles<\/b>. Sin embargo, en los \u00faltimos tiempos opt\u00f3 por una vida discreta y sin c\u00e1maras.<\/p>\n<figure class=\"\" data-testid=\"figure-testid\">\n<div class=\"aspect_ratio__container\"><picture class=\"responsive-image\"><source srcset=\"https:\/\/tn.com.ar\/resizer\/v2\/jack-junto-a-su-hija-lorraine-foto-instagram-lnicholson-R3ZB6MC5TNFSPJIAFBAMZF3GKY.JPG?auth=16f99c431eb014b5a532d93d2bf2d44724e6830bb42e421ddf2103fe61a090f2&amp;width=767\" type=\"image\/jpg\" media=\"(max-width: 728px)\" \/><source srcset=\"https:\/\/tn.com.ar\/resizer\/v2\/jack-junto-a-su-hija-lorraine-foto-instagram-lnicholson-R3ZB6MC5TNFSPJIAFBAMZF3GKY.JPG?auth=16f99c431eb014b5a532d93d2bf2d44724e6830bb42e421ddf2103fe61a090f2&amp;width=1023\" type=\"image\/jpg\" media=\"(max-width: 1023px)\" \/><source srcset=\"https:\/\/tn.com.ar\/resizer\/v2\/jack-junto-a-su-hija-lorraine-foto-instagram-lnicholson-R3ZB6MC5TNFSPJIAFBAMZF3GKY.JPG?auth=16f99c431eb014b5a532d93d2bf2d44724e6830bb42e421ddf2103fe61a090f2&amp;width=1440\" type=\"image\/jpg\" \/><img loading=\"lazy\" decoding=\"async\" class=\"image content-image image_placeholder\" src=\"https:\/\/tn.com.ar\/resizer\/v2\/jack-junto-a-su-hija-lorraine-foto-instagram-lnicholson-R3ZB6MC5TNFSPJIAFBAMZF3GKY.JPG?auth=16f99c431eb014b5a532d93d2bf2d44724e6830bb42e421ddf2103fe61a090f2&amp;width=767\" alt=\"Jack junto a su hija Lorraine (Foto: Instagram \/ lnicholson)\" width=\"767\" height=\"1144\" data-testid=\"loading-testid\" \/><\/picture><\/div><figcaption class=\"caption_image\" data-testid=\"figcaption-testid\">\n<div class=\"image_caption \">Jack junto a su hija Lorraine (Foto: Instagram \/ lnicholson)<\/div>\n<\/figcaption><\/figure>\n<p class=\"paragraph font__body-regular\">El a\u00f1o pasado, su amigo y productor musical\u00a0<b>Lou Adler<\/b>\u00a0cont\u00f3 en el p\u00f3dcast\u00a0<i>WTF<\/i>\u00a0que Nicholson prefiere pasar sus d\u00edas \u201c<b>sentado bajo un \u00e1rbol leyendo un libro<\/b>\u201d. Su \u00faltima aparici\u00f3n p\u00fablica de peso fue en febrero de 2023, cuando sorprendi\u00f3 al presentarse en el especial por el 50 aniversario de\u00a0<i>Saturday Night Live<\/i>\u00a0para presentar al comediante\u00a0<b>Adam Sandler<\/b>.<\/p>\n<figure class=\"\" data-testid=\"figure-testid\">\n<div class=\"aspect_ratio__container\"><picture class=\"responsive-image\"><source srcset=\"https:\/\/tn.com.ar\/resizer\/v2\/nicholson-y-su-pasion-por-el-deporte-foto-ap-4H3O6GCG4VDARIKYNS2KDWYRAY.jfif?auth=3bbd31c8a2eec69286e20b33d595d138c00e195e9c639baea97fee9d95252ab5&amp;width=767\" type=\"image\/jpg\" media=\"(max-width: 728px)\" \/><source srcset=\"https:\/\/tn.com.ar\/resizer\/v2\/nicholson-y-su-pasion-por-el-deporte-foto-ap-4H3O6GCG4VDARIKYNS2KDWYRAY.jfif?auth=3bbd31c8a2eec69286e20b33d595d138c00e195e9c639baea97fee9d95252ab5&amp;width=1023\" type=\"image\/jpg\" media=\"(max-width: 1023px)\" \/><source srcset=\"https:\/\/tn.com.ar\/resizer\/v2\/nicholson-y-su-pasion-por-el-deporte-foto-ap-4H3O6GCG4VDARIKYNS2KDWYRAY.jfif?auth=3bbd31c8a2eec69286e20b33d595d138c00e195e9c639baea97fee9d95252ab5&amp;width=1440\" type=\"image\/jpg\" \/><img loading=\"lazy\" decoding=\"async\" class=\"image content-image image_placeholder\" src=\"https:\/\/tn.com.ar\/resizer\/v2\/nicholson-y-su-pasion-por-el-deporte-foto-ap-4H3O6GCG4VDARIKYNS2KDWYRAY.jfif?auth=3bbd31c8a2eec69286e20b33d595d138c00e195e9c639baea97fee9d95252ab5&amp;width=767\" alt=\"Nicholson y su pasi\u00f3n por el deporte. (Foto: AP)\" width=\"767\" height=\"561\" data-testid=\"loading-testid\" \/><\/picture><\/div><figcaption class=\"caption_image\" data-testid=\"figcaption-testid\">\n<div class=\"image_caption \">Nicholson y su pasi\u00f3n por el deporte. (Foto: AP)<\/div>\n<\/figcaption><\/figure>\n<p class=\"paragraph font__body-regular\">Su \u00faltimo trabajo en cine fue en 2010, con\u00a0<i>\u00bfC\u00f3mo saber si es amor?<\/i>, dirigida por\u00a0<b>James L. Brooks<\/b>, el mismo director con el que gan\u00f3 el Oscar por\u00a0<i>Terms of Endearment<\/i>\u00a0y\u00a0<i>Mejor\u2026 imposible<\/i>.<\/p>\n<\/div>\n<p><\/main><\/div>\n<aside class=\"col-right-rail right-rail\">\n<div id=\"parent-ad-slot-caja\" class=\"ad-container caja_ad \">\n<div class=\"ad-content\"><\/div>\n<\/div>\n<\/aside>\n<p>&nbsp;<\/p>\n","protected":false},"excerpt":{"rendered":"<p>El legendario actor celebr\u00f3 en la intimidad de su casa y su hija Lorraine comparti\u00f3 una imagen que emocion\u00f3 a sus fans. Jack Nicholson\u00a0cumpli\u00f3 89 a\u00f1os y, lejos de los flashes y las alfombras rojas, eligi\u00f3 festejar en la tranquilidad de su hogar. La sorpresa lleg\u00f3 cuando su hija,\u00a0Lorraine Nicholson, public\u00f3 en Instagram una foto [&hellip;]<\/p>\n","protected":false},"author":1,"featured_media":15832,"comment_status":"open","ping_status":"open","sticky":false,"template":"","format":"standard","meta":{"rop_custom_images_group":[],"rop_custom_messages_group":[],"rop_publish_now":"initial","rop_publish_now_accounts":[],"rop_publish_now_history":[],"rop_publish_now_status":"pending","footnotes":"","jetpack_publicize_message":"","jetpack_publicize_feature_enabled":true,"jetpack_social_post_already_shared":true,"jetpack_social_options":{"image_generator_settings":{"template":"highway","enabled":false},"version":2}},"categories":[13],"tags":[],"class_list":{"0":"post-15831","1":"post","2":"type-post","3":"status-publish","4":"format-standard","5":"has-post-thumbnail","7":"category-hollywood"},"jetpack_publicize_connections":[],"yoast_head":"<!-- This site is optimized with the Yoast SEO plugin v27.3 - https:\/\/yoast.com\/product\/yoast-seo-wordpress\/ -->\n<title>Jack Nicholson cumpli\u00f3 89 a\u00f1os y reapareci\u00f3 en las redes sociales: la foto que comparti\u00f3 su familia - CLAN ESPECTACULOS<\/title>\n<meta name=\"robots\" content=\"index, follow, max-snippet:-1, max-image-preview:large, max-video-preview:-1\" \/>\n<link rel=\"canonical\" href=\"https:\/\/radioclanfm.com\/clanespectaculos\/jack-nicholson-cumplio-89-anos-y-reaparecio-en-las-redes-sociales-la-foto-que-compartio-su-familia\/\" \/>\n<meta property=\"og:locale\" content=\"es_ES\" \/>\n<meta property=\"og:type\" content=\"article\" \/>\n<meta property=\"og:title\" content=\"Jack Nicholson cumpli\u00f3 89 a\u00f1os y reapareci\u00f3 en las redes sociales: la foto que comparti\u00f3 su familia - CLAN ESPECTACULOS\" \/>\n<meta property=\"og:description\" content=\"El legendario actor celebr\u00f3 en la intimidad de su casa y su hija Lorraine comparti\u00f3 una imagen que emocion\u00f3 a sus fans. Jack Nicholson\u00a0cumpli\u00f3 89 a\u00f1os y, lejos de los flashes y las alfombras rojas, eligi\u00f3 festejar en la tranquilidad de su hogar. La sorpresa lleg\u00f3 cuando su hija,\u00a0Lorraine Nicholson, public\u00f3 en Instagram una foto [&hellip;]\" \/>\n<meta property=\"og:url\" content=\"https:\/\/radioclanfm.com\/clanespectaculos\/jack-nicholson-cumplio-89-anos-y-reaparecio-en-las-redes-sociales-la-foto-que-compartio-su-familia\/\" \/>\n<meta property=\"og:site_name\" content=\"CLAN ESPECTACULOS\" \/>\n<meta property=\"article:publisher\" content=\"https:\/\/www.facebook.com\/clanespectaculos\/\" \/>\n<meta property=\"article:published_time\" content=\"2026-04-25T14:28:18+00:00\" \/>\n<meta property=\"og:image\" content=\"https:\/\/radioclanfm.com\/clanespectaculos\/wp-content\/uploads\/sites\/2\/2026\/04\/cxCZFouL.jpg\" \/>\n\t<meta property=\"og:image:width\" content=\"900\" \/>\n\t<meta property=\"og:image:height\" content=\"504\" \/>\n\t<meta property=\"og:image:type\" content=\"image\/jpeg\" \/>\n<meta name=\"author\" content=\"E-GRUPOCLAN\" \/>\n<meta name=\"twitter:card\" content=\"summary_large_image\" \/>\n<meta name=\"twitter:creator\" content=\"@clanespectok\" \/>\n<meta name=\"twitter:site\" content=\"@clanespectok\" \/>\n<meta name=\"twitter:label1\" content=\"Escrito por\" \/>\n\t<meta name=\"twitter:data1\" content=\"E-GRUPOCLAN\" \/>\n\t<meta name=\"twitter:label2\" content=\"Tiempo de lectura\" \/>\n\t<meta name=\"twitter:data2\" content=\"3 minutos\" \/>\n<script type=\"application\/ld+json\" class=\"yoast-schema-graph\">{\"@context\":\"https:\\\/\\\/schema.org\",\"@graph\":[{\"@type\":\"Article\",\"@id\":\"https:\\\/\\\/radioclanfm.com\\\/clanespectaculos\\\/jack-nicholson-cumplio-89-anos-y-reaparecio-en-las-redes-sociales-la-foto-que-compartio-su-familia\\\/#article\",\"isPartOf\":{\"@id\":\"https:\\\/\\\/radioclanfm.com\\\/clanespectaculos\\\/jack-nicholson-cumplio-89-anos-y-reaparecio-en-las-redes-sociales-la-foto-que-compartio-su-familia\\\/\"},\"author\":{\"name\":\"E-GRUPOCLAN\",\"@id\":\"https:\\\/\\\/radioclanfm.com\\\/clanespectaculos\\\/#\\\/schema\\\/person\\\/9734813083303230f3ad84d99171b20c\"},\"headline\":\"Jack Nicholson cumpli\u00f3 89 a\u00f1os y reapareci\u00f3 en las redes sociales: la foto que comparti\u00f3 su familia\",\"datePublished\":\"2026-04-25T14:28:18+00:00\",\"mainEntityOfPage\":{\"@id\":\"https:\\\/\\\/radioclanfm.com\\\/clanespectaculos\\\/jack-nicholson-cumplio-89-anos-y-reaparecio-en-las-redes-sociales-la-foto-que-compartio-su-familia\\\/\"},\"wordCount\":428,\"commentCount\":0,\"publisher\":{\"@id\":\"https:\\\/\\\/radioclanfm.com\\\/clanespectaculos\\\/#organization\"},\"image\":{\"@id\":\"https:\\\/\\\/radioclanfm.com\\\/clanespectaculos\\\/jack-nicholson-cumplio-89-anos-y-reaparecio-en-las-redes-sociales-la-foto-que-compartio-su-familia\\\/#primaryimage\"},\"thumbnailUrl\":\"https:\\\/\\\/radioclanfm.com\\\/clanespectaculos\\\/wp-content\\\/uploads\\\/sites\\\/2\\\/2026\\\/04\\\/cxCZFouL.jpg\",\"articleSection\":[\"Hollywood\"],\"inLanguage\":\"es-AR\",\"potentialAction\":[{\"@type\":\"CommentAction\",\"name\":\"Comment\",\"target\":[\"https:\\\/\\\/radioclanfm.com\\\/clanespectaculos\\\/jack-nicholson-cumplio-89-anos-y-reaparecio-en-las-redes-sociales-la-foto-que-compartio-su-familia\\\/#respond\"]}]},{\"@type\":\"WebPage\",\"@id\":\"https:\\\/\\\/radioclanfm.com\\\/clanespectaculos\\\/jack-nicholson-cumplio-89-anos-y-reaparecio-en-las-redes-sociales-la-foto-que-compartio-su-familia\\\/\",\"url\":\"https:\\\/\\\/radioclanfm.com\\\/clanespectaculos\\\/jack-nicholson-cumplio-89-anos-y-reaparecio-en-las-redes-sociales-la-foto-que-compartio-su-familia\\\/\",\"name\":\"Jack Nicholson cumpli\u00f3 89 a\u00f1os y reapareci\u00f3 en las redes sociales: la foto que comparti\u00f3 su familia - CLAN ESPECTACULOS\",\"isPartOf\":{\"@id\":\"https:\\\/\\\/radioclanfm.com\\\/clanespectaculos\\\/#website\"},\"primaryImageOfPage\":{\"@id\":\"https:\\\/\\\/radioclanfm.com\\\/clanespectaculos\\\/jack-nicholson-cumplio-89-anos-y-reaparecio-en-las-redes-sociales-la-foto-que-compartio-su-familia\\\/#primaryimage\"},\"image\":{\"@id\":\"https:\\\/\\\/radioclanfm.com\\\/clanespectaculos\\\/jack-nicholson-cumplio-89-anos-y-reaparecio-en-las-redes-sociales-la-foto-que-compartio-su-familia\\\/#primaryimage\"},\"thumbnailUrl\":\"https:\\\/\\\/radioclanfm.com\\\/clanespectaculos\\\/wp-content\\\/uploads\\\/sites\\\/2\\\/2026\\\/04\\\/cxCZFouL.jpg\",\"datePublished\":\"2026-04-25T14:28:18+00:00\",\"breadcrumb\":{\"@id\":\"https:\\\/\\\/radioclanfm.com\\\/clanespectaculos\\\/jack-nicholson-cumplio-89-anos-y-reaparecio-en-las-redes-sociales-la-foto-que-compartio-su-familia\\\/#breadcrumb\"},\"inLanguage\":\"es-AR\",\"potentialAction\":[{\"@type\":\"ReadAction\",\"target\":[\"https:\\\/\\\/radioclanfm.com\\\/clanespectaculos\\\/jack-nicholson-cumplio-89-anos-y-reaparecio-en-las-redes-sociales-la-foto-que-compartio-su-familia\\\/\"]}]},{\"@type\":\"ImageObject\",\"inLanguage\":\"es-AR\",\"@id\":\"https:\\\/\\\/radioclanfm.com\\\/clanespectaculos\\\/jack-nicholson-cumplio-89-anos-y-reaparecio-en-las-redes-sociales-la-foto-que-compartio-su-familia\\\/#primaryimage\",\"url\":\"https:\\\/\\\/radioclanfm.com\\\/clanespectaculos\\\/wp-content\\\/uploads\\\/sites\\\/2\\\/2026\\\/04\\\/cxCZFouL.jpg\",\"contentUrl\":\"https:\\\/\\\/radioclanfm.com\\\/clanespectaculos\\\/wp-content\\\/uploads\\\/sites\\\/2\\\/2026\\\/04\\\/cxCZFouL.jpg\",\"width\":900,\"height\":504},{\"@type\":\"BreadcrumbList\",\"@id\":\"https:\\\/\\\/radioclanfm.com\\\/clanespectaculos\\\/jack-nicholson-cumplio-89-anos-y-reaparecio-en-las-redes-sociales-la-foto-que-compartio-su-familia\\\/#breadcrumb\",\"itemListElement\":[{\"@type\":\"ListItem\",\"position\":1,\"name\":\"Inicio\",\"item\":\"https:\\\/\\\/radioclanfm.com\\\/clanespectaculos\\\/\"},{\"@type\":\"ListItem\",\"position\":2,\"name\":\"Jack Nicholson cumpli\u00f3 89 a\u00f1os y reapareci\u00f3 en las redes sociales: la foto que comparti\u00f3 su familia\"}]},{\"@type\":\"WebSite\",\"@id\":\"https:\\\/\\\/radioclanfm.com\\\/clanespectaculos\\\/#website\",\"url\":\"https:\\\/\\\/radioclanfm.com\\\/clanespectaculos\\\/\",\"name\":\"CLAN ESPECTACULOS\",\"description\":\"\",\"publisher\":{\"@id\":\"https:\\\/\\\/radioclanfm.com\\\/clanespectaculos\\\/#organization\"},\"potentialAction\":[{\"@type\":\"SearchAction\",\"target\":{\"@type\":\"EntryPoint\",\"urlTemplate\":\"https:\\\/\\\/radioclanfm.com\\\/clanespectaculos\\\/?s={search_term_string}\"},\"query-input\":{\"@type\":\"PropertyValueSpecification\",\"valueRequired\":true,\"valueName\":\"search_term_string\"}}],\"inLanguage\":\"es-AR\"},{\"@type\":\"Organization\",\"@id\":\"https:\\\/\\\/radioclanfm.com\\\/clanespectaculos\\\/#organization\",\"name\":\"CLAN ESPECTACULOS\",\"url\":\"https:\\\/\\\/radioclanfm.com\\\/clanespectaculos\\\/\",\"logo\":{\"@type\":\"ImageObject\",\"inLanguage\":\"es-AR\",\"@id\":\"https:\\\/\\\/radioclanfm.com\\\/clanespectaculos\\\/#\\\/schema\\\/logo\\\/image\\\/\",\"url\":\"https:\\\/\\\/radioclanfm.com\\\/clanespectaculos\\\/wp-content\\\/uploads\\\/sites\\\/2\\\/2026\\\/04\\\/ChatGPT-Image-23-mar-2026-10_09_00.png\",\"contentUrl\":\"https:\\\/\\\/radioclanfm.com\\\/clanespectaculos\\\/wp-content\\\/uploads\\\/sites\\\/2\\\/2026\\\/04\\\/ChatGPT-Image-23-mar-2026-10_09_00.png\",\"width\":1024,\"height\":1024,\"caption\":\"CLAN ESPECTACULOS\"},\"image\":{\"@id\":\"https:\\\/\\\/radioclanfm.com\\\/clanespectaculos\\\/#\\\/schema\\\/logo\\\/image\\\/\"},\"sameAs\":[\"https:\\\/\\\/www.facebook.com\\\/clanespectaculos\\\/\",\"https:\\\/\\\/x.com\\\/clanespectok\"]},{\"@type\":\"Person\",\"@id\":\"https:\\\/\\\/radioclanfm.com\\\/clanespectaculos\\\/#\\\/schema\\\/person\\\/9734813083303230f3ad84d99171b20c\",\"name\":\"E-GRUPOCLAN\",\"image\":{\"@type\":\"ImageObject\",\"inLanguage\":\"es-AR\",\"@id\":\"https:\\\/\\\/secure.gravatar.com\\\/avatar\\\/af6e19837c3d6a212034a48c7b3818d2ac1826f6025df0155da5a186ad321d79?s=96&d=mm&r=g\",\"url\":\"https:\\\/\\\/secure.gravatar.com\\\/avatar\\\/af6e19837c3d6a212034a48c7b3818d2ac1826f6025df0155da5a186ad321d79?s=96&d=mm&r=g\",\"contentUrl\":\"https:\\\/\\\/secure.gravatar.com\\\/avatar\\\/af6e19837c3d6a212034a48c7b3818d2ac1826f6025df0155da5a186ad321d79?s=96&d=mm&r=g\",\"caption\":\"E-GRUPOCLAN\"},\"sameAs\":[\"https:\\\/\\\/radioclanfm.com\"],\"url\":\"https:\\\/\\\/radioclanfm.com\\\/clanespectaculos\\\/author\\\/admin\\\/\"}]}<\/script>\n<!-- \/ Yoast SEO plugin. -->","yoast_head_json":{"title":"Jack Nicholson cumpli\u00f3 89 a\u00f1os y reapareci\u00f3 en las redes sociales: la foto que comparti\u00f3 su familia - CLAN ESPECTACULOS","robots":{"index":"index","follow":"follow","max-snippet":"max-snippet:-1","max-image-preview":"max-image-preview:large","max-video-preview":"max-video-preview:-1"},"canonical":"https:\/\/radioclanfm.com\/clanespectaculos\/jack-nicholson-cumplio-89-anos-y-reaparecio-en-las-redes-sociales-la-foto-que-compartio-su-familia\/","og_locale":"es_ES","og_type":"article","og_title":"Jack Nicholson cumpli\u00f3 89 a\u00f1os y reapareci\u00f3 en las redes sociales: la foto que comparti\u00f3 su familia - CLAN ESPECTACULOS","og_description":"El legendario actor celebr\u00f3 en la intimidad de su casa y su hija Lorraine comparti\u00f3 una imagen que emocion\u00f3 a sus fans. Jack Nicholson\u00a0cumpli\u00f3 89 a\u00f1os y, lejos de los flashes y las alfombras rojas, eligi\u00f3 festejar en la tranquilidad de su hogar. La sorpresa lleg\u00f3 cuando su hija,\u00a0Lorraine Nicholson, public\u00f3 en Instagram una foto [&hellip;]","og_url":"https:\/\/radioclanfm.com\/clanespectaculos\/jack-nicholson-cumplio-89-anos-y-reaparecio-en-las-redes-sociales-la-foto-que-compartio-su-familia\/","og_site_name":"CLAN ESPECTACULOS","article_publisher":"https:\/\/www.facebook.com\/clanespectaculos\/","article_published_time":"2026-04-25T14:28:18+00:00","og_image":[{"width":900,"height":504,"url":"https:\/\/radioclanfm.com\/clanespectaculos\/wp-content\/uploads\/sites\/2\/2026\/04\/cxCZFouL.jpg","type":"image\/jpeg"}],"author":"E-GRUPOCLAN","twitter_card":"summary_large_image","twitter_creator":"@clanespectok","twitter_site":"@clanespectok","twitter_misc":{"Escrito por":"E-GRUPOCLAN","Tiempo de lectura":"3 minutos"},"schema":{"@context":"https:\/\/schema.org","@graph":[{"@type":"Article","@id":"https:\/\/radioclanfm.com\/clanespectaculos\/jack-nicholson-cumplio-89-anos-y-reaparecio-en-las-redes-sociales-la-foto-que-compartio-su-familia\/#article","isPartOf":{"@id":"https:\/\/radioclanfm.com\/clanespectaculos\/jack-nicholson-cumplio-89-anos-y-reaparecio-en-las-redes-sociales-la-foto-que-compartio-su-familia\/"},"author":{"name":"E-GRUPOCLAN","@id":"https:\/\/radioclanfm.com\/clanespectaculos\/#\/schema\/person\/9734813083303230f3ad84d99171b20c"},"headline":"Jack Nicholson cumpli\u00f3 89 a\u00f1os y reapareci\u00f3 en las redes sociales: la foto que comparti\u00f3 su familia","datePublished":"2026-04-25T14:28:18+00:00","mainEntityOfPage":{"@id":"https:\/\/radioclanfm.com\/clanespectaculos\/jack-nicholson-cumplio-89-anos-y-reaparecio-en-las-redes-sociales-la-foto-que-compartio-su-familia\/"},"wordCount":428,"commentCount":0,"publisher":{"@id":"https:\/\/radioclanfm.com\/clanespectaculos\/#organization"},"image":{"@id":"https:\/\/radioclanfm.com\/clanespectaculos\/jack-nicholson-cumplio-89-anos-y-reaparecio-en-las-redes-sociales-la-foto-que-compartio-su-familia\/#primaryimage"},"thumbnailUrl":"https:\/\/radioclanfm.com\/clanespectaculos\/wp-content\/uploads\/sites\/2\/2026\/04\/cxCZFouL.jpg","articleSection":["Hollywood"],"inLanguage":"es-AR","potentialAction":[{"@type":"CommentAction","name":"Comment","target":["https:\/\/radioclanfm.com\/clanespectaculos\/jack-nicholson-cumplio-89-anos-y-reaparecio-en-las-redes-sociales-la-foto-que-compartio-su-familia\/#respond"]}]},{"@type":"WebPage","@id":"https:\/\/radioclanfm.com\/clanespectaculos\/jack-nicholson-cumplio-89-anos-y-reaparecio-en-las-redes-sociales-la-foto-que-compartio-su-familia\/","url":"https:\/\/radioclanfm.com\/clanespectaculos\/jack-nicholson-cumplio-89-anos-y-reaparecio-en-las-redes-sociales-la-foto-que-compartio-su-familia\/","name":"Jack Nicholson cumpli\u00f3 89 a\u00f1os y reapareci\u00f3 en las redes sociales: la foto que comparti\u00f3 su familia - CLAN ESPECTACULOS","isPartOf":{"@id":"https:\/\/radioclanfm.com\/clanespectaculos\/#website"},"primaryImageOfPage":{"@id":"https:\/\/radioclanfm.com\/clanespectaculos\/jack-nicholson-cumplio-89-anos-y-reaparecio-en-las-redes-sociales-la-foto-que-compartio-su-familia\/#primaryimage"},"image":{"@id":"https:\/\/radioclanfm.com\/clanespectaculos\/jack-nicholson-cumplio-89-anos-y-reaparecio-en-las-redes-sociales-la-foto-que-compartio-su-familia\/#primaryimage"},"thumbnailUrl":"https:\/\/radioclanfm.com\/clanespectaculos\/wp-content\/uploads\/sites\/2\/2026\/04\/cxCZFouL.jpg","datePublished":"2026-04-25T14:28:18+00:00","breadcrumb":{"@id":"https:\/\/radioclanfm.com\/clanespectaculos\/jack-nicholson-cumplio-89-anos-y-reaparecio-en-las-redes-sociales-la-foto-que-compartio-su-familia\/#breadcrumb"},"inLanguage":"es-AR","potentialAction":[{"@type":"ReadAction","target":["https:\/\/radioclanfm.com\/clanespectaculos\/jack-nicholson-cumplio-89-anos-y-reaparecio-en-las-redes-sociales-la-foto-que-compartio-su-familia\/"]}]},{"@type":"ImageObject","inLanguage":"es-AR","@id":"https:\/\/radioclanfm.com\/clanespectaculos\/jack-nicholson-cumplio-89-anos-y-reaparecio-en-las-redes-sociales-la-foto-que-compartio-su-familia\/#primaryimage","url":"https:\/\/radioclanfm.com\/clanespectaculos\/wp-content\/uploads\/sites\/2\/2026\/04\/cxCZFouL.jpg","contentUrl":"https:\/\/radioclanfm.com\/clanespectaculos\/wp-content\/uploads\/sites\/2\/2026\/04\/cxCZFouL.jpg","width":900,"height":504},{"@type":"BreadcrumbList","@id":"https:\/\/radioclanfm.com\/clanespectaculos\/jack-nicholson-cumplio-89-anos-y-reaparecio-en-las-redes-sociales-la-foto-que-compartio-su-familia\/#breadcrumb","itemListElement":[{"@type":"ListItem","position":1,"name":"Inicio","item":"https:\/\/radioclanfm.com\/clanespectaculos\/"},{"@type":"ListItem","position":2,"name":"Jack Nicholson cumpli\u00f3 89 a\u00f1os y reapareci\u00f3 en las redes sociales: la foto que comparti\u00f3 su familia"}]},{"@type":"WebSite","@id":"https:\/\/radioclanfm.com\/clanespectaculos\/#website","url":"https:\/\/radioclanfm.com\/clanespectaculos\/","name":"CLAN ESPECTACULOS","description":"","publisher":{"@id":"https:\/\/radioclanfm.com\/clanespectaculos\/#organization"},"potentialAction":[{"@type":"SearchAction","target":{"@type":"EntryPoint","urlTemplate":"https:\/\/radioclanfm.com\/clanespectaculos\/?s={search_term_string}"},"query-input":{"@type":"PropertyValueSpecification","valueRequired":true,"valueName":"search_term_string"}}],"inLanguage":"es-AR"},{"@type":"Organization","@id":"https:\/\/radioclanfm.com\/clanespectaculos\/#organization","name":"CLAN ESPECTACULOS","url":"https:\/\/radioclanfm.com\/clanespectaculos\/","logo":{"@type":"ImageObject","inLanguage":"es-AR","@id":"https:\/\/radioclanfm.com\/clanespectaculos\/#\/schema\/logo\/image\/","url":"https:\/\/radioclanfm.com\/clanespectaculos\/wp-content\/uploads\/sites\/2\/2026\/04\/ChatGPT-Image-23-mar-2026-10_09_00.png","contentUrl":"https:\/\/radioclanfm.com\/clanespectaculos\/wp-content\/uploads\/sites\/2\/2026\/04\/ChatGPT-Image-23-mar-2026-10_09_00.png","width":1024,"height":1024,"caption":"CLAN ESPECTACULOS"},"image":{"@id":"https:\/\/radioclanfm.com\/clanespectaculos\/#\/schema\/logo\/image\/"},"sameAs":["https:\/\/www.facebook.com\/clanespectaculos\/","https:\/\/x.com\/clanespectok"]},{"@type":"Person","@id":"https:\/\/radioclanfm.com\/clanespectaculos\/#\/schema\/person\/9734813083303230f3ad84d99171b20c","name":"E-GRUPOCLAN","image":{"@type":"ImageObject","inLanguage":"es-AR","@id":"https:\/\/secure.gravatar.com\/avatar\/af6e19837c3d6a212034a48c7b3818d2ac1826f6025df0155da5a186ad321d79?s=96&d=mm&r=g","url":"https:\/\/secure.gravatar.com\/avatar\/af6e19837c3d6a212034a48c7b3818d2ac1826f6025df0155da5a186ad321d79?s=96&d=mm&r=g","contentUrl":"https:\/\/secure.gravatar.com\/avatar\/af6e19837c3d6a212034a48c7b3818d2ac1826f6025df0155da5a186ad321d79?s=96&d=mm&r=g","caption":"E-GRUPOCLAN"},"sameAs":["https:\/\/radioclanfm.com"],"url":"https:\/\/radioclanfm.com\/clanespectaculos\/author\/admin\/"}]}},"_links":{"self":[{"href":"https:\/\/radioclanfm.com\/clanespectaculos\/wp-json\/wp\/v2\/posts\/15831","targetHints":{"allow":["GET"]}}],"collection":[{"href":"https:\/\/radioclanfm.com\/clanespectaculos\/wp-json\/wp\/v2\/posts"}],"about":[{"href":"https:\/\/radioclanfm.com\/clanespectaculos\/wp-json\/wp\/v2\/types\/post"}],"author":[{"embeddable":true,"href":"https:\/\/radioclanfm.com\/clanespectaculos\/wp-json\/wp\/v2\/users\/1"}],"replies":[{"embeddable":true,"href":"https:\/\/radioclanfm.com\/clanespectaculos\/wp-json\/wp\/v2\/comments?post=15831"}],"version-history":[{"count":1,"href":"https:\/\/radioclanfm.com\/clanespectaculos\/wp-json\/wp\/v2\/posts\/15831\/revisions"}],"predecessor-version":[{"id":15833,"href":"https:\/\/radioclanfm.com\/clanespectaculos\/wp-json\/wp\/v2\/posts\/15831\/revisions\/15833"}],"wp:featuredmedia":[{"embeddable":true,"href":"https:\/\/radioclanfm.com\/clanespectaculos\/wp-json\/wp\/v2\/media\/15832"}],"wp:attachment":[{"href":"https:\/\/radioclanfm.com\/clanespectaculos\/wp-json\/wp\/v2\/media?parent=15831"}],"wp:term":[{"taxonomy":"category","embeddable":true,"href":"https:\/\/radioclanfm.com\/clanespectaculos\/wp-json\/wp\/v2\/categories?post=15831"},{"taxonomy":"post_tag","embeddable":true,"href":"https:\/\/radioclanfm.com\/clanespectaculos\/wp-json\/wp\/v2\/tags?post=15831"}],"curies":[{"name":"wp","href":"https:\/\/api.w.org\/{rel}","templated":true}]}}