{"id":15828,"date":"2026-04-25T11:26:52","date_gmt":"2026-04-25T14:26:52","guid":{"rendered":"https:\/\/radioclanfm.com\/clanespectaculos\/?p=15828"},"modified":"2026-04-25T11:26:52","modified_gmt":"2026-04-25T14:26:52","slug":"la-emocion-de-allegra-cubero-a-horas-de-la-fiesta-de-15-que-le-organizaron-su-papa-y-mica-viciconte","status":"publish","type":"post","link":"https:\/\/radioclanfm.com\/clanespectaculos\/la-emocion-de-allegra-cubero-a-horas-de-la-fiesta-de-15-que-le-organizaron-su-papa-y-mica-viciconte\/","title":{"rendered":"La emoci\u00f3n de Allegra Cubero a horas de la fiesta de 15 que le organizaron su pap\u00e1 y Mica Viciconte"},"content":{"rendered":"<p>La adolescente se mostr\u00f3 muy feliz en la previa del evento que preparan desde hace varios meses.<\/p>\n<div class=\"col-content\"><main class=\"col-content\"><\/p>\n<div class=\"default-article-color article__body article__article\">\n<p class=\"paragraph font__body-regular\">En pocas horas\u00a0<b>Allegra Cubero festejar\u00e1 sus 15 a\u00f1os<\/b>\u00a0rodeada por su familia paterna. Luego de haber tenido un evento organizado por su mam\u00e1, Nicole Neumann, la adolescente celebrar\u00e1 el evento que planific\u00f3 junto a su pap\u00e1, Fabi\u00e1n Cubero, y Mica Viciconte.<\/p>\n<div id=\"ad-slot-infeed\" class=\"infeed-container ad-slot-infeed ad-slot\" data-adtype=\"infeed\" data-lazyload=\"1\" data-google-query-id=\"CPyel82aiZQDFT88uQYddpYwgA\">\n<div id=\"google_ads_iframe_\/113951150\/tn-arc\/nota\/infeed_0__container__\"><iframe id=\"google_ads_iframe_\/113951150\/tn-arc\/nota\/infeed_0\" tabindex=\"0\" title=\"Contenido de anuncios de terceros\" name=\"google_ads_iframe_\/113951150\/tn-arc\/nota\/infeed_0\" width=\"1\" height=\"1\" frameborder=\"0\" marginwidth=\"0\" marginheight=\"0\" scrolling=\"no\" aria-label=\"Anuncio\" data-google-container-id=\"9\" data-load-complete=\"true\" data-mce-fragment=\"1\"><\/iframe><\/div>\n<\/div>\n<p class=\"paragraph font__body-regular\">A trav\u00e9s de su cuenta de Instagram, la adolescente se mostr\u00f3 muy emocionada en una foto que comparti\u00f3 Viciconte.\u00a0<b>\u201cPrimera tanda\u201d<\/b>, escribi\u00f3 la panelista en la imagen donde vemos a Allu sonriente y ya peinada y maquillada en camino al sal\u00f3n de fiestas.<\/p>\n<div class=\"teads-inread teads-display sm-screen\">\n<div><\/div>\n<\/div>\n<div class=\"story-list\" data-mrf-recirculation=\"IL_RNrGCM52Q_ui4aMax3fibg\" data-testid=\"text-html\" data-mrf-experience=\"IL_RNrGCM52Q_ui4aMax3fibg\">\n<article class=\"card__container card__horizontal\">\n<div class=\"card__body\">\n<header>\n<h3 class=\"card__headline font__display\"><\/h3>\n<\/header>\n<\/div>\n<\/article>\n<\/div>\n<figure class=\"\" data-testid=\"figure-testid\">\n<div class=\"aspect_ratio__container\"><picture class=\"responsive-image\"><source srcset=\"https:\/\/tn.com.ar\/resizer\/v2\/allegra-cubero-junto-a-su-familia-antes-de-su-fiesta-de-15-foto-instagram-micaviciconte-2REOD5EUBVGMXJSVTFVSAZNPNM.JPG?auth=d67a1dab292e1fa627f73acef854ede2345e60953535eec7c8bd5bb327da01d7&amp;width=767\" type=\"image\/jpg\" media=\"(max-width: 728px)\" \/><source srcset=\"https:\/\/tn.com.ar\/resizer\/v2\/allegra-cubero-junto-a-su-familia-antes-de-su-fiesta-de-15-foto-instagram-micaviciconte-2REOD5EUBVGMXJSVTFVSAZNPNM.JPG?auth=d67a1dab292e1fa627f73acef854ede2345e60953535eec7c8bd5bb327da01d7&amp;width=1023\" type=\"image\/jpg\" media=\"(max-width: 1023px)\" \/><source srcset=\"https:\/\/tn.com.ar\/resizer\/v2\/allegra-cubero-junto-a-su-familia-antes-de-su-fiesta-de-15-foto-instagram-micaviciconte-2REOD5EUBVGMXJSVTFVSAZNPNM.JPG?auth=d67a1dab292e1fa627f73acef854ede2345e60953535eec7c8bd5bb327da01d7&amp;width=1440\" type=\"image\/jpg\" \/><img loading=\"lazy\" decoding=\"async\" class=\"image content-image image_placeholder\" src=\"https:\/\/tn.com.ar\/resizer\/v2\/allegra-cubero-junto-a-su-familia-antes-de-su-fiesta-de-15-foto-instagram-micaviciconte-2REOD5EUBVGMXJSVTFVSAZNPNM.JPG?auth=d67a1dab292e1fa627f73acef854ede2345e60953535eec7c8bd5bb327da01d7&amp;width=767\" alt=\"Allegra Cubero junto a su familia antes de su fiesta de 15 (Foto: Instagram \/ micaviciconte)\" width=\"767\" height=\"1267\" data-testid=\"loading-testid\" \/><\/picture><\/div><figcaption class=\"caption_image\" data-testid=\"figcaption-testid\">\n<div class=\"image_caption \">Allegra Cubero junto a su familia antes de su fiesta de 15 (Foto: Instagram \/ micaviciconte)<\/div>\n<\/figcaption><\/figure>\n<p class=\"paragraph font__body-regular\">En la fotograf\u00eda tambi\u00e9n est\u00e1n muchos de sus familiares, quienes acompa\u00f1aron a la quincea\u00f1era en la camioneta que los llev\u00f3 al destino.<\/p>\n<h2 class=\"font--primary font__display\">C\u00f3mo ser\u00e1n los 15 de Allegra Cubero<\/h2>\n<p class=\"paragraph font__body-regular\">Hace unas semanas, Fabi\u00e1n Cubero dio a conocer en sus redes sociales\u00a0<b>cada detalle de la organizaci\u00f3n\u00a0<\/b>y dej\u00f3 ver su costado m\u00e1s sensible en uno de los momentos m\u00e1s importantes para la familia.<\/p>\n<p class=\"paragraph font__body-regular\">A trav\u00e9s de una serie de videos en Instagram, Cubero y Viciconte mostraron c\u00f3mo viven los preparativos de la esperada\u00a0<b>Alli\u2019s Fest<\/b>. Juntos, recorrieron el sal\u00f3n donde se har\u00e1 la celebraci\u00f3n y se encargaron de supervisar cada rinc\u00f3n para que todo salga perfecto.<\/p>\n<div class=\"genoa_video raw relative\">\n<div class=\"video_placeholder\">\n<div class=\"aspect_ratio__container\"><picture class=\"responsive-image\"><source srcset=\"https:\/\/tn.com.ar\/resizer\/v2\/https%3A%2F%2Fthumbs.vodgc.net%2F1-14-VIaZEO1777064394085-1777064544.jpg?auth=3d4568ec80b6de839cace62c960af7a97b98d22b82c07189c7f43116f9dc8224&amp;width=767\" type=\"image\/jpg\" media=\"(max-width: 728px)\" \/><source srcset=\"https:\/\/tn.com.ar\/resizer\/v2\/https%3A%2F%2Fthumbs.vodgc.net%2F1-14-VIaZEO1777064394085-1777064544.jpg?auth=3d4568ec80b6de839cace62c960af7a97b98d22b82c07189c7f43116f9dc8224&amp;width=1023\" type=\"image\/jpg\" media=\"(max-width: 1023px)\" \/><source srcset=\"https:\/\/tn.com.ar\/resizer\/v2\/https%3A%2F%2Fthumbs.vodgc.net%2F1-14-VIaZEO1777064394085-1777064544.jpg?auth=3d4568ec80b6de839cace62c960af7a97b98d22b82c07189c7f43116f9dc8224&amp;width=1440\" type=\"image\/jpg\" \/><\/picture><\/div>\n<p><button type=\"button\" data-testid=\"video-placeholder-button\"><\/button><\/div>\n<\/div>\n<div class=\"genoa_description font__body-regular\">Los detalles de la fiesta de Allegra Cubero (Foto: Instagram \/ micaviciconte)<\/div>\n<p class=\"paragraph font__body-regular\">\u201cQue est\u00e9 todo listo, que salga todo prolijo, que est\u00e9 todo lindo\u201d, expres\u00f3 el ex capit\u00e1n de V\u00e9lez Sarsfield, visiblemente emocionado. Y no dud\u00f3 en admitir:\u00a0<b>\u201cMe estoy preparando para llorar\u201c<\/b>.<\/p>\n<p class=\"paragraph font__body-regular\">Por su parte,\u00a0<b>Mica Viciconte<\/b>\u00a0tambi\u00e9n comparti\u00f3 su mirada sobre el detr\u00e1s de escena: \u201c<b>Fabi est\u00e1 nervioso, pero todo marcha bien<\/b>\u201d. Mientras tanto, Cubero agreg\u00f3: \u201cYo tengo unos nervios que no aguanto m\u00e1s\u201d, mientras recorr\u00eda la alfombra que lo llevar\u00e1 directo a la pista de baile junto a su hija.<\/p>\n<\/div>\n<p><\/main><\/div>\n<aside class=\"col-right-rail right-rail\">\n<div id=\"parent-ad-slot-caja\" class=\"ad-container caja_ad \">\n<div class=\"ad-content\">\n<div id=\"ad-slot-caja\" class=\"ad-slot-caja ad-slot\" data-adtype=\"caja\" data-lazyload=\"1\" data-google-query-id=\"CLGUls2aiZQDFRc9uQYdPAMLZQ\"><\/div>\n<\/div>\n<\/div>\n<\/aside>\n","protected":false},"excerpt":{"rendered":"<p>La adolescente se mostr\u00f3 muy feliz en la previa del evento que preparan desde hace varios meses. En pocas horas\u00a0Allegra Cubero festejar\u00e1 sus 15 a\u00f1os\u00a0rodeada por su familia paterna. Luego de haber tenido un evento organizado por su mam\u00e1, Nicole Neumann, la adolescente celebrar\u00e1 el evento que planific\u00f3 junto a su pap\u00e1, Fabi\u00e1n Cubero, y [&hellip;]<\/p>\n","protected":false},"author":1,"featured_media":15829,"comment_status":"open","ping_status":"open","sticky":false,"template":"","format":"standard","meta":{"rop_custom_images_group":[],"rop_custom_messages_group":[],"rop_publish_now":"initial","rop_publish_now_accounts":[],"rop_publish_now_history":[],"rop_publish_now_status":"pending","footnotes":"","jetpack_publicize_message":"","jetpack_publicize_feature_enabled":true,"jetpack_social_post_already_shared":true,"jetpack_social_options":{"image_generator_settings":{"template":"highway","enabled":false},"version":2}},"categories":[12],"tags":[],"class_list":{"0":"post-15828","1":"post","2":"type-post","3":"status-publish","4":"format-standard","5":"has-post-thumbnail","7":"category-espectaculos"},"jetpack_publicize_connections":[],"yoast_head":"<!-- This site is optimized with the Yoast SEO plugin v27.3 - https:\/\/yoast.com\/product\/yoast-seo-wordpress\/ -->\n<title>La emoci\u00f3n de Allegra Cubero a horas de la fiesta de 15 que le organizaron su pap\u00e1 y Mica Viciconte - CLAN ESPECTACULOS<\/title>\n<meta name=\"robots\" content=\"index, follow, max-snippet:-1, max-image-preview:large, max-video-preview:-1\" \/>\n<link rel=\"canonical\" href=\"https:\/\/radioclanfm.com\/clanespectaculos\/la-emocion-de-allegra-cubero-a-horas-de-la-fiesta-de-15-que-le-organizaron-su-papa-y-mica-viciconte\/\" \/>\n<meta property=\"og:locale\" content=\"es_ES\" \/>\n<meta property=\"og:type\" content=\"article\" \/>\n<meta property=\"og:title\" content=\"La emoci\u00f3n de Allegra Cubero a horas de la fiesta de 15 que le organizaron su pap\u00e1 y Mica Viciconte - CLAN ESPECTACULOS\" \/>\n<meta property=\"og:description\" content=\"La adolescente se mostr\u00f3 muy feliz en la previa del evento que preparan desde hace varios meses. En pocas horas\u00a0Allegra Cubero festejar\u00e1 sus 15 a\u00f1os\u00a0rodeada por su familia paterna. Luego de haber tenido un evento organizado por su mam\u00e1, Nicole Neumann, la adolescente celebrar\u00e1 el evento que planific\u00f3 junto a su pap\u00e1, Fabi\u00e1n Cubero, y [&hellip;]\" \/>\n<meta property=\"og:url\" content=\"https:\/\/radioclanfm.com\/clanespectaculos\/la-emocion-de-allegra-cubero-a-horas-de-la-fiesta-de-15-que-le-organizaron-su-papa-y-mica-viciconte\/\" \/>\n<meta property=\"og:site_name\" content=\"CLAN ESPECTACULOS\" \/>\n<meta property=\"article:publisher\" content=\"https:\/\/www.facebook.com\/clanespectaculos\/\" \/>\n<meta property=\"article:published_time\" content=\"2026-04-25T14:26:52+00:00\" \/>\n<meta property=\"og:image\" content=\"https:\/\/radioclanfm.com\/clanespectaculos\/wp-content\/uploads\/sites\/2\/2026\/04\/oxHdEnOh.jpg\" \/>\n\t<meta property=\"og:image:width\" content=\"900\" \/>\n\t<meta property=\"og:image:height\" content=\"504\" \/>\n\t<meta property=\"og:image:type\" content=\"image\/jpeg\" \/>\n<meta name=\"author\" content=\"E-GRUPOCLAN\" \/>\n<meta name=\"twitter:card\" content=\"summary_large_image\" \/>\n<meta name=\"twitter:creator\" content=\"@clanespectok\" \/>\n<meta name=\"twitter:site\" content=\"@clanespectok\" \/>\n<meta name=\"twitter:label1\" content=\"Escrito por\" \/>\n\t<meta name=\"twitter:data1\" content=\"E-GRUPOCLAN\" \/>\n\t<meta name=\"twitter:label2\" content=\"Tiempo de lectura\" \/>\n\t<meta name=\"twitter:data2\" content=\"2 minutos\" \/>\n<script type=\"application\/ld+json\" class=\"yoast-schema-graph\">{\"@context\":\"https:\\\/\\\/schema.org\",\"@graph\":[{\"@type\":\"Article\",\"@id\":\"https:\\\/\\\/radioclanfm.com\\\/clanespectaculos\\\/la-emocion-de-allegra-cubero-a-horas-de-la-fiesta-de-15-que-le-organizaron-su-papa-y-mica-viciconte\\\/#article\",\"isPartOf\":{\"@id\":\"https:\\\/\\\/radioclanfm.com\\\/clanespectaculos\\\/la-emocion-de-allegra-cubero-a-horas-de-la-fiesta-de-15-que-le-organizaron-su-papa-y-mica-viciconte\\\/\"},\"author\":{\"name\":\"E-GRUPOCLAN\",\"@id\":\"https:\\\/\\\/radioclanfm.com\\\/clanespectaculos\\\/#\\\/schema\\\/person\\\/9734813083303230f3ad84d99171b20c\"},\"headline\":\"La emoci\u00f3n de Allegra Cubero a horas de la fiesta de 15 que le organizaron su pap\u00e1 y Mica Viciconte\",\"datePublished\":\"2026-04-25T14:26:52+00:00\",\"mainEntityOfPage\":{\"@id\":\"https:\\\/\\\/radioclanfm.com\\\/clanespectaculos\\\/la-emocion-de-allegra-cubero-a-horas-de-la-fiesta-de-15-que-le-organizaron-su-papa-y-mica-viciconte\\\/\"},\"wordCount\":359,\"commentCount\":0,\"publisher\":{\"@id\":\"https:\\\/\\\/radioclanfm.com\\\/clanespectaculos\\\/#organization\"},\"image\":{\"@id\":\"https:\\\/\\\/radioclanfm.com\\\/clanespectaculos\\\/la-emocion-de-allegra-cubero-a-horas-de-la-fiesta-de-15-que-le-organizaron-su-papa-y-mica-viciconte\\\/#primaryimage\"},\"thumbnailUrl\":\"https:\\\/\\\/radioclanfm.com\\\/clanespectaculos\\\/wp-content\\\/uploads\\\/sites\\\/2\\\/2026\\\/04\\\/oxHdEnOh.jpg\",\"articleSection\":[\"Espectaculos\"],\"inLanguage\":\"es-AR\",\"potentialAction\":[{\"@type\":\"CommentAction\",\"name\":\"Comment\",\"target\":[\"https:\\\/\\\/radioclanfm.com\\\/clanespectaculos\\\/la-emocion-de-allegra-cubero-a-horas-de-la-fiesta-de-15-que-le-organizaron-su-papa-y-mica-viciconte\\\/#respond\"]}]},{\"@type\":\"WebPage\",\"@id\":\"https:\\\/\\\/radioclanfm.com\\\/clanespectaculos\\\/la-emocion-de-allegra-cubero-a-horas-de-la-fiesta-de-15-que-le-organizaron-su-papa-y-mica-viciconte\\\/\",\"url\":\"https:\\\/\\\/radioclanfm.com\\\/clanespectaculos\\\/la-emocion-de-allegra-cubero-a-horas-de-la-fiesta-de-15-que-le-organizaron-su-papa-y-mica-viciconte\\\/\",\"name\":\"La emoci\u00f3n de Allegra Cubero a horas de la fiesta de 15 que le organizaron su pap\u00e1 y Mica Viciconte - CLAN ESPECTACULOS\",\"isPartOf\":{\"@id\":\"https:\\\/\\\/radioclanfm.com\\\/clanespectaculos\\\/#website\"},\"primaryImageOfPage\":{\"@id\":\"https:\\\/\\\/radioclanfm.com\\\/clanespectaculos\\\/la-emocion-de-allegra-cubero-a-horas-de-la-fiesta-de-15-que-le-organizaron-su-papa-y-mica-viciconte\\\/#primaryimage\"},\"image\":{\"@id\":\"https:\\\/\\\/radioclanfm.com\\\/clanespectaculos\\\/la-emocion-de-allegra-cubero-a-horas-de-la-fiesta-de-15-que-le-organizaron-su-papa-y-mica-viciconte\\\/#primaryimage\"},\"thumbnailUrl\":\"https:\\\/\\\/radioclanfm.com\\\/clanespectaculos\\\/wp-content\\\/uploads\\\/sites\\\/2\\\/2026\\\/04\\\/oxHdEnOh.jpg\",\"datePublished\":\"2026-04-25T14:26:52+00:00\",\"breadcrumb\":{\"@id\":\"https:\\\/\\\/radioclanfm.com\\\/clanespectaculos\\\/la-emocion-de-allegra-cubero-a-horas-de-la-fiesta-de-15-que-le-organizaron-su-papa-y-mica-viciconte\\\/#breadcrumb\"},\"inLanguage\":\"es-AR\",\"potentialAction\":[{\"@type\":\"ReadAction\",\"target\":[\"https:\\\/\\\/radioclanfm.com\\\/clanespectaculos\\\/la-emocion-de-allegra-cubero-a-horas-de-la-fiesta-de-15-que-le-organizaron-su-papa-y-mica-viciconte\\\/\"]}]},{\"@type\":\"ImageObject\",\"inLanguage\":\"es-AR\",\"@id\":\"https:\\\/\\\/radioclanfm.com\\\/clanespectaculos\\\/la-emocion-de-allegra-cubero-a-horas-de-la-fiesta-de-15-que-le-organizaron-su-papa-y-mica-viciconte\\\/#primaryimage\",\"url\":\"https:\\\/\\\/radioclanfm.com\\\/clanespectaculos\\\/wp-content\\\/uploads\\\/sites\\\/2\\\/2026\\\/04\\\/oxHdEnOh.jpg\",\"contentUrl\":\"https:\\\/\\\/radioclanfm.com\\\/clanespectaculos\\\/wp-content\\\/uploads\\\/sites\\\/2\\\/2026\\\/04\\\/oxHdEnOh.jpg\",\"width\":900,\"height\":504},{\"@type\":\"BreadcrumbList\",\"@id\":\"https:\\\/\\\/radioclanfm.com\\\/clanespectaculos\\\/la-emocion-de-allegra-cubero-a-horas-de-la-fiesta-de-15-que-le-organizaron-su-papa-y-mica-viciconte\\\/#breadcrumb\",\"itemListElement\":[{\"@type\":\"ListItem\",\"position\":1,\"name\":\"Inicio\",\"item\":\"https:\\\/\\\/radioclanfm.com\\\/clanespectaculos\\\/\"},{\"@type\":\"ListItem\",\"position\":2,\"name\":\"La emoci\u00f3n de Allegra Cubero a horas de la fiesta de 15 que le organizaron su pap\u00e1 y Mica Viciconte\"}]},{\"@type\":\"WebSite\",\"@id\":\"https:\\\/\\\/radioclanfm.com\\\/clanespectaculos\\\/#website\",\"url\":\"https:\\\/\\\/radioclanfm.com\\\/clanespectaculos\\\/\",\"name\":\"CLAN ESPECTACULOS\",\"description\":\"\",\"publisher\":{\"@id\":\"https:\\\/\\\/radioclanfm.com\\\/clanespectaculos\\\/#organization\"},\"potentialAction\":[{\"@type\":\"SearchAction\",\"target\":{\"@type\":\"EntryPoint\",\"urlTemplate\":\"https:\\\/\\\/radioclanfm.com\\\/clanespectaculos\\\/?s={search_term_string}\"},\"query-input\":{\"@type\":\"PropertyValueSpecification\",\"valueRequired\":true,\"valueName\":\"search_term_string\"}}],\"inLanguage\":\"es-AR\"},{\"@type\":\"Organization\",\"@id\":\"https:\\\/\\\/radioclanfm.com\\\/clanespectaculos\\\/#organization\",\"name\":\"CLAN ESPECTACULOS\",\"url\":\"https:\\\/\\\/radioclanfm.com\\\/clanespectaculos\\\/\",\"logo\":{\"@type\":\"ImageObject\",\"inLanguage\":\"es-AR\",\"@id\":\"https:\\\/\\\/radioclanfm.com\\\/clanespectaculos\\\/#\\\/schema\\\/logo\\\/image\\\/\",\"url\":\"https:\\\/\\\/radioclanfm.com\\\/clanespectaculos\\\/wp-content\\\/uploads\\\/sites\\\/2\\\/2026\\\/04\\\/ChatGPT-Image-23-mar-2026-10_09_00.png\",\"contentUrl\":\"https:\\\/\\\/radioclanfm.com\\\/clanespectaculos\\\/wp-content\\\/uploads\\\/sites\\\/2\\\/2026\\\/04\\\/ChatGPT-Image-23-mar-2026-10_09_00.png\",\"width\":1024,\"height\":1024,\"caption\":\"CLAN ESPECTACULOS\"},\"image\":{\"@id\":\"https:\\\/\\\/radioclanfm.com\\\/clanespectaculos\\\/#\\\/schema\\\/logo\\\/image\\\/\"},\"sameAs\":[\"https:\\\/\\\/www.facebook.com\\\/clanespectaculos\\\/\",\"https:\\\/\\\/x.com\\\/clanespectok\"]},{\"@type\":\"Person\",\"@id\":\"https:\\\/\\\/radioclanfm.com\\\/clanespectaculos\\\/#\\\/schema\\\/person\\\/9734813083303230f3ad84d99171b20c\",\"name\":\"E-GRUPOCLAN\",\"image\":{\"@type\":\"ImageObject\",\"inLanguage\":\"es-AR\",\"@id\":\"https:\\\/\\\/secure.gravatar.com\\\/avatar\\\/af6e19837c3d6a212034a48c7b3818d2ac1826f6025df0155da5a186ad321d79?s=96&d=mm&r=g\",\"url\":\"https:\\\/\\\/secure.gravatar.com\\\/avatar\\\/af6e19837c3d6a212034a48c7b3818d2ac1826f6025df0155da5a186ad321d79?s=96&d=mm&r=g\",\"contentUrl\":\"https:\\\/\\\/secure.gravatar.com\\\/avatar\\\/af6e19837c3d6a212034a48c7b3818d2ac1826f6025df0155da5a186ad321d79?s=96&d=mm&r=g\",\"caption\":\"E-GRUPOCLAN\"},\"sameAs\":[\"https:\\\/\\\/radioclanfm.com\"],\"url\":\"https:\\\/\\\/radioclanfm.com\\\/clanespectaculos\\\/author\\\/admin\\\/\"}]}<\/script>\n<!-- \/ Yoast SEO plugin. -->","yoast_head_json":{"title":"La emoci\u00f3n de Allegra Cubero a horas de la fiesta de 15 que le organizaron su pap\u00e1 y Mica Viciconte - CLAN ESPECTACULOS","robots":{"index":"index","follow":"follow","max-snippet":"max-snippet:-1","max-image-preview":"max-image-preview:large","max-video-preview":"max-video-preview:-1"},"canonical":"https:\/\/radioclanfm.com\/clanespectaculos\/la-emocion-de-allegra-cubero-a-horas-de-la-fiesta-de-15-que-le-organizaron-su-papa-y-mica-viciconte\/","og_locale":"es_ES","og_type":"article","og_title":"La emoci\u00f3n de Allegra Cubero a horas de la fiesta de 15 que le organizaron su pap\u00e1 y Mica Viciconte - CLAN ESPECTACULOS","og_description":"La adolescente se mostr\u00f3 muy feliz en la previa del evento que preparan desde hace varios meses. En pocas horas\u00a0Allegra Cubero festejar\u00e1 sus 15 a\u00f1os\u00a0rodeada por su familia paterna. Luego de haber tenido un evento organizado por su mam\u00e1, Nicole Neumann, la adolescente celebrar\u00e1 el evento que planific\u00f3 junto a su pap\u00e1, Fabi\u00e1n Cubero, y [&hellip;]","og_url":"https:\/\/radioclanfm.com\/clanespectaculos\/la-emocion-de-allegra-cubero-a-horas-de-la-fiesta-de-15-que-le-organizaron-su-papa-y-mica-viciconte\/","og_site_name":"CLAN ESPECTACULOS","article_publisher":"https:\/\/www.facebook.com\/clanespectaculos\/","article_published_time":"2026-04-25T14:26:52+00:00","og_image":[{"width":900,"height":504,"url":"https:\/\/radioclanfm.com\/clanespectaculos\/wp-content\/uploads\/sites\/2\/2026\/04\/oxHdEnOh.jpg","type":"image\/jpeg"}],"author":"E-GRUPOCLAN","twitter_card":"summary_large_image","twitter_creator":"@clanespectok","twitter_site":"@clanespectok","twitter_misc":{"Escrito por":"E-GRUPOCLAN","Tiempo de lectura":"2 minutos"},"schema":{"@context":"https:\/\/schema.org","@graph":[{"@type":"Article","@id":"https:\/\/radioclanfm.com\/clanespectaculos\/la-emocion-de-allegra-cubero-a-horas-de-la-fiesta-de-15-que-le-organizaron-su-papa-y-mica-viciconte\/#article","isPartOf":{"@id":"https:\/\/radioclanfm.com\/clanespectaculos\/la-emocion-de-allegra-cubero-a-horas-de-la-fiesta-de-15-que-le-organizaron-su-papa-y-mica-viciconte\/"},"author":{"name":"E-GRUPOCLAN","@id":"https:\/\/radioclanfm.com\/clanespectaculos\/#\/schema\/person\/9734813083303230f3ad84d99171b20c"},"headline":"La emoci\u00f3n de Allegra Cubero a horas de la fiesta de 15 que le organizaron su pap\u00e1 y Mica Viciconte","datePublished":"2026-04-25T14:26:52+00:00","mainEntityOfPage":{"@id":"https:\/\/radioclanfm.com\/clanespectaculos\/la-emocion-de-allegra-cubero-a-horas-de-la-fiesta-de-15-que-le-organizaron-su-papa-y-mica-viciconte\/"},"wordCount":359,"commentCount":0,"publisher":{"@id":"https:\/\/radioclanfm.com\/clanespectaculos\/#organization"},"image":{"@id":"https:\/\/radioclanfm.com\/clanespectaculos\/la-emocion-de-allegra-cubero-a-horas-de-la-fiesta-de-15-que-le-organizaron-su-papa-y-mica-viciconte\/#primaryimage"},"thumbnailUrl":"https:\/\/radioclanfm.com\/clanespectaculos\/wp-content\/uploads\/sites\/2\/2026\/04\/oxHdEnOh.jpg","articleSection":["Espectaculos"],"inLanguage":"es-AR","potentialAction":[{"@type":"CommentAction","name":"Comment","target":["https:\/\/radioclanfm.com\/clanespectaculos\/la-emocion-de-allegra-cubero-a-horas-de-la-fiesta-de-15-que-le-organizaron-su-papa-y-mica-viciconte\/#respond"]}]},{"@type":"WebPage","@id":"https:\/\/radioclanfm.com\/clanespectaculos\/la-emocion-de-allegra-cubero-a-horas-de-la-fiesta-de-15-que-le-organizaron-su-papa-y-mica-viciconte\/","url":"https:\/\/radioclanfm.com\/clanespectaculos\/la-emocion-de-allegra-cubero-a-horas-de-la-fiesta-de-15-que-le-organizaron-su-papa-y-mica-viciconte\/","name":"La emoci\u00f3n de Allegra Cubero a horas de la fiesta de 15 que le organizaron su pap\u00e1 y Mica Viciconte - CLAN ESPECTACULOS","isPartOf":{"@id":"https:\/\/radioclanfm.com\/clanespectaculos\/#website"},"primaryImageOfPage":{"@id":"https:\/\/radioclanfm.com\/clanespectaculos\/la-emocion-de-allegra-cubero-a-horas-de-la-fiesta-de-15-que-le-organizaron-su-papa-y-mica-viciconte\/#primaryimage"},"image":{"@id":"https:\/\/radioclanfm.com\/clanespectaculos\/la-emocion-de-allegra-cubero-a-horas-de-la-fiesta-de-15-que-le-organizaron-su-papa-y-mica-viciconte\/#primaryimage"},"thumbnailUrl":"https:\/\/radioclanfm.com\/clanespectaculos\/wp-content\/uploads\/sites\/2\/2026\/04\/oxHdEnOh.jpg","datePublished":"2026-04-25T14:26:52+00:00","breadcrumb":{"@id":"https:\/\/radioclanfm.com\/clanespectaculos\/la-emocion-de-allegra-cubero-a-horas-de-la-fiesta-de-15-que-le-organizaron-su-papa-y-mica-viciconte\/#breadcrumb"},"inLanguage":"es-AR","potentialAction":[{"@type":"ReadAction","target":["https:\/\/radioclanfm.com\/clanespectaculos\/la-emocion-de-allegra-cubero-a-horas-de-la-fiesta-de-15-que-le-organizaron-su-papa-y-mica-viciconte\/"]}]},{"@type":"ImageObject","inLanguage":"es-AR","@id":"https:\/\/radioclanfm.com\/clanespectaculos\/la-emocion-de-allegra-cubero-a-horas-de-la-fiesta-de-15-que-le-organizaron-su-papa-y-mica-viciconte\/#primaryimage","url":"https:\/\/radioclanfm.com\/clanespectaculos\/wp-content\/uploads\/sites\/2\/2026\/04\/oxHdEnOh.jpg","contentUrl":"https:\/\/radioclanfm.com\/clanespectaculos\/wp-content\/uploads\/sites\/2\/2026\/04\/oxHdEnOh.jpg","width":900,"height":504},{"@type":"BreadcrumbList","@id":"https:\/\/radioclanfm.com\/clanespectaculos\/la-emocion-de-allegra-cubero-a-horas-de-la-fiesta-de-15-que-le-organizaron-su-papa-y-mica-viciconte\/#breadcrumb","itemListElement":[{"@type":"ListItem","position":1,"name":"Inicio","item":"https:\/\/radioclanfm.com\/clanespectaculos\/"},{"@type":"ListItem","position":2,"name":"La emoci\u00f3n de Allegra Cubero a horas de la fiesta de 15 que le organizaron su pap\u00e1 y Mica Viciconte"}]},{"@type":"WebSite","@id":"https:\/\/radioclanfm.com\/clanespectaculos\/#website","url":"https:\/\/radioclanfm.com\/clanespectaculos\/","name":"CLAN ESPECTACULOS","description":"","publisher":{"@id":"https:\/\/radioclanfm.com\/clanespectaculos\/#organization"},"potentialAction":[{"@type":"SearchAction","target":{"@type":"EntryPoint","urlTemplate":"https:\/\/radioclanfm.com\/clanespectaculos\/?s={search_term_string}"},"query-input":{"@type":"PropertyValueSpecification","valueRequired":true,"valueName":"search_term_string"}}],"inLanguage":"es-AR"},{"@type":"Organization","@id":"https:\/\/radioclanfm.com\/clanespectaculos\/#organization","name":"CLAN ESPECTACULOS","url":"https:\/\/radioclanfm.com\/clanespectaculos\/","logo":{"@type":"ImageObject","inLanguage":"es-AR","@id":"https:\/\/radioclanfm.com\/clanespectaculos\/#\/schema\/logo\/image\/","url":"https:\/\/radioclanfm.com\/clanespectaculos\/wp-content\/uploads\/sites\/2\/2026\/04\/ChatGPT-Image-23-mar-2026-10_09_00.png","contentUrl":"https:\/\/radioclanfm.com\/clanespectaculos\/wp-content\/uploads\/sites\/2\/2026\/04\/ChatGPT-Image-23-mar-2026-10_09_00.png","width":1024,"height":1024,"caption":"CLAN ESPECTACULOS"},"image":{"@id":"https:\/\/radioclanfm.com\/clanespectaculos\/#\/schema\/logo\/image\/"},"sameAs":["https:\/\/www.facebook.com\/clanespectaculos\/","https:\/\/x.com\/clanespectok"]},{"@type":"Person","@id":"https:\/\/radioclanfm.com\/clanespectaculos\/#\/schema\/person\/9734813083303230f3ad84d99171b20c","name":"E-GRUPOCLAN","image":{"@type":"ImageObject","inLanguage":"es-AR","@id":"https:\/\/secure.gravatar.com\/avatar\/af6e19837c3d6a212034a48c7b3818d2ac1826f6025df0155da5a186ad321d79?s=96&d=mm&r=g","url":"https:\/\/secure.gravatar.com\/avatar\/af6e19837c3d6a212034a48c7b3818d2ac1826f6025df0155da5a186ad321d79?s=96&d=mm&r=g","contentUrl":"https:\/\/secure.gravatar.com\/avatar\/af6e19837c3d6a212034a48c7b3818d2ac1826f6025df0155da5a186ad321d79?s=96&d=mm&r=g","caption":"E-GRUPOCLAN"},"sameAs":["https:\/\/radioclanfm.com"],"url":"https:\/\/radioclanfm.com\/clanespectaculos\/author\/admin\/"}]}},"_links":{"self":[{"href":"https:\/\/radioclanfm.com\/clanespectaculos\/wp-json\/wp\/v2\/posts\/15828","targetHints":{"allow":["GET"]}}],"collection":[{"href":"https:\/\/radioclanfm.com\/clanespectaculos\/wp-json\/wp\/v2\/posts"}],"about":[{"href":"https:\/\/radioclanfm.com\/clanespectaculos\/wp-json\/wp\/v2\/types\/post"}],"author":[{"embeddable":true,"href":"https:\/\/radioclanfm.com\/clanespectaculos\/wp-json\/wp\/v2\/users\/1"}],"replies":[{"embeddable":true,"href":"https:\/\/radioclanfm.com\/clanespectaculos\/wp-json\/wp\/v2\/comments?post=15828"}],"version-history":[{"count":1,"href":"https:\/\/radioclanfm.com\/clanespectaculos\/wp-json\/wp\/v2\/posts\/15828\/revisions"}],"predecessor-version":[{"id":15830,"href":"https:\/\/radioclanfm.com\/clanespectaculos\/wp-json\/wp\/v2\/posts\/15828\/revisions\/15830"}],"wp:featuredmedia":[{"embeddable":true,"href":"https:\/\/radioclanfm.com\/clanespectaculos\/wp-json\/wp\/v2\/media\/15829"}],"wp:attachment":[{"href":"https:\/\/radioclanfm.com\/clanespectaculos\/wp-json\/wp\/v2\/media?parent=15828"}],"wp:term":[{"taxonomy":"category","embeddable":true,"href":"https:\/\/radioclanfm.com\/clanespectaculos\/wp-json\/wp\/v2\/categories?post=15828"},{"taxonomy":"post_tag","embeddable":true,"href":"https:\/\/radioclanfm.com\/clanespectaculos\/wp-json\/wp\/v2\/tags?post=15828"}],"curies":[{"name":"wp","href":"https:\/\/api.w.org\/{rel}","templated":true}]}}