{"id":1581,"date":"2025-06-10T09:56:29","date_gmt":"2025-06-10T12:56:29","guid":{"rendered":"https:\/\/radioclanfm.com\/clanespectaculos\/?p=1581"},"modified":"2025-06-10T09:56:29","modified_gmt":"2025-06-10T12:56:29","slug":"jimena-baron-mostro-su-embarazo-de-38-semanas-y-hablo-del-supuesto-canje-que-pidio-para-el-parto","status":"publish","type":"post","link":"https:\/\/radioclanfm.com\/clanespectaculos\/jimena-baron-mostro-su-embarazo-de-38-semanas-y-hablo-del-supuesto-canje-que-pidio-para-el-parto\/","title":{"rendered":"Jimena Bar\u00f3n mostr\u00f3 su embarazo de 38 semanas y habl\u00f3 del supuesto canje que pidi\u00f3 para el parto"},"content":{"rendered":"<div class=\"col-content\"><main class=\"col-content\"><\/p>\n<div class=\"default-article-color article__body article__article\">\n<p class=\"paragraph font__body-regular\"><b>Jimena Bar\u00f3n<\/b>\u00a0est\u00e1 a pocos d\u00edas de convertirse en mam\u00e1 por segunda vez. Por eso, en sus redes sociales comparti\u00f3 un video en el que mostr\u00f3 su\u00a0<b>embarazo de 38 semanas<\/b>.<\/p>\n<div class=\"AV67f93cf033780503b00636a7\">\n<div id=\"aniBox\">\n<div id=\"aniplayer_AV67f93cf033780503b00636a7-1749560145419\">\n<div id=\"aniplayer_AV67f93cf033780503b00636a7-1749560145419gui\">\n<div id=\"av-caption\">\n<div id=\"av-close-btn-overlay\" class=\"av-pos-top-left\"><\/div>\n<\/div>\n<\/div>\n<\/div>\n<\/div>\n<\/div>\n<div id=\"ad-slot-infeed\" class=\"infeed-container ad-slot-infeed ad-slot\" data-adtype=\"infeed\" data-google-query-id=\"CJv6krnz5o0DFbpouAQdF4csAQ\">\n<div id=\"google_ads_iframe_\/113951150\/tn-arc\/nota\/infeed_0__container__\"><\/div>\n<\/div>\n<p class=\"paragraph font__body-regular\">En la grabaci\u00f3n se la puede ver con la\u00a0<b>panza descubierta<\/b>\u00a0en el patio de su casa, disfrutando del sol mientras escuchaba m\u00fasica y bailaba frente a la c\u00e1mara de su celular.<\/p>\n<p class=\"paragraph font__body-regular\">En medio de este momento tan especial en su vida personal, Jimena qued\u00f3 envuelta en un<b>\u00a0fuerte rumor<\/b>: Yanina Latorre asegur\u00f3 que la actriz\u00a0<b>pidi\u00f3 canje en una cl\u00ednica<\/b>\u00a0para el nacimiento del beb\u00e9.<\/p>\n<figure class=\"\" data-testid=\"figure-testid\">\n<div class=\"aspect_ratio__container\"><picture class=\"responsive-image\"><source srcset=\"https:\/\/tn.com.ar\/resizer\/v2\/jimena-baron-se-grabo-mientras-bailaba-para-mostrar-su-embarazo-de-38-semanas-foto-instagramjmena-XOLJ7QAWURBXZGIHBOSD7ZAUOU.PNG?auth=de716853ab6eec6a598a334f86207064f7876f1c8ec4fcf504d513f65da416ed&amp;width=767\" type=\"image\/jpg\" media=\"(max-width: 728px)\" \/><source srcset=\"https:\/\/tn.com.ar\/resizer\/v2\/jimena-baron-se-grabo-mientras-bailaba-para-mostrar-su-embarazo-de-38-semanas-foto-instagramjmena-XOLJ7QAWURBXZGIHBOSD7ZAUOU.PNG?auth=de716853ab6eec6a598a334f86207064f7876f1c8ec4fcf504d513f65da416ed&amp;width=1023\" type=\"image\/jpg\" media=\"(max-width: 1023px)\" \/><source srcset=\"https:\/\/tn.com.ar\/resizer\/v2\/jimena-baron-se-grabo-mientras-bailaba-para-mostrar-su-embarazo-de-38-semanas-foto-instagramjmena-XOLJ7QAWURBXZGIHBOSD7ZAUOU.PNG?auth=de716853ab6eec6a598a334f86207064f7876f1c8ec4fcf504d513f65da416ed&amp;width=1440\" type=\"image\/jpg\" \/><img loading=\"lazy\" decoding=\"async\" class=\"image content-image image_placeholder\" src=\"https:\/\/tn.com.ar\/resizer\/v2\/jimena-baron-se-grabo-mientras-bailaba-para-mostrar-su-embarazo-de-38-semanas-foto-instagramjmena-XOLJ7QAWURBXZGIHBOSD7ZAUOU.PNG?auth=de716853ab6eec6a598a334f86207064f7876f1c8ec4fcf504d513f65da416ed&amp;width=767\" alt=\"Jimena Bar\u00f3n se grab\u00f3 mientras bailaba para mostrar su embarazo de 38 semanas. (Foto: Instagram\/jmena)\" width=\"767\" height=\"645\" data-testid=\"loading-testid\" \/><\/picture><\/div><figcaption class=\"caption_image\" data-testid=\"figcaption-testid\">\n<div class=\"image_caption \">Jimena Bar\u00f3n se grab\u00f3 mientras bailaba para mostrar su embarazo de 38 semanas. (Foto: Instagram\/jmena)<\/div>\n<\/figcaption><\/figure>\n<p class=\"paragraph font__body-regular\">Ante esas versiones, Bar\u00f3n no dud\u00f3 en hacerles frente y<b>\u00a0responder\u00a0<\/b>con un tono fiel al humor \u00e1cido que la caracteriza. Sus declaraciones fueron luego de un ida y vuelta que tuvo con un seguidor en el que hablaban sobre los cuidados faciales.<\/p>\n<p class=\"paragraph font__body-regular\">\u201c\u00bfPod\u00e9s creer que el otro d\u00eda me dijeron que el proyector solar es cancer\u00edgeno? Igual me sigo poniendo m\u00e1s de una vez al d\u00eda&#8221;, le cont\u00f3 esta persona a Jimena. Por eso, la actriz aprovech\u00f3 la ocasi\u00f3n para desmentir a Yanina Latorre.<\/p>\n<figure class=\"\" data-testid=\"figure-testid\">\n<div class=\"aspect_ratio__container\"><picture class=\"responsive-image\"><source srcset=\"https:\/\/tn.com.ar\/resizer\/v2\/jimena-baron-desmintio-que-pidio-un-canje-para-el-parto-de-su-bebe-foto-instagramjmena-KC626234XRAVRNIECFYGIFIYSI.jpg?auth=f500b8d4e37c49f82c70e5456f76fb82cb471f294758faadf88248a8959a0cd6&amp;width=767\" type=\"image\/jpg\" media=\"(max-width: 728px)\" \/><source srcset=\"https:\/\/tn.com.ar\/resizer\/v2\/jimena-baron-desmintio-que-pidio-un-canje-para-el-parto-de-su-bebe-foto-instagramjmena-KC626234XRAVRNIECFYGIFIYSI.jpg?auth=f500b8d4e37c49f82c70e5456f76fb82cb471f294758faadf88248a8959a0cd6&amp;width=1023\" type=\"image\/jpg\" media=\"(max-width: 1023px)\" \/><source srcset=\"https:\/\/tn.com.ar\/resizer\/v2\/jimena-baron-desmintio-que-pidio-un-canje-para-el-parto-de-su-bebe-foto-instagramjmena-KC626234XRAVRNIECFYGIFIYSI.jpg?auth=f500b8d4e37c49f82c70e5456f76fb82cb471f294758faadf88248a8959a0cd6&amp;width=1440\" type=\"image\/jpg\" \/><img loading=\"lazy\" decoding=\"async\" class=\"image content-image image_placeholder\" src=\"https:\/\/tn.com.ar\/resizer\/v2\/jimena-baron-desmintio-que-pidio-un-canje-para-el-parto-de-su-bebe-foto-instagramjmena-KC626234XRAVRNIECFYGIFIYSI.jpg?auth=f500b8d4e37c49f82c70e5456f76fb82cb471f294758faadf88248a8959a0cd6&amp;width=767\" alt=\"Jimena Bar\u00f3n desminti\u00f3 que pidi\u00f3 un canje para el parto de su beb\u00e9. (Foto: Instagram\/jmena)\" width=\"767\" height=\"605\" data-testid=\"loading-testid\" \/><\/picture><\/div><figcaption class=\"caption_image\" data-testid=\"figcaption-testid\">\n<div class=\"image_caption \">Jimena Bar\u00f3n desminti\u00f3 que pidi\u00f3 un canje para el parto de su beb\u00e9. (Foto: Instagram\/jmena)<\/div>\n<\/figcaption><\/figure>\n<p class=\"paragraph font__body-regular\">\u201cEl otro d\u00eda tambi\u00e9n\u00a0<b>dijeron que yo ped\u00ed canje de parto<\/b>. Dicen muchas pelot&#8230;, vos ponete protector\u201d, lanz\u00f3 Bar\u00f3n. Y remat\u00f3 con sarcasmo: \u201cGracias @peridural por la aguja en la m\u00e9dula, sos lo m\u00e1s. \u00bfC\u00f3mo chot&#8230; se agradec\u00eda eso, no?\u201c.<\/p>\n<h2 class=\"font--primary font__display\">La carta que Jimena Bar\u00f3n escribi\u00f3 para despedir su panza<\/h2>\n<p class=\"paragraph font__body-regular\">En los primeros d\u00edas de junio, la actriz alcanz\u00f3 la fecha \u201ca t\u00e9rmino\u201d y repiti\u00f3 el ritual que hizo con su primog\u00e9nito. A tu hermano Momo tuve que escribirle una carta para despedirme de la panza y avisarle que pod\u00eda nacer cuando quisiera, que yo estaba esper\u00e1ndolo. Hago lo mismo con vos hijo de mi coraz\u00f3n, por las dudas pienses que no quiero que nazcas, ya que te disfrut\u00e9 tanto pero tanto adentro de m\u00ed\u201d, expres\u00f3.<\/p>\n<figure class=\"\" data-testid=\"figure-testid\">\n<div class=\"aspect_ratio__container\"><picture class=\"responsive-image\"><source srcset=\"https:\/\/tn.com.ar\/resizer\/v2\/jimena-baron-despidio-la-panza-con-una-emotiva-carta-tenerte-en-mi-panza-me-hizo-sentir-la-mujer-mas-amada-foto-instagram-jmena-27C3EXCBWJEMLLXOFGVTJALERY.png?auth=3c4f2dddcd8537bdb535844c633d900a45057307769d183c84c11b3ec819d6d2&amp;width=767\" type=\"image\/jpg\" media=\"(max-width: 728px)\" \/><source srcset=\"https:\/\/tn.com.ar\/resizer\/v2\/jimena-baron-despidio-la-panza-con-una-emotiva-carta-tenerte-en-mi-panza-me-hizo-sentir-la-mujer-mas-amada-foto-instagram-jmena-27C3EXCBWJEMLLXOFGVTJALERY.png?auth=3c4f2dddcd8537bdb535844c633d900a45057307769d183c84c11b3ec819d6d2&amp;width=1023\" type=\"image\/jpg\" media=\"(max-width: 1023px)\" \/><source srcset=\"https:\/\/tn.com.ar\/resizer\/v2\/jimena-baron-despidio-la-panza-con-una-emotiva-carta-tenerte-en-mi-panza-me-hizo-sentir-la-mujer-mas-amada-foto-instagram-jmena-27C3EXCBWJEMLLXOFGVTJALERY.png?auth=3c4f2dddcd8537bdb535844c633d900a45057307769d183c84c11b3ec819d6d2&amp;width=1440\" type=\"image\/jpg\" \/><img loading=\"lazy\" decoding=\"async\" class=\"image content-image image_placeholder\" src=\"https:\/\/tn.com.ar\/resizer\/v2\/jimena-baron-despidio-la-panza-con-una-emotiva-carta-tenerte-en-mi-panza-me-hizo-sentir-la-mujer-mas-amada-foto-instagram-jmena-27C3EXCBWJEMLLXOFGVTJALERY.png?auth=3c4f2dddcd8537bdb535844c633d900a45057307769d183c84c11b3ec819d6d2&amp;width=767\" alt=\"Jimena Bar\u00f3n despidi\u00f3 la panza con una emotiva carta: \u201cTenerte en mi panza me hizo sentir la mujer m\u00e1s amada\u201d (Foto: Instagram \/jmena)\" width=\"767\" height=\"556\" data-testid=\"loading-testid\" \/><\/picture><\/div><figcaption class=\"caption_image\" data-testid=\"figcaption-testid\">\n<div class=\"image_caption \">Jimena Bar\u00f3n despidi\u00f3 la panza con una emotiva carta: \u201cTenerte en mi panza me hizo sentir la mujer m\u00e1s amada\u201d (Foto: Instagram \/jmena)<\/div>\n<\/figcaption><\/figure>\n<p class=\"paragraph font__body-regular\">\u201cQuiero que sepas que tenerte en mi panza<b>\u00a0me hizo sentir la mujer m\u00e1s amada<\/b>, fuerte y poderosa del planeta tierra. Que me siento la misma tierra, el agua, y la misma magia que hizo existir el planeta. Que me siento m\u00e1s segura que nunca, me siento luz y me siento sangre. Me siento mar, me siento monta\u00f1as, me siento todo lo inmenso e impactante. Me siento un animal, siento esa misma calma y esa misma ferocidad. Que ya te conozco, hijo, aunque todav\u00eda no pueda verte\u201c, asegur\u00f3.<\/p>\n<p class=\"paragraph font__body-regular\">A coraz\u00f3n abierto admiti\u00f3: \u201cHay algo que me angustia de despedir la panza, pero quiero que sepas que en el fondo es felicidad y que<b>\u00a0nada me da m\u00e1s ilusi\u00f3n que poder parirte, agarrarte y verte<\/b>. Ponerte en mi pecho piel con piel. Ver a tu pap\u00e1 mirarte por primera vez. A tu hermano conocerte\u201d.<\/p>\n<p class=\"paragraph font__body-regular\">\u201cEl amor que te espera es desbordante, a veces no me entra en mi propio cuerpo. En mi cabeza mucho menos.\u00a0<b>Te espero beb\u00e9, cuando vos quieras<\/b>. Quiero darte la vida m\u00e1s linda que puedas tener. A m\u00ed ya me est\u00e1s dando todo. Te amo hijo, nunca vas a saber cu\u00e1nto\u201d, concluy\u00f3.<\/p>\n<\/div>\n<p><\/main><\/div>\n<aside class=\"col-right-rail right-rail\">\n<div id=\"parent-ad-slot-caja\" class=\"ad-container caja_ad \">\n<div class=\"ad-content\"><\/div>\n<\/div>\n<\/aside>\n","protected":false},"excerpt":{"rendered":"<p>Jimena Bar\u00f3n\u00a0est\u00e1 a pocos d\u00edas de convertirse en mam\u00e1 por segunda vez. Por eso, en sus redes sociales comparti\u00f3 un video en el que mostr\u00f3 su\u00a0embarazo de 38 semanas. En la grabaci\u00f3n se la puede ver con la\u00a0panza descubierta\u00a0en el patio de su casa, disfrutando del sol mientras escuchaba m\u00fasica y bailaba frente a la [&hellip;]<\/p>\n","protected":false},"author":1,"featured_media":1584,"comment_status":"open","ping_status":"open","sticky":false,"template":"","format":"standard","meta":{"rop_custom_images_group":[],"rop_custom_messages_group":[],"rop_publish_now":"initial","rop_publish_now_accounts":[],"rop_publish_now_history":[],"rop_publish_now_status":"pending","footnotes":"","jetpack_publicize_message":"","jetpack_publicize_feature_enabled":true,"jetpack_social_post_already_shared":true,"jetpack_social_options":{"image_generator_settings":{"template":"highway","enabled":false},"version":2}},"categories":[12],"tags":[],"class_list":{"0":"post-1581","1":"post","2":"type-post","3":"status-publish","4":"format-standard","5":"has-post-thumbnail","7":"category-espectaculos"},"jetpack_publicize_connections":[],"yoast_head":"<!-- This site is optimized with the Yoast SEO plugin v27.3 - https:\/\/yoast.com\/product\/yoast-seo-wordpress\/ -->\n<title>Jimena Bar\u00f3n mostr\u00f3 su embarazo de 38 semanas y habl\u00f3 del supuesto canje que pidi\u00f3 para el parto - CLAN ESPECTACULOS<\/title>\n<meta name=\"robots\" content=\"index, follow, max-snippet:-1, max-image-preview:large, max-video-preview:-1\" \/>\n<link rel=\"canonical\" href=\"https:\/\/radioclanfm.com\/clanespectaculos\/jimena-baron-mostro-su-embarazo-de-38-semanas-y-hablo-del-supuesto-canje-que-pidio-para-el-parto\/\" \/>\n<meta property=\"og:locale\" content=\"es_ES\" \/>\n<meta property=\"og:type\" content=\"article\" \/>\n<meta property=\"og:title\" content=\"Jimena Bar\u00f3n mostr\u00f3 su embarazo de 38 semanas y habl\u00f3 del supuesto canje que pidi\u00f3 para el parto - CLAN ESPECTACULOS\" \/>\n<meta property=\"og:description\" content=\"Jimena Bar\u00f3n\u00a0est\u00e1 a pocos d\u00edas de convertirse en mam\u00e1 por segunda vez. Por eso, en sus redes sociales comparti\u00f3 un video en el que mostr\u00f3 su\u00a0embarazo de 38 semanas. En la grabaci\u00f3n se la puede ver con la\u00a0panza descubierta\u00a0en el patio de su casa, disfrutando del sol mientras escuchaba m\u00fasica y bailaba frente a la [&hellip;]\" \/>\n<meta property=\"og:url\" content=\"https:\/\/radioclanfm.com\/clanespectaculos\/jimena-baron-mostro-su-embarazo-de-38-semanas-y-hablo-del-supuesto-canje-que-pidio-para-el-parto\/\" \/>\n<meta property=\"og:site_name\" content=\"CLAN ESPECTACULOS\" \/>\n<meta property=\"article:publisher\" content=\"https:\/\/www.facebook.com\/clanespectaculos\/\" \/>\n<meta property=\"article:published_time\" content=\"2025-06-10T12:56:29+00:00\" \/>\n<meta property=\"og:image\" content=\"https:\/\/radioclanfm.com\/clanespectaculos\/wp-content\/uploads\/sites\/2\/2025\/06\/EKOb2cHO.jpg\" \/>\n\t<meta property=\"og:image:width\" content=\"1023\" \/>\n\t<meta property=\"og:image:height\" content=\"1814\" \/>\n\t<meta property=\"og:image:type\" content=\"image\/jpeg\" \/>\n<meta name=\"author\" content=\"E-GRUPOCLAN\" \/>\n<meta name=\"twitter:card\" content=\"summary_large_image\" \/>\n<meta name=\"twitter:creator\" content=\"@clanespectok\" \/>\n<meta name=\"twitter:site\" content=\"@clanespectok\" \/>\n<meta name=\"twitter:label1\" content=\"Escrito por\" \/>\n\t<meta name=\"twitter:data1\" content=\"E-GRUPOCLAN\" \/>\n\t<meta name=\"twitter:label2\" content=\"Tiempo de lectura\" \/>\n\t<meta name=\"twitter:data2\" content=\"3 minutos\" \/>\n<script type=\"application\/ld+json\" class=\"yoast-schema-graph\">{\"@context\":\"https:\\\/\\\/schema.org\",\"@graph\":[{\"@type\":\"Article\",\"@id\":\"https:\\\/\\\/radioclanfm.com\\\/clanespectaculos\\\/jimena-baron-mostro-su-embarazo-de-38-semanas-y-hablo-del-supuesto-canje-que-pidio-para-el-parto\\\/#article\",\"isPartOf\":{\"@id\":\"https:\\\/\\\/radioclanfm.com\\\/clanespectaculos\\\/jimena-baron-mostro-su-embarazo-de-38-semanas-y-hablo-del-supuesto-canje-que-pidio-para-el-parto\\\/\"},\"author\":{\"name\":\"E-GRUPOCLAN\",\"@id\":\"https:\\\/\\\/radioclanfm.com\\\/clanespectaculos\\\/#\\\/schema\\\/person\\\/9734813083303230f3ad84d99171b20c\"},\"headline\":\"Jimena Bar\u00f3n mostr\u00f3 su embarazo de 38 semanas y habl\u00f3 del supuesto canje que pidi\u00f3 para el parto\",\"datePublished\":\"2025-06-10T12:56:29+00:00\",\"mainEntityOfPage\":{\"@id\":\"https:\\\/\\\/radioclanfm.com\\\/clanespectaculos\\\/jimena-baron-mostro-su-embarazo-de-38-semanas-y-hablo-del-supuesto-canje-que-pidio-para-el-parto\\\/\"},\"wordCount\":615,\"commentCount\":0,\"publisher\":{\"@id\":\"https:\\\/\\\/radioclanfm.com\\\/clanespectaculos\\\/#organization\"},\"image\":{\"@id\":\"https:\\\/\\\/radioclanfm.com\\\/clanespectaculos\\\/jimena-baron-mostro-su-embarazo-de-38-semanas-y-hablo-del-supuesto-canje-que-pidio-para-el-parto\\\/#primaryimage\"},\"thumbnailUrl\":\"https:\\\/\\\/radioclanfm.com\\\/clanespectaculos\\\/wp-content\\\/uploads\\\/sites\\\/2\\\/2025\\\/06\\\/EKOb2cHO.jpg\",\"articleSection\":[\"Espectaculos\"],\"inLanguage\":\"es-AR\",\"potentialAction\":[{\"@type\":\"CommentAction\",\"name\":\"Comment\",\"target\":[\"https:\\\/\\\/radioclanfm.com\\\/clanespectaculos\\\/jimena-baron-mostro-su-embarazo-de-38-semanas-y-hablo-del-supuesto-canje-que-pidio-para-el-parto\\\/#respond\"]}]},{\"@type\":\"WebPage\",\"@id\":\"https:\\\/\\\/radioclanfm.com\\\/clanespectaculos\\\/jimena-baron-mostro-su-embarazo-de-38-semanas-y-hablo-del-supuesto-canje-que-pidio-para-el-parto\\\/\",\"url\":\"https:\\\/\\\/radioclanfm.com\\\/clanespectaculos\\\/jimena-baron-mostro-su-embarazo-de-38-semanas-y-hablo-del-supuesto-canje-que-pidio-para-el-parto\\\/\",\"name\":\"Jimena Bar\u00f3n mostr\u00f3 su embarazo de 38 semanas y habl\u00f3 del supuesto canje que pidi\u00f3 para el parto - CLAN ESPECTACULOS\",\"isPartOf\":{\"@id\":\"https:\\\/\\\/radioclanfm.com\\\/clanespectaculos\\\/#website\"},\"primaryImageOfPage\":{\"@id\":\"https:\\\/\\\/radioclanfm.com\\\/clanespectaculos\\\/jimena-baron-mostro-su-embarazo-de-38-semanas-y-hablo-del-supuesto-canje-que-pidio-para-el-parto\\\/#primaryimage\"},\"image\":{\"@id\":\"https:\\\/\\\/radioclanfm.com\\\/clanespectaculos\\\/jimena-baron-mostro-su-embarazo-de-38-semanas-y-hablo-del-supuesto-canje-que-pidio-para-el-parto\\\/#primaryimage\"},\"thumbnailUrl\":\"https:\\\/\\\/radioclanfm.com\\\/clanespectaculos\\\/wp-content\\\/uploads\\\/sites\\\/2\\\/2025\\\/06\\\/EKOb2cHO.jpg\",\"datePublished\":\"2025-06-10T12:56:29+00:00\",\"breadcrumb\":{\"@id\":\"https:\\\/\\\/radioclanfm.com\\\/clanespectaculos\\\/jimena-baron-mostro-su-embarazo-de-38-semanas-y-hablo-del-supuesto-canje-que-pidio-para-el-parto\\\/#breadcrumb\"},\"inLanguage\":\"es-AR\",\"potentialAction\":[{\"@type\":\"ReadAction\",\"target\":[\"https:\\\/\\\/radioclanfm.com\\\/clanespectaculos\\\/jimena-baron-mostro-su-embarazo-de-38-semanas-y-hablo-del-supuesto-canje-que-pidio-para-el-parto\\\/\"]}]},{\"@type\":\"ImageObject\",\"inLanguage\":\"es-AR\",\"@id\":\"https:\\\/\\\/radioclanfm.com\\\/clanespectaculos\\\/jimena-baron-mostro-su-embarazo-de-38-semanas-y-hablo-del-supuesto-canje-que-pidio-para-el-parto\\\/#primaryimage\",\"url\":\"https:\\\/\\\/radioclanfm.com\\\/clanespectaculos\\\/wp-content\\\/uploads\\\/sites\\\/2\\\/2025\\\/06\\\/EKOb2cHO.jpg\",\"contentUrl\":\"https:\\\/\\\/radioclanfm.com\\\/clanespectaculos\\\/wp-content\\\/uploads\\\/sites\\\/2\\\/2025\\\/06\\\/EKOb2cHO.jpg\",\"width\":1023,\"height\":1814},{\"@type\":\"BreadcrumbList\",\"@id\":\"https:\\\/\\\/radioclanfm.com\\\/clanespectaculos\\\/jimena-baron-mostro-su-embarazo-de-38-semanas-y-hablo-del-supuesto-canje-que-pidio-para-el-parto\\\/#breadcrumb\",\"itemListElement\":[{\"@type\":\"ListItem\",\"position\":1,\"name\":\"Inicio\",\"item\":\"https:\\\/\\\/radioclanfm.com\\\/clanespectaculos\\\/\"},{\"@type\":\"ListItem\",\"position\":2,\"name\":\"Jimena Bar\u00f3n mostr\u00f3 su embarazo de 38 semanas y habl\u00f3 del supuesto canje que pidi\u00f3 para el parto\"}]},{\"@type\":\"WebSite\",\"@id\":\"https:\\\/\\\/radioclanfm.com\\\/clanespectaculos\\\/#website\",\"url\":\"https:\\\/\\\/radioclanfm.com\\\/clanespectaculos\\\/\",\"name\":\"CLAN ESPECTACULOS\",\"description\":\"\",\"publisher\":{\"@id\":\"https:\\\/\\\/radioclanfm.com\\\/clanespectaculos\\\/#organization\"},\"potentialAction\":[{\"@type\":\"SearchAction\",\"target\":{\"@type\":\"EntryPoint\",\"urlTemplate\":\"https:\\\/\\\/radioclanfm.com\\\/clanespectaculos\\\/?s={search_term_string}\"},\"query-input\":{\"@type\":\"PropertyValueSpecification\",\"valueRequired\":true,\"valueName\":\"search_term_string\"}}],\"inLanguage\":\"es-AR\"},{\"@type\":\"Organization\",\"@id\":\"https:\\\/\\\/radioclanfm.com\\\/clanespectaculos\\\/#organization\",\"name\":\"CLAN ESPECTACULOS\",\"url\":\"https:\\\/\\\/radioclanfm.com\\\/clanespectaculos\\\/\",\"logo\":{\"@type\":\"ImageObject\",\"inLanguage\":\"es-AR\",\"@id\":\"https:\\\/\\\/radioclanfm.com\\\/clanespectaculos\\\/#\\\/schema\\\/logo\\\/image\\\/\",\"url\":\"https:\\\/\\\/radioclanfm.com\\\/clanespectaculos\\\/wp-content\\\/uploads\\\/sites\\\/2\\\/2026\\\/04\\\/ChatGPT-Image-23-mar-2026-10_09_00.png\",\"contentUrl\":\"https:\\\/\\\/radioclanfm.com\\\/clanespectaculos\\\/wp-content\\\/uploads\\\/sites\\\/2\\\/2026\\\/04\\\/ChatGPT-Image-23-mar-2026-10_09_00.png\",\"width\":1024,\"height\":1024,\"caption\":\"CLAN ESPECTACULOS\"},\"image\":{\"@id\":\"https:\\\/\\\/radioclanfm.com\\\/clanespectaculos\\\/#\\\/schema\\\/logo\\\/image\\\/\"},\"sameAs\":[\"https:\\\/\\\/www.facebook.com\\\/clanespectaculos\\\/\",\"https:\\\/\\\/x.com\\\/clanespectok\"]},{\"@type\":\"Person\",\"@id\":\"https:\\\/\\\/radioclanfm.com\\\/clanespectaculos\\\/#\\\/schema\\\/person\\\/9734813083303230f3ad84d99171b20c\",\"name\":\"E-GRUPOCLAN\",\"image\":{\"@type\":\"ImageObject\",\"inLanguage\":\"es-AR\",\"@id\":\"https:\\\/\\\/secure.gravatar.com\\\/avatar\\\/af6e19837c3d6a212034a48c7b3818d2ac1826f6025df0155da5a186ad321d79?s=96&d=mm&r=g\",\"url\":\"https:\\\/\\\/secure.gravatar.com\\\/avatar\\\/af6e19837c3d6a212034a48c7b3818d2ac1826f6025df0155da5a186ad321d79?s=96&d=mm&r=g\",\"contentUrl\":\"https:\\\/\\\/secure.gravatar.com\\\/avatar\\\/af6e19837c3d6a212034a48c7b3818d2ac1826f6025df0155da5a186ad321d79?s=96&d=mm&r=g\",\"caption\":\"E-GRUPOCLAN\"},\"sameAs\":[\"https:\\\/\\\/radioclanfm.com\"],\"url\":\"https:\\\/\\\/radioclanfm.com\\\/clanespectaculos\\\/author\\\/admin\\\/\"}]}<\/script>\n<!-- \/ Yoast SEO plugin. -->","yoast_head_json":{"title":"Jimena Bar\u00f3n mostr\u00f3 su embarazo de 38 semanas y habl\u00f3 del supuesto canje que pidi\u00f3 para el parto - CLAN ESPECTACULOS","robots":{"index":"index","follow":"follow","max-snippet":"max-snippet:-1","max-image-preview":"max-image-preview:large","max-video-preview":"max-video-preview:-1"},"canonical":"https:\/\/radioclanfm.com\/clanespectaculos\/jimena-baron-mostro-su-embarazo-de-38-semanas-y-hablo-del-supuesto-canje-que-pidio-para-el-parto\/","og_locale":"es_ES","og_type":"article","og_title":"Jimena Bar\u00f3n mostr\u00f3 su embarazo de 38 semanas y habl\u00f3 del supuesto canje que pidi\u00f3 para el parto - CLAN ESPECTACULOS","og_description":"Jimena Bar\u00f3n\u00a0est\u00e1 a pocos d\u00edas de convertirse en mam\u00e1 por segunda vez. Por eso, en sus redes sociales comparti\u00f3 un video en el que mostr\u00f3 su\u00a0embarazo de 38 semanas. En la grabaci\u00f3n se la puede ver con la\u00a0panza descubierta\u00a0en el patio de su casa, disfrutando del sol mientras escuchaba m\u00fasica y bailaba frente a la [&hellip;]","og_url":"https:\/\/radioclanfm.com\/clanespectaculos\/jimena-baron-mostro-su-embarazo-de-38-semanas-y-hablo-del-supuesto-canje-que-pidio-para-el-parto\/","og_site_name":"CLAN ESPECTACULOS","article_publisher":"https:\/\/www.facebook.com\/clanespectaculos\/","article_published_time":"2025-06-10T12:56:29+00:00","og_image":[{"width":1023,"height":1814,"url":"https:\/\/radioclanfm.com\/clanespectaculos\/wp-content\/uploads\/sites\/2\/2025\/06\/EKOb2cHO.jpg","type":"image\/jpeg"}],"author":"E-GRUPOCLAN","twitter_card":"summary_large_image","twitter_creator":"@clanespectok","twitter_site":"@clanespectok","twitter_misc":{"Escrito por":"E-GRUPOCLAN","Tiempo de lectura":"3 minutos"},"schema":{"@context":"https:\/\/schema.org","@graph":[{"@type":"Article","@id":"https:\/\/radioclanfm.com\/clanespectaculos\/jimena-baron-mostro-su-embarazo-de-38-semanas-y-hablo-del-supuesto-canje-que-pidio-para-el-parto\/#article","isPartOf":{"@id":"https:\/\/radioclanfm.com\/clanespectaculos\/jimena-baron-mostro-su-embarazo-de-38-semanas-y-hablo-del-supuesto-canje-que-pidio-para-el-parto\/"},"author":{"name":"E-GRUPOCLAN","@id":"https:\/\/radioclanfm.com\/clanespectaculos\/#\/schema\/person\/9734813083303230f3ad84d99171b20c"},"headline":"Jimena Bar\u00f3n mostr\u00f3 su embarazo de 38 semanas y habl\u00f3 del supuesto canje que pidi\u00f3 para el parto","datePublished":"2025-06-10T12:56:29+00:00","mainEntityOfPage":{"@id":"https:\/\/radioclanfm.com\/clanespectaculos\/jimena-baron-mostro-su-embarazo-de-38-semanas-y-hablo-del-supuesto-canje-que-pidio-para-el-parto\/"},"wordCount":615,"commentCount":0,"publisher":{"@id":"https:\/\/radioclanfm.com\/clanespectaculos\/#organization"},"image":{"@id":"https:\/\/radioclanfm.com\/clanespectaculos\/jimena-baron-mostro-su-embarazo-de-38-semanas-y-hablo-del-supuesto-canje-que-pidio-para-el-parto\/#primaryimage"},"thumbnailUrl":"https:\/\/radioclanfm.com\/clanespectaculos\/wp-content\/uploads\/sites\/2\/2025\/06\/EKOb2cHO.jpg","articleSection":["Espectaculos"],"inLanguage":"es-AR","potentialAction":[{"@type":"CommentAction","name":"Comment","target":["https:\/\/radioclanfm.com\/clanespectaculos\/jimena-baron-mostro-su-embarazo-de-38-semanas-y-hablo-del-supuesto-canje-que-pidio-para-el-parto\/#respond"]}]},{"@type":"WebPage","@id":"https:\/\/radioclanfm.com\/clanespectaculos\/jimena-baron-mostro-su-embarazo-de-38-semanas-y-hablo-del-supuesto-canje-que-pidio-para-el-parto\/","url":"https:\/\/radioclanfm.com\/clanespectaculos\/jimena-baron-mostro-su-embarazo-de-38-semanas-y-hablo-del-supuesto-canje-que-pidio-para-el-parto\/","name":"Jimena Bar\u00f3n mostr\u00f3 su embarazo de 38 semanas y habl\u00f3 del supuesto canje que pidi\u00f3 para el parto - CLAN ESPECTACULOS","isPartOf":{"@id":"https:\/\/radioclanfm.com\/clanespectaculos\/#website"},"primaryImageOfPage":{"@id":"https:\/\/radioclanfm.com\/clanespectaculos\/jimena-baron-mostro-su-embarazo-de-38-semanas-y-hablo-del-supuesto-canje-que-pidio-para-el-parto\/#primaryimage"},"image":{"@id":"https:\/\/radioclanfm.com\/clanespectaculos\/jimena-baron-mostro-su-embarazo-de-38-semanas-y-hablo-del-supuesto-canje-que-pidio-para-el-parto\/#primaryimage"},"thumbnailUrl":"https:\/\/radioclanfm.com\/clanespectaculos\/wp-content\/uploads\/sites\/2\/2025\/06\/EKOb2cHO.jpg","datePublished":"2025-06-10T12:56:29+00:00","breadcrumb":{"@id":"https:\/\/radioclanfm.com\/clanespectaculos\/jimena-baron-mostro-su-embarazo-de-38-semanas-y-hablo-del-supuesto-canje-que-pidio-para-el-parto\/#breadcrumb"},"inLanguage":"es-AR","potentialAction":[{"@type":"ReadAction","target":["https:\/\/radioclanfm.com\/clanespectaculos\/jimena-baron-mostro-su-embarazo-de-38-semanas-y-hablo-del-supuesto-canje-que-pidio-para-el-parto\/"]}]},{"@type":"ImageObject","inLanguage":"es-AR","@id":"https:\/\/radioclanfm.com\/clanespectaculos\/jimena-baron-mostro-su-embarazo-de-38-semanas-y-hablo-del-supuesto-canje-que-pidio-para-el-parto\/#primaryimage","url":"https:\/\/radioclanfm.com\/clanespectaculos\/wp-content\/uploads\/sites\/2\/2025\/06\/EKOb2cHO.jpg","contentUrl":"https:\/\/radioclanfm.com\/clanespectaculos\/wp-content\/uploads\/sites\/2\/2025\/06\/EKOb2cHO.jpg","width":1023,"height":1814},{"@type":"BreadcrumbList","@id":"https:\/\/radioclanfm.com\/clanespectaculos\/jimena-baron-mostro-su-embarazo-de-38-semanas-y-hablo-del-supuesto-canje-que-pidio-para-el-parto\/#breadcrumb","itemListElement":[{"@type":"ListItem","position":1,"name":"Inicio","item":"https:\/\/radioclanfm.com\/clanespectaculos\/"},{"@type":"ListItem","position":2,"name":"Jimena Bar\u00f3n mostr\u00f3 su embarazo de 38 semanas y habl\u00f3 del supuesto canje que pidi\u00f3 para el parto"}]},{"@type":"WebSite","@id":"https:\/\/radioclanfm.com\/clanespectaculos\/#website","url":"https:\/\/radioclanfm.com\/clanespectaculos\/","name":"CLAN ESPECTACULOS","description":"","publisher":{"@id":"https:\/\/radioclanfm.com\/clanespectaculos\/#organization"},"potentialAction":[{"@type":"SearchAction","target":{"@type":"EntryPoint","urlTemplate":"https:\/\/radioclanfm.com\/clanespectaculos\/?s={search_term_string}"},"query-input":{"@type":"PropertyValueSpecification","valueRequired":true,"valueName":"search_term_string"}}],"inLanguage":"es-AR"},{"@type":"Organization","@id":"https:\/\/radioclanfm.com\/clanespectaculos\/#organization","name":"CLAN ESPECTACULOS","url":"https:\/\/radioclanfm.com\/clanespectaculos\/","logo":{"@type":"ImageObject","inLanguage":"es-AR","@id":"https:\/\/radioclanfm.com\/clanespectaculos\/#\/schema\/logo\/image\/","url":"https:\/\/radioclanfm.com\/clanespectaculos\/wp-content\/uploads\/sites\/2\/2026\/04\/ChatGPT-Image-23-mar-2026-10_09_00.png","contentUrl":"https:\/\/radioclanfm.com\/clanespectaculos\/wp-content\/uploads\/sites\/2\/2026\/04\/ChatGPT-Image-23-mar-2026-10_09_00.png","width":1024,"height":1024,"caption":"CLAN ESPECTACULOS"},"image":{"@id":"https:\/\/radioclanfm.com\/clanespectaculos\/#\/schema\/logo\/image\/"},"sameAs":["https:\/\/www.facebook.com\/clanespectaculos\/","https:\/\/x.com\/clanespectok"]},{"@type":"Person","@id":"https:\/\/radioclanfm.com\/clanespectaculos\/#\/schema\/person\/9734813083303230f3ad84d99171b20c","name":"E-GRUPOCLAN","image":{"@type":"ImageObject","inLanguage":"es-AR","@id":"https:\/\/secure.gravatar.com\/avatar\/af6e19837c3d6a212034a48c7b3818d2ac1826f6025df0155da5a186ad321d79?s=96&d=mm&r=g","url":"https:\/\/secure.gravatar.com\/avatar\/af6e19837c3d6a212034a48c7b3818d2ac1826f6025df0155da5a186ad321d79?s=96&d=mm&r=g","contentUrl":"https:\/\/secure.gravatar.com\/avatar\/af6e19837c3d6a212034a48c7b3818d2ac1826f6025df0155da5a186ad321d79?s=96&d=mm&r=g","caption":"E-GRUPOCLAN"},"sameAs":["https:\/\/radioclanfm.com"],"url":"https:\/\/radioclanfm.com\/clanespectaculos\/author\/admin\/"}]}},"_links":{"self":[{"href":"https:\/\/radioclanfm.com\/clanespectaculos\/wp-json\/wp\/v2\/posts\/1581","targetHints":{"allow":["GET"]}}],"collection":[{"href":"https:\/\/radioclanfm.com\/clanespectaculos\/wp-json\/wp\/v2\/posts"}],"about":[{"href":"https:\/\/radioclanfm.com\/clanespectaculos\/wp-json\/wp\/v2\/types\/post"}],"author":[{"embeddable":true,"href":"https:\/\/radioclanfm.com\/clanespectaculos\/wp-json\/wp\/v2\/users\/1"}],"replies":[{"embeddable":true,"href":"https:\/\/radioclanfm.com\/clanespectaculos\/wp-json\/wp\/v2\/comments?post=1581"}],"version-history":[{"count":1,"href":"https:\/\/radioclanfm.com\/clanespectaculos\/wp-json\/wp\/v2\/posts\/1581\/revisions"}],"predecessor-version":[{"id":1585,"href":"https:\/\/radioclanfm.com\/clanespectaculos\/wp-json\/wp\/v2\/posts\/1581\/revisions\/1585"}],"wp:featuredmedia":[{"embeddable":true,"href":"https:\/\/radioclanfm.com\/clanespectaculos\/wp-json\/wp\/v2\/media\/1584"}],"wp:attachment":[{"href":"https:\/\/radioclanfm.com\/clanespectaculos\/wp-json\/wp\/v2\/media?parent=1581"}],"wp:term":[{"taxonomy":"category","embeddable":true,"href":"https:\/\/radioclanfm.com\/clanespectaculos\/wp-json\/wp\/v2\/categories?post=1581"},{"taxonomy":"post_tag","embeddable":true,"href":"https:\/\/radioclanfm.com\/clanespectaculos\/wp-json\/wp\/v2\/tags?post=1581"}],"curies":[{"name":"wp","href":"https:\/\/api.w.org\/{rel}","templated":true}]}}