{"id":15794,"date":"2026-04-25T11:09:38","date_gmt":"2026-04-25T14:09:38","guid":{"rendered":"https:\/\/radioclanfm.com\/clanespectaculos\/?p=15794"},"modified":"2026-04-25T11:09:38","modified_gmt":"2026-04-25T14:09:38","slug":"el-accesorio-de-los-90-para-el-pelo-que-esta-de-vuelta-y-se-usa-con-looks-minimalistas","status":"publish","type":"post","link":"https:\/\/radioclanfm.com\/clanespectaculos\/el-accesorio-de-los-90-para-el-pelo-que-esta-de-vuelta-y-se-usa-con-looks-minimalistas\/","title":{"rendered":"El accesorio de los 90 para el pelo que est\u00e1 de vuelta y se usa con looks minimalistas"},"content":{"rendered":"<p>Un cl\u00e1sico noventoso reaparece con fuerza en pasarelas, redes sociales y street style, ahora adaptado a una est\u00e9tica mucho m\u00e1s limpia y sofisticada.<\/p>\n<div class=\"col-content\"><main class=\"col-content\"><\/p>\n<div class=\"default-article-color article__body article__article\">\n<p class=\"paragraph font__body-regular\">La\u00a0<b>moda<\/b>\u00a0es c\u00edclica, y este verano lo confirma: las\u00a0<b>scrunchies<\/b>, \u00edcono indiscutido de los a\u00f1os 90, est\u00e1n de regreso. Despu\u00e9s de a\u00f1os de permanecer relegadas en cajones y neceseres, las pasarelas internacionales, celebridades y referentes de estilo volvieron a ponerlas en el centro de la escena. Desde marcas de lujo hasta firmas fast fashion, todas las incorporaron en sus colecciones, al anticipar que ser\u00e1 uno de los accesorios m\u00e1s buscados de la temporada.<\/p>\n<div id=\"ad-slot-infeed\" class=\"infeed-container ad-slot-infeed ad-slot\" data-adtype=\"infeed\" data-lazyload=\"1\" data-google-query-id=\"CKGWveWWiZQDFbEIHgAdhRoTYA\">\n<div id=\"google_ads_iframe_\/113951150\/tn-arc\/nota\/infeed_0__container__\"><iframe id=\"google_ads_iframe_\/113951150\/tn-arc\/nota\/infeed_0\" tabindex=\"0\" title=\"Contenido de anuncios de terceros\" name=\"google_ads_iframe_\/113951150\/tn-arc\/nota\/infeed_0\" width=\"1\" height=\"1\" frameborder=\"0\" marginwidth=\"0\" marginheight=\"0\" scrolling=\"no\" aria-label=\"Anuncio\" data-google-container-id=\"9\" data-load-complete=\"true\" data-mce-fragment=\"1\"><\/iframe><\/div>\n<\/div>\n<h2 class=\"font--primary font__display\">C\u00f3mo se reinventan las scrunchies<\/h2>\n<p class=\"paragraph font__body-regular\">Aunque el esp\u00edritu noventoso sigue presente, las scrunchies se adaptaron a las tendencias actuales. Los nuevos dise\u00f1os priorizan\u00a0<b>telas lisas, tonos neutros, acabados satinados<\/b>\u00a0y formatos m\u00e1s pulidos, que les dan un aire m\u00e1s elegante y vers\u00e1til. Adem\u00e1s, hay opciones XL para looks m\u00e1s llamativos y versiones peque\u00f1as para quienes prefieren algo discreto.<\/p>\n<div class=\"story-list\" data-mrf-recirculation=\"IL_RNrGCM52Q_ui4aMax3fibg\" data-testid=\"text-html\" data-mrf-experience=\"IL_RNrGCM52Q_ui4aMax3fibg\">\n<article class=\"card__container card__horizontal\">\n<div class=\"card__body\">\n<header>\n<h3 class=\"card__headline font__display\"><\/h3>\n<\/header>\n<\/div>\n<\/article>\n<\/div>\n<figure class=\"\" data-testid=\"figure-testid\">\n<div class=\"aspect_ratio__container\"><picture class=\"responsive-image\"><source srcset=\"https:\/\/tn.com.ar\/resizer\/v2\/como-se-reinventan-las-scrunchies-foto-adobe-stock-B56RV4G3EJGURON6ZTVAP3O5UI.jpeg?auth=76c4cc420177fe897ec34e28225e0ec6bea2e972ee3684b18d9f48b2efb829e6&amp;width=767\" type=\"image\/jpg\" media=\"(max-width: 728px)\" \/><source srcset=\"https:\/\/tn.com.ar\/resizer\/v2\/como-se-reinventan-las-scrunchies-foto-adobe-stock-B56RV4G3EJGURON6ZTVAP3O5UI.jpeg?auth=76c4cc420177fe897ec34e28225e0ec6bea2e972ee3684b18d9f48b2efb829e6&amp;width=1023\" type=\"image\/jpg\" media=\"(max-width: 1023px)\" \/><source srcset=\"https:\/\/tn.com.ar\/resizer\/v2\/como-se-reinventan-las-scrunchies-foto-adobe-stock-B56RV4G3EJGURON6ZTVAP3O5UI.jpeg?auth=76c4cc420177fe897ec34e28225e0ec6bea2e972ee3684b18d9f48b2efb829e6&amp;width=1440\" type=\"image\/jpg\" \/><img loading=\"lazy\" decoding=\"async\" class=\"image content-image image_placeholder\" src=\"https:\/\/tn.com.ar\/resizer\/v2\/como-se-reinventan-las-scrunchies-foto-adobe-stock-B56RV4G3EJGURON6ZTVAP3O5UI.jpeg?auth=76c4cc420177fe897ec34e28225e0ec6bea2e972ee3684b18d9f48b2efb829e6&amp;width=767\" alt=\"C\u00f3mo se reinventan las scrunchies. (Foto: Adobe Stock)\" width=\"767\" height=\"418\" data-testid=\"loading-testid\" \/><\/picture><\/div><figcaption class=\"caption_image\" data-testid=\"figcaption-testid\">\n<div class=\"image_caption \">C\u00f3mo se reinventan las scrunchies. (Foto: Adobe Stock)<\/div>\n<\/figcaption><\/figure>\n<p class=\"paragraph font__body-regular\">El exceso de estampados, que marc\u00f3 una \u00e9poca, tambi\u00e9n qued\u00f3 atr\u00e1s, aunque esta vez convive con modelos sobrios y minimalistas, al permitir m\u00faltiples combinaciones seg\u00fan el estilo de cada persona.<\/p>\n<h2 class=\"font--primary font__display\">C\u00f3mo combinarlas para un look actual<\/h2>\n<p class=\"paragraph font__body-regular\">Para evitar caer en un estilismo demasiado \u201cretro\u201d, los expertos recomiendan equilibrar la scrunchie con prendas modernas y minimalistas. Las camisas oversized, los tops lisos y los conjuntos monocrom\u00e1ticos son aliados perfectos para lograr un look m\u00e1s sofisticado. En cuanto al peinado, hay opciones para todos los gustos: desde colas bajas pulidas hasta rodetes relajados o semirrecogidos, otra gran tendencia que pisa fuerte este verano.<\/p>\n<p class=\"paragraph font__body-regular\">Los accesorios tambi\u00e9n juegan un rol clave: aros peque\u00f1os, lentes rectangulares y bolsos estructurados logran completar un outfit que mezcla pasado y presente en partes iguales.<\/p>\n<h2 class=\"font--primary font__display\">Influencers y celebrities ya las usan<\/h2>\n<p class=\"paragraph font__body-regular\">Varias personas recocnocidad de las redes sociales mostraron c\u00f3mo lucir las scrunchies en diferentes contextos: desde salidas informales hasta eventos relajados. Instagram y TikTok se llenaron de ideas para combinarlas, al confirmar que el regreso no es casualidad sino parte de un fen\u00f3meno global.<\/p>\n<p class=\"paragraph font__body-regular\">Si ten\u00e9s una scrunchie guardada de los 90, este es el momento de sacarla a relucir. La tendencia promete quedarse y convertirse en el comod\u00edn favorito de los looks de verano.<\/p>\n<\/div>\n<p><\/main><\/div>\n<aside class=\"col-right-rail right-rail\">\n<div id=\"parent-ad-slot-caja\" class=\"ad-container caja_ad \">\n<div class=\"ad-content\"><\/div>\n<\/div>\n<\/aside>\n","protected":false},"excerpt":{"rendered":"<p>Un cl\u00e1sico noventoso reaparece con fuerza en pasarelas, redes sociales y street style, ahora adaptado a una est\u00e9tica mucho m\u00e1s limpia y sofisticada. La\u00a0moda\u00a0es c\u00edclica, y este verano lo confirma: las\u00a0scrunchies, \u00edcono indiscutido de los a\u00f1os 90, est\u00e1n de regreso. Despu\u00e9s de a\u00f1os de permanecer relegadas en cajones y neceseres, las pasarelas internacionales, celebridades y [&hellip;]<\/p>\n","protected":false},"author":1,"featured_media":15795,"comment_status":"open","ping_status":"open","sticky":false,"template":"","format":"standard","meta":{"rop_custom_images_group":[],"rop_custom_messages_group":[],"rop_publish_now":"initial","rop_publish_now_accounts":[],"rop_publish_now_history":[],"rop_publish_now_status":"pending","footnotes":"","jetpack_publicize_message":"","jetpack_publicize_feature_enabled":true,"jetpack_social_post_already_shared":true,"jetpack_social_options":{"image_generator_settings":{"template":"highway","enabled":false},"version":2}},"categories":[16],"tags":[],"class_list":{"0":"post-15794","1":"post","2":"type-post","3":"status-publish","4":"format-standard","5":"has-post-thumbnail","7":"category-tendencias"},"jetpack_publicize_connections":[],"yoast_head":"<!-- This site is optimized with the Yoast SEO plugin v27.3 - https:\/\/yoast.com\/product\/yoast-seo-wordpress\/ -->\n<title>El accesorio de los 90 para el pelo que est\u00e1 de vuelta y se usa con looks minimalistas - CLAN ESPECTACULOS<\/title>\n<meta name=\"robots\" content=\"index, follow, max-snippet:-1, max-image-preview:large, max-video-preview:-1\" \/>\n<link rel=\"canonical\" href=\"https:\/\/radioclanfm.com\/clanespectaculos\/el-accesorio-de-los-90-para-el-pelo-que-esta-de-vuelta-y-se-usa-con-looks-minimalistas\/\" \/>\n<meta property=\"og:locale\" content=\"es_ES\" \/>\n<meta property=\"og:type\" content=\"article\" \/>\n<meta property=\"og:title\" content=\"El accesorio de los 90 para el pelo que est\u00e1 de vuelta y se usa con looks minimalistas - CLAN ESPECTACULOS\" \/>\n<meta property=\"og:description\" content=\"Un cl\u00e1sico noventoso reaparece con fuerza en pasarelas, redes sociales y street style, ahora adaptado a una est\u00e9tica mucho m\u00e1s limpia y sofisticada. La\u00a0moda\u00a0es c\u00edclica, y este verano lo confirma: las\u00a0scrunchies, \u00edcono indiscutido de los a\u00f1os 90, est\u00e1n de regreso. Despu\u00e9s de a\u00f1os de permanecer relegadas en cajones y neceseres, las pasarelas internacionales, celebridades y [&hellip;]\" \/>\n<meta property=\"og:url\" content=\"https:\/\/radioclanfm.com\/clanespectaculos\/el-accesorio-de-los-90-para-el-pelo-que-esta-de-vuelta-y-se-usa-con-looks-minimalistas\/\" \/>\n<meta property=\"og:site_name\" content=\"CLAN ESPECTACULOS\" \/>\n<meta property=\"article:publisher\" content=\"https:\/\/www.facebook.com\/clanespectaculos\/\" \/>\n<meta property=\"article:published_time\" content=\"2026-04-25T14:09:38+00:00\" \/>\n<meta property=\"og:image\" content=\"https:\/\/radioclanfm.com\/clanespectaculos\/wp-content\/uploads\/sites\/2\/2026\/04\/AQ98yn1f.jpg\" \/>\n\t<meta property=\"og:image:width\" content=\"900\" \/>\n\t<meta property=\"og:image:height\" content=\"505\" \/>\n\t<meta property=\"og:image:type\" content=\"image\/jpeg\" \/>\n<meta name=\"author\" content=\"E-GRUPOCLAN\" \/>\n<meta name=\"twitter:card\" content=\"summary_large_image\" \/>\n<meta name=\"twitter:creator\" content=\"@clanespectok\" \/>\n<meta name=\"twitter:site\" content=\"@clanespectok\" \/>\n<meta name=\"twitter:label1\" content=\"Escrito por\" \/>\n\t<meta name=\"twitter:data1\" content=\"E-GRUPOCLAN\" \/>\n\t<meta name=\"twitter:label2\" content=\"Tiempo de lectura\" \/>\n\t<meta name=\"twitter:data2\" content=\"3 minutos\" \/>\n<script type=\"application\/ld+json\" class=\"yoast-schema-graph\">{\"@context\":\"https:\\\/\\\/schema.org\",\"@graph\":[{\"@type\":\"Article\",\"@id\":\"https:\\\/\\\/radioclanfm.com\\\/clanespectaculos\\\/el-accesorio-de-los-90-para-el-pelo-que-esta-de-vuelta-y-se-usa-con-looks-minimalistas\\\/#article\",\"isPartOf\":{\"@id\":\"https:\\\/\\\/radioclanfm.com\\\/clanespectaculos\\\/el-accesorio-de-los-90-para-el-pelo-que-esta-de-vuelta-y-se-usa-con-looks-minimalistas\\\/\"},\"author\":{\"name\":\"E-GRUPOCLAN\",\"@id\":\"https:\\\/\\\/radioclanfm.com\\\/clanespectaculos\\\/#\\\/schema\\\/person\\\/9734813083303230f3ad84d99171b20c\"},\"headline\":\"El accesorio de los 90 para el pelo que est\u00e1 de vuelta y se usa con looks minimalistas\",\"datePublished\":\"2026-04-25T14:09:38+00:00\",\"mainEntityOfPage\":{\"@id\":\"https:\\\/\\\/radioclanfm.com\\\/clanespectaculos\\\/el-accesorio-de-los-90-para-el-pelo-que-esta-de-vuelta-y-se-usa-con-looks-minimalistas\\\/\"},\"wordCount\":418,\"commentCount\":0,\"publisher\":{\"@id\":\"https:\\\/\\\/radioclanfm.com\\\/clanespectaculos\\\/#organization\"},\"image\":{\"@id\":\"https:\\\/\\\/radioclanfm.com\\\/clanespectaculos\\\/el-accesorio-de-los-90-para-el-pelo-que-esta-de-vuelta-y-se-usa-con-looks-minimalistas\\\/#primaryimage\"},\"thumbnailUrl\":\"https:\\\/\\\/radioclanfm.com\\\/clanespectaculos\\\/wp-content\\\/uploads\\\/sites\\\/2\\\/2026\\\/04\\\/AQ98yn1f.jpg\",\"articleSection\":[\"TENDENCIAS\"],\"inLanguage\":\"es-AR\",\"potentialAction\":[{\"@type\":\"CommentAction\",\"name\":\"Comment\",\"target\":[\"https:\\\/\\\/radioclanfm.com\\\/clanespectaculos\\\/el-accesorio-de-los-90-para-el-pelo-que-esta-de-vuelta-y-se-usa-con-looks-minimalistas\\\/#respond\"]}]},{\"@type\":\"WebPage\",\"@id\":\"https:\\\/\\\/radioclanfm.com\\\/clanespectaculos\\\/el-accesorio-de-los-90-para-el-pelo-que-esta-de-vuelta-y-se-usa-con-looks-minimalistas\\\/\",\"url\":\"https:\\\/\\\/radioclanfm.com\\\/clanespectaculos\\\/el-accesorio-de-los-90-para-el-pelo-que-esta-de-vuelta-y-se-usa-con-looks-minimalistas\\\/\",\"name\":\"El accesorio de los 90 para el pelo que est\u00e1 de vuelta y se usa con looks minimalistas - CLAN ESPECTACULOS\",\"isPartOf\":{\"@id\":\"https:\\\/\\\/radioclanfm.com\\\/clanespectaculos\\\/#website\"},\"primaryImageOfPage\":{\"@id\":\"https:\\\/\\\/radioclanfm.com\\\/clanespectaculos\\\/el-accesorio-de-los-90-para-el-pelo-que-esta-de-vuelta-y-se-usa-con-looks-minimalistas\\\/#primaryimage\"},\"image\":{\"@id\":\"https:\\\/\\\/radioclanfm.com\\\/clanespectaculos\\\/el-accesorio-de-los-90-para-el-pelo-que-esta-de-vuelta-y-se-usa-con-looks-minimalistas\\\/#primaryimage\"},\"thumbnailUrl\":\"https:\\\/\\\/radioclanfm.com\\\/clanespectaculos\\\/wp-content\\\/uploads\\\/sites\\\/2\\\/2026\\\/04\\\/AQ98yn1f.jpg\",\"datePublished\":\"2026-04-25T14:09:38+00:00\",\"breadcrumb\":{\"@id\":\"https:\\\/\\\/radioclanfm.com\\\/clanespectaculos\\\/el-accesorio-de-los-90-para-el-pelo-que-esta-de-vuelta-y-se-usa-con-looks-minimalistas\\\/#breadcrumb\"},\"inLanguage\":\"es-AR\",\"potentialAction\":[{\"@type\":\"ReadAction\",\"target\":[\"https:\\\/\\\/radioclanfm.com\\\/clanespectaculos\\\/el-accesorio-de-los-90-para-el-pelo-que-esta-de-vuelta-y-se-usa-con-looks-minimalistas\\\/\"]}]},{\"@type\":\"ImageObject\",\"inLanguage\":\"es-AR\",\"@id\":\"https:\\\/\\\/radioclanfm.com\\\/clanespectaculos\\\/el-accesorio-de-los-90-para-el-pelo-que-esta-de-vuelta-y-se-usa-con-looks-minimalistas\\\/#primaryimage\",\"url\":\"https:\\\/\\\/radioclanfm.com\\\/clanespectaculos\\\/wp-content\\\/uploads\\\/sites\\\/2\\\/2026\\\/04\\\/AQ98yn1f.jpg\",\"contentUrl\":\"https:\\\/\\\/radioclanfm.com\\\/clanespectaculos\\\/wp-content\\\/uploads\\\/sites\\\/2\\\/2026\\\/04\\\/AQ98yn1f.jpg\",\"width\":900,\"height\":505},{\"@type\":\"BreadcrumbList\",\"@id\":\"https:\\\/\\\/radioclanfm.com\\\/clanespectaculos\\\/el-accesorio-de-los-90-para-el-pelo-que-esta-de-vuelta-y-se-usa-con-looks-minimalistas\\\/#breadcrumb\",\"itemListElement\":[{\"@type\":\"ListItem\",\"position\":1,\"name\":\"Inicio\",\"item\":\"https:\\\/\\\/radioclanfm.com\\\/clanespectaculos\\\/\"},{\"@type\":\"ListItem\",\"position\":2,\"name\":\"El accesorio de los 90 para el pelo que est\u00e1 de vuelta y se usa con looks minimalistas\"}]},{\"@type\":\"WebSite\",\"@id\":\"https:\\\/\\\/radioclanfm.com\\\/clanespectaculos\\\/#website\",\"url\":\"https:\\\/\\\/radioclanfm.com\\\/clanespectaculos\\\/\",\"name\":\"CLAN ESPECTACULOS\",\"description\":\"\",\"publisher\":{\"@id\":\"https:\\\/\\\/radioclanfm.com\\\/clanespectaculos\\\/#organization\"},\"potentialAction\":[{\"@type\":\"SearchAction\",\"target\":{\"@type\":\"EntryPoint\",\"urlTemplate\":\"https:\\\/\\\/radioclanfm.com\\\/clanespectaculos\\\/?s={search_term_string}\"},\"query-input\":{\"@type\":\"PropertyValueSpecification\",\"valueRequired\":true,\"valueName\":\"search_term_string\"}}],\"inLanguage\":\"es-AR\"},{\"@type\":\"Organization\",\"@id\":\"https:\\\/\\\/radioclanfm.com\\\/clanespectaculos\\\/#organization\",\"name\":\"CLAN ESPECTACULOS\",\"url\":\"https:\\\/\\\/radioclanfm.com\\\/clanespectaculos\\\/\",\"logo\":{\"@type\":\"ImageObject\",\"inLanguage\":\"es-AR\",\"@id\":\"https:\\\/\\\/radioclanfm.com\\\/clanespectaculos\\\/#\\\/schema\\\/logo\\\/image\\\/\",\"url\":\"https:\\\/\\\/radioclanfm.com\\\/clanespectaculos\\\/wp-content\\\/uploads\\\/sites\\\/2\\\/2026\\\/04\\\/ChatGPT-Image-23-mar-2026-10_09_00.png\",\"contentUrl\":\"https:\\\/\\\/radioclanfm.com\\\/clanespectaculos\\\/wp-content\\\/uploads\\\/sites\\\/2\\\/2026\\\/04\\\/ChatGPT-Image-23-mar-2026-10_09_00.png\",\"width\":1024,\"height\":1024,\"caption\":\"CLAN ESPECTACULOS\"},\"image\":{\"@id\":\"https:\\\/\\\/radioclanfm.com\\\/clanespectaculos\\\/#\\\/schema\\\/logo\\\/image\\\/\"},\"sameAs\":[\"https:\\\/\\\/www.facebook.com\\\/clanespectaculos\\\/\",\"https:\\\/\\\/x.com\\\/clanespectok\"]},{\"@type\":\"Person\",\"@id\":\"https:\\\/\\\/radioclanfm.com\\\/clanespectaculos\\\/#\\\/schema\\\/person\\\/9734813083303230f3ad84d99171b20c\",\"name\":\"E-GRUPOCLAN\",\"image\":{\"@type\":\"ImageObject\",\"inLanguage\":\"es-AR\",\"@id\":\"https:\\\/\\\/secure.gravatar.com\\\/avatar\\\/af6e19837c3d6a212034a48c7b3818d2ac1826f6025df0155da5a186ad321d79?s=96&d=mm&r=g\",\"url\":\"https:\\\/\\\/secure.gravatar.com\\\/avatar\\\/af6e19837c3d6a212034a48c7b3818d2ac1826f6025df0155da5a186ad321d79?s=96&d=mm&r=g\",\"contentUrl\":\"https:\\\/\\\/secure.gravatar.com\\\/avatar\\\/af6e19837c3d6a212034a48c7b3818d2ac1826f6025df0155da5a186ad321d79?s=96&d=mm&r=g\",\"caption\":\"E-GRUPOCLAN\"},\"sameAs\":[\"https:\\\/\\\/radioclanfm.com\"],\"url\":\"https:\\\/\\\/radioclanfm.com\\\/clanespectaculos\\\/author\\\/admin\\\/\"}]}<\/script>\n<!-- \/ Yoast SEO plugin. -->","yoast_head_json":{"title":"El accesorio de los 90 para el pelo que est\u00e1 de vuelta y se usa con looks minimalistas - CLAN ESPECTACULOS","robots":{"index":"index","follow":"follow","max-snippet":"max-snippet:-1","max-image-preview":"max-image-preview:large","max-video-preview":"max-video-preview:-1"},"canonical":"https:\/\/radioclanfm.com\/clanespectaculos\/el-accesorio-de-los-90-para-el-pelo-que-esta-de-vuelta-y-se-usa-con-looks-minimalistas\/","og_locale":"es_ES","og_type":"article","og_title":"El accesorio de los 90 para el pelo que est\u00e1 de vuelta y se usa con looks minimalistas - CLAN ESPECTACULOS","og_description":"Un cl\u00e1sico noventoso reaparece con fuerza en pasarelas, redes sociales y street style, ahora adaptado a una est\u00e9tica mucho m\u00e1s limpia y sofisticada. La\u00a0moda\u00a0es c\u00edclica, y este verano lo confirma: las\u00a0scrunchies, \u00edcono indiscutido de los a\u00f1os 90, est\u00e1n de regreso. Despu\u00e9s de a\u00f1os de permanecer relegadas en cajones y neceseres, las pasarelas internacionales, celebridades y [&hellip;]","og_url":"https:\/\/radioclanfm.com\/clanespectaculos\/el-accesorio-de-los-90-para-el-pelo-que-esta-de-vuelta-y-se-usa-con-looks-minimalistas\/","og_site_name":"CLAN ESPECTACULOS","article_publisher":"https:\/\/www.facebook.com\/clanespectaculos\/","article_published_time":"2026-04-25T14:09:38+00:00","og_image":[{"width":900,"height":505,"url":"https:\/\/radioclanfm.com\/clanespectaculos\/wp-content\/uploads\/sites\/2\/2026\/04\/AQ98yn1f.jpg","type":"image\/jpeg"}],"author":"E-GRUPOCLAN","twitter_card":"summary_large_image","twitter_creator":"@clanespectok","twitter_site":"@clanespectok","twitter_misc":{"Escrito por":"E-GRUPOCLAN","Tiempo de lectura":"3 minutos"},"schema":{"@context":"https:\/\/schema.org","@graph":[{"@type":"Article","@id":"https:\/\/radioclanfm.com\/clanespectaculos\/el-accesorio-de-los-90-para-el-pelo-que-esta-de-vuelta-y-se-usa-con-looks-minimalistas\/#article","isPartOf":{"@id":"https:\/\/radioclanfm.com\/clanespectaculos\/el-accesorio-de-los-90-para-el-pelo-que-esta-de-vuelta-y-se-usa-con-looks-minimalistas\/"},"author":{"name":"E-GRUPOCLAN","@id":"https:\/\/radioclanfm.com\/clanespectaculos\/#\/schema\/person\/9734813083303230f3ad84d99171b20c"},"headline":"El accesorio de los 90 para el pelo que est\u00e1 de vuelta y se usa con looks minimalistas","datePublished":"2026-04-25T14:09:38+00:00","mainEntityOfPage":{"@id":"https:\/\/radioclanfm.com\/clanespectaculos\/el-accesorio-de-los-90-para-el-pelo-que-esta-de-vuelta-y-se-usa-con-looks-minimalistas\/"},"wordCount":418,"commentCount":0,"publisher":{"@id":"https:\/\/radioclanfm.com\/clanespectaculos\/#organization"},"image":{"@id":"https:\/\/radioclanfm.com\/clanespectaculos\/el-accesorio-de-los-90-para-el-pelo-que-esta-de-vuelta-y-se-usa-con-looks-minimalistas\/#primaryimage"},"thumbnailUrl":"https:\/\/radioclanfm.com\/clanespectaculos\/wp-content\/uploads\/sites\/2\/2026\/04\/AQ98yn1f.jpg","articleSection":["TENDENCIAS"],"inLanguage":"es-AR","potentialAction":[{"@type":"CommentAction","name":"Comment","target":["https:\/\/radioclanfm.com\/clanespectaculos\/el-accesorio-de-los-90-para-el-pelo-que-esta-de-vuelta-y-se-usa-con-looks-minimalistas\/#respond"]}]},{"@type":"WebPage","@id":"https:\/\/radioclanfm.com\/clanespectaculos\/el-accesorio-de-los-90-para-el-pelo-que-esta-de-vuelta-y-se-usa-con-looks-minimalistas\/","url":"https:\/\/radioclanfm.com\/clanespectaculos\/el-accesorio-de-los-90-para-el-pelo-que-esta-de-vuelta-y-se-usa-con-looks-minimalistas\/","name":"El accesorio de los 90 para el pelo que est\u00e1 de vuelta y se usa con looks minimalistas - CLAN ESPECTACULOS","isPartOf":{"@id":"https:\/\/radioclanfm.com\/clanespectaculos\/#website"},"primaryImageOfPage":{"@id":"https:\/\/radioclanfm.com\/clanespectaculos\/el-accesorio-de-los-90-para-el-pelo-que-esta-de-vuelta-y-se-usa-con-looks-minimalistas\/#primaryimage"},"image":{"@id":"https:\/\/radioclanfm.com\/clanespectaculos\/el-accesorio-de-los-90-para-el-pelo-que-esta-de-vuelta-y-se-usa-con-looks-minimalistas\/#primaryimage"},"thumbnailUrl":"https:\/\/radioclanfm.com\/clanespectaculos\/wp-content\/uploads\/sites\/2\/2026\/04\/AQ98yn1f.jpg","datePublished":"2026-04-25T14:09:38+00:00","breadcrumb":{"@id":"https:\/\/radioclanfm.com\/clanespectaculos\/el-accesorio-de-los-90-para-el-pelo-que-esta-de-vuelta-y-se-usa-con-looks-minimalistas\/#breadcrumb"},"inLanguage":"es-AR","potentialAction":[{"@type":"ReadAction","target":["https:\/\/radioclanfm.com\/clanespectaculos\/el-accesorio-de-los-90-para-el-pelo-que-esta-de-vuelta-y-se-usa-con-looks-minimalistas\/"]}]},{"@type":"ImageObject","inLanguage":"es-AR","@id":"https:\/\/radioclanfm.com\/clanespectaculos\/el-accesorio-de-los-90-para-el-pelo-que-esta-de-vuelta-y-se-usa-con-looks-minimalistas\/#primaryimage","url":"https:\/\/radioclanfm.com\/clanespectaculos\/wp-content\/uploads\/sites\/2\/2026\/04\/AQ98yn1f.jpg","contentUrl":"https:\/\/radioclanfm.com\/clanespectaculos\/wp-content\/uploads\/sites\/2\/2026\/04\/AQ98yn1f.jpg","width":900,"height":505},{"@type":"BreadcrumbList","@id":"https:\/\/radioclanfm.com\/clanespectaculos\/el-accesorio-de-los-90-para-el-pelo-que-esta-de-vuelta-y-se-usa-con-looks-minimalistas\/#breadcrumb","itemListElement":[{"@type":"ListItem","position":1,"name":"Inicio","item":"https:\/\/radioclanfm.com\/clanespectaculos\/"},{"@type":"ListItem","position":2,"name":"El accesorio de los 90 para el pelo que est\u00e1 de vuelta y se usa con looks minimalistas"}]},{"@type":"WebSite","@id":"https:\/\/radioclanfm.com\/clanespectaculos\/#website","url":"https:\/\/radioclanfm.com\/clanespectaculos\/","name":"CLAN ESPECTACULOS","description":"","publisher":{"@id":"https:\/\/radioclanfm.com\/clanespectaculos\/#organization"},"potentialAction":[{"@type":"SearchAction","target":{"@type":"EntryPoint","urlTemplate":"https:\/\/radioclanfm.com\/clanespectaculos\/?s={search_term_string}"},"query-input":{"@type":"PropertyValueSpecification","valueRequired":true,"valueName":"search_term_string"}}],"inLanguage":"es-AR"},{"@type":"Organization","@id":"https:\/\/radioclanfm.com\/clanespectaculos\/#organization","name":"CLAN ESPECTACULOS","url":"https:\/\/radioclanfm.com\/clanespectaculos\/","logo":{"@type":"ImageObject","inLanguage":"es-AR","@id":"https:\/\/radioclanfm.com\/clanespectaculos\/#\/schema\/logo\/image\/","url":"https:\/\/radioclanfm.com\/clanespectaculos\/wp-content\/uploads\/sites\/2\/2026\/04\/ChatGPT-Image-23-mar-2026-10_09_00.png","contentUrl":"https:\/\/radioclanfm.com\/clanespectaculos\/wp-content\/uploads\/sites\/2\/2026\/04\/ChatGPT-Image-23-mar-2026-10_09_00.png","width":1024,"height":1024,"caption":"CLAN ESPECTACULOS"},"image":{"@id":"https:\/\/radioclanfm.com\/clanespectaculos\/#\/schema\/logo\/image\/"},"sameAs":["https:\/\/www.facebook.com\/clanespectaculos\/","https:\/\/x.com\/clanespectok"]},{"@type":"Person","@id":"https:\/\/radioclanfm.com\/clanespectaculos\/#\/schema\/person\/9734813083303230f3ad84d99171b20c","name":"E-GRUPOCLAN","image":{"@type":"ImageObject","inLanguage":"es-AR","@id":"https:\/\/secure.gravatar.com\/avatar\/af6e19837c3d6a212034a48c7b3818d2ac1826f6025df0155da5a186ad321d79?s=96&d=mm&r=g","url":"https:\/\/secure.gravatar.com\/avatar\/af6e19837c3d6a212034a48c7b3818d2ac1826f6025df0155da5a186ad321d79?s=96&d=mm&r=g","contentUrl":"https:\/\/secure.gravatar.com\/avatar\/af6e19837c3d6a212034a48c7b3818d2ac1826f6025df0155da5a186ad321d79?s=96&d=mm&r=g","caption":"E-GRUPOCLAN"},"sameAs":["https:\/\/radioclanfm.com"],"url":"https:\/\/radioclanfm.com\/clanespectaculos\/author\/admin\/"}]}},"_links":{"self":[{"href":"https:\/\/radioclanfm.com\/clanespectaculos\/wp-json\/wp\/v2\/posts\/15794","targetHints":{"allow":["GET"]}}],"collection":[{"href":"https:\/\/radioclanfm.com\/clanespectaculos\/wp-json\/wp\/v2\/posts"}],"about":[{"href":"https:\/\/radioclanfm.com\/clanespectaculos\/wp-json\/wp\/v2\/types\/post"}],"author":[{"embeddable":true,"href":"https:\/\/radioclanfm.com\/clanespectaculos\/wp-json\/wp\/v2\/users\/1"}],"replies":[{"embeddable":true,"href":"https:\/\/radioclanfm.com\/clanespectaculos\/wp-json\/wp\/v2\/comments?post=15794"}],"version-history":[{"count":1,"href":"https:\/\/radioclanfm.com\/clanespectaculos\/wp-json\/wp\/v2\/posts\/15794\/revisions"}],"predecessor-version":[{"id":15796,"href":"https:\/\/radioclanfm.com\/clanespectaculos\/wp-json\/wp\/v2\/posts\/15794\/revisions\/15796"}],"wp:featuredmedia":[{"embeddable":true,"href":"https:\/\/radioclanfm.com\/clanespectaculos\/wp-json\/wp\/v2\/media\/15795"}],"wp:attachment":[{"href":"https:\/\/radioclanfm.com\/clanespectaculos\/wp-json\/wp\/v2\/media?parent=15794"}],"wp:term":[{"taxonomy":"category","embeddable":true,"href":"https:\/\/radioclanfm.com\/clanespectaculos\/wp-json\/wp\/v2\/categories?post=15794"},{"taxonomy":"post_tag","embeddable":true,"href":"https:\/\/radioclanfm.com\/clanespectaculos\/wp-json\/wp\/v2\/tags?post=15794"}],"curies":[{"name":"wp","href":"https:\/\/api.w.org\/{rel}","templated":true}]}}