{"id":15791,"date":"2026-04-25T11:07:39","date_gmt":"2026-04-25T14:07:39","guid":{"rendered":"https:\/\/radioclanfm.com\/clanespectaculos\/?p=15791"},"modified":"2026-04-25T11:07:39","modified_gmt":"2026-04-25T14:07:39","slug":"sol-perez-en-modo-nocturno-encaje-transparencias-lunares-y-lenceria-a-la-vista","status":"publish","type":"post","link":"https:\/\/radioclanfm.com\/clanespectaculos\/sol-perez-en-modo-nocturno-encaje-transparencias-lunares-y-lenceria-a-la-vista\/","title":{"rendered":"Sol P\u00e9rez en modo nocturno: encaje, transparencias, lunares y lencer\u00eda a la vista"},"content":{"rendered":"<p>La panelista pas\u00f3 del aire retro a una apuesta pop con remera-vestido estampada.<\/p>\n<p class=\"paragraph font__body-regular\"><b>Sol P\u00e9rez\u00a0<\/b><b>volvi\u00f3 a captar la atenci\u00f3n con looks que combinaron audacia, sensualidad\u00a0<\/b>y un claro dominio de las tendencias actuales.<\/p>\n<div id=\"ad-slot-infeed\" class=\"infeed-container ad-slot-infeed ad-slot\" data-adtype=\"infeed\" data-lazyload=\"1\" data-google-query-id=\"CPS1waeWiZQDFZJeuAQdACcqDw\">\n<div id=\"google_ads_iframe_\/113951150\/tn-arc\/nota\/infeed_0__container__\"><\/div>\n<\/div>\n<p class=\"paragraph font__body-regular\">En un set con impronta nocturna y gui\u00f1os esc\u00e9nicos,<b>\u00a0la conductora apost\u00f3 por estilismos que resaltaron su figura y reforzaron su identidad fashionista<\/b>.<\/p>\n<div class=\"story-list\" data-mrf-recirculation=\"IL_RNrGCM52Q_ui4aMax3fibg\" data-testid=\"text-html\" data-mrf-experience=\"IL_RNrGCM52Q_ui4aMax3fibg\">\n<article class=\"card__container card__horizontal\">\n<div class=\"card__body\">\n<header>\n<h3 class=\"card__headline font__display\"><\/h3>\n<\/header>\n<\/div>\n<\/article>\n<\/div>\n<h2 class=\"font--primary font__display\">El look nocturno y sensual de Sol p\u00e9rez<\/h2>\n<p class=\"paragraph font__body-regular\">En el primer outfit, Sol llev\u00f3 un look de<b>\u00a0impronta urbana nocturna<\/b>\u00a0con un\u00a0<b>corpi\u00f1o de car\u00e1cter \u00edntimo negro de encaje<\/b>\u00a0y transparencias, sum\u00f3\u00a0<b>camisa sastrera oversize<\/b>\u00a0blanca abierta y\u00a0<b>calzas brillantes<\/b>\u00a0en negro.<\/p>\n<figure class=\"\" data-testid=\"figure-testid\">\n<div class=\"aspect_ratio__container\"><picture class=\"responsive-image\"><source srcset=\"https:\/\/tn.com.ar\/resizer\/v2\/sol-perez-llevo-un-corpino-transparente-junto-a-camisa-sastrera-captura-de-video-lasobrideperez-7WRDCT4XLFEMTKQ75WZRDWZYNA.jfif?auth=46dc4f3b0521e56c18a1564d4966a8e06ae638681eb61867ecf7a6562472ca4d&amp;width=767\" type=\"image\/jpg\" media=\"(max-width: 728px)\" \/><source srcset=\"https:\/\/tn.com.ar\/resizer\/v2\/sol-perez-llevo-un-corpino-transparente-junto-a-camisa-sastrera-captura-de-video-lasobrideperez-7WRDCT4XLFEMTKQ75WZRDWZYNA.jfif?auth=46dc4f3b0521e56c18a1564d4966a8e06ae638681eb61867ecf7a6562472ca4d&amp;width=1023\" type=\"image\/jpg\" media=\"(max-width: 1023px)\" \/><source srcset=\"https:\/\/tn.com.ar\/resizer\/v2\/sol-perez-llevo-un-corpino-transparente-junto-a-camisa-sastrera-captura-de-video-lasobrideperez-7WRDCT4XLFEMTKQ75WZRDWZYNA.jfif?auth=46dc4f3b0521e56c18a1564d4966a8e06ae638681eb61867ecf7a6562472ca4d&amp;width=1440\" type=\"image\/jpg\" \/><img loading=\"lazy\" decoding=\"async\" class=\"image content-image image_placeholder\" src=\"https:\/\/tn.com.ar\/resizer\/v2\/sol-perez-llevo-un-corpino-transparente-junto-a-camisa-sastrera-captura-de-video-lasobrideperez-7WRDCT4XLFEMTKQ75WZRDWZYNA.jfif?auth=46dc4f3b0521e56c18a1564d4966a8e06ae638681eb61867ecf7a6562472ca4d&amp;width=767\" alt=\"Sol p\u00e9rez llev\u00f3 un corpi\u00f1o transparente junto a camisa sastrera (captura de video: @lasobrideperez)\" width=\"767\" height=\"1404\" data-testid=\"loading-testid\" \/><\/picture><\/div><figcaption class=\"caption_image\" data-testid=\"figcaption-testid\">\n<div class=\"image_caption \">Sol p\u00e9rez llev\u00f3 un corpi\u00f1o transparente junto a camisa sastrera (captura de video: @lasobrideperez)<\/div>\n<\/figcaption><\/figure>\n<p class=\"paragraph font__body-regular\"><b>El estilismo jug\u00f3 con el contraste entre lo estructurado y lo sensual<\/b>: accesoriz\u00f3 con una<b>\u00a0boina siciliana\u00a0<\/b>moderna de cuero engomado y<b>\u00a0guantes transl\u00facidos<\/b>\u00a0que aportaron dramatismo.<\/p>\n<figure class=\"\" data-testid=\"figure-testid\">\n<div class=\"aspect_ratio__container\"><picture class=\"responsive-image\"><source srcset=\"https:\/\/tn.com.ar\/resizer\/v2\/sol-perez-llevo-un-corpino-transparente-junto-a-camisa-sastrera-captura-de-video-lasobrideperez-ECZEO27SKVBPBFQVOKBMBCKALU.jfif?auth=480a2f38e19a62bd7afdbd1253b30025bd947fff80e67dc41b67ff42fe45e7ed&amp;width=767\" type=\"image\/jpg\" media=\"(max-width: 728px)\" \/><source srcset=\"https:\/\/tn.com.ar\/resizer\/v2\/sol-perez-llevo-un-corpino-transparente-junto-a-camisa-sastrera-captura-de-video-lasobrideperez-ECZEO27SKVBPBFQVOKBMBCKALU.jfif?auth=480a2f38e19a62bd7afdbd1253b30025bd947fff80e67dc41b67ff42fe45e7ed&amp;width=1023\" type=\"image\/jpg\" media=\"(max-width: 1023px)\" \/><source srcset=\"https:\/\/tn.com.ar\/resizer\/v2\/sol-perez-llevo-un-corpino-transparente-junto-a-camisa-sastrera-captura-de-video-lasobrideperez-ECZEO27SKVBPBFQVOKBMBCKALU.jfif?auth=480a2f38e19a62bd7afdbd1253b30025bd947fff80e67dc41b67ff42fe45e7ed&amp;width=1440\" type=\"image\/jpg\" \/><img loading=\"lazy\" decoding=\"async\" class=\"image content-image image_placeholder\" src=\"https:\/\/tn.com.ar\/resizer\/v2\/sol-perez-llevo-un-corpino-transparente-junto-a-camisa-sastrera-captura-de-video-lasobrideperez-ECZEO27SKVBPBFQVOKBMBCKALU.jfif?auth=480a2f38e19a62bd7afdbd1253b30025bd947fff80e67dc41b67ff42fe45e7ed&amp;width=767\" alt=\"Sol p\u00e9rez llev\u00f3 un corpi\u00f1o transparente junto a camisa sastrera (captura de video: @lasobrideperez)\" width=\"767\" height=\"1370\" data-testid=\"loading-testid\" \/><\/picture><\/div><figcaption class=\"caption_image\" data-testid=\"figcaption-testid\">\n<div class=\"image_caption \">Sol p\u00e9rez llev\u00f3 un corpi\u00f1o transparente junto a camisa sastrera (captura de video: @lasobrideperez)<\/div>\n<\/figcaption><\/figure>\n<p class=\"paragraph font__body-regular\">En cuanto al beauty look,<b>\u00a0eligi\u00f3 un make up con foco en la mirada<\/b>:\u00a0<b>sombras oscuras<\/b>\u00a0bien difuminadas,<b>\u00a0delineado preciso<\/b>\u00a0y\u00a0<b>pesta\u00f1as voluminosas<\/b>. La piel luci\u00f3 mate y los\u00a0<b>labios en tono nude<\/b>.\u00a0<b>El pelo negro se present\u00f3 en un corte midi\u00a0<\/b>con ondas suaves y flequillo, lo que enmarc\u00f3 el rostro con elegancia.<\/p>\n<h2 class=\"font--primary font__display\">Sol p\u00e9rez en polka dots<\/h2>\n<p class=\"paragraph font__body-regular\"><b>En el segundo look, apost\u00f3 por un dos piezas casual\u00a0<\/b>de\u00a0<b>top strapless y short tiro alto<\/b>\u00a0negro a lunares blancos. El dise\u00f1o\u00a0<b>evoc\u00f3 un aire retro con una silueta moderna\u00a0<\/b>que destac\u00f3 su figura.<\/p>\n<figure class=\"\" data-testid=\"figure-testid\">\n<div class=\"aspect_ratio__container\"><picture class=\"responsive-image\"><source srcset=\"https:\/\/tn.com.ar\/resizer\/v2\/sol-perez-lucio-un-look-trendy-de-polka-dots-foto-camiloduranm-KNFTTREIY5EURANXV6QFNBFKHI.jpg?auth=d4f04a40e378af87205fe009037ca637aba8e08c8fdf0bfb8a873aa9b9f3986c&amp;width=767\" type=\"image\/jpg\" media=\"(max-width: 728px)\" \/><source srcset=\"https:\/\/tn.com.ar\/resizer\/v2\/sol-perez-lucio-un-look-trendy-de-polka-dots-foto-camiloduranm-KNFTTREIY5EURANXV6QFNBFKHI.jpg?auth=d4f04a40e378af87205fe009037ca637aba8e08c8fdf0bfb8a873aa9b9f3986c&amp;width=1023\" type=\"image\/jpg\" media=\"(max-width: 1023px)\" \/><source srcset=\"https:\/\/tn.com.ar\/resizer\/v2\/sol-perez-lucio-un-look-trendy-de-polka-dots-foto-camiloduranm-KNFTTREIY5EURANXV6QFNBFKHI.jpg?auth=d4f04a40e378af87205fe009037ca637aba8e08c8fdf0bfb8a873aa9b9f3986c&amp;width=1440\" type=\"image\/jpg\" \/><img loading=\"lazy\" decoding=\"async\" class=\"image content-image image_placeholder\" src=\"https:\/\/tn.com.ar\/resizer\/v2\/sol-perez-lucio-un-look-trendy-de-polka-dots-foto-camiloduranm-KNFTTREIY5EURANXV6QFNBFKHI.jpg?auth=d4f04a40e378af87205fe009037ca637aba8e08c8fdf0bfb8a873aa9b9f3986c&amp;width=767\" alt=\"Sol p\u00e9rez luci\u00f3 un look trendy de polka dots Foto: @camilo_duranm\" width=\"767\" height=\"1023\" data-testid=\"loading-testid\" \/><\/picture><\/div><figcaption class=\"caption_image\" data-testid=\"figcaption-testid\">\n<div class=\"image_caption \">Sol p\u00e9rez luci\u00f3 un look trendy de polka dots Foto: @camilo_duranm<\/div>\n<\/figcaption><\/figure>\n<p class=\"paragraph font__body-regular\"><b>Equilibro su look urbano con zapatos negros de taco alto<\/b>\u00a0descubiertos con tira fina, que aportaron elegancia al conjunto.<\/p>\n<figure class=\"\" data-testid=\"figure-testid\">\n<div class=\"aspect_ratio__container\"><picture class=\"responsive-image\"><source srcset=\"https:\/\/tn.com.ar\/resizer\/v2\/sol-perez-lucio-un-look-trendy-de-polka-dots-foto-camiloduranm-URIDNNKTLZCURMMP4OJQXLRW6I.jpg?auth=d0db3a2f9c2bdf8c9da16cb84378bea017d6b562547c6eac60e0099bdad1529a&amp;width=767\" type=\"image\/jpg\" media=\"(max-width: 728px)\" \/><source srcset=\"https:\/\/tn.com.ar\/resizer\/v2\/sol-perez-lucio-un-look-trendy-de-polka-dots-foto-camiloduranm-URIDNNKTLZCURMMP4OJQXLRW6I.jpg?auth=d0db3a2f9c2bdf8c9da16cb84378bea017d6b562547c6eac60e0099bdad1529a&amp;width=1023\" type=\"image\/jpg\" media=\"(max-width: 1023px)\" \/><source srcset=\"https:\/\/tn.com.ar\/resizer\/v2\/sol-perez-lucio-un-look-trendy-de-polka-dots-foto-camiloduranm-URIDNNKTLZCURMMP4OJQXLRW6I.jpg?auth=d0db3a2f9c2bdf8c9da16cb84378bea017d6b562547c6eac60e0099bdad1529a&amp;width=1440\" type=\"image\/jpg\" \/><img loading=\"lazy\" decoding=\"async\" class=\"image content-image image_placeholder\" src=\"https:\/\/tn.com.ar\/resizer\/v2\/sol-perez-lucio-un-look-trendy-de-polka-dots-foto-camiloduranm-URIDNNKTLZCURMMP4OJQXLRW6I.jpg?auth=d0db3a2f9c2bdf8c9da16cb84378bea017d6b562547c6eac60e0099bdad1529a&amp;width=767\" alt=\"Sol p\u00e9rez luci\u00f3 un look trendy de polka dots Foto: @camilo_duranm\" width=\"767\" height=\"1023\" data-testid=\"loading-testid\" \/><\/picture><\/div><figcaption class=\"caption_image\" data-testid=\"figcaption-testid\">\n<div class=\"image_caption \">Sol p\u00e9rez luci\u00f3 un look trendy de polka dots Foto: @camilo_duranm<\/div>\n<\/figcaption><\/figure>\n<p class=\"paragraph font__body-regular\"><b>El beauty look, acompa\u00f1\u00f3 la est\u00e9tica con un maquillaje m\u00e1s luminoso<\/b>: base satinada,\u00a0<b>rubor en tonos durazno<\/b>\u00a0y<b>\u00a0labios en rosa suave<\/b>. Los ojos mantuvieron un\u00a0<b>delineado sutil<\/b>\u00a0con m\u00e1scara de pesta\u00f1as.\u00a0<b>El pelo present\u00f3 ondas largas<\/b>\u00a0y pulidas, que aportaron movimiento.<\/p>\n<h2 class=\"font--primary font__display\">El look pop en referencia a \u201cesperando la carroza\u201d<\/h2>\n<p class=\"paragraph font__body-regular\">En este look, la remera de Sol funcion\u00f3 como eje del outfit y\u00a0<b>aport\u00f3 un tono descontracturado con impronta humor\u00edstica<\/b>.<\/p>\n<figure class=\"\" data-testid=\"figure-testid\">\n<div class=\"aspect_ratio__container\"><picture class=\"responsive-image\"><source srcset=\"https:\/\/tn.com.ar\/resizer\/v2\/sol-perez-con-un-look-iconico-en-referencia-a-esperando-la-carroza-foto-lasobrideperez-O4P6I5NICZDWZMHYAFN53S5R6Y.jpeg?auth=055ccdd5f2a3a48a747e706775533dff641b87d1698f4220a47ca038bed1cc6d&amp;width=767\" type=\"image\/jpg\" media=\"(max-width: 728px)\" \/><source srcset=\"https:\/\/tn.com.ar\/resizer\/v2\/sol-perez-con-un-look-iconico-en-referencia-a-esperando-la-carroza-foto-lasobrideperez-O4P6I5NICZDWZMHYAFN53S5R6Y.jpeg?auth=055ccdd5f2a3a48a747e706775533dff641b87d1698f4220a47ca038bed1cc6d&amp;width=1023\" type=\"image\/jpg\" media=\"(max-width: 1023px)\" \/><source srcset=\"https:\/\/tn.com.ar\/resizer\/v2\/sol-perez-con-un-look-iconico-en-referencia-a-esperando-la-carroza-foto-lasobrideperez-O4P6I5NICZDWZMHYAFN53S5R6Y.jpeg?auth=055ccdd5f2a3a48a747e706775533dff641b87d1698f4220a47ca038bed1cc6d&amp;width=1440\" type=\"image\/jpg\" \/><img loading=\"lazy\" decoding=\"async\" class=\"image content-image image_placeholder\" src=\"https:\/\/tn.com.ar\/resizer\/v2\/sol-perez-con-un-look-iconico-en-referencia-a-esperando-la-carroza-foto-lasobrideperez-O4P6I5NICZDWZMHYAFN53S5R6Y.jpeg?auth=055ccdd5f2a3a48a747e706775533dff641b87d1698f4220a47ca038bed1cc6d&amp;width=767\" alt=\"Sol P\u00e9rez con un look ic\u00f3nico en referencia a &quot;esperando la carroza&quot; Foto: @lasobrideperez\" width=\"767\" height=\"1230\" data-testid=\"loading-testid\" \/><\/picture><\/div><figcaption class=\"caption_image\" data-testid=\"figcaption-testid\">\n<div class=\"image_caption \">Sol P\u00e9rez con un look ic\u00f3nico en referencia a &#8220;esperando la carroza&#8221; Foto: @lasobrideperez<\/div>\n<\/figcaption><\/figure>\n<p class=\"paragraph font__body-regular\"><b>Eligi\u00f3 una remera blanca amplia\u00a0<\/b>con estampa de China Zorrilla y la frase de\u00a0<i>Esperando la Carroza<\/i>:\u00a0<b>\u201cYo hago ravioles, ella hace ravioles\u2026\u201d<\/b>. La us\u00f3 como vestido, con t<b>erminaci\u00f3n en encaje negro<\/b>\u00a0que aport\u00f3 textura y estilo. Complet\u00f3 el look con\u00a0<b>medias transl\u00facidas, botas bucaneras<\/b>\u00a0negras brillosas de taco alto y guantes largos de tul con alfileres de gancho.<\/p>\n<figure class=\"\" data-testid=\"figure-testid\">\n<div class=\"aspect_ratio__container\"><picture class=\"responsive-image\"><source srcset=\"https:\/\/tn.com.ar\/resizer\/v2\/sol-perez-con-un-look-iconico-en-referencia-a-esperando-la-carroza-foto-lasobrideperez-FO5ACOB2DBDEZJWK4ZOZ4DOM5A.jpeg?auth=154e20501915b3eb0814d30d6dded5c380d93818afec3066bc016470f26183d6&amp;width=767\" type=\"image\/jpg\" media=\"(max-width: 728px)\" \/><source srcset=\"https:\/\/tn.com.ar\/resizer\/v2\/sol-perez-con-un-look-iconico-en-referencia-a-esperando-la-carroza-foto-lasobrideperez-FO5ACOB2DBDEZJWK4ZOZ4DOM5A.jpeg?auth=154e20501915b3eb0814d30d6dded5c380d93818afec3066bc016470f26183d6&amp;width=1023\" type=\"image\/jpg\" media=\"(max-width: 1023px)\" \/><source srcset=\"https:\/\/tn.com.ar\/resizer\/v2\/sol-perez-con-un-look-iconico-en-referencia-a-esperando-la-carroza-foto-lasobrideperez-FO5ACOB2DBDEZJWK4ZOZ4DOM5A.jpeg?auth=154e20501915b3eb0814d30d6dded5c380d93818afec3066bc016470f26183d6&amp;width=1440\" type=\"image\/jpg\" \/><img loading=\"lazy\" decoding=\"async\" class=\"image content-image image_placeholder\" src=\"https:\/\/tn.com.ar\/resizer\/v2\/sol-perez-con-un-look-iconico-en-referencia-a-esperando-la-carroza-foto-lasobrideperez-FO5ACOB2DBDEZJWK4ZOZ4DOM5A.jpeg?auth=154e20501915b3eb0814d30d6dded5c380d93818afec3066bc016470f26183d6&amp;width=767\" alt=\"Sol P\u00e9rez con un look ic\u00f3nico en referencia a &quot;esperando la carroza&quot; Foto: @lasobrideperez\" width=\"767\" height=\"884\" data-testid=\"loading-testid\" \/><\/picture><\/div><figcaption class=\"caption_image\" data-testid=\"figcaption-testid\">\n<div class=\"image_caption \">Sol P\u00e9rez con un look ic\u00f3nico en referencia a &#8220;esperando la carroza&#8221; Foto: @lasobrideperez<\/div>\n<\/figcaption><\/figure>\n<p class=\"paragraph font__body-regular\">El\u00a0<b>beauty look\u00a0<\/b>destac\u00f3 por el\u00a0<b>pelo recogido en un rodete tirante<\/b>\u00a0con forma abstracta y ondulada en el centro. Apost\u00f3 por un<b>\u00a0make up definido<\/b>\u00a0con piel uniforme y luminosa,\u00a0<b>ojos enmarcados con delineado negro<\/b>\u00a0intenso y<b>\u00a0sombras oscuras<\/b>\u00a0que acentuaron el<b>\u00a0efecto cat eye<\/b>.<\/p>\n","protected":false},"excerpt":{"rendered":"<p>La panelista pas\u00f3 del aire retro a una apuesta pop con remera-vestido estampada. Sol P\u00e9rez\u00a0volvi\u00f3 a captar la atenci\u00f3n con looks que combinaron audacia, sensualidad\u00a0y un claro dominio de las tendencias actuales. En un set con impronta nocturna y gui\u00f1os esc\u00e9nicos,\u00a0la conductora apost\u00f3 por estilismos que resaltaron su figura y reforzaron su identidad fashionista. El [&hellip;]<\/p>\n","protected":false},"author":1,"featured_media":15792,"comment_status":"open","ping_status":"open","sticky":false,"template":"","format":"standard","meta":{"rop_custom_images_group":[],"rop_custom_messages_group":[],"rop_publish_now":"initial","rop_publish_now_accounts":[],"rop_publish_now_history":[],"rop_publish_now_status":"pending","footnotes":"","jetpack_publicize_message":"","jetpack_publicize_feature_enabled":true,"jetpack_social_post_already_shared":true,"jetpack_social_options":{"image_generator_settings":{"template":"highway","enabled":false},"version":2}},"categories":[15],"tags":[],"class_list":{"0":"post-15791","1":"post","2":"type-post","3":"status-publish","4":"format-standard","5":"has-post-thumbnail","7":"category-moda"},"jetpack_publicize_connections":[],"yoast_head":"<!-- This site is optimized with the Yoast SEO plugin v27.3 - https:\/\/yoast.com\/product\/yoast-seo-wordpress\/ -->\n<title>Sol P\u00e9rez en modo nocturno: encaje, transparencias, lunares y lencer\u00eda a la vista - CLAN ESPECTACULOS<\/title>\n<meta name=\"robots\" content=\"index, follow, max-snippet:-1, max-image-preview:large, max-video-preview:-1\" \/>\n<link rel=\"canonical\" href=\"https:\/\/radioclanfm.com\/clanespectaculos\/sol-perez-en-modo-nocturno-encaje-transparencias-lunares-y-lenceria-a-la-vista\/\" \/>\n<meta property=\"og:locale\" content=\"es_ES\" \/>\n<meta property=\"og:type\" content=\"article\" \/>\n<meta property=\"og:title\" content=\"Sol P\u00e9rez en modo nocturno: encaje, transparencias, lunares y lencer\u00eda a la vista - CLAN ESPECTACULOS\" \/>\n<meta property=\"og:description\" content=\"La panelista pas\u00f3 del aire retro a una apuesta pop con remera-vestido estampada. Sol P\u00e9rez\u00a0volvi\u00f3 a captar la atenci\u00f3n con looks que combinaron audacia, sensualidad\u00a0y un claro dominio de las tendencias actuales. En un set con impronta nocturna y gui\u00f1os esc\u00e9nicos,\u00a0la conductora apost\u00f3 por estilismos que resaltaron su figura y reforzaron su identidad fashionista. El [&hellip;]\" \/>\n<meta property=\"og:url\" content=\"https:\/\/radioclanfm.com\/clanespectaculos\/sol-perez-en-modo-nocturno-encaje-transparencias-lunares-y-lenceria-a-la-vista\/\" \/>\n<meta property=\"og:site_name\" content=\"CLAN ESPECTACULOS\" \/>\n<meta property=\"article:publisher\" content=\"https:\/\/www.facebook.com\/clanespectaculos\/\" \/>\n<meta property=\"article:published_time\" content=\"2026-04-25T14:07:39+00:00\" \/>\n<meta property=\"og:image\" content=\"https:\/\/radioclanfm.com\/clanespectaculos\/wp-content\/uploads\/sites\/2\/2026\/04\/I6F5QjKU.jpg\" \/>\n\t<meta property=\"og:image:width\" content=\"900\" \/>\n\t<meta property=\"og:image:height\" content=\"506\" \/>\n\t<meta property=\"og:image:type\" content=\"image\/jpeg\" \/>\n<meta name=\"author\" content=\"E-GRUPOCLAN\" \/>\n<meta name=\"twitter:card\" content=\"summary_large_image\" \/>\n<meta name=\"twitter:creator\" content=\"@clanespectok\" \/>\n<meta name=\"twitter:site\" content=\"@clanespectok\" \/>\n<meta name=\"twitter:label1\" content=\"Escrito por\" \/>\n\t<meta name=\"twitter:data1\" content=\"E-GRUPOCLAN\" \/>\n\t<meta name=\"twitter:label2\" content=\"Tiempo de lectura\" \/>\n\t<meta name=\"twitter:data2\" content=\"4 minutos\" \/>\n<script type=\"application\/ld+json\" class=\"yoast-schema-graph\">{\"@context\":\"https:\\\/\\\/schema.org\",\"@graph\":[{\"@type\":\"Article\",\"@id\":\"https:\\\/\\\/radioclanfm.com\\\/clanespectaculos\\\/sol-perez-en-modo-nocturno-encaje-transparencias-lunares-y-lenceria-a-la-vista\\\/#article\",\"isPartOf\":{\"@id\":\"https:\\\/\\\/radioclanfm.com\\\/clanespectaculos\\\/sol-perez-en-modo-nocturno-encaje-transparencias-lunares-y-lenceria-a-la-vista\\\/\"},\"author\":{\"name\":\"E-GRUPOCLAN\",\"@id\":\"https:\\\/\\\/radioclanfm.com\\\/clanespectaculos\\\/#\\\/schema\\\/person\\\/9734813083303230f3ad84d99171b20c\"},\"headline\":\"Sol P\u00e9rez en modo nocturno: encaje, transparencias, lunares y lencer\u00eda a la vista\",\"datePublished\":\"2026-04-25T14:07:39+00:00\",\"mainEntityOfPage\":{\"@id\":\"https:\\\/\\\/radioclanfm.com\\\/clanespectaculos\\\/sol-perez-en-modo-nocturno-encaje-transparencias-lunares-y-lenceria-a-la-vista\\\/\"},\"wordCount\":538,\"commentCount\":0,\"publisher\":{\"@id\":\"https:\\\/\\\/radioclanfm.com\\\/clanespectaculos\\\/#organization\"},\"image\":{\"@id\":\"https:\\\/\\\/radioclanfm.com\\\/clanespectaculos\\\/sol-perez-en-modo-nocturno-encaje-transparencias-lunares-y-lenceria-a-la-vista\\\/#primaryimage\"},\"thumbnailUrl\":\"https:\\\/\\\/radioclanfm.com\\\/clanespectaculos\\\/wp-content\\\/uploads\\\/sites\\\/2\\\/2026\\\/04\\\/I6F5QjKU.jpg\",\"articleSection\":[\"MODA\"],\"inLanguage\":\"es-AR\",\"potentialAction\":[{\"@type\":\"CommentAction\",\"name\":\"Comment\",\"target\":[\"https:\\\/\\\/radioclanfm.com\\\/clanespectaculos\\\/sol-perez-en-modo-nocturno-encaje-transparencias-lunares-y-lenceria-a-la-vista\\\/#respond\"]}]},{\"@type\":\"WebPage\",\"@id\":\"https:\\\/\\\/radioclanfm.com\\\/clanespectaculos\\\/sol-perez-en-modo-nocturno-encaje-transparencias-lunares-y-lenceria-a-la-vista\\\/\",\"url\":\"https:\\\/\\\/radioclanfm.com\\\/clanespectaculos\\\/sol-perez-en-modo-nocturno-encaje-transparencias-lunares-y-lenceria-a-la-vista\\\/\",\"name\":\"Sol P\u00e9rez en modo nocturno: encaje, transparencias, lunares y lencer\u00eda a la vista - CLAN ESPECTACULOS\",\"isPartOf\":{\"@id\":\"https:\\\/\\\/radioclanfm.com\\\/clanespectaculos\\\/#website\"},\"primaryImageOfPage\":{\"@id\":\"https:\\\/\\\/radioclanfm.com\\\/clanespectaculos\\\/sol-perez-en-modo-nocturno-encaje-transparencias-lunares-y-lenceria-a-la-vista\\\/#primaryimage\"},\"image\":{\"@id\":\"https:\\\/\\\/radioclanfm.com\\\/clanespectaculos\\\/sol-perez-en-modo-nocturno-encaje-transparencias-lunares-y-lenceria-a-la-vista\\\/#primaryimage\"},\"thumbnailUrl\":\"https:\\\/\\\/radioclanfm.com\\\/clanespectaculos\\\/wp-content\\\/uploads\\\/sites\\\/2\\\/2026\\\/04\\\/I6F5QjKU.jpg\",\"datePublished\":\"2026-04-25T14:07:39+00:00\",\"breadcrumb\":{\"@id\":\"https:\\\/\\\/radioclanfm.com\\\/clanespectaculos\\\/sol-perez-en-modo-nocturno-encaje-transparencias-lunares-y-lenceria-a-la-vista\\\/#breadcrumb\"},\"inLanguage\":\"es-AR\",\"potentialAction\":[{\"@type\":\"ReadAction\",\"target\":[\"https:\\\/\\\/radioclanfm.com\\\/clanespectaculos\\\/sol-perez-en-modo-nocturno-encaje-transparencias-lunares-y-lenceria-a-la-vista\\\/\"]}]},{\"@type\":\"ImageObject\",\"inLanguage\":\"es-AR\",\"@id\":\"https:\\\/\\\/radioclanfm.com\\\/clanespectaculos\\\/sol-perez-en-modo-nocturno-encaje-transparencias-lunares-y-lenceria-a-la-vista\\\/#primaryimage\",\"url\":\"https:\\\/\\\/radioclanfm.com\\\/clanespectaculos\\\/wp-content\\\/uploads\\\/sites\\\/2\\\/2026\\\/04\\\/I6F5QjKU.jpg\",\"contentUrl\":\"https:\\\/\\\/radioclanfm.com\\\/clanespectaculos\\\/wp-content\\\/uploads\\\/sites\\\/2\\\/2026\\\/04\\\/I6F5QjKU.jpg\",\"width\":900,\"height\":506},{\"@type\":\"BreadcrumbList\",\"@id\":\"https:\\\/\\\/radioclanfm.com\\\/clanespectaculos\\\/sol-perez-en-modo-nocturno-encaje-transparencias-lunares-y-lenceria-a-la-vista\\\/#breadcrumb\",\"itemListElement\":[{\"@type\":\"ListItem\",\"position\":1,\"name\":\"Inicio\",\"item\":\"https:\\\/\\\/radioclanfm.com\\\/clanespectaculos\\\/\"},{\"@type\":\"ListItem\",\"position\":2,\"name\":\"Sol P\u00e9rez en modo nocturno: encaje, transparencias, lunares y lencer\u00eda a la vista\"}]},{\"@type\":\"WebSite\",\"@id\":\"https:\\\/\\\/radioclanfm.com\\\/clanespectaculos\\\/#website\",\"url\":\"https:\\\/\\\/radioclanfm.com\\\/clanespectaculos\\\/\",\"name\":\"CLAN ESPECTACULOS\",\"description\":\"\",\"publisher\":{\"@id\":\"https:\\\/\\\/radioclanfm.com\\\/clanespectaculos\\\/#organization\"},\"potentialAction\":[{\"@type\":\"SearchAction\",\"target\":{\"@type\":\"EntryPoint\",\"urlTemplate\":\"https:\\\/\\\/radioclanfm.com\\\/clanespectaculos\\\/?s={search_term_string}\"},\"query-input\":{\"@type\":\"PropertyValueSpecification\",\"valueRequired\":true,\"valueName\":\"search_term_string\"}}],\"inLanguage\":\"es-AR\"},{\"@type\":\"Organization\",\"@id\":\"https:\\\/\\\/radioclanfm.com\\\/clanespectaculos\\\/#organization\",\"name\":\"CLAN ESPECTACULOS\",\"url\":\"https:\\\/\\\/radioclanfm.com\\\/clanespectaculos\\\/\",\"logo\":{\"@type\":\"ImageObject\",\"inLanguage\":\"es-AR\",\"@id\":\"https:\\\/\\\/radioclanfm.com\\\/clanespectaculos\\\/#\\\/schema\\\/logo\\\/image\\\/\",\"url\":\"https:\\\/\\\/radioclanfm.com\\\/clanespectaculos\\\/wp-content\\\/uploads\\\/sites\\\/2\\\/2026\\\/04\\\/ChatGPT-Image-23-mar-2026-10_09_00.png\",\"contentUrl\":\"https:\\\/\\\/radioclanfm.com\\\/clanespectaculos\\\/wp-content\\\/uploads\\\/sites\\\/2\\\/2026\\\/04\\\/ChatGPT-Image-23-mar-2026-10_09_00.png\",\"width\":1024,\"height\":1024,\"caption\":\"CLAN ESPECTACULOS\"},\"image\":{\"@id\":\"https:\\\/\\\/radioclanfm.com\\\/clanespectaculos\\\/#\\\/schema\\\/logo\\\/image\\\/\"},\"sameAs\":[\"https:\\\/\\\/www.facebook.com\\\/clanespectaculos\\\/\",\"https:\\\/\\\/x.com\\\/clanespectok\"]},{\"@type\":\"Person\",\"@id\":\"https:\\\/\\\/radioclanfm.com\\\/clanespectaculos\\\/#\\\/schema\\\/person\\\/9734813083303230f3ad84d99171b20c\",\"name\":\"E-GRUPOCLAN\",\"image\":{\"@type\":\"ImageObject\",\"inLanguage\":\"es-AR\",\"@id\":\"https:\\\/\\\/secure.gravatar.com\\\/avatar\\\/af6e19837c3d6a212034a48c7b3818d2ac1826f6025df0155da5a186ad321d79?s=96&d=mm&r=g\",\"url\":\"https:\\\/\\\/secure.gravatar.com\\\/avatar\\\/af6e19837c3d6a212034a48c7b3818d2ac1826f6025df0155da5a186ad321d79?s=96&d=mm&r=g\",\"contentUrl\":\"https:\\\/\\\/secure.gravatar.com\\\/avatar\\\/af6e19837c3d6a212034a48c7b3818d2ac1826f6025df0155da5a186ad321d79?s=96&d=mm&r=g\",\"caption\":\"E-GRUPOCLAN\"},\"sameAs\":[\"https:\\\/\\\/radioclanfm.com\"],\"url\":\"https:\\\/\\\/radioclanfm.com\\\/clanespectaculos\\\/author\\\/admin\\\/\"}]}<\/script>\n<!-- \/ Yoast SEO plugin. -->","yoast_head_json":{"title":"Sol P\u00e9rez en modo nocturno: encaje, transparencias, lunares y lencer\u00eda a la vista - CLAN ESPECTACULOS","robots":{"index":"index","follow":"follow","max-snippet":"max-snippet:-1","max-image-preview":"max-image-preview:large","max-video-preview":"max-video-preview:-1"},"canonical":"https:\/\/radioclanfm.com\/clanespectaculos\/sol-perez-en-modo-nocturno-encaje-transparencias-lunares-y-lenceria-a-la-vista\/","og_locale":"es_ES","og_type":"article","og_title":"Sol P\u00e9rez en modo nocturno: encaje, transparencias, lunares y lencer\u00eda a la vista - CLAN ESPECTACULOS","og_description":"La panelista pas\u00f3 del aire retro a una apuesta pop con remera-vestido estampada. Sol P\u00e9rez\u00a0volvi\u00f3 a captar la atenci\u00f3n con looks que combinaron audacia, sensualidad\u00a0y un claro dominio de las tendencias actuales. En un set con impronta nocturna y gui\u00f1os esc\u00e9nicos,\u00a0la conductora apost\u00f3 por estilismos que resaltaron su figura y reforzaron su identidad fashionista. El [&hellip;]","og_url":"https:\/\/radioclanfm.com\/clanespectaculos\/sol-perez-en-modo-nocturno-encaje-transparencias-lunares-y-lenceria-a-la-vista\/","og_site_name":"CLAN ESPECTACULOS","article_publisher":"https:\/\/www.facebook.com\/clanespectaculos\/","article_published_time":"2026-04-25T14:07:39+00:00","og_image":[{"width":900,"height":506,"url":"https:\/\/radioclanfm.com\/clanespectaculos\/wp-content\/uploads\/sites\/2\/2026\/04\/I6F5QjKU.jpg","type":"image\/jpeg"}],"author":"E-GRUPOCLAN","twitter_card":"summary_large_image","twitter_creator":"@clanespectok","twitter_site":"@clanespectok","twitter_misc":{"Escrito por":"E-GRUPOCLAN","Tiempo de lectura":"4 minutos"},"schema":{"@context":"https:\/\/schema.org","@graph":[{"@type":"Article","@id":"https:\/\/radioclanfm.com\/clanespectaculos\/sol-perez-en-modo-nocturno-encaje-transparencias-lunares-y-lenceria-a-la-vista\/#article","isPartOf":{"@id":"https:\/\/radioclanfm.com\/clanespectaculos\/sol-perez-en-modo-nocturno-encaje-transparencias-lunares-y-lenceria-a-la-vista\/"},"author":{"name":"E-GRUPOCLAN","@id":"https:\/\/radioclanfm.com\/clanespectaculos\/#\/schema\/person\/9734813083303230f3ad84d99171b20c"},"headline":"Sol P\u00e9rez en modo nocturno: encaje, transparencias, lunares y lencer\u00eda a la vista","datePublished":"2026-04-25T14:07:39+00:00","mainEntityOfPage":{"@id":"https:\/\/radioclanfm.com\/clanespectaculos\/sol-perez-en-modo-nocturno-encaje-transparencias-lunares-y-lenceria-a-la-vista\/"},"wordCount":538,"commentCount":0,"publisher":{"@id":"https:\/\/radioclanfm.com\/clanespectaculos\/#organization"},"image":{"@id":"https:\/\/radioclanfm.com\/clanespectaculos\/sol-perez-en-modo-nocturno-encaje-transparencias-lunares-y-lenceria-a-la-vista\/#primaryimage"},"thumbnailUrl":"https:\/\/radioclanfm.com\/clanespectaculos\/wp-content\/uploads\/sites\/2\/2026\/04\/I6F5QjKU.jpg","articleSection":["MODA"],"inLanguage":"es-AR","potentialAction":[{"@type":"CommentAction","name":"Comment","target":["https:\/\/radioclanfm.com\/clanespectaculos\/sol-perez-en-modo-nocturno-encaje-transparencias-lunares-y-lenceria-a-la-vista\/#respond"]}]},{"@type":"WebPage","@id":"https:\/\/radioclanfm.com\/clanespectaculos\/sol-perez-en-modo-nocturno-encaje-transparencias-lunares-y-lenceria-a-la-vista\/","url":"https:\/\/radioclanfm.com\/clanespectaculos\/sol-perez-en-modo-nocturno-encaje-transparencias-lunares-y-lenceria-a-la-vista\/","name":"Sol P\u00e9rez en modo nocturno: encaje, transparencias, lunares y lencer\u00eda a la vista - CLAN ESPECTACULOS","isPartOf":{"@id":"https:\/\/radioclanfm.com\/clanespectaculos\/#website"},"primaryImageOfPage":{"@id":"https:\/\/radioclanfm.com\/clanespectaculos\/sol-perez-en-modo-nocturno-encaje-transparencias-lunares-y-lenceria-a-la-vista\/#primaryimage"},"image":{"@id":"https:\/\/radioclanfm.com\/clanespectaculos\/sol-perez-en-modo-nocturno-encaje-transparencias-lunares-y-lenceria-a-la-vista\/#primaryimage"},"thumbnailUrl":"https:\/\/radioclanfm.com\/clanespectaculos\/wp-content\/uploads\/sites\/2\/2026\/04\/I6F5QjKU.jpg","datePublished":"2026-04-25T14:07:39+00:00","breadcrumb":{"@id":"https:\/\/radioclanfm.com\/clanespectaculos\/sol-perez-en-modo-nocturno-encaje-transparencias-lunares-y-lenceria-a-la-vista\/#breadcrumb"},"inLanguage":"es-AR","potentialAction":[{"@type":"ReadAction","target":["https:\/\/radioclanfm.com\/clanespectaculos\/sol-perez-en-modo-nocturno-encaje-transparencias-lunares-y-lenceria-a-la-vista\/"]}]},{"@type":"ImageObject","inLanguage":"es-AR","@id":"https:\/\/radioclanfm.com\/clanespectaculos\/sol-perez-en-modo-nocturno-encaje-transparencias-lunares-y-lenceria-a-la-vista\/#primaryimage","url":"https:\/\/radioclanfm.com\/clanespectaculos\/wp-content\/uploads\/sites\/2\/2026\/04\/I6F5QjKU.jpg","contentUrl":"https:\/\/radioclanfm.com\/clanespectaculos\/wp-content\/uploads\/sites\/2\/2026\/04\/I6F5QjKU.jpg","width":900,"height":506},{"@type":"BreadcrumbList","@id":"https:\/\/radioclanfm.com\/clanespectaculos\/sol-perez-en-modo-nocturno-encaje-transparencias-lunares-y-lenceria-a-la-vista\/#breadcrumb","itemListElement":[{"@type":"ListItem","position":1,"name":"Inicio","item":"https:\/\/radioclanfm.com\/clanespectaculos\/"},{"@type":"ListItem","position":2,"name":"Sol P\u00e9rez en modo nocturno: encaje, transparencias, lunares y lencer\u00eda a la vista"}]},{"@type":"WebSite","@id":"https:\/\/radioclanfm.com\/clanespectaculos\/#website","url":"https:\/\/radioclanfm.com\/clanespectaculos\/","name":"CLAN ESPECTACULOS","description":"","publisher":{"@id":"https:\/\/radioclanfm.com\/clanespectaculos\/#organization"},"potentialAction":[{"@type":"SearchAction","target":{"@type":"EntryPoint","urlTemplate":"https:\/\/radioclanfm.com\/clanespectaculos\/?s={search_term_string}"},"query-input":{"@type":"PropertyValueSpecification","valueRequired":true,"valueName":"search_term_string"}}],"inLanguage":"es-AR"},{"@type":"Organization","@id":"https:\/\/radioclanfm.com\/clanespectaculos\/#organization","name":"CLAN ESPECTACULOS","url":"https:\/\/radioclanfm.com\/clanespectaculos\/","logo":{"@type":"ImageObject","inLanguage":"es-AR","@id":"https:\/\/radioclanfm.com\/clanespectaculos\/#\/schema\/logo\/image\/","url":"https:\/\/radioclanfm.com\/clanespectaculos\/wp-content\/uploads\/sites\/2\/2026\/04\/ChatGPT-Image-23-mar-2026-10_09_00.png","contentUrl":"https:\/\/radioclanfm.com\/clanespectaculos\/wp-content\/uploads\/sites\/2\/2026\/04\/ChatGPT-Image-23-mar-2026-10_09_00.png","width":1024,"height":1024,"caption":"CLAN ESPECTACULOS"},"image":{"@id":"https:\/\/radioclanfm.com\/clanespectaculos\/#\/schema\/logo\/image\/"},"sameAs":["https:\/\/www.facebook.com\/clanespectaculos\/","https:\/\/x.com\/clanespectok"]},{"@type":"Person","@id":"https:\/\/radioclanfm.com\/clanespectaculos\/#\/schema\/person\/9734813083303230f3ad84d99171b20c","name":"E-GRUPOCLAN","image":{"@type":"ImageObject","inLanguage":"es-AR","@id":"https:\/\/secure.gravatar.com\/avatar\/af6e19837c3d6a212034a48c7b3818d2ac1826f6025df0155da5a186ad321d79?s=96&d=mm&r=g","url":"https:\/\/secure.gravatar.com\/avatar\/af6e19837c3d6a212034a48c7b3818d2ac1826f6025df0155da5a186ad321d79?s=96&d=mm&r=g","contentUrl":"https:\/\/secure.gravatar.com\/avatar\/af6e19837c3d6a212034a48c7b3818d2ac1826f6025df0155da5a186ad321d79?s=96&d=mm&r=g","caption":"E-GRUPOCLAN"},"sameAs":["https:\/\/radioclanfm.com"],"url":"https:\/\/radioclanfm.com\/clanespectaculos\/author\/admin\/"}]}},"_links":{"self":[{"href":"https:\/\/radioclanfm.com\/clanespectaculos\/wp-json\/wp\/v2\/posts\/15791","targetHints":{"allow":["GET"]}}],"collection":[{"href":"https:\/\/radioclanfm.com\/clanespectaculos\/wp-json\/wp\/v2\/posts"}],"about":[{"href":"https:\/\/radioclanfm.com\/clanespectaculos\/wp-json\/wp\/v2\/types\/post"}],"author":[{"embeddable":true,"href":"https:\/\/radioclanfm.com\/clanespectaculos\/wp-json\/wp\/v2\/users\/1"}],"replies":[{"embeddable":true,"href":"https:\/\/radioclanfm.com\/clanespectaculos\/wp-json\/wp\/v2\/comments?post=15791"}],"version-history":[{"count":1,"href":"https:\/\/radioclanfm.com\/clanespectaculos\/wp-json\/wp\/v2\/posts\/15791\/revisions"}],"predecessor-version":[{"id":15793,"href":"https:\/\/radioclanfm.com\/clanespectaculos\/wp-json\/wp\/v2\/posts\/15791\/revisions\/15793"}],"wp:featuredmedia":[{"embeddable":true,"href":"https:\/\/radioclanfm.com\/clanespectaculos\/wp-json\/wp\/v2\/media\/15792"}],"wp:attachment":[{"href":"https:\/\/radioclanfm.com\/clanespectaculos\/wp-json\/wp\/v2\/media?parent=15791"}],"wp:term":[{"taxonomy":"category","embeddable":true,"href":"https:\/\/radioclanfm.com\/clanespectaculos\/wp-json\/wp\/v2\/categories?post=15791"},{"taxonomy":"post_tag","embeddable":true,"href":"https:\/\/radioclanfm.com\/clanespectaculos\/wp-json\/wp\/v2\/tags?post=15791"}],"curies":[{"name":"wp","href":"https:\/\/api.w.org\/{rel}","templated":true}]}}