{"id":15788,"date":"2026-04-25T11:06:08","date_gmt":"2026-04-25T14:06:08","guid":{"rendered":"https:\/\/radioclanfm.com\/clanespectaculos\/?p=15788"},"modified":"2026-04-25T11:06:08","modified_gmt":"2026-04-25T14:06:08","slug":"los-trench-ahora-se-llevan-cortos-sin-pantalones-y-con-bucaneras-emilia-attias-y-euge-de-martino-ya-son-fans","status":"publish","type":"post","link":"https:\/\/radioclanfm.com\/clanespectaculos\/los-trench-ahora-se-llevan-cortos-sin-pantalones-y-con-bucaneras-emilia-attias-y-euge-de-martino-ya-son-fans\/","title":{"rendered":"Los trench ahora se llevan cortos, sin pantalones y con bucaneras: Emilia Attias y Euge De Martino ya son fans"},"content":{"rendered":"<p>Usados a modo de vestido, son el nuevo fetiche del street style.<\/p>\n<p class=\"paragraph font__body-regular\">El cl\u00e1sico piloto o\u00a0<i><b>trench<\/b><\/i>, nacido como una prenda para protegerse de la lluvia pero convertido en un infaltable del d\u00eda a d\u00eda, hoy se reversiona en una faceta m\u00e1s audaz. Ahora se usan los modelos<b>\u00a0cortos<\/b>, y fashionistas como\u00a0<b>Emilia Attias<\/b><b>\u00a0<\/b>y\u00a0<b>Euge De Martino<\/b>\u00a0los eligen con bucaneras y piernas a la vista. Inspirate con estos looks.<\/p>\n<div id=\"ad-slot-infeed\" class=\"infeed-container ad-slot-infeed ad-slot\" data-adtype=\"infeed\" data-lazyload=\"1\" data-google-query-id=\"CNbr_uiViZQDFT1XuAQd3ec1LQ\">\n<div id=\"google_ads_iframe_\/113951150\/tn-arc\/nota\/infeed_0__container__\"><iframe id=\"google_ads_iframe_\/113951150\/tn-arc\/nota\/infeed_0\" tabindex=\"0\" title=\"Contenido de anuncios de terceros\" name=\"google_ads_iframe_\/113951150\/tn-arc\/nota\/infeed_0\" width=\"1\" height=\"1\" frameborder=\"0\" marginwidth=\"0\" marginheight=\"0\" scrolling=\"no\" aria-label=\"Anuncio\" data-google-container-id=\"b\" data-load-complete=\"true\" data-mce-fragment=\"1\"><\/iframe><\/div>\n<\/div>\n<h2 class=\"font--primary font__display\">Emilia Attias us\u00f3 un trench como vestido<\/h2>\n<p class=\"paragraph font__body-regular\">Asesorada por la estilista Nat Cecchinato,\u00a0<b>Emilia Attia<\/b>s se fotografi\u00f3 con un\u00a0<i>trench\u00a0<\/i>en el cl\u00e1sico tono\u00a0<i><b>beige<\/b><\/i>, de largo por debajo a las caderas y cruzado con doble abotonadura. El modelo tiene un\u00a0<b>cinto\u00a0<\/b>incluido que us\u00f3 anudado para marcar la silueta.<\/p>\n<div class=\"story-list\" data-mrf-recirculation=\"IL_RNrGCM52Q_ui4aMax3fibg\" data-testid=\"text-html\" data-mrf-experience=\"IL_RNrGCM52Q_ui4aMax3fibg\">\n<article class=\"card__container card__horizontal\">\n<div class=\"card__body\">\n<header>\n<h3 class=\"card__headline font__display\"><\/h3>\n<\/header>\n<\/div>\n<\/article>\n<\/div>\n<figure class=\"\" data-testid=\"figure-testid\">\n<div class=\"aspect_ratio__container\"><picture class=\"responsive-image\"><source srcset=\"https:\/\/tn.com.ar\/resizer\/v2\/emilia-attias-marco-tendencia-foto-instagramemiliaatt-F5DN6VWT4VCH7HY7JOF2GELBAM.jpg?auth=b302a3e85e2d5b0ff0630f6a7872095d5ae291cc64f76f57ab597e5addf63609&amp;width=767\" type=\"image\/jpg\" media=\"(max-width: 728px)\" \/><source srcset=\"https:\/\/tn.com.ar\/resizer\/v2\/emilia-attias-marco-tendencia-foto-instagramemiliaatt-F5DN6VWT4VCH7HY7JOF2GELBAM.jpg?auth=b302a3e85e2d5b0ff0630f6a7872095d5ae291cc64f76f57ab597e5addf63609&amp;width=1023\" type=\"image\/jpg\" media=\"(max-width: 1023px)\" \/><source srcset=\"https:\/\/tn.com.ar\/resizer\/v2\/emilia-attias-marco-tendencia-foto-instagramemiliaatt-F5DN6VWT4VCH7HY7JOF2GELBAM.jpg?auth=b302a3e85e2d5b0ff0630f6a7872095d5ae291cc64f76f57ab597e5addf63609&amp;width=1440\" type=\"image\/jpg\" \/><img loading=\"lazy\" decoding=\"async\" class=\"image content-image image_placeholder\" src=\"https:\/\/tn.com.ar\/resizer\/v2\/emilia-attias-marco-tendencia-foto-instagramemiliaatt-F5DN6VWT4VCH7HY7JOF2GELBAM.jpg?auth=b302a3e85e2d5b0ff0630f6a7872095d5ae291cc64f76f57ab597e5addf63609&amp;width=767\" alt=\"Emilia Attias marc\u00f3 tendencia. (Foto: Instagram\/@emilia_att)\" width=\"767\" height=\"1023\" data-testid=\"loading-testid\" \/><\/picture><\/div><figcaption class=\"caption_image\" data-testid=\"figcaption-testid\">\n<div class=\"image_caption \">Emilia Attias marc\u00f3 tendencia. (Foto: Instagram\/@emilia_att)<\/div>\n<\/figcaption><\/figure>\n<p class=\"paragraph font__body-regular\">Lo llev\u00f3\u00a0<b>sin pantalones ni falda<\/b>, como si fuese un vestido. Para coronar el look y sumar una cuota de audacia, eligi\u00f3<b>\u00a0botas marrones<\/b>\u00a0-el color del a\u00f1o- de\u00a0<b>ca\u00f1a alta con pliegues, hebillas y cordones.<\/b><\/p>\n<figure class=\"\" data-testid=\"figure-testid\">\n<div class=\"aspect_ratio__container\"><picture class=\"responsive-image\"><source srcset=\"https:\/\/tn.com.ar\/resizer\/v2\/emilia-attias-en-trench-mini-y-botas-foto-instagramemiliaatt-5DAXYIA46VGBTPQUMUGWUZKSJM.jpg?auth=e7a7bf20fff0392811f662484c3cd75625891d0a39208dd9ed32cb6e67c9fc01&amp;width=767\" type=\"image\/jpg\" media=\"(max-width: 728px)\" \/><source srcset=\"https:\/\/tn.com.ar\/resizer\/v2\/emilia-attias-en-trench-mini-y-botas-foto-instagramemiliaatt-5DAXYIA46VGBTPQUMUGWUZKSJM.jpg?auth=e7a7bf20fff0392811f662484c3cd75625891d0a39208dd9ed32cb6e67c9fc01&amp;width=1023\" type=\"image\/jpg\" media=\"(max-width: 1023px)\" \/><source srcset=\"https:\/\/tn.com.ar\/resizer\/v2\/emilia-attias-en-trench-mini-y-botas-foto-instagramemiliaatt-5DAXYIA46VGBTPQUMUGWUZKSJM.jpg?auth=e7a7bf20fff0392811f662484c3cd75625891d0a39208dd9ed32cb6e67c9fc01&amp;width=1440\" type=\"image\/jpg\" \/><img loading=\"lazy\" decoding=\"async\" class=\"image content-image image_placeholder\" src=\"https:\/\/tn.com.ar\/resizer\/v2\/emilia-attias-en-trench-mini-y-botas-foto-instagramemiliaatt-5DAXYIA46VGBTPQUMUGWUZKSJM.jpg?auth=e7a7bf20fff0392811f662484c3cd75625891d0a39208dd9ed32cb6e67c9fc01&amp;width=767\" alt=\"Emilia Attias en trench mini y botas. (Foto: Instagram\/@emilia_att)\" width=\"767\" height=\"1022\" data-testid=\"loading-testid\" \/><\/picture><\/div><figcaption class=\"caption_image\" data-testid=\"figcaption-testid\">\n<div class=\"image_caption \">Emilia Attias en trench mini y botas. (Foto: Instagram\/@emilia_att)<\/div>\n<\/figcaption><\/figure>\n<p class=\"paragraph font__body-regular\">Como de costumbre, el estilismo no estuvo completo sin un\u00a0<i>beauty look glam<\/i>, al mejor estilo\u00a0<i>femme fatale.\u00a0<\/i>Luci\u00f3 un maquillaje con r<b>ubor protagonista<\/b>\u00a0acompa\u00f1ado de\u00a0<b>delineado\u00a0<\/b><i><b>cat eye<\/b><\/i><b>\u00a0<\/b>y l<b>abios\u00a0<\/b><i><b>nude<\/b><\/i>, obra de Anto B Makeup de Fr\u00famboli Estudio. Coron\u00f3 con el\u00a0<b>pelo suelto<\/b>, con ondas naturales y el flequillo descontracturado por Luc\u00eda Bosch de Mala Peluquer\u00eda.<\/p>\n<figure class=\"\" data-testid=\"figure-testid\">\n<div class=\"aspect_ratio__container\"><picture class=\"responsive-image\"><source srcset=\"https:\/\/tn.com.ar\/resizer\/v2\/emilia-attias-deslumbro-con-su-look-foto-instagramemiliaatt-VDT6JV4APFA3POODLWR73J6PME.jpg?auth=ed68271ff23958377cc8cf018c04f6d9099cd6520833efbca4b38010c08106eb&amp;width=767\" type=\"image\/jpg\" media=\"(max-width: 728px)\" \/><source srcset=\"https:\/\/tn.com.ar\/resizer\/v2\/emilia-attias-deslumbro-con-su-look-foto-instagramemiliaatt-VDT6JV4APFA3POODLWR73J6PME.jpg?auth=ed68271ff23958377cc8cf018c04f6d9099cd6520833efbca4b38010c08106eb&amp;width=1023\" type=\"image\/jpg\" media=\"(max-width: 1023px)\" \/><source srcset=\"https:\/\/tn.com.ar\/resizer\/v2\/emilia-attias-deslumbro-con-su-look-foto-instagramemiliaatt-VDT6JV4APFA3POODLWR73J6PME.jpg?auth=ed68271ff23958377cc8cf018c04f6d9099cd6520833efbca4b38010c08106eb&amp;width=1440\" type=\"image\/jpg\" \/><img loading=\"lazy\" decoding=\"async\" class=\"image content-image image_placeholder\" src=\"https:\/\/tn.com.ar\/resizer\/v2\/emilia-attias-deslumbro-con-su-look-foto-instagramemiliaatt-VDT6JV4APFA3POODLWR73J6PME.jpg?auth=ed68271ff23958377cc8cf018c04f6d9099cd6520833efbca4b38010c08106eb&amp;width=767\" alt=\"Emilia Attias deslumbr\u00f3 con su look. (Foto: Instagram\/@emilia_att)\" width=\"767\" height=\"1023\" data-testid=\"loading-testid\" \/><\/picture><\/div><figcaption class=\"caption_image\" data-testid=\"figcaption-testid\">\n<div class=\"image_caption \">Emilia Attias deslumbr\u00f3 con su look. (Foto: Instagram\/@emilia_att)<\/div>\n<\/figcaption><\/figure>\n<p class=\"paragraph font__body-regular\"><b>\u201cUn\u00a0<\/b><i><b>trench\u00a0<\/b><\/i><b>como vestido. Todo muy 00s\u201d<\/b>, escribi\u00f3 en el posteo de fotos que hizo en Instagram, en referencia al estilo\u00a0<a title=\"https:\/\/tn.com.ar\/estilo\/celebridades\/2022\/08\/28\/y2k-la-tendencia-de-moda-retro-del-momento\/\" href=\"https:\/\/tn.com.ar\/estilo\/celebridades\/2022\/08\/28\/y2k-la-tendencia-de-moda-retro-del-momento\/\" target=\"_self\" rel=\"\"><b>Y2K<\/b>\u00a0<\/a>que est\u00e1 de vuelta. Adem\u00e1s de cosechar miles de\u00a0<i>me gusta<\/i>, sus seguidores la llenaron de elogios en la secci\u00f3n de comentarios.<\/p>\n<h2 class=\"font--primary font__display\">Euge De Martino con minitrench y botas de lluvia<\/h2>\n<p class=\"paragraph font__body-regular\">Para una tarde de paseo por Buenos Aires,<b>\u00a0Euge De Martino<\/b>\u00a0tambi\u00e9n eligi\u00f3 la prenda del momento. Al igual que Emilia Attias, opt\u00f3 por un modelo\u00a0<b>beige con un lazo en la cintura<\/b>, aunque desabotonado.<\/p>\n<figure class=\"\" data-testid=\"figure-testid\">\n<div class=\"aspect_ratio__container\"><picture class=\"responsive-image\"><source srcset=\"https:\/\/tn.com.ar\/resizer\/v2\/eugenia-de-martino-combino-su-minitrench-con-complementos-marrones-foto-instagrameugedemartino-WGJPPUJIVJENVIMSTQSWRRHA4U.jpg?auth=83fc6b2f22b078171813e0d6b7fb8675b7b8cd12aec225b90ce8371d26bd00cf&amp;width=767\" type=\"image\/jpg\" media=\"(max-width: 728px)\" \/><source srcset=\"https:\/\/tn.com.ar\/resizer\/v2\/eugenia-de-martino-combino-su-minitrench-con-complementos-marrones-foto-instagrameugedemartino-WGJPPUJIVJENVIMSTQSWRRHA4U.jpg?auth=83fc6b2f22b078171813e0d6b7fb8675b7b8cd12aec225b90ce8371d26bd00cf&amp;width=1023\" type=\"image\/jpg\" media=\"(max-width: 1023px)\" \/><source srcset=\"https:\/\/tn.com.ar\/resizer\/v2\/eugenia-de-martino-combino-su-minitrench-con-complementos-marrones-foto-instagrameugedemartino-WGJPPUJIVJENVIMSTQSWRRHA4U.jpg?auth=83fc6b2f22b078171813e0d6b7fb8675b7b8cd12aec225b90ce8371d26bd00cf&amp;width=1440\" type=\"image\/jpg\" \/><img loading=\"lazy\" decoding=\"async\" class=\"image content-image image_placeholder\" src=\"https:\/\/tn.com.ar\/resizer\/v2\/eugenia-de-martino-combino-su-minitrench-con-complementos-marrones-foto-instagrameugedemartino-WGJPPUJIVJENVIMSTQSWRRHA4U.jpg?auth=83fc6b2f22b078171813e0d6b7fb8675b7b8cd12aec225b90ce8371d26bd00cf&amp;width=767\" alt=\"Eugenia De Martino combin\u00f3 su minitrench con complementos marrones. (Foto: Instagram\/@eugedemartino)\" width=\"767\" height=\"1023\" data-testid=\"loading-testid\" \/><\/picture><\/div><figcaption class=\"caption_image\" data-testid=\"figcaption-testid\">\n<div class=\"image_caption \">Eugenia De Martino combin\u00f3 su minitrench con complementos marrones. (Foto: Instagram\/@eugedemartino)<\/div>\n<\/figcaption><\/figure>\n<p class=\"paragraph font__body-regular\">Por debajo us\u00f3 una remera blanca cl\u00e1sica y sum\u00f3 una minifalda negra que apenas qued\u00f3 a la vista, generando el mismo efecto de vestido con el abrigo. Lo complement\u00f3 con\u00a0<b>botas de lluvia de ca\u00f1a alta<\/b>\u00a0y un maxibolso de cuero color marr\u00f3n chocolate.<\/p>\n<figure class=\"\" data-testid=\"figure-testid\">\n<div class=\"aspect_ratio__container\"><picture class=\"responsive-image\"><source srcset=\"https:\/\/tn.com.ar\/resizer\/v2\/eugenia-de-martino-con-trench-corto-y-botas-de-lluvia-foto-instagrameugedemartino-PCGW2NC4PRAV3PGVVLOG66FSWM.jpg?auth=3a997647b579658d9e77f46db314ef4023c11737cd904a29e104e42a1e2a5edc&amp;width=767\" type=\"image\/jpg\" media=\"(max-width: 728px)\" \/><source srcset=\"https:\/\/tn.com.ar\/resizer\/v2\/eugenia-de-martino-con-trench-corto-y-botas-de-lluvia-foto-instagrameugedemartino-PCGW2NC4PRAV3PGVVLOG66FSWM.jpg?auth=3a997647b579658d9e77f46db314ef4023c11737cd904a29e104e42a1e2a5edc&amp;width=1023\" type=\"image\/jpg\" media=\"(max-width: 1023px)\" \/><source srcset=\"https:\/\/tn.com.ar\/resizer\/v2\/eugenia-de-martino-con-trench-corto-y-botas-de-lluvia-foto-instagrameugedemartino-PCGW2NC4PRAV3PGVVLOG66FSWM.jpg?auth=3a997647b579658d9e77f46db314ef4023c11737cd904a29e104e42a1e2a5edc&amp;width=1440\" type=\"image\/jpg\" \/><img loading=\"lazy\" decoding=\"async\" class=\"image content-image image_placeholder\" src=\"https:\/\/tn.com.ar\/resizer\/v2\/eugenia-de-martino-con-trench-corto-y-botas-de-lluvia-foto-instagrameugedemartino-PCGW2NC4PRAV3PGVVLOG66FSWM.jpg?auth=3a997647b579658d9e77f46db314ef4023c11737cd904a29e104e42a1e2a5edc&amp;width=767\" alt=\"Eugenia De Martino con trench corto y botas de lluvia. (Foto: Instagram\/@eugedemartino)\" width=\"767\" height=\"1023\" data-testid=\"loading-testid\" \/><\/picture><\/div><figcaption class=\"caption_image\" data-testid=\"figcaption-testid\">\n<div class=\"image_caption \">Eugenia De Martino con trench corto y botas de lluvia. (Foto: Instagram\/@eugedemartino)<\/div>\n<\/figcaption><\/figure>\n<p class=\"paragraph font__body-regular\">Complet\u00f3 el estilismo con anteojos de sol semicirculares con marco de carey, el pelo suelto al viento y una apuesta de maquillaje sutil y minimalista. El vestuario cosech\u00f3 elogios en Instagram, desde<b>\u00a0\u201cCanchera\u201d hasta \u201cQuiero ese look\u201d.<\/b><\/p>\n<figure class=\"\" data-testid=\"figure-testid\">\n<div class=\"aspect_ratio__container\"><picture class=\"responsive-image\"><source srcset=\"https:\/\/tn.com.ar\/resizer\/v2\/los-detalles-del-look-de-eugenia-de-martino-foto-instagrameugedemartino-NS6TTXYC5NAJTDRXSLRBT2QENQ.jpg?auth=4b2d441fa3107d60e5a82eb36332dd6f09933db17332cf57bb0f343031d64199&amp;width=767\" type=\"image\/jpg\" media=\"(max-width: 728px)\" \/><source srcset=\"https:\/\/tn.com.ar\/resizer\/v2\/los-detalles-del-look-de-eugenia-de-martino-foto-instagrameugedemartino-NS6TTXYC5NAJTDRXSLRBT2QENQ.jpg?auth=4b2d441fa3107d60e5a82eb36332dd6f09933db17332cf57bb0f343031d64199&amp;width=1023\" type=\"image\/jpg\" media=\"(max-width: 1023px)\" \/><source srcset=\"https:\/\/tn.com.ar\/resizer\/v2\/los-detalles-del-look-de-eugenia-de-martino-foto-instagrameugedemartino-NS6TTXYC5NAJTDRXSLRBT2QENQ.jpg?auth=4b2d441fa3107d60e5a82eb36332dd6f09933db17332cf57bb0f343031d64199&amp;width=1440\" type=\"image\/jpg\" \/><img loading=\"lazy\" decoding=\"async\" class=\"image content-image image_placeholder\" src=\"https:\/\/tn.com.ar\/resizer\/v2\/los-detalles-del-look-de-eugenia-de-martino-foto-instagrameugedemartino-NS6TTXYC5NAJTDRXSLRBT2QENQ.jpg?auth=4b2d441fa3107d60e5a82eb36332dd6f09933db17332cf57bb0f343031d64199&amp;width=767\" alt=\"Los detalles del look de Eugenia De Martino. (Foto: Instagram\/@eugedemartino)\" width=\"767\" height=\"1023\" data-testid=\"loading-testid\" \/><\/picture><\/div><figcaption class=\"caption_image\" data-testid=\"figcaption-testid\">\n<div class=\"image_caption \">Los detalles del look de Eugenia De Martino. (Foto: Instagram\/@eugedemartino)<\/div>\n<\/figcaption><\/figure>\n","protected":false},"excerpt":{"rendered":"<p>Usados a modo de vestido, son el nuevo fetiche del street style. El cl\u00e1sico piloto o\u00a0trench, nacido como una prenda para protegerse de la lluvia pero convertido en un infaltable del d\u00eda a d\u00eda, hoy se reversiona en una faceta m\u00e1s audaz. Ahora se usan los modelos\u00a0cortos, y fashionistas como\u00a0Emilia Attias\u00a0y\u00a0Euge De Martino\u00a0los eligen con [&hellip;]<\/p>\n","protected":false},"author":1,"featured_media":15789,"comment_status":"open","ping_status":"open","sticky":false,"template":"","format":"standard","meta":{"rop_custom_images_group":[],"rop_custom_messages_group":[],"rop_publish_now":"initial","rop_publish_now_accounts":[],"rop_publish_now_history":[],"rop_publish_now_status":"pending","footnotes":"","jetpack_publicize_message":"","jetpack_publicize_feature_enabled":true,"jetpack_social_post_already_shared":true,"jetpack_social_options":{"image_generator_settings":{"template":"highway","enabled":false},"version":2}},"categories":[15],"tags":[],"class_list":{"0":"post-15788","1":"post","2":"type-post","3":"status-publish","4":"format-standard","5":"has-post-thumbnail","7":"category-moda"},"jetpack_publicize_connections":[],"yoast_head":"<!-- This site is optimized with the Yoast SEO plugin v27.3 - https:\/\/yoast.com\/product\/yoast-seo-wordpress\/ -->\n<title>Los trench ahora se llevan cortos, sin pantalones y con bucaneras: Emilia Attias y Euge De Martino ya son fans - CLAN ESPECTACULOS<\/title>\n<meta name=\"robots\" content=\"index, follow, max-snippet:-1, max-image-preview:large, max-video-preview:-1\" \/>\n<link rel=\"canonical\" href=\"https:\/\/radioclanfm.com\/clanespectaculos\/los-trench-ahora-se-llevan-cortos-sin-pantalones-y-con-bucaneras-emilia-attias-y-euge-de-martino-ya-son-fans\/\" \/>\n<meta property=\"og:locale\" content=\"es_ES\" \/>\n<meta property=\"og:type\" content=\"article\" \/>\n<meta property=\"og:title\" content=\"Los trench ahora se llevan cortos, sin pantalones y con bucaneras: Emilia Attias y Euge De Martino ya son fans - CLAN ESPECTACULOS\" \/>\n<meta property=\"og:description\" content=\"Usados a modo de vestido, son el nuevo fetiche del street style. El cl\u00e1sico piloto o\u00a0trench, nacido como una prenda para protegerse de la lluvia pero convertido en un infaltable del d\u00eda a d\u00eda, hoy se reversiona en una faceta m\u00e1s audaz. Ahora se usan los modelos\u00a0cortos, y fashionistas como\u00a0Emilia Attias\u00a0y\u00a0Euge De Martino\u00a0los eligen con [&hellip;]\" \/>\n<meta property=\"og:url\" content=\"https:\/\/radioclanfm.com\/clanespectaculos\/los-trench-ahora-se-llevan-cortos-sin-pantalones-y-con-bucaneras-emilia-attias-y-euge-de-martino-ya-son-fans\/\" \/>\n<meta property=\"og:site_name\" content=\"CLAN ESPECTACULOS\" \/>\n<meta property=\"article:publisher\" content=\"https:\/\/www.facebook.com\/clanespectaculos\/\" \/>\n<meta property=\"article:published_time\" content=\"2026-04-25T14:06:08+00:00\" \/>\n<meta property=\"og:image\" content=\"https:\/\/radioclanfm.com\/clanespectaculos\/wp-content\/uploads\/sites\/2\/2026\/04\/3NzCg8mB.jpg\" \/>\n\t<meta property=\"og:image:width\" content=\"900\" \/>\n\t<meta property=\"og:image:height\" content=\"507\" \/>\n\t<meta property=\"og:image:type\" content=\"image\/jpeg\" \/>\n<meta name=\"author\" content=\"E-GRUPOCLAN\" \/>\n<meta name=\"twitter:card\" content=\"summary_large_image\" \/>\n<meta name=\"twitter:creator\" content=\"@clanespectok\" \/>\n<meta name=\"twitter:site\" content=\"@clanespectok\" \/>\n<meta name=\"twitter:label1\" content=\"Escrito por\" \/>\n\t<meta name=\"twitter:data1\" content=\"E-GRUPOCLAN\" \/>\n\t<meta name=\"twitter:label2\" content=\"Tiempo de lectura\" \/>\n\t<meta name=\"twitter:data2\" content=\"4 minutos\" \/>\n<script type=\"application\/ld+json\" class=\"yoast-schema-graph\">{\"@context\":\"https:\\\/\\\/schema.org\",\"@graph\":[{\"@type\":\"Article\",\"@id\":\"https:\\\/\\\/radioclanfm.com\\\/clanespectaculos\\\/los-trench-ahora-se-llevan-cortos-sin-pantalones-y-con-bucaneras-emilia-attias-y-euge-de-martino-ya-son-fans\\\/#article\",\"isPartOf\":{\"@id\":\"https:\\\/\\\/radioclanfm.com\\\/clanespectaculos\\\/los-trench-ahora-se-llevan-cortos-sin-pantalones-y-con-bucaneras-emilia-attias-y-euge-de-martino-ya-son-fans\\\/\"},\"author\":{\"name\":\"E-GRUPOCLAN\",\"@id\":\"https:\\\/\\\/radioclanfm.com\\\/clanespectaculos\\\/#\\\/schema\\\/person\\\/9734813083303230f3ad84d99171b20c\"},\"headline\":\"Los trench ahora se llevan cortos, sin pantalones y con bucaneras: Emilia Attias y Euge De Martino ya son fans\",\"datePublished\":\"2026-04-25T14:06:08+00:00\",\"mainEntityOfPage\":{\"@id\":\"https:\\\/\\\/radioclanfm.com\\\/clanespectaculos\\\/los-trench-ahora-se-llevan-cortos-sin-pantalones-y-con-bucaneras-emilia-attias-y-euge-de-martino-ya-son-fans\\\/\"},\"wordCount\":487,\"commentCount\":0,\"publisher\":{\"@id\":\"https:\\\/\\\/radioclanfm.com\\\/clanespectaculos\\\/#organization\"},\"image\":{\"@id\":\"https:\\\/\\\/radioclanfm.com\\\/clanespectaculos\\\/los-trench-ahora-se-llevan-cortos-sin-pantalones-y-con-bucaneras-emilia-attias-y-euge-de-martino-ya-son-fans\\\/#primaryimage\"},\"thumbnailUrl\":\"https:\\\/\\\/radioclanfm.com\\\/clanespectaculos\\\/wp-content\\\/uploads\\\/sites\\\/2\\\/2026\\\/04\\\/3NzCg8mB.jpg\",\"articleSection\":[\"MODA\"],\"inLanguage\":\"es-AR\",\"potentialAction\":[{\"@type\":\"CommentAction\",\"name\":\"Comment\",\"target\":[\"https:\\\/\\\/radioclanfm.com\\\/clanespectaculos\\\/los-trench-ahora-se-llevan-cortos-sin-pantalones-y-con-bucaneras-emilia-attias-y-euge-de-martino-ya-son-fans\\\/#respond\"]}]},{\"@type\":\"WebPage\",\"@id\":\"https:\\\/\\\/radioclanfm.com\\\/clanespectaculos\\\/los-trench-ahora-se-llevan-cortos-sin-pantalones-y-con-bucaneras-emilia-attias-y-euge-de-martino-ya-son-fans\\\/\",\"url\":\"https:\\\/\\\/radioclanfm.com\\\/clanespectaculos\\\/los-trench-ahora-se-llevan-cortos-sin-pantalones-y-con-bucaneras-emilia-attias-y-euge-de-martino-ya-son-fans\\\/\",\"name\":\"Los trench ahora se llevan cortos, sin pantalones y con bucaneras: Emilia Attias y Euge De Martino ya son fans - CLAN ESPECTACULOS\",\"isPartOf\":{\"@id\":\"https:\\\/\\\/radioclanfm.com\\\/clanespectaculos\\\/#website\"},\"primaryImageOfPage\":{\"@id\":\"https:\\\/\\\/radioclanfm.com\\\/clanespectaculos\\\/los-trench-ahora-se-llevan-cortos-sin-pantalones-y-con-bucaneras-emilia-attias-y-euge-de-martino-ya-son-fans\\\/#primaryimage\"},\"image\":{\"@id\":\"https:\\\/\\\/radioclanfm.com\\\/clanespectaculos\\\/los-trench-ahora-se-llevan-cortos-sin-pantalones-y-con-bucaneras-emilia-attias-y-euge-de-martino-ya-son-fans\\\/#primaryimage\"},\"thumbnailUrl\":\"https:\\\/\\\/radioclanfm.com\\\/clanespectaculos\\\/wp-content\\\/uploads\\\/sites\\\/2\\\/2026\\\/04\\\/3NzCg8mB.jpg\",\"datePublished\":\"2026-04-25T14:06:08+00:00\",\"breadcrumb\":{\"@id\":\"https:\\\/\\\/radioclanfm.com\\\/clanespectaculos\\\/los-trench-ahora-se-llevan-cortos-sin-pantalones-y-con-bucaneras-emilia-attias-y-euge-de-martino-ya-son-fans\\\/#breadcrumb\"},\"inLanguage\":\"es-AR\",\"potentialAction\":[{\"@type\":\"ReadAction\",\"target\":[\"https:\\\/\\\/radioclanfm.com\\\/clanespectaculos\\\/los-trench-ahora-se-llevan-cortos-sin-pantalones-y-con-bucaneras-emilia-attias-y-euge-de-martino-ya-son-fans\\\/\"]}]},{\"@type\":\"ImageObject\",\"inLanguage\":\"es-AR\",\"@id\":\"https:\\\/\\\/radioclanfm.com\\\/clanespectaculos\\\/los-trench-ahora-se-llevan-cortos-sin-pantalones-y-con-bucaneras-emilia-attias-y-euge-de-martino-ya-son-fans\\\/#primaryimage\",\"url\":\"https:\\\/\\\/radioclanfm.com\\\/clanespectaculos\\\/wp-content\\\/uploads\\\/sites\\\/2\\\/2026\\\/04\\\/3NzCg8mB.jpg\",\"contentUrl\":\"https:\\\/\\\/radioclanfm.com\\\/clanespectaculos\\\/wp-content\\\/uploads\\\/sites\\\/2\\\/2026\\\/04\\\/3NzCg8mB.jpg\",\"width\":900,\"height\":507},{\"@type\":\"BreadcrumbList\",\"@id\":\"https:\\\/\\\/radioclanfm.com\\\/clanespectaculos\\\/los-trench-ahora-se-llevan-cortos-sin-pantalones-y-con-bucaneras-emilia-attias-y-euge-de-martino-ya-son-fans\\\/#breadcrumb\",\"itemListElement\":[{\"@type\":\"ListItem\",\"position\":1,\"name\":\"Inicio\",\"item\":\"https:\\\/\\\/radioclanfm.com\\\/clanespectaculos\\\/\"},{\"@type\":\"ListItem\",\"position\":2,\"name\":\"Los trench ahora se llevan cortos, sin pantalones y con bucaneras: Emilia Attias y Euge De Martino ya son fans\"}]},{\"@type\":\"WebSite\",\"@id\":\"https:\\\/\\\/radioclanfm.com\\\/clanespectaculos\\\/#website\",\"url\":\"https:\\\/\\\/radioclanfm.com\\\/clanespectaculos\\\/\",\"name\":\"CLAN ESPECTACULOS\",\"description\":\"\",\"publisher\":{\"@id\":\"https:\\\/\\\/radioclanfm.com\\\/clanespectaculos\\\/#organization\"},\"potentialAction\":[{\"@type\":\"SearchAction\",\"target\":{\"@type\":\"EntryPoint\",\"urlTemplate\":\"https:\\\/\\\/radioclanfm.com\\\/clanespectaculos\\\/?s={search_term_string}\"},\"query-input\":{\"@type\":\"PropertyValueSpecification\",\"valueRequired\":true,\"valueName\":\"search_term_string\"}}],\"inLanguage\":\"es-AR\"},{\"@type\":\"Organization\",\"@id\":\"https:\\\/\\\/radioclanfm.com\\\/clanespectaculos\\\/#organization\",\"name\":\"CLAN ESPECTACULOS\",\"url\":\"https:\\\/\\\/radioclanfm.com\\\/clanespectaculos\\\/\",\"logo\":{\"@type\":\"ImageObject\",\"inLanguage\":\"es-AR\",\"@id\":\"https:\\\/\\\/radioclanfm.com\\\/clanespectaculos\\\/#\\\/schema\\\/logo\\\/image\\\/\",\"url\":\"https:\\\/\\\/radioclanfm.com\\\/clanespectaculos\\\/wp-content\\\/uploads\\\/sites\\\/2\\\/2026\\\/04\\\/ChatGPT-Image-23-mar-2026-10_09_00.png\",\"contentUrl\":\"https:\\\/\\\/radioclanfm.com\\\/clanespectaculos\\\/wp-content\\\/uploads\\\/sites\\\/2\\\/2026\\\/04\\\/ChatGPT-Image-23-mar-2026-10_09_00.png\",\"width\":1024,\"height\":1024,\"caption\":\"CLAN ESPECTACULOS\"},\"image\":{\"@id\":\"https:\\\/\\\/radioclanfm.com\\\/clanespectaculos\\\/#\\\/schema\\\/logo\\\/image\\\/\"},\"sameAs\":[\"https:\\\/\\\/www.facebook.com\\\/clanespectaculos\\\/\",\"https:\\\/\\\/x.com\\\/clanespectok\"]},{\"@type\":\"Person\",\"@id\":\"https:\\\/\\\/radioclanfm.com\\\/clanespectaculos\\\/#\\\/schema\\\/person\\\/9734813083303230f3ad84d99171b20c\",\"name\":\"E-GRUPOCLAN\",\"image\":{\"@type\":\"ImageObject\",\"inLanguage\":\"es-AR\",\"@id\":\"https:\\\/\\\/secure.gravatar.com\\\/avatar\\\/af6e19837c3d6a212034a48c7b3818d2ac1826f6025df0155da5a186ad321d79?s=96&d=mm&r=g\",\"url\":\"https:\\\/\\\/secure.gravatar.com\\\/avatar\\\/af6e19837c3d6a212034a48c7b3818d2ac1826f6025df0155da5a186ad321d79?s=96&d=mm&r=g\",\"contentUrl\":\"https:\\\/\\\/secure.gravatar.com\\\/avatar\\\/af6e19837c3d6a212034a48c7b3818d2ac1826f6025df0155da5a186ad321d79?s=96&d=mm&r=g\",\"caption\":\"E-GRUPOCLAN\"},\"sameAs\":[\"https:\\\/\\\/radioclanfm.com\"],\"url\":\"https:\\\/\\\/radioclanfm.com\\\/clanespectaculos\\\/author\\\/admin\\\/\"}]}<\/script>\n<!-- \/ Yoast SEO plugin. -->","yoast_head_json":{"title":"Los trench ahora se llevan cortos, sin pantalones y con bucaneras: Emilia Attias y Euge De Martino ya son fans - CLAN ESPECTACULOS","robots":{"index":"index","follow":"follow","max-snippet":"max-snippet:-1","max-image-preview":"max-image-preview:large","max-video-preview":"max-video-preview:-1"},"canonical":"https:\/\/radioclanfm.com\/clanespectaculos\/los-trench-ahora-se-llevan-cortos-sin-pantalones-y-con-bucaneras-emilia-attias-y-euge-de-martino-ya-son-fans\/","og_locale":"es_ES","og_type":"article","og_title":"Los trench ahora se llevan cortos, sin pantalones y con bucaneras: Emilia Attias y Euge De Martino ya son fans - CLAN ESPECTACULOS","og_description":"Usados a modo de vestido, son el nuevo fetiche del street style. El cl\u00e1sico piloto o\u00a0trench, nacido como una prenda para protegerse de la lluvia pero convertido en un infaltable del d\u00eda a d\u00eda, hoy se reversiona en una faceta m\u00e1s audaz. Ahora se usan los modelos\u00a0cortos, y fashionistas como\u00a0Emilia Attias\u00a0y\u00a0Euge De Martino\u00a0los eligen con [&hellip;]","og_url":"https:\/\/radioclanfm.com\/clanespectaculos\/los-trench-ahora-se-llevan-cortos-sin-pantalones-y-con-bucaneras-emilia-attias-y-euge-de-martino-ya-son-fans\/","og_site_name":"CLAN ESPECTACULOS","article_publisher":"https:\/\/www.facebook.com\/clanespectaculos\/","article_published_time":"2026-04-25T14:06:08+00:00","og_image":[{"width":900,"height":507,"url":"https:\/\/radioclanfm.com\/clanespectaculos\/wp-content\/uploads\/sites\/2\/2026\/04\/3NzCg8mB.jpg","type":"image\/jpeg"}],"author":"E-GRUPOCLAN","twitter_card":"summary_large_image","twitter_creator":"@clanespectok","twitter_site":"@clanespectok","twitter_misc":{"Escrito por":"E-GRUPOCLAN","Tiempo de lectura":"4 minutos"},"schema":{"@context":"https:\/\/schema.org","@graph":[{"@type":"Article","@id":"https:\/\/radioclanfm.com\/clanespectaculos\/los-trench-ahora-se-llevan-cortos-sin-pantalones-y-con-bucaneras-emilia-attias-y-euge-de-martino-ya-son-fans\/#article","isPartOf":{"@id":"https:\/\/radioclanfm.com\/clanespectaculos\/los-trench-ahora-se-llevan-cortos-sin-pantalones-y-con-bucaneras-emilia-attias-y-euge-de-martino-ya-son-fans\/"},"author":{"name":"E-GRUPOCLAN","@id":"https:\/\/radioclanfm.com\/clanespectaculos\/#\/schema\/person\/9734813083303230f3ad84d99171b20c"},"headline":"Los trench ahora se llevan cortos, sin pantalones y con bucaneras: Emilia Attias y Euge De Martino ya son fans","datePublished":"2026-04-25T14:06:08+00:00","mainEntityOfPage":{"@id":"https:\/\/radioclanfm.com\/clanespectaculos\/los-trench-ahora-se-llevan-cortos-sin-pantalones-y-con-bucaneras-emilia-attias-y-euge-de-martino-ya-son-fans\/"},"wordCount":487,"commentCount":0,"publisher":{"@id":"https:\/\/radioclanfm.com\/clanespectaculos\/#organization"},"image":{"@id":"https:\/\/radioclanfm.com\/clanespectaculos\/los-trench-ahora-se-llevan-cortos-sin-pantalones-y-con-bucaneras-emilia-attias-y-euge-de-martino-ya-son-fans\/#primaryimage"},"thumbnailUrl":"https:\/\/radioclanfm.com\/clanespectaculos\/wp-content\/uploads\/sites\/2\/2026\/04\/3NzCg8mB.jpg","articleSection":["MODA"],"inLanguage":"es-AR","potentialAction":[{"@type":"CommentAction","name":"Comment","target":["https:\/\/radioclanfm.com\/clanespectaculos\/los-trench-ahora-se-llevan-cortos-sin-pantalones-y-con-bucaneras-emilia-attias-y-euge-de-martino-ya-son-fans\/#respond"]}]},{"@type":"WebPage","@id":"https:\/\/radioclanfm.com\/clanespectaculos\/los-trench-ahora-se-llevan-cortos-sin-pantalones-y-con-bucaneras-emilia-attias-y-euge-de-martino-ya-son-fans\/","url":"https:\/\/radioclanfm.com\/clanespectaculos\/los-trench-ahora-se-llevan-cortos-sin-pantalones-y-con-bucaneras-emilia-attias-y-euge-de-martino-ya-son-fans\/","name":"Los trench ahora se llevan cortos, sin pantalones y con bucaneras: Emilia Attias y Euge De Martino ya son fans - CLAN ESPECTACULOS","isPartOf":{"@id":"https:\/\/radioclanfm.com\/clanespectaculos\/#website"},"primaryImageOfPage":{"@id":"https:\/\/radioclanfm.com\/clanespectaculos\/los-trench-ahora-se-llevan-cortos-sin-pantalones-y-con-bucaneras-emilia-attias-y-euge-de-martino-ya-son-fans\/#primaryimage"},"image":{"@id":"https:\/\/radioclanfm.com\/clanespectaculos\/los-trench-ahora-se-llevan-cortos-sin-pantalones-y-con-bucaneras-emilia-attias-y-euge-de-martino-ya-son-fans\/#primaryimage"},"thumbnailUrl":"https:\/\/radioclanfm.com\/clanespectaculos\/wp-content\/uploads\/sites\/2\/2026\/04\/3NzCg8mB.jpg","datePublished":"2026-04-25T14:06:08+00:00","breadcrumb":{"@id":"https:\/\/radioclanfm.com\/clanespectaculos\/los-trench-ahora-se-llevan-cortos-sin-pantalones-y-con-bucaneras-emilia-attias-y-euge-de-martino-ya-son-fans\/#breadcrumb"},"inLanguage":"es-AR","potentialAction":[{"@type":"ReadAction","target":["https:\/\/radioclanfm.com\/clanespectaculos\/los-trench-ahora-se-llevan-cortos-sin-pantalones-y-con-bucaneras-emilia-attias-y-euge-de-martino-ya-son-fans\/"]}]},{"@type":"ImageObject","inLanguage":"es-AR","@id":"https:\/\/radioclanfm.com\/clanespectaculos\/los-trench-ahora-se-llevan-cortos-sin-pantalones-y-con-bucaneras-emilia-attias-y-euge-de-martino-ya-son-fans\/#primaryimage","url":"https:\/\/radioclanfm.com\/clanespectaculos\/wp-content\/uploads\/sites\/2\/2026\/04\/3NzCg8mB.jpg","contentUrl":"https:\/\/radioclanfm.com\/clanespectaculos\/wp-content\/uploads\/sites\/2\/2026\/04\/3NzCg8mB.jpg","width":900,"height":507},{"@type":"BreadcrumbList","@id":"https:\/\/radioclanfm.com\/clanespectaculos\/los-trench-ahora-se-llevan-cortos-sin-pantalones-y-con-bucaneras-emilia-attias-y-euge-de-martino-ya-son-fans\/#breadcrumb","itemListElement":[{"@type":"ListItem","position":1,"name":"Inicio","item":"https:\/\/radioclanfm.com\/clanespectaculos\/"},{"@type":"ListItem","position":2,"name":"Los trench ahora se llevan cortos, sin pantalones y con bucaneras: Emilia Attias y Euge De Martino ya son fans"}]},{"@type":"WebSite","@id":"https:\/\/radioclanfm.com\/clanespectaculos\/#website","url":"https:\/\/radioclanfm.com\/clanespectaculos\/","name":"CLAN ESPECTACULOS","description":"","publisher":{"@id":"https:\/\/radioclanfm.com\/clanespectaculos\/#organization"},"potentialAction":[{"@type":"SearchAction","target":{"@type":"EntryPoint","urlTemplate":"https:\/\/radioclanfm.com\/clanespectaculos\/?s={search_term_string}"},"query-input":{"@type":"PropertyValueSpecification","valueRequired":true,"valueName":"search_term_string"}}],"inLanguage":"es-AR"},{"@type":"Organization","@id":"https:\/\/radioclanfm.com\/clanespectaculos\/#organization","name":"CLAN ESPECTACULOS","url":"https:\/\/radioclanfm.com\/clanespectaculos\/","logo":{"@type":"ImageObject","inLanguage":"es-AR","@id":"https:\/\/radioclanfm.com\/clanespectaculos\/#\/schema\/logo\/image\/","url":"https:\/\/radioclanfm.com\/clanespectaculos\/wp-content\/uploads\/sites\/2\/2026\/04\/ChatGPT-Image-23-mar-2026-10_09_00.png","contentUrl":"https:\/\/radioclanfm.com\/clanespectaculos\/wp-content\/uploads\/sites\/2\/2026\/04\/ChatGPT-Image-23-mar-2026-10_09_00.png","width":1024,"height":1024,"caption":"CLAN ESPECTACULOS"},"image":{"@id":"https:\/\/radioclanfm.com\/clanespectaculos\/#\/schema\/logo\/image\/"},"sameAs":["https:\/\/www.facebook.com\/clanespectaculos\/","https:\/\/x.com\/clanespectok"]},{"@type":"Person","@id":"https:\/\/radioclanfm.com\/clanespectaculos\/#\/schema\/person\/9734813083303230f3ad84d99171b20c","name":"E-GRUPOCLAN","image":{"@type":"ImageObject","inLanguage":"es-AR","@id":"https:\/\/secure.gravatar.com\/avatar\/af6e19837c3d6a212034a48c7b3818d2ac1826f6025df0155da5a186ad321d79?s=96&d=mm&r=g","url":"https:\/\/secure.gravatar.com\/avatar\/af6e19837c3d6a212034a48c7b3818d2ac1826f6025df0155da5a186ad321d79?s=96&d=mm&r=g","contentUrl":"https:\/\/secure.gravatar.com\/avatar\/af6e19837c3d6a212034a48c7b3818d2ac1826f6025df0155da5a186ad321d79?s=96&d=mm&r=g","caption":"E-GRUPOCLAN"},"sameAs":["https:\/\/radioclanfm.com"],"url":"https:\/\/radioclanfm.com\/clanespectaculos\/author\/admin\/"}]}},"_links":{"self":[{"href":"https:\/\/radioclanfm.com\/clanespectaculos\/wp-json\/wp\/v2\/posts\/15788","targetHints":{"allow":["GET"]}}],"collection":[{"href":"https:\/\/radioclanfm.com\/clanespectaculos\/wp-json\/wp\/v2\/posts"}],"about":[{"href":"https:\/\/radioclanfm.com\/clanespectaculos\/wp-json\/wp\/v2\/types\/post"}],"author":[{"embeddable":true,"href":"https:\/\/radioclanfm.com\/clanespectaculos\/wp-json\/wp\/v2\/users\/1"}],"replies":[{"embeddable":true,"href":"https:\/\/radioclanfm.com\/clanespectaculos\/wp-json\/wp\/v2\/comments?post=15788"}],"version-history":[{"count":1,"href":"https:\/\/radioclanfm.com\/clanespectaculos\/wp-json\/wp\/v2\/posts\/15788\/revisions"}],"predecessor-version":[{"id":15790,"href":"https:\/\/radioclanfm.com\/clanespectaculos\/wp-json\/wp\/v2\/posts\/15788\/revisions\/15790"}],"wp:featuredmedia":[{"embeddable":true,"href":"https:\/\/radioclanfm.com\/clanespectaculos\/wp-json\/wp\/v2\/media\/15789"}],"wp:attachment":[{"href":"https:\/\/radioclanfm.com\/clanespectaculos\/wp-json\/wp\/v2\/media?parent=15788"}],"wp:term":[{"taxonomy":"category","embeddable":true,"href":"https:\/\/radioclanfm.com\/clanespectaculos\/wp-json\/wp\/v2\/categories?post=15788"},{"taxonomy":"post_tag","embeddable":true,"href":"https:\/\/radioclanfm.com\/clanespectaculos\/wp-json\/wp\/v2\/tags?post=15788"}],"curies":[{"name":"wp","href":"https:\/\/api.w.org\/{rel}","templated":true}]}}