{"id":15782,"date":"2026-04-25T11:01:44","date_gmt":"2026-04-25T14:01:44","guid":{"rendered":"https:\/\/radioclanfm.com\/clanespectaculos\/?p=15782"},"modified":"2026-04-25T11:01:44","modified_gmt":"2026-04-25T14:01:44","slug":"maria-susini-eligio-una-trikini-blanca-con-brillo-para-un-momento-de-relax-en-el-jacuzzi","status":"publish","type":"post","link":"https:\/\/radioclanfm.com\/clanespectaculos\/maria-susini-eligio-una-trikini-blanca-con-brillo-para-un-momento-de-relax-en-el-jacuzzi\/","title":{"rendered":"Mar\u00eda Susini eligi\u00f3 una trikini blanca con brillo para un momento de relax en el jacuzzi"},"content":{"rendered":"<p>Separada de Fancundo Arana, se mostr\u00f3 desde un hotel con un modelo de l\u00farex con tiritas criss cross.<\/p>\n<p class=\"paragraph font__body-regular\">A m\u00e1s de dos d\u00e9cadas de su debut en las pasarelas,<b>\u00a0Mar\u00eda Susini<\/b>\u00a0sigue manteniendo vigente su faceta fashionista. La exmodelo es muy activa en su perfil de Instagram y en las \u00faltimas horas sorprendi\u00f3 a sus seguidores con un posteo en traje de ba\u00f1o.<\/p>\n<div id=\"ad-slot-infeed\" class=\"infeed-container ad-slot-infeed ad-slot\" data-adtype=\"infeed\" data-lazyload=\"1\" data-google-query-id=\"CO320fyUiZQDFSMjHgAdMyIKAQ\">\n<div id=\"google_ads_iframe_\/113951150\/tn-arc\/nota\/infeed_0__container__\"><iframe id=\"google_ads_iframe_\/113951150\/tn-arc\/nota\/infeed_0\" tabindex=\"0\" title=\"Contenido de anuncios de terceros\" name=\"google_ads_iframe_\/113951150\/tn-arc\/nota\/infeed_0\" width=\"1\" height=\"1\" frameborder=\"0\" marginwidth=\"0\" marginheight=\"0\" scrolling=\"no\" aria-label=\"Anuncio\" data-google-container-id=\"9\" data-load-complete=\"true\" data-mce-fragment=\"1\"><\/iframe><\/div>\n<\/div>\n<p class=\"paragraph font__body-regular\">La conductora pas\u00f3 una jornada en un\u00a0<b>hotel de lujo\u00a0<\/b>y disfrut\u00f3 del\u00a0<i><b>jacuzzi\u00a0<\/b><\/i>con una<b>\u00a0trikini blanca de l\u00farex<\/b>, una alternativa m\u00e1s arriesgada a la cl\u00e1sica enteriza.<\/p>\n<div class=\"story-list\" data-mrf-recirculation=\"IL_RNrGCM52Q_ui4aMax3fibg\" data-testid=\"text-html\" data-mrf-experience=\"IL_RNrGCM52Q_ui4aMax3fibg\">\n<article class=\"card__container card__horizontal\">\n<div class=\"card__body\">\n<header>\n<h3 class=\"card__headline font__display\"><\/h3>\n<\/header>\n<\/div>\n<\/article>\n<\/div>\n<figure class=\"\" data-testid=\"figure-testid\">\n<div class=\"aspect_ratio__container\"><picture class=\"responsive-image\"><source srcset=\"https:\/\/tn.com.ar\/resizer\/v2\/maria-susini-en-trikini-blanca-foto-instagrammariasusini-74MPNTLUEVH47ASQF74K3FSBGE.jpg?auth=69943552c96ea78719232d49972858fbb46b4dd2cd814e9cd97c527ba6d8f2e3&amp;width=767\" type=\"image\/jpg\" media=\"(max-width: 728px)\" \/><source srcset=\"https:\/\/tn.com.ar\/resizer\/v2\/maria-susini-en-trikini-blanca-foto-instagrammariasusini-74MPNTLUEVH47ASQF74K3FSBGE.jpg?auth=69943552c96ea78719232d49972858fbb46b4dd2cd814e9cd97c527ba6d8f2e3&amp;width=1023\" type=\"image\/jpg\" media=\"(max-width: 1023px)\" \/><source srcset=\"https:\/\/tn.com.ar\/resizer\/v2\/maria-susini-en-trikini-blanca-foto-instagrammariasusini-74MPNTLUEVH47ASQF74K3FSBGE.jpg?auth=69943552c96ea78719232d49972858fbb46b4dd2cd814e9cd97c527ba6d8f2e3&amp;width=1440\" type=\"image\/jpg\" \/><img loading=\"lazy\" decoding=\"async\" class=\"image content-image image_placeholder\" src=\"https:\/\/tn.com.ar\/resizer\/v2\/maria-susini-en-trikini-blanca-foto-instagrammariasusini-74MPNTLUEVH47ASQF74K3FSBGE.jpg?auth=69943552c96ea78719232d49972858fbb46b4dd2cd814e9cd97c527ba6d8f2e3&amp;width=767\" alt=\"Mar\u00eda Susini en trikini blanca. (Foto: Instagram\/@mariasusini)\" width=\"767\" height=\"1023\" data-testid=\"loading-testid\" \/><\/picture><\/div><figcaption class=\"caption_image\" data-testid=\"figcaption-testid\">\n<div class=\"image_caption \">Mar\u00eda Susini en trikini blanca. (Foto: Instagram\/@mariasusini)<\/div>\n<\/figcaption><\/figure>\n<p class=\"paragraph font__body-regular\">El modelo tiene una\u00a0<b>abertura frontal en el corpi\u00f1o\u00a0<\/b>y se une a la bombacha a trav\u00e9s de una franja ancha. Como detalle, tiene\u00a0<b>breteles finos cruzados<\/b>, estilo<i>\u00a0criss cross<\/i>, en el escote.<\/p>\n<figure class=\"\" data-testid=\"figure-testid\">\n<div class=\"aspect_ratio__container\"><picture class=\"responsive-image\"><source srcset=\"https:\/\/tn.com.ar\/resizer\/v2\/maria-susini-eligio-un-traje-de-bano-blanco-con-lurex-foto-instagrammariasusini-KPR26UHDDRDDVIRQYBFQU3INMY.jpg?auth=763889603e298630740309a682f17559d8c3a78c8af64c5f628b2c6a844f0317&amp;width=767\" type=\"image\/jpg\" media=\"(max-width: 728px)\" \/><source srcset=\"https:\/\/tn.com.ar\/resizer\/v2\/maria-susini-eligio-un-traje-de-bano-blanco-con-lurex-foto-instagrammariasusini-KPR26UHDDRDDVIRQYBFQU3INMY.jpg?auth=763889603e298630740309a682f17559d8c3a78c8af64c5f628b2c6a844f0317&amp;width=1023\" type=\"image\/jpg\" media=\"(max-width: 1023px)\" \/><source srcset=\"https:\/\/tn.com.ar\/resizer\/v2\/maria-susini-eligio-un-traje-de-bano-blanco-con-lurex-foto-instagrammariasusini-KPR26UHDDRDDVIRQYBFQU3INMY.jpg?auth=763889603e298630740309a682f17559d8c3a78c8af64c5f628b2c6a844f0317&amp;width=1440\" type=\"image\/jpg\" \/><img loading=\"lazy\" decoding=\"async\" class=\"image content-image image_placeholder\" src=\"https:\/\/tn.com.ar\/resizer\/v2\/maria-susini-eligio-un-traje-de-bano-blanco-con-lurex-foto-instagrammariasusini-KPR26UHDDRDDVIRQYBFQU3INMY.jpg?auth=763889603e298630740309a682f17559d8c3a78c8af64c5f628b2c6a844f0317&amp;width=767\" alt=\"Mar\u00eda Susini eligi\u00f3 un traje de ba\u00f1o blanco con l\u00farex. (Foto: Instagram\/@mariasusini)\" width=\"767\" height=\"1023\" data-testid=\"loading-testid\" \/><\/picture><\/div><figcaption class=\"caption_image\" data-testid=\"figcaption-testid\">\n<div class=\"image_caption \">Mar\u00eda Susini eligi\u00f3 un traje de ba\u00f1o blanco con l\u00farex. (Foto: Instagram\/@mariasusini)<\/div>\n<\/figcaption><\/figure>\n<p class=\"paragraph font__body-regular\">Sonriente, se mostr\u00f3 relajada y al natural, con poco maquillaje (<b>m\u00e1scara de pesta\u00f1as y\u00a0<\/b><i><b>gloss<\/b><\/i>) y con el pelo recogido en un\u00a0<b>rodete descontracturado.<\/b><\/p>\n<figure class=\"\" data-testid=\"figure-testid\">\n<div class=\"aspect_ratio__container\"><picture class=\"responsive-image\"><source srcset=\"https:\/\/tn.com.ar\/resizer\/v2\/maria-susini-relajada-y-con-estilo-foto-instagrammariasusini-K73FIDHHQRFCFNPVOTSQ2WBHHI.jpg?auth=b41d70a4acc4a51d4c531d262c9568faca61e2cfd146e3d29ebe476d6a56d427&amp;width=767\" type=\"image\/jpg\" media=\"(max-width: 728px)\" \/><source srcset=\"https:\/\/tn.com.ar\/resizer\/v2\/maria-susini-relajada-y-con-estilo-foto-instagrammariasusini-K73FIDHHQRFCFNPVOTSQ2WBHHI.jpg?auth=b41d70a4acc4a51d4c531d262c9568faca61e2cfd146e3d29ebe476d6a56d427&amp;width=1023\" type=\"image\/jpg\" media=\"(max-width: 1023px)\" \/><source srcset=\"https:\/\/tn.com.ar\/resizer\/v2\/maria-susini-relajada-y-con-estilo-foto-instagrammariasusini-K73FIDHHQRFCFNPVOTSQ2WBHHI.jpg?auth=b41d70a4acc4a51d4c531d262c9568faca61e2cfd146e3d29ebe476d6a56d427&amp;width=1440\" type=\"image\/jpg\" \/><img loading=\"lazy\" decoding=\"async\" class=\"image content-image image_placeholder\" src=\"https:\/\/tn.com.ar\/resizer\/v2\/maria-susini-relajada-y-con-estilo-foto-instagrammariasusini-K73FIDHHQRFCFNPVOTSQ2WBHHI.jpg?auth=b41d70a4acc4a51d4c531d262c9568faca61e2cfd146e3d29ebe476d6a56d427&amp;width=767\" alt=\"Mar\u00eda Susini, relajada y con estilo. (Foto: Instagram\/@mariasusini)\" width=\"767\" height=\"1023\" data-testid=\"loading-testid\" \/><\/picture><\/div><figcaption class=\"caption_image\" data-testid=\"figcaption-testid\">\n<div class=\"image_caption \">Mar\u00eda Susini, relajada y con estilo. (Foto: Instagram\/@mariasusini)<\/div>\n<\/figcaption><\/figure>\n<p class=\"paragraph font__body-regular\">Adem\u00e1s de posar en traje de ba\u00f1o, se mostr\u00f3 en el gimnasio con un\u00a0<b>conjunto deportivo en\u00a0<\/b><i><b>total black<\/b><\/i>\u00a0y en el sauna, envuelta en una toalla blanca.<\/p>\n<figure class=\"\" data-testid=\"figure-testid\">\n<div class=\"aspect_ratio__container\"><picture class=\"responsive-image\"><source srcset=\"https:\/\/tn.com.ar\/resizer\/v2\/maria-susini-con-look-sporty-total-blackfoto-instagrammariasusini-BHOS3RPU5ZHC3HNGU4WCKJCDV4.jpg?auth=a4bf3bf96f14a339a781b3ff565f26b3f7dea8aa7832dabfb4427a068fdd800e&amp;width=767\" type=\"image\/jpg\" media=\"(max-width: 728px)\" \/><source srcset=\"https:\/\/tn.com.ar\/resizer\/v2\/maria-susini-con-look-sporty-total-blackfoto-instagrammariasusini-BHOS3RPU5ZHC3HNGU4WCKJCDV4.jpg?auth=a4bf3bf96f14a339a781b3ff565f26b3f7dea8aa7832dabfb4427a068fdd800e&amp;width=1023\" type=\"image\/jpg\" media=\"(max-width: 1023px)\" \/><source srcset=\"https:\/\/tn.com.ar\/resizer\/v2\/maria-susini-con-look-sporty-total-blackfoto-instagrammariasusini-BHOS3RPU5ZHC3HNGU4WCKJCDV4.jpg?auth=a4bf3bf96f14a339a781b3ff565f26b3f7dea8aa7832dabfb4427a068fdd800e&amp;width=1440\" type=\"image\/jpg\" \/><img loading=\"lazy\" decoding=\"async\" class=\"image content-image image_placeholder\" src=\"https:\/\/tn.com.ar\/resizer\/v2\/maria-susini-con-look-sporty-total-blackfoto-instagrammariasusini-BHOS3RPU5ZHC3HNGU4WCKJCDV4.jpg?auth=a4bf3bf96f14a339a781b3ff565f26b3f7dea8aa7832dabfb4427a068fdd800e&amp;width=767\" alt=\"Mar\u00eda Susini con look sporty total black.(Foto: Instagram\/@mariasusini)\" width=\"767\" height=\"1023\" data-testid=\"loading-testid\" \/><\/picture><\/div><figcaption class=\"caption_image\" data-testid=\"figcaption-testid\">\n<div class=\"image_caption \">Mar\u00eda Susini con look sporty total black.(Foto: Instagram\/@mariasusini)<\/div>\n<\/figcaption><\/figure>\n<p class=\"paragraph font__body-regular\">\u201cMe encanta venir a relajar y disfrutar de sus espacios maravillosos. Yo paso por todos. Gym, spa, est\u00e9tica, pileta de hielo. \u00a1Uno mejor que el otro!\u201c, escribi\u00f3 en el pie del posteo, donde acumul\u00f3 halagos como\u00a0<b>\u201cLa mujer m\u00e1s hermosa del mundo\u201d y \u201cDiosa total\u201d.<\/b><\/p>\n<figure class=\"\" data-testid=\"figure-testid\">\n<div class=\"aspect_ratio__container\"><picture class=\"responsive-image\"><source srcset=\"https:\/\/tn.com.ar\/resizer\/v2\/maria-susini-a-puro-relax-en-el-sauna-foto-instagrammariasusini-R74KS5UARZA6RAGKEBHYMUDZ4I.jpg?auth=574455d6a2f8441181626a10dbae95d0fee0a6d16a9d1aaa7b2ebf52ed3e3f8f&amp;width=767\" type=\"image\/jpg\" media=\"(max-width: 728px)\" \/><source srcset=\"https:\/\/tn.com.ar\/resizer\/v2\/maria-susini-a-puro-relax-en-el-sauna-foto-instagrammariasusini-R74KS5UARZA6RAGKEBHYMUDZ4I.jpg?auth=574455d6a2f8441181626a10dbae95d0fee0a6d16a9d1aaa7b2ebf52ed3e3f8f&amp;width=1023\" type=\"image\/jpg\" media=\"(max-width: 1023px)\" \/><source srcset=\"https:\/\/tn.com.ar\/resizer\/v2\/maria-susini-a-puro-relax-en-el-sauna-foto-instagrammariasusini-R74KS5UARZA6RAGKEBHYMUDZ4I.jpg?auth=574455d6a2f8441181626a10dbae95d0fee0a6d16a9d1aaa7b2ebf52ed3e3f8f&amp;width=1440\" type=\"image\/jpg\" \/><img loading=\"lazy\" decoding=\"async\" class=\"image content-image image_placeholder\" src=\"https:\/\/tn.com.ar\/resizer\/v2\/maria-susini-a-puro-relax-en-el-sauna-foto-instagrammariasusini-R74KS5UARZA6RAGKEBHYMUDZ4I.jpg?auth=574455d6a2f8441181626a10dbae95d0fee0a6d16a9d1aaa7b2ebf52ed3e3f8f&amp;width=767\" alt=\"Mar\u00eda Susini a puro relax en el sauna. (Foto: Instagram\/@mariasusini)\" width=\"767\" height=\"1023\" data-testid=\"loading-testid\" \/><\/picture><\/div><figcaption class=\"caption_image\" data-testid=\"figcaption-testid\">\n<div class=\"image_caption \">Mar\u00eda Susini a puro relax en el sauna. (Foto: Instagram\/@mariasusini)<\/div>\n<\/figcaption><\/figure>\n<h2 class=\"font--primary font__display\">Mar\u00eda Susini en denim y brillos<\/h2>\n<p class=\"paragraph font__body-regular\">En los \u00faltimos d\u00edas, Mar\u00eda Susini dio el presente en la\u00a0<i>avant premiere<\/i>\u00a0argentina de\u00a0<i><b>Michael<\/b><\/i>, la pel\u00edcula sobre el rey del pop, y su look no fue lo \u00fanico que acapar\u00f3 las miradas. Susini fue acompa\u00f1ada por\u00a0<b>dos de sus hijos,\u00a0<\/b><a title=\"https:\/\/tn.com.ar\/estilo\/celebridades\/2024\/11\/08\/asi-esta-a-los-16-anos-india-arana-la-hija-de-facundo-arana-y-maria-susini\/\" href=\"https:\/\/tn.com.ar\/estilo\/celebridades\/2024\/11\/08\/asi-esta-a-los-16-anos-india-arana-la-hija-de-facundo-arana-y-maria-susini\/\" target=\"_self\" rel=\"\"><b>India\u00a0<\/b><\/a><b>y Le\u00f3n Moro Arana<\/b>, que tambi\u00e9n desplegaron estilo.<\/p>\n<p class=\"paragraph font__body-regular\">La ex de Facundo Arana arm\u00f3 un\u00a0<i>outfit\u00a0<\/i>con gui\u00f1os pop, en sinton\u00eda con la tem\u00e1tica del evento. Combin\u00f3 un\u00a0<b>top sin mangas de escote en V<\/b>, estilo corpi\u00f1o, bordado completamente con peque\u00f1os\u00a0<b>cristales negros<\/b>, con un<b>\u00a0pantal\u00f3n de jean negro gastado adornado con tachas.<\/b><\/p>\n<figure class=\"\" data-testid=\"figure-testid\">\n<div class=\"aspect_ratio__container\"><picture class=\"responsive-image\"><source srcset=\"https:\/\/tn.com.ar\/resizer\/v2\/el-look-de-maria-susini-para-la-premiere-de-michael-foto-movilpress-JD5ZQBG3WRFKZCK6DCIHE4QWDE.jpg?auth=23947fa591a3c6051b7427087f12ecc76ef4b77c77e406fcf3bc1d4cb4259fa3&amp;width=767\" type=\"image\/jpg\" media=\"(max-width: 728px)\" \/><source srcset=\"https:\/\/tn.com.ar\/resizer\/v2\/el-look-de-maria-susini-para-la-premiere-de-michael-foto-movilpress-JD5ZQBG3WRFKZCK6DCIHE4QWDE.jpg?auth=23947fa591a3c6051b7427087f12ecc76ef4b77c77e406fcf3bc1d4cb4259fa3&amp;width=1023\" type=\"image\/jpg\" media=\"(max-width: 1023px)\" \/><source srcset=\"https:\/\/tn.com.ar\/resizer\/v2\/el-look-de-maria-susini-para-la-premiere-de-michael-foto-movilpress-JD5ZQBG3WRFKZCK6DCIHE4QWDE.jpg?auth=23947fa591a3c6051b7427087f12ecc76ef4b77c77e406fcf3bc1d4cb4259fa3&amp;width=1440\" type=\"image\/jpg\" \/><img loading=\"lazy\" decoding=\"async\" class=\"image content-image image_placeholder\" src=\"https:\/\/tn.com.ar\/resizer\/v2\/el-look-de-maria-susini-para-la-premiere-de-michael-foto-movilpress-JD5ZQBG3WRFKZCK6DCIHE4QWDE.jpg?auth=23947fa591a3c6051b7427087f12ecc76ef4b77c77e406fcf3bc1d4cb4259fa3&amp;width=767\" alt=\"El look de Mar\u00eda Susini para la premiere de &quot;Michael&quot;. (Foto: Movilpress)\" width=\"767\" height=\"1153\" data-testid=\"loading-testid\" \/><\/picture><\/div><figcaption class=\"caption_image\" data-testid=\"figcaption-testid\">\n<div class=\"image_caption \">El look de Mar\u00eda Susini para la premiere de &#8220;Michael&#8221;. (Foto: Movilpress)<\/div>\n<\/figcaption><\/figure>\n<p class=\"paragraph font__body-regular\">Complet\u00f3 el look para la alfombra roja con calzado de cuero con plataformas y aros de argolla plateados. El pelo suelto con<b>\u00a0ondas naturales\u00a0<\/b>y un maquillaje\u00a0<i>glam\u00a0<\/i>con\u00a0<b>delineado, rubor y\u00a0<\/b><i><b>gloss<\/b><\/i><i>\u00a0<\/i>fueron los detalles finales.<\/p>\n<figure class=\"\" data-testid=\"figure-testid\">\n<div class=\"aspect_ratio__container\"><picture class=\"responsive-image\"><source srcset=\"https:\/\/tn.com.ar\/resizer\/v2\/maria-susini-con-brillos-y-espalda-al-desnudo-foto-movilpress-2C3IUSDP5NEWRGGPHR5BBJPVKE.jpg?auth=a11bb09b8c795cc59fb744e3dcf6ccc25fd982a9d973151dad411376b936d360&amp;width=767\" type=\"image\/jpg\" media=\"(max-width: 728px)\" \/><source srcset=\"https:\/\/tn.com.ar\/resizer\/v2\/maria-susini-con-brillos-y-espalda-al-desnudo-foto-movilpress-2C3IUSDP5NEWRGGPHR5BBJPVKE.jpg?auth=a11bb09b8c795cc59fb744e3dcf6ccc25fd982a9d973151dad411376b936d360&amp;width=1023\" type=\"image\/jpg\" media=\"(max-width: 1023px)\" \/><source srcset=\"https:\/\/tn.com.ar\/resizer\/v2\/maria-susini-con-brillos-y-espalda-al-desnudo-foto-movilpress-2C3IUSDP5NEWRGGPHR5BBJPVKE.jpg?auth=a11bb09b8c795cc59fb744e3dcf6ccc25fd982a9d973151dad411376b936d360&amp;width=1440\" type=\"image\/jpg\" \/><img loading=\"lazy\" decoding=\"async\" class=\"image content-image image_placeholder\" src=\"https:\/\/tn.com.ar\/resizer\/v2\/maria-susini-con-brillos-y-espalda-al-desnudo-foto-movilpress-2C3IUSDP5NEWRGGPHR5BBJPVKE.jpg?auth=a11bb09b8c795cc59fb744e3dcf6ccc25fd982a9d973151dad411376b936d360&amp;width=767\" alt=\"Mar\u00eda Susini con brillos y espalda al desnudo. (Foto: Movilpress)\" width=\"767\" height=\"1153\" data-testid=\"loading-testid\" \/><\/picture><\/div><figcaption class=\"caption_image\" data-testid=\"figcaption-testid\">\n<div class=\"image_caption \">Mar\u00eda Susini con brillos y espalda al desnudo. (Foto: Movilpress)<\/div>\n<\/figcaption><\/figure>\n<p class=\"paragraph font__body-regular\">Su hija Mayor, India, no se qued\u00f3 atr\u00e1s. No es la primera vez que la adolescente de 17 a\u00f1os acompa\u00f1a a su mam\u00e1 a un evento, siempre con su toque\u00a0<b>moderno af\u00edn a las tendencias de la generaci\u00f3n Z.<\/b><\/p>\n<p class=\"paragraph font__body-regular\">Esta vez, a juego con la conductora, luci\u00f3 un<b>\u00a0top lencero de breteles finos con un bordado de\u00a0<\/b><i><b>strass\u00a0<\/b><\/i><b>plateado\u00a0<\/b>en l\u00edneas diagonales. Lo combin\u00f3 con un<b>\u00a0pantal\u00f3n de jean negro\u00a0<\/b><i><b>wide leg<\/b><\/i>, calzado al tono con terminaci\u00f3n en punta y una cartera a juego con flecos.<\/p>\n<figure class=\"\" data-testid=\"figure-testid\">\n<div class=\"aspect_ratio__container\"><picture class=\"responsive-image\"><source srcset=\"https:\/\/tn.com.ar\/resizer\/v2\/india-y-leon-moro-arana-y-maria-susini-a-puro-estilo-foto-movilpress-7UJ6KEP2C5CGVIFGNKQWOMPQ7E.jpg?auth=e71bb868b8db6238842b63f49058df0488d6a034053350f7d7110701803e4cc8&amp;width=767\" type=\"image\/jpg\" media=\"(max-width: 728px)\" \/><source srcset=\"https:\/\/tn.com.ar\/resizer\/v2\/india-y-leon-moro-arana-y-maria-susini-a-puro-estilo-foto-movilpress-7UJ6KEP2C5CGVIFGNKQWOMPQ7E.jpg?auth=e71bb868b8db6238842b63f49058df0488d6a034053350f7d7110701803e4cc8&amp;width=1023\" type=\"image\/jpg\" media=\"(max-width: 1023px)\" \/><source srcset=\"https:\/\/tn.com.ar\/resizer\/v2\/india-y-leon-moro-arana-y-maria-susini-a-puro-estilo-foto-movilpress-7UJ6KEP2C5CGVIFGNKQWOMPQ7E.jpg?auth=e71bb868b8db6238842b63f49058df0488d6a034053350f7d7110701803e4cc8&amp;width=1440\" type=\"image\/jpg\" \/><img loading=\"lazy\" decoding=\"async\" class=\"image content-image image_placeholder\" src=\"https:\/\/tn.com.ar\/resizer\/v2\/india-y-leon-moro-arana-y-maria-susini-a-puro-estilo-foto-movilpress-7UJ6KEP2C5CGVIFGNKQWOMPQ7E.jpg?auth=e71bb868b8db6238842b63f49058df0488d6a034053350f7d7110701803e4cc8&amp;width=767\" alt=\"India y Le\u00f3n Moro Arana y Mar\u00eda Susini a puro estilo. (Foto: Movilpress)\" width=\"767\" height=\"1153\" data-testid=\"loading-testid\" \/><\/picture><\/div><figcaption class=\"caption_image\" data-testid=\"figcaption-testid\">\n<div class=\"image_caption \">India y Le\u00f3n Moro Arana y Mar\u00eda Susini a puro estilo. (Foto: Movilpress)<\/div>\n<\/figcaption><\/figure>\n<p class=\"paragraph font__body-regular\">Como su mam\u00e1, tambi\u00e9n llev\u00f3 el\u00a0<b>pelo suelto con ondas y un maquillaje sutil y minimalista.<\/b><\/p>\n<p class=\"paragraph font__body-regular\">Le\u00f3n Moro, uno de los mellizos, dio el presente con un look<i><b>\u00a0total black<\/b><\/i>, en compos\u00e9 con su hermana y su mam\u00e1. Llev\u00f3 una\u00a0<b>chaqueta de cuero negra\u00a0<\/b>con un\u00a0<b>jean cargo a juego\u00a0<\/b>y botas de cuero al tono.<\/p>\n<figure class=\"\" data-testid=\"figure-testid\">\n<div class=\"aspect_ratio__container\"><picture class=\"responsive-image\"><source srcset=\"https:\/\/tn.com.ar\/resizer\/v2\/india-y-leon-moro-dos-de-los-hijos-de-maria-susini-desplegaron-estilo-junto-a-su-mama-foto-movilpress-QAEHCAC23FGX3AS4ZWCNZFNPDU.jpg?auth=cbe050a8a34a72863b4e02dcb91454073142017f5ee5972e8b426aaed824ca20&amp;width=767\" type=\"image\/jpg\" media=\"(max-width: 728px)\" \/><source srcset=\"https:\/\/tn.com.ar\/resizer\/v2\/india-y-leon-moro-dos-de-los-hijos-de-maria-susini-desplegaron-estilo-junto-a-su-mama-foto-movilpress-QAEHCAC23FGX3AS4ZWCNZFNPDU.jpg?auth=cbe050a8a34a72863b4e02dcb91454073142017f5ee5972e8b426aaed824ca20&amp;width=1023\" type=\"image\/jpg\" media=\"(max-width: 1023px)\" \/><source srcset=\"https:\/\/tn.com.ar\/resizer\/v2\/india-y-leon-moro-dos-de-los-hijos-de-maria-susini-desplegaron-estilo-junto-a-su-mama-foto-movilpress-QAEHCAC23FGX3AS4ZWCNZFNPDU.jpg?auth=cbe050a8a34a72863b4e02dcb91454073142017f5ee5972e8b426aaed824ca20&amp;width=1440\" type=\"image\/jpg\" \/><img loading=\"lazy\" decoding=\"async\" class=\"image content-image image_placeholder\" src=\"https:\/\/tn.com.ar\/resizer\/v2\/india-y-leon-moro-dos-de-los-hijos-de-maria-susini-desplegaron-estilo-junto-a-su-mama-foto-movilpress-QAEHCAC23FGX3AS4ZWCNZFNPDU.jpg?auth=cbe050a8a34a72863b4e02dcb91454073142017f5ee5972e8b426aaed824ca20&amp;width=767\" alt=\"India y Le\u00f3n Moro, dos de los hijos de Mar\u00eda Susini, desplegaron estilo junto a su mam\u00e1. (Foto: Movilpress)\" width=\"767\" height=\"510\" data-testid=\"loading-testid\" \/><\/picture><\/div><figcaption class=\"caption_image\" data-testid=\"figcaption-testid\">\n<div class=\"image_caption \">India y Le\u00f3n Moro, dos de los hijos de Mar\u00eda Susini, desplegaron estilo junto a su mam\u00e1. (Foto: Movilpress)<\/div>\n<\/figcaption><\/figure>\n<p class=\"paragraph font__body-regular\">Pero el verdadero elemento protagonista de su look fue el llamativo peinado, con el pelo\u00a0<b>rubio decolorado<\/b>: una cresta estilo\u00a0<i><b>punk\u00a0<\/b><\/i>con terminaci\u00f3n en\u00a0<b>jopo voluminoso<\/b>\u00a0y los costados m\u00e1s rebajados, peinados prolijamente hacia atr\u00e1s con efecto\u00a0<i><b>wet<\/b><\/i>.<\/p>\n","protected":false},"excerpt":{"rendered":"<p>Separada de Fancundo Arana, se mostr\u00f3 desde un hotel con un modelo de l\u00farex con tiritas criss cross. A m\u00e1s de dos d\u00e9cadas de su debut en las pasarelas,\u00a0Mar\u00eda Susini\u00a0sigue manteniendo vigente su faceta fashionista. La exmodelo es muy activa en su perfil de Instagram y en las \u00faltimas horas sorprendi\u00f3 a sus seguidores con [&hellip;]<\/p>\n","protected":false},"author":1,"featured_media":15783,"comment_status":"open","ping_status":"open","sticky":false,"template":"","format":"standard","meta":{"rop_custom_images_group":[],"rop_custom_messages_group":[],"rop_publish_now":"initial","rop_publish_now_accounts":[],"rop_publish_now_history":[],"rop_publish_now_status":"pending","footnotes":"","jetpack_publicize_message":"","jetpack_publicize_feature_enabled":true,"jetpack_social_post_already_shared":true,"jetpack_social_options":{"image_generator_settings":{"template":"highway","enabled":false},"version":2}},"categories":[14],"tags":[],"class_list":{"0":"post-15782","1":"post","2":"type-post","3":"status-publish","4":"format-standard","5":"has-post-thumbnail","7":"category-chica-hot"},"jetpack_publicize_connections":[],"yoast_head":"<!-- This site is optimized with the Yoast SEO plugin v27.3 - https:\/\/yoast.com\/product\/yoast-seo-wordpress\/ -->\n<title>Mar\u00eda Susini eligi\u00f3 una trikini blanca con brillo para un momento de relax en el jacuzzi - CLAN ESPECTACULOS<\/title>\n<meta name=\"robots\" content=\"index, follow, max-snippet:-1, max-image-preview:large, max-video-preview:-1\" \/>\n<link rel=\"canonical\" href=\"https:\/\/radioclanfm.com\/clanespectaculos\/maria-susini-eligio-una-trikini-blanca-con-brillo-para-un-momento-de-relax-en-el-jacuzzi\/\" \/>\n<meta property=\"og:locale\" content=\"es_ES\" \/>\n<meta property=\"og:type\" content=\"article\" \/>\n<meta property=\"og:title\" content=\"Mar\u00eda Susini eligi\u00f3 una trikini blanca con brillo para un momento de relax en el jacuzzi - CLAN ESPECTACULOS\" \/>\n<meta property=\"og:description\" content=\"Separada de Fancundo Arana, se mostr\u00f3 desde un hotel con un modelo de l\u00farex con tiritas criss cross. A m\u00e1s de dos d\u00e9cadas de su debut en las pasarelas,\u00a0Mar\u00eda Susini\u00a0sigue manteniendo vigente su faceta fashionista. La exmodelo es muy activa en su perfil de Instagram y en las \u00faltimas horas sorprendi\u00f3 a sus seguidores con [&hellip;]\" \/>\n<meta property=\"og:url\" content=\"https:\/\/radioclanfm.com\/clanespectaculos\/maria-susini-eligio-una-trikini-blanca-con-brillo-para-un-momento-de-relax-en-el-jacuzzi\/\" \/>\n<meta property=\"og:site_name\" content=\"CLAN ESPECTACULOS\" \/>\n<meta property=\"article:publisher\" content=\"https:\/\/www.facebook.com\/clanespectaculos\/\" \/>\n<meta property=\"article:published_time\" content=\"2026-04-25T14:01:44+00:00\" \/>\n<meta property=\"og:image\" content=\"https:\/\/radioclanfm.com\/clanespectaculos\/wp-content\/uploads\/sites\/2\/2026\/04\/LJLR5mYN.jpg\" \/>\n\t<meta property=\"og:image:width\" content=\"900\" \/>\n\t<meta property=\"og:image:height\" content=\"507\" \/>\n\t<meta property=\"og:image:type\" content=\"image\/jpeg\" \/>\n<meta name=\"author\" content=\"E-GRUPOCLAN\" \/>\n<meta name=\"twitter:card\" content=\"summary_large_image\" \/>\n<meta name=\"twitter:creator\" content=\"@clanespectok\" \/>\n<meta name=\"twitter:site\" content=\"@clanespectok\" \/>\n<meta name=\"twitter:label1\" content=\"Escrito por\" \/>\n\t<meta name=\"twitter:data1\" content=\"E-GRUPOCLAN\" \/>\n\t<meta name=\"twitter:label2\" content=\"Tiempo de lectura\" \/>\n\t<meta name=\"twitter:data2\" content=\"5 minutos\" \/>\n<script type=\"application\/ld+json\" class=\"yoast-schema-graph\">{\"@context\":\"https:\\\/\\\/schema.org\",\"@graph\":[{\"@type\":\"Article\",\"@id\":\"https:\\\/\\\/radioclanfm.com\\\/clanespectaculos\\\/maria-susini-eligio-una-trikini-blanca-con-brillo-para-un-momento-de-relax-en-el-jacuzzi\\\/#article\",\"isPartOf\":{\"@id\":\"https:\\\/\\\/radioclanfm.com\\\/clanespectaculos\\\/maria-susini-eligio-una-trikini-blanca-con-brillo-para-un-momento-de-relax-en-el-jacuzzi\\\/\"},\"author\":{\"name\":\"E-GRUPOCLAN\",\"@id\":\"https:\\\/\\\/radioclanfm.com\\\/clanespectaculos\\\/#\\\/schema\\\/person\\\/9734813083303230f3ad84d99171b20c\"},\"headline\":\"Mar\u00eda Susini eligi\u00f3 una trikini blanca con brillo para un momento de relax en el jacuzzi\",\"datePublished\":\"2026-04-25T14:01:44+00:00\",\"mainEntityOfPage\":{\"@id\":\"https:\\\/\\\/radioclanfm.com\\\/clanespectaculos\\\/maria-susini-eligio-una-trikini-blanca-con-brillo-para-un-momento-de-relax-en-el-jacuzzi\\\/\"},\"wordCount\":716,\"commentCount\":0,\"publisher\":{\"@id\":\"https:\\\/\\\/radioclanfm.com\\\/clanespectaculos\\\/#organization\"},\"image\":{\"@id\":\"https:\\\/\\\/radioclanfm.com\\\/clanespectaculos\\\/maria-susini-eligio-una-trikini-blanca-con-brillo-para-un-momento-de-relax-en-el-jacuzzi\\\/#primaryimage\"},\"thumbnailUrl\":\"https:\\\/\\\/radioclanfm.com\\\/clanespectaculos\\\/wp-content\\\/uploads\\\/sites\\\/2\\\/2026\\\/04\\\/LJLR5mYN.jpg\",\"articleSection\":[\"CHICA HOT\"],\"inLanguage\":\"es-AR\",\"potentialAction\":[{\"@type\":\"CommentAction\",\"name\":\"Comment\",\"target\":[\"https:\\\/\\\/radioclanfm.com\\\/clanespectaculos\\\/maria-susini-eligio-una-trikini-blanca-con-brillo-para-un-momento-de-relax-en-el-jacuzzi\\\/#respond\"]}]},{\"@type\":\"WebPage\",\"@id\":\"https:\\\/\\\/radioclanfm.com\\\/clanespectaculos\\\/maria-susini-eligio-una-trikini-blanca-con-brillo-para-un-momento-de-relax-en-el-jacuzzi\\\/\",\"url\":\"https:\\\/\\\/radioclanfm.com\\\/clanespectaculos\\\/maria-susini-eligio-una-trikini-blanca-con-brillo-para-un-momento-de-relax-en-el-jacuzzi\\\/\",\"name\":\"Mar\u00eda Susini eligi\u00f3 una trikini blanca con brillo para un momento de relax en el jacuzzi - CLAN ESPECTACULOS\",\"isPartOf\":{\"@id\":\"https:\\\/\\\/radioclanfm.com\\\/clanespectaculos\\\/#website\"},\"primaryImageOfPage\":{\"@id\":\"https:\\\/\\\/radioclanfm.com\\\/clanespectaculos\\\/maria-susini-eligio-una-trikini-blanca-con-brillo-para-un-momento-de-relax-en-el-jacuzzi\\\/#primaryimage\"},\"image\":{\"@id\":\"https:\\\/\\\/radioclanfm.com\\\/clanespectaculos\\\/maria-susini-eligio-una-trikini-blanca-con-brillo-para-un-momento-de-relax-en-el-jacuzzi\\\/#primaryimage\"},\"thumbnailUrl\":\"https:\\\/\\\/radioclanfm.com\\\/clanespectaculos\\\/wp-content\\\/uploads\\\/sites\\\/2\\\/2026\\\/04\\\/LJLR5mYN.jpg\",\"datePublished\":\"2026-04-25T14:01:44+00:00\",\"breadcrumb\":{\"@id\":\"https:\\\/\\\/radioclanfm.com\\\/clanespectaculos\\\/maria-susini-eligio-una-trikini-blanca-con-brillo-para-un-momento-de-relax-en-el-jacuzzi\\\/#breadcrumb\"},\"inLanguage\":\"es-AR\",\"potentialAction\":[{\"@type\":\"ReadAction\",\"target\":[\"https:\\\/\\\/radioclanfm.com\\\/clanespectaculos\\\/maria-susini-eligio-una-trikini-blanca-con-brillo-para-un-momento-de-relax-en-el-jacuzzi\\\/\"]}]},{\"@type\":\"ImageObject\",\"inLanguage\":\"es-AR\",\"@id\":\"https:\\\/\\\/radioclanfm.com\\\/clanespectaculos\\\/maria-susini-eligio-una-trikini-blanca-con-brillo-para-un-momento-de-relax-en-el-jacuzzi\\\/#primaryimage\",\"url\":\"https:\\\/\\\/radioclanfm.com\\\/clanespectaculos\\\/wp-content\\\/uploads\\\/sites\\\/2\\\/2026\\\/04\\\/LJLR5mYN.jpg\",\"contentUrl\":\"https:\\\/\\\/radioclanfm.com\\\/clanespectaculos\\\/wp-content\\\/uploads\\\/sites\\\/2\\\/2026\\\/04\\\/LJLR5mYN.jpg\",\"width\":900,\"height\":507},{\"@type\":\"BreadcrumbList\",\"@id\":\"https:\\\/\\\/radioclanfm.com\\\/clanespectaculos\\\/maria-susini-eligio-una-trikini-blanca-con-brillo-para-un-momento-de-relax-en-el-jacuzzi\\\/#breadcrumb\",\"itemListElement\":[{\"@type\":\"ListItem\",\"position\":1,\"name\":\"Inicio\",\"item\":\"https:\\\/\\\/radioclanfm.com\\\/clanespectaculos\\\/\"},{\"@type\":\"ListItem\",\"position\":2,\"name\":\"Mar\u00eda Susini eligi\u00f3 una trikini blanca con brillo para un momento de relax en el jacuzzi\"}]},{\"@type\":\"WebSite\",\"@id\":\"https:\\\/\\\/radioclanfm.com\\\/clanespectaculos\\\/#website\",\"url\":\"https:\\\/\\\/radioclanfm.com\\\/clanespectaculos\\\/\",\"name\":\"CLAN ESPECTACULOS\",\"description\":\"\",\"publisher\":{\"@id\":\"https:\\\/\\\/radioclanfm.com\\\/clanespectaculos\\\/#organization\"},\"potentialAction\":[{\"@type\":\"SearchAction\",\"target\":{\"@type\":\"EntryPoint\",\"urlTemplate\":\"https:\\\/\\\/radioclanfm.com\\\/clanespectaculos\\\/?s={search_term_string}\"},\"query-input\":{\"@type\":\"PropertyValueSpecification\",\"valueRequired\":true,\"valueName\":\"search_term_string\"}}],\"inLanguage\":\"es-AR\"},{\"@type\":\"Organization\",\"@id\":\"https:\\\/\\\/radioclanfm.com\\\/clanespectaculos\\\/#organization\",\"name\":\"CLAN ESPECTACULOS\",\"url\":\"https:\\\/\\\/radioclanfm.com\\\/clanespectaculos\\\/\",\"logo\":{\"@type\":\"ImageObject\",\"inLanguage\":\"es-AR\",\"@id\":\"https:\\\/\\\/radioclanfm.com\\\/clanespectaculos\\\/#\\\/schema\\\/logo\\\/image\\\/\",\"url\":\"https:\\\/\\\/radioclanfm.com\\\/clanespectaculos\\\/wp-content\\\/uploads\\\/sites\\\/2\\\/2026\\\/04\\\/ChatGPT-Image-23-mar-2026-10_09_00.png\",\"contentUrl\":\"https:\\\/\\\/radioclanfm.com\\\/clanespectaculos\\\/wp-content\\\/uploads\\\/sites\\\/2\\\/2026\\\/04\\\/ChatGPT-Image-23-mar-2026-10_09_00.png\",\"width\":1024,\"height\":1024,\"caption\":\"CLAN ESPECTACULOS\"},\"image\":{\"@id\":\"https:\\\/\\\/radioclanfm.com\\\/clanespectaculos\\\/#\\\/schema\\\/logo\\\/image\\\/\"},\"sameAs\":[\"https:\\\/\\\/www.facebook.com\\\/clanespectaculos\\\/\",\"https:\\\/\\\/x.com\\\/clanespectok\"]},{\"@type\":\"Person\",\"@id\":\"https:\\\/\\\/radioclanfm.com\\\/clanespectaculos\\\/#\\\/schema\\\/person\\\/9734813083303230f3ad84d99171b20c\",\"name\":\"E-GRUPOCLAN\",\"image\":{\"@type\":\"ImageObject\",\"inLanguage\":\"es-AR\",\"@id\":\"https:\\\/\\\/secure.gravatar.com\\\/avatar\\\/af6e19837c3d6a212034a48c7b3818d2ac1826f6025df0155da5a186ad321d79?s=96&d=mm&r=g\",\"url\":\"https:\\\/\\\/secure.gravatar.com\\\/avatar\\\/af6e19837c3d6a212034a48c7b3818d2ac1826f6025df0155da5a186ad321d79?s=96&d=mm&r=g\",\"contentUrl\":\"https:\\\/\\\/secure.gravatar.com\\\/avatar\\\/af6e19837c3d6a212034a48c7b3818d2ac1826f6025df0155da5a186ad321d79?s=96&d=mm&r=g\",\"caption\":\"E-GRUPOCLAN\"},\"sameAs\":[\"https:\\\/\\\/radioclanfm.com\"],\"url\":\"https:\\\/\\\/radioclanfm.com\\\/clanespectaculos\\\/author\\\/admin\\\/\"}]}<\/script>\n<!-- \/ Yoast SEO plugin. -->","yoast_head_json":{"title":"Mar\u00eda Susini eligi\u00f3 una trikini blanca con brillo para un momento de relax en el jacuzzi - CLAN ESPECTACULOS","robots":{"index":"index","follow":"follow","max-snippet":"max-snippet:-1","max-image-preview":"max-image-preview:large","max-video-preview":"max-video-preview:-1"},"canonical":"https:\/\/radioclanfm.com\/clanespectaculos\/maria-susini-eligio-una-trikini-blanca-con-brillo-para-un-momento-de-relax-en-el-jacuzzi\/","og_locale":"es_ES","og_type":"article","og_title":"Mar\u00eda Susini eligi\u00f3 una trikini blanca con brillo para un momento de relax en el jacuzzi - CLAN ESPECTACULOS","og_description":"Separada de Fancundo Arana, se mostr\u00f3 desde un hotel con un modelo de l\u00farex con tiritas criss cross. A m\u00e1s de dos d\u00e9cadas de su debut en las pasarelas,\u00a0Mar\u00eda Susini\u00a0sigue manteniendo vigente su faceta fashionista. La exmodelo es muy activa en su perfil de Instagram y en las \u00faltimas horas sorprendi\u00f3 a sus seguidores con [&hellip;]","og_url":"https:\/\/radioclanfm.com\/clanespectaculos\/maria-susini-eligio-una-trikini-blanca-con-brillo-para-un-momento-de-relax-en-el-jacuzzi\/","og_site_name":"CLAN ESPECTACULOS","article_publisher":"https:\/\/www.facebook.com\/clanespectaculos\/","article_published_time":"2026-04-25T14:01:44+00:00","og_image":[{"width":900,"height":507,"url":"https:\/\/radioclanfm.com\/clanespectaculos\/wp-content\/uploads\/sites\/2\/2026\/04\/LJLR5mYN.jpg","type":"image\/jpeg"}],"author":"E-GRUPOCLAN","twitter_card":"summary_large_image","twitter_creator":"@clanespectok","twitter_site":"@clanespectok","twitter_misc":{"Escrito por":"E-GRUPOCLAN","Tiempo de lectura":"5 minutos"},"schema":{"@context":"https:\/\/schema.org","@graph":[{"@type":"Article","@id":"https:\/\/radioclanfm.com\/clanespectaculos\/maria-susini-eligio-una-trikini-blanca-con-brillo-para-un-momento-de-relax-en-el-jacuzzi\/#article","isPartOf":{"@id":"https:\/\/radioclanfm.com\/clanespectaculos\/maria-susini-eligio-una-trikini-blanca-con-brillo-para-un-momento-de-relax-en-el-jacuzzi\/"},"author":{"name":"E-GRUPOCLAN","@id":"https:\/\/radioclanfm.com\/clanespectaculos\/#\/schema\/person\/9734813083303230f3ad84d99171b20c"},"headline":"Mar\u00eda Susini eligi\u00f3 una trikini blanca con brillo para un momento de relax en el jacuzzi","datePublished":"2026-04-25T14:01:44+00:00","mainEntityOfPage":{"@id":"https:\/\/radioclanfm.com\/clanespectaculos\/maria-susini-eligio-una-trikini-blanca-con-brillo-para-un-momento-de-relax-en-el-jacuzzi\/"},"wordCount":716,"commentCount":0,"publisher":{"@id":"https:\/\/radioclanfm.com\/clanespectaculos\/#organization"},"image":{"@id":"https:\/\/radioclanfm.com\/clanespectaculos\/maria-susini-eligio-una-trikini-blanca-con-brillo-para-un-momento-de-relax-en-el-jacuzzi\/#primaryimage"},"thumbnailUrl":"https:\/\/radioclanfm.com\/clanespectaculos\/wp-content\/uploads\/sites\/2\/2026\/04\/LJLR5mYN.jpg","articleSection":["CHICA HOT"],"inLanguage":"es-AR","potentialAction":[{"@type":"CommentAction","name":"Comment","target":["https:\/\/radioclanfm.com\/clanespectaculos\/maria-susini-eligio-una-trikini-blanca-con-brillo-para-un-momento-de-relax-en-el-jacuzzi\/#respond"]}]},{"@type":"WebPage","@id":"https:\/\/radioclanfm.com\/clanespectaculos\/maria-susini-eligio-una-trikini-blanca-con-brillo-para-un-momento-de-relax-en-el-jacuzzi\/","url":"https:\/\/radioclanfm.com\/clanespectaculos\/maria-susini-eligio-una-trikini-blanca-con-brillo-para-un-momento-de-relax-en-el-jacuzzi\/","name":"Mar\u00eda Susini eligi\u00f3 una trikini blanca con brillo para un momento de relax en el jacuzzi - CLAN ESPECTACULOS","isPartOf":{"@id":"https:\/\/radioclanfm.com\/clanespectaculos\/#website"},"primaryImageOfPage":{"@id":"https:\/\/radioclanfm.com\/clanespectaculos\/maria-susini-eligio-una-trikini-blanca-con-brillo-para-un-momento-de-relax-en-el-jacuzzi\/#primaryimage"},"image":{"@id":"https:\/\/radioclanfm.com\/clanespectaculos\/maria-susini-eligio-una-trikini-blanca-con-brillo-para-un-momento-de-relax-en-el-jacuzzi\/#primaryimage"},"thumbnailUrl":"https:\/\/radioclanfm.com\/clanespectaculos\/wp-content\/uploads\/sites\/2\/2026\/04\/LJLR5mYN.jpg","datePublished":"2026-04-25T14:01:44+00:00","breadcrumb":{"@id":"https:\/\/radioclanfm.com\/clanespectaculos\/maria-susini-eligio-una-trikini-blanca-con-brillo-para-un-momento-de-relax-en-el-jacuzzi\/#breadcrumb"},"inLanguage":"es-AR","potentialAction":[{"@type":"ReadAction","target":["https:\/\/radioclanfm.com\/clanespectaculos\/maria-susini-eligio-una-trikini-blanca-con-brillo-para-un-momento-de-relax-en-el-jacuzzi\/"]}]},{"@type":"ImageObject","inLanguage":"es-AR","@id":"https:\/\/radioclanfm.com\/clanespectaculos\/maria-susini-eligio-una-trikini-blanca-con-brillo-para-un-momento-de-relax-en-el-jacuzzi\/#primaryimage","url":"https:\/\/radioclanfm.com\/clanespectaculos\/wp-content\/uploads\/sites\/2\/2026\/04\/LJLR5mYN.jpg","contentUrl":"https:\/\/radioclanfm.com\/clanespectaculos\/wp-content\/uploads\/sites\/2\/2026\/04\/LJLR5mYN.jpg","width":900,"height":507},{"@type":"BreadcrumbList","@id":"https:\/\/radioclanfm.com\/clanespectaculos\/maria-susini-eligio-una-trikini-blanca-con-brillo-para-un-momento-de-relax-en-el-jacuzzi\/#breadcrumb","itemListElement":[{"@type":"ListItem","position":1,"name":"Inicio","item":"https:\/\/radioclanfm.com\/clanespectaculos\/"},{"@type":"ListItem","position":2,"name":"Mar\u00eda Susini eligi\u00f3 una trikini blanca con brillo para un momento de relax en el jacuzzi"}]},{"@type":"WebSite","@id":"https:\/\/radioclanfm.com\/clanespectaculos\/#website","url":"https:\/\/radioclanfm.com\/clanespectaculos\/","name":"CLAN ESPECTACULOS","description":"","publisher":{"@id":"https:\/\/radioclanfm.com\/clanespectaculos\/#organization"},"potentialAction":[{"@type":"SearchAction","target":{"@type":"EntryPoint","urlTemplate":"https:\/\/radioclanfm.com\/clanespectaculos\/?s={search_term_string}"},"query-input":{"@type":"PropertyValueSpecification","valueRequired":true,"valueName":"search_term_string"}}],"inLanguage":"es-AR"},{"@type":"Organization","@id":"https:\/\/radioclanfm.com\/clanespectaculos\/#organization","name":"CLAN ESPECTACULOS","url":"https:\/\/radioclanfm.com\/clanespectaculos\/","logo":{"@type":"ImageObject","inLanguage":"es-AR","@id":"https:\/\/radioclanfm.com\/clanespectaculos\/#\/schema\/logo\/image\/","url":"https:\/\/radioclanfm.com\/clanespectaculos\/wp-content\/uploads\/sites\/2\/2026\/04\/ChatGPT-Image-23-mar-2026-10_09_00.png","contentUrl":"https:\/\/radioclanfm.com\/clanespectaculos\/wp-content\/uploads\/sites\/2\/2026\/04\/ChatGPT-Image-23-mar-2026-10_09_00.png","width":1024,"height":1024,"caption":"CLAN ESPECTACULOS"},"image":{"@id":"https:\/\/radioclanfm.com\/clanespectaculos\/#\/schema\/logo\/image\/"},"sameAs":["https:\/\/www.facebook.com\/clanespectaculos\/","https:\/\/x.com\/clanespectok"]},{"@type":"Person","@id":"https:\/\/radioclanfm.com\/clanespectaculos\/#\/schema\/person\/9734813083303230f3ad84d99171b20c","name":"E-GRUPOCLAN","image":{"@type":"ImageObject","inLanguage":"es-AR","@id":"https:\/\/secure.gravatar.com\/avatar\/af6e19837c3d6a212034a48c7b3818d2ac1826f6025df0155da5a186ad321d79?s=96&d=mm&r=g","url":"https:\/\/secure.gravatar.com\/avatar\/af6e19837c3d6a212034a48c7b3818d2ac1826f6025df0155da5a186ad321d79?s=96&d=mm&r=g","contentUrl":"https:\/\/secure.gravatar.com\/avatar\/af6e19837c3d6a212034a48c7b3818d2ac1826f6025df0155da5a186ad321d79?s=96&d=mm&r=g","caption":"E-GRUPOCLAN"},"sameAs":["https:\/\/radioclanfm.com"],"url":"https:\/\/radioclanfm.com\/clanespectaculos\/author\/admin\/"}]}},"_links":{"self":[{"href":"https:\/\/radioclanfm.com\/clanespectaculos\/wp-json\/wp\/v2\/posts\/15782","targetHints":{"allow":["GET"]}}],"collection":[{"href":"https:\/\/radioclanfm.com\/clanespectaculos\/wp-json\/wp\/v2\/posts"}],"about":[{"href":"https:\/\/radioclanfm.com\/clanespectaculos\/wp-json\/wp\/v2\/types\/post"}],"author":[{"embeddable":true,"href":"https:\/\/radioclanfm.com\/clanespectaculos\/wp-json\/wp\/v2\/users\/1"}],"replies":[{"embeddable":true,"href":"https:\/\/radioclanfm.com\/clanespectaculos\/wp-json\/wp\/v2\/comments?post=15782"}],"version-history":[{"count":1,"href":"https:\/\/radioclanfm.com\/clanespectaculos\/wp-json\/wp\/v2\/posts\/15782\/revisions"}],"predecessor-version":[{"id":15784,"href":"https:\/\/radioclanfm.com\/clanespectaculos\/wp-json\/wp\/v2\/posts\/15782\/revisions\/15784"}],"wp:featuredmedia":[{"embeddable":true,"href":"https:\/\/radioclanfm.com\/clanespectaculos\/wp-json\/wp\/v2\/media\/15783"}],"wp:attachment":[{"href":"https:\/\/radioclanfm.com\/clanespectaculos\/wp-json\/wp\/v2\/media?parent=15782"}],"wp:term":[{"taxonomy":"category","embeddable":true,"href":"https:\/\/radioclanfm.com\/clanespectaculos\/wp-json\/wp\/v2\/categories?post=15782"},{"taxonomy":"post_tag","embeddable":true,"href":"https:\/\/radioclanfm.com\/clanespectaculos\/wp-json\/wp\/v2\/tags?post=15782"}],"curies":[{"name":"wp","href":"https:\/\/api.w.org\/{rel}","templated":true}]}}