{"id":15779,"date":"2026-04-25T11:00:06","date_gmt":"2026-04-25T14:00:06","guid":{"rendered":"https:\/\/radioclanfm.com\/clanespectaculos\/?p=15779"},"modified":"2026-04-25T11:00:06","modified_gmt":"2026-04-25T14:00:06","slug":"los-estilistas-coinciden-la-prenda-que-hace-ver-mas-alta-a-cualquier-persona-sin-importar-el-talle","status":"publish","type":"post","link":"https:\/\/radioclanfm.com\/clanespectaculos\/los-estilistas-coinciden-la-prenda-que-hace-ver-mas-alta-a-cualquier-persona-sin-importar-el-talle\/","title":{"rendered":"Los estilistas coinciden: la prenda que hace ver m\u00e1s alta a cualquier persona sin importar el talle"},"content":{"rendered":"<p>Es un cl\u00e1sico del guardarropa que volvi\u00f3 con fuerza y tiene un efecto visual inmediato: estiliza la figura y alarga la silueta.<\/p>\n<div class=\"col-content\"><main class=\"col-content\"><\/p>\n<div class=\"default-article-color article__body article__article\">\n<p class=\"paragraph font__body-regular\">En moda, hay trucos que no dependen del cuerpo ni del talle, sino de c\u00f3mo se combinan las prendas. En ese sentido, los estilistas coinciden en que existe una pieza clave capaz de generar un\u00a0<b>efecto visual que alarga la figura de forma instant\u00e1nea<\/b>.<\/p>\n<div id=\"ad-slot-infeed\" class=\"infeed-container ad-slot-infeed ad-slot\" data-adtype=\"infeed\" data-lazyload=\"1\" data-google-query-id=\"CJeKntGUiZQDFTKDYQYdAmgAhg\">\n<div id=\"google_ads_iframe_\/113951150\/tn-arc\/nota\/infeed_0__container__\"><iframe id=\"google_ads_iframe_\/113951150\/tn-arc\/nota\/infeed_0\" tabindex=\"0\" title=\"Contenido de anuncios de terceros\" name=\"google_ads_iframe_\/113951150\/tn-arc\/nota\/infeed_0\" width=\"1\" height=\"1\" frameborder=\"0\" marginwidth=\"0\" marginheight=\"0\" scrolling=\"no\" aria-label=\"Anuncio\" data-google-container-id=\"9\" data-load-complete=\"true\" data-mce-fragment=\"1\"><\/iframe><\/div>\n<\/div>\n<p class=\"paragraph font__body-regular\">Se trata del\u00a0<b>pantal\u00f3n de tiro alto<\/b>, una prenda que volvi\u00f3 a posicionarse como tendencia y que se destaca por su capacidad de\u00a0<b>elevar la cintura y estilizar toda la silueta<\/b>. Su secreto est\u00e1 en c\u00f3mo modifica las proporciones del cuerpo.<\/p>\n<h2 class=\"font--primary font__display\">Por qu\u00e9 el pantal\u00f3n de tiro alto estiliza tanto<\/h2>\n<p class=\"paragraph font__body-regular\">El principal efecto de esta prenda es que\u00a0<b>\u201csube\u201d visualmente la l\u00ednea de la cintura<\/b>, lo que hace que las piernas parezcan m\u00e1s largas.<\/p>\n<p class=\"paragraph font__body-regular\">Esto genera una\u00a0<b>silueta m\u00e1s estilizada<\/b>,\u00a0<b>mayor sensaci\u00f3n de altura<\/b>\u00a0y un\u00a0<b>look m\u00e1s equilibrado<\/b>.<\/p>\n<p class=\"paragraph font__body-regular\">A diferencia de los pantalones de tiro bajo, que acortan visualmente las piernas, el tiro alto logra el efecto contrario sin esfuerzo.<\/p>\n<figure class=\"\" data-testid=\"figure-testid\">\n<div class=\"aspect_ratio__container\"><picture class=\"responsive-image\"><source srcset=\"https:\/\/tn.com.ar\/resizer\/v2\/el-tiro-alto-se-impone-porque-combina-comodidad-estilo-y-versatilidad-imagen-creada-con-ia-Z6M7T2EYRVAYBK4ODLDTTVZRFQ.png?auth=8685360256912399b05303a4dde89164e222806f08e66ebbf41247cecdd5999d&amp;width=767\" type=\"image\/jpg\" media=\"(max-width: 728px)\" \/><source srcset=\"https:\/\/tn.com.ar\/resizer\/v2\/el-tiro-alto-se-impone-porque-combina-comodidad-estilo-y-versatilidad-imagen-creada-con-ia-Z6M7T2EYRVAYBK4ODLDTTVZRFQ.png?auth=8685360256912399b05303a4dde89164e222806f08e66ebbf41247cecdd5999d&amp;width=1023\" type=\"image\/jpg\" media=\"(max-width: 1023px)\" \/><source srcset=\"https:\/\/tn.com.ar\/resizer\/v2\/el-tiro-alto-se-impone-porque-combina-comodidad-estilo-y-versatilidad-imagen-creada-con-ia-Z6M7T2EYRVAYBK4ODLDTTVZRFQ.png?auth=8685360256912399b05303a4dde89164e222806f08e66ebbf41247cecdd5999d&amp;width=1440\" type=\"image\/jpg\" \/><img loading=\"lazy\" decoding=\"async\" class=\"image content-image image_placeholder\" src=\"https:\/\/tn.com.ar\/resizer\/v2\/el-tiro-alto-se-impone-porque-combina-comodidad-estilo-y-versatilidad-imagen-creada-con-ia-Z6M7T2EYRVAYBK4ODLDTTVZRFQ.png?auth=8685360256912399b05303a4dde89164e222806f08e66ebbf41247cecdd5999d&amp;width=767\" alt=\"El tiro alto se impone porque combina comodidad, estilo y versatilidad (Imagen creada con IA).\" width=\"767\" height=\"430\" data-testid=\"loading-testid\" \/><\/picture><\/div><figcaption class=\"caption_image\" data-testid=\"figcaption-testid\">\n<div class=\"image_caption \">El tiro alto se impone porque combina comodidad, estilo y versatilidad (Imagen creada con IA).<\/div>\n<\/figcaption><\/figure>\n<h2 class=\"font--primary font__display\">Una prenda que funciona para todos los cuerpos<\/h2>\n<p class=\"paragraph font__body-regular\">Uno de los puntos m\u00e1s destacados es que no depende del talle. El pantal\u00f3n de tiro alto\u00a0<b>favorece a distintos tipos de cuerpo<\/b>, ya que ordena la figura y marca mejor la proporci\u00f3n entre torso y piernas.<\/p>\n<p class=\"paragraph font__body-regular\">Adem\u00e1s:<\/p>\n<ul class=\"ul__list list\">\n<li class=\"list__item\">Ayuda a definir la cintura<\/li>\n<li class=\"list__item\">Puede disimular la zona abdominal<\/li>\n<li class=\"list__item\">Genera una ca\u00edda m\u00e1s prolija en el outfit<\/li>\n<\/ul>\n<h2 class=\"font--primary font__display\">C\u00f3mo potenciar el efecto de altura<\/h2>\n<p class=\"paragraph font__body-regular\">Para lograr un resultado a\u00fan m\u00e1s marcado, los especialistas recomiendan combinarlo con:<\/p>\n<ul class=\"ul__list list\">\n<li class=\"list__item\">Prendas superiores por dentro del pantal\u00f3n<\/li>\n<li class=\"list__item\">Colores similares entre parte de arriba y abajo<\/li>\n<li class=\"list__item\">Calzado que contin\u00fae la l\u00ednea visual (como tonos neutros)<\/li>\n<\/ul>\n<p class=\"paragraph font__body-regular\">Tambi\u00e9n funciona muy bien con\u00a0<b>pantalones rectos o de pierna ancha<\/b>, que refuerzan la sensaci\u00f3n de verticalidad.<\/p>\n<h2 class=\"font--primary font__display\">Por qu\u00e9 volvi\u00f3 a ser tendencia<\/h2>\n<p class=\"paragraph font__body-regular\">Adem\u00e1s de su efecto favorecedor, el tiro alto se impone porque combina\u00a0<b>comodidad, estilo y versatilidad<\/b>. Puede adaptarse a looks formales, urbanos o relajados sin perder su esencia.<\/p>\n<p class=\"paragraph font__body-regular\">En una temporada donde la moda apunta a\u00a0<b>resaltar la silueta de forma natural<\/b>, esta prenda se convierte en un aliado clave.<\/p>\n<p class=\"paragraph font__body-regular\">La clave no est\u00e1 en cambiar el cuerpo, sino en elegir mejor las prendas. Y en ese sentido, el pantal\u00f3n de tiro alto demuestra que\u00a0<b>un buen corte puede hacer toda la diferencia<\/b>.<\/p>\n<\/div>\n<p><\/main><\/div>\n<aside class=\"col-right-rail right-rail\">\n<div id=\"parent-ad-slot-caja\" class=\"ad-container caja_ad \">\n<div class=\"ad-content\"><\/div>\n<\/div>\n<\/aside>\n","protected":false},"excerpt":{"rendered":"<p>Es un cl\u00e1sico del guardarropa que volvi\u00f3 con fuerza y tiene un efecto visual inmediato: estiliza la figura y alarga la silueta. En moda, hay trucos que no dependen del cuerpo ni del talle, sino de c\u00f3mo se combinan las prendas. En ese sentido, los estilistas coinciden en que existe una pieza clave capaz de [&hellip;]<\/p>\n","protected":false},"author":1,"featured_media":15780,"comment_status":"open","ping_status":"open","sticky":false,"template":"","format":"standard","meta":{"rop_custom_images_group":[],"rop_custom_messages_group":[],"rop_publish_now":"initial","rop_publish_now_accounts":[],"rop_publish_now_history":[],"rop_publish_now_status":"pending","footnotes":"","jetpack_publicize_message":"","jetpack_publicize_feature_enabled":true,"jetpack_social_post_already_shared":true,"jetpack_social_options":{"image_generator_settings":{"template":"highway","enabled":false},"version":2}},"categories":[16],"tags":[],"class_list":{"0":"post-15779","1":"post","2":"type-post","3":"status-publish","4":"format-standard","5":"has-post-thumbnail","7":"category-tendencias"},"jetpack_publicize_connections":[],"yoast_head":"<!-- This site is optimized with the Yoast SEO plugin v27.3 - https:\/\/yoast.com\/product\/yoast-seo-wordpress\/ -->\n<title>Los estilistas coinciden: la prenda que hace ver m\u00e1s alta a cualquier persona sin importar el talle - CLAN ESPECTACULOS<\/title>\n<meta name=\"robots\" content=\"index, follow, max-snippet:-1, max-image-preview:large, max-video-preview:-1\" \/>\n<link rel=\"canonical\" href=\"https:\/\/radioclanfm.com\/clanespectaculos\/los-estilistas-coinciden-la-prenda-que-hace-ver-mas-alta-a-cualquier-persona-sin-importar-el-talle\/\" \/>\n<meta property=\"og:locale\" content=\"es_ES\" \/>\n<meta property=\"og:type\" content=\"article\" \/>\n<meta property=\"og:title\" content=\"Los estilistas coinciden: la prenda que hace ver m\u00e1s alta a cualquier persona sin importar el talle - CLAN ESPECTACULOS\" \/>\n<meta property=\"og:description\" content=\"Es un cl\u00e1sico del guardarropa que volvi\u00f3 con fuerza y tiene un efecto visual inmediato: estiliza la figura y alarga la silueta. En moda, hay trucos que no dependen del cuerpo ni del talle, sino de c\u00f3mo se combinan las prendas. En ese sentido, los estilistas coinciden en que existe una pieza clave capaz de [&hellip;]\" \/>\n<meta property=\"og:url\" content=\"https:\/\/radioclanfm.com\/clanespectaculos\/los-estilistas-coinciden-la-prenda-que-hace-ver-mas-alta-a-cualquier-persona-sin-importar-el-talle\/\" \/>\n<meta property=\"og:site_name\" content=\"CLAN ESPECTACULOS\" \/>\n<meta property=\"article:publisher\" content=\"https:\/\/www.facebook.com\/clanespectaculos\/\" \/>\n<meta property=\"article:published_time\" content=\"2026-04-25T14:00:06+00:00\" \/>\n<meta property=\"og:image\" content=\"https:\/\/radioclanfm.com\/clanespectaculos\/wp-content\/uploads\/sites\/2\/2026\/04\/4w2bJn0z.jpg\" \/>\n\t<meta property=\"og:image:width\" content=\"900\" \/>\n\t<meta property=\"og:image:height\" content=\"505\" \/>\n\t<meta property=\"og:image:type\" content=\"image\/jpeg\" \/>\n<meta name=\"author\" content=\"E-GRUPOCLAN\" \/>\n<meta name=\"twitter:card\" content=\"summary_large_image\" \/>\n<meta name=\"twitter:creator\" content=\"@clanespectok\" \/>\n<meta name=\"twitter:site\" content=\"@clanespectok\" \/>\n<meta name=\"twitter:label1\" content=\"Escrito por\" \/>\n\t<meta name=\"twitter:data1\" content=\"E-GRUPOCLAN\" \/>\n\t<meta name=\"twitter:label2\" content=\"Tiempo de lectura\" \/>\n\t<meta name=\"twitter:data2\" content=\"3 minutos\" \/>\n<script type=\"application\/ld+json\" class=\"yoast-schema-graph\">{\"@context\":\"https:\\\/\\\/schema.org\",\"@graph\":[{\"@type\":\"Article\",\"@id\":\"https:\\\/\\\/radioclanfm.com\\\/clanespectaculos\\\/los-estilistas-coinciden-la-prenda-que-hace-ver-mas-alta-a-cualquier-persona-sin-importar-el-talle\\\/#article\",\"isPartOf\":{\"@id\":\"https:\\\/\\\/radioclanfm.com\\\/clanespectaculos\\\/los-estilistas-coinciden-la-prenda-que-hace-ver-mas-alta-a-cualquier-persona-sin-importar-el-talle\\\/\"},\"author\":{\"name\":\"E-GRUPOCLAN\",\"@id\":\"https:\\\/\\\/radioclanfm.com\\\/clanespectaculos\\\/#\\\/schema\\\/person\\\/9734813083303230f3ad84d99171b20c\"},\"headline\":\"Los estilistas coinciden: la prenda que hace ver m\u00e1s alta a cualquier persona sin importar el talle\",\"datePublished\":\"2026-04-25T14:00:06+00:00\",\"mainEntityOfPage\":{\"@id\":\"https:\\\/\\\/radioclanfm.com\\\/clanespectaculos\\\/los-estilistas-coinciden-la-prenda-que-hace-ver-mas-alta-a-cualquier-persona-sin-importar-el-talle\\\/\"},\"wordCount\":448,\"commentCount\":0,\"publisher\":{\"@id\":\"https:\\\/\\\/radioclanfm.com\\\/clanespectaculos\\\/#organization\"},\"image\":{\"@id\":\"https:\\\/\\\/radioclanfm.com\\\/clanespectaculos\\\/los-estilistas-coinciden-la-prenda-que-hace-ver-mas-alta-a-cualquier-persona-sin-importar-el-talle\\\/#primaryimage\"},\"thumbnailUrl\":\"https:\\\/\\\/radioclanfm.com\\\/clanespectaculos\\\/wp-content\\\/uploads\\\/sites\\\/2\\\/2026\\\/04\\\/4w2bJn0z.jpg\",\"articleSection\":[\"TENDENCIAS\"],\"inLanguage\":\"es-AR\",\"potentialAction\":[{\"@type\":\"CommentAction\",\"name\":\"Comment\",\"target\":[\"https:\\\/\\\/radioclanfm.com\\\/clanespectaculos\\\/los-estilistas-coinciden-la-prenda-que-hace-ver-mas-alta-a-cualquier-persona-sin-importar-el-talle\\\/#respond\"]}]},{\"@type\":\"WebPage\",\"@id\":\"https:\\\/\\\/radioclanfm.com\\\/clanespectaculos\\\/los-estilistas-coinciden-la-prenda-que-hace-ver-mas-alta-a-cualquier-persona-sin-importar-el-talle\\\/\",\"url\":\"https:\\\/\\\/radioclanfm.com\\\/clanespectaculos\\\/los-estilistas-coinciden-la-prenda-que-hace-ver-mas-alta-a-cualquier-persona-sin-importar-el-talle\\\/\",\"name\":\"Los estilistas coinciden: la prenda que hace ver m\u00e1s alta a cualquier persona sin importar el talle - CLAN ESPECTACULOS\",\"isPartOf\":{\"@id\":\"https:\\\/\\\/radioclanfm.com\\\/clanespectaculos\\\/#website\"},\"primaryImageOfPage\":{\"@id\":\"https:\\\/\\\/radioclanfm.com\\\/clanespectaculos\\\/los-estilistas-coinciden-la-prenda-que-hace-ver-mas-alta-a-cualquier-persona-sin-importar-el-talle\\\/#primaryimage\"},\"image\":{\"@id\":\"https:\\\/\\\/radioclanfm.com\\\/clanespectaculos\\\/los-estilistas-coinciden-la-prenda-que-hace-ver-mas-alta-a-cualquier-persona-sin-importar-el-talle\\\/#primaryimage\"},\"thumbnailUrl\":\"https:\\\/\\\/radioclanfm.com\\\/clanespectaculos\\\/wp-content\\\/uploads\\\/sites\\\/2\\\/2026\\\/04\\\/4w2bJn0z.jpg\",\"datePublished\":\"2026-04-25T14:00:06+00:00\",\"breadcrumb\":{\"@id\":\"https:\\\/\\\/radioclanfm.com\\\/clanespectaculos\\\/los-estilistas-coinciden-la-prenda-que-hace-ver-mas-alta-a-cualquier-persona-sin-importar-el-talle\\\/#breadcrumb\"},\"inLanguage\":\"es-AR\",\"potentialAction\":[{\"@type\":\"ReadAction\",\"target\":[\"https:\\\/\\\/radioclanfm.com\\\/clanespectaculos\\\/los-estilistas-coinciden-la-prenda-que-hace-ver-mas-alta-a-cualquier-persona-sin-importar-el-talle\\\/\"]}]},{\"@type\":\"ImageObject\",\"inLanguage\":\"es-AR\",\"@id\":\"https:\\\/\\\/radioclanfm.com\\\/clanespectaculos\\\/los-estilistas-coinciden-la-prenda-que-hace-ver-mas-alta-a-cualquier-persona-sin-importar-el-talle\\\/#primaryimage\",\"url\":\"https:\\\/\\\/radioclanfm.com\\\/clanespectaculos\\\/wp-content\\\/uploads\\\/sites\\\/2\\\/2026\\\/04\\\/4w2bJn0z.jpg\",\"contentUrl\":\"https:\\\/\\\/radioclanfm.com\\\/clanespectaculos\\\/wp-content\\\/uploads\\\/sites\\\/2\\\/2026\\\/04\\\/4w2bJn0z.jpg\",\"width\":900,\"height\":505},{\"@type\":\"BreadcrumbList\",\"@id\":\"https:\\\/\\\/radioclanfm.com\\\/clanespectaculos\\\/los-estilistas-coinciden-la-prenda-que-hace-ver-mas-alta-a-cualquier-persona-sin-importar-el-talle\\\/#breadcrumb\",\"itemListElement\":[{\"@type\":\"ListItem\",\"position\":1,\"name\":\"Inicio\",\"item\":\"https:\\\/\\\/radioclanfm.com\\\/clanespectaculos\\\/\"},{\"@type\":\"ListItem\",\"position\":2,\"name\":\"Los estilistas coinciden: la prenda que hace ver m\u00e1s alta a cualquier persona sin importar el talle\"}]},{\"@type\":\"WebSite\",\"@id\":\"https:\\\/\\\/radioclanfm.com\\\/clanespectaculos\\\/#website\",\"url\":\"https:\\\/\\\/radioclanfm.com\\\/clanespectaculos\\\/\",\"name\":\"CLAN ESPECTACULOS\",\"description\":\"\",\"publisher\":{\"@id\":\"https:\\\/\\\/radioclanfm.com\\\/clanespectaculos\\\/#organization\"},\"potentialAction\":[{\"@type\":\"SearchAction\",\"target\":{\"@type\":\"EntryPoint\",\"urlTemplate\":\"https:\\\/\\\/radioclanfm.com\\\/clanespectaculos\\\/?s={search_term_string}\"},\"query-input\":{\"@type\":\"PropertyValueSpecification\",\"valueRequired\":true,\"valueName\":\"search_term_string\"}}],\"inLanguage\":\"es-AR\"},{\"@type\":\"Organization\",\"@id\":\"https:\\\/\\\/radioclanfm.com\\\/clanespectaculos\\\/#organization\",\"name\":\"CLAN ESPECTACULOS\",\"url\":\"https:\\\/\\\/radioclanfm.com\\\/clanespectaculos\\\/\",\"logo\":{\"@type\":\"ImageObject\",\"inLanguage\":\"es-AR\",\"@id\":\"https:\\\/\\\/radioclanfm.com\\\/clanespectaculos\\\/#\\\/schema\\\/logo\\\/image\\\/\",\"url\":\"https:\\\/\\\/radioclanfm.com\\\/clanespectaculos\\\/wp-content\\\/uploads\\\/sites\\\/2\\\/2026\\\/04\\\/ChatGPT-Image-23-mar-2026-10_09_00.png\",\"contentUrl\":\"https:\\\/\\\/radioclanfm.com\\\/clanespectaculos\\\/wp-content\\\/uploads\\\/sites\\\/2\\\/2026\\\/04\\\/ChatGPT-Image-23-mar-2026-10_09_00.png\",\"width\":1024,\"height\":1024,\"caption\":\"CLAN ESPECTACULOS\"},\"image\":{\"@id\":\"https:\\\/\\\/radioclanfm.com\\\/clanespectaculos\\\/#\\\/schema\\\/logo\\\/image\\\/\"},\"sameAs\":[\"https:\\\/\\\/www.facebook.com\\\/clanespectaculos\\\/\",\"https:\\\/\\\/x.com\\\/clanespectok\"]},{\"@type\":\"Person\",\"@id\":\"https:\\\/\\\/radioclanfm.com\\\/clanespectaculos\\\/#\\\/schema\\\/person\\\/9734813083303230f3ad84d99171b20c\",\"name\":\"E-GRUPOCLAN\",\"image\":{\"@type\":\"ImageObject\",\"inLanguage\":\"es-AR\",\"@id\":\"https:\\\/\\\/secure.gravatar.com\\\/avatar\\\/af6e19837c3d6a212034a48c7b3818d2ac1826f6025df0155da5a186ad321d79?s=96&d=mm&r=g\",\"url\":\"https:\\\/\\\/secure.gravatar.com\\\/avatar\\\/af6e19837c3d6a212034a48c7b3818d2ac1826f6025df0155da5a186ad321d79?s=96&d=mm&r=g\",\"contentUrl\":\"https:\\\/\\\/secure.gravatar.com\\\/avatar\\\/af6e19837c3d6a212034a48c7b3818d2ac1826f6025df0155da5a186ad321d79?s=96&d=mm&r=g\",\"caption\":\"E-GRUPOCLAN\"},\"sameAs\":[\"https:\\\/\\\/radioclanfm.com\"],\"url\":\"https:\\\/\\\/radioclanfm.com\\\/clanespectaculos\\\/author\\\/admin\\\/\"}]}<\/script>\n<!-- \/ Yoast SEO plugin. -->","yoast_head_json":{"title":"Los estilistas coinciden: la prenda que hace ver m\u00e1s alta a cualquier persona sin importar el talle - CLAN ESPECTACULOS","robots":{"index":"index","follow":"follow","max-snippet":"max-snippet:-1","max-image-preview":"max-image-preview:large","max-video-preview":"max-video-preview:-1"},"canonical":"https:\/\/radioclanfm.com\/clanespectaculos\/los-estilistas-coinciden-la-prenda-que-hace-ver-mas-alta-a-cualquier-persona-sin-importar-el-talle\/","og_locale":"es_ES","og_type":"article","og_title":"Los estilistas coinciden: la prenda que hace ver m\u00e1s alta a cualquier persona sin importar el talle - CLAN ESPECTACULOS","og_description":"Es un cl\u00e1sico del guardarropa que volvi\u00f3 con fuerza y tiene un efecto visual inmediato: estiliza la figura y alarga la silueta. En moda, hay trucos que no dependen del cuerpo ni del talle, sino de c\u00f3mo se combinan las prendas. En ese sentido, los estilistas coinciden en que existe una pieza clave capaz de [&hellip;]","og_url":"https:\/\/radioclanfm.com\/clanespectaculos\/los-estilistas-coinciden-la-prenda-que-hace-ver-mas-alta-a-cualquier-persona-sin-importar-el-talle\/","og_site_name":"CLAN ESPECTACULOS","article_publisher":"https:\/\/www.facebook.com\/clanespectaculos\/","article_published_time":"2026-04-25T14:00:06+00:00","og_image":[{"width":900,"height":505,"url":"https:\/\/radioclanfm.com\/clanespectaculos\/wp-content\/uploads\/sites\/2\/2026\/04\/4w2bJn0z.jpg","type":"image\/jpeg"}],"author":"E-GRUPOCLAN","twitter_card":"summary_large_image","twitter_creator":"@clanespectok","twitter_site":"@clanespectok","twitter_misc":{"Escrito por":"E-GRUPOCLAN","Tiempo de lectura":"3 minutos"},"schema":{"@context":"https:\/\/schema.org","@graph":[{"@type":"Article","@id":"https:\/\/radioclanfm.com\/clanespectaculos\/los-estilistas-coinciden-la-prenda-que-hace-ver-mas-alta-a-cualquier-persona-sin-importar-el-talle\/#article","isPartOf":{"@id":"https:\/\/radioclanfm.com\/clanespectaculos\/los-estilistas-coinciden-la-prenda-que-hace-ver-mas-alta-a-cualquier-persona-sin-importar-el-talle\/"},"author":{"name":"E-GRUPOCLAN","@id":"https:\/\/radioclanfm.com\/clanespectaculos\/#\/schema\/person\/9734813083303230f3ad84d99171b20c"},"headline":"Los estilistas coinciden: la prenda que hace ver m\u00e1s alta a cualquier persona sin importar el talle","datePublished":"2026-04-25T14:00:06+00:00","mainEntityOfPage":{"@id":"https:\/\/radioclanfm.com\/clanespectaculos\/los-estilistas-coinciden-la-prenda-que-hace-ver-mas-alta-a-cualquier-persona-sin-importar-el-talle\/"},"wordCount":448,"commentCount":0,"publisher":{"@id":"https:\/\/radioclanfm.com\/clanespectaculos\/#organization"},"image":{"@id":"https:\/\/radioclanfm.com\/clanespectaculos\/los-estilistas-coinciden-la-prenda-que-hace-ver-mas-alta-a-cualquier-persona-sin-importar-el-talle\/#primaryimage"},"thumbnailUrl":"https:\/\/radioclanfm.com\/clanespectaculos\/wp-content\/uploads\/sites\/2\/2026\/04\/4w2bJn0z.jpg","articleSection":["TENDENCIAS"],"inLanguage":"es-AR","potentialAction":[{"@type":"CommentAction","name":"Comment","target":["https:\/\/radioclanfm.com\/clanespectaculos\/los-estilistas-coinciden-la-prenda-que-hace-ver-mas-alta-a-cualquier-persona-sin-importar-el-talle\/#respond"]}]},{"@type":"WebPage","@id":"https:\/\/radioclanfm.com\/clanespectaculos\/los-estilistas-coinciden-la-prenda-que-hace-ver-mas-alta-a-cualquier-persona-sin-importar-el-talle\/","url":"https:\/\/radioclanfm.com\/clanespectaculos\/los-estilistas-coinciden-la-prenda-que-hace-ver-mas-alta-a-cualquier-persona-sin-importar-el-talle\/","name":"Los estilistas coinciden: la prenda que hace ver m\u00e1s alta a cualquier persona sin importar el talle - CLAN ESPECTACULOS","isPartOf":{"@id":"https:\/\/radioclanfm.com\/clanespectaculos\/#website"},"primaryImageOfPage":{"@id":"https:\/\/radioclanfm.com\/clanespectaculos\/los-estilistas-coinciden-la-prenda-que-hace-ver-mas-alta-a-cualquier-persona-sin-importar-el-talle\/#primaryimage"},"image":{"@id":"https:\/\/radioclanfm.com\/clanespectaculos\/los-estilistas-coinciden-la-prenda-que-hace-ver-mas-alta-a-cualquier-persona-sin-importar-el-talle\/#primaryimage"},"thumbnailUrl":"https:\/\/radioclanfm.com\/clanespectaculos\/wp-content\/uploads\/sites\/2\/2026\/04\/4w2bJn0z.jpg","datePublished":"2026-04-25T14:00:06+00:00","breadcrumb":{"@id":"https:\/\/radioclanfm.com\/clanespectaculos\/los-estilistas-coinciden-la-prenda-que-hace-ver-mas-alta-a-cualquier-persona-sin-importar-el-talle\/#breadcrumb"},"inLanguage":"es-AR","potentialAction":[{"@type":"ReadAction","target":["https:\/\/radioclanfm.com\/clanespectaculos\/los-estilistas-coinciden-la-prenda-que-hace-ver-mas-alta-a-cualquier-persona-sin-importar-el-talle\/"]}]},{"@type":"ImageObject","inLanguage":"es-AR","@id":"https:\/\/radioclanfm.com\/clanespectaculos\/los-estilistas-coinciden-la-prenda-que-hace-ver-mas-alta-a-cualquier-persona-sin-importar-el-talle\/#primaryimage","url":"https:\/\/radioclanfm.com\/clanespectaculos\/wp-content\/uploads\/sites\/2\/2026\/04\/4w2bJn0z.jpg","contentUrl":"https:\/\/radioclanfm.com\/clanespectaculos\/wp-content\/uploads\/sites\/2\/2026\/04\/4w2bJn0z.jpg","width":900,"height":505},{"@type":"BreadcrumbList","@id":"https:\/\/radioclanfm.com\/clanespectaculos\/los-estilistas-coinciden-la-prenda-que-hace-ver-mas-alta-a-cualquier-persona-sin-importar-el-talle\/#breadcrumb","itemListElement":[{"@type":"ListItem","position":1,"name":"Inicio","item":"https:\/\/radioclanfm.com\/clanespectaculos\/"},{"@type":"ListItem","position":2,"name":"Los estilistas coinciden: la prenda que hace ver m\u00e1s alta a cualquier persona sin importar el talle"}]},{"@type":"WebSite","@id":"https:\/\/radioclanfm.com\/clanespectaculos\/#website","url":"https:\/\/radioclanfm.com\/clanespectaculos\/","name":"CLAN ESPECTACULOS","description":"","publisher":{"@id":"https:\/\/radioclanfm.com\/clanespectaculos\/#organization"},"potentialAction":[{"@type":"SearchAction","target":{"@type":"EntryPoint","urlTemplate":"https:\/\/radioclanfm.com\/clanespectaculos\/?s={search_term_string}"},"query-input":{"@type":"PropertyValueSpecification","valueRequired":true,"valueName":"search_term_string"}}],"inLanguage":"es-AR"},{"@type":"Organization","@id":"https:\/\/radioclanfm.com\/clanespectaculos\/#organization","name":"CLAN ESPECTACULOS","url":"https:\/\/radioclanfm.com\/clanespectaculos\/","logo":{"@type":"ImageObject","inLanguage":"es-AR","@id":"https:\/\/radioclanfm.com\/clanespectaculos\/#\/schema\/logo\/image\/","url":"https:\/\/radioclanfm.com\/clanespectaculos\/wp-content\/uploads\/sites\/2\/2026\/04\/ChatGPT-Image-23-mar-2026-10_09_00.png","contentUrl":"https:\/\/radioclanfm.com\/clanespectaculos\/wp-content\/uploads\/sites\/2\/2026\/04\/ChatGPT-Image-23-mar-2026-10_09_00.png","width":1024,"height":1024,"caption":"CLAN ESPECTACULOS"},"image":{"@id":"https:\/\/radioclanfm.com\/clanespectaculos\/#\/schema\/logo\/image\/"},"sameAs":["https:\/\/www.facebook.com\/clanespectaculos\/","https:\/\/x.com\/clanespectok"]},{"@type":"Person","@id":"https:\/\/radioclanfm.com\/clanespectaculos\/#\/schema\/person\/9734813083303230f3ad84d99171b20c","name":"E-GRUPOCLAN","image":{"@type":"ImageObject","inLanguage":"es-AR","@id":"https:\/\/secure.gravatar.com\/avatar\/af6e19837c3d6a212034a48c7b3818d2ac1826f6025df0155da5a186ad321d79?s=96&d=mm&r=g","url":"https:\/\/secure.gravatar.com\/avatar\/af6e19837c3d6a212034a48c7b3818d2ac1826f6025df0155da5a186ad321d79?s=96&d=mm&r=g","contentUrl":"https:\/\/secure.gravatar.com\/avatar\/af6e19837c3d6a212034a48c7b3818d2ac1826f6025df0155da5a186ad321d79?s=96&d=mm&r=g","caption":"E-GRUPOCLAN"},"sameAs":["https:\/\/radioclanfm.com"],"url":"https:\/\/radioclanfm.com\/clanespectaculos\/author\/admin\/"}]}},"_links":{"self":[{"href":"https:\/\/radioclanfm.com\/clanespectaculos\/wp-json\/wp\/v2\/posts\/15779","targetHints":{"allow":["GET"]}}],"collection":[{"href":"https:\/\/radioclanfm.com\/clanespectaculos\/wp-json\/wp\/v2\/posts"}],"about":[{"href":"https:\/\/radioclanfm.com\/clanespectaculos\/wp-json\/wp\/v2\/types\/post"}],"author":[{"embeddable":true,"href":"https:\/\/radioclanfm.com\/clanespectaculos\/wp-json\/wp\/v2\/users\/1"}],"replies":[{"embeddable":true,"href":"https:\/\/radioclanfm.com\/clanespectaculos\/wp-json\/wp\/v2\/comments?post=15779"}],"version-history":[{"count":1,"href":"https:\/\/radioclanfm.com\/clanespectaculos\/wp-json\/wp\/v2\/posts\/15779\/revisions"}],"predecessor-version":[{"id":15781,"href":"https:\/\/radioclanfm.com\/clanespectaculos\/wp-json\/wp\/v2\/posts\/15779\/revisions\/15781"}],"wp:featuredmedia":[{"embeddable":true,"href":"https:\/\/radioclanfm.com\/clanespectaculos\/wp-json\/wp\/v2\/media\/15780"}],"wp:attachment":[{"href":"https:\/\/radioclanfm.com\/clanespectaculos\/wp-json\/wp\/v2\/media?parent=15779"}],"wp:term":[{"taxonomy":"category","embeddable":true,"href":"https:\/\/radioclanfm.com\/clanespectaculos\/wp-json\/wp\/v2\/categories?post=15779"},{"taxonomy":"post_tag","embeddable":true,"href":"https:\/\/radioclanfm.com\/clanespectaculos\/wp-json\/wp\/v2\/tags?post=15779"}],"curies":[{"name":"wp","href":"https:\/\/api.w.org\/{rel}","templated":true}]}}