{"id":15776,"date":"2026-04-25T10:58:03","date_gmt":"2026-04-25T13:58:03","guid":{"rendered":"https:\/\/radioclanfm.com\/clanespectaculos\/?p=15776"},"modified":"2026-04-25T10:58:03","modified_gmt":"2026-04-25T13:58:03","slug":"la-previa-de-la-met-gala-ya-empezo-en-europa-las-muestras-que-convierten-a-la-moda-en-arte","status":"publish","type":"post","link":"https:\/\/radioclanfm.com\/clanespectaculos\/la-previa-de-la-met-gala-ya-empezo-en-europa-las-muestras-que-convierten-a-la-moda-en-arte\/","title":{"rendered":"La previa de la Met Gala ya empez\u00f3 en Europa: las muestras que convierten a la moda en arte"},"content":{"rendered":"<p>La edici\u00f3n 2026 de la gala m\u00e1s esperada celebrar\u00e1 la idea de que la moda puede ocupar el mismo lugar que una pintura o una escultura.<\/p>\n<div class=\"col-content\"><main class=\"col-content\"><\/p>\n<div class=\"default-article-color article__body article__article\">\n<p class=\"paragraph font__body-regular\">Mientras la pr\u00f3xima\u00a0<b>Met Gala<\/b>\u00a0se prepara para consagrar la idea de que<b>\u00a0la moda tambi\u00e9n puede ser una obra de arte,<\/b>\u00a0dos nuevas exposiciones en Europa parecen adelantarse a su esp\u00edritu. Una enfrenta vestidos de alta costura con pinturas y piezas arqueol\u00f3gicas; la otra convierte en protagonistas a los trajes de las reinas m\u00e1s inolvidables del cine, la \u00f3pera y el teatro.<\/p>\n<div id=\"ad-slot-infeed\" class=\"infeed-container ad-slot-infeed ad-slot\" data-adtype=\"infeed\" data-lazyload=\"1\" data-google-query-id=\"CMTlkpKUiZQDFRaEYQYdp0wjkg\">\n<div id=\"google_ads_iframe_\/113951150\/tn-arc\/nota\/infeed_0__container__\"><iframe id=\"google_ads_iframe_\/113951150\/tn-arc\/nota\/infeed_0\" tabindex=\"0\" title=\"Contenido de anuncios de terceros\" name=\"google_ads_iframe_\/113951150\/tn-arc\/nota\/infeed_0\" width=\"1\" height=\"1\" frameborder=\"0\" marginwidth=\"0\" marginheight=\"0\" scrolling=\"no\" aria-label=\"Anuncio\" data-google-container-id=\"9\" data-load-complete=\"true\" data-mce-fragment=\"1\"><\/iframe><\/div>\n<\/div>\n<p class=\"paragraph font__body-regular\">La edici\u00f3n 2026 de la Met Gala, que se celebrar\u00e1 el 4 de mayo, girar\u00e1 alrededor de la muestra\u00a0<i><b>\u201cCostume Art\u201d<\/b><\/i>\u00a0y tendr\u00e1 como dress code\u00a0<i><b>\u201cFashion Is Art\u201d\u00a0<\/b><\/i><b>(La moda es arte).<\/b>\u00a0La propuesta del Costume Institute del Museo Metropolitano de Arte de Nueva York buscar\u00e1 mostrar c\u00f3mo la ropa y el cuerpo vestido estuvieron presentes en la historia del arte durante siglos.<\/p>\n<div class=\"story-list\" data-mrf-recirculation=\"IL_RNrGCM52Q_ui4aMax3fibg\" data-testid=\"text-html\" data-mrf-experience=\"IL_RNrGCM52Q_ui4aMax3fibg\">\n<article class=\"card__container card__horizontal\">\n<div class=\"card__body\">\n<header>\n<h3 class=\"card__headline font__display\"><\/h3>\n<\/header>\n<\/div>\n<\/article>\n<\/div>\n<h2 class=\"font--primary font__display\">La Met Gala 2026 y una idea que ya recorre Europa<\/h2>\n<p class=\"paragraph font__body-regular\">En ese contexto, dos muestras reci\u00e9n inauguradas en Europa parecen funcionar como una especie de adelanto de lo que se ver\u00e1 en Nueva York.<\/p>\n<div class=\"genoa_video raw relative\">\n<div class=\"video_placeholder\">\n<div class=\"aspect_ratio__container\"><picture class=\"responsive-image\"><source srcset=\"https:\/\/tn.com.ar\/resizer\/v2\/https%3A%2F%2Fthumbs.vodgc.net%2F1-398-dCzDcE1776704301039_1080P.jpg?auth=a52352f902b9a239030a98777c9d85899760112d109410da191af7badb4308ce&amp;width=767\" type=\"image\/jpg\" media=\"(max-width: 728px)\" \/><source srcset=\"https:\/\/tn.com.ar\/resizer\/v2\/https%3A%2F%2Fthumbs.vodgc.net%2F1-398-dCzDcE1776704301039_1080P.jpg?auth=a52352f902b9a239030a98777c9d85899760112d109410da191af7badb4308ce&amp;width=1023\" type=\"image\/jpg\" media=\"(max-width: 1023px)\" \/><source srcset=\"https:\/\/tn.com.ar\/resizer\/v2\/https%3A%2F%2Fthumbs.vodgc.net%2F1-398-dCzDcE1776704301039_1080P.jpg?auth=a52352f902b9a239030a98777c9d85899760112d109410da191af7badb4308ce&amp;width=1440\" type=\"image\/jpg\" \/><\/picture><\/div>\n<p><button type=\"button\" data-testid=\"video-placeholder-button\"><\/button><\/div>\n<\/div>\n<p class=\"paragraph font__body-regular\">En Lisboa, la exposici\u00f3n\u00a0<i><b>\u201cArt &amp; Fashion\u201d<\/b><\/i>\u00a0convierte a<b>\u00a0la alta costura en una pieza de museo<\/b>. La muestra, presentada en la Calouste Gulbenkian Foundation, pone a dialogar alrededor de 140 vestidos y creaciones de dise\u00f1adores con m\u00e1s de 100 obras de arte de la colecci\u00f3n permanente.<\/p>\n<p class=\"paragraph font__body-regular\">Apenas se entra,\u00a0<b>un vestido dorado de sastrer\u00eda aparece junto a una m\u00e1scara egipcia<\/b>. M\u00e1s adelante,<b>\u00a0un corset ajustado de Alexander McQueen comparte sala con una pintura de Rembrandt<\/b>. Tambi\u00e9n hay dise\u00f1os de Jean Paul Gaultier, Crist\u00f3bal Balenciaga y Hubert de Givenchy frente a cuadros renacentistas, esculturas y piezas arqueol\u00f3gicas.<\/p>\n<figure class=\"\" data-testid=\"figure-testid\">\n<div class=\"aspect_ratio__container\"><picture class=\"responsive-image\"><source srcset=\"https:\/\/tn.com.ar\/resizer\/v2\/jarron-chino-de-la-dinastia-qing-junsto-a-un-vestido-pierre-balmain-de-tul-y-seda-de-1960-fotomudecolecao-francisco-capelo-XZZGKTDN6RBY5ABC4M7PHZ3DUQ.jpg?auth=c97ac891263e44d2a61ac00d9eaf4d4dd835e6da5f9bd6c47344caf9580d0d50&amp;width=767\" type=\"image\/jpg\" media=\"(max-width: 728px)\" \/><source srcset=\"https:\/\/tn.com.ar\/resizer\/v2\/jarron-chino-de-la-dinastia-qing-junsto-a-un-vestido-pierre-balmain-de-tul-y-seda-de-1960-fotomudecolecao-francisco-capelo-XZZGKTDN6RBY5ABC4M7PHZ3DUQ.jpg?auth=c97ac891263e44d2a61ac00d9eaf4d4dd835e6da5f9bd6c47344caf9580d0d50&amp;width=1023\" type=\"image\/jpg\" media=\"(max-width: 1023px)\" \/><source srcset=\"https:\/\/tn.com.ar\/resizer\/v2\/jarron-chino-de-la-dinastia-qing-junsto-a-un-vestido-pierre-balmain-de-tul-y-seda-de-1960-fotomudecolecao-francisco-capelo-XZZGKTDN6RBY5ABC4M7PHZ3DUQ.jpg?auth=c97ac891263e44d2a61ac00d9eaf4d4dd835e6da5f9bd6c47344caf9580d0d50&amp;width=1440\" type=\"image\/jpg\" \/><img loading=\"lazy\" decoding=\"async\" class=\"image content-image image_placeholder\" src=\"https:\/\/tn.com.ar\/resizer\/v2\/jarron-chino-de-la-dinastia-qing-junsto-a-un-vestido-pierre-balmain-de-tul-y-seda-de-1960-fotomudecolecao-francisco-capelo-XZZGKTDN6RBY5ABC4M7PHZ3DUQ.jpg?auth=c97ac891263e44d2a61ac00d9eaf4d4dd835e6da5f9bd6c47344caf9580d0d50&amp;width=767\" alt=\"Jarr\u00f3n chino de la dinast\u00eda Qing junsto a un vestido Pierre Balmain de tul y seda de 1960 (Foto:MUDE\/Cole\u00e7\u00e3o Francisco Capelo)\" width=\"767\" height=\"431\" data-testid=\"loading-testid\" \/><\/picture><\/div><figcaption class=\"caption_image\" data-testid=\"figcaption-testid\">\n<div class=\"image_caption \">Jarr\u00f3n chino de la dinast\u00eda Qing junsto a un vestido Pierre Balmain de tul y seda de 1960 (Foto:MUDE\/Cole\u00e7\u00e3o Francisco Capelo)<\/div>\n<\/figcaption><\/figure>\n<p class=\"paragraph font__body-regular\">El curador espa\u00f1ol Eloy Mart\u00ednez de la Pera imagin\u00f3 la exhibici\u00f3n como una manera de demostrar que\u00a0<b>la moda nunca fue algo separado del arte.\u00a0<\/b>Seg\u00fan explic\u00f3, la ropa ya estaba presente en el Egipto antiguo, en Grecia, en Roma y en el Renacimiento; simplemente, todav\u00eda no la mir\u00e1bamos con los mismos ojos con los que observamos una pintura o una escultura.<\/p>\n<p class=\"paragraph font__body-regular\">La muestra permanecer\u00e1 abierta hasta el 21 de junio y funciona, adem\u00e1s, como un homenaje a<b>\u00a0Calouste Sarkis Gulbenkian,<\/b>\u00a0creador de una de las colecciones privadas m\u00e1s importantes de Europa.<\/p>\n<h2 class=\"font--primary font__display\">Vestidos de reinas, cine y teatro en un palacio italiano<\/h2>\n<p class=\"paragraph font__body-regular\">Pero si Lisboa muestra c\u00f3mo la moda dialoga con el arte, la ciudad italiana de Venaria lleva la idea un paso m\u00e1s all\u00e1: convierte al<b>\u00a0vestuario en el gran constructor del poder.<\/b><\/p>\n<p class=\"paragraph font__body-regular\">La exposici\u00f3n<i>\u00a0\u201c<\/i><i><b>Queens on Stage<\/b><\/i><i>, The Art of Italian Costume in Film and Theater\u201d (Reinas en escena: El arte del vestuario italiano en el cine y el teatro,<\/i>\u00a0instalada en la Royal Palace of Venaria, re\u00fane\u00a0<b>31 vestidos usados por algunas de las reinas m\u00e1s memorables del cine, la \u00f3pera y el teatro.<\/b><\/p>\n<div class=\"genoa_video raw relative\">\n<div class=\"video_placeholder\">\n<div class=\"aspect_ratio__container\"><picture class=\"responsive-image\"><source srcset=\"https:\/\/tn.com.ar\/resizer\/v2\/https%3A%2F%2Fthumbs.vodgc.net%2F1-398-HCd2XQ1776704799485_1080P.jpg?auth=ff1430e71d82b75e2f8639ac5e4c3feb8e0d878800a152ab4468a4404b3060d8&amp;width=767\" type=\"image\/jpg\" media=\"(max-width: 728px)\" \/><source srcset=\"https:\/\/tn.com.ar\/resizer\/v2\/https%3A%2F%2Fthumbs.vodgc.net%2F1-398-HCd2XQ1776704799485_1080P.jpg?auth=ff1430e71d82b75e2f8639ac5e4c3feb8e0d878800a152ab4468a4404b3060d8&amp;width=1023\" type=\"image\/jpg\" media=\"(max-width: 1023px)\" \/><source srcset=\"https:\/\/tn.com.ar\/resizer\/v2\/https%3A%2F%2Fthumbs.vodgc.net%2F1-398-HCd2XQ1776704799485_1080P.jpg?auth=ff1430e71d82b75e2f8639ac5e4c3feb8e0d878800a152ab4468a4404b3060d8&amp;width=1440\" type=\"image\/jpg\" \/><\/picture><\/div>\n<p><button type=\"button\" data-testid=\"video-placeholder-button\"><\/button><\/div>\n<\/div>\n<p class=\"paragraph font__body-regular\">Entre ellos aparecen trajes que vistieron<b>\u00a0Maria Callas, Angelina Jolie, Kirsten Dunst, Elizabeth Taylor y Salma Hayek<\/b>. Algunos fueron dise\u00f1ados por el propio curador de la muestra, Massimo Cantini Parrini, dos veces nominado al Oscar y responsable reciente del vestuario de la ceremonia inaugural de los Juegos Ol\u00edmpicos de Invierno de Mil\u00e1n-Cortina.<\/p>\n<p class=\"paragraph font__body-regular\">Para la directora del palacio, Chiara Teolato, lo que solemos recordar de las reinas no son necesariamente sus palabras o sus rostros, sino sus vestidos. Porque<b>\u00a0la ropa, dice, es la forma m\u00e1s poderosa de transmitir autoridad.<\/b><\/p>\n<figure class=\"\" data-testid=\"figure-testid\">\n<div class=\"aspect_ratio__container\"><picture class=\"responsive-image\"><source srcset=\"https:\/\/tn.com.ar\/resizer\/v2\/traje-de-massimo-cantini-parrini-sartoria-tirelli-usado-por-salma-hayek-en-el-papel-de-la-reina-de-longtrellis-en-la-pelicula-tale-of-tales-foto-palacio-lavenaria-YGWVSF3MTRCM7NSO67AEW335ZA.jpg?auth=b96866e6d84fca1fd887177aa2a3af5aa4d5e91d5d251f1b26aa5cef59f0da5e&amp;width=767\" type=\"image\/jpg\" media=\"(max-width: 728px)\" \/><source srcset=\"https:\/\/tn.com.ar\/resizer\/v2\/traje-de-massimo-cantini-parrini-sartoria-tirelli-usado-por-salma-hayek-en-el-papel-de-la-reina-de-longtrellis-en-la-pelicula-tale-of-tales-foto-palacio-lavenaria-YGWVSF3MTRCM7NSO67AEW335ZA.jpg?auth=b96866e6d84fca1fd887177aa2a3af5aa4d5e91d5d251f1b26aa5cef59f0da5e&amp;width=1023\" type=\"image\/jpg\" media=\"(max-width: 1023px)\" \/><source srcset=\"https:\/\/tn.com.ar\/resizer\/v2\/traje-de-massimo-cantini-parrini-sartoria-tirelli-usado-por-salma-hayek-en-el-papel-de-la-reina-de-longtrellis-en-la-pelicula-tale-of-tales-foto-palacio-lavenaria-YGWVSF3MTRCM7NSO67AEW335ZA.jpg?auth=b96866e6d84fca1fd887177aa2a3af5aa4d5e91d5d251f1b26aa5cef59f0da5e&amp;width=1440\" type=\"image\/jpg\" \/><img loading=\"lazy\" decoding=\"async\" class=\"image content-image image_placeholder\" src=\"https:\/\/tn.com.ar\/resizer\/v2\/traje-de-massimo-cantini-parrini-sartoria-tirelli-usado-por-salma-hayek-en-el-papel-de-la-reina-de-longtrellis-en-la-pelicula-tale-of-tales-foto-palacio-lavenaria-YGWVSF3MTRCM7NSO67AEW335ZA.jpg?auth=b96866e6d84fca1fd887177aa2a3af5aa4d5e91d5d251f1b26aa5cef59f0da5e&amp;width=767\" alt=\"Traje de Massimo Cantini Parrini, Sartoria Tirelli usado por Salma Hayek en el papel de la Reina de Longtrellis, en la pel\u00edcula 'Tale of Tales' (Foto: Palacio Lavenaria)\" width=\"767\" height=\"939\" data-testid=\"loading-testid\" \/><\/picture><\/div><figcaption class=\"caption_image\" data-testid=\"figcaption-testid\">\n<div class=\"image_caption \">Traje de Massimo Cantini Parrini, Sartoria Tirelli usado por Salma Hayek en el papel de la Reina de Longtrellis, en la pel\u00edcula &#8216;Tale of Tales&#8217; (Foto: Palacio Lavenaria)<\/div>\n<\/figcaption><\/figure>\n<p class=\"paragraph font__body-regular\">Esa idea atraviesa toda la exposici\u00f3n. Hay<b>\u00a0bordados, sedas, terciopelos y coronas\u00a0<\/b>que permiten seguir c\u00f3mo cambi\u00f3 el trabajo artesanal desde principios del siglo XX hasta hoy. Tambi\u00e9n hay un homenaje silencioso a un oficio que se est\u00e1 perdiendo: el de<b>\u00a0las bordadoras y costureras\u00a0<\/b>capaces de construir estos trajes a mano.<\/p>\n<p class=\"paragraph font__body-regular\">Cantini Parrini asegura que, para dise\u00f1ar un vestuario, primero necesita saber qui\u00e9n va a llevarlo. Despu\u00e9s, recorre museos en busca de referencias. Ah\u00ed, dice, encuentra la clave para imaginar c\u00f3mo se ver\u00eda una reina en la pantalla.<\/p>\n<figure class=\"\" data-testid=\"figure-testid\">\n<div class=\"aspect_ratio__container\"><picture class=\"responsive-image\"><source srcset=\"https:\/\/tn.com.ar\/resizer\/v2\/vestuario-de-massimo-cantini-parrini-sartoria-tirelli-2024-vestido-de-melanie-laurent-para-la-pelicula-le-deluge-los-ultimos-dias-de-maria-antonieta-foto-palacio-lavenaria-QWZMQRJ2VNCC3M3625KSXMRMQE.jpg?auth=92bd2ced704f1b25f6d355cfe65a99e6238e272a73f33daae7ac786e069ec70c&amp;width=767\" type=\"image\/jpg\" media=\"(max-width: 728px)\" \/><source srcset=\"https:\/\/tn.com.ar\/resizer\/v2\/vestuario-de-massimo-cantini-parrini-sartoria-tirelli-2024-vestido-de-melanie-laurent-para-la-pelicula-le-deluge-los-ultimos-dias-de-maria-antonieta-foto-palacio-lavenaria-QWZMQRJ2VNCC3M3625KSXMRMQE.jpg?auth=92bd2ced704f1b25f6d355cfe65a99e6238e272a73f33daae7ac786e069ec70c&amp;width=1023\" type=\"image\/jpg\" media=\"(max-width: 1023px)\" \/><source srcset=\"https:\/\/tn.com.ar\/resizer\/v2\/vestuario-de-massimo-cantini-parrini-sartoria-tirelli-2024-vestido-de-melanie-laurent-para-la-pelicula-le-deluge-los-ultimos-dias-de-maria-antonieta-foto-palacio-lavenaria-QWZMQRJ2VNCC3M3625KSXMRMQE.jpg?auth=92bd2ced704f1b25f6d355cfe65a99e6238e272a73f33daae7ac786e069ec70c&amp;width=1440\" type=\"image\/jpg\" \/><img loading=\"lazy\" decoding=\"async\" class=\"image content-image image_placeholder\" src=\"https:\/\/tn.com.ar\/resizer\/v2\/vestuario-de-massimo-cantini-parrini-sartoria-tirelli-2024-vestido-de-melanie-laurent-para-la-pelicula-le-deluge-los-ultimos-dias-de-maria-antonieta-foto-palacio-lavenaria-QWZMQRJ2VNCC3M3625KSXMRMQE.jpg?auth=92bd2ced704f1b25f6d355cfe65a99e6238e272a73f33daae7ac786e069ec70c&amp;width=767\" alt=\"Vestuario de Massimo Cantini Parrini, Sartoria Tirelli 2024, vestido de M\u00e9lanie Laurent para la  pel\u00edcula &quot;Le D\u00e9luge: Los \u00faltimos d\u00edas de Mar\u00eda Antonieta&quot; (Foto: Palacio Lavenaria)\" width=\"767\" height=\"1150\" data-testid=\"loading-testid\" \/><\/picture><\/div><figcaption class=\"caption_image\" data-testid=\"figcaption-testid\">\n<div class=\"image_caption \">Vestuario de Massimo Cantini Parrini, Sartoria Tirelli 2024, vestido de M\u00e9lanie Laurent para la pel\u00edcula &#8220;Le D\u00e9luge: Los \u00faltimos d\u00edas de Mar\u00eda Antonieta&#8221; (Foto: Palacio Lavenaria)<\/div>\n<\/figcaption><\/figure>\n<p class=\"paragraph font__body-regular\"><i>\u201cQueens on Stage\u201d<\/i>\u00a0podr\u00e1 visitarse hasta el 6 de septiembre. Y, vista desde 2026, parece casi una\u00a0<b>antesala perfecta para la pr\u00f3xima Met Gala:\u00a0<\/b>si Nueva York les pedir\u00e1 a las celebridades que se vistan como si la moda fuera arte, Venaria recuerda que el vestuario hace d\u00e9cadas que crea algunas de las im\u00e1genes m\u00e1s inolvidables de nuestra memoria colectiva.<\/p>\n<\/div>\n<p><\/main><\/div>\n<aside class=\"col-right-rail right-rail\">\n<div id=\"parent-ad-slot-caja\" class=\"ad-container caja_ad \">\n<div class=\"ad-content\"><\/div>\n<\/div>\n<\/aside>\n","protected":false},"excerpt":{"rendered":"<p>La edici\u00f3n 2026 de la gala m\u00e1s esperada celebrar\u00e1 la idea de que la moda puede ocupar el mismo lugar que una pintura o una escultura. Mientras la pr\u00f3xima\u00a0Met Gala\u00a0se prepara para consagrar la idea de que\u00a0la moda tambi\u00e9n puede ser una obra de arte,\u00a0dos nuevas exposiciones en Europa parecen adelantarse a su esp\u00edritu. Una [&hellip;]<\/p>\n","protected":false},"author":1,"featured_media":15777,"comment_status":"open","ping_status":"open","sticky":false,"template":"","format":"standard","meta":{"rop_custom_images_group":[],"rop_custom_messages_group":[],"rop_publish_now":"initial","rop_publish_now_accounts":[],"rop_publish_now_history":[],"rop_publish_now_status":"pending","footnotes":"","jetpack_publicize_message":"","jetpack_publicize_feature_enabled":true,"jetpack_social_post_already_shared":true,"jetpack_social_options":{"image_generator_settings":{"template":"highway","enabled":false},"version":2}},"categories":[15],"tags":[],"class_list":{"0":"post-15776","1":"post","2":"type-post","3":"status-publish","4":"format-standard","5":"has-post-thumbnail","7":"category-moda"},"jetpack_publicize_connections":[],"yoast_head":"<!-- This site is optimized with the Yoast SEO plugin v27.3 - https:\/\/yoast.com\/product\/yoast-seo-wordpress\/ -->\n<title>La previa de la Met Gala ya empez\u00f3 en Europa: las muestras que convierten a la moda en arte - CLAN ESPECTACULOS<\/title>\n<meta name=\"robots\" content=\"index, follow, max-snippet:-1, max-image-preview:large, max-video-preview:-1\" \/>\n<link rel=\"canonical\" href=\"https:\/\/radioclanfm.com\/clanespectaculos\/la-previa-de-la-met-gala-ya-empezo-en-europa-las-muestras-que-convierten-a-la-moda-en-arte\/\" \/>\n<meta property=\"og:locale\" content=\"es_ES\" \/>\n<meta property=\"og:type\" content=\"article\" \/>\n<meta property=\"og:title\" content=\"La previa de la Met Gala ya empez\u00f3 en Europa: las muestras que convierten a la moda en arte - CLAN ESPECTACULOS\" \/>\n<meta property=\"og:description\" content=\"La edici\u00f3n 2026 de la gala m\u00e1s esperada celebrar\u00e1 la idea de que la moda puede ocupar el mismo lugar que una pintura o una escultura. Mientras la pr\u00f3xima\u00a0Met Gala\u00a0se prepara para consagrar la idea de que\u00a0la moda tambi\u00e9n puede ser una obra de arte,\u00a0dos nuevas exposiciones en Europa parecen adelantarse a su esp\u00edritu. Una [&hellip;]\" \/>\n<meta property=\"og:url\" content=\"https:\/\/radioclanfm.com\/clanespectaculos\/la-previa-de-la-met-gala-ya-empezo-en-europa-las-muestras-que-convierten-a-la-moda-en-arte\/\" \/>\n<meta property=\"og:site_name\" content=\"CLAN ESPECTACULOS\" \/>\n<meta property=\"article:publisher\" content=\"https:\/\/www.facebook.com\/clanespectaculos\/\" \/>\n<meta property=\"article:published_time\" content=\"2026-04-25T13:58:03+00:00\" \/>\n<meta property=\"og:image\" content=\"https:\/\/radioclanfm.com\/clanespectaculos\/wp-content\/uploads\/sites\/2\/2026\/04\/bkTSidC3.jpg\" \/>\n\t<meta property=\"og:image:width\" content=\"900\" \/>\n\t<meta property=\"og:image:height\" content=\"506\" \/>\n\t<meta property=\"og:image:type\" content=\"image\/jpeg\" \/>\n<meta name=\"author\" content=\"E-GRUPOCLAN\" \/>\n<meta name=\"twitter:card\" content=\"summary_large_image\" \/>\n<meta name=\"twitter:creator\" content=\"@clanespectok\" \/>\n<meta name=\"twitter:site\" content=\"@clanespectok\" \/>\n<meta name=\"twitter:label1\" content=\"Escrito por\" \/>\n\t<meta name=\"twitter:data1\" content=\"E-GRUPOCLAN\" \/>\n\t<meta name=\"twitter:label2\" content=\"Tiempo de lectura\" \/>\n\t<meta name=\"twitter:data2\" content=\"5 minutos\" \/>\n<script type=\"application\/ld+json\" class=\"yoast-schema-graph\">{\"@context\":\"https:\\\/\\\/schema.org\",\"@graph\":[{\"@type\":\"Article\",\"@id\":\"https:\\\/\\\/radioclanfm.com\\\/clanespectaculos\\\/la-previa-de-la-met-gala-ya-empezo-en-europa-las-muestras-que-convierten-a-la-moda-en-arte\\\/#article\",\"isPartOf\":{\"@id\":\"https:\\\/\\\/radioclanfm.com\\\/clanespectaculos\\\/la-previa-de-la-met-gala-ya-empezo-en-europa-las-muestras-que-convierten-a-la-moda-en-arte\\\/\"},\"author\":{\"name\":\"E-GRUPOCLAN\",\"@id\":\"https:\\\/\\\/radioclanfm.com\\\/clanespectaculos\\\/#\\\/schema\\\/person\\\/9734813083303230f3ad84d99171b20c\"},\"headline\":\"La previa de la Met Gala ya empez\u00f3 en Europa: las muestras que convierten a la moda en arte\",\"datePublished\":\"2026-04-25T13:58:03+00:00\",\"mainEntityOfPage\":{\"@id\":\"https:\\\/\\\/radioclanfm.com\\\/clanespectaculos\\\/la-previa-de-la-met-gala-ya-empezo-en-europa-las-muestras-que-convierten-a-la-moda-en-arte\\\/\"},\"wordCount\":853,\"commentCount\":0,\"publisher\":{\"@id\":\"https:\\\/\\\/radioclanfm.com\\\/clanespectaculos\\\/#organization\"},\"image\":{\"@id\":\"https:\\\/\\\/radioclanfm.com\\\/clanespectaculos\\\/la-previa-de-la-met-gala-ya-empezo-en-europa-las-muestras-que-convierten-a-la-moda-en-arte\\\/#primaryimage\"},\"thumbnailUrl\":\"https:\\\/\\\/radioclanfm.com\\\/clanespectaculos\\\/wp-content\\\/uploads\\\/sites\\\/2\\\/2026\\\/04\\\/bkTSidC3.jpg\",\"articleSection\":[\"MODA\"],\"inLanguage\":\"es-AR\",\"potentialAction\":[{\"@type\":\"CommentAction\",\"name\":\"Comment\",\"target\":[\"https:\\\/\\\/radioclanfm.com\\\/clanespectaculos\\\/la-previa-de-la-met-gala-ya-empezo-en-europa-las-muestras-que-convierten-a-la-moda-en-arte\\\/#respond\"]}]},{\"@type\":\"WebPage\",\"@id\":\"https:\\\/\\\/radioclanfm.com\\\/clanespectaculos\\\/la-previa-de-la-met-gala-ya-empezo-en-europa-las-muestras-que-convierten-a-la-moda-en-arte\\\/\",\"url\":\"https:\\\/\\\/radioclanfm.com\\\/clanespectaculos\\\/la-previa-de-la-met-gala-ya-empezo-en-europa-las-muestras-que-convierten-a-la-moda-en-arte\\\/\",\"name\":\"La previa de la Met Gala ya empez\u00f3 en Europa: las muestras que convierten a la moda en arte - CLAN ESPECTACULOS\",\"isPartOf\":{\"@id\":\"https:\\\/\\\/radioclanfm.com\\\/clanespectaculos\\\/#website\"},\"primaryImageOfPage\":{\"@id\":\"https:\\\/\\\/radioclanfm.com\\\/clanespectaculos\\\/la-previa-de-la-met-gala-ya-empezo-en-europa-las-muestras-que-convierten-a-la-moda-en-arte\\\/#primaryimage\"},\"image\":{\"@id\":\"https:\\\/\\\/radioclanfm.com\\\/clanespectaculos\\\/la-previa-de-la-met-gala-ya-empezo-en-europa-las-muestras-que-convierten-a-la-moda-en-arte\\\/#primaryimage\"},\"thumbnailUrl\":\"https:\\\/\\\/radioclanfm.com\\\/clanespectaculos\\\/wp-content\\\/uploads\\\/sites\\\/2\\\/2026\\\/04\\\/bkTSidC3.jpg\",\"datePublished\":\"2026-04-25T13:58:03+00:00\",\"breadcrumb\":{\"@id\":\"https:\\\/\\\/radioclanfm.com\\\/clanespectaculos\\\/la-previa-de-la-met-gala-ya-empezo-en-europa-las-muestras-que-convierten-a-la-moda-en-arte\\\/#breadcrumb\"},\"inLanguage\":\"es-AR\",\"potentialAction\":[{\"@type\":\"ReadAction\",\"target\":[\"https:\\\/\\\/radioclanfm.com\\\/clanespectaculos\\\/la-previa-de-la-met-gala-ya-empezo-en-europa-las-muestras-que-convierten-a-la-moda-en-arte\\\/\"]}]},{\"@type\":\"ImageObject\",\"inLanguage\":\"es-AR\",\"@id\":\"https:\\\/\\\/radioclanfm.com\\\/clanespectaculos\\\/la-previa-de-la-met-gala-ya-empezo-en-europa-las-muestras-que-convierten-a-la-moda-en-arte\\\/#primaryimage\",\"url\":\"https:\\\/\\\/radioclanfm.com\\\/clanespectaculos\\\/wp-content\\\/uploads\\\/sites\\\/2\\\/2026\\\/04\\\/bkTSidC3.jpg\",\"contentUrl\":\"https:\\\/\\\/radioclanfm.com\\\/clanespectaculos\\\/wp-content\\\/uploads\\\/sites\\\/2\\\/2026\\\/04\\\/bkTSidC3.jpg\",\"width\":900,\"height\":506},{\"@type\":\"BreadcrumbList\",\"@id\":\"https:\\\/\\\/radioclanfm.com\\\/clanespectaculos\\\/la-previa-de-la-met-gala-ya-empezo-en-europa-las-muestras-que-convierten-a-la-moda-en-arte\\\/#breadcrumb\",\"itemListElement\":[{\"@type\":\"ListItem\",\"position\":1,\"name\":\"Inicio\",\"item\":\"https:\\\/\\\/radioclanfm.com\\\/clanespectaculos\\\/\"},{\"@type\":\"ListItem\",\"position\":2,\"name\":\"La previa de la Met Gala ya empez\u00f3 en Europa: las muestras que convierten a la moda en arte\"}]},{\"@type\":\"WebSite\",\"@id\":\"https:\\\/\\\/radioclanfm.com\\\/clanespectaculos\\\/#website\",\"url\":\"https:\\\/\\\/radioclanfm.com\\\/clanespectaculos\\\/\",\"name\":\"CLAN ESPECTACULOS\",\"description\":\"\",\"publisher\":{\"@id\":\"https:\\\/\\\/radioclanfm.com\\\/clanespectaculos\\\/#organization\"},\"potentialAction\":[{\"@type\":\"SearchAction\",\"target\":{\"@type\":\"EntryPoint\",\"urlTemplate\":\"https:\\\/\\\/radioclanfm.com\\\/clanespectaculos\\\/?s={search_term_string}\"},\"query-input\":{\"@type\":\"PropertyValueSpecification\",\"valueRequired\":true,\"valueName\":\"search_term_string\"}}],\"inLanguage\":\"es-AR\"},{\"@type\":\"Organization\",\"@id\":\"https:\\\/\\\/radioclanfm.com\\\/clanespectaculos\\\/#organization\",\"name\":\"CLAN ESPECTACULOS\",\"url\":\"https:\\\/\\\/radioclanfm.com\\\/clanespectaculos\\\/\",\"logo\":{\"@type\":\"ImageObject\",\"inLanguage\":\"es-AR\",\"@id\":\"https:\\\/\\\/radioclanfm.com\\\/clanespectaculos\\\/#\\\/schema\\\/logo\\\/image\\\/\",\"url\":\"https:\\\/\\\/radioclanfm.com\\\/clanespectaculos\\\/wp-content\\\/uploads\\\/sites\\\/2\\\/2026\\\/04\\\/ChatGPT-Image-23-mar-2026-10_09_00.png\",\"contentUrl\":\"https:\\\/\\\/radioclanfm.com\\\/clanespectaculos\\\/wp-content\\\/uploads\\\/sites\\\/2\\\/2026\\\/04\\\/ChatGPT-Image-23-mar-2026-10_09_00.png\",\"width\":1024,\"height\":1024,\"caption\":\"CLAN ESPECTACULOS\"},\"image\":{\"@id\":\"https:\\\/\\\/radioclanfm.com\\\/clanespectaculos\\\/#\\\/schema\\\/logo\\\/image\\\/\"},\"sameAs\":[\"https:\\\/\\\/www.facebook.com\\\/clanespectaculos\\\/\",\"https:\\\/\\\/x.com\\\/clanespectok\"]},{\"@type\":\"Person\",\"@id\":\"https:\\\/\\\/radioclanfm.com\\\/clanespectaculos\\\/#\\\/schema\\\/person\\\/9734813083303230f3ad84d99171b20c\",\"name\":\"E-GRUPOCLAN\",\"image\":{\"@type\":\"ImageObject\",\"inLanguage\":\"es-AR\",\"@id\":\"https:\\\/\\\/secure.gravatar.com\\\/avatar\\\/af6e19837c3d6a212034a48c7b3818d2ac1826f6025df0155da5a186ad321d79?s=96&d=mm&r=g\",\"url\":\"https:\\\/\\\/secure.gravatar.com\\\/avatar\\\/af6e19837c3d6a212034a48c7b3818d2ac1826f6025df0155da5a186ad321d79?s=96&d=mm&r=g\",\"contentUrl\":\"https:\\\/\\\/secure.gravatar.com\\\/avatar\\\/af6e19837c3d6a212034a48c7b3818d2ac1826f6025df0155da5a186ad321d79?s=96&d=mm&r=g\",\"caption\":\"E-GRUPOCLAN\"},\"sameAs\":[\"https:\\\/\\\/radioclanfm.com\"],\"url\":\"https:\\\/\\\/radioclanfm.com\\\/clanespectaculos\\\/author\\\/admin\\\/\"}]}<\/script>\n<!-- \/ Yoast SEO plugin. -->","yoast_head_json":{"title":"La previa de la Met Gala ya empez\u00f3 en Europa: las muestras que convierten a la moda en arte - CLAN ESPECTACULOS","robots":{"index":"index","follow":"follow","max-snippet":"max-snippet:-1","max-image-preview":"max-image-preview:large","max-video-preview":"max-video-preview:-1"},"canonical":"https:\/\/radioclanfm.com\/clanespectaculos\/la-previa-de-la-met-gala-ya-empezo-en-europa-las-muestras-que-convierten-a-la-moda-en-arte\/","og_locale":"es_ES","og_type":"article","og_title":"La previa de la Met Gala ya empez\u00f3 en Europa: las muestras que convierten a la moda en arte - CLAN ESPECTACULOS","og_description":"La edici\u00f3n 2026 de la gala m\u00e1s esperada celebrar\u00e1 la idea de que la moda puede ocupar el mismo lugar que una pintura o una escultura. Mientras la pr\u00f3xima\u00a0Met Gala\u00a0se prepara para consagrar la idea de que\u00a0la moda tambi\u00e9n puede ser una obra de arte,\u00a0dos nuevas exposiciones en Europa parecen adelantarse a su esp\u00edritu. Una [&hellip;]","og_url":"https:\/\/radioclanfm.com\/clanespectaculos\/la-previa-de-la-met-gala-ya-empezo-en-europa-las-muestras-que-convierten-a-la-moda-en-arte\/","og_site_name":"CLAN ESPECTACULOS","article_publisher":"https:\/\/www.facebook.com\/clanespectaculos\/","article_published_time":"2026-04-25T13:58:03+00:00","og_image":[{"width":900,"height":506,"url":"https:\/\/radioclanfm.com\/clanespectaculos\/wp-content\/uploads\/sites\/2\/2026\/04\/bkTSidC3.jpg","type":"image\/jpeg"}],"author":"E-GRUPOCLAN","twitter_card":"summary_large_image","twitter_creator":"@clanespectok","twitter_site":"@clanespectok","twitter_misc":{"Escrito por":"E-GRUPOCLAN","Tiempo de lectura":"5 minutos"},"schema":{"@context":"https:\/\/schema.org","@graph":[{"@type":"Article","@id":"https:\/\/radioclanfm.com\/clanespectaculos\/la-previa-de-la-met-gala-ya-empezo-en-europa-las-muestras-que-convierten-a-la-moda-en-arte\/#article","isPartOf":{"@id":"https:\/\/radioclanfm.com\/clanespectaculos\/la-previa-de-la-met-gala-ya-empezo-en-europa-las-muestras-que-convierten-a-la-moda-en-arte\/"},"author":{"name":"E-GRUPOCLAN","@id":"https:\/\/radioclanfm.com\/clanespectaculos\/#\/schema\/person\/9734813083303230f3ad84d99171b20c"},"headline":"La previa de la Met Gala ya empez\u00f3 en Europa: las muestras que convierten a la moda en arte","datePublished":"2026-04-25T13:58:03+00:00","mainEntityOfPage":{"@id":"https:\/\/radioclanfm.com\/clanespectaculos\/la-previa-de-la-met-gala-ya-empezo-en-europa-las-muestras-que-convierten-a-la-moda-en-arte\/"},"wordCount":853,"commentCount":0,"publisher":{"@id":"https:\/\/radioclanfm.com\/clanespectaculos\/#organization"},"image":{"@id":"https:\/\/radioclanfm.com\/clanespectaculos\/la-previa-de-la-met-gala-ya-empezo-en-europa-las-muestras-que-convierten-a-la-moda-en-arte\/#primaryimage"},"thumbnailUrl":"https:\/\/radioclanfm.com\/clanespectaculos\/wp-content\/uploads\/sites\/2\/2026\/04\/bkTSidC3.jpg","articleSection":["MODA"],"inLanguage":"es-AR","potentialAction":[{"@type":"CommentAction","name":"Comment","target":["https:\/\/radioclanfm.com\/clanespectaculos\/la-previa-de-la-met-gala-ya-empezo-en-europa-las-muestras-que-convierten-a-la-moda-en-arte\/#respond"]}]},{"@type":"WebPage","@id":"https:\/\/radioclanfm.com\/clanespectaculos\/la-previa-de-la-met-gala-ya-empezo-en-europa-las-muestras-que-convierten-a-la-moda-en-arte\/","url":"https:\/\/radioclanfm.com\/clanespectaculos\/la-previa-de-la-met-gala-ya-empezo-en-europa-las-muestras-que-convierten-a-la-moda-en-arte\/","name":"La previa de la Met Gala ya empez\u00f3 en Europa: las muestras que convierten a la moda en arte - CLAN ESPECTACULOS","isPartOf":{"@id":"https:\/\/radioclanfm.com\/clanespectaculos\/#website"},"primaryImageOfPage":{"@id":"https:\/\/radioclanfm.com\/clanespectaculos\/la-previa-de-la-met-gala-ya-empezo-en-europa-las-muestras-que-convierten-a-la-moda-en-arte\/#primaryimage"},"image":{"@id":"https:\/\/radioclanfm.com\/clanespectaculos\/la-previa-de-la-met-gala-ya-empezo-en-europa-las-muestras-que-convierten-a-la-moda-en-arte\/#primaryimage"},"thumbnailUrl":"https:\/\/radioclanfm.com\/clanespectaculos\/wp-content\/uploads\/sites\/2\/2026\/04\/bkTSidC3.jpg","datePublished":"2026-04-25T13:58:03+00:00","breadcrumb":{"@id":"https:\/\/radioclanfm.com\/clanespectaculos\/la-previa-de-la-met-gala-ya-empezo-en-europa-las-muestras-que-convierten-a-la-moda-en-arte\/#breadcrumb"},"inLanguage":"es-AR","potentialAction":[{"@type":"ReadAction","target":["https:\/\/radioclanfm.com\/clanespectaculos\/la-previa-de-la-met-gala-ya-empezo-en-europa-las-muestras-que-convierten-a-la-moda-en-arte\/"]}]},{"@type":"ImageObject","inLanguage":"es-AR","@id":"https:\/\/radioclanfm.com\/clanespectaculos\/la-previa-de-la-met-gala-ya-empezo-en-europa-las-muestras-que-convierten-a-la-moda-en-arte\/#primaryimage","url":"https:\/\/radioclanfm.com\/clanespectaculos\/wp-content\/uploads\/sites\/2\/2026\/04\/bkTSidC3.jpg","contentUrl":"https:\/\/radioclanfm.com\/clanespectaculos\/wp-content\/uploads\/sites\/2\/2026\/04\/bkTSidC3.jpg","width":900,"height":506},{"@type":"BreadcrumbList","@id":"https:\/\/radioclanfm.com\/clanespectaculos\/la-previa-de-la-met-gala-ya-empezo-en-europa-las-muestras-que-convierten-a-la-moda-en-arte\/#breadcrumb","itemListElement":[{"@type":"ListItem","position":1,"name":"Inicio","item":"https:\/\/radioclanfm.com\/clanespectaculos\/"},{"@type":"ListItem","position":2,"name":"La previa de la Met Gala ya empez\u00f3 en Europa: las muestras que convierten a la moda en arte"}]},{"@type":"WebSite","@id":"https:\/\/radioclanfm.com\/clanespectaculos\/#website","url":"https:\/\/radioclanfm.com\/clanespectaculos\/","name":"CLAN ESPECTACULOS","description":"","publisher":{"@id":"https:\/\/radioclanfm.com\/clanespectaculos\/#organization"},"potentialAction":[{"@type":"SearchAction","target":{"@type":"EntryPoint","urlTemplate":"https:\/\/radioclanfm.com\/clanespectaculos\/?s={search_term_string}"},"query-input":{"@type":"PropertyValueSpecification","valueRequired":true,"valueName":"search_term_string"}}],"inLanguage":"es-AR"},{"@type":"Organization","@id":"https:\/\/radioclanfm.com\/clanespectaculos\/#organization","name":"CLAN ESPECTACULOS","url":"https:\/\/radioclanfm.com\/clanespectaculos\/","logo":{"@type":"ImageObject","inLanguage":"es-AR","@id":"https:\/\/radioclanfm.com\/clanespectaculos\/#\/schema\/logo\/image\/","url":"https:\/\/radioclanfm.com\/clanespectaculos\/wp-content\/uploads\/sites\/2\/2026\/04\/ChatGPT-Image-23-mar-2026-10_09_00.png","contentUrl":"https:\/\/radioclanfm.com\/clanespectaculos\/wp-content\/uploads\/sites\/2\/2026\/04\/ChatGPT-Image-23-mar-2026-10_09_00.png","width":1024,"height":1024,"caption":"CLAN ESPECTACULOS"},"image":{"@id":"https:\/\/radioclanfm.com\/clanespectaculos\/#\/schema\/logo\/image\/"},"sameAs":["https:\/\/www.facebook.com\/clanespectaculos\/","https:\/\/x.com\/clanespectok"]},{"@type":"Person","@id":"https:\/\/radioclanfm.com\/clanespectaculos\/#\/schema\/person\/9734813083303230f3ad84d99171b20c","name":"E-GRUPOCLAN","image":{"@type":"ImageObject","inLanguage":"es-AR","@id":"https:\/\/secure.gravatar.com\/avatar\/af6e19837c3d6a212034a48c7b3818d2ac1826f6025df0155da5a186ad321d79?s=96&d=mm&r=g","url":"https:\/\/secure.gravatar.com\/avatar\/af6e19837c3d6a212034a48c7b3818d2ac1826f6025df0155da5a186ad321d79?s=96&d=mm&r=g","contentUrl":"https:\/\/secure.gravatar.com\/avatar\/af6e19837c3d6a212034a48c7b3818d2ac1826f6025df0155da5a186ad321d79?s=96&d=mm&r=g","caption":"E-GRUPOCLAN"},"sameAs":["https:\/\/radioclanfm.com"],"url":"https:\/\/radioclanfm.com\/clanespectaculos\/author\/admin\/"}]}},"_links":{"self":[{"href":"https:\/\/radioclanfm.com\/clanespectaculos\/wp-json\/wp\/v2\/posts\/15776","targetHints":{"allow":["GET"]}}],"collection":[{"href":"https:\/\/radioclanfm.com\/clanespectaculos\/wp-json\/wp\/v2\/posts"}],"about":[{"href":"https:\/\/radioclanfm.com\/clanespectaculos\/wp-json\/wp\/v2\/types\/post"}],"author":[{"embeddable":true,"href":"https:\/\/radioclanfm.com\/clanespectaculos\/wp-json\/wp\/v2\/users\/1"}],"replies":[{"embeddable":true,"href":"https:\/\/radioclanfm.com\/clanespectaculos\/wp-json\/wp\/v2\/comments?post=15776"}],"version-history":[{"count":1,"href":"https:\/\/radioclanfm.com\/clanespectaculos\/wp-json\/wp\/v2\/posts\/15776\/revisions"}],"predecessor-version":[{"id":15778,"href":"https:\/\/radioclanfm.com\/clanespectaculos\/wp-json\/wp\/v2\/posts\/15776\/revisions\/15778"}],"wp:featuredmedia":[{"embeddable":true,"href":"https:\/\/radioclanfm.com\/clanespectaculos\/wp-json\/wp\/v2\/media\/15777"}],"wp:attachment":[{"href":"https:\/\/radioclanfm.com\/clanespectaculos\/wp-json\/wp\/v2\/media?parent=15776"}],"wp:term":[{"taxonomy":"category","embeddable":true,"href":"https:\/\/radioclanfm.com\/clanespectaculos\/wp-json\/wp\/v2\/categories?post=15776"},{"taxonomy":"post_tag","embeddable":true,"href":"https:\/\/radioclanfm.com\/clanespectaculos\/wp-json\/wp\/v2\/tags?post=15776"}],"curies":[{"name":"wp","href":"https:\/\/api.w.org\/{rel}","templated":true}]}}