{"id":15773,"date":"2026-04-25T10:56:42","date_gmt":"2026-04-25T13:56:42","guid":{"rendered":"https:\/\/radioclanfm.com\/clanespectaculos\/?p=15773"},"modified":"2026-04-25T10:56:42","modified_gmt":"2026-04-25T13:56:42","slug":"la-feria-que-revela-lo-que-viene-en-diseno-decoracion-y-estilo-de-vida","status":"publish","type":"post","link":"https:\/\/radioclanfm.com\/clanespectaculos\/la-feria-que-revela-lo-que-viene-en-diseno-decoracion-y-estilo-de-vida\/","title":{"rendered":"La feria que revela lo que viene en dise\u00f1o, decoraci\u00f3n y estilo de vida"},"content":{"rendered":"<p>Tres d\u00edas para leer tendencias, entender nuevas formas de habitar y ver de cerca el dise\u00f1o que llega a los hogares de todo el pa\u00eds.<\/p>\n<div class=\"col-content\"><main class=\"col-content\"><\/p>\n<div class=\"default-article-color article__body article__article\">\n<p class=\"paragraph font__body-regular\">El calendario suma una nueva cita para quienes siguen de cerca c\u00f3mo se transforman los espacios que habitamos. Del 29 de junio al 1 de julio, el Pabell\u00f3n Amarillo de La Rural ser\u00e1 sede de<b>\u00a0Artefacta: Muebles, Colchones y Dise\u00f1o<\/b>, una feria que, en su primera edici\u00f3n, propone una\u00a0<b>mirada integral sobre el universo del hogar.<\/b><\/p>\n<div id=\"ad-slot-infeed\" class=\"infeed-container ad-slot-infeed ad-slot\" data-adtype=\"infeed\" data-lazyload=\"1\" data-google-query-id=\"CLyPxe6TiZQDFaEnHgAdy-Qfxg\">\n<div id=\"google_ads_iframe_\/113951150\/tn-arc\/nota\/infeed_0__container__\"><iframe id=\"google_ads_iframe_\/113951150\/tn-arc\/nota\/infeed_0\" tabindex=\"0\" title=\"Contenido de anuncios de terceros\" name=\"google_ads_iframe_\/113951150\/tn-arc\/nota\/infeed_0\" width=\"1\" height=\"1\" frameborder=\"0\" marginwidth=\"0\" marginheight=\"0\" scrolling=\"no\" aria-label=\"Anuncio\" data-google-container-id=\"9\" data-load-complete=\"true\" data-mce-fragment=\"1\"><\/iframe><\/div>\n<\/div>\n<p class=\"paragraph font__body-regular\">M\u00e1s que una exposici\u00f3n comercial, la propuesta funciona como una\u00a0<b>radiograf\u00eda del dise\u00f1o contempor\u00e1neo aplicado a la vida cotidiana.\u00a0<\/b>Muebles, iluminaci\u00f3n, textiles, objetos de decoraci\u00f3n y piezas de bazar convivir\u00e1n en un mismo recorrido que busca mostrar c\u00f3mo dialogan entre s\u00ed los distintos elementos que construyen un espacio.<\/p>\n<h2 class=\"font--primary font__display\">Del objeto cotidiano a la tendencia<\/h2>\n<p class=\"paragraph font__body-regular\">Aunque el nombre pone el foco en dos categor\u00edas espec\u00edficas, el recorrido es mucho m\u00e1s amplio. Habr\u00e1 lugar para tendencias en blanquer\u00eda, utensilios de cocina, accesorios de viaje y soluciones funcionales que responden a nuevas formas de habitar:<b>\u00a0espacios m\u00e1s flexibles, multifunci\u00f3n\u00a0<\/b>y atravesados por una est\u00e9tica que prioriza tanto\u00a0<b>lo pr\u00e1ctico como lo sensorial.<\/b><\/p>\n<figure class=\"\" data-testid=\"figure-testid\">\n<div class=\"aspect_ratio__container\"><picture class=\"responsive-image\"><source srcset=\"https:\/\/tn.com.ar\/resizer\/v2\/como-se-construye-el-nuevo-hogar-foto-artefacta-SKTDPU64VZDHVAVJ3OVEAYBFJI.jpg?auth=dfd3936b31a3faf101859b084aee6281e63b6fe0534bb740a36fac66a6932bd5&amp;width=767\" type=\"image\/jpg\" media=\"(max-width: 728px)\" \/><source srcset=\"https:\/\/tn.com.ar\/resizer\/v2\/como-se-construye-el-nuevo-hogar-foto-artefacta-SKTDPU64VZDHVAVJ3OVEAYBFJI.jpg?auth=dfd3936b31a3faf101859b084aee6281e63b6fe0534bb740a36fac66a6932bd5&amp;width=1023\" type=\"image\/jpg\" media=\"(max-width: 1023px)\" \/><source srcset=\"https:\/\/tn.com.ar\/resizer\/v2\/como-se-construye-el-nuevo-hogar-foto-artefacta-SKTDPU64VZDHVAVJ3OVEAYBFJI.jpg?auth=dfd3936b31a3faf101859b084aee6281e63b6fe0534bb740a36fac66a6932bd5&amp;width=1440\" type=\"image\/jpg\" \/><img loading=\"lazy\" decoding=\"async\" class=\"image content-image image_placeholder\" src=\"https:\/\/tn.com.ar\/resizer\/v2\/como-se-construye-el-nuevo-hogar-foto-artefacta-SKTDPU64VZDHVAVJ3OVEAYBFJI.jpg?auth=dfd3936b31a3faf101859b084aee6281e63b6fe0534bb740a36fac66a6932bd5&amp;width=767\" alt=\"c\u00f3mo se construye el nuevo hogar (Foto: ARTEFACTA)\" width=\"767\" height=\"575\" data-testid=\"loading-testid\" \/><\/picture><\/div><figcaption class=\"caption_image\" data-testid=\"figcaption-testid\">\n<div class=\"image_caption \">c\u00f3mo se construye el nuevo hogar (Foto: ARTEFACTA)<\/div>\n<\/figcaption><\/figure>\n<p class=\"paragraph font__body-regular\">Uno de los ejes que atraviesa la feria es el v\u00ednculo entre<b>\u00a0dise\u00f1o y consumo real.<\/b>\u00a0Es decir, no se trata solo de piezas aspiracionales, sino de productos que terminan formando parte de la vida cotidiana en hogares de todo el pa\u00eds. En ese cruce aparece una de las claves del evento: entender c\u00f3mo se traduce\u00a0<b>el lenguaje del dise\u00f1o en objetos accesibles, industriales y con escala.<\/b><\/p>\n<h2 class=\"font--primary font__display\">Materiales, formas y usos<\/h2>\n<p class=\"paragraph font__body-regular\">En paralelo, habr\u00e1 un programa de charlas y conferencias donde especialistas del sector abordar\u00e1n<b>\u00a0los cambios en las formas de habitar, la evoluci\u00f3n de los materiales y las nuevas demandas del consumidor.\u00a0<\/b>La agenda buscar\u00e1 poner en discusi\u00f3n hacia d\u00f3nde va el dise\u00f1o del hogar en un contexto donde conviven la producci\u00f3n local, la innovaci\u00f3n y la necesidad de adaptarse a h\u00e1bitos en transformaci\u00f3n.<\/p>\n<figure class=\"\" data-testid=\"figure-testid\">\n<div class=\"aspect_ratio__container\"><picture class=\"responsive-image\"><source srcset=\"https:\/\/tn.com.ar\/resizer\/v2\/materiales-formas-y-usos-las-claves-del-diseno-que-viene-foto-artefacta-XZD53D7T5VCYTK4MVWDHE4CYQ4.jpg?auth=17f11cad452aca143b574fe4967541d331a48e5b8f4b83a134d1bbbf7d017a2c&amp;width=767\" type=\"image\/jpg\" media=\"(max-width: 728px)\" \/><source srcset=\"https:\/\/tn.com.ar\/resizer\/v2\/materiales-formas-y-usos-las-claves-del-diseno-que-viene-foto-artefacta-XZD53D7T5VCYTK4MVWDHE4CYQ4.jpg?auth=17f11cad452aca143b574fe4967541d331a48e5b8f4b83a134d1bbbf7d017a2c&amp;width=1023\" type=\"image\/jpg\" media=\"(max-width: 1023px)\" \/><source srcset=\"https:\/\/tn.com.ar\/resizer\/v2\/materiales-formas-y-usos-las-claves-del-diseno-que-viene-foto-artefacta-XZD53D7T5VCYTK4MVWDHE4CYQ4.jpg?auth=17f11cad452aca143b574fe4967541d331a48e5b8f4b83a134d1bbbf7d017a2c&amp;width=1440\" type=\"image\/jpg\" \/><img loading=\"lazy\" decoding=\"async\" class=\"image content-image image_placeholder\" src=\"https:\/\/tn.com.ar\/resizer\/v2\/materiales-formas-y-usos-las-claves-del-diseno-que-viene-foto-artefacta-XZD53D7T5VCYTK4MVWDHE4CYQ4.jpg?auth=17f11cad452aca143b574fe4967541d331a48e5b8f4b83a134d1bbbf7d017a2c&amp;width=767\" alt=\"Materiales, formas y usos: las claves del dise\u00f1o que viene (Foto: ARTEFACTA)\" width=\"767\" height=\"575\" data-testid=\"loading-testid\" \/><\/picture><\/div><figcaption class=\"caption_image\" data-testid=\"figcaption-testid\">\n<div class=\"image_caption \">Materiales, formas y usos: las claves del dise\u00f1o que viene (Foto: ARTEFACTA)<\/div>\n<\/figcaption><\/figure>\n<p class=\"paragraph font__body-regular\">Otro punto distintivo es el\u00a0<b>alcance federal.<\/b>\u00a0La feria re\u00fane propuestas que luego se distribuyen en todo el pa\u00eds, lo que la convierte en una especie de mapa anticipado de lo que se ver\u00e1 en tiendas, showrooms y espacios dom\u00e9sticos en los pr\u00f3ximos meses.<\/p>\n<p class=\"paragraph font__body-regular\">Con esa l\u00f3gica, Artefacta no solo se posiciona como un punto de encuentro para el sector, sino tambi\u00e9n como un espacio para detectar tendencias, leer el presente del dise\u00f1o y entender\u00a0<b>c\u00f3mo se construyen hoy los objetos que acompa\u00f1an la vida diaria.<\/b><\/p>\n<p class=\"paragraph font__body-regular\"><b>Datos clave de Artefacta 2026<\/b><\/p>\n<ul class=\"ul__list list\">\n<li class=\"list__item\">Fecha: 29, 30 de junio y 1 de julio de 2026<\/li>\n<li class=\"list__item\">Lugar: La Rural \u2014 Pabell\u00f3n Amarillo<\/li>\n<li class=\"list__item\">Categor\u00edas: muebles, iluminaci\u00f3n, decoraci\u00f3n, textiles, bazar, utensilios de cocina, accesorios y m\u00e1s<\/li>\n<\/ul>\n<\/div>\n<p><\/main><\/div>\n<aside class=\"col-right-rail right-rail\">\n<div id=\"parent-ad-slot-caja\" class=\"ad-container caja_ad \">\n<div class=\"ad-content\"><\/div>\n<\/div>\n<\/aside>\n","protected":false},"excerpt":{"rendered":"<p>Tres d\u00edas para leer tendencias, entender nuevas formas de habitar y ver de cerca el dise\u00f1o que llega a los hogares de todo el pa\u00eds. El calendario suma una nueva cita para quienes siguen de cerca c\u00f3mo se transforman los espacios que habitamos. Del 29 de junio al 1 de julio, el Pabell\u00f3n Amarillo de [&hellip;]<\/p>\n","protected":false},"author":1,"featured_media":15774,"comment_status":"open","ping_status":"open","sticky":false,"template":"","format":"standard","meta":{"rop_custom_images_group":[],"rop_custom_messages_group":[],"rop_publish_now":"initial","rop_publish_now_accounts":[],"rop_publish_now_history":[],"rop_publish_now_status":"pending","footnotes":"","jetpack_publicize_message":"","jetpack_publicize_feature_enabled":true,"jetpack_social_post_already_shared":true,"jetpack_social_options":{"image_generator_settings":{"template":"highway","enabled":false},"version":2}},"categories":[16],"tags":[],"class_list":{"0":"post-15773","1":"post","2":"type-post","3":"status-publish","4":"format-standard","5":"has-post-thumbnail","7":"category-tendencias"},"jetpack_publicize_connections":[],"yoast_head":"<!-- This site is optimized with the Yoast SEO plugin v27.3 - https:\/\/yoast.com\/product\/yoast-seo-wordpress\/ -->\n<title>La feria que revela lo que viene en dise\u00f1o, decoraci\u00f3n y estilo de vida - CLAN ESPECTACULOS<\/title>\n<meta name=\"robots\" content=\"index, follow, max-snippet:-1, max-image-preview:large, max-video-preview:-1\" \/>\n<link rel=\"canonical\" href=\"https:\/\/radioclanfm.com\/clanespectaculos\/la-feria-que-revela-lo-que-viene-en-diseno-decoracion-y-estilo-de-vida\/\" \/>\n<meta property=\"og:locale\" content=\"es_ES\" \/>\n<meta property=\"og:type\" content=\"article\" \/>\n<meta property=\"og:title\" content=\"La feria que revela lo que viene en dise\u00f1o, decoraci\u00f3n y estilo de vida - CLAN ESPECTACULOS\" \/>\n<meta property=\"og:description\" content=\"Tres d\u00edas para leer tendencias, entender nuevas formas de habitar y ver de cerca el dise\u00f1o que llega a los hogares de todo el pa\u00eds. El calendario suma una nueva cita para quienes siguen de cerca c\u00f3mo se transforman los espacios que habitamos. Del 29 de junio al 1 de julio, el Pabell\u00f3n Amarillo de [&hellip;]\" \/>\n<meta property=\"og:url\" content=\"https:\/\/radioclanfm.com\/clanespectaculos\/la-feria-que-revela-lo-que-viene-en-diseno-decoracion-y-estilo-de-vida\/\" \/>\n<meta property=\"og:site_name\" content=\"CLAN ESPECTACULOS\" \/>\n<meta property=\"article:publisher\" content=\"https:\/\/www.facebook.com\/clanespectaculos\/\" \/>\n<meta property=\"article:published_time\" content=\"2026-04-25T13:56:42+00:00\" \/>\n<meta property=\"og:image\" content=\"https:\/\/radioclanfm.com\/clanespectaculos\/wp-content\/uploads\/sites\/2\/2026\/04\/z10pNTgC.jpg\" \/>\n\t<meta property=\"og:image:width\" content=\"900\" \/>\n\t<meta property=\"og:image:height\" content=\"506\" \/>\n\t<meta property=\"og:image:type\" content=\"image\/jpeg\" \/>\n<meta name=\"author\" content=\"E-GRUPOCLAN\" \/>\n<meta name=\"twitter:card\" content=\"summary_large_image\" \/>\n<meta name=\"twitter:creator\" content=\"@clanespectok\" \/>\n<meta name=\"twitter:site\" content=\"@clanespectok\" \/>\n<meta name=\"twitter:label1\" content=\"Escrito por\" \/>\n\t<meta name=\"twitter:data1\" content=\"E-GRUPOCLAN\" \/>\n\t<meta name=\"twitter:label2\" content=\"Tiempo de lectura\" \/>\n\t<meta name=\"twitter:data2\" content=\"3 minutos\" \/>\n<script type=\"application\/ld+json\" class=\"yoast-schema-graph\">{\"@context\":\"https:\\\/\\\/schema.org\",\"@graph\":[{\"@type\":\"Article\",\"@id\":\"https:\\\/\\\/radioclanfm.com\\\/clanespectaculos\\\/la-feria-que-revela-lo-que-viene-en-diseno-decoracion-y-estilo-de-vida\\\/#article\",\"isPartOf\":{\"@id\":\"https:\\\/\\\/radioclanfm.com\\\/clanespectaculos\\\/la-feria-que-revela-lo-que-viene-en-diseno-decoracion-y-estilo-de-vida\\\/\"},\"author\":{\"name\":\"E-GRUPOCLAN\",\"@id\":\"https:\\\/\\\/radioclanfm.com\\\/clanespectaculos\\\/#\\\/schema\\\/person\\\/9734813083303230f3ad84d99171b20c\"},\"headline\":\"La feria que revela lo que viene en dise\u00f1o, decoraci\u00f3n y estilo de vida\",\"datePublished\":\"2026-04-25T13:56:42+00:00\",\"mainEntityOfPage\":{\"@id\":\"https:\\\/\\\/radioclanfm.com\\\/clanespectaculos\\\/la-feria-que-revela-lo-que-viene-en-diseno-decoracion-y-estilo-de-vida\\\/\"},\"wordCount\":527,\"commentCount\":0,\"publisher\":{\"@id\":\"https:\\\/\\\/radioclanfm.com\\\/clanespectaculos\\\/#organization\"},\"image\":{\"@id\":\"https:\\\/\\\/radioclanfm.com\\\/clanespectaculos\\\/la-feria-que-revela-lo-que-viene-en-diseno-decoracion-y-estilo-de-vida\\\/#primaryimage\"},\"thumbnailUrl\":\"https:\\\/\\\/radioclanfm.com\\\/clanespectaculos\\\/wp-content\\\/uploads\\\/sites\\\/2\\\/2026\\\/04\\\/z10pNTgC.jpg\",\"articleSection\":[\"TENDENCIAS\"],\"inLanguage\":\"es-AR\",\"potentialAction\":[{\"@type\":\"CommentAction\",\"name\":\"Comment\",\"target\":[\"https:\\\/\\\/radioclanfm.com\\\/clanespectaculos\\\/la-feria-que-revela-lo-que-viene-en-diseno-decoracion-y-estilo-de-vida\\\/#respond\"]}]},{\"@type\":\"WebPage\",\"@id\":\"https:\\\/\\\/radioclanfm.com\\\/clanespectaculos\\\/la-feria-que-revela-lo-que-viene-en-diseno-decoracion-y-estilo-de-vida\\\/\",\"url\":\"https:\\\/\\\/radioclanfm.com\\\/clanespectaculos\\\/la-feria-que-revela-lo-que-viene-en-diseno-decoracion-y-estilo-de-vida\\\/\",\"name\":\"La feria que revela lo que viene en dise\u00f1o, decoraci\u00f3n y estilo de vida - CLAN ESPECTACULOS\",\"isPartOf\":{\"@id\":\"https:\\\/\\\/radioclanfm.com\\\/clanespectaculos\\\/#website\"},\"primaryImageOfPage\":{\"@id\":\"https:\\\/\\\/radioclanfm.com\\\/clanespectaculos\\\/la-feria-que-revela-lo-que-viene-en-diseno-decoracion-y-estilo-de-vida\\\/#primaryimage\"},\"image\":{\"@id\":\"https:\\\/\\\/radioclanfm.com\\\/clanespectaculos\\\/la-feria-que-revela-lo-que-viene-en-diseno-decoracion-y-estilo-de-vida\\\/#primaryimage\"},\"thumbnailUrl\":\"https:\\\/\\\/radioclanfm.com\\\/clanespectaculos\\\/wp-content\\\/uploads\\\/sites\\\/2\\\/2026\\\/04\\\/z10pNTgC.jpg\",\"datePublished\":\"2026-04-25T13:56:42+00:00\",\"breadcrumb\":{\"@id\":\"https:\\\/\\\/radioclanfm.com\\\/clanespectaculos\\\/la-feria-que-revela-lo-que-viene-en-diseno-decoracion-y-estilo-de-vida\\\/#breadcrumb\"},\"inLanguage\":\"es-AR\",\"potentialAction\":[{\"@type\":\"ReadAction\",\"target\":[\"https:\\\/\\\/radioclanfm.com\\\/clanespectaculos\\\/la-feria-que-revela-lo-que-viene-en-diseno-decoracion-y-estilo-de-vida\\\/\"]}]},{\"@type\":\"ImageObject\",\"inLanguage\":\"es-AR\",\"@id\":\"https:\\\/\\\/radioclanfm.com\\\/clanespectaculos\\\/la-feria-que-revela-lo-que-viene-en-diseno-decoracion-y-estilo-de-vida\\\/#primaryimage\",\"url\":\"https:\\\/\\\/radioclanfm.com\\\/clanespectaculos\\\/wp-content\\\/uploads\\\/sites\\\/2\\\/2026\\\/04\\\/z10pNTgC.jpg\",\"contentUrl\":\"https:\\\/\\\/radioclanfm.com\\\/clanespectaculos\\\/wp-content\\\/uploads\\\/sites\\\/2\\\/2026\\\/04\\\/z10pNTgC.jpg\",\"width\":900,\"height\":506},{\"@type\":\"BreadcrumbList\",\"@id\":\"https:\\\/\\\/radioclanfm.com\\\/clanespectaculos\\\/la-feria-que-revela-lo-que-viene-en-diseno-decoracion-y-estilo-de-vida\\\/#breadcrumb\",\"itemListElement\":[{\"@type\":\"ListItem\",\"position\":1,\"name\":\"Inicio\",\"item\":\"https:\\\/\\\/radioclanfm.com\\\/clanespectaculos\\\/\"},{\"@type\":\"ListItem\",\"position\":2,\"name\":\"La feria que revela lo que viene en dise\u00f1o, decoraci\u00f3n y estilo de vida\"}]},{\"@type\":\"WebSite\",\"@id\":\"https:\\\/\\\/radioclanfm.com\\\/clanespectaculos\\\/#website\",\"url\":\"https:\\\/\\\/radioclanfm.com\\\/clanespectaculos\\\/\",\"name\":\"CLAN ESPECTACULOS\",\"description\":\"\",\"publisher\":{\"@id\":\"https:\\\/\\\/radioclanfm.com\\\/clanespectaculos\\\/#organization\"},\"potentialAction\":[{\"@type\":\"SearchAction\",\"target\":{\"@type\":\"EntryPoint\",\"urlTemplate\":\"https:\\\/\\\/radioclanfm.com\\\/clanespectaculos\\\/?s={search_term_string}\"},\"query-input\":{\"@type\":\"PropertyValueSpecification\",\"valueRequired\":true,\"valueName\":\"search_term_string\"}}],\"inLanguage\":\"es-AR\"},{\"@type\":\"Organization\",\"@id\":\"https:\\\/\\\/radioclanfm.com\\\/clanespectaculos\\\/#organization\",\"name\":\"CLAN ESPECTACULOS\",\"url\":\"https:\\\/\\\/radioclanfm.com\\\/clanespectaculos\\\/\",\"logo\":{\"@type\":\"ImageObject\",\"inLanguage\":\"es-AR\",\"@id\":\"https:\\\/\\\/radioclanfm.com\\\/clanespectaculos\\\/#\\\/schema\\\/logo\\\/image\\\/\",\"url\":\"https:\\\/\\\/radioclanfm.com\\\/clanespectaculos\\\/wp-content\\\/uploads\\\/sites\\\/2\\\/2026\\\/04\\\/ChatGPT-Image-23-mar-2026-10_09_00.png\",\"contentUrl\":\"https:\\\/\\\/radioclanfm.com\\\/clanespectaculos\\\/wp-content\\\/uploads\\\/sites\\\/2\\\/2026\\\/04\\\/ChatGPT-Image-23-mar-2026-10_09_00.png\",\"width\":1024,\"height\":1024,\"caption\":\"CLAN ESPECTACULOS\"},\"image\":{\"@id\":\"https:\\\/\\\/radioclanfm.com\\\/clanespectaculos\\\/#\\\/schema\\\/logo\\\/image\\\/\"},\"sameAs\":[\"https:\\\/\\\/www.facebook.com\\\/clanespectaculos\\\/\",\"https:\\\/\\\/x.com\\\/clanespectok\"]},{\"@type\":\"Person\",\"@id\":\"https:\\\/\\\/radioclanfm.com\\\/clanespectaculos\\\/#\\\/schema\\\/person\\\/9734813083303230f3ad84d99171b20c\",\"name\":\"E-GRUPOCLAN\",\"image\":{\"@type\":\"ImageObject\",\"inLanguage\":\"es-AR\",\"@id\":\"https:\\\/\\\/secure.gravatar.com\\\/avatar\\\/af6e19837c3d6a212034a48c7b3818d2ac1826f6025df0155da5a186ad321d79?s=96&d=mm&r=g\",\"url\":\"https:\\\/\\\/secure.gravatar.com\\\/avatar\\\/af6e19837c3d6a212034a48c7b3818d2ac1826f6025df0155da5a186ad321d79?s=96&d=mm&r=g\",\"contentUrl\":\"https:\\\/\\\/secure.gravatar.com\\\/avatar\\\/af6e19837c3d6a212034a48c7b3818d2ac1826f6025df0155da5a186ad321d79?s=96&d=mm&r=g\",\"caption\":\"E-GRUPOCLAN\"},\"sameAs\":[\"https:\\\/\\\/radioclanfm.com\"],\"url\":\"https:\\\/\\\/radioclanfm.com\\\/clanespectaculos\\\/author\\\/admin\\\/\"}]}<\/script>\n<!-- \/ Yoast SEO plugin. -->","yoast_head_json":{"title":"La feria que revela lo que viene en dise\u00f1o, decoraci\u00f3n y estilo de vida - CLAN ESPECTACULOS","robots":{"index":"index","follow":"follow","max-snippet":"max-snippet:-1","max-image-preview":"max-image-preview:large","max-video-preview":"max-video-preview:-1"},"canonical":"https:\/\/radioclanfm.com\/clanespectaculos\/la-feria-que-revela-lo-que-viene-en-diseno-decoracion-y-estilo-de-vida\/","og_locale":"es_ES","og_type":"article","og_title":"La feria que revela lo que viene en dise\u00f1o, decoraci\u00f3n y estilo de vida - CLAN ESPECTACULOS","og_description":"Tres d\u00edas para leer tendencias, entender nuevas formas de habitar y ver de cerca el dise\u00f1o que llega a los hogares de todo el pa\u00eds. El calendario suma una nueva cita para quienes siguen de cerca c\u00f3mo se transforman los espacios que habitamos. Del 29 de junio al 1 de julio, el Pabell\u00f3n Amarillo de [&hellip;]","og_url":"https:\/\/radioclanfm.com\/clanespectaculos\/la-feria-que-revela-lo-que-viene-en-diseno-decoracion-y-estilo-de-vida\/","og_site_name":"CLAN ESPECTACULOS","article_publisher":"https:\/\/www.facebook.com\/clanespectaculos\/","article_published_time":"2026-04-25T13:56:42+00:00","og_image":[{"width":900,"height":506,"url":"https:\/\/radioclanfm.com\/clanespectaculos\/wp-content\/uploads\/sites\/2\/2026\/04\/z10pNTgC.jpg","type":"image\/jpeg"}],"author":"E-GRUPOCLAN","twitter_card":"summary_large_image","twitter_creator":"@clanespectok","twitter_site":"@clanespectok","twitter_misc":{"Escrito por":"E-GRUPOCLAN","Tiempo de lectura":"3 minutos"},"schema":{"@context":"https:\/\/schema.org","@graph":[{"@type":"Article","@id":"https:\/\/radioclanfm.com\/clanespectaculos\/la-feria-que-revela-lo-que-viene-en-diseno-decoracion-y-estilo-de-vida\/#article","isPartOf":{"@id":"https:\/\/radioclanfm.com\/clanespectaculos\/la-feria-que-revela-lo-que-viene-en-diseno-decoracion-y-estilo-de-vida\/"},"author":{"name":"E-GRUPOCLAN","@id":"https:\/\/radioclanfm.com\/clanespectaculos\/#\/schema\/person\/9734813083303230f3ad84d99171b20c"},"headline":"La feria que revela lo que viene en dise\u00f1o, decoraci\u00f3n y estilo de vida","datePublished":"2026-04-25T13:56:42+00:00","mainEntityOfPage":{"@id":"https:\/\/radioclanfm.com\/clanespectaculos\/la-feria-que-revela-lo-que-viene-en-diseno-decoracion-y-estilo-de-vida\/"},"wordCount":527,"commentCount":0,"publisher":{"@id":"https:\/\/radioclanfm.com\/clanespectaculos\/#organization"},"image":{"@id":"https:\/\/radioclanfm.com\/clanespectaculos\/la-feria-que-revela-lo-que-viene-en-diseno-decoracion-y-estilo-de-vida\/#primaryimage"},"thumbnailUrl":"https:\/\/radioclanfm.com\/clanespectaculos\/wp-content\/uploads\/sites\/2\/2026\/04\/z10pNTgC.jpg","articleSection":["TENDENCIAS"],"inLanguage":"es-AR","potentialAction":[{"@type":"CommentAction","name":"Comment","target":["https:\/\/radioclanfm.com\/clanespectaculos\/la-feria-que-revela-lo-que-viene-en-diseno-decoracion-y-estilo-de-vida\/#respond"]}]},{"@type":"WebPage","@id":"https:\/\/radioclanfm.com\/clanespectaculos\/la-feria-que-revela-lo-que-viene-en-diseno-decoracion-y-estilo-de-vida\/","url":"https:\/\/radioclanfm.com\/clanespectaculos\/la-feria-que-revela-lo-que-viene-en-diseno-decoracion-y-estilo-de-vida\/","name":"La feria que revela lo que viene en dise\u00f1o, decoraci\u00f3n y estilo de vida - CLAN ESPECTACULOS","isPartOf":{"@id":"https:\/\/radioclanfm.com\/clanespectaculos\/#website"},"primaryImageOfPage":{"@id":"https:\/\/radioclanfm.com\/clanespectaculos\/la-feria-que-revela-lo-que-viene-en-diseno-decoracion-y-estilo-de-vida\/#primaryimage"},"image":{"@id":"https:\/\/radioclanfm.com\/clanespectaculos\/la-feria-que-revela-lo-que-viene-en-diseno-decoracion-y-estilo-de-vida\/#primaryimage"},"thumbnailUrl":"https:\/\/radioclanfm.com\/clanespectaculos\/wp-content\/uploads\/sites\/2\/2026\/04\/z10pNTgC.jpg","datePublished":"2026-04-25T13:56:42+00:00","breadcrumb":{"@id":"https:\/\/radioclanfm.com\/clanespectaculos\/la-feria-que-revela-lo-que-viene-en-diseno-decoracion-y-estilo-de-vida\/#breadcrumb"},"inLanguage":"es-AR","potentialAction":[{"@type":"ReadAction","target":["https:\/\/radioclanfm.com\/clanespectaculos\/la-feria-que-revela-lo-que-viene-en-diseno-decoracion-y-estilo-de-vida\/"]}]},{"@type":"ImageObject","inLanguage":"es-AR","@id":"https:\/\/radioclanfm.com\/clanespectaculos\/la-feria-que-revela-lo-que-viene-en-diseno-decoracion-y-estilo-de-vida\/#primaryimage","url":"https:\/\/radioclanfm.com\/clanespectaculos\/wp-content\/uploads\/sites\/2\/2026\/04\/z10pNTgC.jpg","contentUrl":"https:\/\/radioclanfm.com\/clanespectaculos\/wp-content\/uploads\/sites\/2\/2026\/04\/z10pNTgC.jpg","width":900,"height":506},{"@type":"BreadcrumbList","@id":"https:\/\/radioclanfm.com\/clanespectaculos\/la-feria-que-revela-lo-que-viene-en-diseno-decoracion-y-estilo-de-vida\/#breadcrumb","itemListElement":[{"@type":"ListItem","position":1,"name":"Inicio","item":"https:\/\/radioclanfm.com\/clanespectaculos\/"},{"@type":"ListItem","position":2,"name":"La feria que revela lo que viene en dise\u00f1o, decoraci\u00f3n y estilo de vida"}]},{"@type":"WebSite","@id":"https:\/\/radioclanfm.com\/clanespectaculos\/#website","url":"https:\/\/radioclanfm.com\/clanespectaculos\/","name":"CLAN ESPECTACULOS","description":"","publisher":{"@id":"https:\/\/radioclanfm.com\/clanespectaculos\/#organization"},"potentialAction":[{"@type":"SearchAction","target":{"@type":"EntryPoint","urlTemplate":"https:\/\/radioclanfm.com\/clanespectaculos\/?s={search_term_string}"},"query-input":{"@type":"PropertyValueSpecification","valueRequired":true,"valueName":"search_term_string"}}],"inLanguage":"es-AR"},{"@type":"Organization","@id":"https:\/\/radioclanfm.com\/clanespectaculos\/#organization","name":"CLAN ESPECTACULOS","url":"https:\/\/radioclanfm.com\/clanespectaculos\/","logo":{"@type":"ImageObject","inLanguage":"es-AR","@id":"https:\/\/radioclanfm.com\/clanespectaculos\/#\/schema\/logo\/image\/","url":"https:\/\/radioclanfm.com\/clanespectaculos\/wp-content\/uploads\/sites\/2\/2026\/04\/ChatGPT-Image-23-mar-2026-10_09_00.png","contentUrl":"https:\/\/radioclanfm.com\/clanespectaculos\/wp-content\/uploads\/sites\/2\/2026\/04\/ChatGPT-Image-23-mar-2026-10_09_00.png","width":1024,"height":1024,"caption":"CLAN ESPECTACULOS"},"image":{"@id":"https:\/\/radioclanfm.com\/clanespectaculos\/#\/schema\/logo\/image\/"},"sameAs":["https:\/\/www.facebook.com\/clanespectaculos\/","https:\/\/x.com\/clanespectok"]},{"@type":"Person","@id":"https:\/\/radioclanfm.com\/clanespectaculos\/#\/schema\/person\/9734813083303230f3ad84d99171b20c","name":"E-GRUPOCLAN","image":{"@type":"ImageObject","inLanguage":"es-AR","@id":"https:\/\/secure.gravatar.com\/avatar\/af6e19837c3d6a212034a48c7b3818d2ac1826f6025df0155da5a186ad321d79?s=96&d=mm&r=g","url":"https:\/\/secure.gravatar.com\/avatar\/af6e19837c3d6a212034a48c7b3818d2ac1826f6025df0155da5a186ad321d79?s=96&d=mm&r=g","contentUrl":"https:\/\/secure.gravatar.com\/avatar\/af6e19837c3d6a212034a48c7b3818d2ac1826f6025df0155da5a186ad321d79?s=96&d=mm&r=g","caption":"E-GRUPOCLAN"},"sameAs":["https:\/\/radioclanfm.com"],"url":"https:\/\/radioclanfm.com\/clanespectaculos\/author\/admin\/"}]}},"_links":{"self":[{"href":"https:\/\/radioclanfm.com\/clanespectaculos\/wp-json\/wp\/v2\/posts\/15773","targetHints":{"allow":["GET"]}}],"collection":[{"href":"https:\/\/radioclanfm.com\/clanespectaculos\/wp-json\/wp\/v2\/posts"}],"about":[{"href":"https:\/\/radioclanfm.com\/clanespectaculos\/wp-json\/wp\/v2\/types\/post"}],"author":[{"embeddable":true,"href":"https:\/\/radioclanfm.com\/clanespectaculos\/wp-json\/wp\/v2\/users\/1"}],"replies":[{"embeddable":true,"href":"https:\/\/radioclanfm.com\/clanespectaculos\/wp-json\/wp\/v2\/comments?post=15773"}],"version-history":[{"count":1,"href":"https:\/\/radioclanfm.com\/clanespectaculos\/wp-json\/wp\/v2\/posts\/15773\/revisions"}],"predecessor-version":[{"id":15775,"href":"https:\/\/radioclanfm.com\/clanespectaculos\/wp-json\/wp\/v2\/posts\/15773\/revisions\/15775"}],"wp:featuredmedia":[{"embeddable":true,"href":"https:\/\/radioclanfm.com\/clanespectaculos\/wp-json\/wp\/v2\/media\/15774"}],"wp:attachment":[{"href":"https:\/\/radioclanfm.com\/clanespectaculos\/wp-json\/wp\/v2\/media?parent=15773"}],"wp:term":[{"taxonomy":"category","embeddable":true,"href":"https:\/\/radioclanfm.com\/clanespectaculos\/wp-json\/wp\/v2\/categories?post=15773"},{"taxonomy":"post_tag","embeddable":true,"href":"https:\/\/radioclanfm.com\/clanespectaculos\/wp-json\/wp\/v2\/tags?post=15773"}],"curies":[{"name":"wp","href":"https:\/\/api.w.org\/{rel}","templated":true}]}}