{"id":15770,"date":"2026-04-25T10:54:29","date_gmt":"2026-04-25T13:54:29","guid":{"rendered":"https:\/\/radioclanfm.com\/clanespectaculos\/?p=15770"},"modified":"2026-04-25T10:54:29","modified_gmt":"2026-04-25T13:54:29","slug":"moda-en-familia-sol-barthalot-sumo-estilo-deportivo-a-la-marca-de-sus-padres","status":"publish","type":"post","link":"https:\/\/radioclanfm.com\/clanespectaculos\/moda-en-familia-sol-barthalot-sumo-estilo-deportivo-a-la-marca-de-sus-padres\/","title":{"rendered":"Moda en familia: Sol Barthalot sum\u00f3 estilo deportivo a la marca de sus padres"},"content":{"rendered":"<p>La hija de los fundadores de la marca Estancias dise\u00f1\u00f3 una colecci\u00f3n que fusiona moda y deporte. \u201cMovimiento con disfrute\u201d, comenta.<\/p>\n<p class=\"paragraph font__body-regular\">En el universo de la marca\u00a0<b>Estancias<\/b>, donde las ra\u00edces, la tradici\u00f3n y el dise\u00f1o son parte del ADN, surge una nueva l\u00ednea que ampl\u00eda el horizonte de la marca. Baciver, la propuesta\u00a0<i><b>sporty\u00a0<\/b><\/i>presentada en su\u00a0\u00faltimo desfile\u00a0y creada por\u00a0<b>Sol Barthalot<\/b>, hija de los fundadores, pone el foco en el movimiento, el bienestar y una forma m\u00e1s consciente de habitar el cuerpo.<\/p>\n<div id=\"ad-slot-infeed\" class=\"infeed-container ad-slot-infeed ad-slot\" data-adtype=\"infeed\" data-lazyload=\"1\" data-google-query-id=\"CIuPqoyTiZQDFZ0BHgAdbpgF2A\">\n<div id=\"google_ads_iframe_\/113951150\/tn-arc\/nota\/infeed_0__container__\"><\/div>\n<\/div>\n<p class=\"paragraph font__body-regular\">Aunque su v\u00ednculo con la moda viene desde siempre, su recorrido tuvo un camino propio.\u00a0<b>\u201cMis pap\u00e1s crearon Estancias antes de que yo naciera, as\u00ed que para m\u00ed siempre fue parte de mi historia y de mi vida cotidiana\u201d<\/b>, cuenta.<\/p>\n<div class=\"story-list\" data-mrf-recirculation=\"IL_RNrGCM52Q_ui4aMax3fibg\" data-testid=\"text-html\" data-mrf-experience=\"IL_RNrGCM52Q_ui4aMax3fibg\">\n<article class=\"card__container card__horizontal\">\n<div class=\"card__body\">\n<header>\n<h3 class=\"card__headline font__display\"><\/h3>\n<\/header>\n<\/div>\n<\/article>\n<\/div>\n<p class=\"paragraph font__body-regular\">Su formaci\u00f3n, sin embargo, fue en\u00a0<b>dise\u00f1o gr\u00e1fico en la UBA<\/b>, aunque la moda siempre estuvo presente como forma de expresi\u00f3n.\u00a0<b>\u201cDesde chica me gustaba expresarme a trav\u00e9s de la ropa, jugar con el color y lo art\u00edstico, y con el tiempo entend\u00ed que era una forma muy fuerte de identidad\u201d.<\/b><\/p>\n<figure class=\"\" data-testid=\"figure-testid\">\n<div class=\"aspect_ratio__container\"><picture class=\"responsive-image\"><source srcset=\"https:\/\/tn.com.ar\/resizer\/v2\/la-moda-deportiva-se-redefine-con-baciver-foto-baciver-TJPJRWU57JEQ7PI4FMCTFXXEE4.png?auth=d191ec860893af89c6de9ac2ae04e89d754adeb118653acaeb209728a4882c25&amp;width=767\" type=\"image\/jpg\" media=\"(max-width: 728px)\" \/><source srcset=\"https:\/\/tn.com.ar\/resizer\/v2\/la-moda-deportiva-se-redefine-con-baciver-foto-baciver-TJPJRWU57JEQ7PI4FMCTFXXEE4.png?auth=d191ec860893af89c6de9ac2ae04e89d754adeb118653acaeb209728a4882c25&amp;width=1023\" type=\"image\/jpg\" media=\"(max-width: 1023px)\" \/><source srcset=\"https:\/\/tn.com.ar\/resizer\/v2\/la-moda-deportiva-se-redefine-con-baciver-foto-baciver-TJPJRWU57JEQ7PI4FMCTFXXEE4.png?auth=d191ec860893af89c6de9ac2ae04e89d754adeb118653acaeb209728a4882c25&amp;width=1440\" type=\"image\/jpg\" \/><img loading=\"lazy\" decoding=\"async\" class=\"image content-image image_placeholder\" src=\"https:\/\/tn.com.ar\/resizer\/v2\/la-moda-deportiva-se-redefine-con-baciver-foto-baciver-TJPJRWU57JEQ7PI4FMCTFXXEE4.png?auth=d191ec860893af89c6de9ac2ae04e89d754adeb118653acaeb209728a4882c25&amp;width=767\" alt=\"La moda deportiva se redefine con Baciver. (Foto: @baciver)\" width=\"767\" height=\"1355\" data-testid=\"loading-testid\" \/><\/picture><\/div><figcaption class=\"caption_image\" data-testid=\"figcaption-testid\">\n<div class=\"image_caption \">La moda deportiva se redefine con Baciver. (Foto: @baciver)<\/div>\n<\/figcaption><\/figure>\n<p class=\"paragraph font__body-regular\">Baciver nace justamente de ese cruce entre lo personal y lo heredado.\u00a0<b>\u201cSurge de la fusi\u00f3n de dos mundos muy importantes para m\u00ed: la moda, por mi historia familiar, y el deporte, como un espacio personal de desconexi\u00f3n y bienestar\u201d,<\/b>\u00a0explica.<\/p>\n<figure class=\"\" data-testid=\"figure-testid\">\n<div class=\"aspect_ratio__container\"><picture class=\"responsive-image\"><source srcset=\"https:\/\/tn.com.ar\/resizer\/v2\/la-idea-de-baciver-nacio-cuando-sol-vivia-en-espana-foto-gentileza-sol-barthalot-53SUAIVWONGZTH2OCTT3X57U5A.jpeg?auth=828b3a28104a524d08bc5eb1953ab65c4d98060b7b863739147b30f0b9d03b6a&amp;width=767\" type=\"image\/jpg\" media=\"(max-width: 728px)\" \/><source srcset=\"https:\/\/tn.com.ar\/resizer\/v2\/la-idea-de-baciver-nacio-cuando-sol-vivia-en-espana-foto-gentileza-sol-barthalot-53SUAIVWONGZTH2OCTT3X57U5A.jpeg?auth=828b3a28104a524d08bc5eb1953ab65c4d98060b7b863739147b30f0b9d03b6a&amp;width=1023\" type=\"image\/jpg\" media=\"(max-width: 1023px)\" \/><source srcset=\"https:\/\/tn.com.ar\/resizer\/v2\/la-idea-de-baciver-nacio-cuando-sol-vivia-en-espana-foto-gentileza-sol-barthalot-53SUAIVWONGZTH2OCTT3X57U5A.jpeg?auth=828b3a28104a524d08bc5eb1953ab65c4d98060b7b863739147b30f0b9d03b6a&amp;width=1440\" type=\"image\/jpg\" \/><img loading=\"lazy\" decoding=\"async\" class=\"image content-image image_placeholder\" src=\"https:\/\/tn.com.ar\/resizer\/v2\/la-idea-de-baciver-nacio-cuando-sol-vivia-en-espana-foto-gentileza-sol-barthalot-53SUAIVWONGZTH2OCTT3X57U5A.jpeg?auth=828b3a28104a524d08bc5eb1953ab65c4d98060b7b863739147b30f0b9d03b6a&amp;width=767\" alt=\"La idea de Baciver naci\u00f3 cuando Sol viv\u00eda en Espa\u00f1a. (Foto: Gentileza Sol Barthalot)\" width=\"767\" height=\"1151\" data-testid=\"loading-testid\" \/><\/picture><\/div><figcaption class=\"caption_image\" data-testid=\"figcaption-testid\">\n<div class=\"image_caption \">La idea de Baciver naci\u00f3 cuando Sol viv\u00eda en Espa\u00f1a. (Foto: Gentileza Sol Barthalot)<\/div>\n<\/figcaption><\/figure>\n<p class=\"paragraph font__body-regular\">La colecci\u00f3n toma como punto de partida<b>\u00a0su experiencia viviendo en el Val d\u2019Aran<\/b>, en Espa\u00f1a, donde el movimiento \u2014ya sea salir a correr o esquiar\u2014 se convirti\u00f3 en un ritual cotidiano.\u00a0<b>\u201cEsa sensaci\u00f3n es el coraz\u00f3n de Baciver: movimiento con disfrute\u201d.<\/b><\/p>\n<figure class=\"\" data-testid=\"figure-testid\">\n<div class=\"aspect_ratio__container\"><picture class=\"responsive-image\"><source srcset=\"https:\/\/tn.com.ar\/resizer\/v2\/su-experiencia-viviendo-en-el-val-daran-y-su-pasion-por-el-deporte-llevaron-a-sol-a-crear-su-propia-linea-sporty-foto-gentileza-sol-barthalot-SLRTUHPRXZG25BONFLKD53HY6Y.jpeg?auth=d52b056cd95162be674beeb24b2d2863ab76c64b4b4f951be07ee7803ffac5bb&amp;width=767\" type=\"image\/jpg\" media=\"(max-width: 728px)\" \/><source srcset=\"https:\/\/tn.com.ar\/resizer\/v2\/su-experiencia-viviendo-en-el-val-daran-y-su-pasion-por-el-deporte-llevaron-a-sol-a-crear-su-propia-linea-sporty-foto-gentileza-sol-barthalot-SLRTUHPRXZG25BONFLKD53HY6Y.jpeg?auth=d52b056cd95162be674beeb24b2d2863ab76c64b4b4f951be07ee7803ffac5bb&amp;width=1023\" type=\"image\/jpg\" media=\"(max-width: 1023px)\" \/><source srcset=\"https:\/\/tn.com.ar\/resizer\/v2\/su-experiencia-viviendo-en-el-val-daran-y-su-pasion-por-el-deporte-llevaron-a-sol-a-crear-su-propia-linea-sporty-foto-gentileza-sol-barthalot-SLRTUHPRXZG25BONFLKD53HY6Y.jpeg?auth=d52b056cd95162be674beeb24b2d2863ab76c64b4b4f951be07ee7803ffac5bb&amp;width=1440\" type=\"image\/jpg\" \/><img loading=\"lazy\" decoding=\"async\" class=\"image content-image image_placeholder\" src=\"https:\/\/tn.com.ar\/resizer\/v2\/su-experiencia-viviendo-en-el-val-daran-y-su-pasion-por-el-deporte-llevaron-a-sol-a-crear-su-propia-linea-sporty-foto-gentileza-sol-barthalot-SLRTUHPRXZG25BONFLKD53HY6Y.jpeg?auth=d52b056cd95162be674beeb24b2d2863ab76c64b4b4f951be07ee7803ffac5bb&amp;width=767\" alt=\"Su experiencia viviendo en el Val d\u2019Aran y su pasi\u00f3n por el deporte llevaron a Sol a crear su propia l\u00ednea sporty. (Foto: Gentileza Sol Barthalot)\" width=\"767\" height=\"1148\" data-testid=\"loading-testid\" \/><\/picture><\/div><figcaption class=\"caption_image\" data-testid=\"figcaption-testid\">\n<div class=\"image_caption \">Su experiencia viviendo en el Val d\u2019Aran y su pasi\u00f3n por el deporte llevaron a Sol a crear su propia l\u00ednea sporty. (Foto: Gentileza Sol Barthalot)<\/div>\n<\/figcaption><\/figure>\n<p class=\"paragraph font__body-regular\">A diferencia de otras propuestas deportivas, la l\u00ednea no est\u00e1 pensada desde la exigencia o el rendimiento extremo, sino en\u00a0<b>acompa\u00f1ar el movimiento desde un lugar m\u00e1s real y cotidiano.\u00a0<\/b>Sin embargo, ese enfoque relajado convive con un fuerte desarrollo t\u00e9cnico: las prendas est\u00e1n confeccionadas con<b>\u00a0tejidos de alta calidad, transpirables y livianos,<\/b>\u00a0dise\u00f1ados para\u00a0<b>adaptarse a distintas actividades.<\/b><\/p>\n<figure class=\"\" data-testid=\"figure-testid\">\n<div class=\"aspect_ratio__container\"><picture class=\"responsive-image\"><source srcset=\"https:\/\/tn.com.ar\/resizer\/v2\/comodidad-funcionalidad-y-moda-se-juntan-en-baciver-foto-baciver-KVGHQGAZSVEELBHKYAQ6OLAVHM.jpeg?auth=535ccf32ad381e4db69788f2f477145bce94f0412de0bb420704b162caece9dd&amp;width=767\" type=\"image\/jpg\" media=\"(max-width: 728px)\" \/><source srcset=\"https:\/\/tn.com.ar\/resizer\/v2\/comodidad-funcionalidad-y-moda-se-juntan-en-baciver-foto-baciver-KVGHQGAZSVEELBHKYAQ6OLAVHM.jpeg?auth=535ccf32ad381e4db69788f2f477145bce94f0412de0bb420704b162caece9dd&amp;width=1023\" type=\"image\/jpg\" media=\"(max-width: 1023px)\" \/><source srcset=\"https:\/\/tn.com.ar\/resizer\/v2\/comodidad-funcionalidad-y-moda-se-juntan-en-baciver-foto-baciver-KVGHQGAZSVEELBHKYAQ6OLAVHM.jpeg?auth=535ccf32ad381e4db69788f2f477145bce94f0412de0bb420704b162caece9dd&amp;width=1440\" type=\"image\/jpg\" \/><img loading=\"lazy\" decoding=\"async\" class=\"image content-image image_placeholder\" src=\"https:\/\/tn.com.ar\/resizer\/v2\/comodidad-funcionalidad-y-moda-se-juntan-en-baciver-foto-baciver-KVGHQGAZSVEELBHKYAQ6OLAVHM.jpeg?auth=535ccf32ad381e4db69788f2f477145bce94f0412de0bb420704b162caece9dd&amp;width=767\" alt=\"Comodidad, funcionalidad y moda se juntan en Baciver. (Foto: @baciver)\" width=\"767\" height=\"1213\" data-testid=\"loading-testid\" \/><\/picture><\/div><figcaption class=\"caption_image\" data-testid=\"figcaption-testid\">\n<div class=\"image_caption \">Comodidad, funcionalidad y moda se juntan en Baciver. (Foto: @baciver)<\/div>\n<\/figcaption><\/figure>\n<figure class=\"\" data-testid=\"figure-testid\">\n<div class=\"aspect_ratio__container\"><picture class=\"responsive-image\"><source srcset=\"https:\/\/tn.com.ar\/resizer\/v2\/linea-sportwear-para-el-invierno-de-estancias-foto-estanciaschiripa-Q7OONRQMQRHPRPCZQTXREPOV7U.jpeg?auth=1739da64dd8a18820d453d7f447b672ac1f95324c4802f24a3d60286853843a8&amp;width=767\" type=\"image\/jpg\" media=\"(max-width: 728px)\" \/><source srcset=\"https:\/\/tn.com.ar\/resizer\/v2\/linea-sportwear-para-el-invierno-de-estancias-foto-estanciaschiripa-Q7OONRQMQRHPRPCZQTXREPOV7U.jpeg?auth=1739da64dd8a18820d453d7f447b672ac1f95324c4802f24a3d60286853843a8&amp;width=1023\" type=\"image\/jpg\" media=\"(max-width: 1023px)\" \/><source srcset=\"https:\/\/tn.com.ar\/resizer\/v2\/linea-sportwear-para-el-invierno-de-estancias-foto-estanciaschiripa-Q7OONRQMQRHPRPCZQTXREPOV7U.jpeg?auth=1739da64dd8a18820d453d7f447b672ac1f95324c4802f24a3d60286853843a8&amp;width=1440\" type=\"image\/jpg\" \/><img loading=\"lazy\" decoding=\"async\" class=\"image content-image image_placeholder\" src=\"https:\/\/tn.com.ar\/resizer\/v2\/linea-sportwear-para-el-invierno-de-estancias-foto-estanciaschiripa-Q7OONRQMQRHPRPCZQTXREPOV7U.jpeg?auth=1739da64dd8a18820d453d7f447b672ac1f95324c4802f24a3d60286853843a8&amp;width=767\" alt=\"L\u00ednea sportwear para el invierno de Estancias. (Foto: @estanciaschiripa)\" width=\"767\" height=\"1151\" data-testid=\"loading-testid\" \/><\/picture><\/div><figcaption class=\"caption_image\" data-testid=\"figcaption-testid\">\n<div class=\"image_caption \">L\u00ednea sportwear para el invierno de Estancias. (Foto: @estanciaschiripa)<\/div>\n<\/figcaption><\/figure>\n<p class=\"paragraph font__body-regular\">La decisi\u00f3n de volcarse al universo\u00a0<i>sporty\u00a0<\/i>tambi\u00e9n responde a una necesidad actual.\u00a0<b>\u201cCreo que hoy m\u00e1s que nunca necesitamos espacios propios.<\/b>\u00a0El deporte, o simplemente el movimiento, puede ser ese momento para una misma:<b>\u00a0sin presi\u00f3n, sin exigencias externas, solo para reconectar\u201d<\/b>, afirma. Desde ese lugar, Baciver busca acompa\u00f1ar con prendas que combinan comodidad, funcionalidad y dise\u00f1o.<\/p>\n<figure class=\"\" data-testid=\"figure-testid\">\n<div class=\"aspect_ratio__container\"><picture class=\"responsive-image\"><source srcset=\"https:\/\/tn.com.ar\/resizer\/v2\/baciver-surgio-como-una-fusion-de-dos-pasiones-de-su-creadora-la-moda-y-el-deporte-foto-baciver-ZGLBWZ4PHZCJBKZ2PDZLNNQSVY.png?auth=39ed890093630e73d613ebb2bc024762813ab8da04ab37d5ad1922d685296d0c&amp;width=767\" type=\"image\/jpg\" media=\"(max-width: 728px)\" \/><source srcset=\"https:\/\/tn.com.ar\/resizer\/v2\/baciver-surgio-como-una-fusion-de-dos-pasiones-de-su-creadora-la-moda-y-el-deporte-foto-baciver-ZGLBWZ4PHZCJBKZ2PDZLNNQSVY.png?auth=39ed890093630e73d613ebb2bc024762813ab8da04ab37d5ad1922d685296d0c&amp;width=1023\" type=\"image\/jpg\" media=\"(max-width: 1023px)\" \/><source srcset=\"https:\/\/tn.com.ar\/resizer\/v2\/baciver-surgio-como-una-fusion-de-dos-pasiones-de-su-creadora-la-moda-y-el-deporte-foto-baciver-ZGLBWZ4PHZCJBKZ2PDZLNNQSVY.png?auth=39ed890093630e73d613ebb2bc024762813ab8da04ab37d5ad1922d685296d0c&amp;width=1440\" type=\"image\/jpg\" \/><img loading=\"lazy\" decoding=\"async\" class=\"image content-image image_placeholder\" src=\"https:\/\/tn.com.ar\/resizer\/v2\/baciver-surgio-como-una-fusion-de-dos-pasiones-de-su-creadora-la-moda-y-el-deporte-foto-baciver-ZGLBWZ4PHZCJBKZ2PDZLNNQSVY.png?auth=39ed890093630e73d613ebb2bc024762813ab8da04ab37d5ad1922d685296d0c&amp;width=767\" alt=\"Baciver surgi\u00f3 como una fusi\u00f3n de dos pasiones de su creadora: la moda y el deporte. (Foto: @baciver)\" width=\"767\" height=\"1348\" data-testid=\"loading-testid\" \/><\/picture><\/div><figcaption class=\"caption_image\" data-testid=\"figcaption-testid\">\n<div class=\"image_caption \">Baciver surgi\u00f3 como una fusi\u00f3n de dos pasiones de su creadora: la moda y el deporte. (Foto: @baciver)<\/div>\n<\/figcaption><\/figure>\n<p class=\"paragraph font__body-regular\">El proceso creativo de la l\u00ednea comenz\u00f3 en Europa, pero se consolid\u00f3 a partir del trabajo conjunto. En ese camino, una figura clave fue<b>\u00a0su pareja, Felipe, deportista profesional y atleta ol\u00edmpico.<\/b>\u00a0\u201c\u00c9l siempre me impuls\u00f3 a desarrollar mi lado deportivo y a animarme a llevarlo a un proyecto concreto\u201d, cuenta. Hoy, adem\u00e1s, forma parte activa del desarrollo de la marca desde su rol como dise\u00f1ador gr\u00e1fico y creativo.<\/p>\n<figure class=\"\" data-testid=\"figure-testid\">\n<div class=\"aspect_ratio__container\"><picture class=\"responsive-image\"><source srcset=\"https:\/\/tn.com.ar\/resizer\/v2\/sol-junto-a-su-pareja-felipe-disenador-grafico-y-creativo-en-su-marca-foto-gentileza-sol-barthalot-XW34QHC7IVEBFM266AK43MSHMA.jpeg?auth=01d6fcf4e16e051d2f0004ee34719d34d78e948341e67c2cf301d383e11e2ff8&amp;width=767\" type=\"image\/jpg\" media=\"(max-width: 728px)\" \/><source srcset=\"https:\/\/tn.com.ar\/resizer\/v2\/sol-junto-a-su-pareja-felipe-disenador-grafico-y-creativo-en-su-marca-foto-gentileza-sol-barthalot-XW34QHC7IVEBFM266AK43MSHMA.jpeg?auth=01d6fcf4e16e051d2f0004ee34719d34d78e948341e67c2cf301d383e11e2ff8&amp;width=1023\" type=\"image\/jpg\" media=\"(max-width: 1023px)\" \/><source srcset=\"https:\/\/tn.com.ar\/resizer\/v2\/sol-junto-a-su-pareja-felipe-disenador-grafico-y-creativo-en-su-marca-foto-gentileza-sol-barthalot-XW34QHC7IVEBFM266AK43MSHMA.jpeg?auth=01d6fcf4e16e051d2f0004ee34719d34d78e948341e67c2cf301d383e11e2ff8&amp;width=1440\" type=\"image\/jpg\" \/><img loading=\"lazy\" decoding=\"async\" class=\"image content-image image_placeholder\" src=\"https:\/\/tn.com.ar\/resizer\/v2\/sol-junto-a-su-pareja-felipe-disenador-grafico-y-creativo-en-su-marca-foto-gentileza-sol-barthalot-XW34QHC7IVEBFM266AK43MSHMA.jpeg?auth=01d6fcf4e16e051d2f0004ee34719d34d78e948341e67c2cf301d383e11e2ff8&amp;width=767\" alt=\"Sol junto a su pareja, Felipe, dise\u00f1ador gr\u00e1fico y creativo en su marca. (Foto: Gentileza Sol Barthalot)\" width=\"767\" height=\"959\" data-testid=\"loading-testid\" \/><\/picture><\/div><figcaption class=\"caption_image\" data-testid=\"figcaption-testid\">\n<div class=\"image_caption \">Sol junto a su pareja, Felipe, dise\u00f1ador gr\u00e1fico y creativo en su marca. (Foto: Gentileza Sol Barthalot)<\/div>\n<\/figcaption><\/figure>\n<p class=\"paragraph font__body-regular\">A su vez, el v\u00ednculo con Estancias sigue siendo central.<b>\u00a0\u201cEl trabajo con mi familia es un pilar fundamental. Es un proceso muy colaborativo, de aprendizaje constante.\u00a0<\/b>No siempre es f\u00e1cil, pero hay mucho\u00a0<b>respeto, confianza y una visi\u00f3n compartida<\/b>\u00a0que hace que el proyecto crezca de una forma muy genuina\u201d, cierra.<\/p>\n<figure class=\"\" data-testid=\"figure-testid\">\n<div class=\"aspect_ratio__container\"><picture class=\"responsive-image\"><source srcset=\"https:\/\/tn.com.ar\/resizer\/v2\/sol-barthalot-presento-baciver-en-el-ultimo-desfile-de-estancias-foto-baciver-N6L4ZFAPRVEH5JDGCGFT4P3SJ4.jpeg?auth=bebeae59711ca10c4f5998a9d83886143a40efe800b438e68e363d5c0f28be21&amp;width=767\" type=\"image\/jpg\" media=\"(max-width: 728px)\" \/><source srcset=\"https:\/\/tn.com.ar\/resizer\/v2\/sol-barthalot-presento-baciver-en-el-ultimo-desfile-de-estancias-foto-baciver-N6L4ZFAPRVEH5JDGCGFT4P3SJ4.jpeg?auth=bebeae59711ca10c4f5998a9d83886143a40efe800b438e68e363d5c0f28be21&amp;width=1023\" type=\"image\/jpg\" media=\"(max-width: 1023px)\" \/><source srcset=\"https:\/\/tn.com.ar\/resizer\/v2\/sol-barthalot-presento-baciver-en-el-ultimo-desfile-de-estancias-foto-baciver-N6L4ZFAPRVEH5JDGCGFT4P3SJ4.jpeg?auth=bebeae59711ca10c4f5998a9d83886143a40efe800b438e68e363d5c0f28be21&amp;width=1440\" type=\"image\/jpg\" \/><img loading=\"lazy\" decoding=\"async\" class=\"image content-image image_placeholder\" src=\"https:\/\/tn.com.ar\/resizer\/v2\/sol-barthalot-presento-baciver-en-el-ultimo-desfile-de-estancias-foto-baciver-N6L4ZFAPRVEH5JDGCGFT4P3SJ4.jpeg?auth=bebeae59711ca10c4f5998a9d83886143a40efe800b438e68e363d5c0f28be21&amp;width=767\" alt=\"Sol Barthalot present\u00f3 Baciver en el \u00faltimo desfile de Estancias. (Foto: @baciver)\" width=\"767\" height=\"1364\" data-testid=\"loading-testid\" \/><\/picture><\/div><figcaption class=\"caption_image\" data-testid=\"figcaption-testid\">\n<div class=\"image_caption \">Sol Barthalot present\u00f3 Baciver en el \u00faltimo desfile de Estancias. (Foto: @baciver)<\/div>\n<\/figcaption><\/figure>\n<p class=\"paragraph font__body-regular\">As\u00ed, la nueva l\u00ednea se posiciona como una extensi\u00f3n natural del universo Estancias, pero con identidad propia. Una propuesta que combina experiencia personal, desarrollo t\u00e9cnico y una mirada contempor\u00e1nea sobre el bienestar, donde el movimiento deja de ser una meta para convertirse en parte del d\u00eda a d\u00eda.<\/p>\n","protected":false},"excerpt":{"rendered":"<p>La hija de los fundadores de la marca Estancias dise\u00f1\u00f3 una colecci\u00f3n que fusiona moda y deporte. \u201cMovimiento con disfrute\u201d, comenta. En el universo de la marca\u00a0Estancias, donde las ra\u00edces, la tradici\u00f3n y el dise\u00f1o son parte del ADN, surge una nueva l\u00ednea que ampl\u00eda el horizonte de la marca. Baciver, la propuesta\u00a0sporty\u00a0presentada en su\u00a0\u00faltimo [&hellip;]<\/p>\n","protected":false},"author":1,"featured_media":15771,"comment_status":"open","ping_status":"open","sticky":false,"template":"","format":"standard","meta":{"rop_custom_images_group":[],"rop_custom_messages_group":[],"rop_publish_now":"initial","rop_publish_now_accounts":[],"rop_publish_now_history":[],"rop_publish_now_status":"pending","footnotes":"","jetpack_publicize_message":"","jetpack_publicize_feature_enabled":true,"jetpack_social_post_already_shared":true,"jetpack_social_options":{"image_generator_settings":{"template":"highway","enabled":false},"version":2}},"categories":[16],"tags":[],"class_list":{"0":"post-15770","1":"post","2":"type-post","3":"status-publish","4":"format-standard","5":"has-post-thumbnail","7":"category-tendencias"},"jetpack_publicize_connections":[],"yoast_head":"<!-- This site is optimized with the Yoast SEO plugin v27.3 - https:\/\/yoast.com\/product\/yoast-seo-wordpress\/ -->\n<title>Moda en familia: Sol Barthalot sum\u00f3 estilo deportivo a la marca de sus padres - CLAN ESPECTACULOS<\/title>\n<meta name=\"robots\" content=\"index, follow, max-snippet:-1, max-image-preview:large, max-video-preview:-1\" \/>\n<link rel=\"canonical\" href=\"https:\/\/radioclanfm.com\/clanespectaculos\/moda-en-familia-sol-barthalot-sumo-estilo-deportivo-a-la-marca-de-sus-padres\/\" \/>\n<meta property=\"og:locale\" content=\"es_ES\" \/>\n<meta property=\"og:type\" content=\"article\" \/>\n<meta property=\"og:title\" content=\"Moda en familia: Sol Barthalot sum\u00f3 estilo deportivo a la marca de sus padres - CLAN ESPECTACULOS\" \/>\n<meta property=\"og:description\" content=\"La hija de los fundadores de la marca Estancias dise\u00f1\u00f3 una colecci\u00f3n que fusiona moda y deporte. \u201cMovimiento con disfrute\u201d, comenta. En el universo de la marca\u00a0Estancias, donde las ra\u00edces, la tradici\u00f3n y el dise\u00f1o son parte del ADN, surge una nueva l\u00ednea que ampl\u00eda el horizonte de la marca. Baciver, la propuesta\u00a0sporty\u00a0presentada en su\u00a0\u00faltimo [&hellip;]\" \/>\n<meta property=\"og:url\" content=\"https:\/\/radioclanfm.com\/clanespectaculos\/moda-en-familia-sol-barthalot-sumo-estilo-deportivo-a-la-marca-de-sus-padres\/\" \/>\n<meta property=\"og:site_name\" content=\"CLAN ESPECTACULOS\" \/>\n<meta property=\"article:publisher\" content=\"https:\/\/www.facebook.com\/clanespectaculos\/\" \/>\n<meta property=\"article:published_time\" content=\"2026-04-25T13:54:29+00:00\" \/>\n<meta property=\"og:image\" content=\"https:\/\/radioclanfm.com\/clanespectaculos\/wp-content\/uploads\/sites\/2\/2026\/04\/bq9O9K8P.jpg\" \/>\n\t<meta property=\"og:image:width\" content=\"900\" \/>\n\t<meta property=\"og:image:height\" content=\"507\" \/>\n\t<meta property=\"og:image:type\" content=\"image\/jpeg\" \/>\n<meta name=\"author\" content=\"E-GRUPOCLAN\" \/>\n<meta name=\"twitter:card\" content=\"summary_large_image\" \/>\n<meta name=\"twitter:creator\" content=\"@clanespectok\" \/>\n<meta name=\"twitter:site\" content=\"@clanespectok\" \/>\n<meta name=\"twitter:label1\" content=\"Escrito por\" \/>\n\t<meta name=\"twitter:data1\" content=\"E-GRUPOCLAN\" \/>\n\t<meta name=\"twitter:label2\" content=\"Tiempo de lectura\" \/>\n\t<meta name=\"twitter:data2\" content=\"5 minutos\" \/>\n<script type=\"application\/ld+json\" class=\"yoast-schema-graph\">{\"@context\":\"https:\\\/\\\/schema.org\",\"@graph\":[{\"@type\":\"Article\",\"@id\":\"https:\\\/\\\/radioclanfm.com\\\/clanespectaculos\\\/moda-en-familia-sol-barthalot-sumo-estilo-deportivo-a-la-marca-de-sus-padres\\\/#article\",\"isPartOf\":{\"@id\":\"https:\\\/\\\/radioclanfm.com\\\/clanespectaculos\\\/moda-en-familia-sol-barthalot-sumo-estilo-deportivo-a-la-marca-de-sus-padres\\\/\"},\"author\":{\"name\":\"E-GRUPOCLAN\",\"@id\":\"https:\\\/\\\/radioclanfm.com\\\/clanespectaculos\\\/#\\\/schema\\\/person\\\/9734813083303230f3ad84d99171b20c\"},\"headline\":\"Moda en familia: Sol Barthalot sum\u00f3 estilo deportivo a la marca de sus padres\",\"datePublished\":\"2026-04-25T13:54:29+00:00\",\"mainEntityOfPage\":{\"@id\":\"https:\\\/\\\/radioclanfm.com\\\/clanespectaculos\\\/moda-en-familia-sol-barthalot-sumo-estilo-deportivo-a-la-marca-de-sus-padres\\\/\"},\"wordCount\":732,\"commentCount\":0,\"publisher\":{\"@id\":\"https:\\\/\\\/radioclanfm.com\\\/clanespectaculos\\\/#organization\"},\"image\":{\"@id\":\"https:\\\/\\\/radioclanfm.com\\\/clanespectaculos\\\/moda-en-familia-sol-barthalot-sumo-estilo-deportivo-a-la-marca-de-sus-padres\\\/#primaryimage\"},\"thumbnailUrl\":\"https:\\\/\\\/radioclanfm.com\\\/clanespectaculos\\\/wp-content\\\/uploads\\\/sites\\\/2\\\/2026\\\/04\\\/bq9O9K8P.jpg\",\"articleSection\":[\"TENDENCIAS\"],\"inLanguage\":\"es-AR\",\"potentialAction\":[{\"@type\":\"CommentAction\",\"name\":\"Comment\",\"target\":[\"https:\\\/\\\/radioclanfm.com\\\/clanespectaculos\\\/moda-en-familia-sol-barthalot-sumo-estilo-deportivo-a-la-marca-de-sus-padres\\\/#respond\"]}]},{\"@type\":\"WebPage\",\"@id\":\"https:\\\/\\\/radioclanfm.com\\\/clanespectaculos\\\/moda-en-familia-sol-barthalot-sumo-estilo-deportivo-a-la-marca-de-sus-padres\\\/\",\"url\":\"https:\\\/\\\/radioclanfm.com\\\/clanespectaculos\\\/moda-en-familia-sol-barthalot-sumo-estilo-deportivo-a-la-marca-de-sus-padres\\\/\",\"name\":\"Moda en familia: Sol Barthalot sum\u00f3 estilo deportivo a la marca de sus padres - CLAN ESPECTACULOS\",\"isPartOf\":{\"@id\":\"https:\\\/\\\/radioclanfm.com\\\/clanespectaculos\\\/#website\"},\"primaryImageOfPage\":{\"@id\":\"https:\\\/\\\/radioclanfm.com\\\/clanespectaculos\\\/moda-en-familia-sol-barthalot-sumo-estilo-deportivo-a-la-marca-de-sus-padres\\\/#primaryimage\"},\"image\":{\"@id\":\"https:\\\/\\\/radioclanfm.com\\\/clanespectaculos\\\/moda-en-familia-sol-barthalot-sumo-estilo-deportivo-a-la-marca-de-sus-padres\\\/#primaryimage\"},\"thumbnailUrl\":\"https:\\\/\\\/radioclanfm.com\\\/clanespectaculos\\\/wp-content\\\/uploads\\\/sites\\\/2\\\/2026\\\/04\\\/bq9O9K8P.jpg\",\"datePublished\":\"2026-04-25T13:54:29+00:00\",\"breadcrumb\":{\"@id\":\"https:\\\/\\\/radioclanfm.com\\\/clanespectaculos\\\/moda-en-familia-sol-barthalot-sumo-estilo-deportivo-a-la-marca-de-sus-padres\\\/#breadcrumb\"},\"inLanguage\":\"es-AR\",\"potentialAction\":[{\"@type\":\"ReadAction\",\"target\":[\"https:\\\/\\\/radioclanfm.com\\\/clanespectaculos\\\/moda-en-familia-sol-barthalot-sumo-estilo-deportivo-a-la-marca-de-sus-padres\\\/\"]}]},{\"@type\":\"ImageObject\",\"inLanguage\":\"es-AR\",\"@id\":\"https:\\\/\\\/radioclanfm.com\\\/clanespectaculos\\\/moda-en-familia-sol-barthalot-sumo-estilo-deportivo-a-la-marca-de-sus-padres\\\/#primaryimage\",\"url\":\"https:\\\/\\\/radioclanfm.com\\\/clanespectaculos\\\/wp-content\\\/uploads\\\/sites\\\/2\\\/2026\\\/04\\\/bq9O9K8P.jpg\",\"contentUrl\":\"https:\\\/\\\/radioclanfm.com\\\/clanespectaculos\\\/wp-content\\\/uploads\\\/sites\\\/2\\\/2026\\\/04\\\/bq9O9K8P.jpg\",\"width\":900,\"height\":507},{\"@type\":\"BreadcrumbList\",\"@id\":\"https:\\\/\\\/radioclanfm.com\\\/clanespectaculos\\\/moda-en-familia-sol-barthalot-sumo-estilo-deportivo-a-la-marca-de-sus-padres\\\/#breadcrumb\",\"itemListElement\":[{\"@type\":\"ListItem\",\"position\":1,\"name\":\"Inicio\",\"item\":\"https:\\\/\\\/radioclanfm.com\\\/clanespectaculos\\\/\"},{\"@type\":\"ListItem\",\"position\":2,\"name\":\"Moda en familia: Sol Barthalot sum\u00f3 estilo deportivo a la marca de sus padres\"}]},{\"@type\":\"WebSite\",\"@id\":\"https:\\\/\\\/radioclanfm.com\\\/clanespectaculos\\\/#website\",\"url\":\"https:\\\/\\\/radioclanfm.com\\\/clanespectaculos\\\/\",\"name\":\"CLAN ESPECTACULOS\",\"description\":\"\",\"publisher\":{\"@id\":\"https:\\\/\\\/radioclanfm.com\\\/clanespectaculos\\\/#organization\"},\"potentialAction\":[{\"@type\":\"SearchAction\",\"target\":{\"@type\":\"EntryPoint\",\"urlTemplate\":\"https:\\\/\\\/radioclanfm.com\\\/clanespectaculos\\\/?s={search_term_string}\"},\"query-input\":{\"@type\":\"PropertyValueSpecification\",\"valueRequired\":true,\"valueName\":\"search_term_string\"}}],\"inLanguage\":\"es-AR\"},{\"@type\":\"Organization\",\"@id\":\"https:\\\/\\\/radioclanfm.com\\\/clanespectaculos\\\/#organization\",\"name\":\"CLAN ESPECTACULOS\",\"url\":\"https:\\\/\\\/radioclanfm.com\\\/clanespectaculos\\\/\",\"logo\":{\"@type\":\"ImageObject\",\"inLanguage\":\"es-AR\",\"@id\":\"https:\\\/\\\/radioclanfm.com\\\/clanespectaculos\\\/#\\\/schema\\\/logo\\\/image\\\/\",\"url\":\"https:\\\/\\\/radioclanfm.com\\\/clanespectaculos\\\/wp-content\\\/uploads\\\/sites\\\/2\\\/2026\\\/04\\\/ChatGPT-Image-23-mar-2026-10_09_00.png\",\"contentUrl\":\"https:\\\/\\\/radioclanfm.com\\\/clanespectaculos\\\/wp-content\\\/uploads\\\/sites\\\/2\\\/2026\\\/04\\\/ChatGPT-Image-23-mar-2026-10_09_00.png\",\"width\":1024,\"height\":1024,\"caption\":\"CLAN ESPECTACULOS\"},\"image\":{\"@id\":\"https:\\\/\\\/radioclanfm.com\\\/clanespectaculos\\\/#\\\/schema\\\/logo\\\/image\\\/\"},\"sameAs\":[\"https:\\\/\\\/www.facebook.com\\\/clanespectaculos\\\/\",\"https:\\\/\\\/x.com\\\/clanespectok\"]},{\"@type\":\"Person\",\"@id\":\"https:\\\/\\\/radioclanfm.com\\\/clanespectaculos\\\/#\\\/schema\\\/person\\\/9734813083303230f3ad84d99171b20c\",\"name\":\"E-GRUPOCLAN\",\"image\":{\"@type\":\"ImageObject\",\"inLanguage\":\"es-AR\",\"@id\":\"https:\\\/\\\/secure.gravatar.com\\\/avatar\\\/af6e19837c3d6a212034a48c7b3818d2ac1826f6025df0155da5a186ad321d79?s=96&d=mm&r=g\",\"url\":\"https:\\\/\\\/secure.gravatar.com\\\/avatar\\\/af6e19837c3d6a212034a48c7b3818d2ac1826f6025df0155da5a186ad321d79?s=96&d=mm&r=g\",\"contentUrl\":\"https:\\\/\\\/secure.gravatar.com\\\/avatar\\\/af6e19837c3d6a212034a48c7b3818d2ac1826f6025df0155da5a186ad321d79?s=96&d=mm&r=g\",\"caption\":\"E-GRUPOCLAN\"},\"sameAs\":[\"https:\\\/\\\/radioclanfm.com\"],\"url\":\"https:\\\/\\\/radioclanfm.com\\\/clanespectaculos\\\/author\\\/admin\\\/\"}]}<\/script>\n<!-- \/ Yoast SEO plugin. -->","yoast_head_json":{"title":"Moda en familia: Sol Barthalot sum\u00f3 estilo deportivo a la marca de sus padres - CLAN ESPECTACULOS","robots":{"index":"index","follow":"follow","max-snippet":"max-snippet:-1","max-image-preview":"max-image-preview:large","max-video-preview":"max-video-preview:-1"},"canonical":"https:\/\/radioclanfm.com\/clanespectaculos\/moda-en-familia-sol-barthalot-sumo-estilo-deportivo-a-la-marca-de-sus-padres\/","og_locale":"es_ES","og_type":"article","og_title":"Moda en familia: Sol Barthalot sum\u00f3 estilo deportivo a la marca de sus padres - CLAN ESPECTACULOS","og_description":"La hija de los fundadores de la marca Estancias dise\u00f1\u00f3 una colecci\u00f3n que fusiona moda y deporte. \u201cMovimiento con disfrute\u201d, comenta. En el universo de la marca\u00a0Estancias, donde las ra\u00edces, la tradici\u00f3n y el dise\u00f1o son parte del ADN, surge una nueva l\u00ednea que ampl\u00eda el horizonte de la marca. Baciver, la propuesta\u00a0sporty\u00a0presentada en su\u00a0\u00faltimo [&hellip;]","og_url":"https:\/\/radioclanfm.com\/clanespectaculos\/moda-en-familia-sol-barthalot-sumo-estilo-deportivo-a-la-marca-de-sus-padres\/","og_site_name":"CLAN ESPECTACULOS","article_publisher":"https:\/\/www.facebook.com\/clanespectaculos\/","article_published_time":"2026-04-25T13:54:29+00:00","og_image":[{"width":900,"height":507,"url":"https:\/\/radioclanfm.com\/clanespectaculos\/wp-content\/uploads\/sites\/2\/2026\/04\/bq9O9K8P.jpg","type":"image\/jpeg"}],"author":"E-GRUPOCLAN","twitter_card":"summary_large_image","twitter_creator":"@clanespectok","twitter_site":"@clanespectok","twitter_misc":{"Escrito por":"E-GRUPOCLAN","Tiempo de lectura":"5 minutos"},"schema":{"@context":"https:\/\/schema.org","@graph":[{"@type":"Article","@id":"https:\/\/radioclanfm.com\/clanespectaculos\/moda-en-familia-sol-barthalot-sumo-estilo-deportivo-a-la-marca-de-sus-padres\/#article","isPartOf":{"@id":"https:\/\/radioclanfm.com\/clanespectaculos\/moda-en-familia-sol-barthalot-sumo-estilo-deportivo-a-la-marca-de-sus-padres\/"},"author":{"name":"E-GRUPOCLAN","@id":"https:\/\/radioclanfm.com\/clanespectaculos\/#\/schema\/person\/9734813083303230f3ad84d99171b20c"},"headline":"Moda en familia: Sol Barthalot sum\u00f3 estilo deportivo a la marca de sus padres","datePublished":"2026-04-25T13:54:29+00:00","mainEntityOfPage":{"@id":"https:\/\/radioclanfm.com\/clanespectaculos\/moda-en-familia-sol-barthalot-sumo-estilo-deportivo-a-la-marca-de-sus-padres\/"},"wordCount":732,"commentCount":0,"publisher":{"@id":"https:\/\/radioclanfm.com\/clanespectaculos\/#organization"},"image":{"@id":"https:\/\/radioclanfm.com\/clanespectaculos\/moda-en-familia-sol-barthalot-sumo-estilo-deportivo-a-la-marca-de-sus-padres\/#primaryimage"},"thumbnailUrl":"https:\/\/radioclanfm.com\/clanespectaculos\/wp-content\/uploads\/sites\/2\/2026\/04\/bq9O9K8P.jpg","articleSection":["TENDENCIAS"],"inLanguage":"es-AR","potentialAction":[{"@type":"CommentAction","name":"Comment","target":["https:\/\/radioclanfm.com\/clanespectaculos\/moda-en-familia-sol-barthalot-sumo-estilo-deportivo-a-la-marca-de-sus-padres\/#respond"]}]},{"@type":"WebPage","@id":"https:\/\/radioclanfm.com\/clanespectaculos\/moda-en-familia-sol-barthalot-sumo-estilo-deportivo-a-la-marca-de-sus-padres\/","url":"https:\/\/radioclanfm.com\/clanespectaculos\/moda-en-familia-sol-barthalot-sumo-estilo-deportivo-a-la-marca-de-sus-padres\/","name":"Moda en familia: Sol Barthalot sum\u00f3 estilo deportivo a la marca de sus padres - CLAN ESPECTACULOS","isPartOf":{"@id":"https:\/\/radioclanfm.com\/clanespectaculos\/#website"},"primaryImageOfPage":{"@id":"https:\/\/radioclanfm.com\/clanespectaculos\/moda-en-familia-sol-barthalot-sumo-estilo-deportivo-a-la-marca-de-sus-padres\/#primaryimage"},"image":{"@id":"https:\/\/radioclanfm.com\/clanespectaculos\/moda-en-familia-sol-barthalot-sumo-estilo-deportivo-a-la-marca-de-sus-padres\/#primaryimage"},"thumbnailUrl":"https:\/\/radioclanfm.com\/clanespectaculos\/wp-content\/uploads\/sites\/2\/2026\/04\/bq9O9K8P.jpg","datePublished":"2026-04-25T13:54:29+00:00","breadcrumb":{"@id":"https:\/\/radioclanfm.com\/clanespectaculos\/moda-en-familia-sol-barthalot-sumo-estilo-deportivo-a-la-marca-de-sus-padres\/#breadcrumb"},"inLanguage":"es-AR","potentialAction":[{"@type":"ReadAction","target":["https:\/\/radioclanfm.com\/clanespectaculos\/moda-en-familia-sol-barthalot-sumo-estilo-deportivo-a-la-marca-de-sus-padres\/"]}]},{"@type":"ImageObject","inLanguage":"es-AR","@id":"https:\/\/radioclanfm.com\/clanespectaculos\/moda-en-familia-sol-barthalot-sumo-estilo-deportivo-a-la-marca-de-sus-padres\/#primaryimage","url":"https:\/\/radioclanfm.com\/clanespectaculos\/wp-content\/uploads\/sites\/2\/2026\/04\/bq9O9K8P.jpg","contentUrl":"https:\/\/radioclanfm.com\/clanespectaculos\/wp-content\/uploads\/sites\/2\/2026\/04\/bq9O9K8P.jpg","width":900,"height":507},{"@type":"BreadcrumbList","@id":"https:\/\/radioclanfm.com\/clanespectaculos\/moda-en-familia-sol-barthalot-sumo-estilo-deportivo-a-la-marca-de-sus-padres\/#breadcrumb","itemListElement":[{"@type":"ListItem","position":1,"name":"Inicio","item":"https:\/\/radioclanfm.com\/clanespectaculos\/"},{"@type":"ListItem","position":2,"name":"Moda en familia: Sol Barthalot sum\u00f3 estilo deportivo a la marca de sus padres"}]},{"@type":"WebSite","@id":"https:\/\/radioclanfm.com\/clanespectaculos\/#website","url":"https:\/\/radioclanfm.com\/clanespectaculos\/","name":"CLAN ESPECTACULOS","description":"","publisher":{"@id":"https:\/\/radioclanfm.com\/clanespectaculos\/#organization"},"potentialAction":[{"@type":"SearchAction","target":{"@type":"EntryPoint","urlTemplate":"https:\/\/radioclanfm.com\/clanespectaculos\/?s={search_term_string}"},"query-input":{"@type":"PropertyValueSpecification","valueRequired":true,"valueName":"search_term_string"}}],"inLanguage":"es-AR"},{"@type":"Organization","@id":"https:\/\/radioclanfm.com\/clanespectaculos\/#organization","name":"CLAN ESPECTACULOS","url":"https:\/\/radioclanfm.com\/clanespectaculos\/","logo":{"@type":"ImageObject","inLanguage":"es-AR","@id":"https:\/\/radioclanfm.com\/clanespectaculos\/#\/schema\/logo\/image\/","url":"https:\/\/radioclanfm.com\/clanespectaculos\/wp-content\/uploads\/sites\/2\/2026\/04\/ChatGPT-Image-23-mar-2026-10_09_00.png","contentUrl":"https:\/\/radioclanfm.com\/clanespectaculos\/wp-content\/uploads\/sites\/2\/2026\/04\/ChatGPT-Image-23-mar-2026-10_09_00.png","width":1024,"height":1024,"caption":"CLAN ESPECTACULOS"},"image":{"@id":"https:\/\/radioclanfm.com\/clanespectaculos\/#\/schema\/logo\/image\/"},"sameAs":["https:\/\/www.facebook.com\/clanespectaculos\/","https:\/\/x.com\/clanespectok"]},{"@type":"Person","@id":"https:\/\/radioclanfm.com\/clanespectaculos\/#\/schema\/person\/9734813083303230f3ad84d99171b20c","name":"E-GRUPOCLAN","image":{"@type":"ImageObject","inLanguage":"es-AR","@id":"https:\/\/secure.gravatar.com\/avatar\/af6e19837c3d6a212034a48c7b3818d2ac1826f6025df0155da5a186ad321d79?s=96&d=mm&r=g","url":"https:\/\/secure.gravatar.com\/avatar\/af6e19837c3d6a212034a48c7b3818d2ac1826f6025df0155da5a186ad321d79?s=96&d=mm&r=g","contentUrl":"https:\/\/secure.gravatar.com\/avatar\/af6e19837c3d6a212034a48c7b3818d2ac1826f6025df0155da5a186ad321d79?s=96&d=mm&r=g","caption":"E-GRUPOCLAN"},"sameAs":["https:\/\/radioclanfm.com"],"url":"https:\/\/radioclanfm.com\/clanespectaculos\/author\/admin\/"}]}},"_links":{"self":[{"href":"https:\/\/radioclanfm.com\/clanespectaculos\/wp-json\/wp\/v2\/posts\/15770","targetHints":{"allow":["GET"]}}],"collection":[{"href":"https:\/\/radioclanfm.com\/clanespectaculos\/wp-json\/wp\/v2\/posts"}],"about":[{"href":"https:\/\/radioclanfm.com\/clanespectaculos\/wp-json\/wp\/v2\/types\/post"}],"author":[{"embeddable":true,"href":"https:\/\/radioclanfm.com\/clanespectaculos\/wp-json\/wp\/v2\/users\/1"}],"replies":[{"embeddable":true,"href":"https:\/\/radioclanfm.com\/clanespectaculos\/wp-json\/wp\/v2\/comments?post=15770"}],"version-history":[{"count":1,"href":"https:\/\/radioclanfm.com\/clanespectaculos\/wp-json\/wp\/v2\/posts\/15770\/revisions"}],"predecessor-version":[{"id":15772,"href":"https:\/\/radioclanfm.com\/clanespectaculos\/wp-json\/wp\/v2\/posts\/15770\/revisions\/15772"}],"wp:featuredmedia":[{"embeddable":true,"href":"https:\/\/radioclanfm.com\/clanespectaculos\/wp-json\/wp\/v2\/media\/15771"}],"wp:attachment":[{"href":"https:\/\/radioclanfm.com\/clanespectaculos\/wp-json\/wp\/v2\/media?parent=15770"}],"wp:term":[{"taxonomy":"category","embeddable":true,"href":"https:\/\/radioclanfm.com\/clanespectaculos\/wp-json\/wp\/v2\/categories?post=15770"},{"taxonomy":"post_tag","embeddable":true,"href":"https:\/\/radioclanfm.com\/clanespectaculos\/wp-json\/wp\/v2\/tags?post=15770"}],"curies":[{"name":"wp","href":"https:\/\/api.w.org\/{rel}","templated":true}]}}