{"id":15767,"date":"2026-04-25T10:51:37","date_gmt":"2026-04-25T13:51:37","guid":{"rendered":"https:\/\/radioclanfm.com\/clanespectaculos\/?p=15767"},"modified":"2026-04-25T10:51:37","modified_gmt":"2026-04-25T13:51:37","slug":"caro-calvagni-agustina-gandolfo-y-valentina-cervantes-anticipan-el-mundial-con-looks-sporty-de-lujo","status":"publish","type":"post","link":"https:\/\/radioclanfm.com\/clanespectaculos\/caro-calvagni-agustina-gandolfo-y-valentina-cervantes-anticipan-el-mundial-con-looks-sporty-de-lujo\/","title":{"rendered":"Caro Calvagni, Agustina Gandolfo y Valentina Cervantes anticipan el Mundial con looks sporty de lujo"},"content":{"rendered":"<p>Desde sus redes marcan tendencia con conjuntos de corpi\u00f1o deportivo y calzas.<\/p>\n<p class=\"paragraph font__body-regular\">La<b>\u00a0ropa deportiva\u00a0<\/b>dej\u00f3 de ser meramente utilitaria para convertirse en parte de una industria que marca tendencia y genera sentido de pertenencia. En la era de las redes sociales, algunas de las\u00a0<b>mujeres de la Selecci\u00f3n Argentina<\/b> son un ejemplo de este fen\u00f3meno y despliegan estilo con sus elecciones a pocas semanas del comienzo del Mundial 2026.<\/p>\n<h2 class=\"font--primary font__display\">Caro Calvagni con look de su marca<\/h2>\n<p class=\"paragraph font__body-regular\"><b>Caro Calvagni<\/b>\u00a0tiene su propia marca de ropa deportiva, que es un \u00e9xito en Argentina y el mundo. A la hora de entrenar, sus dise\u00f1os son los elegidos sin excepci\u00f3n. En un posteo reciente, la esposa de Nicol\u00e1s Tagliafico mostr\u00f3 uno de los modelos de su colecci\u00f3n 2026.<\/p>\n<div id=\"standard_1\" class=\"st-placement standard_1 inArticle\">\n<div class=\"st-adunit-inarticle st-inarticle-slot\">\n<div class=\"st-adunit st-adunit-tagged st-reset st-show\">\n<div class=\"st-adunit-ad st-reset\"><\/div>\n<\/div>\n<\/div>\n<\/div>\n<p class=\"paragraph font__body-regular\">Desde el gimnasio, se fotografi\u00f3 con un<b>\u00a0set azul celeste<\/b>, uno de los tonos en auge en este tipo de prendas. El corpi\u00f1o deportivo tiene una tira que cruza la espalda, que queda\u00a0<b>al desnudo<\/b>. Las calzas son de formato\u00a0<i><b>biker<\/b><\/i>, cortas y ajustadas.<\/p>\n<figure class=\"\" data-testid=\"figure-testid\">\n<div class=\"aspect_ratio__container\"><picture class=\"responsive-image\"><source srcset=\"https:\/\/tn.com.ar\/resizer\/v2\/caro-calvagni-con-un-set-de-su-marca-foto-instagramcarocalvagni-BLWL5T2VZNFZ7FE5RD5WRMPIZU.jpeg?auth=d4688a3371d6c449980618bdae389b8acf099541748729d61a7626c55d22aa71&amp;width=767\" type=\"image\/jpg\" media=\"(max-width: 728px)\" \/><source srcset=\"https:\/\/tn.com.ar\/resizer\/v2\/caro-calvagni-con-un-set-de-su-marca-foto-instagramcarocalvagni-BLWL5T2VZNFZ7FE5RD5WRMPIZU.jpeg?auth=d4688a3371d6c449980618bdae389b8acf099541748729d61a7626c55d22aa71&amp;width=1023\" type=\"image\/jpg\" media=\"(max-width: 1023px)\" \/><source srcset=\"https:\/\/tn.com.ar\/resizer\/v2\/caro-calvagni-con-un-set-de-su-marca-foto-instagramcarocalvagni-BLWL5T2VZNFZ7FE5RD5WRMPIZU.jpeg?auth=d4688a3371d6c449980618bdae389b8acf099541748729d61a7626c55d22aa71&amp;width=1440\" type=\"image\/jpg\" \/><img loading=\"lazy\" decoding=\"async\" class=\"image content-image image_placeholder\" src=\"https:\/\/tn.com.ar\/resizer\/v2\/caro-calvagni-con-un-set-de-su-marca-foto-instagramcarocalvagni-BLWL5T2VZNFZ7FE5RD5WRMPIZU.jpeg?auth=d4688a3371d6c449980618bdae389b8acf099541748729d61a7626c55d22aa71&amp;width=767\" alt=\"Caro Calvagni con un set de su marca. (Foto: Instagram\/@carocalvagni)\" width=\"767\" height=\"1018\" data-testid=\"loading-testid\" \/><\/picture><\/div><figcaption class=\"caption_image\" data-testid=\"figcaption-testid\">\n<div class=\"image_caption \">Caro Calvagni con un set de su marca. (Foto: Instagram\/@carocalvagni)<\/div>\n<\/figcaption><\/figure>\n<p class=\"paragraph font__body-regular\">Como detalle, combin\u00f3 sus zapatillas deportivas con\u00a0<b>medias blancas de su marca<\/b>, con la inscripci\u00f3n Calvagni en negro. Un peinado recogido en un rodete tirante y la cara al natural completaron el estilismo de entrenamiento.<\/p>\n<figure class=\"\" data-testid=\"figure-testid\">\n<div class=\"aspect_ratio__container\"><picture class=\"responsive-image\"><source srcset=\"https:\/\/tn.com.ar\/resizer\/v2\/caro-calvagni-mostro-su-look-de-entrenamiento-foto-instagramcarocalvagni-AL2BVE2IKVAB7B73S4JC46YHCE.jpeg?auth=694be8017f71ac7f556374c00c0d5b875a2ed7a9a1b60a596affc2a1f4656243&amp;width=767\" type=\"image\/jpg\" media=\"(max-width: 728px)\" \/><source srcset=\"https:\/\/tn.com.ar\/resizer\/v2\/caro-calvagni-mostro-su-look-de-entrenamiento-foto-instagramcarocalvagni-AL2BVE2IKVAB7B73S4JC46YHCE.jpeg?auth=694be8017f71ac7f556374c00c0d5b875a2ed7a9a1b60a596affc2a1f4656243&amp;width=1023\" type=\"image\/jpg\" media=\"(max-width: 1023px)\" \/><source srcset=\"https:\/\/tn.com.ar\/resizer\/v2\/caro-calvagni-mostro-su-look-de-entrenamiento-foto-instagramcarocalvagni-AL2BVE2IKVAB7B73S4JC46YHCE.jpeg?auth=694be8017f71ac7f556374c00c0d5b875a2ed7a9a1b60a596affc2a1f4656243&amp;width=1440\" type=\"image\/jpg\" \/><img loading=\"lazy\" decoding=\"async\" class=\"image content-image image_placeholder\" src=\"https:\/\/tn.com.ar\/resizer\/v2\/caro-calvagni-mostro-su-look-de-entrenamiento-foto-instagramcarocalvagni-AL2BVE2IKVAB7B73S4JC46YHCE.jpeg?auth=694be8017f71ac7f556374c00c0d5b875a2ed7a9a1b60a596affc2a1f4656243&amp;width=767\" alt=\"Caro Calvagni mostr\u00f3 su look de entrenamiento. (Foto: Instagram\/@carocalvagni)\" width=\"767\" height=\"1009\" data-testid=\"loading-testid\" \/><\/picture><\/div><figcaption class=\"caption_image\" data-testid=\"figcaption-testid\">\n<div class=\"image_caption \">Caro Calvagni mostr\u00f3 su look de entrenamiento. (Foto: Instagram\/@carocalvagni)<\/div>\n<\/figcaption><\/figure>\n<h2 class=\"font--primary font__display\">Agustina Gandolfo en total black<\/h2>\n<p class=\"paragraph font__body-regular\">En su rol de\u00a0<i>influencer fitness<\/i>,<b>\u00a0<\/b><b>Agustina Gandolfo\u00a0<\/b>comparte sus momentos de ejercicio con sus seguidores de Instagram y muestra los looks que elige para la ocasi\u00f3n. \u00bfEl m\u00e1s reciente?<\/p>\n<p class=\"paragraph font__body-regular\">Se fotografi\u00f3 con un\u00a0<b>set negro liso<\/b>\u00a0de\u00a0<b>corpi\u00f1o deportivo\u00a0<\/b>de molder\u00eda\u00a0<b>triangular\u00a0<\/b>y calzas cl\u00e1sicas de tiro alto. El modelo est\u00e1 firmado por<b>\u00a0Alo Yoga<\/b>, una de las casas de moda m\u00e1s populares entre las fashionistas, con su caracter\u00edstico logo en blanco.<\/p>\n<figure class=\"\" data-testid=\"figure-testid\">\n<div class=\"aspect_ratio__container\"><picture class=\"responsive-image\"><source srcset=\"https:\/\/tn.com.ar\/resizer\/v2\/el-look-total-black-de-agustina-gandolfo-para-entrenar-foto-instagramagusgandolfo-SWK3IANTMZFMDNTL3GLJPH2PLM.jpeg?auth=f08df54753a19204001083026c3701c61f5fc15d9b9c89c3210016d6d3434fd3&amp;width=767\" type=\"image\/jpg\" media=\"(max-width: 728px)\" \/><source srcset=\"https:\/\/tn.com.ar\/resizer\/v2\/el-look-total-black-de-agustina-gandolfo-para-entrenar-foto-instagramagusgandolfo-SWK3IANTMZFMDNTL3GLJPH2PLM.jpeg?auth=f08df54753a19204001083026c3701c61f5fc15d9b9c89c3210016d6d3434fd3&amp;width=1023\" type=\"image\/jpg\" media=\"(max-width: 1023px)\" \/><source srcset=\"https:\/\/tn.com.ar\/resizer\/v2\/el-look-total-black-de-agustina-gandolfo-para-entrenar-foto-instagramagusgandolfo-SWK3IANTMZFMDNTL3GLJPH2PLM.jpeg?auth=f08df54753a19204001083026c3701c61f5fc15d9b9c89c3210016d6d3434fd3&amp;width=1440\" type=\"image\/jpg\" \/><img loading=\"lazy\" decoding=\"async\" class=\"image content-image image_placeholder\" src=\"https:\/\/tn.com.ar\/resizer\/v2\/el-look-total-black-de-agustina-gandolfo-para-entrenar-foto-instagramagusgandolfo-SWK3IANTMZFMDNTL3GLJPH2PLM.jpeg?auth=f08df54753a19204001083026c3701c61f5fc15d9b9c89c3210016d6d3434fd3&amp;width=767\" alt=\"El look total black de Agustina Gandolfo para entrenar. (Foto: Instagram\/@agus.gandolfo)\" width=\"767\" height=\"1004\" data-testid=\"loading-testid\" \/><\/picture><\/div><figcaption class=\"caption_image\" data-testid=\"figcaption-testid\">\n<div class=\"image_caption \">El look total black de Agustina Gandolfo para entrenar. (Foto: Instagram\/@agus.gandolfo)<\/div>\n<\/figcaption><\/figure>\n<p class=\"paragraph font__body-regular\">Siempre fashionista, la esposa de Lautaro Mart\u00ednez acompa\u00f1\u00f3 el vestuario\u00a0<i>sporty\u00a0<\/i>con aros dorados, un reloj\u00a0<i>smart\u00a0<\/i>y un\u00a0<i>beauty\u00a0<\/i>look sencillo pero\u00a0<i>glam<\/i>: el pelo lacio y maquillaje con\u00a0<b>m\u00e1scara de pesta\u00f1as, delineado, rubor y labial\u00a0<\/b><i><b>nude<\/b><\/i><b>.<\/b><\/p>\n<figure class=\"\" data-testid=\"figure-testid\">\n<div class=\"aspect_ratio__container\"><picture class=\"responsive-image\"><source srcset=\"https:\/\/tn.com.ar\/resizer\/v2\/agustina-gandolfo-poso-con-un-look-deportivo-de-alo-foto-instagramagusgandolfo-QRT7SPWI4FBDNIPLET4GEDVF6Y.jpeg?auth=f40f8e4642f1206b053c85e5a632e3715ae12142516cc1c7d4d489c591ba1e8e&amp;width=767\" type=\"image\/jpg\" media=\"(max-width: 728px)\" \/><source srcset=\"https:\/\/tn.com.ar\/resizer\/v2\/agustina-gandolfo-poso-con-un-look-deportivo-de-alo-foto-instagramagusgandolfo-QRT7SPWI4FBDNIPLET4GEDVF6Y.jpeg?auth=f40f8e4642f1206b053c85e5a632e3715ae12142516cc1c7d4d489c591ba1e8e&amp;width=1023\" type=\"image\/jpg\" media=\"(max-width: 1023px)\" \/><source srcset=\"https:\/\/tn.com.ar\/resizer\/v2\/agustina-gandolfo-poso-con-un-look-deportivo-de-alo-foto-instagramagusgandolfo-QRT7SPWI4FBDNIPLET4GEDVF6Y.jpeg?auth=f40f8e4642f1206b053c85e5a632e3715ae12142516cc1c7d4d489c591ba1e8e&amp;width=1440\" type=\"image\/jpg\" \/><img loading=\"lazy\" decoding=\"async\" class=\"image content-image image_placeholder\" src=\"https:\/\/tn.com.ar\/resizer\/v2\/agustina-gandolfo-poso-con-un-look-deportivo-de-alo-foto-instagramagusgandolfo-QRT7SPWI4FBDNIPLET4GEDVF6Y.jpeg?auth=f40f8e4642f1206b053c85e5a632e3715ae12142516cc1c7d4d489c591ba1e8e&amp;width=767\" alt=\"Agustina Gandolfo pos\u00f3 con un look deportivo de Alo. (Foto: Instagram\/@agus.gandolfo)\" width=\"767\" height=\"1011\" data-testid=\"loading-testid\" \/><\/picture><\/div><figcaption class=\"caption_image\" data-testid=\"figcaption-testid\">\n<div class=\"image_caption \">Agustina Gandolfo pos\u00f3 con un look deportivo de Alo. (Foto: Instagram\/@agus.gandolfo)<\/div>\n<\/figcaption><\/figure>\n<h2 class=\"font--primary font__display\">Valentina Cervantes con buzo a juego<\/h2>\n<p class=\"paragraph font__body-regular\">En una de sus \u00faltimas publicaciones,\u00a0<a title=\"https:\/\/tn.com.ar\/estilo\/celebridades\/2025\/12\/30\/en-corpino-y-short-deportivo-valentina-cervantes-se-sumo-al-furor-por-el-butter-yellow\/\" href=\"https:\/\/tn.com.ar\/estilo\/celebridades\/2025\/12\/30\/en-corpino-y-short-deportivo-valentina-cervantes-se-sumo-al-furor-por-el-butter-yellow\/\" target=\"_self\" rel=\"\"><b>Valentina Cervantes<\/b>\u00a0<\/a>mostr\u00f3 un look sporty cl\u00e1sico y moderno, tambi\u00e9n de Alo Yoga. Aunque tiene varios conjuntos de distintos colores de la marca, esta vez opt\u00f3 por el\u00a0<i><b>total black.<\/b><\/i><\/p>\n<figure class=\"\" data-testid=\"figure-testid\">\n<div class=\"aspect_ratio__container\"><picture class=\"responsive-image\"><source srcset=\"https:\/\/tn.com.ar\/resizer\/v2\/valentina-cervantes-con-look-sporty-total-black-foto-instagramvalentinacervantes-6ZRXL2RQOBHWNMDKSMLTRYTHQM.jpeg?auth=0f17552e532cbe8846a8573725453050d9a91fd9e12bdfff0e28fad13ac66212&amp;width=767\" type=\"image\/jpg\" media=\"(max-width: 728px)\" \/><source srcset=\"https:\/\/tn.com.ar\/resizer\/v2\/valentina-cervantes-con-look-sporty-total-black-foto-instagramvalentinacervantes-6ZRXL2RQOBHWNMDKSMLTRYTHQM.jpeg?auth=0f17552e532cbe8846a8573725453050d9a91fd9e12bdfff0e28fad13ac66212&amp;width=1023\" type=\"image\/jpg\" media=\"(max-width: 1023px)\" \/><source srcset=\"https:\/\/tn.com.ar\/resizer\/v2\/valentina-cervantes-con-look-sporty-total-black-foto-instagramvalentinacervantes-6ZRXL2RQOBHWNMDKSMLTRYTHQM.jpeg?auth=0f17552e532cbe8846a8573725453050d9a91fd9e12bdfff0e28fad13ac66212&amp;width=1440\" type=\"image\/jpg\" \/><img loading=\"lazy\" decoding=\"async\" class=\"image content-image image_placeholder\" src=\"https:\/\/tn.com.ar\/resizer\/v2\/valentina-cervantes-con-look-sporty-total-black-foto-instagramvalentinacervantes-6ZRXL2RQOBHWNMDKSMLTRYTHQM.jpeg?auth=0f17552e532cbe8846a8573725453050d9a91fd9e12bdfff0e28fad13ac66212&amp;width=767\" alt=\"Valentina Cervantes con look sporty total black. (Foto: Instagram\/@valentinacervantes)\" width=\"767\" height=\"922\" data-testid=\"loading-testid\" \/><\/picture><\/div><figcaption class=\"caption_image\" data-testid=\"figcaption-testid\">\n<div class=\"image_caption \">Valentina Cervantes con look sporty total black. (Foto: Instagram\/@valentinacervantes)<\/div>\n<\/figcaption><\/figure>\n<p class=\"paragraph font__body-regular\">Combin\u00f3 un\u00a0<b>corpi\u00f1o deportivo<\/b>\u00a0de\u00a0<b>escote redondo\u00a0<\/b>con\u00a0<b>calzas al tono de tiro alto<\/b>. Como detalle, sum\u00f3 por encima un\u00a0<b>buzo ajustado con cierre<\/b>. Un aliado cada vez m\u00e1s popular en tendencias deportivas que convierte el look de gimnasia en uno de\u00a0<i>street style,\u00a0<\/i>todoterreno<i>.<\/i><\/p>\n","protected":false},"excerpt":{"rendered":"<p>Desde sus redes marcan tendencia con conjuntos de corpi\u00f1o deportivo y calzas. La\u00a0ropa deportiva\u00a0dej\u00f3 de ser meramente utilitaria para convertirse en parte de una industria que marca tendencia y genera sentido de pertenencia. En la era de las redes sociales, algunas de las\u00a0mujeres de la Selecci\u00f3n Argentina son un ejemplo de este fen\u00f3meno y despliegan [&hellip;]<\/p>\n","protected":false},"author":1,"featured_media":15768,"comment_status":"open","ping_status":"open","sticky":false,"template":"","format":"standard","meta":{"rop_custom_images_group":[],"rop_custom_messages_group":[],"rop_publish_now":"initial","rop_publish_now_accounts":[],"rop_publish_now_history":[],"rop_publish_now_status":"pending","footnotes":"","jetpack_publicize_message":"","jetpack_publicize_feature_enabled":true,"jetpack_social_post_already_shared":true,"jetpack_social_options":{"image_generator_settings":{"template":"highway","enabled":false},"version":2}},"categories":[15],"tags":[],"class_list":{"0":"post-15767","1":"post","2":"type-post","3":"status-publish","4":"format-standard","5":"has-post-thumbnail","7":"category-moda"},"jetpack_publicize_connections":[],"yoast_head":"<!-- This site is optimized with the Yoast SEO plugin v27.3 - https:\/\/yoast.com\/product\/yoast-seo-wordpress\/ -->\n<title>Caro Calvagni, Agustina Gandolfo y Valentina Cervantes anticipan el Mundial con looks sporty de lujo - CLAN ESPECTACULOS<\/title>\n<meta name=\"robots\" content=\"index, follow, max-snippet:-1, max-image-preview:large, max-video-preview:-1\" \/>\n<link rel=\"canonical\" href=\"https:\/\/radioclanfm.com\/clanespectaculos\/caro-calvagni-agustina-gandolfo-y-valentina-cervantes-anticipan-el-mundial-con-looks-sporty-de-lujo\/\" \/>\n<meta property=\"og:locale\" content=\"es_ES\" \/>\n<meta property=\"og:type\" content=\"article\" \/>\n<meta property=\"og:title\" content=\"Caro Calvagni, Agustina Gandolfo y Valentina Cervantes anticipan el Mundial con looks sporty de lujo - CLAN ESPECTACULOS\" \/>\n<meta property=\"og:description\" content=\"Desde sus redes marcan tendencia con conjuntos de corpi\u00f1o deportivo y calzas. La\u00a0ropa deportiva\u00a0dej\u00f3 de ser meramente utilitaria para convertirse en parte de una industria que marca tendencia y genera sentido de pertenencia. En la era de las redes sociales, algunas de las\u00a0mujeres de la Selecci\u00f3n Argentina son un ejemplo de este fen\u00f3meno y despliegan [&hellip;]\" \/>\n<meta property=\"og:url\" content=\"https:\/\/radioclanfm.com\/clanespectaculos\/caro-calvagni-agustina-gandolfo-y-valentina-cervantes-anticipan-el-mundial-con-looks-sporty-de-lujo\/\" \/>\n<meta property=\"og:site_name\" content=\"CLAN ESPECTACULOS\" \/>\n<meta property=\"article:publisher\" content=\"https:\/\/www.facebook.com\/clanespectaculos\/\" \/>\n<meta property=\"article:published_time\" content=\"2026-04-25T13:51:37+00:00\" \/>\n<meta property=\"og:image\" content=\"https:\/\/radioclanfm.com\/clanespectaculos\/wp-content\/uploads\/sites\/2\/2026\/04\/qqqDYRY5.jpg\" \/>\n\t<meta property=\"og:image:width\" content=\"900\" \/>\n\t<meta property=\"og:image:height\" content=\"507\" \/>\n\t<meta property=\"og:image:type\" content=\"image\/jpeg\" \/>\n<meta name=\"author\" content=\"E-GRUPOCLAN\" \/>\n<meta name=\"twitter:card\" content=\"summary_large_image\" \/>\n<meta name=\"twitter:creator\" content=\"@clanespectok\" \/>\n<meta name=\"twitter:site\" content=\"@clanespectok\" \/>\n<meta name=\"twitter:label1\" content=\"Escrito por\" \/>\n\t<meta name=\"twitter:data1\" content=\"E-GRUPOCLAN\" \/>\n\t<meta name=\"twitter:label2\" content=\"Tiempo de lectura\" \/>\n\t<meta name=\"twitter:data2\" content=\"4 minutos\" \/>\n<script type=\"application\/ld+json\" class=\"yoast-schema-graph\">{\"@context\":\"https:\\\/\\\/schema.org\",\"@graph\":[{\"@type\":\"Article\",\"@id\":\"https:\\\/\\\/radioclanfm.com\\\/clanespectaculos\\\/caro-calvagni-agustina-gandolfo-y-valentina-cervantes-anticipan-el-mundial-con-looks-sporty-de-lujo\\\/#article\",\"isPartOf\":{\"@id\":\"https:\\\/\\\/radioclanfm.com\\\/clanespectaculos\\\/caro-calvagni-agustina-gandolfo-y-valentina-cervantes-anticipan-el-mundial-con-looks-sporty-de-lujo\\\/\"},\"author\":{\"name\":\"E-GRUPOCLAN\",\"@id\":\"https:\\\/\\\/radioclanfm.com\\\/clanespectaculos\\\/#\\\/schema\\\/person\\\/9734813083303230f3ad84d99171b20c\"},\"headline\":\"Caro Calvagni, Agustina Gandolfo y Valentina Cervantes anticipan el Mundial con looks sporty de lujo\",\"datePublished\":\"2026-04-25T13:51:37+00:00\",\"mainEntityOfPage\":{\"@id\":\"https:\\\/\\\/radioclanfm.com\\\/clanespectaculos\\\/caro-calvagni-agustina-gandolfo-y-valentina-cervantes-anticipan-el-mundial-con-looks-sporty-de-lujo\\\/\"},\"wordCount\":500,\"commentCount\":0,\"publisher\":{\"@id\":\"https:\\\/\\\/radioclanfm.com\\\/clanespectaculos\\\/#organization\"},\"image\":{\"@id\":\"https:\\\/\\\/radioclanfm.com\\\/clanespectaculos\\\/caro-calvagni-agustina-gandolfo-y-valentina-cervantes-anticipan-el-mundial-con-looks-sporty-de-lujo\\\/#primaryimage\"},\"thumbnailUrl\":\"https:\\\/\\\/radioclanfm.com\\\/clanespectaculos\\\/wp-content\\\/uploads\\\/sites\\\/2\\\/2026\\\/04\\\/qqqDYRY5.jpg\",\"articleSection\":[\"MODA\"],\"inLanguage\":\"es-AR\",\"potentialAction\":[{\"@type\":\"CommentAction\",\"name\":\"Comment\",\"target\":[\"https:\\\/\\\/radioclanfm.com\\\/clanespectaculos\\\/caro-calvagni-agustina-gandolfo-y-valentina-cervantes-anticipan-el-mundial-con-looks-sporty-de-lujo\\\/#respond\"]}]},{\"@type\":\"WebPage\",\"@id\":\"https:\\\/\\\/radioclanfm.com\\\/clanespectaculos\\\/caro-calvagni-agustina-gandolfo-y-valentina-cervantes-anticipan-el-mundial-con-looks-sporty-de-lujo\\\/\",\"url\":\"https:\\\/\\\/radioclanfm.com\\\/clanespectaculos\\\/caro-calvagni-agustina-gandolfo-y-valentina-cervantes-anticipan-el-mundial-con-looks-sporty-de-lujo\\\/\",\"name\":\"Caro Calvagni, Agustina Gandolfo y Valentina Cervantes anticipan el Mundial con looks sporty de lujo - CLAN ESPECTACULOS\",\"isPartOf\":{\"@id\":\"https:\\\/\\\/radioclanfm.com\\\/clanespectaculos\\\/#website\"},\"primaryImageOfPage\":{\"@id\":\"https:\\\/\\\/radioclanfm.com\\\/clanespectaculos\\\/caro-calvagni-agustina-gandolfo-y-valentina-cervantes-anticipan-el-mundial-con-looks-sporty-de-lujo\\\/#primaryimage\"},\"image\":{\"@id\":\"https:\\\/\\\/radioclanfm.com\\\/clanespectaculos\\\/caro-calvagni-agustina-gandolfo-y-valentina-cervantes-anticipan-el-mundial-con-looks-sporty-de-lujo\\\/#primaryimage\"},\"thumbnailUrl\":\"https:\\\/\\\/radioclanfm.com\\\/clanespectaculos\\\/wp-content\\\/uploads\\\/sites\\\/2\\\/2026\\\/04\\\/qqqDYRY5.jpg\",\"datePublished\":\"2026-04-25T13:51:37+00:00\",\"breadcrumb\":{\"@id\":\"https:\\\/\\\/radioclanfm.com\\\/clanespectaculos\\\/caro-calvagni-agustina-gandolfo-y-valentina-cervantes-anticipan-el-mundial-con-looks-sporty-de-lujo\\\/#breadcrumb\"},\"inLanguage\":\"es-AR\",\"potentialAction\":[{\"@type\":\"ReadAction\",\"target\":[\"https:\\\/\\\/radioclanfm.com\\\/clanespectaculos\\\/caro-calvagni-agustina-gandolfo-y-valentina-cervantes-anticipan-el-mundial-con-looks-sporty-de-lujo\\\/\"]}]},{\"@type\":\"ImageObject\",\"inLanguage\":\"es-AR\",\"@id\":\"https:\\\/\\\/radioclanfm.com\\\/clanespectaculos\\\/caro-calvagni-agustina-gandolfo-y-valentina-cervantes-anticipan-el-mundial-con-looks-sporty-de-lujo\\\/#primaryimage\",\"url\":\"https:\\\/\\\/radioclanfm.com\\\/clanespectaculos\\\/wp-content\\\/uploads\\\/sites\\\/2\\\/2026\\\/04\\\/qqqDYRY5.jpg\",\"contentUrl\":\"https:\\\/\\\/radioclanfm.com\\\/clanespectaculos\\\/wp-content\\\/uploads\\\/sites\\\/2\\\/2026\\\/04\\\/qqqDYRY5.jpg\",\"width\":900,\"height\":507},{\"@type\":\"BreadcrumbList\",\"@id\":\"https:\\\/\\\/radioclanfm.com\\\/clanespectaculos\\\/caro-calvagni-agustina-gandolfo-y-valentina-cervantes-anticipan-el-mundial-con-looks-sporty-de-lujo\\\/#breadcrumb\",\"itemListElement\":[{\"@type\":\"ListItem\",\"position\":1,\"name\":\"Inicio\",\"item\":\"https:\\\/\\\/radioclanfm.com\\\/clanespectaculos\\\/\"},{\"@type\":\"ListItem\",\"position\":2,\"name\":\"Caro Calvagni, Agustina Gandolfo y Valentina Cervantes anticipan el Mundial con looks sporty de lujo\"}]},{\"@type\":\"WebSite\",\"@id\":\"https:\\\/\\\/radioclanfm.com\\\/clanespectaculos\\\/#website\",\"url\":\"https:\\\/\\\/radioclanfm.com\\\/clanespectaculos\\\/\",\"name\":\"CLAN ESPECTACULOS\",\"description\":\"\",\"publisher\":{\"@id\":\"https:\\\/\\\/radioclanfm.com\\\/clanespectaculos\\\/#organization\"},\"potentialAction\":[{\"@type\":\"SearchAction\",\"target\":{\"@type\":\"EntryPoint\",\"urlTemplate\":\"https:\\\/\\\/radioclanfm.com\\\/clanespectaculos\\\/?s={search_term_string}\"},\"query-input\":{\"@type\":\"PropertyValueSpecification\",\"valueRequired\":true,\"valueName\":\"search_term_string\"}}],\"inLanguage\":\"es-AR\"},{\"@type\":\"Organization\",\"@id\":\"https:\\\/\\\/radioclanfm.com\\\/clanespectaculos\\\/#organization\",\"name\":\"CLAN ESPECTACULOS\",\"url\":\"https:\\\/\\\/radioclanfm.com\\\/clanespectaculos\\\/\",\"logo\":{\"@type\":\"ImageObject\",\"inLanguage\":\"es-AR\",\"@id\":\"https:\\\/\\\/radioclanfm.com\\\/clanespectaculos\\\/#\\\/schema\\\/logo\\\/image\\\/\",\"url\":\"https:\\\/\\\/radioclanfm.com\\\/clanespectaculos\\\/wp-content\\\/uploads\\\/sites\\\/2\\\/2026\\\/04\\\/ChatGPT-Image-23-mar-2026-10_09_00.png\",\"contentUrl\":\"https:\\\/\\\/radioclanfm.com\\\/clanespectaculos\\\/wp-content\\\/uploads\\\/sites\\\/2\\\/2026\\\/04\\\/ChatGPT-Image-23-mar-2026-10_09_00.png\",\"width\":1024,\"height\":1024,\"caption\":\"CLAN ESPECTACULOS\"},\"image\":{\"@id\":\"https:\\\/\\\/radioclanfm.com\\\/clanespectaculos\\\/#\\\/schema\\\/logo\\\/image\\\/\"},\"sameAs\":[\"https:\\\/\\\/www.facebook.com\\\/clanespectaculos\\\/\",\"https:\\\/\\\/x.com\\\/clanespectok\"]},{\"@type\":\"Person\",\"@id\":\"https:\\\/\\\/radioclanfm.com\\\/clanespectaculos\\\/#\\\/schema\\\/person\\\/9734813083303230f3ad84d99171b20c\",\"name\":\"E-GRUPOCLAN\",\"image\":{\"@type\":\"ImageObject\",\"inLanguage\":\"es-AR\",\"@id\":\"https:\\\/\\\/secure.gravatar.com\\\/avatar\\\/af6e19837c3d6a212034a48c7b3818d2ac1826f6025df0155da5a186ad321d79?s=96&d=mm&r=g\",\"url\":\"https:\\\/\\\/secure.gravatar.com\\\/avatar\\\/af6e19837c3d6a212034a48c7b3818d2ac1826f6025df0155da5a186ad321d79?s=96&d=mm&r=g\",\"contentUrl\":\"https:\\\/\\\/secure.gravatar.com\\\/avatar\\\/af6e19837c3d6a212034a48c7b3818d2ac1826f6025df0155da5a186ad321d79?s=96&d=mm&r=g\",\"caption\":\"E-GRUPOCLAN\"},\"sameAs\":[\"https:\\\/\\\/radioclanfm.com\"],\"url\":\"https:\\\/\\\/radioclanfm.com\\\/clanespectaculos\\\/author\\\/admin\\\/\"}]}<\/script>\n<!-- \/ Yoast SEO plugin. -->","yoast_head_json":{"title":"Caro Calvagni, Agustina Gandolfo y Valentina Cervantes anticipan el Mundial con looks sporty de lujo - CLAN ESPECTACULOS","robots":{"index":"index","follow":"follow","max-snippet":"max-snippet:-1","max-image-preview":"max-image-preview:large","max-video-preview":"max-video-preview:-1"},"canonical":"https:\/\/radioclanfm.com\/clanespectaculos\/caro-calvagni-agustina-gandolfo-y-valentina-cervantes-anticipan-el-mundial-con-looks-sporty-de-lujo\/","og_locale":"es_ES","og_type":"article","og_title":"Caro Calvagni, Agustina Gandolfo y Valentina Cervantes anticipan el Mundial con looks sporty de lujo - CLAN ESPECTACULOS","og_description":"Desde sus redes marcan tendencia con conjuntos de corpi\u00f1o deportivo y calzas. La\u00a0ropa deportiva\u00a0dej\u00f3 de ser meramente utilitaria para convertirse en parte de una industria que marca tendencia y genera sentido de pertenencia. En la era de las redes sociales, algunas de las\u00a0mujeres de la Selecci\u00f3n Argentina son un ejemplo de este fen\u00f3meno y despliegan [&hellip;]","og_url":"https:\/\/radioclanfm.com\/clanespectaculos\/caro-calvagni-agustina-gandolfo-y-valentina-cervantes-anticipan-el-mundial-con-looks-sporty-de-lujo\/","og_site_name":"CLAN ESPECTACULOS","article_publisher":"https:\/\/www.facebook.com\/clanespectaculos\/","article_published_time":"2026-04-25T13:51:37+00:00","og_image":[{"width":900,"height":507,"url":"https:\/\/radioclanfm.com\/clanespectaculos\/wp-content\/uploads\/sites\/2\/2026\/04\/qqqDYRY5.jpg","type":"image\/jpeg"}],"author":"E-GRUPOCLAN","twitter_card":"summary_large_image","twitter_creator":"@clanespectok","twitter_site":"@clanespectok","twitter_misc":{"Escrito por":"E-GRUPOCLAN","Tiempo de lectura":"4 minutos"},"schema":{"@context":"https:\/\/schema.org","@graph":[{"@type":"Article","@id":"https:\/\/radioclanfm.com\/clanespectaculos\/caro-calvagni-agustina-gandolfo-y-valentina-cervantes-anticipan-el-mundial-con-looks-sporty-de-lujo\/#article","isPartOf":{"@id":"https:\/\/radioclanfm.com\/clanespectaculos\/caro-calvagni-agustina-gandolfo-y-valentina-cervantes-anticipan-el-mundial-con-looks-sporty-de-lujo\/"},"author":{"name":"E-GRUPOCLAN","@id":"https:\/\/radioclanfm.com\/clanespectaculos\/#\/schema\/person\/9734813083303230f3ad84d99171b20c"},"headline":"Caro Calvagni, Agustina Gandolfo y Valentina Cervantes anticipan el Mundial con looks sporty de lujo","datePublished":"2026-04-25T13:51:37+00:00","mainEntityOfPage":{"@id":"https:\/\/radioclanfm.com\/clanespectaculos\/caro-calvagni-agustina-gandolfo-y-valentina-cervantes-anticipan-el-mundial-con-looks-sporty-de-lujo\/"},"wordCount":500,"commentCount":0,"publisher":{"@id":"https:\/\/radioclanfm.com\/clanespectaculos\/#organization"},"image":{"@id":"https:\/\/radioclanfm.com\/clanespectaculos\/caro-calvagni-agustina-gandolfo-y-valentina-cervantes-anticipan-el-mundial-con-looks-sporty-de-lujo\/#primaryimage"},"thumbnailUrl":"https:\/\/radioclanfm.com\/clanespectaculos\/wp-content\/uploads\/sites\/2\/2026\/04\/qqqDYRY5.jpg","articleSection":["MODA"],"inLanguage":"es-AR","potentialAction":[{"@type":"CommentAction","name":"Comment","target":["https:\/\/radioclanfm.com\/clanespectaculos\/caro-calvagni-agustina-gandolfo-y-valentina-cervantes-anticipan-el-mundial-con-looks-sporty-de-lujo\/#respond"]}]},{"@type":"WebPage","@id":"https:\/\/radioclanfm.com\/clanespectaculos\/caro-calvagni-agustina-gandolfo-y-valentina-cervantes-anticipan-el-mundial-con-looks-sporty-de-lujo\/","url":"https:\/\/radioclanfm.com\/clanespectaculos\/caro-calvagni-agustina-gandolfo-y-valentina-cervantes-anticipan-el-mundial-con-looks-sporty-de-lujo\/","name":"Caro Calvagni, Agustina Gandolfo y Valentina Cervantes anticipan el Mundial con looks sporty de lujo - CLAN ESPECTACULOS","isPartOf":{"@id":"https:\/\/radioclanfm.com\/clanespectaculos\/#website"},"primaryImageOfPage":{"@id":"https:\/\/radioclanfm.com\/clanespectaculos\/caro-calvagni-agustina-gandolfo-y-valentina-cervantes-anticipan-el-mundial-con-looks-sporty-de-lujo\/#primaryimage"},"image":{"@id":"https:\/\/radioclanfm.com\/clanespectaculos\/caro-calvagni-agustina-gandolfo-y-valentina-cervantes-anticipan-el-mundial-con-looks-sporty-de-lujo\/#primaryimage"},"thumbnailUrl":"https:\/\/radioclanfm.com\/clanespectaculos\/wp-content\/uploads\/sites\/2\/2026\/04\/qqqDYRY5.jpg","datePublished":"2026-04-25T13:51:37+00:00","breadcrumb":{"@id":"https:\/\/radioclanfm.com\/clanespectaculos\/caro-calvagni-agustina-gandolfo-y-valentina-cervantes-anticipan-el-mundial-con-looks-sporty-de-lujo\/#breadcrumb"},"inLanguage":"es-AR","potentialAction":[{"@type":"ReadAction","target":["https:\/\/radioclanfm.com\/clanespectaculos\/caro-calvagni-agustina-gandolfo-y-valentina-cervantes-anticipan-el-mundial-con-looks-sporty-de-lujo\/"]}]},{"@type":"ImageObject","inLanguage":"es-AR","@id":"https:\/\/radioclanfm.com\/clanespectaculos\/caro-calvagni-agustina-gandolfo-y-valentina-cervantes-anticipan-el-mundial-con-looks-sporty-de-lujo\/#primaryimage","url":"https:\/\/radioclanfm.com\/clanespectaculos\/wp-content\/uploads\/sites\/2\/2026\/04\/qqqDYRY5.jpg","contentUrl":"https:\/\/radioclanfm.com\/clanespectaculos\/wp-content\/uploads\/sites\/2\/2026\/04\/qqqDYRY5.jpg","width":900,"height":507},{"@type":"BreadcrumbList","@id":"https:\/\/radioclanfm.com\/clanespectaculos\/caro-calvagni-agustina-gandolfo-y-valentina-cervantes-anticipan-el-mundial-con-looks-sporty-de-lujo\/#breadcrumb","itemListElement":[{"@type":"ListItem","position":1,"name":"Inicio","item":"https:\/\/radioclanfm.com\/clanespectaculos\/"},{"@type":"ListItem","position":2,"name":"Caro Calvagni, Agustina Gandolfo y Valentina Cervantes anticipan el Mundial con looks sporty de lujo"}]},{"@type":"WebSite","@id":"https:\/\/radioclanfm.com\/clanespectaculos\/#website","url":"https:\/\/radioclanfm.com\/clanespectaculos\/","name":"CLAN ESPECTACULOS","description":"","publisher":{"@id":"https:\/\/radioclanfm.com\/clanespectaculos\/#organization"},"potentialAction":[{"@type":"SearchAction","target":{"@type":"EntryPoint","urlTemplate":"https:\/\/radioclanfm.com\/clanespectaculos\/?s={search_term_string}"},"query-input":{"@type":"PropertyValueSpecification","valueRequired":true,"valueName":"search_term_string"}}],"inLanguage":"es-AR"},{"@type":"Organization","@id":"https:\/\/radioclanfm.com\/clanespectaculos\/#organization","name":"CLAN ESPECTACULOS","url":"https:\/\/radioclanfm.com\/clanespectaculos\/","logo":{"@type":"ImageObject","inLanguage":"es-AR","@id":"https:\/\/radioclanfm.com\/clanespectaculos\/#\/schema\/logo\/image\/","url":"https:\/\/radioclanfm.com\/clanespectaculos\/wp-content\/uploads\/sites\/2\/2026\/04\/ChatGPT-Image-23-mar-2026-10_09_00.png","contentUrl":"https:\/\/radioclanfm.com\/clanespectaculos\/wp-content\/uploads\/sites\/2\/2026\/04\/ChatGPT-Image-23-mar-2026-10_09_00.png","width":1024,"height":1024,"caption":"CLAN ESPECTACULOS"},"image":{"@id":"https:\/\/radioclanfm.com\/clanespectaculos\/#\/schema\/logo\/image\/"},"sameAs":["https:\/\/www.facebook.com\/clanespectaculos\/","https:\/\/x.com\/clanespectok"]},{"@type":"Person","@id":"https:\/\/radioclanfm.com\/clanespectaculos\/#\/schema\/person\/9734813083303230f3ad84d99171b20c","name":"E-GRUPOCLAN","image":{"@type":"ImageObject","inLanguage":"es-AR","@id":"https:\/\/secure.gravatar.com\/avatar\/af6e19837c3d6a212034a48c7b3818d2ac1826f6025df0155da5a186ad321d79?s=96&d=mm&r=g","url":"https:\/\/secure.gravatar.com\/avatar\/af6e19837c3d6a212034a48c7b3818d2ac1826f6025df0155da5a186ad321d79?s=96&d=mm&r=g","contentUrl":"https:\/\/secure.gravatar.com\/avatar\/af6e19837c3d6a212034a48c7b3818d2ac1826f6025df0155da5a186ad321d79?s=96&d=mm&r=g","caption":"E-GRUPOCLAN"},"sameAs":["https:\/\/radioclanfm.com"],"url":"https:\/\/radioclanfm.com\/clanespectaculos\/author\/admin\/"}]}},"_links":{"self":[{"href":"https:\/\/radioclanfm.com\/clanespectaculos\/wp-json\/wp\/v2\/posts\/15767","targetHints":{"allow":["GET"]}}],"collection":[{"href":"https:\/\/radioclanfm.com\/clanespectaculos\/wp-json\/wp\/v2\/posts"}],"about":[{"href":"https:\/\/radioclanfm.com\/clanespectaculos\/wp-json\/wp\/v2\/types\/post"}],"author":[{"embeddable":true,"href":"https:\/\/radioclanfm.com\/clanespectaculos\/wp-json\/wp\/v2\/users\/1"}],"replies":[{"embeddable":true,"href":"https:\/\/radioclanfm.com\/clanespectaculos\/wp-json\/wp\/v2\/comments?post=15767"}],"version-history":[{"count":1,"href":"https:\/\/radioclanfm.com\/clanespectaculos\/wp-json\/wp\/v2\/posts\/15767\/revisions"}],"predecessor-version":[{"id":15769,"href":"https:\/\/radioclanfm.com\/clanespectaculos\/wp-json\/wp\/v2\/posts\/15767\/revisions\/15769"}],"wp:featuredmedia":[{"embeddable":true,"href":"https:\/\/radioclanfm.com\/clanespectaculos\/wp-json\/wp\/v2\/media\/15768"}],"wp:attachment":[{"href":"https:\/\/radioclanfm.com\/clanespectaculos\/wp-json\/wp\/v2\/media?parent=15767"}],"wp:term":[{"taxonomy":"category","embeddable":true,"href":"https:\/\/radioclanfm.com\/clanespectaculos\/wp-json\/wp\/v2\/categories?post=15767"},{"taxonomy":"post_tag","embeddable":true,"href":"https:\/\/radioclanfm.com\/clanespectaculos\/wp-json\/wp\/v2\/tags?post=15767"}],"curies":[{"name":"wp","href":"https:\/\/api.w.org\/{rel}","templated":true}]}}