{"id":15761,"date":"2026-04-25T10:47:44","date_gmt":"2026-04-25T13:47:44","guid":{"rendered":"https:\/\/radioclanfm.com\/clanespectaculos\/?p=15761"},"modified":"2026-04-25T10:47:44","modified_gmt":"2026-04-25T13:47:44","slug":"veronica-de-la-canal-presento-su-coleccion-sagrado-corazon-en-san-luis-entre-la-lenceria-y-el-rojo-sangre","status":"publish","type":"post","link":"https:\/\/radioclanfm.com\/clanespectaculos\/veronica-de-la-canal-presento-su-coleccion-sagrado-corazon-en-san-luis-entre-la-lenceria-y-el-rojo-sangre\/","title":{"rendered":"Ver\u00f3nica de la Canal present\u00f3 su colecci\u00f3n Sagrado Coraz\u00f3n en San Luis: entre la lencer\u00eda y el rojo sangre"},"content":{"rendered":"<p>En el desfile ganaron el encaje en tonos claros. \u201cEn esta pasarela el cuerpo es el altar\u201d, afirm\u00f3.<\/p>\n<p class=\"paragraph font__body-regular\">Consagrada como una de las dise\u00f1adoras m\u00e1s influyentes de la Argentina y con una fuerte proyecci\u00f3n internacional,\u00a0<b>Ver\u00f3nica de la Canal<\/b>\u00a0sigue conquistando la moda en todo el pa\u00eds con su sello.<\/p>\n<div id=\"ad-slot-infeed\" class=\"infeed-container ad-slot-infeed ad-slot\" data-adtype=\"infeed\" data-lazyload=\"1\" data-google-query-id=\"CMT81uORiZQDFetOuAQdaFQwXQ\">\n<div id=\"google_ads_iframe_\/113951150\/tn-arc\/nota\/infeed_0__container__\"><iframe id=\"google_ads_iframe_\/113951150\/tn-arc\/nota\/infeed_0\" tabindex=\"0\" title=\"Contenido de anuncios de terceros\" name=\"google_ads_iframe_\/113951150\/tn-arc\/nota\/infeed_0\" width=\"1\" height=\"1\" frameborder=\"0\" marginwidth=\"0\" marginheight=\"0\" scrolling=\"no\" aria-label=\"Anuncio\" data-google-container-id=\"9\" data-load-complete=\"true\" data-mce-fragment=\"1\"><\/iframe><\/div>\n<\/div>\n<p class=\"paragraph font__body-regular\">La artista, que recientemente estren\u00f3 vestuario para la nueva\u00a0<b>obra de Muscari<\/b>\u00a0Las doradas en el teatro Cervantes, particip\u00f3 de la primera<b>\u00a0Semana de la Moda oficial celebrada en la provincia de San Luis<\/b>, en el marco de\u00a0<b>Argentina Fashion Week.<\/b><\/p>\n<div class=\"story-list\" data-mrf-recirculation=\"IL_RNrGCM52Q_ui4aMax3fibg\" data-testid=\"text-html\" data-mrf-experience=\"IL_RNrGCM52Q_ui4aMax3fibg\">\n<article class=\"card__container card__horizontal\">\n<div class=\"card__body\">\n<header>\n<h3 class=\"card__headline font__display\"><\/h3>\n<\/header>\n<\/div>\n<\/article>\n<\/div>\n<p class=\"paragraph font__body-regular\">El evento de\u00a0<b>H\u00e9ctor Vidal Rivas<\/b>, con organizaci\u00f3n de\u00a0<b>Mar\u00eda Florencia Pi\u00f1eiro<\/b>, marc\u00f3 un hito para la provincia, coloc\u00e1ndola en la mira de la moda nacional y demostrando que est\u00e1 a la altura de las grandes pasarelas.<\/p>\n<figure class=\"\" data-testid=\"figure-testid\">\n<div class=\"aspect_ratio__container\"><picture class=\"responsive-image\"><source srcset=\"https:\/\/tn.com.ar\/resizer\/v2\/veronica-de-la-canal-junto-a-maria-florencia-pineiro-y-hector-vidal-rivas-en-la-primera-semana-de-la-moda-de-san-luis-foto-veronica-de-la-canal-MQIFINUVA5B7DB7TQXQ2M42B24.jpg?auth=a0217961eadbc06fcb0d77c8947d9721a5534c3db5bc5791eee2145faebecd3b&amp;width=767\" type=\"image\/jpg\" media=\"(max-width: 728px)\" \/><source srcset=\"https:\/\/tn.com.ar\/resizer\/v2\/veronica-de-la-canal-junto-a-maria-florencia-pineiro-y-hector-vidal-rivas-en-la-primera-semana-de-la-moda-de-san-luis-foto-veronica-de-la-canal-MQIFINUVA5B7DB7TQXQ2M42B24.jpg?auth=a0217961eadbc06fcb0d77c8947d9721a5534c3db5bc5791eee2145faebecd3b&amp;width=1023\" type=\"image\/jpg\" media=\"(max-width: 1023px)\" \/><source srcset=\"https:\/\/tn.com.ar\/resizer\/v2\/veronica-de-la-canal-junto-a-maria-florencia-pineiro-y-hector-vidal-rivas-en-la-primera-semana-de-la-moda-de-san-luis-foto-veronica-de-la-canal-MQIFINUVA5B7DB7TQXQ2M42B24.jpg?auth=a0217961eadbc06fcb0d77c8947d9721a5534c3db5bc5791eee2145faebecd3b&amp;width=1440\" type=\"image\/jpg\" \/><img loading=\"lazy\" decoding=\"async\" class=\"image content-image image_placeholder\" src=\"https:\/\/tn.com.ar\/resizer\/v2\/veronica-de-la-canal-junto-a-maria-florencia-pineiro-y-hector-vidal-rivas-en-la-primera-semana-de-la-moda-de-san-luis-foto-veronica-de-la-canal-MQIFINUVA5B7DB7TQXQ2M42B24.jpg?auth=a0217961eadbc06fcb0d77c8947d9721a5534c3db5bc5791eee2145faebecd3b&amp;width=767\" alt=\"Ver\u00f3nica de la Canal junto a Mar\u00eda Florencia Pi\u00f1eiro y H\u00e9ctor Vidal Rivas en la primera Semana de la Moda de San Luis. (Foto: Ver\u00f3nica de la Canal)\" width=\"767\" height=\"1151\" data-testid=\"loading-testid\" \/><\/picture><\/div><figcaption class=\"caption_image\" data-testid=\"figcaption-testid\">\n<div class=\"image_caption \">Ver\u00f3nica de la Canal junto a Mar\u00eda Florencia Pi\u00f1eiro y H\u00e9ctor Vidal Rivas en la primera Semana de la Moda de San Luis. (Foto: Ver\u00f3nica de la Canal)<\/div>\n<\/figcaption><\/figure>\n<p class=\"paragraph font__body-regular\">Para esta especial ocasi\u00f3n, Ver\u00f3nica de la Canal mostr\u00f3 su \u00faltima colecci\u00f3n,\u00a0<i><b>Sagrado Coraz\u00f3n<\/b><\/i>\u00a0(que algunas semanas atr\u00e1s dio a conocer en Buenos Aires, en un desfile que cerr\u00f3 la actriz y cantante Natalie P\u00e9rez).<\/p>\n<figure class=\"\" data-testid=\"figure-testid\">\n<div class=\"aspect_ratio__container\"><picture class=\"responsive-image\"><source srcset=\"https:\/\/tn.com.ar\/resizer\/v2\/el-cierre-del-desfile-de-veronica-de-la-canal-en-san-luis-foto-veronica-de-la-canal-NOX3Q34F2BCABBJCJC4ZBOIAHY.jpg?auth=aa905301b0ed63df94b4483d452a5e9af880cef1c47ca3a7344fb2bcdb2a7c0d&amp;width=767\" type=\"image\/jpg\" media=\"(max-width: 728px)\" \/><source srcset=\"https:\/\/tn.com.ar\/resizer\/v2\/el-cierre-del-desfile-de-veronica-de-la-canal-en-san-luis-foto-veronica-de-la-canal-NOX3Q34F2BCABBJCJC4ZBOIAHY.jpg?auth=aa905301b0ed63df94b4483d452a5e9af880cef1c47ca3a7344fb2bcdb2a7c0d&amp;width=1023\" type=\"image\/jpg\" media=\"(max-width: 1023px)\" \/><source srcset=\"https:\/\/tn.com.ar\/resizer\/v2\/el-cierre-del-desfile-de-veronica-de-la-canal-en-san-luis-foto-veronica-de-la-canal-NOX3Q34F2BCABBJCJC4ZBOIAHY.jpg?auth=aa905301b0ed63df94b4483d452a5e9af880cef1c47ca3a7344fb2bcdb2a7c0d&amp;width=1440\" type=\"image\/jpg\" \/><img loading=\"lazy\" decoding=\"async\" class=\"image content-image image_placeholder\" src=\"https:\/\/tn.com.ar\/resizer\/v2\/el-cierre-del-desfile-de-veronica-de-la-canal-en-san-luis-foto-veronica-de-la-canal-NOX3Q34F2BCABBJCJC4ZBOIAHY.jpg?auth=aa905301b0ed63df94b4483d452a5e9af880cef1c47ca3a7344fb2bcdb2a7c0d&amp;width=767\" alt=\"El cierre del desfile de Ver\u00f3nica de la Canal en San Luis. (Foto: Ver\u00f3nica de la Canal)\" width=\"767\" height=\"1150\" data-testid=\"loading-testid\" \/><\/picture><\/div><figcaption class=\"caption_image\" data-testid=\"figcaption-testid\">\n<div class=\"image_caption \">El cierre del desfile de Ver\u00f3nica de la Canal en San Luis. (Foto: Ver\u00f3nica de la Canal)<\/div>\n<\/figcaption><\/figure>\n<p class=\"paragraph font__body-regular\">En esta propuesta, donde los dise\u00f1os con base blanca toman protagonismo,\u00a0<b>el coraz\u00f3n<\/b>\u00a0aparece como detalle en varios de los vestidos de inspiraci\u00f3n lencera, el fuerte de<b>\u00a0Ver\u00f3nica de la Canal<\/b>.<\/p>\n<figure class=\"\" data-testid=\"figure-testid\">\n<div class=\"aspect_ratio__container\"><picture class=\"responsive-image\"><source srcset=\"https:\/\/tn.com.ar\/resizer\/v2\/veronica-de-la-canal-en-el-backstage-de-su-desfile-foto-veronica-de-la-canal-EUFH7ZKCY5ACXHS3JMJQRVNOAQ.jpg?auth=da3a9662330a20737ddec725e3e130b606c1f2bff022abafdea460ebe75baf84&amp;width=767\" type=\"image\/jpg\" media=\"(max-width: 728px)\" \/><source srcset=\"https:\/\/tn.com.ar\/resizer\/v2\/veronica-de-la-canal-en-el-backstage-de-su-desfile-foto-veronica-de-la-canal-EUFH7ZKCY5ACXHS3JMJQRVNOAQ.jpg?auth=da3a9662330a20737ddec725e3e130b606c1f2bff022abafdea460ebe75baf84&amp;width=1023\" type=\"image\/jpg\" media=\"(max-width: 1023px)\" \/><source srcset=\"https:\/\/tn.com.ar\/resizer\/v2\/veronica-de-la-canal-en-el-backstage-de-su-desfile-foto-veronica-de-la-canal-EUFH7ZKCY5ACXHS3JMJQRVNOAQ.jpg?auth=da3a9662330a20737ddec725e3e130b606c1f2bff022abafdea460ebe75baf84&amp;width=1440\" type=\"image\/jpg\" \/><img loading=\"lazy\" decoding=\"async\" class=\"image content-image image_placeholder\" src=\"https:\/\/tn.com.ar\/resizer\/v2\/veronica-de-la-canal-en-el-backstage-de-su-desfile-foto-veronica-de-la-canal-EUFH7ZKCY5ACXHS3JMJQRVNOAQ.jpg?auth=da3a9662330a20737ddec725e3e130b606c1f2bff022abafdea460ebe75baf84&amp;width=767\" alt=\"Ver\u00f3nica de la Canal en el backstage de su desfile. (Foto: Ver\u00f3nica de la Canal)\" width=\"767\" height=\"1151\" data-testid=\"loading-testid\" \/><\/picture><\/div><figcaption class=\"caption_image\" data-testid=\"figcaption-testid\">\n<div class=\"image_caption \">Ver\u00f3nica de la Canal en el backstage de su desfile. (Foto: Ver\u00f3nica de la Canal)<\/div>\n<\/figcaption><\/figure>\n<p class=\"paragraph font__body-regular\">\u201cEs una colecci\u00f3n que no nace en el taller sino en la herida. Donde lo divino se encuentra con lo humano y el arte se vuelve sacrificio\u201d, explic\u00f3 la dise\u00f1adora.\u00a0<b>\u201cTransformamos el metal en resplandor y el terciopelo en sangre<\/b>, cada costura es una promesa y\u00a0<b>cada espina un recordatorio de que estar vivos duele de una forma hermosa<\/b>. En esta pasarela el cuerpo es el altar, no vestimos modelos, consagramos historias&#8221;.<\/p>\n<figure class=\"\" data-testid=\"figure-testid\">\n<div class=\"aspect_ratio__container\"><picture class=\"responsive-image\"><source srcset=\"https:\/\/tn.com.ar\/resizer\/v2\/flores-transparencias-y-corazones-por-veronica-de-la-canal-foto-veronica-de-la-canal-EWNGHPUQG5BEHEUAGWHWZD35IM.jpg?auth=07bd69a597bb34d06f818b5dea31c0e1efd33b0be86d37441a287c34926db6e7&amp;width=767\" type=\"image\/jpg\" media=\"(max-width: 728px)\" \/><source srcset=\"https:\/\/tn.com.ar\/resizer\/v2\/flores-transparencias-y-corazones-por-veronica-de-la-canal-foto-veronica-de-la-canal-EWNGHPUQG5BEHEUAGWHWZD35IM.jpg?auth=07bd69a597bb34d06f818b5dea31c0e1efd33b0be86d37441a287c34926db6e7&amp;width=1023\" type=\"image\/jpg\" media=\"(max-width: 1023px)\" \/><source srcset=\"https:\/\/tn.com.ar\/resizer\/v2\/flores-transparencias-y-corazones-por-veronica-de-la-canal-foto-veronica-de-la-canal-EWNGHPUQG5BEHEUAGWHWZD35IM.jpg?auth=07bd69a597bb34d06f818b5dea31c0e1efd33b0be86d37441a287c34926db6e7&amp;width=1440\" type=\"image\/jpg\" \/><img loading=\"lazy\" decoding=\"async\" class=\"image content-image image_placeholder\" src=\"https:\/\/tn.com.ar\/resizer\/v2\/flores-transparencias-y-corazones-por-veronica-de-la-canal-foto-veronica-de-la-canal-EWNGHPUQG5BEHEUAGWHWZD35IM.jpg?auth=07bd69a597bb34d06f818b5dea31c0e1efd33b0be86d37441a287c34926db6e7&amp;width=767\" alt=\"Flores, transparencias y corazones por Ver\u00f3nica de la Canal. (Foto: Ver\u00f3nica de la Canal)\" width=\"767\" height=\"1151\" data-testid=\"loading-testid\" \/><\/picture><\/div><figcaption class=\"caption_image\" data-testid=\"figcaption-testid\">\n<div class=\"image_caption \">Flores, transparencias y corazones por Ver\u00f3nica de la Canal. (Foto: Ver\u00f3nica de la Canal)<\/div>\n<\/figcaption><\/figure>\n<p class=\"paragraph font__body-regular\">La premisa es expresar una moda que emociona, que hace latir. De ah\u00ed el nombre\u00a0<i>Sagrado Coraz\u00f3n<\/i>, que se ve reflejado en\u00a0<b>bordados brillantes, encajes transl\u00facidos y acentos rojos como elemento conductor.<\/b>\u00a0La corseter\u00eda y las siluetas estructuradas, t\u00edpicas de la dise\u00f1adora, tambi\u00e9n llevan la delantera.<\/p>\n<figure class=\"\" data-testid=\"figure-testid\">\n<div class=\"aspect_ratio__container\"><picture class=\"responsive-image\"><source srcset=\"https:\/\/tn.com.ar\/resizer\/v2\/el-corazon-elemento-conductor-de-la-coleccion-de-veronica-de-la-canal-foto-veronica-de-la-canal-6B3VKKT2GRHSXGTKX7TD5X2ZQE.jpg?auth=51141225f5e34685312d2c3b0f621ee4b5b6539ff2c0246ad805ca3c62723cac&amp;width=767\" type=\"image\/jpg\" media=\"(max-width: 728px)\" \/><source srcset=\"https:\/\/tn.com.ar\/resizer\/v2\/el-corazon-elemento-conductor-de-la-coleccion-de-veronica-de-la-canal-foto-veronica-de-la-canal-6B3VKKT2GRHSXGTKX7TD5X2ZQE.jpg?auth=51141225f5e34685312d2c3b0f621ee4b5b6539ff2c0246ad805ca3c62723cac&amp;width=1023\" type=\"image\/jpg\" media=\"(max-width: 1023px)\" \/><source srcset=\"https:\/\/tn.com.ar\/resizer\/v2\/el-corazon-elemento-conductor-de-la-coleccion-de-veronica-de-la-canal-foto-veronica-de-la-canal-6B3VKKT2GRHSXGTKX7TD5X2ZQE.jpg?auth=51141225f5e34685312d2c3b0f621ee4b5b6539ff2c0246ad805ca3c62723cac&amp;width=1440\" type=\"image\/jpg\" \/><img loading=\"lazy\" decoding=\"async\" class=\"image content-image image_placeholder\" src=\"https:\/\/tn.com.ar\/resizer\/v2\/el-corazon-elemento-conductor-de-la-coleccion-de-veronica-de-la-canal-foto-veronica-de-la-canal-6B3VKKT2GRHSXGTKX7TD5X2ZQE.jpg?auth=51141225f5e34685312d2c3b0f621ee4b5b6539ff2c0246ad805ca3c62723cac&amp;width=767\" alt=\"El coraz\u00f3n, elemento conductor de la colecci\u00f3n de Ver\u00f3nica de la Canal. (Foto: Ver\u00f3nica de la Canal)\" width=\"767\" height=\"1150\" data-testid=\"loading-testid\" \/><\/picture><\/div><figcaption class=\"caption_image\" data-testid=\"figcaption-testid\">\n<div class=\"image_caption \">El coraz\u00f3n, elemento conductor de la colecci\u00f3n de Ver\u00f3nica de la Canal. (Foto: Ver\u00f3nica de la Canal)<\/div>\n<\/figcaption><\/figure>\n<p class=\"paragraph font__body-regular\">Como de costumbre, de la Canal estuvo presente en cada detalle del\u00a0<i>backstage\u00a0<\/i>del desfile. Y para la gran presentaci\u00f3n, llev\u00f3 un look que acompa\u00f1\u00f3 con coherencia el de sus modelos:<b>\u00a0un vestido de encaje blanco con corset ajustado y falda asim\u00e9trica transl\u00facida.<\/b><\/p>\n<figure class=\"\" data-testid=\"figure-testid\">\n<div class=\"aspect_ratio__container\"><picture class=\"responsive-image\"><source srcset=\"https:\/\/tn.com.ar\/resizer\/v2\/el-look-de-veronica-de-la-canal-para-su-desfile-en-san-luis-foto-veronica-de-la-canal-XCB4G77F4ZBR3M2SFK4HK65SNE.jpg?auth=6568b103fc6b216e200a6893925b62c16b469066507b0de4e8d788adf4eac4fc&amp;width=767\" type=\"image\/jpg\" media=\"(max-width: 728px)\" \/><source srcset=\"https:\/\/tn.com.ar\/resizer\/v2\/el-look-de-veronica-de-la-canal-para-su-desfile-en-san-luis-foto-veronica-de-la-canal-XCB4G77F4ZBR3M2SFK4HK65SNE.jpg?auth=6568b103fc6b216e200a6893925b62c16b469066507b0de4e8d788adf4eac4fc&amp;width=1023\" type=\"image\/jpg\" media=\"(max-width: 1023px)\" \/><source srcset=\"https:\/\/tn.com.ar\/resizer\/v2\/el-look-de-veronica-de-la-canal-para-su-desfile-en-san-luis-foto-veronica-de-la-canal-XCB4G77F4ZBR3M2SFK4HK65SNE.jpg?auth=6568b103fc6b216e200a6893925b62c16b469066507b0de4e8d788adf4eac4fc&amp;width=1440\" type=\"image\/jpg\" \/><img loading=\"lazy\" decoding=\"async\" class=\"image content-image image_placeholder\" src=\"https:\/\/tn.com.ar\/resizer\/v2\/el-look-de-veronica-de-la-canal-para-su-desfile-en-san-luis-foto-veronica-de-la-canal-XCB4G77F4ZBR3M2SFK4HK65SNE.jpg?auth=6568b103fc6b216e200a6893925b62c16b469066507b0de4e8d788adf4eac4fc&amp;width=767\" alt=\"El look de Ver\u00f3nica de la Canal para su desfile en San Luis. (Foto: Ver\u00f3nica de la Canal)\" width=\"767\" height=\"1151\" data-testid=\"loading-testid\" \/><\/picture><\/div><figcaption class=\"caption_image\" data-testid=\"figcaption-testid\">\n<div class=\"image_caption \">El look de Ver\u00f3nica de la Canal para su desfile en San Luis. (Foto: Ver\u00f3nica de la Canal)<\/div>\n<\/figcaption><\/figure>\n<p class=\"paragraph font__body-regular\">Complement\u00f3 el vestuario con calzado a juego con plataforma y\u00a0<b>un collar rojo de Frida Bonjorn<\/b>, una firma de accesorios de autor muy elegida entre dise\u00f1adores y celebridades.<\/p>\n<figure class=\"\" data-testid=\"figure-testid\">\n<div class=\"aspect_ratio__container\"><picture class=\"responsive-image\"><source srcset=\"https:\/\/tn.com.ar\/resizer\/v2\/los-disenos-de-veronica-de-la-canal-desfilaron-en-la-semana-de-la-moda-de-san-luis-foto-veronica-de-la-canal-EPA3BWZDJFDB3HN2BGX2WKL4ZI.jpg?auth=63cf1f5e546d5daad9defac956c56f557c99ed31c5c81db900b31fa37ae28ddf&amp;width=767\" type=\"image\/jpg\" media=\"(max-width: 728px)\" \/><source srcset=\"https:\/\/tn.com.ar\/resizer\/v2\/los-disenos-de-veronica-de-la-canal-desfilaron-en-la-semana-de-la-moda-de-san-luis-foto-veronica-de-la-canal-EPA3BWZDJFDB3HN2BGX2WKL4ZI.jpg?auth=63cf1f5e546d5daad9defac956c56f557c99ed31c5c81db900b31fa37ae28ddf&amp;width=1023\" type=\"image\/jpg\" media=\"(max-width: 1023px)\" \/><source srcset=\"https:\/\/tn.com.ar\/resizer\/v2\/los-disenos-de-veronica-de-la-canal-desfilaron-en-la-semana-de-la-moda-de-san-luis-foto-veronica-de-la-canal-EPA3BWZDJFDB3HN2BGX2WKL4ZI.jpg?auth=63cf1f5e546d5daad9defac956c56f557c99ed31c5c81db900b31fa37ae28ddf&amp;width=1440\" type=\"image\/jpg\" \/><img loading=\"lazy\" decoding=\"async\" class=\"image content-image image_placeholder\" src=\"https:\/\/tn.com.ar\/resizer\/v2\/los-disenos-de-veronica-de-la-canal-desfilaron-en-la-semana-de-la-moda-de-san-luis-foto-veronica-de-la-canal-EPA3BWZDJFDB3HN2BGX2WKL4ZI.jpg?auth=63cf1f5e546d5daad9defac956c56f557c99ed31c5c81db900b31fa37ae28ddf&amp;width=767\" alt=\"Los dise\u00f1os de Ver\u00f3nica de la Canal desfilaron en la Semana de la Moda de San Luis. (Foto: Ver\u00f3nica de la Canal)\" width=\"767\" height=\"1150\" data-testid=\"loading-testid\" \/><\/picture><\/div><figcaption class=\"caption_image\" data-testid=\"figcaption-testid\">\n<div class=\"image_caption \">Los dise\u00f1os de Ver\u00f3nica de la Canal desfilaron en la Semana de la Moda de San Luis. (Foto: Ver\u00f3nica de la Canal)<\/div>\n<\/figcaption><\/figure>\n<p class=\"paragraph font__body-regular\">Despu\u00e9s del desfile, Ver\u00f3nica de la Canal se grab\u00f3 desde el camar\u00edn con su equipo.\u00a0<b>\u201cTerminamos. Estamos s\u00faper felices\u201d<\/b>, dijo en sus historias de Instagram.<\/p>\n","protected":false},"excerpt":{"rendered":"<p>En el desfile ganaron el encaje en tonos claros. \u201cEn esta pasarela el cuerpo es el altar\u201d, afirm\u00f3. Consagrada como una de las dise\u00f1adoras m\u00e1s influyentes de la Argentina y con una fuerte proyecci\u00f3n internacional,\u00a0Ver\u00f3nica de la Canal\u00a0sigue conquistando la moda en todo el pa\u00eds con su sello. La artista, que recientemente estren\u00f3 vestuario para [&hellip;]<\/p>\n","protected":false},"author":1,"featured_media":15762,"comment_status":"open","ping_status":"open","sticky":false,"template":"","format":"standard","meta":{"rop_custom_images_group":[],"rop_custom_messages_group":[],"rop_publish_now":"initial","rop_publish_now_accounts":[],"rop_publish_now_history":[],"rop_publish_now_status":"pending","footnotes":"","jetpack_publicize_message":"","jetpack_publicize_feature_enabled":true,"jetpack_social_post_already_shared":true,"jetpack_social_options":{"image_generator_settings":{"template":"highway","enabled":false},"version":2}},"categories":[15],"tags":[],"class_list":{"0":"post-15761","1":"post","2":"type-post","3":"status-publish","4":"format-standard","5":"has-post-thumbnail","7":"category-moda"},"jetpack_publicize_connections":[],"yoast_head":"<!-- This site is optimized with the Yoast SEO plugin v27.3 - https:\/\/yoast.com\/product\/yoast-seo-wordpress\/ -->\n<title>Ver\u00f3nica de la Canal present\u00f3 su colecci\u00f3n Sagrado Coraz\u00f3n en San Luis: entre la lencer\u00eda y el rojo sangre - CLAN ESPECTACULOS<\/title>\n<meta name=\"robots\" content=\"index, follow, max-snippet:-1, max-image-preview:large, max-video-preview:-1\" \/>\n<link rel=\"canonical\" href=\"https:\/\/radioclanfm.com\/clanespectaculos\/veronica-de-la-canal-presento-su-coleccion-sagrado-corazon-en-san-luis-entre-la-lenceria-y-el-rojo-sangre\/\" \/>\n<meta property=\"og:locale\" content=\"es_ES\" \/>\n<meta property=\"og:type\" content=\"article\" \/>\n<meta property=\"og:title\" content=\"Ver\u00f3nica de la Canal present\u00f3 su colecci\u00f3n Sagrado Coraz\u00f3n en San Luis: entre la lencer\u00eda y el rojo sangre - CLAN ESPECTACULOS\" \/>\n<meta property=\"og:description\" content=\"En el desfile ganaron el encaje en tonos claros. \u201cEn esta pasarela el cuerpo es el altar\u201d, afirm\u00f3. Consagrada como una de las dise\u00f1adoras m\u00e1s influyentes de la Argentina y con una fuerte proyecci\u00f3n internacional,\u00a0Ver\u00f3nica de la Canal\u00a0sigue conquistando la moda en todo el pa\u00eds con su sello. La artista, que recientemente estren\u00f3 vestuario para [&hellip;]\" \/>\n<meta property=\"og:url\" content=\"https:\/\/radioclanfm.com\/clanespectaculos\/veronica-de-la-canal-presento-su-coleccion-sagrado-corazon-en-san-luis-entre-la-lenceria-y-el-rojo-sangre\/\" \/>\n<meta property=\"og:site_name\" content=\"CLAN ESPECTACULOS\" \/>\n<meta property=\"article:publisher\" content=\"https:\/\/www.facebook.com\/clanespectaculos\/\" \/>\n<meta property=\"article:published_time\" content=\"2026-04-25T13:47:44+00:00\" \/>\n<meta property=\"og:image\" content=\"https:\/\/radioclanfm.com\/clanespectaculos\/wp-content\/uploads\/sites\/2\/2026\/04\/PNJxrUoc.jpg\" \/>\n\t<meta property=\"og:image:width\" content=\"900\" \/>\n\t<meta property=\"og:image:height\" content=\"507\" \/>\n\t<meta property=\"og:image:type\" content=\"image\/jpeg\" \/>\n<meta name=\"author\" content=\"E-GRUPOCLAN\" \/>\n<meta name=\"twitter:card\" content=\"summary_large_image\" \/>\n<meta name=\"twitter:creator\" content=\"@clanespectok\" \/>\n<meta name=\"twitter:site\" content=\"@clanespectok\" \/>\n<meta name=\"twitter:label1\" content=\"Escrito por\" \/>\n\t<meta name=\"twitter:data1\" content=\"E-GRUPOCLAN\" \/>\n\t<meta name=\"twitter:label2\" content=\"Tiempo de lectura\" \/>\n\t<meta name=\"twitter:data2\" content=\"5 minutos\" \/>\n<script type=\"application\/ld+json\" class=\"yoast-schema-graph\">{\"@context\":\"https:\\\/\\\/schema.org\",\"@graph\":[{\"@type\":\"Article\",\"@id\":\"https:\\\/\\\/radioclanfm.com\\\/clanespectaculos\\\/veronica-de-la-canal-presento-su-coleccion-sagrado-corazon-en-san-luis-entre-la-lenceria-y-el-rojo-sangre\\\/#article\",\"isPartOf\":{\"@id\":\"https:\\\/\\\/radioclanfm.com\\\/clanespectaculos\\\/veronica-de-la-canal-presento-su-coleccion-sagrado-corazon-en-san-luis-entre-la-lenceria-y-el-rojo-sangre\\\/\"},\"author\":{\"name\":\"E-GRUPOCLAN\",\"@id\":\"https:\\\/\\\/radioclanfm.com\\\/clanespectaculos\\\/#\\\/schema\\\/person\\\/9734813083303230f3ad84d99171b20c\"},\"headline\":\"Ver\u00f3nica de la Canal present\u00f3 su colecci\u00f3n Sagrado Coraz\u00f3n en San Luis: entre la lencer\u00eda y el rojo sangre\",\"datePublished\":\"2026-04-25T13:47:44+00:00\",\"mainEntityOfPage\":{\"@id\":\"https:\\\/\\\/radioclanfm.com\\\/clanespectaculos\\\/veronica-de-la-canal-presento-su-coleccion-sagrado-corazon-en-san-luis-entre-la-lenceria-y-el-rojo-sangre\\\/\"},\"wordCount\":618,\"commentCount\":0,\"publisher\":{\"@id\":\"https:\\\/\\\/radioclanfm.com\\\/clanespectaculos\\\/#organization\"},\"image\":{\"@id\":\"https:\\\/\\\/radioclanfm.com\\\/clanespectaculos\\\/veronica-de-la-canal-presento-su-coleccion-sagrado-corazon-en-san-luis-entre-la-lenceria-y-el-rojo-sangre\\\/#primaryimage\"},\"thumbnailUrl\":\"https:\\\/\\\/radioclanfm.com\\\/clanespectaculos\\\/wp-content\\\/uploads\\\/sites\\\/2\\\/2026\\\/04\\\/PNJxrUoc.jpg\",\"articleSection\":[\"MODA\"],\"inLanguage\":\"es-AR\",\"potentialAction\":[{\"@type\":\"CommentAction\",\"name\":\"Comment\",\"target\":[\"https:\\\/\\\/radioclanfm.com\\\/clanespectaculos\\\/veronica-de-la-canal-presento-su-coleccion-sagrado-corazon-en-san-luis-entre-la-lenceria-y-el-rojo-sangre\\\/#respond\"]}]},{\"@type\":\"WebPage\",\"@id\":\"https:\\\/\\\/radioclanfm.com\\\/clanespectaculos\\\/veronica-de-la-canal-presento-su-coleccion-sagrado-corazon-en-san-luis-entre-la-lenceria-y-el-rojo-sangre\\\/\",\"url\":\"https:\\\/\\\/radioclanfm.com\\\/clanespectaculos\\\/veronica-de-la-canal-presento-su-coleccion-sagrado-corazon-en-san-luis-entre-la-lenceria-y-el-rojo-sangre\\\/\",\"name\":\"Ver\u00f3nica de la Canal present\u00f3 su colecci\u00f3n Sagrado Coraz\u00f3n en San Luis: entre la lencer\u00eda y el rojo sangre - CLAN ESPECTACULOS\",\"isPartOf\":{\"@id\":\"https:\\\/\\\/radioclanfm.com\\\/clanespectaculos\\\/#website\"},\"primaryImageOfPage\":{\"@id\":\"https:\\\/\\\/radioclanfm.com\\\/clanespectaculos\\\/veronica-de-la-canal-presento-su-coleccion-sagrado-corazon-en-san-luis-entre-la-lenceria-y-el-rojo-sangre\\\/#primaryimage\"},\"image\":{\"@id\":\"https:\\\/\\\/radioclanfm.com\\\/clanespectaculos\\\/veronica-de-la-canal-presento-su-coleccion-sagrado-corazon-en-san-luis-entre-la-lenceria-y-el-rojo-sangre\\\/#primaryimage\"},\"thumbnailUrl\":\"https:\\\/\\\/radioclanfm.com\\\/clanespectaculos\\\/wp-content\\\/uploads\\\/sites\\\/2\\\/2026\\\/04\\\/PNJxrUoc.jpg\",\"datePublished\":\"2026-04-25T13:47:44+00:00\",\"breadcrumb\":{\"@id\":\"https:\\\/\\\/radioclanfm.com\\\/clanespectaculos\\\/veronica-de-la-canal-presento-su-coleccion-sagrado-corazon-en-san-luis-entre-la-lenceria-y-el-rojo-sangre\\\/#breadcrumb\"},\"inLanguage\":\"es-AR\",\"potentialAction\":[{\"@type\":\"ReadAction\",\"target\":[\"https:\\\/\\\/radioclanfm.com\\\/clanespectaculos\\\/veronica-de-la-canal-presento-su-coleccion-sagrado-corazon-en-san-luis-entre-la-lenceria-y-el-rojo-sangre\\\/\"]}]},{\"@type\":\"ImageObject\",\"inLanguage\":\"es-AR\",\"@id\":\"https:\\\/\\\/radioclanfm.com\\\/clanespectaculos\\\/veronica-de-la-canal-presento-su-coleccion-sagrado-corazon-en-san-luis-entre-la-lenceria-y-el-rojo-sangre\\\/#primaryimage\",\"url\":\"https:\\\/\\\/radioclanfm.com\\\/clanespectaculos\\\/wp-content\\\/uploads\\\/sites\\\/2\\\/2026\\\/04\\\/PNJxrUoc.jpg\",\"contentUrl\":\"https:\\\/\\\/radioclanfm.com\\\/clanespectaculos\\\/wp-content\\\/uploads\\\/sites\\\/2\\\/2026\\\/04\\\/PNJxrUoc.jpg\",\"width\":900,\"height\":507},{\"@type\":\"BreadcrumbList\",\"@id\":\"https:\\\/\\\/radioclanfm.com\\\/clanespectaculos\\\/veronica-de-la-canal-presento-su-coleccion-sagrado-corazon-en-san-luis-entre-la-lenceria-y-el-rojo-sangre\\\/#breadcrumb\",\"itemListElement\":[{\"@type\":\"ListItem\",\"position\":1,\"name\":\"Inicio\",\"item\":\"https:\\\/\\\/radioclanfm.com\\\/clanespectaculos\\\/\"},{\"@type\":\"ListItem\",\"position\":2,\"name\":\"Ver\u00f3nica de la Canal present\u00f3 su colecci\u00f3n Sagrado Coraz\u00f3n en San Luis: entre la lencer\u00eda y el rojo sangre\"}]},{\"@type\":\"WebSite\",\"@id\":\"https:\\\/\\\/radioclanfm.com\\\/clanespectaculos\\\/#website\",\"url\":\"https:\\\/\\\/radioclanfm.com\\\/clanespectaculos\\\/\",\"name\":\"CLAN ESPECTACULOS\",\"description\":\"\",\"publisher\":{\"@id\":\"https:\\\/\\\/radioclanfm.com\\\/clanespectaculos\\\/#organization\"},\"potentialAction\":[{\"@type\":\"SearchAction\",\"target\":{\"@type\":\"EntryPoint\",\"urlTemplate\":\"https:\\\/\\\/radioclanfm.com\\\/clanespectaculos\\\/?s={search_term_string}\"},\"query-input\":{\"@type\":\"PropertyValueSpecification\",\"valueRequired\":true,\"valueName\":\"search_term_string\"}}],\"inLanguage\":\"es-AR\"},{\"@type\":\"Organization\",\"@id\":\"https:\\\/\\\/radioclanfm.com\\\/clanespectaculos\\\/#organization\",\"name\":\"CLAN ESPECTACULOS\",\"url\":\"https:\\\/\\\/radioclanfm.com\\\/clanespectaculos\\\/\",\"logo\":{\"@type\":\"ImageObject\",\"inLanguage\":\"es-AR\",\"@id\":\"https:\\\/\\\/radioclanfm.com\\\/clanespectaculos\\\/#\\\/schema\\\/logo\\\/image\\\/\",\"url\":\"https:\\\/\\\/radioclanfm.com\\\/clanespectaculos\\\/wp-content\\\/uploads\\\/sites\\\/2\\\/2026\\\/04\\\/ChatGPT-Image-23-mar-2026-10_09_00.png\",\"contentUrl\":\"https:\\\/\\\/radioclanfm.com\\\/clanespectaculos\\\/wp-content\\\/uploads\\\/sites\\\/2\\\/2026\\\/04\\\/ChatGPT-Image-23-mar-2026-10_09_00.png\",\"width\":1024,\"height\":1024,\"caption\":\"CLAN ESPECTACULOS\"},\"image\":{\"@id\":\"https:\\\/\\\/radioclanfm.com\\\/clanespectaculos\\\/#\\\/schema\\\/logo\\\/image\\\/\"},\"sameAs\":[\"https:\\\/\\\/www.facebook.com\\\/clanespectaculos\\\/\",\"https:\\\/\\\/x.com\\\/clanespectok\"]},{\"@type\":\"Person\",\"@id\":\"https:\\\/\\\/radioclanfm.com\\\/clanespectaculos\\\/#\\\/schema\\\/person\\\/9734813083303230f3ad84d99171b20c\",\"name\":\"E-GRUPOCLAN\",\"image\":{\"@type\":\"ImageObject\",\"inLanguage\":\"es-AR\",\"@id\":\"https:\\\/\\\/secure.gravatar.com\\\/avatar\\\/af6e19837c3d6a212034a48c7b3818d2ac1826f6025df0155da5a186ad321d79?s=96&d=mm&r=g\",\"url\":\"https:\\\/\\\/secure.gravatar.com\\\/avatar\\\/af6e19837c3d6a212034a48c7b3818d2ac1826f6025df0155da5a186ad321d79?s=96&d=mm&r=g\",\"contentUrl\":\"https:\\\/\\\/secure.gravatar.com\\\/avatar\\\/af6e19837c3d6a212034a48c7b3818d2ac1826f6025df0155da5a186ad321d79?s=96&d=mm&r=g\",\"caption\":\"E-GRUPOCLAN\"},\"sameAs\":[\"https:\\\/\\\/radioclanfm.com\"],\"url\":\"https:\\\/\\\/radioclanfm.com\\\/clanespectaculos\\\/author\\\/admin\\\/\"}]}<\/script>\n<!-- \/ Yoast SEO plugin. -->","yoast_head_json":{"title":"Ver\u00f3nica de la Canal present\u00f3 su colecci\u00f3n Sagrado Coraz\u00f3n en San Luis: entre la lencer\u00eda y el rojo sangre - CLAN ESPECTACULOS","robots":{"index":"index","follow":"follow","max-snippet":"max-snippet:-1","max-image-preview":"max-image-preview:large","max-video-preview":"max-video-preview:-1"},"canonical":"https:\/\/radioclanfm.com\/clanespectaculos\/veronica-de-la-canal-presento-su-coleccion-sagrado-corazon-en-san-luis-entre-la-lenceria-y-el-rojo-sangre\/","og_locale":"es_ES","og_type":"article","og_title":"Ver\u00f3nica de la Canal present\u00f3 su colecci\u00f3n Sagrado Coraz\u00f3n en San Luis: entre la lencer\u00eda y el rojo sangre - CLAN ESPECTACULOS","og_description":"En el desfile ganaron el encaje en tonos claros. \u201cEn esta pasarela el cuerpo es el altar\u201d, afirm\u00f3. Consagrada como una de las dise\u00f1adoras m\u00e1s influyentes de la Argentina y con una fuerte proyecci\u00f3n internacional,\u00a0Ver\u00f3nica de la Canal\u00a0sigue conquistando la moda en todo el pa\u00eds con su sello. La artista, que recientemente estren\u00f3 vestuario para [&hellip;]","og_url":"https:\/\/radioclanfm.com\/clanespectaculos\/veronica-de-la-canal-presento-su-coleccion-sagrado-corazon-en-san-luis-entre-la-lenceria-y-el-rojo-sangre\/","og_site_name":"CLAN ESPECTACULOS","article_publisher":"https:\/\/www.facebook.com\/clanespectaculos\/","article_published_time":"2026-04-25T13:47:44+00:00","og_image":[{"width":900,"height":507,"url":"https:\/\/radioclanfm.com\/clanespectaculos\/wp-content\/uploads\/sites\/2\/2026\/04\/PNJxrUoc.jpg","type":"image\/jpeg"}],"author":"E-GRUPOCLAN","twitter_card":"summary_large_image","twitter_creator":"@clanespectok","twitter_site":"@clanespectok","twitter_misc":{"Escrito por":"E-GRUPOCLAN","Tiempo de lectura":"5 minutos"},"schema":{"@context":"https:\/\/schema.org","@graph":[{"@type":"Article","@id":"https:\/\/radioclanfm.com\/clanespectaculos\/veronica-de-la-canal-presento-su-coleccion-sagrado-corazon-en-san-luis-entre-la-lenceria-y-el-rojo-sangre\/#article","isPartOf":{"@id":"https:\/\/radioclanfm.com\/clanespectaculos\/veronica-de-la-canal-presento-su-coleccion-sagrado-corazon-en-san-luis-entre-la-lenceria-y-el-rojo-sangre\/"},"author":{"name":"E-GRUPOCLAN","@id":"https:\/\/radioclanfm.com\/clanespectaculos\/#\/schema\/person\/9734813083303230f3ad84d99171b20c"},"headline":"Ver\u00f3nica de la Canal present\u00f3 su colecci\u00f3n Sagrado Coraz\u00f3n en San Luis: entre la lencer\u00eda y el rojo sangre","datePublished":"2026-04-25T13:47:44+00:00","mainEntityOfPage":{"@id":"https:\/\/radioclanfm.com\/clanespectaculos\/veronica-de-la-canal-presento-su-coleccion-sagrado-corazon-en-san-luis-entre-la-lenceria-y-el-rojo-sangre\/"},"wordCount":618,"commentCount":0,"publisher":{"@id":"https:\/\/radioclanfm.com\/clanespectaculos\/#organization"},"image":{"@id":"https:\/\/radioclanfm.com\/clanespectaculos\/veronica-de-la-canal-presento-su-coleccion-sagrado-corazon-en-san-luis-entre-la-lenceria-y-el-rojo-sangre\/#primaryimage"},"thumbnailUrl":"https:\/\/radioclanfm.com\/clanespectaculos\/wp-content\/uploads\/sites\/2\/2026\/04\/PNJxrUoc.jpg","articleSection":["MODA"],"inLanguage":"es-AR","potentialAction":[{"@type":"CommentAction","name":"Comment","target":["https:\/\/radioclanfm.com\/clanespectaculos\/veronica-de-la-canal-presento-su-coleccion-sagrado-corazon-en-san-luis-entre-la-lenceria-y-el-rojo-sangre\/#respond"]}]},{"@type":"WebPage","@id":"https:\/\/radioclanfm.com\/clanespectaculos\/veronica-de-la-canal-presento-su-coleccion-sagrado-corazon-en-san-luis-entre-la-lenceria-y-el-rojo-sangre\/","url":"https:\/\/radioclanfm.com\/clanespectaculos\/veronica-de-la-canal-presento-su-coleccion-sagrado-corazon-en-san-luis-entre-la-lenceria-y-el-rojo-sangre\/","name":"Ver\u00f3nica de la Canal present\u00f3 su colecci\u00f3n Sagrado Coraz\u00f3n en San Luis: entre la lencer\u00eda y el rojo sangre - CLAN ESPECTACULOS","isPartOf":{"@id":"https:\/\/radioclanfm.com\/clanespectaculos\/#website"},"primaryImageOfPage":{"@id":"https:\/\/radioclanfm.com\/clanespectaculos\/veronica-de-la-canal-presento-su-coleccion-sagrado-corazon-en-san-luis-entre-la-lenceria-y-el-rojo-sangre\/#primaryimage"},"image":{"@id":"https:\/\/radioclanfm.com\/clanespectaculos\/veronica-de-la-canal-presento-su-coleccion-sagrado-corazon-en-san-luis-entre-la-lenceria-y-el-rojo-sangre\/#primaryimage"},"thumbnailUrl":"https:\/\/radioclanfm.com\/clanespectaculos\/wp-content\/uploads\/sites\/2\/2026\/04\/PNJxrUoc.jpg","datePublished":"2026-04-25T13:47:44+00:00","breadcrumb":{"@id":"https:\/\/radioclanfm.com\/clanespectaculos\/veronica-de-la-canal-presento-su-coleccion-sagrado-corazon-en-san-luis-entre-la-lenceria-y-el-rojo-sangre\/#breadcrumb"},"inLanguage":"es-AR","potentialAction":[{"@type":"ReadAction","target":["https:\/\/radioclanfm.com\/clanespectaculos\/veronica-de-la-canal-presento-su-coleccion-sagrado-corazon-en-san-luis-entre-la-lenceria-y-el-rojo-sangre\/"]}]},{"@type":"ImageObject","inLanguage":"es-AR","@id":"https:\/\/radioclanfm.com\/clanespectaculos\/veronica-de-la-canal-presento-su-coleccion-sagrado-corazon-en-san-luis-entre-la-lenceria-y-el-rojo-sangre\/#primaryimage","url":"https:\/\/radioclanfm.com\/clanespectaculos\/wp-content\/uploads\/sites\/2\/2026\/04\/PNJxrUoc.jpg","contentUrl":"https:\/\/radioclanfm.com\/clanespectaculos\/wp-content\/uploads\/sites\/2\/2026\/04\/PNJxrUoc.jpg","width":900,"height":507},{"@type":"BreadcrumbList","@id":"https:\/\/radioclanfm.com\/clanespectaculos\/veronica-de-la-canal-presento-su-coleccion-sagrado-corazon-en-san-luis-entre-la-lenceria-y-el-rojo-sangre\/#breadcrumb","itemListElement":[{"@type":"ListItem","position":1,"name":"Inicio","item":"https:\/\/radioclanfm.com\/clanespectaculos\/"},{"@type":"ListItem","position":2,"name":"Ver\u00f3nica de la Canal present\u00f3 su colecci\u00f3n Sagrado Coraz\u00f3n en San Luis: entre la lencer\u00eda y el rojo sangre"}]},{"@type":"WebSite","@id":"https:\/\/radioclanfm.com\/clanespectaculos\/#website","url":"https:\/\/radioclanfm.com\/clanespectaculos\/","name":"CLAN ESPECTACULOS","description":"","publisher":{"@id":"https:\/\/radioclanfm.com\/clanespectaculos\/#organization"},"potentialAction":[{"@type":"SearchAction","target":{"@type":"EntryPoint","urlTemplate":"https:\/\/radioclanfm.com\/clanespectaculos\/?s={search_term_string}"},"query-input":{"@type":"PropertyValueSpecification","valueRequired":true,"valueName":"search_term_string"}}],"inLanguage":"es-AR"},{"@type":"Organization","@id":"https:\/\/radioclanfm.com\/clanespectaculos\/#organization","name":"CLAN ESPECTACULOS","url":"https:\/\/radioclanfm.com\/clanespectaculos\/","logo":{"@type":"ImageObject","inLanguage":"es-AR","@id":"https:\/\/radioclanfm.com\/clanespectaculos\/#\/schema\/logo\/image\/","url":"https:\/\/radioclanfm.com\/clanespectaculos\/wp-content\/uploads\/sites\/2\/2026\/04\/ChatGPT-Image-23-mar-2026-10_09_00.png","contentUrl":"https:\/\/radioclanfm.com\/clanespectaculos\/wp-content\/uploads\/sites\/2\/2026\/04\/ChatGPT-Image-23-mar-2026-10_09_00.png","width":1024,"height":1024,"caption":"CLAN ESPECTACULOS"},"image":{"@id":"https:\/\/radioclanfm.com\/clanespectaculos\/#\/schema\/logo\/image\/"},"sameAs":["https:\/\/www.facebook.com\/clanespectaculos\/","https:\/\/x.com\/clanespectok"]},{"@type":"Person","@id":"https:\/\/radioclanfm.com\/clanespectaculos\/#\/schema\/person\/9734813083303230f3ad84d99171b20c","name":"E-GRUPOCLAN","image":{"@type":"ImageObject","inLanguage":"es-AR","@id":"https:\/\/secure.gravatar.com\/avatar\/af6e19837c3d6a212034a48c7b3818d2ac1826f6025df0155da5a186ad321d79?s=96&d=mm&r=g","url":"https:\/\/secure.gravatar.com\/avatar\/af6e19837c3d6a212034a48c7b3818d2ac1826f6025df0155da5a186ad321d79?s=96&d=mm&r=g","contentUrl":"https:\/\/secure.gravatar.com\/avatar\/af6e19837c3d6a212034a48c7b3818d2ac1826f6025df0155da5a186ad321d79?s=96&d=mm&r=g","caption":"E-GRUPOCLAN"},"sameAs":["https:\/\/radioclanfm.com"],"url":"https:\/\/radioclanfm.com\/clanespectaculos\/author\/admin\/"}]}},"_links":{"self":[{"href":"https:\/\/radioclanfm.com\/clanespectaculos\/wp-json\/wp\/v2\/posts\/15761","targetHints":{"allow":["GET"]}}],"collection":[{"href":"https:\/\/radioclanfm.com\/clanespectaculos\/wp-json\/wp\/v2\/posts"}],"about":[{"href":"https:\/\/radioclanfm.com\/clanespectaculos\/wp-json\/wp\/v2\/types\/post"}],"author":[{"embeddable":true,"href":"https:\/\/radioclanfm.com\/clanespectaculos\/wp-json\/wp\/v2\/users\/1"}],"replies":[{"embeddable":true,"href":"https:\/\/radioclanfm.com\/clanespectaculos\/wp-json\/wp\/v2\/comments?post=15761"}],"version-history":[{"count":1,"href":"https:\/\/radioclanfm.com\/clanespectaculos\/wp-json\/wp\/v2\/posts\/15761\/revisions"}],"predecessor-version":[{"id":15763,"href":"https:\/\/radioclanfm.com\/clanespectaculos\/wp-json\/wp\/v2\/posts\/15761\/revisions\/15763"}],"wp:featuredmedia":[{"embeddable":true,"href":"https:\/\/radioclanfm.com\/clanespectaculos\/wp-json\/wp\/v2\/media\/15762"}],"wp:attachment":[{"href":"https:\/\/radioclanfm.com\/clanespectaculos\/wp-json\/wp\/v2\/media?parent=15761"}],"wp:term":[{"taxonomy":"category","embeddable":true,"href":"https:\/\/radioclanfm.com\/clanespectaculos\/wp-json\/wp\/v2\/categories?post=15761"},{"taxonomy":"post_tag","embeddable":true,"href":"https:\/\/radioclanfm.com\/clanespectaculos\/wp-json\/wp\/v2\/tags?post=15761"}],"curies":[{"name":"wp","href":"https:\/\/api.w.org\/{rel}","templated":true}]}}