{"id":1576,"date":"2025-06-10T09:55:18","date_gmt":"2025-06-10T12:55:18","guid":{"rendered":"https:\/\/radioclanfm.com\/clanespectaculos\/?p=1576"},"modified":"2025-06-10T09:55:18","modified_gmt":"2025-06-10T12:55:18","slug":"nazarena-velez-hablo-del-mal-momento-que-sufria-cuando-hacia-fotos-sin-ropa-me-daba-verguenza-por-mis-hijos","status":"publish","type":"post","link":"https:\/\/radioclanfm.com\/clanespectaculos\/nazarena-velez-hablo-del-mal-momento-que-sufria-cuando-hacia-fotos-sin-ropa-me-daba-verguenza-por-mis-hijos\/","title":{"rendered":"Nazarena V\u00e9lez habl\u00f3 del mal momento que sufr\u00eda cuando hac\u00eda fotos sin ropa: \u201cMe daba verg\u00fcenza por mis hijos\u201d"},"content":{"rendered":"<div class=\"col-content\"><main class=\"col-content\"><\/p>\n<div class=\"default-article-color article__body article__article\">\n<p class=\"paragraph font__body-regular\"><b>Nazarena V\u00e9lez<\/b>\u00a0record\u00f3 los inicios de su carrera. En una reciente entrevista, la medi\u00e1tica se sincer\u00f3 al hablar de las\u00a0<b>incomodidades\u00a0<\/b>que sufr\u00eda cuando hac\u00eda\u00a0<b>fotos er\u00f3ticas<\/b>\u00a0para las revistas.<\/p>\n<div class=\"AV67f93cf033780503b00636a7\">\n<div id=\"aniBox\">\n<div id=\"aniplayer_AV67f93cf033780503b00636a7-1749560078960\">\n<div id=\"aniplayer_AV67f93cf033780503b00636a7-1749560078960gui\">\n<div id=\"av-caption\">\n<div id=\"av-close-btn-overlay\" class=\"av-pos-top-left\"><\/div>\n<\/div>\n<\/div>\n<div id=\"anibid\"><\/div>\n<\/div>\n<\/div>\n<\/div>\n<div id=\"ad-slot-infeed\" class=\"infeed-container ad-slot-infeed ad-slot\" data-adtype=\"infeed\" data-google-query-id=\"CJiA0pnz5o0DFRs5uQYdC8UC5w\">\n<div id=\"google_ads_iframe_\/113951150\/tn-arc\/nota\/infeed_0__container__\"><iframe id=\"google_ads_iframe_\/113951150\/tn-arc\/nota\/infeed_0\" tabindex=\"0\" title=\"3rd party ad content\" name=\"google_ads_iframe_\/113951150\/tn-arc\/nota\/infeed_0\" width=\"1\" height=\"1\" frameborder=\"0\" marginwidth=\"0\" marginheight=\"0\" scrolling=\"no\" aria-label=\"Advertisement\" data-google-container-id=\"a\" data-load-complete=\"true\" data-mce-fragment=\"1\"><\/iframe><\/div>\n<\/div>\n<p class=\"paragraph font__body-regular\">\u201cIba a mostrar mi cuerpo entero, a hacer Playboy, porque dije:<b>\u00a0\u2018Yo la voy a ganar toda\u2019<\/b>\u201d, expres\u00f3 la artista en una nota que hizo junto a Guido Kaczka para<i>\u00a0No est\u00e1 todo dicho (La 100)<\/i>.<\/p>\n<p class=\"paragraph font__body-regular\">\u201c\u00bfTe daba verg\u00fcenza?\u201c, quiso saber el conductor por el hecho de posar sin ropa ante la c\u00e1mara. \u201dSi, mucha, porque\u00a0<b>soy muy acomplejada con mi cuerpo<\/b>\u00a0y ten\u00eda que desnudarme delante de una productora, y de un fot\u00f3grafo&#8230;\u201c, reconoci\u00f3 Nazarena.<\/p>\n<figure class=\"\" data-testid=\"figure-testid\">\n<div class=\"aspect_ratio__container\"><picture class=\"responsive-image\"><source srcset=\"https:\/\/tn.com.ar\/resizer\/v2\/nazarena-velez-respondio-si-sentia-verguenza-cuando-hacia-fotos-eroticas-para-revistas-foto-captura-instagramla100fm-JJF6KPZBHFE4NOULHNU5AQQNUY.PNG?auth=bc20c7cbf80c10667983ca7b1d52d3fe1a40fb5f6101a7e50beff8291df151c1&amp;width=767\" type=\"image\/jpg\" media=\"(max-width: 728px)\" \/><source srcset=\"https:\/\/tn.com.ar\/resizer\/v2\/nazarena-velez-respondio-si-sentia-verguenza-cuando-hacia-fotos-eroticas-para-revistas-foto-captura-instagramla100fm-JJF6KPZBHFE4NOULHNU5AQQNUY.PNG?auth=bc20c7cbf80c10667983ca7b1d52d3fe1a40fb5f6101a7e50beff8291df151c1&amp;width=1023\" type=\"image\/jpg\" media=\"(max-width: 1023px)\" \/><source srcset=\"https:\/\/tn.com.ar\/resizer\/v2\/nazarena-velez-respondio-si-sentia-verguenza-cuando-hacia-fotos-eroticas-para-revistas-foto-captura-instagramla100fm-JJF6KPZBHFE4NOULHNU5AQQNUY.PNG?auth=bc20c7cbf80c10667983ca7b1d52d3fe1a40fb5f6101a7e50beff8291df151c1&amp;width=1440\" type=\"image\/jpg\" \/><img loading=\"lazy\" decoding=\"async\" class=\"image content-image image_placeholder\" src=\"https:\/\/tn.com.ar\/resizer\/v2\/nazarena-velez-respondio-si-sentia-verguenza-cuando-hacia-fotos-eroticas-para-revistas-foto-captura-instagramla100fm-JJF6KPZBHFE4NOULHNU5AQQNUY.PNG?auth=bc20c7cbf80c10667983ca7b1d52d3fe1a40fb5f6101a7e50beff8291df151c1&amp;width=767\" alt=\"Nazarena V\u00e9lez respondi\u00f3 si sent\u00eda verg\u00fcenza cuando hac\u00eda fotos er\u00f3ticas para revistas. (Foto: captura Instagram\/la100fm)\" width=\"767\" height=\"1239\" data-testid=\"loading-testid\" \/><\/picture><\/div><figcaption class=\"caption_image\" data-testid=\"figcaption-testid\">\n<div class=\"image_caption \">Nazarena V\u00e9lez respondi\u00f3 si sent\u00eda verg\u00fcenza cuando hac\u00eda fotos er\u00f3ticas para revistas. (Foto: captura Instagram\/la100fm)<\/div>\n<\/figcaption><\/figure>\n<p class=\"paragraph font__body-regular\">Luego de eso, V\u00e9lez explic\u00f3 el motivo por el que sent\u00eda incomodidad cuando hac\u00eda este tipo de producciones para las tapas de las revistas. \u201c<b>Me daba mucha verg\u00fcenza por mis hijos<\/b>. Yo soy mam\u00e1 desde los 19, era muy chiquita\u201d, record\u00f3 por la llegada al mundo de\u00a0<b>Barbarita<\/b>.<b><\/b><\/p>\n<p class=\"paragraph font__body-regular\">Durante la nota, la medi\u00e1tica tambi\u00e9n hizo hincapi\u00e9 en lo que ganaba con estos primeros trabajos. \u201c\u00bfPor qu\u00e9 pens\u00e1s que te gusta tanto la plata?\u201c, pregunt\u00f3 Kaczka. \u201dPorque la necesito como el argentino promedio. No es que me encanta, yo no soy millonaria&#8221;, indic\u00f3.<\/p>\n<p class=\"paragraph font__body-regular\">Y explic\u00f3: \u201cLo que no me gusta es estar pensando en plata. A mi me pas\u00f3 mucho de pensar:\u00a0<b>\u2018Uy, \u00bfc\u00f3mo pago la obra social?\u2019<\/b>\u00a0Y no quiero pensar en eso. Estuve dos a\u00f1os sin pagar expensar, me daba verg\u00fcenza&#8221;.<\/p>\n<p class=\"paragraph font__body-regular\">\u201cMe gusta tener la plata, gastarla para lo que se tiene que gastar. Entonces\u00a0<b>siempre fui muy independiente<\/b>. Empec\u00e9 a los 14, a los 15 ya trabajaba con Gerardo (Sofovich) para no pedirles plata a mis viejos\u201d, detall\u00f3 Nazarena.<\/p>\n<h2 class=\"font--primary font__display\">Las situaciones que vivi\u00f3 Nazarena V\u00e9lez en los inicios de su carrera<\/h2>\n<p class=\"paragraph font__body-regular\">Hace unos meses, la medi\u00e1tica habl\u00f3 en un\u00a0<i>streaming\u00a0<\/i>uruguayo en el que hizo un repaso de su carrera y decidi\u00f3 contar todo lo que tuvo que atravesar cuando incursion\u00f3 en los medios. \u201cEra l\u00f3gico que un tipo te persiga y que<b>\u00a0a cambio de un trabajo se quiera acostar con vos<\/b>\u201d, dijo por lo que viv\u00eda en el mundo del espect\u00e1culo.<\/p>\n<p class=\"paragraph font__body-regular\">\u201cTen\u00edas que armarte un car\u00e1cter porque sino te pasan por encima, te pisan, m\u00e1s cuando decid\u00ed mostrar el cuerpo. La t\u00edpica \u2018te pusiste la pollerita\u2019, eso me hizo forjar mucho car\u00e1cter\u201d, cont\u00f3 Nazarena en el canal\u00a0<i>Aweno TV<\/i>.<\/p>\n<figure class=\"\" data-testid=\"figure-testid\">\n<div class=\"aspect_ratio__container\"><picture class=\"responsive-image\"><source srcset=\"https:\/\/tn.com.ar\/resizer\/v2\/nazarena-velez-hablo-sobre-los-inicios-en-su-carrera-foto-instagramnazarenavelez-UQN2IVP4P5HXHAY3THU4HOMOEQ.jpg?auth=756ad45910ffb11ae8a6bd28dede75ecf7bb368b0e4be0a57126e53d915668cb&amp;width=767\" type=\"image\/jpg\" media=\"(max-width: 728px)\" \/><source srcset=\"https:\/\/tn.com.ar\/resizer\/v2\/nazarena-velez-hablo-sobre-los-inicios-en-su-carrera-foto-instagramnazarenavelez-UQN2IVP4P5HXHAY3THU4HOMOEQ.jpg?auth=756ad45910ffb11ae8a6bd28dede75ecf7bb368b0e4be0a57126e53d915668cb&amp;width=1023\" type=\"image\/jpg\" media=\"(max-width: 1023px)\" \/><source srcset=\"https:\/\/tn.com.ar\/resizer\/v2\/nazarena-velez-hablo-sobre-los-inicios-en-su-carrera-foto-instagramnazarenavelez-UQN2IVP4P5HXHAY3THU4HOMOEQ.jpg?auth=756ad45910ffb11ae8a6bd28dede75ecf7bb368b0e4be0a57126e53d915668cb&amp;width=1440\" type=\"image\/jpg\" \/><img loading=\"lazy\" decoding=\"async\" class=\"image content-image image_placeholder\" src=\"https:\/\/tn.com.ar\/resizer\/v2\/nazarena-velez-hablo-sobre-los-inicios-en-su-carrera-foto-instagramnazarenavelez-UQN2IVP4P5HXHAY3THU4HOMOEQ.jpg?auth=756ad45910ffb11ae8a6bd28dede75ecf7bb368b0e4be0a57126e53d915668cb&amp;width=767\" alt=\"Nazarena V\u00e9lez habl\u00f3 sobre los inicios en su carrera. (Foto: Instagram\/@nazarenavelez).\" width=\"767\" height=\"431\" data-testid=\"loading-testid\" \/><\/picture><\/div><figcaption class=\"caption_image\" data-testid=\"figcaption-testid\">\n<div class=\"image_caption \">Nazarena V\u00e9lez habl\u00f3 sobre los inicios en su carrera. (Foto: Instagram\/@nazarenavelez).<\/div>\n<\/figcaption><\/figure>\n<p class=\"paragraph font__body-regular\">\u201cCuando no quiero trabajar con una persona digo \u2018bueno, yo no vengo\u2019. A m\u00ed me gusta pasarla bien,\u00a0<b>la vida fue muy dura\u00a0<\/b>conmigo entonces cuando la vida se pone linda, buscarte momentos inc\u00f3modos me parecen innecesarios\u201d, dijo V\u00e9lez.<\/p>\n<p class=\"paragraph font__body-regular\">Para concluir, la actriz habl\u00f3 de lo que la impuls\u00f3 a trabajar en el mundo del entretenimiento: \u201cEmpec\u00e9 porque quer\u00eda plata, quer\u00eda una bicicleta, entonces<b>\u00a0encontr\u00e9 la manera de generar plata<\/b>, gan\u00e9 Miss Quilmes y no dej\u00e9 de trabajar nunca m\u00e1s\u201d<\/p>\n<\/div>\n<p><\/main><\/div>\n<aside class=\"col-right-rail right-rail\">\n<div id=\"parent-ad-slot-caja\" class=\"ad-container caja_ad \">\n<div class=\"ad-content\"><\/div>\n<\/div>\n<\/aside>\n","protected":false},"excerpt":{"rendered":"<p>Nazarena V\u00e9lez\u00a0record\u00f3 los inicios de su carrera. En una reciente entrevista, la medi\u00e1tica se sincer\u00f3 al hablar de las\u00a0incomodidades\u00a0que sufr\u00eda cuando hac\u00eda\u00a0fotos er\u00f3ticas\u00a0para las revistas. \u201cIba a mostrar mi cuerpo entero, a hacer Playboy, porque dije:\u00a0\u2018Yo la voy a ganar toda\u2019\u201d, expres\u00f3 la artista en una nota que hizo junto a Guido Kaczka para\u00a0No est\u00e1 [&hellip;]<\/p>\n","protected":false},"author":1,"featured_media":1579,"comment_status":"open","ping_status":"open","sticky":false,"template":"","format":"standard","meta":{"rop_custom_images_group":[],"rop_custom_messages_group":[],"rop_publish_now":"initial","rop_publish_now_accounts":[],"rop_publish_now_history":[],"rop_publish_now_status":"pending","footnotes":"","jetpack_publicize_message":"","jetpack_publicize_feature_enabled":true,"jetpack_social_post_already_shared":true,"jetpack_social_options":{"image_generator_settings":{"template":"highway","enabled":false},"version":2}},"categories":[12],"tags":[],"class_list":{"0":"post-1576","1":"post","2":"type-post","3":"status-publish","4":"format-standard","5":"has-post-thumbnail","7":"category-espectaculos"},"jetpack_publicize_connections":[],"yoast_head":"<!-- This site is optimized with the Yoast SEO plugin v27.3 - https:\/\/yoast.com\/product\/yoast-seo-wordpress\/ -->\n<title>Nazarena V\u00e9lez habl\u00f3 del mal momento que sufr\u00eda cuando hac\u00eda fotos sin ropa: \u201cMe daba verg\u00fcenza por mis hijos\u201d - CLAN ESPECTACULOS<\/title>\n<meta name=\"robots\" content=\"index, follow, max-snippet:-1, max-image-preview:large, max-video-preview:-1\" \/>\n<link rel=\"canonical\" href=\"https:\/\/radioclanfm.com\/clanespectaculos\/nazarena-velez-hablo-del-mal-momento-que-sufria-cuando-hacia-fotos-sin-ropa-me-daba-verguenza-por-mis-hijos\/\" \/>\n<meta property=\"og:locale\" content=\"es_ES\" \/>\n<meta property=\"og:type\" content=\"article\" \/>\n<meta property=\"og:title\" content=\"Nazarena V\u00e9lez habl\u00f3 del mal momento que sufr\u00eda cuando hac\u00eda fotos sin ropa: \u201cMe daba verg\u00fcenza por mis hijos\u201d - CLAN ESPECTACULOS\" \/>\n<meta property=\"og:description\" content=\"Nazarena V\u00e9lez\u00a0record\u00f3 los inicios de su carrera. En una reciente entrevista, la medi\u00e1tica se sincer\u00f3 al hablar de las\u00a0incomodidades\u00a0que sufr\u00eda cuando hac\u00eda\u00a0fotos er\u00f3ticas\u00a0para las revistas. \u201cIba a mostrar mi cuerpo entero, a hacer Playboy, porque dije:\u00a0\u2018Yo la voy a ganar toda\u2019\u201d, expres\u00f3 la artista en una nota que hizo junto a Guido Kaczka para\u00a0No est\u00e1 [&hellip;]\" \/>\n<meta property=\"og:url\" content=\"https:\/\/radioclanfm.com\/clanespectaculos\/nazarena-velez-hablo-del-mal-momento-que-sufria-cuando-hacia-fotos-sin-ropa-me-daba-verguenza-por-mis-hijos\/\" \/>\n<meta property=\"og:site_name\" content=\"CLAN ESPECTACULOS\" \/>\n<meta property=\"article:publisher\" content=\"https:\/\/www.facebook.com\/clanespectaculos\/\" \/>\n<meta property=\"article:published_time\" content=\"2025-06-10T12:55:18+00:00\" \/>\n<meta property=\"og:image\" content=\"https:\/\/radioclanfm.com\/clanespectaculos\/wp-content\/uploads\/sites\/2\/2025\/06\/wqARN8pk.jpg\" \/>\n\t<meta property=\"og:image:width\" content=\"900\" \/>\n\t<meta property=\"og:image:height\" content=\"504\" \/>\n\t<meta property=\"og:image:type\" content=\"image\/jpeg\" \/>\n<meta name=\"author\" content=\"E-GRUPOCLAN\" \/>\n<meta name=\"twitter:card\" content=\"summary_large_image\" \/>\n<meta name=\"twitter:creator\" content=\"@clanespectok\" \/>\n<meta name=\"twitter:site\" content=\"@clanespectok\" \/>\n<meta name=\"twitter:label1\" content=\"Escrito por\" \/>\n\t<meta name=\"twitter:data1\" content=\"E-GRUPOCLAN\" \/>\n\t<meta name=\"twitter:label2\" content=\"Tiempo de lectura\" \/>\n\t<meta name=\"twitter:data2\" content=\"3 minutos\" \/>\n<script type=\"application\/ld+json\" class=\"yoast-schema-graph\">{\"@context\":\"https:\\\/\\\/schema.org\",\"@graph\":[{\"@type\":\"Article\",\"@id\":\"https:\\\/\\\/radioclanfm.com\\\/clanespectaculos\\\/nazarena-velez-hablo-del-mal-momento-que-sufria-cuando-hacia-fotos-sin-ropa-me-daba-verguenza-por-mis-hijos\\\/#article\",\"isPartOf\":{\"@id\":\"https:\\\/\\\/radioclanfm.com\\\/clanespectaculos\\\/nazarena-velez-hablo-del-mal-momento-que-sufria-cuando-hacia-fotos-sin-ropa-me-daba-verguenza-por-mis-hijos\\\/\"},\"author\":{\"name\":\"E-GRUPOCLAN\",\"@id\":\"https:\\\/\\\/radioclanfm.com\\\/clanespectaculos\\\/#\\\/schema\\\/person\\\/9734813083303230f3ad84d99171b20c\"},\"headline\":\"Nazarena V\u00e9lez habl\u00f3 del mal momento que sufr\u00eda cuando hac\u00eda fotos sin ropa: \u201cMe daba verg\u00fcenza por mis hijos\u201d\",\"datePublished\":\"2025-06-10T12:55:18+00:00\",\"mainEntityOfPage\":{\"@id\":\"https:\\\/\\\/radioclanfm.com\\\/clanespectaculos\\\/nazarena-velez-hablo-del-mal-momento-que-sufria-cuando-hacia-fotos-sin-ropa-me-daba-verguenza-por-mis-hijos\\\/\"},\"wordCount\":557,\"commentCount\":0,\"publisher\":{\"@id\":\"https:\\\/\\\/radioclanfm.com\\\/clanespectaculos\\\/#organization\"},\"image\":{\"@id\":\"https:\\\/\\\/radioclanfm.com\\\/clanespectaculos\\\/nazarena-velez-hablo-del-mal-momento-que-sufria-cuando-hacia-fotos-sin-ropa-me-daba-verguenza-por-mis-hijos\\\/#primaryimage\"},\"thumbnailUrl\":\"https:\\\/\\\/radioclanfm.com\\\/clanespectaculos\\\/wp-content\\\/uploads\\\/sites\\\/2\\\/2025\\\/06\\\/wqARN8pk.jpg\",\"articleSection\":[\"Espectaculos\"],\"inLanguage\":\"es-AR\",\"potentialAction\":[{\"@type\":\"CommentAction\",\"name\":\"Comment\",\"target\":[\"https:\\\/\\\/radioclanfm.com\\\/clanespectaculos\\\/nazarena-velez-hablo-del-mal-momento-que-sufria-cuando-hacia-fotos-sin-ropa-me-daba-verguenza-por-mis-hijos\\\/#respond\"]}]},{\"@type\":\"WebPage\",\"@id\":\"https:\\\/\\\/radioclanfm.com\\\/clanespectaculos\\\/nazarena-velez-hablo-del-mal-momento-que-sufria-cuando-hacia-fotos-sin-ropa-me-daba-verguenza-por-mis-hijos\\\/\",\"url\":\"https:\\\/\\\/radioclanfm.com\\\/clanespectaculos\\\/nazarena-velez-hablo-del-mal-momento-que-sufria-cuando-hacia-fotos-sin-ropa-me-daba-verguenza-por-mis-hijos\\\/\",\"name\":\"Nazarena V\u00e9lez habl\u00f3 del mal momento que sufr\u00eda cuando hac\u00eda fotos sin ropa: \u201cMe daba verg\u00fcenza por mis hijos\u201d - CLAN ESPECTACULOS\",\"isPartOf\":{\"@id\":\"https:\\\/\\\/radioclanfm.com\\\/clanespectaculos\\\/#website\"},\"primaryImageOfPage\":{\"@id\":\"https:\\\/\\\/radioclanfm.com\\\/clanespectaculos\\\/nazarena-velez-hablo-del-mal-momento-que-sufria-cuando-hacia-fotos-sin-ropa-me-daba-verguenza-por-mis-hijos\\\/#primaryimage\"},\"image\":{\"@id\":\"https:\\\/\\\/radioclanfm.com\\\/clanespectaculos\\\/nazarena-velez-hablo-del-mal-momento-que-sufria-cuando-hacia-fotos-sin-ropa-me-daba-verguenza-por-mis-hijos\\\/#primaryimage\"},\"thumbnailUrl\":\"https:\\\/\\\/radioclanfm.com\\\/clanespectaculos\\\/wp-content\\\/uploads\\\/sites\\\/2\\\/2025\\\/06\\\/wqARN8pk.jpg\",\"datePublished\":\"2025-06-10T12:55:18+00:00\",\"breadcrumb\":{\"@id\":\"https:\\\/\\\/radioclanfm.com\\\/clanespectaculos\\\/nazarena-velez-hablo-del-mal-momento-que-sufria-cuando-hacia-fotos-sin-ropa-me-daba-verguenza-por-mis-hijos\\\/#breadcrumb\"},\"inLanguage\":\"es-AR\",\"potentialAction\":[{\"@type\":\"ReadAction\",\"target\":[\"https:\\\/\\\/radioclanfm.com\\\/clanespectaculos\\\/nazarena-velez-hablo-del-mal-momento-que-sufria-cuando-hacia-fotos-sin-ropa-me-daba-verguenza-por-mis-hijos\\\/\"]}]},{\"@type\":\"ImageObject\",\"inLanguage\":\"es-AR\",\"@id\":\"https:\\\/\\\/radioclanfm.com\\\/clanespectaculos\\\/nazarena-velez-hablo-del-mal-momento-que-sufria-cuando-hacia-fotos-sin-ropa-me-daba-verguenza-por-mis-hijos\\\/#primaryimage\",\"url\":\"https:\\\/\\\/radioclanfm.com\\\/clanespectaculos\\\/wp-content\\\/uploads\\\/sites\\\/2\\\/2025\\\/06\\\/wqARN8pk.jpg\",\"contentUrl\":\"https:\\\/\\\/radioclanfm.com\\\/clanespectaculos\\\/wp-content\\\/uploads\\\/sites\\\/2\\\/2025\\\/06\\\/wqARN8pk.jpg\",\"width\":900,\"height\":504},{\"@type\":\"BreadcrumbList\",\"@id\":\"https:\\\/\\\/radioclanfm.com\\\/clanespectaculos\\\/nazarena-velez-hablo-del-mal-momento-que-sufria-cuando-hacia-fotos-sin-ropa-me-daba-verguenza-por-mis-hijos\\\/#breadcrumb\",\"itemListElement\":[{\"@type\":\"ListItem\",\"position\":1,\"name\":\"Inicio\",\"item\":\"https:\\\/\\\/radioclanfm.com\\\/clanespectaculos\\\/\"},{\"@type\":\"ListItem\",\"position\":2,\"name\":\"Nazarena V\u00e9lez habl\u00f3 del mal momento que sufr\u00eda cuando hac\u00eda fotos sin ropa: \u201cMe daba verg\u00fcenza por mis hijos\u201d\"}]},{\"@type\":\"WebSite\",\"@id\":\"https:\\\/\\\/radioclanfm.com\\\/clanespectaculos\\\/#website\",\"url\":\"https:\\\/\\\/radioclanfm.com\\\/clanespectaculos\\\/\",\"name\":\"CLAN ESPECTACULOS\",\"description\":\"\",\"publisher\":{\"@id\":\"https:\\\/\\\/radioclanfm.com\\\/clanespectaculos\\\/#organization\"},\"potentialAction\":[{\"@type\":\"SearchAction\",\"target\":{\"@type\":\"EntryPoint\",\"urlTemplate\":\"https:\\\/\\\/radioclanfm.com\\\/clanespectaculos\\\/?s={search_term_string}\"},\"query-input\":{\"@type\":\"PropertyValueSpecification\",\"valueRequired\":true,\"valueName\":\"search_term_string\"}}],\"inLanguage\":\"es-AR\"},{\"@type\":\"Organization\",\"@id\":\"https:\\\/\\\/radioclanfm.com\\\/clanespectaculos\\\/#organization\",\"name\":\"CLAN ESPECTACULOS\",\"url\":\"https:\\\/\\\/radioclanfm.com\\\/clanespectaculos\\\/\",\"logo\":{\"@type\":\"ImageObject\",\"inLanguage\":\"es-AR\",\"@id\":\"https:\\\/\\\/radioclanfm.com\\\/clanespectaculos\\\/#\\\/schema\\\/logo\\\/image\\\/\",\"url\":\"https:\\\/\\\/radioclanfm.com\\\/clanespectaculos\\\/wp-content\\\/uploads\\\/sites\\\/2\\\/2026\\\/04\\\/ChatGPT-Image-23-mar-2026-10_09_00.png\",\"contentUrl\":\"https:\\\/\\\/radioclanfm.com\\\/clanespectaculos\\\/wp-content\\\/uploads\\\/sites\\\/2\\\/2026\\\/04\\\/ChatGPT-Image-23-mar-2026-10_09_00.png\",\"width\":1024,\"height\":1024,\"caption\":\"CLAN ESPECTACULOS\"},\"image\":{\"@id\":\"https:\\\/\\\/radioclanfm.com\\\/clanespectaculos\\\/#\\\/schema\\\/logo\\\/image\\\/\"},\"sameAs\":[\"https:\\\/\\\/www.facebook.com\\\/clanespectaculos\\\/\",\"https:\\\/\\\/x.com\\\/clanespectok\"]},{\"@type\":\"Person\",\"@id\":\"https:\\\/\\\/radioclanfm.com\\\/clanespectaculos\\\/#\\\/schema\\\/person\\\/9734813083303230f3ad84d99171b20c\",\"name\":\"E-GRUPOCLAN\",\"image\":{\"@type\":\"ImageObject\",\"inLanguage\":\"es-AR\",\"@id\":\"https:\\\/\\\/secure.gravatar.com\\\/avatar\\\/af6e19837c3d6a212034a48c7b3818d2ac1826f6025df0155da5a186ad321d79?s=96&d=mm&r=g\",\"url\":\"https:\\\/\\\/secure.gravatar.com\\\/avatar\\\/af6e19837c3d6a212034a48c7b3818d2ac1826f6025df0155da5a186ad321d79?s=96&d=mm&r=g\",\"contentUrl\":\"https:\\\/\\\/secure.gravatar.com\\\/avatar\\\/af6e19837c3d6a212034a48c7b3818d2ac1826f6025df0155da5a186ad321d79?s=96&d=mm&r=g\",\"caption\":\"E-GRUPOCLAN\"},\"sameAs\":[\"https:\\\/\\\/radioclanfm.com\"],\"url\":\"https:\\\/\\\/radioclanfm.com\\\/clanespectaculos\\\/author\\\/admin\\\/\"}]}<\/script>\n<!-- \/ Yoast SEO plugin. -->","yoast_head_json":{"title":"Nazarena V\u00e9lez habl\u00f3 del mal momento que sufr\u00eda cuando hac\u00eda fotos sin ropa: \u201cMe daba verg\u00fcenza por mis hijos\u201d - CLAN ESPECTACULOS","robots":{"index":"index","follow":"follow","max-snippet":"max-snippet:-1","max-image-preview":"max-image-preview:large","max-video-preview":"max-video-preview:-1"},"canonical":"https:\/\/radioclanfm.com\/clanespectaculos\/nazarena-velez-hablo-del-mal-momento-que-sufria-cuando-hacia-fotos-sin-ropa-me-daba-verguenza-por-mis-hijos\/","og_locale":"es_ES","og_type":"article","og_title":"Nazarena V\u00e9lez habl\u00f3 del mal momento que sufr\u00eda cuando hac\u00eda fotos sin ropa: \u201cMe daba verg\u00fcenza por mis hijos\u201d - CLAN ESPECTACULOS","og_description":"Nazarena V\u00e9lez\u00a0record\u00f3 los inicios de su carrera. En una reciente entrevista, la medi\u00e1tica se sincer\u00f3 al hablar de las\u00a0incomodidades\u00a0que sufr\u00eda cuando hac\u00eda\u00a0fotos er\u00f3ticas\u00a0para las revistas. \u201cIba a mostrar mi cuerpo entero, a hacer Playboy, porque dije:\u00a0\u2018Yo la voy a ganar toda\u2019\u201d, expres\u00f3 la artista en una nota que hizo junto a Guido Kaczka para\u00a0No est\u00e1 [&hellip;]","og_url":"https:\/\/radioclanfm.com\/clanespectaculos\/nazarena-velez-hablo-del-mal-momento-que-sufria-cuando-hacia-fotos-sin-ropa-me-daba-verguenza-por-mis-hijos\/","og_site_name":"CLAN ESPECTACULOS","article_publisher":"https:\/\/www.facebook.com\/clanespectaculos\/","article_published_time":"2025-06-10T12:55:18+00:00","og_image":[{"width":900,"height":504,"url":"https:\/\/radioclanfm.com\/clanespectaculos\/wp-content\/uploads\/sites\/2\/2025\/06\/wqARN8pk.jpg","type":"image\/jpeg"}],"author":"E-GRUPOCLAN","twitter_card":"summary_large_image","twitter_creator":"@clanespectok","twitter_site":"@clanespectok","twitter_misc":{"Escrito por":"E-GRUPOCLAN","Tiempo de lectura":"3 minutos"},"schema":{"@context":"https:\/\/schema.org","@graph":[{"@type":"Article","@id":"https:\/\/radioclanfm.com\/clanespectaculos\/nazarena-velez-hablo-del-mal-momento-que-sufria-cuando-hacia-fotos-sin-ropa-me-daba-verguenza-por-mis-hijos\/#article","isPartOf":{"@id":"https:\/\/radioclanfm.com\/clanespectaculos\/nazarena-velez-hablo-del-mal-momento-que-sufria-cuando-hacia-fotos-sin-ropa-me-daba-verguenza-por-mis-hijos\/"},"author":{"name":"E-GRUPOCLAN","@id":"https:\/\/radioclanfm.com\/clanespectaculos\/#\/schema\/person\/9734813083303230f3ad84d99171b20c"},"headline":"Nazarena V\u00e9lez habl\u00f3 del mal momento que sufr\u00eda cuando hac\u00eda fotos sin ropa: \u201cMe daba verg\u00fcenza por mis hijos\u201d","datePublished":"2025-06-10T12:55:18+00:00","mainEntityOfPage":{"@id":"https:\/\/radioclanfm.com\/clanespectaculos\/nazarena-velez-hablo-del-mal-momento-que-sufria-cuando-hacia-fotos-sin-ropa-me-daba-verguenza-por-mis-hijos\/"},"wordCount":557,"commentCount":0,"publisher":{"@id":"https:\/\/radioclanfm.com\/clanespectaculos\/#organization"},"image":{"@id":"https:\/\/radioclanfm.com\/clanespectaculos\/nazarena-velez-hablo-del-mal-momento-que-sufria-cuando-hacia-fotos-sin-ropa-me-daba-verguenza-por-mis-hijos\/#primaryimage"},"thumbnailUrl":"https:\/\/radioclanfm.com\/clanespectaculos\/wp-content\/uploads\/sites\/2\/2025\/06\/wqARN8pk.jpg","articleSection":["Espectaculos"],"inLanguage":"es-AR","potentialAction":[{"@type":"CommentAction","name":"Comment","target":["https:\/\/radioclanfm.com\/clanespectaculos\/nazarena-velez-hablo-del-mal-momento-que-sufria-cuando-hacia-fotos-sin-ropa-me-daba-verguenza-por-mis-hijos\/#respond"]}]},{"@type":"WebPage","@id":"https:\/\/radioclanfm.com\/clanespectaculos\/nazarena-velez-hablo-del-mal-momento-que-sufria-cuando-hacia-fotos-sin-ropa-me-daba-verguenza-por-mis-hijos\/","url":"https:\/\/radioclanfm.com\/clanespectaculos\/nazarena-velez-hablo-del-mal-momento-que-sufria-cuando-hacia-fotos-sin-ropa-me-daba-verguenza-por-mis-hijos\/","name":"Nazarena V\u00e9lez habl\u00f3 del mal momento que sufr\u00eda cuando hac\u00eda fotos sin ropa: \u201cMe daba verg\u00fcenza por mis hijos\u201d - CLAN ESPECTACULOS","isPartOf":{"@id":"https:\/\/radioclanfm.com\/clanespectaculos\/#website"},"primaryImageOfPage":{"@id":"https:\/\/radioclanfm.com\/clanespectaculos\/nazarena-velez-hablo-del-mal-momento-que-sufria-cuando-hacia-fotos-sin-ropa-me-daba-verguenza-por-mis-hijos\/#primaryimage"},"image":{"@id":"https:\/\/radioclanfm.com\/clanespectaculos\/nazarena-velez-hablo-del-mal-momento-que-sufria-cuando-hacia-fotos-sin-ropa-me-daba-verguenza-por-mis-hijos\/#primaryimage"},"thumbnailUrl":"https:\/\/radioclanfm.com\/clanespectaculos\/wp-content\/uploads\/sites\/2\/2025\/06\/wqARN8pk.jpg","datePublished":"2025-06-10T12:55:18+00:00","breadcrumb":{"@id":"https:\/\/radioclanfm.com\/clanespectaculos\/nazarena-velez-hablo-del-mal-momento-que-sufria-cuando-hacia-fotos-sin-ropa-me-daba-verguenza-por-mis-hijos\/#breadcrumb"},"inLanguage":"es-AR","potentialAction":[{"@type":"ReadAction","target":["https:\/\/radioclanfm.com\/clanespectaculos\/nazarena-velez-hablo-del-mal-momento-que-sufria-cuando-hacia-fotos-sin-ropa-me-daba-verguenza-por-mis-hijos\/"]}]},{"@type":"ImageObject","inLanguage":"es-AR","@id":"https:\/\/radioclanfm.com\/clanespectaculos\/nazarena-velez-hablo-del-mal-momento-que-sufria-cuando-hacia-fotos-sin-ropa-me-daba-verguenza-por-mis-hijos\/#primaryimage","url":"https:\/\/radioclanfm.com\/clanespectaculos\/wp-content\/uploads\/sites\/2\/2025\/06\/wqARN8pk.jpg","contentUrl":"https:\/\/radioclanfm.com\/clanespectaculos\/wp-content\/uploads\/sites\/2\/2025\/06\/wqARN8pk.jpg","width":900,"height":504},{"@type":"BreadcrumbList","@id":"https:\/\/radioclanfm.com\/clanespectaculos\/nazarena-velez-hablo-del-mal-momento-que-sufria-cuando-hacia-fotos-sin-ropa-me-daba-verguenza-por-mis-hijos\/#breadcrumb","itemListElement":[{"@type":"ListItem","position":1,"name":"Inicio","item":"https:\/\/radioclanfm.com\/clanespectaculos\/"},{"@type":"ListItem","position":2,"name":"Nazarena V\u00e9lez habl\u00f3 del mal momento que sufr\u00eda cuando hac\u00eda fotos sin ropa: \u201cMe daba verg\u00fcenza por mis hijos\u201d"}]},{"@type":"WebSite","@id":"https:\/\/radioclanfm.com\/clanespectaculos\/#website","url":"https:\/\/radioclanfm.com\/clanespectaculos\/","name":"CLAN ESPECTACULOS","description":"","publisher":{"@id":"https:\/\/radioclanfm.com\/clanespectaculos\/#organization"},"potentialAction":[{"@type":"SearchAction","target":{"@type":"EntryPoint","urlTemplate":"https:\/\/radioclanfm.com\/clanespectaculos\/?s={search_term_string}"},"query-input":{"@type":"PropertyValueSpecification","valueRequired":true,"valueName":"search_term_string"}}],"inLanguage":"es-AR"},{"@type":"Organization","@id":"https:\/\/radioclanfm.com\/clanespectaculos\/#organization","name":"CLAN ESPECTACULOS","url":"https:\/\/radioclanfm.com\/clanespectaculos\/","logo":{"@type":"ImageObject","inLanguage":"es-AR","@id":"https:\/\/radioclanfm.com\/clanespectaculos\/#\/schema\/logo\/image\/","url":"https:\/\/radioclanfm.com\/clanespectaculos\/wp-content\/uploads\/sites\/2\/2026\/04\/ChatGPT-Image-23-mar-2026-10_09_00.png","contentUrl":"https:\/\/radioclanfm.com\/clanespectaculos\/wp-content\/uploads\/sites\/2\/2026\/04\/ChatGPT-Image-23-mar-2026-10_09_00.png","width":1024,"height":1024,"caption":"CLAN ESPECTACULOS"},"image":{"@id":"https:\/\/radioclanfm.com\/clanespectaculos\/#\/schema\/logo\/image\/"},"sameAs":["https:\/\/www.facebook.com\/clanespectaculos\/","https:\/\/x.com\/clanespectok"]},{"@type":"Person","@id":"https:\/\/radioclanfm.com\/clanespectaculos\/#\/schema\/person\/9734813083303230f3ad84d99171b20c","name":"E-GRUPOCLAN","image":{"@type":"ImageObject","inLanguage":"es-AR","@id":"https:\/\/secure.gravatar.com\/avatar\/af6e19837c3d6a212034a48c7b3818d2ac1826f6025df0155da5a186ad321d79?s=96&d=mm&r=g","url":"https:\/\/secure.gravatar.com\/avatar\/af6e19837c3d6a212034a48c7b3818d2ac1826f6025df0155da5a186ad321d79?s=96&d=mm&r=g","contentUrl":"https:\/\/secure.gravatar.com\/avatar\/af6e19837c3d6a212034a48c7b3818d2ac1826f6025df0155da5a186ad321d79?s=96&d=mm&r=g","caption":"E-GRUPOCLAN"},"sameAs":["https:\/\/radioclanfm.com"],"url":"https:\/\/radioclanfm.com\/clanespectaculos\/author\/admin\/"}]}},"_links":{"self":[{"href":"https:\/\/radioclanfm.com\/clanespectaculos\/wp-json\/wp\/v2\/posts\/1576","targetHints":{"allow":["GET"]}}],"collection":[{"href":"https:\/\/radioclanfm.com\/clanespectaculos\/wp-json\/wp\/v2\/posts"}],"about":[{"href":"https:\/\/radioclanfm.com\/clanespectaculos\/wp-json\/wp\/v2\/types\/post"}],"author":[{"embeddable":true,"href":"https:\/\/radioclanfm.com\/clanespectaculos\/wp-json\/wp\/v2\/users\/1"}],"replies":[{"embeddable":true,"href":"https:\/\/radioclanfm.com\/clanespectaculos\/wp-json\/wp\/v2\/comments?post=1576"}],"version-history":[{"count":1,"href":"https:\/\/radioclanfm.com\/clanespectaculos\/wp-json\/wp\/v2\/posts\/1576\/revisions"}],"predecessor-version":[{"id":1580,"href":"https:\/\/radioclanfm.com\/clanespectaculos\/wp-json\/wp\/v2\/posts\/1576\/revisions\/1580"}],"wp:featuredmedia":[{"embeddable":true,"href":"https:\/\/radioclanfm.com\/clanespectaculos\/wp-json\/wp\/v2\/media\/1579"}],"wp:attachment":[{"href":"https:\/\/radioclanfm.com\/clanespectaculos\/wp-json\/wp\/v2\/media?parent=1576"}],"wp:term":[{"taxonomy":"category","embeddable":true,"href":"https:\/\/radioclanfm.com\/clanespectaculos\/wp-json\/wp\/v2\/categories?post=1576"},{"taxonomy":"post_tag","embeddable":true,"href":"https:\/\/radioclanfm.com\/clanespectaculos\/wp-json\/wp\/v2\/tags?post=1576"}],"curies":[{"name":"wp","href":"https:\/\/api.w.org\/{rel}","templated":true}]}}