{"id":1547,"date":"2025-06-09T02:07:34","date_gmt":"2025-06-09T05:07:34","guid":{"rendered":"https:\/\/radioclanfm.com\/clanespectaculos\/?p=1547"},"modified":"2025-06-09T02:07:34","modified_gmt":"2025-06-09T05:07:34","slug":"si-sucede-sera-maravilloso-la-inesperada-respuesta-de-lali-esposito-cuando-le-preguntaron-si-tendria-un-hijo","status":"publish","type":"post","link":"https:\/\/radioclanfm.com\/clanespectaculos\/si-sucede-sera-maravilloso-la-inesperada-respuesta-de-lali-esposito-cuando-le-preguntaron-si-tendria-un-hijo\/","title":{"rendered":"&#8220;SI SUCEDE SER\u00c1 MARAVILLOSO&#8221; | La inesperada respuesta de Lali Esp\u00f3sito cuando le preguntaron si tendr\u00eda un hijo"},"content":{"rendered":"<div id=\"article-content\" class=\"article__content\">\n<p>Mientras contin\u00faa con\u00a0su gira nacional<strong>,<a href=\"https:\/\/exitoina.perfil.com\/noticias\/escandalo\/lali-esposito-estallo-en-redes-tras-ser-acusada-de-realizarse-retoques-esteticos-piensan-que-necesitamos-operarnos.phtml\" target=\"_blank\" rel=\"noopener\">\u00a0Lali Esp\u00f3sito<\/a><\/strong>\u00a0estuvo en\u00a0<strong>La Once Diez\u00a0<\/strong>donde habl\u00f3 con\u00a0<strong>Catalina Dlugi\u00a0<\/strong>y\u00a0<strong>se sincer\u00f3 sobre la posibilidad de ser madre<\/strong>, sobre su relaci\u00f3n con\u00a0<strong>Pedro Rosemblat<\/strong>\u00a0y habl\u00f3 de su \u00faltimo \u00e1lbum.<\/p>\n<h2>\u00bfQu\u00e9 dijo Lali Esp\u00f3sito sobre su relaci\u00f3n con Pedro Rosemblat?<\/h2>\n<p><strong>\u201cPedro me acompa\u00f1a muy bien, me emociona que sea feliz con lo que le pasa y que me acompa\u00f1e tan bien. Es un hombre sensato\u201d,\u00a0<\/strong>comenz\u00f3 la reconocida artista sobre su relaci\u00f3n\u00a0en di\u00e1logo con el medio.<\/p>\n<div class=\"embed-responsive embed-responsive-16by9 iframeContainer\"><iframe loading=\"lazy\" id=\"vrudo\" class=\"vrudo\" src=\"https:\/\/rudo.video\/vod\/bUyvCr?volume=0\" width=\"690\" height=\"440\" frameborder=\"0\" scrolling=\"no\" allowfullscreen=\"allowfullscreen\" data-mce-fragment=\"1\"><span data-mce-type=\"bookmark\" style=\"display: inline-block; width: 0px; overflow: hidden; line-height: 0;\" class=\"mce_SELRES_start\">\ufeff<\/span><\/iframe><\/div>\n<h4>Video de &#8220;laliinfooficial&#8221; en X<\/h4>\n<p>Pero eso no fue todo, ya que cuando le consultaron por la posible maternidad con<strong>\u00a0Pedro Rosemblat, Lali Esp\u00f3sito<\/strong>\u00a0respondi\u00f3:\u00a0<strong>\u201cNo tengo la maternidad como un mandato. Si sucede ser\u00e1 maravilloso, y si no, tambi\u00e9n lo abrazo<\/strong>\u201d, y sum\u00f3 sobre el periodista:\u00a0<strong>\u201cCon un compa\u00f1ero de esta magnitud, seguramente todo lo que nos pase juntos ser\u00e1 maravilloso<\/strong>\u201d.<\/p>\n<h2>\u00bfQu\u00e9 dijo Lali Esp\u00f3sito sobre su \u00faltimo \u00e1lbum?<\/h2>\n<p>En di\u00e1logo con el mismo medio, la cantante reflexion\u00f3 sobre el t\u00edtulo de su \u00e1lbum:\u00a0<strong>\u201cEl llamado del demonio para m\u00ed tiene que ver con el cinismo, con no traicionarse. Es una b\u00fasqueda de honestidad con lo que uno quiere\u201d.<\/strong><\/p>\n<p>Por \u00faltimo,<strong>\u00a0Lali Esp\u00f3sito<\/strong>\u00a0revel\u00f3 que para ella\u00a0el arte es una forma de resistencia\u00a0y comparti\u00f3 al aire:\u00a0<strong>\u201cResistir es seguir apostando al arte desde un lugar sincero, sin ceder ante lo que los dem\u00e1s esperan\u201d.<\/strong><\/p>\n<\/div>\n<div class=\"related-news mb-2\"><\/div>\n","protected":false},"excerpt":{"rendered":"<p>Mientras contin\u00faa con\u00a0su gira nacional,\u00a0Lali Esp\u00f3sito\u00a0estuvo en\u00a0La Once Diez\u00a0donde habl\u00f3 con\u00a0Catalina Dlugi\u00a0y\u00a0se sincer\u00f3 sobre la posibilidad de ser madre, sobre su relaci\u00f3n con\u00a0Pedro Rosemblat\u00a0y habl\u00f3 de su \u00faltimo \u00e1lbum. \u00bfQu\u00e9 dijo Lali Esp\u00f3sito sobre su relaci\u00f3n con Pedro Rosemblat? \u201cPedro me acompa\u00f1a muy bien, me emociona que sea feliz con lo que le pasa y [&hellip;]<\/p>\n","protected":false},"author":1,"featured_media":1550,"comment_status":"open","ping_status":"open","sticky":false,"template":"","format":"standard","meta":{"rop_custom_images_group":[],"rop_custom_messages_group":[],"rop_publish_now":"initial","rop_publish_now_accounts":[],"rop_publish_now_history":[],"rop_publish_now_status":"pending","footnotes":"","jetpack_publicize_message":"","jetpack_publicize_feature_enabled":true,"jetpack_social_post_already_shared":true,"jetpack_social_options":{"image_generator_settings":{"template":"highway","enabled":false},"version":2}},"categories":[12],"tags":[],"class_list":{"0":"post-1547","1":"post","2":"type-post","3":"status-publish","4":"format-standard","5":"has-post-thumbnail","7":"category-espectaculos"},"jetpack_publicize_connections":[],"yoast_head":"<!-- This site is optimized with the Yoast SEO plugin v27.3 - https:\/\/yoast.com\/product\/yoast-seo-wordpress\/ -->\n<title>&quot;SI SUCEDE SER\u00c1 MARAVILLOSO&quot; | La inesperada respuesta de Lali Esp\u00f3sito cuando le preguntaron si tendr\u00eda un hijo - CLAN ESPECTACULOS<\/title>\n<meta name=\"robots\" content=\"index, follow, max-snippet:-1, max-image-preview:large, max-video-preview:-1\" \/>\n<link rel=\"canonical\" href=\"https:\/\/radioclanfm.com\/clanespectaculos\/si-sucede-sera-maravilloso-la-inesperada-respuesta-de-lali-esposito-cuando-le-preguntaron-si-tendria-un-hijo\/\" \/>\n<meta property=\"og:locale\" content=\"es_ES\" \/>\n<meta property=\"og:type\" content=\"article\" \/>\n<meta property=\"og:title\" content=\"&quot;SI SUCEDE SER\u00c1 MARAVILLOSO&quot; | La inesperada respuesta de Lali Esp\u00f3sito cuando le preguntaron si tendr\u00eda un hijo - CLAN ESPECTACULOS\" \/>\n<meta property=\"og:description\" content=\"Mientras contin\u00faa con\u00a0su gira nacional,\u00a0Lali Esp\u00f3sito\u00a0estuvo en\u00a0La Once Diez\u00a0donde habl\u00f3 con\u00a0Catalina Dlugi\u00a0y\u00a0se sincer\u00f3 sobre la posibilidad de ser madre, sobre su relaci\u00f3n con\u00a0Pedro Rosemblat\u00a0y habl\u00f3 de su \u00faltimo \u00e1lbum. \u00bfQu\u00e9 dijo Lali Esp\u00f3sito sobre su relaci\u00f3n con Pedro Rosemblat? \u201cPedro me acompa\u00f1a muy bien, me emociona que sea feliz con lo que le pasa y [&hellip;]\" \/>\n<meta property=\"og:url\" content=\"https:\/\/radioclanfm.com\/clanespectaculos\/si-sucede-sera-maravilloso-la-inesperada-respuesta-de-lali-esposito-cuando-le-preguntaron-si-tendria-un-hijo\/\" \/>\n<meta property=\"og:site_name\" content=\"CLAN ESPECTACULOS\" \/>\n<meta property=\"article:publisher\" content=\"https:\/\/www.facebook.com\/clanespectaculos\/\" \/>\n<meta property=\"article:published_time\" content=\"2025-06-09T05:07:34+00:00\" \/>\n<meta property=\"og:image\" content=\"https:\/\/radioclanfm.com\/clanespectaculos\/wp-content\/uploads\/sites\/2\/2025\/06\/UUr18f90.jpg\" \/>\n\t<meta property=\"og:image:width\" content=\"900\" \/>\n\t<meta property=\"og:image:height\" content=\"506\" \/>\n\t<meta property=\"og:image:type\" content=\"image\/jpeg\" \/>\n<meta name=\"author\" content=\"E-GRUPOCLAN\" \/>\n<meta name=\"twitter:card\" content=\"summary_large_image\" \/>\n<meta name=\"twitter:creator\" content=\"@clanespectok\" \/>\n<meta name=\"twitter:site\" content=\"@clanespectok\" \/>\n<meta name=\"twitter:label1\" content=\"Escrito por\" \/>\n\t<meta name=\"twitter:data1\" content=\"E-GRUPOCLAN\" \/>\n\t<meta name=\"twitter:label2\" content=\"Tiempo de lectura\" \/>\n\t<meta name=\"twitter:data2\" content=\"1 minuto\" \/>\n<script type=\"application\/ld+json\" class=\"yoast-schema-graph\">{\"@context\":\"https:\\\/\\\/schema.org\",\"@graph\":[{\"@type\":\"Article\",\"@id\":\"https:\\\/\\\/radioclanfm.com\\\/clanespectaculos\\\/si-sucede-sera-maravilloso-la-inesperada-respuesta-de-lali-esposito-cuando-le-preguntaron-si-tendria-un-hijo\\\/#article\",\"isPartOf\":{\"@id\":\"https:\\\/\\\/radioclanfm.com\\\/clanespectaculos\\\/si-sucede-sera-maravilloso-la-inesperada-respuesta-de-lali-esposito-cuando-le-preguntaron-si-tendria-un-hijo\\\/\"},\"author\":{\"name\":\"E-GRUPOCLAN\",\"@id\":\"https:\\\/\\\/radioclanfm.com\\\/clanespectaculos\\\/#\\\/schema\\\/person\\\/9734813083303230f3ad84d99171b20c\"},\"headline\":\"&#8220;SI SUCEDE SER\u00c1 MARAVILLOSO&#8221; | La inesperada respuesta de Lali Esp\u00f3sito cuando le preguntaron si tendr\u00eda un hijo\",\"datePublished\":\"2025-06-09T05:07:34+00:00\",\"mainEntityOfPage\":{\"@id\":\"https:\\\/\\\/radioclanfm.com\\\/clanespectaculos\\\/si-sucede-sera-maravilloso-la-inesperada-respuesta-de-lali-esposito-cuando-le-preguntaron-si-tendria-un-hijo\\\/\"},\"wordCount\":270,\"commentCount\":0,\"publisher\":{\"@id\":\"https:\\\/\\\/radioclanfm.com\\\/clanespectaculos\\\/#organization\"},\"image\":{\"@id\":\"https:\\\/\\\/radioclanfm.com\\\/clanespectaculos\\\/si-sucede-sera-maravilloso-la-inesperada-respuesta-de-lali-esposito-cuando-le-preguntaron-si-tendria-un-hijo\\\/#primaryimage\"},\"thumbnailUrl\":\"https:\\\/\\\/radioclanfm.com\\\/clanespectaculos\\\/wp-content\\\/uploads\\\/sites\\\/2\\\/2025\\\/06\\\/UUr18f90.jpg\",\"articleSection\":[\"Espectaculos\"],\"inLanguage\":\"es-AR\",\"potentialAction\":[{\"@type\":\"CommentAction\",\"name\":\"Comment\",\"target\":[\"https:\\\/\\\/radioclanfm.com\\\/clanespectaculos\\\/si-sucede-sera-maravilloso-la-inesperada-respuesta-de-lali-esposito-cuando-le-preguntaron-si-tendria-un-hijo\\\/#respond\"]}]},{\"@type\":\"WebPage\",\"@id\":\"https:\\\/\\\/radioclanfm.com\\\/clanespectaculos\\\/si-sucede-sera-maravilloso-la-inesperada-respuesta-de-lali-esposito-cuando-le-preguntaron-si-tendria-un-hijo\\\/\",\"url\":\"https:\\\/\\\/radioclanfm.com\\\/clanespectaculos\\\/si-sucede-sera-maravilloso-la-inesperada-respuesta-de-lali-esposito-cuando-le-preguntaron-si-tendria-un-hijo\\\/\",\"name\":\"\\\"SI SUCEDE SER\u00c1 MARAVILLOSO\\\" | La inesperada respuesta de Lali Esp\u00f3sito cuando le preguntaron si tendr\u00eda un hijo - CLAN ESPECTACULOS\",\"isPartOf\":{\"@id\":\"https:\\\/\\\/radioclanfm.com\\\/clanespectaculos\\\/#website\"},\"primaryImageOfPage\":{\"@id\":\"https:\\\/\\\/radioclanfm.com\\\/clanespectaculos\\\/si-sucede-sera-maravilloso-la-inesperada-respuesta-de-lali-esposito-cuando-le-preguntaron-si-tendria-un-hijo\\\/#primaryimage\"},\"image\":{\"@id\":\"https:\\\/\\\/radioclanfm.com\\\/clanespectaculos\\\/si-sucede-sera-maravilloso-la-inesperada-respuesta-de-lali-esposito-cuando-le-preguntaron-si-tendria-un-hijo\\\/#primaryimage\"},\"thumbnailUrl\":\"https:\\\/\\\/radioclanfm.com\\\/clanespectaculos\\\/wp-content\\\/uploads\\\/sites\\\/2\\\/2025\\\/06\\\/UUr18f90.jpg\",\"datePublished\":\"2025-06-09T05:07:34+00:00\",\"breadcrumb\":{\"@id\":\"https:\\\/\\\/radioclanfm.com\\\/clanespectaculos\\\/si-sucede-sera-maravilloso-la-inesperada-respuesta-de-lali-esposito-cuando-le-preguntaron-si-tendria-un-hijo\\\/#breadcrumb\"},\"inLanguage\":\"es-AR\",\"potentialAction\":[{\"@type\":\"ReadAction\",\"target\":[\"https:\\\/\\\/radioclanfm.com\\\/clanespectaculos\\\/si-sucede-sera-maravilloso-la-inesperada-respuesta-de-lali-esposito-cuando-le-preguntaron-si-tendria-un-hijo\\\/\"]}]},{\"@type\":\"ImageObject\",\"inLanguage\":\"es-AR\",\"@id\":\"https:\\\/\\\/radioclanfm.com\\\/clanespectaculos\\\/si-sucede-sera-maravilloso-la-inesperada-respuesta-de-lali-esposito-cuando-le-preguntaron-si-tendria-un-hijo\\\/#primaryimage\",\"url\":\"https:\\\/\\\/radioclanfm.com\\\/clanespectaculos\\\/wp-content\\\/uploads\\\/sites\\\/2\\\/2025\\\/06\\\/UUr18f90.jpg\",\"contentUrl\":\"https:\\\/\\\/radioclanfm.com\\\/clanespectaculos\\\/wp-content\\\/uploads\\\/sites\\\/2\\\/2025\\\/06\\\/UUr18f90.jpg\",\"width\":900,\"height\":506},{\"@type\":\"BreadcrumbList\",\"@id\":\"https:\\\/\\\/radioclanfm.com\\\/clanespectaculos\\\/si-sucede-sera-maravilloso-la-inesperada-respuesta-de-lali-esposito-cuando-le-preguntaron-si-tendria-un-hijo\\\/#breadcrumb\",\"itemListElement\":[{\"@type\":\"ListItem\",\"position\":1,\"name\":\"Inicio\",\"item\":\"https:\\\/\\\/radioclanfm.com\\\/clanespectaculos\\\/\"},{\"@type\":\"ListItem\",\"position\":2,\"name\":\"&#8220;SI SUCEDE SER\u00c1 MARAVILLOSO&#8221; | La inesperada respuesta de Lali Esp\u00f3sito cuando le preguntaron si tendr\u00eda un hijo\"}]},{\"@type\":\"WebSite\",\"@id\":\"https:\\\/\\\/radioclanfm.com\\\/clanespectaculos\\\/#website\",\"url\":\"https:\\\/\\\/radioclanfm.com\\\/clanespectaculos\\\/\",\"name\":\"CLAN ESPECTACULOS\",\"description\":\"\",\"publisher\":{\"@id\":\"https:\\\/\\\/radioclanfm.com\\\/clanespectaculos\\\/#organization\"},\"potentialAction\":[{\"@type\":\"SearchAction\",\"target\":{\"@type\":\"EntryPoint\",\"urlTemplate\":\"https:\\\/\\\/radioclanfm.com\\\/clanespectaculos\\\/?s={search_term_string}\"},\"query-input\":{\"@type\":\"PropertyValueSpecification\",\"valueRequired\":true,\"valueName\":\"search_term_string\"}}],\"inLanguage\":\"es-AR\"},{\"@type\":\"Organization\",\"@id\":\"https:\\\/\\\/radioclanfm.com\\\/clanespectaculos\\\/#organization\",\"name\":\"CLAN ESPECTACULOS\",\"url\":\"https:\\\/\\\/radioclanfm.com\\\/clanespectaculos\\\/\",\"logo\":{\"@type\":\"ImageObject\",\"inLanguage\":\"es-AR\",\"@id\":\"https:\\\/\\\/radioclanfm.com\\\/clanespectaculos\\\/#\\\/schema\\\/logo\\\/image\\\/\",\"url\":\"https:\\\/\\\/radioclanfm.com\\\/clanespectaculos\\\/wp-content\\\/uploads\\\/sites\\\/2\\\/2026\\\/04\\\/ChatGPT-Image-23-mar-2026-10_09_00.png\",\"contentUrl\":\"https:\\\/\\\/radioclanfm.com\\\/clanespectaculos\\\/wp-content\\\/uploads\\\/sites\\\/2\\\/2026\\\/04\\\/ChatGPT-Image-23-mar-2026-10_09_00.png\",\"width\":1024,\"height\":1024,\"caption\":\"CLAN ESPECTACULOS\"},\"image\":{\"@id\":\"https:\\\/\\\/radioclanfm.com\\\/clanespectaculos\\\/#\\\/schema\\\/logo\\\/image\\\/\"},\"sameAs\":[\"https:\\\/\\\/www.facebook.com\\\/clanespectaculos\\\/\",\"https:\\\/\\\/x.com\\\/clanespectok\"]},{\"@type\":\"Person\",\"@id\":\"https:\\\/\\\/radioclanfm.com\\\/clanespectaculos\\\/#\\\/schema\\\/person\\\/9734813083303230f3ad84d99171b20c\",\"name\":\"E-GRUPOCLAN\",\"image\":{\"@type\":\"ImageObject\",\"inLanguage\":\"es-AR\",\"@id\":\"https:\\\/\\\/secure.gravatar.com\\\/avatar\\\/af6e19837c3d6a212034a48c7b3818d2ac1826f6025df0155da5a186ad321d79?s=96&d=mm&r=g\",\"url\":\"https:\\\/\\\/secure.gravatar.com\\\/avatar\\\/af6e19837c3d6a212034a48c7b3818d2ac1826f6025df0155da5a186ad321d79?s=96&d=mm&r=g\",\"contentUrl\":\"https:\\\/\\\/secure.gravatar.com\\\/avatar\\\/af6e19837c3d6a212034a48c7b3818d2ac1826f6025df0155da5a186ad321d79?s=96&d=mm&r=g\",\"caption\":\"E-GRUPOCLAN\"},\"sameAs\":[\"https:\\\/\\\/radioclanfm.com\"],\"url\":\"https:\\\/\\\/radioclanfm.com\\\/clanespectaculos\\\/author\\\/admin\\\/\"}]}<\/script>\n<!-- \/ Yoast SEO plugin. -->","yoast_head_json":{"title":"\"SI SUCEDE SER\u00c1 MARAVILLOSO\" | La inesperada respuesta de Lali Esp\u00f3sito cuando le preguntaron si tendr\u00eda un hijo - CLAN ESPECTACULOS","robots":{"index":"index","follow":"follow","max-snippet":"max-snippet:-1","max-image-preview":"max-image-preview:large","max-video-preview":"max-video-preview:-1"},"canonical":"https:\/\/radioclanfm.com\/clanespectaculos\/si-sucede-sera-maravilloso-la-inesperada-respuesta-de-lali-esposito-cuando-le-preguntaron-si-tendria-un-hijo\/","og_locale":"es_ES","og_type":"article","og_title":"\"SI SUCEDE SER\u00c1 MARAVILLOSO\" | La inesperada respuesta de Lali Esp\u00f3sito cuando le preguntaron si tendr\u00eda un hijo - CLAN ESPECTACULOS","og_description":"Mientras contin\u00faa con\u00a0su gira nacional,\u00a0Lali Esp\u00f3sito\u00a0estuvo en\u00a0La Once Diez\u00a0donde habl\u00f3 con\u00a0Catalina Dlugi\u00a0y\u00a0se sincer\u00f3 sobre la posibilidad de ser madre, sobre su relaci\u00f3n con\u00a0Pedro Rosemblat\u00a0y habl\u00f3 de su \u00faltimo \u00e1lbum. \u00bfQu\u00e9 dijo Lali Esp\u00f3sito sobre su relaci\u00f3n con Pedro Rosemblat? \u201cPedro me acompa\u00f1a muy bien, me emociona que sea feliz con lo que le pasa y [&hellip;]","og_url":"https:\/\/radioclanfm.com\/clanespectaculos\/si-sucede-sera-maravilloso-la-inesperada-respuesta-de-lali-esposito-cuando-le-preguntaron-si-tendria-un-hijo\/","og_site_name":"CLAN ESPECTACULOS","article_publisher":"https:\/\/www.facebook.com\/clanespectaculos\/","article_published_time":"2025-06-09T05:07:34+00:00","og_image":[{"width":900,"height":506,"url":"https:\/\/radioclanfm.com\/clanespectaculos\/wp-content\/uploads\/sites\/2\/2025\/06\/UUr18f90.jpg","type":"image\/jpeg"}],"author":"E-GRUPOCLAN","twitter_card":"summary_large_image","twitter_creator":"@clanespectok","twitter_site":"@clanespectok","twitter_misc":{"Escrito por":"E-GRUPOCLAN","Tiempo de lectura":"1 minuto"},"schema":{"@context":"https:\/\/schema.org","@graph":[{"@type":"Article","@id":"https:\/\/radioclanfm.com\/clanespectaculos\/si-sucede-sera-maravilloso-la-inesperada-respuesta-de-lali-esposito-cuando-le-preguntaron-si-tendria-un-hijo\/#article","isPartOf":{"@id":"https:\/\/radioclanfm.com\/clanespectaculos\/si-sucede-sera-maravilloso-la-inesperada-respuesta-de-lali-esposito-cuando-le-preguntaron-si-tendria-un-hijo\/"},"author":{"name":"E-GRUPOCLAN","@id":"https:\/\/radioclanfm.com\/clanespectaculos\/#\/schema\/person\/9734813083303230f3ad84d99171b20c"},"headline":"&#8220;SI SUCEDE SER\u00c1 MARAVILLOSO&#8221; | La inesperada respuesta de Lali Esp\u00f3sito cuando le preguntaron si tendr\u00eda un hijo","datePublished":"2025-06-09T05:07:34+00:00","mainEntityOfPage":{"@id":"https:\/\/radioclanfm.com\/clanespectaculos\/si-sucede-sera-maravilloso-la-inesperada-respuesta-de-lali-esposito-cuando-le-preguntaron-si-tendria-un-hijo\/"},"wordCount":270,"commentCount":0,"publisher":{"@id":"https:\/\/radioclanfm.com\/clanespectaculos\/#organization"},"image":{"@id":"https:\/\/radioclanfm.com\/clanespectaculos\/si-sucede-sera-maravilloso-la-inesperada-respuesta-de-lali-esposito-cuando-le-preguntaron-si-tendria-un-hijo\/#primaryimage"},"thumbnailUrl":"https:\/\/radioclanfm.com\/clanespectaculos\/wp-content\/uploads\/sites\/2\/2025\/06\/UUr18f90.jpg","articleSection":["Espectaculos"],"inLanguage":"es-AR","potentialAction":[{"@type":"CommentAction","name":"Comment","target":["https:\/\/radioclanfm.com\/clanespectaculos\/si-sucede-sera-maravilloso-la-inesperada-respuesta-de-lali-esposito-cuando-le-preguntaron-si-tendria-un-hijo\/#respond"]}]},{"@type":"WebPage","@id":"https:\/\/radioclanfm.com\/clanespectaculos\/si-sucede-sera-maravilloso-la-inesperada-respuesta-de-lali-esposito-cuando-le-preguntaron-si-tendria-un-hijo\/","url":"https:\/\/radioclanfm.com\/clanespectaculos\/si-sucede-sera-maravilloso-la-inesperada-respuesta-de-lali-esposito-cuando-le-preguntaron-si-tendria-un-hijo\/","name":"\"SI SUCEDE SER\u00c1 MARAVILLOSO\" | La inesperada respuesta de Lali Esp\u00f3sito cuando le preguntaron si tendr\u00eda un hijo - CLAN ESPECTACULOS","isPartOf":{"@id":"https:\/\/radioclanfm.com\/clanespectaculos\/#website"},"primaryImageOfPage":{"@id":"https:\/\/radioclanfm.com\/clanespectaculos\/si-sucede-sera-maravilloso-la-inesperada-respuesta-de-lali-esposito-cuando-le-preguntaron-si-tendria-un-hijo\/#primaryimage"},"image":{"@id":"https:\/\/radioclanfm.com\/clanespectaculos\/si-sucede-sera-maravilloso-la-inesperada-respuesta-de-lali-esposito-cuando-le-preguntaron-si-tendria-un-hijo\/#primaryimage"},"thumbnailUrl":"https:\/\/radioclanfm.com\/clanespectaculos\/wp-content\/uploads\/sites\/2\/2025\/06\/UUr18f90.jpg","datePublished":"2025-06-09T05:07:34+00:00","breadcrumb":{"@id":"https:\/\/radioclanfm.com\/clanespectaculos\/si-sucede-sera-maravilloso-la-inesperada-respuesta-de-lali-esposito-cuando-le-preguntaron-si-tendria-un-hijo\/#breadcrumb"},"inLanguage":"es-AR","potentialAction":[{"@type":"ReadAction","target":["https:\/\/radioclanfm.com\/clanespectaculos\/si-sucede-sera-maravilloso-la-inesperada-respuesta-de-lali-esposito-cuando-le-preguntaron-si-tendria-un-hijo\/"]}]},{"@type":"ImageObject","inLanguage":"es-AR","@id":"https:\/\/radioclanfm.com\/clanespectaculos\/si-sucede-sera-maravilloso-la-inesperada-respuesta-de-lali-esposito-cuando-le-preguntaron-si-tendria-un-hijo\/#primaryimage","url":"https:\/\/radioclanfm.com\/clanespectaculos\/wp-content\/uploads\/sites\/2\/2025\/06\/UUr18f90.jpg","contentUrl":"https:\/\/radioclanfm.com\/clanespectaculos\/wp-content\/uploads\/sites\/2\/2025\/06\/UUr18f90.jpg","width":900,"height":506},{"@type":"BreadcrumbList","@id":"https:\/\/radioclanfm.com\/clanespectaculos\/si-sucede-sera-maravilloso-la-inesperada-respuesta-de-lali-esposito-cuando-le-preguntaron-si-tendria-un-hijo\/#breadcrumb","itemListElement":[{"@type":"ListItem","position":1,"name":"Inicio","item":"https:\/\/radioclanfm.com\/clanespectaculos\/"},{"@type":"ListItem","position":2,"name":"&#8220;SI SUCEDE SER\u00c1 MARAVILLOSO&#8221; | La inesperada respuesta de Lali Esp\u00f3sito cuando le preguntaron si tendr\u00eda un hijo"}]},{"@type":"WebSite","@id":"https:\/\/radioclanfm.com\/clanespectaculos\/#website","url":"https:\/\/radioclanfm.com\/clanespectaculos\/","name":"CLAN ESPECTACULOS","description":"","publisher":{"@id":"https:\/\/radioclanfm.com\/clanespectaculos\/#organization"},"potentialAction":[{"@type":"SearchAction","target":{"@type":"EntryPoint","urlTemplate":"https:\/\/radioclanfm.com\/clanespectaculos\/?s={search_term_string}"},"query-input":{"@type":"PropertyValueSpecification","valueRequired":true,"valueName":"search_term_string"}}],"inLanguage":"es-AR"},{"@type":"Organization","@id":"https:\/\/radioclanfm.com\/clanespectaculos\/#organization","name":"CLAN ESPECTACULOS","url":"https:\/\/radioclanfm.com\/clanespectaculos\/","logo":{"@type":"ImageObject","inLanguage":"es-AR","@id":"https:\/\/radioclanfm.com\/clanespectaculos\/#\/schema\/logo\/image\/","url":"https:\/\/radioclanfm.com\/clanespectaculos\/wp-content\/uploads\/sites\/2\/2026\/04\/ChatGPT-Image-23-mar-2026-10_09_00.png","contentUrl":"https:\/\/radioclanfm.com\/clanespectaculos\/wp-content\/uploads\/sites\/2\/2026\/04\/ChatGPT-Image-23-mar-2026-10_09_00.png","width":1024,"height":1024,"caption":"CLAN ESPECTACULOS"},"image":{"@id":"https:\/\/radioclanfm.com\/clanespectaculos\/#\/schema\/logo\/image\/"},"sameAs":["https:\/\/www.facebook.com\/clanespectaculos\/","https:\/\/x.com\/clanespectok"]},{"@type":"Person","@id":"https:\/\/radioclanfm.com\/clanespectaculos\/#\/schema\/person\/9734813083303230f3ad84d99171b20c","name":"E-GRUPOCLAN","image":{"@type":"ImageObject","inLanguage":"es-AR","@id":"https:\/\/secure.gravatar.com\/avatar\/af6e19837c3d6a212034a48c7b3818d2ac1826f6025df0155da5a186ad321d79?s=96&d=mm&r=g","url":"https:\/\/secure.gravatar.com\/avatar\/af6e19837c3d6a212034a48c7b3818d2ac1826f6025df0155da5a186ad321d79?s=96&d=mm&r=g","contentUrl":"https:\/\/secure.gravatar.com\/avatar\/af6e19837c3d6a212034a48c7b3818d2ac1826f6025df0155da5a186ad321d79?s=96&d=mm&r=g","caption":"E-GRUPOCLAN"},"sameAs":["https:\/\/radioclanfm.com"],"url":"https:\/\/radioclanfm.com\/clanespectaculos\/author\/admin\/"}]}},"_links":{"self":[{"href":"https:\/\/radioclanfm.com\/clanespectaculos\/wp-json\/wp\/v2\/posts\/1547","targetHints":{"allow":["GET"]}}],"collection":[{"href":"https:\/\/radioclanfm.com\/clanespectaculos\/wp-json\/wp\/v2\/posts"}],"about":[{"href":"https:\/\/radioclanfm.com\/clanespectaculos\/wp-json\/wp\/v2\/types\/post"}],"author":[{"embeddable":true,"href":"https:\/\/radioclanfm.com\/clanespectaculos\/wp-json\/wp\/v2\/users\/1"}],"replies":[{"embeddable":true,"href":"https:\/\/radioclanfm.com\/clanespectaculos\/wp-json\/wp\/v2\/comments?post=1547"}],"version-history":[{"count":1,"href":"https:\/\/radioclanfm.com\/clanespectaculos\/wp-json\/wp\/v2\/posts\/1547\/revisions"}],"predecessor-version":[{"id":1551,"href":"https:\/\/radioclanfm.com\/clanespectaculos\/wp-json\/wp\/v2\/posts\/1547\/revisions\/1551"}],"wp:featuredmedia":[{"embeddable":true,"href":"https:\/\/radioclanfm.com\/clanespectaculos\/wp-json\/wp\/v2\/media\/1550"}],"wp:attachment":[{"href":"https:\/\/radioclanfm.com\/clanespectaculos\/wp-json\/wp\/v2\/media?parent=1547"}],"wp:term":[{"taxonomy":"category","embeddable":true,"href":"https:\/\/radioclanfm.com\/clanespectaculos\/wp-json\/wp\/v2\/categories?post=1547"},{"taxonomy":"post_tag","embeddable":true,"href":"https:\/\/radioclanfm.com\/clanespectaculos\/wp-json\/wp\/v2\/tags?post=1547"}],"curies":[{"name":"wp","href":"https:\/\/api.w.org\/{rel}","templated":true}]}}