{"id":1496,"date":"2025-06-09T01:49:45","date_gmt":"2025-06-09T04:49:45","guid":{"rendered":"https:\/\/radioclanfm.com\/clanespectaculos\/?p=1496"},"modified":"2025-06-09T01:49:45","modified_gmt":"2025-06-09T04:49:45","slug":"se-supo-la-maldad-que-mariana-nannis-le-hizo-a-melody-luz-y-a-su-nieta-venezia-caniggia","status":"publish","type":"post","link":"https:\/\/radioclanfm.com\/clanespectaculos\/se-supo-la-maldad-que-mariana-nannis-le-hizo-a-melody-luz-y-a-su-nieta-venezia-caniggia\/","title":{"rendered":"Se supo la maldad que Mariana Nannis le hizo a Melody Luz y a su nieta Venezia Caniggia"},"content":{"rendered":"<p>La bailarina cont\u00f3 las dif\u00edciles situaciones que vivi\u00f3 mientras estaba en pareja con Alex.<\/p>\n<div class=\"col-content\"><main class=\"col-content\"><\/p>\n<div class=\"default-article-color article__body article__article\">\n<p class=\"paragraph font__body-regular\"><b>Melody Luz<\/b>\u00a0se hart\u00f3 de<b>\u00a0Alex Caniggia<\/b>\u00a0y empez\u00f3 a contar las situaciones dif\u00edciles que vivi\u00f3 con \u00e9l mientras estaban en pareja. Incluso, en las \u00faltimas horas asegur\u00f3 que<b>\u00a0sufri\u00f3 \u201cdiscriminaci\u00f3n\u201d<\/b>\u00a0por parte de<b>\u00a0<\/b><b>Mariana Nannis<\/b>.<\/p>\n<div class=\"AV67f93cf033780503b00636a7\">\n<div id=\"aniBox\">\n<div id=\"aniplayer_AV67f93cf033780503b00636a7-1749444538160\">\n<div id=\"aniplayer_AV67f93cf033780503b00636a7-1749444538160gui\">\n<div id=\"av-caption\">\n<div id=\"av-close-btn-overlay\" class=\"av-pos-top-left\"><\/div>\n<\/div>\n<\/div>\n<\/div>\n<\/div>\n<\/div>\n<div id=\"ad-slot-infeed\" class=\"infeed-container ad-slot-infeed ad-slot\" data-adtype=\"infeed\" data-google-query-id=\"CIe7jOPE440DFV1s3QIdqEoBQg\">\n<div id=\"google_ads_iframe_\/113951150\/tn-arc\/nota\/infeed_0__container__\"><\/div>\n<\/div>\n<p class=\"paragraph font__body-regular\">La bailarina dio una entrevista en la que cont\u00f3 c\u00f3mo era su v\u00ednculo con la familia del medi\u00e1tico. En sus palabras, indic\u00f3 que el \u00fanico con el que tuvo una relaci\u00f3n m\u00e1s cercana fue con su exsuegro,\u00a0<b>Claudio Paul Caniggia<\/b>.<\/p>\n<p class=\"paragraph font__body-regular\">\u201c\u00bfVos viviste<b>\u00a0clasismo y discriminaci\u00f3n\u00a0<\/b>de Mariana Nannis?\u201d, le pregunt\u00f3 Santiago Riva Roy recientemente al aire de\u00a0<i>El ejercito de la ma\u00f1ana (Bondi Live)<\/i>. \u201cS\u00ed\u201d, admiti\u00f3 Melody.<\/p>\n<div class=\"genoa_video raw relative\">\n<div class=\"video_placeholder\">\n<div class=\"aspect_ratio__container\"><picture class=\"responsive-image\"><source srcset=\"https:\/\/tn.com.ar\/resizer\/v2\/https%3A%2F%2Fthumbs.vodgc.net%2F1-14-yIGXEf1749388869466-1749389051.jpg?auth=165fe947f2c21f9df53eb07a2ea4b59eb5456a4b796308f1f5f468ed59b27fec&amp;width=767\" type=\"image\/jpg\" media=\"(max-width: 728px)\" \/><source srcset=\"https:\/\/tn.com.ar\/resizer\/v2\/https%3A%2F%2Fthumbs.vodgc.net%2F1-14-yIGXEf1749388869466-1749389051.jpg?auth=165fe947f2c21f9df53eb07a2ea4b59eb5456a4b796308f1f5f468ed59b27fec&amp;width=1023\" type=\"image\/jpg\" media=\"(max-width: 1023px)\" \/><source srcset=\"https:\/\/tn.com.ar\/resizer\/v2\/https%3A%2F%2Fthumbs.vodgc.net%2F1-14-yIGXEf1749388869466-1749389051.jpg?auth=165fe947f2c21f9df53eb07a2ea4b59eb5456a4b796308f1f5f468ed59b27fec&amp;width=1440\" type=\"image\/jpg\" \/><img decoding=\"async\" class=\"image image_placeholder\" draggable=\"true\" src=\"https:\/\/tn.com.ar\/resizer\/v2\/https%3A%2F%2Fthumbs.vodgc.net%2F1-14-yIGXEf1749388869466-1749389051.jpg?auth=165fe947f2c21f9df53eb07a2ea4b59eb5456a4b796308f1f5f468ed59b27fec&amp;width=767\" alt=\"Video Placeholder\" \/><\/picture><\/div>\n<p><button type=\"button\" data-testid=\"video-placeholder-button\"><\/button><\/div>\n<\/div>\n<div class=\"genoa_description font__body-regular\">Melody Luz asegur\u00f3 que sufri\u00f3 discriminaci\u00f3n por parte de Mariana Nannis. (Foto: Instagram\/alexcaniggia &#8211; mariananannis_)<\/div>\n<p class=\"paragraph font__body-regular\">Luego de eso, el panelista agreg\u00f3: \u201c<b>No quiere tener v\u00ednculo con tu hija<\/b>\u00a0por una cuesti\u00f3n racista. Es irreproducible\u201d. Ante esa informaci\u00f3n, la bailarina manifest\u00f3 que era real el destrato que sufri\u00f3 Venezia y coment\u00f3: \u201cEs incre\u00edble\u201d.<\/p>\n<p class=\"paragraph font__body-regular\">De esa manera, Melody ventil\u00f3 los comentarios repudiables que recibi\u00f3 por parte de Mariana Nannis mientras estaba en pareja con Alex. \u201cCon Charlotte\u00a0<b>no me hablo hace un a\u00f1o<\/b>\u201d, dijo tambi\u00e9n por el distanciamiento con su excu\u00f1ada.<\/p>\n<h2 class=\"font--primary font__display\">Melody Luz cont\u00f3 lo que descubri\u00f3 en el celular de Alex Caniggia<\/h2>\n<p class=\"paragraph font__body-regular\">Melody Luz dispar\u00f3 contra Alex Caniggia, el padre de su hija Venezia. Todo ocurri\u00f3 luego de que se conociera la noticia de que el medi\u00e1tico habr\u00eda vuelto a apostar al amor de la mano de Ivana Capialbi, una empresaria fan\u00e1tica de las marcas de lujo.<\/p>\n<p class=\"paragraph font__body-regular\">\u201c<b>Nunca escupan para arriba<\/b>\u00a0ni bardeen cosas que despu\u00e9s terminan consumiendo. Ah, y\u00a0<b>la familia es una y se cuida a tiempo<\/b>\u201d, escribi\u00f3 en una historia de Instagram.<\/p>\n<figure class=\"\" data-testid=\"figure-testid\">\n<div class=\"aspect_ratio__container\"><picture class=\"responsive-image\"><source srcset=\"https:\/\/tn.com.ar\/resizer\/v2\/melody-luz-y-alex-caniggia-se-conocieron-a-inicios-del-2022-en-el-hotel-de-los-famosos-foto-instagramalexcaniggia-THUDGM5PVZABBD4YG7J2VMPQR4.jpg?auth=894c5675bfe9eec04de5d17f9e3d53888991f538eff6b77b3b754c8e612ff19f&amp;width=767\" type=\"image\/jpg\" media=\"(max-width: 728px)\" \/><source srcset=\"https:\/\/tn.com.ar\/resizer\/v2\/melody-luz-y-alex-caniggia-se-conocieron-a-inicios-del-2022-en-el-hotel-de-los-famosos-foto-instagramalexcaniggia-THUDGM5PVZABBD4YG7J2VMPQR4.jpg?auth=894c5675bfe9eec04de5d17f9e3d53888991f538eff6b77b3b754c8e612ff19f&amp;width=1023\" type=\"image\/jpg\" media=\"(max-width: 1023px)\" \/><source srcset=\"https:\/\/tn.com.ar\/resizer\/v2\/melody-luz-y-alex-caniggia-se-conocieron-a-inicios-del-2022-en-el-hotel-de-los-famosos-foto-instagramalexcaniggia-THUDGM5PVZABBD4YG7J2VMPQR4.jpg?auth=894c5675bfe9eec04de5d17f9e3d53888991f538eff6b77b3b754c8e612ff19f&amp;width=1440\" type=\"image\/jpg\" \/><img loading=\"lazy\" decoding=\"async\" class=\"image content-image image_placeholder\" src=\"https:\/\/tn.com.ar\/resizer\/v2\/melody-luz-y-alex-caniggia-se-conocieron-a-inicios-del-2022-en-el-hotel-de-los-famosos-foto-instagramalexcaniggia-THUDGM5PVZABBD4YG7J2VMPQR4.jpg?auth=894c5675bfe9eec04de5d17f9e3d53888991f538eff6b77b3b754c8e612ff19f&amp;width=767\" alt=\"Melody Luz y Alex Caniggia se conocieron a inicios del 2022 en &quot;El hotel de los famosos&quot;. (Foto: Instagram\/alexcaniggia)\" width=\"767\" height=\"430\" data-testid=\"loading-testid\" \/><\/picture><\/div><figcaption class=\"caption_image\" data-testid=\"figcaption-testid\">\n<div class=\"image_caption \">Melody Luz y Alex Caniggia se conocieron a inicios del 2022 en &#8220;El hotel de los famosos&#8221;. (Foto: Instagram\/alexcaniggia)<\/div>\n<\/figcaption><\/figure>\n<p class=\"paragraph font__body-regular\">En medio de su fuerte descargo, la bailarina les dej\u00f3 un consejo a sus seguidores. \u201cSi ustedes ven conversaciones con otras minas, que est\u00e1n felicitando a una por hacerse una liposucci\u00f3n mientras vos segu\u00eds teniendo la faja posparto, si dice que se habla con una hace cinco a\u00f1os, cuando conmigo estuvo tres&#8230; Igual, recuerden que\u00a0<b>la mala, la pu&#8230;, la abandonadora y la que no supo cuidar la familia, \u00bfqui\u00e9n fue? Adivinen&#8221;<\/b>.<\/p>\n<p class=\"paragraph font__body-regular\">A principios de mayo, Melody tambi\u00e9n hab\u00eda expuesto al Emperador por infiel.\u00a0<b>\u201cEs relindo tener a tu beb\u00e9 en brazos reci\u00e9n nacida y encontrar mensajes, perdonar, encontrar, perdonar.<\/b>\u00a0<b>Me cans\u00e9.<\/b>\u00a0Santiago del Azar me hace feliz y al que no le guste, que se vaya a tomar un curso masivo\u201d, lanz\u00f3 tambi\u00e9n haciendo referencia a su nueva relaci\u00f3n con el cocinero.<\/p>\n<\/div>\n<p><\/main><\/div>\n<aside class=\"col-right-rail right-rail\">\n<div id=\"parent-ad-slot-caja\" class=\"ad-container caja_ad \">\n<div class=\"ad-content\">\n<div id=\"ad-slot-caja\" class=\"ad-slot-caja ad-slot\" data-adtype=\"caja\" data-google-query-id=\"CJaWreLE440DFWZV3QIdGr0sOg\"><\/div>\n<\/div>\n<\/div>\n<\/aside>\n","protected":false},"excerpt":{"rendered":"<p>La bailarina cont\u00f3 las dif\u00edciles situaciones que vivi\u00f3 mientras estaba en pareja con Alex. Melody Luz\u00a0se hart\u00f3 de\u00a0Alex Caniggia\u00a0y empez\u00f3 a contar las situaciones dif\u00edciles que vivi\u00f3 con \u00e9l mientras estaban en pareja. Incluso, en las \u00faltimas horas asegur\u00f3 que\u00a0sufri\u00f3 \u201cdiscriminaci\u00f3n\u201d\u00a0por parte de\u00a0Mariana Nannis. La bailarina dio una entrevista en la que cont\u00f3 c\u00f3mo era [&hellip;]<\/p>\n","protected":false},"author":1,"featured_media":1499,"comment_status":"open","ping_status":"open","sticky":false,"template":"","format":"standard","meta":{"rop_custom_images_group":[],"rop_custom_messages_group":[],"rop_publish_now":"initial","rop_publish_now_accounts":[],"rop_publish_now_history":[],"rop_publish_now_status":"pending","footnotes":"","jetpack_publicize_message":"","jetpack_publicize_feature_enabled":true,"jetpack_social_post_already_shared":true,"jetpack_social_options":{"image_generator_settings":{"template":"highway","enabled":false},"version":2}},"categories":[12],"tags":[],"class_list":{"0":"post-1496","1":"post","2":"type-post","3":"status-publish","4":"format-standard","5":"has-post-thumbnail","7":"category-espectaculos"},"jetpack_publicize_connections":[],"yoast_head":"<!-- This site is optimized with the Yoast SEO plugin v27.3 - https:\/\/yoast.com\/product\/yoast-seo-wordpress\/ -->\n<title>Se supo la maldad que Mariana Nannis le hizo a Melody Luz y a su nieta Venezia Caniggia - CLAN ESPECTACULOS<\/title>\n<meta name=\"robots\" content=\"index, follow, max-snippet:-1, max-image-preview:large, max-video-preview:-1\" \/>\n<link rel=\"canonical\" href=\"https:\/\/radioclanfm.com\/clanespectaculos\/se-supo-la-maldad-que-mariana-nannis-le-hizo-a-melody-luz-y-a-su-nieta-venezia-caniggia\/\" \/>\n<meta property=\"og:locale\" content=\"es_ES\" \/>\n<meta property=\"og:type\" content=\"article\" \/>\n<meta property=\"og:title\" content=\"Se supo la maldad que Mariana Nannis le hizo a Melody Luz y a su nieta Venezia Caniggia - CLAN ESPECTACULOS\" \/>\n<meta property=\"og:description\" content=\"La bailarina cont\u00f3 las dif\u00edciles situaciones que vivi\u00f3 mientras estaba en pareja con Alex. Melody Luz\u00a0se hart\u00f3 de\u00a0Alex Caniggia\u00a0y empez\u00f3 a contar las situaciones dif\u00edciles que vivi\u00f3 con \u00e9l mientras estaban en pareja. Incluso, en las \u00faltimas horas asegur\u00f3 que\u00a0sufri\u00f3 \u201cdiscriminaci\u00f3n\u201d\u00a0por parte de\u00a0Mariana Nannis. La bailarina dio una entrevista en la que cont\u00f3 c\u00f3mo era [&hellip;]\" \/>\n<meta property=\"og:url\" content=\"https:\/\/radioclanfm.com\/clanespectaculos\/se-supo-la-maldad-que-mariana-nannis-le-hizo-a-melody-luz-y-a-su-nieta-venezia-caniggia\/\" \/>\n<meta property=\"og:site_name\" content=\"CLAN ESPECTACULOS\" \/>\n<meta property=\"article:publisher\" content=\"https:\/\/www.facebook.com\/clanespectaculos\/\" \/>\n<meta property=\"article:published_time\" content=\"2025-06-09T04:49:45+00:00\" \/>\n<meta property=\"og:image\" content=\"https:\/\/radioclanfm.com\/clanespectaculos\/wp-content\/uploads\/sites\/2\/2025\/06\/VpobrIm6.jpg\" \/>\n\t<meta property=\"og:image:width\" content=\"900\" \/>\n\t<meta property=\"og:image:height\" content=\"504\" \/>\n\t<meta property=\"og:image:type\" content=\"image\/jpeg\" \/>\n<meta name=\"author\" content=\"E-GRUPOCLAN\" \/>\n<meta name=\"twitter:card\" content=\"summary_large_image\" \/>\n<meta name=\"twitter:creator\" content=\"@clanespectok\" \/>\n<meta name=\"twitter:site\" content=\"@clanespectok\" \/>\n<meta name=\"twitter:label1\" content=\"Escrito por\" \/>\n\t<meta name=\"twitter:data1\" content=\"E-GRUPOCLAN\" \/>\n\t<meta name=\"twitter:label2\" content=\"Tiempo de lectura\" \/>\n\t<meta name=\"twitter:data2\" content=\"2 minutos\" \/>\n<script type=\"application\/ld+json\" class=\"yoast-schema-graph\">{\"@context\":\"https:\\\/\\\/schema.org\",\"@graph\":[{\"@type\":\"Article\",\"@id\":\"https:\\\/\\\/radioclanfm.com\\\/clanespectaculos\\\/se-supo-la-maldad-que-mariana-nannis-le-hizo-a-melody-luz-y-a-su-nieta-venezia-caniggia\\\/#article\",\"isPartOf\":{\"@id\":\"https:\\\/\\\/radioclanfm.com\\\/clanespectaculos\\\/se-supo-la-maldad-que-mariana-nannis-le-hizo-a-melody-luz-y-a-su-nieta-venezia-caniggia\\\/\"},\"author\":{\"name\":\"E-GRUPOCLAN\",\"@id\":\"https:\\\/\\\/radioclanfm.com\\\/clanespectaculos\\\/#\\\/schema\\\/person\\\/9734813083303230f3ad84d99171b20c\"},\"headline\":\"Se supo la maldad que Mariana Nannis le hizo a Melody Luz y a su nieta Venezia Caniggia\",\"datePublished\":\"2025-06-09T04:49:45+00:00\",\"mainEntityOfPage\":{\"@id\":\"https:\\\/\\\/radioclanfm.com\\\/clanespectaculos\\\/se-supo-la-maldad-que-mariana-nannis-le-hizo-a-melody-luz-y-a-su-nieta-venezia-caniggia\\\/\"},\"wordCount\":494,\"commentCount\":0,\"publisher\":{\"@id\":\"https:\\\/\\\/radioclanfm.com\\\/clanespectaculos\\\/#organization\"},\"image\":{\"@id\":\"https:\\\/\\\/radioclanfm.com\\\/clanespectaculos\\\/se-supo-la-maldad-que-mariana-nannis-le-hizo-a-melody-luz-y-a-su-nieta-venezia-caniggia\\\/#primaryimage\"},\"thumbnailUrl\":\"https:\\\/\\\/radioclanfm.com\\\/clanespectaculos\\\/wp-content\\\/uploads\\\/sites\\\/2\\\/2025\\\/06\\\/VpobrIm6.jpg\",\"articleSection\":[\"Espectaculos\"],\"inLanguage\":\"es-AR\",\"potentialAction\":[{\"@type\":\"CommentAction\",\"name\":\"Comment\",\"target\":[\"https:\\\/\\\/radioclanfm.com\\\/clanespectaculos\\\/se-supo-la-maldad-que-mariana-nannis-le-hizo-a-melody-luz-y-a-su-nieta-venezia-caniggia\\\/#respond\"]}]},{\"@type\":\"WebPage\",\"@id\":\"https:\\\/\\\/radioclanfm.com\\\/clanespectaculos\\\/se-supo-la-maldad-que-mariana-nannis-le-hizo-a-melody-luz-y-a-su-nieta-venezia-caniggia\\\/\",\"url\":\"https:\\\/\\\/radioclanfm.com\\\/clanespectaculos\\\/se-supo-la-maldad-que-mariana-nannis-le-hizo-a-melody-luz-y-a-su-nieta-venezia-caniggia\\\/\",\"name\":\"Se supo la maldad que Mariana Nannis le hizo a Melody Luz y a su nieta Venezia Caniggia - CLAN ESPECTACULOS\",\"isPartOf\":{\"@id\":\"https:\\\/\\\/radioclanfm.com\\\/clanespectaculos\\\/#website\"},\"primaryImageOfPage\":{\"@id\":\"https:\\\/\\\/radioclanfm.com\\\/clanespectaculos\\\/se-supo-la-maldad-que-mariana-nannis-le-hizo-a-melody-luz-y-a-su-nieta-venezia-caniggia\\\/#primaryimage\"},\"image\":{\"@id\":\"https:\\\/\\\/radioclanfm.com\\\/clanespectaculos\\\/se-supo-la-maldad-que-mariana-nannis-le-hizo-a-melody-luz-y-a-su-nieta-venezia-caniggia\\\/#primaryimage\"},\"thumbnailUrl\":\"https:\\\/\\\/radioclanfm.com\\\/clanespectaculos\\\/wp-content\\\/uploads\\\/sites\\\/2\\\/2025\\\/06\\\/VpobrIm6.jpg\",\"datePublished\":\"2025-06-09T04:49:45+00:00\",\"breadcrumb\":{\"@id\":\"https:\\\/\\\/radioclanfm.com\\\/clanespectaculos\\\/se-supo-la-maldad-que-mariana-nannis-le-hizo-a-melody-luz-y-a-su-nieta-venezia-caniggia\\\/#breadcrumb\"},\"inLanguage\":\"es-AR\",\"potentialAction\":[{\"@type\":\"ReadAction\",\"target\":[\"https:\\\/\\\/radioclanfm.com\\\/clanespectaculos\\\/se-supo-la-maldad-que-mariana-nannis-le-hizo-a-melody-luz-y-a-su-nieta-venezia-caniggia\\\/\"]}]},{\"@type\":\"ImageObject\",\"inLanguage\":\"es-AR\",\"@id\":\"https:\\\/\\\/radioclanfm.com\\\/clanespectaculos\\\/se-supo-la-maldad-que-mariana-nannis-le-hizo-a-melody-luz-y-a-su-nieta-venezia-caniggia\\\/#primaryimage\",\"url\":\"https:\\\/\\\/radioclanfm.com\\\/clanespectaculos\\\/wp-content\\\/uploads\\\/sites\\\/2\\\/2025\\\/06\\\/VpobrIm6.jpg\",\"contentUrl\":\"https:\\\/\\\/radioclanfm.com\\\/clanespectaculos\\\/wp-content\\\/uploads\\\/sites\\\/2\\\/2025\\\/06\\\/VpobrIm6.jpg\",\"width\":900,\"height\":504},{\"@type\":\"BreadcrumbList\",\"@id\":\"https:\\\/\\\/radioclanfm.com\\\/clanespectaculos\\\/se-supo-la-maldad-que-mariana-nannis-le-hizo-a-melody-luz-y-a-su-nieta-venezia-caniggia\\\/#breadcrumb\",\"itemListElement\":[{\"@type\":\"ListItem\",\"position\":1,\"name\":\"Inicio\",\"item\":\"https:\\\/\\\/radioclanfm.com\\\/clanespectaculos\\\/\"},{\"@type\":\"ListItem\",\"position\":2,\"name\":\"Se supo la maldad que Mariana Nannis le hizo a Melody Luz y a su nieta Venezia Caniggia\"}]},{\"@type\":\"WebSite\",\"@id\":\"https:\\\/\\\/radioclanfm.com\\\/clanespectaculos\\\/#website\",\"url\":\"https:\\\/\\\/radioclanfm.com\\\/clanespectaculos\\\/\",\"name\":\"CLAN ESPECTACULOS\",\"description\":\"\",\"publisher\":{\"@id\":\"https:\\\/\\\/radioclanfm.com\\\/clanespectaculos\\\/#organization\"},\"potentialAction\":[{\"@type\":\"SearchAction\",\"target\":{\"@type\":\"EntryPoint\",\"urlTemplate\":\"https:\\\/\\\/radioclanfm.com\\\/clanespectaculos\\\/?s={search_term_string}\"},\"query-input\":{\"@type\":\"PropertyValueSpecification\",\"valueRequired\":true,\"valueName\":\"search_term_string\"}}],\"inLanguage\":\"es-AR\"},{\"@type\":\"Organization\",\"@id\":\"https:\\\/\\\/radioclanfm.com\\\/clanespectaculos\\\/#organization\",\"name\":\"CLAN ESPECTACULOS\",\"url\":\"https:\\\/\\\/radioclanfm.com\\\/clanespectaculos\\\/\",\"logo\":{\"@type\":\"ImageObject\",\"inLanguage\":\"es-AR\",\"@id\":\"https:\\\/\\\/radioclanfm.com\\\/clanespectaculos\\\/#\\\/schema\\\/logo\\\/image\\\/\",\"url\":\"https:\\\/\\\/radioclanfm.com\\\/clanespectaculos\\\/wp-content\\\/uploads\\\/sites\\\/2\\\/2026\\\/04\\\/ChatGPT-Image-23-mar-2026-10_09_00.png\",\"contentUrl\":\"https:\\\/\\\/radioclanfm.com\\\/clanespectaculos\\\/wp-content\\\/uploads\\\/sites\\\/2\\\/2026\\\/04\\\/ChatGPT-Image-23-mar-2026-10_09_00.png\",\"width\":1024,\"height\":1024,\"caption\":\"CLAN ESPECTACULOS\"},\"image\":{\"@id\":\"https:\\\/\\\/radioclanfm.com\\\/clanespectaculos\\\/#\\\/schema\\\/logo\\\/image\\\/\"},\"sameAs\":[\"https:\\\/\\\/www.facebook.com\\\/clanespectaculos\\\/\",\"https:\\\/\\\/x.com\\\/clanespectok\"]},{\"@type\":\"Person\",\"@id\":\"https:\\\/\\\/radioclanfm.com\\\/clanespectaculos\\\/#\\\/schema\\\/person\\\/9734813083303230f3ad84d99171b20c\",\"name\":\"E-GRUPOCLAN\",\"image\":{\"@type\":\"ImageObject\",\"inLanguage\":\"es-AR\",\"@id\":\"https:\\\/\\\/secure.gravatar.com\\\/avatar\\\/af6e19837c3d6a212034a48c7b3818d2ac1826f6025df0155da5a186ad321d79?s=96&d=mm&r=g\",\"url\":\"https:\\\/\\\/secure.gravatar.com\\\/avatar\\\/af6e19837c3d6a212034a48c7b3818d2ac1826f6025df0155da5a186ad321d79?s=96&d=mm&r=g\",\"contentUrl\":\"https:\\\/\\\/secure.gravatar.com\\\/avatar\\\/af6e19837c3d6a212034a48c7b3818d2ac1826f6025df0155da5a186ad321d79?s=96&d=mm&r=g\",\"caption\":\"E-GRUPOCLAN\"},\"sameAs\":[\"https:\\\/\\\/radioclanfm.com\"],\"url\":\"https:\\\/\\\/radioclanfm.com\\\/clanespectaculos\\\/author\\\/admin\\\/\"}]}<\/script>\n<!-- \/ Yoast SEO plugin. -->","yoast_head_json":{"title":"Se supo la maldad que Mariana Nannis le hizo a Melody Luz y a su nieta Venezia Caniggia - CLAN ESPECTACULOS","robots":{"index":"index","follow":"follow","max-snippet":"max-snippet:-1","max-image-preview":"max-image-preview:large","max-video-preview":"max-video-preview:-1"},"canonical":"https:\/\/radioclanfm.com\/clanespectaculos\/se-supo-la-maldad-que-mariana-nannis-le-hizo-a-melody-luz-y-a-su-nieta-venezia-caniggia\/","og_locale":"es_ES","og_type":"article","og_title":"Se supo la maldad que Mariana Nannis le hizo a Melody Luz y a su nieta Venezia Caniggia - CLAN ESPECTACULOS","og_description":"La bailarina cont\u00f3 las dif\u00edciles situaciones que vivi\u00f3 mientras estaba en pareja con Alex. Melody Luz\u00a0se hart\u00f3 de\u00a0Alex Caniggia\u00a0y empez\u00f3 a contar las situaciones dif\u00edciles que vivi\u00f3 con \u00e9l mientras estaban en pareja. Incluso, en las \u00faltimas horas asegur\u00f3 que\u00a0sufri\u00f3 \u201cdiscriminaci\u00f3n\u201d\u00a0por parte de\u00a0Mariana Nannis. La bailarina dio una entrevista en la que cont\u00f3 c\u00f3mo era [&hellip;]","og_url":"https:\/\/radioclanfm.com\/clanespectaculos\/se-supo-la-maldad-que-mariana-nannis-le-hizo-a-melody-luz-y-a-su-nieta-venezia-caniggia\/","og_site_name":"CLAN ESPECTACULOS","article_publisher":"https:\/\/www.facebook.com\/clanespectaculos\/","article_published_time":"2025-06-09T04:49:45+00:00","og_image":[{"width":900,"height":504,"url":"https:\/\/radioclanfm.com\/clanespectaculos\/wp-content\/uploads\/sites\/2\/2025\/06\/VpobrIm6.jpg","type":"image\/jpeg"}],"author":"E-GRUPOCLAN","twitter_card":"summary_large_image","twitter_creator":"@clanespectok","twitter_site":"@clanespectok","twitter_misc":{"Escrito por":"E-GRUPOCLAN","Tiempo de lectura":"2 minutos"},"schema":{"@context":"https:\/\/schema.org","@graph":[{"@type":"Article","@id":"https:\/\/radioclanfm.com\/clanespectaculos\/se-supo-la-maldad-que-mariana-nannis-le-hizo-a-melody-luz-y-a-su-nieta-venezia-caniggia\/#article","isPartOf":{"@id":"https:\/\/radioclanfm.com\/clanespectaculos\/se-supo-la-maldad-que-mariana-nannis-le-hizo-a-melody-luz-y-a-su-nieta-venezia-caniggia\/"},"author":{"name":"E-GRUPOCLAN","@id":"https:\/\/radioclanfm.com\/clanespectaculos\/#\/schema\/person\/9734813083303230f3ad84d99171b20c"},"headline":"Se supo la maldad que Mariana Nannis le hizo a Melody Luz y a su nieta Venezia Caniggia","datePublished":"2025-06-09T04:49:45+00:00","mainEntityOfPage":{"@id":"https:\/\/radioclanfm.com\/clanespectaculos\/se-supo-la-maldad-que-mariana-nannis-le-hizo-a-melody-luz-y-a-su-nieta-venezia-caniggia\/"},"wordCount":494,"commentCount":0,"publisher":{"@id":"https:\/\/radioclanfm.com\/clanespectaculos\/#organization"},"image":{"@id":"https:\/\/radioclanfm.com\/clanespectaculos\/se-supo-la-maldad-que-mariana-nannis-le-hizo-a-melody-luz-y-a-su-nieta-venezia-caniggia\/#primaryimage"},"thumbnailUrl":"https:\/\/radioclanfm.com\/clanespectaculos\/wp-content\/uploads\/sites\/2\/2025\/06\/VpobrIm6.jpg","articleSection":["Espectaculos"],"inLanguage":"es-AR","potentialAction":[{"@type":"CommentAction","name":"Comment","target":["https:\/\/radioclanfm.com\/clanespectaculos\/se-supo-la-maldad-que-mariana-nannis-le-hizo-a-melody-luz-y-a-su-nieta-venezia-caniggia\/#respond"]}]},{"@type":"WebPage","@id":"https:\/\/radioclanfm.com\/clanespectaculos\/se-supo-la-maldad-que-mariana-nannis-le-hizo-a-melody-luz-y-a-su-nieta-venezia-caniggia\/","url":"https:\/\/radioclanfm.com\/clanespectaculos\/se-supo-la-maldad-que-mariana-nannis-le-hizo-a-melody-luz-y-a-su-nieta-venezia-caniggia\/","name":"Se supo la maldad que Mariana Nannis le hizo a Melody Luz y a su nieta Venezia Caniggia - CLAN ESPECTACULOS","isPartOf":{"@id":"https:\/\/radioclanfm.com\/clanespectaculos\/#website"},"primaryImageOfPage":{"@id":"https:\/\/radioclanfm.com\/clanespectaculos\/se-supo-la-maldad-que-mariana-nannis-le-hizo-a-melody-luz-y-a-su-nieta-venezia-caniggia\/#primaryimage"},"image":{"@id":"https:\/\/radioclanfm.com\/clanespectaculos\/se-supo-la-maldad-que-mariana-nannis-le-hizo-a-melody-luz-y-a-su-nieta-venezia-caniggia\/#primaryimage"},"thumbnailUrl":"https:\/\/radioclanfm.com\/clanespectaculos\/wp-content\/uploads\/sites\/2\/2025\/06\/VpobrIm6.jpg","datePublished":"2025-06-09T04:49:45+00:00","breadcrumb":{"@id":"https:\/\/radioclanfm.com\/clanespectaculos\/se-supo-la-maldad-que-mariana-nannis-le-hizo-a-melody-luz-y-a-su-nieta-venezia-caniggia\/#breadcrumb"},"inLanguage":"es-AR","potentialAction":[{"@type":"ReadAction","target":["https:\/\/radioclanfm.com\/clanespectaculos\/se-supo-la-maldad-que-mariana-nannis-le-hizo-a-melody-luz-y-a-su-nieta-venezia-caniggia\/"]}]},{"@type":"ImageObject","inLanguage":"es-AR","@id":"https:\/\/radioclanfm.com\/clanespectaculos\/se-supo-la-maldad-que-mariana-nannis-le-hizo-a-melody-luz-y-a-su-nieta-venezia-caniggia\/#primaryimage","url":"https:\/\/radioclanfm.com\/clanespectaculos\/wp-content\/uploads\/sites\/2\/2025\/06\/VpobrIm6.jpg","contentUrl":"https:\/\/radioclanfm.com\/clanespectaculos\/wp-content\/uploads\/sites\/2\/2025\/06\/VpobrIm6.jpg","width":900,"height":504},{"@type":"BreadcrumbList","@id":"https:\/\/radioclanfm.com\/clanespectaculos\/se-supo-la-maldad-que-mariana-nannis-le-hizo-a-melody-luz-y-a-su-nieta-venezia-caniggia\/#breadcrumb","itemListElement":[{"@type":"ListItem","position":1,"name":"Inicio","item":"https:\/\/radioclanfm.com\/clanespectaculos\/"},{"@type":"ListItem","position":2,"name":"Se supo la maldad que Mariana Nannis le hizo a Melody Luz y a su nieta Venezia Caniggia"}]},{"@type":"WebSite","@id":"https:\/\/radioclanfm.com\/clanespectaculos\/#website","url":"https:\/\/radioclanfm.com\/clanespectaculos\/","name":"CLAN ESPECTACULOS","description":"","publisher":{"@id":"https:\/\/radioclanfm.com\/clanespectaculos\/#organization"},"potentialAction":[{"@type":"SearchAction","target":{"@type":"EntryPoint","urlTemplate":"https:\/\/radioclanfm.com\/clanespectaculos\/?s={search_term_string}"},"query-input":{"@type":"PropertyValueSpecification","valueRequired":true,"valueName":"search_term_string"}}],"inLanguage":"es-AR"},{"@type":"Organization","@id":"https:\/\/radioclanfm.com\/clanespectaculos\/#organization","name":"CLAN ESPECTACULOS","url":"https:\/\/radioclanfm.com\/clanespectaculos\/","logo":{"@type":"ImageObject","inLanguage":"es-AR","@id":"https:\/\/radioclanfm.com\/clanespectaculos\/#\/schema\/logo\/image\/","url":"https:\/\/radioclanfm.com\/clanespectaculos\/wp-content\/uploads\/sites\/2\/2026\/04\/ChatGPT-Image-23-mar-2026-10_09_00.png","contentUrl":"https:\/\/radioclanfm.com\/clanespectaculos\/wp-content\/uploads\/sites\/2\/2026\/04\/ChatGPT-Image-23-mar-2026-10_09_00.png","width":1024,"height":1024,"caption":"CLAN ESPECTACULOS"},"image":{"@id":"https:\/\/radioclanfm.com\/clanespectaculos\/#\/schema\/logo\/image\/"},"sameAs":["https:\/\/www.facebook.com\/clanespectaculos\/","https:\/\/x.com\/clanespectok"]},{"@type":"Person","@id":"https:\/\/radioclanfm.com\/clanespectaculos\/#\/schema\/person\/9734813083303230f3ad84d99171b20c","name":"E-GRUPOCLAN","image":{"@type":"ImageObject","inLanguage":"es-AR","@id":"https:\/\/secure.gravatar.com\/avatar\/af6e19837c3d6a212034a48c7b3818d2ac1826f6025df0155da5a186ad321d79?s=96&d=mm&r=g","url":"https:\/\/secure.gravatar.com\/avatar\/af6e19837c3d6a212034a48c7b3818d2ac1826f6025df0155da5a186ad321d79?s=96&d=mm&r=g","contentUrl":"https:\/\/secure.gravatar.com\/avatar\/af6e19837c3d6a212034a48c7b3818d2ac1826f6025df0155da5a186ad321d79?s=96&d=mm&r=g","caption":"E-GRUPOCLAN"},"sameAs":["https:\/\/radioclanfm.com"],"url":"https:\/\/radioclanfm.com\/clanespectaculos\/author\/admin\/"}]}},"_links":{"self":[{"href":"https:\/\/radioclanfm.com\/clanespectaculos\/wp-json\/wp\/v2\/posts\/1496","targetHints":{"allow":["GET"]}}],"collection":[{"href":"https:\/\/radioclanfm.com\/clanespectaculos\/wp-json\/wp\/v2\/posts"}],"about":[{"href":"https:\/\/radioclanfm.com\/clanespectaculos\/wp-json\/wp\/v2\/types\/post"}],"author":[{"embeddable":true,"href":"https:\/\/radioclanfm.com\/clanespectaculos\/wp-json\/wp\/v2\/users\/1"}],"replies":[{"embeddable":true,"href":"https:\/\/radioclanfm.com\/clanespectaculos\/wp-json\/wp\/v2\/comments?post=1496"}],"version-history":[{"count":1,"href":"https:\/\/radioclanfm.com\/clanespectaculos\/wp-json\/wp\/v2\/posts\/1496\/revisions"}],"predecessor-version":[{"id":1500,"href":"https:\/\/radioclanfm.com\/clanespectaculos\/wp-json\/wp\/v2\/posts\/1496\/revisions\/1500"}],"wp:featuredmedia":[{"embeddable":true,"href":"https:\/\/radioclanfm.com\/clanespectaculos\/wp-json\/wp\/v2\/media\/1499"}],"wp:attachment":[{"href":"https:\/\/radioclanfm.com\/clanespectaculos\/wp-json\/wp\/v2\/media?parent=1496"}],"wp:term":[{"taxonomy":"category","embeddable":true,"href":"https:\/\/radioclanfm.com\/clanespectaculos\/wp-json\/wp\/v2\/categories?post=1496"},{"taxonomy":"post_tag","embeddable":true,"href":"https:\/\/radioclanfm.com\/clanespectaculos\/wp-json\/wp\/v2\/tags?post=1496"}],"curies":[{"name":"wp","href":"https:\/\/api.w.org\/{rel}","templated":true}]}}