{"id":1476,"date":"2025-06-09T01:43:04","date_gmt":"2025-06-09T04:43:04","guid":{"rendered":"https:\/\/radioclanfm.com\/clanespectaculos\/?p=1476"},"modified":"2025-06-09T01:43:04","modified_gmt":"2025-06-09T04:43:04","slug":"valentin-yankelevich-conto-por-que-siente-la-presencia-de-su-mama-romina-yan-cuando-esta-en-peligro","status":"publish","type":"post","link":"https:\/\/radioclanfm.com\/clanespectaculos\/valentin-yankelevich-conto-por-que-siente-la-presencia-de-su-mama-romina-yan-cuando-esta-en-peligro\/","title":{"rendered":"Valent\u00edn Yankelevich cont\u00f3 por qu\u00e9 siente la presencia de su mam\u00e1 Romina Yan cuando est\u00e1 en peligro"},"content":{"rendered":"<div class=\"col-content\"><main class=\"col-content\"><\/p>\n<div class=\"default-article-color article__body article__article\">\n<p class=\"paragraph font__body-regular\"><b>Valent\u00edn Yan<\/b>\u00a0emocion\u00f3 a todos en\u00a0<i>Almorzando Juana<\/i>\u00a0(<i>eltrece<\/i>) al recordar a su mam\u00e1,\u00a0<b>Romina Yan<\/b>, que muri\u00f3 cuando \u00e9l ten\u00eda siete a\u00f1os. El joven, que es piloto de TC 2000, revel\u00f3 que la siente presente en cada momento de su vida.<\/p>\n<div class=\"AV67f93cf033780503b00636a7\">\n<div id=\"aniBox\">\n<div id=\"aniplayer_AV67f93cf033780503b00636a7-1749444141077\">\n<div id=\"aniplayer_AV67f93cf033780503b00636a7-1749444141077gui\">\n<div id=\"av-caption\">\n<div id=\"av-close-btn-overlay\" class=\"av-pos-top-left\"><\/div>\n<\/div>\n<\/div>\n<\/div>\n<\/div>\n<\/div>\n<div id=\"ad-slot-infeed\" class=\"infeed-container ad-slot-infeed ad-slot\" data-adtype=\"infeed\" data-google-query-id=\"CLeu3KXD440DFaqDYQYdLhkGxQ\">\n<div id=\"google_ads_iframe_\/113951150\/tn-arc\/nota\/infeed_0__container__\"><\/div>\n<\/div>\n<p class=\"paragraph font__body-regular\">Habiendo nacido en una familia de artistas, Valent\u00edn eligi\u00f3 su propio camino. En el ciclo conducido por\u00a0Juana Viale, record\u00f3 el d\u00eda que su abuelo,\u00a0Gustavo Yankelevich, le pregunt\u00f3 qu\u00e9 lo hac\u00eda feliz.<\/p>\n<p class=\"paragraph font__body-regular\">\u201cNo nos sentimos nunca presionados a hacer lo que hac\u00eda la familia. Mis hermanos tiraron para ese lado, pero yo me sent\u00ed libre de elegir y dije \u2018a m\u00ed me gustar\u00eda correr\u2019. Y mi abuelo me dijo \u2018dale, yo te acompa\u00f1o\u2019\u201d, destac\u00f3.<\/p>\n<figure class=\"\" data-testid=\"figure-testid\">\n<div class=\"aspect_ratio__container\"><picture class=\"responsive-image\"><source srcset=\"https:\/\/tn.com.ar\/resizer\/v2\/yo-se-que-mi-mama-esta-conmigo-en-el-auto-el-emotivo-recuerdo-de-valentin-el-hijo-piloto-de-romina-yan-foto-captura-eltrece-AZFGALOQUNC7DH3QQUS6L7F744.PNG?auth=ae7374a801c5ebfab2aba5e8d43f6ae7b4cc38b7a3822da2ed5fc620a1dec7f8&amp;width=767\" type=\"image\/jpg\" media=\"(max-width: 728px)\" \/><source srcset=\"https:\/\/tn.com.ar\/resizer\/v2\/yo-se-que-mi-mama-esta-conmigo-en-el-auto-el-emotivo-recuerdo-de-valentin-el-hijo-piloto-de-romina-yan-foto-captura-eltrece-AZFGALOQUNC7DH3QQUS6L7F744.PNG?auth=ae7374a801c5ebfab2aba5e8d43f6ae7b4cc38b7a3822da2ed5fc620a1dec7f8&amp;width=1023\" type=\"image\/jpg\" media=\"(max-width: 1023px)\" \/><source srcset=\"https:\/\/tn.com.ar\/resizer\/v2\/yo-se-que-mi-mama-esta-conmigo-en-el-auto-el-emotivo-recuerdo-de-valentin-el-hijo-piloto-de-romina-yan-foto-captura-eltrece-AZFGALOQUNC7DH3QQUS6L7F744.PNG?auth=ae7374a801c5ebfab2aba5e8d43f6ae7b4cc38b7a3822da2ed5fc620a1dec7f8&amp;width=1440\" type=\"image\/jpg\" \/><img loading=\"lazy\" decoding=\"async\" class=\"image content-image image_placeholder\" src=\"https:\/\/tn.com.ar\/resizer\/v2\/yo-se-que-mi-mama-esta-conmigo-en-el-auto-el-emotivo-recuerdo-de-valentin-el-hijo-piloto-de-romina-yan-foto-captura-eltrece-AZFGALOQUNC7DH3QQUS6L7F744.PNG?auth=ae7374a801c5ebfab2aba5e8d43f6ae7b4cc38b7a3822da2ed5fc620a1dec7f8&amp;width=767\" alt=\"\u201cYo s\u00e9 que mi mam\u00e1 est\u00e1 conmigo en el auto\u201d: el emotivo recuerdo de Valent\u00edn, el hijo piloto de Romina Yan (Foto: Captura eltrece)\" width=\"767\" height=\"589\" data-testid=\"loading-testid\" \/><\/picture><\/div><figcaption class=\"caption_image\" data-testid=\"figcaption-testid\">\n<div class=\"image_caption \">\u201cYo s\u00e9 que mi mam\u00e1 est\u00e1 conmigo en el auto\u201d: el emotivo recuerdo de Valent\u00edn, el hijo piloto de Romina Yan (Foto: Captura eltrece)<\/div>\n<\/figcaption><\/figure>\n<p class=\"paragraph font__body-regular\">Fue entonces que la conductora le consult\u00f3: \u201c\u00bfQu\u00e9 dir\u00eda tu vieja vi\u00e9ndote a vos arriba de un auto?\u201d. \u201c<b>Yo s\u00e9 que est\u00e1 conmigo en el auto, no tengo ninguna duda&#8221;<\/b>, expres\u00f3.<\/p>\n<p class=\"paragraph font__body-regular\">A coraz\u00f3n abierto, explic\u00f3: \u201cLa siento muy presente y trato con lo que puedo de tenerla presente. El n\u00famero del auto eleg\u00ed el n\u00famero cinco por su cumplea\u00f1os\u201d. \u201c<b>Creo que tendr\u00eda miedo<\/b>, no te voy a mentir, pero yo creo que\u00a0<b>en cierto punto dejar\u00eda ese miedo de lado y me apoyar\u00eda 100% en mi decisi\u00f3n\u201d<\/b>, sostuvo respondiendo a la pregunta.<\/p>\n<p class=\"paragraph font__body-regular\">En este sentido, profundiz\u00f3: \u201cLa siento muy presente, la siento conmigo, siento que me ayuda. Ha habido muchas situaciones donde digo \u2018no s\u00e9 c\u00f3mo pas\u00f3 esto\u2019 y estoy seguro de que pas\u00f3 porque ella estaba ah\u00ed\u201d.<\/p>\n<h2 class=\"font--primary font__display\">El conmovedor recuerdo de Valentino Yan: \u201cMi mam\u00e1 era la n\u00famero uno\u201d<\/h2>\n<p class=\"paragraph font__body-regular\">Valentino record\u00f3 que \u00e9l ten\u00eda solo siete a\u00f1os cuando su mam\u00e1 muri\u00f3. Sin embargo, dej\u00f3 en claro que la tiene muy presente. \u201cLa verdad que toda mi vida he sobrepasado todo\u2026 Cuando me pas\u00f3 lo de mi mam\u00e1, que era muy chico, despu\u00e9s se quedan chiquitos todos los problemas\u201d, opin\u00f3.<\/p>\n<figure class=\"\" data-testid=\"figure-testid\">\n<div class=\"aspect_ratio__container\"><picture class=\"responsive-image\"><source srcset=\"https:\/\/tn.com.ar\/resizer\/v2\/gustavo-yankelevich-acompano-a-su-hijo-valentin-en-su-debut-como-piloto-profesional-foto-gentileza-prensa-IUWWVPESHRFE3NNLZKXDD5PLPU.jpg?auth=79058859ac6ab198fcb2a596630649d6483e50c91466e5635cb440bffe163491&amp;width=767\" type=\"image\/jpg\" media=\"(max-width: 728px)\" \/><source srcset=\"https:\/\/tn.com.ar\/resizer\/v2\/gustavo-yankelevich-acompano-a-su-hijo-valentin-en-su-debut-como-piloto-profesional-foto-gentileza-prensa-IUWWVPESHRFE3NNLZKXDD5PLPU.jpg?auth=79058859ac6ab198fcb2a596630649d6483e50c91466e5635cb440bffe163491&amp;width=1023\" type=\"image\/jpg\" media=\"(max-width: 1023px)\" \/><source srcset=\"https:\/\/tn.com.ar\/resizer\/v2\/gustavo-yankelevich-acompano-a-su-hijo-valentin-en-su-debut-como-piloto-profesional-foto-gentileza-prensa-IUWWVPESHRFE3NNLZKXDD5PLPU.jpg?auth=79058859ac6ab198fcb2a596630649d6483e50c91466e5635cb440bffe163491&amp;width=1440\" type=\"image\/jpg\" \/><img loading=\"lazy\" decoding=\"async\" class=\"image content-image image_placeholder\" src=\"https:\/\/tn.com.ar\/resizer\/v2\/gustavo-yankelevich-acompano-a-su-hijo-valentin-en-su-debut-como-piloto-profesional-foto-gentileza-prensa-IUWWVPESHRFE3NNLZKXDD5PLPU.jpg?auth=79058859ac6ab198fcb2a596630649d6483e50c91466e5635cb440bffe163491&amp;width=767\" alt=\"Gustavo Yankelevich acompa\u00f1\u00f3 a su hijo Valent\u00edn en su debut como piloto profesional. (Foto: gentileza prensa)\" width=\"767\" height=\"430\" data-testid=\"loading-testid\" \/><\/picture><\/div><figcaption class=\"caption_image\" data-testid=\"figcaption-testid\">\n<div class=\"image_caption \">Gustavo Yankelevich acompa\u00f1\u00f3 a su hijo Valent\u00edn en su debut como piloto profesional. (Foto: gentileza prensa)<\/div>\n<\/figcaption><\/figure>\n<p class=\"paragraph font__body-regular\">Al respecto, reflexion\u00f3:\u00a0<b>\u201cLa tristeza no es tanto por\u2026 O sea, uno se acostumbra a vivir con el dolor, es m\u00e1s por los momentos que se pierden<\/b>, m\u00e1s por ser tan chico que no viviste tantas cosas y adem\u00e1s\u00a0<b>mi mam\u00e1 era la n\u00famero 1, era la mejor madre, no es joda, era posta un ser de luz\u201d<\/b>.<\/p>\n<p class=\"paragraph font__body-regular\">\u201cEstaba tan presente, realmente fue la mejor mam\u00e1 del mundo, entonces tambi\u00e9n cuando miro para atr\u00e1s o para adelante, todas las cosas que se vienen\u00a0<b>yo s\u00e9 que est\u00e1. En lo f\u00edsico se extra\u00f1a, pero la verdad que disfruto mucho lo que hago\u201d<\/b>, concluy\u00f3.<\/p>\n<\/div>\n<p><\/main><\/div>\n<aside class=\"col-right-rail right-rail\">\n<div id=\"parent-ad-slot-caja\" class=\"ad-container caja_ad \">\n<div class=\"ad-content\">\n<div id=\"ad-slot-caja\" class=\"ad-slot-caja ad-slot\" data-adtype=\"caja\" data-google-query-id=\"CM__46TD440DFbSDYQYd2WoQMg\"><\/div>\n<\/div>\n<\/div>\n<\/aside>\n","protected":false},"excerpt":{"rendered":"<p>Valent\u00edn Yan\u00a0emocion\u00f3 a todos en\u00a0Almorzando Juana\u00a0(eltrece) al recordar a su mam\u00e1,\u00a0Romina Yan, que muri\u00f3 cuando \u00e9l ten\u00eda siete a\u00f1os. El joven, que es piloto de TC 2000, revel\u00f3 que la siente presente en cada momento de su vida. Habiendo nacido en una familia de artistas, Valent\u00edn eligi\u00f3 su propio camino. En el ciclo conducido por\u00a0Juana [&hellip;]<\/p>\n","protected":false},"author":1,"featured_media":1479,"comment_status":"open","ping_status":"open","sticky":false,"template":"","format":"standard","meta":{"rop_custom_images_group":[],"rop_custom_messages_group":[],"rop_publish_now":"initial","rop_publish_now_accounts":[],"rop_publish_now_history":[],"rop_publish_now_status":"pending","footnotes":"","jetpack_publicize_message":"","jetpack_publicize_feature_enabled":true,"jetpack_social_post_already_shared":true,"jetpack_social_options":{"image_generator_settings":{"template":"highway","enabled":false},"version":2}},"categories":[12],"tags":[],"class_list":{"0":"post-1476","1":"post","2":"type-post","3":"status-publish","4":"format-standard","5":"has-post-thumbnail","7":"category-espectaculos"},"jetpack_publicize_connections":[],"yoast_head":"<!-- This site is optimized with the Yoast SEO plugin v27.3 - https:\/\/yoast.com\/product\/yoast-seo-wordpress\/ -->\n<title>Valent\u00edn Yankelevich cont\u00f3 por qu\u00e9 siente la presencia de su mam\u00e1 Romina Yan cuando est\u00e1 en peligro - CLAN ESPECTACULOS<\/title>\n<meta name=\"robots\" content=\"index, follow, max-snippet:-1, max-image-preview:large, max-video-preview:-1\" \/>\n<link rel=\"canonical\" href=\"https:\/\/radioclanfm.com\/clanespectaculos\/valentin-yankelevich-conto-por-que-siente-la-presencia-de-su-mama-romina-yan-cuando-esta-en-peligro\/\" \/>\n<meta property=\"og:locale\" content=\"es_ES\" \/>\n<meta property=\"og:type\" content=\"article\" \/>\n<meta property=\"og:title\" content=\"Valent\u00edn Yankelevich cont\u00f3 por qu\u00e9 siente la presencia de su mam\u00e1 Romina Yan cuando est\u00e1 en peligro - CLAN ESPECTACULOS\" \/>\n<meta property=\"og:description\" content=\"Valent\u00edn Yan\u00a0emocion\u00f3 a todos en\u00a0Almorzando Juana\u00a0(eltrece) al recordar a su mam\u00e1,\u00a0Romina Yan, que muri\u00f3 cuando \u00e9l ten\u00eda siete a\u00f1os. El joven, que es piloto de TC 2000, revel\u00f3 que la siente presente en cada momento de su vida. Habiendo nacido en una familia de artistas, Valent\u00edn eligi\u00f3 su propio camino. En el ciclo conducido por\u00a0Juana [&hellip;]\" \/>\n<meta property=\"og:url\" content=\"https:\/\/radioclanfm.com\/clanespectaculos\/valentin-yankelevich-conto-por-que-siente-la-presencia-de-su-mama-romina-yan-cuando-esta-en-peligro\/\" \/>\n<meta property=\"og:site_name\" content=\"CLAN ESPECTACULOS\" \/>\n<meta property=\"article:publisher\" content=\"https:\/\/www.facebook.com\/clanespectaculos\/\" \/>\n<meta property=\"article:published_time\" content=\"2025-06-09T04:43:04+00:00\" \/>\n<meta property=\"og:image\" content=\"https:\/\/radioclanfm.com\/clanespectaculos\/wp-content\/uploads\/sites\/2\/2025\/06\/djxXa8lB.jpg\" \/>\n\t<meta property=\"og:image:width\" content=\"900\" \/>\n\t<meta property=\"og:image:height\" content=\"505\" \/>\n\t<meta property=\"og:image:type\" content=\"image\/jpeg\" \/>\n<meta name=\"author\" content=\"E-GRUPOCLAN\" \/>\n<meta name=\"twitter:card\" content=\"summary_large_image\" \/>\n<meta name=\"twitter:creator\" content=\"@clanespectok\" \/>\n<meta name=\"twitter:site\" content=\"@clanespectok\" \/>\n<meta name=\"twitter:label1\" content=\"Escrito por\" \/>\n\t<meta name=\"twitter:data1\" content=\"E-GRUPOCLAN\" \/>\n\t<meta name=\"twitter:label2\" content=\"Tiempo de lectura\" \/>\n\t<meta name=\"twitter:data2\" content=\"2 minutos\" \/>\n<script type=\"application\/ld+json\" class=\"yoast-schema-graph\">{\"@context\":\"https:\\\/\\\/schema.org\",\"@graph\":[{\"@type\":\"Article\",\"@id\":\"https:\\\/\\\/radioclanfm.com\\\/clanespectaculos\\\/valentin-yankelevich-conto-por-que-siente-la-presencia-de-su-mama-romina-yan-cuando-esta-en-peligro\\\/#article\",\"isPartOf\":{\"@id\":\"https:\\\/\\\/radioclanfm.com\\\/clanespectaculos\\\/valentin-yankelevich-conto-por-que-siente-la-presencia-de-su-mama-romina-yan-cuando-esta-en-peligro\\\/\"},\"author\":{\"name\":\"E-GRUPOCLAN\",\"@id\":\"https:\\\/\\\/radioclanfm.com\\\/clanespectaculos\\\/#\\\/schema\\\/person\\\/9734813083303230f3ad84d99171b20c\"},\"headline\":\"Valent\u00edn Yankelevich cont\u00f3 por qu\u00e9 siente la presencia de su mam\u00e1 Romina Yan cuando est\u00e1 en peligro\",\"datePublished\":\"2025-06-09T04:43:04+00:00\",\"mainEntityOfPage\":{\"@id\":\"https:\\\/\\\/radioclanfm.com\\\/clanespectaculos\\\/valentin-yankelevich-conto-por-que-siente-la-presencia-de-su-mama-romina-yan-cuando-esta-en-peligro\\\/\"},\"wordCount\":498,\"commentCount\":0,\"publisher\":{\"@id\":\"https:\\\/\\\/radioclanfm.com\\\/clanespectaculos\\\/#organization\"},\"image\":{\"@id\":\"https:\\\/\\\/radioclanfm.com\\\/clanespectaculos\\\/valentin-yankelevich-conto-por-que-siente-la-presencia-de-su-mama-romina-yan-cuando-esta-en-peligro\\\/#primaryimage\"},\"thumbnailUrl\":\"https:\\\/\\\/radioclanfm.com\\\/clanespectaculos\\\/wp-content\\\/uploads\\\/sites\\\/2\\\/2025\\\/06\\\/djxXa8lB.jpg\",\"articleSection\":[\"Espectaculos\"],\"inLanguage\":\"es-AR\",\"potentialAction\":[{\"@type\":\"CommentAction\",\"name\":\"Comment\",\"target\":[\"https:\\\/\\\/radioclanfm.com\\\/clanespectaculos\\\/valentin-yankelevich-conto-por-que-siente-la-presencia-de-su-mama-romina-yan-cuando-esta-en-peligro\\\/#respond\"]}]},{\"@type\":\"WebPage\",\"@id\":\"https:\\\/\\\/radioclanfm.com\\\/clanespectaculos\\\/valentin-yankelevich-conto-por-que-siente-la-presencia-de-su-mama-romina-yan-cuando-esta-en-peligro\\\/\",\"url\":\"https:\\\/\\\/radioclanfm.com\\\/clanespectaculos\\\/valentin-yankelevich-conto-por-que-siente-la-presencia-de-su-mama-romina-yan-cuando-esta-en-peligro\\\/\",\"name\":\"Valent\u00edn Yankelevich cont\u00f3 por qu\u00e9 siente la presencia de su mam\u00e1 Romina Yan cuando est\u00e1 en peligro - CLAN ESPECTACULOS\",\"isPartOf\":{\"@id\":\"https:\\\/\\\/radioclanfm.com\\\/clanespectaculos\\\/#website\"},\"primaryImageOfPage\":{\"@id\":\"https:\\\/\\\/radioclanfm.com\\\/clanespectaculos\\\/valentin-yankelevich-conto-por-que-siente-la-presencia-de-su-mama-romina-yan-cuando-esta-en-peligro\\\/#primaryimage\"},\"image\":{\"@id\":\"https:\\\/\\\/radioclanfm.com\\\/clanespectaculos\\\/valentin-yankelevich-conto-por-que-siente-la-presencia-de-su-mama-romina-yan-cuando-esta-en-peligro\\\/#primaryimage\"},\"thumbnailUrl\":\"https:\\\/\\\/radioclanfm.com\\\/clanespectaculos\\\/wp-content\\\/uploads\\\/sites\\\/2\\\/2025\\\/06\\\/djxXa8lB.jpg\",\"datePublished\":\"2025-06-09T04:43:04+00:00\",\"breadcrumb\":{\"@id\":\"https:\\\/\\\/radioclanfm.com\\\/clanespectaculos\\\/valentin-yankelevich-conto-por-que-siente-la-presencia-de-su-mama-romina-yan-cuando-esta-en-peligro\\\/#breadcrumb\"},\"inLanguage\":\"es-AR\",\"potentialAction\":[{\"@type\":\"ReadAction\",\"target\":[\"https:\\\/\\\/radioclanfm.com\\\/clanespectaculos\\\/valentin-yankelevich-conto-por-que-siente-la-presencia-de-su-mama-romina-yan-cuando-esta-en-peligro\\\/\"]}]},{\"@type\":\"ImageObject\",\"inLanguage\":\"es-AR\",\"@id\":\"https:\\\/\\\/radioclanfm.com\\\/clanespectaculos\\\/valentin-yankelevich-conto-por-que-siente-la-presencia-de-su-mama-romina-yan-cuando-esta-en-peligro\\\/#primaryimage\",\"url\":\"https:\\\/\\\/radioclanfm.com\\\/clanespectaculos\\\/wp-content\\\/uploads\\\/sites\\\/2\\\/2025\\\/06\\\/djxXa8lB.jpg\",\"contentUrl\":\"https:\\\/\\\/radioclanfm.com\\\/clanespectaculos\\\/wp-content\\\/uploads\\\/sites\\\/2\\\/2025\\\/06\\\/djxXa8lB.jpg\",\"width\":900,\"height\":505},{\"@type\":\"BreadcrumbList\",\"@id\":\"https:\\\/\\\/radioclanfm.com\\\/clanespectaculos\\\/valentin-yankelevich-conto-por-que-siente-la-presencia-de-su-mama-romina-yan-cuando-esta-en-peligro\\\/#breadcrumb\",\"itemListElement\":[{\"@type\":\"ListItem\",\"position\":1,\"name\":\"Inicio\",\"item\":\"https:\\\/\\\/radioclanfm.com\\\/clanespectaculos\\\/\"},{\"@type\":\"ListItem\",\"position\":2,\"name\":\"Valent\u00edn Yankelevich cont\u00f3 por qu\u00e9 siente la presencia de su mam\u00e1 Romina Yan cuando est\u00e1 en peligro\"}]},{\"@type\":\"WebSite\",\"@id\":\"https:\\\/\\\/radioclanfm.com\\\/clanespectaculos\\\/#website\",\"url\":\"https:\\\/\\\/radioclanfm.com\\\/clanespectaculos\\\/\",\"name\":\"CLAN ESPECTACULOS\",\"description\":\"\",\"publisher\":{\"@id\":\"https:\\\/\\\/radioclanfm.com\\\/clanespectaculos\\\/#organization\"},\"potentialAction\":[{\"@type\":\"SearchAction\",\"target\":{\"@type\":\"EntryPoint\",\"urlTemplate\":\"https:\\\/\\\/radioclanfm.com\\\/clanespectaculos\\\/?s={search_term_string}\"},\"query-input\":{\"@type\":\"PropertyValueSpecification\",\"valueRequired\":true,\"valueName\":\"search_term_string\"}}],\"inLanguage\":\"es-AR\"},{\"@type\":\"Organization\",\"@id\":\"https:\\\/\\\/radioclanfm.com\\\/clanespectaculos\\\/#organization\",\"name\":\"CLAN ESPECTACULOS\",\"url\":\"https:\\\/\\\/radioclanfm.com\\\/clanespectaculos\\\/\",\"logo\":{\"@type\":\"ImageObject\",\"inLanguage\":\"es-AR\",\"@id\":\"https:\\\/\\\/radioclanfm.com\\\/clanespectaculos\\\/#\\\/schema\\\/logo\\\/image\\\/\",\"url\":\"https:\\\/\\\/radioclanfm.com\\\/clanespectaculos\\\/wp-content\\\/uploads\\\/sites\\\/2\\\/2026\\\/04\\\/ChatGPT-Image-23-mar-2026-10_09_00.png\",\"contentUrl\":\"https:\\\/\\\/radioclanfm.com\\\/clanespectaculos\\\/wp-content\\\/uploads\\\/sites\\\/2\\\/2026\\\/04\\\/ChatGPT-Image-23-mar-2026-10_09_00.png\",\"width\":1024,\"height\":1024,\"caption\":\"CLAN ESPECTACULOS\"},\"image\":{\"@id\":\"https:\\\/\\\/radioclanfm.com\\\/clanespectaculos\\\/#\\\/schema\\\/logo\\\/image\\\/\"},\"sameAs\":[\"https:\\\/\\\/www.facebook.com\\\/clanespectaculos\\\/\",\"https:\\\/\\\/x.com\\\/clanespectok\"]},{\"@type\":\"Person\",\"@id\":\"https:\\\/\\\/radioclanfm.com\\\/clanespectaculos\\\/#\\\/schema\\\/person\\\/9734813083303230f3ad84d99171b20c\",\"name\":\"E-GRUPOCLAN\",\"image\":{\"@type\":\"ImageObject\",\"inLanguage\":\"es-AR\",\"@id\":\"https:\\\/\\\/secure.gravatar.com\\\/avatar\\\/af6e19837c3d6a212034a48c7b3818d2ac1826f6025df0155da5a186ad321d79?s=96&d=mm&r=g\",\"url\":\"https:\\\/\\\/secure.gravatar.com\\\/avatar\\\/af6e19837c3d6a212034a48c7b3818d2ac1826f6025df0155da5a186ad321d79?s=96&d=mm&r=g\",\"contentUrl\":\"https:\\\/\\\/secure.gravatar.com\\\/avatar\\\/af6e19837c3d6a212034a48c7b3818d2ac1826f6025df0155da5a186ad321d79?s=96&d=mm&r=g\",\"caption\":\"E-GRUPOCLAN\"},\"sameAs\":[\"https:\\\/\\\/radioclanfm.com\"],\"url\":\"https:\\\/\\\/radioclanfm.com\\\/clanespectaculos\\\/author\\\/admin\\\/\"}]}<\/script>\n<!-- \/ Yoast SEO plugin. -->","yoast_head_json":{"title":"Valent\u00edn Yankelevich cont\u00f3 por qu\u00e9 siente la presencia de su mam\u00e1 Romina Yan cuando est\u00e1 en peligro - CLAN ESPECTACULOS","robots":{"index":"index","follow":"follow","max-snippet":"max-snippet:-1","max-image-preview":"max-image-preview:large","max-video-preview":"max-video-preview:-1"},"canonical":"https:\/\/radioclanfm.com\/clanespectaculos\/valentin-yankelevich-conto-por-que-siente-la-presencia-de-su-mama-romina-yan-cuando-esta-en-peligro\/","og_locale":"es_ES","og_type":"article","og_title":"Valent\u00edn Yankelevich cont\u00f3 por qu\u00e9 siente la presencia de su mam\u00e1 Romina Yan cuando est\u00e1 en peligro - CLAN ESPECTACULOS","og_description":"Valent\u00edn Yan\u00a0emocion\u00f3 a todos en\u00a0Almorzando Juana\u00a0(eltrece) al recordar a su mam\u00e1,\u00a0Romina Yan, que muri\u00f3 cuando \u00e9l ten\u00eda siete a\u00f1os. El joven, que es piloto de TC 2000, revel\u00f3 que la siente presente en cada momento de su vida. Habiendo nacido en una familia de artistas, Valent\u00edn eligi\u00f3 su propio camino. En el ciclo conducido por\u00a0Juana [&hellip;]","og_url":"https:\/\/radioclanfm.com\/clanespectaculos\/valentin-yankelevich-conto-por-que-siente-la-presencia-de-su-mama-romina-yan-cuando-esta-en-peligro\/","og_site_name":"CLAN ESPECTACULOS","article_publisher":"https:\/\/www.facebook.com\/clanespectaculos\/","article_published_time":"2025-06-09T04:43:04+00:00","og_image":[{"width":900,"height":505,"url":"https:\/\/radioclanfm.com\/clanespectaculos\/wp-content\/uploads\/sites\/2\/2025\/06\/djxXa8lB.jpg","type":"image\/jpeg"}],"author":"E-GRUPOCLAN","twitter_card":"summary_large_image","twitter_creator":"@clanespectok","twitter_site":"@clanespectok","twitter_misc":{"Escrito por":"E-GRUPOCLAN","Tiempo de lectura":"2 minutos"},"schema":{"@context":"https:\/\/schema.org","@graph":[{"@type":"Article","@id":"https:\/\/radioclanfm.com\/clanespectaculos\/valentin-yankelevich-conto-por-que-siente-la-presencia-de-su-mama-romina-yan-cuando-esta-en-peligro\/#article","isPartOf":{"@id":"https:\/\/radioclanfm.com\/clanespectaculos\/valentin-yankelevich-conto-por-que-siente-la-presencia-de-su-mama-romina-yan-cuando-esta-en-peligro\/"},"author":{"name":"E-GRUPOCLAN","@id":"https:\/\/radioclanfm.com\/clanespectaculos\/#\/schema\/person\/9734813083303230f3ad84d99171b20c"},"headline":"Valent\u00edn Yankelevich cont\u00f3 por qu\u00e9 siente la presencia de su mam\u00e1 Romina Yan cuando est\u00e1 en peligro","datePublished":"2025-06-09T04:43:04+00:00","mainEntityOfPage":{"@id":"https:\/\/radioclanfm.com\/clanespectaculos\/valentin-yankelevich-conto-por-que-siente-la-presencia-de-su-mama-romina-yan-cuando-esta-en-peligro\/"},"wordCount":498,"commentCount":0,"publisher":{"@id":"https:\/\/radioclanfm.com\/clanespectaculos\/#organization"},"image":{"@id":"https:\/\/radioclanfm.com\/clanespectaculos\/valentin-yankelevich-conto-por-que-siente-la-presencia-de-su-mama-romina-yan-cuando-esta-en-peligro\/#primaryimage"},"thumbnailUrl":"https:\/\/radioclanfm.com\/clanespectaculos\/wp-content\/uploads\/sites\/2\/2025\/06\/djxXa8lB.jpg","articleSection":["Espectaculos"],"inLanguage":"es-AR","potentialAction":[{"@type":"CommentAction","name":"Comment","target":["https:\/\/radioclanfm.com\/clanespectaculos\/valentin-yankelevich-conto-por-que-siente-la-presencia-de-su-mama-romina-yan-cuando-esta-en-peligro\/#respond"]}]},{"@type":"WebPage","@id":"https:\/\/radioclanfm.com\/clanespectaculos\/valentin-yankelevich-conto-por-que-siente-la-presencia-de-su-mama-romina-yan-cuando-esta-en-peligro\/","url":"https:\/\/radioclanfm.com\/clanespectaculos\/valentin-yankelevich-conto-por-que-siente-la-presencia-de-su-mama-romina-yan-cuando-esta-en-peligro\/","name":"Valent\u00edn Yankelevich cont\u00f3 por qu\u00e9 siente la presencia de su mam\u00e1 Romina Yan cuando est\u00e1 en peligro - CLAN ESPECTACULOS","isPartOf":{"@id":"https:\/\/radioclanfm.com\/clanespectaculos\/#website"},"primaryImageOfPage":{"@id":"https:\/\/radioclanfm.com\/clanespectaculos\/valentin-yankelevich-conto-por-que-siente-la-presencia-de-su-mama-romina-yan-cuando-esta-en-peligro\/#primaryimage"},"image":{"@id":"https:\/\/radioclanfm.com\/clanespectaculos\/valentin-yankelevich-conto-por-que-siente-la-presencia-de-su-mama-romina-yan-cuando-esta-en-peligro\/#primaryimage"},"thumbnailUrl":"https:\/\/radioclanfm.com\/clanespectaculos\/wp-content\/uploads\/sites\/2\/2025\/06\/djxXa8lB.jpg","datePublished":"2025-06-09T04:43:04+00:00","breadcrumb":{"@id":"https:\/\/radioclanfm.com\/clanespectaculos\/valentin-yankelevich-conto-por-que-siente-la-presencia-de-su-mama-romina-yan-cuando-esta-en-peligro\/#breadcrumb"},"inLanguage":"es-AR","potentialAction":[{"@type":"ReadAction","target":["https:\/\/radioclanfm.com\/clanespectaculos\/valentin-yankelevich-conto-por-que-siente-la-presencia-de-su-mama-romina-yan-cuando-esta-en-peligro\/"]}]},{"@type":"ImageObject","inLanguage":"es-AR","@id":"https:\/\/radioclanfm.com\/clanespectaculos\/valentin-yankelevich-conto-por-que-siente-la-presencia-de-su-mama-romina-yan-cuando-esta-en-peligro\/#primaryimage","url":"https:\/\/radioclanfm.com\/clanespectaculos\/wp-content\/uploads\/sites\/2\/2025\/06\/djxXa8lB.jpg","contentUrl":"https:\/\/radioclanfm.com\/clanespectaculos\/wp-content\/uploads\/sites\/2\/2025\/06\/djxXa8lB.jpg","width":900,"height":505},{"@type":"BreadcrumbList","@id":"https:\/\/radioclanfm.com\/clanespectaculos\/valentin-yankelevich-conto-por-que-siente-la-presencia-de-su-mama-romina-yan-cuando-esta-en-peligro\/#breadcrumb","itemListElement":[{"@type":"ListItem","position":1,"name":"Inicio","item":"https:\/\/radioclanfm.com\/clanespectaculos\/"},{"@type":"ListItem","position":2,"name":"Valent\u00edn Yankelevich cont\u00f3 por qu\u00e9 siente la presencia de su mam\u00e1 Romina Yan cuando est\u00e1 en peligro"}]},{"@type":"WebSite","@id":"https:\/\/radioclanfm.com\/clanespectaculos\/#website","url":"https:\/\/radioclanfm.com\/clanespectaculos\/","name":"CLAN ESPECTACULOS","description":"","publisher":{"@id":"https:\/\/radioclanfm.com\/clanespectaculos\/#organization"},"potentialAction":[{"@type":"SearchAction","target":{"@type":"EntryPoint","urlTemplate":"https:\/\/radioclanfm.com\/clanespectaculos\/?s={search_term_string}"},"query-input":{"@type":"PropertyValueSpecification","valueRequired":true,"valueName":"search_term_string"}}],"inLanguage":"es-AR"},{"@type":"Organization","@id":"https:\/\/radioclanfm.com\/clanespectaculos\/#organization","name":"CLAN ESPECTACULOS","url":"https:\/\/radioclanfm.com\/clanespectaculos\/","logo":{"@type":"ImageObject","inLanguage":"es-AR","@id":"https:\/\/radioclanfm.com\/clanespectaculos\/#\/schema\/logo\/image\/","url":"https:\/\/radioclanfm.com\/clanespectaculos\/wp-content\/uploads\/sites\/2\/2026\/04\/ChatGPT-Image-23-mar-2026-10_09_00.png","contentUrl":"https:\/\/radioclanfm.com\/clanespectaculos\/wp-content\/uploads\/sites\/2\/2026\/04\/ChatGPT-Image-23-mar-2026-10_09_00.png","width":1024,"height":1024,"caption":"CLAN ESPECTACULOS"},"image":{"@id":"https:\/\/radioclanfm.com\/clanespectaculos\/#\/schema\/logo\/image\/"},"sameAs":["https:\/\/www.facebook.com\/clanespectaculos\/","https:\/\/x.com\/clanespectok"]},{"@type":"Person","@id":"https:\/\/radioclanfm.com\/clanespectaculos\/#\/schema\/person\/9734813083303230f3ad84d99171b20c","name":"E-GRUPOCLAN","image":{"@type":"ImageObject","inLanguage":"es-AR","@id":"https:\/\/secure.gravatar.com\/avatar\/af6e19837c3d6a212034a48c7b3818d2ac1826f6025df0155da5a186ad321d79?s=96&d=mm&r=g","url":"https:\/\/secure.gravatar.com\/avatar\/af6e19837c3d6a212034a48c7b3818d2ac1826f6025df0155da5a186ad321d79?s=96&d=mm&r=g","contentUrl":"https:\/\/secure.gravatar.com\/avatar\/af6e19837c3d6a212034a48c7b3818d2ac1826f6025df0155da5a186ad321d79?s=96&d=mm&r=g","caption":"E-GRUPOCLAN"},"sameAs":["https:\/\/radioclanfm.com"],"url":"https:\/\/radioclanfm.com\/clanespectaculos\/author\/admin\/"}]}},"_links":{"self":[{"href":"https:\/\/radioclanfm.com\/clanespectaculos\/wp-json\/wp\/v2\/posts\/1476","targetHints":{"allow":["GET"]}}],"collection":[{"href":"https:\/\/radioclanfm.com\/clanespectaculos\/wp-json\/wp\/v2\/posts"}],"about":[{"href":"https:\/\/radioclanfm.com\/clanespectaculos\/wp-json\/wp\/v2\/types\/post"}],"author":[{"embeddable":true,"href":"https:\/\/radioclanfm.com\/clanespectaculos\/wp-json\/wp\/v2\/users\/1"}],"replies":[{"embeddable":true,"href":"https:\/\/radioclanfm.com\/clanespectaculos\/wp-json\/wp\/v2\/comments?post=1476"}],"version-history":[{"count":1,"href":"https:\/\/radioclanfm.com\/clanespectaculos\/wp-json\/wp\/v2\/posts\/1476\/revisions"}],"predecessor-version":[{"id":1480,"href":"https:\/\/radioclanfm.com\/clanespectaculos\/wp-json\/wp\/v2\/posts\/1476\/revisions\/1480"}],"wp:featuredmedia":[{"embeddable":true,"href":"https:\/\/radioclanfm.com\/clanespectaculos\/wp-json\/wp\/v2\/media\/1479"}],"wp:attachment":[{"href":"https:\/\/radioclanfm.com\/clanespectaculos\/wp-json\/wp\/v2\/media?parent=1476"}],"wp:term":[{"taxonomy":"category","embeddable":true,"href":"https:\/\/radioclanfm.com\/clanespectaculos\/wp-json\/wp\/v2\/categories?post=1476"},{"taxonomy":"post_tag","embeddable":true,"href":"https:\/\/radioclanfm.com\/clanespectaculos\/wp-json\/wp\/v2\/tags?post=1476"}],"curies":[{"name":"wp","href":"https:\/\/api.w.org\/{rel}","templated":true}]}}