{"id":1451,"date":"2025-06-09T01:34:49","date_gmt":"2025-06-09T04:34:49","guid":{"rendered":"https:\/\/radioclanfm.com\/clanespectaculos\/?p=1451"},"modified":"2025-06-09T01:34:49","modified_gmt":"2025-06-09T04:34:49","slug":"wanda-nara-regreso-al-pais-y-apunto-contra-la-china-suarez-y-mauro-icardi-es-una-violencia-extrema","status":"publish","type":"post","link":"https:\/\/radioclanfm.com\/clanespectaculos\/wanda-nara-regreso-al-pais-y-apunto-contra-la-china-suarez-y-mauro-icardi-es-una-violencia-extrema\/","title":{"rendered":"Wanda Nara regres\u00f3 al pa\u00eds y apunt\u00f3 contra la China Su\u00e1rez y Mauro Icardi: \u201cEs una violencia extrema\u201d"},"content":{"rendered":"<p>La conductora en el Aeropuerto de Ezeiza habl\u00f3 con Infama sobre el reencuentro de su ex con sus hijos que termin\u00f3 en una nueva pol\u00e9mica<\/p>\n<p class=\"paragraph\" data-mrf-recirculation=\"Links inline\">En su vuelta a la Argentina,\u00a0<b>Wanda Nara<\/b><b>\u00a0<\/b>convers\u00f3 con los medios que la esperaban en el Aeropuerto de Ezeiza, luego del\u00a0esc\u00e1ndalo de este viernes por la reuni\u00f3n de\u00a0<b>Mauro Icardi\u00a0<\/b>con sus hijas\u00a0y los hijos que ella tuvo con Maxi L\u00f3pez y que termin\u00f3, como todo en esta guerra,\u00a0en una nueva controversia.<\/p>\n<div class=\"news-module\" data-mrf-recirculation=\"IL_Ct0zZTd2RqSjHGMXsLzz7w\" data-testid=\"text-html\" data-mrf-experience=\"IL_Ct0zZTd2RqSjHGMXsLzz7w\">\n<div class=\"recommended-card__image-container\"><\/div>\n<\/div>\n<p class=\"paragraph\" data-mrf-recirculation=\"Links inline\">Es eso que yo dije, nada m\u00e1s. Cualquier mam\u00e1 si est\u00e1s lejos y te llama tu hija llorando, que no estaba durmiendo como dijeron, te vas a poner mal. Reaccion\u00e9 como reaccionar\u00eda cualquier mam\u00e1 cuando tu hija est\u00e1 mal&#8221;, afirm\u00f3, a Infama cruzando la versi\u00f3n que dio su exmarido.<\/p>\n<div class=\"inline ad-wrapper\">\n<div class=\"dfpAd ad-inline\"><\/div>\n<\/div>\n<p class=\"paragraph\" data-mrf-recirculation=\"Links inline\">Al ser consultada sobre su opini\u00f3n, luego de que Icardi la tild\u00f3 de celosa y envidiosa.\u00a0<b>\u201cYo lo solt\u00e9, no solo a toda esta situaci\u00f3n, sino a \u00e9l, porque decid\u00ed separarme\u201d<\/b>, asever\u00f3. \u201cCuando decid\u00ed separarme, recib\u00ed un mont\u00f3n de amenazas que por la decisi\u00f3n que estaba tomando, iba a sufrir las consecuencias que estoy sufriendo. Entonces me lo tomo como me lo tengo que tomar\u201d, puntualiz\u00f3.<\/p>\n<div class=\"news-module\" data-mrf-recirculation=\"IL_RjJ8XQ94SCCdND4VX9YvyQ\" data-testid=\"text-html\" data-mrf-experience=\"IL_RjJ8XQ94SCCdND4VX9YvyQ\">\n<div class=\"recommended-card__image-container\"><\/div>\n<\/div>\n<div class=\"visual__image\"><picture><source srcset=\"https:\/\/www.infobae.com\/resizer\/v2\/SPFEU6QOLRBLFEMHPU4MVGW6ZM.jpg?auth=cff1ad8baf589c3e58642f3dfa61a614dbc9c31af4fc201bf249242ed50ab815&amp;smart=true&amp;width=992&amp;height=558&amp;quality=85\" media=\"(min-width: 1000px)\" \/><source srcset=\"https:\/\/www.infobae.com\/resizer\/v2\/SPFEU6QOLRBLFEMHPU4MVGW6ZM.jpg?auth=cff1ad8baf589c3e58642f3dfa61a614dbc9c31af4fc201bf249242ed50ab815&amp;smart=true&amp;width=768&amp;height=432&amp;quality=85\" media=\"(min-width: 768px)\" \/><source srcset=\"https:\/\/www.infobae.com\/resizer\/v2\/SPFEU6QOLRBLFEMHPU4MVGW6ZM.jpg?auth=cff1ad8baf589c3e58642f3dfa61a614dbc9c31af4fc201bf249242ed50ab815&amp;smart=true&amp;width=577&amp;height=325&amp;quality=85\" media=\"(min-width: 580px)\" \/><source srcset=\"https:\/\/www.infobae.com\/resizer\/v2\/SPFEU6QOLRBLFEMHPU4MVGW6ZM.jpg?auth=cff1ad8baf589c3e58642f3dfa61a614dbc9c31af4fc201bf249242ed50ab815&amp;smart=true&amp;width=420&amp;height=236&amp;quality=85\" media=\"(min-width: 350px)\" \/><source srcset=\"https:\/\/www.infobae.com\/resizer\/v2\/SPFEU6QOLRBLFEMHPU4MVGW6ZM.jpg?auth=cff1ad8baf589c3e58642f3dfa61a614dbc9c31af4fc201bf249242ed50ab815&amp;smart=true&amp;width=350&amp;height=197&amp;quality=85\" media=\"(min-width: 80px)\" \/><img loading=\"lazy\" decoding=\"async\" class=\"global-image\" src=\"https:\/\/www.infobae.com\/resizer\/v2\/SPFEU6QOLRBLFEMHPU4MVGW6ZM.jpg?auth=cff1ad8baf589c3e58642f3dfa61a614dbc9c31af4fc201bf249242ed50ab815&amp;smart=true&amp;width=350&amp;height=197&amp;quality=85\" alt=\"&quot;Yo lo solt\u00e9, no solo\" width=\"1920\" height=\"1080\" \/><\/picture>&#8220;Yo lo solt\u00e9, no solo a toda esta situaci\u00f3n, sino a \u00e9l, porque decid\u00ed separarme\u201d, apunt\u00f3 Wanda Nara contra Mauro Icardi (Instagram)<\/div>\n<p class=\"paragraph\" data-mrf-recirculation=\"Links inline\">\u201c\u00bfQu\u00e9 te pasa cuando la pareja de tu ex no respeta los tiempos que tienen que tener sus nenas?\u201c, indag\u00f3 el cronista del ciclo que conduce Marcela Tauro. \u201d<b>Ella que haga su vida. Yo no me voy a meter. Ac\u00e1 el responsable es \u00e9l<\/b>. Simplemente reaccion\u00e9 as\u00ed por lo que me dijo mi hija y porque fue quien hizo llorar a mi hija, nada m\u00e1s&#8221;, expres\u00f3.<\/p>\n<div class=\"inline_2_DSK ad-wrapper ad-desktop\">\n<div class=\"dfpAd ad-inline\">\n<div id=\"infobae\/teleshow\/nota\/inline_2_DSK\" class=\"infobae\/teleshow\/nota\/inline_2_DSK arcad\" data-google-query-id=\"CNfC9LTB440DFXqEYQYdqjsqYQ\">\n<div id=\"google_ads_iframe_\/1058609\/infobae\/teleshow\/nota\/inline_2_DSK_0__container__\"><\/div>\n<\/div>\n<\/div>\n<\/div>\n<p class=\"paragraph\" data-mrf-recirculation=\"Links inline\">La conductora de\u00a0<i>Bake Off Famosos\u00a0<\/i>tambi\u00e9n se deslig\u00f3 de todo lo que est\u00e1 ocurriendo en la batalla que mantiene con su exmarido: \u201cLa verdad que yo no siento culpa porque la Justicia me mand\u00f3 a hacer a m\u00ed un tratamiento psicol\u00f3gico, que lo hago ya hace varios meses. Lo \u00fanico que pido es que por favor \u00e9l empiece su tratamiento psicol\u00f3gico. Ah\u00ed veremos un mont\u00f3n de situaciones que estamos viendo que no son normales\u201d.<\/p>\n<div class=\"news-module\" data-mrf-recirculation=\"IL_wPVu_IE4S76a5Gsl0lX8mA\" data-testid=\"text-html\" data-mrf-experience=\"IL_wPVu_IE4S76a5Gsl0lX8mA\">\n<div class=\"recommended-card__image-container\"><\/div>\n<\/div>\n<p class=\"paragraph\" data-mrf-recirculation=\"Links inline\">\u201c<b>Yo insisto en que \u00e9l tiene que hacer un tratamiento psicol\u00f3gico<\/b>, como pidi\u00f3 la Justicia para poder revincularse con sus hijas de una manera sana y saludable. Yo lo vengo diciendo hace un mont\u00f3n que necesita hacer terapia y ahora ya no lo digo yo, lo pide tambi\u00e9n la Justicia\u201d, enfatiz\u00f3. \u201cYo\u00a0<b>toda la vida voy a trabajar para que \u00e9l pueda estar con sus hijas<\/b>\u00a0de la manera que quieran ellas. O sea, yo respondo a los pedidos de lo que ellas quieran\u201d, se\u00f1al\u00f3.<\/p>\n<div class=\"visual__image\"><picture><source srcset=\"https:\/\/www.infobae.com\/resizer\/v2\/KACNCLTCHRFXTAGYDRRSQVH56E.jpg?auth=f8ecc8d87b90f5817d9bccd1624e3a7f9d6818969148692bf750004704cb1b52&amp;smart=true&amp;width=992&amp;height=558&amp;quality=85\" media=\"(min-width: 1000px)\" \/><source srcset=\"https:\/\/www.infobae.com\/resizer\/v2\/KACNCLTCHRFXTAGYDRRSQVH56E.jpg?auth=f8ecc8d87b90f5817d9bccd1624e3a7f9d6818969148692bf750004704cb1b52&amp;smart=true&amp;width=768&amp;height=432&amp;quality=85\" media=\"(min-width: 768px)\" \/><source srcset=\"https:\/\/www.infobae.com\/resizer\/v2\/KACNCLTCHRFXTAGYDRRSQVH56E.jpg?auth=f8ecc8d87b90f5817d9bccd1624e3a7f9d6818969148692bf750004704cb1b52&amp;smart=true&amp;width=577&amp;height=325&amp;quality=85\" media=\"(min-width: 580px)\" \/><source srcset=\"https:\/\/www.infobae.com\/resizer\/v2\/KACNCLTCHRFXTAGYDRRSQVH56E.jpg?auth=f8ecc8d87b90f5817d9bccd1624e3a7f9d6818969148692bf750004704cb1b52&amp;smart=true&amp;width=420&amp;height=236&amp;quality=85\" media=\"(min-width: 350px)\" \/><source srcset=\"https:\/\/www.infobae.com\/resizer\/v2\/KACNCLTCHRFXTAGYDRRSQVH56E.jpg?auth=f8ecc8d87b90f5817d9bccd1624e3a7f9d6818969148692bf750004704cb1b52&amp;smart=true&amp;width=350&amp;height=197&amp;quality=85\" media=\"(min-width: 80px)\" \/><img loading=\"lazy\" decoding=\"async\" class=\"global-image\" src=\"https:\/\/www.infobae.com\/resizer\/v2\/KACNCLTCHRFXTAGYDRRSQVH56E.jpg?auth=f8ecc8d87b90f5817d9bccd1624e3a7f9d6818969148692bf750004704cb1b52&amp;smart=true&amp;width=350&amp;height=197&amp;quality=85\" alt=\"\u201cEste tema me supera y\" width=\"1920\" height=\"1080\" \/><\/picture>\u201cEste tema me supera y me parece como un grado de violencia extremo y no lo entiendo de ninguna de las dos partes&#8221;, se despach\u00f3 Wanda Nara contra Mauro Icardi y la China Su\u00e1rez (Instagram)<\/div>\n<div><\/div>\n<p class=\"paragraph\" data-mrf-recirculation=\"Links inline\">La influencer tambi\u00e9n se refiri\u00f3 al problema que surgi\u00f3 en el colegio al que concurren sus hijas por una\u00a0supuesta falta de responsables legales ante la ausencia de los padres\u00a0de las menores. \u201cFue un malentendido. Hay una parte que es de secundaria y otra, de la parte primaria. Nosotros mandamos un mail a la parte de la secundaria, pensando que eran las mismas personas. Yo a veces pienso que mis hijos tienen el mismo apellido, pero pertenecen a dos pap\u00e1s diferentes. Para todos son las mismas personas las responsables, tanto Zaira como Kennys, mi pap\u00e1 y otra amiga m\u00eda que estaba en mi casa. Es la gente que siempre qued\u00f3 al cuidado de mis hijos\u201d, explic\u00f3.<\/p>\n<p class=\"paragraph\" data-mrf-recirculation=\"Links inline\">Incluso aclar\u00f3 la situaci\u00f3n de Andr\u00e9s Nara con sus hijos. \u201cMi pap\u00e1 hace varios a\u00f1os que tiene v\u00ednculo, que todos los domingos merienda con mis hijos y me parece que estaba bueno que recupere el tiempo perdido con sus nietos\u201d, puntualiz\u00f3. Hacia el final, se refiri\u00f3 a los dichos de Mauro Icardi cuando asegur\u00f3 en\u00a0sus \u00faltimos posteos que quer\u00eda buscar la tenencia de sus hijas.<\/p>\n<div class=\"visual__image\"><picture><source srcset=\"https:\/\/www.infobae.com\/resizer\/v2\/AHQEANEJ7ZESDPYKXXZJQKBPRQ.jpg?auth=5196928eda938714e387fe3afbaa4ccb2877fe56d8a472cb3dad8e6ffef1dae6&amp;smart=true&amp;width=992&amp;height=558&amp;quality=85\" media=\"(min-width: 1000px)\" \/><source srcset=\"https:\/\/www.infobae.com\/resizer\/v2\/AHQEANEJ7ZESDPYKXXZJQKBPRQ.jpg?auth=5196928eda938714e387fe3afbaa4ccb2877fe56d8a472cb3dad8e6ffef1dae6&amp;smart=true&amp;width=768&amp;height=432&amp;quality=85\" media=\"(min-width: 768px)\" \/><source srcset=\"https:\/\/www.infobae.com\/resizer\/v2\/AHQEANEJ7ZESDPYKXXZJQKBPRQ.jpg?auth=5196928eda938714e387fe3afbaa4ccb2877fe56d8a472cb3dad8e6ffef1dae6&amp;smart=true&amp;width=577&amp;height=325&amp;quality=85\" media=\"(min-width: 580px)\" \/><source srcset=\"https:\/\/www.infobae.com\/resizer\/v2\/AHQEANEJ7ZESDPYKXXZJQKBPRQ.jpg?auth=5196928eda938714e387fe3afbaa4ccb2877fe56d8a472cb3dad8e6ffef1dae6&amp;smart=true&amp;width=420&amp;height=236&amp;quality=85\" media=\"(min-width: 350px)\" \/><source srcset=\"https:\/\/www.infobae.com\/resizer\/v2\/AHQEANEJ7ZESDPYKXXZJQKBPRQ.jpg?auth=5196928eda938714e387fe3afbaa4ccb2877fe56d8a472cb3dad8e6ffef1dae6&amp;smart=true&amp;width=350&amp;height=197&amp;quality=85\" media=\"(min-width: 80px)\" \/><img loading=\"lazy\" decoding=\"async\" class=\"global-image\" src=\"https:\/\/www.infobae.com\/resizer\/v2\/AHQEANEJ7ZESDPYKXXZJQKBPRQ.jpg?auth=5196928eda938714e387fe3afbaa4ccb2877fe56d8a472cb3dad8e6ffef1dae6&amp;smart=true&amp;width=350&amp;height=197&amp;quality=85\" alt=\"Wanda Nara contra Mauro Icardi:\" width=\"1920\" height=\"1080\" \/><\/picture>Wanda Nara contra Mauro Icardi: &#8220;Si bien a la pareja de Mauro yo la conoc\u00eda y ten\u00eda un v\u00ednculo, me parece raro tambi\u00e9n que una mujer apoye a un hombre en toda esta locura\u201d (Instagram)<\/div>\n<p class=\"paragraph\" data-mrf-recirculation=\"Links inline\">\u201cLa posibilidad de que Mauro se pueda llevar a las chicas a Turqu\u00eda sigue estando latente. \u00bfTen\u00e9s miedo de eso o est\u00e1s segura que eso no va a pasar?\u201c, le preguntaron a la animadora. \u201dNo, yo estoy segura. Conf\u00edo mucho en la Justicia argentina, por eso decid\u00ed venirme ac\u00e1, que es mi pa\u00eds y estoy muy tranquila&#8221;, comenz\u00f3 diciendo.<\/p>\n<p class=\"paragraph\" data-mrf-recirculation=\"Links inline\">\u201cEste tema me supera y\u00a0<b>me parece como un grado de violencia extremo y no lo entiendo de ninguna de las dos partes<\/b>. Si bien a la pareja de Mauro yo la conoc\u00eda y ten\u00eda un v\u00ednculo,\u00a0<b>me parece raro tambi\u00e9n que una mujer apoye a un hombre en toda esta locura<\/b>\u201d, concluy\u00f3.<\/p>\n<div class=\"second-saved-buttons\">\n<div class=\"body-share-note\"><\/div>\n<\/div>\n","protected":false},"excerpt":{"rendered":"<p>La conductora en el Aeropuerto de Ezeiza habl\u00f3 con Infama sobre el reencuentro de su ex con sus hijos que termin\u00f3 en una nueva pol\u00e9mica En su vuelta a la Argentina,\u00a0Wanda Nara\u00a0convers\u00f3 con los medios que la esperaban en el Aeropuerto de Ezeiza, luego del\u00a0esc\u00e1ndalo de este viernes por la reuni\u00f3n de\u00a0Mauro Icardi\u00a0con sus hijas\u00a0y [&hellip;]<\/p>\n","protected":false},"author":1,"featured_media":1454,"comment_status":"open","ping_status":"open","sticky":false,"template":"","format":"standard","meta":{"rop_custom_images_group":[],"rop_custom_messages_group":[],"rop_publish_now":"initial","rop_publish_now_accounts":[],"rop_publish_now_history":[],"rop_publish_now_status":"pending","footnotes":"","jetpack_publicize_message":"","jetpack_publicize_feature_enabled":true,"jetpack_social_post_already_shared":true,"jetpack_social_options":{"image_generator_settings":{"template":"highway","enabled":false},"version":2}},"categories":[12],"tags":[],"class_list":{"0":"post-1451","1":"post","2":"type-post","3":"status-publish","4":"format-standard","5":"has-post-thumbnail","7":"category-espectaculos"},"jetpack_publicize_connections":[],"yoast_head":"<!-- This site is optimized with the Yoast SEO plugin v27.3 - https:\/\/yoast.com\/product\/yoast-seo-wordpress\/ -->\n<title>Wanda Nara regres\u00f3 al pa\u00eds y apunt\u00f3 contra la China Su\u00e1rez y Mauro Icardi: \u201cEs una violencia extrema\u201d - CLAN ESPECTACULOS<\/title>\n<meta name=\"robots\" content=\"index, follow, max-snippet:-1, max-image-preview:large, max-video-preview:-1\" \/>\n<link rel=\"canonical\" href=\"https:\/\/radioclanfm.com\/clanespectaculos\/wanda-nara-regreso-al-pais-y-apunto-contra-la-china-suarez-y-mauro-icardi-es-una-violencia-extrema\/\" \/>\n<meta property=\"og:locale\" content=\"es_ES\" \/>\n<meta property=\"og:type\" content=\"article\" \/>\n<meta property=\"og:title\" content=\"Wanda Nara regres\u00f3 al pa\u00eds y apunt\u00f3 contra la China Su\u00e1rez y Mauro Icardi: \u201cEs una violencia extrema\u201d - CLAN ESPECTACULOS\" \/>\n<meta property=\"og:description\" content=\"La conductora en el Aeropuerto de Ezeiza habl\u00f3 con Infama sobre el reencuentro de su ex con sus hijos que termin\u00f3 en una nueva pol\u00e9mica En su vuelta a la Argentina,\u00a0Wanda Nara\u00a0convers\u00f3 con los medios que la esperaban en el Aeropuerto de Ezeiza, luego del\u00a0esc\u00e1ndalo de este viernes por la reuni\u00f3n de\u00a0Mauro Icardi\u00a0con sus hijas\u00a0y [&hellip;]\" \/>\n<meta property=\"og:url\" content=\"https:\/\/radioclanfm.com\/clanespectaculos\/wanda-nara-regreso-al-pais-y-apunto-contra-la-china-suarez-y-mauro-icardi-es-una-violencia-extrema\/\" \/>\n<meta property=\"og:site_name\" content=\"CLAN ESPECTACULOS\" \/>\n<meta property=\"article:publisher\" content=\"https:\/\/www.facebook.com\/clanespectaculos\/\" \/>\n<meta property=\"article:published_time\" content=\"2025-06-09T04:34:49+00:00\" \/>\n<meta property=\"og:image\" content=\"https:\/\/radioclanfm.com\/clanespectaculos\/wp-content\/uploads\/sites\/2\/2025\/06\/ESIQdnM1.jpg\" \/>\n\t<meta property=\"og:image:width\" content=\"900\" \/>\n\t<meta property=\"og:image:height\" content=\"450\" \/>\n\t<meta property=\"og:image:type\" content=\"image\/jpeg\" \/>\n<meta name=\"author\" content=\"E-GRUPOCLAN\" \/>\n<meta name=\"twitter:card\" content=\"summary_large_image\" \/>\n<meta name=\"twitter:creator\" content=\"@clanespectok\" \/>\n<meta name=\"twitter:site\" content=\"@clanespectok\" \/>\n<meta name=\"twitter:label1\" content=\"Escrito por\" \/>\n\t<meta name=\"twitter:data1\" content=\"E-GRUPOCLAN\" \/>\n\t<meta name=\"twitter:label2\" content=\"Tiempo de lectura\" \/>\n\t<meta name=\"twitter:data2\" content=\"4 minutos\" \/>\n<script type=\"application\/ld+json\" class=\"yoast-schema-graph\">{\"@context\":\"https:\\\/\\\/schema.org\",\"@graph\":[{\"@type\":\"Article\",\"@id\":\"https:\\\/\\\/radioclanfm.com\\\/clanespectaculos\\\/wanda-nara-regreso-al-pais-y-apunto-contra-la-china-suarez-y-mauro-icardi-es-una-violencia-extrema\\\/#article\",\"isPartOf\":{\"@id\":\"https:\\\/\\\/radioclanfm.com\\\/clanespectaculos\\\/wanda-nara-regreso-al-pais-y-apunto-contra-la-china-suarez-y-mauro-icardi-es-una-violencia-extrema\\\/\"},\"author\":{\"name\":\"E-GRUPOCLAN\",\"@id\":\"https:\\\/\\\/radioclanfm.com\\\/clanespectaculos\\\/#\\\/schema\\\/person\\\/9734813083303230f3ad84d99171b20c\"},\"headline\":\"Wanda Nara regres\u00f3 al pa\u00eds y apunt\u00f3 contra la China Su\u00e1rez y Mauro Icardi: \u201cEs una violencia extrema\u201d\",\"datePublished\":\"2025-06-09T04:34:49+00:00\",\"mainEntityOfPage\":{\"@id\":\"https:\\\/\\\/radioclanfm.com\\\/clanespectaculos\\\/wanda-nara-regreso-al-pais-y-apunto-contra-la-china-suarez-y-mauro-icardi-es-una-violencia-extrema\\\/\"},\"wordCount\":873,\"commentCount\":0,\"publisher\":{\"@id\":\"https:\\\/\\\/radioclanfm.com\\\/clanespectaculos\\\/#organization\"},\"image\":{\"@id\":\"https:\\\/\\\/radioclanfm.com\\\/clanespectaculos\\\/wanda-nara-regreso-al-pais-y-apunto-contra-la-china-suarez-y-mauro-icardi-es-una-violencia-extrema\\\/#primaryimage\"},\"thumbnailUrl\":\"https:\\\/\\\/radioclanfm.com\\\/clanespectaculos\\\/wp-content\\\/uploads\\\/sites\\\/2\\\/2025\\\/06\\\/ESIQdnM1.jpg\",\"articleSection\":[\"Espectaculos\"],\"inLanguage\":\"es-AR\",\"potentialAction\":[{\"@type\":\"CommentAction\",\"name\":\"Comment\",\"target\":[\"https:\\\/\\\/radioclanfm.com\\\/clanespectaculos\\\/wanda-nara-regreso-al-pais-y-apunto-contra-la-china-suarez-y-mauro-icardi-es-una-violencia-extrema\\\/#respond\"]}]},{\"@type\":\"WebPage\",\"@id\":\"https:\\\/\\\/radioclanfm.com\\\/clanespectaculos\\\/wanda-nara-regreso-al-pais-y-apunto-contra-la-china-suarez-y-mauro-icardi-es-una-violencia-extrema\\\/\",\"url\":\"https:\\\/\\\/radioclanfm.com\\\/clanespectaculos\\\/wanda-nara-regreso-al-pais-y-apunto-contra-la-china-suarez-y-mauro-icardi-es-una-violencia-extrema\\\/\",\"name\":\"Wanda Nara regres\u00f3 al pa\u00eds y apunt\u00f3 contra la China Su\u00e1rez y Mauro Icardi: \u201cEs una violencia extrema\u201d - CLAN ESPECTACULOS\",\"isPartOf\":{\"@id\":\"https:\\\/\\\/radioclanfm.com\\\/clanespectaculos\\\/#website\"},\"primaryImageOfPage\":{\"@id\":\"https:\\\/\\\/radioclanfm.com\\\/clanespectaculos\\\/wanda-nara-regreso-al-pais-y-apunto-contra-la-china-suarez-y-mauro-icardi-es-una-violencia-extrema\\\/#primaryimage\"},\"image\":{\"@id\":\"https:\\\/\\\/radioclanfm.com\\\/clanespectaculos\\\/wanda-nara-regreso-al-pais-y-apunto-contra-la-china-suarez-y-mauro-icardi-es-una-violencia-extrema\\\/#primaryimage\"},\"thumbnailUrl\":\"https:\\\/\\\/radioclanfm.com\\\/clanespectaculos\\\/wp-content\\\/uploads\\\/sites\\\/2\\\/2025\\\/06\\\/ESIQdnM1.jpg\",\"datePublished\":\"2025-06-09T04:34:49+00:00\",\"breadcrumb\":{\"@id\":\"https:\\\/\\\/radioclanfm.com\\\/clanespectaculos\\\/wanda-nara-regreso-al-pais-y-apunto-contra-la-china-suarez-y-mauro-icardi-es-una-violencia-extrema\\\/#breadcrumb\"},\"inLanguage\":\"es-AR\",\"potentialAction\":[{\"@type\":\"ReadAction\",\"target\":[\"https:\\\/\\\/radioclanfm.com\\\/clanespectaculos\\\/wanda-nara-regreso-al-pais-y-apunto-contra-la-china-suarez-y-mauro-icardi-es-una-violencia-extrema\\\/\"]}]},{\"@type\":\"ImageObject\",\"inLanguage\":\"es-AR\",\"@id\":\"https:\\\/\\\/radioclanfm.com\\\/clanespectaculos\\\/wanda-nara-regreso-al-pais-y-apunto-contra-la-china-suarez-y-mauro-icardi-es-una-violencia-extrema\\\/#primaryimage\",\"url\":\"https:\\\/\\\/radioclanfm.com\\\/clanespectaculos\\\/wp-content\\\/uploads\\\/sites\\\/2\\\/2025\\\/06\\\/ESIQdnM1.jpg\",\"contentUrl\":\"https:\\\/\\\/radioclanfm.com\\\/clanespectaculos\\\/wp-content\\\/uploads\\\/sites\\\/2\\\/2025\\\/06\\\/ESIQdnM1.jpg\",\"width\":900,\"height\":450},{\"@type\":\"BreadcrumbList\",\"@id\":\"https:\\\/\\\/radioclanfm.com\\\/clanespectaculos\\\/wanda-nara-regreso-al-pais-y-apunto-contra-la-china-suarez-y-mauro-icardi-es-una-violencia-extrema\\\/#breadcrumb\",\"itemListElement\":[{\"@type\":\"ListItem\",\"position\":1,\"name\":\"Inicio\",\"item\":\"https:\\\/\\\/radioclanfm.com\\\/clanespectaculos\\\/\"},{\"@type\":\"ListItem\",\"position\":2,\"name\":\"Wanda Nara regres\u00f3 al pa\u00eds y apunt\u00f3 contra la China Su\u00e1rez y Mauro Icardi: \u201cEs una violencia extrema\u201d\"}]},{\"@type\":\"WebSite\",\"@id\":\"https:\\\/\\\/radioclanfm.com\\\/clanespectaculos\\\/#website\",\"url\":\"https:\\\/\\\/radioclanfm.com\\\/clanespectaculos\\\/\",\"name\":\"CLAN ESPECTACULOS\",\"description\":\"\",\"publisher\":{\"@id\":\"https:\\\/\\\/radioclanfm.com\\\/clanespectaculos\\\/#organization\"},\"potentialAction\":[{\"@type\":\"SearchAction\",\"target\":{\"@type\":\"EntryPoint\",\"urlTemplate\":\"https:\\\/\\\/radioclanfm.com\\\/clanespectaculos\\\/?s={search_term_string}\"},\"query-input\":{\"@type\":\"PropertyValueSpecification\",\"valueRequired\":true,\"valueName\":\"search_term_string\"}}],\"inLanguage\":\"es-AR\"},{\"@type\":\"Organization\",\"@id\":\"https:\\\/\\\/radioclanfm.com\\\/clanespectaculos\\\/#organization\",\"name\":\"CLAN ESPECTACULOS\",\"url\":\"https:\\\/\\\/radioclanfm.com\\\/clanespectaculos\\\/\",\"logo\":{\"@type\":\"ImageObject\",\"inLanguage\":\"es-AR\",\"@id\":\"https:\\\/\\\/radioclanfm.com\\\/clanespectaculos\\\/#\\\/schema\\\/logo\\\/image\\\/\",\"url\":\"https:\\\/\\\/radioclanfm.com\\\/clanespectaculos\\\/wp-content\\\/uploads\\\/sites\\\/2\\\/2026\\\/04\\\/ChatGPT-Image-23-mar-2026-10_09_00.png\",\"contentUrl\":\"https:\\\/\\\/radioclanfm.com\\\/clanespectaculos\\\/wp-content\\\/uploads\\\/sites\\\/2\\\/2026\\\/04\\\/ChatGPT-Image-23-mar-2026-10_09_00.png\",\"width\":1024,\"height\":1024,\"caption\":\"CLAN ESPECTACULOS\"},\"image\":{\"@id\":\"https:\\\/\\\/radioclanfm.com\\\/clanespectaculos\\\/#\\\/schema\\\/logo\\\/image\\\/\"},\"sameAs\":[\"https:\\\/\\\/www.facebook.com\\\/clanespectaculos\\\/\",\"https:\\\/\\\/x.com\\\/clanespectok\"]},{\"@type\":\"Person\",\"@id\":\"https:\\\/\\\/radioclanfm.com\\\/clanespectaculos\\\/#\\\/schema\\\/person\\\/9734813083303230f3ad84d99171b20c\",\"name\":\"E-GRUPOCLAN\",\"image\":{\"@type\":\"ImageObject\",\"inLanguage\":\"es-AR\",\"@id\":\"https:\\\/\\\/secure.gravatar.com\\\/avatar\\\/af6e19837c3d6a212034a48c7b3818d2ac1826f6025df0155da5a186ad321d79?s=96&d=mm&r=g\",\"url\":\"https:\\\/\\\/secure.gravatar.com\\\/avatar\\\/af6e19837c3d6a212034a48c7b3818d2ac1826f6025df0155da5a186ad321d79?s=96&d=mm&r=g\",\"contentUrl\":\"https:\\\/\\\/secure.gravatar.com\\\/avatar\\\/af6e19837c3d6a212034a48c7b3818d2ac1826f6025df0155da5a186ad321d79?s=96&d=mm&r=g\",\"caption\":\"E-GRUPOCLAN\"},\"sameAs\":[\"https:\\\/\\\/radioclanfm.com\"],\"url\":\"https:\\\/\\\/radioclanfm.com\\\/clanespectaculos\\\/author\\\/admin\\\/\"}]}<\/script>\n<!-- \/ Yoast SEO plugin. -->","yoast_head_json":{"title":"Wanda Nara regres\u00f3 al pa\u00eds y apunt\u00f3 contra la China Su\u00e1rez y Mauro Icardi: \u201cEs una violencia extrema\u201d - CLAN ESPECTACULOS","robots":{"index":"index","follow":"follow","max-snippet":"max-snippet:-1","max-image-preview":"max-image-preview:large","max-video-preview":"max-video-preview:-1"},"canonical":"https:\/\/radioclanfm.com\/clanespectaculos\/wanda-nara-regreso-al-pais-y-apunto-contra-la-china-suarez-y-mauro-icardi-es-una-violencia-extrema\/","og_locale":"es_ES","og_type":"article","og_title":"Wanda Nara regres\u00f3 al pa\u00eds y apunt\u00f3 contra la China Su\u00e1rez y Mauro Icardi: \u201cEs una violencia extrema\u201d - CLAN ESPECTACULOS","og_description":"La conductora en el Aeropuerto de Ezeiza habl\u00f3 con Infama sobre el reencuentro de su ex con sus hijos que termin\u00f3 en una nueva pol\u00e9mica En su vuelta a la Argentina,\u00a0Wanda Nara\u00a0convers\u00f3 con los medios que la esperaban en el Aeropuerto de Ezeiza, luego del\u00a0esc\u00e1ndalo de este viernes por la reuni\u00f3n de\u00a0Mauro Icardi\u00a0con sus hijas\u00a0y [&hellip;]","og_url":"https:\/\/radioclanfm.com\/clanespectaculos\/wanda-nara-regreso-al-pais-y-apunto-contra-la-china-suarez-y-mauro-icardi-es-una-violencia-extrema\/","og_site_name":"CLAN ESPECTACULOS","article_publisher":"https:\/\/www.facebook.com\/clanespectaculos\/","article_published_time":"2025-06-09T04:34:49+00:00","og_image":[{"width":900,"height":450,"url":"https:\/\/radioclanfm.com\/clanespectaculos\/wp-content\/uploads\/sites\/2\/2025\/06\/ESIQdnM1.jpg","type":"image\/jpeg"}],"author":"E-GRUPOCLAN","twitter_card":"summary_large_image","twitter_creator":"@clanespectok","twitter_site":"@clanespectok","twitter_misc":{"Escrito por":"E-GRUPOCLAN","Tiempo de lectura":"4 minutos"},"schema":{"@context":"https:\/\/schema.org","@graph":[{"@type":"Article","@id":"https:\/\/radioclanfm.com\/clanespectaculos\/wanda-nara-regreso-al-pais-y-apunto-contra-la-china-suarez-y-mauro-icardi-es-una-violencia-extrema\/#article","isPartOf":{"@id":"https:\/\/radioclanfm.com\/clanespectaculos\/wanda-nara-regreso-al-pais-y-apunto-contra-la-china-suarez-y-mauro-icardi-es-una-violencia-extrema\/"},"author":{"name":"E-GRUPOCLAN","@id":"https:\/\/radioclanfm.com\/clanespectaculos\/#\/schema\/person\/9734813083303230f3ad84d99171b20c"},"headline":"Wanda Nara regres\u00f3 al pa\u00eds y apunt\u00f3 contra la China Su\u00e1rez y Mauro Icardi: \u201cEs una violencia extrema\u201d","datePublished":"2025-06-09T04:34:49+00:00","mainEntityOfPage":{"@id":"https:\/\/radioclanfm.com\/clanespectaculos\/wanda-nara-regreso-al-pais-y-apunto-contra-la-china-suarez-y-mauro-icardi-es-una-violencia-extrema\/"},"wordCount":873,"commentCount":0,"publisher":{"@id":"https:\/\/radioclanfm.com\/clanespectaculos\/#organization"},"image":{"@id":"https:\/\/radioclanfm.com\/clanespectaculos\/wanda-nara-regreso-al-pais-y-apunto-contra-la-china-suarez-y-mauro-icardi-es-una-violencia-extrema\/#primaryimage"},"thumbnailUrl":"https:\/\/radioclanfm.com\/clanespectaculos\/wp-content\/uploads\/sites\/2\/2025\/06\/ESIQdnM1.jpg","articleSection":["Espectaculos"],"inLanguage":"es-AR","potentialAction":[{"@type":"CommentAction","name":"Comment","target":["https:\/\/radioclanfm.com\/clanespectaculos\/wanda-nara-regreso-al-pais-y-apunto-contra-la-china-suarez-y-mauro-icardi-es-una-violencia-extrema\/#respond"]}]},{"@type":"WebPage","@id":"https:\/\/radioclanfm.com\/clanespectaculos\/wanda-nara-regreso-al-pais-y-apunto-contra-la-china-suarez-y-mauro-icardi-es-una-violencia-extrema\/","url":"https:\/\/radioclanfm.com\/clanespectaculos\/wanda-nara-regreso-al-pais-y-apunto-contra-la-china-suarez-y-mauro-icardi-es-una-violencia-extrema\/","name":"Wanda Nara regres\u00f3 al pa\u00eds y apunt\u00f3 contra la China Su\u00e1rez y Mauro Icardi: \u201cEs una violencia extrema\u201d - CLAN ESPECTACULOS","isPartOf":{"@id":"https:\/\/radioclanfm.com\/clanespectaculos\/#website"},"primaryImageOfPage":{"@id":"https:\/\/radioclanfm.com\/clanespectaculos\/wanda-nara-regreso-al-pais-y-apunto-contra-la-china-suarez-y-mauro-icardi-es-una-violencia-extrema\/#primaryimage"},"image":{"@id":"https:\/\/radioclanfm.com\/clanespectaculos\/wanda-nara-regreso-al-pais-y-apunto-contra-la-china-suarez-y-mauro-icardi-es-una-violencia-extrema\/#primaryimage"},"thumbnailUrl":"https:\/\/radioclanfm.com\/clanespectaculos\/wp-content\/uploads\/sites\/2\/2025\/06\/ESIQdnM1.jpg","datePublished":"2025-06-09T04:34:49+00:00","breadcrumb":{"@id":"https:\/\/radioclanfm.com\/clanespectaculos\/wanda-nara-regreso-al-pais-y-apunto-contra-la-china-suarez-y-mauro-icardi-es-una-violencia-extrema\/#breadcrumb"},"inLanguage":"es-AR","potentialAction":[{"@type":"ReadAction","target":["https:\/\/radioclanfm.com\/clanespectaculos\/wanda-nara-regreso-al-pais-y-apunto-contra-la-china-suarez-y-mauro-icardi-es-una-violencia-extrema\/"]}]},{"@type":"ImageObject","inLanguage":"es-AR","@id":"https:\/\/radioclanfm.com\/clanespectaculos\/wanda-nara-regreso-al-pais-y-apunto-contra-la-china-suarez-y-mauro-icardi-es-una-violencia-extrema\/#primaryimage","url":"https:\/\/radioclanfm.com\/clanespectaculos\/wp-content\/uploads\/sites\/2\/2025\/06\/ESIQdnM1.jpg","contentUrl":"https:\/\/radioclanfm.com\/clanespectaculos\/wp-content\/uploads\/sites\/2\/2025\/06\/ESIQdnM1.jpg","width":900,"height":450},{"@type":"BreadcrumbList","@id":"https:\/\/radioclanfm.com\/clanespectaculos\/wanda-nara-regreso-al-pais-y-apunto-contra-la-china-suarez-y-mauro-icardi-es-una-violencia-extrema\/#breadcrumb","itemListElement":[{"@type":"ListItem","position":1,"name":"Inicio","item":"https:\/\/radioclanfm.com\/clanespectaculos\/"},{"@type":"ListItem","position":2,"name":"Wanda Nara regres\u00f3 al pa\u00eds y apunt\u00f3 contra la China Su\u00e1rez y Mauro Icardi: \u201cEs una violencia extrema\u201d"}]},{"@type":"WebSite","@id":"https:\/\/radioclanfm.com\/clanespectaculos\/#website","url":"https:\/\/radioclanfm.com\/clanespectaculos\/","name":"CLAN ESPECTACULOS","description":"","publisher":{"@id":"https:\/\/radioclanfm.com\/clanespectaculos\/#organization"},"potentialAction":[{"@type":"SearchAction","target":{"@type":"EntryPoint","urlTemplate":"https:\/\/radioclanfm.com\/clanespectaculos\/?s={search_term_string}"},"query-input":{"@type":"PropertyValueSpecification","valueRequired":true,"valueName":"search_term_string"}}],"inLanguage":"es-AR"},{"@type":"Organization","@id":"https:\/\/radioclanfm.com\/clanespectaculos\/#organization","name":"CLAN ESPECTACULOS","url":"https:\/\/radioclanfm.com\/clanespectaculos\/","logo":{"@type":"ImageObject","inLanguage":"es-AR","@id":"https:\/\/radioclanfm.com\/clanespectaculos\/#\/schema\/logo\/image\/","url":"https:\/\/radioclanfm.com\/clanespectaculos\/wp-content\/uploads\/sites\/2\/2026\/04\/ChatGPT-Image-23-mar-2026-10_09_00.png","contentUrl":"https:\/\/radioclanfm.com\/clanespectaculos\/wp-content\/uploads\/sites\/2\/2026\/04\/ChatGPT-Image-23-mar-2026-10_09_00.png","width":1024,"height":1024,"caption":"CLAN ESPECTACULOS"},"image":{"@id":"https:\/\/radioclanfm.com\/clanespectaculos\/#\/schema\/logo\/image\/"},"sameAs":["https:\/\/www.facebook.com\/clanespectaculos\/","https:\/\/x.com\/clanespectok"]},{"@type":"Person","@id":"https:\/\/radioclanfm.com\/clanespectaculos\/#\/schema\/person\/9734813083303230f3ad84d99171b20c","name":"E-GRUPOCLAN","image":{"@type":"ImageObject","inLanguage":"es-AR","@id":"https:\/\/secure.gravatar.com\/avatar\/af6e19837c3d6a212034a48c7b3818d2ac1826f6025df0155da5a186ad321d79?s=96&d=mm&r=g","url":"https:\/\/secure.gravatar.com\/avatar\/af6e19837c3d6a212034a48c7b3818d2ac1826f6025df0155da5a186ad321d79?s=96&d=mm&r=g","contentUrl":"https:\/\/secure.gravatar.com\/avatar\/af6e19837c3d6a212034a48c7b3818d2ac1826f6025df0155da5a186ad321d79?s=96&d=mm&r=g","caption":"E-GRUPOCLAN"},"sameAs":["https:\/\/radioclanfm.com"],"url":"https:\/\/radioclanfm.com\/clanespectaculos\/author\/admin\/"}]}},"_links":{"self":[{"href":"https:\/\/radioclanfm.com\/clanespectaculos\/wp-json\/wp\/v2\/posts\/1451","targetHints":{"allow":["GET"]}}],"collection":[{"href":"https:\/\/radioclanfm.com\/clanespectaculos\/wp-json\/wp\/v2\/posts"}],"about":[{"href":"https:\/\/radioclanfm.com\/clanespectaculos\/wp-json\/wp\/v2\/types\/post"}],"author":[{"embeddable":true,"href":"https:\/\/radioclanfm.com\/clanespectaculos\/wp-json\/wp\/v2\/users\/1"}],"replies":[{"embeddable":true,"href":"https:\/\/radioclanfm.com\/clanespectaculos\/wp-json\/wp\/v2\/comments?post=1451"}],"version-history":[{"count":1,"href":"https:\/\/radioclanfm.com\/clanespectaculos\/wp-json\/wp\/v2\/posts\/1451\/revisions"}],"predecessor-version":[{"id":1455,"href":"https:\/\/radioclanfm.com\/clanespectaculos\/wp-json\/wp\/v2\/posts\/1451\/revisions\/1455"}],"wp:featuredmedia":[{"embeddable":true,"href":"https:\/\/radioclanfm.com\/clanespectaculos\/wp-json\/wp\/v2\/media\/1454"}],"wp:attachment":[{"href":"https:\/\/radioclanfm.com\/clanespectaculos\/wp-json\/wp\/v2\/media?parent=1451"}],"wp:term":[{"taxonomy":"category","embeddable":true,"href":"https:\/\/radioclanfm.com\/clanespectaculos\/wp-json\/wp\/v2\/categories?post=1451"},{"taxonomy":"post_tag","embeddable":true,"href":"https:\/\/radioclanfm.com\/clanespectaculos\/wp-json\/wp\/v2\/tags?post=1451"}],"curies":[{"name":"wp","href":"https:\/\/api.w.org\/{rel}","templated":true}]}}