{"id":1446,"date":"2025-06-09T01:33:29","date_gmt":"2025-06-09T04:33:29","guid":{"rendered":"https:\/\/radioclanfm.com\/clanespectaculos\/?p=1446"},"modified":"2025-06-09T01:33:29","modified_gmt":"2025-06-09T04:33:29","slug":"gladys-la-bomba-tucumana-recordo-los-comienzos-de-su-romance-con-luciano-ojeda-te-extrano-tanto","status":"publish","type":"post","link":"https:\/\/radioclanfm.com\/clanespectaculos\/gladys-la-bomba-tucumana-recordo-los-comienzos-de-su-romance-con-luciano-ojeda-te-extrano-tanto\/","title":{"rendered":"Gladys La Bomba tucumana record\u00f3 los comienzos de su romance con Luciano Ojeda: \u201cTe extra\u00f1o tanto\u201d"},"content":{"rendered":"<p>La popular cantante, tal cual se lo prometi\u00f3, sigue posteando recuerdos a modo de homenajes hacia su pareja, Luciano Ojeda, fallecido hace dos semanas<\/p>\n<p class=\"paragraph\" data-mrf-recirculation=\"Links inline\"><i>\u201cComo le promet\u00ed a mi amor,\u00a0<\/i><i><b>Luciano Ojeda<\/b><\/i><i>, cuando sienta deseos compartir\u00eda nuestra historia de amor. Esto es desde que empez\u00f3 todo. Este fue uno de nuestros primeros msj. Yo ya lo sab\u00eda que \u00e9l ser\u00eda mi gran amor. Te extra\u00f1o tanto @luciano.arturo.ojeda\u201d<\/i><\/p>\n<div class=\"news-module\" data-mrf-recirculation=\"IL_Ct0zZTd2RqSjHGMXsLzz7w\" data-testid=\"text-html\" data-mrf-experience=\"IL_Ct0zZTd2RqSjHGMXsLzz7w\">\n<div class=\"recommended-card__image-container\"><\/div>\n<\/div>\n<p class=\"paragraph\" data-mrf-recirculation=\"Links inline\">Firmado:\u00a0<b>Gladys Nelly del Carmen Jim\u00e9nez<\/b>, o sea, La Bomba Tucumana, como la conocemos todos. El posteo, doloroso hasta las l\u00e1grimas, es uno m\u00e1s entre los varios posteos que la popular cantante viene lanzando para recordar a su novio, Luciano, fallecido hace un par de semanas.<\/p>\n<div class=\"inline ad-wrapper\">\n<div class=\"dfpAd ad-inline\"><\/div>\n<\/div>\n<p class=\"paragraph\" data-mrf-recirculation=\"Links inline\">Cumpliendo su promesa, Gladys decidi\u00f3 que este era el momento de dar a conocer cu\u00e1nto lo\/se quer\u00edan, y c\u00f3mo el fuego estall\u00f3 de entrada&#8230;<\/p>\n<div class=\"news-module\" data-mrf-recirculation=\"IL_RjJ8XQ94SCCdND4VX9YvyQ\" data-testid=\"text-html\" data-mrf-experience=\"IL_RjJ8XQ94SCCdND4VX9YvyQ\">\n<div class=\"recommended-card__image-container\"><\/div>\n<\/div>\n<p class=\"paragraph\" data-mrf-recirculation=\"Links inline\">Escribi\u00f3 ella:<\/p>\n<div class=\"inline_2_DSK ad-wrapper ad-desktop\">\n<div class=\"dfpAd ad-inline\">\n<div id=\"infobae\/teleshow\/nota\/inline_2_DSK\" class=\"infobae\/teleshow\/nota\/inline_2_DSK arcad\" data-google-query-id=\"CJ62-YjB440DFXZU3QIdxjM5AA\">\n<div id=\"google_ads_iframe_\/1058609\/infobae\/teleshow\/nota\/inline_2_DSK_0__container__\"><\/div>\n<\/div>\n<\/div>\n<\/div>\n<p class=\"paragraph\" data-mrf-recirculation=\"Links inline\"><i><b>\u201cYo firmo. Donde quieras. Llama al escribano. Pongo todas mis fichas. No soy una cobarde!!<\/b><\/i><\/p>\n<div class=\"news-module\" data-mrf-recirculation=\"IL_wPVu_IE4S76a5Gsl0lX8mA\" data-testid=\"text-html\" data-mrf-experience=\"IL_wPVu_IE4S76a5Gsl0lX8mA\">\n<div class=\"recommended-card__image-container\"><\/div>\n<\/div>\n<p class=\"paragraph\" data-mrf-recirculation=\"Links inline\"><i><b>\u201cQuiero conocerte!! Tal vez sos el amor de mi vida! Y yo e amor de la tuya, as\u00ed, s\u00ed, en dos d\u00edas&#8230;<\/b><\/i><\/p>\n<p class=\"paragraph\" data-mrf-recirculation=\"Links inline\">Respondi\u00f3 \u00e9l:<\/p>\n<p class=\"paragraph\" data-mrf-recirculation=\"Links inline\"><i>\u201cSer\u00eda una historia de amor fatal. Garpar\u00eda mucho\u201d<\/i><\/p>\n<div class=\"visual__image\"><picture><source srcset=\"https:\/\/www.infobae.com\/resizer\/v2\/ODY2RY3PDZAQFNBHE5UYQDE4QA.jpg?auth=82bba5aed5534a3f044f78560bead62db111e5e7dbabb428735de75a2c64dce3&amp;smart=true&amp;width=992&amp;height=744&amp;quality=85\" media=\"(min-width: 1000px)\" \/><source srcset=\"https:\/\/www.infobae.com\/resizer\/v2\/ODY2RY3PDZAQFNBHE5UYQDE4QA.jpg?auth=82bba5aed5534a3f044f78560bead62db111e5e7dbabb428735de75a2c64dce3&amp;smart=true&amp;width=768&amp;height=576&amp;quality=85\" media=\"(min-width: 768px)\" \/><source srcset=\"https:\/\/www.infobae.com\/resizer\/v2\/ODY2RY3PDZAQFNBHE5UYQDE4QA.jpg?auth=82bba5aed5534a3f044f78560bead62db111e5e7dbabb428735de75a2c64dce3&amp;smart=true&amp;width=577&amp;height=433&amp;quality=85\" media=\"(min-width: 580px)\" \/><source srcset=\"https:\/\/www.infobae.com\/resizer\/v2\/ODY2RY3PDZAQFNBHE5UYQDE4QA.jpg?auth=82bba5aed5534a3f044f78560bead62db111e5e7dbabb428735de75a2c64dce3&amp;smart=true&amp;width=420&amp;height=315&amp;quality=85\" media=\"(min-width: 350px)\" \/><source srcset=\"https:\/\/www.infobae.com\/resizer\/v2\/ODY2RY3PDZAQFNBHE5UYQDE4QA.jpg?auth=82bba5aed5534a3f044f78560bead62db111e5e7dbabb428735de75a2c64dce3&amp;smart=true&amp;width=350&amp;height=263&amp;quality=85\" media=\"(min-width: 80px)\" \/><img loading=\"lazy\" decoding=\"async\" class=\"global-image\" src=\"https:\/\/www.infobae.com\/resizer\/v2\/ODY2RY3PDZAQFNBHE5UYQDE4QA.jpg?auth=82bba5aed5534a3f044f78560bead62db111e5e7dbabb428735de75a2c64dce3&amp;smart=true&amp;width=350&amp;height=263&amp;quality=85\" alt=\"El nuevo posteo de la\" width=\"921\" height=\"689\" \/><\/picture>El nuevo posteo de la cantante, dando cuenta de cuando el romance reci\u00e9n comenzaba&#8230;<\/div>\n<div class=\"headline-wrapper\">\n<h2 class=\"header headline-class-h2\">El largo adi\u00f3s<\/h2>\n<\/div>\n<p class=\"paragraph\" data-mrf-recirculation=\"Links inline\">Hace quince d\u00edas, Gladys sufri\u00f3 el duro golpe de perder a su pareja luego de varios a\u00f1os luchando con\u00a0<b>una enfermedad terminal<\/b>. Desde que se hizo p\u00fablica la noticia, la cantante se resguard\u00f3 en sus familiares y amigos. Y luego decidi\u00f3 transparentar su dolor en las redes. Primero con una carta abierta y luego haciendo p\u00fablico el pacto que firmaron dos a\u00f1os antes de su muerte. En d\u00edas de duelo, adem\u00e1s, subi\u00f3 un video en su cuenta de Instagram hablando a coraz\u00f3n de su dolor y su p\u00e9rdida.<\/p>\n<p class=\"paragraph\" data-mrf-recirculation=\"Links inline\">\u201c<b>Quer\u00eda sentirme un poco mejor para poder charlar un ratito con ustedes. Quiero agradecerles a todas las personas que me mandaron y me enviaron su amor, a los medios, por haber respetado todo esto que me toc\u00f3 vivir. Han sido muy respetuosos conmigo<\/b>\u201d, comenz\u00f3 diciendo la cantante en el video, subrayando la importancia del acompa\u00f1amiento recibido tanto de su entorno como del p\u00fablico. Con la voz entrecortada por la emoci\u00f3n agreg\u00f3: \u201cEs un momento dif\u00edcil, diferente a todo, a cualquier cosa que cualquiera de nosotros podamos vivir\u201d.<\/p>\n<div class=\"jwplayer-ctn\">\n<div>\n<div id=\"2SW7U6HDQFHPJCLZNCTGIH4KGE-custom_embed13\" class=\"jwplayer jw-reset jw-state-idle jw-stretch-uniform jw-flag-aspect-mode jw-breakpoint-5 jw-floating-dismissible jw-keep-thumbnail jw-flag-user-inactive jw-flag-cast-available\" tabindex=\"0\" role=\"application\" aria-label=\"Video Player - El mensaje de la Gladys la Bomba Tucumana a dos semanas de la muerte de Luciano Ojeda\" aria-describedby=\"jw-2SW7U6HDQFHPJCLZNCTGIH4KGE-custom_embed13-shortcuts-tooltip-explanation\" data-compass-listening=\"true\">\n<div class=\"jw-wrapper jw-reset\">\n<div class=\"jw-controls jw-reset\">\n<div class=\"jw-controlbar jw-reset\">\n<div class=\"jw-reset jw-button-container\">\n<div class=\"jw-icon jw-icon-inline jw-button-color jw-reset jw-icon-cast\" tabindex=\"0\" role=\"button\" aria-label=\"Chromecast\">\n<div class=\"jw-reset-text jw-tooltip jw-tooltip-chromecast\" dir=\"auto\">\n<div class=\"jw-text\"><\/div>\n<\/div>\n<\/div>\n<\/div>\n<\/div>\n<\/div>\n<\/div>\n<div class=\"afs_ads ad-placement\"><\/div>\n<\/div>\n<\/div>\n<p>El mensaje de la Gladys la Bomba Tucumana a dos semanas de la muerte de Luciano Ojeda<\/p><\/div>\n<p class=\"paragraph\" data-mrf-recirculation=\"Links inline\">Luciano desde que se enter\u00f3 el diagn\u00f3stico decidi\u00f3 convertirse en un vocero y concientizar sobre el tema y Gladys lo acompa\u00f1\u00f3 en cada paso que dio. \u201c<b>Todo lo que le toc\u00f3 vivir a mi amor fue muy feo, muy doloroso<\/b>. Quiero contarles tambi\u00e9n que a \u00e9l le gustaba mucho dejarles un saludo. Les gustaba filmar para que la gente que est\u00e9 atravesando una enfermedad como tan dura como la que \u00e9l atraves\u00f3 durante casi cuatro a\u00f1os de su vida, tiene que pelearla hasta el final\u201d, cont\u00f3 con el dolor de alguien vio esta lucha en primera persona.<\/p>\n<p class=\"paragraph\" data-mrf-recirculation=\"Links inline\">A la hora de definir a su pareja se tom\u00f3 unos segundos para serenarse y luego se explay\u00f3: \u201c<b>Como dec\u00eda mi amor, si hay que irse, irse con las botas puestas. \u00c9l fue una persona grandiosa, fue un luchador, una persona con muchas ganas de vivir<\/b>\u201c, dijo embargada por la emoci\u00f3n. Y sum\u00f3: \u201d<b>Pienso que nuestro amor y todo lo que \u00e9l y yo vivimos le dio mucha m\u00e1s vida de la que quiz\u00e1s hubiera tenido, esto no lo digo yo, me lo dec\u00eda siempre \u00e9l<\/b>\u201c. La relaci\u00f3n siempre fue muy perfil bajo, por lo que no se ten\u00eda mucho conocimiento, m\u00e1s all\u00e1 de la enfermedad, de lo que estaba transitando, por lo que en el video la Bomba Tucumana lo detall\u00f3: \u201cEn este \u00faltimo tiempo tuvo muchas internaciones\u201d.<\/p>\n<div class=\"visual__image\"><picture><source srcset=\"https:\/\/www.infobae.com\/resizer\/v2\/ONN7AN3AMFB7NAYBB7D5E6AGZI.jpg?auth=59a625b20826fe03499990bd6f8192fff3341d5b75fad862d772494745fecddd&amp;smart=true&amp;width=992&amp;height=606&amp;quality=85\" media=\"(min-width: 1000px)\" \/><source srcset=\"https:\/\/www.infobae.com\/resizer\/v2\/ONN7AN3AMFB7NAYBB7D5E6AGZI.jpg?auth=59a625b20826fe03499990bd6f8192fff3341d5b75fad862d772494745fecddd&amp;smart=true&amp;width=768&amp;height=469&amp;quality=85\" media=\"(min-width: 768px)\" \/><source srcset=\"https:\/\/www.infobae.com\/resizer\/v2\/ONN7AN3AMFB7NAYBB7D5E6AGZI.jpg?auth=59a625b20826fe03499990bd6f8192fff3341d5b75fad862d772494745fecddd&amp;smart=true&amp;width=577&amp;height=353&amp;quality=85\" media=\"(min-width: 580px)\" \/><source srcset=\"https:\/\/www.infobae.com\/resizer\/v2\/ONN7AN3AMFB7NAYBB7D5E6AGZI.jpg?auth=59a625b20826fe03499990bd6f8192fff3341d5b75fad862d772494745fecddd&amp;smart=true&amp;width=420&amp;height=257&amp;quality=85\" media=\"(min-width: 350px)\" \/><source srcset=\"https:\/\/www.infobae.com\/resizer\/v2\/ONN7AN3AMFB7NAYBB7D5E6AGZI.jpg?auth=59a625b20826fe03499990bd6f8192fff3341d5b75fad862d772494745fecddd&amp;smart=true&amp;width=350&amp;height=214&amp;quality=85\" media=\"(min-width: 80px)\" \/><img loading=\"lazy\" decoding=\"async\" class=\"global-image\" src=\"https:\/\/www.infobae.com\/resizer\/v2\/ONN7AN3AMFB7NAYBB7D5E6AGZI.jpg?auth=59a625b20826fe03499990bd6f8192fff3341d5b75fad862d772494745fecddd&amp;smart=true&amp;width=350&amp;height=214&amp;quality=85\" alt=\"D\u00edas felices, algunas de las\" width=\"710\" height=\"435\" \/><\/picture>D\u00edas felices, algunas de las fotos de la pareja posteadas por estas horas por Gladys<\/div>\n<p class=\"paragraph\" data-mrf-recirculation=\"Links inline\">\u201c<b>Mi gran amor. Sinceramente, \u00e9l fue mi gran amor<\/b>. Yo creo que ustedes saben por qu\u00e9 y yo fui el suyo, sin ninguna duda. Quer\u00eda expresar \u00e9l en cada vez que hac\u00eda una publicaci\u00f3n lo importante que era el amor, lo importante que era el acompa\u00f1amiento en esta lucha de la familia de su mujer, que era yo.<b>\u00a0\u00c9l fue mi esposo del alma<\/b>.<b>\u00a0Nuestra historia de amor fue grandiosa<\/b>. Yo conoc\u00ed una persona enorme con un coraz\u00f3n gigante. A veces, cuando pasan estas cosas, siempre tenemos palabras de halago, pero en este caso es todo verdadero y real.\u00a0<b>Pienso que \u00e9l realmente fue un \u00e1ngel que pas\u00f3 por esta vida y que yo tuve el placer y el honor de compartir casi toda su enfermedad a su lado<\/b>\u201c, asegur\u00f3.<\/p>\n<p class=\"paragraph\" data-mrf-recirculation=\"Links inline\">Y tambi\u00e9n record\u00f3 el momento que estuvieron separados: \u201dEra tanto el amor que nos ten\u00edamos, que \u00e9l ya sab\u00eda que el desenlace iba a ser hoy, ma\u00f1ana, pasado, cuando fuera.\u00a0<b>No quer\u00eda que yo pasara por todo esto que hoy me toca vivir. No quer\u00eda, pero fui tan insistente que nunca quise que me dejara ni dejarlo, porque el amor que yo le tuve a Luciano y el que \u00e9l me tuvo, digo yo, no era de este mundo<\/b>\u201c.<\/p>\n<p class=\"paragraph\" data-mrf-recirculation=\"Links inline\">M\u00e1s all\u00e1 de hablar con sus seguidores tras la p\u00e9rdida, el video tuvo un objetivo claro: \u201cCuando lo conoc\u00ed, fue hermoso. Todo.\u00a0<b>Yo sent\u00eda que lo conoc\u00ed hace a\u00f1os de otras vidas y qu\u00e9 s\u00e9 yo eso que se dice<\/b>. Pero en este caso estoy segura. Hoy m\u00e1s que nunca me puse a revisar mensajes, a leer nuestras charlas de cuando nos conocimos, que despu\u00e9s se las voy a ir mostrando porque es de eso lo que quiero hablarles, de lo que \u00e9l me pidi\u00f3\u201d.<\/p>\n<div class=\"visual__image\"><picture><source srcset=\"https:\/\/www.infobae.com\/resizer\/v2\/MYJ3EIDZBBF2HGSZK4RRLVZRL4.webp?auth=bad0156862ebe736d0f310bdd1b2e348549a62d11acf0678d07ac5d0af535ad7&amp;smart=true&amp;width=992&amp;height=1323&amp;quality=85\" media=\"(min-width: 1000px)\" \/><source srcset=\"https:\/\/www.infobae.com\/resizer\/v2\/MYJ3EIDZBBF2HGSZK4RRLVZRL4.webp?auth=bad0156862ebe736d0f310bdd1b2e348549a62d11acf0678d07ac5d0af535ad7&amp;smart=true&amp;width=768&amp;height=1024&amp;quality=85\" media=\"(min-width: 768px)\" \/><source srcset=\"https:\/\/www.infobae.com\/resizer\/v2\/MYJ3EIDZBBF2HGSZK4RRLVZRL4.webp?auth=bad0156862ebe736d0f310bdd1b2e348549a62d11acf0678d07ac5d0af535ad7&amp;smart=true&amp;width=577&amp;height=769&amp;quality=85\" media=\"(min-width: 580px)\" \/><source srcset=\"https:\/\/www.infobae.com\/resizer\/v2\/MYJ3EIDZBBF2HGSZK4RRLVZRL4.webp?auth=bad0156862ebe736d0f310bdd1b2e348549a62d11acf0678d07ac5d0af535ad7&amp;smart=true&amp;width=420&amp;height=560&amp;quality=85\" media=\"(min-width: 350px)\" \/><source srcset=\"https:\/\/www.infobae.com\/resizer\/v2\/MYJ3EIDZBBF2HGSZK4RRLVZRL4.webp?auth=bad0156862ebe736d0f310bdd1b2e348549a62d11acf0678d07ac5d0af535ad7&amp;smart=true&amp;width=350&amp;height=467&amp;quality=85\" media=\"(min-width: 80px)\" \/><img loading=\"lazy\" decoding=\"async\" class=\"global-image\" src=\"https:\/\/www.infobae.com\/resizer\/v2\/MYJ3EIDZBBF2HGSZK4RRLVZRL4.webp?auth=bad0156862ebe736d0f310bdd1b2e348549a62d11acf0678d07ac5d0af535ad7&amp;smart=true&amp;width=350&amp;height=467&amp;quality=85\" alt=\"Dice Gladys: \u201cCuando lo conoc\u00ed,\" width=\"1080\" height=\"1212\" \/><\/picture>Dice Gladys: \u201cCuando lo conoc\u00ed, fue hermoso. Todo.\u00a0Yo sent\u00eda que lo conoc\u00ed hace a\u00f1os de otras vidas y qu\u00e9 s\u00e9 yo eso que se dice. Pero en este caso estoy segura&#8221;<\/div>\n<p class=\"paragraph\" data-mrf-recirculation=\"Links inline\">\u201cQuiero decirles que mi esposo era una persona muy inteligente, muy \u00edntegra y que estuvo l\u00facido hasta el \u00faltimo momento de su vida, que yo estuve encima de \u00e9l todo el tiempo hasta que ya se durmi\u00f3. Y que todo el tiempo me pidi\u00f3 \u2018Amor,\u00a0<b>quiero que subas todas las cosas que hay en mi tel\u00e9fono y en el tuyo. Toda nuestra historia de amor, hasta lo \u00faltimo. Prom\u00e9teme que vas a subir todo\u2019<\/b>.<\/p>\n<div class=\"undefined ad-wrapper\">\n<div class=\"dfpAd \">\n<div id=\"infobae\/teleshow\/nota\/undefined\" class=\"infobae\/teleshow\/nota\/undefined arcad\"><\/div>\n<\/div>\n<\/div>\n<p class=\"paragraph\" data-mrf-recirculation=\"Links inline\">\u201cEn terapia no se pueden pasar tel\u00e9fonos como su estado ya era muy terminal, nos dejaban pasar. Porque \u00e9l ped\u00eda para qu\u00e9 lo film\u00e9 su pap\u00e1 y su padre le dec\u00eda \u2018Pap\u00e1, f\u00edlmate\u2019. Y despu\u00e9s, cuando lo estaba firmando hasta el \u00faltimo momento, me dec\u00eda \u2018Chequea mi amor, si est\u00e1 filmando\u2019\u201d, cont\u00f3 sobre el pedido que le hizo Ojeda en sus \u00faltimos d\u00edas.<\/p>\n<p class=\"paragraph\" data-mrf-recirculation=\"Links inline\">Promesa m\u00e1s que cumplida.<\/p>\n<div class=\"second-saved-buttons\">\n<div class=\"body-share-note\"><\/div>\n<\/div>\n","protected":false},"excerpt":{"rendered":"<p>La popular cantante, tal cual se lo prometi\u00f3, sigue posteando recuerdos a modo de homenajes hacia su pareja, Luciano Ojeda, fallecido hace dos semanas \u201cComo le promet\u00ed a mi amor,\u00a0Luciano Ojeda, cuando sienta deseos compartir\u00eda nuestra historia de amor. Esto es desde que empez\u00f3 todo. Este fue uno de nuestros primeros msj. Yo ya lo [&hellip;]<\/p>\n","protected":false},"author":1,"featured_media":1449,"comment_status":"open","ping_status":"open","sticky":false,"template":"","format":"standard","meta":{"rop_custom_images_group":[],"rop_custom_messages_group":[],"rop_publish_now":"initial","rop_publish_now_accounts":[],"rop_publish_now_history":[],"rop_publish_now_status":"pending","footnotes":"","jetpack_publicize_message":"","jetpack_publicize_feature_enabled":true,"jetpack_social_post_already_shared":true,"jetpack_social_options":{"image_generator_settings":{"template":"highway","enabled":false},"version":2}},"categories":[12],"tags":[],"class_list":{"0":"post-1446","1":"post","2":"type-post","3":"status-publish","4":"format-standard","5":"has-post-thumbnail","7":"category-espectaculos"},"jetpack_publicize_connections":[],"yoast_head":"<!-- This site is optimized with the Yoast SEO plugin v27.3 - https:\/\/yoast.com\/product\/yoast-seo-wordpress\/ -->\n<title>Gladys La Bomba tucumana record\u00f3 los comienzos de su romance con Luciano Ojeda: \u201cTe extra\u00f1o tanto\u201d - CLAN ESPECTACULOS<\/title>\n<meta name=\"robots\" content=\"index, follow, max-snippet:-1, max-image-preview:large, max-video-preview:-1\" \/>\n<link rel=\"canonical\" href=\"https:\/\/radioclanfm.com\/clanespectaculos\/gladys-la-bomba-tucumana-recordo-los-comienzos-de-su-romance-con-luciano-ojeda-te-extrano-tanto\/\" \/>\n<meta property=\"og:locale\" content=\"es_ES\" \/>\n<meta property=\"og:type\" content=\"article\" \/>\n<meta property=\"og:title\" content=\"Gladys La Bomba tucumana record\u00f3 los comienzos de su romance con Luciano Ojeda: \u201cTe extra\u00f1o tanto\u201d - CLAN ESPECTACULOS\" \/>\n<meta property=\"og:description\" content=\"La popular cantante, tal cual se lo prometi\u00f3, sigue posteando recuerdos a modo de homenajes hacia su pareja, Luciano Ojeda, fallecido hace dos semanas \u201cComo le promet\u00ed a mi amor,\u00a0Luciano Ojeda, cuando sienta deseos compartir\u00eda nuestra historia de amor. Esto es desde que empez\u00f3 todo. Este fue uno de nuestros primeros msj. Yo ya lo [&hellip;]\" \/>\n<meta property=\"og:url\" content=\"https:\/\/radioclanfm.com\/clanespectaculos\/gladys-la-bomba-tucumana-recordo-los-comienzos-de-su-romance-con-luciano-ojeda-te-extrano-tanto\/\" \/>\n<meta property=\"og:site_name\" content=\"CLAN ESPECTACULOS\" \/>\n<meta property=\"article:publisher\" content=\"https:\/\/www.facebook.com\/clanespectaculos\/\" \/>\n<meta property=\"article:published_time\" content=\"2025-06-09T04:33:29+00:00\" \/>\n<meta property=\"og:image\" content=\"https:\/\/radioclanfm.com\/clanespectaculos\/wp-content\/uploads\/sites\/2\/2025\/06\/g5bMV_PC.jpg\" \/>\n\t<meta property=\"og:image:width\" content=\"900\" \/>\n\t<meta property=\"og:image:height\" content=\"450\" \/>\n\t<meta property=\"og:image:type\" content=\"image\/jpeg\" \/>\n<meta name=\"author\" content=\"E-GRUPOCLAN\" \/>\n<meta name=\"twitter:card\" content=\"summary_large_image\" \/>\n<meta name=\"twitter:creator\" content=\"@clanespectok\" \/>\n<meta name=\"twitter:site\" content=\"@clanespectok\" \/>\n<meta name=\"twitter:label1\" content=\"Escrito por\" \/>\n\t<meta name=\"twitter:data1\" content=\"E-GRUPOCLAN\" \/>\n\t<meta name=\"twitter:label2\" content=\"Tiempo de lectura\" \/>\n\t<meta name=\"twitter:data2\" content=\"6 minutos\" \/>\n<script type=\"application\/ld+json\" class=\"yoast-schema-graph\">{\"@context\":\"https:\\\/\\\/schema.org\",\"@graph\":[{\"@type\":\"Article\",\"@id\":\"https:\\\/\\\/radioclanfm.com\\\/clanespectaculos\\\/gladys-la-bomba-tucumana-recordo-los-comienzos-de-su-romance-con-luciano-ojeda-te-extrano-tanto\\\/#article\",\"isPartOf\":{\"@id\":\"https:\\\/\\\/radioclanfm.com\\\/clanespectaculos\\\/gladys-la-bomba-tucumana-recordo-los-comienzos-de-su-romance-con-luciano-ojeda-te-extrano-tanto\\\/\"},\"author\":{\"name\":\"E-GRUPOCLAN\",\"@id\":\"https:\\\/\\\/radioclanfm.com\\\/clanespectaculos\\\/#\\\/schema\\\/person\\\/9734813083303230f3ad84d99171b20c\"},\"headline\":\"Gladys La Bomba tucumana record\u00f3 los comienzos de su romance con Luciano Ojeda: \u201cTe extra\u00f1o tanto\u201d\",\"datePublished\":\"2025-06-09T04:33:29+00:00\",\"mainEntityOfPage\":{\"@id\":\"https:\\\/\\\/radioclanfm.com\\\/clanespectaculos\\\/gladys-la-bomba-tucumana-recordo-los-comienzos-de-su-romance-con-luciano-ojeda-te-extrano-tanto\\\/\"},\"wordCount\":1194,\"commentCount\":0,\"publisher\":{\"@id\":\"https:\\\/\\\/radioclanfm.com\\\/clanespectaculos\\\/#organization\"},\"image\":{\"@id\":\"https:\\\/\\\/radioclanfm.com\\\/clanespectaculos\\\/gladys-la-bomba-tucumana-recordo-los-comienzos-de-su-romance-con-luciano-ojeda-te-extrano-tanto\\\/#primaryimage\"},\"thumbnailUrl\":\"https:\\\/\\\/radioclanfm.com\\\/clanespectaculos\\\/wp-content\\\/uploads\\\/sites\\\/2\\\/2025\\\/06\\\/g5bMV_PC.jpg\",\"articleSection\":[\"Espectaculos\"],\"inLanguage\":\"es-AR\",\"potentialAction\":[{\"@type\":\"CommentAction\",\"name\":\"Comment\",\"target\":[\"https:\\\/\\\/radioclanfm.com\\\/clanespectaculos\\\/gladys-la-bomba-tucumana-recordo-los-comienzos-de-su-romance-con-luciano-ojeda-te-extrano-tanto\\\/#respond\"]}]},{\"@type\":\"WebPage\",\"@id\":\"https:\\\/\\\/radioclanfm.com\\\/clanespectaculos\\\/gladys-la-bomba-tucumana-recordo-los-comienzos-de-su-romance-con-luciano-ojeda-te-extrano-tanto\\\/\",\"url\":\"https:\\\/\\\/radioclanfm.com\\\/clanespectaculos\\\/gladys-la-bomba-tucumana-recordo-los-comienzos-de-su-romance-con-luciano-ojeda-te-extrano-tanto\\\/\",\"name\":\"Gladys La Bomba tucumana record\u00f3 los comienzos de su romance con Luciano Ojeda: \u201cTe extra\u00f1o tanto\u201d - CLAN ESPECTACULOS\",\"isPartOf\":{\"@id\":\"https:\\\/\\\/radioclanfm.com\\\/clanespectaculos\\\/#website\"},\"primaryImageOfPage\":{\"@id\":\"https:\\\/\\\/radioclanfm.com\\\/clanespectaculos\\\/gladys-la-bomba-tucumana-recordo-los-comienzos-de-su-romance-con-luciano-ojeda-te-extrano-tanto\\\/#primaryimage\"},\"image\":{\"@id\":\"https:\\\/\\\/radioclanfm.com\\\/clanespectaculos\\\/gladys-la-bomba-tucumana-recordo-los-comienzos-de-su-romance-con-luciano-ojeda-te-extrano-tanto\\\/#primaryimage\"},\"thumbnailUrl\":\"https:\\\/\\\/radioclanfm.com\\\/clanespectaculos\\\/wp-content\\\/uploads\\\/sites\\\/2\\\/2025\\\/06\\\/g5bMV_PC.jpg\",\"datePublished\":\"2025-06-09T04:33:29+00:00\",\"breadcrumb\":{\"@id\":\"https:\\\/\\\/radioclanfm.com\\\/clanespectaculos\\\/gladys-la-bomba-tucumana-recordo-los-comienzos-de-su-romance-con-luciano-ojeda-te-extrano-tanto\\\/#breadcrumb\"},\"inLanguage\":\"es-AR\",\"potentialAction\":[{\"@type\":\"ReadAction\",\"target\":[\"https:\\\/\\\/radioclanfm.com\\\/clanespectaculos\\\/gladys-la-bomba-tucumana-recordo-los-comienzos-de-su-romance-con-luciano-ojeda-te-extrano-tanto\\\/\"]}]},{\"@type\":\"ImageObject\",\"inLanguage\":\"es-AR\",\"@id\":\"https:\\\/\\\/radioclanfm.com\\\/clanespectaculos\\\/gladys-la-bomba-tucumana-recordo-los-comienzos-de-su-romance-con-luciano-ojeda-te-extrano-tanto\\\/#primaryimage\",\"url\":\"https:\\\/\\\/radioclanfm.com\\\/clanespectaculos\\\/wp-content\\\/uploads\\\/sites\\\/2\\\/2025\\\/06\\\/g5bMV_PC.jpg\",\"contentUrl\":\"https:\\\/\\\/radioclanfm.com\\\/clanespectaculos\\\/wp-content\\\/uploads\\\/sites\\\/2\\\/2025\\\/06\\\/g5bMV_PC.jpg\",\"width\":900,\"height\":450},{\"@type\":\"BreadcrumbList\",\"@id\":\"https:\\\/\\\/radioclanfm.com\\\/clanespectaculos\\\/gladys-la-bomba-tucumana-recordo-los-comienzos-de-su-romance-con-luciano-ojeda-te-extrano-tanto\\\/#breadcrumb\",\"itemListElement\":[{\"@type\":\"ListItem\",\"position\":1,\"name\":\"Inicio\",\"item\":\"https:\\\/\\\/radioclanfm.com\\\/clanespectaculos\\\/\"},{\"@type\":\"ListItem\",\"position\":2,\"name\":\"Gladys La Bomba tucumana record\u00f3 los comienzos de su romance con Luciano Ojeda: \u201cTe extra\u00f1o tanto\u201d\"}]},{\"@type\":\"WebSite\",\"@id\":\"https:\\\/\\\/radioclanfm.com\\\/clanespectaculos\\\/#website\",\"url\":\"https:\\\/\\\/radioclanfm.com\\\/clanespectaculos\\\/\",\"name\":\"CLAN ESPECTACULOS\",\"description\":\"\",\"publisher\":{\"@id\":\"https:\\\/\\\/radioclanfm.com\\\/clanespectaculos\\\/#organization\"},\"potentialAction\":[{\"@type\":\"SearchAction\",\"target\":{\"@type\":\"EntryPoint\",\"urlTemplate\":\"https:\\\/\\\/radioclanfm.com\\\/clanespectaculos\\\/?s={search_term_string}\"},\"query-input\":{\"@type\":\"PropertyValueSpecification\",\"valueRequired\":true,\"valueName\":\"search_term_string\"}}],\"inLanguage\":\"es-AR\"},{\"@type\":\"Organization\",\"@id\":\"https:\\\/\\\/radioclanfm.com\\\/clanespectaculos\\\/#organization\",\"name\":\"CLAN ESPECTACULOS\",\"url\":\"https:\\\/\\\/radioclanfm.com\\\/clanespectaculos\\\/\",\"logo\":{\"@type\":\"ImageObject\",\"inLanguage\":\"es-AR\",\"@id\":\"https:\\\/\\\/radioclanfm.com\\\/clanespectaculos\\\/#\\\/schema\\\/logo\\\/image\\\/\",\"url\":\"https:\\\/\\\/radioclanfm.com\\\/clanespectaculos\\\/wp-content\\\/uploads\\\/sites\\\/2\\\/2026\\\/04\\\/ChatGPT-Image-23-mar-2026-10_09_00.png\",\"contentUrl\":\"https:\\\/\\\/radioclanfm.com\\\/clanespectaculos\\\/wp-content\\\/uploads\\\/sites\\\/2\\\/2026\\\/04\\\/ChatGPT-Image-23-mar-2026-10_09_00.png\",\"width\":1024,\"height\":1024,\"caption\":\"CLAN ESPECTACULOS\"},\"image\":{\"@id\":\"https:\\\/\\\/radioclanfm.com\\\/clanespectaculos\\\/#\\\/schema\\\/logo\\\/image\\\/\"},\"sameAs\":[\"https:\\\/\\\/www.facebook.com\\\/clanespectaculos\\\/\",\"https:\\\/\\\/x.com\\\/clanespectok\"]},{\"@type\":\"Person\",\"@id\":\"https:\\\/\\\/radioclanfm.com\\\/clanespectaculos\\\/#\\\/schema\\\/person\\\/9734813083303230f3ad84d99171b20c\",\"name\":\"E-GRUPOCLAN\",\"image\":{\"@type\":\"ImageObject\",\"inLanguage\":\"es-AR\",\"@id\":\"https:\\\/\\\/secure.gravatar.com\\\/avatar\\\/af6e19837c3d6a212034a48c7b3818d2ac1826f6025df0155da5a186ad321d79?s=96&d=mm&r=g\",\"url\":\"https:\\\/\\\/secure.gravatar.com\\\/avatar\\\/af6e19837c3d6a212034a48c7b3818d2ac1826f6025df0155da5a186ad321d79?s=96&d=mm&r=g\",\"contentUrl\":\"https:\\\/\\\/secure.gravatar.com\\\/avatar\\\/af6e19837c3d6a212034a48c7b3818d2ac1826f6025df0155da5a186ad321d79?s=96&d=mm&r=g\",\"caption\":\"E-GRUPOCLAN\"},\"sameAs\":[\"https:\\\/\\\/radioclanfm.com\"],\"url\":\"https:\\\/\\\/radioclanfm.com\\\/clanespectaculos\\\/author\\\/admin\\\/\"}]}<\/script>\n<!-- \/ Yoast SEO plugin. -->","yoast_head_json":{"title":"Gladys La Bomba tucumana record\u00f3 los comienzos de su romance con Luciano Ojeda: \u201cTe extra\u00f1o tanto\u201d - CLAN ESPECTACULOS","robots":{"index":"index","follow":"follow","max-snippet":"max-snippet:-1","max-image-preview":"max-image-preview:large","max-video-preview":"max-video-preview:-1"},"canonical":"https:\/\/radioclanfm.com\/clanespectaculos\/gladys-la-bomba-tucumana-recordo-los-comienzos-de-su-romance-con-luciano-ojeda-te-extrano-tanto\/","og_locale":"es_ES","og_type":"article","og_title":"Gladys La Bomba tucumana record\u00f3 los comienzos de su romance con Luciano Ojeda: \u201cTe extra\u00f1o tanto\u201d - CLAN ESPECTACULOS","og_description":"La popular cantante, tal cual se lo prometi\u00f3, sigue posteando recuerdos a modo de homenajes hacia su pareja, Luciano Ojeda, fallecido hace dos semanas \u201cComo le promet\u00ed a mi amor,\u00a0Luciano Ojeda, cuando sienta deseos compartir\u00eda nuestra historia de amor. Esto es desde que empez\u00f3 todo. Este fue uno de nuestros primeros msj. Yo ya lo [&hellip;]","og_url":"https:\/\/radioclanfm.com\/clanespectaculos\/gladys-la-bomba-tucumana-recordo-los-comienzos-de-su-romance-con-luciano-ojeda-te-extrano-tanto\/","og_site_name":"CLAN ESPECTACULOS","article_publisher":"https:\/\/www.facebook.com\/clanespectaculos\/","article_published_time":"2025-06-09T04:33:29+00:00","og_image":[{"width":900,"height":450,"url":"https:\/\/radioclanfm.com\/clanespectaculos\/wp-content\/uploads\/sites\/2\/2025\/06\/g5bMV_PC.jpg","type":"image\/jpeg"}],"author":"E-GRUPOCLAN","twitter_card":"summary_large_image","twitter_creator":"@clanespectok","twitter_site":"@clanespectok","twitter_misc":{"Escrito por":"E-GRUPOCLAN","Tiempo de lectura":"6 minutos"},"schema":{"@context":"https:\/\/schema.org","@graph":[{"@type":"Article","@id":"https:\/\/radioclanfm.com\/clanespectaculos\/gladys-la-bomba-tucumana-recordo-los-comienzos-de-su-romance-con-luciano-ojeda-te-extrano-tanto\/#article","isPartOf":{"@id":"https:\/\/radioclanfm.com\/clanespectaculos\/gladys-la-bomba-tucumana-recordo-los-comienzos-de-su-romance-con-luciano-ojeda-te-extrano-tanto\/"},"author":{"name":"E-GRUPOCLAN","@id":"https:\/\/radioclanfm.com\/clanespectaculos\/#\/schema\/person\/9734813083303230f3ad84d99171b20c"},"headline":"Gladys La Bomba tucumana record\u00f3 los comienzos de su romance con Luciano Ojeda: \u201cTe extra\u00f1o tanto\u201d","datePublished":"2025-06-09T04:33:29+00:00","mainEntityOfPage":{"@id":"https:\/\/radioclanfm.com\/clanespectaculos\/gladys-la-bomba-tucumana-recordo-los-comienzos-de-su-romance-con-luciano-ojeda-te-extrano-tanto\/"},"wordCount":1194,"commentCount":0,"publisher":{"@id":"https:\/\/radioclanfm.com\/clanespectaculos\/#organization"},"image":{"@id":"https:\/\/radioclanfm.com\/clanespectaculos\/gladys-la-bomba-tucumana-recordo-los-comienzos-de-su-romance-con-luciano-ojeda-te-extrano-tanto\/#primaryimage"},"thumbnailUrl":"https:\/\/radioclanfm.com\/clanespectaculos\/wp-content\/uploads\/sites\/2\/2025\/06\/g5bMV_PC.jpg","articleSection":["Espectaculos"],"inLanguage":"es-AR","potentialAction":[{"@type":"CommentAction","name":"Comment","target":["https:\/\/radioclanfm.com\/clanespectaculos\/gladys-la-bomba-tucumana-recordo-los-comienzos-de-su-romance-con-luciano-ojeda-te-extrano-tanto\/#respond"]}]},{"@type":"WebPage","@id":"https:\/\/radioclanfm.com\/clanespectaculos\/gladys-la-bomba-tucumana-recordo-los-comienzos-de-su-romance-con-luciano-ojeda-te-extrano-tanto\/","url":"https:\/\/radioclanfm.com\/clanespectaculos\/gladys-la-bomba-tucumana-recordo-los-comienzos-de-su-romance-con-luciano-ojeda-te-extrano-tanto\/","name":"Gladys La Bomba tucumana record\u00f3 los comienzos de su romance con Luciano Ojeda: \u201cTe extra\u00f1o tanto\u201d - CLAN ESPECTACULOS","isPartOf":{"@id":"https:\/\/radioclanfm.com\/clanespectaculos\/#website"},"primaryImageOfPage":{"@id":"https:\/\/radioclanfm.com\/clanespectaculos\/gladys-la-bomba-tucumana-recordo-los-comienzos-de-su-romance-con-luciano-ojeda-te-extrano-tanto\/#primaryimage"},"image":{"@id":"https:\/\/radioclanfm.com\/clanespectaculos\/gladys-la-bomba-tucumana-recordo-los-comienzos-de-su-romance-con-luciano-ojeda-te-extrano-tanto\/#primaryimage"},"thumbnailUrl":"https:\/\/radioclanfm.com\/clanespectaculos\/wp-content\/uploads\/sites\/2\/2025\/06\/g5bMV_PC.jpg","datePublished":"2025-06-09T04:33:29+00:00","breadcrumb":{"@id":"https:\/\/radioclanfm.com\/clanespectaculos\/gladys-la-bomba-tucumana-recordo-los-comienzos-de-su-romance-con-luciano-ojeda-te-extrano-tanto\/#breadcrumb"},"inLanguage":"es-AR","potentialAction":[{"@type":"ReadAction","target":["https:\/\/radioclanfm.com\/clanespectaculos\/gladys-la-bomba-tucumana-recordo-los-comienzos-de-su-romance-con-luciano-ojeda-te-extrano-tanto\/"]}]},{"@type":"ImageObject","inLanguage":"es-AR","@id":"https:\/\/radioclanfm.com\/clanespectaculos\/gladys-la-bomba-tucumana-recordo-los-comienzos-de-su-romance-con-luciano-ojeda-te-extrano-tanto\/#primaryimage","url":"https:\/\/radioclanfm.com\/clanespectaculos\/wp-content\/uploads\/sites\/2\/2025\/06\/g5bMV_PC.jpg","contentUrl":"https:\/\/radioclanfm.com\/clanespectaculos\/wp-content\/uploads\/sites\/2\/2025\/06\/g5bMV_PC.jpg","width":900,"height":450},{"@type":"BreadcrumbList","@id":"https:\/\/radioclanfm.com\/clanespectaculos\/gladys-la-bomba-tucumana-recordo-los-comienzos-de-su-romance-con-luciano-ojeda-te-extrano-tanto\/#breadcrumb","itemListElement":[{"@type":"ListItem","position":1,"name":"Inicio","item":"https:\/\/radioclanfm.com\/clanespectaculos\/"},{"@type":"ListItem","position":2,"name":"Gladys La Bomba tucumana record\u00f3 los comienzos de su romance con Luciano Ojeda: \u201cTe extra\u00f1o tanto\u201d"}]},{"@type":"WebSite","@id":"https:\/\/radioclanfm.com\/clanespectaculos\/#website","url":"https:\/\/radioclanfm.com\/clanespectaculos\/","name":"CLAN ESPECTACULOS","description":"","publisher":{"@id":"https:\/\/radioclanfm.com\/clanespectaculos\/#organization"},"potentialAction":[{"@type":"SearchAction","target":{"@type":"EntryPoint","urlTemplate":"https:\/\/radioclanfm.com\/clanespectaculos\/?s={search_term_string}"},"query-input":{"@type":"PropertyValueSpecification","valueRequired":true,"valueName":"search_term_string"}}],"inLanguage":"es-AR"},{"@type":"Organization","@id":"https:\/\/radioclanfm.com\/clanespectaculos\/#organization","name":"CLAN ESPECTACULOS","url":"https:\/\/radioclanfm.com\/clanespectaculos\/","logo":{"@type":"ImageObject","inLanguage":"es-AR","@id":"https:\/\/radioclanfm.com\/clanespectaculos\/#\/schema\/logo\/image\/","url":"https:\/\/radioclanfm.com\/clanespectaculos\/wp-content\/uploads\/sites\/2\/2026\/04\/ChatGPT-Image-23-mar-2026-10_09_00.png","contentUrl":"https:\/\/radioclanfm.com\/clanespectaculos\/wp-content\/uploads\/sites\/2\/2026\/04\/ChatGPT-Image-23-mar-2026-10_09_00.png","width":1024,"height":1024,"caption":"CLAN ESPECTACULOS"},"image":{"@id":"https:\/\/radioclanfm.com\/clanespectaculos\/#\/schema\/logo\/image\/"},"sameAs":["https:\/\/www.facebook.com\/clanespectaculos\/","https:\/\/x.com\/clanespectok"]},{"@type":"Person","@id":"https:\/\/radioclanfm.com\/clanespectaculos\/#\/schema\/person\/9734813083303230f3ad84d99171b20c","name":"E-GRUPOCLAN","image":{"@type":"ImageObject","inLanguage":"es-AR","@id":"https:\/\/secure.gravatar.com\/avatar\/af6e19837c3d6a212034a48c7b3818d2ac1826f6025df0155da5a186ad321d79?s=96&d=mm&r=g","url":"https:\/\/secure.gravatar.com\/avatar\/af6e19837c3d6a212034a48c7b3818d2ac1826f6025df0155da5a186ad321d79?s=96&d=mm&r=g","contentUrl":"https:\/\/secure.gravatar.com\/avatar\/af6e19837c3d6a212034a48c7b3818d2ac1826f6025df0155da5a186ad321d79?s=96&d=mm&r=g","caption":"E-GRUPOCLAN"},"sameAs":["https:\/\/radioclanfm.com"],"url":"https:\/\/radioclanfm.com\/clanespectaculos\/author\/admin\/"}]}},"_links":{"self":[{"href":"https:\/\/radioclanfm.com\/clanespectaculos\/wp-json\/wp\/v2\/posts\/1446","targetHints":{"allow":["GET"]}}],"collection":[{"href":"https:\/\/radioclanfm.com\/clanespectaculos\/wp-json\/wp\/v2\/posts"}],"about":[{"href":"https:\/\/radioclanfm.com\/clanespectaculos\/wp-json\/wp\/v2\/types\/post"}],"author":[{"embeddable":true,"href":"https:\/\/radioclanfm.com\/clanespectaculos\/wp-json\/wp\/v2\/users\/1"}],"replies":[{"embeddable":true,"href":"https:\/\/radioclanfm.com\/clanespectaculos\/wp-json\/wp\/v2\/comments?post=1446"}],"version-history":[{"count":1,"href":"https:\/\/radioclanfm.com\/clanespectaculos\/wp-json\/wp\/v2\/posts\/1446\/revisions"}],"predecessor-version":[{"id":1450,"href":"https:\/\/radioclanfm.com\/clanespectaculos\/wp-json\/wp\/v2\/posts\/1446\/revisions\/1450"}],"wp:featuredmedia":[{"embeddable":true,"href":"https:\/\/radioclanfm.com\/clanespectaculos\/wp-json\/wp\/v2\/media\/1449"}],"wp:attachment":[{"href":"https:\/\/radioclanfm.com\/clanespectaculos\/wp-json\/wp\/v2\/media?parent=1446"}],"wp:term":[{"taxonomy":"category","embeddable":true,"href":"https:\/\/radioclanfm.com\/clanespectaculos\/wp-json\/wp\/v2\/categories?post=1446"},{"taxonomy":"post_tag","embeddable":true,"href":"https:\/\/radioclanfm.com\/clanespectaculos\/wp-json\/wp\/v2\/tags?post=1446"}],"curies":[{"name":"wp","href":"https:\/\/api.w.org\/{rel}","templated":true}]}}