{"id":1435,"date":"2025-06-09T01:30:23","date_gmt":"2025-06-09T04:30:23","guid":{"rendered":"https:\/\/radioclanfm.com\/clanespectaculos\/?p=1435"},"modified":"2025-06-09T01:30:23","modified_gmt":"2025-06-09T04:30:23","slug":"ricardo-darin-destaco-el-apoyo-de-lali-esposito-despues-de-la-polemica-por-el-precio-de-las-empanadas-es-una-amiga","status":"publish","type":"post","link":"https:\/\/radioclanfm.com\/clanespectaculos\/ricardo-darin-destaco-el-apoyo-de-lali-esposito-despues-de-la-polemica-por-el-precio-de-las-empanadas-es-una-amiga\/","title":{"rendered":"Ricardo Dar\u00edn destac\u00f3 el apoyo de Lali Esp\u00f3sito despu\u00e9s de la pol\u00e9mica por el precio de las empanadas: \u201cEs una amiga\u201d"},"content":{"rendered":"<p>El actor en Infama le agradeci\u00f3 a la cantante la defensa que realiz\u00f3 luego de la pol\u00e9mica por el precio de las empanadas que tuvo con el ministro de econom\u00eda, Luis Caputo<\/p>\n<p class=\"paragraph\" data-mrf-recirculation=\"Links inline\">A dos semanas del conflicto que\u00a0se desat\u00f3 entre\u00a0<b>Ricardo Dar\u00edn\u00a0<\/b>y el ministro de econom\u00eda,\u00a0<b>Luis Caputo<\/b>, el actor convers\u00f3 con<i>\u00a0Infama<\/i>\u00a0sobre lo sucedido, habl\u00f3 de las agresiones en las redes y destac\u00f3\u00a0el apoyo que recibi\u00f3 de\u00a0<b>Lali Esp\u00f3sito<\/b>, otra figura que fue blanco del presidente<b>\u00a0Javier Milei<\/b>.<\/p>\n<div class=\"news-module\" data-mrf-recirculation=\"IL_Ct0zZTd2RqSjHGMXsLzz7w\" data-testid=\"text-html\" data-mrf-experience=\"IL_Ct0zZTd2RqSjHGMXsLzz7w\">\n<div class=\"recommended-card__info\"><\/div>\n<\/div>\n<p class=\"paragraph\" data-mrf-recirculation=\"Links inline\">El protagonista de\u00a0<i>El Eternauta<\/i>\u00a0reconoci\u00f3 que las cr\u00edticas lo han afectado. \u201cS\u00ed,\u00a0<b>bien no te hace. Sobre todo cuando del otro lado es una agresi\u00f3n gratuita o fuera de tiempo y distancia<\/b>. Pero la verdad es que estamos tristemente acostumbrados a ese funcionamiento de las redes\u201d, se\u00f1al\u00f3, al ciclo de Marcela Tauro.<\/p>\n<div class=\"inline ad-wrapper\">\n<div class=\"dfpAd ad-inline\">\n<div id=\"infobae\/teleshow\/nota\/inline\" class=\"infobae\/teleshow\/nota\/inline arcad\" data-google-query-id=\"CNLK5K7A440DFTc3uQYdLDcWgg\">\n<div id=\"google_ads_iframe_\/1058609\/infobae\/teleshow\/nota\/inline_0__container__\"><\/div>\n<\/div>\n<\/div>\n<\/div>\n<p class=\"paragraph\" data-mrf-recirculation=\"Links inline\">\u201cEn las redes muchas veces te encontr\u00e1s con gente que arma todo un discurso para odiar y despu\u00e9s, por ah\u00ed en el mano a mano, no es as\u00ed. Tiene que ver con cierto anonimato que te ofrece la posibilidad de estar detr\u00e1s de la computadora o un tel\u00e9fono\u201d, afirm\u00f3 el actor que adem\u00e1s de sus roces con el gobierno,\u00a0tuvo un lamentable cruce con un usuario de X que se refiri\u00f3 a su hermana, Alejandra Dar\u00edn, fallecida en enero de este a\u00f1o.<\/p>\n<div class=\"news-module\" data-mrf-recirculation=\"IL_RjJ8XQ94SCCdND4VX9YvyQ\" data-testid=\"text-html\" data-mrf-experience=\"IL_RjJ8XQ94SCCdND4VX9YvyQ\">\n<div class=\"recommended-card__image-container\"><\/div>\n<\/div>\n<div class=\"visual__image\"><picture><source srcset=\"https:\/\/www.infobae.com\/resizer\/v2\/B445YC7IFJFL5KASX7WG52CCLY.jpg?auth=1ae72483da21bb6cf7e4707beacd98b416d9df977301527fca1ed953779e3662&amp;smart=true&amp;width=992&amp;height=558&amp;quality=85\" media=\"(min-width: 1000px)\" \/><source srcset=\"https:\/\/www.infobae.com\/resizer\/v2\/B445YC7IFJFL5KASX7WG52CCLY.jpg?auth=1ae72483da21bb6cf7e4707beacd98b416d9df977301527fca1ed953779e3662&amp;smart=true&amp;width=768&amp;height=432&amp;quality=85\" media=\"(min-width: 768px)\" \/><source srcset=\"https:\/\/www.infobae.com\/resizer\/v2\/B445YC7IFJFL5KASX7WG52CCLY.jpg?auth=1ae72483da21bb6cf7e4707beacd98b416d9df977301527fca1ed953779e3662&amp;smart=true&amp;width=577&amp;height=325&amp;quality=85\" media=\"(min-width: 580px)\" \/><source srcset=\"https:\/\/www.infobae.com\/resizer\/v2\/B445YC7IFJFL5KASX7WG52CCLY.jpg?auth=1ae72483da21bb6cf7e4707beacd98b416d9df977301527fca1ed953779e3662&amp;smart=true&amp;width=420&amp;height=236&amp;quality=85\" media=\"(min-width: 350px)\" \/><source srcset=\"https:\/\/www.infobae.com\/resizer\/v2\/B445YC7IFJFL5KASX7WG52CCLY.jpg?auth=1ae72483da21bb6cf7e4707beacd98b416d9df977301527fca1ed953779e3662&amp;smart=true&amp;width=350&amp;height=197&amp;quality=85\" media=\"(min-width: 80px)\" \/><img loading=\"lazy\" decoding=\"async\" class=\"global-image\" src=\"https:\/\/www.infobae.com\/resizer\/v2\/B445YC7IFJFL5KASX7WG52CCLY.jpg?auth=1ae72483da21bb6cf7e4707beacd98b416d9df977301527fca1ed953779e3662&amp;smart=true&amp;width=350&amp;height=197&amp;quality=85\" alt=\"&quot;Una forma de manifestaci\u00f3n o\" width=\"1920\" height=\"1080\" \/><\/picture>&#8220;Una forma de manifestaci\u00f3n o de homenaje a la democracia, es decir lo que pens\u00e1s, sobre todo si no sos hiriente, si no sos maleducado, si no sos agresivo, si te comportas como una persona normal&#8221;, se\u00f1al\u00f3 Ricardo Dar\u00edn sobre su cruce con el ministro de econom\u00eda, Luis Caputo<\/div>\n<p class=\"paragraph\" data-mrf-recirculation=\"Links inline\">Tambi\u00e9n se refiri\u00f3 a la expresi\u00f3n de sus ideas como figura p\u00fablica. \u201cNo soy el \u00fanico.\u00a0<b>Mucha gente dice lo que piensa y est\u00e1 bien que sea as\u00ed. Estamos en democracia<\/b>. Es b\u00e1rbaro eso\u201d, afirm\u00f3. \u201c\u00bfTe banc\u00e1s el vuelto?\u201c, indag\u00f3 la cronista. \u201dBueno, no te queda m\u00e1s remedio. Vos sos muy joven, no hab\u00edas nacido, pero en otras \u00e9pocas no se pod\u00eda ni abrir la boca. Entonces,\u00a0<b>una forma de manifestaci\u00f3n o de homenaje a la democracia, es decir lo que pens\u00e1s<\/b>, sobre todo si no sos hiriente, si no sos maleducado, si no sos agresivo, si te comportas como una persona normal&#8221;, expres\u00f3.<\/p>\n<div class=\"inline_2_DSK ad-wrapper ad-desktop\">\n<div class=\"dfpAd ad-inline\">\n<div id=\"infobae\/teleshow\/nota\/inline_2_DSK\" class=\"infobae\/teleshow\/nota\/inline_2_DSK arcad\" data-google-query-id=\"CKaKjK_A440DFWw5uQYdL5YZzg\">\n<div id=\"google_ads_iframe_\/1058609\/infobae\/teleshow\/nota\/inline_2_DSK_0__container__\"><\/div>\n<\/div>\n<\/div>\n<\/div>\n<p class=\"paragraph\" data-mrf-recirculation=\"Links inline\">Luego, fue consultado sobre la defensa que realiz\u00f3 Lali hacia \u00e9l, luego del enfrentamiento que se gener\u00f3 con el gobierno por sus dichos en el programa de Mirtha Legrand por el precio de las empanadas, como reflejo de la situaci\u00f3n econ\u00f3mica del pa\u00eds.<\/p>\n<div class=\"news-module\" data-mrf-recirculation=\"IL_wPVu_IE4S76a5Gsl0lX8mA\" data-testid=\"text-html\" data-mrf-experience=\"IL_wPVu_IE4S76a5Gsl0lX8mA\">\n<div class=\"recommended-card__image-container\"><\/div>\n<\/div>\n<p class=\"paragraph\" data-mrf-recirculation=\"Links inline\">\u201c<b>Lali es divina. Divina. No esperaba menos de ella porque es una mujer incre\u00edble, muy valiente, una gran artista y una amiga<\/b>. Hizo una especie de defensa y fue un poco m\u00e1s all\u00e1 incluso. Est\u00e1 bien, forma parte del derecho que uno tiene de poder opinar y se lo agradezco\u201d, resalt\u00f3 Dar\u00edn, sobre la pol\u00e9mica que se desat\u00f3.<\/p>\n<div class=\"jwplayer-ctn\">\n<div>\n<div id=\"YIKP5LZBH5BJFEF4ZRHD4367ME-custom_embed8\" class=\"jwplayer jw-reset jw-state-idle jw-stretch-uniform jw-flag-aspect-mode jw-floating-dismissible jw-keep-thumbnail jw-flag-user-inactive jw-flag-cast-available jw-breakpoint-5\" tabindex=\"0\" role=\"application\" aria-label=\"Video Player - Lali Esposito respaldo a Ricardo Darin y hablo de la polemica por el precio de las empanadas\" aria-describedby=\"jw-YIKP5LZBH5BJFEF4ZRHD4367ME-custom_embed8-shortcuts-tooltip-explanation\" data-compass-listening=\"true\">\n<div class=\"jw-wrapper jw-reset\">\n<div class=\"jw-controls jw-reset\">\n<div class=\"jw-controlbar jw-reset\">\n<div class=\"jw-reset jw-button-container\">\n<div class=\"jw-icon jw-icon-inline jw-button-color jw-reset jw-icon-cast\" tabindex=\"0\" role=\"button\" aria-label=\"Chromecast\">\n<div class=\"jw-reset-text jw-tooltip jw-tooltip-chromecast\" dir=\"auto\">\n<div class=\"jw-text\"><\/div>\n<\/div>\n<\/div>\n<\/div>\n<\/div>\n<\/div>\n<\/div>\n<div class=\"afs_ads ad-placement\"><\/div>\n<\/div>\n<\/div>\n<\/div>\n<p class=\"paragraph\" data-mrf-recirculation=\"Links inline\">\u201c<b>El que quiera interpretar solamente el tema de las empanadas es una ridiculez<\/b>. Por supuesto que eleg\u00ed un ejemplo, a lo mejor inc\u00f3modo o desubicado porque vos cuando mencion\u00e1s algo que te asombra por el precio, mencion\u00e1s de m\u00e1xima. Es decir, si vas a comprar un jean y te parece que lo que te pidieron es una exorbitancia, lo dec\u00eds. \u2018Me pidieron una barbaridad por esto\u2019. Por supuesto que hay otros jeans, pero est\u00e1s hablando de lo que te caus\u00f3 impresi\u00f3n a vos y no significa que lo hayas comprado, significa que te sacudi\u00f3 el precio que te tiraron. Yo quise decir eso y fue llevado para donde quisieron\u201d, explic\u00f3 el protagonista de numerosas pel\u00edculas como\u00a0<i>El secreto de sus ojos<\/i>,\u00a0<i>Relatos salvajes\u00a0<\/i>y\u00a0<i>Luna de Avellaneda<\/i>.<\/p>\n<p class=\"paragraph\" data-mrf-recirculation=\"Links inline\">La cantante de \u201cFan\u00e1tico\u201d y \u201cNo me importa\u201d fue rotunda en su apoyo hacia el actor. \u201c<b>Me resulta bizarro, es clar\u00edsimo lo que quiso decir, estamos en una \u00e9poca corta, chata en las conversaciones<\/b>. Tan en lo poco importante. Si vamos a ponernos a bardear a Dar\u00edn por una opini\u00f3n que puede dar como cualquier ciudadano que pag\u00f3 algo caro y lo vamos a saltar a matar porque est\u00e1 buen\u00edsimo pegarle a Dar\u00edn en este momento, porque es el foco del momento, yo lo he sido en otro momento\u201d, dijo, en una nota con\u00a0<i>LAM<\/i>.<\/p>\n<p class=\"paragraph\" data-mrf-recirculation=\"Links inline\">\u201c<b>Dar\u00edn sabe todo y se nota cuando habla. Me solidarizo con \u00e9l y con todos los que reciben ese nivel de\u00a0<\/b><i><b>hate<\/b><\/i>. Todos deber\u00edamos hablar con el presidente o sentir que nuestro presidente nos representa aunque no est\u00e9s de acuerdo con sus pol\u00edticas\u201d, continu\u00f3 la artista. \u201c<b>Se torna dif\u00edcil ese ida y vuelta con una persona que llama mandriles a quienes no opinan como \u00e9l<\/b>. Te sent\u00eds raro, yo vivo en este pa\u00eds, es donde aporto, de donde soy. Es raro no sentirse representado, no hablo de partidos pol\u00edticos\u201d, concluy\u00f3 la artista que viene de agotar dos fechas en el Estadio de V\u00e9lez y sum\u00f3 dos m\u00e1s en septiembre, una de ellas tambi\u00e9n agotada.<\/p>\n<div class=\"second-saved-buttons\">\n<div class=\"body-share-note\"><\/div>\n<\/div>\n","protected":false},"excerpt":{"rendered":"<p>El actor en Infama le agradeci\u00f3 a la cantante la defensa que realiz\u00f3 luego de la pol\u00e9mica por el precio de las empanadas que tuvo con el ministro de econom\u00eda, Luis Caputo A dos semanas del conflicto que\u00a0se desat\u00f3 entre\u00a0Ricardo Dar\u00edn\u00a0y el ministro de econom\u00eda,\u00a0Luis Caputo, el actor convers\u00f3 con\u00a0Infama\u00a0sobre lo sucedido, habl\u00f3 de las [&hellip;]<\/p>\n","protected":false},"author":1,"featured_media":1438,"comment_status":"open","ping_status":"open","sticky":false,"template":"","format":"standard","meta":{"rop_custom_images_group":[],"rop_custom_messages_group":[],"rop_publish_now":"initial","rop_publish_now_accounts":[],"rop_publish_now_history":[],"rop_publish_now_status":"pending","footnotes":"","jetpack_publicize_message":"","jetpack_publicize_feature_enabled":true,"jetpack_social_post_already_shared":true,"jetpack_social_options":{"image_generator_settings":{"template":"highway","enabled":false},"version":2}},"categories":[12],"tags":[],"class_list":{"0":"post-1435","1":"post","2":"type-post","3":"status-publish","4":"format-standard","5":"has-post-thumbnail","7":"category-espectaculos"},"jetpack_publicize_connections":[],"yoast_head":"<!-- This site is optimized with the Yoast SEO plugin v27.3 - https:\/\/yoast.com\/product\/yoast-seo-wordpress\/ -->\n<title>Ricardo Dar\u00edn destac\u00f3 el apoyo de Lali Esp\u00f3sito despu\u00e9s de la pol\u00e9mica por el precio de las empanadas: \u201cEs una amiga\u201d - CLAN ESPECTACULOS<\/title>\n<meta name=\"robots\" content=\"index, follow, max-snippet:-1, max-image-preview:large, max-video-preview:-1\" \/>\n<link rel=\"canonical\" href=\"https:\/\/radioclanfm.com\/clanespectaculos\/ricardo-darin-destaco-el-apoyo-de-lali-esposito-despues-de-la-polemica-por-el-precio-de-las-empanadas-es-una-amiga\/\" \/>\n<meta property=\"og:locale\" content=\"es_ES\" \/>\n<meta property=\"og:type\" content=\"article\" \/>\n<meta property=\"og:title\" content=\"Ricardo Dar\u00edn destac\u00f3 el apoyo de Lali Esp\u00f3sito despu\u00e9s de la pol\u00e9mica por el precio de las empanadas: \u201cEs una amiga\u201d - CLAN ESPECTACULOS\" \/>\n<meta property=\"og:description\" content=\"El actor en Infama le agradeci\u00f3 a la cantante la defensa que realiz\u00f3 luego de la pol\u00e9mica por el precio de las empanadas que tuvo con el ministro de econom\u00eda, Luis Caputo A dos semanas del conflicto que\u00a0se desat\u00f3 entre\u00a0Ricardo Dar\u00edn\u00a0y el ministro de econom\u00eda,\u00a0Luis Caputo, el actor convers\u00f3 con\u00a0Infama\u00a0sobre lo sucedido, habl\u00f3 de las [&hellip;]\" \/>\n<meta property=\"og:url\" content=\"https:\/\/radioclanfm.com\/clanespectaculos\/ricardo-darin-destaco-el-apoyo-de-lali-esposito-despues-de-la-polemica-por-el-precio-de-las-empanadas-es-una-amiga\/\" \/>\n<meta property=\"og:site_name\" content=\"CLAN ESPECTACULOS\" \/>\n<meta property=\"article:publisher\" content=\"https:\/\/www.facebook.com\/clanespectaculos\/\" \/>\n<meta property=\"article:published_time\" content=\"2025-06-09T04:30:23+00:00\" \/>\n<meta property=\"og:image\" content=\"https:\/\/radioclanfm.com\/clanespectaculos\/wp-content\/uploads\/sites\/2\/2025\/06\/DtaIOt4r.jpg\" \/>\n\t<meta property=\"og:image:width\" content=\"900\" \/>\n\t<meta property=\"og:image:height\" content=\"450\" \/>\n\t<meta property=\"og:image:type\" content=\"image\/jpeg\" \/>\n<meta name=\"author\" content=\"E-GRUPOCLAN\" \/>\n<meta name=\"twitter:card\" content=\"summary_large_image\" \/>\n<meta name=\"twitter:creator\" content=\"@clanespectok\" \/>\n<meta name=\"twitter:site\" content=\"@clanespectok\" \/>\n<meta name=\"twitter:label1\" content=\"Escrito por\" \/>\n\t<meta name=\"twitter:data1\" content=\"E-GRUPOCLAN\" \/>\n\t<meta name=\"twitter:label2\" content=\"Tiempo de lectura\" \/>\n\t<meta name=\"twitter:data2\" content=\"4 minutos\" \/>\n<script type=\"application\/ld+json\" class=\"yoast-schema-graph\">{\"@context\":\"https:\\\/\\\/schema.org\",\"@graph\":[{\"@type\":\"Article\",\"@id\":\"https:\\\/\\\/radioclanfm.com\\\/clanespectaculos\\\/ricardo-darin-destaco-el-apoyo-de-lali-esposito-despues-de-la-polemica-por-el-precio-de-las-empanadas-es-una-amiga\\\/#article\",\"isPartOf\":{\"@id\":\"https:\\\/\\\/radioclanfm.com\\\/clanespectaculos\\\/ricardo-darin-destaco-el-apoyo-de-lali-esposito-despues-de-la-polemica-por-el-precio-de-las-empanadas-es-una-amiga\\\/\"},\"author\":{\"name\":\"E-GRUPOCLAN\",\"@id\":\"https:\\\/\\\/radioclanfm.com\\\/clanespectaculos\\\/#\\\/schema\\\/person\\\/9734813083303230f3ad84d99171b20c\"},\"headline\":\"Ricardo Dar\u00edn destac\u00f3 el apoyo de Lali Esp\u00f3sito despu\u00e9s de la pol\u00e9mica por el precio de las empanadas: \u201cEs una amiga\u201d\",\"datePublished\":\"2025-06-09T04:30:23+00:00\",\"mainEntityOfPage\":{\"@id\":\"https:\\\/\\\/radioclanfm.com\\\/clanespectaculos\\\/ricardo-darin-destaco-el-apoyo-de-lali-esposito-despues-de-la-polemica-por-el-precio-de-las-empanadas-es-una-amiga\\\/\"},\"wordCount\":895,\"commentCount\":0,\"publisher\":{\"@id\":\"https:\\\/\\\/radioclanfm.com\\\/clanespectaculos\\\/#organization\"},\"image\":{\"@id\":\"https:\\\/\\\/radioclanfm.com\\\/clanespectaculos\\\/ricardo-darin-destaco-el-apoyo-de-lali-esposito-despues-de-la-polemica-por-el-precio-de-las-empanadas-es-una-amiga\\\/#primaryimage\"},\"thumbnailUrl\":\"https:\\\/\\\/radioclanfm.com\\\/clanespectaculos\\\/wp-content\\\/uploads\\\/sites\\\/2\\\/2025\\\/06\\\/DtaIOt4r.jpg\",\"articleSection\":[\"Espectaculos\"],\"inLanguage\":\"es-AR\",\"potentialAction\":[{\"@type\":\"CommentAction\",\"name\":\"Comment\",\"target\":[\"https:\\\/\\\/radioclanfm.com\\\/clanespectaculos\\\/ricardo-darin-destaco-el-apoyo-de-lali-esposito-despues-de-la-polemica-por-el-precio-de-las-empanadas-es-una-amiga\\\/#respond\"]}]},{\"@type\":\"WebPage\",\"@id\":\"https:\\\/\\\/radioclanfm.com\\\/clanespectaculos\\\/ricardo-darin-destaco-el-apoyo-de-lali-esposito-despues-de-la-polemica-por-el-precio-de-las-empanadas-es-una-amiga\\\/\",\"url\":\"https:\\\/\\\/radioclanfm.com\\\/clanespectaculos\\\/ricardo-darin-destaco-el-apoyo-de-lali-esposito-despues-de-la-polemica-por-el-precio-de-las-empanadas-es-una-amiga\\\/\",\"name\":\"Ricardo Dar\u00edn destac\u00f3 el apoyo de Lali Esp\u00f3sito despu\u00e9s de la pol\u00e9mica por el precio de las empanadas: \u201cEs una amiga\u201d - CLAN ESPECTACULOS\",\"isPartOf\":{\"@id\":\"https:\\\/\\\/radioclanfm.com\\\/clanespectaculos\\\/#website\"},\"primaryImageOfPage\":{\"@id\":\"https:\\\/\\\/radioclanfm.com\\\/clanespectaculos\\\/ricardo-darin-destaco-el-apoyo-de-lali-esposito-despues-de-la-polemica-por-el-precio-de-las-empanadas-es-una-amiga\\\/#primaryimage\"},\"image\":{\"@id\":\"https:\\\/\\\/radioclanfm.com\\\/clanespectaculos\\\/ricardo-darin-destaco-el-apoyo-de-lali-esposito-despues-de-la-polemica-por-el-precio-de-las-empanadas-es-una-amiga\\\/#primaryimage\"},\"thumbnailUrl\":\"https:\\\/\\\/radioclanfm.com\\\/clanespectaculos\\\/wp-content\\\/uploads\\\/sites\\\/2\\\/2025\\\/06\\\/DtaIOt4r.jpg\",\"datePublished\":\"2025-06-09T04:30:23+00:00\",\"breadcrumb\":{\"@id\":\"https:\\\/\\\/radioclanfm.com\\\/clanespectaculos\\\/ricardo-darin-destaco-el-apoyo-de-lali-esposito-despues-de-la-polemica-por-el-precio-de-las-empanadas-es-una-amiga\\\/#breadcrumb\"},\"inLanguage\":\"es-AR\",\"potentialAction\":[{\"@type\":\"ReadAction\",\"target\":[\"https:\\\/\\\/radioclanfm.com\\\/clanespectaculos\\\/ricardo-darin-destaco-el-apoyo-de-lali-esposito-despues-de-la-polemica-por-el-precio-de-las-empanadas-es-una-amiga\\\/\"]}]},{\"@type\":\"ImageObject\",\"inLanguage\":\"es-AR\",\"@id\":\"https:\\\/\\\/radioclanfm.com\\\/clanespectaculos\\\/ricardo-darin-destaco-el-apoyo-de-lali-esposito-despues-de-la-polemica-por-el-precio-de-las-empanadas-es-una-amiga\\\/#primaryimage\",\"url\":\"https:\\\/\\\/radioclanfm.com\\\/clanespectaculos\\\/wp-content\\\/uploads\\\/sites\\\/2\\\/2025\\\/06\\\/DtaIOt4r.jpg\",\"contentUrl\":\"https:\\\/\\\/radioclanfm.com\\\/clanespectaculos\\\/wp-content\\\/uploads\\\/sites\\\/2\\\/2025\\\/06\\\/DtaIOt4r.jpg\",\"width\":900,\"height\":450},{\"@type\":\"BreadcrumbList\",\"@id\":\"https:\\\/\\\/radioclanfm.com\\\/clanespectaculos\\\/ricardo-darin-destaco-el-apoyo-de-lali-esposito-despues-de-la-polemica-por-el-precio-de-las-empanadas-es-una-amiga\\\/#breadcrumb\",\"itemListElement\":[{\"@type\":\"ListItem\",\"position\":1,\"name\":\"Inicio\",\"item\":\"https:\\\/\\\/radioclanfm.com\\\/clanespectaculos\\\/\"},{\"@type\":\"ListItem\",\"position\":2,\"name\":\"Ricardo Dar\u00edn destac\u00f3 el apoyo de Lali Esp\u00f3sito despu\u00e9s de la pol\u00e9mica por el precio de las empanadas: \u201cEs una amiga\u201d\"}]},{\"@type\":\"WebSite\",\"@id\":\"https:\\\/\\\/radioclanfm.com\\\/clanespectaculos\\\/#website\",\"url\":\"https:\\\/\\\/radioclanfm.com\\\/clanespectaculos\\\/\",\"name\":\"CLAN ESPECTACULOS\",\"description\":\"\",\"publisher\":{\"@id\":\"https:\\\/\\\/radioclanfm.com\\\/clanespectaculos\\\/#organization\"},\"potentialAction\":[{\"@type\":\"SearchAction\",\"target\":{\"@type\":\"EntryPoint\",\"urlTemplate\":\"https:\\\/\\\/radioclanfm.com\\\/clanespectaculos\\\/?s={search_term_string}\"},\"query-input\":{\"@type\":\"PropertyValueSpecification\",\"valueRequired\":true,\"valueName\":\"search_term_string\"}}],\"inLanguage\":\"es-AR\"},{\"@type\":\"Organization\",\"@id\":\"https:\\\/\\\/radioclanfm.com\\\/clanespectaculos\\\/#organization\",\"name\":\"CLAN ESPECTACULOS\",\"url\":\"https:\\\/\\\/radioclanfm.com\\\/clanespectaculos\\\/\",\"logo\":{\"@type\":\"ImageObject\",\"inLanguage\":\"es-AR\",\"@id\":\"https:\\\/\\\/radioclanfm.com\\\/clanespectaculos\\\/#\\\/schema\\\/logo\\\/image\\\/\",\"url\":\"https:\\\/\\\/radioclanfm.com\\\/clanespectaculos\\\/wp-content\\\/uploads\\\/sites\\\/2\\\/2026\\\/04\\\/ChatGPT-Image-23-mar-2026-10_09_00.png\",\"contentUrl\":\"https:\\\/\\\/radioclanfm.com\\\/clanespectaculos\\\/wp-content\\\/uploads\\\/sites\\\/2\\\/2026\\\/04\\\/ChatGPT-Image-23-mar-2026-10_09_00.png\",\"width\":1024,\"height\":1024,\"caption\":\"CLAN ESPECTACULOS\"},\"image\":{\"@id\":\"https:\\\/\\\/radioclanfm.com\\\/clanespectaculos\\\/#\\\/schema\\\/logo\\\/image\\\/\"},\"sameAs\":[\"https:\\\/\\\/www.facebook.com\\\/clanespectaculos\\\/\",\"https:\\\/\\\/x.com\\\/clanespectok\"]},{\"@type\":\"Person\",\"@id\":\"https:\\\/\\\/radioclanfm.com\\\/clanespectaculos\\\/#\\\/schema\\\/person\\\/9734813083303230f3ad84d99171b20c\",\"name\":\"E-GRUPOCLAN\",\"image\":{\"@type\":\"ImageObject\",\"inLanguage\":\"es-AR\",\"@id\":\"https:\\\/\\\/secure.gravatar.com\\\/avatar\\\/af6e19837c3d6a212034a48c7b3818d2ac1826f6025df0155da5a186ad321d79?s=96&d=mm&r=g\",\"url\":\"https:\\\/\\\/secure.gravatar.com\\\/avatar\\\/af6e19837c3d6a212034a48c7b3818d2ac1826f6025df0155da5a186ad321d79?s=96&d=mm&r=g\",\"contentUrl\":\"https:\\\/\\\/secure.gravatar.com\\\/avatar\\\/af6e19837c3d6a212034a48c7b3818d2ac1826f6025df0155da5a186ad321d79?s=96&d=mm&r=g\",\"caption\":\"E-GRUPOCLAN\"},\"sameAs\":[\"https:\\\/\\\/radioclanfm.com\"],\"url\":\"https:\\\/\\\/radioclanfm.com\\\/clanespectaculos\\\/author\\\/admin\\\/\"}]}<\/script>\n<!-- \/ Yoast SEO plugin. -->","yoast_head_json":{"title":"Ricardo Dar\u00edn destac\u00f3 el apoyo de Lali Esp\u00f3sito despu\u00e9s de la pol\u00e9mica por el precio de las empanadas: \u201cEs una amiga\u201d - CLAN ESPECTACULOS","robots":{"index":"index","follow":"follow","max-snippet":"max-snippet:-1","max-image-preview":"max-image-preview:large","max-video-preview":"max-video-preview:-1"},"canonical":"https:\/\/radioclanfm.com\/clanespectaculos\/ricardo-darin-destaco-el-apoyo-de-lali-esposito-despues-de-la-polemica-por-el-precio-de-las-empanadas-es-una-amiga\/","og_locale":"es_ES","og_type":"article","og_title":"Ricardo Dar\u00edn destac\u00f3 el apoyo de Lali Esp\u00f3sito despu\u00e9s de la pol\u00e9mica por el precio de las empanadas: \u201cEs una amiga\u201d - CLAN ESPECTACULOS","og_description":"El actor en Infama le agradeci\u00f3 a la cantante la defensa que realiz\u00f3 luego de la pol\u00e9mica por el precio de las empanadas que tuvo con el ministro de econom\u00eda, Luis Caputo A dos semanas del conflicto que\u00a0se desat\u00f3 entre\u00a0Ricardo Dar\u00edn\u00a0y el ministro de econom\u00eda,\u00a0Luis Caputo, el actor convers\u00f3 con\u00a0Infama\u00a0sobre lo sucedido, habl\u00f3 de las [&hellip;]","og_url":"https:\/\/radioclanfm.com\/clanespectaculos\/ricardo-darin-destaco-el-apoyo-de-lali-esposito-despues-de-la-polemica-por-el-precio-de-las-empanadas-es-una-amiga\/","og_site_name":"CLAN ESPECTACULOS","article_publisher":"https:\/\/www.facebook.com\/clanespectaculos\/","article_published_time":"2025-06-09T04:30:23+00:00","og_image":[{"width":900,"height":450,"url":"https:\/\/radioclanfm.com\/clanespectaculos\/wp-content\/uploads\/sites\/2\/2025\/06\/DtaIOt4r.jpg","type":"image\/jpeg"}],"author":"E-GRUPOCLAN","twitter_card":"summary_large_image","twitter_creator":"@clanespectok","twitter_site":"@clanespectok","twitter_misc":{"Escrito por":"E-GRUPOCLAN","Tiempo de lectura":"4 minutos"},"schema":{"@context":"https:\/\/schema.org","@graph":[{"@type":"Article","@id":"https:\/\/radioclanfm.com\/clanespectaculos\/ricardo-darin-destaco-el-apoyo-de-lali-esposito-despues-de-la-polemica-por-el-precio-de-las-empanadas-es-una-amiga\/#article","isPartOf":{"@id":"https:\/\/radioclanfm.com\/clanespectaculos\/ricardo-darin-destaco-el-apoyo-de-lali-esposito-despues-de-la-polemica-por-el-precio-de-las-empanadas-es-una-amiga\/"},"author":{"name":"E-GRUPOCLAN","@id":"https:\/\/radioclanfm.com\/clanespectaculos\/#\/schema\/person\/9734813083303230f3ad84d99171b20c"},"headline":"Ricardo Dar\u00edn destac\u00f3 el apoyo de Lali Esp\u00f3sito despu\u00e9s de la pol\u00e9mica por el precio de las empanadas: \u201cEs una amiga\u201d","datePublished":"2025-06-09T04:30:23+00:00","mainEntityOfPage":{"@id":"https:\/\/radioclanfm.com\/clanespectaculos\/ricardo-darin-destaco-el-apoyo-de-lali-esposito-despues-de-la-polemica-por-el-precio-de-las-empanadas-es-una-amiga\/"},"wordCount":895,"commentCount":0,"publisher":{"@id":"https:\/\/radioclanfm.com\/clanespectaculos\/#organization"},"image":{"@id":"https:\/\/radioclanfm.com\/clanespectaculos\/ricardo-darin-destaco-el-apoyo-de-lali-esposito-despues-de-la-polemica-por-el-precio-de-las-empanadas-es-una-amiga\/#primaryimage"},"thumbnailUrl":"https:\/\/radioclanfm.com\/clanespectaculos\/wp-content\/uploads\/sites\/2\/2025\/06\/DtaIOt4r.jpg","articleSection":["Espectaculos"],"inLanguage":"es-AR","potentialAction":[{"@type":"CommentAction","name":"Comment","target":["https:\/\/radioclanfm.com\/clanespectaculos\/ricardo-darin-destaco-el-apoyo-de-lali-esposito-despues-de-la-polemica-por-el-precio-de-las-empanadas-es-una-amiga\/#respond"]}]},{"@type":"WebPage","@id":"https:\/\/radioclanfm.com\/clanespectaculos\/ricardo-darin-destaco-el-apoyo-de-lali-esposito-despues-de-la-polemica-por-el-precio-de-las-empanadas-es-una-amiga\/","url":"https:\/\/radioclanfm.com\/clanespectaculos\/ricardo-darin-destaco-el-apoyo-de-lali-esposito-despues-de-la-polemica-por-el-precio-de-las-empanadas-es-una-amiga\/","name":"Ricardo Dar\u00edn destac\u00f3 el apoyo de Lali Esp\u00f3sito despu\u00e9s de la pol\u00e9mica por el precio de las empanadas: \u201cEs una amiga\u201d - CLAN ESPECTACULOS","isPartOf":{"@id":"https:\/\/radioclanfm.com\/clanespectaculos\/#website"},"primaryImageOfPage":{"@id":"https:\/\/radioclanfm.com\/clanespectaculos\/ricardo-darin-destaco-el-apoyo-de-lali-esposito-despues-de-la-polemica-por-el-precio-de-las-empanadas-es-una-amiga\/#primaryimage"},"image":{"@id":"https:\/\/radioclanfm.com\/clanespectaculos\/ricardo-darin-destaco-el-apoyo-de-lali-esposito-despues-de-la-polemica-por-el-precio-de-las-empanadas-es-una-amiga\/#primaryimage"},"thumbnailUrl":"https:\/\/radioclanfm.com\/clanespectaculos\/wp-content\/uploads\/sites\/2\/2025\/06\/DtaIOt4r.jpg","datePublished":"2025-06-09T04:30:23+00:00","breadcrumb":{"@id":"https:\/\/radioclanfm.com\/clanespectaculos\/ricardo-darin-destaco-el-apoyo-de-lali-esposito-despues-de-la-polemica-por-el-precio-de-las-empanadas-es-una-amiga\/#breadcrumb"},"inLanguage":"es-AR","potentialAction":[{"@type":"ReadAction","target":["https:\/\/radioclanfm.com\/clanespectaculos\/ricardo-darin-destaco-el-apoyo-de-lali-esposito-despues-de-la-polemica-por-el-precio-de-las-empanadas-es-una-amiga\/"]}]},{"@type":"ImageObject","inLanguage":"es-AR","@id":"https:\/\/radioclanfm.com\/clanespectaculos\/ricardo-darin-destaco-el-apoyo-de-lali-esposito-despues-de-la-polemica-por-el-precio-de-las-empanadas-es-una-amiga\/#primaryimage","url":"https:\/\/radioclanfm.com\/clanespectaculos\/wp-content\/uploads\/sites\/2\/2025\/06\/DtaIOt4r.jpg","contentUrl":"https:\/\/radioclanfm.com\/clanespectaculos\/wp-content\/uploads\/sites\/2\/2025\/06\/DtaIOt4r.jpg","width":900,"height":450},{"@type":"BreadcrumbList","@id":"https:\/\/radioclanfm.com\/clanespectaculos\/ricardo-darin-destaco-el-apoyo-de-lali-esposito-despues-de-la-polemica-por-el-precio-de-las-empanadas-es-una-amiga\/#breadcrumb","itemListElement":[{"@type":"ListItem","position":1,"name":"Inicio","item":"https:\/\/radioclanfm.com\/clanespectaculos\/"},{"@type":"ListItem","position":2,"name":"Ricardo Dar\u00edn destac\u00f3 el apoyo de Lali Esp\u00f3sito despu\u00e9s de la pol\u00e9mica por el precio de las empanadas: \u201cEs una amiga\u201d"}]},{"@type":"WebSite","@id":"https:\/\/radioclanfm.com\/clanespectaculos\/#website","url":"https:\/\/radioclanfm.com\/clanespectaculos\/","name":"CLAN ESPECTACULOS","description":"","publisher":{"@id":"https:\/\/radioclanfm.com\/clanespectaculos\/#organization"},"potentialAction":[{"@type":"SearchAction","target":{"@type":"EntryPoint","urlTemplate":"https:\/\/radioclanfm.com\/clanespectaculos\/?s={search_term_string}"},"query-input":{"@type":"PropertyValueSpecification","valueRequired":true,"valueName":"search_term_string"}}],"inLanguage":"es-AR"},{"@type":"Organization","@id":"https:\/\/radioclanfm.com\/clanespectaculos\/#organization","name":"CLAN ESPECTACULOS","url":"https:\/\/radioclanfm.com\/clanespectaculos\/","logo":{"@type":"ImageObject","inLanguage":"es-AR","@id":"https:\/\/radioclanfm.com\/clanespectaculos\/#\/schema\/logo\/image\/","url":"https:\/\/radioclanfm.com\/clanespectaculos\/wp-content\/uploads\/sites\/2\/2026\/04\/ChatGPT-Image-23-mar-2026-10_09_00.png","contentUrl":"https:\/\/radioclanfm.com\/clanespectaculos\/wp-content\/uploads\/sites\/2\/2026\/04\/ChatGPT-Image-23-mar-2026-10_09_00.png","width":1024,"height":1024,"caption":"CLAN ESPECTACULOS"},"image":{"@id":"https:\/\/radioclanfm.com\/clanespectaculos\/#\/schema\/logo\/image\/"},"sameAs":["https:\/\/www.facebook.com\/clanespectaculos\/","https:\/\/x.com\/clanespectok"]},{"@type":"Person","@id":"https:\/\/radioclanfm.com\/clanespectaculos\/#\/schema\/person\/9734813083303230f3ad84d99171b20c","name":"E-GRUPOCLAN","image":{"@type":"ImageObject","inLanguage":"es-AR","@id":"https:\/\/secure.gravatar.com\/avatar\/af6e19837c3d6a212034a48c7b3818d2ac1826f6025df0155da5a186ad321d79?s=96&d=mm&r=g","url":"https:\/\/secure.gravatar.com\/avatar\/af6e19837c3d6a212034a48c7b3818d2ac1826f6025df0155da5a186ad321d79?s=96&d=mm&r=g","contentUrl":"https:\/\/secure.gravatar.com\/avatar\/af6e19837c3d6a212034a48c7b3818d2ac1826f6025df0155da5a186ad321d79?s=96&d=mm&r=g","caption":"E-GRUPOCLAN"},"sameAs":["https:\/\/radioclanfm.com"],"url":"https:\/\/radioclanfm.com\/clanespectaculos\/author\/admin\/"}]}},"_links":{"self":[{"href":"https:\/\/radioclanfm.com\/clanespectaculos\/wp-json\/wp\/v2\/posts\/1435","targetHints":{"allow":["GET"]}}],"collection":[{"href":"https:\/\/radioclanfm.com\/clanespectaculos\/wp-json\/wp\/v2\/posts"}],"about":[{"href":"https:\/\/radioclanfm.com\/clanespectaculos\/wp-json\/wp\/v2\/types\/post"}],"author":[{"embeddable":true,"href":"https:\/\/radioclanfm.com\/clanespectaculos\/wp-json\/wp\/v2\/users\/1"}],"replies":[{"embeddable":true,"href":"https:\/\/radioclanfm.com\/clanespectaculos\/wp-json\/wp\/v2\/comments?post=1435"}],"version-history":[{"count":1,"href":"https:\/\/radioclanfm.com\/clanespectaculos\/wp-json\/wp\/v2\/posts\/1435\/revisions"}],"predecessor-version":[{"id":1439,"href":"https:\/\/radioclanfm.com\/clanespectaculos\/wp-json\/wp\/v2\/posts\/1435\/revisions\/1439"}],"wp:featuredmedia":[{"embeddable":true,"href":"https:\/\/radioclanfm.com\/clanespectaculos\/wp-json\/wp\/v2\/media\/1438"}],"wp:attachment":[{"href":"https:\/\/radioclanfm.com\/clanespectaculos\/wp-json\/wp\/v2\/media?parent=1435"}],"wp:term":[{"taxonomy":"category","embeddable":true,"href":"https:\/\/radioclanfm.com\/clanespectaculos\/wp-json\/wp\/v2\/categories?post=1435"},{"taxonomy":"post_tag","embeddable":true,"href":"https:\/\/radioclanfm.com\/clanespectaculos\/wp-json\/wp\/v2\/tags?post=1435"}],"curies":[{"name":"wp","href":"https:\/\/api.w.org\/{rel}","templated":true}]}}