{"id":1430,"date":"2025-06-09T01:28:48","date_gmt":"2025-06-09T04:28:48","guid":{"rendered":"https:\/\/radioclanfm.com\/clanespectaculos\/?p=1430"},"modified":"2025-06-09T01:28:48","modified_gmt":"2025-06-09T04:28:48","slug":"melody-luz-se-canso-y-conto-su-verdad-sobre-alex-caniggia-no-queria-que-diera-notas-para-que-no-le-saque-la-careta","status":"publish","type":"post","link":"https:\/\/radioclanfm.com\/clanespectaculos\/melody-luz-se-canso-y-conto-su-verdad-sobre-alex-caniggia-no-queria-que-diera-notas-para-que-no-le-saque-la-careta\/","title":{"rendered":"Melody Luz se cans\u00f3 y cont\u00f3 su verdad sobre Alex Caniggia: \u201cNo quer\u00eda que diera notas para que no le saque la careta\u201d"},"content":{"rendered":"<p>Tras su separaci\u00f3n, Melody no se calla. Entrevistada por Infama, critica y \u201cdesenmascara\u201d a su ex pareja, m\u00e1s all\u00e1 de asumir entre ambos la crianza de su hija Venezia<\/p>\n<p class=\"paragraph\" data-mrf-recirculation=\"Links inline\">Unas semanas atr\u00e1s,\u00a0<b>Alex Caniggia y Melody Luz\u00a0<\/b>decidieron separarse, sabiendo que, m\u00e1s all\u00e1 de c\u00f3mo se lleven, ante todo est\u00e1 la crianza de\u00a0<b>su hija Venezia.<\/b>\u00a0Hace unos d\u00edas, en\u00a0<i>Bondi Live<\/i>, Melody decidi\u00f3 romper el silencio. Y este domingo volvi\u00f3 a hacerlo, a trav\u00e9s de un m\u00f3vil concedido a Infama (<i>Am\u00e9rica<\/i>). \u201c<b>\u00bfSaben por qu\u00e9 no quer\u00eda que hable, que no de notas, \u00a1para no sacarle la careta!?<\/b>\u201d, sintetiz\u00f3 Melody.<\/p>\n<div class=\"news-module\" data-mrf-recirculation=\"IL_Ct0zZTd2RqSjHGMXsLzz7w\" data-testid=\"text-html\" data-mrf-experience=\"IL_Ct0zZTd2RqSjHGMXsLzz7w\">\n<div class=\"recommended-card__image-container\"><\/div>\n<\/div>\n<p class=\"paragraph\" data-mrf-recirculation=\"Links inline\">Se notaba que se ven\u00eda guardando cosas, y ahora las dice todas juntas. Por ejemplo:<\/p>\n<div class=\"inline ad-wrapper\">\n<div class=\"dfpAd ad-inline\">\n<div id=\"infobae\/teleshow\/nota\/inline\" class=\"infobae\/teleshow\/nota\/inline arcad\" data-google-query-id=\"CKyV0InA440DFZJIuAQdrjwS4A\">\n<div id=\"google_ads_iframe_\/1058609\/infobae\/teleshow\/nota\/inline_0__container__\"><\/div>\n<\/div>\n<\/div>\n<\/div>\n<p class=\"paragraph\" data-mrf-recirculation=\"Links inline\">Un consejo para las chicas que se le acercan (A Alex): \u201cSal\u00ed de ah\u00ed\u201d.<\/p>\n<div class=\"news-module\" data-mrf-recirculation=\"IL_RjJ8XQ94SCCdND4VX9YvyQ\" data-testid=\"text-html\" data-mrf-experience=\"IL_RjJ8XQ94SCCdND4VX9YvyQ\">\n<div class=\"recommended-card__image-container\"><\/div>\n<\/div>\n<p class=\"paragraph\" data-mrf-recirculation=\"Links inline\">\u201cAhora sabemos que es un impostor. Yo tambi\u00e9n me com\u00ed la mentira: que era un padre de familia, que me estaba respetando. Ojo, entiendo que te pueda gustar otras personas, pero entonces\u00a0<b>ten\u00e9 los huevos de decir la verdad<\/b>\u201c.<\/p>\n<div class=\"jwplayer-ctn\">\n<div>\n<div id=\"54Y5CIYQ5RHSTENZ55SG4VNGJM-custom_embed5\" class=\"jwplayer jw-reset jw-state-idle jw-stretch-uniform jw-flag-aspect-mode jw-breakpoint-5 jw-floating-dismissible jw-keep-thumbnail jw-flag-cast-available jw-flag-user-inactive\" tabindex=\"0\" role=\"application\" aria-label=\"Video Player - Melody Luz le responde a Alex Caniggia\" aria-describedby=\"jw-54Y5CIYQ5RHSTENZ55SG4VNGJM-custom_embed5-shortcuts-tooltip-explanation\" data-compass-listening=\"true\">\n<div class=\"jw-wrapper jw-reset\">\n<div class=\"jw-controls jw-reset\">\n<div class=\"jw-controlbar jw-reset\">\n<div class=\"jw-reset jw-button-container\">\n<div class=\"jw-icon jw-icon-inline jw-button-color jw-reset jw-icon-cast\" tabindex=\"0\" role=\"button\" aria-label=\"Chromecast\">\n<div class=\"jw-reset-text jw-tooltip jw-tooltip-chromecast\" dir=\"auto\">\n<div class=\"jw-text\"><\/div>\n<\/div>\n<\/div>\n<\/div>\n<\/div>\n<\/div>\n<\/div>\n<div class=\"afs_ads ad-placement\"><\/div>\n<\/div>\n<\/div>\n<p>Melody Luz le responde a Alex Caniggia<\/p><\/div>\n<div class=\"inline_2_DSK ad-wrapper ad-desktop\">\n<div class=\"dfpAd ad-inline\">\n<div id=\"infobae\/teleshow\/nota\/inline_2_DSK\" class=\"infobae\/teleshow\/nota\/inline_2_DSK arcad\" data-google-query-id=\"CJjj5YnA440DFbpRuAQdzIYKdA\">\n<div id=\"google_ads_iframe_\/1058609\/infobae\/teleshow\/nota\/inline_2_DSK_0__container__\"><\/div>\n<\/div>\n<\/div>\n<\/div>\n<p class=\"paragraph\" data-mrf-recirculation=\"Links inline\">En un momento, le preguntaron si hab\u00eda sufrido maltrato f\u00edsico o psicol\u00f3gico por parte de Alex:\u00a0<b>\u201cF\u00edsicamente jam\u00e1s\u201d<\/b>, respondi\u00f3 sin dudar, y luego entr\u00f3 en detalles: \u201c\u00bfY psicol\u00f3gicamente? -pens\u00f3 antes de contestar-, escuchaba que su mam\u00e1 me trataba de negrita y al otro d\u00eda \u00e9l me dec\u00eda: \u2018Negrita ven\u00ed para ac\u00e1\u2019, y me lo dec\u00eda de una mala manera. O sea,\u00a0<b>\u00a1no es algo cari\u00f1oso!<\/b>\u00a0\u00a1Por qu\u00e9 me va a sonar gracioso!<\/p>\n<div class=\"news-module\" data-mrf-recirculation=\"IL_wPVu_IE4S76a5Gsl0lX8mA\" data-testid=\"text-html\" data-mrf-experience=\"IL_wPVu_IE4S76a5Gsl0lX8mA\">\n<div class=\"recommended-card__image-container\"><\/div>\n<\/div>\n<p class=\"paragraph\" data-mrf-recirculation=\"Links inline\">\u00bfY con el dinero c\u00f3mo es? \u00bfEs generoso?, quisieron saber en el piso. Pero basta ver la cara que pone Melody cuando escucha la palabra \u201cgeneroso\u201d como para adivinar la respuesta:\u00a0<b>\u201cYo siempre pagu\u00e9 la mitad de todo.\u00a0<\/b>\u00bfO por qu\u00e9 te pens\u00e1s que estoy trabando hasta los domingos?&#8221;<\/p>\n<p class=\"paragraph\" data-mrf-recirculation=\"Links inline\">\u201c\u00bfSi le pasa plata a la nena? No, paga la mitad del jard\u00edn y la obra social. Pero en mi nueva casa, en Mart\u00ednez&#8230; si estoy ac\u00e1 es gracias a la ayuda que me dan mis viejos (que se los voy a ir devolviendo), pero de \u00e9l, nada. En fin&#8230;\u00a0<b>despu\u00e9s la abandonadora, la mala de esta historia soy yo<\/b>\u201c.<\/p>\n<p class=\"paragraph\" data-mrf-recirculation=\"Links inline\">Otro tema:<b>\u00a0\u00bftiene alg\u00fan tipo de adicci\u00f3n?\u00a0<\/b>\u201cNo, estando conmigo no\u201d.<\/p>\n<p class=\"paragraph\" data-mrf-recirculation=\"Links inline\">Hacia el final de la nota, en Infama quisieron saber\u00a0<b>si esto terminaba en juicio. \u201cNo lo s\u00e9\u201d<\/b>, cerr\u00f3 Melody. O sea, suspenso.<\/p>\n<p class=\"paragraph\" data-mrf-recirculation=\"Links inline\">Como dec\u00edan las series de antes:\u00a0<i>continuar\u00e1&#8230;<\/i><\/p>\n<div class=\"visual__image\"><picture><source srcset=\"https:\/\/www.infobae.com\/resizer\/v2\/VVEJA35MRBAT5NOFEVLSHJ2RYA.png?auth=d5c87dd2e237cef6a6196b90dde006036e656577903b9e3dbe30a9aa0424455e&amp;smart=true&amp;width=992&amp;height=558&amp;quality=85\" media=\"(min-width: 1000px)\" \/><source srcset=\"https:\/\/www.infobae.com\/resizer\/v2\/VVEJA35MRBAT5NOFEVLSHJ2RYA.png?auth=d5c87dd2e237cef6a6196b90dde006036e656577903b9e3dbe30a9aa0424455e&amp;smart=true&amp;width=768&amp;height=432&amp;quality=85\" media=\"(min-width: 768px)\" \/><source srcset=\"https:\/\/www.infobae.com\/resizer\/v2\/VVEJA35MRBAT5NOFEVLSHJ2RYA.png?auth=d5c87dd2e237cef6a6196b90dde006036e656577903b9e3dbe30a9aa0424455e&amp;smart=true&amp;width=577&amp;height=325&amp;quality=85\" media=\"(min-width: 580px)\" \/><source srcset=\"https:\/\/www.infobae.com\/resizer\/v2\/VVEJA35MRBAT5NOFEVLSHJ2RYA.png?auth=d5c87dd2e237cef6a6196b90dde006036e656577903b9e3dbe30a9aa0424455e&amp;smart=true&amp;width=420&amp;height=236&amp;quality=85\" media=\"(min-width: 350px)\" \/><source srcset=\"https:\/\/www.infobae.com\/resizer\/v2\/VVEJA35MRBAT5NOFEVLSHJ2RYA.png?auth=d5c87dd2e237cef6a6196b90dde006036e656577903b9e3dbe30a9aa0424455e&amp;smart=true&amp;width=350&amp;height=197&amp;quality=85\" media=\"(min-width: 80px)\" \/><img loading=\"lazy\" decoding=\"async\" class=\"global-image\" src=\"https:\/\/www.infobae.com\/resizer\/v2\/VVEJA35MRBAT5NOFEVLSHJ2RYA.png?auth=d5c87dd2e237cef6a6196b90dde006036e656577903b9e3dbe30a9aa0424455e&amp;smart=true&amp;width=350&amp;height=197&amp;quality=85\" alt=\"Charlotte Caniggia apoy\u00f3 a su\" width=\"1920\" height=\"1080\" \/><\/picture>Charlotte Caniggia apoy\u00f3 a su hermano Alex en medio de su conflicto con Melody Luz (Instagram)<\/div>\n<div class=\"headline-wrapper\">\n<h2 class=\"header headline-class-h2\">En boca cerrada&#8230;<\/h2>\n<\/div>\n<p class=\"paragraph\" data-mrf-recirculation=\"Links inline\">Hace unos d\u00edas, cuando le preguntaron por qu\u00e9 en un principio hab\u00eda elegido el silencio, dijo: \u201cLo que pas\u00f3 fue que ante cualquier cosa \u00e9l siempre me dec\u00eda \u2018no des notas, no des nota\u2019 y yo le hac\u00eda caso. Cuando cortamos quedamos que en que todo bien,<b>\u00a0pero el chab\u00f3n no se sabe comunicar, nunca lo supo hacer, lo estoy tratando en terapia y no mejora.<\/b>\u00a0Sucede esto que va a un campo agarrando a upa a mi hija, d\u00e1ndole la mano, en una cama, de la nada veo media cara en una cama de dos plazas con mi hija. Yo ni enterada\u201c.<\/p>\n<p class=\"paragraph\" data-mrf-recirculation=\"Links inline\">Sobre este episodio dej\u00f3 en claro, en varias ocasiones, que no le molesta que tenga nueva pareja, sino que ella no sepa el nombre: \u201cLo que me pareci\u00f3 raro es que el viernes dijo estoy soltero y el s\u00e1bado se va al campo con una chica,<b>\u00a0\u00bfcu\u00e1ntas chicas les vas a presentar a mi hija?<\/b>\u00a0Est\u00e1 bien, yo ya estoy con una persona, pero estoy con una y no sabes lo que bien que se comporta con Venezia y yo no sub\u00ed una foto en la cama con Santiago porque si no me iban a la yugular a m\u00ed \u201c.<\/p>\n<p class=\"paragraph\" data-mrf-recirculation=\"Links inline\">Acerca del trasfondo de su enojo, asegur\u00f3: \u201dEs el postear y el postear en una cama, mi hija en una cama. \u00c9l conoce a Santiago, sabe qui\u00e9n es, sabe su nombre, sabe su cara, yo ve\u00eda un ojo, una teta, a alguien agarr\u00e1ndole la mano a mi hija y yo dec\u00eda \u00bfcon qui\u00e9n esta?\u201c<\/p>\n<div class=\"second-saved-buttons\">\n<div class=\"body-share-note\"><\/div>\n<\/div>\n","protected":false},"excerpt":{"rendered":"<p>Tras su separaci\u00f3n, Melody no se calla. Entrevistada por Infama, critica y \u201cdesenmascara\u201d a su ex pareja, m\u00e1s all\u00e1 de asumir entre ambos la crianza de su hija Venezia Unas semanas atr\u00e1s,\u00a0Alex Caniggia y Melody Luz\u00a0decidieron separarse, sabiendo que, m\u00e1s all\u00e1 de c\u00f3mo se lleven, ante todo est\u00e1 la crianza de\u00a0su hija Venezia.\u00a0Hace unos d\u00edas, [&hellip;]<\/p>\n","protected":false},"author":1,"featured_media":1433,"comment_status":"open","ping_status":"open","sticky":false,"template":"","format":"standard","meta":{"rop_custom_images_group":[],"rop_custom_messages_group":[],"rop_publish_now":"initial","rop_publish_now_accounts":[],"rop_publish_now_history":[],"rop_publish_now_status":"pending","footnotes":"","jetpack_publicize_message":"","jetpack_publicize_feature_enabled":true,"jetpack_social_post_already_shared":true,"jetpack_social_options":{"image_generator_settings":{"template":"highway","enabled":false},"version":2}},"categories":[12],"tags":[],"class_list":{"0":"post-1430","1":"post","2":"type-post","3":"status-publish","4":"format-standard","5":"has-post-thumbnail","7":"category-espectaculos"},"jetpack_publicize_connections":[],"yoast_head":"<!-- This site is optimized with the Yoast SEO plugin v27.3 - https:\/\/yoast.com\/product\/yoast-seo-wordpress\/ -->\n<title>Melody Luz se cans\u00f3 y cont\u00f3 su verdad sobre Alex Caniggia: \u201cNo quer\u00eda que diera notas para que no le saque la careta\u201d - CLAN ESPECTACULOS<\/title>\n<meta name=\"robots\" content=\"index, follow, max-snippet:-1, max-image-preview:large, max-video-preview:-1\" \/>\n<link rel=\"canonical\" href=\"https:\/\/radioclanfm.com\/clanespectaculos\/melody-luz-se-canso-y-conto-su-verdad-sobre-alex-caniggia-no-queria-que-diera-notas-para-que-no-le-saque-la-careta\/\" \/>\n<meta property=\"og:locale\" content=\"es_ES\" \/>\n<meta property=\"og:type\" content=\"article\" \/>\n<meta property=\"og:title\" content=\"Melody Luz se cans\u00f3 y cont\u00f3 su verdad sobre Alex Caniggia: \u201cNo quer\u00eda que diera notas para que no le saque la careta\u201d - CLAN ESPECTACULOS\" \/>\n<meta property=\"og:description\" content=\"Tras su separaci\u00f3n, Melody no se calla. Entrevistada por Infama, critica y \u201cdesenmascara\u201d a su ex pareja, m\u00e1s all\u00e1 de asumir entre ambos la crianza de su hija Venezia Unas semanas atr\u00e1s,\u00a0Alex Caniggia y Melody Luz\u00a0decidieron separarse, sabiendo que, m\u00e1s all\u00e1 de c\u00f3mo se lleven, ante todo est\u00e1 la crianza de\u00a0su hija Venezia.\u00a0Hace unos d\u00edas, [&hellip;]\" \/>\n<meta property=\"og:url\" content=\"https:\/\/radioclanfm.com\/clanespectaculos\/melody-luz-se-canso-y-conto-su-verdad-sobre-alex-caniggia-no-queria-que-diera-notas-para-que-no-le-saque-la-careta\/\" \/>\n<meta property=\"og:site_name\" content=\"CLAN ESPECTACULOS\" \/>\n<meta property=\"article:publisher\" content=\"https:\/\/www.facebook.com\/clanespectaculos\/\" \/>\n<meta property=\"article:published_time\" content=\"2025-06-09T04:28:48+00:00\" \/>\n<meta property=\"og:image\" content=\"https:\/\/radioclanfm.com\/clanespectaculos\/wp-content\/uploads\/sites\/2\/2025\/06\/UtWpVW4.jpg\" \/>\n\t<meta property=\"og:image:width\" content=\"900\" \/>\n\t<meta property=\"og:image:height\" content=\"450\" \/>\n\t<meta property=\"og:image:type\" content=\"image\/jpeg\" \/>\n<meta name=\"author\" content=\"E-GRUPOCLAN\" \/>\n<meta name=\"twitter:card\" content=\"summary_large_image\" \/>\n<meta name=\"twitter:creator\" content=\"@clanespectok\" \/>\n<meta name=\"twitter:site\" content=\"@clanespectok\" \/>\n<meta name=\"twitter:label1\" content=\"Escrito por\" \/>\n\t<meta name=\"twitter:data1\" content=\"E-GRUPOCLAN\" \/>\n\t<meta name=\"twitter:label2\" content=\"Tiempo de lectura\" \/>\n\t<meta name=\"twitter:data2\" content=\"4 minutos\" \/>\n<script type=\"application\/ld+json\" class=\"yoast-schema-graph\">{\"@context\":\"https:\\\/\\\/schema.org\",\"@graph\":[{\"@type\":\"Article\",\"@id\":\"https:\\\/\\\/radioclanfm.com\\\/clanespectaculos\\\/melody-luz-se-canso-y-conto-su-verdad-sobre-alex-caniggia-no-queria-que-diera-notas-para-que-no-le-saque-la-careta\\\/#article\",\"isPartOf\":{\"@id\":\"https:\\\/\\\/radioclanfm.com\\\/clanespectaculos\\\/melody-luz-se-canso-y-conto-su-verdad-sobre-alex-caniggia-no-queria-que-diera-notas-para-que-no-le-saque-la-careta\\\/\"},\"author\":{\"name\":\"E-GRUPOCLAN\",\"@id\":\"https:\\\/\\\/radioclanfm.com\\\/clanespectaculos\\\/#\\\/schema\\\/person\\\/9734813083303230f3ad84d99171b20c\"},\"headline\":\"Melody Luz se cans\u00f3 y cont\u00f3 su verdad sobre Alex Caniggia: \u201cNo quer\u00eda que diera notas para que no le saque la careta\u201d\",\"datePublished\":\"2025-06-09T04:28:48+00:00\",\"mainEntityOfPage\":{\"@id\":\"https:\\\/\\\/radioclanfm.com\\\/clanespectaculos\\\/melody-luz-se-canso-y-conto-su-verdad-sobre-alex-caniggia-no-queria-que-diera-notas-para-que-no-le-saque-la-careta\\\/\"},\"wordCount\":739,\"commentCount\":0,\"publisher\":{\"@id\":\"https:\\\/\\\/radioclanfm.com\\\/clanespectaculos\\\/#organization\"},\"image\":{\"@id\":\"https:\\\/\\\/radioclanfm.com\\\/clanespectaculos\\\/melody-luz-se-canso-y-conto-su-verdad-sobre-alex-caniggia-no-queria-que-diera-notas-para-que-no-le-saque-la-careta\\\/#primaryimage\"},\"thumbnailUrl\":\"https:\\\/\\\/radioclanfm.com\\\/clanespectaculos\\\/wp-content\\\/uploads\\\/sites\\\/2\\\/2025\\\/06\\\/UtWpVW4.jpg\",\"articleSection\":[\"Espectaculos\"],\"inLanguage\":\"es-AR\",\"potentialAction\":[{\"@type\":\"CommentAction\",\"name\":\"Comment\",\"target\":[\"https:\\\/\\\/radioclanfm.com\\\/clanespectaculos\\\/melody-luz-se-canso-y-conto-su-verdad-sobre-alex-caniggia-no-queria-que-diera-notas-para-que-no-le-saque-la-careta\\\/#respond\"]}]},{\"@type\":\"WebPage\",\"@id\":\"https:\\\/\\\/radioclanfm.com\\\/clanespectaculos\\\/melody-luz-se-canso-y-conto-su-verdad-sobre-alex-caniggia-no-queria-que-diera-notas-para-que-no-le-saque-la-careta\\\/\",\"url\":\"https:\\\/\\\/radioclanfm.com\\\/clanespectaculos\\\/melody-luz-se-canso-y-conto-su-verdad-sobre-alex-caniggia-no-queria-que-diera-notas-para-que-no-le-saque-la-careta\\\/\",\"name\":\"Melody Luz se cans\u00f3 y cont\u00f3 su verdad sobre Alex Caniggia: \u201cNo quer\u00eda que diera notas para que no le saque la careta\u201d - CLAN ESPECTACULOS\",\"isPartOf\":{\"@id\":\"https:\\\/\\\/radioclanfm.com\\\/clanespectaculos\\\/#website\"},\"primaryImageOfPage\":{\"@id\":\"https:\\\/\\\/radioclanfm.com\\\/clanespectaculos\\\/melody-luz-se-canso-y-conto-su-verdad-sobre-alex-caniggia-no-queria-que-diera-notas-para-que-no-le-saque-la-careta\\\/#primaryimage\"},\"image\":{\"@id\":\"https:\\\/\\\/radioclanfm.com\\\/clanespectaculos\\\/melody-luz-se-canso-y-conto-su-verdad-sobre-alex-caniggia-no-queria-que-diera-notas-para-que-no-le-saque-la-careta\\\/#primaryimage\"},\"thumbnailUrl\":\"https:\\\/\\\/radioclanfm.com\\\/clanespectaculos\\\/wp-content\\\/uploads\\\/sites\\\/2\\\/2025\\\/06\\\/UtWpVW4.jpg\",\"datePublished\":\"2025-06-09T04:28:48+00:00\",\"breadcrumb\":{\"@id\":\"https:\\\/\\\/radioclanfm.com\\\/clanespectaculos\\\/melody-luz-se-canso-y-conto-su-verdad-sobre-alex-caniggia-no-queria-que-diera-notas-para-que-no-le-saque-la-careta\\\/#breadcrumb\"},\"inLanguage\":\"es-AR\",\"potentialAction\":[{\"@type\":\"ReadAction\",\"target\":[\"https:\\\/\\\/radioclanfm.com\\\/clanespectaculos\\\/melody-luz-se-canso-y-conto-su-verdad-sobre-alex-caniggia-no-queria-que-diera-notas-para-que-no-le-saque-la-careta\\\/\"]}]},{\"@type\":\"ImageObject\",\"inLanguage\":\"es-AR\",\"@id\":\"https:\\\/\\\/radioclanfm.com\\\/clanespectaculos\\\/melody-luz-se-canso-y-conto-su-verdad-sobre-alex-caniggia-no-queria-que-diera-notas-para-que-no-le-saque-la-careta\\\/#primaryimage\",\"url\":\"https:\\\/\\\/radioclanfm.com\\\/clanespectaculos\\\/wp-content\\\/uploads\\\/sites\\\/2\\\/2025\\\/06\\\/UtWpVW4.jpg\",\"contentUrl\":\"https:\\\/\\\/radioclanfm.com\\\/clanespectaculos\\\/wp-content\\\/uploads\\\/sites\\\/2\\\/2025\\\/06\\\/UtWpVW4.jpg\",\"width\":900,\"height\":450},{\"@type\":\"BreadcrumbList\",\"@id\":\"https:\\\/\\\/radioclanfm.com\\\/clanespectaculos\\\/melody-luz-se-canso-y-conto-su-verdad-sobre-alex-caniggia-no-queria-que-diera-notas-para-que-no-le-saque-la-careta\\\/#breadcrumb\",\"itemListElement\":[{\"@type\":\"ListItem\",\"position\":1,\"name\":\"Inicio\",\"item\":\"https:\\\/\\\/radioclanfm.com\\\/clanespectaculos\\\/\"},{\"@type\":\"ListItem\",\"position\":2,\"name\":\"Melody Luz se cans\u00f3 y cont\u00f3 su verdad sobre Alex Caniggia: \u201cNo quer\u00eda que diera notas para que no le saque la careta\u201d\"}]},{\"@type\":\"WebSite\",\"@id\":\"https:\\\/\\\/radioclanfm.com\\\/clanespectaculos\\\/#website\",\"url\":\"https:\\\/\\\/radioclanfm.com\\\/clanespectaculos\\\/\",\"name\":\"CLAN ESPECTACULOS\",\"description\":\"\",\"publisher\":{\"@id\":\"https:\\\/\\\/radioclanfm.com\\\/clanespectaculos\\\/#organization\"},\"potentialAction\":[{\"@type\":\"SearchAction\",\"target\":{\"@type\":\"EntryPoint\",\"urlTemplate\":\"https:\\\/\\\/radioclanfm.com\\\/clanespectaculos\\\/?s={search_term_string}\"},\"query-input\":{\"@type\":\"PropertyValueSpecification\",\"valueRequired\":true,\"valueName\":\"search_term_string\"}}],\"inLanguage\":\"es-AR\"},{\"@type\":\"Organization\",\"@id\":\"https:\\\/\\\/radioclanfm.com\\\/clanespectaculos\\\/#organization\",\"name\":\"CLAN ESPECTACULOS\",\"url\":\"https:\\\/\\\/radioclanfm.com\\\/clanespectaculos\\\/\",\"logo\":{\"@type\":\"ImageObject\",\"inLanguage\":\"es-AR\",\"@id\":\"https:\\\/\\\/radioclanfm.com\\\/clanespectaculos\\\/#\\\/schema\\\/logo\\\/image\\\/\",\"url\":\"https:\\\/\\\/radioclanfm.com\\\/clanespectaculos\\\/wp-content\\\/uploads\\\/sites\\\/2\\\/2026\\\/04\\\/ChatGPT-Image-23-mar-2026-10_09_00.png\",\"contentUrl\":\"https:\\\/\\\/radioclanfm.com\\\/clanespectaculos\\\/wp-content\\\/uploads\\\/sites\\\/2\\\/2026\\\/04\\\/ChatGPT-Image-23-mar-2026-10_09_00.png\",\"width\":1024,\"height\":1024,\"caption\":\"CLAN ESPECTACULOS\"},\"image\":{\"@id\":\"https:\\\/\\\/radioclanfm.com\\\/clanespectaculos\\\/#\\\/schema\\\/logo\\\/image\\\/\"},\"sameAs\":[\"https:\\\/\\\/www.facebook.com\\\/clanespectaculos\\\/\",\"https:\\\/\\\/x.com\\\/clanespectok\"]},{\"@type\":\"Person\",\"@id\":\"https:\\\/\\\/radioclanfm.com\\\/clanespectaculos\\\/#\\\/schema\\\/person\\\/9734813083303230f3ad84d99171b20c\",\"name\":\"E-GRUPOCLAN\",\"image\":{\"@type\":\"ImageObject\",\"inLanguage\":\"es-AR\",\"@id\":\"https:\\\/\\\/secure.gravatar.com\\\/avatar\\\/af6e19837c3d6a212034a48c7b3818d2ac1826f6025df0155da5a186ad321d79?s=96&d=mm&r=g\",\"url\":\"https:\\\/\\\/secure.gravatar.com\\\/avatar\\\/af6e19837c3d6a212034a48c7b3818d2ac1826f6025df0155da5a186ad321d79?s=96&d=mm&r=g\",\"contentUrl\":\"https:\\\/\\\/secure.gravatar.com\\\/avatar\\\/af6e19837c3d6a212034a48c7b3818d2ac1826f6025df0155da5a186ad321d79?s=96&d=mm&r=g\",\"caption\":\"E-GRUPOCLAN\"},\"sameAs\":[\"https:\\\/\\\/radioclanfm.com\"],\"url\":\"https:\\\/\\\/radioclanfm.com\\\/clanespectaculos\\\/author\\\/admin\\\/\"}]}<\/script>\n<!-- \/ Yoast SEO plugin. -->","yoast_head_json":{"title":"Melody Luz se cans\u00f3 y cont\u00f3 su verdad sobre Alex Caniggia: \u201cNo quer\u00eda que diera notas para que no le saque la careta\u201d - CLAN ESPECTACULOS","robots":{"index":"index","follow":"follow","max-snippet":"max-snippet:-1","max-image-preview":"max-image-preview:large","max-video-preview":"max-video-preview:-1"},"canonical":"https:\/\/radioclanfm.com\/clanespectaculos\/melody-luz-se-canso-y-conto-su-verdad-sobre-alex-caniggia-no-queria-que-diera-notas-para-que-no-le-saque-la-careta\/","og_locale":"es_ES","og_type":"article","og_title":"Melody Luz se cans\u00f3 y cont\u00f3 su verdad sobre Alex Caniggia: \u201cNo quer\u00eda que diera notas para que no le saque la careta\u201d - CLAN ESPECTACULOS","og_description":"Tras su separaci\u00f3n, Melody no se calla. Entrevistada por Infama, critica y \u201cdesenmascara\u201d a su ex pareja, m\u00e1s all\u00e1 de asumir entre ambos la crianza de su hija Venezia Unas semanas atr\u00e1s,\u00a0Alex Caniggia y Melody Luz\u00a0decidieron separarse, sabiendo que, m\u00e1s all\u00e1 de c\u00f3mo se lleven, ante todo est\u00e1 la crianza de\u00a0su hija Venezia.\u00a0Hace unos d\u00edas, [&hellip;]","og_url":"https:\/\/radioclanfm.com\/clanespectaculos\/melody-luz-se-canso-y-conto-su-verdad-sobre-alex-caniggia-no-queria-que-diera-notas-para-que-no-le-saque-la-careta\/","og_site_name":"CLAN ESPECTACULOS","article_publisher":"https:\/\/www.facebook.com\/clanespectaculos\/","article_published_time":"2025-06-09T04:28:48+00:00","og_image":[{"width":900,"height":450,"url":"https:\/\/radioclanfm.com\/clanespectaculos\/wp-content\/uploads\/sites\/2\/2025\/06\/UtWpVW4.jpg","type":"image\/jpeg"}],"author":"E-GRUPOCLAN","twitter_card":"summary_large_image","twitter_creator":"@clanespectok","twitter_site":"@clanespectok","twitter_misc":{"Escrito por":"E-GRUPOCLAN","Tiempo de lectura":"4 minutos"},"schema":{"@context":"https:\/\/schema.org","@graph":[{"@type":"Article","@id":"https:\/\/radioclanfm.com\/clanespectaculos\/melody-luz-se-canso-y-conto-su-verdad-sobre-alex-caniggia-no-queria-que-diera-notas-para-que-no-le-saque-la-careta\/#article","isPartOf":{"@id":"https:\/\/radioclanfm.com\/clanespectaculos\/melody-luz-se-canso-y-conto-su-verdad-sobre-alex-caniggia-no-queria-que-diera-notas-para-que-no-le-saque-la-careta\/"},"author":{"name":"E-GRUPOCLAN","@id":"https:\/\/radioclanfm.com\/clanespectaculos\/#\/schema\/person\/9734813083303230f3ad84d99171b20c"},"headline":"Melody Luz se cans\u00f3 y cont\u00f3 su verdad sobre Alex Caniggia: \u201cNo quer\u00eda que diera notas para que no le saque la careta\u201d","datePublished":"2025-06-09T04:28:48+00:00","mainEntityOfPage":{"@id":"https:\/\/radioclanfm.com\/clanespectaculos\/melody-luz-se-canso-y-conto-su-verdad-sobre-alex-caniggia-no-queria-que-diera-notas-para-que-no-le-saque-la-careta\/"},"wordCount":739,"commentCount":0,"publisher":{"@id":"https:\/\/radioclanfm.com\/clanespectaculos\/#organization"},"image":{"@id":"https:\/\/radioclanfm.com\/clanespectaculos\/melody-luz-se-canso-y-conto-su-verdad-sobre-alex-caniggia-no-queria-que-diera-notas-para-que-no-le-saque-la-careta\/#primaryimage"},"thumbnailUrl":"https:\/\/radioclanfm.com\/clanespectaculos\/wp-content\/uploads\/sites\/2\/2025\/06\/UtWpVW4.jpg","articleSection":["Espectaculos"],"inLanguage":"es-AR","potentialAction":[{"@type":"CommentAction","name":"Comment","target":["https:\/\/radioclanfm.com\/clanespectaculos\/melody-luz-se-canso-y-conto-su-verdad-sobre-alex-caniggia-no-queria-que-diera-notas-para-que-no-le-saque-la-careta\/#respond"]}]},{"@type":"WebPage","@id":"https:\/\/radioclanfm.com\/clanespectaculos\/melody-luz-se-canso-y-conto-su-verdad-sobre-alex-caniggia-no-queria-que-diera-notas-para-que-no-le-saque-la-careta\/","url":"https:\/\/radioclanfm.com\/clanespectaculos\/melody-luz-se-canso-y-conto-su-verdad-sobre-alex-caniggia-no-queria-que-diera-notas-para-que-no-le-saque-la-careta\/","name":"Melody Luz se cans\u00f3 y cont\u00f3 su verdad sobre Alex Caniggia: \u201cNo quer\u00eda que diera notas para que no le saque la careta\u201d - CLAN ESPECTACULOS","isPartOf":{"@id":"https:\/\/radioclanfm.com\/clanespectaculos\/#website"},"primaryImageOfPage":{"@id":"https:\/\/radioclanfm.com\/clanespectaculos\/melody-luz-se-canso-y-conto-su-verdad-sobre-alex-caniggia-no-queria-que-diera-notas-para-que-no-le-saque-la-careta\/#primaryimage"},"image":{"@id":"https:\/\/radioclanfm.com\/clanespectaculos\/melody-luz-se-canso-y-conto-su-verdad-sobre-alex-caniggia-no-queria-que-diera-notas-para-que-no-le-saque-la-careta\/#primaryimage"},"thumbnailUrl":"https:\/\/radioclanfm.com\/clanespectaculos\/wp-content\/uploads\/sites\/2\/2025\/06\/UtWpVW4.jpg","datePublished":"2025-06-09T04:28:48+00:00","breadcrumb":{"@id":"https:\/\/radioclanfm.com\/clanespectaculos\/melody-luz-se-canso-y-conto-su-verdad-sobre-alex-caniggia-no-queria-que-diera-notas-para-que-no-le-saque-la-careta\/#breadcrumb"},"inLanguage":"es-AR","potentialAction":[{"@type":"ReadAction","target":["https:\/\/radioclanfm.com\/clanespectaculos\/melody-luz-se-canso-y-conto-su-verdad-sobre-alex-caniggia-no-queria-que-diera-notas-para-que-no-le-saque-la-careta\/"]}]},{"@type":"ImageObject","inLanguage":"es-AR","@id":"https:\/\/radioclanfm.com\/clanespectaculos\/melody-luz-se-canso-y-conto-su-verdad-sobre-alex-caniggia-no-queria-que-diera-notas-para-que-no-le-saque-la-careta\/#primaryimage","url":"https:\/\/radioclanfm.com\/clanespectaculos\/wp-content\/uploads\/sites\/2\/2025\/06\/UtWpVW4.jpg","contentUrl":"https:\/\/radioclanfm.com\/clanespectaculos\/wp-content\/uploads\/sites\/2\/2025\/06\/UtWpVW4.jpg","width":900,"height":450},{"@type":"BreadcrumbList","@id":"https:\/\/radioclanfm.com\/clanespectaculos\/melody-luz-se-canso-y-conto-su-verdad-sobre-alex-caniggia-no-queria-que-diera-notas-para-que-no-le-saque-la-careta\/#breadcrumb","itemListElement":[{"@type":"ListItem","position":1,"name":"Inicio","item":"https:\/\/radioclanfm.com\/clanespectaculos\/"},{"@type":"ListItem","position":2,"name":"Melody Luz se cans\u00f3 y cont\u00f3 su verdad sobre Alex Caniggia: \u201cNo quer\u00eda que diera notas para que no le saque la careta\u201d"}]},{"@type":"WebSite","@id":"https:\/\/radioclanfm.com\/clanespectaculos\/#website","url":"https:\/\/radioclanfm.com\/clanespectaculos\/","name":"CLAN ESPECTACULOS","description":"","publisher":{"@id":"https:\/\/radioclanfm.com\/clanespectaculos\/#organization"},"potentialAction":[{"@type":"SearchAction","target":{"@type":"EntryPoint","urlTemplate":"https:\/\/radioclanfm.com\/clanespectaculos\/?s={search_term_string}"},"query-input":{"@type":"PropertyValueSpecification","valueRequired":true,"valueName":"search_term_string"}}],"inLanguage":"es-AR"},{"@type":"Organization","@id":"https:\/\/radioclanfm.com\/clanespectaculos\/#organization","name":"CLAN ESPECTACULOS","url":"https:\/\/radioclanfm.com\/clanespectaculos\/","logo":{"@type":"ImageObject","inLanguage":"es-AR","@id":"https:\/\/radioclanfm.com\/clanespectaculos\/#\/schema\/logo\/image\/","url":"https:\/\/radioclanfm.com\/clanespectaculos\/wp-content\/uploads\/sites\/2\/2026\/04\/ChatGPT-Image-23-mar-2026-10_09_00.png","contentUrl":"https:\/\/radioclanfm.com\/clanespectaculos\/wp-content\/uploads\/sites\/2\/2026\/04\/ChatGPT-Image-23-mar-2026-10_09_00.png","width":1024,"height":1024,"caption":"CLAN ESPECTACULOS"},"image":{"@id":"https:\/\/radioclanfm.com\/clanespectaculos\/#\/schema\/logo\/image\/"},"sameAs":["https:\/\/www.facebook.com\/clanespectaculos\/","https:\/\/x.com\/clanespectok"]},{"@type":"Person","@id":"https:\/\/radioclanfm.com\/clanespectaculos\/#\/schema\/person\/9734813083303230f3ad84d99171b20c","name":"E-GRUPOCLAN","image":{"@type":"ImageObject","inLanguage":"es-AR","@id":"https:\/\/secure.gravatar.com\/avatar\/af6e19837c3d6a212034a48c7b3818d2ac1826f6025df0155da5a186ad321d79?s=96&d=mm&r=g","url":"https:\/\/secure.gravatar.com\/avatar\/af6e19837c3d6a212034a48c7b3818d2ac1826f6025df0155da5a186ad321d79?s=96&d=mm&r=g","contentUrl":"https:\/\/secure.gravatar.com\/avatar\/af6e19837c3d6a212034a48c7b3818d2ac1826f6025df0155da5a186ad321d79?s=96&d=mm&r=g","caption":"E-GRUPOCLAN"},"sameAs":["https:\/\/radioclanfm.com"],"url":"https:\/\/radioclanfm.com\/clanespectaculos\/author\/admin\/"}]}},"_links":{"self":[{"href":"https:\/\/radioclanfm.com\/clanespectaculos\/wp-json\/wp\/v2\/posts\/1430","targetHints":{"allow":["GET"]}}],"collection":[{"href":"https:\/\/radioclanfm.com\/clanespectaculos\/wp-json\/wp\/v2\/posts"}],"about":[{"href":"https:\/\/radioclanfm.com\/clanespectaculos\/wp-json\/wp\/v2\/types\/post"}],"author":[{"embeddable":true,"href":"https:\/\/radioclanfm.com\/clanespectaculos\/wp-json\/wp\/v2\/users\/1"}],"replies":[{"embeddable":true,"href":"https:\/\/radioclanfm.com\/clanespectaculos\/wp-json\/wp\/v2\/comments?post=1430"}],"version-history":[{"count":1,"href":"https:\/\/radioclanfm.com\/clanespectaculos\/wp-json\/wp\/v2\/posts\/1430\/revisions"}],"predecessor-version":[{"id":1434,"href":"https:\/\/radioclanfm.com\/clanespectaculos\/wp-json\/wp\/v2\/posts\/1430\/revisions\/1434"}],"wp:featuredmedia":[{"embeddable":true,"href":"https:\/\/radioclanfm.com\/clanespectaculos\/wp-json\/wp\/v2\/media\/1433"}],"wp:attachment":[{"href":"https:\/\/radioclanfm.com\/clanespectaculos\/wp-json\/wp\/v2\/media?parent=1430"}],"wp:term":[{"taxonomy":"category","embeddable":true,"href":"https:\/\/radioclanfm.com\/clanespectaculos\/wp-json\/wp\/v2\/categories?post=1430"},{"taxonomy":"post_tag","embeddable":true,"href":"https:\/\/radioclanfm.com\/clanespectaculos\/wp-json\/wp\/v2\/tags?post=1430"}],"curies":[{"name":"wp","href":"https:\/\/api.w.org\/{rel}","templated":true}]}}