{"id":1365,"date":"2025-06-06T06:59:15","date_gmt":"2025-06-06T09:59:15","guid":{"rendered":"https:\/\/radioclanfm.com\/clanespectaculos\/?p=1365"},"modified":"2025-06-06T06:59:15","modified_gmt":"2025-06-06T09:59:15","slug":"el-fuerte-descargo-de-la-empresaria-que-fue-vista-con-alex-caniggia-no-soy-segundo-plato-de-nadie","status":"publish","type":"post","link":"https:\/\/radioclanfm.com\/clanespectaculos\/el-fuerte-descargo-de-la-empresaria-que-fue-vista-con-alex-caniggia-no-soy-segundo-plato-de-nadie\/","title":{"rendered":"El fuerte descargo de la empresaria que fue vista con Alex Caniggia: \u201cNo soy segundo plato de nadie\u201d"},"content":{"rendered":"<p>Ivana Capialbi sali\u00f3 al cruce de las versiones que la se\u00f1alaron como la tercera en discordia entre el medi\u00e1tico y Melody Luz.<\/p>\n<div class=\"col-content\"><main class=\"col-content\"><\/p>\n<div class=\"default-article-color article__body article__article\">\n<p class=\"paragraph font__body-regular\"><b>Melody Luz<\/b>\u00a0<b>se despach\u00f3 un fuerte descargo, luego de que trascendiera a la luz p\u00fablica el supuesto romance entre\u00a0<\/b><b>Alex Caniggia<\/b>\u00a0e\u00a0<b>Ivana Capialbi<\/b>.<\/p>\n<div class=\"AV67f93cf033780503b00636a7\">\n<div id=\"aniBox\">\n<div id=\"aniplayer_AV67f93cf033780503b00636a7-1749203893985\">\n<div id=\"aniplayer_AV67f93cf033780503b00636a7-1749203893985gui\">\n<div id=\"av-caption\">\n<div id=\"av-close-btn-overlay\" class=\"av-pos-top-left\"><\/div>\n<\/div>\n<\/div>\n<\/div>\n<\/div>\n<\/div>\n<div id=\"ad-slot-infeed\" class=\"infeed-container ad-slot-infeed ad-slot\" data-adtype=\"infeed\" data-google-query-id=\"COPkl6XE3I0DFXVU3QIdBB8NIg\">\n<div id=\"google_ads_iframe_\/113951150\/tn-arc\/nota\/infeed_0__container__\"><\/div>\n<\/div>\n<p class=\"paragraph font__body-regular\">El medi\u00e1tico fue el primero en negar que est\u00e1 de novio, por medio de una historia en Instagram. Sin embargo,\u00a0<b>fue llamativa la reacci\u00f3n de Capialbi, quien hizo lo propio y aclar\u00f3 su situaci\u00f3n con Caniggia<\/b>, tras publicar una serie de fotos que evidencian su fin de semana junto a \u00e9l y su hija, Venezia.<\/p>\n<p class=\"paragraph font__body-regular\">\n<figure class=\"\" data-testid=\"figure-testid\">\n<div class=\"aspect_ratio__container\"><picture class=\"responsive-image\"><source srcset=\"https:\/\/tn.com.ar\/resizer\/v2\/alex-caniggia-nego-tener-una-relacion-amorosa-con-ivana-capialbi-foto-instagram-alexcaniggia-QNHQJOO3NFENDB2IV66ZWE52AA.jpg?auth=747b9bb1bc710008c2255a8a88dfee30bb88e959d6f2474e047d63ce21610584&amp;width=767\" type=\"image\/jpg\" media=\"(max-width: 728px)\" \/><source srcset=\"https:\/\/tn.com.ar\/resizer\/v2\/alex-caniggia-nego-tener-una-relacion-amorosa-con-ivana-capialbi-foto-instagram-alexcaniggia-QNHQJOO3NFENDB2IV66ZWE52AA.jpg?auth=747b9bb1bc710008c2255a8a88dfee30bb88e959d6f2474e047d63ce21610584&amp;width=1023\" type=\"image\/jpg\" media=\"(max-width: 1023px)\" \/><source srcset=\"https:\/\/tn.com.ar\/resizer\/v2\/alex-caniggia-nego-tener-una-relacion-amorosa-con-ivana-capialbi-foto-instagram-alexcaniggia-QNHQJOO3NFENDB2IV66ZWE52AA.jpg?auth=747b9bb1bc710008c2255a8a88dfee30bb88e959d6f2474e047d63ce21610584&amp;width=1440\" type=\"image\/jpg\" \/><img loading=\"lazy\" decoding=\"async\" class=\"image content-image image_placeholder\" src=\"https:\/\/tn.com.ar\/resizer\/v2\/alex-caniggia-nego-tener-una-relacion-amorosa-con-ivana-capialbi-foto-instagram-alexcaniggia-QNHQJOO3NFENDB2IV66ZWE52AA.jpg?auth=747b9bb1bc710008c2255a8a88dfee30bb88e959d6f2474e047d63ce21610584&amp;width=767\" alt=\"Alex Caniggia neg\u00f3 tener una relaci\u00f3n amorosa con Ivana Capialbi. (Foto: Instagram \/ alexcaniggia)\" width=\"767\" height=\"1255\" data-testid=\"loading-testid\" \/><\/picture><\/div><figcaption class=\"caption_image\" data-testid=\"figcaption-testid\">\n<div class=\"image_caption \">Alex Caniggia neg\u00f3 tener una relaci\u00f3n amorosa con Ivana Capialbi. (Foto: Instagram \/ alexcaniggia)<\/div>\n<\/figcaption><\/figure>\n<p class=\"paragraph font__body-regular\">Sobre una foto suya de fondo, la empresaria escribi\u00f3 en su posteo: \u201cQuiero aclarar esto una vez porque tengo el tel\u00e9fono reventado de mensajes.\u00a0<b>No voy a hablar mal de Melody porque no tengo nada para decir de ella<\/b>. No la conozco y no voy a promover el odio entre mujeres\u201d.<\/p>\n<p class=\"paragraph font__body-regular\">Luego, Ivana enumer\u00f3 una serie de temas que decidi\u00f3 abordar, para evitar malentendidos: \u201cToda la gente en general, interpretaci\u00f3n de texto a marzo<b>. Yo solo dije que conoc\u00ed a Alex en 2020, nada m\u00e1s<\/b>, no que algo haya sucedido mientras \u00e9l estaba en pareja. Solo cont\u00e9 cu\u00e1ndo y c\u00f3mo nos conocimos\u201d.<\/p>\n<figure class=\"\" data-testid=\"figure-testid\">\n<div class=\"aspect_ratio__container\"><picture class=\"responsive-image\"><source srcset=\"https:\/\/tn.com.ar\/resizer\/v2\/ivana-capialbi-aclaro-algunos-temas-en-instagram-tras-el-furioso-descargo-de-melody-luz-foto-instagram-ivanamcapialbi-IUIIKQVA4JHEVFY77G5LMRYTJA.JPG?auth=80303b953bb96518d04731db962d53a46e42c654e2780a05709f018f585f4565&amp;width=767\" type=\"image\/jpg\" media=\"(max-width: 728px)\" \/><source srcset=\"https:\/\/tn.com.ar\/resizer\/v2\/ivana-capialbi-aclaro-algunos-temas-en-instagram-tras-el-furioso-descargo-de-melody-luz-foto-instagram-ivanamcapialbi-IUIIKQVA4JHEVFY77G5LMRYTJA.JPG?auth=80303b953bb96518d04731db962d53a46e42c654e2780a05709f018f585f4565&amp;width=1023\" type=\"image\/jpg\" media=\"(max-width: 1023px)\" \/><source srcset=\"https:\/\/tn.com.ar\/resizer\/v2\/ivana-capialbi-aclaro-algunos-temas-en-instagram-tras-el-furioso-descargo-de-melody-luz-foto-instagram-ivanamcapialbi-IUIIKQVA4JHEVFY77G5LMRYTJA.JPG?auth=80303b953bb96518d04731db962d53a46e42c654e2780a05709f018f585f4565&amp;width=1440\" type=\"image\/jpg\" \/><img loading=\"lazy\" decoding=\"async\" class=\"image content-image image_placeholder\" src=\"https:\/\/tn.com.ar\/resizer\/v2\/ivana-capialbi-aclaro-algunos-temas-en-instagram-tras-el-furioso-descargo-de-melody-luz-foto-instagram-ivanamcapialbi-IUIIKQVA4JHEVFY77G5LMRYTJA.JPG?auth=80303b953bb96518d04731db962d53a46e42c654e2780a05709f018f585f4565&amp;width=767\" alt=\"Ivana Capialbi aclar\u00f3 algunos temas en Instagram, tras el furioso descargo de Melody Luz. (Foto: Instagram \/ ivanamcapialbi)\" width=\"767\" height=\"1368\" data-testid=\"loading-testid\" \/><\/picture><\/div><figcaption class=\"caption_image\" data-testid=\"figcaption-testid\">\n<div class=\"image_caption \">Ivana Capialbi aclar\u00f3 algunos temas en Instagram, tras el furioso descargo de Melody Luz. (Foto: Instagram \/ ivanamcapialbi)<\/div>\n<\/figcaption><\/figure>\n<p class=\"paragraph font__body-regular\">Sin embargo, cuando habl\u00f3 sobre su v\u00ednculo con el hijo de Mariana Nannis, dej\u00f3 caer un mensaje que se somete a todo tipo de interpretaci\u00f3n: \u201cVuelvo a repetir. Tengo el coraz\u00f3n tranquilo de que\u00a0<b>jam\u00e1s estuve ni estar\u00eda con alguien con pareja e hijos, no es mi estilo<\/b>. Y reitero, tampoco soy plato de segunda de nadie. Si a m\u00ed no me dan el lugar que me merezco (que es el primero), no me interesa\u201d.<\/p>\n<h2 class=\"font--primary font__display\">Melody Luz estall\u00f3 contra Alex Caniggia: \u201c\u00bfO sea que mi hija va a conocer a todas las que se mueva?\u201d<\/h2>\n<p class=\"paragraph font__body-regular\"><b>Melody Luz<\/b><b>\u00a0estall\u00f3 contra\u00a0<\/b><b>Alex Caniggia<\/b>\u00a0despu\u00e9s de que el medi\u00e1tico negara su romance con\u00a0<b>Ivana Capialbi<\/b>, la mujer que pas\u00f3 el fin de semana con \u00e9l y Venezia.<\/p>\n<p class=\"paragraph font__body-regular\">Este s\u00e1bado y domingo, el hijo de Mariana Nannis y el P\u00e1jaro Caniggia\u00a0se dej\u00f3 ver en redes a una misteriosa morocha. Fue cuesti\u00f3n de horas que trascendiera la versi\u00f3n de que hab\u00eda vuelto a apostar al amor de la mano de una empresaria fan\u00e1tica de las marcas de lujo.<\/p>\n<figure class=\"\" data-testid=\"figure-testid\">\n<div class=\"aspect_ratio__container\"><picture class=\"responsive-image\"><source srcset=\"https:\/\/tn.com.ar\/resizer\/v2\/melody-luz-estallo-contra-alex-caniggia-o-sea-que-mi-hija-va-a-conocer-a-todas-las-que-se-mueva-foto-instagram-melodyluz-KTKWKS4345HF5GHMI3OWEW7JYY.png?auth=c11dd4fb66b200f057bac45793a835f1633fa0ff265f27f350caaa56b52cec41&amp;width=767\" type=\"image\/jpg\" media=\"(max-width: 728px)\" \/><source srcset=\"https:\/\/tn.com.ar\/resizer\/v2\/melody-luz-estallo-contra-alex-caniggia-o-sea-que-mi-hija-va-a-conocer-a-todas-las-que-se-mueva-foto-instagram-melodyluz-KTKWKS4345HF5GHMI3OWEW7JYY.png?auth=c11dd4fb66b200f057bac45793a835f1633fa0ff265f27f350caaa56b52cec41&amp;width=1023\" type=\"image\/jpg\" media=\"(max-width: 1023px)\" \/><source srcset=\"https:\/\/tn.com.ar\/resizer\/v2\/melody-luz-estallo-contra-alex-caniggia-o-sea-que-mi-hija-va-a-conocer-a-todas-las-que-se-mueva-foto-instagram-melodyluz-KTKWKS4345HF5GHMI3OWEW7JYY.png?auth=c11dd4fb66b200f057bac45793a835f1633fa0ff265f27f350caaa56b52cec41&amp;width=1440\" type=\"image\/jpg\" \/><img loading=\"lazy\" decoding=\"async\" class=\"image content-image image_placeholder\" src=\"https:\/\/tn.com.ar\/resizer\/v2\/melody-luz-estallo-contra-alex-caniggia-o-sea-que-mi-hija-va-a-conocer-a-todas-las-que-se-mueva-foto-instagram-melodyluz-KTKWKS4345HF5GHMI3OWEW7JYY.png?auth=c11dd4fb66b200f057bac45793a835f1633fa0ff265f27f350caaa56b52cec41&amp;width=767\" alt=\"Melody Luz estall\u00f3 contra Alex Caniggia: \u201c\u00bfO sea que mi hija va a conocer a todas las que se mueva?\u201d (Foto: Instagram \/melodyluz)\" width=\"767\" height=\"1378\" data-testid=\"loading-testid\" \/><\/picture><\/div><figcaption class=\"caption_image\" data-testid=\"figcaption-testid\">\n<div class=\"image_caption \">Melody Luz estall\u00f3 contra Alex Caniggia: \u201c\u00bfO sea que mi hija va a conocer a todas las que se mueva?\u201d (Foto: Instagram \/melodyluz)<\/div>\n<\/figcaption><\/figure>\n<p class=\"paragraph font__body-regular\">Sin embargo, este mi\u00e9rcoles, \u201cEl Emperador\u201d \u2014como se hace llamar el medi\u00e1tico\u2014 neg\u00f3 la relaci\u00f3n. \u201cBuenas, gente.\u00a0<b>Reci\u00e9n me entero de que tengo nueva novia. Ya me inventan nueva novia. Gente, no tengo novia. No estoy en pareja<\/b>, o sea, no voy a estar en pareja por varios meses hasta que alguna princesa cautive mi coraz\u00f3n y me enamore totalmente\u201d, expres\u00f3 en sus redes sociales.<\/p>\n<p class=\"paragraph font__body-regular\">La aclaraci\u00f3n indign\u00f3 a\u00fan m\u00e1s a Melody Luz que, si bien vive un romance con\u00a0<b>Santiago del Azar<\/b>, el chef que conoci\u00f3 en\u00a0<i>El hotel de los famosos<\/i>, preserva a la nena de dos a\u00f1os. Furiosa, se volc\u00f3 a sus redes y lanz\u00f3:\u00a0<b>\u201c\u00bfO sea que mi hija va a conocer a todas las que se mueva? Mmm&#8230;\u201d.<\/b><\/p>\n<figure class=\"\" data-testid=\"figure-testid\">\n<div class=\"aspect_ratio__container\"><picture class=\"responsive-image\"><source srcset=\"https:\/\/tn.com.ar\/resizer\/v2\/el-sentido-mensaje-de-melody-luz-tras-los-posteos-de-alex-caniggia-ahi-esta-la-fuerza-para-seguir-foto-instagram-melodyluz-alexcaniggia-DXJXMXHVMJD53J5AIRZN4IO44Y.jpg?auth=c78840f4e8dd35d8917aa5072ee76e2a20662f016107930cc72fe7ed45abf5bb&amp;width=767\" type=\"image\/jpg\" media=\"(max-width: 728px)\" \/><source srcset=\"https:\/\/tn.com.ar\/resizer\/v2\/el-sentido-mensaje-de-melody-luz-tras-los-posteos-de-alex-caniggia-ahi-esta-la-fuerza-para-seguir-foto-instagram-melodyluz-alexcaniggia-DXJXMXHVMJD53J5AIRZN4IO44Y.jpg?auth=c78840f4e8dd35d8917aa5072ee76e2a20662f016107930cc72fe7ed45abf5bb&amp;width=1023\" type=\"image\/jpg\" media=\"(max-width: 1023px)\" \/><source srcset=\"https:\/\/tn.com.ar\/resizer\/v2\/el-sentido-mensaje-de-melody-luz-tras-los-posteos-de-alex-caniggia-ahi-esta-la-fuerza-para-seguir-foto-instagram-melodyluz-alexcaniggia-DXJXMXHVMJD53J5AIRZN4IO44Y.jpg?auth=c78840f4e8dd35d8917aa5072ee76e2a20662f016107930cc72fe7ed45abf5bb&amp;width=1440\" type=\"image\/jpg\" \/><img loading=\"lazy\" decoding=\"async\" class=\"image content-image image_placeholder\" src=\"https:\/\/tn.com.ar\/resizer\/v2\/el-sentido-mensaje-de-melody-luz-tras-los-posteos-de-alex-caniggia-ahi-esta-la-fuerza-para-seguir-foto-instagram-melodyluz-alexcaniggia-DXJXMXHVMJD53J5AIRZN4IO44Y.jpg?auth=c78840f4e8dd35d8917aa5072ee76e2a20662f016107930cc72fe7ed45abf5bb&amp;width=767\" alt=\"El sentido mensaje de Melody Luz tras los posteos de Alex Caniggia: \u201cAh\u00ed est\u00e1 la fuerza para seguir\u201d (Foto: Instagram \/melodyluz \/alexcaniggia)\" width=\"767\" height=\"430\" data-testid=\"loading-testid\" \/><\/picture><\/div><figcaption class=\"caption_image\" data-testid=\"figcaption-testid\">\n<div class=\"image_caption \">El sentido mensaje de Melody Luz tras los posteos de Alex Caniggia: \u201cAh\u00ed est\u00e1 la fuerza para seguir\u201d (Foto: Instagram \/melodyluz \/alexcaniggia)<\/div>\n<\/figcaption><\/figure>\n<p class=\"paragraph font__body-regular\">Ante las consultas de sus seguidores, la bailarina explic\u00f3 su postura. &#8220;<b>Santi s\u00ed es mi novio, porque yo s\u00ed estoy en novia. Si yo estuviese c&#8230; a uno y otro, la verdad que no le presentar\u00eda mi hija a todos.\u00a0<\/b>Menos dir\u00eda que es un d\u00eda en familia, menos lo compartir\u00eda en redes sociales y, por respeto a m\u00ed, por lo menos, avisame que mi hija va a dormir al lado de una persona que se llama tal y tal&#8221;, sostuvo.<\/p>\n<p class=\"paragraph font__body-regular\">A modo de cierre, remarc\u00f3: \u201cPorque encima,\u00a0<b>cuando est\u00e1 con \u00e9l, yo no s\u00e9 nada porque no me contesta los mensajes<\/b>, dice que no hay nada para hablar. Por eso tambi\u00e9n me comunico a trav\u00e9s de este medio. Todo lo que dice que nos comunicamos por ella es mentira, porque no se quiere sentar a hablar conmigo\u201d.<\/p>\n<\/div>\n<p><\/main><\/div>\n<aside class=\"col-right-rail right-rail\">\n<div id=\"parent-ad-slot-caja\" class=\"ad-container caja_ad \">\n<div class=\"ad-content\">\n<div id=\"ad-slot-caja\" class=\"ad-slot-caja ad-slot\" data-adtype=\"caja\" data-google-query-id=\"CIHIraTE3I0DFSdK3QIdqZQ9IA\"><\/div>\n<\/div>\n<\/div>\n<\/aside>\n","protected":false},"excerpt":{"rendered":"<p>Ivana Capialbi sali\u00f3 al cruce de las versiones que la se\u00f1alaron como la tercera en discordia entre el medi\u00e1tico y Melody Luz. Melody Luz\u00a0se despach\u00f3 un fuerte descargo, luego de que trascendiera a la luz p\u00fablica el supuesto romance entre\u00a0Alex Caniggia\u00a0e\u00a0Ivana Capialbi. El medi\u00e1tico fue el primero en negar que est\u00e1 de novio, por medio [&hellip;]<\/p>\n","protected":false},"author":1,"featured_media":1368,"comment_status":"open","ping_status":"open","sticky":false,"template":"","format":"standard","meta":{"rop_custom_images_group":[],"rop_custom_messages_group":[],"rop_publish_now":"initial","rop_publish_now_accounts":[],"rop_publish_now_history":[],"rop_publish_now_status":"pending","footnotes":"","jetpack_publicize_message":"","jetpack_publicize_feature_enabled":true,"jetpack_social_post_already_shared":true,"jetpack_social_options":{"image_generator_settings":{"template":"highway","enabled":false},"version":2}},"categories":[12],"tags":[],"class_list":{"0":"post-1365","1":"post","2":"type-post","3":"status-publish","4":"format-standard","5":"has-post-thumbnail","7":"category-espectaculos"},"jetpack_publicize_connections":[],"yoast_head":"<!-- This site is optimized with the Yoast SEO plugin v27.3 - https:\/\/yoast.com\/product\/yoast-seo-wordpress\/ -->\n<title>El fuerte descargo de la empresaria que fue vista con Alex Caniggia: \u201cNo soy segundo plato de nadie\u201d - CLAN ESPECTACULOS<\/title>\n<meta name=\"robots\" content=\"index, follow, max-snippet:-1, max-image-preview:large, max-video-preview:-1\" \/>\n<link rel=\"canonical\" href=\"https:\/\/radioclanfm.com\/clanespectaculos\/el-fuerte-descargo-de-la-empresaria-que-fue-vista-con-alex-caniggia-no-soy-segundo-plato-de-nadie\/\" \/>\n<meta property=\"og:locale\" content=\"es_ES\" \/>\n<meta property=\"og:type\" content=\"article\" \/>\n<meta property=\"og:title\" content=\"El fuerte descargo de la empresaria que fue vista con Alex Caniggia: \u201cNo soy segundo plato de nadie\u201d - CLAN ESPECTACULOS\" \/>\n<meta property=\"og:description\" content=\"Ivana Capialbi sali\u00f3 al cruce de las versiones que la se\u00f1alaron como la tercera en discordia entre el medi\u00e1tico y Melody Luz. Melody Luz\u00a0se despach\u00f3 un fuerte descargo, luego de que trascendiera a la luz p\u00fablica el supuesto romance entre\u00a0Alex Caniggia\u00a0e\u00a0Ivana Capialbi. El medi\u00e1tico fue el primero en negar que est\u00e1 de novio, por medio [&hellip;]\" \/>\n<meta property=\"og:url\" content=\"https:\/\/radioclanfm.com\/clanespectaculos\/el-fuerte-descargo-de-la-empresaria-que-fue-vista-con-alex-caniggia-no-soy-segundo-plato-de-nadie\/\" \/>\n<meta property=\"og:site_name\" content=\"CLAN ESPECTACULOS\" \/>\n<meta property=\"article:publisher\" content=\"https:\/\/www.facebook.com\/clanespectaculos\/\" \/>\n<meta property=\"article:published_time\" content=\"2025-06-06T09:59:15+00:00\" \/>\n<meta property=\"og:image\" content=\"https:\/\/radioclanfm.com\/clanespectaculos\/wp-content\/uploads\/sites\/2\/2025\/06\/zHb4y4RR.jpg\" \/>\n\t<meta property=\"og:image:width\" content=\"900\" \/>\n\t<meta property=\"og:image:height\" content=\"504\" \/>\n\t<meta property=\"og:image:type\" content=\"image\/jpeg\" \/>\n<meta name=\"author\" content=\"E-GRUPOCLAN\" \/>\n<meta name=\"twitter:card\" content=\"summary_large_image\" \/>\n<meta name=\"twitter:creator\" content=\"@clanespectok\" \/>\n<meta name=\"twitter:site\" content=\"@clanespectok\" \/>\n<meta name=\"twitter:label1\" content=\"Escrito por\" \/>\n\t<meta name=\"twitter:data1\" content=\"E-GRUPOCLAN\" \/>\n\t<meta name=\"twitter:label2\" content=\"Tiempo de lectura\" \/>\n\t<meta name=\"twitter:data2\" content=\"4 minutos\" \/>\n<script type=\"application\/ld+json\" class=\"yoast-schema-graph\">{\"@context\":\"https:\\\/\\\/schema.org\",\"@graph\":[{\"@type\":\"Article\",\"@id\":\"https:\\\/\\\/radioclanfm.com\\\/clanespectaculos\\\/el-fuerte-descargo-de-la-empresaria-que-fue-vista-con-alex-caniggia-no-soy-segundo-plato-de-nadie\\\/#article\",\"isPartOf\":{\"@id\":\"https:\\\/\\\/radioclanfm.com\\\/clanespectaculos\\\/el-fuerte-descargo-de-la-empresaria-que-fue-vista-con-alex-caniggia-no-soy-segundo-plato-de-nadie\\\/\"},\"author\":{\"name\":\"E-GRUPOCLAN\",\"@id\":\"https:\\\/\\\/radioclanfm.com\\\/clanespectaculos\\\/#\\\/schema\\\/person\\\/9734813083303230f3ad84d99171b20c\"},\"headline\":\"El fuerte descargo de la empresaria que fue vista con Alex Caniggia: \u201cNo soy segundo plato de nadie\u201d\",\"datePublished\":\"2025-06-06T09:59:15+00:00\",\"mainEntityOfPage\":{\"@id\":\"https:\\\/\\\/radioclanfm.com\\\/clanespectaculos\\\/el-fuerte-descargo-de-la-empresaria-que-fue-vista-con-alex-caniggia-no-soy-segundo-plato-de-nadie\\\/\"},\"wordCount\":770,\"commentCount\":0,\"publisher\":{\"@id\":\"https:\\\/\\\/radioclanfm.com\\\/clanespectaculos\\\/#organization\"},\"image\":{\"@id\":\"https:\\\/\\\/radioclanfm.com\\\/clanespectaculos\\\/el-fuerte-descargo-de-la-empresaria-que-fue-vista-con-alex-caniggia-no-soy-segundo-plato-de-nadie\\\/#primaryimage\"},\"thumbnailUrl\":\"https:\\\/\\\/radioclanfm.com\\\/clanespectaculos\\\/wp-content\\\/uploads\\\/sites\\\/2\\\/2025\\\/06\\\/zHb4y4RR.jpg\",\"articleSection\":[\"Espectaculos\"],\"inLanguage\":\"es-AR\",\"potentialAction\":[{\"@type\":\"CommentAction\",\"name\":\"Comment\",\"target\":[\"https:\\\/\\\/radioclanfm.com\\\/clanespectaculos\\\/el-fuerte-descargo-de-la-empresaria-que-fue-vista-con-alex-caniggia-no-soy-segundo-plato-de-nadie\\\/#respond\"]}]},{\"@type\":\"WebPage\",\"@id\":\"https:\\\/\\\/radioclanfm.com\\\/clanespectaculos\\\/el-fuerte-descargo-de-la-empresaria-que-fue-vista-con-alex-caniggia-no-soy-segundo-plato-de-nadie\\\/\",\"url\":\"https:\\\/\\\/radioclanfm.com\\\/clanespectaculos\\\/el-fuerte-descargo-de-la-empresaria-que-fue-vista-con-alex-caniggia-no-soy-segundo-plato-de-nadie\\\/\",\"name\":\"El fuerte descargo de la empresaria que fue vista con Alex Caniggia: \u201cNo soy segundo plato de nadie\u201d - CLAN ESPECTACULOS\",\"isPartOf\":{\"@id\":\"https:\\\/\\\/radioclanfm.com\\\/clanespectaculos\\\/#website\"},\"primaryImageOfPage\":{\"@id\":\"https:\\\/\\\/radioclanfm.com\\\/clanespectaculos\\\/el-fuerte-descargo-de-la-empresaria-que-fue-vista-con-alex-caniggia-no-soy-segundo-plato-de-nadie\\\/#primaryimage\"},\"image\":{\"@id\":\"https:\\\/\\\/radioclanfm.com\\\/clanespectaculos\\\/el-fuerte-descargo-de-la-empresaria-que-fue-vista-con-alex-caniggia-no-soy-segundo-plato-de-nadie\\\/#primaryimage\"},\"thumbnailUrl\":\"https:\\\/\\\/radioclanfm.com\\\/clanespectaculos\\\/wp-content\\\/uploads\\\/sites\\\/2\\\/2025\\\/06\\\/zHb4y4RR.jpg\",\"datePublished\":\"2025-06-06T09:59:15+00:00\",\"breadcrumb\":{\"@id\":\"https:\\\/\\\/radioclanfm.com\\\/clanespectaculos\\\/el-fuerte-descargo-de-la-empresaria-que-fue-vista-con-alex-caniggia-no-soy-segundo-plato-de-nadie\\\/#breadcrumb\"},\"inLanguage\":\"es-AR\",\"potentialAction\":[{\"@type\":\"ReadAction\",\"target\":[\"https:\\\/\\\/radioclanfm.com\\\/clanespectaculos\\\/el-fuerte-descargo-de-la-empresaria-que-fue-vista-con-alex-caniggia-no-soy-segundo-plato-de-nadie\\\/\"]}]},{\"@type\":\"ImageObject\",\"inLanguage\":\"es-AR\",\"@id\":\"https:\\\/\\\/radioclanfm.com\\\/clanespectaculos\\\/el-fuerte-descargo-de-la-empresaria-que-fue-vista-con-alex-caniggia-no-soy-segundo-plato-de-nadie\\\/#primaryimage\",\"url\":\"https:\\\/\\\/radioclanfm.com\\\/clanespectaculos\\\/wp-content\\\/uploads\\\/sites\\\/2\\\/2025\\\/06\\\/zHb4y4RR.jpg\",\"contentUrl\":\"https:\\\/\\\/radioclanfm.com\\\/clanespectaculos\\\/wp-content\\\/uploads\\\/sites\\\/2\\\/2025\\\/06\\\/zHb4y4RR.jpg\",\"width\":900,\"height\":504},{\"@type\":\"BreadcrumbList\",\"@id\":\"https:\\\/\\\/radioclanfm.com\\\/clanespectaculos\\\/el-fuerte-descargo-de-la-empresaria-que-fue-vista-con-alex-caniggia-no-soy-segundo-plato-de-nadie\\\/#breadcrumb\",\"itemListElement\":[{\"@type\":\"ListItem\",\"position\":1,\"name\":\"Inicio\",\"item\":\"https:\\\/\\\/radioclanfm.com\\\/clanespectaculos\\\/\"},{\"@type\":\"ListItem\",\"position\":2,\"name\":\"El fuerte descargo de la empresaria que fue vista con Alex Caniggia: \u201cNo soy segundo plato de nadie\u201d\"}]},{\"@type\":\"WebSite\",\"@id\":\"https:\\\/\\\/radioclanfm.com\\\/clanespectaculos\\\/#website\",\"url\":\"https:\\\/\\\/radioclanfm.com\\\/clanespectaculos\\\/\",\"name\":\"CLAN ESPECTACULOS\",\"description\":\"\",\"publisher\":{\"@id\":\"https:\\\/\\\/radioclanfm.com\\\/clanespectaculos\\\/#organization\"},\"potentialAction\":[{\"@type\":\"SearchAction\",\"target\":{\"@type\":\"EntryPoint\",\"urlTemplate\":\"https:\\\/\\\/radioclanfm.com\\\/clanespectaculos\\\/?s={search_term_string}\"},\"query-input\":{\"@type\":\"PropertyValueSpecification\",\"valueRequired\":true,\"valueName\":\"search_term_string\"}}],\"inLanguage\":\"es-AR\"},{\"@type\":\"Organization\",\"@id\":\"https:\\\/\\\/radioclanfm.com\\\/clanespectaculos\\\/#organization\",\"name\":\"CLAN ESPECTACULOS\",\"url\":\"https:\\\/\\\/radioclanfm.com\\\/clanespectaculos\\\/\",\"logo\":{\"@type\":\"ImageObject\",\"inLanguage\":\"es-AR\",\"@id\":\"https:\\\/\\\/radioclanfm.com\\\/clanespectaculos\\\/#\\\/schema\\\/logo\\\/image\\\/\",\"url\":\"https:\\\/\\\/radioclanfm.com\\\/clanespectaculos\\\/wp-content\\\/uploads\\\/sites\\\/2\\\/2026\\\/04\\\/ChatGPT-Image-23-mar-2026-10_09_00.png\",\"contentUrl\":\"https:\\\/\\\/radioclanfm.com\\\/clanespectaculos\\\/wp-content\\\/uploads\\\/sites\\\/2\\\/2026\\\/04\\\/ChatGPT-Image-23-mar-2026-10_09_00.png\",\"width\":1024,\"height\":1024,\"caption\":\"CLAN ESPECTACULOS\"},\"image\":{\"@id\":\"https:\\\/\\\/radioclanfm.com\\\/clanespectaculos\\\/#\\\/schema\\\/logo\\\/image\\\/\"},\"sameAs\":[\"https:\\\/\\\/www.facebook.com\\\/clanespectaculos\\\/\",\"https:\\\/\\\/x.com\\\/clanespectok\"]},{\"@type\":\"Person\",\"@id\":\"https:\\\/\\\/radioclanfm.com\\\/clanespectaculos\\\/#\\\/schema\\\/person\\\/9734813083303230f3ad84d99171b20c\",\"name\":\"E-GRUPOCLAN\",\"image\":{\"@type\":\"ImageObject\",\"inLanguage\":\"es-AR\",\"@id\":\"https:\\\/\\\/secure.gravatar.com\\\/avatar\\\/af6e19837c3d6a212034a48c7b3818d2ac1826f6025df0155da5a186ad321d79?s=96&d=mm&r=g\",\"url\":\"https:\\\/\\\/secure.gravatar.com\\\/avatar\\\/af6e19837c3d6a212034a48c7b3818d2ac1826f6025df0155da5a186ad321d79?s=96&d=mm&r=g\",\"contentUrl\":\"https:\\\/\\\/secure.gravatar.com\\\/avatar\\\/af6e19837c3d6a212034a48c7b3818d2ac1826f6025df0155da5a186ad321d79?s=96&d=mm&r=g\",\"caption\":\"E-GRUPOCLAN\"},\"sameAs\":[\"https:\\\/\\\/radioclanfm.com\"],\"url\":\"https:\\\/\\\/radioclanfm.com\\\/clanespectaculos\\\/author\\\/admin\\\/\"}]}<\/script>\n<!-- \/ Yoast SEO plugin. -->","yoast_head_json":{"title":"El fuerte descargo de la empresaria que fue vista con Alex Caniggia: \u201cNo soy segundo plato de nadie\u201d - CLAN ESPECTACULOS","robots":{"index":"index","follow":"follow","max-snippet":"max-snippet:-1","max-image-preview":"max-image-preview:large","max-video-preview":"max-video-preview:-1"},"canonical":"https:\/\/radioclanfm.com\/clanespectaculos\/el-fuerte-descargo-de-la-empresaria-que-fue-vista-con-alex-caniggia-no-soy-segundo-plato-de-nadie\/","og_locale":"es_ES","og_type":"article","og_title":"El fuerte descargo de la empresaria que fue vista con Alex Caniggia: \u201cNo soy segundo plato de nadie\u201d - CLAN ESPECTACULOS","og_description":"Ivana Capialbi sali\u00f3 al cruce de las versiones que la se\u00f1alaron como la tercera en discordia entre el medi\u00e1tico y Melody Luz. Melody Luz\u00a0se despach\u00f3 un fuerte descargo, luego de que trascendiera a la luz p\u00fablica el supuesto romance entre\u00a0Alex Caniggia\u00a0e\u00a0Ivana Capialbi. El medi\u00e1tico fue el primero en negar que est\u00e1 de novio, por medio [&hellip;]","og_url":"https:\/\/radioclanfm.com\/clanespectaculos\/el-fuerte-descargo-de-la-empresaria-que-fue-vista-con-alex-caniggia-no-soy-segundo-plato-de-nadie\/","og_site_name":"CLAN ESPECTACULOS","article_publisher":"https:\/\/www.facebook.com\/clanespectaculos\/","article_published_time":"2025-06-06T09:59:15+00:00","og_image":[{"width":900,"height":504,"url":"https:\/\/radioclanfm.com\/clanespectaculos\/wp-content\/uploads\/sites\/2\/2025\/06\/zHb4y4RR.jpg","type":"image\/jpeg"}],"author":"E-GRUPOCLAN","twitter_card":"summary_large_image","twitter_creator":"@clanespectok","twitter_site":"@clanespectok","twitter_misc":{"Escrito por":"E-GRUPOCLAN","Tiempo de lectura":"4 minutos"},"schema":{"@context":"https:\/\/schema.org","@graph":[{"@type":"Article","@id":"https:\/\/radioclanfm.com\/clanespectaculos\/el-fuerte-descargo-de-la-empresaria-que-fue-vista-con-alex-caniggia-no-soy-segundo-plato-de-nadie\/#article","isPartOf":{"@id":"https:\/\/radioclanfm.com\/clanespectaculos\/el-fuerte-descargo-de-la-empresaria-que-fue-vista-con-alex-caniggia-no-soy-segundo-plato-de-nadie\/"},"author":{"name":"E-GRUPOCLAN","@id":"https:\/\/radioclanfm.com\/clanespectaculos\/#\/schema\/person\/9734813083303230f3ad84d99171b20c"},"headline":"El fuerte descargo de la empresaria que fue vista con Alex Caniggia: \u201cNo soy segundo plato de nadie\u201d","datePublished":"2025-06-06T09:59:15+00:00","mainEntityOfPage":{"@id":"https:\/\/radioclanfm.com\/clanespectaculos\/el-fuerte-descargo-de-la-empresaria-que-fue-vista-con-alex-caniggia-no-soy-segundo-plato-de-nadie\/"},"wordCount":770,"commentCount":0,"publisher":{"@id":"https:\/\/radioclanfm.com\/clanespectaculos\/#organization"},"image":{"@id":"https:\/\/radioclanfm.com\/clanespectaculos\/el-fuerte-descargo-de-la-empresaria-que-fue-vista-con-alex-caniggia-no-soy-segundo-plato-de-nadie\/#primaryimage"},"thumbnailUrl":"https:\/\/radioclanfm.com\/clanespectaculos\/wp-content\/uploads\/sites\/2\/2025\/06\/zHb4y4RR.jpg","articleSection":["Espectaculos"],"inLanguage":"es-AR","potentialAction":[{"@type":"CommentAction","name":"Comment","target":["https:\/\/radioclanfm.com\/clanespectaculos\/el-fuerte-descargo-de-la-empresaria-que-fue-vista-con-alex-caniggia-no-soy-segundo-plato-de-nadie\/#respond"]}]},{"@type":"WebPage","@id":"https:\/\/radioclanfm.com\/clanespectaculos\/el-fuerte-descargo-de-la-empresaria-que-fue-vista-con-alex-caniggia-no-soy-segundo-plato-de-nadie\/","url":"https:\/\/radioclanfm.com\/clanespectaculos\/el-fuerte-descargo-de-la-empresaria-que-fue-vista-con-alex-caniggia-no-soy-segundo-plato-de-nadie\/","name":"El fuerte descargo de la empresaria que fue vista con Alex Caniggia: \u201cNo soy segundo plato de nadie\u201d - CLAN ESPECTACULOS","isPartOf":{"@id":"https:\/\/radioclanfm.com\/clanespectaculos\/#website"},"primaryImageOfPage":{"@id":"https:\/\/radioclanfm.com\/clanespectaculos\/el-fuerte-descargo-de-la-empresaria-que-fue-vista-con-alex-caniggia-no-soy-segundo-plato-de-nadie\/#primaryimage"},"image":{"@id":"https:\/\/radioclanfm.com\/clanespectaculos\/el-fuerte-descargo-de-la-empresaria-que-fue-vista-con-alex-caniggia-no-soy-segundo-plato-de-nadie\/#primaryimage"},"thumbnailUrl":"https:\/\/radioclanfm.com\/clanespectaculos\/wp-content\/uploads\/sites\/2\/2025\/06\/zHb4y4RR.jpg","datePublished":"2025-06-06T09:59:15+00:00","breadcrumb":{"@id":"https:\/\/radioclanfm.com\/clanespectaculos\/el-fuerte-descargo-de-la-empresaria-que-fue-vista-con-alex-caniggia-no-soy-segundo-plato-de-nadie\/#breadcrumb"},"inLanguage":"es-AR","potentialAction":[{"@type":"ReadAction","target":["https:\/\/radioclanfm.com\/clanespectaculos\/el-fuerte-descargo-de-la-empresaria-que-fue-vista-con-alex-caniggia-no-soy-segundo-plato-de-nadie\/"]}]},{"@type":"ImageObject","inLanguage":"es-AR","@id":"https:\/\/radioclanfm.com\/clanespectaculos\/el-fuerte-descargo-de-la-empresaria-que-fue-vista-con-alex-caniggia-no-soy-segundo-plato-de-nadie\/#primaryimage","url":"https:\/\/radioclanfm.com\/clanespectaculos\/wp-content\/uploads\/sites\/2\/2025\/06\/zHb4y4RR.jpg","contentUrl":"https:\/\/radioclanfm.com\/clanespectaculos\/wp-content\/uploads\/sites\/2\/2025\/06\/zHb4y4RR.jpg","width":900,"height":504},{"@type":"BreadcrumbList","@id":"https:\/\/radioclanfm.com\/clanespectaculos\/el-fuerte-descargo-de-la-empresaria-que-fue-vista-con-alex-caniggia-no-soy-segundo-plato-de-nadie\/#breadcrumb","itemListElement":[{"@type":"ListItem","position":1,"name":"Inicio","item":"https:\/\/radioclanfm.com\/clanespectaculos\/"},{"@type":"ListItem","position":2,"name":"El fuerte descargo de la empresaria que fue vista con Alex Caniggia: \u201cNo soy segundo plato de nadie\u201d"}]},{"@type":"WebSite","@id":"https:\/\/radioclanfm.com\/clanespectaculos\/#website","url":"https:\/\/radioclanfm.com\/clanespectaculos\/","name":"CLAN ESPECTACULOS","description":"","publisher":{"@id":"https:\/\/radioclanfm.com\/clanespectaculos\/#organization"},"potentialAction":[{"@type":"SearchAction","target":{"@type":"EntryPoint","urlTemplate":"https:\/\/radioclanfm.com\/clanespectaculos\/?s={search_term_string}"},"query-input":{"@type":"PropertyValueSpecification","valueRequired":true,"valueName":"search_term_string"}}],"inLanguage":"es-AR"},{"@type":"Organization","@id":"https:\/\/radioclanfm.com\/clanespectaculos\/#organization","name":"CLAN ESPECTACULOS","url":"https:\/\/radioclanfm.com\/clanespectaculos\/","logo":{"@type":"ImageObject","inLanguage":"es-AR","@id":"https:\/\/radioclanfm.com\/clanespectaculos\/#\/schema\/logo\/image\/","url":"https:\/\/radioclanfm.com\/clanespectaculos\/wp-content\/uploads\/sites\/2\/2026\/04\/ChatGPT-Image-23-mar-2026-10_09_00.png","contentUrl":"https:\/\/radioclanfm.com\/clanespectaculos\/wp-content\/uploads\/sites\/2\/2026\/04\/ChatGPT-Image-23-mar-2026-10_09_00.png","width":1024,"height":1024,"caption":"CLAN ESPECTACULOS"},"image":{"@id":"https:\/\/radioclanfm.com\/clanespectaculos\/#\/schema\/logo\/image\/"},"sameAs":["https:\/\/www.facebook.com\/clanespectaculos\/","https:\/\/x.com\/clanespectok"]},{"@type":"Person","@id":"https:\/\/radioclanfm.com\/clanespectaculos\/#\/schema\/person\/9734813083303230f3ad84d99171b20c","name":"E-GRUPOCLAN","image":{"@type":"ImageObject","inLanguage":"es-AR","@id":"https:\/\/secure.gravatar.com\/avatar\/af6e19837c3d6a212034a48c7b3818d2ac1826f6025df0155da5a186ad321d79?s=96&d=mm&r=g","url":"https:\/\/secure.gravatar.com\/avatar\/af6e19837c3d6a212034a48c7b3818d2ac1826f6025df0155da5a186ad321d79?s=96&d=mm&r=g","contentUrl":"https:\/\/secure.gravatar.com\/avatar\/af6e19837c3d6a212034a48c7b3818d2ac1826f6025df0155da5a186ad321d79?s=96&d=mm&r=g","caption":"E-GRUPOCLAN"},"sameAs":["https:\/\/radioclanfm.com"],"url":"https:\/\/radioclanfm.com\/clanespectaculos\/author\/admin\/"}]}},"_links":{"self":[{"href":"https:\/\/radioclanfm.com\/clanespectaculos\/wp-json\/wp\/v2\/posts\/1365","targetHints":{"allow":["GET"]}}],"collection":[{"href":"https:\/\/radioclanfm.com\/clanespectaculos\/wp-json\/wp\/v2\/posts"}],"about":[{"href":"https:\/\/radioclanfm.com\/clanespectaculos\/wp-json\/wp\/v2\/types\/post"}],"author":[{"embeddable":true,"href":"https:\/\/radioclanfm.com\/clanespectaculos\/wp-json\/wp\/v2\/users\/1"}],"replies":[{"embeddable":true,"href":"https:\/\/radioclanfm.com\/clanespectaculos\/wp-json\/wp\/v2\/comments?post=1365"}],"version-history":[{"count":1,"href":"https:\/\/radioclanfm.com\/clanespectaculos\/wp-json\/wp\/v2\/posts\/1365\/revisions"}],"predecessor-version":[{"id":1369,"href":"https:\/\/radioclanfm.com\/clanespectaculos\/wp-json\/wp\/v2\/posts\/1365\/revisions\/1369"}],"wp:featuredmedia":[{"embeddable":true,"href":"https:\/\/radioclanfm.com\/clanespectaculos\/wp-json\/wp\/v2\/media\/1368"}],"wp:attachment":[{"href":"https:\/\/radioclanfm.com\/clanespectaculos\/wp-json\/wp\/v2\/media?parent=1365"}],"wp:term":[{"taxonomy":"category","embeddable":true,"href":"https:\/\/radioclanfm.com\/clanespectaculos\/wp-json\/wp\/v2\/categories?post=1365"},{"taxonomy":"post_tag","embeddable":true,"href":"https:\/\/radioclanfm.com\/clanespectaculos\/wp-json\/wp\/v2\/tags?post=1365"}],"curies":[{"name":"wp","href":"https:\/\/api.w.org\/{rel}","templated":true}]}}