{"id":1350,"date":"2025-06-06T06:55:08","date_gmt":"2025-06-06T09:55:08","guid":{"rendered":"https:\/\/radioclanfm.com\/clanespectaculos\/?p=1350"},"modified":"2025-06-06T06:55:08","modified_gmt":"2025-06-06T09:55:08","slug":"la-furia-de-cinthia-fernandez-cuando-toti-pasman-le-pidio-un-audio-para-presumir-con-sus-amigos","status":"publish","type":"post","link":"https:\/\/radioclanfm.com\/clanespectaculos\/la-furia-de-cinthia-fernandez-cuando-toti-pasman-le-pidio-un-audio-para-presumir-con-sus-amigos\/","title":{"rendered":"La furia de Cinthia Fern\u00e1ndez cuando Toti Pasman le pidi\u00f3 un audio para presumir con sus amigos"},"content":{"rendered":"<p>Indignada, la medi\u00e1tica dijo que la ponen en un lugar b\u00e1sico y la cosifican.<\/p>\n<div class=\"col-content\"><main class=\"col-content\"><\/p>\n<div class=\"default-article-color article__body article__article\">\n<p class=\"paragraph font__body-regular\"><b>Cinthia Fern\u00e1ndez<\/b>\u00a0<b>estall\u00f3 en vivo luego de que\u00a0<\/b><b>Toti Pasman<\/b><b>\u00a0le pidiera un saludo para su grupo de amigos<\/b>. Todo ocurri\u00f3 al aire de\u00a0<i>La motosierra de Toti<\/i>, el ciclo que comparten en el streaming\u00a0<i>Carnaval<\/i>.<\/p>\n<div class=\"AV67f93cf033780503b00636a7\">\n<div id=\"aniBox\">\n<div id=\"aniplayer_AV67f93cf033780503b00636a7-1749203646780\">\n<div id=\"aniplayer_AV67f93cf033780503b00636a7-1749203646780gui\">\n<div id=\"av-caption\">\n<div id=\"av-close-btn-overlay\" class=\"av-pos-top-left\"><\/div>\n<\/div>\n<\/div>\n<\/div>\n<\/div>\n<\/div>\n<div id=\"ad-slot-infeed\" class=\"infeed-container ad-slot-infeed ad-slot\" data-adtype=\"infeed\" data-google-query-id=\"CL-rrq_D3I0DFRM3uQYdJJoo5g\">\n<div id=\"google_ads_iframe_\/113951150\/tn-arc\/nota\/infeed_0__container__\"><\/div>\n<\/div>\n<p class=\"paragraph font__body-regular\">La medi\u00e1tica no ocult\u00f3 su descontento ante el pedido del periodista deportivo. \u201cNo me gusta y te voy a decir por qu\u00e9. Primero, porque<b>\u00a0me parece una falta de respeto porque est\u00e1 mi pareja en frente\u201d<\/b>, comenz\u00f3.<\/p>\n<p class=\"paragraph font__body-regular\">Desconcertado, Toti justific\u00f3: \u201cPero es un saludo\u201d.\u00a0<b>\u201cNo, es un saludo de paj&#8230;\u201d,<\/b>\u00a0retruc\u00f3 la bailarina indignada.<\/p>\n<figure class=\"\" data-testid=\"figure-testid\">\n<div class=\"aspect_ratio__container\"><picture class=\"responsive-image\"><source srcset=\"https:\/\/tn.com.ar\/resizer\/v2\/cinthia-fernandez-estallo-en-vivo-luego-de-que-toti-pasman-le-pidiera-un-saludo-para-su-grupo-de-amigos-foto-captura-streaming-carnaval-MQ5RU2QHR5CHZJ6ZGAVKTEDGBQ.jpg?auth=32f33529491e92e8a87ed9b16b631a3d0a77d60ef05abb68fba76b8b41576172&amp;width=767\" type=\"image\/jpg\" media=\"(max-width: 728px)\" \/><source srcset=\"https:\/\/tn.com.ar\/resizer\/v2\/cinthia-fernandez-estallo-en-vivo-luego-de-que-toti-pasman-le-pidiera-un-saludo-para-su-grupo-de-amigos-foto-captura-streaming-carnaval-MQ5RU2QHR5CHZJ6ZGAVKTEDGBQ.jpg?auth=32f33529491e92e8a87ed9b16b631a3d0a77d60ef05abb68fba76b8b41576172&amp;width=1023\" type=\"image\/jpg\" media=\"(max-width: 1023px)\" \/><source srcset=\"https:\/\/tn.com.ar\/resizer\/v2\/cinthia-fernandez-estallo-en-vivo-luego-de-que-toti-pasman-le-pidiera-un-saludo-para-su-grupo-de-amigos-foto-captura-streaming-carnaval-MQ5RU2QHR5CHZJ6ZGAVKTEDGBQ.jpg?auth=32f33529491e92e8a87ed9b16b631a3d0a77d60ef05abb68fba76b8b41576172&amp;width=1440\" type=\"image\/jpg\" \/><img loading=\"lazy\" decoding=\"async\" class=\"image content-image image_placeholder\" src=\"https:\/\/tn.com.ar\/resizer\/v2\/cinthia-fernandez-estallo-en-vivo-luego-de-que-toti-pasman-le-pidiera-un-saludo-para-su-grupo-de-amigos-foto-captura-streaming-carnaval-MQ5RU2QHR5CHZJ6ZGAVKTEDGBQ.jpg?auth=32f33529491e92e8a87ed9b16b631a3d0a77d60ef05abb68fba76b8b41576172&amp;width=767\" alt=\"Cinthia Fern\u00e1ndez estall\u00f3 en vivo luego de que Toti Pasman le pidiera un saludo para su grupo de amigos (Foto: Captura Streaming Carnaval)\" width=\"767\" height=\"430\" data-testid=\"loading-testid\" \/><\/picture><\/div><figcaption class=\"caption_image\" data-testid=\"figcaption-testid\">\n<div class=\"image_caption \">Cinthia Fern\u00e1ndez estall\u00f3 en vivo luego de que Toti Pasman le pidiera un saludo para su grupo de amigos (Foto: Captura Streaming Carnaval)<\/div>\n<\/figcaption><\/figure>\n<h2 class=\"font--primary font__display\">C\u00f3mo fue el tenso cruce entre Cinthia Fern\u00e1ndez y Toti Pasman<\/h2>\n<p class=\"paragraph font__body-regular\">Muy molesta, Cinthia continu\u00f3 con su descargo. \u201cOdio hacer saludos, me parece una falta de respeto, no me gusta, lo detesto&#8230; Incluso si no es en vivo y viene alguien y me pide un saludo para los pibes, no lo voy a hacer.\u00a0<b>Me parece ser cavern\u00edcola&#8221;<\/b>, sentenci\u00f3.<\/p>\n<p class=\"paragraph font__body-regular\">En el ciclo quisieron poner un pa\u00f1o de agua fr\u00eda, pero la panelista no accedi\u00f3: \u201cNo me gusta, no me copa. Te lo digo para que nos vayamos conociendo. Porque\u00a0<b>me pon\u00e9s en un lugar b\u00e1sico, de ser una mina, de que&#8230;\u201d.<\/b><\/p>\n<p class=\"paragraph font__body-regular\">\u201cPero un saludito, Cinthia. No te ped\u00ed&#8230;\u201d, se justific\u00f3 el comentarista deportivo. Y ella se mantuvo firme: \u201cNo me gusta\u201d. \u201cY est\u00e1 perfecto, no lo mand\u00e1s.\u00a0<b>Tampoco te puse en un lugar tan feo, tan inc\u00f3modo<\/b>\u201d, se defendi\u00f3 Toti.<\/p>\n<p class=\"paragraph font__body-regular\">\u201c\u00bfSe dan cuenta en el quilombo que me metieron? Y los voy a nombrar uno por uno&#8221;, lanz\u00f3 el conductor poni\u00e9ndole humor a la situaci\u00f3n. Pero la bailarina volvi\u00f3 a cruzarlo: \u201cNo me tapes encima, Toti, porque te estoy hablando.\u00a0<b>Dame lugar. Porque si encima me pon\u00e9s en un lugar inc\u00f3modo, dame lugar\u201d.<\/b><\/p>\n<p class=\"paragraph font__body-regular\">El reclamo molest\u00f3 a Pasman, que sostuvo: \u201cNo me parece una falta de respeto pedirte un saludo y me parece que te est\u00e1s enojando demasiado\u201d. \u201cNo me estoy enojando de m\u00e1s. Me molesta mucho.\u00a0<b>Yo puedo tener cabeza, puedo opinar&#8230; quiero que me dejes de poner en un lugar de \u2018est\u00e1 rebuena\u2019\u201d<\/b>, expres\u00f3 su compa\u00f1era.<\/p>\n<p class=\"paragraph font__body-regular\">A modo de cierre, \u00e9l lanz\u00f3: \u201c<b>Te contratamos ac\u00e1 porque ten\u00e9s cabeza y para que hables de pol\u00edtica y de actualidad.<\/b>\u00a0Nunca te cosificamos y ahora el enojado soy yo\u201d.\u00a0<b>\u201cNunca te cosifiqu\u00e9, nunca te falt\u00e9 el respeto. Te ped\u00ed un saludo para la camada Champa 90. \u00bfLo tomaste como una falta de respeto? Te pido disculpas.<\/b>\u00a0Listo, termin\u00f3 ah\u00ed\u201c, cerr\u00f3.<\/p>\n<\/div>\n<p><\/main><\/div>\n<aside class=\"col-right-rail right-rail\">\n<div id=\"parent-ad-slot-caja\" class=\"ad-container caja_ad \">\n<div class=\"ad-content\">\n<div id=\"ad-slot-caja\" class=\"ad-slot-caja ad-slot\" data-adtype=\"caja\" data-google-query-id=\"CMe0vq7D3I0DFdSDYQYdx3si4A\"><\/div>\n<\/div>\n<\/div>\n<\/aside>\n","protected":false},"excerpt":{"rendered":"<p>Indignada, la medi\u00e1tica dijo que la ponen en un lugar b\u00e1sico y la cosifican. Cinthia Fern\u00e1ndez\u00a0estall\u00f3 en vivo luego de que\u00a0Toti Pasman\u00a0le pidiera un saludo para su grupo de amigos. Todo ocurri\u00f3 al aire de\u00a0La motosierra de Toti, el ciclo que comparten en el streaming\u00a0Carnaval. La medi\u00e1tica no ocult\u00f3 su descontento ante el pedido del [&hellip;]<\/p>\n","protected":false},"author":1,"featured_media":1353,"comment_status":"open","ping_status":"open","sticky":false,"template":"","format":"standard","meta":{"rop_custom_images_group":[],"rop_custom_messages_group":[],"rop_publish_now":"initial","rop_publish_now_accounts":[],"rop_publish_now_history":[],"rop_publish_now_status":"pending","footnotes":"","jetpack_publicize_message":"","jetpack_publicize_feature_enabled":true,"jetpack_social_post_already_shared":true,"jetpack_social_options":{"image_generator_settings":{"template":"highway","enabled":false},"version":2}},"categories":[12],"tags":[],"class_list":{"0":"post-1350","1":"post","2":"type-post","3":"status-publish","4":"format-standard","5":"has-post-thumbnail","7":"category-espectaculos"},"jetpack_publicize_connections":[],"yoast_head":"<!-- This site is optimized with the Yoast SEO plugin v27.3 - https:\/\/yoast.com\/product\/yoast-seo-wordpress\/ -->\n<title>La furia de Cinthia Fern\u00e1ndez cuando Toti Pasman le pidi\u00f3 un audio para presumir con sus amigos - CLAN ESPECTACULOS<\/title>\n<meta name=\"robots\" content=\"index, follow, max-snippet:-1, max-image-preview:large, max-video-preview:-1\" \/>\n<link rel=\"canonical\" href=\"https:\/\/radioclanfm.com\/clanespectaculos\/la-furia-de-cinthia-fernandez-cuando-toti-pasman-le-pidio-un-audio-para-presumir-con-sus-amigos\/\" \/>\n<meta property=\"og:locale\" content=\"es_ES\" \/>\n<meta property=\"og:type\" content=\"article\" \/>\n<meta property=\"og:title\" content=\"La furia de Cinthia Fern\u00e1ndez cuando Toti Pasman le pidi\u00f3 un audio para presumir con sus amigos - CLAN ESPECTACULOS\" \/>\n<meta property=\"og:description\" content=\"Indignada, la medi\u00e1tica dijo que la ponen en un lugar b\u00e1sico y la cosifican. Cinthia Fern\u00e1ndez\u00a0estall\u00f3 en vivo luego de que\u00a0Toti Pasman\u00a0le pidiera un saludo para su grupo de amigos. Todo ocurri\u00f3 al aire de\u00a0La motosierra de Toti, el ciclo que comparten en el streaming\u00a0Carnaval. La medi\u00e1tica no ocult\u00f3 su descontento ante el pedido del [&hellip;]\" \/>\n<meta property=\"og:url\" content=\"https:\/\/radioclanfm.com\/clanespectaculos\/la-furia-de-cinthia-fernandez-cuando-toti-pasman-le-pidio-un-audio-para-presumir-con-sus-amigos\/\" \/>\n<meta property=\"og:site_name\" content=\"CLAN ESPECTACULOS\" \/>\n<meta property=\"article:publisher\" content=\"https:\/\/www.facebook.com\/clanespectaculos\/\" \/>\n<meta property=\"article:published_time\" content=\"2025-06-06T09:55:08+00:00\" \/>\n<meta property=\"og:image\" content=\"https:\/\/radioclanfm.com\/clanespectaculos\/wp-content\/uploads\/sites\/2\/2025\/06\/IswG2mQZ.jpg\" \/>\n\t<meta property=\"og:image:width\" content=\"900\" \/>\n\t<meta property=\"og:image:height\" content=\"505\" \/>\n\t<meta property=\"og:image:type\" content=\"image\/jpeg\" \/>\n<meta name=\"author\" content=\"E-GRUPOCLAN\" \/>\n<meta name=\"twitter:card\" content=\"summary_large_image\" \/>\n<meta name=\"twitter:creator\" content=\"@clanespectok\" \/>\n<meta name=\"twitter:site\" content=\"@clanespectok\" \/>\n<meta name=\"twitter:label1\" content=\"Escrito por\" \/>\n\t<meta name=\"twitter:data1\" content=\"E-GRUPOCLAN\" \/>\n\t<meta name=\"twitter:label2\" content=\"Tiempo de lectura\" \/>\n\t<meta name=\"twitter:data2\" content=\"2 minutos\" \/>\n<script type=\"application\/ld+json\" class=\"yoast-schema-graph\">{\"@context\":\"https:\\\/\\\/schema.org\",\"@graph\":[{\"@type\":\"Article\",\"@id\":\"https:\\\/\\\/radioclanfm.com\\\/clanespectaculos\\\/la-furia-de-cinthia-fernandez-cuando-toti-pasman-le-pidio-un-audio-para-presumir-con-sus-amigos\\\/#article\",\"isPartOf\":{\"@id\":\"https:\\\/\\\/radioclanfm.com\\\/clanespectaculos\\\/la-furia-de-cinthia-fernandez-cuando-toti-pasman-le-pidio-un-audio-para-presumir-con-sus-amigos\\\/\"},\"author\":{\"name\":\"E-GRUPOCLAN\",\"@id\":\"https:\\\/\\\/radioclanfm.com\\\/clanespectaculos\\\/#\\\/schema\\\/person\\\/9734813083303230f3ad84d99171b20c\"},\"headline\":\"La furia de Cinthia Fern\u00e1ndez cuando Toti Pasman le pidi\u00f3 un audio para presumir con sus amigos\",\"datePublished\":\"2025-06-06T09:55:08+00:00\",\"mainEntityOfPage\":{\"@id\":\"https:\\\/\\\/radioclanfm.com\\\/clanespectaculos\\\/la-furia-de-cinthia-fernandez-cuando-toti-pasman-le-pidio-un-audio-para-presumir-con-sus-amigos\\\/\"},\"wordCount\":476,\"commentCount\":0,\"publisher\":{\"@id\":\"https:\\\/\\\/radioclanfm.com\\\/clanespectaculos\\\/#organization\"},\"image\":{\"@id\":\"https:\\\/\\\/radioclanfm.com\\\/clanespectaculos\\\/la-furia-de-cinthia-fernandez-cuando-toti-pasman-le-pidio-un-audio-para-presumir-con-sus-amigos\\\/#primaryimage\"},\"thumbnailUrl\":\"https:\\\/\\\/radioclanfm.com\\\/clanespectaculos\\\/wp-content\\\/uploads\\\/sites\\\/2\\\/2025\\\/06\\\/IswG2mQZ.jpg\",\"articleSection\":[\"Espectaculos\"],\"inLanguage\":\"es-AR\",\"potentialAction\":[{\"@type\":\"CommentAction\",\"name\":\"Comment\",\"target\":[\"https:\\\/\\\/radioclanfm.com\\\/clanespectaculos\\\/la-furia-de-cinthia-fernandez-cuando-toti-pasman-le-pidio-un-audio-para-presumir-con-sus-amigos\\\/#respond\"]}]},{\"@type\":\"WebPage\",\"@id\":\"https:\\\/\\\/radioclanfm.com\\\/clanespectaculos\\\/la-furia-de-cinthia-fernandez-cuando-toti-pasman-le-pidio-un-audio-para-presumir-con-sus-amigos\\\/\",\"url\":\"https:\\\/\\\/radioclanfm.com\\\/clanespectaculos\\\/la-furia-de-cinthia-fernandez-cuando-toti-pasman-le-pidio-un-audio-para-presumir-con-sus-amigos\\\/\",\"name\":\"La furia de Cinthia Fern\u00e1ndez cuando Toti Pasman le pidi\u00f3 un audio para presumir con sus amigos - CLAN ESPECTACULOS\",\"isPartOf\":{\"@id\":\"https:\\\/\\\/radioclanfm.com\\\/clanespectaculos\\\/#website\"},\"primaryImageOfPage\":{\"@id\":\"https:\\\/\\\/radioclanfm.com\\\/clanespectaculos\\\/la-furia-de-cinthia-fernandez-cuando-toti-pasman-le-pidio-un-audio-para-presumir-con-sus-amigos\\\/#primaryimage\"},\"image\":{\"@id\":\"https:\\\/\\\/radioclanfm.com\\\/clanespectaculos\\\/la-furia-de-cinthia-fernandez-cuando-toti-pasman-le-pidio-un-audio-para-presumir-con-sus-amigos\\\/#primaryimage\"},\"thumbnailUrl\":\"https:\\\/\\\/radioclanfm.com\\\/clanespectaculos\\\/wp-content\\\/uploads\\\/sites\\\/2\\\/2025\\\/06\\\/IswG2mQZ.jpg\",\"datePublished\":\"2025-06-06T09:55:08+00:00\",\"breadcrumb\":{\"@id\":\"https:\\\/\\\/radioclanfm.com\\\/clanespectaculos\\\/la-furia-de-cinthia-fernandez-cuando-toti-pasman-le-pidio-un-audio-para-presumir-con-sus-amigos\\\/#breadcrumb\"},\"inLanguage\":\"es-AR\",\"potentialAction\":[{\"@type\":\"ReadAction\",\"target\":[\"https:\\\/\\\/radioclanfm.com\\\/clanespectaculos\\\/la-furia-de-cinthia-fernandez-cuando-toti-pasman-le-pidio-un-audio-para-presumir-con-sus-amigos\\\/\"]}]},{\"@type\":\"ImageObject\",\"inLanguage\":\"es-AR\",\"@id\":\"https:\\\/\\\/radioclanfm.com\\\/clanespectaculos\\\/la-furia-de-cinthia-fernandez-cuando-toti-pasman-le-pidio-un-audio-para-presumir-con-sus-amigos\\\/#primaryimage\",\"url\":\"https:\\\/\\\/radioclanfm.com\\\/clanespectaculos\\\/wp-content\\\/uploads\\\/sites\\\/2\\\/2025\\\/06\\\/IswG2mQZ.jpg\",\"contentUrl\":\"https:\\\/\\\/radioclanfm.com\\\/clanespectaculos\\\/wp-content\\\/uploads\\\/sites\\\/2\\\/2025\\\/06\\\/IswG2mQZ.jpg\",\"width\":900,\"height\":505},{\"@type\":\"BreadcrumbList\",\"@id\":\"https:\\\/\\\/radioclanfm.com\\\/clanespectaculos\\\/la-furia-de-cinthia-fernandez-cuando-toti-pasman-le-pidio-un-audio-para-presumir-con-sus-amigos\\\/#breadcrumb\",\"itemListElement\":[{\"@type\":\"ListItem\",\"position\":1,\"name\":\"Inicio\",\"item\":\"https:\\\/\\\/radioclanfm.com\\\/clanespectaculos\\\/\"},{\"@type\":\"ListItem\",\"position\":2,\"name\":\"La furia de Cinthia Fern\u00e1ndez cuando Toti Pasman le pidi\u00f3 un audio para presumir con sus amigos\"}]},{\"@type\":\"WebSite\",\"@id\":\"https:\\\/\\\/radioclanfm.com\\\/clanespectaculos\\\/#website\",\"url\":\"https:\\\/\\\/radioclanfm.com\\\/clanespectaculos\\\/\",\"name\":\"CLAN ESPECTACULOS\",\"description\":\"\",\"publisher\":{\"@id\":\"https:\\\/\\\/radioclanfm.com\\\/clanespectaculos\\\/#organization\"},\"potentialAction\":[{\"@type\":\"SearchAction\",\"target\":{\"@type\":\"EntryPoint\",\"urlTemplate\":\"https:\\\/\\\/radioclanfm.com\\\/clanespectaculos\\\/?s={search_term_string}\"},\"query-input\":{\"@type\":\"PropertyValueSpecification\",\"valueRequired\":true,\"valueName\":\"search_term_string\"}}],\"inLanguage\":\"es-AR\"},{\"@type\":\"Organization\",\"@id\":\"https:\\\/\\\/radioclanfm.com\\\/clanespectaculos\\\/#organization\",\"name\":\"CLAN ESPECTACULOS\",\"url\":\"https:\\\/\\\/radioclanfm.com\\\/clanespectaculos\\\/\",\"logo\":{\"@type\":\"ImageObject\",\"inLanguage\":\"es-AR\",\"@id\":\"https:\\\/\\\/radioclanfm.com\\\/clanespectaculos\\\/#\\\/schema\\\/logo\\\/image\\\/\",\"url\":\"https:\\\/\\\/radioclanfm.com\\\/clanespectaculos\\\/wp-content\\\/uploads\\\/sites\\\/2\\\/2026\\\/04\\\/ChatGPT-Image-23-mar-2026-10_09_00.png\",\"contentUrl\":\"https:\\\/\\\/radioclanfm.com\\\/clanespectaculos\\\/wp-content\\\/uploads\\\/sites\\\/2\\\/2026\\\/04\\\/ChatGPT-Image-23-mar-2026-10_09_00.png\",\"width\":1024,\"height\":1024,\"caption\":\"CLAN ESPECTACULOS\"},\"image\":{\"@id\":\"https:\\\/\\\/radioclanfm.com\\\/clanespectaculos\\\/#\\\/schema\\\/logo\\\/image\\\/\"},\"sameAs\":[\"https:\\\/\\\/www.facebook.com\\\/clanespectaculos\\\/\",\"https:\\\/\\\/x.com\\\/clanespectok\"]},{\"@type\":\"Person\",\"@id\":\"https:\\\/\\\/radioclanfm.com\\\/clanespectaculos\\\/#\\\/schema\\\/person\\\/9734813083303230f3ad84d99171b20c\",\"name\":\"E-GRUPOCLAN\",\"image\":{\"@type\":\"ImageObject\",\"inLanguage\":\"es-AR\",\"@id\":\"https:\\\/\\\/secure.gravatar.com\\\/avatar\\\/af6e19837c3d6a212034a48c7b3818d2ac1826f6025df0155da5a186ad321d79?s=96&d=mm&r=g\",\"url\":\"https:\\\/\\\/secure.gravatar.com\\\/avatar\\\/af6e19837c3d6a212034a48c7b3818d2ac1826f6025df0155da5a186ad321d79?s=96&d=mm&r=g\",\"contentUrl\":\"https:\\\/\\\/secure.gravatar.com\\\/avatar\\\/af6e19837c3d6a212034a48c7b3818d2ac1826f6025df0155da5a186ad321d79?s=96&d=mm&r=g\",\"caption\":\"E-GRUPOCLAN\"},\"sameAs\":[\"https:\\\/\\\/radioclanfm.com\"],\"url\":\"https:\\\/\\\/radioclanfm.com\\\/clanespectaculos\\\/author\\\/admin\\\/\"}]}<\/script>\n<!-- \/ Yoast SEO plugin. -->","yoast_head_json":{"title":"La furia de Cinthia Fern\u00e1ndez cuando Toti Pasman le pidi\u00f3 un audio para presumir con sus amigos - CLAN ESPECTACULOS","robots":{"index":"index","follow":"follow","max-snippet":"max-snippet:-1","max-image-preview":"max-image-preview:large","max-video-preview":"max-video-preview:-1"},"canonical":"https:\/\/radioclanfm.com\/clanespectaculos\/la-furia-de-cinthia-fernandez-cuando-toti-pasman-le-pidio-un-audio-para-presumir-con-sus-amigos\/","og_locale":"es_ES","og_type":"article","og_title":"La furia de Cinthia Fern\u00e1ndez cuando Toti Pasman le pidi\u00f3 un audio para presumir con sus amigos - CLAN ESPECTACULOS","og_description":"Indignada, la medi\u00e1tica dijo que la ponen en un lugar b\u00e1sico y la cosifican. Cinthia Fern\u00e1ndez\u00a0estall\u00f3 en vivo luego de que\u00a0Toti Pasman\u00a0le pidiera un saludo para su grupo de amigos. Todo ocurri\u00f3 al aire de\u00a0La motosierra de Toti, el ciclo que comparten en el streaming\u00a0Carnaval. La medi\u00e1tica no ocult\u00f3 su descontento ante el pedido del [&hellip;]","og_url":"https:\/\/radioclanfm.com\/clanespectaculos\/la-furia-de-cinthia-fernandez-cuando-toti-pasman-le-pidio-un-audio-para-presumir-con-sus-amigos\/","og_site_name":"CLAN ESPECTACULOS","article_publisher":"https:\/\/www.facebook.com\/clanespectaculos\/","article_published_time":"2025-06-06T09:55:08+00:00","og_image":[{"width":900,"height":505,"url":"https:\/\/radioclanfm.com\/clanespectaculos\/wp-content\/uploads\/sites\/2\/2025\/06\/IswG2mQZ.jpg","type":"image\/jpeg"}],"author":"E-GRUPOCLAN","twitter_card":"summary_large_image","twitter_creator":"@clanespectok","twitter_site":"@clanespectok","twitter_misc":{"Escrito por":"E-GRUPOCLAN","Tiempo de lectura":"2 minutos"},"schema":{"@context":"https:\/\/schema.org","@graph":[{"@type":"Article","@id":"https:\/\/radioclanfm.com\/clanespectaculos\/la-furia-de-cinthia-fernandez-cuando-toti-pasman-le-pidio-un-audio-para-presumir-con-sus-amigos\/#article","isPartOf":{"@id":"https:\/\/radioclanfm.com\/clanespectaculos\/la-furia-de-cinthia-fernandez-cuando-toti-pasman-le-pidio-un-audio-para-presumir-con-sus-amigos\/"},"author":{"name":"E-GRUPOCLAN","@id":"https:\/\/radioclanfm.com\/clanespectaculos\/#\/schema\/person\/9734813083303230f3ad84d99171b20c"},"headline":"La furia de Cinthia Fern\u00e1ndez cuando Toti Pasman le pidi\u00f3 un audio para presumir con sus amigos","datePublished":"2025-06-06T09:55:08+00:00","mainEntityOfPage":{"@id":"https:\/\/radioclanfm.com\/clanespectaculos\/la-furia-de-cinthia-fernandez-cuando-toti-pasman-le-pidio-un-audio-para-presumir-con-sus-amigos\/"},"wordCount":476,"commentCount":0,"publisher":{"@id":"https:\/\/radioclanfm.com\/clanespectaculos\/#organization"},"image":{"@id":"https:\/\/radioclanfm.com\/clanespectaculos\/la-furia-de-cinthia-fernandez-cuando-toti-pasman-le-pidio-un-audio-para-presumir-con-sus-amigos\/#primaryimage"},"thumbnailUrl":"https:\/\/radioclanfm.com\/clanespectaculos\/wp-content\/uploads\/sites\/2\/2025\/06\/IswG2mQZ.jpg","articleSection":["Espectaculos"],"inLanguage":"es-AR","potentialAction":[{"@type":"CommentAction","name":"Comment","target":["https:\/\/radioclanfm.com\/clanespectaculos\/la-furia-de-cinthia-fernandez-cuando-toti-pasman-le-pidio-un-audio-para-presumir-con-sus-amigos\/#respond"]}]},{"@type":"WebPage","@id":"https:\/\/radioclanfm.com\/clanespectaculos\/la-furia-de-cinthia-fernandez-cuando-toti-pasman-le-pidio-un-audio-para-presumir-con-sus-amigos\/","url":"https:\/\/radioclanfm.com\/clanespectaculos\/la-furia-de-cinthia-fernandez-cuando-toti-pasman-le-pidio-un-audio-para-presumir-con-sus-amigos\/","name":"La furia de Cinthia Fern\u00e1ndez cuando Toti Pasman le pidi\u00f3 un audio para presumir con sus amigos - CLAN ESPECTACULOS","isPartOf":{"@id":"https:\/\/radioclanfm.com\/clanespectaculos\/#website"},"primaryImageOfPage":{"@id":"https:\/\/radioclanfm.com\/clanespectaculos\/la-furia-de-cinthia-fernandez-cuando-toti-pasman-le-pidio-un-audio-para-presumir-con-sus-amigos\/#primaryimage"},"image":{"@id":"https:\/\/radioclanfm.com\/clanespectaculos\/la-furia-de-cinthia-fernandez-cuando-toti-pasman-le-pidio-un-audio-para-presumir-con-sus-amigos\/#primaryimage"},"thumbnailUrl":"https:\/\/radioclanfm.com\/clanespectaculos\/wp-content\/uploads\/sites\/2\/2025\/06\/IswG2mQZ.jpg","datePublished":"2025-06-06T09:55:08+00:00","breadcrumb":{"@id":"https:\/\/radioclanfm.com\/clanespectaculos\/la-furia-de-cinthia-fernandez-cuando-toti-pasman-le-pidio-un-audio-para-presumir-con-sus-amigos\/#breadcrumb"},"inLanguage":"es-AR","potentialAction":[{"@type":"ReadAction","target":["https:\/\/radioclanfm.com\/clanespectaculos\/la-furia-de-cinthia-fernandez-cuando-toti-pasman-le-pidio-un-audio-para-presumir-con-sus-amigos\/"]}]},{"@type":"ImageObject","inLanguage":"es-AR","@id":"https:\/\/radioclanfm.com\/clanespectaculos\/la-furia-de-cinthia-fernandez-cuando-toti-pasman-le-pidio-un-audio-para-presumir-con-sus-amigos\/#primaryimage","url":"https:\/\/radioclanfm.com\/clanespectaculos\/wp-content\/uploads\/sites\/2\/2025\/06\/IswG2mQZ.jpg","contentUrl":"https:\/\/radioclanfm.com\/clanespectaculos\/wp-content\/uploads\/sites\/2\/2025\/06\/IswG2mQZ.jpg","width":900,"height":505},{"@type":"BreadcrumbList","@id":"https:\/\/radioclanfm.com\/clanespectaculos\/la-furia-de-cinthia-fernandez-cuando-toti-pasman-le-pidio-un-audio-para-presumir-con-sus-amigos\/#breadcrumb","itemListElement":[{"@type":"ListItem","position":1,"name":"Inicio","item":"https:\/\/radioclanfm.com\/clanespectaculos\/"},{"@type":"ListItem","position":2,"name":"La furia de Cinthia Fern\u00e1ndez cuando Toti Pasman le pidi\u00f3 un audio para presumir con sus amigos"}]},{"@type":"WebSite","@id":"https:\/\/radioclanfm.com\/clanespectaculos\/#website","url":"https:\/\/radioclanfm.com\/clanespectaculos\/","name":"CLAN ESPECTACULOS","description":"","publisher":{"@id":"https:\/\/radioclanfm.com\/clanespectaculos\/#organization"},"potentialAction":[{"@type":"SearchAction","target":{"@type":"EntryPoint","urlTemplate":"https:\/\/radioclanfm.com\/clanespectaculos\/?s={search_term_string}"},"query-input":{"@type":"PropertyValueSpecification","valueRequired":true,"valueName":"search_term_string"}}],"inLanguage":"es-AR"},{"@type":"Organization","@id":"https:\/\/radioclanfm.com\/clanespectaculos\/#organization","name":"CLAN ESPECTACULOS","url":"https:\/\/radioclanfm.com\/clanespectaculos\/","logo":{"@type":"ImageObject","inLanguage":"es-AR","@id":"https:\/\/radioclanfm.com\/clanespectaculos\/#\/schema\/logo\/image\/","url":"https:\/\/radioclanfm.com\/clanespectaculos\/wp-content\/uploads\/sites\/2\/2026\/04\/ChatGPT-Image-23-mar-2026-10_09_00.png","contentUrl":"https:\/\/radioclanfm.com\/clanespectaculos\/wp-content\/uploads\/sites\/2\/2026\/04\/ChatGPT-Image-23-mar-2026-10_09_00.png","width":1024,"height":1024,"caption":"CLAN ESPECTACULOS"},"image":{"@id":"https:\/\/radioclanfm.com\/clanespectaculos\/#\/schema\/logo\/image\/"},"sameAs":["https:\/\/www.facebook.com\/clanespectaculos\/","https:\/\/x.com\/clanespectok"]},{"@type":"Person","@id":"https:\/\/radioclanfm.com\/clanespectaculos\/#\/schema\/person\/9734813083303230f3ad84d99171b20c","name":"E-GRUPOCLAN","image":{"@type":"ImageObject","inLanguage":"es-AR","@id":"https:\/\/secure.gravatar.com\/avatar\/af6e19837c3d6a212034a48c7b3818d2ac1826f6025df0155da5a186ad321d79?s=96&d=mm&r=g","url":"https:\/\/secure.gravatar.com\/avatar\/af6e19837c3d6a212034a48c7b3818d2ac1826f6025df0155da5a186ad321d79?s=96&d=mm&r=g","contentUrl":"https:\/\/secure.gravatar.com\/avatar\/af6e19837c3d6a212034a48c7b3818d2ac1826f6025df0155da5a186ad321d79?s=96&d=mm&r=g","caption":"E-GRUPOCLAN"},"sameAs":["https:\/\/radioclanfm.com"],"url":"https:\/\/radioclanfm.com\/clanespectaculos\/author\/admin\/"}]}},"_links":{"self":[{"href":"https:\/\/radioclanfm.com\/clanespectaculos\/wp-json\/wp\/v2\/posts\/1350","targetHints":{"allow":["GET"]}}],"collection":[{"href":"https:\/\/radioclanfm.com\/clanespectaculos\/wp-json\/wp\/v2\/posts"}],"about":[{"href":"https:\/\/radioclanfm.com\/clanespectaculos\/wp-json\/wp\/v2\/types\/post"}],"author":[{"embeddable":true,"href":"https:\/\/radioclanfm.com\/clanespectaculos\/wp-json\/wp\/v2\/users\/1"}],"replies":[{"embeddable":true,"href":"https:\/\/radioclanfm.com\/clanespectaculos\/wp-json\/wp\/v2\/comments?post=1350"}],"version-history":[{"count":1,"href":"https:\/\/radioclanfm.com\/clanespectaculos\/wp-json\/wp\/v2\/posts\/1350\/revisions"}],"predecessor-version":[{"id":1354,"href":"https:\/\/radioclanfm.com\/clanespectaculos\/wp-json\/wp\/v2\/posts\/1350\/revisions\/1354"}],"wp:featuredmedia":[{"embeddable":true,"href":"https:\/\/radioclanfm.com\/clanespectaculos\/wp-json\/wp\/v2\/media\/1353"}],"wp:attachment":[{"href":"https:\/\/radioclanfm.com\/clanespectaculos\/wp-json\/wp\/v2\/media?parent=1350"}],"wp:term":[{"taxonomy":"category","embeddable":true,"href":"https:\/\/radioclanfm.com\/clanespectaculos\/wp-json\/wp\/v2\/categories?post=1350"},{"taxonomy":"post_tag","embeddable":true,"href":"https:\/\/radioclanfm.com\/clanespectaculos\/wp-json\/wp\/v2\/tags?post=1350"}],"curies":[{"name":"wp","href":"https:\/\/api.w.org\/{rel}","templated":true}]}}