{"id":1345,"date":"2025-06-06T06:53:29","date_gmt":"2025-06-06T09:53:29","guid":{"rendered":"https:\/\/radioclanfm.com\/clanespectaculos\/?p=1345"},"modified":"2025-06-06T06:53:29","modified_gmt":"2025-06-06T09:53:29","slug":"por-que-l-gante-lleva-semanas-sin-ver-a-su-hija-jamaica-segun-el-abogado-de-tamara-baez","status":"publish","type":"post","link":"https:\/\/radioclanfm.com\/clanespectaculos\/por-que-l-gante-lleva-semanas-sin-ver-a-su-hija-jamaica-segun-el-abogado-de-tamara-baez\/","title":{"rendered":"Por qu\u00e9 L-Gante lleva semanas sin ver a su hija Jamaica, seg\u00fan el abogado de Tamara B\u00e1ez"},"content":{"rendered":"<div class=\"col-content\"><main class=\"col-content\"><\/p>\n<div class=\"default-article-color article__body article__article\">\n<p class=\"paragraph font__body-regular\">Tras superar su cap\u00edtulo amoroso con Wanda Nara,\u00a0<b>L-Gante\u00a0<\/b>volvi\u00f3 al centro de la esfera medi\u00e1tica. El motivo tiene que ver con el reciente fallo judicial que procedi\u00f3 a favor de su ex,\u00a0<b>Tamara B\u00e1ez<\/b>, con respecto a\u00a0<b>un significativo reajuste en la cifra asignada por concepto de cuota alimentaria.<\/b><\/p>\n<div class=\"AV67f93cf033780503b00636a7\">\n<div id=\"aniBox\">\n<div id=\"aniplayer_AV67f93cf033780503b00636a7-1749203569870\">\n<div id=\"aniplayer_AV67f93cf033780503b00636a7-1749203569870gui\">\n<div id=\"av-caption\">\n<div id=\"av-close-btn-overlay\" class=\"av-pos-top-left\"><\/div>\n<\/div>\n<\/div>\n<div id=\"anibid\"><\/div>\n<\/div>\n<\/div>\n<\/div>\n<div id=\"ad-slot-infeed\" class=\"infeed-container ad-slot-infeed ad-slot\" data-adtype=\"infeed\" data-google-query-id=\"CJbv0IrD3I0DFTZs3QIdppQQFQ\">\n<div id=\"google_ads_iframe_\/113951150\/tn-arc\/nota\/infeed_0__container__\"><iframe id=\"google_ads_iframe_\/113951150\/tn-arc\/nota\/infeed_0\" tabindex=\"0\" title=\"3rd party ad content\" name=\"google_ads_iframe_\/113951150\/tn-arc\/nota\/infeed_0\" width=\"1\" height=\"1\" frameborder=\"0\" marginwidth=\"0\" marginheight=\"0\" scrolling=\"no\" aria-label=\"Advertisement\" data-google-container-id=\"a\" data-load-complete=\"true\" data-mce-fragment=\"1\"><\/iframe><\/div>\n<\/div>\n<p class=\"paragraph font__body-regular\">A partir de la fecha, el cantante debe abonar a la influencer 5 mil d\u00f3lares mensuales, pero\u00a0<b>en este \u00faltimo mes, solo transfiri\u00f3 el equivalente a 764 mil pesos (unos 540 d\u00f3lares).<\/b>\u00a0Ante este desacato, la joven se siente preocupada por el bienestar econ\u00f3mico de la nena, mientras que cuestiona las acciones de su ex.<\/p>\n<figure class=\"\" data-testid=\"figure-testid\">\n<div class=\"aspect_ratio__container\"><picture class=\"responsive-image\"><source srcset=\"https:\/\/tn.com.ar\/resizer\/v2\/tamara-baez-pidio-a-la-justicia-reajustar-la-cifra-por-cuota-alimentaria-y-segun-su-abogado-l-gante-incumplio-foto-instagram-tamibaez222-4M7V3AQA5VC5LARTX36H3C4CIQ.JPG?auth=a7d7f0cf3d2c67bf0d7dbf886c390248b377632bf3ce9f4f9740e3e41402973c&amp;width=767\" type=\"image\/jpg\" media=\"(max-width: 728px)\" \/><source srcset=\"https:\/\/tn.com.ar\/resizer\/v2\/tamara-baez-pidio-a-la-justicia-reajustar-la-cifra-por-cuota-alimentaria-y-segun-su-abogado-l-gante-incumplio-foto-instagram-tamibaez222-4M7V3AQA5VC5LARTX36H3C4CIQ.JPG?auth=a7d7f0cf3d2c67bf0d7dbf886c390248b377632bf3ce9f4f9740e3e41402973c&amp;width=1023\" type=\"image\/jpg\" media=\"(max-width: 1023px)\" \/><source srcset=\"https:\/\/tn.com.ar\/resizer\/v2\/tamara-baez-pidio-a-la-justicia-reajustar-la-cifra-por-cuota-alimentaria-y-segun-su-abogado-l-gante-incumplio-foto-instagram-tamibaez222-4M7V3AQA5VC5LARTX36H3C4CIQ.JPG?auth=a7d7f0cf3d2c67bf0d7dbf886c390248b377632bf3ce9f4f9740e3e41402973c&amp;width=1440\" type=\"image\/jpg\" \/><img loading=\"lazy\" decoding=\"async\" class=\"image content-image image_placeholder\" src=\"https:\/\/tn.com.ar\/resizer\/v2\/tamara-baez-pidio-a-la-justicia-reajustar-la-cifra-por-cuota-alimentaria-y-segun-su-abogado-l-gante-incumplio-foto-instagram-tamibaez222-4M7V3AQA5VC5LARTX36H3C4CIQ.JPG?auth=a7d7f0cf3d2c67bf0d7dbf886c390248b377632bf3ce9f4f9740e3e41402973c&amp;width=767\" alt=\"Tamara B\u00e1ez pidi\u00f3 a la Justicia reajustar la cifra por cuota alimentaria y seg\u00fan su abogado, L-Gante incumpli\u00f3. (Foto: Instagram \/ tamibaez222)\" width=\"767\" height=\"430\" data-testid=\"loading-testid\" \/><\/picture><\/div><figcaption class=\"caption_image\" data-testid=\"figcaption-testid\">\n<div class=\"image_caption \">Tamara B\u00e1ez pidi\u00f3 a la Justicia reajustar la cifra por cuota alimentaria y seg\u00fan su abogado, L-Gante incumpli\u00f3. (Foto: Instagram \/ tamibaez222)<\/div>\n<\/figcaption><\/figure>\n<p class=\"paragraph font__body-regular\">Sobre el tema,<b>\u00a0el abogado de Tamara, Juan Pablo Merlo, sum\u00f3 informaci\u00f3n sobre el caso<\/b>\u00a0en\u00a0<i>A la tarde (Am\u00e9rica).<\/i><\/p>\n<p class=\"paragraph font__body-regular\">Ante la consulta de la conductora Karina Mazzocco, respondi\u00f3: \u201c<b>Elian no la est\u00e1 visitando hoy a su hija<\/b>, eso es una cuesti\u00f3n de \u00e9l ya, porque la madre nunca se lo neg\u00f3. No se est\u00e1 contactando y tampoco est\u00e1 cumpliendo con los alimentos\u201d.<\/p>\n<p class=\"paragraph font__body-regular\">De la misma forma, Merlo asegur\u00f3 que la madre del artista, Claudia Valenzuela, tampoco visita a la peque\u00f1a.<b>\u00a0\u201cLa abuela tampoco, no la est\u00e1 yendo a buscar, no est\u00e1 teniendo contacto con la nena\u201d<\/b>, indic\u00f3.<\/p>\n<figure class=\"\" data-testid=\"figure-testid\">\n<div class=\"aspect_ratio__container\"><picture class=\"responsive-image\"><source srcset=\"https:\/\/tn.com.ar\/resizer\/v2\/segun-juan-pablo-merlo-claudia-valenzuela-la-mama-de-l-gante-tambien-perdio-contacto-con-su-nieta-en-los-ultimos-dias-foto-instagram-clauvalenzuelaok-BSL6XS6KIBHPJAUMVB5FLYRBRU.jpg?auth=f192f7fb62d0ed004bf8f4ba319211dbc1d0a12a3b2b226c7505ffcc828085dc&amp;width=767\" type=\"image\/jpg\" media=\"(max-width: 728px)\" \/><source srcset=\"https:\/\/tn.com.ar\/resizer\/v2\/segun-juan-pablo-merlo-claudia-valenzuela-la-mama-de-l-gante-tambien-perdio-contacto-con-su-nieta-en-los-ultimos-dias-foto-instagram-clauvalenzuelaok-BSL6XS6KIBHPJAUMVB5FLYRBRU.jpg?auth=f192f7fb62d0ed004bf8f4ba319211dbc1d0a12a3b2b226c7505ffcc828085dc&amp;width=1023\" type=\"image\/jpg\" media=\"(max-width: 1023px)\" \/><source srcset=\"https:\/\/tn.com.ar\/resizer\/v2\/segun-juan-pablo-merlo-claudia-valenzuela-la-mama-de-l-gante-tambien-perdio-contacto-con-su-nieta-en-los-ultimos-dias-foto-instagram-clauvalenzuelaok-BSL6XS6KIBHPJAUMVB5FLYRBRU.jpg?auth=f192f7fb62d0ed004bf8f4ba319211dbc1d0a12a3b2b226c7505ffcc828085dc&amp;width=1440\" type=\"image\/jpg\" \/><img loading=\"lazy\" decoding=\"async\" class=\"image content-image image_placeholder\" src=\"https:\/\/tn.com.ar\/resizer\/v2\/segun-juan-pablo-merlo-claudia-valenzuela-la-mama-de-l-gante-tambien-perdio-contacto-con-su-nieta-en-los-ultimos-dias-foto-instagram-clauvalenzuelaok-BSL6XS6KIBHPJAUMVB5FLYRBRU.jpg?auth=f192f7fb62d0ed004bf8f4ba319211dbc1d0a12a3b2b226c7505ffcc828085dc&amp;width=767\" alt=\"Seg\u00fan Juan Pablo Merlo, Claudia Valenzuela, la mam\u00e1 de L-Gante, tambi\u00e9n perdi\u00f3 contacto con su nieta en los \u00faltimos d\u00edas. (Foto: Instagram \/clauvalenzuela.ok)\" width=\"767\" height=\"652\" data-testid=\"loading-testid\" \/><\/picture><\/div><figcaption class=\"caption_image\" data-testid=\"figcaption-testid\">\n<div class=\"image_caption \">Seg\u00fan Juan Pablo Merlo, Claudia Valenzuela, la mam\u00e1 de L-Gante, tambi\u00e9n perdi\u00f3 contacto con su nieta en los \u00faltimos d\u00edas. (Foto: Instagram \/clauvalenzuela.ok)<\/div>\n<\/figcaption><\/figure>\n<h2 class=\"font--primary font__display\">El error legal que cometi\u00f3 Tamara B\u00e1ez y que podr\u00eda ser utilizado por L-Gante<\/h2>\n<p class=\"paragraph font__body-regular\">Mientras el tema segu\u00eda en desarrollo, el abogado de Tamara B\u00e1ez expuso una situaci\u00f3n hasta el momento desconocida sobre<b>\u00a0un pacto extrajudicial que ella hizo con el cantante y que podr\u00eda perjudicarla en el presente.<\/b><\/p>\n<p class=\"paragraph font__body-regular\">Sobre ello, Merlo explic\u00f3: \u201cCuando \u00e9l estuvo detenido, ella me pidi\u00f3 que lo ayude.\u00a0<b>\u00c9l la convenci\u00f3 de que firmara por 700 mil pesos (de cuota).<\/b><\/p>\n<figure class=\"\" data-testid=\"figure-testid\">\n<div class=\"aspect_ratio__container\"><picture class=\"responsive-image\"><source srcset=\"https:\/\/tn.com.ar\/resizer\/v2\/juan-pablo-merlo-aseguro-que-tamara-baez-firmo-un-acuerdo-extrajudicial-con-l-gante-para-dejar-la-cifra-de-manutencion-en-700-mil-pesos-foto-instagram-tamibaez222-lgantekeloke-2W3USF56AFAH7J65AV4MP2QPCU.jpg?auth=6098fd42073c1dd9dfe21af31192bebf10b47338a4ace704f84f05cc3bd89476&amp;width=767\" type=\"image\/jpg\" media=\"(max-width: 728px)\" \/><source srcset=\"https:\/\/tn.com.ar\/resizer\/v2\/juan-pablo-merlo-aseguro-que-tamara-baez-firmo-un-acuerdo-extrajudicial-con-l-gante-para-dejar-la-cifra-de-manutencion-en-700-mil-pesos-foto-instagram-tamibaez222-lgantekeloke-2W3USF56AFAH7J65AV4MP2QPCU.jpg?auth=6098fd42073c1dd9dfe21af31192bebf10b47338a4ace704f84f05cc3bd89476&amp;width=1023\" type=\"image\/jpg\" media=\"(max-width: 1023px)\" \/><source srcset=\"https:\/\/tn.com.ar\/resizer\/v2\/juan-pablo-merlo-aseguro-que-tamara-baez-firmo-un-acuerdo-extrajudicial-con-l-gante-para-dejar-la-cifra-de-manutencion-en-700-mil-pesos-foto-instagram-tamibaez222-lgantekeloke-2W3USF56AFAH7J65AV4MP2QPCU.jpg?auth=6098fd42073c1dd9dfe21af31192bebf10b47338a4ace704f84f05cc3bd89476&amp;width=1440\" type=\"image\/jpg\" \/><img loading=\"lazy\" decoding=\"async\" class=\"image content-image image_placeholder\" src=\"https:\/\/tn.com.ar\/resizer\/v2\/juan-pablo-merlo-aseguro-que-tamara-baez-firmo-un-acuerdo-extrajudicial-con-l-gante-para-dejar-la-cifra-de-manutencion-en-700-mil-pesos-foto-instagram-tamibaez222-lgantekeloke-2W3USF56AFAH7J65AV4MP2QPCU.jpg?auth=6098fd42073c1dd9dfe21af31192bebf10b47338a4ace704f84f05cc3bd89476&amp;width=767\" alt=\"Juan Pablo Merlo asegur\u00f3 que Tamara B\u00e1ez firm\u00f3 un acuerdo extrajudicial con L-Gante, para dejar la cifra de manutenci\u00f3n en 700 mil pesos. (Foto: Instagram \/ tamibaez222, lgante_keloke)\" width=\"767\" height=\"430\" data-testid=\"loading-testid\" \/><\/picture><\/div><figcaption class=\"caption_image\" data-testid=\"figcaption-testid\">\n<div class=\"image_caption \">Juan Pablo Merlo asegur\u00f3 que Tamara B\u00e1ez firm\u00f3 un acuerdo extrajudicial con L-Gante, para dejar la cifra de manutenci\u00f3n en 700 mil pesos. (Foto: Instagram \/ tamibaez222, lgante_keloke)<\/div>\n<\/figcaption><\/figure>\n<p class=\"paragraph font__body-regular\">Frente a la confusi\u00f3n de la conductora y sus panelistas, el experto en leyes ampli\u00f3: \u201cEn el 2022, una jueza de familia en Moreno dictamin\u00f3 los 5 mil d\u00f3lares provisorios. Cuando pasa todo esto (la detenci\u00f3n),\u00a0<b>\u00e9l la cita a ella y la hace firmar este acuerdo. Entonces, por eso, no respetan el acuerdo que ahora volvi\u00f3 a ratificar el juez de Familia 2 de Moreno\u201d.<\/b><\/p>\n<p class=\"paragraph font__body-regular\">Sin embargo,<b>\u00a0el abogado no cree que L-Gante haya hecho este dep\u00f3sito incompleto para perjudicar a su hija ni a la madre de la nena<\/b>. Especialmente, porque entre padre e hija existe un v\u00ednculo muy especial.<\/p>\n<p class=\"paragraph font__body-regular\">En cambio,<b>\u00a0Merlo cree que L-Gante a\u00fan est\u00e1 en desconocimiento de la nueva cifra asignada<\/b>. Por ese motivo, intuye que los encargados de administrar su dinero, sus representantes Maxi El Brother y Lourdes, siguen girando el mismo monto.<\/p>\n<p class=\"paragraph font__body-regular\">\n<\/div>\n<p><\/main><\/div>\n<aside class=\"col-right-rail right-rail\">\n<div id=\"parent-ad-slot-caja\" class=\"ad-container caja_ad \">\n<div class=\"ad-content\">\n<div id=\"ad-slot-caja\" class=\"ad-slot-caja ad-slot\" data-adtype=\"caja\" data-google-query-id=\"COjJzInD3I0DFQ1K3QIdHgQrCg\"><\/div>\n<\/div>\n<\/div>\n<\/aside>\n","protected":false},"excerpt":{"rendered":"<p>Tras superar su cap\u00edtulo amoroso con Wanda Nara,\u00a0L-Gante\u00a0volvi\u00f3 al centro de la esfera medi\u00e1tica. El motivo tiene que ver con el reciente fallo judicial que procedi\u00f3 a favor de su ex,\u00a0Tamara B\u00e1ez, con respecto a\u00a0un significativo reajuste en la cifra asignada por concepto de cuota alimentaria. A partir de la fecha, el cantante debe abonar [&hellip;]<\/p>\n","protected":false},"author":1,"featured_media":1348,"comment_status":"open","ping_status":"open","sticky":false,"template":"","format":"standard","meta":{"rop_custom_images_group":[],"rop_custom_messages_group":[],"rop_publish_now":"initial","rop_publish_now_accounts":[],"rop_publish_now_history":[],"rop_publish_now_status":"pending","footnotes":"","jetpack_publicize_message":"","jetpack_publicize_feature_enabled":true,"jetpack_social_post_already_shared":true,"jetpack_social_options":{"image_generator_settings":{"template":"highway","enabled":false},"version":2}},"categories":[12],"tags":[],"class_list":{"0":"post-1345","1":"post","2":"type-post","3":"status-publish","4":"format-standard","5":"has-post-thumbnail","7":"category-espectaculos"},"jetpack_publicize_connections":[],"yoast_head":"<!-- This site is optimized with the Yoast SEO plugin v27.3 - https:\/\/yoast.com\/product\/yoast-seo-wordpress\/ -->\n<title>Por qu\u00e9 L-Gante lleva semanas sin ver a su hija Jamaica, seg\u00fan el abogado de Tamara B\u00e1ez - CLAN ESPECTACULOS<\/title>\n<meta name=\"robots\" content=\"index, follow, max-snippet:-1, max-image-preview:large, max-video-preview:-1\" \/>\n<link rel=\"canonical\" href=\"https:\/\/radioclanfm.com\/clanespectaculos\/por-que-l-gante-lleva-semanas-sin-ver-a-su-hija-jamaica-segun-el-abogado-de-tamara-baez\/\" \/>\n<meta property=\"og:locale\" content=\"es_ES\" \/>\n<meta property=\"og:type\" content=\"article\" \/>\n<meta property=\"og:title\" content=\"Por qu\u00e9 L-Gante lleva semanas sin ver a su hija Jamaica, seg\u00fan el abogado de Tamara B\u00e1ez - CLAN ESPECTACULOS\" \/>\n<meta property=\"og:description\" content=\"Tras superar su cap\u00edtulo amoroso con Wanda Nara,\u00a0L-Gante\u00a0volvi\u00f3 al centro de la esfera medi\u00e1tica. El motivo tiene que ver con el reciente fallo judicial que procedi\u00f3 a favor de su ex,\u00a0Tamara B\u00e1ez, con respecto a\u00a0un significativo reajuste en la cifra asignada por concepto de cuota alimentaria. A partir de la fecha, el cantante debe abonar [&hellip;]\" \/>\n<meta property=\"og:url\" content=\"https:\/\/radioclanfm.com\/clanespectaculos\/por-que-l-gante-lleva-semanas-sin-ver-a-su-hija-jamaica-segun-el-abogado-de-tamara-baez\/\" \/>\n<meta property=\"og:site_name\" content=\"CLAN ESPECTACULOS\" \/>\n<meta property=\"article:publisher\" content=\"https:\/\/www.facebook.com\/clanespectaculos\/\" \/>\n<meta property=\"article:published_time\" content=\"2025-06-06T09:53:29+00:00\" \/>\n<meta property=\"og:image\" content=\"https:\/\/radioclanfm.com\/clanespectaculos\/wp-content\/uploads\/sites\/2\/2025\/06\/Hz6xS0_J.jpg\" \/>\n\t<meta property=\"og:image:width\" content=\"900\" \/>\n\t<meta property=\"og:image:height\" content=\"504\" \/>\n\t<meta property=\"og:image:type\" content=\"image\/jpeg\" \/>\n<meta name=\"author\" content=\"E-GRUPOCLAN\" \/>\n<meta name=\"twitter:card\" content=\"summary_large_image\" \/>\n<meta name=\"twitter:creator\" content=\"@clanespectok\" \/>\n<meta name=\"twitter:site\" content=\"@clanespectok\" \/>\n<meta name=\"twitter:label1\" content=\"Escrito por\" \/>\n\t<meta name=\"twitter:data1\" content=\"E-GRUPOCLAN\" \/>\n\t<meta name=\"twitter:label2\" content=\"Tiempo de lectura\" \/>\n\t<meta name=\"twitter:data2\" content=\"3 minutos\" \/>\n<script type=\"application\/ld+json\" class=\"yoast-schema-graph\">{\"@context\":\"https:\\\/\\\/schema.org\",\"@graph\":[{\"@type\":\"Article\",\"@id\":\"https:\\\/\\\/radioclanfm.com\\\/clanespectaculos\\\/por-que-l-gante-lleva-semanas-sin-ver-a-su-hija-jamaica-segun-el-abogado-de-tamara-baez\\\/#article\",\"isPartOf\":{\"@id\":\"https:\\\/\\\/radioclanfm.com\\\/clanespectaculos\\\/por-que-l-gante-lleva-semanas-sin-ver-a-su-hija-jamaica-segun-el-abogado-de-tamara-baez\\\/\"},\"author\":{\"name\":\"E-GRUPOCLAN\",\"@id\":\"https:\\\/\\\/radioclanfm.com\\\/clanespectaculos\\\/#\\\/schema\\\/person\\\/9734813083303230f3ad84d99171b20c\"},\"headline\":\"Por qu\u00e9 L-Gante lleva semanas sin ver a su hija Jamaica, seg\u00fan el abogado de Tamara B\u00e1ez\",\"datePublished\":\"2025-06-06T09:53:29+00:00\",\"mainEntityOfPage\":{\"@id\":\"https:\\\/\\\/radioclanfm.com\\\/clanespectaculos\\\/por-que-l-gante-lleva-semanas-sin-ver-a-su-hija-jamaica-segun-el-abogado-de-tamara-baez\\\/\"},\"wordCount\":531,\"commentCount\":0,\"publisher\":{\"@id\":\"https:\\\/\\\/radioclanfm.com\\\/clanespectaculos\\\/#organization\"},\"image\":{\"@id\":\"https:\\\/\\\/radioclanfm.com\\\/clanespectaculos\\\/por-que-l-gante-lleva-semanas-sin-ver-a-su-hija-jamaica-segun-el-abogado-de-tamara-baez\\\/#primaryimage\"},\"thumbnailUrl\":\"https:\\\/\\\/radioclanfm.com\\\/clanespectaculos\\\/wp-content\\\/uploads\\\/sites\\\/2\\\/2025\\\/06\\\/Hz6xS0_J.jpg\",\"articleSection\":[\"Espectaculos\"],\"inLanguage\":\"es-AR\",\"potentialAction\":[{\"@type\":\"CommentAction\",\"name\":\"Comment\",\"target\":[\"https:\\\/\\\/radioclanfm.com\\\/clanespectaculos\\\/por-que-l-gante-lleva-semanas-sin-ver-a-su-hija-jamaica-segun-el-abogado-de-tamara-baez\\\/#respond\"]}]},{\"@type\":\"WebPage\",\"@id\":\"https:\\\/\\\/radioclanfm.com\\\/clanespectaculos\\\/por-que-l-gante-lleva-semanas-sin-ver-a-su-hija-jamaica-segun-el-abogado-de-tamara-baez\\\/\",\"url\":\"https:\\\/\\\/radioclanfm.com\\\/clanespectaculos\\\/por-que-l-gante-lleva-semanas-sin-ver-a-su-hija-jamaica-segun-el-abogado-de-tamara-baez\\\/\",\"name\":\"Por qu\u00e9 L-Gante lleva semanas sin ver a su hija Jamaica, seg\u00fan el abogado de Tamara B\u00e1ez - CLAN ESPECTACULOS\",\"isPartOf\":{\"@id\":\"https:\\\/\\\/radioclanfm.com\\\/clanespectaculos\\\/#website\"},\"primaryImageOfPage\":{\"@id\":\"https:\\\/\\\/radioclanfm.com\\\/clanespectaculos\\\/por-que-l-gante-lleva-semanas-sin-ver-a-su-hija-jamaica-segun-el-abogado-de-tamara-baez\\\/#primaryimage\"},\"image\":{\"@id\":\"https:\\\/\\\/radioclanfm.com\\\/clanespectaculos\\\/por-que-l-gante-lleva-semanas-sin-ver-a-su-hija-jamaica-segun-el-abogado-de-tamara-baez\\\/#primaryimage\"},\"thumbnailUrl\":\"https:\\\/\\\/radioclanfm.com\\\/clanespectaculos\\\/wp-content\\\/uploads\\\/sites\\\/2\\\/2025\\\/06\\\/Hz6xS0_J.jpg\",\"datePublished\":\"2025-06-06T09:53:29+00:00\",\"breadcrumb\":{\"@id\":\"https:\\\/\\\/radioclanfm.com\\\/clanespectaculos\\\/por-que-l-gante-lleva-semanas-sin-ver-a-su-hija-jamaica-segun-el-abogado-de-tamara-baez\\\/#breadcrumb\"},\"inLanguage\":\"es-AR\",\"potentialAction\":[{\"@type\":\"ReadAction\",\"target\":[\"https:\\\/\\\/radioclanfm.com\\\/clanespectaculos\\\/por-que-l-gante-lleva-semanas-sin-ver-a-su-hija-jamaica-segun-el-abogado-de-tamara-baez\\\/\"]}]},{\"@type\":\"ImageObject\",\"inLanguage\":\"es-AR\",\"@id\":\"https:\\\/\\\/radioclanfm.com\\\/clanespectaculos\\\/por-que-l-gante-lleva-semanas-sin-ver-a-su-hija-jamaica-segun-el-abogado-de-tamara-baez\\\/#primaryimage\",\"url\":\"https:\\\/\\\/radioclanfm.com\\\/clanespectaculos\\\/wp-content\\\/uploads\\\/sites\\\/2\\\/2025\\\/06\\\/Hz6xS0_J.jpg\",\"contentUrl\":\"https:\\\/\\\/radioclanfm.com\\\/clanespectaculos\\\/wp-content\\\/uploads\\\/sites\\\/2\\\/2025\\\/06\\\/Hz6xS0_J.jpg\",\"width\":900,\"height\":504},{\"@type\":\"BreadcrumbList\",\"@id\":\"https:\\\/\\\/radioclanfm.com\\\/clanespectaculos\\\/por-que-l-gante-lleva-semanas-sin-ver-a-su-hija-jamaica-segun-el-abogado-de-tamara-baez\\\/#breadcrumb\",\"itemListElement\":[{\"@type\":\"ListItem\",\"position\":1,\"name\":\"Inicio\",\"item\":\"https:\\\/\\\/radioclanfm.com\\\/clanespectaculos\\\/\"},{\"@type\":\"ListItem\",\"position\":2,\"name\":\"Por qu\u00e9 L-Gante lleva semanas sin ver a su hija Jamaica, seg\u00fan el abogado de Tamara B\u00e1ez\"}]},{\"@type\":\"WebSite\",\"@id\":\"https:\\\/\\\/radioclanfm.com\\\/clanespectaculos\\\/#website\",\"url\":\"https:\\\/\\\/radioclanfm.com\\\/clanespectaculos\\\/\",\"name\":\"CLAN ESPECTACULOS\",\"description\":\"\",\"publisher\":{\"@id\":\"https:\\\/\\\/radioclanfm.com\\\/clanespectaculos\\\/#organization\"},\"potentialAction\":[{\"@type\":\"SearchAction\",\"target\":{\"@type\":\"EntryPoint\",\"urlTemplate\":\"https:\\\/\\\/radioclanfm.com\\\/clanespectaculos\\\/?s={search_term_string}\"},\"query-input\":{\"@type\":\"PropertyValueSpecification\",\"valueRequired\":true,\"valueName\":\"search_term_string\"}}],\"inLanguage\":\"es-AR\"},{\"@type\":\"Organization\",\"@id\":\"https:\\\/\\\/radioclanfm.com\\\/clanespectaculos\\\/#organization\",\"name\":\"CLAN ESPECTACULOS\",\"url\":\"https:\\\/\\\/radioclanfm.com\\\/clanespectaculos\\\/\",\"logo\":{\"@type\":\"ImageObject\",\"inLanguage\":\"es-AR\",\"@id\":\"https:\\\/\\\/radioclanfm.com\\\/clanespectaculos\\\/#\\\/schema\\\/logo\\\/image\\\/\",\"url\":\"https:\\\/\\\/radioclanfm.com\\\/clanespectaculos\\\/wp-content\\\/uploads\\\/sites\\\/2\\\/2026\\\/04\\\/ChatGPT-Image-23-mar-2026-10_09_00.png\",\"contentUrl\":\"https:\\\/\\\/radioclanfm.com\\\/clanespectaculos\\\/wp-content\\\/uploads\\\/sites\\\/2\\\/2026\\\/04\\\/ChatGPT-Image-23-mar-2026-10_09_00.png\",\"width\":1024,\"height\":1024,\"caption\":\"CLAN ESPECTACULOS\"},\"image\":{\"@id\":\"https:\\\/\\\/radioclanfm.com\\\/clanespectaculos\\\/#\\\/schema\\\/logo\\\/image\\\/\"},\"sameAs\":[\"https:\\\/\\\/www.facebook.com\\\/clanespectaculos\\\/\",\"https:\\\/\\\/x.com\\\/clanespectok\"]},{\"@type\":\"Person\",\"@id\":\"https:\\\/\\\/radioclanfm.com\\\/clanespectaculos\\\/#\\\/schema\\\/person\\\/9734813083303230f3ad84d99171b20c\",\"name\":\"E-GRUPOCLAN\",\"image\":{\"@type\":\"ImageObject\",\"inLanguage\":\"es-AR\",\"@id\":\"https:\\\/\\\/secure.gravatar.com\\\/avatar\\\/af6e19837c3d6a212034a48c7b3818d2ac1826f6025df0155da5a186ad321d79?s=96&d=mm&r=g\",\"url\":\"https:\\\/\\\/secure.gravatar.com\\\/avatar\\\/af6e19837c3d6a212034a48c7b3818d2ac1826f6025df0155da5a186ad321d79?s=96&d=mm&r=g\",\"contentUrl\":\"https:\\\/\\\/secure.gravatar.com\\\/avatar\\\/af6e19837c3d6a212034a48c7b3818d2ac1826f6025df0155da5a186ad321d79?s=96&d=mm&r=g\",\"caption\":\"E-GRUPOCLAN\"},\"sameAs\":[\"https:\\\/\\\/radioclanfm.com\"],\"url\":\"https:\\\/\\\/radioclanfm.com\\\/clanespectaculos\\\/author\\\/admin\\\/\"}]}<\/script>\n<!-- \/ Yoast SEO plugin. -->","yoast_head_json":{"title":"Por qu\u00e9 L-Gante lleva semanas sin ver a su hija Jamaica, seg\u00fan el abogado de Tamara B\u00e1ez - CLAN ESPECTACULOS","robots":{"index":"index","follow":"follow","max-snippet":"max-snippet:-1","max-image-preview":"max-image-preview:large","max-video-preview":"max-video-preview:-1"},"canonical":"https:\/\/radioclanfm.com\/clanespectaculos\/por-que-l-gante-lleva-semanas-sin-ver-a-su-hija-jamaica-segun-el-abogado-de-tamara-baez\/","og_locale":"es_ES","og_type":"article","og_title":"Por qu\u00e9 L-Gante lleva semanas sin ver a su hija Jamaica, seg\u00fan el abogado de Tamara B\u00e1ez - CLAN ESPECTACULOS","og_description":"Tras superar su cap\u00edtulo amoroso con Wanda Nara,\u00a0L-Gante\u00a0volvi\u00f3 al centro de la esfera medi\u00e1tica. El motivo tiene que ver con el reciente fallo judicial que procedi\u00f3 a favor de su ex,\u00a0Tamara B\u00e1ez, con respecto a\u00a0un significativo reajuste en la cifra asignada por concepto de cuota alimentaria. A partir de la fecha, el cantante debe abonar [&hellip;]","og_url":"https:\/\/radioclanfm.com\/clanespectaculos\/por-que-l-gante-lleva-semanas-sin-ver-a-su-hija-jamaica-segun-el-abogado-de-tamara-baez\/","og_site_name":"CLAN ESPECTACULOS","article_publisher":"https:\/\/www.facebook.com\/clanespectaculos\/","article_published_time":"2025-06-06T09:53:29+00:00","og_image":[{"width":900,"height":504,"url":"https:\/\/radioclanfm.com\/clanespectaculos\/wp-content\/uploads\/sites\/2\/2025\/06\/Hz6xS0_J.jpg","type":"image\/jpeg"}],"author":"E-GRUPOCLAN","twitter_card":"summary_large_image","twitter_creator":"@clanespectok","twitter_site":"@clanespectok","twitter_misc":{"Escrito por":"E-GRUPOCLAN","Tiempo de lectura":"3 minutos"},"schema":{"@context":"https:\/\/schema.org","@graph":[{"@type":"Article","@id":"https:\/\/radioclanfm.com\/clanespectaculos\/por-que-l-gante-lleva-semanas-sin-ver-a-su-hija-jamaica-segun-el-abogado-de-tamara-baez\/#article","isPartOf":{"@id":"https:\/\/radioclanfm.com\/clanespectaculos\/por-que-l-gante-lleva-semanas-sin-ver-a-su-hija-jamaica-segun-el-abogado-de-tamara-baez\/"},"author":{"name":"E-GRUPOCLAN","@id":"https:\/\/radioclanfm.com\/clanespectaculos\/#\/schema\/person\/9734813083303230f3ad84d99171b20c"},"headline":"Por qu\u00e9 L-Gante lleva semanas sin ver a su hija Jamaica, seg\u00fan el abogado de Tamara B\u00e1ez","datePublished":"2025-06-06T09:53:29+00:00","mainEntityOfPage":{"@id":"https:\/\/radioclanfm.com\/clanespectaculos\/por-que-l-gante-lleva-semanas-sin-ver-a-su-hija-jamaica-segun-el-abogado-de-tamara-baez\/"},"wordCount":531,"commentCount":0,"publisher":{"@id":"https:\/\/radioclanfm.com\/clanespectaculos\/#organization"},"image":{"@id":"https:\/\/radioclanfm.com\/clanespectaculos\/por-que-l-gante-lleva-semanas-sin-ver-a-su-hija-jamaica-segun-el-abogado-de-tamara-baez\/#primaryimage"},"thumbnailUrl":"https:\/\/radioclanfm.com\/clanespectaculos\/wp-content\/uploads\/sites\/2\/2025\/06\/Hz6xS0_J.jpg","articleSection":["Espectaculos"],"inLanguage":"es-AR","potentialAction":[{"@type":"CommentAction","name":"Comment","target":["https:\/\/radioclanfm.com\/clanespectaculos\/por-que-l-gante-lleva-semanas-sin-ver-a-su-hija-jamaica-segun-el-abogado-de-tamara-baez\/#respond"]}]},{"@type":"WebPage","@id":"https:\/\/radioclanfm.com\/clanespectaculos\/por-que-l-gante-lleva-semanas-sin-ver-a-su-hija-jamaica-segun-el-abogado-de-tamara-baez\/","url":"https:\/\/radioclanfm.com\/clanespectaculos\/por-que-l-gante-lleva-semanas-sin-ver-a-su-hija-jamaica-segun-el-abogado-de-tamara-baez\/","name":"Por qu\u00e9 L-Gante lleva semanas sin ver a su hija Jamaica, seg\u00fan el abogado de Tamara B\u00e1ez - CLAN ESPECTACULOS","isPartOf":{"@id":"https:\/\/radioclanfm.com\/clanespectaculos\/#website"},"primaryImageOfPage":{"@id":"https:\/\/radioclanfm.com\/clanespectaculos\/por-que-l-gante-lleva-semanas-sin-ver-a-su-hija-jamaica-segun-el-abogado-de-tamara-baez\/#primaryimage"},"image":{"@id":"https:\/\/radioclanfm.com\/clanespectaculos\/por-que-l-gante-lleva-semanas-sin-ver-a-su-hija-jamaica-segun-el-abogado-de-tamara-baez\/#primaryimage"},"thumbnailUrl":"https:\/\/radioclanfm.com\/clanespectaculos\/wp-content\/uploads\/sites\/2\/2025\/06\/Hz6xS0_J.jpg","datePublished":"2025-06-06T09:53:29+00:00","breadcrumb":{"@id":"https:\/\/radioclanfm.com\/clanespectaculos\/por-que-l-gante-lleva-semanas-sin-ver-a-su-hija-jamaica-segun-el-abogado-de-tamara-baez\/#breadcrumb"},"inLanguage":"es-AR","potentialAction":[{"@type":"ReadAction","target":["https:\/\/radioclanfm.com\/clanespectaculos\/por-que-l-gante-lleva-semanas-sin-ver-a-su-hija-jamaica-segun-el-abogado-de-tamara-baez\/"]}]},{"@type":"ImageObject","inLanguage":"es-AR","@id":"https:\/\/radioclanfm.com\/clanespectaculos\/por-que-l-gante-lleva-semanas-sin-ver-a-su-hija-jamaica-segun-el-abogado-de-tamara-baez\/#primaryimage","url":"https:\/\/radioclanfm.com\/clanespectaculos\/wp-content\/uploads\/sites\/2\/2025\/06\/Hz6xS0_J.jpg","contentUrl":"https:\/\/radioclanfm.com\/clanespectaculos\/wp-content\/uploads\/sites\/2\/2025\/06\/Hz6xS0_J.jpg","width":900,"height":504},{"@type":"BreadcrumbList","@id":"https:\/\/radioclanfm.com\/clanespectaculos\/por-que-l-gante-lleva-semanas-sin-ver-a-su-hija-jamaica-segun-el-abogado-de-tamara-baez\/#breadcrumb","itemListElement":[{"@type":"ListItem","position":1,"name":"Inicio","item":"https:\/\/radioclanfm.com\/clanespectaculos\/"},{"@type":"ListItem","position":2,"name":"Por qu\u00e9 L-Gante lleva semanas sin ver a su hija Jamaica, seg\u00fan el abogado de Tamara B\u00e1ez"}]},{"@type":"WebSite","@id":"https:\/\/radioclanfm.com\/clanespectaculos\/#website","url":"https:\/\/radioclanfm.com\/clanespectaculos\/","name":"CLAN ESPECTACULOS","description":"","publisher":{"@id":"https:\/\/radioclanfm.com\/clanespectaculos\/#organization"},"potentialAction":[{"@type":"SearchAction","target":{"@type":"EntryPoint","urlTemplate":"https:\/\/radioclanfm.com\/clanespectaculos\/?s={search_term_string}"},"query-input":{"@type":"PropertyValueSpecification","valueRequired":true,"valueName":"search_term_string"}}],"inLanguage":"es-AR"},{"@type":"Organization","@id":"https:\/\/radioclanfm.com\/clanespectaculos\/#organization","name":"CLAN ESPECTACULOS","url":"https:\/\/radioclanfm.com\/clanespectaculos\/","logo":{"@type":"ImageObject","inLanguage":"es-AR","@id":"https:\/\/radioclanfm.com\/clanespectaculos\/#\/schema\/logo\/image\/","url":"https:\/\/radioclanfm.com\/clanespectaculos\/wp-content\/uploads\/sites\/2\/2026\/04\/ChatGPT-Image-23-mar-2026-10_09_00.png","contentUrl":"https:\/\/radioclanfm.com\/clanespectaculos\/wp-content\/uploads\/sites\/2\/2026\/04\/ChatGPT-Image-23-mar-2026-10_09_00.png","width":1024,"height":1024,"caption":"CLAN ESPECTACULOS"},"image":{"@id":"https:\/\/radioclanfm.com\/clanespectaculos\/#\/schema\/logo\/image\/"},"sameAs":["https:\/\/www.facebook.com\/clanespectaculos\/","https:\/\/x.com\/clanespectok"]},{"@type":"Person","@id":"https:\/\/radioclanfm.com\/clanespectaculos\/#\/schema\/person\/9734813083303230f3ad84d99171b20c","name":"E-GRUPOCLAN","image":{"@type":"ImageObject","inLanguage":"es-AR","@id":"https:\/\/secure.gravatar.com\/avatar\/af6e19837c3d6a212034a48c7b3818d2ac1826f6025df0155da5a186ad321d79?s=96&d=mm&r=g","url":"https:\/\/secure.gravatar.com\/avatar\/af6e19837c3d6a212034a48c7b3818d2ac1826f6025df0155da5a186ad321d79?s=96&d=mm&r=g","contentUrl":"https:\/\/secure.gravatar.com\/avatar\/af6e19837c3d6a212034a48c7b3818d2ac1826f6025df0155da5a186ad321d79?s=96&d=mm&r=g","caption":"E-GRUPOCLAN"},"sameAs":["https:\/\/radioclanfm.com"],"url":"https:\/\/radioclanfm.com\/clanespectaculos\/author\/admin\/"}]}},"_links":{"self":[{"href":"https:\/\/radioclanfm.com\/clanespectaculos\/wp-json\/wp\/v2\/posts\/1345","targetHints":{"allow":["GET"]}}],"collection":[{"href":"https:\/\/radioclanfm.com\/clanespectaculos\/wp-json\/wp\/v2\/posts"}],"about":[{"href":"https:\/\/radioclanfm.com\/clanespectaculos\/wp-json\/wp\/v2\/types\/post"}],"author":[{"embeddable":true,"href":"https:\/\/radioclanfm.com\/clanespectaculos\/wp-json\/wp\/v2\/users\/1"}],"replies":[{"embeddable":true,"href":"https:\/\/radioclanfm.com\/clanespectaculos\/wp-json\/wp\/v2\/comments?post=1345"}],"version-history":[{"count":1,"href":"https:\/\/radioclanfm.com\/clanespectaculos\/wp-json\/wp\/v2\/posts\/1345\/revisions"}],"predecessor-version":[{"id":1349,"href":"https:\/\/radioclanfm.com\/clanespectaculos\/wp-json\/wp\/v2\/posts\/1345\/revisions\/1349"}],"wp:featuredmedia":[{"embeddable":true,"href":"https:\/\/radioclanfm.com\/clanespectaculos\/wp-json\/wp\/v2\/media\/1348"}],"wp:attachment":[{"href":"https:\/\/radioclanfm.com\/clanespectaculos\/wp-json\/wp\/v2\/media?parent=1345"}],"wp:term":[{"taxonomy":"category","embeddable":true,"href":"https:\/\/radioclanfm.com\/clanespectaculos\/wp-json\/wp\/v2\/categories?post=1345"},{"taxonomy":"post_tag","embeddable":true,"href":"https:\/\/radioclanfm.com\/clanespectaculos\/wp-json\/wp\/v2\/tags?post=1345"}],"curies":[{"name":"wp","href":"https:\/\/api.w.org\/{rel}","templated":true}]}}