{"id":1334,"date":"2025-06-03T23:43:50","date_gmt":"2025-06-04T02:43:50","guid":{"rendered":"https:\/\/radioclanfm.com\/clanespectaculos\/?p=1334"},"modified":"2025-06-03T23:43:50","modified_gmt":"2025-06-04T02:43:50","slug":"por-que-juana-repetto-decidio-volver-a-vivir-a-lo-de-su-mama-tras-su-separacion","status":"publish","type":"post","link":"https:\/\/radioclanfm.com\/clanespectaculos\/por-que-juana-repetto-decidio-volver-a-vivir-a-lo-de-su-mama-tras-su-separacion\/","title":{"rendered":"Por qu\u00e9 Juana Repetto decidi\u00f3 volver a vivir a lo de su mam\u00e1 tras su separaci\u00f3n"},"content":{"rendered":"<p>La actriz cont\u00f3 en el programa &#8220;Almorzando con Juana&#8221; que, mientras termina de construir su casa, est\u00e1 viviendo junto a su mam\u00e1.<\/p>\n<p>Este domingo, Juana Repetto visit\u00f3 el programa &#8220;Almorzando con Juana&#8221;, que conduce Juana Viale por El Trece, en donde\u00a0<strong>cont\u00f3 que, tras su separaci\u00f3n de\u00a0Sebasti\u00e1n Graviotto<\/strong>, que fue a principios de abril;\u00a0<strong>se mud\u00f3 por un tiempo con su mam\u00e1, Reina Reech<\/strong>.<\/p>\n<p>&#8220;Estoy bien, transitando un momento, pero bien&#8221;, comenz\u00f3 la actriz, a lo que Solita Silveyra le pregunt\u00f3 por su ruptura y Repetto agreg\u00f3: &#8220;<strong>Estuvimos 6 a\u00f1os y ahora me estoy mudando a lo de mi mam\u00e1 porque no termin\u00e9 mi casa<\/strong>&#8220;, expres\u00f3.<\/p>\n<div class=\"mt-box \">\n<h4 class=\"mt-heading\"><\/h4>\n<div class=\"mt-content\">\n<div class=\"mt-image-container\"><img decoding=\"async\" class=\"mt-image\" src=\"https:\/\/www.parati.com.ar\/wp-content\/uploads\/2025\/05\/PLANTILLA-PORTADA-2025-05-26T184355.450-545x415.jpg\" alt=\"La emotiva despedida de Juana Repetto de la casa que compart\u00edan con Sebasti\u00e1n Graviotto\" \/><\/div>\n<h5 class=\"mt-title\">La emotiva despedida de Juana Repetto de la casa que compart\u00edan con Sebasti\u00e1n Graviotto<\/h5>\n<\/div>\n<\/div>\n<p>&#8220;<strong>Me fui muy chica de lo de mi mam\u00e1, a los 17, pero fui volviendo muchas veces. Cuando naci\u00f3 Toro, volv\u00ed con \u00e9l<\/strong>&#8220;, record\u00f3 la artista. Por lo que, Juana explic\u00f3 que no es la primera vez que regresa a la casa de su madre, aunque s\u00f3lo es por un tiempo, ya que es hasta que termine de construir su propio hogar.<\/p>\n<h2 class=\"wp-block-heading\">Juana Repetto revel\u00f3 qu\u00e9 har\u00e1 con la casa que estaba construyendo, tras su separaci\u00f3n de Sebasti\u00e1n Graviotto<\/h2>\n<p>La separaci\u00f3n de\u00a0<strong>Juana Repetto<\/strong>\u00a0y\u00a0<strong>Sebasti\u00e1n Graviotto<\/strong>, padre de\u00a0<strong>Belisario<\/strong>, tom\u00f3 por sorpresa al mundo del espect\u00e1culo. Si bien en varias oportunidades la hija de\u00a0<strong>Reina Reech<\/strong>\u00a0hab\u00eda enfrentado rumores de divorcio, esa vez fueron confirmados por los protagonistas.<\/p>\n<p>En medio de esta noticia, muchos seguidores se preguntaron\u00a0qu\u00e9 suceder\u00e1 con la casa que est\u00e1 en construcci\u00f3n y a la que se iba a mudar la familia. Por medio de sus redes sociales, la actriz anticip\u00f3 que los planes de este hogar no se frenar\u00e1n y seguir\u00e1n su curso.<\/p>\n<div class=\"mt-box \">\n<h4 class=\"mt-heading\">Mir\u00e1 Tambi\u00e9n<\/h4>\n<div class=\"mt-content\">\n<div class=\"mt-image-container\"><img decoding=\"async\" class=\"mt-image\" src=\"https:\/\/www.parati.com.ar\/wp-content\/uploads\/2025\/04\/PLANTILLA-PORTADA-2025-04-15T194156.701-545x415.jpg\" alt=\"Juana Repetto revel\u00f3 qu\u00e9 har\u00e1 con la casa que estaba construyendo, tras su separaci\u00f3n de Sebasti\u00e1n Graviotto\" \/><\/div>\n<h5 class=\"mt-title\">Juana Repetto revel\u00f3 qu\u00e9 har\u00e1 con la casa que estaba construyendo, tras su separaci\u00f3n de Sebasti\u00e1n Graviotto<\/h5>\n<\/div>\n<\/div>\n<p>&#8220;<em>Sigo yo con el proyecto, nos vamos a mudar los chicos y yo<\/em>&#8220;, cont\u00f3 por medio de Instagram. Si bien por la separaci\u00f3n, ella hab\u00eda decidido no seguir compartiendo los avances de la vivienda debe continuar por una cuesti\u00f3n de canjes y compromisos con varias marcas.<\/p>\n<p>En este sentido, destac\u00f3: &#8220;<em>Por cuesti\u00f3n de respeto, me parec\u00eda que no era momento de estar compartiendo ciertas cuestiones de la casa<\/em>&#8230;<em>Tengo compromisos con algunas empresas con las que estoy laburando,\u00a0as\u00ed que voy a seguir compartiendo con ustedes porque lo hago desde el d\u00eda cero<\/em>&#8220;.<\/p>\n","protected":false},"excerpt":{"rendered":"<p>La actriz cont\u00f3 en el programa &#8220;Almorzando con Juana&#8221; que, mientras termina de construir su casa, est\u00e1 viviendo junto a su mam\u00e1. Este domingo, Juana Repetto visit\u00f3 el programa &#8220;Almorzando con Juana&#8221;, que conduce Juana Viale por El Trece, en donde\u00a0cont\u00f3 que, tras su separaci\u00f3n de\u00a0Sebasti\u00e1n Graviotto, que fue a principios de abril;\u00a0se mud\u00f3 por [&hellip;]<\/p>\n","protected":false},"author":1,"featured_media":1337,"comment_status":"open","ping_status":"open","sticky":false,"template":"","format":"standard","meta":{"rop_custom_images_group":[],"rop_custom_messages_group":[],"rop_publish_now":"initial","rop_publish_now_accounts":[],"rop_publish_now_history":[],"rop_publish_now_status":"pending","footnotes":"","jetpack_publicize_message":"","jetpack_publicize_feature_enabled":true,"jetpack_social_post_already_shared":true,"jetpack_social_options":{"image_generator_settings":{"template":"highway","enabled":false},"version":2}},"categories":[12],"tags":[],"class_list":{"0":"post-1334","1":"post","2":"type-post","3":"status-publish","4":"format-standard","5":"has-post-thumbnail","7":"category-espectaculos"},"jetpack_publicize_connections":[],"yoast_head":"<!-- This site is optimized with the Yoast SEO plugin v27.3 - https:\/\/yoast.com\/product\/yoast-seo-wordpress\/ -->\n<title>Por qu\u00e9 Juana Repetto decidi\u00f3 volver a vivir a lo de su mam\u00e1 tras su separaci\u00f3n - CLAN ESPECTACULOS<\/title>\n<meta name=\"robots\" content=\"index, follow, max-snippet:-1, max-image-preview:large, max-video-preview:-1\" \/>\n<link rel=\"canonical\" href=\"https:\/\/radioclanfm.com\/clanespectaculos\/por-que-juana-repetto-decidio-volver-a-vivir-a-lo-de-su-mama-tras-su-separacion\/\" \/>\n<meta property=\"og:locale\" content=\"es_ES\" \/>\n<meta property=\"og:type\" content=\"article\" \/>\n<meta property=\"og:title\" content=\"Por qu\u00e9 Juana Repetto decidi\u00f3 volver a vivir a lo de su mam\u00e1 tras su separaci\u00f3n - CLAN ESPECTACULOS\" \/>\n<meta property=\"og:description\" content=\"La actriz cont\u00f3 en el programa &#8220;Almorzando con Juana&#8221; que, mientras termina de construir su casa, est\u00e1 viviendo junto a su mam\u00e1. Este domingo, Juana Repetto visit\u00f3 el programa &#8220;Almorzando con Juana&#8221;, que conduce Juana Viale por El Trece, en donde\u00a0cont\u00f3 que, tras su separaci\u00f3n de\u00a0Sebasti\u00e1n Graviotto, que fue a principios de abril;\u00a0se mud\u00f3 por [&hellip;]\" \/>\n<meta property=\"og:url\" content=\"https:\/\/radioclanfm.com\/clanespectaculos\/por-que-juana-repetto-decidio-volver-a-vivir-a-lo-de-su-mama-tras-su-separacion\/\" \/>\n<meta property=\"og:site_name\" content=\"CLAN ESPECTACULOS\" \/>\n<meta property=\"article:publisher\" content=\"https:\/\/www.facebook.com\/clanespectaculos\/\" \/>\n<meta property=\"article:published_time\" content=\"2025-06-04T02:43:50+00:00\" \/>\n<meta property=\"og:image\" content=\"https:\/\/radioclanfm.com\/clanespectaculos\/wp-content\/uploads\/sites\/2\/2025\/06\/6KceDezO.jpg\" \/>\n\t<meta property=\"og:image:width\" content=\"940\" \/>\n\t<meta property=\"og:image:height\" content=\"491\" \/>\n\t<meta property=\"og:image:type\" content=\"image\/jpeg\" \/>\n<meta name=\"author\" content=\"E-GRUPOCLAN\" \/>\n<meta name=\"twitter:card\" content=\"summary_large_image\" \/>\n<meta name=\"twitter:creator\" content=\"@clanespectok\" \/>\n<meta name=\"twitter:site\" content=\"@clanespectok\" \/>\n<meta name=\"twitter:label1\" content=\"Escrito por\" \/>\n\t<meta name=\"twitter:data1\" content=\"E-GRUPOCLAN\" \/>\n\t<meta name=\"twitter:label2\" content=\"Tiempo de lectura\" \/>\n\t<meta name=\"twitter:data2\" content=\"2 minutos\" \/>\n<script type=\"application\/ld+json\" class=\"yoast-schema-graph\">{\"@context\":\"https:\\\/\\\/schema.org\",\"@graph\":[{\"@type\":\"Article\",\"@id\":\"https:\\\/\\\/radioclanfm.com\\\/clanespectaculos\\\/por-que-juana-repetto-decidio-volver-a-vivir-a-lo-de-su-mama-tras-su-separacion\\\/#article\",\"isPartOf\":{\"@id\":\"https:\\\/\\\/radioclanfm.com\\\/clanespectaculos\\\/por-que-juana-repetto-decidio-volver-a-vivir-a-lo-de-su-mama-tras-su-separacion\\\/\"},\"author\":{\"name\":\"E-GRUPOCLAN\",\"@id\":\"https:\\\/\\\/radioclanfm.com\\\/clanespectaculos\\\/#\\\/schema\\\/person\\\/9734813083303230f3ad84d99171b20c\"},\"headline\":\"Por qu\u00e9 Juana Repetto decidi\u00f3 volver a vivir a lo de su mam\u00e1 tras su separaci\u00f3n\",\"datePublished\":\"2025-06-04T02:43:50+00:00\",\"mainEntityOfPage\":{\"@id\":\"https:\\\/\\\/radioclanfm.com\\\/clanespectaculos\\\/por-que-juana-repetto-decidio-volver-a-vivir-a-lo-de-su-mama-tras-su-separacion\\\/\"},\"wordCount\":441,\"commentCount\":0,\"publisher\":{\"@id\":\"https:\\\/\\\/radioclanfm.com\\\/clanespectaculos\\\/#organization\"},\"image\":{\"@id\":\"https:\\\/\\\/radioclanfm.com\\\/clanespectaculos\\\/por-que-juana-repetto-decidio-volver-a-vivir-a-lo-de-su-mama-tras-su-separacion\\\/#primaryimage\"},\"thumbnailUrl\":\"https:\\\/\\\/radioclanfm.com\\\/clanespectaculos\\\/wp-content\\\/uploads\\\/sites\\\/2\\\/2025\\\/06\\\/6KceDezO.jpg\",\"articleSection\":[\"Espectaculos\"],\"inLanguage\":\"es-AR\",\"potentialAction\":[{\"@type\":\"CommentAction\",\"name\":\"Comment\",\"target\":[\"https:\\\/\\\/radioclanfm.com\\\/clanespectaculos\\\/por-que-juana-repetto-decidio-volver-a-vivir-a-lo-de-su-mama-tras-su-separacion\\\/#respond\"]}]},{\"@type\":\"WebPage\",\"@id\":\"https:\\\/\\\/radioclanfm.com\\\/clanespectaculos\\\/por-que-juana-repetto-decidio-volver-a-vivir-a-lo-de-su-mama-tras-su-separacion\\\/\",\"url\":\"https:\\\/\\\/radioclanfm.com\\\/clanespectaculos\\\/por-que-juana-repetto-decidio-volver-a-vivir-a-lo-de-su-mama-tras-su-separacion\\\/\",\"name\":\"Por qu\u00e9 Juana Repetto decidi\u00f3 volver a vivir a lo de su mam\u00e1 tras su separaci\u00f3n - CLAN ESPECTACULOS\",\"isPartOf\":{\"@id\":\"https:\\\/\\\/radioclanfm.com\\\/clanespectaculos\\\/#website\"},\"primaryImageOfPage\":{\"@id\":\"https:\\\/\\\/radioclanfm.com\\\/clanespectaculos\\\/por-que-juana-repetto-decidio-volver-a-vivir-a-lo-de-su-mama-tras-su-separacion\\\/#primaryimage\"},\"image\":{\"@id\":\"https:\\\/\\\/radioclanfm.com\\\/clanespectaculos\\\/por-que-juana-repetto-decidio-volver-a-vivir-a-lo-de-su-mama-tras-su-separacion\\\/#primaryimage\"},\"thumbnailUrl\":\"https:\\\/\\\/radioclanfm.com\\\/clanespectaculos\\\/wp-content\\\/uploads\\\/sites\\\/2\\\/2025\\\/06\\\/6KceDezO.jpg\",\"datePublished\":\"2025-06-04T02:43:50+00:00\",\"breadcrumb\":{\"@id\":\"https:\\\/\\\/radioclanfm.com\\\/clanespectaculos\\\/por-que-juana-repetto-decidio-volver-a-vivir-a-lo-de-su-mama-tras-su-separacion\\\/#breadcrumb\"},\"inLanguage\":\"es-AR\",\"potentialAction\":[{\"@type\":\"ReadAction\",\"target\":[\"https:\\\/\\\/radioclanfm.com\\\/clanespectaculos\\\/por-que-juana-repetto-decidio-volver-a-vivir-a-lo-de-su-mama-tras-su-separacion\\\/\"]}]},{\"@type\":\"ImageObject\",\"inLanguage\":\"es-AR\",\"@id\":\"https:\\\/\\\/radioclanfm.com\\\/clanespectaculos\\\/por-que-juana-repetto-decidio-volver-a-vivir-a-lo-de-su-mama-tras-su-separacion\\\/#primaryimage\",\"url\":\"https:\\\/\\\/radioclanfm.com\\\/clanespectaculos\\\/wp-content\\\/uploads\\\/sites\\\/2\\\/2025\\\/06\\\/6KceDezO.jpg\",\"contentUrl\":\"https:\\\/\\\/radioclanfm.com\\\/clanespectaculos\\\/wp-content\\\/uploads\\\/sites\\\/2\\\/2025\\\/06\\\/6KceDezO.jpg\",\"width\":940,\"height\":491},{\"@type\":\"BreadcrumbList\",\"@id\":\"https:\\\/\\\/radioclanfm.com\\\/clanespectaculos\\\/por-que-juana-repetto-decidio-volver-a-vivir-a-lo-de-su-mama-tras-su-separacion\\\/#breadcrumb\",\"itemListElement\":[{\"@type\":\"ListItem\",\"position\":1,\"name\":\"Inicio\",\"item\":\"https:\\\/\\\/radioclanfm.com\\\/clanespectaculos\\\/\"},{\"@type\":\"ListItem\",\"position\":2,\"name\":\"Por qu\u00e9 Juana Repetto decidi\u00f3 volver a vivir a lo de su mam\u00e1 tras su separaci\u00f3n\"}]},{\"@type\":\"WebSite\",\"@id\":\"https:\\\/\\\/radioclanfm.com\\\/clanespectaculos\\\/#website\",\"url\":\"https:\\\/\\\/radioclanfm.com\\\/clanespectaculos\\\/\",\"name\":\"CLAN ESPECTACULOS\",\"description\":\"\",\"publisher\":{\"@id\":\"https:\\\/\\\/radioclanfm.com\\\/clanespectaculos\\\/#organization\"},\"potentialAction\":[{\"@type\":\"SearchAction\",\"target\":{\"@type\":\"EntryPoint\",\"urlTemplate\":\"https:\\\/\\\/radioclanfm.com\\\/clanespectaculos\\\/?s={search_term_string}\"},\"query-input\":{\"@type\":\"PropertyValueSpecification\",\"valueRequired\":true,\"valueName\":\"search_term_string\"}}],\"inLanguage\":\"es-AR\"},{\"@type\":\"Organization\",\"@id\":\"https:\\\/\\\/radioclanfm.com\\\/clanespectaculos\\\/#organization\",\"name\":\"CLAN ESPECTACULOS\",\"url\":\"https:\\\/\\\/radioclanfm.com\\\/clanespectaculos\\\/\",\"logo\":{\"@type\":\"ImageObject\",\"inLanguage\":\"es-AR\",\"@id\":\"https:\\\/\\\/radioclanfm.com\\\/clanespectaculos\\\/#\\\/schema\\\/logo\\\/image\\\/\",\"url\":\"https:\\\/\\\/radioclanfm.com\\\/clanespectaculos\\\/wp-content\\\/uploads\\\/sites\\\/2\\\/2026\\\/04\\\/ChatGPT-Image-23-mar-2026-10_09_00.png\",\"contentUrl\":\"https:\\\/\\\/radioclanfm.com\\\/clanespectaculos\\\/wp-content\\\/uploads\\\/sites\\\/2\\\/2026\\\/04\\\/ChatGPT-Image-23-mar-2026-10_09_00.png\",\"width\":1024,\"height\":1024,\"caption\":\"CLAN ESPECTACULOS\"},\"image\":{\"@id\":\"https:\\\/\\\/radioclanfm.com\\\/clanespectaculos\\\/#\\\/schema\\\/logo\\\/image\\\/\"},\"sameAs\":[\"https:\\\/\\\/www.facebook.com\\\/clanespectaculos\\\/\",\"https:\\\/\\\/x.com\\\/clanespectok\"]},{\"@type\":\"Person\",\"@id\":\"https:\\\/\\\/radioclanfm.com\\\/clanespectaculos\\\/#\\\/schema\\\/person\\\/9734813083303230f3ad84d99171b20c\",\"name\":\"E-GRUPOCLAN\",\"image\":{\"@type\":\"ImageObject\",\"inLanguage\":\"es-AR\",\"@id\":\"https:\\\/\\\/secure.gravatar.com\\\/avatar\\\/af6e19837c3d6a212034a48c7b3818d2ac1826f6025df0155da5a186ad321d79?s=96&d=mm&r=g\",\"url\":\"https:\\\/\\\/secure.gravatar.com\\\/avatar\\\/af6e19837c3d6a212034a48c7b3818d2ac1826f6025df0155da5a186ad321d79?s=96&d=mm&r=g\",\"contentUrl\":\"https:\\\/\\\/secure.gravatar.com\\\/avatar\\\/af6e19837c3d6a212034a48c7b3818d2ac1826f6025df0155da5a186ad321d79?s=96&d=mm&r=g\",\"caption\":\"E-GRUPOCLAN\"},\"sameAs\":[\"https:\\\/\\\/radioclanfm.com\"],\"url\":\"https:\\\/\\\/radioclanfm.com\\\/clanespectaculos\\\/author\\\/admin\\\/\"}]}<\/script>\n<!-- \/ Yoast SEO plugin. -->","yoast_head_json":{"title":"Por qu\u00e9 Juana Repetto decidi\u00f3 volver a vivir a lo de su mam\u00e1 tras su separaci\u00f3n - CLAN ESPECTACULOS","robots":{"index":"index","follow":"follow","max-snippet":"max-snippet:-1","max-image-preview":"max-image-preview:large","max-video-preview":"max-video-preview:-1"},"canonical":"https:\/\/radioclanfm.com\/clanespectaculos\/por-que-juana-repetto-decidio-volver-a-vivir-a-lo-de-su-mama-tras-su-separacion\/","og_locale":"es_ES","og_type":"article","og_title":"Por qu\u00e9 Juana Repetto decidi\u00f3 volver a vivir a lo de su mam\u00e1 tras su separaci\u00f3n - CLAN ESPECTACULOS","og_description":"La actriz cont\u00f3 en el programa &#8220;Almorzando con Juana&#8221; que, mientras termina de construir su casa, est\u00e1 viviendo junto a su mam\u00e1. Este domingo, Juana Repetto visit\u00f3 el programa &#8220;Almorzando con Juana&#8221;, que conduce Juana Viale por El Trece, en donde\u00a0cont\u00f3 que, tras su separaci\u00f3n de\u00a0Sebasti\u00e1n Graviotto, que fue a principios de abril;\u00a0se mud\u00f3 por [&hellip;]","og_url":"https:\/\/radioclanfm.com\/clanespectaculos\/por-que-juana-repetto-decidio-volver-a-vivir-a-lo-de-su-mama-tras-su-separacion\/","og_site_name":"CLAN ESPECTACULOS","article_publisher":"https:\/\/www.facebook.com\/clanespectaculos\/","article_published_time":"2025-06-04T02:43:50+00:00","og_image":[{"width":940,"height":491,"url":"https:\/\/radioclanfm.com\/clanespectaculos\/wp-content\/uploads\/sites\/2\/2025\/06\/6KceDezO.jpg","type":"image\/jpeg"}],"author":"E-GRUPOCLAN","twitter_card":"summary_large_image","twitter_creator":"@clanespectok","twitter_site":"@clanespectok","twitter_misc":{"Escrito por":"E-GRUPOCLAN","Tiempo de lectura":"2 minutos"},"schema":{"@context":"https:\/\/schema.org","@graph":[{"@type":"Article","@id":"https:\/\/radioclanfm.com\/clanespectaculos\/por-que-juana-repetto-decidio-volver-a-vivir-a-lo-de-su-mama-tras-su-separacion\/#article","isPartOf":{"@id":"https:\/\/radioclanfm.com\/clanespectaculos\/por-que-juana-repetto-decidio-volver-a-vivir-a-lo-de-su-mama-tras-su-separacion\/"},"author":{"name":"E-GRUPOCLAN","@id":"https:\/\/radioclanfm.com\/clanespectaculos\/#\/schema\/person\/9734813083303230f3ad84d99171b20c"},"headline":"Por qu\u00e9 Juana Repetto decidi\u00f3 volver a vivir a lo de su mam\u00e1 tras su separaci\u00f3n","datePublished":"2025-06-04T02:43:50+00:00","mainEntityOfPage":{"@id":"https:\/\/radioclanfm.com\/clanespectaculos\/por-que-juana-repetto-decidio-volver-a-vivir-a-lo-de-su-mama-tras-su-separacion\/"},"wordCount":441,"commentCount":0,"publisher":{"@id":"https:\/\/radioclanfm.com\/clanespectaculos\/#organization"},"image":{"@id":"https:\/\/radioclanfm.com\/clanespectaculos\/por-que-juana-repetto-decidio-volver-a-vivir-a-lo-de-su-mama-tras-su-separacion\/#primaryimage"},"thumbnailUrl":"https:\/\/radioclanfm.com\/clanespectaculos\/wp-content\/uploads\/sites\/2\/2025\/06\/6KceDezO.jpg","articleSection":["Espectaculos"],"inLanguage":"es-AR","potentialAction":[{"@type":"CommentAction","name":"Comment","target":["https:\/\/radioclanfm.com\/clanespectaculos\/por-que-juana-repetto-decidio-volver-a-vivir-a-lo-de-su-mama-tras-su-separacion\/#respond"]}]},{"@type":"WebPage","@id":"https:\/\/radioclanfm.com\/clanespectaculos\/por-que-juana-repetto-decidio-volver-a-vivir-a-lo-de-su-mama-tras-su-separacion\/","url":"https:\/\/radioclanfm.com\/clanespectaculos\/por-que-juana-repetto-decidio-volver-a-vivir-a-lo-de-su-mama-tras-su-separacion\/","name":"Por qu\u00e9 Juana Repetto decidi\u00f3 volver a vivir a lo de su mam\u00e1 tras su separaci\u00f3n - CLAN ESPECTACULOS","isPartOf":{"@id":"https:\/\/radioclanfm.com\/clanespectaculos\/#website"},"primaryImageOfPage":{"@id":"https:\/\/radioclanfm.com\/clanespectaculos\/por-que-juana-repetto-decidio-volver-a-vivir-a-lo-de-su-mama-tras-su-separacion\/#primaryimage"},"image":{"@id":"https:\/\/radioclanfm.com\/clanespectaculos\/por-que-juana-repetto-decidio-volver-a-vivir-a-lo-de-su-mama-tras-su-separacion\/#primaryimage"},"thumbnailUrl":"https:\/\/radioclanfm.com\/clanespectaculos\/wp-content\/uploads\/sites\/2\/2025\/06\/6KceDezO.jpg","datePublished":"2025-06-04T02:43:50+00:00","breadcrumb":{"@id":"https:\/\/radioclanfm.com\/clanespectaculos\/por-que-juana-repetto-decidio-volver-a-vivir-a-lo-de-su-mama-tras-su-separacion\/#breadcrumb"},"inLanguage":"es-AR","potentialAction":[{"@type":"ReadAction","target":["https:\/\/radioclanfm.com\/clanespectaculos\/por-que-juana-repetto-decidio-volver-a-vivir-a-lo-de-su-mama-tras-su-separacion\/"]}]},{"@type":"ImageObject","inLanguage":"es-AR","@id":"https:\/\/radioclanfm.com\/clanespectaculos\/por-que-juana-repetto-decidio-volver-a-vivir-a-lo-de-su-mama-tras-su-separacion\/#primaryimage","url":"https:\/\/radioclanfm.com\/clanespectaculos\/wp-content\/uploads\/sites\/2\/2025\/06\/6KceDezO.jpg","contentUrl":"https:\/\/radioclanfm.com\/clanespectaculos\/wp-content\/uploads\/sites\/2\/2025\/06\/6KceDezO.jpg","width":940,"height":491},{"@type":"BreadcrumbList","@id":"https:\/\/radioclanfm.com\/clanespectaculos\/por-que-juana-repetto-decidio-volver-a-vivir-a-lo-de-su-mama-tras-su-separacion\/#breadcrumb","itemListElement":[{"@type":"ListItem","position":1,"name":"Inicio","item":"https:\/\/radioclanfm.com\/clanespectaculos\/"},{"@type":"ListItem","position":2,"name":"Por qu\u00e9 Juana Repetto decidi\u00f3 volver a vivir a lo de su mam\u00e1 tras su separaci\u00f3n"}]},{"@type":"WebSite","@id":"https:\/\/radioclanfm.com\/clanespectaculos\/#website","url":"https:\/\/radioclanfm.com\/clanespectaculos\/","name":"CLAN ESPECTACULOS","description":"","publisher":{"@id":"https:\/\/radioclanfm.com\/clanespectaculos\/#organization"},"potentialAction":[{"@type":"SearchAction","target":{"@type":"EntryPoint","urlTemplate":"https:\/\/radioclanfm.com\/clanespectaculos\/?s={search_term_string}"},"query-input":{"@type":"PropertyValueSpecification","valueRequired":true,"valueName":"search_term_string"}}],"inLanguage":"es-AR"},{"@type":"Organization","@id":"https:\/\/radioclanfm.com\/clanespectaculos\/#organization","name":"CLAN ESPECTACULOS","url":"https:\/\/radioclanfm.com\/clanespectaculos\/","logo":{"@type":"ImageObject","inLanguage":"es-AR","@id":"https:\/\/radioclanfm.com\/clanespectaculos\/#\/schema\/logo\/image\/","url":"https:\/\/radioclanfm.com\/clanespectaculos\/wp-content\/uploads\/sites\/2\/2026\/04\/ChatGPT-Image-23-mar-2026-10_09_00.png","contentUrl":"https:\/\/radioclanfm.com\/clanespectaculos\/wp-content\/uploads\/sites\/2\/2026\/04\/ChatGPT-Image-23-mar-2026-10_09_00.png","width":1024,"height":1024,"caption":"CLAN ESPECTACULOS"},"image":{"@id":"https:\/\/radioclanfm.com\/clanespectaculos\/#\/schema\/logo\/image\/"},"sameAs":["https:\/\/www.facebook.com\/clanespectaculos\/","https:\/\/x.com\/clanespectok"]},{"@type":"Person","@id":"https:\/\/radioclanfm.com\/clanespectaculos\/#\/schema\/person\/9734813083303230f3ad84d99171b20c","name":"E-GRUPOCLAN","image":{"@type":"ImageObject","inLanguage":"es-AR","@id":"https:\/\/secure.gravatar.com\/avatar\/af6e19837c3d6a212034a48c7b3818d2ac1826f6025df0155da5a186ad321d79?s=96&d=mm&r=g","url":"https:\/\/secure.gravatar.com\/avatar\/af6e19837c3d6a212034a48c7b3818d2ac1826f6025df0155da5a186ad321d79?s=96&d=mm&r=g","contentUrl":"https:\/\/secure.gravatar.com\/avatar\/af6e19837c3d6a212034a48c7b3818d2ac1826f6025df0155da5a186ad321d79?s=96&d=mm&r=g","caption":"E-GRUPOCLAN"},"sameAs":["https:\/\/radioclanfm.com"],"url":"https:\/\/radioclanfm.com\/clanespectaculos\/author\/admin\/"}]}},"_links":{"self":[{"href":"https:\/\/radioclanfm.com\/clanespectaculos\/wp-json\/wp\/v2\/posts\/1334","targetHints":{"allow":["GET"]}}],"collection":[{"href":"https:\/\/radioclanfm.com\/clanespectaculos\/wp-json\/wp\/v2\/posts"}],"about":[{"href":"https:\/\/radioclanfm.com\/clanespectaculos\/wp-json\/wp\/v2\/types\/post"}],"author":[{"embeddable":true,"href":"https:\/\/radioclanfm.com\/clanespectaculos\/wp-json\/wp\/v2\/users\/1"}],"replies":[{"embeddable":true,"href":"https:\/\/radioclanfm.com\/clanespectaculos\/wp-json\/wp\/v2\/comments?post=1334"}],"version-history":[{"count":1,"href":"https:\/\/radioclanfm.com\/clanespectaculos\/wp-json\/wp\/v2\/posts\/1334\/revisions"}],"predecessor-version":[{"id":1338,"href":"https:\/\/radioclanfm.com\/clanespectaculos\/wp-json\/wp\/v2\/posts\/1334\/revisions\/1338"}],"wp:featuredmedia":[{"embeddable":true,"href":"https:\/\/radioclanfm.com\/clanespectaculos\/wp-json\/wp\/v2\/media\/1337"}],"wp:attachment":[{"href":"https:\/\/radioclanfm.com\/clanespectaculos\/wp-json\/wp\/v2\/media?parent=1334"}],"wp:term":[{"taxonomy":"category","embeddable":true,"href":"https:\/\/radioclanfm.com\/clanespectaculos\/wp-json\/wp\/v2\/categories?post=1334"},{"taxonomy":"post_tag","embeddable":true,"href":"https:\/\/radioclanfm.com\/clanespectaculos\/wp-json\/wp\/v2\/tags?post=1334"}],"curies":[{"name":"wp","href":"https:\/\/api.w.org\/{rel}","templated":true}]}}