{"id":1329,"date":"2025-06-03T23:41:08","date_gmt":"2025-06-04T02:41:08","guid":{"rendered":"https:\/\/radioclanfm.com\/clanespectaculos\/?p=1329"},"modified":"2025-06-03T23:41:08","modified_gmt":"2025-06-04T02:41:08","slug":"ingrid-grudke-fue-denunciada-por-su-ex-tras-un-episodio-en-el-gimnasio-que-compartian-que-hay-detras-del-conflicto","status":"publish","type":"post","link":"https:\/\/radioclanfm.com\/clanespectaculos\/ingrid-grudke-fue-denunciada-por-su-ex-tras-un-episodio-en-el-gimnasio-que-compartian-que-hay-detras-del-conflicto\/","title":{"rendered":"Ingrid Grudke fue denunciada por su ex tras un episodio en el gimnasio que compart\u00edan: qu\u00e9 hay detr\u00e1s del conflicto"},"content":{"rendered":"<p>La modelo fue acusada por su ex marido de causar da\u00f1os en un gimnasio. Qu\u00e9 respondi\u00f3 ella, c\u00f3mo se vincula la marca de suplementos que representa y qu\u00e9 se sabe del conflicto legal que enfrenta.<\/p>\n<p>En las \u00faltimas horas,\u00a0Ingrid Grudke\u00a0se ubic\u00f3 en el centro de la escena medi\u00e1tica luego de que se\u00a0<strong>viralizara un video donde se la ve retirando elementos de un gimnasio<\/strong>. La escena fue comentada al aire en\u00a0<em>El noticiero de la gente<\/em>\u00a0(Telefe), donde los periodistas\u00a0<strong>Paulo Kablan, Germ\u00e1n Paoloski y Milva Castellini\u00a0<\/strong>analizaron el caso.<\/p>\n<div id=\"teads_div\" class=\"ERROR-NO-CLASS\"><\/div>\n<div class=\"mt-box \">\n<div class=\"mt-content\">\n<div class=\"mt-image-container\"><img decoding=\"async\" class=\"mt-image\" src=\"https:\/\/www.parati.com.ar\/wp-content\/uploads\/2025\/01\/PLANTILLA-PORTADA-2025-01-20T172225.048-545x415.jpg\" alt=\"La fuerte revelaci\u00f3n de Ingrid Grudke sobre Santiago, su sobrino, y la infidelidad de su ex pareja\" \/><\/div>\n<h5 class=\"mt-title\">La fuerte revelaci\u00f3n de Ingrid Grudke sobre Santiago, su sobrino, y la infidelidad de su ex pareja<\/h5>\n<\/div>\n<\/div>\n<p>Seg\u00fan explic\u00f3 Kablan, Luis Colantonio, quien se presenta como\u00a0<strong>due\u00f1o del gimnasio, realiz\u00f3 una denuncia formal\u00a0<\/strong>en una comisar\u00eda,<strong>\u00a0asegurando que la modelo caus\u00f3 da\u00f1os en el lugar y se llev\u00f3 elementos como colchonetas y carteles<\/strong>\u00a0con el logo de una marca de suplementos. A ra\u00edz de esta denuncia, el juez que interviene en la causa le impuso a Grudke una medida de restricci\u00f3n de acercamiento al establecimiento y qued\u00f3 imputada por el delito de da\u00f1os, al menos en una primera instancia.<\/p>\n<div id=\"ad-slot-video_outstream\" class=\"ad-slot-video_outstream ad-slot\" data-adtype=\"video_outstream\" data-google-query-id=\"COCYrdLe1o0DFWJY3QIdyAksQg\"><\/div>\n<h2 class=\"wp-block-heading\">Qu\u00e9 dijo Ingrid Grudke<\/h2>\n<p>Consultada por la producci\u00f3n del noticiero,<strong>\u00a0Ingrid Grudke aclar\u00f3 que sigue siendo socia del gimnasio y garante del alquiler del local, aunque ya no participa en su gesti\u00f3n.\u00a0<\/strong>Adem\u00e1s, detall\u00f3 que\u00a0<strong>su accionar se limit\u00f3 a retirar carteler\u00eda y fundas de colchonetas pertenecientes a una marca de suplementos con la que ella contin\u00faa trabajando,<\/strong> pero que decidi\u00f3 desvincularse del gimnasio tras su separaci\u00f3n.<\/p>\n<div class=\"AV66db1bee039c9cb3e60711e7\">\n<div id=\"aniBox\">\n<div id=\"aniplayer_AV66db1bee039c9cb3e60711e7-1749004810739\">\n<div id=\"aniplayer_AV66db1bee039c9cb3e60711e7-1749004810739gui\">\n<div id=\"av-container\" class=\" av-desktop hide-controls\">\n<div id=\"av-inner\">\n<div id=\"gui\">\n<div id=\"ad-icon\"><\/div>\n<\/div>\n<\/div>\n<\/div>\n<\/div>\n<\/div>\n<\/div>\n<\/div>\n<div id=\"ad-slot-wide_2\" class=\"ad-slot-wide_big ad-slot\" data-adtype=\"wide_big\"><\/div>\n<p>\u201c<strong>Yo ya no gestiono el gimnasio, pero sigo siendo socia y adem\u00e1s soy la garante del alquiler del local. El video no tiene nada de malo, lo malo es lo que escribieron sobre m\u00ed en las redes. Solo saqu\u00e9 el cartel de una marca de prote\u00ednas que estaba en mi gimnasio<\/strong>\u201d, afirm\u00f3 Grudke.<\/p>\n<h2 class=\"wp-block-heading\">Una separaci\u00f3n conflictiva<\/h2>\n<p>La actriz y modelo\u00a0<strong>atraviesa un divorcio medi\u00e1tico y conflictivo con Mart\u00edn Colantonio,\u00a0<\/strong>con quien estuvo casada durante siete a\u00f1os. En una entrevista previa con\u00a0<em>Para Ti<\/em>, Grudke revel\u00f3 que\u00a0<strong>decidi\u00f3 separarse tras descubrir una infidelidad por parte de su ex con una sobrina pol\u00edtica.<\/strong>\u00a0La situaci\u00f3n gener\u00f3 no solo un fuerte impacto emocional, sino tambi\u00e9n un conflicto econ\u00f3mico y societario, ya que ambos compart\u00edan intereses comerciales como el gimnasio en cuesti\u00f3n.<\/p>\n<div id=\"ad-slot-wide_3\" class=\"ad-slot-wide ad-slot\" data-adtype=\"wide\" data-lazyload=\"1\" data-google-query-id=\"CMKWz9ne1o0DFUVU3QIdfAQUzw\">\n<div id=\"google_ads_iframe_\/22254771232\/parati_nota\/wide_3_0__container__\"><\/div>\n<\/div>\n<p><strong>\u201cLa marca no quiso estar m\u00e1s ah\u00ed y por eso retir\u00e9 los carteles, nada m\u00e1s. No romp\u00ed nada\u201d<\/strong>, insisti\u00f3 Ingrid, en di\u00e1logo tambi\u00e9n con una radio de Misiones tras la repercusi\u00f3n del video viral.<\/p>\n<h2 class=\"wp-block-heading\">El rol de la marca de suplementos<\/h2>\n<p>Uno de los puntos centrales del conflicto tiene que ver con la marca de suplementos deportivos que representa Ingrid Grudke. Seg\u00fan se inform\u00f3 en el noticiero,\u00a0<strong>la empresa sigue trabajando con ella, pero decidi\u00f3 cortar v\u00ednculos con el gimnasio\u00a0<\/strong>donde ocurri\u00f3 el episodio, posiblemente por la exposici\u00f3n p\u00fablica del conflicto personal.<\/p>\n<div id=\"ad-slot-wide_4\" class=\"ad-slot-wide_big ad-slot\" data-adtype=\"wide_big\"><\/div>\n<p>Desde su entorno aseguran que su relaci\u00f3n con la marca contin\u00faa siendo s\u00f3lida y profesional, m\u00e1s all\u00e1 de lo ocurrido.<\/p>\n<h2 class=\"wp-block-heading\">\u00bfQu\u00e9 hay detr\u00e1s?<\/h2>\n<p>M\u00e1s all\u00e1 del video que circul\u00f3 y de la denuncia, todo indica que se trata de un conflicto mayor que involucra aspectos personales, econ\u00f3micos y legales.<strong>\u00a0El video, seg\u00fan la modelo, fue malinterpretado y difundido fuera de contexto, mientras que el denunciante sostiene que se trat\u00f3 de una intrusi\u00f3n y que hubo destrozos.<\/strong><\/p>\n<div id=\"teads_div2\" class=\"ERROR-NO-CLASS\"><\/div>\n<p>Lo cierto es que la Justicia ya intervino y deber\u00e1 determinar el curso de la causa.<\/p>\n","protected":false},"excerpt":{"rendered":"<p>La modelo fue acusada por su ex marido de causar da\u00f1os en un gimnasio. Qu\u00e9 respondi\u00f3 ella, c\u00f3mo se vincula la marca de suplementos que representa y qu\u00e9 se sabe del conflicto legal que enfrenta. En las \u00faltimas horas,\u00a0Ingrid Grudke\u00a0se ubic\u00f3 en el centro de la escena medi\u00e1tica luego de que se\u00a0viralizara un video donde [&hellip;]<\/p>\n","protected":false},"author":1,"featured_media":1332,"comment_status":"open","ping_status":"open","sticky":false,"template":"","format":"standard","meta":{"rop_custom_images_group":[],"rop_custom_messages_group":[],"rop_publish_now":"initial","rop_publish_now_accounts":[],"rop_publish_now_history":[],"rop_publish_now_status":"pending","footnotes":"","jetpack_publicize_message":"","jetpack_publicize_feature_enabled":true,"jetpack_social_post_already_shared":true,"jetpack_social_options":{"image_generator_settings":{"template":"highway","enabled":false},"version":2}},"categories":[12],"tags":[],"class_list":{"0":"post-1329","1":"post","2":"type-post","3":"status-publish","4":"format-standard","5":"has-post-thumbnail","7":"category-espectaculos"},"jetpack_publicize_connections":[],"yoast_head":"<!-- This site is optimized with the Yoast SEO plugin v27.3 - https:\/\/yoast.com\/product\/yoast-seo-wordpress\/ -->\n<title>Ingrid Grudke fue denunciada por su ex tras un episodio en el gimnasio que compart\u00edan: qu\u00e9 hay detr\u00e1s del conflicto - CLAN ESPECTACULOS<\/title>\n<meta name=\"robots\" content=\"index, follow, max-snippet:-1, max-image-preview:large, max-video-preview:-1\" \/>\n<link rel=\"canonical\" href=\"https:\/\/radioclanfm.com\/clanespectaculos\/ingrid-grudke-fue-denunciada-por-su-ex-tras-un-episodio-en-el-gimnasio-que-compartian-que-hay-detras-del-conflicto\/\" \/>\n<meta property=\"og:locale\" content=\"es_ES\" \/>\n<meta property=\"og:type\" content=\"article\" \/>\n<meta property=\"og:title\" content=\"Ingrid Grudke fue denunciada por su ex tras un episodio en el gimnasio que compart\u00edan: qu\u00e9 hay detr\u00e1s del conflicto - CLAN ESPECTACULOS\" \/>\n<meta property=\"og:description\" content=\"La modelo fue acusada por su ex marido de causar da\u00f1os en un gimnasio. Qu\u00e9 respondi\u00f3 ella, c\u00f3mo se vincula la marca de suplementos que representa y qu\u00e9 se sabe del conflicto legal que enfrenta. En las \u00faltimas horas,\u00a0Ingrid Grudke\u00a0se ubic\u00f3 en el centro de la escena medi\u00e1tica luego de que se\u00a0viralizara un video donde [&hellip;]\" \/>\n<meta property=\"og:url\" content=\"https:\/\/radioclanfm.com\/clanespectaculos\/ingrid-grudke-fue-denunciada-por-su-ex-tras-un-episodio-en-el-gimnasio-que-compartian-que-hay-detras-del-conflicto\/\" \/>\n<meta property=\"og:site_name\" content=\"CLAN ESPECTACULOS\" \/>\n<meta property=\"article:publisher\" content=\"https:\/\/www.facebook.com\/clanespectaculos\/\" \/>\n<meta property=\"article:published_time\" content=\"2025-06-04T02:41:08+00:00\" \/>\n<meta property=\"og:image\" content=\"https:\/\/radioclanfm.com\/clanespectaculos\/wp-content\/uploads\/sites\/2\/2025\/06\/ingrid-grudke-DESTACADA-1-749x561.png.webp\" \/>\n\t<meta property=\"og:image:width\" content=\"749\" \/>\n\t<meta property=\"og:image:height\" content=\"561\" \/>\n\t<meta property=\"og:image:type\" content=\"image\/webp\" \/>\n<meta name=\"author\" content=\"E-GRUPOCLAN\" \/>\n<meta name=\"twitter:card\" content=\"summary_large_image\" \/>\n<meta name=\"twitter:creator\" content=\"@clanespectok\" \/>\n<meta name=\"twitter:site\" content=\"@clanespectok\" \/>\n<meta name=\"twitter:label1\" content=\"Escrito por\" \/>\n\t<meta name=\"twitter:data1\" content=\"E-GRUPOCLAN\" \/>\n\t<meta name=\"twitter:label2\" content=\"Tiempo de lectura\" \/>\n\t<meta name=\"twitter:data2\" content=\"3 minutos\" \/>\n<script type=\"application\/ld+json\" class=\"yoast-schema-graph\">{\"@context\":\"https:\\\/\\\/schema.org\",\"@graph\":[{\"@type\":\"Article\",\"@id\":\"https:\\\/\\\/radioclanfm.com\\\/clanespectaculos\\\/ingrid-grudke-fue-denunciada-por-su-ex-tras-un-episodio-en-el-gimnasio-que-compartian-que-hay-detras-del-conflicto\\\/#article\",\"isPartOf\":{\"@id\":\"https:\\\/\\\/radioclanfm.com\\\/clanespectaculos\\\/ingrid-grudke-fue-denunciada-por-su-ex-tras-un-episodio-en-el-gimnasio-que-compartian-que-hay-detras-del-conflicto\\\/\"},\"author\":{\"name\":\"E-GRUPOCLAN\",\"@id\":\"https:\\\/\\\/radioclanfm.com\\\/clanespectaculos\\\/#\\\/schema\\\/person\\\/9734813083303230f3ad84d99171b20c\"},\"headline\":\"Ingrid Grudke fue denunciada por su ex tras un episodio en el gimnasio que compart\u00edan: qu\u00e9 hay detr\u00e1s del conflicto\",\"datePublished\":\"2025-06-04T02:41:08+00:00\",\"mainEntityOfPage\":{\"@id\":\"https:\\\/\\\/radioclanfm.com\\\/clanespectaculos\\\/ingrid-grudke-fue-denunciada-por-su-ex-tras-un-episodio-en-el-gimnasio-que-compartian-que-hay-detras-del-conflicto\\\/\"},\"wordCount\":640,\"commentCount\":0,\"publisher\":{\"@id\":\"https:\\\/\\\/radioclanfm.com\\\/clanespectaculos\\\/#organization\"},\"image\":{\"@id\":\"https:\\\/\\\/radioclanfm.com\\\/clanespectaculos\\\/ingrid-grudke-fue-denunciada-por-su-ex-tras-un-episodio-en-el-gimnasio-que-compartian-que-hay-detras-del-conflicto\\\/#primaryimage\"},\"thumbnailUrl\":\"https:\\\/\\\/radioclanfm.com\\\/clanespectaculos\\\/wp-content\\\/uploads\\\/sites\\\/2\\\/2025\\\/06\\\/ingrid-grudke-DESTACADA-1-749x561.png.webp\",\"articleSection\":[\"Espectaculos\"],\"inLanguage\":\"es-AR\",\"potentialAction\":[{\"@type\":\"CommentAction\",\"name\":\"Comment\",\"target\":[\"https:\\\/\\\/radioclanfm.com\\\/clanespectaculos\\\/ingrid-grudke-fue-denunciada-por-su-ex-tras-un-episodio-en-el-gimnasio-que-compartian-que-hay-detras-del-conflicto\\\/#respond\"]}]},{\"@type\":\"WebPage\",\"@id\":\"https:\\\/\\\/radioclanfm.com\\\/clanespectaculos\\\/ingrid-grudke-fue-denunciada-por-su-ex-tras-un-episodio-en-el-gimnasio-que-compartian-que-hay-detras-del-conflicto\\\/\",\"url\":\"https:\\\/\\\/radioclanfm.com\\\/clanespectaculos\\\/ingrid-grudke-fue-denunciada-por-su-ex-tras-un-episodio-en-el-gimnasio-que-compartian-que-hay-detras-del-conflicto\\\/\",\"name\":\"Ingrid Grudke fue denunciada por su ex tras un episodio en el gimnasio que compart\u00edan: qu\u00e9 hay detr\u00e1s del conflicto - CLAN ESPECTACULOS\",\"isPartOf\":{\"@id\":\"https:\\\/\\\/radioclanfm.com\\\/clanespectaculos\\\/#website\"},\"primaryImageOfPage\":{\"@id\":\"https:\\\/\\\/radioclanfm.com\\\/clanespectaculos\\\/ingrid-grudke-fue-denunciada-por-su-ex-tras-un-episodio-en-el-gimnasio-que-compartian-que-hay-detras-del-conflicto\\\/#primaryimage\"},\"image\":{\"@id\":\"https:\\\/\\\/radioclanfm.com\\\/clanespectaculos\\\/ingrid-grudke-fue-denunciada-por-su-ex-tras-un-episodio-en-el-gimnasio-que-compartian-que-hay-detras-del-conflicto\\\/#primaryimage\"},\"thumbnailUrl\":\"https:\\\/\\\/radioclanfm.com\\\/clanespectaculos\\\/wp-content\\\/uploads\\\/sites\\\/2\\\/2025\\\/06\\\/ingrid-grudke-DESTACADA-1-749x561.png.webp\",\"datePublished\":\"2025-06-04T02:41:08+00:00\",\"breadcrumb\":{\"@id\":\"https:\\\/\\\/radioclanfm.com\\\/clanespectaculos\\\/ingrid-grudke-fue-denunciada-por-su-ex-tras-un-episodio-en-el-gimnasio-que-compartian-que-hay-detras-del-conflicto\\\/#breadcrumb\"},\"inLanguage\":\"es-AR\",\"potentialAction\":[{\"@type\":\"ReadAction\",\"target\":[\"https:\\\/\\\/radioclanfm.com\\\/clanespectaculos\\\/ingrid-grudke-fue-denunciada-por-su-ex-tras-un-episodio-en-el-gimnasio-que-compartian-que-hay-detras-del-conflicto\\\/\"]}]},{\"@type\":\"ImageObject\",\"inLanguage\":\"es-AR\",\"@id\":\"https:\\\/\\\/radioclanfm.com\\\/clanespectaculos\\\/ingrid-grudke-fue-denunciada-por-su-ex-tras-un-episodio-en-el-gimnasio-que-compartian-que-hay-detras-del-conflicto\\\/#primaryimage\",\"url\":\"https:\\\/\\\/radioclanfm.com\\\/clanespectaculos\\\/wp-content\\\/uploads\\\/sites\\\/2\\\/2025\\\/06\\\/ingrid-grudke-DESTACADA-1-749x561.png.webp\",\"contentUrl\":\"https:\\\/\\\/radioclanfm.com\\\/clanespectaculos\\\/wp-content\\\/uploads\\\/sites\\\/2\\\/2025\\\/06\\\/ingrid-grudke-DESTACADA-1-749x561.png.webp\",\"width\":749,\"height\":561},{\"@type\":\"BreadcrumbList\",\"@id\":\"https:\\\/\\\/radioclanfm.com\\\/clanespectaculos\\\/ingrid-grudke-fue-denunciada-por-su-ex-tras-un-episodio-en-el-gimnasio-que-compartian-que-hay-detras-del-conflicto\\\/#breadcrumb\",\"itemListElement\":[{\"@type\":\"ListItem\",\"position\":1,\"name\":\"Inicio\",\"item\":\"https:\\\/\\\/radioclanfm.com\\\/clanespectaculos\\\/\"},{\"@type\":\"ListItem\",\"position\":2,\"name\":\"Ingrid Grudke fue denunciada por su ex tras un episodio en el gimnasio que compart\u00edan: qu\u00e9 hay detr\u00e1s del conflicto\"}]},{\"@type\":\"WebSite\",\"@id\":\"https:\\\/\\\/radioclanfm.com\\\/clanespectaculos\\\/#website\",\"url\":\"https:\\\/\\\/radioclanfm.com\\\/clanespectaculos\\\/\",\"name\":\"CLAN ESPECTACULOS\",\"description\":\"\",\"publisher\":{\"@id\":\"https:\\\/\\\/radioclanfm.com\\\/clanespectaculos\\\/#organization\"},\"potentialAction\":[{\"@type\":\"SearchAction\",\"target\":{\"@type\":\"EntryPoint\",\"urlTemplate\":\"https:\\\/\\\/radioclanfm.com\\\/clanespectaculos\\\/?s={search_term_string}\"},\"query-input\":{\"@type\":\"PropertyValueSpecification\",\"valueRequired\":true,\"valueName\":\"search_term_string\"}}],\"inLanguage\":\"es-AR\"},{\"@type\":\"Organization\",\"@id\":\"https:\\\/\\\/radioclanfm.com\\\/clanespectaculos\\\/#organization\",\"name\":\"CLAN ESPECTACULOS\",\"url\":\"https:\\\/\\\/radioclanfm.com\\\/clanespectaculos\\\/\",\"logo\":{\"@type\":\"ImageObject\",\"inLanguage\":\"es-AR\",\"@id\":\"https:\\\/\\\/radioclanfm.com\\\/clanespectaculos\\\/#\\\/schema\\\/logo\\\/image\\\/\",\"url\":\"https:\\\/\\\/radioclanfm.com\\\/clanespectaculos\\\/wp-content\\\/uploads\\\/sites\\\/2\\\/2026\\\/04\\\/ChatGPT-Image-23-mar-2026-10_09_00.png\",\"contentUrl\":\"https:\\\/\\\/radioclanfm.com\\\/clanespectaculos\\\/wp-content\\\/uploads\\\/sites\\\/2\\\/2026\\\/04\\\/ChatGPT-Image-23-mar-2026-10_09_00.png\",\"width\":1024,\"height\":1024,\"caption\":\"CLAN ESPECTACULOS\"},\"image\":{\"@id\":\"https:\\\/\\\/radioclanfm.com\\\/clanespectaculos\\\/#\\\/schema\\\/logo\\\/image\\\/\"},\"sameAs\":[\"https:\\\/\\\/www.facebook.com\\\/clanespectaculos\\\/\",\"https:\\\/\\\/x.com\\\/clanespectok\"]},{\"@type\":\"Person\",\"@id\":\"https:\\\/\\\/radioclanfm.com\\\/clanespectaculos\\\/#\\\/schema\\\/person\\\/9734813083303230f3ad84d99171b20c\",\"name\":\"E-GRUPOCLAN\",\"image\":{\"@type\":\"ImageObject\",\"inLanguage\":\"es-AR\",\"@id\":\"https:\\\/\\\/secure.gravatar.com\\\/avatar\\\/af6e19837c3d6a212034a48c7b3818d2ac1826f6025df0155da5a186ad321d79?s=96&d=mm&r=g\",\"url\":\"https:\\\/\\\/secure.gravatar.com\\\/avatar\\\/af6e19837c3d6a212034a48c7b3818d2ac1826f6025df0155da5a186ad321d79?s=96&d=mm&r=g\",\"contentUrl\":\"https:\\\/\\\/secure.gravatar.com\\\/avatar\\\/af6e19837c3d6a212034a48c7b3818d2ac1826f6025df0155da5a186ad321d79?s=96&d=mm&r=g\",\"caption\":\"E-GRUPOCLAN\"},\"sameAs\":[\"https:\\\/\\\/radioclanfm.com\"],\"url\":\"https:\\\/\\\/radioclanfm.com\\\/clanespectaculos\\\/author\\\/admin\\\/\"}]}<\/script>\n<!-- \/ Yoast SEO plugin. -->","yoast_head_json":{"title":"Ingrid Grudke fue denunciada por su ex tras un episodio en el gimnasio que compart\u00edan: qu\u00e9 hay detr\u00e1s del conflicto - CLAN ESPECTACULOS","robots":{"index":"index","follow":"follow","max-snippet":"max-snippet:-1","max-image-preview":"max-image-preview:large","max-video-preview":"max-video-preview:-1"},"canonical":"https:\/\/radioclanfm.com\/clanespectaculos\/ingrid-grudke-fue-denunciada-por-su-ex-tras-un-episodio-en-el-gimnasio-que-compartian-que-hay-detras-del-conflicto\/","og_locale":"es_ES","og_type":"article","og_title":"Ingrid Grudke fue denunciada por su ex tras un episodio en el gimnasio que compart\u00edan: qu\u00e9 hay detr\u00e1s del conflicto - CLAN ESPECTACULOS","og_description":"La modelo fue acusada por su ex marido de causar da\u00f1os en un gimnasio. Qu\u00e9 respondi\u00f3 ella, c\u00f3mo se vincula la marca de suplementos que representa y qu\u00e9 se sabe del conflicto legal que enfrenta. En las \u00faltimas horas,\u00a0Ingrid Grudke\u00a0se ubic\u00f3 en el centro de la escena medi\u00e1tica luego de que se\u00a0viralizara un video donde [&hellip;]","og_url":"https:\/\/radioclanfm.com\/clanespectaculos\/ingrid-grudke-fue-denunciada-por-su-ex-tras-un-episodio-en-el-gimnasio-que-compartian-que-hay-detras-del-conflicto\/","og_site_name":"CLAN ESPECTACULOS","article_publisher":"https:\/\/www.facebook.com\/clanespectaculos\/","article_published_time":"2025-06-04T02:41:08+00:00","og_image":[{"width":749,"height":561,"url":"https:\/\/radioclanfm.com\/clanespectaculos\/wp-content\/uploads\/sites\/2\/2025\/06\/ingrid-grudke-DESTACADA-1-749x561.png.webp","type":"image\/webp"}],"author":"E-GRUPOCLAN","twitter_card":"summary_large_image","twitter_creator":"@clanespectok","twitter_site":"@clanespectok","twitter_misc":{"Escrito por":"E-GRUPOCLAN","Tiempo de lectura":"3 minutos"},"schema":{"@context":"https:\/\/schema.org","@graph":[{"@type":"Article","@id":"https:\/\/radioclanfm.com\/clanespectaculos\/ingrid-grudke-fue-denunciada-por-su-ex-tras-un-episodio-en-el-gimnasio-que-compartian-que-hay-detras-del-conflicto\/#article","isPartOf":{"@id":"https:\/\/radioclanfm.com\/clanespectaculos\/ingrid-grudke-fue-denunciada-por-su-ex-tras-un-episodio-en-el-gimnasio-que-compartian-que-hay-detras-del-conflicto\/"},"author":{"name":"E-GRUPOCLAN","@id":"https:\/\/radioclanfm.com\/clanespectaculos\/#\/schema\/person\/9734813083303230f3ad84d99171b20c"},"headline":"Ingrid Grudke fue denunciada por su ex tras un episodio en el gimnasio que compart\u00edan: qu\u00e9 hay detr\u00e1s del conflicto","datePublished":"2025-06-04T02:41:08+00:00","mainEntityOfPage":{"@id":"https:\/\/radioclanfm.com\/clanespectaculos\/ingrid-grudke-fue-denunciada-por-su-ex-tras-un-episodio-en-el-gimnasio-que-compartian-que-hay-detras-del-conflicto\/"},"wordCount":640,"commentCount":0,"publisher":{"@id":"https:\/\/radioclanfm.com\/clanespectaculos\/#organization"},"image":{"@id":"https:\/\/radioclanfm.com\/clanespectaculos\/ingrid-grudke-fue-denunciada-por-su-ex-tras-un-episodio-en-el-gimnasio-que-compartian-que-hay-detras-del-conflicto\/#primaryimage"},"thumbnailUrl":"https:\/\/radioclanfm.com\/clanespectaculos\/wp-content\/uploads\/sites\/2\/2025\/06\/ingrid-grudke-DESTACADA-1-749x561.png.webp","articleSection":["Espectaculos"],"inLanguage":"es-AR","potentialAction":[{"@type":"CommentAction","name":"Comment","target":["https:\/\/radioclanfm.com\/clanespectaculos\/ingrid-grudke-fue-denunciada-por-su-ex-tras-un-episodio-en-el-gimnasio-que-compartian-que-hay-detras-del-conflicto\/#respond"]}]},{"@type":"WebPage","@id":"https:\/\/radioclanfm.com\/clanespectaculos\/ingrid-grudke-fue-denunciada-por-su-ex-tras-un-episodio-en-el-gimnasio-que-compartian-que-hay-detras-del-conflicto\/","url":"https:\/\/radioclanfm.com\/clanespectaculos\/ingrid-grudke-fue-denunciada-por-su-ex-tras-un-episodio-en-el-gimnasio-que-compartian-que-hay-detras-del-conflicto\/","name":"Ingrid Grudke fue denunciada por su ex tras un episodio en el gimnasio que compart\u00edan: qu\u00e9 hay detr\u00e1s del conflicto - CLAN ESPECTACULOS","isPartOf":{"@id":"https:\/\/radioclanfm.com\/clanespectaculos\/#website"},"primaryImageOfPage":{"@id":"https:\/\/radioclanfm.com\/clanespectaculos\/ingrid-grudke-fue-denunciada-por-su-ex-tras-un-episodio-en-el-gimnasio-que-compartian-que-hay-detras-del-conflicto\/#primaryimage"},"image":{"@id":"https:\/\/radioclanfm.com\/clanespectaculos\/ingrid-grudke-fue-denunciada-por-su-ex-tras-un-episodio-en-el-gimnasio-que-compartian-que-hay-detras-del-conflicto\/#primaryimage"},"thumbnailUrl":"https:\/\/radioclanfm.com\/clanespectaculos\/wp-content\/uploads\/sites\/2\/2025\/06\/ingrid-grudke-DESTACADA-1-749x561.png.webp","datePublished":"2025-06-04T02:41:08+00:00","breadcrumb":{"@id":"https:\/\/radioclanfm.com\/clanespectaculos\/ingrid-grudke-fue-denunciada-por-su-ex-tras-un-episodio-en-el-gimnasio-que-compartian-que-hay-detras-del-conflicto\/#breadcrumb"},"inLanguage":"es-AR","potentialAction":[{"@type":"ReadAction","target":["https:\/\/radioclanfm.com\/clanespectaculos\/ingrid-grudke-fue-denunciada-por-su-ex-tras-un-episodio-en-el-gimnasio-que-compartian-que-hay-detras-del-conflicto\/"]}]},{"@type":"ImageObject","inLanguage":"es-AR","@id":"https:\/\/radioclanfm.com\/clanespectaculos\/ingrid-grudke-fue-denunciada-por-su-ex-tras-un-episodio-en-el-gimnasio-que-compartian-que-hay-detras-del-conflicto\/#primaryimage","url":"https:\/\/radioclanfm.com\/clanespectaculos\/wp-content\/uploads\/sites\/2\/2025\/06\/ingrid-grudke-DESTACADA-1-749x561.png.webp","contentUrl":"https:\/\/radioclanfm.com\/clanespectaculos\/wp-content\/uploads\/sites\/2\/2025\/06\/ingrid-grudke-DESTACADA-1-749x561.png.webp","width":749,"height":561},{"@type":"BreadcrumbList","@id":"https:\/\/radioclanfm.com\/clanespectaculos\/ingrid-grudke-fue-denunciada-por-su-ex-tras-un-episodio-en-el-gimnasio-que-compartian-que-hay-detras-del-conflicto\/#breadcrumb","itemListElement":[{"@type":"ListItem","position":1,"name":"Inicio","item":"https:\/\/radioclanfm.com\/clanespectaculos\/"},{"@type":"ListItem","position":2,"name":"Ingrid Grudke fue denunciada por su ex tras un episodio en el gimnasio que compart\u00edan: qu\u00e9 hay detr\u00e1s del conflicto"}]},{"@type":"WebSite","@id":"https:\/\/radioclanfm.com\/clanespectaculos\/#website","url":"https:\/\/radioclanfm.com\/clanespectaculos\/","name":"CLAN ESPECTACULOS","description":"","publisher":{"@id":"https:\/\/radioclanfm.com\/clanespectaculos\/#organization"},"potentialAction":[{"@type":"SearchAction","target":{"@type":"EntryPoint","urlTemplate":"https:\/\/radioclanfm.com\/clanespectaculos\/?s={search_term_string}"},"query-input":{"@type":"PropertyValueSpecification","valueRequired":true,"valueName":"search_term_string"}}],"inLanguage":"es-AR"},{"@type":"Organization","@id":"https:\/\/radioclanfm.com\/clanespectaculos\/#organization","name":"CLAN ESPECTACULOS","url":"https:\/\/radioclanfm.com\/clanespectaculos\/","logo":{"@type":"ImageObject","inLanguage":"es-AR","@id":"https:\/\/radioclanfm.com\/clanespectaculos\/#\/schema\/logo\/image\/","url":"https:\/\/radioclanfm.com\/clanespectaculos\/wp-content\/uploads\/sites\/2\/2026\/04\/ChatGPT-Image-23-mar-2026-10_09_00.png","contentUrl":"https:\/\/radioclanfm.com\/clanespectaculos\/wp-content\/uploads\/sites\/2\/2026\/04\/ChatGPT-Image-23-mar-2026-10_09_00.png","width":1024,"height":1024,"caption":"CLAN ESPECTACULOS"},"image":{"@id":"https:\/\/radioclanfm.com\/clanespectaculos\/#\/schema\/logo\/image\/"},"sameAs":["https:\/\/www.facebook.com\/clanespectaculos\/","https:\/\/x.com\/clanespectok"]},{"@type":"Person","@id":"https:\/\/radioclanfm.com\/clanespectaculos\/#\/schema\/person\/9734813083303230f3ad84d99171b20c","name":"E-GRUPOCLAN","image":{"@type":"ImageObject","inLanguage":"es-AR","@id":"https:\/\/secure.gravatar.com\/avatar\/af6e19837c3d6a212034a48c7b3818d2ac1826f6025df0155da5a186ad321d79?s=96&d=mm&r=g","url":"https:\/\/secure.gravatar.com\/avatar\/af6e19837c3d6a212034a48c7b3818d2ac1826f6025df0155da5a186ad321d79?s=96&d=mm&r=g","contentUrl":"https:\/\/secure.gravatar.com\/avatar\/af6e19837c3d6a212034a48c7b3818d2ac1826f6025df0155da5a186ad321d79?s=96&d=mm&r=g","caption":"E-GRUPOCLAN"},"sameAs":["https:\/\/radioclanfm.com"],"url":"https:\/\/radioclanfm.com\/clanespectaculos\/author\/admin\/"}]}},"_links":{"self":[{"href":"https:\/\/radioclanfm.com\/clanespectaculos\/wp-json\/wp\/v2\/posts\/1329","targetHints":{"allow":["GET"]}}],"collection":[{"href":"https:\/\/radioclanfm.com\/clanespectaculos\/wp-json\/wp\/v2\/posts"}],"about":[{"href":"https:\/\/radioclanfm.com\/clanespectaculos\/wp-json\/wp\/v2\/types\/post"}],"author":[{"embeddable":true,"href":"https:\/\/radioclanfm.com\/clanespectaculos\/wp-json\/wp\/v2\/users\/1"}],"replies":[{"embeddable":true,"href":"https:\/\/radioclanfm.com\/clanespectaculos\/wp-json\/wp\/v2\/comments?post=1329"}],"version-history":[{"count":1,"href":"https:\/\/radioclanfm.com\/clanespectaculos\/wp-json\/wp\/v2\/posts\/1329\/revisions"}],"predecessor-version":[{"id":1333,"href":"https:\/\/radioclanfm.com\/clanespectaculos\/wp-json\/wp\/v2\/posts\/1329\/revisions\/1333"}],"wp:featuredmedia":[{"embeddable":true,"href":"https:\/\/radioclanfm.com\/clanespectaculos\/wp-json\/wp\/v2\/media\/1332"}],"wp:attachment":[{"href":"https:\/\/radioclanfm.com\/clanespectaculos\/wp-json\/wp\/v2\/media?parent=1329"}],"wp:term":[{"taxonomy":"category","embeddable":true,"href":"https:\/\/radioclanfm.com\/clanespectaculos\/wp-json\/wp\/v2\/categories?post=1329"},{"taxonomy":"post_tag","embeddable":true,"href":"https:\/\/radioclanfm.com\/clanespectaculos\/wp-json\/wp\/v2\/tags?post=1329"}],"curies":[{"name":"wp","href":"https:\/\/api.w.org\/{rel}","templated":true}]}}