{"id":13246,"date":"2026-03-08T10:13:51","date_gmt":"2026-03-08T13:13:51","guid":{"rendered":"https:\/\/radioclanfm.com\/clanespectaculos\/?p=13246"},"modified":"2026-03-08T10:13:51","modified_gmt":"2026-03-08T13:13:51","slug":"andrea-rincon-conto-que-a-los-17-anos-vendia-falsas-cremas-para-agrandar-genitales-estafe-a-gente-perdon","status":"publish","type":"post","link":"https:\/\/radioclanfm.com\/clanespectaculos\/andrea-rincon-conto-que-a-los-17-anos-vendia-falsas-cremas-para-agrandar-genitales-estafe-a-gente-perdon\/","title":{"rendered":"Andrea Rinc\u00f3n cont\u00f3 que a los 17 a\u00f1os vend\u00eda falsas cremas para agrandar genitales: \u201cEstaf\u00e9 a gente, perd\u00f3n\u201d"},"content":{"rendered":"<div class=\"col-content\"><main class=\"col-content\"><\/p>\n<div class=\"default-article-color article__body article__article\">\n<p class=\"paragraph font__body-regular\"><a title=\"https:\/\/tn.com.ar\/show\/famosos\/2026\/02\/12\/milo-j-lanzo-una-frase-lapidaria-tras-los-dichos-de-andrea-rincon-en-su-contra-adictos-y-cristianos\/\" href=\"https:\/\/tn.com.ar\/show\/famosos\/2026\/02\/12\/milo-j-lanzo-una-frase-lapidaria-tras-los-dichos-de-andrea-rincon-en-su-contra-adictos-y-cristianos\/\" target=\"_blank\" rel=\"noopener noreferrer\"><b>Andrea Rinc\u00f3n<\/b><\/a>\u00a0caus\u00f3 sorpresa al revelar el\u00a0<b>trabajo\u00a0<\/b>que tuvo cuando ten\u00eda 17 a\u00f1os.<b>\u00a0\u201cEstaf\u00e9 gente, perd\u00f3n Dios\u201d<\/b>, lament\u00f3 la medi\u00e1tica.<\/p>\n<div class=\"AV6543bedcd858799fe90b5c47\">\n<div id=\"aniBox\">\n<div id=\"aniplayer_AV6543bedcd858799fe90b5c47-1772975600431\">\n<div id=\"aniplayer_AV6543bedcd858799fe90b5c47-1772975600431gui\">\n<div id=\"av-caption\">\n<div id=\"av-close-btn-overlay\" class=\"av-pos-top-left\"><\/div>\n<\/div>\n<\/div>\n<\/div>\n<\/div>\n<\/div>\n<div id=\"ad-slot-infeed\" class=\"infeed-container ad-slot-infeed ad-slot\" data-adtype=\"infeed\" data-lazyload=\"1\" data-google-query-id=\"CLSozeWwkJMDFcJc3QId0HgGNg\">\n<div id=\"google_ads_iframe_\/113951150\/tn-arc\/nota\/infeed_0__container__\"><\/div>\n<\/div>\n<p class=\"paragraph font__body-regular\">En sus declaraciones, cont\u00f3 que en ese momento era empleada de un call center<i>\u00a0<\/i>y su rol era llamar a diferentes personas para\u00a0<b>ofrecerles cremas corporales<\/b>.<\/p>\n<p class=\"paragraph font__body-regular\">\u201cYo he estafado gente, Dios perdoname\u201d, lanz\u00f3 Andrea al aire de Un ma\u00f1anero al aire del canal de streaming\u00a0<i>Azz<\/i>. \u201cEran cremas para\u00a0<b>agrandarte el pit&#8230; o las bubis<\/b>\u201d, detall\u00f3.<\/p>\n<figure class=\"\" data-testid=\"figure-testid\">\n<div class=\"aspect_ratio__container\"><picture class=\"responsive-image\"><source srcset=\"https:\/\/tn.com.ar\/resizer\/v2\/andrea-rincon-hablo-del-trabajo-que-tuvo-en-su-adolescencia-foto-captura-instagramandrearincontop-S343XUSFWRESJNTBYKCDRICKDM.jpg?auth=0d76dfb8006ac524144f20c196a57bbd1ebb8da0f0b60d6b243bbb66ca278cde&amp;width=767\" type=\"image\/jpg\" media=\"(max-width: 728px)\" \/><source srcset=\"https:\/\/tn.com.ar\/resizer\/v2\/andrea-rincon-hablo-del-trabajo-que-tuvo-en-su-adolescencia-foto-captura-instagramandrearincontop-S343XUSFWRESJNTBYKCDRICKDM.jpg?auth=0d76dfb8006ac524144f20c196a57bbd1ebb8da0f0b60d6b243bbb66ca278cde&amp;width=1023\" type=\"image\/jpg\" media=\"(max-width: 1023px)\" \/><source srcset=\"https:\/\/tn.com.ar\/resizer\/v2\/andrea-rincon-hablo-del-trabajo-que-tuvo-en-su-adolescencia-foto-captura-instagramandrearincontop-S343XUSFWRESJNTBYKCDRICKDM.jpg?auth=0d76dfb8006ac524144f20c196a57bbd1ebb8da0f0b60d6b243bbb66ca278cde&amp;width=1440\" type=\"image\/jpg\" \/><img loading=\"lazy\" decoding=\"async\" class=\"image content-image image_placeholder\" src=\"https:\/\/tn.com.ar\/resizer\/v2\/andrea-rincon-hablo-del-trabajo-que-tuvo-en-su-adolescencia-foto-captura-instagramandrearincontop-S343XUSFWRESJNTBYKCDRICKDM.jpg?auth=0d76dfb8006ac524144f20c196a57bbd1ebb8da0f0b60d6b243bbb66ca278cde&amp;width=767\" alt=\"Andrea Rinc\u00f3n habl\u00f3 del trabajo que tuvo en su adolescencia. (Foto: captura Instagram\/andrearincon_top)\" width=\"767\" height=\"430\" data-testid=\"loading-testid\" \/><\/picture><\/div><figcaption class=\"caption_image\" data-testid=\"figcaption-testid\">\n<div class=\"image_caption \">Andrea Rinc\u00f3n habl\u00f3 del trabajo que tuvo en su adolescencia. (Foto: captura Instagram\/andrearincon_top)<\/div>\n<\/figcaption><\/figure>\n<p class=\"paragraph font__body-regular\">\u201cTen\u00eda 17 a\u00f1os. Yo ten\u00eda que agarrar el tel\u00e9fono y llamar todo el tiempo\u201d, coment\u00f3 sobre el trabajo que ten\u00eda en ese entonces y coment\u00f3 que uno de los productos que vend\u00eda era con \u201cbaba de caracol\u201d.<\/p>\n<p class=\"paragraph font__body-regular\">\u201cTe daban listas con n\u00fameros de latinos que viv\u00edan en Estados Unidos. La gente te compraba las cremas para agrandarse el pit&#8230;\u201d, lanz\u00f3 Rinc\u00f3n entre risas. \u201cPobres,\u00a0<b>yo les vend\u00eda la falsa ilusi\u00f3n<\/b>\u201d, agreg\u00f3.<\/p>\n<h2 class=\"font--primary font__display\">Las controvertidas declaraciones de Andrea Rinc\u00f3n sobre los artistas musicales m\u00e1s j\u00f3venes<\/h2>\n<p class=\"paragraph font__body-regular\">Recientemente, en una charla con P\u00eda Shaw, Andrea Rinc\u00f3n critic\u00f3 duramente a\u00a0<b>los recitales que se hacen para las nuevas generaciones<\/b>. \u201cEst\u00e1n comprando almas con la m\u00fasica. Est\u00e1n haciendo ritos sat\u00e1nicos en un recital donde hay un mont\u00f3n de pibes\u201d, manifest\u00f3.<\/p>\n<p class=\"paragraph font__body-regular\">Cuando la periodista le repregunt\u00f3 por el tema, la actriz insisti\u00f3: \u201cObviamente. Est\u00e1n comprando almas. Vos escuch\u00e1s a estos artistas que est\u00e1n como n\u00famero uno y escuch\u00e1s c\u00f3mo cantan.<b>\u00a0\u00bfPara vos cantan bien? Las letras que tienen, la apolog\u00eda que hacen<\/b>\u00a0a que lo m\u00e1s importante es el dinero o el sexo. O sea, lo que le entra a los pibes&#8221;, remarc\u00f3.<\/p>\n<figure class=\"\" data-testid=\"figure-testid\">\n<div class=\"aspect_ratio__container\"><picture class=\"responsive-image\"><source srcset=\"https:\/\/tn.com.ar\/resizer\/v2\/andrea-rincon-respondio-a-las-criticas-que-recibio-tras-acusar-a-artistas-jovenes-de-hacer-ritos-satanicos-foto-instagram-andrearincontop-4GA5734GSZE2JFW5BJJJJVGL5M.jpg?auth=9896db82b81cd18af625a49dc5366d4f379daac5e01c854bee2be49725ecc54e&amp;width=767\" type=\"image\/jpg\" media=\"(max-width: 728px)\" \/><source srcset=\"https:\/\/tn.com.ar\/resizer\/v2\/andrea-rincon-respondio-a-las-criticas-que-recibio-tras-acusar-a-artistas-jovenes-de-hacer-ritos-satanicos-foto-instagram-andrearincontop-4GA5734GSZE2JFW5BJJJJVGL5M.jpg?auth=9896db82b81cd18af625a49dc5366d4f379daac5e01c854bee2be49725ecc54e&amp;width=1023\" type=\"image\/jpg\" media=\"(max-width: 1023px)\" \/><source srcset=\"https:\/\/tn.com.ar\/resizer\/v2\/andrea-rincon-respondio-a-las-criticas-que-recibio-tras-acusar-a-artistas-jovenes-de-hacer-ritos-satanicos-foto-instagram-andrearincontop-4GA5734GSZE2JFW5BJJJJVGL5M.jpg?auth=9896db82b81cd18af625a49dc5366d4f379daac5e01c854bee2be49725ecc54e&amp;width=1440\" type=\"image\/jpg\" \/><img loading=\"lazy\" decoding=\"async\" class=\"image content-image image_placeholder\" src=\"https:\/\/tn.com.ar\/resizer\/v2\/andrea-rincon-respondio-a-las-criticas-que-recibio-tras-acusar-a-artistas-jovenes-de-hacer-ritos-satanicos-foto-instagram-andrearincontop-4GA5734GSZE2JFW5BJJJJVGL5M.jpg?auth=9896db82b81cd18af625a49dc5366d4f379daac5e01c854bee2be49725ecc54e&amp;width=767\" alt=\"Andrea Rinc\u00f3n respondi\u00f3 a las cr\u00edticas que recibi\u00f3 tras acusar a artistas j\u00f3venes de hacer ritos sat\u00e1nicos (Foto: Instagram \/andrearincon_top)\n\" width=\"767\" height=\"767\" data-testid=\"loading-testid\" \/><\/picture><\/div><figcaption class=\"caption_image\" data-testid=\"figcaption-testid\">\n<div class=\"image_caption \">Andrea Rinc\u00f3n respondi\u00f3 a las cr\u00edticas que recibi\u00f3 tras acusar a artistas j\u00f3venes de hacer ritos sat\u00e1nicos (Foto: Instagram \/andrearincon_top)<\/div>\n<\/figcaption><\/figure>\n<p class=\"paragraph font__body-regular\">Rinc\u00f3n dijo que no le interesa que crean que \u201cest\u00e1 loca\u201d. \u201cClaramente est\u00e1 todo a plena vista\u201d, sostuvo. Entonces, focaliz\u00f3 su mirada sobre uno de los traperos con m\u00e1s proyecci\u00f3n. \u201c\u00bfAlguna vez lo viste re\u00edrse a Milo J?\u00a0<b>Claramente est\u00e1 totalmente pose\u00eddo&#8221;<\/b>, sostuvo, enojada, en la entrevista que le dio a\u00a0<i>La Naci\u00f3n.<\/i><\/p>\n<p class=\"paragraph font__body-regular\">Luego, la actriz cuestion\u00f3 lo que hizo Milo J en el escenario. \u201c<b>Entr\u00f3 con un cuchillo y empez\u00f3 a acuchillar.<\/b>\u00a0No creo que sea un santo muy bueno que digamos, \u00bfno?\u201c, se pregunt\u00f3.<\/p>\n<p class=\"paragraph font__body-regular\">En el final, hizo una reflexi\u00f3n cada vez m\u00e1s m\u00edstica. \u201cTengo que caminar derecha porque en la primera puerta que abr\u00ed entra todo. La \u00fanica opci\u00f3n que tengo es caminar derecha.<b>\u00a0El \u00faltimo a\u00f1o estudi\u00e9 Apocalipsis y si vos le\u00e9s y estamos en los \u00faltimos tiempos<\/b>, pero no son los tiempos que piensa la gente que es el fin de un ciclo y arranca otro, y arranca otro mejor. Por eso est\u00e1n haciendo todo lo que est\u00e1n haciendo, porque les queda poco tiempo\u201d, cerr\u00f3.<\/p>\n<\/div>\n<p><\/main><\/div>\n<aside class=\"col-right-rail right-rail\">\n<div id=\"parent-ad-slot-caja\" class=\"ad-container caja_ad \">\n<div class=\"ad-content\">\n<div id=\"ad-slot-caja\" class=\"ad-slot-caja ad-slot\" data-adtype=\"caja\" data-lazyload=\"1\" data-google-query-id=\"CMTDzOWwkJMDFTlv3QIdAU02Yg\"><\/div>\n<\/div>\n<\/div>\n<\/aside>\n","protected":false},"excerpt":{"rendered":"<p>Andrea Rinc\u00f3n\u00a0caus\u00f3 sorpresa al revelar el\u00a0trabajo\u00a0que tuvo cuando ten\u00eda 17 a\u00f1os.\u00a0\u201cEstaf\u00e9 gente, perd\u00f3n Dios\u201d, lament\u00f3 la medi\u00e1tica. En sus declaraciones, cont\u00f3 que en ese momento era empleada de un call center\u00a0y su rol era llamar a diferentes personas para\u00a0ofrecerles cremas corporales. \u201cYo he estafado gente, Dios perdoname\u201d, lanz\u00f3 Andrea al aire de Un ma\u00f1anero al [&hellip;]<\/p>\n","protected":false},"author":1,"featured_media":13249,"comment_status":"open","ping_status":"open","sticky":false,"template":"","format":"standard","meta":{"rop_custom_images_group":[],"rop_custom_messages_group":[],"rop_publish_now":"initial","rop_publish_now_accounts":[],"rop_publish_now_history":[],"rop_publish_now_status":"pending","footnotes":"","jetpack_publicize_message":"","jetpack_publicize_feature_enabled":true,"jetpack_social_post_already_shared":true,"jetpack_social_options":{"image_generator_settings":{"template":"highway","enabled":false},"version":2}},"categories":[12],"tags":[],"class_list":{"0":"post-13246","1":"post","2":"type-post","3":"status-publish","4":"format-standard","5":"has-post-thumbnail","7":"category-espectaculos"},"jetpack_publicize_connections":[],"yoast_head":"<!-- This site is optimized with the Yoast SEO plugin v27.3 - https:\/\/yoast.com\/product\/yoast-seo-wordpress\/ -->\n<title>Andrea Rinc\u00f3n cont\u00f3 que a los 17 a\u00f1os vend\u00eda falsas cremas para agrandar genitales: \u201cEstaf\u00e9 a gente, perd\u00f3n\u201d - CLAN ESPECTACULOS<\/title>\n<meta name=\"robots\" content=\"index, follow, max-snippet:-1, max-image-preview:large, max-video-preview:-1\" \/>\n<link rel=\"canonical\" href=\"https:\/\/radioclanfm.com\/clanespectaculos\/andrea-rincon-conto-que-a-los-17-anos-vendia-falsas-cremas-para-agrandar-genitales-estafe-a-gente-perdon\/\" \/>\n<meta property=\"og:locale\" content=\"es_ES\" \/>\n<meta property=\"og:type\" content=\"article\" \/>\n<meta property=\"og:title\" content=\"Andrea Rinc\u00f3n cont\u00f3 que a los 17 a\u00f1os vend\u00eda falsas cremas para agrandar genitales: \u201cEstaf\u00e9 a gente, perd\u00f3n\u201d - CLAN ESPECTACULOS\" \/>\n<meta property=\"og:description\" content=\"Andrea Rinc\u00f3n\u00a0caus\u00f3 sorpresa al revelar el\u00a0trabajo\u00a0que tuvo cuando ten\u00eda 17 a\u00f1os.\u00a0\u201cEstaf\u00e9 gente, perd\u00f3n Dios\u201d, lament\u00f3 la medi\u00e1tica. En sus declaraciones, cont\u00f3 que en ese momento era empleada de un call center\u00a0y su rol era llamar a diferentes personas para\u00a0ofrecerles cremas corporales. \u201cYo he estafado gente, Dios perdoname\u201d, lanz\u00f3 Andrea al aire de Un ma\u00f1anero al [&hellip;]\" \/>\n<meta property=\"og:url\" content=\"https:\/\/radioclanfm.com\/clanespectaculos\/andrea-rincon-conto-que-a-los-17-anos-vendia-falsas-cremas-para-agrandar-genitales-estafe-a-gente-perdon\/\" \/>\n<meta property=\"og:site_name\" content=\"CLAN ESPECTACULOS\" \/>\n<meta property=\"article:publisher\" content=\"https:\/\/www.facebook.com\/clanespectaculos\/\" \/>\n<meta property=\"article:published_time\" content=\"2026-03-08T13:13:51+00:00\" \/>\n<meta property=\"og:image\" content=\"https:\/\/radioclanfm.com\/clanespectaculos\/wp-content\/uploads\/sites\/2\/2026\/03\/1SDa3NHo.jpg\" \/>\n\t<meta property=\"og:image:width\" content=\"900\" \/>\n\t<meta property=\"og:image:height\" content=\"504\" \/>\n\t<meta property=\"og:image:type\" content=\"image\/jpeg\" \/>\n<meta name=\"author\" content=\"E-GRUPOCLAN\" \/>\n<meta name=\"twitter:card\" content=\"summary_large_image\" \/>\n<meta name=\"twitter:creator\" content=\"@clanespectok\" \/>\n<meta name=\"twitter:site\" content=\"@clanespectok\" \/>\n<meta name=\"twitter:label1\" content=\"Escrito por\" \/>\n\t<meta name=\"twitter:data1\" content=\"E-GRUPOCLAN\" \/>\n\t<meta name=\"twitter:label2\" content=\"Tiempo de lectura\" \/>\n\t<meta name=\"twitter:data2\" content=\"3 minutos\" \/>\n<script type=\"application\/ld+json\" class=\"yoast-schema-graph\">{\"@context\":\"https:\\\/\\\/schema.org\",\"@graph\":[{\"@type\":\"Article\",\"@id\":\"https:\\\/\\\/radioclanfm.com\\\/clanespectaculos\\\/andrea-rincon-conto-que-a-los-17-anos-vendia-falsas-cremas-para-agrandar-genitales-estafe-a-gente-perdon\\\/#article\",\"isPartOf\":{\"@id\":\"https:\\\/\\\/radioclanfm.com\\\/clanespectaculos\\\/andrea-rincon-conto-que-a-los-17-anos-vendia-falsas-cremas-para-agrandar-genitales-estafe-a-gente-perdon\\\/\"},\"author\":{\"name\":\"E-GRUPOCLAN\",\"@id\":\"https:\\\/\\\/radioclanfm.com\\\/clanespectaculos\\\/#\\\/schema\\\/person\\\/9734813083303230f3ad84d99171b20c\"},\"headline\":\"Andrea Rinc\u00f3n cont\u00f3 que a los 17 a\u00f1os vend\u00eda falsas cremas para agrandar genitales: \u201cEstaf\u00e9 a gente, perd\u00f3n\u201d\",\"datePublished\":\"2026-03-08T13:13:51+00:00\",\"mainEntityOfPage\":{\"@id\":\"https:\\\/\\\/radioclanfm.com\\\/clanespectaculos\\\/andrea-rincon-conto-que-a-los-17-anos-vendia-falsas-cremas-para-agrandar-genitales-estafe-a-gente-perdon\\\/\"},\"wordCount\":542,\"commentCount\":0,\"publisher\":{\"@id\":\"https:\\\/\\\/radioclanfm.com\\\/clanespectaculos\\\/#organization\"},\"image\":{\"@id\":\"https:\\\/\\\/radioclanfm.com\\\/clanespectaculos\\\/andrea-rincon-conto-que-a-los-17-anos-vendia-falsas-cremas-para-agrandar-genitales-estafe-a-gente-perdon\\\/#primaryimage\"},\"thumbnailUrl\":\"https:\\\/\\\/radioclanfm.com\\\/clanespectaculos\\\/wp-content\\\/uploads\\\/sites\\\/2\\\/2026\\\/03\\\/1SDa3NHo.jpg\",\"articleSection\":[\"Espectaculos\"],\"inLanguage\":\"es-AR\",\"potentialAction\":[{\"@type\":\"CommentAction\",\"name\":\"Comment\",\"target\":[\"https:\\\/\\\/radioclanfm.com\\\/clanespectaculos\\\/andrea-rincon-conto-que-a-los-17-anos-vendia-falsas-cremas-para-agrandar-genitales-estafe-a-gente-perdon\\\/#respond\"]}]},{\"@type\":\"WebPage\",\"@id\":\"https:\\\/\\\/radioclanfm.com\\\/clanespectaculos\\\/andrea-rincon-conto-que-a-los-17-anos-vendia-falsas-cremas-para-agrandar-genitales-estafe-a-gente-perdon\\\/\",\"url\":\"https:\\\/\\\/radioclanfm.com\\\/clanespectaculos\\\/andrea-rincon-conto-que-a-los-17-anos-vendia-falsas-cremas-para-agrandar-genitales-estafe-a-gente-perdon\\\/\",\"name\":\"Andrea Rinc\u00f3n cont\u00f3 que a los 17 a\u00f1os vend\u00eda falsas cremas para agrandar genitales: \u201cEstaf\u00e9 a gente, perd\u00f3n\u201d - CLAN ESPECTACULOS\",\"isPartOf\":{\"@id\":\"https:\\\/\\\/radioclanfm.com\\\/clanespectaculos\\\/#website\"},\"primaryImageOfPage\":{\"@id\":\"https:\\\/\\\/radioclanfm.com\\\/clanespectaculos\\\/andrea-rincon-conto-que-a-los-17-anos-vendia-falsas-cremas-para-agrandar-genitales-estafe-a-gente-perdon\\\/#primaryimage\"},\"image\":{\"@id\":\"https:\\\/\\\/radioclanfm.com\\\/clanespectaculos\\\/andrea-rincon-conto-que-a-los-17-anos-vendia-falsas-cremas-para-agrandar-genitales-estafe-a-gente-perdon\\\/#primaryimage\"},\"thumbnailUrl\":\"https:\\\/\\\/radioclanfm.com\\\/clanespectaculos\\\/wp-content\\\/uploads\\\/sites\\\/2\\\/2026\\\/03\\\/1SDa3NHo.jpg\",\"datePublished\":\"2026-03-08T13:13:51+00:00\",\"breadcrumb\":{\"@id\":\"https:\\\/\\\/radioclanfm.com\\\/clanespectaculos\\\/andrea-rincon-conto-que-a-los-17-anos-vendia-falsas-cremas-para-agrandar-genitales-estafe-a-gente-perdon\\\/#breadcrumb\"},\"inLanguage\":\"es-AR\",\"potentialAction\":[{\"@type\":\"ReadAction\",\"target\":[\"https:\\\/\\\/radioclanfm.com\\\/clanespectaculos\\\/andrea-rincon-conto-que-a-los-17-anos-vendia-falsas-cremas-para-agrandar-genitales-estafe-a-gente-perdon\\\/\"]}]},{\"@type\":\"ImageObject\",\"inLanguage\":\"es-AR\",\"@id\":\"https:\\\/\\\/radioclanfm.com\\\/clanespectaculos\\\/andrea-rincon-conto-que-a-los-17-anos-vendia-falsas-cremas-para-agrandar-genitales-estafe-a-gente-perdon\\\/#primaryimage\",\"url\":\"https:\\\/\\\/radioclanfm.com\\\/clanespectaculos\\\/wp-content\\\/uploads\\\/sites\\\/2\\\/2026\\\/03\\\/1SDa3NHo.jpg\",\"contentUrl\":\"https:\\\/\\\/radioclanfm.com\\\/clanespectaculos\\\/wp-content\\\/uploads\\\/sites\\\/2\\\/2026\\\/03\\\/1SDa3NHo.jpg\",\"width\":900,\"height\":504},{\"@type\":\"BreadcrumbList\",\"@id\":\"https:\\\/\\\/radioclanfm.com\\\/clanespectaculos\\\/andrea-rincon-conto-que-a-los-17-anos-vendia-falsas-cremas-para-agrandar-genitales-estafe-a-gente-perdon\\\/#breadcrumb\",\"itemListElement\":[{\"@type\":\"ListItem\",\"position\":1,\"name\":\"Inicio\",\"item\":\"https:\\\/\\\/radioclanfm.com\\\/clanespectaculos\\\/\"},{\"@type\":\"ListItem\",\"position\":2,\"name\":\"Andrea Rinc\u00f3n cont\u00f3 que a los 17 a\u00f1os vend\u00eda falsas cremas para agrandar genitales: \u201cEstaf\u00e9 a gente, perd\u00f3n\u201d\"}]},{\"@type\":\"WebSite\",\"@id\":\"https:\\\/\\\/radioclanfm.com\\\/clanespectaculos\\\/#website\",\"url\":\"https:\\\/\\\/radioclanfm.com\\\/clanespectaculos\\\/\",\"name\":\"CLAN ESPECTACULOS\",\"description\":\"\",\"publisher\":{\"@id\":\"https:\\\/\\\/radioclanfm.com\\\/clanespectaculos\\\/#organization\"},\"potentialAction\":[{\"@type\":\"SearchAction\",\"target\":{\"@type\":\"EntryPoint\",\"urlTemplate\":\"https:\\\/\\\/radioclanfm.com\\\/clanespectaculos\\\/?s={search_term_string}\"},\"query-input\":{\"@type\":\"PropertyValueSpecification\",\"valueRequired\":true,\"valueName\":\"search_term_string\"}}],\"inLanguage\":\"es-AR\"},{\"@type\":\"Organization\",\"@id\":\"https:\\\/\\\/radioclanfm.com\\\/clanespectaculos\\\/#organization\",\"name\":\"CLAN ESPECTACULOS\",\"url\":\"https:\\\/\\\/radioclanfm.com\\\/clanespectaculos\\\/\",\"logo\":{\"@type\":\"ImageObject\",\"inLanguage\":\"es-AR\",\"@id\":\"https:\\\/\\\/radioclanfm.com\\\/clanespectaculos\\\/#\\\/schema\\\/logo\\\/image\\\/\",\"url\":\"https:\\\/\\\/radioclanfm.com\\\/clanespectaculos\\\/wp-content\\\/uploads\\\/sites\\\/2\\\/2026\\\/04\\\/ChatGPT-Image-23-mar-2026-10_09_00.png\",\"contentUrl\":\"https:\\\/\\\/radioclanfm.com\\\/clanespectaculos\\\/wp-content\\\/uploads\\\/sites\\\/2\\\/2026\\\/04\\\/ChatGPT-Image-23-mar-2026-10_09_00.png\",\"width\":1024,\"height\":1024,\"caption\":\"CLAN ESPECTACULOS\"},\"image\":{\"@id\":\"https:\\\/\\\/radioclanfm.com\\\/clanespectaculos\\\/#\\\/schema\\\/logo\\\/image\\\/\"},\"sameAs\":[\"https:\\\/\\\/www.facebook.com\\\/clanespectaculos\\\/\",\"https:\\\/\\\/x.com\\\/clanespectok\"]},{\"@type\":\"Person\",\"@id\":\"https:\\\/\\\/radioclanfm.com\\\/clanespectaculos\\\/#\\\/schema\\\/person\\\/9734813083303230f3ad84d99171b20c\",\"name\":\"E-GRUPOCLAN\",\"image\":{\"@type\":\"ImageObject\",\"inLanguage\":\"es-AR\",\"@id\":\"https:\\\/\\\/secure.gravatar.com\\\/avatar\\\/af6e19837c3d6a212034a48c7b3818d2ac1826f6025df0155da5a186ad321d79?s=96&d=mm&r=g\",\"url\":\"https:\\\/\\\/secure.gravatar.com\\\/avatar\\\/af6e19837c3d6a212034a48c7b3818d2ac1826f6025df0155da5a186ad321d79?s=96&d=mm&r=g\",\"contentUrl\":\"https:\\\/\\\/secure.gravatar.com\\\/avatar\\\/af6e19837c3d6a212034a48c7b3818d2ac1826f6025df0155da5a186ad321d79?s=96&d=mm&r=g\",\"caption\":\"E-GRUPOCLAN\"},\"sameAs\":[\"https:\\\/\\\/radioclanfm.com\"],\"url\":\"https:\\\/\\\/radioclanfm.com\\\/clanespectaculos\\\/author\\\/admin\\\/\"}]}<\/script>\n<!-- \/ Yoast SEO plugin. -->","yoast_head_json":{"title":"Andrea Rinc\u00f3n cont\u00f3 que a los 17 a\u00f1os vend\u00eda falsas cremas para agrandar genitales: \u201cEstaf\u00e9 a gente, perd\u00f3n\u201d - CLAN ESPECTACULOS","robots":{"index":"index","follow":"follow","max-snippet":"max-snippet:-1","max-image-preview":"max-image-preview:large","max-video-preview":"max-video-preview:-1"},"canonical":"https:\/\/radioclanfm.com\/clanespectaculos\/andrea-rincon-conto-que-a-los-17-anos-vendia-falsas-cremas-para-agrandar-genitales-estafe-a-gente-perdon\/","og_locale":"es_ES","og_type":"article","og_title":"Andrea Rinc\u00f3n cont\u00f3 que a los 17 a\u00f1os vend\u00eda falsas cremas para agrandar genitales: \u201cEstaf\u00e9 a gente, perd\u00f3n\u201d - CLAN ESPECTACULOS","og_description":"Andrea Rinc\u00f3n\u00a0caus\u00f3 sorpresa al revelar el\u00a0trabajo\u00a0que tuvo cuando ten\u00eda 17 a\u00f1os.\u00a0\u201cEstaf\u00e9 gente, perd\u00f3n Dios\u201d, lament\u00f3 la medi\u00e1tica. En sus declaraciones, cont\u00f3 que en ese momento era empleada de un call center\u00a0y su rol era llamar a diferentes personas para\u00a0ofrecerles cremas corporales. \u201cYo he estafado gente, Dios perdoname\u201d, lanz\u00f3 Andrea al aire de Un ma\u00f1anero al [&hellip;]","og_url":"https:\/\/radioclanfm.com\/clanespectaculos\/andrea-rincon-conto-que-a-los-17-anos-vendia-falsas-cremas-para-agrandar-genitales-estafe-a-gente-perdon\/","og_site_name":"CLAN ESPECTACULOS","article_publisher":"https:\/\/www.facebook.com\/clanespectaculos\/","article_published_time":"2026-03-08T13:13:51+00:00","og_image":[{"width":900,"height":504,"url":"https:\/\/radioclanfm.com\/clanespectaculos\/wp-content\/uploads\/sites\/2\/2026\/03\/1SDa3NHo.jpg","type":"image\/jpeg"}],"author":"E-GRUPOCLAN","twitter_card":"summary_large_image","twitter_creator":"@clanespectok","twitter_site":"@clanespectok","twitter_misc":{"Escrito por":"E-GRUPOCLAN","Tiempo de lectura":"3 minutos"},"schema":{"@context":"https:\/\/schema.org","@graph":[{"@type":"Article","@id":"https:\/\/radioclanfm.com\/clanespectaculos\/andrea-rincon-conto-que-a-los-17-anos-vendia-falsas-cremas-para-agrandar-genitales-estafe-a-gente-perdon\/#article","isPartOf":{"@id":"https:\/\/radioclanfm.com\/clanespectaculos\/andrea-rincon-conto-que-a-los-17-anos-vendia-falsas-cremas-para-agrandar-genitales-estafe-a-gente-perdon\/"},"author":{"name":"E-GRUPOCLAN","@id":"https:\/\/radioclanfm.com\/clanespectaculos\/#\/schema\/person\/9734813083303230f3ad84d99171b20c"},"headline":"Andrea Rinc\u00f3n cont\u00f3 que a los 17 a\u00f1os vend\u00eda falsas cremas para agrandar genitales: \u201cEstaf\u00e9 a gente, perd\u00f3n\u201d","datePublished":"2026-03-08T13:13:51+00:00","mainEntityOfPage":{"@id":"https:\/\/radioclanfm.com\/clanespectaculos\/andrea-rincon-conto-que-a-los-17-anos-vendia-falsas-cremas-para-agrandar-genitales-estafe-a-gente-perdon\/"},"wordCount":542,"commentCount":0,"publisher":{"@id":"https:\/\/radioclanfm.com\/clanespectaculos\/#organization"},"image":{"@id":"https:\/\/radioclanfm.com\/clanespectaculos\/andrea-rincon-conto-que-a-los-17-anos-vendia-falsas-cremas-para-agrandar-genitales-estafe-a-gente-perdon\/#primaryimage"},"thumbnailUrl":"https:\/\/radioclanfm.com\/clanespectaculos\/wp-content\/uploads\/sites\/2\/2026\/03\/1SDa3NHo.jpg","articleSection":["Espectaculos"],"inLanguage":"es-AR","potentialAction":[{"@type":"CommentAction","name":"Comment","target":["https:\/\/radioclanfm.com\/clanespectaculos\/andrea-rincon-conto-que-a-los-17-anos-vendia-falsas-cremas-para-agrandar-genitales-estafe-a-gente-perdon\/#respond"]}]},{"@type":"WebPage","@id":"https:\/\/radioclanfm.com\/clanespectaculos\/andrea-rincon-conto-que-a-los-17-anos-vendia-falsas-cremas-para-agrandar-genitales-estafe-a-gente-perdon\/","url":"https:\/\/radioclanfm.com\/clanespectaculos\/andrea-rincon-conto-que-a-los-17-anos-vendia-falsas-cremas-para-agrandar-genitales-estafe-a-gente-perdon\/","name":"Andrea Rinc\u00f3n cont\u00f3 que a los 17 a\u00f1os vend\u00eda falsas cremas para agrandar genitales: \u201cEstaf\u00e9 a gente, perd\u00f3n\u201d - CLAN ESPECTACULOS","isPartOf":{"@id":"https:\/\/radioclanfm.com\/clanespectaculos\/#website"},"primaryImageOfPage":{"@id":"https:\/\/radioclanfm.com\/clanespectaculos\/andrea-rincon-conto-que-a-los-17-anos-vendia-falsas-cremas-para-agrandar-genitales-estafe-a-gente-perdon\/#primaryimage"},"image":{"@id":"https:\/\/radioclanfm.com\/clanespectaculos\/andrea-rincon-conto-que-a-los-17-anos-vendia-falsas-cremas-para-agrandar-genitales-estafe-a-gente-perdon\/#primaryimage"},"thumbnailUrl":"https:\/\/radioclanfm.com\/clanespectaculos\/wp-content\/uploads\/sites\/2\/2026\/03\/1SDa3NHo.jpg","datePublished":"2026-03-08T13:13:51+00:00","breadcrumb":{"@id":"https:\/\/radioclanfm.com\/clanespectaculos\/andrea-rincon-conto-que-a-los-17-anos-vendia-falsas-cremas-para-agrandar-genitales-estafe-a-gente-perdon\/#breadcrumb"},"inLanguage":"es-AR","potentialAction":[{"@type":"ReadAction","target":["https:\/\/radioclanfm.com\/clanespectaculos\/andrea-rincon-conto-que-a-los-17-anos-vendia-falsas-cremas-para-agrandar-genitales-estafe-a-gente-perdon\/"]}]},{"@type":"ImageObject","inLanguage":"es-AR","@id":"https:\/\/radioclanfm.com\/clanespectaculos\/andrea-rincon-conto-que-a-los-17-anos-vendia-falsas-cremas-para-agrandar-genitales-estafe-a-gente-perdon\/#primaryimage","url":"https:\/\/radioclanfm.com\/clanespectaculos\/wp-content\/uploads\/sites\/2\/2026\/03\/1SDa3NHo.jpg","contentUrl":"https:\/\/radioclanfm.com\/clanespectaculos\/wp-content\/uploads\/sites\/2\/2026\/03\/1SDa3NHo.jpg","width":900,"height":504},{"@type":"BreadcrumbList","@id":"https:\/\/radioclanfm.com\/clanespectaculos\/andrea-rincon-conto-que-a-los-17-anos-vendia-falsas-cremas-para-agrandar-genitales-estafe-a-gente-perdon\/#breadcrumb","itemListElement":[{"@type":"ListItem","position":1,"name":"Inicio","item":"https:\/\/radioclanfm.com\/clanespectaculos\/"},{"@type":"ListItem","position":2,"name":"Andrea Rinc\u00f3n cont\u00f3 que a los 17 a\u00f1os vend\u00eda falsas cremas para agrandar genitales: \u201cEstaf\u00e9 a gente, perd\u00f3n\u201d"}]},{"@type":"WebSite","@id":"https:\/\/radioclanfm.com\/clanespectaculos\/#website","url":"https:\/\/radioclanfm.com\/clanespectaculos\/","name":"CLAN ESPECTACULOS","description":"","publisher":{"@id":"https:\/\/radioclanfm.com\/clanespectaculos\/#organization"},"potentialAction":[{"@type":"SearchAction","target":{"@type":"EntryPoint","urlTemplate":"https:\/\/radioclanfm.com\/clanespectaculos\/?s={search_term_string}"},"query-input":{"@type":"PropertyValueSpecification","valueRequired":true,"valueName":"search_term_string"}}],"inLanguage":"es-AR"},{"@type":"Organization","@id":"https:\/\/radioclanfm.com\/clanespectaculos\/#organization","name":"CLAN ESPECTACULOS","url":"https:\/\/radioclanfm.com\/clanespectaculos\/","logo":{"@type":"ImageObject","inLanguage":"es-AR","@id":"https:\/\/radioclanfm.com\/clanespectaculos\/#\/schema\/logo\/image\/","url":"https:\/\/radioclanfm.com\/clanespectaculos\/wp-content\/uploads\/sites\/2\/2026\/04\/ChatGPT-Image-23-mar-2026-10_09_00.png","contentUrl":"https:\/\/radioclanfm.com\/clanespectaculos\/wp-content\/uploads\/sites\/2\/2026\/04\/ChatGPT-Image-23-mar-2026-10_09_00.png","width":1024,"height":1024,"caption":"CLAN ESPECTACULOS"},"image":{"@id":"https:\/\/radioclanfm.com\/clanespectaculos\/#\/schema\/logo\/image\/"},"sameAs":["https:\/\/www.facebook.com\/clanespectaculos\/","https:\/\/x.com\/clanespectok"]},{"@type":"Person","@id":"https:\/\/radioclanfm.com\/clanespectaculos\/#\/schema\/person\/9734813083303230f3ad84d99171b20c","name":"E-GRUPOCLAN","image":{"@type":"ImageObject","inLanguage":"es-AR","@id":"https:\/\/secure.gravatar.com\/avatar\/af6e19837c3d6a212034a48c7b3818d2ac1826f6025df0155da5a186ad321d79?s=96&d=mm&r=g","url":"https:\/\/secure.gravatar.com\/avatar\/af6e19837c3d6a212034a48c7b3818d2ac1826f6025df0155da5a186ad321d79?s=96&d=mm&r=g","contentUrl":"https:\/\/secure.gravatar.com\/avatar\/af6e19837c3d6a212034a48c7b3818d2ac1826f6025df0155da5a186ad321d79?s=96&d=mm&r=g","caption":"E-GRUPOCLAN"},"sameAs":["https:\/\/radioclanfm.com"],"url":"https:\/\/radioclanfm.com\/clanespectaculos\/author\/admin\/"}]}},"_links":{"self":[{"href":"https:\/\/radioclanfm.com\/clanespectaculos\/wp-json\/wp\/v2\/posts\/13246","targetHints":{"allow":["GET"]}}],"collection":[{"href":"https:\/\/radioclanfm.com\/clanespectaculos\/wp-json\/wp\/v2\/posts"}],"about":[{"href":"https:\/\/radioclanfm.com\/clanespectaculos\/wp-json\/wp\/v2\/types\/post"}],"author":[{"embeddable":true,"href":"https:\/\/radioclanfm.com\/clanespectaculos\/wp-json\/wp\/v2\/users\/1"}],"replies":[{"embeddable":true,"href":"https:\/\/radioclanfm.com\/clanespectaculos\/wp-json\/wp\/v2\/comments?post=13246"}],"version-history":[{"count":1,"href":"https:\/\/radioclanfm.com\/clanespectaculos\/wp-json\/wp\/v2\/posts\/13246\/revisions"}],"predecessor-version":[{"id":13250,"href":"https:\/\/radioclanfm.com\/clanespectaculos\/wp-json\/wp\/v2\/posts\/13246\/revisions\/13250"}],"wp:featuredmedia":[{"embeddable":true,"href":"https:\/\/radioclanfm.com\/clanespectaculos\/wp-json\/wp\/v2\/media\/13249"}],"wp:attachment":[{"href":"https:\/\/radioclanfm.com\/clanespectaculos\/wp-json\/wp\/v2\/media?parent=13246"}],"wp:term":[{"taxonomy":"category","embeddable":true,"href":"https:\/\/radioclanfm.com\/clanespectaculos\/wp-json\/wp\/v2\/categories?post=13246"},{"taxonomy":"post_tag","embeddable":true,"href":"https:\/\/radioclanfm.com\/clanespectaculos\/wp-json\/wp\/v2\/tags?post=13246"}],"curies":[{"name":"wp","href":"https:\/\/api.w.org\/{rel}","templated":true}]}}