{"id":1314,"date":"2025-06-03T23:34:11","date_gmt":"2025-06-04T02:34:11","guid":{"rendered":"https:\/\/radioclanfm.com\/clanespectaculos\/?p=1314"},"modified":"2025-06-03T23:34:11","modified_gmt":"2025-06-04T02:34:11","slug":"la-supuesta-actitud-que-tuvieron-la-china-suarez-y-mauro-icardi-en-un-restaurante-y-desato-duras-criticas","status":"publish","type":"post","link":"https:\/\/radioclanfm.com\/clanespectaculos\/la-supuesta-actitud-que-tuvieron-la-china-suarez-y-mauro-icardi-en-un-restaurante-y-desato-duras-criticas\/","title":{"rendered":"La supuesta actitud que tuvieron la China Su\u00e1rez y Mauro Icardi en un restaurante y desat\u00f3 duras cr\u00edticas"},"content":{"rendered":"<p>De acuerdo a la versi\u00f3n de Yanina Latorre, la pareja habr\u00eda exigido al local \u201cdespejar\u201d el lugar para comer tranquilos y en redes hubo indignaci\u00f3n.<\/p>\n<div class=\"col-content\"><main class=\"col-content\"><\/p>\n<div class=\"default-article-color article__body article__article\">\n<p class=\"paragraph font__body-regular\">Este lunes, la\u00a0<b>China Su\u00e1rez\u00a0<\/b>y\u00a0<b>Mauro Icardi<\/b><b>\u00a0regresaron a Buenos Aires despu\u00e9s de su corta estad\u00eda en Ibiza<\/b>. Ni bien aterrizaron, se encontraron con amigos para cenar en un exclusivo restaurante ubicado en Recoleta.<\/p>\n<div class=\"AV67f93cf033780503b00636a7\">\n<div id=\"aniBox\">\n<div id=\"aniplayer_AV67f93cf033780503b00636a7-1749004349465\">\n<div id=\"aniplayer_AV67f93cf033780503b00636a7-1749004349465gui\">\n<div id=\"av-caption\">\n<div id=\"av-close-btn-overlay\" class=\"av-pos-top-left\"><\/div>\n<\/div>\n<\/div>\n<\/div>\n<\/div>\n<\/div>\n<div id=\"ad-slot-infeed\" class=\"infeed-container ad-slot-infeed ad-slot\" data-adtype=\"infeed\" data-google-query-id=\"CIyZo_fc1o0DFW5U3QId0csNqg\">\n<div id=\"google_ads_iframe_\/113951150\/tn-arc\/nota\/infeed_0__container__\"><\/div>\n<\/div>\n<p class=\"paragraph font__body-regular\">Tras su llegada, surgi\u00f3 cierto rumor sobre un presunto inconveniente. Al parecer, la presencia de los medi\u00e1ticos incomod\u00f3 al futbolista y la actriz, as\u00ed que<b>\u00a0presuntamente, habr\u00edan pedido a la administraci\u00f3n \u201cdespejar\u201d el lugar\u00a0<\/b>para tener un poco de privacidad y continuar la velada sin problemas.<\/p>\n<figure class=\"\" data-testid=\"figure-testid\">\n<div class=\"aspect_ratio__container\"><picture class=\"responsive-image\"><source srcset=\"https:\/\/tn.com.ar\/resizer\/v2\/mauro-icardi-junto-a-la-china-suarez-y-sus-hijos-foto-movilpress-MXVFOFQFPJECPJ6JHIF3XV7CPM.jpg?auth=52d849eefee14fe36d6944dfe355ec79679748d5983ed9add7e3984f3d9849ea&amp;width=767\" type=\"image\/jpg\" media=\"(max-width: 728px)\" \/><source srcset=\"https:\/\/tn.com.ar\/resizer\/v2\/mauro-icardi-junto-a-la-china-suarez-y-sus-hijos-foto-movilpress-MXVFOFQFPJECPJ6JHIF3XV7CPM.jpg?auth=52d849eefee14fe36d6944dfe355ec79679748d5983ed9add7e3984f3d9849ea&amp;width=1023\" type=\"image\/jpg\" media=\"(max-width: 1023px)\" \/><source srcset=\"https:\/\/tn.com.ar\/resizer\/v2\/mauro-icardi-junto-a-la-china-suarez-y-sus-hijos-foto-movilpress-MXVFOFQFPJECPJ6JHIF3XV7CPM.jpg?auth=52d849eefee14fe36d6944dfe355ec79679748d5983ed9add7e3984f3d9849ea&amp;width=1440\" type=\"image\/jpg\" \/><img loading=\"lazy\" decoding=\"async\" class=\"image content-image image_placeholder\" src=\"https:\/\/tn.com.ar\/resizer\/v2\/mauro-icardi-junto-a-la-china-suarez-y-sus-hijos-foto-movilpress-MXVFOFQFPJECPJ6JHIF3XV7CPM.jpg?auth=52d849eefee14fe36d6944dfe355ec79679748d5983ed9add7e3984f3d9849ea&amp;width=767\" alt=\"Mauro Icardi junto a la China Su\u00e1rez y sus hijos. (Foto: Movilpress)\" width=\"767\" height=\"430\" data-testid=\"loading-testid\" \/><\/picture><\/div><figcaption class=\"caption_image\" data-testid=\"figcaption-testid\">\n<div class=\"image_caption \">Mauro Icardi junto a la China Su\u00e1rez y sus hijos. (Foto: Movilpress)<\/div>\n<\/figcaption><\/figure>\n<p class=\"paragraph font__body-regular\">As\u00ed lo cont\u00f3 Yanina Latorre en\u00a0<i>LAM (Am\u00e9rica)<\/i>\u00a0mientras recib\u00eda informaci\u00f3n in situ:\u00a0<b>\u201cA un restaurante importante de Recoleta cayeron Icardi y la China y una pareja m\u00e1s a comer. Subieron al tercer piso y&#8230;. \u00a1echaron a todos los comensales!\u201d.<\/b><\/p>\n<p class=\"paragraph font__body-regular\">Aunque la picante \u201cangelita\u201d no ampli\u00f3 detalles sobre lo que pudo provocar esta supuesta exigencia, en redes hubo rechazo al escuchar esta versi\u00f3n, ya que<b>\u00a0calificaron a la pareja como \u201carrogante\u201d y \u201csoberbia\u201d.<\/b><\/p>\n<h2 class=\"font--primary font__display\">Wanda Nara mostr\u00f3 fotos de su viaje a Ibiza: sorprendi\u00f3 una coincidencia con la China Su\u00e1rez y Mauro Icardi<\/h2>\n<p class=\"paragraph font__body-regular\"><b>Wanda Nara<\/b>\u00a0lleg\u00f3 a Ibiza y desat\u00f3 una nueva batalla. En sus redes sociales, la medi\u00e1tica anunci\u00f3 su arribo y un detalle no pas\u00f3 inadvertido entre los usuarios:<b>\u00a0\u00bffue una provocaci\u00f3n a\u00a0<\/b><b>Mauro Icardi<\/b><b>\u00a0y la\u00a0<\/b><b>China Su\u00e1rez<\/b><b>?<\/b><\/p>\n<p class=\"paragraph font__body-regular\">Despu\u00e9s de una brev\u00edsima estad\u00eda en Munich y luego de cumplir con sus compromisos en Mil\u00e1n, la conductora arrib\u00f3 a Ibiza en su avi\u00f3n privado.<\/p>\n<figure class=\"\" data-testid=\"figure-testid\">\n<div class=\"aspect_ratio__container\"><picture class=\"responsive-image\"><source srcset=\"https:\/\/tn.com.ar\/resizer\/v2\/wanda-nara-llego-a-ibiza-y-desato-una-nueva-batalla-la-provocacion-a-mauro-icardi-y-la-china-suarez-foto-instagram-wandanara-LNT37MMYZVGXVATNXTGOJWGJFE.jpg?auth=fd398e6b491ab9eeac1aad815ce085c8e6ea8c755d3914aebbbcc2927c5e18e7&amp;width=767\" type=\"image\/jpg\" media=\"(max-width: 728px)\" \/><source srcset=\"https:\/\/tn.com.ar\/resizer\/v2\/wanda-nara-llego-a-ibiza-y-desato-una-nueva-batalla-la-provocacion-a-mauro-icardi-y-la-china-suarez-foto-instagram-wandanara-LNT37MMYZVGXVATNXTGOJWGJFE.jpg?auth=fd398e6b491ab9eeac1aad815ce085c8e6ea8c755d3914aebbbcc2927c5e18e7&amp;width=1023\" type=\"image\/jpg\" media=\"(max-width: 1023px)\" \/><source srcset=\"https:\/\/tn.com.ar\/resizer\/v2\/wanda-nara-llego-a-ibiza-y-desato-una-nueva-batalla-la-provocacion-a-mauro-icardi-y-la-china-suarez-foto-instagram-wandanara-LNT37MMYZVGXVATNXTGOJWGJFE.jpg?auth=fd398e6b491ab9eeac1aad815ce085c8e6ea8c755d3914aebbbcc2927c5e18e7&amp;width=1440\" type=\"image\/jpg\" \/><img loading=\"lazy\" decoding=\"async\" class=\"image content-image image_placeholder\" src=\"https:\/\/tn.com.ar\/resizer\/v2\/wanda-nara-llego-a-ibiza-y-desato-una-nueva-batalla-la-provocacion-a-mauro-icardi-y-la-china-suarez-foto-instagram-wandanara-LNT37MMYZVGXVATNXTGOJWGJFE.jpg?auth=fd398e6b491ab9eeac1aad815ce085c8e6ea8c755d3914aebbbcc2927c5e18e7&amp;width=767\" alt=\"Wanda Nara lleg\u00f3 a Ibiza y desat\u00f3 una nueva batalla: la provocaci\u00f3n a Mauro Icardi y la China Su\u00e1rez (Foto: Instagram \/wanda_nara)\" width=\"767\" height=\"2908\" data-testid=\"loading-testid\" \/><\/picture><\/div><figcaption class=\"caption_image\" data-testid=\"figcaption-testid\">\n<div class=\"image_caption \">Wanda Nara lleg\u00f3 a Ibiza y desat\u00f3 una nueva batalla: la provocaci\u00f3n a Mauro Icardi y la China Su\u00e1rez (Foto: Instagram \/wanda_nara)<\/div>\n<\/figcaption><\/figure>\n<p class=\"paragraph font__body-regular\">En sus historias de Instagram comparti\u00f3 el minuto a minuto de su viaje y dej\u00f3 ver el look: un pantal\u00f3n de tela liviana en color arena y\u00a0<b>una remera blanca con una cereza.\u00a0<\/b>Como accesorios eligi\u00f3\u00a0<b>una cartera bord\u00f3 con el dibujo de la misma fruta<\/b>, sandalias en la misma tonalidad y lentes de sol.<\/p>\n<p class=\"paragraph font__body-regular\">El detalle que no pas\u00f3 inadvertido entres los usuarios fue que\u00a0<b>Wanda acompa\u00f1\u00f3 casi todas las historias con emojis de cerezas<\/b>. Casualmente, el mismo que en los \u00faltimos d\u00edas estuvieron usando la China y Mauro.<\/p>\n<figure class=\"\" data-testid=\"figure-testid\">\n<div class=\"aspect_ratio__container\"><picture class=\"responsive-image\"><source srcset=\"https:\/\/tn.com.ar\/resizer\/v2\/la-china-suarez-en-redes-sociales-foto-instagram-sangrejaponesa-MK7R3VDIYJHL7NV2HZDYOBYDEA.png?auth=a924dbd0a7bd04b82750b219e113ae777dc30bbfa94ad0d6e6536965cac75fc4&amp;width=767\" type=\"image\/jpg\" media=\"(max-width: 728px)\" \/><source srcset=\"https:\/\/tn.com.ar\/resizer\/v2\/la-china-suarez-en-redes-sociales-foto-instagram-sangrejaponesa-MK7R3VDIYJHL7NV2HZDYOBYDEA.png?auth=a924dbd0a7bd04b82750b219e113ae777dc30bbfa94ad0d6e6536965cac75fc4&amp;width=1023\" type=\"image\/jpg\" media=\"(max-width: 1023px)\" \/><source srcset=\"https:\/\/tn.com.ar\/resizer\/v2\/la-china-suarez-en-redes-sociales-foto-instagram-sangrejaponesa-MK7R3VDIYJHL7NV2HZDYOBYDEA.png?auth=a924dbd0a7bd04b82750b219e113ae777dc30bbfa94ad0d6e6536965cac75fc4&amp;width=1440\" type=\"image\/jpg\" \/><img loading=\"lazy\" decoding=\"async\" class=\"image content-image image_placeholder\" src=\"https:\/\/tn.com.ar\/resizer\/v2\/la-china-suarez-en-redes-sociales-foto-instagram-sangrejaponesa-MK7R3VDIYJHL7NV2HZDYOBYDEA.png?auth=a924dbd0a7bd04b82750b219e113ae777dc30bbfa94ad0d6e6536965cac75fc4&amp;width=767\" alt=\"La China Su\u00e1rez en redes sociales. (Foto: Instagram \/sangrejaponesa)\" width=\"767\" height=\"558\" data-testid=\"loading-testid\" \/><\/picture><\/div><figcaption class=\"caption_image\" data-testid=\"figcaption-testid\">\n<div class=\"image_caption \">La China Su\u00e1rez en redes sociales. (Foto: Instagram \/sangrejaponesa)<\/div>\n<\/figcaption><\/figure>\n<p class=\"paragraph font__body-regular\">El 22 de mayo, la ex\u00a0<i>Casi \u00c1ngeles<\/i>\u00a0hab\u00eda realizado un posteo donde se mostraba\u00a0<b>comiendo esa fruta y acompa\u00f1\u00f3 la descripci\u00f3n con tres emojis alusivos<\/b>.<\/p>\n<p class=\"paragraph font__body-regular\">Por su parte, este domingo el futbolista realiz\u00f3 una publicaci\u00f3n donde comparti\u00f3 un carrusel de fotos sobre su estad\u00eda en Ibiza. En la descripci\u00f3n del posteo\u00a0<b>tambi\u00e9n utiliz\u00f3 el emoji de una cereza<\/b>.<\/p>\n<figure class=\"\" data-testid=\"figure-testid\">\n<div class=\"aspect_ratio__container\"><picture class=\"responsive-image\"><source srcset=\"https:\/\/tn.com.ar\/resizer\/v2\/la-llamativa-coincidencia-entre-la-china-suarez-wanda-nara-y-mauro-icardi-no-paso-inadvertida-entre-los-usuarios-foto-captura-x-elejercitodelam-FCBIFKROWRFRDAQUWNLFMFZNIM.png?auth=d885e83a5b01f02a17b3b0a44e6a63da3daafd9abdbf5a587ffa5faffe624433&amp;width=767\" type=\"image\/jpg\" media=\"(max-width: 728px)\" \/><source srcset=\"https:\/\/tn.com.ar\/resizer\/v2\/la-llamativa-coincidencia-entre-la-china-suarez-wanda-nara-y-mauro-icardi-no-paso-inadvertida-entre-los-usuarios-foto-captura-x-elejercitodelam-FCBIFKROWRFRDAQUWNLFMFZNIM.png?auth=d885e83a5b01f02a17b3b0a44e6a63da3daafd9abdbf5a587ffa5faffe624433&amp;width=1023\" type=\"image\/jpg\" media=\"(max-width: 1023px)\" \/><source srcset=\"https:\/\/tn.com.ar\/resizer\/v2\/la-llamativa-coincidencia-entre-la-china-suarez-wanda-nara-y-mauro-icardi-no-paso-inadvertida-entre-los-usuarios-foto-captura-x-elejercitodelam-FCBIFKROWRFRDAQUWNLFMFZNIM.png?auth=d885e83a5b01f02a17b3b0a44e6a63da3daafd9abdbf5a587ffa5faffe624433&amp;width=1440\" type=\"image\/jpg\" \/><img loading=\"lazy\" decoding=\"async\" class=\"image content-image image_placeholder\" src=\"https:\/\/tn.com.ar\/resizer\/v2\/la-llamativa-coincidencia-entre-la-china-suarez-wanda-nara-y-mauro-icardi-no-paso-inadvertida-entre-los-usuarios-foto-captura-x-elejercitodelam-FCBIFKROWRFRDAQUWNLFMFZNIM.png?auth=d885e83a5b01f02a17b3b0a44e6a63da3daafd9abdbf5a587ffa5faffe624433&amp;width=767\" alt=\"La llamativa coincidencia entre la China Su\u00e1rez, Wanda Nara y Mauro Icardi no pas\u00f3 inadvertida entre los usuarios. (Foto: Captura X \/elejercitodelam)\" width=\"767\" height=\"1278\" data-testid=\"loading-testid\" \/><\/picture><\/div><figcaption class=\"caption_image\" data-testid=\"figcaption-testid\">\n<div class=\"image_caption \">La llamativa coincidencia entre la China Su\u00e1rez, Wanda Nara y Mauro Icardi no pas\u00f3 inadvertida entre los usuarios. (Foto: Captura X \/elejercitodelam)<\/div>\n<\/figcaption><\/figure>\n<p class=\"paragraph font__body-regular\">La coincidencia no pas\u00f3 inadvertida entre los usuarios:\u00a0<b>mientras muchos se\u00f1alaron que los tres hacen un juego medi\u00e1tico, otros repararon en que la cereza es un s\u00edmbolo de la isla.<\/b><\/p>\n<\/div>\n<p><\/main><\/div>\n<aside class=\"col-right-rail right-rail\">\n<div id=\"parent-ad-slot-caja\" class=\"ad-container caja_ad \">\n<div class=\"ad-content\">\n<div id=\"ad-slot-caja\" class=\"ad-slot-caja ad-slot\" data-adtype=\"caja\" data-google-query-id=\"CLKJuPbc1o0DFX1c3QIdsAMy3A\"><\/div>\n<\/div>\n<\/div>\n<\/aside>\n","protected":false},"excerpt":{"rendered":"<p>De acuerdo a la versi\u00f3n de Yanina Latorre, la pareja habr\u00eda exigido al local \u201cdespejar\u201d el lugar para comer tranquilos y en redes hubo indignaci\u00f3n. Este lunes, la\u00a0China Su\u00e1rez\u00a0y\u00a0Mauro Icardi\u00a0regresaron a Buenos Aires despu\u00e9s de su corta estad\u00eda en Ibiza. Ni bien aterrizaron, se encontraron con amigos para cenar en un exclusivo restaurante ubicado en [&hellip;]<\/p>\n","protected":false},"author":1,"featured_media":1317,"comment_status":"open","ping_status":"open","sticky":false,"template":"","format":"standard","meta":{"rop_custom_images_group":[],"rop_custom_messages_group":[],"rop_publish_now":"initial","rop_publish_now_accounts":[],"rop_publish_now_history":[],"rop_publish_now_status":"pending","footnotes":"","jetpack_publicize_message":"","jetpack_publicize_feature_enabled":true,"jetpack_social_post_already_shared":true,"jetpack_social_options":{"image_generator_settings":{"template":"highway","enabled":false},"version":2}},"categories":[12],"tags":[],"class_list":{"0":"post-1314","1":"post","2":"type-post","3":"status-publish","4":"format-standard","5":"has-post-thumbnail","7":"category-espectaculos"},"jetpack_publicize_connections":[],"yoast_head":"<!-- This site is optimized with the Yoast SEO plugin v27.3 - https:\/\/yoast.com\/product\/yoast-seo-wordpress\/ -->\n<title>La supuesta actitud que tuvieron la China Su\u00e1rez y Mauro Icardi en un restaurante y desat\u00f3 duras cr\u00edticas - CLAN ESPECTACULOS<\/title>\n<meta name=\"robots\" content=\"index, follow, max-snippet:-1, max-image-preview:large, max-video-preview:-1\" \/>\n<link rel=\"canonical\" href=\"https:\/\/radioclanfm.com\/clanespectaculos\/la-supuesta-actitud-que-tuvieron-la-china-suarez-y-mauro-icardi-en-un-restaurante-y-desato-duras-criticas\/\" \/>\n<meta property=\"og:locale\" content=\"es_ES\" \/>\n<meta property=\"og:type\" content=\"article\" \/>\n<meta property=\"og:title\" content=\"La supuesta actitud que tuvieron la China Su\u00e1rez y Mauro Icardi en un restaurante y desat\u00f3 duras cr\u00edticas - CLAN ESPECTACULOS\" \/>\n<meta property=\"og:description\" content=\"De acuerdo a la versi\u00f3n de Yanina Latorre, la pareja habr\u00eda exigido al local \u201cdespejar\u201d el lugar para comer tranquilos y en redes hubo indignaci\u00f3n. Este lunes, la\u00a0China Su\u00e1rez\u00a0y\u00a0Mauro Icardi\u00a0regresaron a Buenos Aires despu\u00e9s de su corta estad\u00eda en Ibiza. Ni bien aterrizaron, se encontraron con amigos para cenar en un exclusivo restaurante ubicado en [&hellip;]\" \/>\n<meta property=\"og:url\" content=\"https:\/\/radioclanfm.com\/clanespectaculos\/la-supuesta-actitud-que-tuvieron-la-china-suarez-y-mauro-icardi-en-un-restaurante-y-desato-duras-criticas\/\" \/>\n<meta property=\"og:site_name\" content=\"CLAN ESPECTACULOS\" \/>\n<meta property=\"article:publisher\" content=\"https:\/\/www.facebook.com\/clanespectaculos\/\" \/>\n<meta property=\"article:published_time\" content=\"2025-06-04T02:34:11+00:00\" \/>\n<meta property=\"og:image\" content=\"https:\/\/radioclanfm.com\/clanespectaculos\/wp-content\/uploads\/sites\/2\/2025\/06\/mauro-icardi-y-china-suarezjpg.webp\" \/>\n\t<meta property=\"og:image:width\" content=\"1200\" \/>\n\t<meta property=\"og:image:height\" content=\"675\" \/>\n\t<meta property=\"og:image:type\" content=\"image\/webp\" \/>\n<meta name=\"author\" content=\"E-GRUPOCLAN\" \/>\n<meta name=\"twitter:card\" content=\"summary_large_image\" \/>\n<meta name=\"twitter:creator\" content=\"@clanespectok\" \/>\n<meta name=\"twitter:site\" content=\"@clanespectok\" \/>\n<meta name=\"twitter:label1\" content=\"Escrito por\" \/>\n\t<meta name=\"twitter:data1\" content=\"E-GRUPOCLAN\" \/>\n\t<meta name=\"twitter:label2\" content=\"Tiempo de lectura\" \/>\n\t<meta name=\"twitter:data2\" content=\"3 minutos\" \/>\n<script type=\"application\/ld+json\" class=\"yoast-schema-graph\">{\"@context\":\"https:\\\/\\\/schema.org\",\"@graph\":[{\"@type\":\"Article\",\"@id\":\"https:\\\/\\\/radioclanfm.com\\\/clanespectaculos\\\/la-supuesta-actitud-que-tuvieron-la-china-suarez-y-mauro-icardi-en-un-restaurante-y-desato-duras-criticas\\\/#article\",\"isPartOf\":{\"@id\":\"https:\\\/\\\/radioclanfm.com\\\/clanespectaculos\\\/la-supuesta-actitud-que-tuvieron-la-china-suarez-y-mauro-icardi-en-un-restaurante-y-desato-duras-criticas\\\/\"},\"author\":{\"name\":\"E-GRUPOCLAN\",\"@id\":\"https:\\\/\\\/radioclanfm.com\\\/clanespectaculos\\\/#\\\/schema\\\/person\\\/9734813083303230f3ad84d99171b20c\"},\"headline\":\"La supuesta actitud que tuvieron la China Su\u00e1rez y Mauro Icardi en un restaurante y desat\u00f3 duras cr\u00edticas\",\"datePublished\":\"2025-06-04T02:34:11+00:00\",\"mainEntityOfPage\":{\"@id\":\"https:\\\/\\\/radioclanfm.com\\\/clanespectaculos\\\/la-supuesta-actitud-que-tuvieron-la-china-suarez-y-mauro-icardi-en-un-restaurante-y-desato-duras-criticas\\\/\"},\"wordCount\":564,\"commentCount\":0,\"publisher\":{\"@id\":\"https:\\\/\\\/radioclanfm.com\\\/clanespectaculos\\\/#organization\"},\"image\":{\"@id\":\"https:\\\/\\\/radioclanfm.com\\\/clanespectaculos\\\/la-supuesta-actitud-que-tuvieron-la-china-suarez-y-mauro-icardi-en-un-restaurante-y-desato-duras-criticas\\\/#primaryimage\"},\"thumbnailUrl\":\"https:\\\/\\\/radioclanfm.com\\\/clanespectaculos\\\/wp-content\\\/uploads\\\/sites\\\/2\\\/2025\\\/06\\\/mauro-icardi-y-china-suarezjpg.webp\",\"articleSection\":[\"Espectaculos\"],\"inLanguage\":\"es-AR\",\"potentialAction\":[{\"@type\":\"CommentAction\",\"name\":\"Comment\",\"target\":[\"https:\\\/\\\/radioclanfm.com\\\/clanespectaculos\\\/la-supuesta-actitud-que-tuvieron-la-china-suarez-y-mauro-icardi-en-un-restaurante-y-desato-duras-criticas\\\/#respond\"]}]},{\"@type\":\"WebPage\",\"@id\":\"https:\\\/\\\/radioclanfm.com\\\/clanespectaculos\\\/la-supuesta-actitud-que-tuvieron-la-china-suarez-y-mauro-icardi-en-un-restaurante-y-desato-duras-criticas\\\/\",\"url\":\"https:\\\/\\\/radioclanfm.com\\\/clanespectaculos\\\/la-supuesta-actitud-que-tuvieron-la-china-suarez-y-mauro-icardi-en-un-restaurante-y-desato-duras-criticas\\\/\",\"name\":\"La supuesta actitud que tuvieron la China Su\u00e1rez y Mauro Icardi en un restaurante y desat\u00f3 duras cr\u00edticas - CLAN ESPECTACULOS\",\"isPartOf\":{\"@id\":\"https:\\\/\\\/radioclanfm.com\\\/clanespectaculos\\\/#website\"},\"primaryImageOfPage\":{\"@id\":\"https:\\\/\\\/radioclanfm.com\\\/clanespectaculos\\\/la-supuesta-actitud-que-tuvieron-la-china-suarez-y-mauro-icardi-en-un-restaurante-y-desato-duras-criticas\\\/#primaryimage\"},\"image\":{\"@id\":\"https:\\\/\\\/radioclanfm.com\\\/clanespectaculos\\\/la-supuesta-actitud-que-tuvieron-la-china-suarez-y-mauro-icardi-en-un-restaurante-y-desato-duras-criticas\\\/#primaryimage\"},\"thumbnailUrl\":\"https:\\\/\\\/radioclanfm.com\\\/clanespectaculos\\\/wp-content\\\/uploads\\\/sites\\\/2\\\/2025\\\/06\\\/mauro-icardi-y-china-suarezjpg.webp\",\"datePublished\":\"2025-06-04T02:34:11+00:00\",\"breadcrumb\":{\"@id\":\"https:\\\/\\\/radioclanfm.com\\\/clanespectaculos\\\/la-supuesta-actitud-que-tuvieron-la-china-suarez-y-mauro-icardi-en-un-restaurante-y-desato-duras-criticas\\\/#breadcrumb\"},\"inLanguage\":\"es-AR\",\"potentialAction\":[{\"@type\":\"ReadAction\",\"target\":[\"https:\\\/\\\/radioclanfm.com\\\/clanespectaculos\\\/la-supuesta-actitud-que-tuvieron-la-china-suarez-y-mauro-icardi-en-un-restaurante-y-desato-duras-criticas\\\/\"]}]},{\"@type\":\"ImageObject\",\"inLanguage\":\"es-AR\",\"@id\":\"https:\\\/\\\/radioclanfm.com\\\/clanespectaculos\\\/la-supuesta-actitud-que-tuvieron-la-china-suarez-y-mauro-icardi-en-un-restaurante-y-desato-duras-criticas\\\/#primaryimage\",\"url\":\"https:\\\/\\\/radioclanfm.com\\\/clanespectaculos\\\/wp-content\\\/uploads\\\/sites\\\/2\\\/2025\\\/06\\\/mauro-icardi-y-china-suarezjpg.webp\",\"contentUrl\":\"https:\\\/\\\/radioclanfm.com\\\/clanespectaculos\\\/wp-content\\\/uploads\\\/sites\\\/2\\\/2025\\\/06\\\/mauro-icardi-y-china-suarezjpg.webp\",\"width\":1200,\"height\":675},{\"@type\":\"BreadcrumbList\",\"@id\":\"https:\\\/\\\/radioclanfm.com\\\/clanespectaculos\\\/la-supuesta-actitud-que-tuvieron-la-china-suarez-y-mauro-icardi-en-un-restaurante-y-desato-duras-criticas\\\/#breadcrumb\",\"itemListElement\":[{\"@type\":\"ListItem\",\"position\":1,\"name\":\"Inicio\",\"item\":\"https:\\\/\\\/radioclanfm.com\\\/clanespectaculos\\\/\"},{\"@type\":\"ListItem\",\"position\":2,\"name\":\"La supuesta actitud que tuvieron la China Su\u00e1rez y Mauro Icardi en un restaurante y desat\u00f3 duras cr\u00edticas\"}]},{\"@type\":\"WebSite\",\"@id\":\"https:\\\/\\\/radioclanfm.com\\\/clanespectaculos\\\/#website\",\"url\":\"https:\\\/\\\/radioclanfm.com\\\/clanespectaculos\\\/\",\"name\":\"CLAN ESPECTACULOS\",\"description\":\"\",\"publisher\":{\"@id\":\"https:\\\/\\\/radioclanfm.com\\\/clanespectaculos\\\/#organization\"},\"potentialAction\":[{\"@type\":\"SearchAction\",\"target\":{\"@type\":\"EntryPoint\",\"urlTemplate\":\"https:\\\/\\\/radioclanfm.com\\\/clanespectaculos\\\/?s={search_term_string}\"},\"query-input\":{\"@type\":\"PropertyValueSpecification\",\"valueRequired\":true,\"valueName\":\"search_term_string\"}}],\"inLanguage\":\"es-AR\"},{\"@type\":\"Organization\",\"@id\":\"https:\\\/\\\/radioclanfm.com\\\/clanespectaculos\\\/#organization\",\"name\":\"CLAN ESPECTACULOS\",\"url\":\"https:\\\/\\\/radioclanfm.com\\\/clanespectaculos\\\/\",\"logo\":{\"@type\":\"ImageObject\",\"inLanguage\":\"es-AR\",\"@id\":\"https:\\\/\\\/radioclanfm.com\\\/clanespectaculos\\\/#\\\/schema\\\/logo\\\/image\\\/\",\"url\":\"https:\\\/\\\/radioclanfm.com\\\/clanespectaculos\\\/wp-content\\\/uploads\\\/sites\\\/2\\\/2026\\\/04\\\/ChatGPT-Image-23-mar-2026-10_09_00.png\",\"contentUrl\":\"https:\\\/\\\/radioclanfm.com\\\/clanespectaculos\\\/wp-content\\\/uploads\\\/sites\\\/2\\\/2026\\\/04\\\/ChatGPT-Image-23-mar-2026-10_09_00.png\",\"width\":1024,\"height\":1024,\"caption\":\"CLAN ESPECTACULOS\"},\"image\":{\"@id\":\"https:\\\/\\\/radioclanfm.com\\\/clanespectaculos\\\/#\\\/schema\\\/logo\\\/image\\\/\"},\"sameAs\":[\"https:\\\/\\\/www.facebook.com\\\/clanespectaculos\\\/\",\"https:\\\/\\\/x.com\\\/clanespectok\"]},{\"@type\":\"Person\",\"@id\":\"https:\\\/\\\/radioclanfm.com\\\/clanespectaculos\\\/#\\\/schema\\\/person\\\/9734813083303230f3ad84d99171b20c\",\"name\":\"E-GRUPOCLAN\",\"image\":{\"@type\":\"ImageObject\",\"inLanguage\":\"es-AR\",\"@id\":\"https:\\\/\\\/secure.gravatar.com\\\/avatar\\\/af6e19837c3d6a212034a48c7b3818d2ac1826f6025df0155da5a186ad321d79?s=96&d=mm&r=g\",\"url\":\"https:\\\/\\\/secure.gravatar.com\\\/avatar\\\/af6e19837c3d6a212034a48c7b3818d2ac1826f6025df0155da5a186ad321d79?s=96&d=mm&r=g\",\"contentUrl\":\"https:\\\/\\\/secure.gravatar.com\\\/avatar\\\/af6e19837c3d6a212034a48c7b3818d2ac1826f6025df0155da5a186ad321d79?s=96&d=mm&r=g\",\"caption\":\"E-GRUPOCLAN\"},\"sameAs\":[\"https:\\\/\\\/radioclanfm.com\"],\"url\":\"https:\\\/\\\/radioclanfm.com\\\/clanespectaculos\\\/author\\\/admin\\\/\"}]}<\/script>\n<!-- \/ Yoast SEO plugin. -->","yoast_head_json":{"title":"La supuesta actitud que tuvieron la China Su\u00e1rez y Mauro Icardi en un restaurante y desat\u00f3 duras cr\u00edticas - CLAN ESPECTACULOS","robots":{"index":"index","follow":"follow","max-snippet":"max-snippet:-1","max-image-preview":"max-image-preview:large","max-video-preview":"max-video-preview:-1"},"canonical":"https:\/\/radioclanfm.com\/clanespectaculos\/la-supuesta-actitud-que-tuvieron-la-china-suarez-y-mauro-icardi-en-un-restaurante-y-desato-duras-criticas\/","og_locale":"es_ES","og_type":"article","og_title":"La supuesta actitud que tuvieron la China Su\u00e1rez y Mauro Icardi en un restaurante y desat\u00f3 duras cr\u00edticas - CLAN ESPECTACULOS","og_description":"De acuerdo a la versi\u00f3n de Yanina Latorre, la pareja habr\u00eda exigido al local \u201cdespejar\u201d el lugar para comer tranquilos y en redes hubo indignaci\u00f3n. Este lunes, la\u00a0China Su\u00e1rez\u00a0y\u00a0Mauro Icardi\u00a0regresaron a Buenos Aires despu\u00e9s de su corta estad\u00eda en Ibiza. Ni bien aterrizaron, se encontraron con amigos para cenar en un exclusivo restaurante ubicado en [&hellip;]","og_url":"https:\/\/radioclanfm.com\/clanespectaculos\/la-supuesta-actitud-que-tuvieron-la-china-suarez-y-mauro-icardi-en-un-restaurante-y-desato-duras-criticas\/","og_site_name":"CLAN ESPECTACULOS","article_publisher":"https:\/\/www.facebook.com\/clanespectaculos\/","article_published_time":"2025-06-04T02:34:11+00:00","og_image":[{"width":1200,"height":675,"url":"https:\/\/radioclanfm.com\/clanespectaculos\/wp-content\/uploads\/sites\/2\/2025\/06\/mauro-icardi-y-china-suarezjpg.webp","type":"image\/webp"}],"author":"E-GRUPOCLAN","twitter_card":"summary_large_image","twitter_creator":"@clanespectok","twitter_site":"@clanespectok","twitter_misc":{"Escrito por":"E-GRUPOCLAN","Tiempo de lectura":"3 minutos"},"schema":{"@context":"https:\/\/schema.org","@graph":[{"@type":"Article","@id":"https:\/\/radioclanfm.com\/clanespectaculos\/la-supuesta-actitud-que-tuvieron-la-china-suarez-y-mauro-icardi-en-un-restaurante-y-desato-duras-criticas\/#article","isPartOf":{"@id":"https:\/\/radioclanfm.com\/clanespectaculos\/la-supuesta-actitud-que-tuvieron-la-china-suarez-y-mauro-icardi-en-un-restaurante-y-desato-duras-criticas\/"},"author":{"name":"E-GRUPOCLAN","@id":"https:\/\/radioclanfm.com\/clanespectaculos\/#\/schema\/person\/9734813083303230f3ad84d99171b20c"},"headline":"La supuesta actitud que tuvieron la China Su\u00e1rez y Mauro Icardi en un restaurante y desat\u00f3 duras cr\u00edticas","datePublished":"2025-06-04T02:34:11+00:00","mainEntityOfPage":{"@id":"https:\/\/radioclanfm.com\/clanespectaculos\/la-supuesta-actitud-que-tuvieron-la-china-suarez-y-mauro-icardi-en-un-restaurante-y-desato-duras-criticas\/"},"wordCount":564,"commentCount":0,"publisher":{"@id":"https:\/\/radioclanfm.com\/clanespectaculos\/#organization"},"image":{"@id":"https:\/\/radioclanfm.com\/clanespectaculos\/la-supuesta-actitud-que-tuvieron-la-china-suarez-y-mauro-icardi-en-un-restaurante-y-desato-duras-criticas\/#primaryimage"},"thumbnailUrl":"https:\/\/radioclanfm.com\/clanespectaculos\/wp-content\/uploads\/sites\/2\/2025\/06\/mauro-icardi-y-china-suarezjpg.webp","articleSection":["Espectaculos"],"inLanguage":"es-AR","potentialAction":[{"@type":"CommentAction","name":"Comment","target":["https:\/\/radioclanfm.com\/clanespectaculos\/la-supuesta-actitud-que-tuvieron-la-china-suarez-y-mauro-icardi-en-un-restaurante-y-desato-duras-criticas\/#respond"]}]},{"@type":"WebPage","@id":"https:\/\/radioclanfm.com\/clanespectaculos\/la-supuesta-actitud-que-tuvieron-la-china-suarez-y-mauro-icardi-en-un-restaurante-y-desato-duras-criticas\/","url":"https:\/\/radioclanfm.com\/clanespectaculos\/la-supuesta-actitud-que-tuvieron-la-china-suarez-y-mauro-icardi-en-un-restaurante-y-desato-duras-criticas\/","name":"La supuesta actitud que tuvieron la China Su\u00e1rez y Mauro Icardi en un restaurante y desat\u00f3 duras cr\u00edticas - CLAN ESPECTACULOS","isPartOf":{"@id":"https:\/\/radioclanfm.com\/clanespectaculos\/#website"},"primaryImageOfPage":{"@id":"https:\/\/radioclanfm.com\/clanespectaculos\/la-supuesta-actitud-que-tuvieron-la-china-suarez-y-mauro-icardi-en-un-restaurante-y-desato-duras-criticas\/#primaryimage"},"image":{"@id":"https:\/\/radioclanfm.com\/clanespectaculos\/la-supuesta-actitud-que-tuvieron-la-china-suarez-y-mauro-icardi-en-un-restaurante-y-desato-duras-criticas\/#primaryimage"},"thumbnailUrl":"https:\/\/radioclanfm.com\/clanespectaculos\/wp-content\/uploads\/sites\/2\/2025\/06\/mauro-icardi-y-china-suarezjpg.webp","datePublished":"2025-06-04T02:34:11+00:00","breadcrumb":{"@id":"https:\/\/radioclanfm.com\/clanespectaculos\/la-supuesta-actitud-que-tuvieron-la-china-suarez-y-mauro-icardi-en-un-restaurante-y-desato-duras-criticas\/#breadcrumb"},"inLanguage":"es-AR","potentialAction":[{"@type":"ReadAction","target":["https:\/\/radioclanfm.com\/clanespectaculos\/la-supuesta-actitud-que-tuvieron-la-china-suarez-y-mauro-icardi-en-un-restaurante-y-desato-duras-criticas\/"]}]},{"@type":"ImageObject","inLanguage":"es-AR","@id":"https:\/\/radioclanfm.com\/clanespectaculos\/la-supuesta-actitud-que-tuvieron-la-china-suarez-y-mauro-icardi-en-un-restaurante-y-desato-duras-criticas\/#primaryimage","url":"https:\/\/radioclanfm.com\/clanespectaculos\/wp-content\/uploads\/sites\/2\/2025\/06\/mauro-icardi-y-china-suarezjpg.webp","contentUrl":"https:\/\/radioclanfm.com\/clanespectaculos\/wp-content\/uploads\/sites\/2\/2025\/06\/mauro-icardi-y-china-suarezjpg.webp","width":1200,"height":675},{"@type":"BreadcrumbList","@id":"https:\/\/radioclanfm.com\/clanespectaculos\/la-supuesta-actitud-que-tuvieron-la-china-suarez-y-mauro-icardi-en-un-restaurante-y-desato-duras-criticas\/#breadcrumb","itemListElement":[{"@type":"ListItem","position":1,"name":"Inicio","item":"https:\/\/radioclanfm.com\/clanespectaculos\/"},{"@type":"ListItem","position":2,"name":"La supuesta actitud que tuvieron la China Su\u00e1rez y Mauro Icardi en un restaurante y desat\u00f3 duras cr\u00edticas"}]},{"@type":"WebSite","@id":"https:\/\/radioclanfm.com\/clanespectaculos\/#website","url":"https:\/\/radioclanfm.com\/clanespectaculos\/","name":"CLAN ESPECTACULOS","description":"","publisher":{"@id":"https:\/\/radioclanfm.com\/clanespectaculos\/#organization"},"potentialAction":[{"@type":"SearchAction","target":{"@type":"EntryPoint","urlTemplate":"https:\/\/radioclanfm.com\/clanespectaculos\/?s={search_term_string}"},"query-input":{"@type":"PropertyValueSpecification","valueRequired":true,"valueName":"search_term_string"}}],"inLanguage":"es-AR"},{"@type":"Organization","@id":"https:\/\/radioclanfm.com\/clanespectaculos\/#organization","name":"CLAN ESPECTACULOS","url":"https:\/\/radioclanfm.com\/clanespectaculos\/","logo":{"@type":"ImageObject","inLanguage":"es-AR","@id":"https:\/\/radioclanfm.com\/clanespectaculos\/#\/schema\/logo\/image\/","url":"https:\/\/radioclanfm.com\/clanespectaculos\/wp-content\/uploads\/sites\/2\/2026\/04\/ChatGPT-Image-23-mar-2026-10_09_00.png","contentUrl":"https:\/\/radioclanfm.com\/clanespectaculos\/wp-content\/uploads\/sites\/2\/2026\/04\/ChatGPT-Image-23-mar-2026-10_09_00.png","width":1024,"height":1024,"caption":"CLAN ESPECTACULOS"},"image":{"@id":"https:\/\/radioclanfm.com\/clanespectaculos\/#\/schema\/logo\/image\/"},"sameAs":["https:\/\/www.facebook.com\/clanespectaculos\/","https:\/\/x.com\/clanespectok"]},{"@type":"Person","@id":"https:\/\/radioclanfm.com\/clanespectaculos\/#\/schema\/person\/9734813083303230f3ad84d99171b20c","name":"E-GRUPOCLAN","image":{"@type":"ImageObject","inLanguage":"es-AR","@id":"https:\/\/secure.gravatar.com\/avatar\/af6e19837c3d6a212034a48c7b3818d2ac1826f6025df0155da5a186ad321d79?s=96&d=mm&r=g","url":"https:\/\/secure.gravatar.com\/avatar\/af6e19837c3d6a212034a48c7b3818d2ac1826f6025df0155da5a186ad321d79?s=96&d=mm&r=g","contentUrl":"https:\/\/secure.gravatar.com\/avatar\/af6e19837c3d6a212034a48c7b3818d2ac1826f6025df0155da5a186ad321d79?s=96&d=mm&r=g","caption":"E-GRUPOCLAN"},"sameAs":["https:\/\/radioclanfm.com"],"url":"https:\/\/radioclanfm.com\/clanespectaculos\/author\/admin\/"}]}},"_links":{"self":[{"href":"https:\/\/radioclanfm.com\/clanespectaculos\/wp-json\/wp\/v2\/posts\/1314","targetHints":{"allow":["GET"]}}],"collection":[{"href":"https:\/\/radioclanfm.com\/clanespectaculos\/wp-json\/wp\/v2\/posts"}],"about":[{"href":"https:\/\/radioclanfm.com\/clanespectaculos\/wp-json\/wp\/v2\/types\/post"}],"author":[{"embeddable":true,"href":"https:\/\/radioclanfm.com\/clanespectaculos\/wp-json\/wp\/v2\/users\/1"}],"replies":[{"embeddable":true,"href":"https:\/\/radioclanfm.com\/clanespectaculos\/wp-json\/wp\/v2\/comments?post=1314"}],"version-history":[{"count":1,"href":"https:\/\/radioclanfm.com\/clanespectaculos\/wp-json\/wp\/v2\/posts\/1314\/revisions"}],"predecessor-version":[{"id":1318,"href":"https:\/\/radioclanfm.com\/clanespectaculos\/wp-json\/wp\/v2\/posts\/1314\/revisions\/1318"}],"wp:featuredmedia":[{"embeddable":true,"href":"https:\/\/radioclanfm.com\/clanespectaculos\/wp-json\/wp\/v2\/media\/1317"}],"wp:attachment":[{"href":"https:\/\/radioclanfm.com\/clanespectaculos\/wp-json\/wp\/v2\/media?parent=1314"}],"wp:term":[{"taxonomy":"category","embeddable":true,"href":"https:\/\/radioclanfm.com\/clanespectaculos\/wp-json\/wp\/v2\/categories?post=1314"},{"taxonomy":"post_tag","embeddable":true,"href":"https:\/\/radioclanfm.com\/clanespectaculos\/wp-json\/wp\/v2\/tags?post=1314"}],"curies":[{"name":"wp","href":"https:\/\/api.w.org\/{rel}","templated":true}]}}