{"id":12922,"date":"2026-03-01T10:23:41","date_gmt":"2026-03-01T13:23:41","guid":{"rendered":"https:\/\/radioclanfm.com\/clanespectaculos\/?p=12922"},"modified":"2026-03-01T10:23:41","modified_gmt":"2026-03-01T13:23:41","slug":"adios-a-la-campera-de-cuero-tradicional-la-tendencia-que-se-impone-este-2026-y-eleva-cualquier-look","status":"publish","type":"post","link":"https:\/\/radioclanfm.com\/clanespectaculos\/adios-a-la-campera-de-cuero-tradicional-la-tendencia-que-se-impone-este-2026-y-eleva-cualquier-look\/","title":{"rendered":"Adi\u00f3s a la campera de cuero tradicional: la tendencia que se impone este 2026 y eleva cualquier look"},"content":{"rendered":"<p>Conoc\u00e9 la alternativa que ser\u00e1 protagonista esta temporada de oto\u00f1o-invierno.<\/p>\n<div class=\"col-content\"><main class=\"col-content\"><\/p>\n<div class=\"default-article-color article__body article__article\">\n<p class=\"paragraph font__body-regular\">La\u00a0<b>campera de cuero cl\u00e1sica<\/b>\u00a0siempre fue un b\u00e1sico infalible en el placard. Sin embargo, hay una\u00a0<b>nueva tendencia<\/b>\u00a0este a\u00f1o que promete robarse el protagonismo: la\u00a0<b>campera de cuero estilo bomber<\/b>.<\/p>\n<div class=\"AV6543bedcd858799fe90b5c47\">\n<div id=\"aniBox\">\n<div id=\"aniplayer_AV6543bedcd858799fe90b5c47-1772371395181\">\n<div id=\"aniplayer_AV6543bedcd858799fe90b5c47-1772371395181gui\">\n<div id=\"av-caption\">\n<div id=\"av-close-btn-overlay\" class=\"av-pos-top-left\"><\/div>\n<\/div>\n<\/div>\n<\/div>\n<\/div>\n<\/div>\n<h2 class=\"font--primary font__display\">Por qu\u00e9 la campera bomber ser\u00e1 tendencia<\/h2>\n<p class=\"paragraph font__body-regular\">La clave est\u00e1 en su\u00a0<b>corte relajado<\/b>, los hombros suaves y una est\u00e9tica que mezcla comodidad con actitud moderna. A diferencia de la campera de cuero tradicional \u2014m\u00e1s r\u00edgida y estructurada\u2014, la bomber suma puntos por su\u00a0<b>versatilidad<\/b>\u00a0y su capacidad de adaptarse a cualquier plan.<\/p>\n<figure class=\"\" data-testid=\"figure-testid\">\n<div class=\"aspect_ratio__container\"><picture class=\"responsive-image\"><source srcset=\"https:\/\/tn.com.ar\/resizer\/v2\/las-campera-bomber-de-cuero-son-la-nueva-tendencia-foto-chatgpt-46G3MPMJFVEWZF3ZDA53XI4IFU.png?auth=95dc2f3922541b4c79d76488fd223edb4484b27502e5c3ec4d296301717be0a0&amp;width=767\" type=\"image\/jpg\" media=\"(max-width: 728px)\" \/><source srcset=\"https:\/\/tn.com.ar\/resizer\/v2\/las-campera-bomber-de-cuero-son-la-nueva-tendencia-foto-chatgpt-46G3MPMJFVEWZF3ZDA53XI4IFU.png?auth=95dc2f3922541b4c79d76488fd223edb4484b27502e5c3ec4d296301717be0a0&amp;width=1023\" type=\"image\/jpg\" media=\"(max-width: 1023px)\" \/><source srcset=\"https:\/\/tn.com.ar\/resizer\/v2\/las-campera-bomber-de-cuero-son-la-nueva-tendencia-foto-chatgpt-46G3MPMJFVEWZF3ZDA53XI4IFU.png?auth=95dc2f3922541b4c79d76488fd223edb4484b27502e5c3ec4d296301717be0a0&amp;width=1440\" type=\"image\/jpg\" \/><img loading=\"lazy\" decoding=\"async\" class=\"image content-image image_placeholder\" src=\"https:\/\/tn.com.ar\/resizer\/v2\/las-campera-bomber-de-cuero-son-la-nueva-tendencia-foto-chatgpt-46G3MPMJFVEWZF3ZDA53XI4IFU.png?auth=95dc2f3922541b4c79d76488fd223edb4484b27502e5c3ec4d296301717be0a0&amp;width=767\" alt=\"Las campera bomber de cuero son la nueva tendencia. (Foto: ChatGPT).\" width=\"767\" height=\"910\" data-testid=\"loading-testid\" \/><\/picture><\/div><figcaption class=\"caption_image\" data-testid=\"figcaption-testid\">\n<div class=\"image_caption \">Las campera bomber de cuero son la nueva tendencia. (Foto: ChatGPT).<\/div>\n<\/figcaption><\/figure>\n<ul class=\"ul__list list\">\n<li class=\"list__item\"><b>Funciona con todo:<\/b>\u00a0va igual de bien con jeans y zapatillas que con un look m\u00e1s pulido.<\/li>\n<li class=\"list__item\"><b>Estilo contempor\u00e1neo:<\/b>\u00a0las\u00a0<i>bomber leather jackets\u00a0<\/i>son protagonistas en el\u00a0<i>street style<\/i>\u00a0y en los eventos de moda m\u00e1s importantes.<\/li>\n<li class=\"list__item\"><b>Ideal para superponer:<\/b>\u00a0su silueta permite sumar capas sin perder proporci\u00f3n ni comodidad.<\/li>\n<\/ul>\n<h2 class=\"font--primary font__display\">C\u00f3mo usar la campera bomber de cuero en 2026<\/h2>\n<ul class=\"ul__list list\">\n<li class=\"list__item\"><b>Con jeans rectos y zapatillas:\u00a0<\/b>la dupla casual y moderna por excelencia. La bomber suma textura y actitud, mientras que las l\u00edneas simples mantienen el look relajado.<\/li>\n<li class=\"list__item\"><b>Sobre traje o pantal\u00f3n sastre:\u00a0<\/b>para un estilo m\u00e1s elevado, la bomber es la pieza de transici\u00f3n perfecta entre lo formal y lo urbano.<\/li>\n<li class=\"list__item\"><b>Con vestido o falda midi:\u00a0<\/b>el contraste entre la dureza del cuero y la suavidad del vestido crea un balance est\u00e9tico que arrasa en los\u00a0<i>feeds<\/i>\u00a0de moda.<\/li>\n<li class=\"list__item\"><b>Con botas altas o botitas urbanas:\u00a0<\/b>ideal para completar un look oto\u00f1al o de clima fresco, las bombers combinan perfecto con calzado robusto.<\/li>\n<\/ul>\n<h2 class=\"font--primary font__display\">Colores y texturas que marcan tendencia<\/h2>\n<p class=\"paragraph font__body-regular\">La bomber de cuero no se queda solo en el negro cl\u00e1sico. Este a\u00f1o, los tonos\u00a0<b>marr\u00f3n chocolate, cognac, beige y azul profundo<\/b>\u00a0pisan fuerte. Tambi\u00e9n se ven versiones con acabado envejecido o mate, que suman una vibra vintage-modernizada.<\/p>\n<\/div>\n<p><\/main><\/div>\n<aside class=\"col-right-rail right-rail\">\n<div id=\"parent-ad-slot-caja\" class=\"ad-container caja_ad \">\n<div class=\"ad-content\"><\/div>\n<\/div>\n<\/aside>\n<p>&nbsp;<\/p>\n","protected":false},"excerpt":{"rendered":"<p>Conoc\u00e9 la alternativa que ser\u00e1 protagonista esta temporada de oto\u00f1o-invierno. La\u00a0campera de cuero cl\u00e1sica\u00a0siempre fue un b\u00e1sico infalible en el placard. Sin embargo, hay una\u00a0nueva tendencia\u00a0este a\u00f1o que promete robarse el protagonismo: la\u00a0campera de cuero estilo bomber. Por qu\u00e9 la campera bomber ser\u00e1 tendencia La clave est\u00e1 en su\u00a0corte relajado, los hombros suaves y una [&hellip;]<\/p>\n","protected":false},"author":1,"featured_media":12925,"comment_status":"open","ping_status":"open","sticky":false,"template":"","format":"standard","meta":{"rop_custom_images_group":[],"rop_custom_messages_group":[],"rop_publish_now":"initial","rop_publish_now_accounts":[],"rop_publish_now_history":[],"rop_publish_now_status":"pending","footnotes":"","jetpack_publicize_message":"","jetpack_publicize_feature_enabled":true,"jetpack_social_post_already_shared":true,"jetpack_social_options":{"image_generator_settings":{"template":"highway","enabled":false},"version":2}},"categories":[16],"tags":[],"class_list":{"0":"post-12922","1":"post","2":"type-post","3":"status-publish","4":"format-standard","5":"has-post-thumbnail","7":"category-tendencias"},"jetpack_publicize_connections":[],"yoast_head":"<!-- This site is optimized with the Yoast SEO plugin v27.3 - https:\/\/yoast.com\/product\/yoast-seo-wordpress\/ -->\n<title>Adi\u00f3s a la campera de cuero tradicional: la tendencia que se impone este 2026 y eleva cualquier look - CLAN ESPECTACULOS<\/title>\n<meta name=\"robots\" content=\"index, follow, max-snippet:-1, max-image-preview:large, max-video-preview:-1\" \/>\n<link rel=\"canonical\" href=\"https:\/\/radioclanfm.com\/clanespectaculos\/adios-a-la-campera-de-cuero-tradicional-la-tendencia-que-se-impone-este-2026-y-eleva-cualquier-look\/\" \/>\n<meta property=\"og:locale\" content=\"es_ES\" \/>\n<meta property=\"og:type\" content=\"article\" \/>\n<meta property=\"og:title\" content=\"Adi\u00f3s a la campera de cuero tradicional: la tendencia que se impone este 2026 y eleva cualquier look - CLAN ESPECTACULOS\" \/>\n<meta property=\"og:description\" content=\"Conoc\u00e9 la alternativa que ser\u00e1 protagonista esta temporada de oto\u00f1o-invierno. La\u00a0campera de cuero cl\u00e1sica\u00a0siempre fue un b\u00e1sico infalible en el placard. Sin embargo, hay una\u00a0nueva tendencia\u00a0este a\u00f1o que promete robarse el protagonismo: la\u00a0campera de cuero estilo bomber. Por qu\u00e9 la campera bomber ser\u00e1 tendencia La clave est\u00e1 en su\u00a0corte relajado, los hombros suaves y una [&hellip;]\" \/>\n<meta property=\"og:url\" content=\"https:\/\/radioclanfm.com\/clanespectaculos\/adios-a-la-campera-de-cuero-tradicional-la-tendencia-que-se-impone-este-2026-y-eleva-cualquier-look\/\" \/>\n<meta property=\"og:site_name\" content=\"CLAN ESPECTACULOS\" \/>\n<meta property=\"article:publisher\" content=\"https:\/\/www.facebook.com\/clanespectaculos\/\" \/>\n<meta property=\"article:published_time\" content=\"2026-03-01T13:23:41+00:00\" \/>\n<meta property=\"og:image\" content=\"https:\/\/radioclanfm.com\/clanespectaculos\/wp-content\/uploads\/sites\/2\/2026\/03\/QSkhZnni.jpg\" \/>\n\t<meta property=\"og:image:width\" content=\"900\" \/>\n\t<meta property=\"og:image:height\" content=\"504\" \/>\n\t<meta property=\"og:image:type\" content=\"image\/jpeg\" \/>\n<meta name=\"author\" content=\"E-GRUPOCLAN\" \/>\n<meta name=\"twitter:card\" content=\"summary_large_image\" \/>\n<meta name=\"twitter:creator\" content=\"@clanespectok\" \/>\n<meta name=\"twitter:site\" content=\"@clanespectok\" \/>\n<meta name=\"twitter:label1\" content=\"Escrito por\" \/>\n\t<meta name=\"twitter:data1\" content=\"E-GRUPOCLAN\" \/>\n\t<meta name=\"twitter:label2\" content=\"Tiempo de lectura\" \/>\n\t<meta name=\"twitter:data2\" content=\"2 minutos\" \/>\n<script type=\"application\/ld+json\" class=\"yoast-schema-graph\">{\"@context\":\"https:\\\/\\\/schema.org\",\"@graph\":[{\"@type\":\"Article\",\"@id\":\"https:\\\/\\\/radioclanfm.com\\\/clanespectaculos\\\/adios-a-la-campera-de-cuero-tradicional-la-tendencia-que-se-impone-este-2026-y-eleva-cualquier-look\\\/#article\",\"isPartOf\":{\"@id\":\"https:\\\/\\\/radioclanfm.com\\\/clanespectaculos\\\/adios-a-la-campera-de-cuero-tradicional-la-tendencia-que-se-impone-este-2026-y-eleva-cualquier-look\\\/\"},\"author\":{\"name\":\"E-GRUPOCLAN\",\"@id\":\"https:\\\/\\\/radioclanfm.com\\\/clanespectaculos\\\/#\\\/schema\\\/person\\\/9734813083303230f3ad84d99171b20c\"},\"headline\":\"Adi\u00f3s a la campera de cuero tradicional: la tendencia que se impone este 2026 y eleva cualquier look\",\"datePublished\":\"2026-03-01T13:23:41+00:00\",\"mainEntityOfPage\":{\"@id\":\"https:\\\/\\\/radioclanfm.com\\\/clanespectaculos\\\/adios-a-la-campera-de-cuero-tradicional-la-tendencia-que-se-impone-este-2026-y-eleva-cualquier-look\\\/\"},\"wordCount\":352,\"commentCount\":0,\"publisher\":{\"@id\":\"https:\\\/\\\/radioclanfm.com\\\/clanespectaculos\\\/#organization\"},\"image\":{\"@id\":\"https:\\\/\\\/radioclanfm.com\\\/clanespectaculos\\\/adios-a-la-campera-de-cuero-tradicional-la-tendencia-que-se-impone-este-2026-y-eleva-cualquier-look\\\/#primaryimage\"},\"thumbnailUrl\":\"https:\\\/\\\/radioclanfm.com\\\/clanespectaculos\\\/wp-content\\\/uploads\\\/sites\\\/2\\\/2026\\\/03\\\/QSkhZnni.jpg\",\"articleSection\":[\"TENDENCIAS\"],\"inLanguage\":\"es-AR\",\"potentialAction\":[{\"@type\":\"CommentAction\",\"name\":\"Comment\",\"target\":[\"https:\\\/\\\/radioclanfm.com\\\/clanespectaculos\\\/adios-a-la-campera-de-cuero-tradicional-la-tendencia-que-se-impone-este-2026-y-eleva-cualquier-look\\\/#respond\"]}]},{\"@type\":\"WebPage\",\"@id\":\"https:\\\/\\\/radioclanfm.com\\\/clanespectaculos\\\/adios-a-la-campera-de-cuero-tradicional-la-tendencia-que-se-impone-este-2026-y-eleva-cualquier-look\\\/\",\"url\":\"https:\\\/\\\/radioclanfm.com\\\/clanespectaculos\\\/adios-a-la-campera-de-cuero-tradicional-la-tendencia-que-se-impone-este-2026-y-eleva-cualquier-look\\\/\",\"name\":\"Adi\u00f3s a la campera de cuero tradicional: la tendencia que se impone este 2026 y eleva cualquier look - CLAN ESPECTACULOS\",\"isPartOf\":{\"@id\":\"https:\\\/\\\/radioclanfm.com\\\/clanespectaculos\\\/#website\"},\"primaryImageOfPage\":{\"@id\":\"https:\\\/\\\/radioclanfm.com\\\/clanespectaculos\\\/adios-a-la-campera-de-cuero-tradicional-la-tendencia-que-se-impone-este-2026-y-eleva-cualquier-look\\\/#primaryimage\"},\"image\":{\"@id\":\"https:\\\/\\\/radioclanfm.com\\\/clanespectaculos\\\/adios-a-la-campera-de-cuero-tradicional-la-tendencia-que-se-impone-este-2026-y-eleva-cualquier-look\\\/#primaryimage\"},\"thumbnailUrl\":\"https:\\\/\\\/radioclanfm.com\\\/clanespectaculos\\\/wp-content\\\/uploads\\\/sites\\\/2\\\/2026\\\/03\\\/QSkhZnni.jpg\",\"datePublished\":\"2026-03-01T13:23:41+00:00\",\"breadcrumb\":{\"@id\":\"https:\\\/\\\/radioclanfm.com\\\/clanespectaculos\\\/adios-a-la-campera-de-cuero-tradicional-la-tendencia-que-se-impone-este-2026-y-eleva-cualquier-look\\\/#breadcrumb\"},\"inLanguage\":\"es-AR\",\"potentialAction\":[{\"@type\":\"ReadAction\",\"target\":[\"https:\\\/\\\/radioclanfm.com\\\/clanespectaculos\\\/adios-a-la-campera-de-cuero-tradicional-la-tendencia-que-se-impone-este-2026-y-eleva-cualquier-look\\\/\"]}]},{\"@type\":\"ImageObject\",\"inLanguage\":\"es-AR\",\"@id\":\"https:\\\/\\\/radioclanfm.com\\\/clanespectaculos\\\/adios-a-la-campera-de-cuero-tradicional-la-tendencia-que-se-impone-este-2026-y-eleva-cualquier-look\\\/#primaryimage\",\"url\":\"https:\\\/\\\/radioclanfm.com\\\/clanespectaculos\\\/wp-content\\\/uploads\\\/sites\\\/2\\\/2026\\\/03\\\/QSkhZnni.jpg\",\"contentUrl\":\"https:\\\/\\\/radioclanfm.com\\\/clanespectaculos\\\/wp-content\\\/uploads\\\/sites\\\/2\\\/2026\\\/03\\\/QSkhZnni.jpg\",\"width\":900,\"height\":504},{\"@type\":\"BreadcrumbList\",\"@id\":\"https:\\\/\\\/radioclanfm.com\\\/clanespectaculos\\\/adios-a-la-campera-de-cuero-tradicional-la-tendencia-que-se-impone-este-2026-y-eleva-cualquier-look\\\/#breadcrumb\",\"itemListElement\":[{\"@type\":\"ListItem\",\"position\":1,\"name\":\"Inicio\",\"item\":\"https:\\\/\\\/radioclanfm.com\\\/clanespectaculos\\\/\"},{\"@type\":\"ListItem\",\"position\":2,\"name\":\"Adi\u00f3s a la campera de cuero tradicional: la tendencia que se impone este 2026 y eleva cualquier look\"}]},{\"@type\":\"WebSite\",\"@id\":\"https:\\\/\\\/radioclanfm.com\\\/clanespectaculos\\\/#website\",\"url\":\"https:\\\/\\\/radioclanfm.com\\\/clanespectaculos\\\/\",\"name\":\"CLAN ESPECTACULOS\",\"description\":\"\",\"publisher\":{\"@id\":\"https:\\\/\\\/radioclanfm.com\\\/clanespectaculos\\\/#organization\"},\"potentialAction\":[{\"@type\":\"SearchAction\",\"target\":{\"@type\":\"EntryPoint\",\"urlTemplate\":\"https:\\\/\\\/radioclanfm.com\\\/clanespectaculos\\\/?s={search_term_string}\"},\"query-input\":{\"@type\":\"PropertyValueSpecification\",\"valueRequired\":true,\"valueName\":\"search_term_string\"}}],\"inLanguage\":\"es-AR\"},{\"@type\":\"Organization\",\"@id\":\"https:\\\/\\\/radioclanfm.com\\\/clanespectaculos\\\/#organization\",\"name\":\"CLAN ESPECTACULOS\",\"url\":\"https:\\\/\\\/radioclanfm.com\\\/clanespectaculos\\\/\",\"logo\":{\"@type\":\"ImageObject\",\"inLanguage\":\"es-AR\",\"@id\":\"https:\\\/\\\/radioclanfm.com\\\/clanespectaculos\\\/#\\\/schema\\\/logo\\\/image\\\/\",\"url\":\"https:\\\/\\\/radioclanfm.com\\\/clanespectaculos\\\/wp-content\\\/uploads\\\/sites\\\/2\\\/2026\\\/04\\\/ChatGPT-Image-23-mar-2026-10_09_00.png\",\"contentUrl\":\"https:\\\/\\\/radioclanfm.com\\\/clanespectaculos\\\/wp-content\\\/uploads\\\/sites\\\/2\\\/2026\\\/04\\\/ChatGPT-Image-23-mar-2026-10_09_00.png\",\"width\":1024,\"height\":1024,\"caption\":\"CLAN ESPECTACULOS\"},\"image\":{\"@id\":\"https:\\\/\\\/radioclanfm.com\\\/clanespectaculos\\\/#\\\/schema\\\/logo\\\/image\\\/\"},\"sameAs\":[\"https:\\\/\\\/www.facebook.com\\\/clanespectaculos\\\/\",\"https:\\\/\\\/x.com\\\/clanespectok\"]},{\"@type\":\"Person\",\"@id\":\"https:\\\/\\\/radioclanfm.com\\\/clanespectaculos\\\/#\\\/schema\\\/person\\\/9734813083303230f3ad84d99171b20c\",\"name\":\"E-GRUPOCLAN\",\"image\":{\"@type\":\"ImageObject\",\"inLanguage\":\"es-AR\",\"@id\":\"https:\\\/\\\/secure.gravatar.com\\\/avatar\\\/af6e19837c3d6a212034a48c7b3818d2ac1826f6025df0155da5a186ad321d79?s=96&d=mm&r=g\",\"url\":\"https:\\\/\\\/secure.gravatar.com\\\/avatar\\\/af6e19837c3d6a212034a48c7b3818d2ac1826f6025df0155da5a186ad321d79?s=96&d=mm&r=g\",\"contentUrl\":\"https:\\\/\\\/secure.gravatar.com\\\/avatar\\\/af6e19837c3d6a212034a48c7b3818d2ac1826f6025df0155da5a186ad321d79?s=96&d=mm&r=g\",\"caption\":\"E-GRUPOCLAN\"},\"sameAs\":[\"https:\\\/\\\/radioclanfm.com\"],\"url\":\"https:\\\/\\\/radioclanfm.com\\\/clanespectaculos\\\/author\\\/admin\\\/\"}]}<\/script>\n<!-- \/ Yoast SEO plugin. -->","yoast_head_json":{"title":"Adi\u00f3s a la campera de cuero tradicional: la tendencia que se impone este 2026 y eleva cualquier look - CLAN ESPECTACULOS","robots":{"index":"index","follow":"follow","max-snippet":"max-snippet:-1","max-image-preview":"max-image-preview:large","max-video-preview":"max-video-preview:-1"},"canonical":"https:\/\/radioclanfm.com\/clanespectaculos\/adios-a-la-campera-de-cuero-tradicional-la-tendencia-que-se-impone-este-2026-y-eleva-cualquier-look\/","og_locale":"es_ES","og_type":"article","og_title":"Adi\u00f3s a la campera de cuero tradicional: la tendencia que se impone este 2026 y eleva cualquier look - CLAN ESPECTACULOS","og_description":"Conoc\u00e9 la alternativa que ser\u00e1 protagonista esta temporada de oto\u00f1o-invierno. La\u00a0campera de cuero cl\u00e1sica\u00a0siempre fue un b\u00e1sico infalible en el placard. Sin embargo, hay una\u00a0nueva tendencia\u00a0este a\u00f1o que promete robarse el protagonismo: la\u00a0campera de cuero estilo bomber. Por qu\u00e9 la campera bomber ser\u00e1 tendencia La clave est\u00e1 en su\u00a0corte relajado, los hombros suaves y una [&hellip;]","og_url":"https:\/\/radioclanfm.com\/clanespectaculos\/adios-a-la-campera-de-cuero-tradicional-la-tendencia-que-se-impone-este-2026-y-eleva-cualquier-look\/","og_site_name":"CLAN ESPECTACULOS","article_publisher":"https:\/\/www.facebook.com\/clanespectaculos\/","article_published_time":"2026-03-01T13:23:41+00:00","og_image":[{"width":900,"height":504,"url":"https:\/\/radioclanfm.com\/clanespectaculos\/wp-content\/uploads\/sites\/2\/2026\/03\/QSkhZnni.jpg","type":"image\/jpeg"}],"author":"E-GRUPOCLAN","twitter_card":"summary_large_image","twitter_creator":"@clanespectok","twitter_site":"@clanespectok","twitter_misc":{"Escrito por":"E-GRUPOCLAN","Tiempo de lectura":"2 minutos"},"schema":{"@context":"https:\/\/schema.org","@graph":[{"@type":"Article","@id":"https:\/\/radioclanfm.com\/clanespectaculos\/adios-a-la-campera-de-cuero-tradicional-la-tendencia-que-se-impone-este-2026-y-eleva-cualquier-look\/#article","isPartOf":{"@id":"https:\/\/radioclanfm.com\/clanespectaculos\/adios-a-la-campera-de-cuero-tradicional-la-tendencia-que-se-impone-este-2026-y-eleva-cualquier-look\/"},"author":{"name":"E-GRUPOCLAN","@id":"https:\/\/radioclanfm.com\/clanespectaculos\/#\/schema\/person\/9734813083303230f3ad84d99171b20c"},"headline":"Adi\u00f3s a la campera de cuero tradicional: la tendencia que se impone este 2026 y eleva cualquier look","datePublished":"2026-03-01T13:23:41+00:00","mainEntityOfPage":{"@id":"https:\/\/radioclanfm.com\/clanespectaculos\/adios-a-la-campera-de-cuero-tradicional-la-tendencia-que-se-impone-este-2026-y-eleva-cualquier-look\/"},"wordCount":352,"commentCount":0,"publisher":{"@id":"https:\/\/radioclanfm.com\/clanespectaculos\/#organization"},"image":{"@id":"https:\/\/radioclanfm.com\/clanespectaculos\/adios-a-la-campera-de-cuero-tradicional-la-tendencia-que-se-impone-este-2026-y-eleva-cualquier-look\/#primaryimage"},"thumbnailUrl":"https:\/\/radioclanfm.com\/clanespectaculos\/wp-content\/uploads\/sites\/2\/2026\/03\/QSkhZnni.jpg","articleSection":["TENDENCIAS"],"inLanguage":"es-AR","potentialAction":[{"@type":"CommentAction","name":"Comment","target":["https:\/\/radioclanfm.com\/clanespectaculos\/adios-a-la-campera-de-cuero-tradicional-la-tendencia-que-se-impone-este-2026-y-eleva-cualquier-look\/#respond"]}]},{"@type":"WebPage","@id":"https:\/\/radioclanfm.com\/clanespectaculos\/adios-a-la-campera-de-cuero-tradicional-la-tendencia-que-se-impone-este-2026-y-eleva-cualquier-look\/","url":"https:\/\/radioclanfm.com\/clanespectaculos\/adios-a-la-campera-de-cuero-tradicional-la-tendencia-que-se-impone-este-2026-y-eleva-cualquier-look\/","name":"Adi\u00f3s a la campera de cuero tradicional: la tendencia que se impone este 2026 y eleva cualquier look - CLAN ESPECTACULOS","isPartOf":{"@id":"https:\/\/radioclanfm.com\/clanespectaculos\/#website"},"primaryImageOfPage":{"@id":"https:\/\/radioclanfm.com\/clanespectaculos\/adios-a-la-campera-de-cuero-tradicional-la-tendencia-que-se-impone-este-2026-y-eleva-cualquier-look\/#primaryimage"},"image":{"@id":"https:\/\/radioclanfm.com\/clanespectaculos\/adios-a-la-campera-de-cuero-tradicional-la-tendencia-que-se-impone-este-2026-y-eleva-cualquier-look\/#primaryimage"},"thumbnailUrl":"https:\/\/radioclanfm.com\/clanespectaculos\/wp-content\/uploads\/sites\/2\/2026\/03\/QSkhZnni.jpg","datePublished":"2026-03-01T13:23:41+00:00","breadcrumb":{"@id":"https:\/\/radioclanfm.com\/clanespectaculos\/adios-a-la-campera-de-cuero-tradicional-la-tendencia-que-se-impone-este-2026-y-eleva-cualquier-look\/#breadcrumb"},"inLanguage":"es-AR","potentialAction":[{"@type":"ReadAction","target":["https:\/\/radioclanfm.com\/clanespectaculos\/adios-a-la-campera-de-cuero-tradicional-la-tendencia-que-se-impone-este-2026-y-eleva-cualquier-look\/"]}]},{"@type":"ImageObject","inLanguage":"es-AR","@id":"https:\/\/radioclanfm.com\/clanespectaculos\/adios-a-la-campera-de-cuero-tradicional-la-tendencia-que-se-impone-este-2026-y-eleva-cualquier-look\/#primaryimage","url":"https:\/\/radioclanfm.com\/clanespectaculos\/wp-content\/uploads\/sites\/2\/2026\/03\/QSkhZnni.jpg","contentUrl":"https:\/\/radioclanfm.com\/clanespectaculos\/wp-content\/uploads\/sites\/2\/2026\/03\/QSkhZnni.jpg","width":900,"height":504},{"@type":"BreadcrumbList","@id":"https:\/\/radioclanfm.com\/clanespectaculos\/adios-a-la-campera-de-cuero-tradicional-la-tendencia-que-se-impone-este-2026-y-eleva-cualquier-look\/#breadcrumb","itemListElement":[{"@type":"ListItem","position":1,"name":"Inicio","item":"https:\/\/radioclanfm.com\/clanespectaculos\/"},{"@type":"ListItem","position":2,"name":"Adi\u00f3s a la campera de cuero tradicional: la tendencia que se impone este 2026 y eleva cualquier look"}]},{"@type":"WebSite","@id":"https:\/\/radioclanfm.com\/clanespectaculos\/#website","url":"https:\/\/radioclanfm.com\/clanespectaculos\/","name":"CLAN ESPECTACULOS","description":"","publisher":{"@id":"https:\/\/radioclanfm.com\/clanespectaculos\/#organization"},"potentialAction":[{"@type":"SearchAction","target":{"@type":"EntryPoint","urlTemplate":"https:\/\/radioclanfm.com\/clanespectaculos\/?s={search_term_string}"},"query-input":{"@type":"PropertyValueSpecification","valueRequired":true,"valueName":"search_term_string"}}],"inLanguage":"es-AR"},{"@type":"Organization","@id":"https:\/\/radioclanfm.com\/clanespectaculos\/#organization","name":"CLAN ESPECTACULOS","url":"https:\/\/radioclanfm.com\/clanespectaculos\/","logo":{"@type":"ImageObject","inLanguage":"es-AR","@id":"https:\/\/radioclanfm.com\/clanespectaculos\/#\/schema\/logo\/image\/","url":"https:\/\/radioclanfm.com\/clanespectaculos\/wp-content\/uploads\/sites\/2\/2026\/04\/ChatGPT-Image-23-mar-2026-10_09_00.png","contentUrl":"https:\/\/radioclanfm.com\/clanespectaculos\/wp-content\/uploads\/sites\/2\/2026\/04\/ChatGPT-Image-23-mar-2026-10_09_00.png","width":1024,"height":1024,"caption":"CLAN ESPECTACULOS"},"image":{"@id":"https:\/\/radioclanfm.com\/clanespectaculos\/#\/schema\/logo\/image\/"},"sameAs":["https:\/\/www.facebook.com\/clanespectaculos\/","https:\/\/x.com\/clanespectok"]},{"@type":"Person","@id":"https:\/\/radioclanfm.com\/clanespectaculos\/#\/schema\/person\/9734813083303230f3ad84d99171b20c","name":"E-GRUPOCLAN","image":{"@type":"ImageObject","inLanguage":"es-AR","@id":"https:\/\/secure.gravatar.com\/avatar\/af6e19837c3d6a212034a48c7b3818d2ac1826f6025df0155da5a186ad321d79?s=96&d=mm&r=g","url":"https:\/\/secure.gravatar.com\/avatar\/af6e19837c3d6a212034a48c7b3818d2ac1826f6025df0155da5a186ad321d79?s=96&d=mm&r=g","contentUrl":"https:\/\/secure.gravatar.com\/avatar\/af6e19837c3d6a212034a48c7b3818d2ac1826f6025df0155da5a186ad321d79?s=96&d=mm&r=g","caption":"E-GRUPOCLAN"},"sameAs":["https:\/\/radioclanfm.com"],"url":"https:\/\/radioclanfm.com\/clanespectaculos\/author\/admin\/"}]}},"_links":{"self":[{"href":"https:\/\/radioclanfm.com\/clanespectaculos\/wp-json\/wp\/v2\/posts\/12922","targetHints":{"allow":["GET"]}}],"collection":[{"href":"https:\/\/radioclanfm.com\/clanespectaculos\/wp-json\/wp\/v2\/posts"}],"about":[{"href":"https:\/\/radioclanfm.com\/clanespectaculos\/wp-json\/wp\/v2\/types\/post"}],"author":[{"embeddable":true,"href":"https:\/\/radioclanfm.com\/clanespectaculos\/wp-json\/wp\/v2\/users\/1"}],"replies":[{"embeddable":true,"href":"https:\/\/radioclanfm.com\/clanespectaculos\/wp-json\/wp\/v2\/comments?post=12922"}],"version-history":[{"count":1,"href":"https:\/\/radioclanfm.com\/clanespectaculos\/wp-json\/wp\/v2\/posts\/12922\/revisions"}],"predecessor-version":[{"id":12926,"href":"https:\/\/radioclanfm.com\/clanespectaculos\/wp-json\/wp\/v2\/posts\/12922\/revisions\/12926"}],"wp:featuredmedia":[{"embeddable":true,"href":"https:\/\/radioclanfm.com\/clanespectaculos\/wp-json\/wp\/v2\/media\/12925"}],"wp:attachment":[{"href":"https:\/\/radioclanfm.com\/clanespectaculos\/wp-json\/wp\/v2\/media?parent=12922"}],"wp:term":[{"taxonomy":"category","embeddable":true,"href":"https:\/\/radioclanfm.com\/clanespectaculos\/wp-json\/wp\/v2\/categories?post=12922"},{"taxonomy":"post_tag","embeddable":true,"href":"https:\/\/radioclanfm.com\/clanespectaculos\/wp-json\/wp\/v2\/tags?post=12922"}],"curies":[{"name":"wp","href":"https:\/\/api.w.org\/{rel}","templated":true}]}}